{"id":80501,"date":"2019-08-05T08:00:05","date_gmt":"2019-08-05T06:00:05","guid":{"rendered":"https:\/\/all4camper.com\/\/?p=80501"},"modified":"2020-04-21T12:25:19","modified_gmt":"2020-04-21T10:25:19","slug":"nez-vyjdete-kempovat-na-co-by-zacatecnici-nemeli-zapomenout-kdyz-si-budou-varit-sami","status":"publish","type":"post","link":"https:\/\/all4camper.com\/cs\/nez-vyjdete-kempovat-na-co-by-zacatecnici-nemeli-zapomenout-kdyz-si-budou-varit-sami\/","title":{"rendered":"Ne\u017e vyjdete kempovat &#8211; na co by za\u010d\u00e1te\u010dn\u00edci nem\u011bli zapomenout, kdy\u017e si budou va\u0159it sami"},"content":{"rendered":"\n<h4 class=\"wp-block-heading\"><strong>Va\u0159en\u00ed v&nbsp;kempu m\u00e1 sv\u00e1 specifika, kter\u00e1 je dobr\u00e9 m\u00edt na pam\u011bti. V\u016fz \u010di p\u0159\u00edv\u011bs s&nbsp;kuchy\u0148kou mnoh\u00e9 usnad\u0148uje, ale tak\u00e9 to nen\u00ed na sto procent. Poj\u010fte se pod\u00edvat na p\u00e1r tip\u016f, kter\u00e9 se mohou na cest\u00e1ch hodit.&nbsp;<\/strong><\/h4>\n\n\n\n<figure class=\"wp-block-image\"><img loading=\"lazy\" decoding=\"async\" width=\"1280\" height=\"960\" src=\"https:\/\/all4camper.com\/\/wp-content\/uploads\/2019\/07\/kotl\u00edkov\u00fd-gul\u00e1\u0161.jpg\" alt=\"\" class=\"wp-image-80503\" srcset=\"https:\/\/all4camper.com\/wp-content\/uploads\/2019\/07\/kotl\u00edkov\u00fd-gul\u00e1\u0161.jpg 1280w, https:\/\/all4camper.com\/wp-content\/uploads\/2019\/07\/kotl\u00edkov\u00fd-gul\u00e1\u0161-150x113.jpg 150w, https:\/\/all4camper.com\/wp-content\/uploads\/2019\/07\/kotl\u00edkov\u00fd-gul\u00e1\u0161-300x225.jpg 300w, https:\/\/all4camper.com\/wp-content\/uploads\/2019\/07\/kotl\u00edkov\u00fd-gul\u00e1\u0161-768x576.jpg 768w, https:\/\/all4camper.com\/wp-content\/uploads\/2019\/07\/kotl\u00edkov\u00fd-gul\u00e1\u0161-678x509.jpg 678w, https:\/\/all4camper.com\/wp-content\/uploads\/2019\/07\/kotl\u00edkov\u00fd-gul\u00e1\u0161-326x245.jpg 326w, https:\/\/all4camper.com\/wp-content\/uploads\/2019\/07\/kotl\u00edkov\u00fd-gul\u00e1\u0161-80x60.jpg 80w\" sizes=\"auto, (max-width: 1280px) 100vw, 1280px\" \/><\/figure>\n\n\n\n<p>M\u011bjte v\u017edy promy\u0161lenou alternativu, jak bude va\u0161e va\u0159en\u00ed fungovat, kdy\u017e nebudete m\u00edt to, s&nbsp;\u010d\u00edm jste prim\u00e1rn\u011b po\u010d\u00edtali \u2013 t\u0159eba nep\u016fjde proud pro v\u00e1\u0161 elektrick\u00fd va\u0159i\u010d&#8230; V&nbsp;takov\u00fdch situac\u00edch se hod\u00ed m\u00edt s sebou sp\u00ed\u0161e plynov\u00fd a podobn\u011b. Je d\u016fle\u017eit\u00e9 to m\u00edt na pam\u011bti obzvl\u00e1\u0161\u0165 v&nbsp;p\u0159\u00edpad\u011b, \u017ee vezete hodn\u011b potravin, kter\u00e9 vy\u017eaduj\u00ed tepelnou \u00fapravu. A tak\u00e9 v\u017edy m\u011bjte s&nbsp;sebou n\u011bco na rozd\u011bl\u00e1n\u00ed ohn\u011b. <strong>Pokud je mo\u017enost ohe\u0148 v&nbsp;kempu zap\u00e1lit, jste zachr\u00e1n\u011bni v&nbsp;mnoha situac\u00ed a v\u011b\u0159te mi, \u017ee \u201epytl\u00edkovka\u201c nad plameny m\u00e1 sv\u00e9 kouzlo.&nbsp;A co teprve kotl\u00edkov\u00fd gul\u00e1\u0161.<\/strong><\/p>\n\n\n\n<h3 class=\"wp-block-heading\">Jak\u00e9 vybaven\u00ed si nezapomenou vz\u00edt s sebou<\/h3>\n\n\n\n<p>Nezapome\u0148te na z\u00e1kladn\u00ed kuchy\u0148sk\u00e9 n\u00e1\u010din\u00ed a p\u0159\u00edbory. Jasn\u011b, p\u011bkn\u00e1 v\u011bt\u00e9vka m\u016f\u017ee p\u0159echodn\u011b nahradit t\u0159eba va\u0159e\u010dku a pol\u00e9vka se d\u00e1 kr\u00e1sn\u011b vyp\u00edt, ale t\u0159eba s&nbsp;bu\u0159tgul\u00e1\u0161em u\u017e je to hor\u0161\u00ed a ingredience tak\u00e9 mus\u00edte n\u011b\u010d\u00edm nakr\u00e1jet. V\u011b\u0159te mi, \u017ee n\u00e1pady tipu \u2013 tak tu cibuli rozbiju p\u011bst\u00ed \u2013 jen vtipn\u011b zn\u011bj\u00ed. To sam\u00e9 plat\u00ed i o n\u00e1dob\u00ed.<\/p>\n\n\n\n<p>P\u0159ibalte ke sv\u00e9mu kempov\u00e9mu vybaven\u00ed kanystr na vodu, ide\u00e1ln\u011b s&nbsp;kohoutem. P\u0159ece by se v\u00e1m necht\u011blo b\u011bhat na opl\u00e1chnut\u00ed ka\u017ed\u00e9 v\u011bci a\u017e do um\u00fdv\u00e1ren. Ano, tohle a spousta jin\u00e9ho odpad\u00e1 v&nbsp;obyt\u0148\u00e1ku, ale stejn\u011b&#8230; <\/p>\n\n\n\n<p>Lednice je z\u00e1klad, tedy pokud zrovna necestujete jen s&nbsp;batohem na z\u00e1dech. Je to podle m\u011b jedna z&nbsp;v\u011bc\u00ed, do kter\u00e9 se opravdu investovat vyplat\u00ed. Uvid\u00edte, \u017ee cel\u00e9 va\u0161e kempa\u0159sk\u00e9 va\u0159en\u00ed bude nejen snaz\u0161\u00ed, ale v\u00edc si i pochutn\u00e1te. Na chlebu s&nbsp;m\u00e1slem nen\u00ed nic slo\u017eit\u00e9ho, ale kam to m\u00e1slo ulo\u017e\u00edte? Hm&#8230; K&nbsp;tomu je\u0161t\u011b dod\u00e1m jeden tip. <strong>Pokud chcete \u017eivotnost mobiln\u00ed lednice prodlou\u017eit, ukl\u00e1dejte do n\u00ed pokud mo\u017eno v\u011bci ji\u017e vychlazen\u00e9. Tak\u00e9 pln\u011bj\u0161\u00ed, dob\u0159e nachlazen\u00e1 lednice v\u00e1m vydr\u017e\u00ed d\u00e9le bez proudu.&nbsp;<\/strong><\/p>\n\n\n\n<figure class=\"wp-block-image\"><img loading=\"lazy\" decoding=\"async\" width=\"1620\" height=\"1080\" src=\"https:\/\/all4camper.com\/\/wp-content\/uploads\/2019\/07\/va\u0159en\u00ed-na-cest\u00e1ch-1-1620x1080.jpg\" alt=\"\" class=\"wp-image-80504\" srcset=\"https:\/\/all4camper.com\/wp-content\/uploads\/2019\/07\/va\u0159en\u00ed-na-cest\u00e1ch-1-1620x1080.jpg 1620w, https:\/\/all4camper.com\/wp-content\/uploads\/2019\/07\/va\u0159en\u00ed-na-cest\u00e1ch-1-300x200.jpg 300w, https:\/\/all4camper.com\/wp-content\/uploads\/2019\/07\/va\u0159en\u00ed-na-cest\u00e1ch-1-150x100.jpg 150w, https:\/\/all4camper.com\/wp-content\/uploads\/2019\/07\/va\u0159en\u00ed-na-cest\u00e1ch-1-768x512.jpg 768w, https:\/\/all4camper.com\/wp-content\/uploads\/2019\/07\/va\u0159en\u00ed-na-cest\u00e1ch-1-1536x1024.jpg 1536w, https:\/\/all4camper.com\/wp-content\/uploads\/2019\/07\/va\u0159en\u00ed-na-cest\u00e1ch-1.jpg 1920w\" sizes=\"auto, (max-width: 1620px) 100vw, 1620px\" \/><\/figure>\n\n\n\n<h3 class=\"wp-block-heading\">P\u0159\u00edprava p\u0159edem je z\u00e1klad<\/h3>\n\n\n\n<p>V\u00edte, \u017ee u\u017e doma si m\u016f\u017eete kempingov\u00e9 va\u0159en\u00ed zjednodu\u0161it? T\u0159eba spoustu v\u011bc\u00ed dop\u0159edu nakr\u00e1jet, proto\u017ee, co si budeme pov\u00eddat, ono je tu na velk\u00e9 dom\u00e1c\u00ed lince p\u0159ece jen pohodln\u011bj\u0161\u00ed. Pak je sta\u010d\u00ed jen d\u00e1t do s\u00e1\u010dk\u016f a \u0161up s&nbsp;nimi do lednice. U\u0161et\u0159en\u00fd \u010das na m\u00edst\u011b ocen\u00edte stoprocentn\u011b.&nbsp;<\/p>\n\n\n\n<figure class=\"wp-block-image\"><img loading=\"lazy\" decoding=\"async\" width=\"1267\" height=\"826\" src=\"https:\/\/all4camper.com\/\/wp-content\/uploads\/2019\/07\/lednice-krabi\u010dky.jpg\" alt=\"\" class=\"wp-image-80505\" srcset=\"https:\/\/all4camper.com\/wp-content\/uploads\/2019\/07\/lednice-krabi\u010dky.jpg 1267w, https:\/\/all4camper.com\/wp-content\/uploads\/2019\/07\/lednice-krabi\u010dky-150x98.jpg 150w, https:\/\/all4camper.com\/wp-content\/uploads\/2019\/07\/lednice-krabi\u010dky-300x196.jpg 300w, https:\/\/all4camper.com\/wp-content\/uploads\/2019\/07\/lednice-krabi\u010dky-768x501.jpg 768w\" sizes=\"auto, (max-width: 1267px) 100vw, 1267px\" \/><\/figure>\n\n\n\n<p>\n\nM\u011bjte dop\u0159edu pl\u00e1n co a kdy se chyst\u00e1te va\u0159it. To plat\u00ed dvojn\u00e1sob, pokud jedete s&nbsp;d\u011btmi. Je nezbytn\u00e9 dop\u0159edu zhodnotit mo\u017enosti vzhledem k&nbsp;n\u00e1dob\u00ed, kter\u00e9 m\u00e1te, \u010dasu, kter\u00fd chcete u va\u0159en\u00ed str\u00e1vit a podobn\u011b. Ono toti\u017e t\u0159eba l\u00edvance v&nbsp;hrnci dost dob\u0159e neud\u011bl\u00e1te. Nebo jasn\u011b, kdy\u017e se chce&#8230; Ale \u201efakt\u201c je to trochu otrava.\n\n<\/p>\n\n\n\n<p>Nezapome\u0148te m\u00edt p\u0159ipraven\u00e9 n\u011bco na \u201ezob\u00e1n\u00ed\u201c. Soletky, bramb\u016frky, o\u0159\u00ed\u0161ky a podobn\u011b. Uvid\u00edte, jak p\u0159ijdou k&nbsp;chuti a jejich p\u0159\u00edprava spo\u010d\u00edv\u00e1 jen v&nbsp;otev\u0159en\u00ed s\u00e1\u010dku. I kdy\u017e t\u0159eba nepat\u0159\u00ed do va\u0161eho b\u011b\u017en\u00e9ho dom\u00e1c\u00edho j\u00eddeln\u00ed\u010dku, na cest\u00e1ch to zas tak nevad\u00ed a nav\u00edc existuje i mno\u017estv\u00ed zdrav\u00fdch alternativ. Uvid\u00edte, \u017ee ve skromn\u00fdch kempov\u00fdch podm\u00ednk\u00e1ch zachutnaj\u00ed i jejich skaln\u00edm odp\u016frc\u016fm.&nbsp;<\/p>\n\n\n\n<p><strong>Po\u010das\u00ed si \u010dlov\u011bk nenapl\u00e1nuje, proto se v\u017edy ujist\u011bte, zda m\u00e1te mo\u017enosti, jak p\u0159ipravit j\u00eddlo i pokud bude siln\u00fd d\u00e9\u0161\u0165 a v\u00edtr. Ono grilov\u00e1n\u00ed je fajn, v&nbsp;de\u0161ti si ho ale moc neu\u017eijete.<\/strong> A v\u017edy tak\u00e9 po\u010d\u00edtejte s&nbsp;t\u00edm, abyste m\u011bli prostor kde hork\u00e1 j\u00eddla p\u0159ipravujete n\u011bjak chr\u00e1n\u011bn\u00fd. Sta\u010d\u00ed jedno ne\u0161ikovn\u00e9 zakopnut\u00ed a ne\u0161t\u011bst\u00ed je na sv\u011bt\u011b. <strong>Tak\u00e9 nedoporu\u010duji va\u0159it na p\u0159\u00edm\u00e9m slunci. V\u0161echno by pak m\u011blo st\u00e1t na rovin\u011b, ale pod\u00edvejte se i nad sebe. P\u0159ece nechcete, aby v\u00e1m do hrnce padaly l\u00edste\u010dky, p\u0159\u00edpadn\u011b i n\u011bjak\u00e9 breberky.<\/strong> I kdy\u017e, b\u00edlkovina to je, no&#8230;<\/p>\n\n\n\n<figure class=\"wp-block-image\"><img loading=\"lazy\" decoding=\"async\" width=\"1817\" height=\"1080\" src=\"https:\/\/all4camper.com\/\/wp-content\/uploads\/2019\/07\/Var\u030ci\u0301me-venku-2-1817x1080.jpg\" alt=\"\" class=\"wp-image-80506\" srcset=\"https:\/\/all4camper.com\/wp-content\/uploads\/2019\/07\/Var\u030ci\u0301me-venku-2-1817x1080.jpg 1817w, https:\/\/all4camper.com\/wp-content\/uploads\/2019\/07\/Var\u030ci\u0301me-venku-2-300x178.jpg 300w, https:\/\/all4camper.com\/wp-content\/uploads\/2019\/07\/Var\u030ci\u0301me-venku-2-150x89.jpg 150w, https:\/\/all4camper.com\/wp-content\/uploads\/2019\/07\/Var\u030ci\u0301me-venku-2-768x456.jpg 768w, https:\/\/all4camper.com\/wp-content\/uploads\/2019\/07\/Var\u030ci\u0301me-venku-2-1536x913.jpg 1536w, https:\/\/all4camper.com\/wp-content\/uploads\/2019\/07\/Var\u030ci\u0301me-venku-2.jpg 1920w\" sizes=\"auto, (max-width: 1817px) 100vw, 1817px\" \/><\/figure>\n\n\n\n<p>Mini je n\u011bkdy maxi. Spousta v\u011bc\u00ed existuje v&nbsp;miniverz\u00edch. Opravdu pot\u0159ebujete celou l\u00e1hev ke\u010dupu a oleje? V\u00e1\u017en\u011b vypot\u0159ebujete p\u016fl kila soli? On se ka\u017ed\u00fd kousek m\u00edsta na cest\u00e1ch docela hod\u00ed, nemysl\u00edte?<\/p>\n\n\n\n<p><strong>A na jak\u00e9 z\u00e1kladn\u00ed potraviny ur\u010dit\u011b nezapomenout? To si m\u016f\u017eete p\u0159e\u010d\u00edst v \u010dl\u00e1nku<\/strong><a rel=\"noreferrer noopener\" aria-label=\" 11 ingredienc\u00ed, ze kter\u00fdch v\u017edy v kempu a na cest\u00e1ch uva\u0159\u00edte (opens in a new tab)\" href=\"\/?p=80226\" target=\"_blank\"><strong> 11 ingredienc\u00ed, ze kter\u00fdch v\u017edy v kempu a na cest\u00e1ch uva\u0159\u00edte<\/strong><\/a><\/p>\n\n\n\n<p><em>Autor: Kate\u0159ina<\/em><\/p>\n","protected":false},"excerpt":{"rendered":"<p>Va\u0159en\u00ed v&nbsp;kempu m\u00e1 sv\u00e1 specifika, kter\u00e1 je dobr\u00e9 m\u00edt na pam\u011bti. V\u016fz \u010di p\u0159\u00edv\u011bs s&nbsp;kuchy\u0148kou mnoh\u00e9 usnad\u0148uje, ale tak\u00e9 to nen\u00ed na sto procent. Poj\u010fte se pod\u00edvat na p\u00e1r tip\u016f, kter\u00e9 se mohou na cest\u00e1ch hodit.&nbsp; M\u011bjte v\u017edy promy\u0161lenou alternativu, jak bude va\u0161e va\u0159en\u00ed fungovat, kdy\u017e nebudete m\u00edt to, s&nbsp;\u010d\u00edm jste prim\u00e1rn\u011b po\u010d\u00edtali \u2013 t\u0159eba [&hellip;]<\/p>\n","protected":false},"author":161,"featured_media":80507,"comment_status":"closed","ping_status":"open","sticky":false,"template":"","format":"standard","meta":{"_monsterinsights_skip_tracking":false,"_monsterinsights_sitenote_active":false,"_monsterinsights_sitenote_note":"","_monsterinsights_sitenote_category":0,"footnotes":""},"categories":[368],"tags":[226],"class_list":{"0":"post-80501","1":"post","2":"type-post","3":"status-publish","4":"format-standard","5":"has-post-thumbnail","7":"category-magazin_all4camper","8":"tag-rady-a-tipy"},"yoast_head":"<!-- This site is optimized with the Yoast SEO plugin v27.5 - https:\/\/yoast.com\/product\/yoast-seo-wordpress\/ -->\n<title>Ne\u017e vyjdete kempovat - na co by za\u010d\u00e1te\u010dn\u00edci nem\u011bli zapomenout, kdy\u017e si budou va\u0159it sami - All4Camper<\/title>\n<meta name=\"description\" content=\"All4Camper - Ne\u017e vyjdete kempovat - na co by za\u010d\u00e1te\u010dn\u00edci nem\u011bli zapomenout, kdy\u017e si budou va\u0159it sami\" \/>\n<meta name=\"robots\" content=\"index, follow, max-snippet:-1, max-image-preview:large, max-video-preview:-1\" \/>\n<link rel=\"canonical\" href=\"https:\/\/all4camper.com\/cs\/nez-vyjdete-kempovat-na-co-by-zacatecnici-nemeli-zapomenout-kdyz-si-budou-varit-sami\/\" \/>\n<meta property=\"og:locale\" content=\"cs_CZ\" \/>\n<meta property=\"og:type\" content=\"article\" \/>\n<meta property=\"og:title\" content=\"Ne\u017e vyjdete kempovat - na co by za\u010d\u00e1te\u010dn\u00edci nem\u011bli zapomenout, kdy\u017e si budou va\u0159it sami - All4Camper\" \/>\n<meta property=\"og:description\" content=\"All4Camper - Ne\u017e vyjdete kempovat - na co by za\u010d\u00e1te\u010dn\u00edci nem\u011bli zapomenout, kdy\u017e si budou va\u0159it sami\" \/>\n<meta property=\"og:url\" content=\"https:\/\/all4camper.com\/cs\/nez-vyjdete-kempovat-na-co-by-zacatecnici-nemeli-zapomenout-kdyz-si-budou-varit-sami\/\" \/>\n<meta property=\"og:site_name\" content=\"All4Camper\" \/>\n<meta property=\"article:published_time\" content=\"2019-08-05T06:00:05+00:00\" \/>\n<meta property=\"article:modified_time\" content=\"2020-04-21T10:25:19+00:00\" \/>\n<meta property=\"og:image\" content=\"https:\/\/all4camper.com\/wp-content\/uploads\/2019\/07\/cropped-kotl\u00edkov\u00fd-gul\u00e1\u0161.jpg\" \/>\n\t<meta property=\"og:image:width\" content=\"1280\" \/>\n\t<meta property=\"og:image:height\" content=\"720\" \/>\n\t<meta property=\"og:image:type\" content=\"image\/jpeg\" \/>\n<meta name=\"author\" content=\"Kate\u0159ina\" \/>\n<meta name=\"twitter:card\" content=\"summary_large_image\" \/>\n<meta name=\"twitter:label1\" content=\"Napsal(a)\" \/>\n\t<meta name=\"twitter:data1\" content=\"Kate\u0159ina\" \/>\n\t<meta name=\"twitter:label2\" content=\"Odhadovan\u00e1 doba \u010dten\u00ed\" \/>\n\t<meta name=\"twitter:data2\" content=\"4 minuty\" \/>\n<script type=\"application\/ld+json\" class=\"yoast-schema-graph\">{\"@context\":\"https:\\\/\\\/schema.org\",\"@graph\":[{\"@type\":\"Article\",\"@id\":\"https:\\\/\\\/all4camper.com\\\/cs\\\/nez-vyjdete-kempovat-na-co-by-zacatecnici-nemeli-zapomenout-kdyz-si-budou-varit-sami\\\/#article\",\"isPartOf\":{\"@id\":\"https:\\\/\\\/all4camper.com\\\/cs\\\/nez-vyjdete-kempovat-na-co-by-zacatecnici-nemeli-zapomenout-kdyz-si-budou-varit-sami\\\/\"},\"author\":{\"name\":\"Kate\u0159ina\",\"@id\":\"https:\\\/\\\/all4camper.com\\\/cs\\\/#\\\/schema\\\/person\\\/9349489688d4c221ca0fc39ae6bcb70b\"},\"headline\":\"Ne\u017e vyjdete kempovat &#8211; na co by za\u010d\u00e1te\u010dn\u00edci nem\u011bli zapomenout, kdy\u017e si budou va\u0159it sami\",\"datePublished\":\"2019-08-05T06:00:05+00:00\",\"dateModified\":\"2020-04-21T10:25:19+00:00\",\"mainEntityOfPage\":{\"@id\":\"https:\\\/\\\/all4camper.com\\\/cs\\\/nez-vyjdete-kempovat-na-co-by-zacatecnici-nemeli-zapomenout-kdyz-si-budou-varit-sami\\\/\"},\"wordCount\":917,\"publisher\":{\"@id\":\"https:\\\/\\\/all4camper.com\\\/cs\\\/#organization\"},\"image\":{\"@id\":\"https:\\\/\\\/all4camper.com\\\/cs\\\/nez-vyjdete-kempovat-na-co-by-zacatecnici-nemeli-zapomenout-kdyz-si-budou-varit-sami\\\/#primaryimage\"},\"thumbnailUrl\":\"https:\\\/\\\/all4camper.com\\\/wp-content\\\/uploads\\\/2019\\\/07\\\/cropped-kotl\u00edkov\u00fd-gul\u00e1\u0161.jpg\",\"keywords\":[\"Rady-tipy-informace\"],\"articleSection\":[\"\u010cten\u00ed na cesty\"],\"inLanguage\":\"cs\"},{\"@type\":\"WebPage\",\"@id\":\"https:\\\/\\\/all4camper.com\\\/cs\\\/nez-vyjdete-kempovat-na-co-by-zacatecnici-nemeli-zapomenout-kdyz-si-budou-varit-sami\\\/\",\"url\":\"https:\\\/\\\/all4camper.com\\\/cs\\\/nez-vyjdete-kempovat-na-co-by-zacatecnici-nemeli-zapomenout-kdyz-si-budou-varit-sami\\\/\",\"name\":\"Ne\u017e vyjdete kempovat - na co by za\u010d\u00e1te\u010dn\u00edci nem\u011bli zapomenout, kdy\u017e si budou va\u0159it sami - All4Camper\",\"isPartOf\":{\"@id\":\"https:\\\/\\\/all4camper.com\\\/cs\\\/#website\"},\"primaryImageOfPage\":{\"@id\":\"https:\\\/\\\/all4camper.com\\\/cs\\\/nez-vyjdete-kempovat-na-co-by-zacatecnici-nemeli-zapomenout-kdyz-si-budou-varit-sami\\\/#primaryimage\"},\"image\":{\"@id\":\"https:\\\/\\\/all4camper.com\\\/cs\\\/nez-vyjdete-kempovat-na-co-by-zacatecnici-nemeli-zapomenout-kdyz-si-budou-varit-sami\\\/#primaryimage\"},\"thumbnailUrl\":\"https:\\\/\\\/all4camper.com\\\/wp-content\\\/uploads\\\/2019\\\/07\\\/cropped-kotl\u00edkov\u00fd-gul\u00e1\u0161.jpg\",\"datePublished\":\"2019-08-05T06:00:05+00:00\",\"dateModified\":\"2020-04-21T10:25:19+00:00\",\"description\":\"All4Camper - Ne\u017e vyjdete kempovat - na co by za\u010d\u00e1te\u010dn\u00edci nem\u011bli zapomenout, kdy\u017e si budou va\u0159it sami\",\"breadcrumb\":{\"@id\":\"https:\\\/\\\/all4camper.com\\\/cs\\\/nez-vyjdete-kempovat-na-co-by-zacatecnici-nemeli-zapomenout-kdyz-si-budou-varit-sami\\\/#breadcrumb\"},\"inLanguage\":\"cs\",\"potentialAction\":[{\"@type\":\"ReadAction\",\"target\":[\"https:\\\/\\\/all4camper.com\\\/cs\\\/nez-vyjdete-kempovat-na-co-by-zacatecnici-nemeli-zapomenout-kdyz-si-budou-varit-sami\\\/\"]}]},{\"@type\":\"ImageObject\",\"inLanguage\":\"cs\",\"@id\":\"https:\\\/\\\/all4camper.com\\\/cs\\\/nez-vyjdete-kempovat-na-co-by-zacatecnici-nemeli-zapomenout-kdyz-si-budou-varit-sami\\\/#primaryimage\",\"url\":\"https:\\\/\\\/all4camper.com\\\/wp-content\\\/uploads\\\/2019\\\/07\\\/cropped-kotl\u00edkov\u00fd-gul\u00e1\u0161.jpg\",\"contentUrl\":\"https:\\\/\\\/all4camper.com\\\/wp-content\\\/uploads\\\/2019\\\/07\\\/cropped-kotl\u00edkov\u00fd-gul\u00e1\u0161.jpg\",\"width\":1280,\"height\":720},{\"@type\":\"BreadcrumbList\",\"@id\":\"https:\\\/\\\/all4camper.com\\\/cs\\\/nez-vyjdete-kempovat-na-co-by-zacatecnici-nemeli-zapomenout-kdyz-si-budou-varit-sami\\\/#breadcrumb\",\"itemListElement\":[{\"@type\":\"ListItem\",\"position\":1,\"name\":\"Dom\u016f\",\"item\":\"https:\\\/\\\/all4camper.com\\\/cs\\\/\"},{\"@type\":\"ListItem\",\"position\":2,\"name\":\"\u010cten\u00ed na cesty\",\"item\":\"https:\\\/\\\/all4camper.com\\\/cs\\\/category\\\/magazin_all4camper\\\/\"},{\"@type\":\"ListItem\",\"position\":3,\"name\":\"Ne\u017e vyjdete kempovat &#8211; na co by za\u010d\u00e1te\u010dn\u00edci nem\u011bli zapomenout, kdy\u017e si budou va\u0159it sami\"}]},{\"@type\":\"WebSite\",\"@id\":\"https:\\\/\\\/all4camper.com\\\/cs\\\/#website\",\"url\":\"https:\\\/\\\/all4camper.com\\\/cs\\\/\",\"name\":\"All4Camper\",\"description\":\"Nejv\u011bt\u0161\u00ed online magaz\u00edn o kempov\u00e1n\u00ed a karavaninku. V\u00edce jak 900 \u010dl\u00e1nk\u016f pln\u00fdch rad a tip\u016f o kempech a kempov\u00e1n\u00ed.\",\"publisher\":{\"@id\":\"https:\\\/\\\/all4camper.com\\\/cs\\\/#organization\"},\"potentialAction\":[{\"@type\":\"SearchAction\",\"target\":{\"@type\":\"EntryPoint\",\"urlTemplate\":\"https:\\\/\\\/all4camper.com\\\/cs\\\/?s={search_term_string}\"},\"query-input\":{\"@type\":\"PropertyValueSpecification\",\"valueRequired\":true,\"valueName\":\"search_term_string\"}}],\"inLanguage\":\"cs\"},{\"@type\":\"Organization\",\"@id\":\"https:\\\/\\\/all4camper.com\\\/cs\\\/#organization\",\"name\":\"All4Camper - kempujeme s Kl\u00e1rou\",\"url\":\"https:\\\/\\\/all4camper.com\\\/cs\\\/\",\"logo\":{\"@type\":\"ImageObject\",\"inLanguage\":\"cs\",\"@id\":\"https:\\\/\\\/all4camper.com\\\/cs\\\/#\\\/schema\\\/logo\\\/image\\\/\",\"url\":\"https:\\\/\\\/all4camper.com\\\/wp-content\\\/uploads\\\/2018\\\/09\\\/novelogo.png\",\"contentUrl\":\"https:\\\/\\\/all4camper.com\\\/wp-content\\\/uploads\\\/2018\\\/09\\\/novelogo.png\",\"width\":1520,\"height\":600,\"caption\":\"All4Camper - kempujeme s Kl\u00e1rou\"},\"image\":{\"@id\":\"https:\\\/\\\/all4camper.com\\\/cs\\\/#\\\/schema\\\/logo\\\/image\\\/\"}},{\"@type\":\"Person\",\"@id\":\"https:\\\/\\\/all4camper.com\\\/cs\\\/#\\\/schema\\\/person\\\/9349489688d4c221ca0fc39ae6bcb70b\",\"name\":\"Kate\u0159ina\",\"url\":\"https:\\\/\\\/all4camper.com\\\/cs\\\/author\\\/kterina\\\/\"}]}<\/script>\n<!-- \/ Yoast SEO plugin. -->","yoast_head_json":{"title":"Ne\u017e vyjdete kempovat - na co by za\u010d\u00e1te\u010dn\u00edci nem\u011bli zapomenout, kdy\u017e si budou va\u0159it sami - All4Camper","description":"All4Camper - Ne\u017e vyjdete kempovat - na co by za\u010d\u00e1te\u010dn\u00edci nem\u011bli zapomenout, kdy\u017e si budou va\u0159it sami","robots":{"index":"index","follow":"follow","max-snippet":"max-snippet:-1","max-image-preview":"max-image-preview:large","max-video-preview":"max-video-preview:-1"},"canonical":"https:\/\/all4camper.com\/cs\/nez-vyjdete-kempovat-na-co-by-zacatecnici-nemeli-zapomenout-kdyz-si-budou-varit-sami\/","og_locale":"cs_CZ","og_type":"article","og_title":"Ne\u017e vyjdete kempovat - na co by za\u010d\u00e1te\u010dn\u00edci nem\u011bli zapomenout, kdy\u017e si budou va\u0159it sami - All4Camper","og_description":"All4Camper - Ne\u017e vyjdete kempovat - na co by za\u010d\u00e1te\u010dn\u00edci nem\u011bli zapomenout, kdy\u017e si budou va\u0159it sami","og_url":"https:\/\/all4camper.com\/cs\/nez-vyjdete-kempovat-na-co-by-zacatecnici-nemeli-zapomenout-kdyz-si-budou-varit-sami\/","og_site_name":"All4Camper","article_published_time":"2019-08-05T06:00:05+00:00","article_modified_time":"2020-04-21T10:25:19+00:00","og_image":[{"width":1280,"height":720,"url":"https:\/\/all4camper.com\/wp-content\/uploads\/2019\/07\/cropped-kotl\u00edkov\u00fd-gul\u00e1\u0161.jpg","type":"image\/jpeg"}],"author":"Kate\u0159ina","twitter_card":"summary_large_image","twitter_misc":{"Napsal(a)":"Kate\u0159ina","Odhadovan\u00e1 doba \u010dten\u00ed":"4 minuty"},"schema":{"@context":"https:\/\/schema.org","@graph":[{"@type":"Article","@id":"https:\/\/all4camper.com\/cs\/nez-vyjdete-kempovat-na-co-by-zacatecnici-nemeli-zapomenout-kdyz-si-budou-varit-sami\/#article","isPartOf":{"@id":"https:\/\/all4camper.com\/cs\/nez-vyjdete-kempovat-na-co-by-zacatecnici-nemeli-zapomenout-kdyz-si-budou-varit-sami\/"},"author":{"name":"Kate\u0159ina","@id":"https:\/\/all4camper.com\/cs\/#\/schema\/person\/9349489688d4c221ca0fc39ae6bcb70b"},"headline":"Ne\u017e vyjdete kempovat &#8211; na co by za\u010d\u00e1te\u010dn\u00edci nem\u011bli zapomenout, kdy\u017e si budou va\u0159it sami","datePublished":"2019-08-05T06:00:05+00:00","dateModified":"2020-04-21T10:25:19+00:00","mainEntityOfPage":{"@id":"https:\/\/all4camper.com\/cs\/nez-vyjdete-kempovat-na-co-by-zacatecnici-nemeli-zapomenout-kdyz-si-budou-varit-sami\/"},"wordCount":917,"publisher":{"@id":"https:\/\/all4camper.com\/cs\/#organization"},"image":{"@id":"https:\/\/all4camper.com\/cs\/nez-vyjdete-kempovat-na-co-by-zacatecnici-nemeli-zapomenout-kdyz-si-budou-varit-sami\/#primaryimage"},"thumbnailUrl":"https:\/\/all4camper.com\/wp-content\/uploads\/2019\/07\/cropped-kotl\u00edkov\u00fd-gul\u00e1\u0161.jpg","keywords":["Rady-tipy-informace"],"articleSection":["\u010cten\u00ed na cesty"],"inLanguage":"cs"},{"@type":"WebPage","@id":"https:\/\/all4camper.com\/cs\/nez-vyjdete-kempovat-na-co-by-zacatecnici-nemeli-zapomenout-kdyz-si-budou-varit-sami\/","url":"https:\/\/all4camper.com\/cs\/nez-vyjdete-kempovat-na-co-by-zacatecnici-nemeli-zapomenout-kdyz-si-budou-varit-sami\/","name":"Ne\u017e vyjdete kempovat - na co by za\u010d\u00e1te\u010dn\u00edci nem\u011bli zapomenout, kdy\u017e si budou va\u0159it sami - All4Camper","isPartOf":{"@id":"https:\/\/all4camper.com\/cs\/#website"},"primaryImageOfPage":{"@id":"https:\/\/all4camper.com\/cs\/nez-vyjdete-kempovat-na-co-by-zacatecnici-nemeli-zapomenout-kdyz-si-budou-varit-sami\/#primaryimage"},"image":{"@id":"https:\/\/all4camper.com\/cs\/nez-vyjdete-kempovat-na-co-by-zacatecnici-nemeli-zapomenout-kdyz-si-budou-varit-sami\/#primaryimage"},"thumbnailUrl":"https:\/\/all4camper.com\/wp-content\/uploads\/2019\/07\/cropped-kotl\u00edkov\u00fd-gul\u00e1\u0161.jpg","datePublished":"2019-08-05T06:00:05+00:00","dateModified":"2020-04-21T10:25:19+00:00","description":"All4Camper - Ne\u017e vyjdete kempovat - na co by za\u010d\u00e1te\u010dn\u00edci nem\u011bli zapomenout, kdy\u017e si budou va\u0159it sami","breadcrumb":{"@id":"https:\/\/all4camper.com\/cs\/nez-vyjdete-kempovat-na-co-by-zacatecnici-nemeli-zapomenout-kdyz-si-budou-varit-sami\/#breadcrumb"},"inLanguage":"cs","potentialAction":[{"@type":"ReadAction","target":["https:\/\/all4camper.com\/cs\/nez-vyjdete-kempovat-na-co-by-zacatecnici-nemeli-zapomenout-kdyz-si-budou-varit-sami\/"]}]},{"@type":"ImageObject","inLanguage":"cs","@id":"https:\/\/all4camper.com\/cs\/nez-vyjdete-kempovat-na-co-by-zacatecnici-nemeli-zapomenout-kdyz-si-budou-varit-sami\/#primaryimage","url":"https:\/\/all4camper.com\/wp-content\/uploads\/2019\/07\/cropped-kotl\u00edkov\u00fd-gul\u00e1\u0161.jpg","contentUrl":"https:\/\/all4camper.com\/wp-content\/uploads\/2019\/07\/cropped-kotl\u00edkov\u00fd-gul\u00e1\u0161.jpg","width":1280,"height":720},{"@type":"BreadcrumbList","@id":"https:\/\/all4camper.com\/cs\/nez-vyjdete-kempovat-na-co-by-zacatecnici-nemeli-zapomenout-kdyz-si-budou-varit-sami\/#breadcrumb","itemListElement":[{"@type":"ListItem","position":1,"name":"Dom\u016f","item":"https:\/\/all4camper.com\/cs\/"},{"@type":"ListItem","position":2,"name":"\u010cten\u00ed na cesty","item":"https:\/\/all4camper.com\/cs\/category\/magazin_all4camper\/"},{"@type":"ListItem","position":3,"name":"Ne\u017e vyjdete kempovat &#8211; na co by za\u010d\u00e1te\u010dn\u00edci nem\u011bli zapomenout, kdy\u017e si budou va\u0159it sami"}]},{"@type":"WebSite","@id":"https:\/\/all4camper.com\/cs\/#website","url":"https:\/\/all4camper.com\/cs\/","name":"All4Camper","description":"Nejv\u011bt\u0161\u00ed online magaz\u00edn o kempov\u00e1n\u00ed a karavaninku. V\u00edce jak 900 \u010dl\u00e1nk\u016f pln\u00fdch rad a tip\u016f o kempech a kempov\u00e1n\u00ed.","publisher":{"@id":"https:\/\/all4camper.com\/cs\/#organization"},"potentialAction":[{"@type":"SearchAction","target":{"@type":"EntryPoint","urlTemplate":"https:\/\/all4camper.com\/cs\/?s={search_term_string}"},"query-input":{"@type":"PropertyValueSpecification","valueRequired":true,"valueName":"search_term_string"}}],"inLanguage":"cs"},{"@type":"Organization","@id":"https:\/\/all4camper.com\/cs\/#organization","name":"All4Camper - kempujeme s Kl\u00e1rou","url":"https:\/\/all4camper.com\/cs\/","logo":{"@type":"ImageObject","inLanguage":"cs","@id":"https:\/\/all4camper.com\/cs\/#\/schema\/logo\/image\/","url":"https:\/\/all4camper.com\/wp-content\/uploads\/2018\/09\/novelogo.png","contentUrl":"https:\/\/all4camper.com\/wp-content\/uploads\/2018\/09\/novelogo.png","width":1520,"height":600,"caption":"All4Camper - kempujeme s Kl\u00e1rou"},"image":{"@id":"https:\/\/all4camper.com\/cs\/#\/schema\/logo\/image\/"}},{"@type":"Person","@id":"https:\/\/all4camper.com\/cs\/#\/schema\/person\/9349489688d4c221ca0fc39ae6bcb70b","name":"Kate\u0159ina","url":"https:\/\/all4camper.com\/cs\/author\/kterina\/"}]}},"_links":{"self":[{"href":"https:\/\/all4camper.com\/cs\/wp-json\/wp\/v2\/posts\/80501","targetHints":{"allow":["GET"]}}],"collection":[{"href":"https:\/\/all4camper.com\/cs\/wp-json\/wp\/v2\/posts"}],"about":[{"href":"https:\/\/all4camper.com\/cs\/wp-json\/wp\/v2\/types\/post"}],"author":[{"embeddable":true,"href":"https:\/\/all4camper.com\/cs\/wp-json\/wp\/v2\/users\/161"}],"replies":[{"embeddable":true,"href":"https:\/\/all4camper.com\/cs\/wp-json\/wp\/v2\/comments?post=80501"}],"version-history":[{"count":0,"href":"https:\/\/all4camper.com\/cs\/wp-json\/wp\/v2\/posts\/80501\/revisions"}],"wp:featuredmedia":[{"embeddable":true,"href":"https:\/\/all4camper.com\/cs\/wp-json\/wp\/v2\/media\/80507"}],"wp:attachment":[{"href":"https:\/\/all4camper.com\/cs\/wp-json\/wp\/v2\/media?parent=80501"}],"wp:term":[{"taxonomy":"category","embeddable":true,"href":"https:\/\/all4camper.com\/cs\/wp-json\/wp\/v2\/categories?post=80501"},{"taxonomy":"post_tag","embeddable":true,"href":"https:\/\/all4camper.com\/cs\/wp-json\/wp\/v2\/tags?post=80501"}],"curies":[{"name":"wp","href":"https:\/\/api.w.org\/{rel}","templated":true}]}}