{"id":80226,"date":"2019-07-17T11:20:59","date_gmt":"2019-07-17T09:20:59","guid":{"rendered":"https:\/\/all4camper.com\/\/?p=80226"},"modified":"2020-04-21T13:30:46","modified_gmt":"2020-04-21T11:30:46","slug":"11-ingredienci-ze-kterych-vzdy-v-kempu-a-na-cestach-uvarite","status":"publish","type":"post","link":"https:\/\/all4camper.com\/cs\/11-ingredienci-ze-kterych-vzdy-v-kempu-a-na-cestach-uvarite\/","title":{"rendered":"11 ingredienc\u00ed, ze kter\u00fdch v\u017edy v kempu a na cest\u00e1ch uva\u0159\u00edte"},"content":{"rendered":"\n<h4 class=\"wp-block-heading\">Kemp m\u016f\u017ee b\u00fdt sebelep\u0161\u00ed, ale kdy\u017e m\u00e1te hlad, ve\u0161ker\u00e1 legrace kon\u010d\u00ed. D\u016fle\u017eit\u00e9 je si tak\u00e9 uv\u011bdomit, \u017ee j\u00eddlo je to, co lidi spojuje \u2013 a to nejen doma, ale d\u00e1 se \u0159\u00edci, \u017ee na cest\u00e1ch obzvl\u00e1\u0161t\u011b. V\u011b\u0159\u00edm, \u017ee snad ka\u017ed\u00fd z&nbsp;v\u00e1s by si vzpomn\u011bl na situaci, kdy d\u00edky j\u00eddlu vzniklo kempov\u00e9 p\u0159\u00e1telstv\u00ed nebo alespo\u0148 moc fajn ve\u010der. No a aby bylo v\u0161e je\u0161t\u011b pohodov\u011bj\u0161\u00ed, p\u0159in\u00e1\u0161\u00edm v\u00e1m seznam v\u011bc\u00ed, kter\u00e9 kdy\u017e vezmete s&nbsp;sebou, kru\u010den\u00ed v&nbsp;\u017ealudku rozhodn\u011b nehroz\u00ed. Va\u0159en\u00ed s&nbsp;nimi je snadn\u00e9, rychl\u00e9 a nav\u00edc odpadnou starosti s&nbsp;ob\u00edh\u00e1n\u00edm obchod\u016f t\u0159eba hned po p\u0159\u00edjezdu. <\/h4>\n\n\n\n<figure class=\"wp-block-image\"><img loading=\"lazy\" decoding=\"async\" width=\"1920\" height=\"1080\" src=\"https:\/\/all4camper.com\/\/wp-content\/uploads\/2019\/07\/food-3561532_1920.jpg\" alt=\"\" class=\"wp-image-80227\" srcset=\"https:\/\/all4camper.com\/wp-content\/uploads\/2019\/07\/food-3561532_1920.jpg 1920w, https:\/\/all4camper.com\/wp-content\/uploads\/2019\/07\/food-3561532_1920-300x169.jpg 300w, https:\/\/all4camper.com\/wp-content\/uploads\/2019\/07\/food-3561532_1920-150x84.jpg 150w, https:\/\/all4camper.com\/wp-content\/uploads\/2019\/07\/food-3561532_1920-768x432.jpg 768w, https:\/\/all4camper.com\/wp-content\/uploads\/2019\/07\/food-3561532_1920-1536x864.jpg 1536w, https:\/\/all4camper.com\/wp-content\/uploads\/2019\/07\/food-3561532_1920-678x381.jpg 678w\" sizes=\"auto, (max-width: 1920px) 100vw, 1920px\" \/><\/figure>\n\n\n\n<h3 class=\"wp-block-heading\">Vaj\u00ed\u010dka<\/h3>\n\n\n\n<p>Ta jsou podle m\u011b jasn\u00e1. Nejen, \u017ee jsou zdrav\u00e1, ta informace o nadbytku cholesterolu je v\u00e1\u017en\u011b nepotvrzen\u00e1, ale nav\u00edc jsou hned hotov\u00e1 a j\u00eddel z&nbsp;nich \u010di a nimi m\u016f\u017eete p\u0159ipravit opravdu mnoho. V&nbsp;tomto p\u0159\u00edpad\u011b jen pozor na transport.&nbsp;<\/p>\n\n\n\n<p><em>Pozn\u00e1mka Kl\u00e1ra: nem\u00edt vaj\u00ed\u010dka? To v\u00e1\u017en\u011b nejde. Kdy\u017e je hlad, jsou opravdu z\u00e1chranou, a kdy\u017e budu hodn\u011b &#8222;drsn\u00e1&#8220;, tak prost\u011b vezmu vaj\u00ed\u010dko, ud\u011bl\u00e1m omeletu, nebo do n\u011bj obal\u00edm co se v lednici je\u0161t\u011b nach\u00e1z\u00ed, a hned je b\u0159\u00ed\u0161ko pln\u00e9. Tak\u017ee vaj\u00ed\u010dka jsou z\u00e1klad.<\/em><\/p>\n\n\n\n<h4 class=\"wp-block-heading\">Ovoce a zelenina<\/h4>\n\n\n\n<p>Dob\u0159e, to nemus\u00edte m\u00edt nezbytn\u011b p\u0159\u00edmo s&nbsp;sebou, ale koupit t\u0159eba lok\u00e1ln\u00ed na slunci uzr\u00e1l\u00e9, ale v\u017edycky se hod\u00ed m\u00edt n\u011bjakou z\u00e1sobu. Je to rychl\u00e1 zdrav\u00e1 sva\u010dina kter\u00e1 pos\u00edl\u00ed organismus, a kdy\u017e m\u00e1te v\u00edc druh\u016f, ovocn\u00fd sal\u00e1t je hotov\u00fd b\u011bhem minutky. Jen pozor na skladov\u00e1n\u00ed, oni t\u0159eba takov\u00ed mravenci jsou potvory. A stejn\u00e9 je to i se zeleninou.&nbsp;<\/p>\n\n\n\n<p><em>Pozn\u00e1mka Kl\u00e1ra: a co takov\u00e9 le\u010do ze zeleniny, kter\u00e1 prost\u011b u\u017e nen\u00ed \u00fapln\u011b fresh. Dokonal\u00e1 z\u00e1chrana! A kdy\u017e ne to, tak sal\u00e1ty to jist\u00ed!<\/em><\/p>\n\n\n\n<h4 class=\"wp-block-heading\">\u0160pagety<\/h4>\n\n\n\n<p>Ide\u00e1ln\u011b ty uva\u0159en\u00e9 za t\u0159i minuty, ale na chuti to nen\u00ed nijak poznat. Do nich sta\u010d\u00ed trocha olivov\u00e9ho oleje, bylinky kter\u00e9 najdete, nakr\u00e1jen\u00e9 raj\u010de, zkr\u00e1tka co je zrovna po ruce, fantazii se meze nekladou a m\u00e1te b\u011bhem chvilky va\u0159eno.&nbsp;<\/p>\n\n\n\n<p><em>Pozn\u00e1mka Kl\u00e1ra: bez \u0161paget \u010di jak\u00e9koliv pasty to v\u00e1\u017en\u011b nejde. Vy\u010darujete z toho mnoho j\u00eddel, jak na p\u00e1nvi, tak v kastolu. Bez pasty nelze vyjet.<\/em><\/p>\n\n\n\n<h3 class=\"wp-block-heading\">S\u00fdr<\/h3>\n\n\n\n<p>V tomto p\u0159\u00edpad\u011b se odk\u00e1\u017eu i na ty \u0161pagety, posypan\u00e9 s\u00fdrem. Ale je toho mnohem v\u00edce, s\u00fdr s&nbsp;pe\u010divem k&nbsp;sn\u00eddani \u2013 je po pot\u0159eba v\u00edc? Doporu\u010duji m\u00edt r\u016fzn\u00e9 druhy. No a kdy\u017e nakr\u00e1j\u00edte s\u00fdr na kosti\u010dky, t\u0159eba i ten nejoby\u010dejn\u011bj\u0161\u00ed, ve\u010der se spolu se sklenkou v\u00edna se hned stane slavnostn\u00edm. A k&nbsp;tomu m\u016f\u017eete p\u0159ikr\u00e1jet t\u0159eba to ovoce, nap\u0159\u00edklad jablka. Hned to z\u00edsk\u00e1 gurm\u00e1nskou rovinu. A co teprve vla\u0161\u00e1ky&#8230;<\/p>\n\n\n\n<p><em>Pozn\u00e1mka Kl\u00e1ra: s\u00fdr je dar a bez s\u00fdru to opravdu nejde. Lze z n\u011bj vy\u010darovat snad v\u0161e, na co si vzpomenete. Zahustit om\u00e1\u010dku na \u0161pagety \u010di pastu, jen tak ji posypat, sm\u00edchat s olivov\u00fdm olejem a ve\u010de\u0159et, \u010di sm\u00edchat s vaj\u00ed\u010dky. Miluji s\u00fdr a bez n\u011bj si nedovedu p\u0159edstavit va\u0159en\u00ed \u010di rychl\u00e9 j\u00eddlo.<\/em><\/p>\n\n\n\n<h3 class=\"wp-block-heading\">K\u00e1va<\/h3>\n\n\n\n<p>Pot\u0159ebuje tohle jedno slovo n\u011bjak\u00fd doprovod? Mysl\u00edm, \u017ee ne. Nicm\u00e9n\u011b je dobr\u00e9 m\u00edt v&nbsp;z\u00e1sob\u011b i \u010daj, proto\u017ee ne ka\u017ed\u00fd je \u201ek\u00e1vov\u00fd\u201c a t\u0159eba i rozpustnou horkou \u010dokol\u00e1du. Jen si p\u0159edstavte bou\u0159kov\u00fd ve\u010der s&nbsp;vo\u0148av\u00fdm \u0161\u00e1lkem t\u00e9to sladk\u00e9 dobroty&#8230;<\/p>\n\n\n\n<h3 class=\"wp-block-heading\">Olej<\/h3>\n\n\n\n<p>Ten m\u016f\u017eete v\u00e9zt s&nbsp;sebou, pokud jste t\u0159eba zvykl\u00ed pou\u017e\u00edvat n\u011bjak\u00fd konkr\u00e9tn\u00ed, ale j\u00e1 doporu\u010duji, nap\u0159\u00edklad, pokud jedete do St\u0159edomo\u0159\u00ed, koupit m\u00edstn\u00ed. Co v\u0161echno s&nbsp;n\u00edm m\u016f\u017eete prov\u00e1d\u011bt asi nen\u00ed t\u0159eba v\u00edce vysv\u011btlovat. Nicm\u00e9n\u011b m\u00e1m kamar\u00e1da, kter\u00fd se chorvatsk\u00fdm \u201eoliv\u00e1kem\u201c ma\u017ee i na opalov\u00e1n\u00ed. To j\u00e1 preferuji kup\u0159\u00edkladu \u0159eck\u00fd sal\u00e1t \u2013 ten tedy samoz\u0159ejm\u011b k&nbsp;j\u00eddlu.&nbsp;A do n\u011bj vlastn\u011b pou\u017eijete v\u0161e, co je zde uveden\u00e9.<\/p>\n\n\n\n<p><em>Pozn\u00e1mka Kl\u00e1ra: olej vl\u00e1dne sv\u011btem a bez n\u011bj to v\u00e1\u017en\u011b nejde. Lze je\u0161t\u011b nahradit m\u00e1slem, co\u017e je n\u011bkdy lep\u0161\u00ed volba, ale bez n\u011bj neuva\u0159\u00edte. Je to z\u00e1klad ka\u017ed\u00e9 kuchyn\u011b a v\u017edy m\u011b na cest\u00e1ch zachr\u00e1nil.<\/em><\/p>\n\n\n\n<h3 class=\"wp-block-heading\">Cibule<\/h3>\n\n\n\n<p>Ta souvis\u00ed s&nbsp;t\u00edm \u0159eck\u00fd sal\u00e1tem, ale osma\u017een\u00e1 pod vaj\u00ed\u010dka \u2013 poh\u00e1dka&#8230; Ale sami jist\u011b v\u00edte, jak je tahle ingredience univerz\u00e1ln\u00ed a dok\u00e1\u017ee pozvednout spoustu pokrm\u016f. Nav\u00edc se dob\u0159e transportuje a je trvanliv\u00e1. Stejn\u00e9 je to i s&nbsp;bramborami. <strong>A je\u0161t\u011b jedno &#8211; bez cibule se v\u00e1\u017en\u011b va\u0159it ned\u00e1!<\/strong> <\/p>\n\n\n\n<p><em>Pozn\u00e1mka Kl\u00e1ra: pamatuji si, jak se mi kamar\u00e1dka sm\u00e1la v kempu, \u017ee m\u00e1m velik\u00e9 z\u00e1soby cibule, ale d\u00edky n\u00ed jsem v\u017edy uva\u0159ila, proto\u017ee je prost\u011b z\u00e1kladem kuchyn\u011b.<\/em><\/p>\n\n\n\n<h3 class=\"wp-block-heading\">Med<\/h3>\n\n\n\n<p>Nejen, \u017ee s&nbsp;n\u00edm cokoli oslad\u00edte, ale rychle dod\u00e1 tolik pot\u0159ebnou energii. Sm\u00edchan\u00fd s&nbsp;tepl\u00fdm ml\u00e9kem (a t\u0159eba i rumem, no&#8230;) b\u00e1je\u010dn\u011b usp\u00e1v\u00e1.&nbsp;<\/p>\n\n\n\n<p><em>Pozn\u00e1mka Kl\u00e1ra: a co teprve s chlebem \u010di rohl\u00edkem&#8230; kolikr\u00e1t m\u011b med zachr\u00e1nil, neb Dav\u00ed prost\u011b r\u00e1no mus\u00ed sn\u00eddat sladk\u00e9 a su\u0161enky \u010di mnou napa\u010den\u00e9 dobroty do\u0161ly. Med je z\u00e1klad a kdy\u017e ne med, tak alespo\u0148 marmel\u00e1da \u010di d\u017eem.<\/em><\/p>\n\n\n\n<h3 class=\"wp-block-heading\">O\u0159\u00ed\u0161ky<\/h3>\n\n\n\n<p>Rychl\u00fd zdroj energie, dob\u0159e se ba\u0161t\u00ed a t\u0159eba takov\u00e9 na oleji ope\u010den\u00e9 mandli\u010dky s&nbsp;trochou soli, serv\u00edrovan\u00e9 na st\u016fj, na kter\u00e9m u\u017e stoj\u00ed pivo \u2013 budete za hv\u011bzdy! Jinak se daj\u00ed perfektn\u011b \u201ezobat\u201c i za j\u00edzdy a nedrob\u00ed tak jako t\u0159eba bramb\u016frky.&nbsp;<\/p>\n\n\n\n<p><em>Pozn\u00e1mka Kl\u00e1ra: kdy\u017e byl n\u011bkdy skute\u010dn\u011b hlad a nebyl pobl\u00ed\u017e obchod, o\u0159\u00ed\u0161ky n\u00e1s v\u017edy zachr\u00e1nily! Tak\u017ee z\u00e1sadn\u011b berte s sebou.<\/em><\/p>\n\n\n\n<h3 class=\"wp-block-heading\">Lu\u0161t\u011bniny a r\u00fd\u017ee<\/h3>\n\n\n\n<p>A jsme zase u toho \u2013 superrychl\u00e1 a snadn\u00e1 p\u0159\u00edprava v&nbsp;kombinaci s&nbsp;obrovsk\u00fdm mno\u017estv\u00edm vyu\u017eit\u00ed. Za m\u011b nesm\u00ed chyb\u011bt jednozna\u010dn\u011b. I kdyby m\u011bla vzniknout \u201ejen\u201c \u010do\u010dka s&nbsp;ope\u010denou cibulkou! <\/p>\n\n\n\n<p><em>Pozn\u00e1mka Kl\u00e1ra: zase jsme u t\u00e9 cibule ;-).<\/em><\/p>\n\n\n\n<h3 class=\"wp-block-heading\">Pe\u010divo<\/h3>\n\n\n\n<p>To je samoz\u0159ejm\u011b nejlep\u0161\u00ed kupovat \u010derstv\u00e9, ale pokud se chcete pro jistotu p\u0159edz\u00e1sobit, nejlep\u0161\u00ed je vakuov\u011b balen\u00e9, p\u0159\u00edpadn\u011b vybran\u00e9 kousky zmrazit. Povol\u00ed jednodu\u0161e p\u0159i&nbsp;pokojov\u00e9 teplot\u011b.&nbsp;<\/p>\n\n\n\n<p><em>Pozn\u00e1mka Kl\u00e1ra: Dav\u00ed je v\u017edy ze m\u011b, jak se \u0159\u00edk\u00e1, na mrtvici, proto\u017ee zamra\u017euji i \u010derstv\u00e9 k\u0159upav\u00e9 pe\u010divo, ale co j\u00e1 v\u00edm, kde zrovna budeme a kde jej v ten den se\u017eenu. Tak\u017ee mraz\u00e1k a pe\u010divo je pro m\u011b v\u017edy z\u00e1soba na hor\u0161\u00ed \u010dasy.<\/em><\/p>\n\n\n\n<p><strong>K\u00a0tomu mi nezb\u00fdv\u00e1 ne\u017e doplnit pep\u0159 a s\u016fl. S\u00a0t\u00edmhle u\u017e se d\u00e1 pracovat, i kdy\u017e t\u0159eba budete chvilku bez proudu a snadno dopln\u00edte nap\u0159\u00edklad koupen\u00fdm masem \u010di uzeninou.<\/strong> A v\u0161e jde kombinovat. T\u0159eba ope\u010den\u00e1 r\u00fd\u017ee s\u00a0vaj\u00ed\u010dkem, ope\u010den\u00fd ban\u00e1n \u010di jablko s\u00a0medem i s\u00fdrov\u00e1 omeleta&#8230;<\/p>\n\n\n\n<p><em>Autor: Kate\u0159ina<\/em> <em>a Kl\u00e1ra<\/em><\/p>\n\n\n\n<p><strong>A jak\u00e9 dal\u0161\u00ed informace by se mohli za\u010d\u00e1te\u010dn\u00edk\u016fm hodit? Mrkn\u011bte do rubriky karavaning, kde ji n\u011bkolik najdete. \u0160\u0165astnou cestu a kr\u00e1sn\u00e9 prvn\u00ed kempov\u00e1n\u00ed! <\/strong><a rel=\"noreferrer noopener\" aria-label=\"Karavaning (opens in a new tab)\" href=\"\/?cat_ID=223\" target=\"_blank\"><strong>Karavaning<\/strong><\/a><\/p>\n","protected":false},"excerpt":{"rendered":"<p>Kemp m\u016f\u017ee b\u00fdt sebelep\u0161\u00ed, ale kdy\u017e m\u00e1te hlad, ve\u0161ker\u00e1 legrace kon\u010d\u00ed. D\u016fle\u017eit\u00e9 je si tak\u00e9 uv\u011bdomit, \u017ee j\u00eddlo je to, co lidi spojuje \u2013 a to nejen doma, ale d\u00e1 se \u0159\u00edci, \u017ee na cest\u00e1ch obzvl\u00e1\u0161t\u011b. V\u011b\u0159\u00edm, \u017ee snad ka\u017ed\u00fd z&nbsp;v\u00e1s by si vzpomn\u011bl na situaci, kdy d\u00edky j\u00eddlu vzniklo kempov\u00e9 p\u0159\u00e1telstv\u00ed nebo alespo\u0148 moc [&hellip;]<\/p>\n","protected":false},"author":161,"featured_media":80231,"comment_status":"closed","ping_status":"open","sticky":false,"template":"","format":"standard","meta":{"_monsterinsights_skip_tracking":false,"_monsterinsights_sitenote_active":false,"_monsterinsights_sitenote_note":"","_monsterinsights_sitenote_category":0,"footnotes":""},"categories":[368],"tags":[373],"class_list":{"0":"post-80226","1":"post","2":"type-post","3":"status-publish","4":"format-standard","5":"has-post-thumbnail","7":"category-magazin_all4camper","8":"tag-recepty"},"yoast_head":"<!-- This site is optimized with the Yoast SEO plugin v27.5 - https:\/\/yoast.com\/product\/yoast-seo-wordpress\/ -->\n<title>11 ingredienc\u00ed, ze kter\u00fdch v\u017edy v kempu a na cest\u00e1ch uva\u0159\u00edte - All4Camper<\/title>\n<meta name=\"description\" content=\"All4Camper - 11 ingredienc\u00ed, ze kter\u00fdch v\u017edy v kempu a na cest\u00e1ch uva\u0159\u00edte\" \/>\n<meta name=\"robots\" content=\"index, follow, max-snippet:-1, max-image-preview:large, max-video-preview:-1\" \/>\n<link rel=\"canonical\" href=\"https:\/\/all4camper.com\/cs\/11-ingredienci-ze-kterych-vzdy-v-kempu-a-na-cestach-uvarite\/\" \/>\n<meta property=\"og:locale\" content=\"cs_CZ\" \/>\n<meta property=\"og:type\" content=\"article\" \/>\n<meta property=\"og:title\" content=\"11 ingredienc\u00ed, ze kter\u00fdch v\u017edy v kempu a na cest\u00e1ch uva\u0159\u00edte - All4Camper\" \/>\n<meta property=\"og:description\" content=\"All4Camper - 11 ingredienc\u00ed, ze kter\u00fdch v\u017edy v kempu a na cest\u00e1ch uva\u0159\u00edte\" \/>\n<meta property=\"og:url\" content=\"https:\/\/all4camper.com\/cs\/11-ingredienci-ze-kterych-vzdy-v-kempu-a-na-cestach-uvarite\/\" \/>\n<meta property=\"og:site_name\" content=\"All4Camper\" \/>\n<meta property=\"article:published_time\" content=\"2019-07-17T09:20:59+00:00\" \/>\n<meta property=\"article:modified_time\" content=\"2020-04-21T11:30:46+00:00\" \/>\n<meta property=\"og:image\" content=\"https:\/\/all4camper.com\/wp-content\/uploads\/2019\/07\/cropped-campfire-896196_1920.jpg\" \/>\n\t<meta property=\"og:image:width\" content=\"1920\" \/>\n\t<meta property=\"og:image:height\" content=\"1079\" \/>\n\t<meta property=\"og:image:type\" content=\"image\/jpeg\" \/>\n<meta name=\"author\" content=\"Kate\u0159ina\" \/>\n<meta name=\"twitter:card\" content=\"summary_large_image\" \/>\n<meta name=\"twitter:label1\" content=\"Napsal(a)\" \/>\n\t<meta name=\"twitter:data1\" content=\"Kate\u0159ina\" \/>\n\t<meta name=\"twitter:label2\" content=\"Odhadovan\u00e1 doba \u010dten\u00ed\" \/>\n\t<meta name=\"twitter:data2\" content=\"7 minut\" \/>\n<script type=\"application\/ld+json\" class=\"yoast-schema-graph\">{\"@context\":\"https:\\\/\\\/schema.org\",\"@graph\":[{\"@type\":\"Article\",\"@id\":\"https:\\\/\\\/all4camper.com\\\/cs\\\/11-ingredienci-ze-kterych-vzdy-v-kempu-a-na-cestach-uvarite\\\/#article\",\"isPartOf\":{\"@id\":\"https:\\\/\\\/all4camper.com\\\/cs\\\/11-ingredienci-ze-kterych-vzdy-v-kempu-a-na-cestach-uvarite\\\/\"},\"author\":{\"name\":\"Kate\u0159ina\",\"@id\":\"https:\\\/\\\/all4camper.com\\\/cs\\\/#\\\/schema\\\/person\\\/9349489688d4c221ca0fc39ae6bcb70b\"},\"headline\":\"11 ingredienc\u00ed, ze kter\u00fdch v\u017edy v kempu a na cest\u00e1ch uva\u0159\u00edte\",\"datePublished\":\"2019-07-17T09:20:59+00:00\",\"dateModified\":\"2020-04-21T11:30:46+00:00\",\"mainEntityOfPage\":{\"@id\":\"https:\\\/\\\/all4camper.com\\\/cs\\\/11-ingredienci-ze-kterych-vzdy-v-kempu-a-na-cestach-uvarite\\\/\"},\"wordCount\":1372,\"publisher\":{\"@id\":\"https:\\\/\\\/all4camper.com\\\/cs\\\/#organization\"},\"image\":{\"@id\":\"https:\\\/\\\/all4camper.com\\\/cs\\\/11-ingredienci-ze-kterych-vzdy-v-kempu-a-na-cestach-uvarite\\\/#primaryimage\"},\"thumbnailUrl\":\"https:\\\/\\\/all4camper.com\\\/wp-content\\\/uploads\\\/2019\\\/07\\\/cropped-campfire-896196_1920.jpg\",\"keywords\":[\"Recepty\"],\"articleSection\":[\"\u010cten\u00ed na cesty\"],\"inLanguage\":\"cs\"},{\"@type\":\"WebPage\",\"@id\":\"https:\\\/\\\/all4camper.com\\\/cs\\\/11-ingredienci-ze-kterych-vzdy-v-kempu-a-na-cestach-uvarite\\\/\",\"url\":\"https:\\\/\\\/all4camper.com\\\/cs\\\/11-ingredienci-ze-kterych-vzdy-v-kempu-a-na-cestach-uvarite\\\/\",\"name\":\"11 ingredienc\u00ed, ze kter\u00fdch v\u017edy v kempu a na cest\u00e1ch uva\u0159\u00edte - All4Camper\",\"isPartOf\":{\"@id\":\"https:\\\/\\\/all4camper.com\\\/cs\\\/#website\"},\"primaryImageOfPage\":{\"@id\":\"https:\\\/\\\/all4camper.com\\\/cs\\\/11-ingredienci-ze-kterych-vzdy-v-kempu-a-na-cestach-uvarite\\\/#primaryimage\"},\"image\":{\"@id\":\"https:\\\/\\\/all4camper.com\\\/cs\\\/11-ingredienci-ze-kterych-vzdy-v-kempu-a-na-cestach-uvarite\\\/#primaryimage\"},\"thumbnailUrl\":\"https:\\\/\\\/all4camper.com\\\/wp-content\\\/uploads\\\/2019\\\/07\\\/cropped-campfire-896196_1920.jpg\",\"datePublished\":\"2019-07-17T09:20:59+00:00\",\"dateModified\":\"2020-04-21T11:30:46+00:00\",\"description\":\"All4Camper - 11 ingredienc\u00ed, ze kter\u00fdch v\u017edy v kempu a na cest\u00e1ch uva\u0159\u00edte\",\"breadcrumb\":{\"@id\":\"https:\\\/\\\/all4camper.com\\\/cs\\\/11-ingredienci-ze-kterych-vzdy-v-kempu-a-na-cestach-uvarite\\\/#breadcrumb\"},\"inLanguage\":\"cs\",\"potentialAction\":[{\"@type\":\"ReadAction\",\"target\":[\"https:\\\/\\\/all4camper.com\\\/cs\\\/11-ingredienci-ze-kterych-vzdy-v-kempu-a-na-cestach-uvarite\\\/\"]}]},{\"@type\":\"ImageObject\",\"inLanguage\":\"cs\",\"@id\":\"https:\\\/\\\/all4camper.com\\\/cs\\\/11-ingredienci-ze-kterych-vzdy-v-kempu-a-na-cestach-uvarite\\\/#primaryimage\",\"url\":\"https:\\\/\\\/all4camper.com\\\/wp-content\\\/uploads\\\/2019\\\/07\\\/cropped-campfire-896196_1920.jpg\",\"contentUrl\":\"https:\\\/\\\/all4camper.com\\\/wp-content\\\/uploads\\\/2019\\\/07\\\/cropped-campfire-896196_1920.jpg\",\"width\":1920,\"height\":1079},{\"@type\":\"BreadcrumbList\",\"@id\":\"https:\\\/\\\/all4camper.com\\\/cs\\\/11-ingredienci-ze-kterych-vzdy-v-kempu-a-na-cestach-uvarite\\\/#breadcrumb\",\"itemListElement\":[{\"@type\":\"ListItem\",\"position\":1,\"name\":\"Dom\u016f\",\"item\":\"https:\\\/\\\/all4camper.com\\\/cs\\\/\"},{\"@type\":\"ListItem\",\"position\":2,\"name\":\"\u010cten\u00ed na cesty\",\"item\":\"https:\\\/\\\/all4camper.com\\\/cs\\\/category\\\/magazin_all4camper\\\/\"},{\"@type\":\"ListItem\",\"position\":3,\"name\":\"11 ingredienc\u00ed, ze kter\u00fdch v\u017edy v kempu a na cest\u00e1ch uva\u0159\u00edte\"}]},{\"@type\":\"WebSite\",\"@id\":\"https:\\\/\\\/all4camper.com\\\/cs\\\/#website\",\"url\":\"https:\\\/\\\/all4camper.com\\\/cs\\\/\",\"name\":\"All4Camper\",\"description\":\"Nejv\u011bt\u0161\u00ed online magaz\u00edn o kempov\u00e1n\u00ed a karavaninku. V\u00edce jak 900 \u010dl\u00e1nk\u016f pln\u00fdch rad a tip\u016f o kempech a kempov\u00e1n\u00ed.\",\"publisher\":{\"@id\":\"https:\\\/\\\/all4camper.com\\\/cs\\\/#organization\"},\"potentialAction\":[{\"@type\":\"SearchAction\",\"target\":{\"@type\":\"EntryPoint\",\"urlTemplate\":\"https:\\\/\\\/all4camper.com\\\/cs\\\/?s={search_term_string}\"},\"query-input\":{\"@type\":\"PropertyValueSpecification\",\"valueRequired\":true,\"valueName\":\"search_term_string\"}}],\"inLanguage\":\"cs\"},{\"@type\":\"Organization\",\"@id\":\"https:\\\/\\\/all4camper.com\\\/cs\\\/#organization\",\"name\":\"All4Camper - kempujeme s Kl\u00e1rou\",\"url\":\"https:\\\/\\\/all4camper.com\\\/cs\\\/\",\"logo\":{\"@type\":\"ImageObject\",\"inLanguage\":\"cs\",\"@id\":\"https:\\\/\\\/all4camper.com\\\/cs\\\/#\\\/schema\\\/logo\\\/image\\\/\",\"url\":\"https:\\\/\\\/all4camper.com\\\/wp-content\\\/uploads\\\/2018\\\/09\\\/novelogo.png\",\"contentUrl\":\"https:\\\/\\\/all4camper.com\\\/wp-content\\\/uploads\\\/2018\\\/09\\\/novelogo.png\",\"width\":1520,\"height\":600,\"caption\":\"All4Camper - kempujeme s Kl\u00e1rou\"},\"image\":{\"@id\":\"https:\\\/\\\/all4camper.com\\\/cs\\\/#\\\/schema\\\/logo\\\/image\\\/\"}},{\"@type\":\"Person\",\"@id\":\"https:\\\/\\\/all4camper.com\\\/cs\\\/#\\\/schema\\\/person\\\/9349489688d4c221ca0fc39ae6bcb70b\",\"name\":\"Kate\u0159ina\",\"url\":\"https:\\\/\\\/all4camper.com\\\/cs\\\/author\\\/kterina\\\/\"}]}<\/script>\n<!-- \/ Yoast SEO plugin. -->","yoast_head_json":{"title":"11 ingredienc\u00ed, ze kter\u00fdch v\u017edy v kempu a na cest\u00e1ch uva\u0159\u00edte - All4Camper","description":"All4Camper - 11 ingredienc\u00ed, ze kter\u00fdch v\u017edy v kempu a na cest\u00e1ch uva\u0159\u00edte","robots":{"index":"index","follow":"follow","max-snippet":"max-snippet:-1","max-image-preview":"max-image-preview:large","max-video-preview":"max-video-preview:-1"},"canonical":"https:\/\/all4camper.com\/cs\/11-ingredienci-ze-kterych-vzdy-v-kempu-a-na-cestach-uvarite\/","og_locale":"cs_CZ","og_type":"article","og_title":"11 ingredienc\u00ed, ze kter\u00fdch v\u017edy v kempu a na cest\u00e1ch uva\u0159\u00edte - All4Camper","og_description":"All4Camper - 11 ingredienc\u00ed, ze kter\u00fdch v\u017edy v kempu a na cest\u00e1ch uva\u0159\u00edte","og_url":"https:\/\/all4camper.com\/cs\/11-ingredienci-ze-kterych-vzdy-v-kempu-a-na-cestach-uvarite\/","og_site_name":"All4Camper","article_published_time":"2019-07-17T09:20:59+00:00","article_modified_time":"2020-04-21T11:30:46+00:00","og_image":[{"width":1920,"height":1079,"url":"https:\/\/all4camper.com\/wp-content\/uploads\/2019\/07\/cropped-campfire-896196_1920.jpg","type":"image\/jpeg"}],"author":"Kate\u0159ina","twitter_card":"summary_large_image","twitter_misc":{"Napsal(a)":"Kate\u0159ina","Odhadovan\u00e1 doba \u010dten\u00ed":"7 minut"},"schema":{"@context":"https:\/\/schema.org","@graph":[{"@type":"Article","@id":"https:\/\/all4camper.com\/cs\/11-ingredienci-ze-kterych-vzdy-v-kempu-a-na-cestach-uvarite\/#article","isPartOf":{"@id":"https:\/\/all4camper.com\/cs\/11-ingredienci-ze-kterych-vzdy-v-kempu-a-na-cestach-uvarite\/"},"author":{"name":"Kate\u0159ina","@id":"https:\/\/all4camper.com\/cs\/#\/schema\/person\/9349489688d4c221ca0fc39ae6bcb70b"},"headline":"11 ingredienc\u00ed, ze kter\u00fdch v\u017edy v kempu a na cest\u00e1ch uva\u0159\u00edte","datePublished":"2019-07-17T09:20:59+00:00","dateModified":"2020-04-21T11:30:46+00:00","mainEntityOfPage":{"@id":"https:\/\/all4camper.com\/cs\/11-ingredienci-ze-kterych-vzdy-v-kempu-a-na-cestach-uvarite\/"},"wordCount":1372,"publisher":{"@id":"https:\/\/all4camper.com\/cs\/#organization"},"image":{"@id":"https:\/\/all4camper.com\/cs\/11-ingredienci-ze-kterych-vzdy-v-kempu-a-na-cestach-uvarite\/#primaryimage"},"thumbnailUrl":"https:\/\/all4camper.com\/wp-content\/uploads\/2019\/07\/cropped-campfire-896196_1920.jpg","keywords":["Recepty"],"articleSection":["\u010cten\u00ed na cesty"],"inLanguage":"cs"},{"@type":"WebPage","@id":"https:\/\/all4camper.com\/cs\/11-ingredienci-ze-kterych-vzdy-v-kempu-a-na-cestach-uvarite\/","url":"https:\/\/all4camper.com\/cs\/11-ingredienci-ze-kterych-vzdy-v-kempu-a-na-cestach-uvarite\/","name":"11 ingredienc\u00ed, ze kter\u00fdch v\u017edy v kempu a na cest\u00e1ch uva\u0159\u00edte - All4Camper","isPartOf":{"@id":"https:\/\/all4camper.com\/cs\/#website"},"primaryImageOfPage":{"@id":"https:\/\/all4camper.com\/cs\/11-ingredienci-ze-kterych-vzdy-v-kempu-a-na-cestach-uvarite\/#primaryimage"},"image":{"@id":"https:\/\/all4camper.com\/cs\/11-ingredienci-ze-kterych-vzdy-v-kempu-a-na-cestach-uvarite\/#primaryimage"},"thumbnailUrl":"https:\/\/all4camper.com\/wp-content\/uploads\/2019\/07\/cropped-campfire-896196_1920.jpg","datePublished":"2019-07-17T09:20:59+00:00","dateModified":"2020-04-21T11:30:46+00:00","description":"All4Camper - 11 ingredienc\u00ed, ze kter\u00fdch v\u017edy v kempu a na cest\u00e1ch uva\u0159\u00edte","breadcrumb":{"@id":"https:\/\/all4camper.com\/cs\/11-ingredienci-ze-kterych-vzdy-v-kempu-a-na-cestach-uvarite\/#breadcrumb"},"inLanguage":"cs","potentialAction":[{"@type":"ReadAction","target":["https:\/\/all4camper.com\/cs\/11-ingredienci-ze-kterych-vzdy-v-kempu-a-na-cestach-uvarite\/"]}]},{"@type":"ImageObject","inLanguage":"cs","@id":"https:\/\/all4camper.com\/cs\/11-ingredienci-ze-kterych-vzdy-v-kempu-a-na-cestach-uvarite\/#primaryimage","url":"https:\/\/all4camper.com\/wp-content\/uploads\/2019\/07\/cropped-campfire-896196_1920.jpg","contentUrl":"https:\/\/all4camper.com\/wp-content\/uploads\/2019\/07\/cropped-campfire-896196_1920.jpg","width":1920,"height":1079},{"@type":"BreadcrumbList","@id":"https:\/\/all4camper.com\/cs\/11-ingredienci-ze-kterych-vzdy-v-kempu-a-na-cestach-uvarite\/#breadcrumb","itemListElement":[{"@type":"ListItem","position":1,"name":"Dom\u016f","item":"https:\/\/all4camper.com\/cs\/"},{"@type":"ListItem","position":2,"name":"\u010cten\u00ed na cesty","item":"https:\/\/all4camper.com\/cs\/category\/magazin_all4camper\/"},{"@type":"ListItem","position":3,"name":"11 ingredienc\u00ed, ze kter\u00fdch v\u017edy v kempu a na cest\u00e1ch uva\u0159\u00edte"}]},{"@type":"WebSite","@id":"https:\/\/all4camper.com\/cs\/#website","url":"https:\/\/all4camper.com\/cs\/","name":"All4Camper","description":"Nejv\u011bt\u0161\u00ed online magaz\u00edn o kempov\u00e1n\u00ed a karavaninku. V\u00edce jak 900 \u010dl\u00e1nk\u016f pln\u00fdch rad a tip\u016f o kempech a kempov\u00e1n\u00ed.","publisher":{"@id":"https:\/\/all4camper.com\/cs\/#organization"},"potentialAction":[{"@type":"SearchAction","target":{"@type":"EntryPoint","urlTemplate":"https:\/\/all4camper.com\/cs\/?s={search_term_string}"},"query-input":{"@type":"PropertyValueSpecification","valueRequired":true,"valueName":"search_term_string"}}],"inLanguage":"cs"},{"@type":"Organization","@id":"https:\/\/all4camper.com\/cs\/#organization","name":"All4Camper - kempujeme s Kl\u00e1rou","url":"https:\/\/all4camper.com\/cs\/","logo":{"@type":"ImageObject","inLanguage":"cs","@id":"https:\/\/all4camper.com\/cs\/#\/schema\/logo\/image\/","url":"https:\/\/all4camper.com\/wp-content\/uploads\/2018\/09\/novelogo.png","contentUrl":"https:\/\/all4camper.com\/wp-content\/uploads\/2018\/09\/novelogo.png","width":1520,"height":600,"caption":"All4Camper - kempujeme s Kl\u00e1rou"},"image":{"@id":"https:\/\/all4camper.com\/cs\/#\/schema\/logo\/image\/"}},{"@type":"Person","@id":"https:\/\/all4camper.com\/cs\/#\/schema\/person\/9349489688d4c221ca0fc39ae6bcb70b","name":"Kate\u0159ina","url":"https:\/\/all4camper.com\/cs\/author\/kterina\/"}]}},"_links":{"self":[{"href":"https:\/\/all4camper.com\/cs\/wp-json\/wp\/v2\/posts\/80226","targetHints":{"allow":["GET"]}}],"collection":[{"href":"https:\/\/all4camper.com\/cs\/wp-json\/wp\/v2\/posts"}],"about":[{"href":"https:\/\/all4camper.com\/cs\/wp-json\/wp\/v2\/types\/post"}],"author":[{"embeddable":true,"href":"https:\/\/all4camper.com\/cs\/wp-json\/wp\/v2\/users\/161"}],"replies":[{"embeddable":true,"href":"https:\/\/all4camper.com\/cs\/wp-json\/wp\/v2\/comments?post=80226"}],"version-history":[{"count":0,"href":"https:\/\/all4camper.com\/cs\/wp-json\/wp\/v2\/posts\/80226\/revisions"}],"wp:featuredmedia":[{"embeddable":true,"href":"https:\/\/all4camper.com\/cs\/wp-json\/wp\/v2\/media\/80231"}],"wp:attachment":[{"href":"https:\/\/all4camper.com\/cs\/wp-json\/wp\/v2\/media?parent=80226"}],"wp:term":[{"taxonomy":"category","embeddable":true,"href":"https:\/\/all4camper.com\/cs\/wp-json\/wp\/v2\/categories?post=80226"},{"taxonomy":"post_tag","embeddable":true,"href":"https:\/\/all4camper.com\/cs\/wp-json\/wp\/v2\/tags?post=80226"}],"curies":[{"name":"wp","href":"https:\/\/api.w.org\/{rel}","templated":true}]}}