{"id":80194,"date":"2019-07-21T08:10:27","date_gmt":"2019-07-21T06:10:27","guid":{"rendered":"https:\/\/all4camper.com\/\/?p=80194"},"modified":"2019-08-30T09:23:25","modified_gmt":"2019-08-30T07:23:25","slug":"budme-pastikari-na-urovni-a-udelejme-si-svou-pastiku","status":"publish","type":"post","link":"https:\/\/all4camper.com\/cs\/budme-pastikari-na-urovni-a-udelejme-si-svou-pastiku\/","title":{"rendered":"Bu\u010fme pa\u0161tik\u00e1\u0159i na \u00farovni a ud\u011blejme si svou pa\u0161tiku"},"content":{"rendered":"\n<h4 class=\"wp-block-heading\">\u010ce\u0161i jsou ozna\u010dov\u00e1n\u00ed za n\u00e1rod pa\u0161tik\u00e1\u0159\u016f a ti, kte\u0159\u00ed jezd\u00ed do Chorvatska obzvl\u00e1\u0161\u0165. Jsme v\u00a0tomto smyslu bohu\u017eel zn\u00e1m\u00ed i v\u00a0zahrani\u010d\u00ed. Jasn\u011b, tak vlivem mnoha okolnost\u00ed jsme mo\u017en\u00e1 t\u00edmto dojmem p\u016fsobili a za pa\u0161tikou je schov\u00e1no mnoho dal\u0161\u00edch v\u011bc\u00ed, mn\u011b ale poka\u017ed\u00e9 p\u0159ijde na mysl my\u0161lenka, pro\u010d tedy zrovna ta uboh\u00e1 pa\u0161tika? Ano, je pravda, \u017ee z\u00a0hlediska transportu byla spolu s\u00a0konzervami nejprakti\u010dt\u011bj\u0161\u00ed a cenov\u011b dostupn\u00e1&#8230;<\/h4>\n\n\n\n<figure class=\"wp-block-image\"><img loading=\"lazy\" decoding=\"async\" width=\"1280\" height=\"853\" src=\"https:\/\/all4camper.com\/\/wp-content\/uploads\/2019\/07\/food-3197938_1280.jpg\" alt=\"\" class=\"wp-image-80195\" srcset=\"https:\/\/all4camper.com\/wp-content\/uploads\/2019\/07\/food-3197938_1280.jpg 1280w, https:\/\/all4camper.com\/wp-content\/uploads\/2019\/07\/food-3197938_1280-150x100.jpg 150w, https:\/\/all4camper.com\/wp-content\/uploads\/2019\/07\/food-3197938_1280-300x200.jpg 300w, https:\/\/all4camper.com\/wp-content\/uploads\/2019\/07\/food-3197938_1280-768x512.jpg 768w\" sizes=\"auto, (max-width: 1280px) 100vw, 1280px\" \/><\/figure>\n\n\n\n<p>J\u00e1 m\u00e1m toti\u017e pa\u0161tiky moc r\u00e1da. Kvalitn\u00ed pa\u0161tika, k\u0159upav\u00e9 pe\u010divo a k\u00a0tomu \u010derven\u00e9 v\u00edno, to je prost\u011b balada. Bohu\u017eel si pa\u0161tiky vyslou\u017eily tenhle trochu nelichotiv\u00fd r\u00e1me\u010dek a poka\u017ed\u00e9, kdy\u017e si n\u011bkde na dov\u010de pa\u0161tiku d\u00e1m, neobejde se to bez koment\u00e1\u0159\u016f. Mnohdy i t\u0159eba v\u00a0tom smyslu, pro\u010d j\u00edm n\u011bco tak nezdrav\u00e9ho, oby\u010dejn\u00e9ho a podobn\u011b&#8230; <\/p>\n\n\n\n<p>Ale povznesla jsem se nad to. Je pravda, \u017ee \u010dlov\u011bk si nesm\u00ed vz\u00edt prvn\u00ed pa\u0161tiku za \u0161est korun, kterou uvid\u00ed. V\u00a0tomto p\u0159\u00edpad\u011b to chce d\u016fsledn\u011b zkoumat, z\u00a0\u010deho je kter\u00e1 vyroben\u00e1, ale m\u00e1m zku\u0161enost, \u017ee sta\u010d\u00ed vyjet za hranice a kvalita b\u00fdv\u00e1 nesrovnateln\u00e1. No \u2013 a kdy\u017e u\u017e n\u011bjakou poctivou m\u00e1te \u2013 m\u00e1te vyhr\u00e1no. Pot\u0159ebujete jen dobr\u00e9 pe\u010divo a t\u0159eba nakr\u00e1jen\u00e9 raj\u010de a bezva sn\u00eddan\u011b \u010di sv\u00e1\u010da je na sv\u011bt\u011b. Jinak m\u016fj osobn\u00ed a mnohokr\u00e1te osv\u011bd\u010den\u00fd tip, jsou farm\u00e1\u0159sk\u00e9 trhy. Minim\u00e1ln\u011b jeden st\u00e1nek toti\u017e obvykle tuhle dobrotu v\u00a0super dom\u00e1c\u00ed verzi nab\u00edz\u00ed. No \u2013 a nemus\u00edte z\u016fstat jen u rychle \u201ezhltnut\u00e9ho\u201c j\u00eddla. <\/p>\n\n\n\n<figure class=\"wp-block-image\"><img loading=\"lazy\" decoding=\"async\" width=\"1619\" height=\"1080\" src=\"https:\/\/all4camper.com\/\/wp-content\/uploads\/2019\/07\/luxury-4330593_1920-1619x1080.jpg\" alt=\"\" class=\"wp-image-80196\" srcset=\"https:\/\/all4camper.com\/wp-content\/uploads\/2019\/07\/luxury-4330593_1920-1619x1080.jpg 1619w, https:\/\/all4camper.com\/wp-content\/uploads\/2019\/07\/luxury-4330593_1920-300x200.jpg 300w, https:\/\/all4camper.com\/wp-content\/uploads\/2019\/07\/luxury-4330593_1920-150x100.jpg 150w, https:\/\/all4camper.com\/wp-content\/uploads\/2019\/07\/luxury-4330593_1920-768x512.jpg 768w, https:\/\/all4camper.com\/wp-content\/uploads\/2019\/07\/luxury-4330593_1920-1536x1025.jpg 1536w, https:\/\/all4camper.com\/wp-content\/uploads\/2019\/07\/luxury-4330593_1920.jpg 1920w\" sizes=\"auto, (max-width: 1619px) 100vw, 1619px\" \/><\/figure>\n\n\n\n<p><strong>Pro\u010d neb\u00fdt \u00fapln\u011b jednodu\u0161e kreativn\u011bj\u0161\u00ed. V\u017edy\u0165 sta\u010d\u00ed tak m\u00e1lo a v\u011b\u0159te, \u017ee vzbud\u00edte dojem, \u017ee va\u0161e kucha\u0159sk\u00e9 dovednosti jsou na \u00farovn\u00ed p\u0159edn\u00edch restaurac\u00ed. <\/strong>Pe\u010divo nakr\u00e1jejte na mal\u00e9 kousky a p\u0159ipravte rustik\u00e1ln\u00ed jednohubky ozdoben\u00e9 t\u00edm, co m\u00e1te, p\u0159\u00edpadn\u011b co v\u00e1m chutn\u00e1. Mnohdy sta\u0159\u00ed navrch t\u0159eba jen kapka marmel\u00e1dy a gurm\u00e1nsk\u00fd kousek je na sv\u011bt\u011b. Hezky naserv\u00edrovan\u00e9 na st\u016fl a dopln\u011bn\u00e9 v\u00ednem, to nem\u00e1 chybu. A hotov\u00e9 je to za chvili\u010dku. <\/p>\n\n\n\n<p>Ono se s\u00a0n\u00ed ale kolikr\u00e1t nemus\u00edte ani mazat (doslova se s\u00a0t\u00edm nema\u017ete), sta\u010d\u00ed ji vyklopit z\u00a0n\u00e1dobky, elegantn\u011b naaran\u017eovat a k\u00a0tomu pro ka\u017ed\u00e9ho n\u016f\u017e, nakr\u00e1jen\u00e9 pe\u010divo a t\u0159eba do misky tu marmel\u00e1du nebo v\u0161e oblo\u017eit \u010derstv\u00fdm ovocem, p\u0159\u00edpadn\u011b doplnit pr\u0161utem \u010di s\u00fdrem. Kdy\u017e je\u0161t\u011b trochu \u201evy\u0161perkujete\u201c okol\u00ed hezk\u00fdmi ubrousky a t\u0159eba sn\u00edtkou rozmar\u00fdnu, kter\u00fd roste kup\u0159\u00edkladu v\u00a0ka\u017ed\u00e9m st\u0159edomo\u0159sk\u00e9m p\u0159\u00edkopu, tak tyhle \u201epa\u0161tikov\u00e9 chvilky\u201c si v\u00e1\u017en\u011b vychutn\u00e1te. Jinak, j\u00e1 jsem se nau\u010dila pa\u0161tiku i d\u011blat dom\u00e1c\u00ed. Tuhle sice nedoporu\u010duji na zava\u0159ov\u00e1n\u00ed, ale v\u00a0lednici chvilku vydr\u017e\u00ed a \u00fasp\u011bch jsem m\u011bla v\u017edycky velik\u00fd. T\u0159eba v\u00e1s inspiruji jako m\u011b kamar\u00e1dka, kter\u00e1 mi ji p\u0159inesla ochutnat a je\u0161t\u011b ten den jsem z\u00a0n\u00ed vyprosila recept. A v\u00e1\u017en\u011b nen\u00ed \u010deho se b\u00e1t. Je to docela jednoduch\u00e9.\u00a0<\/p>\n\n\n\n<h4 class=\"wp-block-heading\"><strong>Dom\u00e1c\u00ed pa\u0161tika, kterou zvl\u00e1dne ka\u017ed\u00fd<\/strong><\/h4>\n\n\n\n<p><strong>Pot\u0159ebujete: <\/strong><\/p>\n\n\n\n<ul class=\"wp-block-list\"><li>200 g m\u00e1sla + 50 g na zalit\u00ed, <\/li><li>500 g ku\u0159ec\u00edch nebo kachn\u00edch jater, <\/li><li>1 cibule, nakr\u00e1jen\u00e1 nadrobno, <\/li><li>200 ml dr\u016fbe\u017e\u00edho v\u00fdvaru, <\/li><li>150 ml b\u00edl\u00e9ho v\u00edna, <\/li><li>1\u20132 l\u017ei\u010dky provens\u00e1lsk\u00e9ho ko\u0159en\u00ed, s\u016fl a \u010derstv\u011b mlet\u00fd pep\u0159, <\/li><li>asi 100 ml smetany ke \u0161leh\u00e1n\u00ed, <\/li><li>12 l\u00edstk\u016f \u0161alv\u011bje na ozdoben\u00ed<\/li><\/ul>\n\n\n\n<p><strong>P\u0159\u00edprava:<\/strong> <\/p>\n\n\n\n<p>O\u010dist\u011bte j\u00e1tra a nakr\u00e1jejte na kostky. V p\u00e1nvi na 2 l\u017e\u00edc\u00edch m\u00e1sla zp\u011b\u0148te cibuli. <\/p>\n\n\n\n<p>P\u0159idejte j\u00e1tra, m\u00edchejte, dokud se nezat\u00e1hnout. Zalijte v\u00fdvarem a v\u00ednem. Osolte, opep\u0159ete, posypte provens\u00e1lsk\u00fdmi bylinkami, p\u0159iklopte a va\u0159te 10\u201315 minut dom\u011bkka. <\/p>\n\n\n\n<p>Tekutina by m\u011bla sahat alespo\u0148 do poloviny jater. P\u0159endejte do n\u00e1doby na mixov\u00e1n\u00ed. P\u0159idejte pokr\u00e1jen\u00e9 m\u00e1slo a mixujte ty\u010dov\u00fdm mix\u00e9rem dohladka. P\u0159idejte tolik smetany, aby sm\u011bs m\u011bla konzistenci hust\u0161\u00ed om\u00e1\u010dky. Ochutnejte a dopep\u0159ete a dosolte. V\u00a0t\u00e9to f\u00e1zi by m\u011bla b\u00fdt sm\u011bs slan\u011bj\u0161\u00ed, v\u0161e se pot\u00e9 vst\u0159eb\u00e1. <\/p>\n\n\n\n<p>Rozd\u011blte do n\u00e1dobek. Pou\u017e\u00edv\u00e1m kokotky, ale par\u00e1du ud\u011bl\u00e1 i hezk\u00e1 zava\u0159ova\u010dka ov\u00e1zan\u00e1 t\u0159eba ma\u0161l\u00ed. Rozeh\u0159ejte 50 g m\u00e1sla se \u0161alv\u011bj\u00ed a povrch pa\u0161tik zalijte.\u00a0Nechte vychladnout a pak zakryjte potravinovou f\u00f3li\u00ed nebo v\u00ed\u010dkem. <strong>V chladni\u010dce vydr\u017e\u00ed asi 5 dn\u00ed, m\u016f\u017eete ale i zmrazit, co\u017e je fajn obzvl\u00e1\u0161\u0165 pr\u00e1v\u011b na cesty. <\/strong>Serv\u00edruji ji v\u011bt\u0161inou p\u0159\u00edmo v\u00a0n\u00e1dobce, tak\u017ee se hod\u00ed, kdy\u017e jej\u00ed objem odpov\u00edd\u00e1 p\u0159ibli\u017en\u011b jedn\u00e9 po\u017eadovan\u00e9 porci.\u00a0<\/p>\n\n\n\n<p>Dobrou chu\u0165!<\/p>\n\n\n\n<p><em>Autor: Kate\u0159ina<\/em><\/p>\n","protected":false},"excerpt":{"rendered":"<p>\u010ce\u0161i jsou ozna\u010dov\u00e1n\u00ed za n\u00e1rod pa\u0161tik\u00e1\u0159\u016f a ti, kte\u0159\u00ed jezd\u00ed do Chorvatska obzvl\u00e1\u0161\u0165. Jsme v\u00a0tomto smyslu bohu\u017eel zn\u00e1m\u00ed i v\u00a0zahrani\u010d\u00ed. Jasn\u011b, tak vlivem mnoha okolnost\u00ed jsme mo\u017en\u00e1 t\u00edmto dojmem p\u016fsobili a za pa\u0161tikou je schov\u00e1no mnoho dal\u0161\u00edch v\u011bc\u00ed, mn\u011b ale poka\u017ed\u00e9 p\u0159ijde na mysl my\u0161lenka, pro\u010d tedy zrovna ta uboh\u00e1 pa\u0161tika? Ano, je pravda, \u017ee [&hellip;]<\/p>\n","protected":false},"author":161,"featured_media":80197,"comment_status":"closed","ping_status":"open","sticky":false,"template":"","format":"standard","meta":{"_monsterinsights_skip_tracking":false,"_monsterinsights_sitenote_active":false,"_monsterinsights_sitenote_note":"","_monsterinsights_sitenote_category":0,"footnotes":""},"categories":[368,422],"tags":[373],"class_list":{"0":"post-80194","1":"post","2":"type-post","3":"status-publish","4":"format-standard","5":"has-post-thumbnail","7":"category-magazin_all4camper","8":"category-novinky-kempovani-a-karavaning","9":"tag-recepty"},"yoast_head":"<!-- This site is optimized with the Yoast SEO plugin v27.5 - https:\/\/yoast.com\/product\/yoast-seo-wordpress\/ -->\n<title>Bu\u010fme pa\u0161tik\u00e1\u0159i na \u00farovni a ud\u011blejme si svou pa\u0161tiku - All4Camper<\/title>\n<meta name=\"description\" content=\"All4Camper - Bu\u010fme pa\u0161tik\u00e1\u0159i na \u00farovni a ud\u011blejme si svou pa\u0161tiku\" \/>\n<meta name=\"robots\" content=\"index, follow, max-snippet:-1, max-image-preview:large, max-video-preview:-1\" \/>\n<link rel=\"canonical\" href=\"https:\/\/all4camper.com\/cs\/budme-pastikari-na-urovni-a-udelejme-si-svou-pastiku\/\" \/>\n<meta property=\"og:locale\" content=\"cs_CZ\" \/>\n<meta property=\"og:type\" content=\"article\" \/>\n<meta property=\"og:title\" content=\"Bu\u010fme pa\u0161tik\u00e1\u0159i na \u00farovni a ud\u011blejme si svou pa\u0161tiku - All4Camper\" \/>\n<meta property=\"og:description\" content=\"All4Camper - Bu\u010fme pa\u0161tik\u00e1\u0159i na \u00farovni a ud\u011blejme si svou pa\u0161tiku\" \/>\n<meta property=\"og:url\" content=\"https:\/\/all4camper.com\/cs\/budme-pastikari-na-urovni-a-udelejme-si-svou-pastiku\/\" \/>\n<meta property=\"og:site_name\" content=\"All4Camper\" \/>\n<meta property=\"article:published_time\" content=\"2019-07-21T06:10:27+00:00\" \/>\n<meta property=\"article:modified_time\" content=\"2019-08-30T07:23:25+00:00\" \/>\n<meta property=\"og:image\" content=\"https:\/\/all4camper.com\/wp-content\/uploads\/2019\/07\/cropped-food-3197938_1280.jpg\" \/>\n\t<meta property=\"og:image:width\" content=\"1280\" \/>\n\t<meta property=\"og:image:height\" content=\"722\" \/>\n\t<meta property=\"og:image:type\" content=\"image\/jpeg\" \/>\n<meta name=\"author\" content=\"Kate\u0159ina\" \/>\n<meta name=\"twitter:card\" content=\"summary_large_image\" \/>\n<meta name=\"twitter:label1\" content=\"Napsal(a)\" \/>\n\t<meta name=\"twitter:data1\" content=\"Kate\u0159ina\" \/>\n\t<meta name=\"twitter:label2\" content=\"Odhadovan\u00e1 doba \u010dten\u00ed\" \/>\n\t<meta name=\"twitter:data2\" content=\"4 minuty\" \/>\n<script type=\"application\/ld+json\" class=\"yoast-schema-graph\">{\"@context\":\"https:\\\/\\\/schema.org\",\"@graph\":[{\"@type\":\"Article\",\"@id\":\"https:\\\/\\\/all4camper.com\\\/cs\\\/budme-pastikari-na-urovni-a-udelejme-si-svou-pastiku\\\/#article\",\"isPartOf\":{\"@id\":\"https:\\\/\\\/all4camper.com\\\/cs\\\/budme-pastikari-na-urovni-a-udelejme-si-svou-pastiku\\\/\"},\"author\":{\"name\":\"Kate\u0159ina\",\"@id\":\"https:\\\/\\\/all4camper.com\\\/cs\\\/#\\\/schema\\\/person\\\/9349489688d4c221ca0fc39ae6bcb70b\"},\"headline\":\"Bu\u010fme pa\u0161tik\u00e1\u0159i na \u00farovni a ud\u011blejme si svou pa\u0161tiku\",\"datePublished\":\"2019-07-21T06:10:27+00:00\",\"dateModified\":\"2019-08-30T07:23:25+00:00\",\"mainEntityOfPage\":{\"@id\":\"https:\\\/\\\/all4camper.com\\\/cs\\\/budme-pastikari-na-urovni-a-udelejme-si-svou-pastiku\\\/\"},\"wordCount\":879,\"publisher\":{\"@id\":\"https:\\\/\\\/all4camper.com\\\/cs\\\/#organization\"},\"image\":{\"@id\":\"https:\\\/\\\/all4camper.com\\\/cs\\\/budme-pastikari-na-urovni-a-udelejme-si-svou-pastiku\\\/#primaryimage\"},\"thumbnailUrl\":\"https:\\\/\\\/all4camper.com\\\/wp-content\\\/uploads\\\/2019\\\/07\\\/cropped-food-3197938_1280.jpg\",\"keywords\":[\"Recepty\"],\"articleSection\":[\"\u010cten\u00ed na cesty\",\"Novinky - Kempov\u00e1n\u00ed a karavaning\"],\"inLanguage\":\"cs\"},{\"@type\":\"WebPage\",\"@id\":\"https:\\\/\\\/all4camper.com\\\/cs\\\/budme-pastikari-na-urovni-a-udelejme-si-svou-pastiku\\\/\",\"url\":\"https:\\\/\\\/all4camper.com\\\/cs\\\/budme-pastikari-na-urovni-a-udelejme-si-svou-pastiku\\\/\",\"name\":\"Bu\u010fme pa\u0161tik\u00e1\u0159i na \u00farovni a ud\u011blejme si svou pa\u0161tiku - All4Camper\",\"isPartOf\":{\"@id\":\"https:\\\/\\\/all4camper.com\\\/cs\\\/#website\"},\"primaryImageOfPage\":{\"@id\":\"https:\\\/\\\/all4camper.com\\\/cs\\\/budme-pastikari-na-urovni-a-udelejme-si-svou-pastiku\\\/#primaryimage\"},\"image\":{\"@id\":\"https:\\\/\\\/all4camper.com\\\/cs\\\/budme-pastikari-na-urovni-a-udelejme-si-svou-pastiku\\\/#primaryimage\"},\"thumbnailUrl\":\"https:\\\/\\\/all4camper.com\\\/wp-content\\\/uploads\\\/2019\\\/07\\\/cropped-food-3197938_1280.jpg\",\"datePublished\":\"2019-07-21T06:10:27+00:00\",\"dateModified\":\"2019-08-30T07:23:25+00:00\",\"description\":\"All4Camper - Bu\u010fme pa\u0161tik\u00e1\u0159i na \u00farovni a ud\u011blejme si svou pa\u0161tiku\",\"breadcrumb\":{\"@id\":\"https:\\\/\\\/all4camper.com\\\/cs\\\/budme-pastikari-na-urovni-a-udelejme-si-svou-pastiku\\\/#breadcrumb\"},\"inLanguage\":\"cs\",\"potentialAction\":[{\"@type\":\"ReadAction\",\"target\":[\"https:\\\/\\\/all4camper.com\\\/cs\\\/budme-pastikari-na-urovni-a-udelejme-si-svou-pastiku\\\/\"]}]},{\"@type\":\"ImageObject\",\"inLanguage\":\"cs\",\"@id\":\"https:\\\/\\\/all4camper.com\\\/cs\\\/budme-pastikari-na-urovni-a-udelejme-si-svou-pastiku\\\/#primaryimage\",\"url\":\"https:\\\/\\\/all4camper.com\\\/wp-content\\\/uploads\\\/2019\\\/07\\\/cropped-food-3197938_1280.jpg\",\"contentUrl\":\"https:\\\/\\\/all4camper.com\\\/wp-content\\\/uploads\\\/2019\\\/07\\\/cropped-food-3197938_1280.jpg\",\"width\":1280,\"height\":722},{\"@type\":\"BreadcrumbList\",\"@id\":\"https:\\\/\\\/all4camper.com\\\/cs\\\/budme-pastikari-na-urovni-a-udelejme-si-svou-pastiku\\\/#breadcrumb\",\"itemListElement\":[{\"@type\":\"ListItem\",\"position\":1,\"name\":\"Dom\u016f\",\"item\":\"https:\\\/\\\/all4camper.com\\\/cs\\\/\"},{\"@type\":\"ListItem\",\"position\":2,\"name\":\"\u010cten\u00ed na cesty\",\"item\":\"https:\\\/\\\/all4camper.com\\\/cs\\\/category\\\/magazin_all4camper\\\/\"},{\"@type\":\"ListItem\",\"position\":3,\"name\":\"Bu\u010fme pa\u0161tik\u00e1\u0159i na \u00farovni a ud\u011blejme si svou pa\u0161tiku\"}]},{\"@type\":\"WebSite\",\"@id\":\"https:\\\/\\\/all4camper.com\\\/cs\\\/#website\",\"url\":\"https:\\\/\\\/all4camper.com\\\/cs\\\/\",\"name\":\"All4Camper\",\"description\":\"Nejv\u011bt\u0161\u00ed online magaz\u00edn o kempov\u00e1n\u00ed a karavaninku. V\u00edce jak 900 \u010dl\u00e1nk\u016f pln\u00fdch rad a tip\u016f o kempech a kempov\u00e1n\u00ed.\",\"publisher\":{\"@id\":\"https:\\\/\\\/all4camper.com\\\/cs\\\/#organization\"},\"potentialAction\":[{\"@type\":\"SearchAction\",\"target\":{\"@type\":\"EntryPoint\",\"urlTemplate\":\"https:\\\/\\\/all4camper.com\\\/cs\\\/?s={search_term_string}\"},\"query-input\":{\"@type\":\"PropertyValueSpecification\",\"valueRequired\":true,\"valueName\":\"search_term_string\"}}],\"inLanguage\":\"cs\"},{\"@type\":\"Organization\",\"@id\":\"https:\\\/\\\/all4camper.com\\\/cs\\\/#organization\",\"name\":\"All4Camper - kempujeme s Kl\u00e1rou\",\"url\":\"https:\\\/\\\/all4camper.com\\\/cs\\\/\",\"logo\":{\"@type\":\"ImageObject\",\"inLanguage\":\"cs\",\"@id\":\"https:\\\/\\\/all4camper.com\\\/cs\\\/#\\\/schema\\\/logo\\\/image\\\/\",\"url\":\"https:\\\/\\\/all4camper.com\\\/wp-content\\\/uploads\\\/2018\\\/09\\\/novelogo.png\",\"contentUrl\":\"https:\\\/\\\/all4camper.com\\\/wp-content\\\/uploads\\\/2018\\\/09\\\/novelogo.png\",\"width\":1520,\"height\":600,\"caption\":\"All4Camper - kempujeme s Kl\u00e1rou\"},\"image\":{\"@id\":\"https:\\\/\\\/all4camper.com\\\/cs\\\/#\\\/schema\\\/logo\\\/image\\\/\"}},{\"@type\":\"Person\",\"@id\":\"https:\\\/\\\/all4camper.com\\\/cs\\\/#\\\/schema\\\/person\\\/9349489688d4c221ca0fc39ae6bcb70b\",\"name\":\"Kate\u0159ina\",\"url\":\"https:\\\/\\\/all4camper.com\\\/cs\\\/author\\\/kterina\\\/\"}]}<\/script>\n<!-- \/ Yoast SEO plugin. -->","yoast_head_json":{"title":"Bu\u010fme pa\u0161tik\u00e1\u0159i na \u00farovni a ud\u011blejme si svou pa\u0161tiku - All4Camper","description":"All4Camper - Bu\u010fme pa\u0161tik\u00e1\u0159i na \u00farovni a ud\u011blejme si svou pa\u0161tiku","robots":{"index":"index","follow":"follow","max-snippet":"max-snippet:-1","max-image-preview":"max-image-preview:large","max-video-preview":"max-video-preview:-1"},"canonical":"https:\/\/all4camper.com\/cs\/budme-pastikari-na-urovni-a-udelejme-si-svou-pastiku\/","og_locale":"cs_CZ","og_type":"article","og_title":"Bu\u010fme pa\u0161tik\u00e1\u0159i na \u00farovni a ud\u011blejme si svou pa\u0161tiku - All4Camper","og_description":"All4Camper - Bu\u010fme pa\u0161tik\u00e1\u0159i na \u00farovni a ud\u011blejme si svou pa\u0161tiku","og_url":"https:\/\/all4camper.com\/cs\/budme-pastikari-na-urovni-a-udelejme-si-svou-pastiku\/","og_site_name":"All4Camper","article_published_time":"2019-07-21T06:10:27+00:00","article_modified_time":"2019-08-30T07:23:25+00:00","og_image":[{"width":1280,"height":722,"url":"https:\/\/all4camper.com\/wp-content\/uploads\/2019\/07\/cropped-food-3197938_1280.jpg","type":"image\/jpeg"}],"author":"Kate\u0159ina","twitter_card":"summary_large_image","twitter_misc":{"Napsal(a)":"Kate\u0159ina","Odhadovan\u00e1 doba \u010dten\u00ed":"4 minuty"},"schema":{"@context":"https:\/\/schema.org","@graph":[{"@type":"Article","@id":"https:\/\/all4camper.com\/cs\/budme-pastikari-na-urovni-a-udelejme-si-svou-pastiku\/#article","isPartOf":{"@id":"https:\/\/all4camper.com\/cs\/budme-pastikari-na-urovni-a-udelejme-si-svou-pastiku\/"},"author":{"name":"Kate\u0159ina","@id":"https:\/\/all4camper.com\/cs\/#\/schema\/person\/9349489688d4c221ca0fc39ae6bcb70b"},"headline":"Bu\u010fme pa\u0161tik\u00e1\u0159i na \u00farovni a ud\u011blejme si svou pa\u0161tiku","datePublished":"2019-07-21T06:10:27+00:00","dateModified":"2019-08-30T07:23:25+00:00","mainEntityOfPage":{"@id":"https:\/\/all4camper.com\/cs\/budme-pastikari-na-urovni-a-udelejme-si-svou-pastiku\/"},"wordCount":879,"publisher":{"@id":"https:\/\/all4camper.com\/cs\/#organization"},"image":{"@id":"https:\/\/all4camper.com\/cs\/budme-pastikari-na-urovni-a-udelejme-si-svou-pastiku\/#primaryimage"},"thumbnailUrl":"https:\/\/all4camper.com\/wp-content\/uploads\/2019\/07\/cropped-food-3197938_1280.jpg","keywords":["Recepty"],"articleSection":["\u010cten\u00ed na cesty","Novinky - Kempov\u00e1n\u00ed a karavaning"],"inLanguage":"cs"},{"@type":"WebPage","@id":"https:\/\/all4camper.com\/cs\/budme-pastikari-na-urovni-a-udelejme-si-svou-pastiku\/","url":"https:\/\/all4camper.com\/cs\/budme-pastikari-na-urovni-a-udelejme-si-svou-pastiku\/","name":"Bu\u010fme pa\u0161tik\u00e1\u0159i na \u00farovni a ud\u011blejme si svou pa\u0161tiku - All4Camper","isPartOf":{"@id":"https:\/\/all4camper.com\/cs\/#website"},"primaryImageOfPage":{"@id":"https:\/\/all4camper.com\/cs\/budme-pastikari-na-urovni-a-udelejme-si-svou-pastiku\/#primaryimage"},"image":{"@id":"https:\/\/all4camper.com\/cs\/budme-pastikari-na-urovni-a-udelejme-si-svou-pastiku\/#primaryimage"},"thumbnailUrl":"https:\/\/all4camper.com\/wp-content\/uploads\/2019\/07\/cropped-food-3197938_1280.jpg","datePublished":"2019-07-21T06:10:27+00:00","dateModified":"2019-08-30T07:23:25+00:00","description":"All4Camper - Bu\u010fme pa\u0161tik\u00e1\u0159i na \u00farovni a ud\u011blejme si svou pa\u0161tiku","breadcrumb":{"@id":"https:\/\/all4camper.com\/cs\/budme-pastikari-na-urovni-a-udelejme-si-svou-pastiku\/#breadcrumb"},"inLanguage":"cs","potentialAction":[{"@type":"ReadAction","target":["https:\/\/all4camper.com\/cs\/budme-pastikari-na-urovni-a-udelejme-si-svou-pastiku\/"]}]},{"@type":"ImageObject","inLanguage":"cs","@id":"https:\/\/all4camper.com\/cs\/budme-pastikari-na-urovni-a-udelejme-si-svou-pastiku\/#primaryimage","url":"https:\/\/all4camper.com\/wp-content\/uploads\/2019\/07\/cropped-food-3197938_1280.jpg","contentUrl":"https:\/\/all4camper.com\/wp-content\/uploads\/2019\/07\/cropped-food-3197938_1280.jpg","width":1280,"height":722},{"@type":"BreadcrumbList","@id":"https:\/\/all4camper.com\/cs\/budme-pastikari-na-urovni-a-udelejme-si-svou-pastiku\/#breadcrumb","itemListElement":[{"@type":"ListItem","position":1,"name":"Dom\u016f","item":"https:\/\/all4camper.com\/cs\/"},{"@type":"ListItem","position":2,"name":"\u010cten\u00ed na cesty","item":"https:\/\/all4camper.com\/cs\/category\/magazin_all4camper\/"},{"@type":"ListItem","position":3,"name":"Bu\u010fme pa\u0161tik\u00e1\u0159i na \u00farovni a ud\u011blejme si svou pa\u0161tiku"}]},{"@type":"WebSite","@id":"https:\/\/all4camper.com\/cs\/#website","url":"https:\/\/all4camper.com\/cs\/","name":"All4Camper","description":"Nejv\u011bt\u0161\u00ed online magaz\u00edn o kempov\u00e1n\u00ed a karavaninku. V\u00edce jak 900 \u010dl\u00e1nk\u016f pln\u00fdch rad a tip\u016f o kempech a kempov\u00e1n\u00ed.","publisher":{"@id":"https:\/\/all4camper.com\/cs\/#organization"},"potentialAction":[{"@type":"SearchAction","target":{"@type":"EntryPoint","urlTemplate":"https:\/\/all4camper.com\/cs\/?s={search_term_string}"},"query-input":{"@type":"PropertyValueSpecification","valueRequired":true,"valueName":"search_term_string"}}],"inLanguage":"cs"},{"@type":"Organization","@id":"https:\/\/all4camper.com\/cs\/#organization","name":"All4Camper - kempujeme s Kl\u00e1rou","url":"https:\/\/all4camper.com\/cs\/","logo":{"@type":"ImageObject","inLanguage":"cs","@id":"https:\/\/all4camper.com\/cs\/#\/schema\/logo\/image\/","url":"https:\/\/all4camper.com\/wp-content\/uploads\/2018\/09\/novelogo.png","contentUrl":"https:\/\/all4camper.com\/wp-content\/uploads\/2018\/09\/novelogo.png","width":1520,"height":600,"caption":"All4Camper - kempujeme s Kl\u00e1rou"},"image":{"@id":"https:\/\/all4camper.com\/cs\/#\/schema\/logo\/image\/"}},{"@type":"Person","@id":"https:\/\/all4camper.com\/cs\/#\/schema\/person\/9349489688d4c221ca0fc39ae6bcb70b","name":"Kate\u0159ina","url":"https:\/\/all4camper.com\/cs\/author\/kterina\/"}]}},"_links":{"self":[{"href":"https:\/\/all4camper.com\/cs\/wp-json\/wp\/v2\/posts\/80194","targetHints":{"allow":["GET"]}}],"collection":[{"href":"https:\/\/all4camper.com\/cs\/wp-json\/wp\/v2\/posts"}],"about":[{"href":"https:\/\/all4camper.com\/cs\/wp-json\/wp\/v2\/types\/post"}],"author":[{"embeddable":true,"href":"https:\/\/all4camper.com\/cs\/wp-json\/wp\/v2\/users\/161"}],"replies":[{"embeddable":true,"href":"https:\/\/all4camper.com\/cs\/wp-json\/wp\/v2\/comments?post=80194"}],"version-history":[{"count":0,"href":"https:\/\/all4camper.com\/cs\/wp-json\/wp\/v2\/posts\/80194\/revisions"}],"wp:featuredmedia":[{"embeddable":true,"href":"https:\/\/all4camper.com\/cs\/wp-json\/wp\/v2\/media\/80197"}],"wp:attachment":[{"href":"https:\/\/all4camper.com\/cs\/wp-json\/wp\/v2\/media?parent=80194"}],"wp:term":[{"taxonomy":"category","embeddable":true,"href":"https:\/\/all4camper.com\/cs\/wp-json\/wp\/v2\/categories?post=80194"},{"taxonomy":"post_tag","embeddable":true,"href":"https:\/\/all4camper.com\/cs\/wp-json\/wp\/v2\/tags?post=80194"}],"curies":[{"name":"wp","href":"https:\/\/api.w.org\/{rel}","templated":true}]}}