{"id":80185,"date":"2019-07-16T17:32:59","date_gmt":"2019-07-16T15:32:59","guid":{"rendered":"https:\/\/all4camper.com\/\/?p=80185"},"modified":"2020-10-26T13:19:50","modified_gmt":"2020-10-26T12:19:50","slug":"norsko-nemecky-par-malem-spadl-s-vestavbou-ze-srazu","status":"publish","type":"post","link":"https:\/\/all4camper.com\/cs\/norsko-nemecky-par-malem-spadl-s-vestavbou-ze-srazu\/","title":{"rendered":"Norsko: N\u011bmeck\u00fd p\u00e1r m\u00e1lem spadl s vestavbou ze sr\u00e1zu"},"content":{"rendered":"\n<h4 class=\"wp-block-heading\">N\u011bmeck\u00fd man\u017eelsk\u00fd p\u00e1r si cht\u011bl vychutnat pohled na jeden z norsk\u00fdch fjord\u016f nedaleko Stegastein v regionu Aurland. <\/h4>\n\n\n\n<figure class=\"wp-block-image\"><img loading=\"lazy\" decoding=\"async\" width=\"862\" height=\"485\" src=\"https:\/\/all4camper.com\/\/wp-content\/uploads\/2019\/07\/26492-wohnmobil-norwegen.jpg\" alt=\"\" class=\"wp-image-80186\" srcset=\"https:\/\/all4camper.com\/wp-content\/uploads\/2019\/07\/26492-wohnmobil-norwegen.jpg 862w, https:\/\/all4camper.com\/wp-content\/uploads\/2019\/07\/26492-wohnmobil-norwegen-150x84.jpg 150w, https:\/\/all4camper.com\/wp-content\/uploads\/2019\/07\/26492-wohnmobil-norwegen-300x169.jpg 300w, https:\/\/all4camper.com\/wp-content\/uploads\/2019\/07\/26492-wohnmobil-norwegen-768x432.jpg 768w, https:\/\/all4camper.com\/wp-content\/uploads\/2019\/07\/26492-wohnmobil-norwegen-678x381.jpg 678w\" sizes=\"auto, (max-width: 862px) 100vw, 862px\" \/><\/figure>\n\n\n\n<p style=\"text-align:left\">Pot\u00e9, co cht\u011bl pokra\u010dovat d\u00e1l v cest\u011b, se rozhodl prov\u00e9st ot\u00e1\u010dec\u00ed man\u00e9vr, kter\u00fd d\u00edky \u0161patn\u011b odhadnut\u00e9 vzd\u00e1lenosti od krajnice mohl skon\u010dit spadnut\u00edm dol\u016f ze svahu. Dle informac\u00ed zasahuj\u00edc\u00edch pracovn\u00edk\u016f chyb\u011blo opravdu jen n\u011bkolik centimetr\u016f a ne\u0161t\u011bst\u00ed by bylo na sv\u011bt\u011b. Na\u0161t\u011bst\u00ed se nikomu nic nestalo, majitel vozu v\u010das zastavil, av\u0161ak d\u00edky uv\u00edznut\u00ed vozu na krajnici bylo t\u0159eba jej vyprostit. <\/p>\n\n\n\n<p>Man\u017eel\u00e9 utrp\u011bli \u0161ok a z\u00edskali ponau\u010den\u00ed, \u017ee je t\u0159eba si p\u0159i couv\u00e1n\u00ed opravdu hl\u00eddat vzd\u00e1lenost od krajnice. Po vzpamatov\u00e1n\u00ed se pokra\u010dovali v j\u00edzd\u011b d\u00e1l.<\/p>\n\n\n\n<figure class=\"wp-block-image\"><img loading=\"lazy\" decoding=\"async\" width=\"756\" height=\"425\" src=\"https:\/\/all4camper.com\/\/wp-content\/uploads\/2019\/07\/Aurlandsfjordu.jpg\" alt=\"\" class=\"wp-image-80192\" srcset=\"https:\/\/all4camper.com\/wp-content\/uploads\/2019\/07\/Aurlandsfjordu.jpg 756w, https:\/\/all4camper.com\/wp-content\/uploads\/2019\/07\/Aurlandsfjordu-150x84.jpg 150w, https:\/\/all4camper.com\/wp-content\/uploads\/2019\/07\/Aurlandsfjordu-300x169.jpg 300w, https:\/\/all4camper.com\/wp-content\/uploads\/2019\/07\/Aurlandsfjordu-678x381.jpg 678w\" sizes=\"auto, (max-width: 756px) 100vw, 756px\" \/><figcaption>Nedalek\u00e1 vyhl\u00eddka ze kter\u00e9 lze obdivovat kr\u00e1su 29 km dlouh\u00e9ho Aurlandsfjordu <br>Foto:  Foto: 500Px Unreleased Plus \/ Getty Images <\/figcaption><\/figure>\n\n\n\n<p>Tak\u017ee pozor, mil\u00ed karavanist\u00e9 a p\u0159eji v\u00e1m, abyste tuto zku\u0161enost nemuseli nikdy za\u017e\u00edt. D\u00e1vejte na sebe na cest\u00e1ch pozor.<\/p>\n\n\n\n<p><em>Zdroj: reisereporter.de<\/em><\/p>\n","protected":false},"excerpt":{"rendered":"<p>N\u011bmeck\u00fd man\u017eelsk\u00fd p\u00e1r si cht\u011bl vychutnat pohled na jeden z norsk\u00fdch fjord\u016f nedaleko Stegastein v regionu Aurland. Pot\u00e9, co cht\u011bl pokra\u010dovat d\u00e1l v cest\u011b, se rozhodl prov\u00e9st ot\u00e1\u010dec\u00ed man\u00e9vr, kter\u00fd d\u00edky \u0161patn\u011b odhadnut\u00e9 vzd\u00e1lenosti od krajnice mohl skon\u010dit spadnut\u00edm dol\u016f ze svahu. Dle informac\u00ed zasahuj\u00edc\u00edch pracovn\u00edk\u016f chyb\u011blo opravdu jen n\u011bkolik centimetr\u016f a ne\u0161t\u011bst\u00ed by bylo [&hellip;]<\/p>\n","protected":false},"author":4,"featured_media":80189,"comment_status":"closed","ping_status":"open","sticky":false,"template":"","format":"standard","meta":{"_monsterinsights_skip_tracking":false,"_monsterinsights_sitenote_active":false,"_monsterinsights_sitenote_note":"","_monsterinsights_sitenote_category":0,"footnotes":""},"categories":[422],"tags":[8210],"class_list":{"0":"post-80185","1":"post","2":"type-post","3":"status-publish","4":"format-standard","5":"has-post-thumbnail","7":"category-novinky-kempovani-a-karavaning","8":"tag-zpravy"},"yoast_head":"<!-- This site is optimized with the Yoast SEO plugin v27.5 - https:\/\/yoast.com\/product\/yoast-seo-wordpress\/ -->\n<title>Norsko: N\u011bmeck\u00fd p\u00e1r m\u00e1lem spadl s vestavbou ze sr\u00e1zu - All4Camper<\/title>\n<meta name=\"description\" content=\"All4Camper - Norsko: N\u011bmeck\u00fd p\u00e1r m\u00e1lem spadl s vestavbou ze sr\u00e1zu\" \/>\n<meta name=\"robots\" content=\"index, follow, max-snippet:-1, max-image-preview:large, max-video-preview:-1\" \/>\n<link rel=\"canonical\" href=\"https:\/\/all4camper.com\/cs\/norsko-nemecky-par-malem-spadl-s-vestavbou-ze-srazu\/\" \/>\n<meta property=\"og:locale\" content=\"cs_CZ\" \/>\n<meta property=\"og:type\" content=\"article\" \/>\n<meta property=\"og:title\" content=\"Norsko: N\u011bmeck\u00fd p\u00e1r m\u00e1lem spadl s vestavbou ze sr\u00e1zu - All4Camper\" \/>\n<meta property=\"og:description\" content=\"All4Camper - Norsko: N\u011bmeck\u00fd p\u00e1r m\u00e1lem spadl s vestavbou ze sr\u00e1zu\" \/>\n<meta property=\"og:url\" content=\"https:\/\/all4camper.com\/cs\/norsko-nemecky-par-malem-spadl-s-vestavbou-ze-srazu\/\" \/>\n<meta property=\"og:site_name\" content=\"All4Camper\" \/>\n<meta property=\"article:published_time\" content=\"2019-07-16T15:32:59+00:00\" \/>\n<meta property=\"article:modified_time\" content=\"2020-10-26T12:19:50+00:00\" \/>\n<meta property=\"og:image\" content=\"https:\/\/all4camper.com\/wp-content\/uploads\/2019\/07\/cropped-26492-wohnmobil-norwegen.jpg\" \/>\n\t<meta property=\"og:image:width\" content=\"862\" \/>\n\t<meta property=\"og:image:height\" content=\"484\" \/>\n\t<meta property=\"og:image:type\" content=\"image\/jpeg\" \/>\n<meta name=\"author\" content=\"Kl\u00e1ra H\u00e1jkov\u00e1\" \/>\n<meta name=\"twitter:card\" content=\"summary_large_image\" \/>\n<meta name=\"twitter:label1\" content=\"Napsal(a)\" \/>\n\t<meta name=\"twitter:data1\" content=\"Kl\u00e1ra H\u00e1jkov\u00e1\" \/>\n\t<meta name=\"twitter:label2\" content=\"Odhadovan\u00e1 doba \u010dten\u00ed\" \/>\n\t<meta name=\"twitter:data2\" content=\"1 minuta\" \/>\n<script type=\"application\/ld+json\" class=\"yoast-schema-graph\">{\"@context\":\"https:\\\/\\\/schema.org\",\"@graph\":[{\"@type\":\"Article\",\"@id\":\"https:\\\/\\\/all4camper.com\\\/cs\\\/norsko-nemecky-par-malem-spadl-s-vestavbou-ze-srazu\\\/#article\",\"isPartOf\":{\"@id\":\"https:\\\/\\\/all4camper.com\\\/cs\\\/norsko-nemecky-par-malem-spadl-s-vestavbou-ze-srazu\\\/\"},\"author\":{\"name\":\"Kl\u00e1ra H\u00e1jkov\u00e1\",\"@id\":\"https:\\\/\\\/all4camper.com\\\/cs\\\/#\\\/schema\\\/person\\\/c6f1efdf1d02bc7d8c53a891cbe18c62\"},\"headline\":\"Norsko: N\u011bmeck\u00fd p\u00e1r m\u00e1lem spadl s vestavbou ze sr\u00e1zu\",\"datePublished\":\"2019-07-16T15:32:59+00:00\",\"dateModified\":\"2020-10-26T12:19:50+00:00\",\"mainEntityOfPage\":{\"@id\":\"https:\\\/\\\/all4camper.com\\\/cs\\\/norsko-nemecky-par-malem-spadl-s-vestavbou-ze-srazu\\\/\"},\"wordCount\":205,\"publisher\":{\"@id\":\"https:\\\/\\\/all4camper.com\\\/cs\\\/#organization\"},\"image\":{\"@id\":\"https:\\\/\\\/all4camper.com\\\/cs\\\/norsko-nemecky-par-malem-spadl-s-vestavbou-ze-srazu\\\/#primaryimage\"},\"thumbnailUrl\":\"https:\\\/\\\/all4camper.com\\\/wp-content\\\/uploads\\\/2019\\\/07\\\/cropped-26492-wohnmobil-norwegen.jpg\",\"keywords\":[\"Zpr\u00e1vy\"],\"articleSection\":[\"Novinky - Kempov\u00e1n\u00ed a karavaning\"],\"inLanguage\":\"cs\"},{\"@type\":\"WebPage\",\"@id\":\"https:\\\/\\\/all4camper.com\\\/cs\\\/norsko-nemecky-par-malem-spadl-s-vestavbou-ze-srazu\\\/\",\"url\":\"https:\\\/\\\/all4camper.com\\\/cs\\\/norsko-nemecky-par-malem-spadl-s-vestavbou-ze-srazu\\\/\",\"name\":\"Norsko: N\u011bmeck\u00fd p\u00e1r m\u00e1lem spadl s vestavbou ze sr\u00e1zu - All4Camper\",\"isPartOf\":{\"@id\":\"https:\\\/\\\/all4camper.com\\\/cs\\\/#website\"},\"primaryImageOfPage\":{\"@id\":\"https:\\\/\\\/all4camper.com\\\/cs\\\/norsko-nemecky-par-malem-spadl-s-vestavbou-ze-srazu\\\/#primaryimage\"},\"image\":{\"@id\":\"https:\\\/\\\/all4camper.com\\\/cs\\\/norsko-nemecky-par-malem-spadl-s-vestavbou-ze-srazu\\\/#primaryimage\"},\"thumbnailUrl\":\"https:\\\/\\\/all4camper.com\\\/wp-content\\\/uploads\\\/2019\\\/07\\\/cropped-26492-wohnmobil-norwegen.jpg\",\"datePublished\":\"2019-07-16T15:32:59+00:00\",\"dateModified\":\"2020-10-26T12:19:50+00:00\",\"description\":\"All4Camper - Norsko: N\u011bmeck\u00fd p\u00e1r m\u00e1lem spadl s vestavbou ze sr\u00e1zu\",\"breadcrumb\":{\"@id\":\"https:\\\/\\\/all4camper.com\\\/cs\\\/norsko-nemecky-par-malem-spadl-s-vestavbou-ze-srazu\\\/#breadcrumb\"},\"inLanguage\":\"cs\",\"potentialAction\":[{\"@type\":\"ReadAction\",\"target\":[\"https:\\\/\\\/all4camper.com\\\/cs\\\/norsko-nemecky-par-malem-spadl-s-vestavbou-ze-srazu\\\/\"]}]},{\"@type\":\"ImageObject\",\"inLanguage\":\"cs\",\"@id\":\"https:\\\/\\\/all4camper.com\\\/cs\\\/norsko-nemecky-par-malem-spadl-s-vestavbou-ze-srazu\\\/#primaryimage\",\"url\":\"https:\\\/\\\/all4camper.com\\\/wp-content\\\/uploads\\\/2019\\\/07\\\/cropped-26492-wohnmobil-norwegen.jpg\",\"contentUrl\":\"https:\\\/\\\/all4camper.com\\\/wp-content\\\/uploads\\\/2019\\\/07\\\/cropped-26492-wohnmobil-norwegen.jpg\",\"width\":862,\"height\":484},{\"@type\":\"BreadcrumbList\",\"@id\":\"https:\\\/\\\/all4camper.com\\\/cs\\\/norsko-nemecky-par-malem-spadl-s-vestavbou-ze-srazu\\\/#breadcrumb\",\"itemListElement\":[{\"@type\":\"ListItem\",\"position\":1,\"name\":\"Dom\u016f\",\"item\":\"https:\\\/\\\/all4camper.com\\\/cs\\\/\"},{\"@type\":\"ListItem\",\"position\":2,\"name\":\"Novinky - Kempov\u00e1n\u00ed a karavaning\",\"item\":\"https:\\\/\\\/all4camper.com\\\/cs\\\/category\\\/novinky-kempovani-a-karavaning\\\/\"},{\"@type\":\"ListItem\",\"position\":3,\"name\":\"Norsko: N\u011bmeck\u00fd p\u00e1r m\u00e1lem spadl s vestavbou ze sr\u00e1zu\"}]},{\"@type\":\"WebSite\",\"@id\":\"https:\\\/\\\/all4camper.com\\\/cs\\\/#website\",\"url\":\"https:\\\/\\\/all4camper.com\\\/cs\\\/\",\"name\":\"All4Camper\",\"description\":\"Nejv\u011bt\u0161\u00ed online magaz\u00edn o kempov\u00e1n\u00ed a karavaninku. V\u00edce jak 900 \u010dl\u00e1nk\u016f pln\u00fdch rad a tip\u016f o kempech a kempov\u00e1n\u00ed.\",\"publisher\":{\"@id\":\"https:\\\/\\\/all4camper.com\\\/cs\\\/#organization\"},\"potentialAction\":[{\"@type\":\"SearchAction\",\"target\":{\"@type\":\"EntryPoint\",\"urlTemplate\":\"https:\\\/\\\/all4camper.com\\\/cs\\\/?s={search_term_string}\"},\"query-input\":{\"@type\":\"PropertyValueSpecification\",\"valueRequired\":true,\"valueName\":\"search_term_string\"}}],\"inLanguage\":\"cs\"},{\"@type\":\"Organization\",\"@id\":\"https:\\\/\\\/all4camper.com\\\/cs\\\/#organization\",\"name\":\"All4Camper - kempujeme s Kl\u00e1rou\",\"url\":\"https:\\\/\\\/all4camper.com\\\/cs\\\/\",\"logo\":{\"@type\":\"ImageObject\",\"inLanguage\":\"cs\",\"@id\":\"https:\\\/\\\/all4camper.com\\\/cs\\\/#\\\/schema\\\/logo\\\/image\\\/\",\"url\":\"https:\\\/\\\/all4camper.com\\\/wp-content\\\/uploads\\\/2018\\\/09\\\/novelogo.png\",\"contentUrl\":\"https:\\\/\\\/all4camper.com\\\/wp-content\\\/uploads\\\/2018\\\/09\\\/novelogo.png\",\"width\":1520,\"height\":600,\"caption\":\"All4Camper - kempujeme s Kl\u00e1rou\"},\"image\":{\"@id\":\"https:\\\/\\\/all4camper.com\\\/cs\\\/#\\\/schema\\\/logo\\\/image\\\/\"}},{\"@type\":\"Person\",\"@id\":\"https:\\\/\\\/all4camper.com\\\/cs\\\/#\\\/schema\\\/person\\\/c6f1efdf1d02bc7d8c53a891cbe18c62\",\"name\":\"Kl\u00e1ra H\u00e1jkov\u00e1\",\"sameAs\":[\"http:\\\/\\\/www.all4camper.com\"],\"url\":\"https:\\\/\\\/all4camper.com\\\/cs\\\/author\\\/klarinkacestuje1\\\/\"}]}<\/script>\n<!-- \/ Yoast SEO plugin. -->","yoast_head_json":{"title":"Norsko: N\u011bmeck\u00fd p\u00e1r m\u00e1lem spadl s vestavbou ze sr\u00e1zu - All4Camper","description":"All4Camper - Norsko: N\u011bmeck\u00fd p\u00e1r m\u00e1lem spadl s vestavbou ze sr\u00e1zu","robots":{"index":"index","follow":"follow","max-snippet":"max-snippet:-1","max-image-preview":"max-image-preview:large","max-video-preview":"max-video-preview:-1"},"canonical":"https:\/\/all4camper.com\/cs\/norsko-nemecky-par-malem-spadl-s-vestavbou-ze-srazu\/","og_locale":"cs_CZ","og_type":"article","og_title":"Norsko: N\u011bmeck\u00fd p\u00e1r m\u00e1lem spadl s vestavbou ze sr\u00e1zu - All4Camper","og_description":"All4Camper - Norsko: N\u011bmeck\u00fd p\u00e1r m\u00e1lem spadl s vestavbou ze sr\u00e1zu","og_url":"https:\/\/all4camper.com\/cs\/norsko-nemecky-par-malem-spadl-s-vestavbou-ze-srazu\/","og_site_name":"All4Camper","article_published_time":"2019-07-16T15:32:59+00:00","article_modified_time":"2020-10-26T12:19:50+00:00","og_image":[{"width":862,"height":484,"url":"https:\/\/all4camper.com\/wp-content\/uploads\/2019\/07\/cropped-26492-wohnmobil-norwegen.jpg","type":"image\/jpeg"}],"author":"Kl\u00e1ra H\u00e1jkov\u00e1","twitter_card":"summary_large_image","twitter_misc":{"Napsal(a)":"Kl\u00e1ra H\u00e1jkov\u00e1","Odhadovan\u00e1 doba \u010dten\u00ed":"1 minuta"},"schema":{"@context":"https:\/\/schema.org","@graph":[{"@type":"Article","@id":"https:\/\/all4camper.com\/cs\/norsko-nemecky-par-malem-spadl-s-vestavbou-ze-srazu\/#article","isPartOf":{"@id":"https:\/\/all4camper.com\/cs\/norsko-nemecky-par-malem-spadl-s-vestavbou-ze-srazu\/"},"author":{"name":"Kl\u00e1ra H\u00e1jkov\u00e1","@id":"https:\/\/all4camper.com\/cs\/#\/schema\/person\/c6f1efdf1d02bc7d8c53a891cbe18c62"},"headline":"Norsko: N\u011bmeck\u00fd p\u00e1r m\u00e1lem spadl s vestavbou ze sr\u00e1zu","datePublished":"2019-07-16T15:32:59+00:00","dateModified":"2020-10-26T12:19:50+00:00","mainEntityOfPage":{"@id":"https:\/\/all4camper.com\/cs\/norsko-nemecky-par-malem-spadl-s-vestavbou-ze-srazu\/"},"wordCount":205,"publisher":{"@id":"https:\/\/all4camper.com\/cs\/#organization"},"image":{"@id":"https:\/\/all4camper.com\/cs\/norsko-nemecky-par-malem-spadl-s-vestavbou-ze-srazu\/#primaryimage"},"thumbnailUrl":"https:\/\/all4camper.com\/wp-content\/uploads\/2019\/07\/cropped-26492-wohnmobil-norwegen.jpg","keywords":["Zpr\u00e1vy"],"articleSection":["Novinky - Kempov\u00e1n\u00ed a karavaning"],"inLanguage":"cs"},{"@type":"WebPage","@id":"https:\/\/all4camper.com\/cs\/norsko-nemecky-par-malem-spadl-s-vestavbou-ze-srazu\/","url":"https:\/\/all4camper.com\/cs\/norsko-nemecky-par-malem-spadl-s-vestavbou-ze-srazu\/","name":"Norsko: N\u011bmeck\u00fd p\u00e1r m\u00e1lem spadl s vestavbou ze sr\u00e1zu - All4Camper","isPartOf":{"@id":"https:\/\/all4camper.com\/cs\/#website"},"primaryImageOfPage":{"@id":"https:\/\/all4camper.com\/cs\/norsko-nemecky-par-malem-spadl-s-vestavbou-ze-srazu\/#primaryimage"},"image":{"@id":"https:\/\/all4camper.com\/cs\/norsko-nemecky-par-malem-spadl-s-vestavbou-ze-srazu\/#primaryimage"},"thumbnailUrl":"https:\/\/all4camper.com\/wp-content\/uploads\/2019\/07\/cropped-26492-wohnmobil-norwegen.jpg","datePublished":"2019-07-16T15:32:59+00:00","dateModified":"2020-10-26T12:19:50+00:00","description":"All4Camper - Norsko: N\u011bmeck\u00fd p\u00e1r m\u00e1lem spadl s vestavbou ze sr\u00e1zu","breadcrumb":{"@id":"https:\/\/all4camper.com\/cs\/norsko-nemecky-par-malem-spadl-s-vestavbou-ze-srazu\/#breadcrumb"},"inLanguage":"cs","potentialAction":[{"@type":"ReadAction","target":["https:\/\/all4camper.com\/cs\/norsko-nemecky-par-malem-spadl-s-vestavbou-ze-srazu\/"]}]},{"@type":"ImageObject","inLanguage":"cs","@id":"https:\/\/all4camper.com\/cs\/norsko-nemecky-par-malem-spadl-s-vestavbou-ze-srazu\/#primaryimage","url":"https:\/\/all4camper.com\/wp-content\/uploads\/2019\/07\/cropped-26492-wohnmobil-norwegen.jpg","contentUrl":"https:\/\/all4camper.com\/wp-content\/uploads\/2019\/07\/cropped-26492-wohnmobil-norwegen.jpg","width":862,"height":484},{"@type":"BreadcrumbList","@id":"https:\/\/all4camper.com\/cs\/norsko-nemecky-par-malem-spadl-s-vestavbou-ze-srazu\/#breadcrumb","itemListElement":[{"@type":"ListItem","position":1,"name":"Dom\u016f","item":"https:\/\/all4camper.com\/cs\/"},{"@type":"ListItem","position":2,"name":"Novinky - Kempov\u00e1n\u00ed a karavaning","item":"https:\/\/all4camper.com\/cs\/category\/novinky-kempovani-a-karavaning\/"},{"@type":"ListItem","position":3,"name":"Norsko: N\u011bmeck\u00fd p\u00e1r m\u00e1lem spadl s vestavbou ze sr\u00e1zu"}]},{"@type":"WebSite","@id":"https:\/\/all4camper.com\/cs\/#website","url":"https:\/\/all4camper.com\/cs\/","name":"All4Camper","description":"Nejv\u011bt\u0161\u00ed online magaz\u00edn o kempov\u00e1n\u00ed a karavaninku. V\u00edce jak 900 \u010dl\u00e1nk\u016f pln\u00fdch rad a tip\u016f o kempech a kempov\u00e1n\u00ed.","publisher":{"@id":"https:\/\/all4camper.com\/cs\/#organization"},"potentialAction":[{"@type":"SearchAction","target":{"@type":"EntryPoint","urlTemplate":"https:\/\/all4camper.com\/cs\/?s={search_term_string}"},"query-input":{"@type":"PropertyValueSpecification","valueRequired":true,"valueName":"search_term_string"}}],"inLanguage":"cs"},{"@type":"Organization","@id":"https:\/\/all4camper.com\/cs\/#organization","name":"All4Camper - kempujeme s Kl\u00e1rou","url":"https:\/\/all4camper.com\/cs\/","logo":{"@type":"ImageObject","inLanguage":"cs","@id":"https:\/\/all4camper.com\/cs\/#\/schema\/logo\/image\/","url":"https:\/\/all4camper.com\/wp-content\/uploads\/2018\/09\/novelogo.png","contentUrl":"https:\/\/all4camper.com\/wp-content\/uploads\/2018\/09\/novelogo.png","width":1520,"height":600,"caption":"All4Camper - kempujeme s Kl\u00e1rou"},"image":{"@id":"https:\/\/all4camper.com\/cs\/#\/schema\/logo\/image\/"}},{"@type":"Person","@id":"https:\/\/all4camper.com\/cs\/#\/schema\/person\/c6f1efdf1d02bc7d8c53a891cbe18c62","name":"Kl\u00e1ra H\u00e1jkov\u00e1","sameAs":["http:\/\/www.all4camper.com"],"url":"https:\/\/all4camper.com\/cs\/author\/klarinkacestuje1\/"}]}},"_links":{"self":[{"href":"https:\/\/all4camper.com\/cs\/wp-json\/wp\/v2\/posts\/80185","targetHints":{"allow":["GET"]}}],"collection":[{"href":"https:\/\/all4camper.com\/cs\/wp-json\/wp\/v2\/posts"}],"about":[{"href":"https:\/\/all4camper.com\/cs\/wp-json\/wp\/v2\/types\/post"}],"author":[{"embeddable":true,"href":"https:\/\/all4camper.com\/cs\/wp-json\/wp\/v2\/users\/4"}],"replies":[{"embeddable":true,"href":"https:\/\/all4camper.com\/cs\/wp-json\/wp\/v2\/comments?post=80185"}],"version-history":[{"count":0,"href":"https:\/\/all4camper.com\/cs\/wp-json\/wp\/v2\/posts\/80185\/revisions"}],"wp:featuredmedia":[{"embeddable":true,"href":"https:\/\/all4camper.com\/cs\/wp-json\/wp\/v2\/media\/80189"}],"wp:attachment":[{"href":"https:\/\/all4camper.com\/cs\/wp-json\/wp\/v2\/media?parent=80185"}],"wp:term":[{"taxonomy":"category","embeddable":true,"href":"https:\/\/all4camper.com\/cs\/wp-json\/wp\/v2\/categories?post=80185"},{"taxonomy":"post_tag","embeddable":true,"href":"https:\/\/all4camper.com\/cs\/wp-json\/wp\/v2\/tags?post=80185"}],"curies":[{"name":"wp","href":"https:\/\/api.w.org\/{rel}","templated":true}]}}