{"id":80179,"date":"2019-07-20T08:00:22","date_gmt":"2019-07-20T06:00:22","guid":{"rendered":"https:\/\/all4camper.com\/\/?p=80179"},"modified":"2020-05-22T14:55:26","modified_gmt":"2020-05-22T12:55:26","slug":"zasadni-pozitiva-kempovani","status":"publish","type":"post","link":"https:\/\/all4camper.com\/cs\/zasadni-pozitiva-kempovani\/","title":{"rendered":"Z\u00e1sadn\u00ed pozitiva kempov\u00e1n\u00ed"},"content":{"rendered":"\n<h4 class=\"wp-block-heading\"><strong>Tak asi se tady v\u0161ichni, nebo alespo\u0148 v\u011bt\u0161ina, zkr\u00e1tka shodneme na tom, \u017ee kempov\u00e1n\u00ed je moc fajn. Ono ale ob\u010das neza\u0161kod\u00ed si v\u0161echny benefity, kter\u00e9 kempov\u00e1n\u00ed p\u0159in\u00e1\u0161\u00ed, p\u0159ipomenout, p\u0159\u00edpadn\u011b t\u0159eba to pom\u016f\u017ee n\u011bkomu, kdo st\u00e1le je\u0161t\u011b p\u0159em\u00fd\u0161l\u00ed, jestli se t\u00edmto dovolenkov\u00fdm sm\u011brem vydat.\u00a0<\/strong><\/h4>\n\n\n\n<figure class=\"wp-block-image\"><img loading=\"lazy\" decoding=\"async\" width=\"850\" height=\"638\" src=\"https:\/\/all4camper.com\/\/wp-content\/uploads\/2019\/06\/IMG_20190425_104927.jpg\" alt=\"\" class=\"wp-image-76889\" srcset=\"https:\/\/all4camper.com\/wp-content\/uploads\/2019\/06\/IMG_20190425_104927.jpg 850w, https:\/\/all4camper.com\/wp-content\/uploads\/2019\/06\/IMG_20190425_104927-150x113.jpg 150w, https:\/\/all4camper.com\/wp-content\/uploads\/2019\/06\/IMG_20190425_104927-300x225.jpg 300w, https:\/\/all4camper.com\/wp-content\/uploads\/2019\/06\/IMG_20190425_104927-768x576.jpg 768w, https:\/\/all4camper.com\/wp-content\/uploads\/2019\/06\/IMG_20190425_104927-200x150.jpg 200w, https:\/\/all4camper.com\/wp-content\/uploads\/2019\/06\/IMG_20190425_104927-400x300.jpg 400w, https:\/\/all4camper.com\/wp-content\/uploads\/2019\/06\/IMG_20190425_104927-600x450.jpg 600w, https:\/\/all4camper.com\/wp-content\/uploads\/2019\/06\/IMG_20190425_104927-800x600.jpg 800w, https:\/\/all4camper.com\/wp-content\/uploads\/2019\/06\/IMG_20190425_104927-678x509.jpg 678w, https:\/\/all4camper.com\/wp-content\/uploads\/2019\/06\/IMG_20190425_104927-326x245.jpg 326w, https:\/\/all4camper.com\/wp-content\/uploads\/2019\/06\/IMG_20190425_104927-80x60.jpg 80w\" sizes=\"auto, (max-width: 850px) 100vw, 850px\" \/><\/figure>\n\n\n\n<h4 class=\"wp-block-heading\"><strong>\u010cerstv\u00fd vzduch<\/strong><\/h4>\n\n\n\n<p>To asi nen\u00ed t\u0159eba v\u00edce rozv\u00e1d\u011bt, pobyt v\u00a0p\u0159\u00edrod\u011b, kde se opravdu m\u016f\u017eeme po\u0159\u00e1dn\u011b nadechnout je prost\u011b skv\u011bl\u00fd. Tohle nez\u00edsk\u00e1te ani v\u00a0sebelep\u0161\u00edm hotelu. Vezm\u011bte si t\u0159eba, kolik pen\u011bz lid\u00e9 investuj\u00ed to zvlh\u010dova\u010d\u016f a \u010disti\u010d\u016f vzduchu. Nevyplat\u00ed se m\u00edsto toho vz\u00edt stan, p\u0159\u00edpadn\u011b druh\u00fd domov na kolech a vyrazit n\u011bkam, kde se o to v\u0161echno a je\u0161t\u011b mnohem kvalitn\u011bji postar\u00e1 p\u0159\u00edroda?<\/p>\n\n\n\n<h4 class=\"wp-block-heading\"><strong>Pos\u00edlen\u00ed t\u011bla<\/strong><\/h4>\n\n\n\n<p>To nemysl\u00edm tak, \u017ee by kempov\u00e1n\u00ed bylo z\u00e1sadn\u011b spojeno se sportem \u010di t\u0159eba vysokohorsk\u00fdmi t\u00farami. To u\u017e je ka\u017ed\u00e9ho volba. Ono si to mo\u017en\u00e1 ani nep\u0159ipou\u0161t\u00edme, ale t\u0159eba postaven\u00ed stanu, p\u0159\u00edprava sezen\u00ed u obyt\u0148\u00e1ku, cesta do um\u00fdv\u00e1ren, ale i ryba\u0159en\u00ed a plav\u00e1n\u00ed \u2013 to docela v\u00fdznamn\u00fdm \u201esportem\u201c je. A kdy\u017e nic jin\u00e9ho, tak je d\u016fle\u017eit\u00e9 si uv\u011bdomit, \u017ee prov\u00e1d\u00edte docela jin\u00e9 pohyby a zapojujete jin\u00e9 svaly, ne\u017e jste zvykl\u00ed z\u00a0domova \u010di pr\u00e1ce, co\u017e je pro t\u011blo prosp\u011b\u0161n\u00e9 rozhodn\u011b.\u00a0<\/p>\n\n\n\n<h4 class=\"wp-block-heading\"><strong>Psychick\u00e1 relaxace<\/strong><\/h4>\n\n\n\n<p>Pobyt v\u00a0p\u0159\u00edrod\u011b m\u00e1 z\u00e1sadn\u00ed, pozitivn\u00ed vliv na na\u0161i psychiku. V\u00a0podstat\u011b to nevn\u00edm\u00e1me, ale dob\u0159e na n\u00e1s p\u016fsob\u00ed zvuky p\u0159\u00edrody, p\u0159irozen\u00e9 st\u0159\u00edd\u00e1n\u00ed teplot (ano, kdy\u017e to nen\u00ed nezbytn\u00e9, je fajn vypnout v\u00a0obyt\u0148\u00e1ku klimatizaci), dostatek \u010derstv\u00e9ho vzduchu, ale t\u0159eba i p\u0159em\u00fd\u0161len\u00ed bez p\u0159eru\u0161ov\u00e1n\u00ed. Krom\u011b toho, v\u00edte nap\u0159\u00edklad, \u017ee pobyt u otev\u0159en\u00e9ho ohn\u011b (kupodivu se po\u010d\u00edt\u00e1 i sv\u00ed\u010dka doma) v\u00a0n\u00e1s automaticky navozuje pocit klidu? V\u011bdci se domn\u00edvaj\u00ed, \u017ee to m\u00e1 ko\u0159eny u na\u0161ich prap\u0159edk\u016f, kter\u00fdm posezen\u00ed u ohn\u011b tak n\u011bjak signalizovalo, \u017ee v\u0161e je v\u00a0po\u0159\u00e1dku a jsou chr\u00e1n\u011bn\u00ed. Nav\u00edc i pobyt na slunci a p\u0159irozen\u00e9m sv\u011btle obecn\u011b m\u00e1 z\u00e1sadn\u00ed vliv na zv\u00fd\u0161en\u00ed hladiny hormonu \u0161t\u011bst\u00ed v\u00a0na\u0161em t\u011ble.\u00a0<\/p>\n\n\n\n<figure class=\"wp-block-image\"><img loading=\"lazy\" decoding=\"async\" width=\"1200\" height=\"695\" src=\"https:\/\/all4camper.com\/\/wp-content\/uploads\/2019\/04\/Slovinsko-2.jpg\" alt=\"\" class=\"wp-image-75621\" srcset=\"https:\/\/all4camper.com\/wp-content\/uploads\/2019\/04\/Slovinsko-2.jpg 1200w, https:\/\/all4camper.com\/wp-content\/uploads\/2019\/04\/Slovinsko-2-300x174.jpg 300w, https:\/\/all4camper.com\/wp-content\/uploads\/2019\/04\/Slovinsko-2-150x87.jpg 150w, https:\/\/all4camper.com\/wp-content\/uploads\/2019\/04\/Slovinsko-2-768x445.jpg 768w\" sizes=\"auto, (max-width: 1200px) 100vw, 1200px\" \/><\/figure>\n\n\n\n<h4 class=\"wp-block-heading\"><strong>Nov\u00e9 zku\u0161enosti<\/strong><\/h4>\n\n\n\n<p>M\u016f\u017eete jezdit st\u00e1le na stejn\u00e9 m\u00edsto, ale poka\u017ed\u00e9 to bude jin\u00e9. Za\u010d\u00edn\u00e1 to t\u0159eba i t\u00edm, \u017ee v\u017edy budete m\u00edt trochu jin\u00fd v\u00fdhled, d\u00edky kter\u00e9mu z\u00edsk\u00e1te nov\u00fd \u00fahel pohledu a to \u010dasto ve v\u00edce sm\u011brech, ne\u017e tu\u0161\u00edte. Pokud tedy nem\u00e1te n\u011bjakou extr\u00e9mn\u00ed obsesi, kola vozu nebudou st\u00e1t nikdy na stejn\u00e9m m\u00edst\u011b na milimetr stejn\u011b. Nav\u00edc poka\u017ed\u00e9 bude trochu jin\u00e9 po\u010das\u00ed, potk\u00e1te trochu jin\u00e9 lidi, po\u0161t\u00edpe v\u00e1s rozd\u00edln\u00fd po\u010det kom\u00e1r\u016f&#8230; Pobyt v\u00a0hotelu \u010dasto sv\u00e1d\u00ed k\u00a0jist\u00e9 monot\u00f3nnosti, ale v\u00a0kempu tohle rozhodn\u011b nehroz\u00ed. S\u00a0t\u00edm souvis\u00ed i ur\u010dit\u00e1 socializace. Pokud nejedete opravdu n\u011bkam, kde cel\u00e9 dny nepotk\u00e1te \u017eiv\u00e1\u010dka, tak sem tam slovo s\u00a0n\u011bk\u00fdm nezn\u00e1m\u00fdm prohod\u00edte a nez\u0159\u00eddka vznikaj\u00ed p\u0159\u00e1telstv\u00ed. V\u00edte, v\u00a0\u010dem je to nejv\u00edc fajn? Potk\u00e1te lidi, kte\u0159\u00ed maj\u00ed na va\u0161i osobu i \u017eivot zcela ni\u010d\u00edm nezkreslen\u00fd n\u00e1zor. \u010casto se tak nau\u010d\u00edte mnoh\u00e9 o sob\u011b, ale z\u00edsk\u00e1te i cenn\u00e9 rady pro svou \u017eivotn\u00ed cestu, ani\u017e byste po nich vlastn\u011b v\u016fbec p\u00e1trali. To jsou takov\u00e9 ty situace, kdy\u017e zp\u011btn\u011b \u0159\u00edk\u00e1te, toho \u010dlov\u011bka mi snad poslala do cesty n\u011bjak\u00e1 dobr\u00e1 v\u00edla&#8230; Nen\u00ed v\u00e1m to pov\u011bdom\u00e9?<\/p>\n\n\n\n<h4 class=\"wp-block-heading\"><strong>Dieta<\/strong><\/h4>\n\n\n\n<p>Tohle pros\u00edm berte s\u00a0nads\u00e1zkou, ale rozhodn\u011b je zaj\u00edmav\u00e9 se nad t\u00edm zamyslet. Vezm\u011bte si sv\u00e9 ka\u017edodenn\u00ed stravov\u00e1n\u00ed t\u0159eba v\u00a0pracovn\u00ed dnech a pak si p\u0159edstavte to kempov\u00e9. Nep\u0159ipad\u00e1 v\u00e1m tak n\u011bjak zdrav\u011bj\u0161\u00ed a odleh\u010den\u011bj\u0161\u00ed? Mn\u011b tedy ano. A rozhodn\u011b hraje roli i fakt, \u017ee \u010dasto prost\u011b to, co si nep\u0159ivezete a nep\u0159iprav\u00edte, tak zkr\u00e1tka nem\u00e1te. Jak kolikr\u00e1t p\u0159ijdou k\u00a0chuti ztvrdl\u00e9 rozinky, nap\u0159\u00edklad! Nav\u00edc \u010dast\u011bji grilujete, moc \u010dasto (n\u011bkdy nikdy) nefritujete a podobn\u011b. Tak\u00e9 v\u00a0tomto p\u0159\u00edpad\u011b obvykle m\u00e1te 100% jistotu, co j\u00edte a mnohem \u010dast\u011bji za\u0159azujete i \u201ebio\u201c suroviny t\u0159eba z\u00a0trhu. A i kdy\u017e kup\u0159\u00edkladu su\u0161en\u00e1 \u0161unka od farm\u00e1\u0159e to dietky tolik nepat\u0159\u00ed, m\u00e1te alespo\u0148 dobrotu bez chemie a i to je stra\u0161n\u011b d\u016fle\u017eit\u00e9.\u00a0<\/p>\n\n\n\n<h4 class=\"wp-block-heading\"><strong>Vzd\u011bl\u00e1v\u00e1me se<\/strong><\/h4>\n\n\n\n<p>Nev\u00edm, jak vy, ale j\u00e1 si pobytem v\u00a0kempu dost z\u00e1sadn\u011b roz\u0161i\u0159uji znalosti o faun\u011b a fl\u00f3\u0159e: \u201eFuj, co je to za pavouka?\u201c \u201eJ\u00e9, tuhle kytku bych cht\u011bla na terasu!\u201c \u201eTyjo a je to ur\u010dit\u011b bobkov\u00fd list?\u201c \u201eHele, pro\u010d mysl\u00ed\u0161, \u017ee je ta ryba jedl\u00e1?\u201c Ale i dal\u0161\u00ed spojen\u00e9 s\u00a0ot\u00e1zkami: co je to za souhv\u011bzd\u00ed, co je za horizontem a podobn\u011b&#8230; Je\u0161t\u011b intenzivn\u011bj\u0161\u00ed je to pak pro d\u011bti.\u00a0<\/p>\n\n\n\n<figure class=\"wp-block-image\"><img loading=\"lazy\" decoding=\"async\" width=\"800\" height=\"533\" src=\"https:\/\/all4camper.com\/\/wp-content\/uploads\/2018\/10\/doubice-8.jpg\" alt=\"\" class=\"wp-image-71845\" srcset=\"https:\/\/all4camper.com\/wp-content\/uploads\/2018\/10\/doubice-8.jpg 800w, https:\/\/all4camper.com\/wp-content\/uploads\/2018\/10\/doubice-8-300x200.jpg 300w, https:\/\/all4camper.com\/wp-content\/uploads\/2018\/10\/doubice-8-150x100.jpg 150w, https:\/\/all4camper.com\/wp-content\/uploads\/2018\/10\/doubice-8-768x512.jpg 768w\" sizes=\"auto, (max-width: 800px) 100vw, 800px\" \/><\/figure>\n\n\n\n<p>Shrnou to lze mo\u017en\u00e1 t\u00edm, \u017ee kempov\u00e1n\u00ed n\u00e1s zkr\u00e1tka d\u011bl\u00e1 v\u00a0mnoha sm\u011brech lep\u0161\u00edmi a \u0161\u0165astn\u011bj\u0161\u00edmi. I kdy\u017e m\u016f\u017eete oponovat, \u017ee mnoh\u00e9 z\u00a0toho p\u0159in\u00e1\u0161\u00ed cestov\u00e1n\u00ed obecn\u011b, p\u0159i kempov\u00e1n\u00ed je to mnohem, mnohem siln\u011bj\u0161\u00ed a v\u00fdrazn\u011bj\u0161\u00ed&#8230;<\/p>\n\n\n\n<p><em>Autor: Kate\u0159ina<\/em><\/p>\n","protected":false},"excerpt":{"rendered":"<p>Tak asi se tady v\u0161ichni, nebo alespo\u0148 v\u011bt\u0161ina, zkr\u00e1tka shodneme na tom, \u017ee kempov\u00e1n\u00ed je moc fajn. Ono ale ob\u010das neza\u0161kod\u00ed si v\u0161echny benefity, kter\u00e9 kempov\u00e1n\u00ed p\u0159in\u00e1\u0161\u00ed, p\u0159ipomenout, p\u0159\u00edpadn\u011b t\u0159eba to pom\u016f\u017ee n\u011bkomu, kdo st\u00e1le je\u0161t\u011b p\u0159em\u00fd\u0161l\u00ed, jestli se t\u00edmto dovolenkov\u00fdm sm\u011brem vydat.\u00a0 \u010cerstv\u00fd vzduch To asi nen\u00ed t\u0159eba v\u00edce rozv\u00e1d\u011bt, pobyt v\u00a0p\u0159\u00edrod\u011b, kde se [&hellip;]<\/p>\n","protected":false},"author":161,"featured_media":80180,"comment_status":"closed","ping_status":"open","sticky":false,"template":"","format":"standard","meta":{"_monsterinsights_skip_tracking":false,"_monsterinsights_sitenote_active":false,"_monsterinsights_sitenote_note":"","_monsterinsights_sitenote_category":0,"footnotes":""},"categories":[368],"tags":[226],"class_list":{"0":"post-80179","1":"post","2":"type-post","3":"status-publish","4":"format-standard","5":"has-post-thumbnail","7":"category-magazin_all4camper","8":"tag-rady-a-tipy"},"yoast_head":"<!-- This site is optimized with the Yoast SEO plugin v27.5 - https:\/\/yoast.com\/product\/yoast-seo-wordpress\/ -->\n<title>Z\u00e1sadn\u00ed pozitiva kempov\u00e1n\u00ed - All4Camper<\/title>\n<meta name=\"description\" content=\"All4Camper - Z\u00e1sadn\u00ed pozitiva kempov\u00e1n\u00ed\" \/>\n<meta name=\"robots\" content=\"index, follow, max-snippet:-1, max-image-preview:large, max-video-preview:-1\" \/>\n<link rel=\"canonical\" href=\"https:\/\/all4camper.com\/cs\/zasadni-pozitiva-kempovani\/\" \/>\n<meta property=\"og:locale\" content=\"cs_CZ\" \/>\n<meta property=\"og:type\" content=\"article\" \/>\n<meta property=\"og:title\" content=\"Z\u00e1sadn\u00ed pozitiva kempov\u00e1n\u00ed - All4Camper\" \/>\n<meta property=\"og:description\" content=\"All4Camper - Z\u00e1sadn\u00ed pozitiva kempov\u00e1n\u00ed\" \/>\n<meta property=\"og:url\" content=\"https:\/\/all4camper.com\/cs\/zasadni-pozitiva-kempovani\/\" \/>\n<meta property=\"og:site_name\" content=\"All4Camper\" \/>\n<meta property=\"article:published_time\" content=\"2019-07-20T06:00:22+00:00\" \/>\n<meta property=\"article:modified_time\" content=\"2020-05-22T12:55:26+00:00\" \/>\n<meta property=\"og:image\" content=\"https:\/\/all4camper.com\/wp-content\/uploads\/2019\/06\/cropped-IMG_20190426_124116.jpg\" \/>\n\t<meta property=\"og:image:width\" content=\"850\" \/>\n\t<meta property=\"og:image:height\" content=\"478\" \/>\n\t<meta property=\"og:image:type\" content=\"image\/jpeg\" \/>\n<meta name=\"author\" content=\"Kate\u0159ina\" \/>\n<meta name=\"twitter:card\" content=\"summary_large_image\" \/>\n<meta name=\"twitter:label1\" content=\"Napsal(a)\" \/>\n\t<meta name=\"twitter:data1\" content=\"Kate\u0159ina\" \/>\n\t<meta name=\"twitter:label2\" content=\"Odhadovan\u00e1 doba \u010dten\u00ed\" \/>\n\t<meta name=\"twitter:data2\" content=\"5 minut\" \/>\n<script type=\"application\/ld+json\" class=\"yoast-schema-graph\">{\"@context\":\"https:\\\/\\\/schema.org\",\"@graph\":[{\"@type\":\"Article\",\"@id\":\"https:\\\/\\\/all4camper.com\\\/cs\\\/zasadni-pozitiva-kempovani\\\/#article\",\"isPartOf\":{\"@id\":\"https:\\\/\\\/all4camper.com\\\/cs\\\/zasadni-pozitiva-kempovani\\\/\"},\"author\":{\"name\":\"Kate\u0159ina\",\"@id\":\"https:\\\/\\\/all4camper.com\\\/cs\\\/#\\\/schema\\\/person\\\/9349489688d4c221ca0fc39ae6bcb70b\"},\"headline\":\"Z\u00e1sadn\u00ed pozitiva kempov\u00e1n\u00ed\",\"datePublished\":\"2019-07-20T06:00:22+00:00\",\"dateModified\":\"2020-05-22T12:55:26+00:00\",\"mainEntityOfPage\":{\"@id\":\"https:\\\/\\\/all4camper.com\\\/cs\\\/zasadni-pozitiva-kempovani\\\/\"},\"wordCount\":969,\"publisher\":{\"@id\":\"https:\\\/\\\/all4camper.com\\\/cs\\\/#organization\"},\"image\":{\"@id\":\"https:\\\/\\\/all4camper.com\\\/cs\\\/zasadni-pozitiva-kempovani\\\/#primaryimage\"},\"thumbnailUrl\":\"https:\\\/\\\/all4camper.com\\\/wp-content\\\/uploads\\\/2019\\\/06\\\/cropped-IMG_20190426_124116.jpg\",\"keywords\":[\"Rady-tipy-informace\"],\"articleSection\":[\"\u010cten\u00ed na cesty\"],\"inLanguage\":\"cs\"},{\"@type\":\"WebPage\",\"@id\":\"https:\\\/\\\/all4camper.com\\\/cs\\\/zasadni-pozitiva-kempovani\\\/\",\"url\":\"https:\\\/\\\/all4camper.com\\\/cs\\\/zasadni-pozitiva-kempovani\\\/\",\"name\":\"Z\u00e1sadn\u00ed pozitiva kempov\u00e1n\u00ed - All4Camper\",\"isPartOf\":{\"@id\":\"https:\\\/\\\/all4camper.com\\\/cs\\\/#website\"},\"primaryImageOfPage\":{\"@id\":\"https:\\\/\\\/all4camper.com\\\/cs\\\/zasadni-pozitiva-kempovani\\\/#primaryimage\"},\"image\":{\"@id\":\"https:\\\/\\\/all4camper.com\\\/cs\\\/zasadni-pozitiva-kempovani\\\/#primaryimage\"},\"thumbnailUrl\":\"https:\\\/\\\/all4camper.com\\\/wp-content\\\/uploads\\\/2019\\\/06\\\/cropped-IMG_20190426_124116.jpg\",\"datePublished\":\"2019-07-20T06:00:22+00:00\",\"dateModified\":\"2020-05-22T12:55:26+00:00\",\"description\":\"All4Camper - Z\u00e1sadn\u00ed pozitiva kempov\u00e1n\u00ed\",\"breadcrumb\":{\"@id\":\"https:\\\/\\\/all4camper.com\\\/cs\\\/zasadni-pozitiva-kempovani\\\/#breadcrumb\"},\"inLanguage\":\"cs\",\"potentialAction\":[{\"@type\":\"ReadAction\",\"target\":[\"https:\\\/\\\/all4camper.com\\\/cs\\\/zasadni-pozitiva-kempovani\\\/\"]}]},{\"@type\":\"ImageObject\",\"inLanguage\":\"cs\",\"@id\":\"https:\\\/\\\/all4camper.com\\\/cs\\\/zasadni-pozitiva-kempovani\\\/#primaryimage\",\"url\":\"https:\\\/\\\/all4camper.com\\\/wp-content\\\/uploads\\\/2019\\\/06\\\/cropped-IMG_20190426_124116.jpg\",\"contentUrl\":\"https:\\\/\\\/all4camper.com\\\/wp-content\\\/uploads\\\/2019\\\/06\\\/cropped-IMG_20190426_124116.jpg\",\"width\":850,\"height\":478},{\"@type\":\"BreadcrumbList\",\"@id\":\"https:\\\/\\\/all4camper.com\\\/cs\\\/zasadni-pozitiva-kempovani\\\/#breadcrumb\",\"itemListElement\":[{\"@type\":\"ListItem\",\"position\":1,\"name\":\"Dom\u016f\",\"item\":\"https:\\\/\\\/all4camper.com\\\/cs\\\/\"},{\"@type\":\"ListItem\",\"position\":2,\"name\":\"\u010cten\u00ed na cesty\",\"item\":\"https:\\\/\\\/all4camper.com\\\/cs\\\/category\\\/magazin_all4camper\\\/\"},{\"@type\":\"ListItem\",\"position\":3,\"name\":\"Z\u00e1sadn\u00ed pozitiva kempov\u00e1n\u00ed\"}]},{\"@type\":\"WebSite\",\"@id\":\"https:\\\/\\\/all4camper.com\\\/cs\\\/#website\",\"url\":\"https:\\\/\\\/all4camper.com\\\/cs\\\/\",\"name\":\"All4Camper\",\"description\":\"Nejv\u011bt\u0161\u00ed online magaz\u00edn o kempov\u00e1n\u00ed a karavaninku. V\u00edce jak 900 \u010dl\u00e1nk\u016f pln\u00fdch rad a tip\u016f o kempech a kempov\u00e1n\u00ed.\",\"publisher\":{\"@id\":\"https:\\\/\\\/all4camper.com\\\/cs\\\/#organization\"},\"potentialAction\":[{\"@type\":\"SearchAction\",\"target\":{\"@type\":\"EntryPoint\",\"urlTemplate\":\"https:\\\/\\\/all4camper.com\\\/cs\\\/?s={search_term_string}\"},\"query-input\":{\"@type\":\"PropertyValueSpecification\",\"valueRequired\":true,\"valueName\":\"search_term_string\"}}],\"inLanguage\":\"cs\"},{\"@type\":\"Organization\",\"@id\":\"https:\\\/\\\/all4camper.com\\\/cs\\\/#organization\",\"name\":\"All4Camper - kempujeme s Kl\u00e1rou\",\"url\":\"https:\\\/\\\/all4camper.com\\\/cs\\\/\",\"logo\":{\"@type\":\"ImageObject\",\"inLanguage\":\"cs\",\"@id\":\"https:\\\/\\\/all4camper.com\\\/cs\\\/#\\\/schema\\\/logo\\\/image\\\/\",\"url\":\"https:\\\/\\\/all4camper.com\\\/wp-content\\\/uploads\\\/2018\\\/09\\\/novelogo.png\",\"contentUrl\":\"https:\\\/\\\/all4camper.com\\\/wp-content\\\/uploads\\\/2018\\\/09\\\/novelogo.png\",\"width\":1520,\"height\":600,\"caption\":\"All4Camper - kempujeme s Kl\u00e1rou\"},\"image\":{\"@id\":\"https:\\\/\\\/all4camper.com\\\/cs\\\/#\\\/schema\\\/logo\\\/image\\\/\"}},{\"@type\":\"Person\",\"@id\":\"https:\\\/\\\/all4camper.com\\\/cs\\\/#\\\/schema\\\/person\\\/9349489688d4c221ca0fc39ae6bcb70b\",\"name\":\"Kate\u0159ina\",\"url\":\"https:\\\/\\\/all4camper.com\\\/cs\\\/author\\\/kterina\\\/\"}]}<\/script>\n<!-- \/ Yoast SEO plugin. -->","yoast_head_json":{"title":"Z\u00e1sadn\u00ed pozitiva kempov\u00e1n\u00ed - All4Camper","description":"All4Camper - Z\u00e1sadn\u00ed pozitiva kempov\u00e1n\u00ed","robots":{"index":"index","follow":"follow","max-snippet":"max-snippet:-1","max-image-preview":"max-image-preview:large","max-video-preview":"max-video-preview:-1"},"canonical":"https:\/\/all4camper.com\/cs\/zasadni-pozitiva-kempovani\/","og_locale":"cs_CZ","og_type":"article","og_title":"Z\u00e1sadn\u00ed pozitiva kempov\u00e1n\u00ed - All4Camper","og_description":"All4Camper - Z\u00e1sadn\u00ed pozitiva kempov\u00e1n\u00ed","og_url":"https:\/\/all4camper.com\/cs\/zasadni-pozitiva-kempovani\/","og_site_name":"All4Camper","article_published_time":"2019-07-20T06:00:22+00:00","article_modified_time":"2020-05-22T12:55:26+00:00","og_image":[{"width":850,"height":478,"url":"https:\/\/all4camper.com\/wp-content\/uploads\/2019\/06\/cropped-IMG_20190426_124116.jpg","type":"image\/jpeg"}],"author":"Kate\u0159ina","twitter_card":"summary_large_image","twitter_misc":{"Napsal(a)":"Kate\u0159ina","Odhadovan\u00e1 doba \u010dten\u00ed":"5 minut"},"schema":{"@context":"https:\/\/schema.org","@graph":[{"@type":"Article","@id":"https:\/\/all4camper.com\/cs\/zasadni-pozitiva-kempovani\/#article","isPartOf":{"@id":"https:\/\/all4camper.com\/cs\/zasadni-pozitiva-kempovani\/"},"author":{"name":"Kate\u0159ina","@id":"https:\/\/all4camper.com\/cs\/#\/schema\/person\/9349489688d4c221ca0fc39ae6bcb70b"},"headline":"Z\u00e1sadn\u00ed pozitiva kempov\u00e1n\u00ed","datePublished":"2019-07-20T06:00:22+00:00","dateModified":"2020-05-22T12:55:26+00:00","mainEntityOfPage":{"@id":"https:\/\/all4camper.com\/cs\/zasadni-pozitiva-kempovani\/"},"wordCount":969,"publisher":{"@id":"https:\/\/all4camper.com\/cs\/#organization"},"image":{"@id":"https:\/\/all4camper.com\/cs\/zasadni-pozitiva-kempovani\/#primaryimage"},"thumbnailUrl":"https:\/\/all4camper.com\/wp-content\/uploads\/2019\/06\/cropped-IMG_20190426_124116.jpg","keywords":["Rady-tipy-informace"],"articleSection":["\u010cten\u00ed na cesty"],"inLanguage":"cs"},{"@type":"WebPage","@id":"https:\/\/all4camper.com\/cs\/zasadni-pozitiva-kempovani\/","url":"https:\/\/all4camper.com\/cs\/zasadni-pozitiva-kempovani\/","name":"Z\u00e1sadn\u00ed pozitiva kempov\u00e1n\u00ed - All4Camper","isPartOf":{"@id":"https:\/\/all4camper.com\/cs\/#website"},"primaryImageOfPage":{"@id":"https:\/\/all4camper.com\/cs\/zasadni-pozitiva-kempovani\/#primaryimage"},"image":{"@id":"https:\/\/all4camper.com\/cs\/zasadni-pozitiva-kempovani\/#primaryimage"},"thumbnailUrl":"https:\/\/all4camper.com\/wp-content\/uploads\/2019\/06\/cropped-IMG_20190426_124116.jpg","datePublished":"2019-07-20T06:00:22+00:00","dateModified":"2020-05-22T12:55:26+00:00","description":"All4Camper - Z\u00e1sadn\u00ed pozitiva kempov\u00e1n\u00ed","breadcrumb":{"@id":"https:\/\/all4camper.com\/cs\/zasadni-pozitiva-kempovani\/#breadcrumb"},"inLanguage":"cs","potentialAction":[{"@type":"ReadAction","target":["https:\/\/all4camper.com\/cs\/zasadni-pozitiva-kempovani\/"]}]},{"@type":"ImageObject","inLanguage":"cs","@id":"https:\/\/all4camper.com\/cs\/zasadni-pozitiva-kempovani\/#primaryimage","url":"https:\/\/all4camper.com\/wp-content\/uploads\/2019\/06\/cropped-IMG_20190426_124116.jpg","contentUrl":"https:\/\/all4camper.com\/wp-content\/uploads\/2019\/06\/cropped-IMG_20190426_124116.jpg","width":850,"height":478},{"@type":"BreadcrumbList","@id":"https:\/\/all4camper.com\/cs\/zasadni-pozitiva-kempovani\/#breadcrumb","itemListElement":[{"@type":"ListItem","position":1,"name":"Dom\u016f","item":"https:\/\/all4camper.com\/cs\/"},{"@type":"ListItem","position":2,"name":"\u010cten\u00ed na cesty","item":"https:\/\/all4camper.com\/cs\/category\/magazin_all4camper\/"},{"@type":"ListItem","position":3,"name":"Z\u00e1sadn\u00ed pozitiva kempov\u00e1n\u00ed"}]},{"@type":"WebSite","@id":"https:\/\/all4camper.com\/cs\/#website","url":"https:\/\/all4camper.com\/cs\/","name":"All4Camper","description":"Nejv\u011bt\u0161\u00ed online magaz\u00edn o kempov\u00e1n\u00ed a karavaninku. V\u00edce jak 900 \u010dl\u00e1nk\u016f pln\u00fdch rad a tip\u016f o kempech a kempov\u00e1n\u00ed.","publisher":{"@id":"https:\/\/all4camper.com\/cs\/#organization"},"potentialAction":[{"@type":"SearchAction","target":{"@type":"EntryPoint","urlTemplate":"https:\/\/all4camper.com\/cs\/?s={search_term_string}"},"query-input":{"@type":"PropertyValueSpecification","valueRequired":true,"valueName":"search_term_string"}}],"inLanguage":"cs"},{"@type":"Organization","@id":"https:\/\/all4camper.com\/cs\/#organization","name":"All4Camper - kempujeme s Kl\u00e1rou","url":"https:\/\/all4camper.com\/cs\/","logo":{"@type":"ImageObject","inLanguage":"cs","@id":"https:\/\/all4camper.com\/cs\/#\/schema\/logo\/image\/","url":"https:\/\/all4camper.com\/wp-content\/uploads\/2018\/09\/novelogo.png","contentUrl":"https:\/\/all4camper.com\/wp-content\/uploads\/2018\/09\/novelogo.png","width":1520,"height":600,"caption":"All4Camper - kempujeme s Kl\u00e1rou"},"image":{"@id":"https:\/\/all4camper.com\/cs\/#\/schema\/logo\/image\/"}},{"@type":"Person","@id":"https:\/\/all4camper.com\/cs\/#\/schema\/person\/9349489688d4c221ca0fc39ae6bcb70b","name":"Kate\u0159ina","url":"https:\/\/all4camper.com\/cs\/author\/kterina\/"}]}},"_links":{"self":[{"href":"https:\/\/all4camper.com\/cs\/wp-json\/wp\/v2\/posts\/80179","targetHints":{"allow":["GET"]}}],"collection":[{"href":"https:\/\/all4camper.com\/cs\/wp-json\/wp\/v2\/posts"}],"about":[{"href":"https:\/\/all4camper.com\/cs\/wp-json\/wp\/v2\/types\/post"}],"author":[{"embeddable":true,"href":"https:\/\/all4camper.com\/cs\/wp-json\/wp\/v2\/users\/161"}],"replies":[{"embeddable":true,"href":"https:\/\/all4camper.com\/cs\/wp-json\/wp\/v2\/comments?post=80179"}],"version-history":[{"count":0,"href":"https:\/\/all4camper.com\/cs\/wp-json\/wp\/v2\/posts\/80179\/revisions"}],"wp:featuredmedia":[{"embeddable":true,"href":"https:\/\/all4camper.com\/cs\/wp-json\/wp\/v2\/media\/80180"}],"wp:attachment":[{"href":"https:\/\/all4camper.com\/cs\/wp-json\/wp\/v2\/media?parent=80179"}],"wp:term":[{"taxonomy":"category","embeddable":true,"href":"https:\/\/all4camper.com\/cs\/wp-json\/wp\/v2\/categories?post=80179"},{"taxonomy":"post_tag","embeddable":true,"href":"https:\/\/all4camper.com\/cs\/wp-json\/wp\/v2\/tags?post=80179"}],"curies":[{"name":"wp","href":"https:\/\/api.w.org\/{rel}","templated":true}]}}