{"id":80153,"date":"2019-07-18T08:00:34","date_gmt":"2019-07-18T06:00:34","guid":{"rendered":"https:\/\/all4camper.com\/\/?p=80153"},"modified":"2019-09-19T14:12:00","modified_gmt":"2019-09-19T12:12:00","slug":"italske-kempovani-jako-z-instagramu","status":"publish","type":"post","link":"https:\/\/all4camper.com\/cs\/italske-kempovani-jako-z-instagramu\/","title":{"rendered":"Italsk\u00e9 kempov\u00e1n\u00ed jako z Instagramu"},"content":{"rendered":"\n<h4 class=\"wp-block-heading\">Pro\u010d zrovna tento n\u00e1zev? T\u0159eba proto, \u017ee budeme mluvit o m\u00edst\u011b tak malebn\u00e9m, \u017ee je mezi u\u017eivateli Instagramu doslova hitem. Pro\u010d? Z&nbsp;toho d\u016fvodu, \u017ee n\u00e1dhernou fotku si odsud odveze i to nejv\u011bt\u0161\u00ed \u201enemehlo\u201c. Prost\u011b je to tak kouzeln\u00e9 samo o sob\u011b. Dob\u0159e \u2013 nebudu v\u00e1s nap\u00ednat, poj\u010fme k&nbsp;jezeru Lago di Braies.<\/h4>\n\n\n\n<figure class=\"wp-block-image\"><img loading=\"lazy\" decoding=\"async\" width=\"1620\" height=\"1080\" src=\"https:\/\/all4camper.com\/\/wp-content\/uploads\/2019\/07\/nature-3055767_1920-1620x1080.jpg\" alt=\"\" class=\"wp-image-80154\" srcset=\"https:\/\/all4camper.com\/wp-content\/uploads\/2019\/07\/nature-3055767_1920-1620x1080.jpg 1620w, https:\/\/all4camper.com\/wp-content\/uploads\/2019\/07\/nature-3055767_1920-300x200.jpg 300w, https:\/\/all4camper.com\/wp-content\/uploads\/2019\/07\/nature-3055767_1920-150x100.jpg 150w, https:\/\/all4camper.com\/wp-content\/uploads\/2019\/07\/nature-3055767_1920-768x512.jpg 768w, https:\/\/all4camper.com\/wp-content\/uploads\/2019\/07\/nature-3055767_1920-1536x1024.jpg 1536w, https:\/\/all4camper.com\/wp-content\/uploads\/2019\/07\/nature-3055767_1920.jpg 1920w\" sizes=\"auto, (max-width: 1620px) 100vw, 1620px\" \/><\/figure>\n\n\n\n<p>Jezero Lago di Braies (n\u011bkdy se setk\u00e1te i s&nbsp;n\u00e1zvem Pragser Wildsee) se nach\u00e1z\u00ed v&nbsp;srdci regio\u00e1ln\u00edho parku Fanes-Senses-Braies, co\u017e je jeden z&nbsp;nejv\u011bt\u0161\u00edch jihotyrolsk\u00fdch n\u00e1rodn\u00edch park\u016f. I kdy\u017e z&nbsp;fotek snadno nabudete dojmu, \u017ee se jedn\u00e1 o jezero bez zn\u00e1mek civilizace, opak je tam trochu pravdou. U jezera je toti\u017e hotel. Docela velk\u00fd a perfektn\u011b hodnocen\u00fd. M\u016f\u017eete si tam d\u00e1t t\u0159eba k\u00e1vu nebo ob\u011bd, ale ceny samoz\u0159ejm\u011b odpov\u00eddaj\u00ed exkluzivit\u011b, proto\u017ee je v&nbsp;tomto m\u00edst\u011b opravdu jedin\u00fd. <\/p>\n\n\n\n<p>Mus\u00edm k&nbsp;tomu zm\u00ednit jednu v\u011bc, kter\u00e1 ale asi zaujme jen ty, kte\u0159\u00ed vid\u011bli film Osv\u00edcen\u00ed s&nbsp;Jackem Nicholsonem. Hotel mi toti\u017e ten filmov\u00fd n\u011b\u010d\u00edm stra\u0161n\u011b p\u0159ipom\u00edn\u00e1 a stejn\u011b jsem si ho p\u0159edstavovala i kdy\u017e jsem \u010detla p\u0159edlohu \u2013 stejnojmenn\u00fd rom\u00e1n Stephena Kinga. Podob\u00e1 se mu zvl\u00e1\u0161t\u011b v&nbsp;zimn\u00edm h\u00e1vu \u2013 jak jinak. Dejte mi p\u0159\u00edpadn\u011b v\u011bd\u011bt, pokud m\u00e1te n\u011bkdo stejn\u00fd pocit. Ale z&nbsp;film\u016f zp\u011bt do reality. <\/p>\n\n\n\n<p>Hotel byl vystav\u011bn v&nbsp;roce 1899, mnoho vybaven\u00ed je dobov\u00e9ho a traduje se, \u017ee tu \u00fadajn\u011b pob\u00fdval Ferdinand d&#8217;Este a to kr\u00e1tce p\u0159ed svou smrt\u00ed. <strong>Na konci dubna 1945 zde na kr\u00e1tk\u00fd \u010das na\u0161lo \u00fato\u010di\u0161t\u011b 139 prominentn\u00edch v\u011bz\u0148\u016f z koncentra\u010dn\u00edch t\u00e1bor\u016f, aby v posledn\u00edch dnech v\u00e1lky v&nbsp;p\u0159\u00edpad\u011b pot\u0159eby poslou\u017eili jako rukojm\u00ed SS.<\/strong><\/p>\n\n\n\n<figure class=\"wp-block-image\"><img loading=\"lazy\" decoding=\"async\" width=\"1567\" height=\"711\" src=\"https:\/\/all4camper.com\/\/wp-content\/uploads\/2019\/07\/footer.jpg\" alt=\"\" class=\"wp-image-80155\" srcset=\"https:\/\/all4camper.com\/wp-content\/uploads\/2019\/07\/footer.jpg 1567w, https:\/\/all4camper.com\/wp-content\/uploads\/2019\/07\/footer-300x136.jpg 300w, https:\/\/all4camper.com\/wp-content\/uploads\/2019\/07\/footer-150x68.jpg 150w, https:\/\/all4camper.com\/wp-content\/uploads\/2019\/07\/footer-768x348.jpg 768w, https:\/\/all4camper.com\/wp-content\/uploads\/2019\/07\/footer-1536x697.jpg 1536w\" sizes=\"auto, (max-width: 1567px) 100vw, 1567px\" \/><\/figure>\n\n\n\n<h4 class=\"wp-block-heading\"><strong>Jak se tam dostanete?<\/strong><\/h4>\n\n\n\n<p>Velice snadno. Vede k n\u011bmu toti\u017e dob\u0159e udr\u017eovan\u00e1 silnice \u010d. 47, na kterou se dostanete odbo\u010den\u00edm z hlavn\u00edho tahu Brixen\/Bressanone \u2013 Brunico \u2013 Toblach\/Dobbiaco (SS-49). Na konci cesty se objev\u00edte 1496 m n. m. p\u0159\u00edmo u jezera. <strong>Zaparkovat m\u016f\u017eete na hotelov\u00e9m parkovi\u0161ti \u2013 ov\u0161em po\u010d\u00edtejte s&nbsp;poplatkem, kter\u00fd \u00fam\u011brn\u011b vzhledem ke stoupaj\u00edc\u00ed popularit\u011b jezera roste, ale pohyboval se okolo 6 eur. <\/strong>Za poplatek je tam i WC a v&nbsp;hotelu i mal\u00fd bufet. P\u0159\u00edpadn\u011b lze zastavit v&nbsp;nejbli\u017e\u0161\u00ed vesni\u010dce a doj\u00edt p\u011b\u0161ky, ale ani tak se poplatku nevyhnete. Jen mo\u017en\u00e1 minete kolony, kter\u00e9 tu bohu\u017eel nejsou \u00fapln\u011b v\u00fdjimkou. No a aby jste si ne\u0159\u00edkali, \u017ee si vym\u00fd\u0161l\u00edm, tak p\u0159ece jen je\u0161t\u011b jednu stavbu u jezera najdete. Tou je romantick\u00e1 kapli\u010dka. Jak jinak, ne\u017e hojn\u011b fotografovan\u00e1.&nbsp;<\/p>\n\n\n\n<figure class=\"wp-block-image\"><img loading=\"lazy\" decoding=\"async\" width=\"1621\" height=\"1080\" src=\"https:\/\/all4camper.com\/\/wp-content\/uploads\/2019\/07\/lake-4176171_1920-1621x1080.jpg\" alt=\"\" class=\"wp-image-80156\" srcset=\"https:\/\/all4camper.com\/wp-content\/uploads\/2019\/07\/lake-4176171_1920-1621x1080.jpg 1621w, https:\/\/all4camper.com\/wp-content\/uploads\/2019\/07\/lake-4176171_1920-300x200.jpg 300w, https:\/\/all4camper.com\/wp-content\/uploads\/2019\/07\/lake-4176171_1920-150x100.jpg 150w, https:\/\/all4camper.com\/wp-content\/uploads\/2019\/07\/lake-4176171_1920-768x512.jpg 768w, https:\/\/all4camper.com\/wp-content\/uploads\/2019\/07\/lake-4176171_1920-1536x1023.jpg 1536w, https:\/\/all4camper.com\/wp-content\/uploads\/2019\/07\/lake-4176171_1920.jpg 1920w\" sizes=\"auto, (max-width: 1621px) 100vw, 1621px\" \/><\/figure>\n\n\n\n<h4 class=\"wp-block-heading\"><strong>Na co se t\u011b\u0161it?<\/strong><\/h4>\n\n\n\n<p>Na n\u00e1dhern\u00e1 panoramata \u2013 samoz\u0159ejm\u011b. Ale tak\u00e9 na poh\u00e1dkov\u00e9 p\u0159\u00edb\u011bhy. Podle legendy toti\u017e za vznikem jezera nestoj\u00ed p\u0159\u00edroda, ale div\u00e9, \u00fadajn\u011b nep\u0159\u00edli\u0161 p\u011bkn\u00e9 tajemn\u00e9 bytosti, kter\u00e9 la\u010dnily po zlat\u011b, st\u0159\u00edb\u0159e a drah\u00e9m kamen\u00ed, kter\u00e9 je tu \u00fadajn\u011b ukryto. To ov\u0161em zjistili tak\u00e9 m\u00edstn\u00ed pastevci. Aby div\u00ed lesn\u00ed tvorov\u00e9 sv\u00e9 bohatstv\u00ed ochr\u00e1nili, p\u0159ehradili cestu jezerem. Ale je to jenom pov\u011bst&#8230; Jezero se d\u00e1 cel\u00e9 obej\u00edt po udr\u017eovan\u00fdch stezk\u00e1ch, ale zaj\u00edmav\u011bj\u0161\u00ed z\u00e1\u017eitek mo\u017en\u00e1 budete m\u00edt, pokud si p\u016fj\u010d\u00edte n\u011bkterou z&nbsp;lod\u011bk z&nbsp;lod\u011bnice na d\u0159even\u00fdch k\u016flech na b\u0159ehu jezera.&nbsp;<\/p>\n\n\n\n<h4 class=\"wp-block-heading\"><strong>Kde kempovat?<\/strong><\/h4>\n\n\n\n<figure class=\"wp-block-image\"><img loading=\"lazy\" decoding=\"async\" width=\"1920\" height=\"713\" src=\"https:\/\/all4camper.com\/\/wp-content\/uploads\/2019\/07\/10257536_10154005315935158_5946384239051463223_o-1920x713.jpg\" alt=\"\" class=\"wp-image-80157\" srcset=\"https:\/\/all4camper.com\/wp-content\/uploads\/2019\/07\/10257536_10154005315935158_5946384239051463223_o-1920x713.jpg 1920w, https:\/\/all4camper.com\/wp-content\/uploads\/2019\/07\/10257536_10154005315935158_5946384239051463223_o-300x111.jpg 300w, https:\/\/all4camper.com\/wp-content\/uploads\/2019\/07\/10257536_10154005315935158_5946384239051463223_o-150x56.jpg 150w, https:\/\/all4camper.com\/wp-content\/uploads\/2019\/07\/10257536_10154005315935158_5946384239051463223_o-768x285.jpg 768w, https:\/\/all4camper.com\/wp-content\/uploads\/2019\/07\/10257536_10154005315935158_5946384239051463223_o-1536x571.jpg 1536w, https:\/\/all4camper.com\/wp-content\/uploads\/2019\/07\/10257536_10154005315935158_5946384239051463223_o-2048x761.jpg 2048w\" sizes=\"auto, (max-width: 1920px) 100vw, 1920px\" \/><\/figure>\n\n\n\n<p>Pravd\u011bpodobn\u011b nejbli\u017e\u0161\u00ed kemp se jmenuje Camping Olypia a py\u0161n\u00ed se \u010dty\u0159mi hv\u011bzdi\u010dkami. Tomu odpov\u00edd\u00e1 i nab\u00eddka \u2013 m\u00edsta pro karavany, stany, glamping i alpsk\u00e9 dome\u010dky, kdybyste to cht\u011bli m\u00edt extra autentick\u00e9. Ale obyt\u0148\u00e1k je obyt\u0148\u00e1k, v\u00edme sv\u00e9&#8230; <\/p>\n\n\n\n<p>O nic ochuzeni nebudete, prostor pro karavany je bezvadn\u011b udr\u017eovan\u00fd a z\u00edsk\u00e1te tu ve\u0161ker\u00fd pot\u0159ebn\u00fd servis a najdete tu i dv\u011b restaurace a mal\u00fd obchod s&nbsp;potravinami. <strong>Pokud byste byli zmo\u017een\u00ed jezern\u00ed proch\u00e1zkou, m\u016f\u017eete vyu\u017e\u00edt pom\u011brn\u011b rozs\u00e1hl\u00e9 slu\u017eby wellness i vyh\u0159\u00edvan\u00fd baz\u00e9n. <\/strong>Ve\u0161ker\u00e9 dal\u0161\u00ed info v\u010detn\u011b aktu\u00e1ln\u00edch cen najdete na: <a rel=\"noreferrer noopener\" aria-label=\" (opens in a new tab)\" href=\"http:\/\/www.camping-olympia.com\" target=\"_blank\">www.camping-olympia.com<\/a>. Schv\u00e1ln\u011b, kolik fotek si dom\u016f odvezete vy&#8230;<\/p>\n\n\n\n<p><em>Autor: Kate\u0159ina<\/em><\/p>\n\n\n\n<ul class=\"wp-block-gallery columns-2 is-cropped wp-block-gallery-1 is-layout-flex wp-block-gallery-is-layout-flex\"><li class=\"blocks-gallery-item\"><figure><img loading=\"lazy\" decoding=\"async\" width=\"1918\" height=\"1080\" src=\"https:\/\/all4camper.com\/\/wp-content\/uploads\/2019\/07\/lake-888761_1920-1918x1080.jpg\" alt=\"\" data-id=\"80158\" data-link=\"https:\/\/all4camper.com\/\/?attachment_id=80158\" class=\"wp-image-80158\" srcset=\"https:\/\/all4camper.com\/wp-content\/uploads\/2019\/07\/lake-888761_1920-1918x1080.jpg 1918w, https:\/\/all4camper.com\/wp-content\/uploads\/2019\/07\/lake-888761_1920-300x169.jpg 300w, https:\/\/all4camper.com\/wp-content\/uploads\/2019\/07\/lake-888761_1920-150x84.jpg 150w, https:\/\/all4camper.com\/wp-content\/uploads\/2019\/07\/lake-888761_1920-768x432.jpg 768w, https:\/\/all4camper.com\/wp-content\/uploads\/2019\/07\/lake-888761_1920-1536x865.jpg 1536w, https:\/\/all4camper.com\/wp-content\/uploads\/2019\/07\/lake-888761_1920-678x381.jpg 678w, https:\/\/all4camper.com\/wp-content\/uploads\/2019\/07\/lake-888761_1920.jpg 1920w\" sizes=\"auto, (max-width: 1918px) 100vw, 1918px\" \/><\/figure><\/li><li class=\"blocks-gallery-item\"><figure><img decoding=\"async\" src=\"https:\/\/all4camper.com\/\/wp-content\/uploads\/2019\/07\/lake-2582653_1920-1920x1066.jpg\" alt=\"\" data-id=\"80159\" data-link=\"https:\/\/all4camper.com\/\/?attachment_id=80159\" class=\"wp-image-80159\"\/><\/figure><\/li><li class=\"blocks-gallery-item\"><figure><img decoding=\"async\" src=\"https:\/\/all4camper.com\/\/wp-content\/uploads\/2019\/07\/lake-braies-2802032_1920-1920x1077.jpg\" alt=\"\" data-id=\"80160\" data-link=\"https:\/\/all4camper.com\/\/?attachment_id=80160\" class=\"wp-image-80160\"\/><\/figure><\/li><\/ul>\n","protected":false},"excerpt":{"rendered":"<p>Pro\u010d zrovna tento n\u00e1zev? T\u0159eba proto, \u017ee budeme mluvit o m\u00edst\u011b tak malebn\u00e9m, \u017ee je mezi u\u017eivateli Instagramu doslova hitem. Pro\u010d? Z&nbsp;toho d\u016fvodu, \u017ee n\u00e1dhernou fotku si odsud odveze i to nejv\u011bt\u0161\u00ed \u201enemehlo\u201c. Prost\u011b je to tak kouzeln\u00e9 samo o sob\u011b. Dob\u0159e \u2013 nebudu v\u00e1s nap\u00ednat, poj\u010fme k&nbsp;jezeru Lago di Braies. Jezero Lago di Braies [&hellip;]<\/p>\n","protected":false},"author":161,"featured_media":80161,"comment_status":"closed","ping_status":"open","sticky":false,"template":"","format":"standard","meta":{"_monsterinsights_skip_tracking":false,"_monsterinsights_sitenote_active":false,"_monsterinsights_sitenote_note":"","_monsterinsights_sitenote_category":0,"footnotes":""},"categories":[2381,68,422],"tags":[87,101,383],"class_list":{"0":"post-80153","1":"post","2":"type-post","3":"status-publish","4":"format-standard","5":"has-post-thumbnail","7":"category-kempujeme-a-cestujeme-v-italii","8":"category-kempovani-a-zajimave-cile","9":"category-novinky-kempovani-a-karavaning","10":"tag-italie","11":"tag-kempy-1","12":"tag-ostatni-zeme"},"yoast_head":"<!-- This site is optimized with the Yoast SEO plugin v27.4 - https:\/\/yoast.com\/product\/yoast-seo-wordpress\/ -->\n<title>Italsk\u00e9 kempov\u00e1n\u00ed jako z Instagramu - All4Camper<\/title>\n<meta name=\"description\" content=\"All4Camper - Italsk\u00e9 kempov\u00e1n\u00ed jako z Instagramu\" \/>\n<meta name=\"robots\" content=\"index, follow, max-snippet:-1, max-image-preview:large, max-video-preview:-1\" \/>\n<link rel=\"canonical\" href=\"https:\/\/all4camper.com\/cs\/italske-kempovani-jako-z-instagramu\/\" \/>\n<meta property=\"og:locale\" content=\"cs_CZ\" \/>\n<meta property=\"og:type\" content=\"article\" \/>\n<meta property=\"og:title\" content=\"Italsk\u00e9 kempov\u00e1n\u00ed jako z Instagramu - All4Camper\" \/>\n<meta property=\"og:description\" content=\"All4Camper - Italsk\u00e9 kempov\u00e1n\u00ed jako z Instagramu\" \/>\n<meta property=\"og:url\" content=\"https:\/\/all4camper.com\/cs\/italske-kempovani-jako-z-instagramu\/\" \/>\n<meta property=\"og:site_name\" content=\"All4Camper\" \/>\n<meta property=\"article:published_time\" content=\"2019-07-18T06:00:34+00:00\" \/>\n<meta property=\"article:modified_time\" content=\"2019-09-19T12:12:00+00:00\" \/>\n<meta property=\"og:image\" content=\"https:\/\/all4camper.com\/wp-content\/uploads\/2019\/07\/cropped-nature-3055767_1920.jpg\" \/>\n\t<meta property=\"og:image:width\" content=\"1920\" \/>\n\t<meta property=\"og:image:height\" content=\"1078\" \/>\n\t<meta property=\"og:image:type\" content=\"image\/jpeg\" \/>\n<meta name=\"author\" content=\"Kate\u0159ina\" \/>\n<meta name=\"twitter:card\" content=\"summary_large_image\" \/>\n<meta name=\"twitter:label1\" content=\"Napsal(a)\" \/>\n\t<meta name=\"twitter:data1\" content=\"Kate\u0159ina\" \/>\n\t<meta name=\"twitter:label2\" content=\"Odhadovan\u00e1 doba \u010dten\u00ed\" \/>\n\t<meta name=\"twitter:data2\" content=\"4 minuty\" \/>\n<script type=\"application\/ld+json\" class=\"yoast-schema-graph\">{\"@context\":\"https:\\\/\\\/schema.org\",\"@graph\":[{\"@type\":\"Article\",\"@id\":\"https:\\\/\\\/all4camper.com\\\/cs\\\/italske-kempovani-jako-z-instagramu\\\/#article\",\"isPartOf\":{\"@id\":\"https:\\\/\\\/all4camper.com\\\/cs\\\/italske-kempovani-jako-z-instagramu\\\/\"},\"author\":{\"name\":\"Kate\u0159ina\",\"@id\":\"https:\\\/\\\/all4camper.com\\\/cs\\\/#\\\/schema\\\/person\\\/9349489688d4c221ca0fc39ae6bcb70b\"},\"headline\":\"Italsk\u00e9 kempov\u00e1n\u00ed jako z Instagramu\",\"datePublished\":\"2019-07-18T06:00:34+00:00\",\"dateModified\":\"2019-09-19T12:12:00+00:00\",\"mainEntityOfPage\":{\"@id\":\"https:\\\/\\\/all4camper.com\\\/cs\\\/italske-kempovani-jako-z-instagramu\\\/\"},\"wordCount\":758,\"publisher\":{\"@id\":\"https:\\\/\\\/all4camper.com\\\/cs\\\/#organization\"},\"image\":{\"@id\":\"https:\\\/\\\/all4camper.com\\\/cs\\\/italske-kempovani-jako-z-instagramu\\\/#primaryimage\"},\"thumbnailUrl\":\"https:\\\/\\\/all4camper.com\\\/wp-content\\\/uploads\\\/2019\\\/07\\\/cropped-nature-3055767_1920.jpg\",\"keywords\":[\"It\u00e1lie\",\"Kempy a kempovac\u00ed m\u00edsta\",\"Ostatn\u00ed zem\u011b\"],\"articleSection\":[\"Kempujeme a cestujeme v It\u00e1lii\",\"Kempy a zaj\u00edmav\u00e1 m\u00edsta\",\"Novinky - Kempov\u00e1n\u00ed a karavaning\"],\"inLanguage\":\"cs\"},{\"@type\":\"WebPage\",\"@id\":\"https:\\\/\\\/all4camper.com\\\/cs\\\/italske-kempovani-jako-z-instagramu\\\/\",\"url\":\"https:\\\/\\\/all4camper.com\\\/cs\\\/italske-kempovani-jako-z-instagramu\\\/\",\"name\":\"Italsk\u00e9 kempov\u00e1n\u00ed jako z Instagramu - All4Camper\",\"isPartOf\":{\"@id\":\"https:\\\/\\\/all4camper.com\\\/cs\\\/#website\"},\"primaryImageOfPage\":{\"@id\":\"https:\\\/\\\/all4camper.com\\\/cs\\\/italske-kempovani-jako-z-instagramu\\\/#primaryimage\"},\"image\":{\"@id\":\"https:\\\/\\\/all4camper.com\\\/cs\\\/italske-kempovani-jako-z-instagramu\\\/#primaryimage\"},\"thumbnailUrl\":\"https:\\\/\\\/all4camper.com\\\/wp-content\\\/uploads\\\/2019\\\/07\\\/cropped-nature-3055767_1920.jpg\",\"datePublished\":\"2019-07-18T06:00:34+00:00\",\"dateModified\":\"2019-09-19T12:12:00+00:00\",\"description\":\"All4Camper - Italsk\u00e9 kempov\u00e1n\u00ed jako z Instagramu\",\"breadcrumb\":{\"@id\":\"https:\\\/\\\/all4camper.com\\\/cs\\\/italske-kempovani-jako-z-instagramu\\\/#breadcrumb\"},\"inLanguage\":\"cs\",\"potentialAction\":[{\"@type\":\"ReadAction\",\"target\":[\"https:\\\/\\\/all4camper.com\\\/cs\\\/italske-kempovani-jako-z-instagramu\\\/\"]}]},{\"@type\":\"ImageObject\",\"inLanguage\":\"cs\",\"@id\":\"https:\\\/\\\/all4camper.com\\\/cs\\\/italske-kempovani-jako-z-instagramu\\\/#primaryimage\",\"url\":\"https:\\\/\\\/all4camper.com\\\/wp-content\\\/uploads\\\/2019\\\/07\\\/cropped-nature-3055767_1920.jpg\",\"contentUrl\":\"https:\\\/\\\/all4camper.com\\\/wp-content\\\/uploads\\\/2019\\\/07\\\/cropped-nature-3055767_1920.jpg\",\"width\":1920,\"height\":1078},{\"@type\":\"BreadcrumbList\",\"@id\":\"https:\\\/\\\/all4camper.com\\\/cs\\\/italske-kempovani-jako-z-instagramu\\\/#breadcrumb\",\"itemListElement\":[{\"@type\":\"ListItem\",\"position\":1,\"name\":\"Dom\u016f\",\"item\":\"https:\\\/\\\/all4camper.com\\\/cs\\\/\"},{\"@type\":\"ListItem\",\"position\":2,\"name\":\"Kempujeme a cestujeme v It\u00e1lii\",\"item\":\"https:\\\/\\\/all4camper.com\\\/cs\\\/category\\\/kempujeme-a-cestujeme-v-italii\\\/\"},{\"@type\":\"ListItem\",\"position\":3,\"name\":\"Italsk\u00e9 kempov\u00e1n\u00ed jako z Instagramu\"}]},{\"@type\":\"WebSite\",\"@id\":\"https:\\\/\\\/all4camper.com\\\/cs\\\/#website\",\"url\":\"https:\\\/\\\/all4camper.com\\\/cs\\\/\",\"name\":\"All4Camper\",\"description\":\"Nejv\u011bt\u0161\u00ed online magaz\u00edn o kempov\u00e1n\u00ed a karavaninku. V\u00edce jak 900 \u010dl\u00e1nk\u016f pln\u00fdch rad a tip\u016f o kempech a kempov\u00e1n\u00ed.\",\"publisher\":{\"@id\":\"https:\\\/\\\/all4camper.com\\\/cs\\\/#organization\"},\"potentialAction\":[{\"@type\":\"SearchAction\",\"target\":{\"@type\":\"EntryPoint\",\"urlTemplate\":\"https:\\\/\\\/all4camper.com\\\/cs\\\/?s={search_term_string}\"},\"query-input\":{\"@type\":\"PropertyValueSpecification\",\"valueRequired\":true,\"valueName\":\"search_term_string\"}}],\"inLanguage\":\"cs\"},{\"@type\":\"Organization\",\"@id\":\"https:\\\/\\\/all4camper.com\\\/cs\\\/#organization\",\"name\":\"All4Camper - kempujeme s Kl\u00e1rou\",\"url\":\"https:\\\/\\\/all4camper.com\\\/cs\\\/\",\"logo\":{\"@type\":\"ImageObject\",\"inLanguage\":\"cs\",\"@id\":\"https:\\\/\\\/all4camper.com\\\/cs\\\/#\\\/schema\\\/logo\\\/image\\\/\",\"url\":\"https:\\\/\\\/all4camper.com\\\/wp-content\\\/uploads\\\/2018\\\/09\\\/novelogo.png\",\"contentUrl\":\"https:\\\/\\\/all4camper.com\\\/wp-content\\\/uploads\\\/2018\\\/09\\\/novelogo.png\",\"width\":1520,\"height\":600,\"caption\":\"All4Camper - kempujeme s Kl\u00e1rou\"},\"image\":{\"@id\":\"https:\\\/\\\/all4camper.com\\\/cs\\\/#\\\/schema\\\/logo\\\/image\\\/\"}},{\"@type\":\"Person\",\"@id\":\"https:\\\/\\\/all4camper.com\\\/cs\\\/#\\\/schema\\\/person\\\/9349489688d4c221ca0fc39ae6bcb70b\",\"name\":\"Kate\u0159ina\",\"url\":\"https:\\\/\\\/all4camper.com\\\/cs\\\/author\\\/kterina\\\/\"}]}<\/script>\n<!-- \/ Yoast SEO plugin. -->","yoast_head_json":{"title":"Italsk\u00e9 kempov\u00e1n\u00ed jako z Instagramu - All4Camper","description":"All4Camper - Italsk\u00e9 kempov\u00e1n\u00ed jako z Instagramu","robots":{"index":"index","follow":"follow","max-snippet":"max-snippet:-1","max-image-preview":"max-image-preview:large","max-video-preview":"max-video-preview:-1"},"canonical":"https:\/\/all4camper.com\/cs\/italske-kempovani-jako-z-instagramu\/","og_locale":"cs_CZ","og_type":"article","og_title":"Italsk\u00e9 kempov\u00e1n\u00ed jako z Instagramu - All4Camper","og_description":"All4Camper - Italsk\u00e9 kempov\u00e1n\u00ed jako z Instagramu","og_url":"https:\/\/all4camper.com\/cs\/italske-kempovani-jako-z-instagramu\/","og_site_name":"All4Camper","article_published_time":"2019-07-18T06:00:34+00:00","article_modified_time":"2019-09-19T12:12:00+00:00","og_image":[{"width":1920,"height":1078,"url":"https:\/\/all4camper.com\/wp-content\/uploads\/2019\/07\/cropped-nature-3055767_1920.jpg","type":"image\/jpeg"}],"author":"Kate\u0159ina","twitter_card":"summary_large_image","twitter_misc":{"Napsal(a)":"Kate\u0159ina","Odhadovan\u00e1 doba \u010dten\u00ed":"4 minuty"},"schema":{"@context":"https:\/\/schema.org","@graph":[{"@type":"Article","@id":"https:\/\/all4camper.com\/cs\/italske-kempovani-jako-z-instagramu\/#article","isPartOf":{"@id":"https:\/\/all4camper.com\/cs\/italske-kempovani-jako-z-instagramu\/"},"author":{"name":"Kate\u0159ina","@id":"https:\/\/all4camper.com\/cs\/#\/schema\/person\/9349489688d4c221ca0fc39ae6bcb70b"},"headline":"Italsk\u00e9 kempov\u00e1n\u00ed jako z Instagramu","datePublished":"2019-07-18T06:00:34+00:00","dateModified":"2019-09-19T12:12:00+00:00","mainEntityOfPage":{"@id":"https:\/\/all4camper.com\/cs\/italske-kempovani-jako-z-instagramu\/"},"wordCount":758,"publisher":{"@id":"https:\/\/all4camper.com\/cs\/#organization"},"image":{"@id":"https:\/\/all4camper.com\/cs\/italske-kempovani-jako-z-instagramu\/#primaryimage"},"thumbnailUrl":"https:\/\/all4camper.com\/wp-content\/uploads\/2019\/07\/cropped-nature-3055767_1920.jpg","keywords":["It\u00e1lie","Kempy a kempovac\u00ed m\u00edsta","Ostatn\u00ed zem\u011b"],"articleSection":["Kempujeme a cestujeme v It\u00e1lii","Kempy a zaj\u00edmav\u00e1 m\u00edsta","Novinky - Kempov\u00e1n\u00ed a karavaning"],"inLanguage":"cs"},{"@type":"WebPage","@id":"https:\/\/all4camper.com\/cs\/italske-kempovani-jako-z-instagramu\/","url":"https:\/\/all4camper.com\/cs\/italske-kempovani-jako-z-instagramu\/","name":"Italsk\u00e9 kempov\u00e1n\u00ed jako z Instagramu - All4Camper","isPartOf":{"@id":"https:\/\/all4camper.com\/cs\/#website"},"primaryImageOfPage":{"@id":"https:\/\/all4camper.com\/cs\/italske-kempovani-jako-z-instagramu\/#primaryimage"},"image":{"@id":"https:\/\/all4camper.com\/cs\/italske-kempovani-jako-z-instagramu\/#primaryimage"},"thumbnailUrl":"https:\/\/all4camper.com\/wp-content\/uploads\/2019\/07\/cropped-nature-3055767_1920.jpg","datePublished":"2019-07-18T06:00:34+00:00","dateModified":"2019-09-19T12:12:00+00:00","description":"All4Camper - Italsk\u00e9 kempov\u00e1n\u00ed jako z Instagramu","breadcrumb":{"@id":"https:\/\/all4camper.com\/cs\/italske-kempovani-jako-z-instagramu\/#breadcrumb"},"inLanguage":"cs","potentialAction":[{"@type":"ReadAction","target":["https:\/\/all4camper.com\/cs\/italske-kempovani-jako-z-instagramu\/"]}]},{"@type":"ImageObject","inLanguage":"cs","@id":"https:\/\/all4camper.com\/cs\/italske-kempovani-jako-z-instagramu\/#primaryimage","url":"https:\/\/all4camper.com\/wp-content\/uploads\/2019\/07\/cropped-nature-3055767_1920.jpg","contentUrl":"https:\/\/all4camper.com\/wp-content\/uploads\/2019\/07\/cropped-nature-3055767_1920.jpg","width":1920,"height":1078},{"@type":"BreadcrumbList","@id":"https:\/\/all4camper.com\/cs\/italske-kempovani-jako-z-instagramu\/#breadcrumb","itemListElement":[{"@type":"ListItem","position":1,"name":"Dom\u016f","item":"https:\/\/all4camper.com\/cs\/"},{"@type":"ListItem","position":2,"name":"Kempujeme a cestujeme v It\u00e1lii","item":"https:\/\/all4camper.com\/cs\/category\/kempujeme-a-cestujeme-v-italii\/"},{"@type":"ListItem","position":3,"name":"Italsk\u00e9 kempov\u00e1n\u00ed jako z Instagramu"}]},{"@type":"WebSite","@id":"https:\/\/all4camper.com\/cs\/#website","url":"https:\/\/all4camper.com\/cs\/","name":"All4Camper","description":"Nejv\u011bt\u0161\u00ed online magaz\u00edn o kempov\u00e1n\u00ed a karavaninku. V\u00edce jak 900 \u010dl\u00e1nk\u016f pln\u00fdch rad a tip\u016f o kempech a kempov\u00e1n\u00ed.","publisher":{"@id":"https:\/\/all4camper.com\/cs\/#organization"},"potentialAction":[{"@type":"SearchAction","target":{"@type":"EntryPoint","urlTemplate":"https:\/\/all4camper.com\/cs\/?s={search_term_string}"},"query-input":{"@type":"PropertyValueSpecification","valueRequired":true,"valueName":"search_term_string"}}],"inLanguage":"cs"},{"@type":"Organization","@id":"https:\/\/all4camper.com\/cs\/#organization","name":"All4Camper - kempujeme s Kl\u00e1rou","url":"https:\/\/all4camper.com\/cs\/","logo":{"@type":"ImageObject","inLanguage":"cs","@id":"https:\/\/all4camper.com\/cs\/#\/schema\/logo\/image\/","url":"https:\/\/all4camper.com\/wp-content\/uploads\/2018\/09\/novelogo.png","contentUrl":"https:\/\/all4camper.com\/wp-content\/uploads\/2018\/09\/novelogo.png","width":1520,"height":600,"caption":"All4Camper - kempujeme s Kl\u00e1rou"},"image":{"@id":"https:\/\/all4camper.com\/cs\/#\/schema\/logo\/image\/"}},{"@type":"Person","@id":"https:\/\/all4camper.com\/cs\/#\/schema\/person\/9349489688d4c221ca0fc39ae6bcb70b","name":"Kate\u0159ina","url":"https:\/\/all4camper.com\/cs\/author\/kterina\/"}]}},"_links":{"self":[{"href":"https:\/\/all4camper.com\/cs\/wp-json\/wp\/v2\/posts\/80153","targetHints":{"allow":["GET"]}}],"collection":[{"href":"https:\/\/all4camper.com\/cs\/wp-json\/wp\/v2\/posts"}],"about":[{"href":"https:\/\/all4camper.com\/cs\/wp-json\/wp\/v2\/types\/post"}],"author":[{"embeddable":true,"href":"https:\/\/all4camper.com\/cs\/wp-json\/wp\/v2\/users\/161"}],"replies":[{"embeddable":true,"href":"https:\/\/all4camper.com\/cs\/wp-json\/wp\/v2\/comments?post=80153"}],"version-history":[{"count":0,"href":"https:\/\/all4camper.com\/cs\/wp-json\/wp\/v2\/posts\/80153\/revisions"}],"wp:featuredmedia":[{"embeddable":true,"href":"https:\/\/all4camper.com\/cs\/wp-json\/wp\/v2\/media\/80161"}],"wp:attachment":[{"href":"https:\/\/all4camper.com\/cs\/wp-json\/wp\/v2\/media?parent=80153"}],"wp:term":[{"taxonomy":"category","embeddable":true,"href":"https:\/\/all4camper.com\/cs\/wp-json\/wp\/v2\/categories?post=80153"},{"taxonomy":"post_tag","embeddable":true,"href":"https:\/\/all4camper.com\/cs\/wp-json\/wp\/v2\/tags?post=80153"}],"curies":[{"name":"wp","href":"https:\/\/api.w.org\/{rel}","templated":true}]}}