{"id":80143,"date":"2019-07-17T08:00:31","date_gmt":"2019-07-17T06:00:31","guid":{"rendered":"https:\/\/all4camper.com\/\/?p=80143"},"modified":"2019-08-30T09:27:54","modified_gmt":"2019-08-30T07:27:54","slug":"nejlepsi-ustrice-jsou-v-chorvatsku","status":"publish","type":"post","link":"https:\/\/all4camper.com\/cs\/nejlepsi-ustrice-jsou-v-chorvatsku\/","title":{"rendered":"Nejlep\u0161\u00ed \u00fast\u0159ice jsou v Chorvatsku"},"content":{"rendered":"\n<h4 class=\"wp-block-heading\">Nev\u011b\u0159\u00edte? Dob\u0159e, p\u0159izn\u00e1m se, \u017ee j\u00e1 jsem je poprv\u00e9 ochutnala v\u00a0Normandii. Ale ty chorvatsk\u00e9 mi p\u0159ece jen chutnaj\u00ed n\u011bjak v\u00edc. A kam na n\u011b? Obecn\u011b je m\u00edvaj\u00ed t\u00e9m\u011b\u0159 v\u0161echny lep\u0161\u00ed p\u0159\u00edmo\u0159sk\u00e9 restaurace. Z\u00e1ruku dokonalosti m\u00e1te ale jen u zdroje. Mimo\u0159\u00e1dn\u011b proslul\u00fd je jimi nap\u0159\u00edklad Mali Ston v\u00a0Dalm\u00e1cii. <\/h4>\n\n\n\n<figure class=\"wp-block-image\"><img loading=\"lazy\" decoding=\"async\" width=\"1440\" height=\"1080\" src=\"https:\/\/all4camper.com\/\/wp-content\/uploads\/2019\/07\/oysters-887819_1920-1440x1080.jpg\" alt=\"\" class=\"wp-image-80144\" srcset=\"https:\/\/all4camper.com\/wp-content\/uploads\/2019\/07\/oysters-887819_1920-1440x1080.jpg 1440w, https:\/\/all4camper.com\/wp-content\/uploads\/2019\/07\/oysters-887819_1920-300x225.jpg 300w, https:\/\/all4camper.com\/wp-content\/uploads\/2019\/07\/oysters-887819_1920-150x113.jpg 150w, https:\/\/all4camper.com\/wp-content\/uploads\/2019\/07\/oysters-887819_1920-768x576.jpg 768w, https:\/\/all4camper.com\/wp-content\/uploads\/2019\/07\/oysters-887819_1920-1536x1152.jpg 1536w, https:\/\/all4camper.com\/wp-content\/uploads\/2019\/07\/oysters-887819_1920-678x509.jpg 678w, https:\/\/all4camper.com\/wp-content\/uploads\/2019\/07\/oysters-887819_1920-326x245.jpg 326w, https:\/\/all4camper.com\/wp-content\/uploads\/2019\/07\/oysters-887819_1920-80x60.jpg 80w, https:\/\/all4camper.com\/wp-content\/uploads\/2019\/07\/oysters-887819_1920.jpg 1920w\" sizes=\"auto, (max-width: 1440px) 100vw, 1440px\" \/><\/figure>\n\n\n\n<h4 class=\"wp-block-heading\">Z\u00e1toka pln\u00e1 lahodn\u00fdch chut\u00ed.<\/h4>\n\n\n\n<p>\u00dast\u0159ice Ostrea edulis pr\u00fd pat\u0159\u00ed k t\u011bm v\u016fbec nejlep\u0161\u00edm na sv\u011bt\u011b. V z\u00e1toce u Mal\u00e9ho Stonu nedaleko Dubrovn\u00edku se p\u011bstovaly u\u017e od starov\u011bku, pr\u00fd k poct\u011b bohyn\u011b Afrodity, kter\u00e1 se narodila z mo\u0159sk\u00e9 p\u011bny. Tyto mo\u0159sk\u00e9 lah\u016fdky si pr\u00fd pr\u00e1v\u011b odsud nech\u00e1val pos\u00edlat c\u00edsa\u0159 Tiberius v\u00a0truhl\u00e1ch se suchou tr\u00e1vou, aby si zachovaly svou \u010derstvost. Pr\u00fd tak vydr\u017eely i n\u011bkolik dn\u00ed. <\/p>\n\n\n\n<p>J\u00e1 bych na to ale nes\u00e1zela. Kdy\u017e je zrovna nevylov\u00ed p\u0159\u00edmo p\u0159ed v\u00e1mi, je nezbytn\u00e9 d\u016fsledn\u00e9 skladov\u00e1n\u00ed v\u00a0chladu. Jako obl\u00edben\u00e9 afrodisiakum si je \u00fadajn\u011b lid\u00e9 za\u010dali dop\u0159\u00e1vat za dob Franti\u0161ka Josefa.<\/p>\n\n\n\n<h4 class=\"wp-block-heading\">Maj\u00ed tu podmo\u0159sk\u00e1 pol\u00ed\u010dka<\/h4>\n\n\n\n<p>Ve 14. stolet\u00ed se dokonce jednotliv\u00e9 \u201evodn\u00ed pozemky\u201c speci\u00e1ln\u011b p\u0159id\u011blovaly, aby bylo mo\u017en\u00e9 monitorovat jejich produkci. Jednalo se o zcela unik\u00e1tn\u00ed projekt. Ti nejv\u011bt\u0161\u00ed gurm\u00e1ni (a v\u011b\u0159te, \u017ee j\u00e1 se mezi n\u011b nepo\u010d\u00edt\u00e1m, j\u00e1 jsem sp\u00ed\u0161 mlsn\u00e1, ale nad\u0161en\u00e1 z\u00a0nich jsem) se shoduj\u00ed, \u017ee zdej\u0161\u00ed \u00fast\u0159ice jsou opravdu delikatesn\u00ed a odli\u0161n\u00e9 nap\u0159\u00edklad od t\u011bch francouzsk\u00fdch. <\/p>\n\n\n\n<figure class=\"wp-block-image\"><img loading=\"lazy\" decoding=\"async\" width=\"1626\" height=\"1080\" src=\"https:\/\/all4camper.com\/\/wp-content\/uploads\/2019\/07\/mussel-farm-979669_1920-1626x1080.jpg\" alt=\"\" class=\"wp-image-80145\" srcset=\"https:\/\/all4camper.com\/wp-content\/uploads\/2019\/07\/mussel-farm-979669_1920-1626x1080.jpg 1626w, https:\/\/all4camper.com\/wp-content\/uploads\/2019\/07\/mussel-farm-979669_1920-300x199.jpg 300w, https:\/\/all4camper.com\/wp-content\/uploads\/2019\/07\/mussel-farm-979669_1920-150x100.jpg 150w, https:\/\/all4camper.com\/wp-content\/uploads\/2019\/07\/mussel-farm-979669_1920-768x510.jpg 768w, https:\/\/all4camper.com\/wp-content\/uploads\/2019\/07\/mussel-farm-979669_1920-1536x1020.jpg 1536w, https:\/\/all4camper.com\/wp-content\/uploads\/2019\/07\/mussel-farm-979669_1920.jpg 1920w\" sizes=\"auto, (max-width: 1626px) 100vw, 1626px\" \/><\/figure>\n\n\n\n<p>Za v\u0161\u00edm pr\u00fd stoj\u00ed v\u00fdjime\u010dn\u011b \u010dist\u00e9 mo\u0159e, ve kter\u00e9m se m\u00eds\u00ed slan\u00e1 voda se sladk\u00fdmi krasov\u00fdmi prameny a tak\u00e9 neobvykl\u00e9 slo\u017een\u00ed m\u00edstn\u00edho planktonu, kter\u00e9 vytv\u00e1\u0159\u00ed specifick\u00fd biotop. P\u011bstuj\u00ed se v hloubce zhruba deset metr\u016f na ostr\u00fdch kamenn\u00fdch v\u00fdb\u011b\u017ec\u00edch dna, ale i st\u0159e\u0161n\u00edch ta\u0161k\u00e1ch.<\/p>\n\n\n\n<h4 class=\"wp-block-heading\">Kde a jak si je d\u00e1t<\/h4>\n\n\n\n<p>V brzk\u00e9m jaru kolem sv\u00e1tku svat\u00e9ho Josefa (19. b\u0159ezna) se lov\u00ed ty  nejkvalitn\u011bj\u0161\u00ed. Po otev\u0159en\u00ed ostr\u00fdm no\u017eem za\u010dne aromatick\u00e1 sm\u011bs jodu, selenu, zinku a chromu intenzivn\u011b stimulovat v\u0161echny va\u0161e smysly a neodol\u00e1 jim ani p\u0159edpojat\u00fd odp\u016frce. Nicm\u00e9n\u011b vychutnat si je v\u00a0podstat\u011b m\u016f\u017eete v\u00a0pr\u016fb\u011bhu cel\u00e9ho roku. J\u00e1 mysl\u00edm, \u017ee \u00fapln\u011b nejsiln\u011bj\u0161\u00ed z\u00e1\u017eitek budete m\u00edt, kdy\u017e je ryb\u00e1\u0159 p\u0159ed v\u00e1mi vylov\u00ed a spolu s\u00a0pl\u00e1tkem citr\u00f3nu pod\u00e1 ke konzumaci. <\/p>\n\n\n\n<figure class=\"wp-block-image\"><img loading=\"lazy\" decoding=\"async\" width=\"1427\" height=\"1080\" src=\"https:\/\/all4camper.com\/\/wp-content\/uploads\/2019\/07\/can-1845055_1920-1427x1080.jpg\" alt=\"\" class=\"wp-image-80146\" srcset=\"https:\/\/all4camper.com\/wp-content\/uploads\/2019\/07\/can-1845055_1920-1427x1080.jpg 1427w, https:\/\/all4camper.com\/wp-content\/uploads\/2019\/07\/can-1845055_1920-300x227.jpg 300w, https:\/\/all4camper.com\/wp-content\/uploads\/2019\/07\/can-1845055_1920-150x114.jpg 150w, https:\/\/all4camper.com\/wp-content\/uploads\/2019\/07\/can-1845055_1920-768x581.jpg 768w, https:\/\/all4camper.com\/wp-content\/uploads\/2019\/07\/can-1845055_1920-1536x1162.jpg 1536w, https:\/\/all4camper.com\/wp-content\/uploads\/2019\/07\/can-1845055_1920-80x60.jpg 80w, https:\/\/all4camper.com\/wp-content\/uploads\/2019\/07\/can-1845055_1920.jpg 1920w\" sizes=\"auto, (max-width: 1427px) 100vw, 1427px\" \/><\/figure>\n\n\n\n<p>Ur\u010dit\u011b tu na tom nen\u00ed probl\u00e9m se domluvit a v\u011b\u0159te, \u017ee budete m\u00edt na dlouhou dobu super z\u00e1\u017eitek. Nen\u00ed pr\u00e1v\u011b tohle to, o \u010dem se po dovolen\u00e9 vypr\u00e1v\u00ed a na co se vzpom\u00edn\u00e1? Nav\u00edc v\u00e1m k\u00a0tomu pov\u00ed v\u0161e pot\u0159ebn\u00e9 o t\u00e9to delikatese, jej\u00edm p\u011bstov\u00e1n\u00ed a nebojte se, ur\u010dit\u011b p\u0159ijde i p\u00e1r vesel\u00fdch historek. M\u00edstn\u00ed jsou na turisty zvykl\u00ed, tak\u017ee se ur\u010dit\u011b n\u011bjak domluv\u00edte, nen\u00ed t\u0159eba m\u00edt strach.<\/p>\n\n\n\n<h4 class=\"wp-block-heading\">Prosp\u011bjete i sv\u00e9mu zdrav\u00ed<\/h4>\n\n\n\n<p><strong>Maso \u00fast\u0159ic je mimo\u0159\u00e1dn\u011b v\u00fd\u017eivn\u00e9 a je vynikaj\u00edc\u00edm zdrojem b\u00edlkovin, sacharid\u016f, miner\u00e1l\u016f a vitam\u00edn\u016f A, B1, B2, C, D, E, EP. 15 g masa obsahuje stejn\u00e9 mno\u017estv\u00ed vitaminu C jako 3 gramy citronov\u00e9 \u0161\u0165\u00e1vy. Nejlep\u0161\u00ed \u00faprava je z\u00e1rove\u0148 tak\u00e9 nejjednodu\u0161\u0161\u00ed \u2013 prost\u011b je zak\u00e1pn\u011bte trochou citronov\u00e9 \u0161\u0165\u00e1vy, jak u\u017e jsem zmi\u0148ovala v\u00fd\u0161e. <\/strong><\/p>\n\n\n\n<p>Ale nap\u0159\u00edklad nab\u00eddka restaurace Bota je ale mnohem pest\u0159ej\u0161\u00ed. Vyr\u00e1b\u011bj\u00ed z t\u011bchto m\u011bkk\u00fd\u0161\u016f pol\u00e9vky, sma\u017e\u00ed je i zap\u00e9kaj\u00ed. Tohle je mo\u017en\u00e1 ide\u00e1ln\u00ed cesta pro ty, kdo je\u0161t\u011b p\u0159ece jen nemaj\u00ed na \u010derstv\u00fd kousek odvahu. Naserv\u00edruj\u00ed v\u00e1m je s \u00fasm\u011bvem, \u010dasto za hudebn\u00edho doprovodu \u017eiv\u00e9 kapely, tak\u017ee odvedou i pozornost. Mysl\u00edm to samoz\u0159ejm\u011b s\u00a0nads\u00e1zkou, ale zkuste pro tentokr\u00e1t odhodit p\u0159edsudky a p\u0159ekonat se. Pr\u00e1v\u011b tady m\u00e1te jistotu, \u017ee v\u00e1m nebude \u0161patn\u011b. Na stole budete m\u00edt p\u0159ichystanou i sklenku v\u00edna, tak\u017ee sousto m\u016f\u017eete hned zap\u00edt a nav\u00edc se o nich jako o afrodisiaku nemluv\u00ed jen tak. A to p\u0159ece tak\u00e9 stoj\u00ed za zkou\u0161ku, ne?<\/p>\n\n\n\n<figure class=\"wp-block-image\"><img loading=\"lazy\" decoding=\"async\" width=\"1620\" height=\"1080\" src=\"https:\/\/all4camper.com\/\/wp-content\/uploads\/2019\/07\/oyster-250876_1920-1620x1080.jpg\" alt=\"\" class=\"wp-image-80147\" srcset=\"https:\/\/all4camper.com\/wp-content\/uploads\/2019\/07\/oyster-250876_1920-1620x1080.jpg 1620w, https:\/\/all4camper.com\/wp-content\/uploads\/2019\/07\/oyster-250876_1920-300x200.jpg 300w, https:\/\/all4camper.com\/wp-content\/uploads\/2019\/07\/oyster-250876_1920-150x100.jpg 150w, https:\/\/all4camper.com\/wp-content\/uploads\/2019\/07\/oyster-250876_1920-768x512.jpg 768w, https:\/\/all4camper.com\/wp-content\/uploads\/2019\/07\/oyster-250876_1920-1536x1024.jpg 1536w, https:\/\/all4camper.com\/wp-content\/uploads\/2019\/07\/oyster-250876_1920.jpg 1920w\" sizes=\"auto, (max-width: 1620px) 100vw, 1620px\" \/><\/figure>\n\n\n\n<p>A v\u00edte, co je k\u00a0nim p\u0159ibli\u017en\u011b stejn\u011b dobr\u00e9, jako onen citr\u00f3n? Speci\u00e1ln\u00ed sm\u011bs z\u00a0octa a na velice jemno nasekan\u00e9 cibule. Ocet to mus\u00ed b\u00fdt \u010derven\u00fd \u2013 vinn\u00fd, ale nebojte, m\u00edstn\u00ed lid\u00e9 jsou na tuhle delikatesu tak py\u0161n\u00ed, \u017ee by v\u00e1m nic ne\u017e jimi prov\u011b\u0159enou kvalitu nedali. A pokud se p\u0159ece jen boj\u00edte, co ve v\u00e1s takhle zku\u0161enost vyvol\u00e1, tak nem\u011bjte strach. Pan\u00e1k rajike je nachystan\u00fd v\u017edy. A zaru\u010duji v\u00e1m, \u017ee v\u00e1m budou drinky dop\u0159\u00e1vat tak dlouho, dokud se jim nebude zd\u00e1t, \u017ee se v\u00e1m vr\u00e1til humor. J\u00e1 ale v\u011b\u0159\u00edm, \u017ee si tuhle nezvyklou specialitu obl\u00edb\u00edte stejn\u011b, jako j\u00e1, proto\u017ee takhle podle m\u011b chutn\u00e1 mo\u0159e. <\/p>\n\n\n\n<p>A je\u0161t\u011b z\u00e1v\u011brem, chorvatsky se \u00fat\u0159ice \u0159eknou kamenice \u2013 zapamatovat se to d\u00e1 snadno, v\u017edy p\u0159ece tak trochu jako k\u00e1men vypdaj\u00ed. A kdy\u017e budete m\u00edt<br> \u0161t\u011bst\u00ed, t\u0159eba najdete perlu!<\/p>\n\n\n\n<p><em>Autor: Kate\u0159ina<\/em><\/p>\n","protected":false},"excerpt":{"rendered":"<p>Nev\u011b\u0159\u00edte? Dob\u0159e, p\u0159izn\u00e1m se, \u017ee j\u00e1 jsem je poprv\u00e9 ochutnala v\u00a0Normandii. Ale ty chorvatsk\u00e9 mi p\u0159ece jen chutnaj\u00ed n\u011bjak v\u00edc. A kam na n\u011b? Obecn\u011b je m\u00edvaj\u00ed t\u00e9m\u011b\u0159 v\u0161echny lep\u0161\u00ed p\u0159\u00edmo\u0159sk\u00e9 restaurace. Z\u00e1ruku dokonalosti m\u00e1te ale jen u zdroje. Mimo\u0159\u00e1dn\u011b proslul\u00fd je jimi nap\u0159\u00edklad Mali Ston v\u00a0Dalm\u00e1cii. Z\u00e1toka pln\u00e1 lahodn\u00fdch chut\u00ed. \u00dast\u0159ice Ostrea edulis pr\u00fd [&hellip;]<\/p>\n","protected":false},"author":161,"featured_media":80148,"comment_status":"closed","ping_status":"open","sticky":false,"template":"","format":"standard","meta":{"_monsterinsights_skip_tracking":false,"_monsterinsights_sitenote_active":false,"_monsterinsights_sitenote_note":"","_monsterinsights_sitenote_category":0,"footnotes":""},"categories":[368,422],"tags":[373],"class_list":{"0":"post-80143","1":"post","2":"type-post","3":"status-publish","4":"format-standard","5":"has-post-thumbnail","7":"category-magazin_all4camper","8":"category-novinky-kempovani-a-karavaning","9":"tag-recepty"},"yoast_head":"<!-- This site is optimized with the Yoast SEO plugin v27.5 - https:\/\/yoast.com\/product\/yoast-seo-wordpress\/ -->\n<title>Nejlep\u0161\u00ed \u00fast\u0159ice jsou v Chorvatsku - All4Camper<\/title>\n<meta name=\"description\" content=\"All4Camper - Nejlep\u0161\u00ed \u00fast\u0159ice jsou v Chorvatsku\" \/>\n<meta name=\"robots\" content=\"index, follow, max-snippet:-1, max-image-preview:large, max-video-preview:-1\" \/>\n<link rel=\"canonical\" href=\"https:\/\/all4camper.com\/cs\/nejlepsi-ustrice-jsou-v-chorvatsku\/\" \/>\n<meta property=\"og:locale\" content=\"cs_CZ\" \/>\n<meta property=\"og:type\" content=\"article\" \/>\n<meta property=\"og:title\" content=\"Nejlep\u0161\u00ed \u00fast\u0159ice jsou v Chorvatsku - All4Camper\" \/>\n<meta property=\"og:description\" content=\"All4Camper - Nejlep\u0161\u00ed \u00fast\u0159ice jsou v Chorvatsku\" \/>\n<meta property=\"og:url\" content=\"https:\/\/all4camper.com\/cs\/nejlepsi-ustrice-jsou-v-chorvatsku\/\" \/>\n<meta property=\"og:site_name\" content=\"All4Camper\" \/>\n<meta property=\"article:published_time\" content=\"2019-07-17T06:00:31+00:00\" \/>\n<meta property=\"article:modified_time\" content=\"2019-08-30T07:27:54+00:00\" \/>\n<meta property=\"og:image\" content=\"https:\/\/all4camper.com\/wp-content\/uploads\/2019\/07\/cropped-can-1845055_1920.jpg\" \/>\n\t<meta property=\"og:image:width\" content=\"1920\" \/>\n\t<meta property=\"og:image:height\" content=\"1079\" \/>\n\t<meta property=\"og:image:type\" content=\"image\/jpeg\" \/>\n<meta name=\"author\" content=\"Kate\u0159ina\" \/>\n<meta name=\"twitter:card\" content=\"summary_large_image\" \/>\n<meta name=\"twitter:label1\" content=\"Napsal(a)\" \/>\n\t<meta name=\"twitter:data1\" content=\"Kate\u0159ina\" \/>\n\t<meta name=\"twitter:label2\" content=\"Odhadovan\u00e1 doba \u010dten\u00ed\" \/>\n\t<meta name=\"twitter:data2\" content=\"5 minut\" \/>\n<script type=\"application\/ld+json\" class=\"yoast-schema-graph\">{\"@context\":\"https:\\\/\\\/schema.org\",\"@graph\":[{\"@type\":\"Article\",\"@id\":\"https:\\\/\\\/all4camper.com\\\/cs\\\/nejlepsi-ustrice-jsou-v-chorvatsku\\\/#article\",\"isPartOf\":{\"@id\":\"https:\\\/\\\/all4camper.com\\\/cs\\\/nejlepsi-ustrice-jsou-v-chorvatsku\\\/\"},\"author\":{\"name\":\"Kate\u0159ina\",\"@id\":\"https:\\\/\\\/all4camper.com\\\/cs\\\/#\\\/schema\\\/person\\\/9349489688d4c221ca0fc39ae6bcb70b\"},\"headline\":\"Nejlep\u0161\u00ed \u00fast\u0159ice jsou v Chorvatsku\",\"datePublished\":\"2019-07-17T06:00:31+00:00\",\"dateModified\":\"2019-08-30T07:27:54+00:00\",\"mainEntityOfPage\":{\"@id\":\"https:\\\/\\\/all4camper.com\\\/cs\\\/nejlepsi-ustrice-jsou-v-chorvatsku\\\/\"},\"wordCount\":926,\"publisher\":{\"@id\":\"https:\\\/\\\/all4camper.com\\\/cs\\\/#organization\"},\"image\":{\"@id\":\"https:\\\/\\\/all4camper.com\\\/cs\\\/nejlepsi-ustrice-jsou-v-chorvatsku\\\/#primaryimage\"},\"thumbnailUrl\":\"https:\\\/\\\/all4camper.com\\\/wp-content\\\/uploads\\\/2019\\\/07\\\/cropped-can-1845055_1920.jpg\",\"keywords\":[\"Recepty\"],\"articleSection\":[\"\u010cten\u00ed na cesty\",\"Novinky - Kempov\u00e1n\u00ed a karavaning\"],\"inLanguage\":\"cs\"},{\"@type\":\"WebPage\",\"@id\":\"https:\\\/\\\/all4camper.com\\\/cs\\\/nejlepsi-ustrice-jsou-v-chorvatsku\\\/\",\"url\":\"https:\\\/\\\/all4camper.com\\\/cs\\\/nejlepsi-ustrice-jsou-v-chorvatsku\\\/\",\"name\":\"Nejlep\u0161\u00ed \u00fast\u0159ice jsou v Chorvatsku - All4Camper\",\"isPartOf\":{\"@id\":\"https:\\\/\\\/all4camper.com\\\/cs\\\/#website\"},\"primaryImageOfPage\":{\"@id\":\"https:\\\/\\\/all4camper.com\\\/cs\\\/nejlepsi-ustrice-jsou-v-chorvatsku\\\/#primaryimage\"},\"image\":{\"@id\":\"https:\\\/\\\/all4camper.com\\\/cs\\\/nejlepsi-ustrice-jsou-v-chorvatsku\\\/#primaryimage\"},\"thumbnailUrl\":\"https:\\\/\\\/all4camper.com\\\/wp-content\\\/uploads\\\/2019\\\/07\\\/cropped-can-1845055_1920.jpg\",\"datePublished\":\"2019-07-17T06:00:31+00:00\",\"dateModified\":\"2019-08-30T07:27:54+00:00\",\"description\":\"All4Camper - Nejlep\u0161\u00ed \u00fast\u0159ice jsou v Chorvatsku\",\"breadcrumb\":{\"@id\":\"https:\\\/\\\/all4camper.com\\\/cs\\\/nejlepsi-ustrice-jsou-v-chorvatsku\\\/#breadcrumb\"},\"inLanguage\":\"cs\",\"potentialAction\":[{\"@type\":\"ReadAction\",\"target\":[\"https:\\\/\\\/all4camper.com\\\/cs\\\/nejlepsi-ustrice-jsou-v-chorvatsku\\\/\"]}]},{\"@type\":\"ImageObject\",\"inLanguage\":\"cs\",\"@id\":\"https:\\\/\\\/all4camper.com\\\/cs\\\/nejlepsi-ustrice-jsou-v-chorvatsku\\\/#primaryimage\",\"url\":\"https:\\\/\\\/all4camper.com\\\/wp-content\\\/uploads\\\/2019\\\/07\\\/cropped-can-1845055_1920.jpg\",\"contentUrl\":\"https:\\\/\\\/all4camper.com\\\/wp-content\\\/uploads\\\/2019\\\/07\\\/cropped-can-1845055_1920.jpg\",\"width\":1920,\"height\":1079},{\"@type\":\"BreadcrumbList\",\"@id\":\"https:\\\/\\\/all4camper.com\\\/cs\\\/nejlepsi-ustrice-jsou-v-chorvatsku\\\/#breadcrumb\",\"itemListElement\":[{\"@type\":\"ListItem\",\"position\":1,\"name\":\"Dom\u016f\",\"item\":\"https:\\\/\\\/all4camper.com\\\/cs\\\/\"},{\"@type\":\"ListItem\",\"position\":2,\"name\":\"\u010cten\u00ed na cesty\",\"item\":\"https:\\\/\\\/all4camper.com\\\/cs\\\/category\\\/magazin_all4camper\\\/\"},{\"@type\":\"ListItem\",\"position\":3,\"name\":\"Nejlep\u0161\u00ed \u00fast\u0159ice jsou v Chorvatsku\"}]},{\"@type\":\"WebSite\",\"@id\":\"https:\\\/\\\/all4camper.com\\\/cs\\\/#website\",\"url\":\"https:\\\/\\\/all4camper.com\\\/cs\\\/\",\"name\":\"All4Camper\",\"description\":\"Nejv\u011bt\u0161\u00ed online magaz\u00edn o kempov\u00e1n\u00ed a karavaninku. V\u00edce jak 900 \u010dl\u00e1nk\u016f pln\u00fdch rad a tip\u016f o kempech a kempov\u00e1n\u00ed.\",\"publisher\":{\"@id\":\"https:\\\/\\\/all4camper.com\\\/cs\\\/#organization\"},\"potentialAction\":[{\"@type\":\"SearchAction\",\"target\":{\"@type\":\"EntryPoint\",\"urlTemplate\":\"https:\\\/\\\/all4camper.com\\\/cs\\\/?s={search_term_string}\"},\"query-input\":{\"@type\":\"PropertyValueSpecification\",\"valueRequired\":true,\"valueName\":\"search_term_string\"}}],\"inLanguage\":\"cs\"},{\"@type\":\"Organization\",\"@id\":\"https:\\\/\\\/all4camper.com\\\/cs\\\/#organization\",\"name\":\"All4Camper - kempujeme s Kl\u00e1rou\",\"url\":\"https:\\\/\\\/all4camper.com\\\/cs\\\/\",\"logo\":{\"@type\":\"ImageObject\",\"inLanguage\":\"cs\",\"@id\":\"https:\\\/\\\/all4camper.com\\\/cs\\\/#\\\/schema\\\/logo\\\/image\\\/\",\"url\":\"https:\\\/\\\/all4camper.com\\\/wp-content\\\/uploads\\\/2018\\\/09\\\/novelogo.png\",\"contentUrl\":\"https:\\\/\\\/all4camper.com\\\/wp-content\\\/uploads\\\/2018\\\/09\\\/novelogo.png\",\"width\":1520,\"height\":600,\"caption\":\"All4Camper - kempujeme s Kl\u00e1rou\"},\"image\":{\"@id\":\"https:\\\/\\\/all4camper.com\\\/cs\\\/#\\\/schema\\\/logo\\\/image\\\/\"}},{\"@type\":\"Person\",\"@id\":\"https:\\\/\\\/all4camper.com\\\/cs\\\/#\\\/schema\\\/person\\\/9349489688d4c221ca0fc39ae6bcb70b\",\"name\":\"Kate\u0159ina\",\"url\":\"https:\\\/\\\/all4camper.com\\\/cs\\\/author\\\/kterina\\\/\"}]}<\/script>\n<!-- \/ Yoast SEO plugin. -->","yoast_head_json":{"title":"Nejlep\u0161\u00ed \u00fast\u0159ice jsou v Chorvatsku - All4Camper","description":"All4Camper - Nejlep\u0161\u00ed \u00fast\u0159ice jsou v Chorvatsku","robots":{"index":"index","follow":"follow","max-snippet":"max-snippet:-1","max-image-preview":"max-image-preview:large","max-video-preview":"max-video-preview:-1"},"canonical":"https:\/\/all4camper.com\/cs\/nejlepsi-ustrice-jsou-v-chorvatsku\/","og_locale":"cs_CZ","og_type":"article","og_title":"Nejlep\u0161\u00ed \u00fast\u0159ice jsou v Chorvatsku - All4Camper","og_description":"All4Camper - Nejlep\u0161\u00ed \u00fast\u0159ice jsou v Chorvatsku","og_url":"https:\/\/all4camper.com\/cs\/nejlepsi-ustrice-jsou-v-chorvatsku\/","og_site_name":"All4Camper","article_published_time":"2019-07-17T06:00:31+00:00","article_modified_time":"2019-08-30T07:27:54+00:00","og_image":[{"width":1920,"height":1079,"url":"https:\/\/all4camper.com\/wp-content\/uploads\/2019\/07\/cropped-can-1845055_1920.jpg","type":"image\/jpeg"}],"author":"Kate\u0159ina","twitter_card":"summary_large_image","twitter_misc":{"Napsal(a)":"Kate\u0159ina","Odhadovan\u00e1 doba \u010dten\u00ed":"5 minut"},"schema":{"@context":"https:\/\/schema.org","@graph":[{"@type":"Article","@id":"https:\/\/all4camper.com\/cs\/nejlepsi-ustrice-jsou-v-chorvatsku\/#article","isPartOf":{"@id":"https:\/\/all4camper.com\/cs\/nejlepsi-ustrice-jsou-v-chorvatsku\/"},"author":{"name":"Kate\u0159ina","@id":"https:\/\/all4camper.com\/cs\/#\/schema\/person\/9349489688d4c221ca0fc39ae6bcb70b"},"headline":"Nejlep\u0161\u00ed \u00fast\u0159ice jsou v Chorvatsku","datePublished":"2019-07-17T06:00:31+00:00","dateModified":"2019-08-30T07:27:54+00:00","mainEntityOfPage":{"@id":"https:\/\/all4camper.com\/cs\/nejlepsi-ustrice-jsou-v-chorvatsku\/"},"wordCount":926,"publisher":{"@id":"https:\/\/all4camper.com\/cs\/#organization"},"image":{"@id":"https:\/\/all4camper.com\/cs\/nejlepsi-ustrice-jsou-v-chorvatsku\/#primaryimage"},"thumbnailUrl":"https:\/\/all4camper.com\/wp-content\/uploads\/2019\/07\/cropped-can-1845055_1920.jpg","keywords":["Recepty"],"articleSection":["\u010cten\u00ed na cesty","Novinky - Kempov\u00e1n\u00ed a karavaning"],"inLanguage":"cs"},{"@type":"WebPage","@id":"https:\/\/all4camper.com\/cs\/nejlepsi-ustrice-jsou-v-chorvatsku\/","url":"https:\/\/all4camper.com\/cs\/nejlepsi-ustrice-jsou-v-chorvatsku\/","name":"Nejlep\u0161\u00ed \u00fast\u0159ice jsou v Chorvatsku - All4Camper","isPartOf":{"@id":"https:\/\/all4camper.com\/cs\/#website"},"primaryImageOfPage":{"@id":"https:\/\/all4camper.com\/cs\/nejlepsi-ustrice-jsou-v-chorvatsku\/#primaryimage"},"image":{"@id":"https:\/\/all4camper.com\/cs\/nejlepsi-ustrice-jsou-v-chorvatsku\/#primaryimage"},"thumbnailUrl":"https:\/\/all4camper.com\/wp-content\/uploads\/2019\/07\/cropped-can-1845055_1920.jpg","datePublished":"2019-07-17T06:00:31+00:00","dateModified":"2019-08-30T07:27:54+00:00","description":"All4Camper - Nejlep\u0161\u00ed \u00fast\u0159ice jsou v Chorvatsku","breadcrumb":{"@id":"https:\/\/all4camper.com\/cs\/nejlepsi-ustrice-jsou-v-chorvatsku\/#breadcrumb"},"inLanguage":"cs","potentialAction":[{"@type":"ReadAction","target":["https:\/\/all4camper.com\/cs\/nejlepsi-ustrice-jsou-v-chorvatsku\/"]}]},{"@type":"ImageObject","inLanguage":"cs","@id":"https:\/\/all4camper.com\/cs\/nejlepsi-ustrice-jsou-v-chorvatsku\/#primaryimage","url":"https:\/\/all4camper.com\/wp-content\/uploads\/2019\/07\/cropped-can-1845055_1920.jpg","contentUrl":"https:\/\/all4camper.com\/wp-content\/uploads\/2019\/07\/cropped-can-1845055_1920.jpg","width":1920,"height":1079},{"@type":"BreadcrumbList","@id":"https:\/\/all4camper.com\/cs\/nejlepsi-ustrice-jsou-v-chorvatsku\/#breadcrumb","itemListElement":[{"@type":"ListItem","position":1,"name":"Dom\u016f","item":"https:\/\/all4camper.com\/cs\/"},{"@type":"ListItem","position":2,"name":"\u010cten\u00ed na cesty","item":"https:\/\/all4camper.com\/cs\/category\/magazin_all4camper\/"},{"@type":"ListItem","position":3,"name":"Nejlep\u0161\u00ed \u00fast\u0159ice jsou v Chorvatsku"}]},{"@type":"WebSite","@id":"https:\/\/all4camper.com\/cs\/#website","url":"https:\/\/all4camper.com\/cs\/","name":"All4Camper","description":"Nejv\u011bt\u0161\u00ed online magaz\u00edn o kempov\u00e1n\u00ed a karavaninku. V\u00edce jak 900 \u010dl\u00e1nk\u016f pln\u00fdch rad a tip\u016f o kempech a kempov\u00e1n\u00ed.","publisher":{"@id":"https:\/\/all4camper.com\/cs\/#organization"},"potentialAction":[{"@type":"SearchAction","target":{"@type":"EntryPoint","urlTemplate":"https:\/\/all4camper.com\/cs\/?s={search_term_string}"},"query-input":{"@type":"PropertyValueSpecification","valueRequired":true,"valueName":"search_term_string"}}],"inLanguage":"cs"},{"@type":"Organization","@id":"https:\/\/all4camper.com\/cs\/#organization","name":"All4Camper - kempujeme s Kl\u00e1rou","url":"https:\/\/all4camper.com\/cs\/","logo":{"@type":"ImageObject","inLanguage":"cs","@id":"https:\/\/all4camper.com\/cs\/#\/schema\/logo\/image\/","url":"https:\/\/all4camper.com\/wp-content\/uploads\/2018\/09\/novelogo.png","contentUrl":"https:\/\/all4camper.com\/wp-content\/uploads\/2018\/09\/novelogo.png","width":1520,"height":600,"caption":"All4Camper - kempujeme s Kl\u00e1rou"},"image":{"@id":"https:\/\/all4camper.com\/cs\/#\/schema\/logo\/image\/"}},{"@type":"Person","@id":"https:\/\/all4camper.com\/cs\/#\/schema\/person\/9349489688d4c221ca0fc39ae6bcb70b","name":"Kate\u0159ina","url":"https:\/\/all4camper.com\/cs\/author\/kterina\/"}]}},"_links":{"self":[{"href":"https:\/\/all4camper.com\/cs\/wp-json\/wp\/v2\/posts\/80143","targetHints":{"allow":["GET"]}}],"collection":[{"href":"https:\/\/all4camper.com\/cs\/wp-json\/wp\/v2\/posts"}],"about":[{"href":"https:\/\/all4camper.com\/cs\/wp-json\/wp\/v2\/types\/post"}],"author":[{"embeddable":true,"href":"https:\/\/all4camper.com\/cs\/wp-json\/wp\/v2\/users\/161"}],"replies":[{"embeddable":true,"href":"https:\/\/all4camper.com\/cs\/wp-json\/wp\/v2\/comments?post=80143"}],"version-history":[{"count":0,"href":"https:\/\/all4camper.com\/cs\/wp-json\/wp\/v2\/posts\/80143\/revisions"}],"wp:featuredmedia":[{"embeddable":true,"href":"https:\/\/all4camper.com\/cs\/wp-json\/wp\/v2\/media\/80148"}],"wp:attachment":[{"href":"https:\/\/all4camper.com\/cs\/wp-json\/wp\/v2\/media?parent=80143"}],"wp:term":[{"taxonomy":"category","embeddable":true,"href":"https:\/\/all4camper.com\/cs\/wp-json\/wp\/v2\/categories?post=80143"},{"taxonomy":"post_tag","embeddable":true,"href":"https:\/\/all4camper.com\/cs\/wp-json\/wp\/v2\/tags?post=80143"}],"curies":[{"name":"wp","href":"https:\/\/api.w.org\/{rel}","templated":true}]}}