{"id":80064,"date":"2019-07-15T12:00:22","date_gmt":"2019-07-15T10:00:22","guid":{"rendered":"https:\/\/all4camper.com\/\/?p=80064"},"modified":"2020-04-21T14:45:04","modified_gmt":"2020-04-21T12:45:04","slug":"kemp-strobec-krasny-kemp-nedaleko-splitu","status":"publish","type":"post","link":"https:\/\/all4camper.com\/cs\/kemp-strobec-krasny-kemp-nedaleko-splitu\/","title":{"rendered":"Kemp Strobe\u010d &#8211; kr\u00e1sn\u00fd kemp nedaleko Splitu"},"content":{"rendered":"\n<h4 class=\"wp-block-heading\">Kdy\u017e chcete kempovat ve Splitu, pak byste si m\u011bli vybrat za c\u00edl kemp Stobre\u010d, proto\u017ee bl\u00ed\u017e se obyt\u0148\u00e1kem dostane jen v\u00a0p\u0159\u00edpad\u011b, \u017ee budete bydlet u n\u011bkoho na zahrad\u011b, nakupovat v\u00a0supermarketu, nebo st\u00e1t v\u00a0kolon\u011b na trajekt. Nav\u00edc by byla \u0161koda, tento kemp vynechat. M\u00e1 rozhodn\u011b co<br> nab\u00eddnout.<\/h4>\n\n\n\n<figure class=\"wp-block-image\"><img loading=\"lazy\" decoding=\"async\" width=\"1625\" height=\"1080\" src=\"https:\/\/all4camper.com\/\/wp-content\/uploads\/2019\/07\/58380030_10157517704101282_1388617588845576192_o-1625x1080.jpg\" alt=\"\" class=\"wp-image-80065\" srcset=\"https:\/\/all4camper.com\/wp-content\/uploads\/2019\/07\/58380030_10157517704101282_1388617588845576192_o-1625x1080.jpg 1625w, https:\/\/all4camper.com\/wp-content\/uploads\/2019\/07\/58380030_10157517704101282_1388617588845576192_o-300x199.jpg 300w, https:\/\/all4camper.com\/wp-content\/uploads\/2019\/07\/58380030_10157517704101282_1388617588845576192_o-150x100.jpg 150w, https:\/\/all4camper.com\/wp-content\/uploads\/2019\/07\/58380030_10157517704101282_1388617588845576192_o-768x510.jpg 768w, https:\/\/all4camper.com\/wp-content\/uploads\/2019\/07\/58380030_10157517704101282_1388617588845576192_o-1536x1021.jpg 1536w, https:\/\/all4camper.com\/wp-content\/uploads\/2019\/07\/58380030_10157517704101282_1388617588845576192_o.jpg 2048w\" sizes=\"auto, (max-width: 1625px) 100vw, 1625px\" \/><\/figure>\n\n\n\n<p><strong>Ve Splitu jste za chvili\u010dku<\/strong><br>Tak\u017ee \u2013 \u00fapln\u011b p\u0159esn\u011b kemp najdete 1,3 kilometru od tohoto malebn\u00e9ho m\u011bsta ve stejnojmenn\u00e9 z\u00e1toce. Ubytovat se pak m\u016f\u017eete v\u00a0mobile homech, kter\u00e9 n\u00e1s samoz\u0159ejm\u011b p\u0159\u00edli\u0161 nezaj\u00edmaj\u00ed, a nebo na kempov\u00fdch m\u00edstech, kter\u00e1 jsou cenov\u011b odli\u0161en\u00e1 vzhledem k\u00a0velikosti a vzd\u00e1lenosti od pl\u00e1\u017ee. Co\u017e je b\u011b\u017en\u00e9 skoro v\u0161ude.<\/p>\n\n\n\n<p>D\u016frazn\u011b pak doporu\u010duji rezervaci p\u0159edem, kemp je d\u00edky sv\u00e9 poloze opravdu obl\u00edben\u00fd a vyt\u00ed\u017een\u00fd. Kontakty naleznete na konci \u010dl\u00e1nku a domluv\u00edte se v\u00a0pohod\u011b anglicky, ale jak u\u017e jsem n\u011bkde psala, s\u00a0trochou kreativity se daj\u00ed z\u00e1zraky zvl\u00e1dnou i s\u00a0\u010de\u0161tinou. Ti m\u00e9n\u011b odv\u00e1\u017en\u00ed mohou poslat i email a bezvadn\u011b reaguj\u00ed i na facebooku. Tam se tak\u00e9 nav\u00edc dozv\u00edte mnoh\u00e9 aktuality, proto\u017ee jsou pom\u011brn\u011b aktivn\u00ed, co\u017e nen\u00ed v\u00a0Chorvatsku \u00fapln\u011b b\u011b\u017en\u00e9.<\/p>\n\n\n\n<figure class=\"wp-block-image\"><img loading=\"lazy\" decoding=\"async\" width=\"1618\" height=\"1080\" src=\"https:\/\/all4camper.com\/\/wp-content\/uploads\/2019\/07\/57909129_10157506973946282_2775127972246454272_o-1618x1080.jpg\" alt=\"\" class=\"wp-image-80066\" srcset=\"https:\/\/all4camper.com\/wp-content\/uploads\/2019\/07\/57909129_10157506973946282_2775127972246454272_o-1618x1080.jpg 1618w, https:\/\/all4camper.com\/wp-content\/uploads\/2019\/07\/57909129_10157506973946282_2775127972246454272_o-300x200.jpg 300w, https:\/\/all4camper.com\/wp-content\/uploads\/2019\/07\/57909129_10157506973946282_2775127972246454272_o-150x100.jpg 150w, https:\/\/all4camper.com\/wp-content\/uploads\/2019\/07\/57909129_10157506973946282_2775127972246454272_o-768x513.jpg 768w, https:\/\/all4camper.com\/wp-content\/uploads\/2019\/07\/57909129_10157506973946282_2775127972246454272_o-1536x1025.jpg 1536w, https:\/\/all4camper.com\/wp-content\/uploads\/2019\/07\/57909129_10157506973946282_2775127972246454272_o.jpg 2048w\" sizes=\"auto, (max-width: 1618px) 100vw, 1618px\" \/><\/figure>\n\n\n\n<p><strong>Na co se tedy m\u016f\u017eete t\u011b\u0161it<\/strong><br>Obecn\u011b se d\u00e1 \u0159\u00edci, \u017ee tento kemp pat\u0159\u00ed mezi ty luxusn\u011bj\u0161\u00ed a samoz\u0159ejm\u011b se na cen\u011b odr\u00e1\u017e\u00ed i bl\u00edzkost Splitu. <strong>Ale mn\u011b se tu l\u00edb\u00ed moc. Kombinace hor a mo\u0159e m\u00e1 \u00fa\u017easnou energii a ve\u010dern\u00ed proch\u00e1zky m\u011bstem jsou \u00fa\u017easn\u00e9. <\/strong>Obzvl\u00e1\u0161\u0165, kdy\u017e usednete t\u0159eba na kamenn\u00fdch schodech p\u0159\u00edmo v\u00a0pal\u00e1ci se sklenkou v\u00edna. <\/p>\n\n\n\n<p>Z\u00a0konzumace alkoholu nemus\u00edte m\u00edt strachy, autobusy stav\u00ed bl\u00edzko kempu a ve m\u011bst\u011b jste za chvili\u010dku. A rozhodn\u011b nejezd\u00ed jen do Splitu. Jinak v\u00e1s na p\u00e1r kun p\u0159ijde i vz\u00edt si taxi. Vyplat\u00ed se to v\u00a0p\u0159\u00edpad\u011b n\u00e1kup\u016f, proto\u017ee p\u0159\u00edmo ve Splitu je proslul\u00e9, velk\u00e9 a dob\u0159e z\u00e1soben\u00e9 tr\u017ei\u0161t\u011b, n\u011bkdy se j\u00edm projdeme!<br> <\/p>\n\n\n\n<p><strong>Jak\u00e9 v\u00e1s \u010dek\u00e1 vybaven\u00ed?<\/strong><br>V\u00a0tomto p\u0159\u00edpadn\u011b tu najdete v\u0161e pot\u0159ebn\u00e9. Men\u0161\u00ed, ale dob\u0159e z\u00e1soben\u00fd supermarket \u2013 kdyby v\u00e1m to nesta\u010dilo, bl\u00edzko kempu najdete v\u011bt\u0161\u00ed, ale v\u00a0podstat\u011b to nen\u00ed pot\u0159eba. Um\u00fdv\u00e1ny jsou \u010dist\u00e9, neust\u00e1le udr\u017eovan\u00e9 a ukl\u00edzen\u00e9 a jejich pro kemp skute\u010dn\u011b dostatek. Stejn\u00e9 je to i s\u00a0p\u0159\u00edpojkami na elektriku. Kdyby v\u00e1m n\u00e1hodou nepasovala z\u00e1str\u010dka, na recepci v\u00e1m ochotn\u011b p\u016fj\u010d\u00ed adapt\u00e9r, toto ostatn\u011b plat\u00ed pro mnoho chorvatsk\u00fdch kemp\u016f, a pokud tam budete jezdit tak \u010dasto, jako j\u00e1, po\u0159\u00edd\u00edte si vlastn\u00ed. Maj\u00ed je v\u00a0ka\u017ed\u00e9m v\u011bt\u0161\u00edm obchod\u011b a v\u011bt\u0161inou i p\u0159\u00edmo na recepc\u00edch v\u00a0kempech. <\/p>\n\n\n\n<p>Co se t\u00fd\u010de servisu pro karavany, takt\u00e9\u017e je p\u0159ipraveno v\u0161e pot\u0159ebn\u00e9. Zcela bez probl\u00e9m\u016f a pohodln\u011b. Wifi je dostupn\u00e1 v\u00a0cel\u00e9m kempu, ale m\u016f\u017ee se st\u00e1t, \u017ee na n\u011bkter\u00fdch m\u00edstech je sign\u00e1l slab\u0161\u00ed. Ale to koneckonc\u016f i na mnoh\u00fdch m\u00edstech u n\u00e1s. <\/p>\n\n\n\n<p>V\u00a0kempu je n\u011bkolik restaurac\u00ed, baz\u00e9ny, wellness, tenisov\u00e9 kurty, d\u011btsk\u00e9 h\u0159i\u0161t\u011b\u2026 Obecn\u011b tento kemp mohu, co se p\u0159\u00edstupu k\u00a0d\u011btem a jejich vy\u017eit\u00ed jednozna\u010dn\u011b doporu\u010dit. Pl\u00e1\u017e pat\u0159\u00edc\u00ed kempu je obl\u00e1zkov\u00e1, ale postupn\u011b p\u0159ech\u00e1z\u00ed v p\u00edsek, co\u017e v\u00e1m ale zaru\u010duje k\u0159i\u0161\u0165\u00e1lov\u011b \u010distou vodu. Pro citliv\u011bj\u0161\u00ed chodidla v\u0161ak doporu\u010duji boty do vody, co\u017e ostatn\u011b plat\u00ed pro v\u0161echny chorvatsk\u00e9 obl\u00e1zkov\u00e9 pl\u00e1\u017ee. A nebo jsem jen p\u0159ehnan\u011b citliv\u00e1 j\u00e1. Ale vzhledem k\u00a0tomu, \u017ee rozhodn\u011b nejsem sama, to tak nevid\u00edm. J\u00e1 to nicm\u00e9n\u011b \u0159e\u0161\u00edm tak, \u017ee vejdu do p\u0159im\u011b\u0159en\u00e9 hloubky v\u00a0\u017eabk\u00e1ch, boty na b\u0159eh n\u011bkomu hod\u00edm a spol\u00e9h\u00e1m na to, \u017ee mi je n\u011bkdo pak zase hod\u00ed zp\u00e1tky. No a kdy\u017e ne, tak nic. P\u0159e\u017e\u00edt se to d\u00e1. V\u00a0bl\u00edzkosti kempu se pak do mo\u0159e vl\u00e9v\u00e1 \u0159eka<\/p>\n\n\n\n<figure class=\"wp-block-image\"><img loading=\"lazy\" decoding=\"async\" width=\"800\" height=\"533\" src=\"https:\/\/all4camper.com\/\/wp-content\/uploads\/2019\/07\/57468016_10157506974556282_7203111702483697664_n.jpg\" alt=\"\" class=\"wp-image-80067\" srcset=\"https:\/\/all4camper.com\/wp-content\/uploads\/2019\/07\/57468016_10157506974556282_7203111702483697664_n.jpg 800w, https:\/\/all4camper.com\/wp-content\/uploads\/2019\/07\/57468016_10157506974556282_7203111702483697664_n-150x100.jpg 150w, https:\/\/all4camper.com\/wp-content\/uploads\/2019\/07\/57468016_10157506974556282_7203111702483697664_n-300x200.jpg 300w, https:\/\/all4camper.com\/wp-content\/uploads\/2019\/07\/57468016_10157506974556282_7203111702483697664_n-768x512.jpg 768w\" sizes=\"auto, (max-width: 800px) 100vw, 800px\" \/><\/figure>\n\n\n\n<p><strong>Jak vypad\u00e1 Stobre\u010d?<\/strong><br>Samotn\u00e9 m\u011bste\u010dko Strobre\u010d by se dalo ozna\u010dit za jak\u00e9si p\u0159edm\u011bst\u00ed Splitu, kde st\u00e1le vyr\u016fstaj\u00ed nov\u00e9 domy \u2013 hlavn\u011b tedy apartm\u00e1ny. Najdete tu p\u00e1r restaurac\u00ed a bar\u016f, ale d\u00e1 se \u0159\u00edci, \u017ee m\u00edstem v\u0161ichni sp\u00ed\u0161e proj\u00ed\u017ed\u011bj\u00ed. Nicm\u00e9n\u011b na ve\u010dern\u00ed proch\u00e1zku p\u0159ed span\u00edm  \u2013 pro\u010d ne!<br><\/p>\n\n\n\n<p><strong>A pro\u010d pr\u00e1v\u011b tento kemp?<\/strong><br>Obecn\u011b by se dalo \u0159\u00edci, \u017ee je v\u00e1\u017en\u011b skv\u011bl\u00fdm v\u00fdchoz\u00edm bodem pro n\u00e1v\u0161t\u011bvu Splitu. V\u00e1\u017en\u011b. A j\u00e1 ho v\u00a0tomto sm\u011bru doporu\u010duji. Split je n\u00e1dhern\u00e9 m\u011bsto, i kdy\u017e, jak u\u017e to tak b\u00fdv\u00e1, pom\u011brn\u011b p\u0159epln\u011bn\u00e9 turisty, a proto je ubytov\u00e1n\u00ed v\u00a0okol\u00ed skv\u011blou variantou, jak m\u011bsto nav\u0161t\u00edvit brzy r\u00e1no, nebo tam pro\u017e\u00edt n\u00e1dhern\u00fd ve\u010der. Proto m\u011b docela p\u0159ekvapuje, jak p\u011bkn\u011b se majitel\u00e9 o kemp staraj\u00ed. Mysl\u00edm toti\u017e, \u017ee by sta\u010dila jen upraven\u00e1 pl\u00e1\u017e a z\u00e1kladn\u00ed vybaven\u00ed a plno by bylo i tak. Ale o to v\u00edc je mi to tam milej\u0161\u00ed, proto\u017ee to opravdu nen\u00ed v\u00a0Chovatsku zvykem. A vlastn\u011b nejen v\u00a0Chorvatsku, co si budeme pov\u00eddat\u2026 <\/p>\n\n\n\n<p>Nudit se tu rozhodn\u011b nebudete a spokojen\u00e9 budou i rodiny s\u00a0d\u011btmi. Mysl\u00edm, \u017ee se sem budete r\u00e1di vracet i navzdory tomu, \u017ee u\u017e t\u0159eba budete Split zn\u00e1t jako sv\u00e9 boty. Dal\u0161\u00ed informace se dozv\u00edte na na str\u00e1nk\u00e1ch kempu <a rel=\"noreferrer noopener\" aria-label=\"www.campingsplit.com (opens in a new tab)\" href=\"http:\/\/www.campingsplit.com\" target=\"_blank\">www.campingsplit.com<\/a><\/p>\n\n\n\n<ul class=\"wp-block-gallery columns-2 is-cropped wp-block-gallery-1 is-layout-flex wp-block-gallery-is-layout-flex\"><li class=\"blocks-gallery-item\"><figure><img loading=\"lazy\" decoding=\"async\" width=\"1440\" height=\"1080\" src=\"https:\/\/all4camper.com\/\/wp-content\/uploads\/2019\/07\/12140204_10153824076226282_3637801301658588073_o-1440x1080.jpg\" alt=\"\" data-id=\"80068\" data-link=\"https:\/\/all4camper.com\/\/?attachment_id=80068\" class=\"wp-image-80068\" srcset=\"https:\/\/all4camper.com\/wp-content\/uploads\/2019\/07\/12140204_10153824076226282_3637801301658588073_o-1440x1080.jpg 1440w, https:\/\/all4camper.com\/wp-content\/uploads\/2019\/07\/12140204_10153824076226282_3637801301658588073_o-300x225.jpg 300w, https:\/\/all4camper.com\/wp-content\/uploads\/2019\/07\/12140204_10153824076226282_3637801301658588073_o-150x113.jpg 150w, https:\/\/all4camper.com\/wp-content\/uploads\/2019\/07\/12140204_10153824076226282_3637801301658588073_o-768x576.jpg 768w, https:\/\/all4camper.com\/wp-content\/uploads\/2019\/07\/12140204_10153824076226282_3637801301658588073_o-1536x1152.jpg 1536w, https:\/\/all4camper.com\/wp-content\/uploads\/2019\/07\/12140204_10153824076226282_3637801301658588073_o-678x509.jpg 678w, https:\/\/all4camper.com\/wp-content\/uploads\/2019\/07\/12140204_10153824076226282_3637801301658588073_o-326x245.jpg 326w, https:\/\/all4camper.com\/wp-content\/uploads\/2019\/07\/12140204_10153824076226282_3637801301658588073_o-80x60.jpg 80w, https:\/\/all4camper.com\/wp-content\/uploads\/2019\/07\/12140204_10153824076226282_3637801301658588073_o.jpg 2048w\" sizes=\"auto, (max-width: 1440px) 100vw, 1440px\" \/><\/figure><\/li><li class=\"blocks-gallery-item\"><figure><img loading=\"lazy\" decoding=\"async\" width=\"1447\" height=\"1080\" src=\"https:\/\/all4camper.com\/\/wp-content\/uploads\/2019\/07\/21949995_10155913633826282_2317726777343138469_o-1447x1080.jpg\" alt=\"\" data-id=\"80069\" data-link=\"https:\/\/all4camper.com\/\/?attachment_id=80069\" class=\"wp-image-80069\" srcset=\"https:\/\/all4camper.com\/wp-content\/uploads\/2019\/07\/21949995_10155913633826282_2317726777343138469_o-1447x1080.jpg 1447w, https:\/\/all4camper.com\/wp-content\/uploads\/2019\/07\/21949995_10155913633826282_2317726777343138469_o-300x224.jpg 300w, https:\/\/all4camper.com\/wp-content\/uploads\/2019\/07\/21949995_10155913633826282_2317726777343138469_o-150x112.jpg 150w, https:\/\/all4camper.com\/wp-content\/uploads\/2019\/07\/21949995_10155913633826282_2317726777343138469_o-768x573.jpg 768w, https:\/\/all4camper.com\/wp-content\/uploads\/2019\/07\/21949995_10155913633826282_2317726777343138469_o-1536x1147.jpg 1536w, https:\/\/all4camper.com\/wp-content\/uploads\/2019\/07\/21949995_10155913633826282_2317726777343138469_o-80x60.jpg 80w, https:\/\/all4camper.com\/wp-content\/uploads\/2019\/07\/21949995_10155913633826282_2317726777343138469_o.jpg 2048w\" sizes=\"auto, (max-width: 1447px) 100vw, 1447px\" \/><\/figure><\/li><li class=\"blocks-gallery-item\"><figure><img loading=\"lazy\" decoding=\"async\" width=\"1620\" height=\"1080\" src=\"https:\/\/all4camper.com\/\/wp-content\/uploads\/2019\/07\/28061180_10156361204801282_501237453145779346_o-1620x1080.jpg\" alt=\"\" data-id=\"80070\" data-link=\"https:\/\/all4camper.com\/\/?attachment_id=80070\" class=\"wp-image-80070\" srcset=\"https:\/\/all4camper.com\/wp-content\/uploads\/2019\/07\/28061180_10156361204801282_501237453145779346_o-1620x1080.jpg 1620w, https:\/\/all4camper.com\/wp-content\/uploads\/2019\/07\/28061180_10156361204801282_501237453145779346_o-300x200.jpg 300w, https:\/\/all4camper.com\/wp-content\/uploads\/2019\/07\/28061180_10156361204801282_501237453145779346_o-150x100.jpg 150w, https:\/\/all4camper.com\/wp-content\/uploads\/2019\/07\/28061180_10156361204801282_501237453145779346_o-768x512.jpg 768w, https:\/\/all4camper.com\/wp-content\/uploads\/2019\/07\/28061180_10156361204801282_501237453145779346_o-1536x1024.jpg 1536w, https:\/\/all4camper.com\/wp-content\/uploads\/2019\/07\/28061180_10156361204801282_501237453145779346_o.jpg 1696w\" sizes=\"auto, (max-width: 1620px) 100vw, 1620px\" \/><\/figure><\/li><li class=\"blocks-gallery-item\"><figure><img loading=\"lazy\" decoding=\"async\" width=\"1440\" height=\"1080\" src=\"https:\/\/all4camper.com\/\/wp-content\/uploads\/2019\/07\/36511234_10156746723346282_3866140164686348288_o-1440x1080.jpg\" alt=\"\" data-id=\"80071\" data-link=\"https:\/\/all4camper.com\/\/?attachment_id=80071\" class=\"wp-image-80071\" srcset=\"https:\/\/all4camper.com\/wp-content\/uploads\/2019\/07\/36511234_10156746723346282_3866140164686348288_o-1440x1080.jpg 1440w, https:\/\/all4camper.com\/wp-content\/uploads\/2019\/07\/36511234_10156746723346282_3866140164686348288_o-300x225.jpg 300w, https:\/\/all4camper.com\/wp-content\/uploads\/2019\/07\/36511234_10156746723346282_3866140164686348288_o-150x113.jpg 150w, https:\/\/all4camper.com\/wp-content\/uploads\/2019\/07\/36511234_10156746723346282_3866140164686348288_o-768x576.jpg 768w, https:\/\/all4camper.com\/wp-content\/uploads\/2019\/07\/36511234_10156746723346282_3866140164686348288_o-1536x1152.jpg 1536w, https:\/\/all4camper.com\/wp-content\/uploads\/2019\/07\/36511234_10156746723346282_3866140164686348288_o-678x509.jpg 678w, https:\/\/all4camper.com\/wp-content\/uploads\/2019\/07\/36511234_10156746723346282_3866140164686348288_o-326x245.jpg 326w, https:\/\/all4camper.com\/wp-content\/uploads\/2019\/07\/36511234_10156746723346282_3866140164686348288_o-80x60.jpg 80w, https:\/\/all4camper.com\/wp-content\/uploads\/2019\/07\/36511234_10156746723346282_3866140164686348288_o.jpg 1600w\" sizes=\"auto, (max-width: 1440px) 100vw, 1440px\" \/><\/figure><\/li><li class=\"blocks-gallery-item\"><figure><img loading=\"lazy\" decoding=\"async\" width=\"1619\" height=\"1080\" src=\"https:\/\/all4camper.com\/\/wp-content\/uploads\/2019\/07\/60769936_10157600710541282_411718966608658432_o-1619x1080.jpg\" alt=\"\" data-id=\"80072\" data-link=\"https:\/\/all4camper.com\/\/?attachment_id=80072\" class=\"wp-image-80072\" srcset=\"https:\/\/all4camper.com\/wp-content\/uploads\/2019\/07\/60769936_10157600710541282_411718966608658432_o-1619x1080.jpg 1619w, https:\/\/all4camper.com\/wp-content\/uploads\/2019\/07\/60769936_10157600710541282_411718966608658432_o-300x200.jpg 300w, https:\/\/all4camper.com\/wp-content\/uploads\/2019\/07\/60769936_10157600710541282_411718966608658432_o-150x100.jpg 150w, https:\/\/all4camper.com\/wp-content\/uploads\/2019\/07\/60769936_10157600710541282_411718966608658432_o-768x512.jpg 768w, https:\/\/all4camper.com\/wp-content\/uploads\/2019\/07\/60769936_10157600710541282_411718966608658432_o-1536x1025.jpg 1536w, https:\/\/all4camper.com\/wp-content\/uploads\/2019\/07\/60769936_10157600710541282_411718966608658432_o.jpg 1745w\" sizes=\"auto, (max-width: 1619px) 100vw, 1619px\" \/><\/figure><\/li><\/ul>\n\n\n\n<p><em>Autor: Kate\u0159ina<\/em><\/p>\n","protected":false},"excerpt":{"rendered":"<p>Kdy\u017e chcete kempovat ve Splitu, pak byste si m\u011bli vybrat za c\u00edl kemp Stobre\u010d, proto\u017ee bl\u00ed\u017e se obyt\u0148\u00e1kem dostane jen v\u00a0p\u0159\u00edpad\u011b, \u017ee budete bydlet u n\u011bkoho na zahrad\u011b, nakupovat v\u00a0supermarketu, nebo st\u00e1t v\u00a0kolon\u011b na trajekt. Nav\u00edc by byla \u0161koda, tento kemp vynechat. M\u00e1 rozhodn\u011b co nab\u00eddnout. Ve Splitu jste za chvili\u010dkuTak\u017ee \u2013 \u00fapln\u011b p\u0159esn\u011b kemp [&hellip;]<\/p>\n","protected":false},"author":161,"featured_media":80073,"comment_status":"closed","ping_status":"open","sticky":false,"template":"","format":"standard","meta":{"_monsterinsights_skip_tracking":false,"_monsterinsights_sitenote_active":false,"_monsterinsights_sitenote_note":"","_monsterinsights_sitenote_category":0,"footnotes":""},"categories":[2382,68],"tags":[112,101],"class_list":{"0":"post-80064","1":"post","2":"type-post","3":"status-publish","4":"format-standard","5":"has-post-thumbnail","7":"category-kempovani-a-cestovani-v-chorvatsku","8":"category-kempovani-a-zajimave-cile","9":"tag-chorvatsko","10":"tag-kempy-1"},"yoast_head":"<!-- This site is optimized with the Yoast SEO plugin v27.5 - https:\/\/yoast.com\/product\/yoast-seo-wordpress\/ -->\n<title>Kemp Strobe\u010d - kr\u00e1sn\u00fd kemp nedaleko Splitu - All4Camper<\/title>\n<meta name=\"description\" content=\"All4Camper - Kemp Strobe\u010d - kr\u00e1sn\u00fd kemp nedaleko Splitu\" \/>\n<meta name=\"robots\" content=\"index, follow, max-snippet:-1, max-image-preview:large, max-video-preview:-1\" \/>\n<link rel=\"canonical\" href=\"https:\/\/all4camper.com\/cs\/kemp-strobec-krasny-kemp-nedaleko-splitu\/\" \/>\n<meta property=\"og:locale\" content=\"cs_CZ\" \/>\n<meta property=\"og:type\" content=\"article\" \/>\n<meta property=\"og:title\" content=\"Kemp Strobe\u010d - kr\u00e1sn\u00fd kemp nedaleko Splitu - All4Camper\" \/>\n<meta property=\"og:description\" content=\"All4Camper - Kemp Strobe\u010d - kr\u00e1sn\u00fd kemp nedaleko Splitu\" \/>\n<meta property=\"og:url\" content=\"https:\/\/all4camper.com\/cs\/kemp-strobec-krasny-kemp-nedaleko-splitu\/\" \/>\n<meta property=\"og:site_name\" content=\"All4Camper\" \/>\n<meta property=\"article:published_time\" content=\"2019-07-15T10:00:22+00:00\" \/>\n<meta property=\"article:modified_time\" content=\"2020-04-21T12:45:04+00:00\" \/>\n<meta property=\"og:image\" content=\"https:\/\/all4camper.com\/wp-content\/uploads\/2019\/07\/cropped-21949995_10155913633826282_2317726777343138469_o.jpg\" \/>\n\t<meta property=\"og:image:width\" content=\"2048\" \/>\n\t<meta property=\"og:image:height\" content=\"1151\" \/>\n\t<meta property=\"og:image:type\" content=\"image\/jpeg\" \/>\n<meta name=\"author\" content=\"Kate\u0159ina\" \/>\n<meta name=\"twitter:card\" content=\"summary_large_image\" \/>\n<meta name=\"twitter:label1\" content=\"Napsal(a)\" \/>\n\t<meta name=\"twitter:data1\" content=\"Kate\u0159ina\" \/>\n\t<meta name=\"twitter:label2\" content=\"Odhadovan\u00e1 doba \u010dten\u00ed\" \/>\n\t<meta name=\"twitter:data2\" content=\"5 minut\" \/>\n<script type=\"application\/ld+json\" class=\"yoast-schema-graph\">{\"@context\":\"https:\\\/\\\/schema.org\",\"@graph\":[{\"@type\":\"Article\",\"@id\":\"https:\\\/\\\/all4camper.com\\\/cs\\\/kemp-strobec-krasny-kemp-nedaleko-splitu\\\/#article\",\"isPartOf\":{\"@id\":\"https:\\\/\\\/all4camper.com\\\/cs\\\/kemp-strobec-krasny-kemp-nedaleko-splitu\\\/\"},\"author\":{\"name\":\"Kate\u0159ina\",\"@id\":\"https:\\\/\\\/all4camper.com\\\/cs\\\/#\\\/schema\\\/person\\\/9349489688d4c221ca0fc39ae6bcb70b\"},\"headline\":\"Kemp Strobe\u010d &#8211; kr\u00e1sn\u00fd kemp nedaleko Splitu\",\"datePublished\":\"2019-07-15T10:00:22+00:00\",\"dateModified\":\"2020-04-21T12:45:04+00:00\",\"mainEntityOfPage\":{\"@id\":\"https:\\\/\\\/all4camper.com\\\/cs\\\/kemp-strobec-krasny-kemp-nedaleko-splitu\\\/\"},\"wordCount\":991,\"publisher\":{\"@id\":\"https:\\\/\\\/all4camper.com\\\/cs\\\/#organization\"},\"image\":{\"@id\":\"https:\\\/\\\/all4camper.com\\\/cs\\\/kemp-strobec-krasny-kemp-nedaleko-splitu\\\/#primaryimage\"},\"thumbnailUrl\":\"https:\\\/\\\/all4camper.com\\\/wp-content\\\/uploads\\\/2019\\\/07\\\/cropped-21949995_10155913633826282_2317726777343138469_o.jpg\",\"keywords\":[\"Chorvatsko\",\"Kempy a kempovac\u00ed m\u00edsta\"],\"articleSection\":[\"Kempov\u00e1n\u00ed a cestov\u00e1n\u00ed v Chorvatsku\",\"Kempy a zaj\u00edmav\u00e1 m\u00edsta\"],\"inLanguage\":\"cs\"},{\"@type\":\"WebPage\",\"@id\":\"https:\\\/\\\/all4camper.com\\\/cs\\\/kemp-strobec-krasny-kemp-nedaleko-splitu\\\/\",\"url\":\"https:\\\/\\\/all4camper.com\\\/cs\\\/kemp-strobec-krasny-kemp-nedaleko-splitu\\\/\",\"name\":\"Kemp Strobe\u010d - kr\u00e1sn\u00fd kemp nedaleko Splitu - All4Camper\",\"isPartOf\":{\"@id\":\"https:\\\/\\\/all4camper.com\\\/cs\\\/#website\"},\"primaryImageOfPage\":{\"@id\":\"https:\\\/\\\/all4camper.com\\\/cs\\\/kemp-strobec-krasny-kemp-nedaleko-splitu\\\/#primaryimage\"},\"image\":{\"@id\":\"https:\\\/\\\/all4camper.com\\\/cs\\\/kemp-strobec-krasny-kemp-nedaleko-splitu\\\/#primaryimage\"},\"thumbnailUrl\":\"https:\\\/\\\/all4camper.com\\\/wp-content\\\/uploads\\\/2019\\\/07\\\/cropped-21949995_10155913633826282_2317726777343138469_o.jpg\",\"datePublished\":\"2019-07-15T10:00:22+00:00\",\"dateModified\":\"2020-04-21T12:45:04+00:00\",\"description\":\"All4Camper - Kemp Strobe\u010d - kr\u00e1sn\u00fd kemp nedaleko Splitu\",\"breadcrumb\":{\"@id\":\"https:\\\/\\\/all4camper.com\\\/cs\\\/kemp-strobec-krasny-kemp-nedaleko-splitu\\\/#breadcrumb\"},\"inLanguage\":\"cs\",\"potentialAction\":[{\"@type\":\"ReadAction\",\"target\":[\"https:\\\/\\\/all4camper.com\\\/cs\\\/kemp-strobec-krasny-kemp-nedaleko-splitu\\\/\"]}]},{\"@type\":\"ImageObject\",\"inLanguage\":\"cs\",\"@id\":\"https:\\\/\\\/all4camper.com\\\/cs\\\/kemp-strobec-krasny-kemp-nedaleko-splitu\\\/#primaryimage\",\"url\":\"https:\\\/\\\/all4camper.com\\\/wp-content\\\/uploads\\\/2019\\\/07\\\/cropped-21949995_10155913633826282_2317726777343138469_o.jpg\",\"contentUrl\":\"https:\\\/\\\/all4camper.com\\\/wp-content\\\/uploads\\\/2019\\\/07\\\/cropped-21949995_10155913633826282_2317726777343138469_o.jpg\",\"width\":2048,\"height\":1151},{\"@type\":\"BreadcrumbList\",\"@id\":\"https:\\\/\\\/all4camper.com\\\/cs\\\/kemp-strobec-krasny-kemp-nedaleko-splitu\\\/#breadcrumb\",\"itemListElement\":[{\"@type\":\"ListItem\",\"position\":1,\"name\":\"Dom\u016f\",\"item\":\"https:\\\/\\\/all4camper.com\\\/cs\\\/\"},{\"@type\":\"ListItem\",\"position\":2,\"name\":\"Kempov\u00e1n\u00ed a cestov\u00e1n\u00ed v Chorvatsku\",\"item\":\"https:\\\/\\\/all4camper.com\\\/cs\\\/category\\\/kempovani-a-cestovani-v-chorvatsku\\\/\"},{\"@type\":\"ListItem\",\"position\":3,\"name\":\"Kemp Strobe\u010d &#8211; kr\u00e1sn\u00fd kemp nedaleko Splitu\"}]},{\"@type\":\"WebSite\",\"@id\":\"https:\\\/\\\/all4camper.com\\\/cs\\\/#website\",\"url\":\"https:\\\/\\\/all4camper.com\\\/cs\\\/\",\"name\":\"All4Camper\",\"description\":\"Nejv\u011bt\u0161\u00ed online magaz\u00edn o kempov\u00e1n\u00ed a karavaninku. V\u00edce jak 900 \u010dl\u00e1nk\u016f pln\u00fdch rad a tip\u016f o kempech a kempov\u00e1n\u00ed.\",\"publisher\":{\"@id\":\"https:\\\/\\\/all4camper.com\\\/cs\\\/#organization\"},\"potentialAction\":[{\"@type\":\"SearchAction\",\"target\":{\"@type\":\"EntryPoint\",\"urlTemplate\":\"https:\\\/\\\/all4camper.com\\\/cs\\\/?s={search_term_string}\"},\"query-input\":{\"@type\":\"PropertyValueSpecification\",\"valueRequired\":true,\"valueName\":\"search_term_string\"}}],\"inLanguage\":\"cs\"},{\"@type\":\"Organization\",\"@id\":\"https:\\\/\\\/all4camper.com\\\/cs\\\/#organization\",\"name\":\"All4Camper - kempujeme s Kl\u00e1rou\",\"url\":\"https:\\\/\\\/all4camper.com\\\/cs\\\/\",\"logo\":{\"@type\":\"ImageObject\",\"inLanguage\":\"cs\",\"@id\":\"https:\\\/\\\/all4camper.com\\\/cs\\\/#\\\/schema\\\/logo\\\/image\\\/\",\"url\":\"https:\\\/\\\/all4camper.com\\\/wp-content\\\/uploads\\\/2018\\\/09\\\/novelogo.png\",\"contentUrl\":\"https:\\\/\\\/all4camper.com\\\/wp-content\\\/uploads\\\/2018\\\/09\\\/novelogo.png\",\"width\":1520,\"height\":600,\"caption\":\"All4Camper - kempujeme s Kl\u00e1rou\"},\"image\":{\"@id\":\"https:\\\/\\\/all4camper.com\\\/cs\\\/#\\\/schema\\\/logo\\\/image\\\/\"}},{\"@type\":\"Person\",\"@id\":\"https:\\\/\\\/all4camper.com\\\/cs\\\/#\\\/schema\\\/person\\\/9349489688d4c221ca0fc39ae6bcb70b\",\"name\":\"Kate\u0159ina\",\"url\":\"https:\\\/\\\/all4camper.com\\\/cs\\\/author\\\/kterina\\\/\"}]}<\/script>\n<!-- \/ Yoast SEO plugin. -->","yoast_head_json":{"title":"Kemp Strobe\u010d - kr\u00e1sn\u00fd kemp nedaleko Splitu - All4Camper","description":"All4Camper - Kemp Strobe\u010d - kr\u00e1sn\u00fd kemp nedaleko Splitu","robots":{"index":"index","follow":"follow","max-snippet":"max-snippet:-1","max-image-preview":"max-image-preview:large","max-video-preview":"max-video-preview:-1"},"canonical":"https:\/\/all4camper.com\/cs\/kemp-strobec-krasny-kemp-nedaleko-splitu\/","og_locale":"cs_CZ","og_type":"article","og_title":"Kemp Strobe\u010d - kr\u00e1sn\u00fd kemp nedaleko Splitu - All4Camper","og_description":"All4Camper - Kemp Strobe\u010d - kr\u00e1sn\u00fd kemp nedaleko Splitu","og_url":"https:\/\/all4camper.com\/cs\/kemp-strobec-krasny-kemp-nedaleko-splitu\/","og_site_name":"All4Camper","article_published_time":"2019-07-15T10:00:22+00:00","article_modified_time":"2020-04-21T12:45:04+00:00","og_image":[{"width":2048,"height":1151,"url":"https:\/\/all4camper.com\/wp-content\/uploads\/2019\/07\/cropped-21949995_10155913633826282_2317726777343138469_o.jpg","type":"image\/jpeg"}],"author":"Kate\u0159ina","twitter_card":"summary_large_image","twitter_misc":{"Napsal(a)":"Kate\u0159ina","Odhadovan\u00e1 doba \u010dten\u00ed":"5 minut"},"schema":{"@context":"https:\/\/schema.org","@graph":[{"@type":"Article","@id":"https:\/\/all4camper.com\/cs\/kemp-strobec-krasny-kemp-nedaleko-splitu\/#article","isPartOf":{"@id":"https:\/\/all4camper.com\/cs\/kemp-strobec-krasny-kemp-nedaleko-splitu\/"},"author":{"name":"Kate\u0159ina","@id":"https:\/\/all4camper.com\/cs\/#\/schema\/person\/9349489688d4c221ca0fc39ae6bcb70b"},"headline":"Kemp Strobe\u010d &#8211; kr\u00e1sn\u00fd kemp nedaleko Splitu","datePublished":"2019-07-15T10:00:22+00:00","dateModified":"2020-04-21T12:45:04+00:00","mainEntityOfPage":{"@id":"https:\/\/all4camper.com\/cs\/kemp-strobec-krasny-kemp-nedaleko-splitu\/"},"wordCount":991,"publisher":{"@id":"https:\/\/all4camper.com\/cs\/#organization"},"image":{"@id":"https:\/\/all4camper.com\/cs\/kemp-strobec-krasny-kemp-nedaleko-splitu\/#primaryimage"},"thumbnailUrl":"https:\/\/all4camper.com\/wp-content\/uploads\/2019\/07\/cropped-21949995_10155913633826282_2317726777343138469_o.jpg","keywords":["Chorvatsko","Kempy a kempovac\u00ed m\u00edsta"],"articleSection":["Kempov\u00e1n\u00ed a cestov\u00e1n\u00ed v Chorvatsku","Kempy a zaj\u00edmav\u00e1 m\u00edsta"],"inLanguage":"cs"},{"@type":"WebPage","@id":"https:\/\/all4camper.com\/cs\/kemp-strobec-krasny-kemp-nedaleko-splitu\/","url":"https:\/\/all4camper.com\/cs\/kemp-strobec-krasny-kemp-nedaleko-splitu\/","name":"Kemp Strobe\u010d - kr\u00e1sn\u00fd kemp nedaleko Splitu - All4Camper","isPartOf":{"@id":"https:\/\/all4camper.com\/cs\/#website"},"primaryImageOfPage":{"@id":"https:\/\/all4camper.com\/cs\/kemp-strobec-krasny-kemp-nedaleko-splitu\/#primaryimage"},"image":{"@id":"https:\/\/all4camper.com\/cs\/kemp-strobec-krasny-kemp-nedaleko-splitu\/#primaryimage"},"thumbnailUrl":"https:\/\/all4camper.com\/wp-content\/uploads\/2019\/07\/cropped-21949995_10155913633826282_2317726777343138469_o.jpg","datePublished":"2019-07-15T10:00:22+00:00","dateModified":"2020-04-21T12:45:04+00:00","description":"All4Camper - Kemp Strobe\u010d - kr\u00e1sn\u00fd kemp nedaleko Splitu","breadcrumb":{"@id":"https:\/\/all4camper.com\/cs\/kemp-strobec-krasny-kemp-nedaleko-splitu\/#breadcrumb"},"inLanguage":"cs","potentialAction":[{"@type":"ReadAction","target":["https:\/\/all4camper.com\/cs\/kemp-strobec-krasny-kemp-nedaleko-splitu\/"]}]},{"@type":"ImageObject","inLanguage":"cs","@id":"https:\/\/all4camper.com\/cs\/kemp-strobec-krasny-kemp-nedaleko-splitu\/#primaryimage","url":"https:\/\/all4camper.com\/wp-content\/uploads\/2019\/07\/cropped-21949995_10155913633826282_2317726777343138469_o.jpg","contentUrl":"https:\/\/all4camper.com\/wp-content\/uploads\/2019\/07\/cropped-21949995_10155913633826282_2317726777343138469_o.jpg","width":2048,"height":1151},{"@type":"BreadcrumbList","@id":"https:\/\/all4camper.com\/cs\/kemp-strobec-krasny-kemp-nedaleko-splitu\/#breadcrumb","itemListElement":[{"@type":"ListItem","position":1,"name":"Dom\u016f","item":"https:\/\/all4camper.com\/cs\/"},{"@type":"ListItem","position":2,"name":"Kempov\u00e1n\u00ed a cestov\u00e1n\u00ed v Chorvatsku","item":"https:\/\/all4camper.com\/cs\/category\/kempovani-a-cestovani-v-chorvatsku\/"},{"@type":"ListItem","position":3,"name":"Kemp Strobe\u010d &#8211; kr\u00e1sn\u00fd kemp nedaleko Splitu"}]},{"@type":"WebSite","@id":"https:\/\/all4camper.com\/cs\/#website","url":"https:\/\/all4camper.com\/cs\/","name":"All4Camper","description":"Nejv\u011bt\u0161\u00ed online magaz\u00edn o kempov\u00e1n\u00ed a karavaninku. V\u00edce jak 900 \u010dl\u00e1nk\u016f pln\u00fdch rad a tip\u016f o kempech a kempov\u00e1n\u00ed.","publisher":{"@id":"https:\/\/all4camper.com\/cs\/#organization"},"potentialAction":[{"@type":"SearchAction","target":{"@type":"EntryPoint","urlTemplate":"https:\/\/all4camper.com\/cs\/?s={search_term_string}"},"query-input":{"@type":"PropertyValueSpecification","valueRequired":true,"valueName":"search_term_string"}}],"inLanguage":"cs"},{"@type":"Organization","@id":"https:\/\/all4camper.com\/cs\/#organization","name":"All4Camper - kempujeme s Kl\u00e1rou","url":"https:\/\/all4camper.com\/cs\/","logo":{"@type":"ImageObject","inLanguage":"cs","@id":"https:\/\/all4camper.com\/cs\/#\/schema\/logo\/image\/","url":"https:\/\/all4camper.com\/wp-content\/uploads\/2018\/09\/novelogo.png","contentUrl":"https:\/\/all4camper.com\/wp-content\/uploads\/2018\/09\/novelogo.png","width":1520,"height":600,"caption":"All4Camper - kempujeme s Kl\u00e1rou"},"image":{"@id":"https:\/\/all4camper.com\/cs\/#\/schema\/logo\/image\/"}},{"@type":"Person","@id":"https:\/\/all4camper.com\/cs\/#\/schema\/person\/9349489688d4c221ca0fc39ae6bcb70b","name":"Kate\u0159ina","url":"https:\/\/all4camper.com\/cs\/author\/kterina\/"}]}},"_links":{"self":[{"href":"https:\/\/all4camper.com\/cs\/wp-json\/wp\/v2\/posts\/80064","targetHints":{"allow":["GET"]}}],"collection":[{"href":"https:\/\/all4camper.com\/cs\/wp-json\/wp\/v2\/posts"}],"about":[{"href":"https:\/\/all4camper.com\/cs\/wp-json\/wp\/v2\/types\/post"}],"author":[{"embeddable":true,"href":"https:\/\/all4camper.com\/cs\/wp-json\/wp\/v2\/users\/161"}],"replies":[{"embeddable":true,"href":"https:\/\/all4camper.com\/cs\/wp-json\/wp\/v2\/comments?post=80064"}],"version-history":[{"count":0,"href":"https:\/\/all4camper.com\/cs\/wp-json\/wp\/v2\/posts\/80064\/revisions"}],"wp:featuredmedia":[{"embeddable":true,"href":"https:\/\/all4camper.com\/cs\/wp-json\/wp\/v2\/media\/80073"}],"wp:attachment":[{"href":"https:\/\/all4camper.com\/cs\/wp-json\/wp\/v2\/media?parent=80064"}],"wp:term":[{"taxonomy":"category","embeddable":true,"href":"https:\/\/all4camper.com\/cs\/wp-json\/wp\/v2\/categories?post=80064"},{"taxonomy":"post_tag","embeddable":true,"href":"https:\/\/all4camper.com\/cs\/wp-json\/wp\/v2\/tags?post=80064"}],"curies":[{"name":"wp","href":"https:\/\/api.w.org\/{rel}","templated":true}]}}