{"id":79884,"date":"2019-07-16T08:02:09","date_gmt":"2019-07-16T06:02:09","guid":{"rendered":"https:\/\/all4camper.com\/\/?p=79884"},"modified":"2019-12-15T14:35:03","modified_gmt":"2019-12-15T13:35:03","slug":"muj-mily-denicku-aneb-jak-me-poznavaci-dovolena-v-transitu-zachranila-abych-se-nezblaznila-ii-cast","status":"publish","type":"post","link":"https:\/\/all4camper.com\/cs\/muj-mily-denicku-aneb-jak-me-poznavaci-dovolena-v-transitu-zachranila-abych-se-nezblaznila-ii-cast\/","title":{"rendered":"\u201eM\u016fj mil\u00fd den\u00ed\u010dku\u201c, aneb jak m\u011b pozn\u00e1vac\u00ed dovolen\u00e1 v transitu zachranila, abych se nezbl\u00e1znila II. \u010d\u00e1st"},"content":{"rendered":"\n<p><em>Autor: Leona<\/em><\/p>\n\n\n\n<h4 class=\"wp-block-heading\">Pokra\u010dov\u00e1n\u00ed p\u0159\u00edb\u011bhu Leony. Prvn\u00ed \u010d\u00e1st jste si mohli p\u0159e\u010d\u00edst <a rel=\"noreferrer noopener\" aria-label=\"ZDE (opens in a new tab)\" href=\"\/?p=79832\" target=\"_blank\">ZDE<\/a>.<\/h4>\n\n\n\n<p><strong>18. kv\u011btna 2019<\/strong><br><strong>Jeliko\u017e i my m\u00e1me (proto\u017ee jsme po\u0159\u00e1d jen lidi), pr\u00e1vo vst\u00e1t ob\u010das zade\u010dkem nap\u0159ed, tak jsme t\u00edm zade\u010dkem dop\u0159edu vst\u00e1vali dneska.<\/strong> Na parkovi\u0161ti se n\u00e1m o\u010dividn\u011b tak l\u00edb\u00ed, \u017ee jsme na n\u011bm str\u00e1vili p\u016fl dne. Potom jsme jeli sehnat zeleninu na moj\u00ed bolavou nohu (vzpom\u011bla si toti\u017e, \u017ee ote\u010de). <\/p>\n\n\n\n<p>Zb\u011b\u017en\u011b jsme se pod\u00edvali na st\u011bnu Salewy (zrovna se tu konaly n\u011bjak\u00e9 lezec\u00e9 z\u00e1vody, spousta d\u011bt\u00ed a tak, v\u0161ichni na na\u0161i n\u00e1ladu moc ak\u010dn\u00ed), a taky na v\u00fdrobnu Technoalpin, a pak si vyjeli na kope\u010dky d\u00e1t si n\u011bkde ob\u011bd.&nbsp;Pro velkou \u00fasp\u011b\u0161nost se na parkovi\u0161t\u011b je\u0161t\u011b na jednu noc vrac\u00edme. A pro je\u0161t\u011b v\u011bt\u0161\u00ed \u00fasp\u011bnost zji\u0161\u0165uji, \u017ee jsem v\u010dera v noci n\u011bkde ztratila svoj\u00ed kr\u00e1snou \u010dervenou La Sportiva botu. Zbyla mi jenom jedna&#8230;<\/p>\n\n\n\n<p><strong>Nev\u00edm, jestli m\u00e1m bre\u010det nebo se sm\u00e1t. \u0158ekn\u011bte mi, kolik lid\u00ed na dovolen\u00e9 ztrat\u00ed jednu botu? Jo a taky celej den pr\u0161\u00ed. Koho to m\u00e1 bavit? Tak snad z\u00edtra &#8211; bude l\u00edp. To je na programu pokra\u010dov\u00e1n\u00ed v cest\u011b &#8211; sm\u011br Brenner a snad u\u017e kone\u010dn\u011b n\u011bjak\u00fd ten v\u00fdhled a jezero.<\/strong><\/p>\n\n\n\n<p><strong>19. kv\u011btna 2019<\/strong><br>Dnes u\u017e kr\u00e1sn\u00e9, i kdy\u017e de\u0161tiv\u00e9, dobr\u00e9 r\u00e1no. Nasn\u00eddali jsme se na na\u0161em obl\u00edben\u00e9m parkovi\u0161ti a vydali se na okru\u017en\u00ed j\u00edzdu po Bolzanu. Pot\u0159ebovali jsme dokoupit n\u011bjak\u00e9 v\u011bci a tak\u00e9 jsme se cht\u011bli pod\u00edvat na m\u011bsto. Ale dod\u00e1vk\u00e1m tu moc p\u0159\u00e1no nen\u00ed, v\u0161ude parkov\u00e1n\u00ed do 2,1m a ostatn\u00ed byla pln\u00e1, tak\u017ee jsme m\u011bli sm\u016flu, a tak opravdu jen dokupujeme nezbytn\u00e9 v\u011bci a vyd\u00e1v\u00e1me se d\u00e1l, do Brenneru.&nbsp;<\/p>\n\n\n\n<p><strong>Po cest\u011b samoz\u0159ejm\u011b panoramata jak z poh\u00e1dky. Na m\u00edst\u011b parkujeme u n\u00e1kupn\u00edho centra a hezky po sv\u00fdch ,,p\u0159ech\u00e1z\u00edme&#8220; hranice z It\u00e1lie do Rakouska. Jeliko\u017e na to nejsp\u00ed\u0161 nejsme moc zvykl\u00ed a ani dnes nejsme moc \u010dil\u00ed, v\u0161echno bereme v klidu.<\/strong> <\/p>\n\n\n\n<p>Nav\u0161t\u00edv\u00edme n\u00e1kupn\u00ed centrum Outletu na hranic\u00edch, kv\u016fli WC. Zde, cht\u011b necht\u011b, nach\u00e1z\u00edm n\u00e1hradu za sv\u00e9 ztracen\u00e9 La Sportivy a jsem up\u0159\u00edmn\u011b moc r\u00e1da. Zaprv\u00e9 si odv\u00e1\u017e\u00edm pam\u00e1tku a v\u017edy budu v\u011bd\u011bt odkud botky jsou a za druh\u00e9 jsou opravdu moc, moc pohodln\u00e9&#8230;<\/p>\n\n\n\n<p>Proto\u017ee ani dnes nechceme honit nic do extr\u00e9m\u016f, p\u0159ej\u00ed\u017ed\u00edme jen o 12km d\u00e1l od Brenneru na Stellplatz v Trins.<strong> Zleva hory, zprava hory, kolem louky, ovce se zvone\u010dky a potok, prost\u011b n\u00e1dhera. P\u0159ipad\u00e1me si zase jako v poh\u00e1dce a tak\u00e9 kone\u010dn\u011b po \u010dty\u0159ech dnech zase sprcha.<\/strong> Taky jsme kone\u010dn\u011b n\u011bkam dorazili v klidu a v\u010das. D\u011bl\u00e1me si pomalu ve\u010de\u0159i a jsme plni dojm\u016f z okoln\u00edch panormat. No a taky si m\u016f\u017eeme kone\u010dn\u011b v klidu sednout, naj\u00edst se, d\u00e1t si skleni\u010dku a popov\u00eddat si o v\u011bcech, kv\u016fli kter\u00fdm, p\u0159edev\u0161\u00edm!, jsme se na na\u0161i cestu vydali.&nbsp;<\/p>\n\n\n\n<figure class=\"wp-block-image\"><img loading=\"lazy\" decoding=\"async\" width=\"1000\" height=\"750\" src=\"https:\/\/all4camper.com\/\/wp-content\/uploads\/2019\/07\/P1040647.jpg\" alt=\"\" class=\"wp-image-79885\" srcset=\"https:\/\/all4camper.com\/wp-content\/uploads\/2019\/07\/P1040647.jpg 1000w, https:\/\/all4camper.com\/wp-content\/uploads\/2019\/07\/P1040647-150x113.jpg 150w, https:\/\/all4camper.com\/wp-content\/uploads\/2019\/07\/P1040647-300x225.jpg 300w, https:\/\/all4camper.com\/wp-content\/uploads\/2019\/07\/P1040647-768x576.jpg 768w, https:\/\/all4camper.com\/wp-content\/uploads\/2019\/07\/P1040647-678x509.jpg 678w, https:\/\/all4camper.com\/wp-content\/uploads\/2019\/07\/P1040647-326x245.jpg 326w, https:\/\/all4camper.com\/wp-content\/uploads\/2019\/07\/P1040647-80x60.jpg 80w\" sizes=\"auto, (max-width: 1000px) 100vw, 1000px\" \/><\/figure>\n\n\n\n<p><strong>20. kv\u011btna 2019<\/strong><br>Bohu\u017eel jsme si \u0161patn\u00e9 po\u010das\u00ed p\u0159ivezli prost\u011b s sebou. Tak\u017ee po \u00fasp\u011bchu z klidn\u00e9ho dne, klidn\u00e9ho zaparkov\u00e1n\u00ed a klidn\u00e9 ve\u010de\u0159e, n\u00e1s \u010dek\u00e1 neklidn\u00e9 probuzen\u00ed do naprosto de\u0161tiv\u00e9ho r\u00e1na. Nejd\u0159\u00edv se rozhodujeme, \u017ee bychom se vydali n\u011bkam aspo\u0148 kousek na t\u00faru, ale proto\u017ee se sn\u00e1\u0161\u00ed mlha, m\u00e1me trochu strach, \u017ee bychom nena\u0161li ani jeden druh\u00e9ho, nato\u017e cestu zp\u00e1tky k autu. Nato\u017e vid\u011bt n\u011bco kolem. Tak se po porad\u011b vyd\u00e1v\u00e1me sm\u011br Innsbruk, kter\u00fd je p\u016fl hodiny od n\u00e1s a vid\u011bt jsme ho cht\u011bli t\u00e9\u017e.&nbsp;<\/p>\n\n\n\n<p>Po t\u0159ech hodin\u00e1ch chozen\u00ed po Innsbruku jsme stejn\u011b mok\u0159\u00ed, jako my\u0161i, ale pozitivum to m\u00e1 &#8211; vid\u011bli jsme na sebe. M\u011bsto se n\u00e1m l\u00edb\u00ed, a\u010dkoliv na n\u00e1s p\u016fsob\u00ed pon\u011bkud hektick\u00fdm dojmem. Pam\u00e1tky tu maj\u00ed dohromady asi \u010dty\u0159i (aspo\u0148 co jsme tak podle pohled\u016f zjistili), a z toho jsme  vid\u011bli  t\u0159i, tak\u017ee to pova\u017eujeme za \u00fasp\u011bch&#8230;<\/p>\n\n\n\n<p>Mok\u0159\u00ed jako my\u0161i, ale spokojeni, se vrac\u00edme zp\u011bt k autu a jednozna\u010dn\u011b, naprosto automaticky se shodujeme, \u017ee na\u0161e cesta povede p\u016fl hodiny zp\u011bt &#8211; do r\u00e1je. P\u0159ej\u00ed\u017ed\u00edme tedy zp\u011bt do Trinsu.&nbsp;<\/p>\n\n\n\n<p>Kdy\u017e jsme jeli do Innsbruku, zvolili jsme cestu po vedlej\u0161\u00ed silnici a v\u00fdhledy opravdu stoj\u00ed za to, ale kdy\u017e jsme jeli zp\u011bt, cht\u011bi jsme zkusit d\u00e1lnici p\u0159es Brennersk\u00fd pr\u016fsmyk. Za norm\u00e1ln\u00edch okolnost\u00ed tady lidi v\u00eddaj\u00ed asi neuv\u011b\u0159iteln\u00e1 panoramata, ale my dva m\u00e1me sm\u016flu a vid\u00edme zase tak akor\u00e1t starou belu&#8230;<\/p>\n\n\n\n<p>V Trinsu zaparkujeme, \u010dek\u00e1me n\u011bjak\u00fd dal\u0161\u00ed obyt\u0148\u00e1k nebo n\u011bco tomu podobn\u00e9ho, ale dnes zde nejsp\u00ed\u0161 budeme nocovat sami. No co, tak jsme se \u0161li v klidu vykoupat, sprchu m\u011bli jen pro sebe a neb\u00e1li se, \u017ee ostatn\u00ed mus\u00ed \u010dekat frontu. Ud\u011blali si ve\u010de\u0159i z jedn\u00e9 p\u00e1nve, dali trochu v\u00edna a \u0161li sp\u00e1t. Asi oba se stejnou my\u0161lenkou &#8211;<strong> doufejme, \u017ee z\u00edtra bude kone\u010dn\u011b l\u00edp, p\u0159ece n\u00e1m nem\u016f\u017ee po\u0159\u00e1d tolik pr\u0161et.&nbsp;<\/strong><\/p>\n\n\n\n<p><strong>21. kv\u011btna 2019<\/strong><br>Je n\u00e1m l\u00edto, ale m\u00e1me prost\u011b sm\u016flu. Dal\u0161\u00ed den n\u00e1m pr\u0161\u00ed. Ned\u00e1 se \u0159\u00edct, \u017ee by lilo jako z konve, ale stejn\u011b poprch\u00e1v\u00e1 a mlha je po\u0159\u00e1d hust\u00e1, \u017ee by se dala kr\u00e1jet. Dal\u0161\u00ed den, kdy uva\u017eujeme, jestli se dr\u00e1t za ka\u017edou cenu v nezn\u00e1m\u00e9m prost\u0159ed\u00ed na n\u011bjakou t\u00faru,&nbsp;proto\u017ee jsme ale tuhle dov\u010du pojali jako pozn\u00e1vac\u00ed, si \u0159\u00edk\u00e1me, \u017ee toho za\u017eijeme je\u0161t\u011b dost a kdy\u017e u\u017e m\u00e1me rozjetou tu \u0161taci m\u011bst, p\u0159id\u00e1v\u00e1me k n\u00ed Salcburk.&nbsp;<\/p>\n\n\n\n<p>Opou\u0161t\u00edme na\u0161e kr\u00e1sn\u00e9, obl\u00edben\u00e9, romantick\u00e9 m\u00edsto v Trins a po sn\u00eddani a rann\u00edch procedur\u00e1ch vyr\u00e1\u017e\u00edme vst\u0159\u00edc tak uzn\u00e1van\u00e9mu Salcburku.&nbsp;Na parkovi\u0161t\u011b m\u00e1me tentokr\u00e1t \u0161t\u011bst\u00ed, nebo\u0165 ho nal\u00e9z\u00e1me hned kousek od centra m\u011bsta. Jen na konec m\u00edsto 7E, se kter\u00fdmi jsme podle cen\u00edk\u016f po\u010d\u00edtali, plat\u00edme E14 (do dnes jsme to nepochopili, nejsp\u00ed\u0161 n\u00e1m po\u010d\u00edtali cenu za autobus, nebo nev\u00edm).&nbsp;Centrum nach\u00e1z\u00edme b\u011bhem p\u00e1r minut, v\u0161ude jsou ukazatel\u00e9 a zna\u010den\u00ed. A mus\u00edme uznat, \u017ee se zde kr\u00e1sa opravdu snoub\u00ed s n\u00e1dherou. Prvn\u00ed co vid\u00edme je most, kde lid\u00e9 uzamykaj\u00ed do z\u00e1mk\u016f svou l\u00e1sku \u010di sny, hrad, kostely, na ulici se hraje na harmoniku, v\u0161ude rozmanit\u00e9 uli\u010dky s obch\u016fdky nebo sochu samotn\u00e9ho Mozarta. <\/p>\n\n\n\n<p>D\u00e1me si kone\u010dn\u011b n\u011bco k j\u00eddlu, ochutn\u00e1me tortillu a bagetu s \u010derstv\u00fdmi rybami z obch\u016fdku p\u0159\u00edmo pod Mozartov\u00fdm domem.&nbsp;S otev\u0159en\u00fdmi \u00fasty d\u00e1l obdivujeme kr\u00e1sy Salcburku. Samoz\u0159ejm\u011b si nezapomeneme koupit proslul\u00e9 Mozartovy koule. Nejd\u0159\u00edv nech\u00e1peme, co na nich lid\u00e9 maj\u00ed, ale po ochutn\u00e1vce jdeme p\u0159ikoupit dal\u0161\u00ed, jsou toti\u017e opravdu v\u00fdborn\u00e9.<\/p>\n\n\n\n<p>Salcburk n\u00e1s okouzlil, ale v\u00edme, \u017ee v n\u011bm nem\u016f\u017eeme z\u016fstat v\u011b\u010dn\u011b. A tak na ve\u010der p\u0159ej\u00ed\u017ed\u00edme (po pozdn\u00ed n\u00e1v\u0161t\u011bv\u011b Orl\u00edho hn\u00edzda, kter\u00e9 jsme d\u00edky \u010dasu vid\u011bli jen z podkopce),&nbsp; do oblasti v okol\u00ed jezera Wolfgangsee. No a proto\u017ee neznalost neomlouv\u00e1, parkujeme samoz\u0159ejm\u011b na stellplatzu u toho posledn\u00edho &#8211; Ebensee. Mimo sez\u00f3nu, a\u010dkoliv psali, \u017ee je od dubna, jim tu ale nejsp\u00ed\u0161 nic nefunguje. A tak jsme vzali za vd\u011bk aspo\u0148 z\u00e1chody s doprovodem pavouk\u016f. I nad jezery se stahuj\u00ed mraky a pad\u00e1 mlha, tak\u017ee asi tak n\u011bjak tu\u0161\u00edme, co p\u0159ijde r\u00e1no :).&nbsp; <\/p>\n\n\n\n<figure class=\"wp-block-image\"><img loading=\"lazy\" decoding=\"async\" width=\"1000\" height=\"750\" src=\"https:\/\/all4camper.com\/\/wp-content\/uploads\/2019\/07\/P1040670.jpg\" alt=\"\" class=\"wp-image-79886\" srcset=\"https:\/\/all4camper.com\/wp-content\/uploads\/2019\/07\/P1040670.jpg 1000w, https:\/\/all4camper.com\/wp-content\/uploads\/2019\/07\/P1040670-150x113.jpg 150w, https:\/\/all4camper.com\/wp-content\/uploads\/2019\/07\/P1040670-300x225.jpg 300w, https:\/\/all4camper.com\/wp-content\/uploads\/2019\/07\/P1040670-768x576.jpg 768w, https:\/\/all4camper.com\/wp-content\/uploads\/2019\/07\/P1040670-678x509.jpg 678w, https:\/\/all4camper.com\/wp-content\/uploads\/2019\/07\/P1040670-326x245.jpg 326w, https:\/\/all4camper.com\/wp-content\/uploads\/2019\/07\/P1040670-80x60.jpg 80w\" sizes=\"auto, (max-width: 1000px) 100vw, 1000px\" \/><\/figure>\n\n\n\n<p><strong>22. kv\u011btna 2019<\/strong><br>R\u00e1no nevypad\u00e1 jinak, ne\u017e ta p\u0159ede\u0161l\u00e1. Op\u011bt d\u00e9\u0161\u0165, tak\u017ee jsme se nezm\u00fdlili. U\u017e jsme se tomu museli sm\u00e1t, proto\u017ee se tomuhle ani d\u00e9\u0161\u0165 \u0159\u00edct nedalo, prost\u011b, suver\u00e9nn\u011b ,,chcalo&#8220;&#8230; Po sn\u00eddani a bezradn\u00fdch pohledech jednoho na druh\u00e9ho se vyd\u00e1v\u00e1me aspo\u0148 k jezeru Wolfgangsee a chceme se proj\u00edt kolem vody. V\u00fdhled je o trochu lep\u0161\u00ed, ale pr\u0161et nep\u0159est\u00e1v\u00e1. T\u00fary v okol\u00ed nastudovan\u00e9 nem\u00e1me a up\u0159\u00edmn\u011b, po\u010das\u00ed n\u00e1s opravdu odrazuje. A i kdy\u017e jsme celkem vybaveni, v\u017edycky jsme po hodin\u011b, dvou, stejn\u011b mok\u0159\u00ed.&nbsp;<\/p>\n\n\n\n<p>Cestu, kter\u00e1 za\u010d\u00edn\u00e1 ve Stroblu, si proj\u00edt jdeme. Obdivujeme \u010distou vodu, sk\u00e1ly kolem, \u010distou p\u0159\u00edrodu, panoramata, ale je n\u00e1m l\u00edto, \u017ee p\u0159i tro\u0161e slunka by se n\u00e1m koukalo l\u00edp.&nbsp;Okolo jezer se je\u0161t\u011b aspo\u0148 projedeme, nafot\u00edme n\u011bjak\u00e9 fotky, zastav\u00edme u p\u00e1r v\u00fdhled\u016f, ale d\u00e1l u\u017e se p\u0159esouv\u00e1me do \u010cech, na jih, k Lipnu. V\u011b\u0159\u00edme, \u017ee se k jezer\u016fm je\u0161t\u011b vr\u00e1t\u00edme, proto\u017ee bychom opravdu r\u00e1di vyrazili n\u011bkam na kope\u010dky, ale prozat\u00edm jsme se spokojili i s kr\u00e1tk\u00fdmi zast\u00e1vkami a po\u010dk\u00e1me si, jestli p\u0159\u00ed\u0161t\u011b vychyt\u00e1me lep\u0161\u00ed po\u010das\u00ed.&nbsp;<\/p>\n\n\n\n<p>Ve\u010der u\u017e parkujeme ve Frymburku v kempu V\u0159esn\u00e1 p\u0159\u00edmo u Lipna.&nbsp;Jsme r\u00e1di za \u010desky mluv\u00edc\u00ed pan\u00ed na recepci a kupodivu &#8211; sv\u00edt\u00ed tady slun\u00ed\u010dko. Tak\u017ee si posed\u00edme u vody, spadne z n\u00e1s trochu strachu z nezn\u00e1ma a sd\u011blujeme si z\u00e1\u017eitky.&nbsp; <\/p>\n\n\n\n<figure class=\"wp-block-image\"><img loading=\"lazy\" decoding=\"async\" width=\"1000\" height=\"267\" src=\"https:\/\/all4camper.com\/\/wp-content\/uploads\/2019\/07\/P1040684.jpg\" alt=\"\" class=\"wp-image-79887\" srcset=\"https:\/\/all4camper.com\/wp-content\/uploads\/2019\/07\/P1040684.jpg 1000w, https:\/\/all4camper.com\/wp-content\/uploads\/2019\/07\/P1040684-150x40.jpg 150w, https:\/\/all4camper.com\/wp-content\/uploads\/2019\/07\/P1040684-300x80.jpg 300w, https:\/\/all4camper.com\/wp-content\/uploads\/2019\/07\/P1040684-768x205.jpg 768w\" sizes=\"auto, (max-width: 1000px) 100vw, 1000px\" \/><\/figure>\n\n\n\n<p><strong>23. kv\u011btna 2019&nbsp;&#8211; v\u0161ude dob\u0159e, doma nejl\u00edp?<\/strong><\/p>\n\n\n\n<p>Kdy\u017e u\u017e n\u00e1m nebylo p\u0159\u00e1no za hranicemi a v \u010cech\u00e1ch n\u00e1m dokonce sv\u00edt\u00ed slun\u00ed\u010dko, vyd\u00e1v\u00e1me se sm\u011br stezky korunami strom\u016f. Je toti\u017e pravda, \u017ee ani na mnoho m\u00edstech tady, doma, \u010dlov\u011bk nebyl. No a proto\u017ee jsem lanovk\u00e1\u0159ka, tak jsem r\u00e1da, \u017ee zase vid\u00edm jak to funguje v jin\u00e9m are\u00e1lu &#8211; Lipno. A taky jsem r\u00e1da, \u017ee i kdy\u017e jsme si nevylezli na \u017e\u00e1dnou tu horu, vylezli jsme aspo\u0148 na tu stezku korunami. V\u00fdhled tam odtud st\u00e1l taky za to. P\u00e1ja u\u017e nejm\u00ed\u0148 po t\u0159et\u00ed p\u0159ekon\u00e1v\u00e1 strach z v\u00fd\u0161ek a v\u00edme, \u017ee se je\u0161t\u011b m\u00e1me na co t\u011b\u0161it, proto\u017ee n\u00e1s \u010dek\u00e1 je\u0161t\u011b n\u00e1\u0161 obl\u00edben\u00fd &#8211; \u010cesk\u00fd Krumlov, kam j\u00e1 osobn\u011b, jezd\u00edm od mala moc r\u00e1da.&nbsp;<\/p>\n\n\n\n<p>Na cest\u011b jsme byli od pond\u011bl\u00ed do p\u00e1tku dal\u0161\u00edho t\u00fddne &#8211; 12 dn\u00ed. Najeli jsme 3000 km a projeli spoooustu kr\u00e1sn\u00fdch m\u011bst i m\u00edst (nejen t\u011bch, kter\u00e1 jsou zmi\u0148ov\u00e1na).<strong> I kdy\u017e jsme zprvu m\u011bli z cesty opravdu obavy, kde budeme sp\u00e1t, aby se n\u011bco nestalo s autem, apod., nakonec jsme si v\u0161e, a\u017e na nep\u0159\u00edze\u0148 po\u010das\u00ed, maxim\u00e1ln\u011b u\u017eili. <\/strong>V Rakousku jsme za d\u00e1lni\u010dn\u00ed vin\u011btu zaplatili 10E na 10 dn\u00ed (tak\u017ee n\u011bco p\u0159es 250,-K\u010d). Vin\u011bta plat\u00ed t\u00e9m\u011b\u0159 na v\u0161echny d\u00e1lnice, jen n\u011bkter\u00e9 \u00faseky jsou zpoplatn\u011bn\u00e9 je\u0161t\u011b zvl\u00e1\u0161\u0165. V It\u00e1lii je to s d\u00e1lnicemi hor\u0161\u00ed, jsou tam m\u00edtn\u00e9 br\u00e1ny, kde se plat\u00ed podle ujet\u00fdch \u00fasek\u016f. My jsme takov\u00fd \u00fasek jeli jen jednou tak\u017ee jsme zaplatili kolem 13,5E.&nbsp;<\/p>\n\n\n\n<p><strong>Opravdu, a\u017e na po\u010das\u00ed m\u016f\u017eeme tuto dovolenou zhodnotit &#8211; za jedna. Ale byla pro n\u00e1s opravdu pozn\u00e1vac\u00ed. Zjistili jsme jak co funguje, kde hledat m\u00edsta na span\u00ed, atd., ur\u010dit\u011b se na n\u011bkter\u00e1 m\u00edsta velmi r\u00e1di vr\u00e1t\u00edme &#8211; do hor, k jezer\u016fm. Auto n\u00e1s nezklamalo.&nbsp; <\/strong><\/p>\n\n\n\n<p>Tak ahoooj a zase n\u011bkdy p\u0159\u00ed\u0161t\u011b. Leona<\/p>\n\n\n\n<figure class=\"wp-block-image\"><img loading=\"lazy\" decoding=\"async\" width=\"1166\" height=\"1080\" src=\"https:\/\/all4camper.com\/\/wp-content\/uploads\/2019\/07\/66759168_661398947692132_743258792245854208_n-1166x1080.jpg\" alt=\"\" class=\"wp-image-80206\" srcset=\"https:\/\/all4camper.com\/wp-content\/uploads\/2019\/07\/66759168_661398947692132_743258792245854208_n-1166x1080.jpg 1166w, https:\/\/all4camper.com\/wp-content\/uploads\/2019\/07\/66759168_661398947692132_743258792245854208_n-150x139.jpg 150w, https:\/\/all4camper.com\/wp-content\/uploads\/2019\/07\/66759168_661398947692132_743258792245854208_n-300x278.jpg 300w, https:\/\/all4camper.com\/wp-content\/uploads\/2019\/07\/66759168_661398947692132_743258792245854208_n-768x712.jpg 768w, https:\/\/all4camper.com\/wp-content\/uploads\/2019\/07\/66759168_661398947692132_743258792245854208_n.jpg 1170w\" sizes=\"auto, (max-width: 1166px) 100vw, 1166px\" \/><\/figure>\n","protected":false},"excerpt":{"rendered":"<p>Autor: Leona Pokra\u010dov\u00e1n\u00ed p\u0159\u00edb\u011bhu Leony. Prvn\u00ed \u010d\u00e1st jste si mohli p\u0159e\u010d\u00edst ZDE. 18. kv\u011btna 2019Jeliko\u017e i my m\u00e1me (proto\u017ee jsme po\u0159\u00e1d jen lidi), pr\u00e1vo vst\u00e1t ob\u010das zade\u010dkem nap\u0159ed, tak jsme t\u00edm zade\u010dkem dop\u0159edu vst\u00e1vali dneska. Na parkovi\u0161ti se n\u00e1m o\u010dividn\u011b tak l\u00edb\u00ed, \u017ee jsme na n\u011bm str\u00e1vili p\u016fl dne. Potom jsme jeli sehnat zeleninu na [&hellip;]<\/p>\n","protected":false},"author":27,"featured_media":80207,"comment_status":"closed","ping_status":"open","sticky":false,"template":"","format":"standard","meta":{"_monsterinsights_skip_tracking":false,"_monsterinsights_sitenote_active":false,"_monsterinsights_sitenote_note":"","_monsterinsights_sitenote_category":0,"footnotes":""},"categories":[368],"tags":[110],"class_list":{"0":"post-79884","1":"post","2":"type-post","3":"status-publish","4":"format-standard","5":"has-post-thumbnail","7":"category-magazin_all4camper","8":"tag-cestopis"},"yoast_head":"<!-- This site is optimized with the Yoast SEO plugin v27.5 - https:\/\/yoast.com\/product\/yoast-seo-wordpress\/ -->\n<title>\u201eM\u016fj mil\u00fd den\u00ed\u010dku\u201c, aneb jak m\u011b pozn\u00e1vac\u00ed dovolen\u00e1 v transitu zachranila, abych se nezbl\u00e1znila II. \u010d\u00e1st - All4Camper<\/title>\n<meta name=\"description\" content=\"All4Camper - \u201eM\u016fj mil\u00fd den\u00ed\u010dku\u201c, aneb jak m\u011b pozn\u00e1vac\u00ed dovolen\u00e1 v transitu zachranila, abych se nezbl\u00e1znila II. \u010d\u00e1st\" \/>\n<meta name=\"robots\" content=\"index, follow, max-snippet:-1, max-image-preview:large, max-video-preview:-1\" \/>\n<link rel=\"canonical\" href=\"https:\/\/all4camper.com\/cs\/muj-mily-denicku-aneb-jak-me-poznavaci-dovolena-v-transitu-zachranila-abych-se-nezblaznila-ii-cast\/\" \/>\n<meta property=\"og:locale\" content=\"cs_CZ\" \/>\n<meta property=\"og:type\" content=\"article\" \/>\n<meta property=\"og:title\" content=\"\u201eM\u016fj mil\u00fd den\u00ed\u010dku\u201c, aneb jak m\u011b pozn\u00e1vac\u00ed dovolen\u00e1 v transitu zachranila, abych se nezbl\u00e1znila II. \u010d\u00e1st - All4Camper\" \/>\n<meta property=\"og:description\" content=\"All4Camper - \u201eM\u016fj mil\u00fd den\u00ed\u010dku\u201c, aneb jak m\u011b pozn\u00e1vac\u00ed dovolen\u00e1 v transitu zachranila, abych se nezbl\u00e1znila II. \u010d\u00e1st\" \/>\n<meta property=\"og:url\" content=\"https:\/\/all4camper.com\/cs\/muj-mily-denicku-aneb-jak-me-poznavaci-dovolena-v-transitu-zachranila-abych-se-nezblaznila-ii-cast\/\" \/>\n<meta property=\"og:site_name\" content=\"All4Camper\" \/>\n<meta property=\"article:published_time\" content=\"2019-07-16T06:02:09+00:00\" \/>\n<meta property=\"article:modified_time\" content=\"2019-12-15T13:35:03+00:00\" \/>\n<meta property=\"og:image\" content=\"https:\/\/all4camper.com\/wp-content\/uploads\/2019\/07\/cropped-66759168_661398947692132_743258792245854208_n.jpg\" \/>\n\t<meta property=\"og:image:width\" content=\"1170\" \/>\n\t<meta property=\"og:image:height\" content=\"658\" \/>\n\t<meta property=\"og:image:type\" content=\"image\/jpeg\" \/>\n<meta name=\"author\" content=\"Od na\u0161ich \u010dten\u00e1\u0159\u016f\" \/>\n<meta name=\"twitter:card\" content=\"summary_large_image\" \/>\n<meta name=\"twitter:label1\" content=\"Napsal(a)\" \/>\n\t<meta name=\"twitter:data1\" content=\"Od na\u0161ich \u010dten\u00e1\u0159\u016f\" \/>\n\t<meta name=\"twitter:label2\" content=\"Odhadovan\u00e1 doba \u010dten\u00ed\" \/>\n\t<meta name=\"twitter:data2\" content=\"11 minut\" \/>\n<script type=\"application\/ld+json\" class=\"yoast-schema-graph\">{\"@context\":\"https:\\\/\\\/schema.org\",\"@graph\":[{\"@type\":\"Article\",\"@id\":\"https:\\\/\\\/all4camper.com\\\/cs\\\/muj-mily-denicku-aneb-jak-me-poznavaci-dovolena-v-transitu-zachranila-abych-se-nezblaznila-ii-cast\\\/#article\",\"isPartOf\":{\"@id\":\"https:\\\/\\\/all4camper.com\\\/cs\\\/muj-mily-denicku-aneb-jak-me-poznavaci-dovolena-v-transitu-zachranila-abych-se-nezblaznila-ii-cast\\\/\"},\"author\":{\"name\":\"Od na\u0161ich \u010dten\u00e1\u0159\u016f\",\"@id\":\"https:\\\/\\\/all4camper.com\\\/cs\\\/#\\\/schema\\\/person\\\/6e44acf123c404fdffce72310b6e0f1c\"},\"headline\":\"\u201eM\u016fj mil\u00fd den\u00ed\u010dku\u201c, aneb jak m\u011b pozn\u00e1vac\u00ed dovolen\u00e1 v transitu zachranila, abych se nezbl\u00e1znila II. \u010d\u00e1st\",\"datePublished\":\"2019-07-16T06:02:09+00:00\",\"dateModified\":\"2019-12-15T13:35:03+00:00\",\"mainEntityOfPage\":{\"@id\":\"https:\\\/\\\/all4camper.com\\\/cs\\\/muj-mily-denicku-aneb-jak-me-poznavaci-dovolena-v-transitu-zachranila-abych-se-nezblaznila-ii-cast\\\/\"},\"wordCount\":2122,\"publisher\":{\"@id\":\"https:\\\/\\\/all4camper.com\\\/cs\\\/#organization\"},\"image\":{\"@id\":\"https:\\\/\\\/all4camper.com\\\/cs\\\/muj-mily-denicku-aneb-jak-me-poznavaci-dovolena-v-transitu-zachranila-abych-se-nezblaznila-ii-cast\\\/#primaryimage\"},\"thumbnailUrl\":\"https:\\\/\\\/all4camper.com\\\/wp-content\\\/uploads\\\/2019\\\/07\\\/cropped-66759168_661398947692132_743258792245854208_n.jpg\",\"keywords\":[\"Cestopis\"],\"articleSection\":[\"\u010cten\u00ed na cesty\"],\"inLanguage\":\"cs\"},{\"@type\":\"WebPage\",\"@id\":\"https:\\\/\\\/all4camper.com\\\/cs\\\/muj-mily-denicku-aneb-jak-me-poznavaci-dovolena-v-transitu-zachranila-abych-se-nezblaznila-ii-cast\\\/\",\"url\":\"https:\\\/\\\/all4camper.com\\\/cs\\\/muj-mily-denicku-aneb-jak-me-poznavaci-dovolena-v-transitu-zachranila-abych-se-nezblaznila-ii-cast\\\/\",\"name\":\"\u201eM\u016fj mil\u00fd den\u00ed\u010dku\u201c, aneb jak m\u011b pozn\u00e1vac\u00ed dovolen\u00e1 v transitu zachranila, abych se nezbl\u00e1znila II. \u010d\u00e1st - All4Camper\",\"isPartOf\":{\"@id\":\"https:\\\/\\\/all4camper.com\\\/cs\\\/#website\"},\"primaryImageOfPage\":{\"@id\":\"https:\\\/\\\/all4camper.com\\\/cs\\\/muj-mily-denicku-aneb-jak-me-poznavaci-dovolena-v-transitu-zachranila-abych-se-nezblaznila-ii-cast\\\/#primaryimage\"},\"image\":{\"@id\":\"https:\\\/\\\/all4camper.com\\\/cs\\\/muj-mily-denicku-aneb-jak-me-poznavaci-dovolena-v-transitu-zachranila-abych-se-nezblaznila-ii-cast\\\/#primaryimage\"},\"thumbnailUrl\":\"https:\\\/\\\/all4camper.com\\\/wp-content\\\/uploads\\\/2019\\\/07\\\/cropped-66759168_661398947692132_743258792245854208_n.jpg\",\"datePublished\":\"2019-07-16T06:02:09+00:00\",\"dateModified\":\"2019-12-15T13:35:03+00:00\",\"description\":\"All4Camper - \u201eM\u016fj mil\u00fd den\u00ed\u010dku\u201c, aneb jak m\u011b pozn\u00e1vac\u00ed dovolen\u00e1 v transitu zachranila, abych se nezbl\u00e1znila II. \u010d\u00e1st\",\"breadcrumb\":{\"@id\":\"https:\\\/\\\/all4camper.com\\\/cs\\\/muj-mily-denicku-aneb-jak-me-poznavaci-dovolena-v-transitu-zachranila-abych-se-nezblaznila-ii-cast\\\/#breadcrumb\"},\"inLanguage\":\"cs\",\"potentialAction\":[{\"@type\":\"ReadAction\",\"target\":[\"https:\\\/\\\/all4camper.com\\\/cs\\\/muj-mily-denicku-aneb-jak-me-poznavaci-dovolena-v-transitu-zachranila-abych-se-nezblaznila-ii-cast\\\/\"]}]},{\"@type\":\"ImageObject\",\"inLanguage\":\"cs\",\"@id\":\"https:\\\/\\\/all4camper.com\\\/cs\\\/muj-mily-denicku-aneb-jak-me-poznavaci-dovolena-v-transitu-zachranila-abych-se-nezblaznila-ii-cast\\\/#primaryimage\",\"url\":\"https:\\\/\\\/all4camper.com\\\/wp-content\\\/uploads\\\/2019\\\/07\\\/cropped-66759168_661398947692132_743258792245854208_n.jpg\",\"contentUrl\":\"https:\\\/\\\/all4camper.com\\\/wp-content\\\/uploads\\\/2019\\\/07\\\/cropped-66759168_661398947692132_743258792245854208_n.jpg\",\"width\":1170,\"height\":658},{\"@type\":\"BreadcrumbList\",\"@id\":\"https:\\\/\\\/all4camper.com\\\/cs\\\/muj-mily-denicku-aneb-jak-me-poznavaci-dovolena-v-transitu-zachranila-abych-se-nezblaznila-ii-cast\\\/#breadcrumb\",\"itemListElement\":[{\"@type\":\"ListItem\",\"position\":1,\"name\":\"Dom\u016f\",\"item\":\"https:\\\/\\\/all4camper.com\\\/cs\\\/\"},{\"@type\":\"ListItem\",\"position\":2,\"name\":\"\u010cten\u00ed na cesty\",\"item\":\"https:\\\/\\\/all4camper.com\\\/cs\\\/category\\\/magazin_all4camper\\\/\"},{\"@type\":\"ListItem\",\"position\":3,\"name\":\"\u201eM\u016fj mil\u00fd den\u00ed\u010dku\u201c, aneb jak m\u011b pozn\u00e1vac\u00ed dovolen\u00e1 v transitu zachranila, abych se nezbl\u00e1znila II. \u010d\u00e1st\"}]},{\"@type\":\"WebSite\",\"@id\":\"https:\\\/\\\/all4camper.com\\\/cs\\\/#website\",\"url\":\"https:\\\/\\\/all4camper.com\\\/cs\\\/\",\"name\":\"All4Camper\",\"description\":\"Nejv\u011bt\u0161\u00ed online magaz\u00edn o kempov\u00e1n\u00ed a karavaninku. V\u00edce jak 900 \u010dl\u00e1nk\u016f pln\u00fdch rad a tip\u016f o kempech a kempov\u00e1n\u00ed.\",\"publisher\":{\"@id\":\"https:\\\/\\\/all4camper.com\\\/cs\\\/#organization\"},\"potentialAction\":[{\"@type\":\"SearchAction\",\"target\":{\"@type\":\"EntryPoint\",\"urlTemplate\":\"https:\\\/\\\/all4camper.com\\\/cs\\\/?s={search_term_string}\"},\"query-input\":{\"@type\":\"PropertyValueSpecification\",\"valueRequired\":true,\"valueName\":\"search_term_string\"}}],\"inLanguage\":\"cs\"},{\"@type\":\"Organization\",\"@id\":\"https:\\\/\\\/all4camper.com\\\/cs\\\/#organization\",\"name\":\"All4Camper - kempujeme s Kl\u00e1rou\",\"url\":\"https:\\\/\\\/all4camper.com\\\/cs\\\/\",\"logo\":{\"@type\":\"ImageObject\",\"inLanguage\":\"cs\",\"@id\":\"https:\\\/\\\/all4camper.com\\\/cs\\\/#\\\/schema\\\/logo\\\/image\\\/\",\"url\":\"https:\\\/\\\/all4camper.com\\\/wp-content\\\/uploads\\\/2018\\\/09\\\/novelogo.png\",\"contentUrl\":\"https:\\\/\\\/all4camper.com\\\/wp-content\\\/uploads\\\/2018\\\/09\\\/novelogo.png\",\"width\":1520,\"height\":600,\"caption\":\"All4Camper - kempujeme s Kl\u00e1rou\"},\"image\":{\"@id\":\"https:\\\/\\\/all4camper.com\\\/cs\\\/#\\\/schema\\\/logo\\\/image\\\/\"}},{\"@type\":\"Person\",\"@id\":\"https:\\\/\\\/all4camper.com\\\/cs\\\/#\\\/schema\\\/person\\\/6e44acf123c404fdffce72310b6e0f1c\",\"name\":\"Od na\u0161ich \u010dten\u00e1\u0159\u016f\",\"url\":\"https:\\\/\\\/all4camper.com\\\/cs\\\/author\\\/od-nasich-ctenaru\\\/\"}]}<\/script>\n<!-- \/ Yoast SEO plugin. -->","yoast_head_json":{"title":"\u201eM\u016fj mil\u00fd den\u00ed\u010dku\u201c, aneb jak m\u011b pozn\u00e1vac\u00ed dovolen\u00e1 v transitu zachranila, abych se nezbl\u00e1znila II. \u010d\u00e1st - All4Camper","description":"All4Camper - \u201eM\u016fj mil\u00fd den\u00ed\u010dku\u201c, aneb jak m\u011b pozn\u00e1vac\u00ed dovolen\u00e1 v transitu zachranila, abych se nezbl\u00e1znila II. \u010d\u00e1st","robots":{"index":"index","follow":"follow","max-snippet":"max-snippet:-1","max-image-preview":"max-image-preview:large","max-video-preview":"max-video-preview:-1"},"canonical":"https:\/\/all4camper.com\/cs\/muj-mily-denicku-aneb-jak-me-poznavaci-dovolena-v-transitu-zachranila-abych-se-nezblaznila-ii-cast\/","og_locale":"cs_CZ","og_type":"article","og_title":"\u201eM\u016fj mil\u00fd den\u00ed\u010dku\u201c, aneb jak m\u011b pozn\u00e1vac\u00ed dovolen\u00e1 v transitu zachranila, abych se nezbl\u00e1znila II. \u010d\u00e1st - All4Camper","og_description":"All4Camper - \u201eM\u016fj mil\u00fd den\u00ed\u010dku\u201c, aneb jak m\u011b pozn\u00e1vac\u00ed dovolen\u00e1 v transitu zachranila, abych se nezbl\u00e1znila II. \u010d\u00e1st","og_url":"https:\/\/all4camper.com\/cs\/muj-mily-denicku-aneb-jak-me-poznavaci-dovolena-v-transitu-zachranila-abych-se-nezblaznila-ii-cast\/","og_site_name":"All4Camper","article_published_time":"2019-07-16T06:02:09+00:00","article_modified_time":"2019-12-15T13:35:03+00:00","og_image":[{"width":1170,"height":658,"url":"https:\/\/all4camper.com\/wp-content\/uploads\/2019\/07\/cropped-66759168_661398947692132_743258792245854208_n.jpg","type":"image\/jpeg"}],"author":"Od na\u0161ich \u010dten\u00e1\u0159\u016f","twitter_card":"summary_large_image","twitter_misc":{"Napsal(a)":"Od na\u0161ich \u010dten\u00e1\u0159\u016f","Odhadovan\u00e1 doba \u010dten\u00ed":"11 minut"},"schema":{"@context":"https:\/\/schema.org","@graph":[{"@type":"Article","@id":"https:\/\/all4camper.com\/cs\/muj-mily-denicku-aneb-jak-me-poznavaci-dovolena-v-transitu-zachranila-abych-se-nezblaznila-ii-cast\/#article","isPartOf":{"@id":"https:\/\/all4camper.com\/cs\/muj-mily-denicku-aneb-jak-me-poznavaci-dovolena-v-transitu-zachranila-abych-se-nezblaznila-ii-cast\/"},"author":{"name":"Od na\u0161ich \u010dten\u00e1\u0159\u016f","@id":"https:\/\/all4camper.com\/cs\/#\/schema\/person\/6e44acf123c404fdffce72310b6e0f1c"},"headline":"\u201eM\u016fj mil\u00fd den\u00ed\u010dku\u201c, aneb jak m\u011b pozn\u00e1vac\u00ed dovolen\u00e1 v transitu zachranila, abych se nezbl\u00e1znila II. \u010d\u00e1st","datePublished":"2019-07-16T06:02:09+00:00","dateModified":"2019-12-15T13:35:03+00:00","mainEntityOfPage":{"@id":"https:\/\/all4camper.com\/cs\/muj-mily-denicku-aneb-jak-me-poznavaci-dovolena-v-transitu-zachranila-abych-se-nezblaznila-ii-cast\/"},"wordCount":2122,"publisher":{"@id":"https:\/\/all4camper.com\/cs\/#organization"},"image":{"@id":"https:\/\/all4camper.com\/cs\/muj-mily-denicku-aneb-jak-me-poznavaci-dovolena-v-transitu-zachranila-abych-se-nezblaznila-ii-cast\/#primaryimage"},"thumbnailUrl":"https:\/\/all4camper.com\/wp-content\/uploads\/2019\/07\/cropped-66759168_661398947692132_743258792245854208_n.jpg","keywords":["Cestopis"],"articleSection":["\u010cten\u00ed na cesty"],"inLanguage":"cs"},{"@type":"WebPage","@id":"https:\/\/all4camper.com\/cs\/muj-mily-denicku-aneb-jak-me-poznavaci-dovolena-v-transitu-zachranila-abych-se-nezblaznila-ii-cast\/","url":"https:\/\/all4camper.com\/cs\/muj-mily-denicku-aneb-jak-me-poznavaci-dovolena-v-transitu-zachranila-abych-se-nezblaznila-ii-cast\/","name":"\u201eM\u016fj mil\u00fd den\u00ed\u010dku\u201c, aneb jak m\u011b pozn\u00e1vac\u00ed dovolen\u00e1 v transitu zachranila, abych se nezbl\u00e1znila II. \u010d\u00e1st - All4Camper","isPartOf":{"@id":"https:\/\/all4camper.com\/cs\/#website"},"primaryImageOfPage":{"@id":"https:\/\/all4camper.com\/cs\/muj-mily-denicku-aneb-jak-me-poznavaci-dovolena-v-transitu-zachranila-abych-se-nezblaznila-ii-cast\/#primaryimage"},"image":{"@id":"https:\/\/all4camper.com\/cs\/muj-mily-denicku-aneb-jak-me-poznavaci-dovolena-v-transitu-zachranila-abych-se-nezblaznila-ii-cast\/#primaryimage"},"thumbnailUrl":"https:\/\/all4camper.com\/wp-content\/uploads\/2019\/07\/cropped-66759168_661398947692132_743258792245854208_n.jpg","datePublished":"2019-07-16T06:02:09+00:00","dateModified":"2019-12-15T13:35:03+00:00","description":"All4Camper - \u201eM\u016fj mil\u00fd den\u00ed\u010dku\u201c, aneb jak m\u011b pozn\u00e1vac\u00ed dovolen\u00e1 v transitu zachranila, abych se nezbl\u00e1znila II. \u010d\u00e1st","breadcrumb":{"@id":"https:\/\/all4camper.com\/cs\/muj-mily-denicku-aneb-jak-me-poznavaci-dovolena-v-transitu-zachranila-abych-se-nezblaznila-ii-cast\/#breadcrumb"},"inLanguage":"cs","potentialAction":[{"@type":"ReadAction","target":["https:\/\/all4camper.com\/cs\/muj-mily-denicku-aneb-jak-me-poznavaci-dovolena-v-transitu-zachranila-abych-se-nezblaznila-ii-cast\/"]}]},{"@type":"ImageObject","inLanguage":"cs","@id":"https:\/\/all4camper.com\/cs\/muj-mily-denicku-aneb-jak-me-poznavaci-dovolena-v-transitu-zachranila-abych-se-nezblaznila-ii-cast\/#primaryimage","url":"https:\/\/all4camper.com\/wp-content\/uploads\/2019\/07\/cropped-66759168_661398947692132_743258792245854208_n.jpg","contentUrl":"https:\/\/all4camper.com\/wp-content\/uploads\/2019\/07\/cropped-66759168_661398947692132_743258792245854208_n.jpg","width":1170,"height":658},{"@type":"BreadcrumbList","@id":"https:\/\/all4camper.com\/cs\/muj-mily-denicku-aneb-jak-me-poznavaci-dovolena-v-transitu-zachranila-abych-se-nezblaznila-ii-cast\/#breadcrumb","itemListElement":[{"@type":"ListItem","position":1,"name":"Dom\u016f","item":"https:\/\/all4camper.com\/cs\/"},{"@type":"ListItem","position":2,"name":"\u010cten\u00ed na cesty","item":"https:\/\/all4camper.com\/cs\/category\/magazin_all4camper\/"},{"@type":"ListItem","position":3,"name":"\u201eM\u016fj mil\u00fd den\u00ed\u010dku\u201c, aneb jak m\u011b pozn\u00e1vac\u00ed dovolen\u00e1 v transitu zachranila, abych se nezbl\u00e1znila II. \u010d\u00e1st"}]},{"@type":"WebSite","@id":"https:\/\/all4camper.com\/cs\/#website","url":"https:\/\/all4camper.com\/cs\/","name":"All4Camper","description":"Nejv\u011bt\u0161\u00ed online magaz\u00edn o kempov\u00e1n\u00ed a karavaninku. V\u00edce jak 900 \u010dl\u00e1nk\u016f pln\u00fdch rad a tip\u016f o kempech a kempov\u00e1n\u00ed.","publisher":{"@id":"https:\/\/all4camper.com\/cs\/#organization"},"potentialAction":[{"@type":"SearchAction","target":{"@type":"EntryPoint","urlTemplate":"https:\/\/all4camper.com\/cs\/?s={search_term_string}"},"query-input":{"@type":"PropertyValueSpecification","valueRequired":true,"valueName":"search_term_string"}}],"inLanguage":"cs"},{"@type":"Organization","@id":"https:\/\/all4camper.com\/cs\/#organization","name":"All4Camper - kempujeme s Kl\u00e1rou","url":"https:\/\/all4camper.com\/cs\/","logo":{"@type":"ImageObject","inLanguage":"cs","@id":"https:\/\/all4camper.com\/cs\/#\/schema\/logo\/image\/","url":"https:\/\/all4camper.com\/wp-content\/uploads\/2018\/09\/novelogo.png","contentUrl":"https:\/\/all4camper.com\/wp-content\/uploads\/2018\/09\/novelogo.png","width":1520,"height":600,"caption":"All4Camper - kempujeme s Kl\u00e1rou"},"image":{"@id":"https:\/\/all4camper.com\/cs\/#\/schema\/logo\/image\/"}},{"@type":"Person","@id":"https:\/\/all4camper.com\/cs\/#\/schema\/person\/6e44acf123c404fdffce72310b6e0f1c","name":"Od na\u0161ich \u010dten\u00e1\u0159\u016f","url":"https:\/\/all4camper.com\/cs\/author\/od-nasich-ctenaru\/"}]}},"_links":{"self":[{"href":"https:\/\/all4camper.com\/cs\/wp-json\/wp\/v2\/posts\/79884","targetHints":{"allow":["GET"]}}],"collection":[{"href":"https:\/\/all4camper.com\/cs\/wp-json\/wp\/v2\/posts"}],"about":[{"href":"https:\/\/all4camper.com\/cs\/wp-json\/wp\/v2\/types\/post"}],"author":[{"embeddable":true,"href":"https:\/\/all4camper.com\/cs\/wp-json\/wp\/v2\/users\/27"}],"replies":[{"embeddable":true,"href":"https:\/\/all4camper.com\/cs\/wp-json\/wp\/v2\/comments?post=79884"}],"version-history":[{"count":0,"href":"https:\/\/all4camper.com\/cs\/wp-json\/wp\/v2\/posts\/79884\/revisions"}],"wp:featuredmedia":[{"embeddable":true,"href":"https:\/\/all4camper.com\/cs\/wp-json\/wp\/v2\/media\/80207"}],"wp:attachment":[{"href":"https:\/\/all4camper.com\/cs\/wp-json\/wp\/v2\/media?parent=79884"}],"wp:term":[{"taxonomy":"category","embeddable":true,"href":"https:\/\/all4camper.com\/cs\/wp-json\/wp\/v2\/categories?post=79884"},{"taxonomy":"post_tag","embeddable":true,"href":"https:\/\/all4camper.com\/cs\/wp-json\/wp\/v2\/tags?post=79884"}],"curies":[{"name":"wp","href":"https:\/\/api.w.org\/{rel}","templated":true}]}}