{"id":79832,"date":"2019-07-12T15:17:45","date_gmt":"2019-07-12T13:17:45","guid":{"rendered":"https:\/\/all4camper.com\/\/?p=79832"},"modified":"2019-12-15T14:22:55","modified_gmt":"2019-12-15T13:22:55","slug":"muj-mily-denicku-aneb-jak-me-poznavaci-dovolena-v-transitu-zachranila-abych-se-nezblaznila-i-cast","status":"publish","type":"post","link":"https:\/\/all4camper.com\/cs\/muj-mily-denicku-aneb-jak-me-poznavaci-dovolena-v-transitu-zachranila-abych-se-nezblaznila-i-cast\/","title":{"rendered":"&#8222;M\u016fj mil\u00fd den\u00ed\u010dku&#8220;, aneb jak m\u011b pozn\u00e1vac\u00ed dovolen\u00e1 v transitu zachranila, abych se nezbl\u00e1znila I. \u010d\u00e1st"},"content":{"rendered":"\n<p><em>Autor: Leona<\/em><\/p>\n\n\n\n<h4 class=\"wp-block-heading\">Asi m\u00e1m tak n\u011bjak v popisu \u017eivota, \u017ee na dovolen\u00e9 odj\u00ed\u017ed\u00edm v\u017edy za p\u011bt minut dvan\u00e1ct, a\u017e kdy\u017e je toho na m\u011b prost\u011b moc. Tentokr\u00e1t to byla nejsp\u00ed\u0161 tot\u00e1ln\u00ed \u00fanava materi\u00e1lu, mo\u017en\u00e1 soci\u00e1ln\u00ed vyho\u0159en\u00ed kv\u016fli pr\u00e1ci, rodinn\u00fdm z\u00e1le\u017eitostem a tak podobn\u011b.\u00a0Jedin\u00e9 \u0159e\u0161en\u00ed, kter\u00e9 (u m\u011b stejn\u011b jako p\u0159ed \u010dty\u0159mi lety) bylo v\u00fdchodiskem byla CESTA. Nejsp\u00ed\u0161 proto, \u017ee je to jednou za \u010das n\u011bco, co prost\u011b pot\u0159ebuje\u0161. <\/h4>\n\n\n\n<figure class=\"wp-block-image\"><img loading=\"lazy\" decoding=\"async\" width=\"1280\" height=\"855\" src=\"https:\/\/all4camper.com\/\/wp-content\/uploads\/2019\/07\/winding-road-1556177_1280.jpg\" alt=\"\" class=\"wp-image-79834\" srcset=\"https:\/\/all4camper.com\/wp-content\/uploads\/2019\/07\/winding-road-1556177_1280.jpg 1280w, https:\/\/all4camper.com\/wp-content\/uploads\/2019\/07\/winding-road-1556177_1280-150x100.jpg 150w, https:\/\/all4camper.com\/wp-content\/uploads\/2019\/07\/winding-road-1556177_1280-300x200.jpg 300w, https:\/\/all4camper.com\/wp-content\/uploads\/2019\/07\/winding-road-1556177_1280-768x513.jpg 768w\" sizes=\"auto, (max-width: 1280px) 100vw, 1280px\" \/><\/figure>\n\n\n\n<p>N\u011bkte\u0159\u00ed lid\u00e9 jezd\u00ed na dovolenou n\u011bkolikr\u00e1t do roka, j\u00e1 a m\u016fj p\u0159\u00edtel bohu\u017eel takov\u00ed nejsme. A tak jedeme, dokud n\u00e1m sta\u010d\u00ed dech a najednou ten dech prost\u011b nen\u00ed.\u00a0Jeliko\u017e jsme z Mostecka, co\u017e nen\u00ed zrovna chvaloslavn\u00e9 m\u00edsto na \u017eit\u00ed, asi m\u00e1 na n\u00e1s vliv i toto okol\u00ed, ve kter\u00e9m \u017eijeme.<\/p>\n\n\n\n<p>J\u00e1 sice pracuji na hor\u00e1ch jako lanovk\u00e1\u0159 a zasn\u011b\u017eova\u010d, ale v\u011b\u0159 mi, i na hory m\u016f\u017eou jezdit z\u00e1zra\u010dn\u00fd expon\u00e1ty lid\u00ed. A tak t\u011b to jednoho dne prost\u011b a jednodu\u0161e unav\u00ed. Za\u010dne\u0161 si \u0159\u00edkat, pokl\u00e1dat ot\u00e1zky, pro\u010d tady ,,hnije\u0161&#8220;, \u017eije\u0161, sna\u017e\u00ed\u0161 se \u017e\u00edt, mo\u017en\u00e1 sp\u00ed\u0161 p\u0159e\u017e\u00edv\u00e1\u0161. No a tak, po n\u011bjak\u00e9 dob\u011b tohohle na\u0161eho ,,p\u0159e\u017e\u00edv\u00e1n\u00ed&#8220;, jsme u\u017e ani jeden nev\u011bd\u011bli kudy kam. <strong>Jedin\u00e9, co jsme v\u011bd\u011bli bylo to, \u017ee pokud oba n\u011bkam neodjedeme, tak se tady prost\u011b a jednodu\u0161e udus\u00edme<\/strong> &#8230; No a tak n\u011bkdy p\u0159ed p\u00e1r dny vznikl n\u00e1pad, \u017ee n\u011bkdy nepl\u00e1novat je mnohem lep\u0161\u00ed, ne\u017e pl\u00e1novat. <\/p>\n\n\n\n<p>Dalo se nejbli\u017e\u0161\u00ed datum a \u0159ekli jsme si, \u017ee pojedeme.\u00a0I p\u0159es vztahovou krizi jsme si \u0159ekli, \u017ee odjedeme spolu, \u017ee to prost\u011b zkus\u00edme, proto\u017ee nem\u00e1me ani jeden co ztratit. A tak se za\u010dlo jen \u0159e\u0161it ,,JAK&#8220;.\u00a0Proto\u017ee ani j\u00e1, ani P\u00e1ja, nejsme lid\u00e9, kte\u0159\u00ed by si zaplatili z\u00e1jezd a odlet\u011bli n\u011bkam k mo\u0159i, proto\u017ee nejsme ani jeden l\u00edn\u00ed lachtani le\u017e\u00edc\u00ed u vody, a proto\u017ee m\u00e1me tak trochu oba r\u00e1di dod\u00e1vky, proto\u017ee na na\u0161\u00ed dvou\u010dlennou rodinu vlastn\u00edme rovnou ka\u017ed\u00fd svou, volba byla jasn\u00e1. Jedeme transitem. <strong>No a kam? Nev\u00edm, je spousta m\u00edst, kter\u00e1 jsme cht\u011bli vid\u011bt, tak se prost\u011b napl\u00e1nuje jen n\u011bjak\u00fd okruh, kter\u00fd by se tak cca mohl jet<\/strong>.\u00a0<\/p>\n\n\n\n<p>Jeliko\u017e jsme m\u011bli onu krizi, byli jsme ka\u017ed\u00fd ve sv\u00e9m domov\u011b. P\u00e1ja hl\u00eddal zrovna dceru a j\u00e1 se kone\u010dn\u011b chytla nov\u00e9 my\u0161lenky &#8222;jak p\u0159e\u017e\u00edt a neudusit se&#8220;. A tak zat\u00edmco v jedn\u00e9 \u010d\u00e1sti m\u011bsta se staralo o dceru, ve druh\u00e9 \u010d\u00e1sti m\u011bsta jsem j\u00e1 za\u010dala le\u017eet u internetu, v map\u00e1ch, ve v\u011bcech, v seznamech.\u00a0Doc\u00edlila jsem toho, \u017ee jsem za tenhle kr\u00e1sn\u00fd ve\u010der napl\u00e1novala cestu p\u0159es Moravsk\u00e9 Tosk\u00e1nsko, dol\u016f do Tater, p\u0159es Bolzano, Wolfgangsee a \u010cesk\u00fd Krumlov zp\u00e1tky. <\/p>\n\n\n\n<p>Jen\u017ee \u010d\u00edm v\u00edc jsem v map\u00e1ch le\u017eela a hledala, Tatry se tam moc nevyj\u00edmaly. \u0158ekli jsme si, \u017ee chceme najet tak dva a\u017e t\u0159i tis\u00edce kilometr\u016f a Tatry by byly velk\u00e1 zaj\u00ed\u017e\u010fka.\u00a0<strong>A tak jsem nelenila a pl\u00e1novala d\u00e1l.<\/strong> <strong>Nakonec jsem dala dohromady cestu na Moravu potom n\u011bkam do It\u00e1lie a zp\u011bt p\u0159es Rakousko a ten n\u00e1\u0161 \u010cesk\u00fd Krumlov. <\/strong>\u010c\u00edm v\u00edc jsem hledala, t\u00edm v\u00edc v\u011bc\u00ed jsem zji\u0161\u0165ovala. Hlavn\u011b aby m\u011bl \u010dlov\u011bk p\u0159ipoji\u0161t\u011bn\u00ed do zahrani\u010d\u00ed, kter\u00e9 se dnes d\u00e1 \u00fapln\u011b v klidu za\u0159\u00eddit z pohodl\u00ed domova, p\u0159es internet. Potom taky abychom s sebou m\u011bli n\u011bjak\u00fd norm\u00e1ln\u00ed atlas, proto\u017ee wifi a jin\u00e9mu p\u0159ipojen\u00ed p\u0159es telefon opravdu moc nev\u011b\u0159\u00edm. <\/p>\n\n\n\n<p>Za\u010dla jsem taky zji\u0161\u0165ovat, jak to v It\u00e1lii a Rakousku chod\u00ed s p\u0159esp\u00e1n\u00edm. N\u00e1\u0161 transit sice nem\u00e1 \u017e\u00e1dnou \u00fapravu podle kter\u00e9 by bylo z venku poznat, \u017ee se jedn\u00e1 o obytn\u00e9 auto, ale p\u0159eci jen, \u00fapln\u011b nejmen\u0161\u00ed tak\u00e9 nen\u00ed. Tady po \u010dech\u00e1ch to \u010dlov\u011bk ne\u0159e\u0161\u00ed, v\u017edycky se domluv\u00edme, ale pokud chceme do ciziny a ani jeden neum\u00edme tak \u00fapln\u011b mluvit, je lep\u0161\u00ed si tyto v\u011bci dop\u0159edu zjistit, ne\u017e se pak n\u011bkde dohadovat s ciz\u00ed polici\u00ed \u010di tak.\u00a0<\/p>\n\n\n\n<p>A tak jsem zjistila, jako naprost\u00fd laik, \u017ee jsou placen\u00e1 parkovi\u0161t\u011b, za celkem dobrou cenu (kolem 10E), kde \u010dlov\u011bk nikomu vadit nebude a dokonce si v mnoha p\u0159\u00edpadech m\u016f\u017ee vychutnat i sprchu a WC. Mapy jsem m\u011bla taky n\u011bjak\u00fdm zp\u016fsobem p\u0159ipraven\u00e9, a to jak v mobilu, tak vyti\u0161t\u011bn\u00e9 a pro jistotu je\u0161t\u011b autoatlas. Tak\u017ee jsem s my\u0161lenkou na ,,p\u0159e\u017eit\u00ed&#8220;, celkem klidn\u011bji oproti p\u0159ede\u0161l\u00fdm dn\u016fm, us\u00ednala.\u00a0<\/p>\n\n\n\n<figure class=\"wp-block-image\"><img loading=\"lazy\" decoding=\"async\" width=\"1280\" height=\"853\" src=\"https:\/\/all4camper.com\/\/wp-content\/uploads\/2019\/07\/woman-2605355_1280.jpg\" alt=\"\" class=\"wp-image-79833\" srcset=\"https:\/\/all4camper.com\/wp-content\/uploads\/2019\/07\/woman-2605355_1280.jpg 1280w, https:\/\/all4camper.com\/wp-content\/uploads\/2019\/07\/woman-2605355_1280-150x100.jpg 150w, https:\/\/all4camper.com\/wp-content\/uploads\/2019\/07\/woman-2605355_1280-300x200.jpg 300w, https:\/\/all4camper.com\/wp-content\/uploads\/2019\/07\/woman-2605355_1280-768x512.jpg 768w\" sizes=\"auto, (max-width: 1280px) 100vw, 1280px\" \/><\/figure>\n\n\n\n<h4 class=\"wp-block-heading\"><strong>12. kv\u011btna 2019<\/strong> &#8211;<strong> druh\u00fd den, co v\u00edme, \u017ee vznikla my\u0161lenka na cestu. <\/strong><\/h4>\n\n\n\n<p><strong>Kam pojedeme, v\u00edme jen cca.<\/strong> <strong>Kdy\u017e jsme jezdili jako mal\u00ed, o v\u0161echno se n\u00e1m starali rodi\u010de. Najednou jsme dosp\u011bl\u00ed a mus\u00edme si, pokud chceme, v\u0161e pl\u00e1novat sami.\u00a0<\/strong><\/p>\n\n\n\n<p>Le\u017eela jsem u\u017e\u00a0 druh\u00fd den v kn\u00ed\u017ek\u00e1ch, na internetu a po\u0159\u00e1d si tak n\u011bjak n\u011b\u010d\u00edm nebyla jist\u00e1. U\u017e p\u0159ed lety, p\u0159i m\u00e9 cest\u011b po Francii a \u0160pan\u011blsku, jsem vid\u011bla nedostatky, kter\u00e9 \u010dlov\u011bk t\u011b\u017ece podcenil, a tak jsem letos necht\u011bla opomenout nic.\u00a0V pl\u00e1nov\u00e1n\u00ed mi hodn\u011b pomohly internetov\u00e9 str\u00e1nky\u00a0<a rel=\"noreferrer noopener\" href=\"\/?page_id=12309\" target=\"_blank\">https:\/\/all4camper.com\/\/cs\/kontakt\/<\/a>\u00a0od pan\u00ed Velinsk\u00e9. Na webu jsem se do\u010detla spoustu u\u017eite\u010dn\u00fdch informac\u00ed o jednotliv\u00fdch destinac\u00edch a kempov\u00e1n\u00ed ,,na divoko&#8220;. Dokonce jsem se odhodlala a napsala pan\u00ed Velinsk\u00e9 email. Zavolali jsme si (velice sympatick\u00e1 pan\u00ed) a poradila mi co a jak (d\u00edky za to!). Co\u017e m\u011b v\u0161eobecn\u011b trochu uklidnilo.\u00a0<\/p>\n\n\n\n<p><strong>Je ned\u011ble ve\u010der a my si kone\u010dn\u011b sedli s P\u00e1jou u piva a za\u010dli konzultovat cestu spolu. Uk\u00e1zala jsem mu v\u0161echno, co jsem vyhledala, napl\u00e1novala. <\/strong>Domluva zn\u011bla, \u017ee pl\u00e1n\u016f u\u017e bylo dost, a tak nebudeme cestu pl\u00e1novat \u010dasov\u011b a bod po bodu. Dali jsme dohromady opravdu jen m\u00edsta, kter\u00e1 bychom cht\u011bli oba vid\u011bt.\u00a0<strong>Podot\u00fdk\u00e1m, \u017ee a\u010dkoliv n\u00e1\u0161 transit existuje (je teda P\u00e1jovo), na takov\u00e9hle cest\u011b je\u0161t\u011b nebyl. Bylo tedy pot\u0159eba zkontrolovat auto hlavn\u011b z technick\u00e9 str\u00e1nky.<\/strong> J\u00e1 u\u017e takhle cestovala, P\u00e1ja v\u016fbec ne. Tak\u017ee jsme jen tak n\u011bjak \u010dekali, co z na\u0161\u00ed cesty vzejde a jestli n\u00e1hodou nedojedeme pouze na Moravu a d\u00e1l se rad\u011bji ze strachu ani nedostaneme.\u00a0<\/p>\n\n\n\n<h4 class=\"wp-block-heading\"><strong>13. kv\u011btna 2019<\/strong><\/h4>\n\n\n\n<p>Cht\u00edt vst\u00e1t v klidu kolem osm\u00e9, v klidu v\u0161echno stihnout a n\u011bjak v r\u00e1mci ob\u011bda vyrazit, je pro n\u00e1s nejsp\u00ed\u0161 nadlidsk\u00fd v\u00fdkon. J\u00e1 jsem sbaleno m\u011bla, partner na tom byl h\u016f\u0159.\u00a0Nam\u00edsto klidn\u00e9ho r\u00e1na jsme vstali p\u0159ed \u0161estou (asi jsme nemohli ani dospat) a u\u017e jsme prost\u011b neusnuli. Ne\u017e abychom v\u0161e v klidu p\u0159ipravili (auto, v\u011bci, poji\u0161t\u011bn\u00ed, atd.), nastal nekontrolovateln\u00fd zmatek. J\u00e1 je\u0161t\u011b musela narychlo do banky, abych se p\u0159esv\u011bd\u010dila, \u017ee mi bude v cizin\u011b v\u0161e fungovat, <strong>k autu n\u00e1m chyb\u011bla n\u00e1hradn\u00ed baterka a hever, kter\u00fd by tu kravi\u010dku v p\u0159\u00edpad\u011b nouze udr\u017eel.<\/strong> <\/p>\n\n\n\n<p>Ka\u017ed\u00fd jsme si \u0161li po sv\u00fdch a zmatek \u0159e\u0161ili tak n\u011bjak v r\u00e1mci mo\u017enost\u00ed, abychom se moc nezdr\u017eovali a v\u016fbec n\u011bkdy vyrazili. Vzhledem k tomu, \u017ee jsme si ve\u010der dali n\u011bjak\u00e9 to pivo, bylo fungov\u00e1n\u00ed o to lep\u0161\u00ed&#8230;\u00a0Nicm\u00e9n\u011b, sjednan\u00fd odjezd kolem ob\u011bda (pro norm\u00e1ln\u00ed lidi my\u0161leno kolem dvan\u00e1ct\u00e9 hodiny), samoz\u0159ejm\u011b neprob\u011bhl. Odj\u00ed\u017ed\u011bli jsme n\u011bco kolem druh\u00e9 (d\u0159\u00edv to prost\u011b ne\u0161lo). <strong>Kdy\u017e u\u017e jsme sed\u011bli v aut\u011b a rozlou\u010dili se s rodinkou, zjistili jsme, \u017ee se mus\u00edme vr\u00e1tit pro startovac\u00ed kabely. Pak jsme pro zm\u011bnu zjistili, \u017ee jsme v koupeln\u011b nechali kanystr s vodou (p\u0159\u00edjemn\u00fd za\u010d\u00e1tek), a tak jsme se pro jistotu hned dvakr\u00e1t vraceli.\u00a0<\/strong><\/p>\n\n\n\n<p>Ve dv\u011b hodiny jsme tedy opravdu vyrazili a kone\u010dn\u011b jedeme! Svi\u0161t\u00edme si to sm\u011br Praha. Akor\u00e1t bohu\u017eel se zast\u00e1vkou v obchod\u011b, proto\u017ee pan manek\u00fdn nem\u00e1 sebou jedin\u00e9 norm\u00e1ln\u00ed sportovn\u00ed kalhoty, kter\u00e9 by aspo\u0148 trochu vydr\u017eely, kdyby pr\u0161elo.\u00a0No a pak u\u017e zase jedeme. <\/p>\n\n\n\n<p>Marn\u011b po cest\u011b hled\u00e1m u spolujezdce ve st\u00edn\u00edtku zrc\u00e1tko po tom, co zji\u0161\u0165uji, \u017ee to je asi to jedin\u00e9, co jsem si j\u00e1 pro jistotu nevzala. Jsem zklaman\u00e1, kdy\u017e zji\u0161\u0165uju, \u017ee ani u spolujezdce nen\u00ed. Po cest\u011b obdivuju ka\u017ed\u00fdho transport\u00e9ra, kter\u00fdho vid\u00edm, proto\u017ee to je prost\u011b srdcovka, a proto\u017ee po cest\u011b jich \u010dlov\u011bk potk\u00e1 nespo\u010det.\u00a0Jedeme po\u0159\u00e1d a po\u0159\u00e1d, sm\u011br Morava (pro ten n\u00e1\u0161 za\u010d\u00e1tek). <\/p>\n\n\n\n<p>Je\u0161t\u011b za sv\u011btla doraz\u00edme do Mikulova. Proto\u017ee u\u017e se stm\u00edv\u00e1, hled\u00e1me m\u00edsto na zaparkov\u00e1n\u00ed z\u00e1zra\u010dn\u00e9 krabi\u010dky. \u00dat\u011bchu nach\u00e1z\u00edme kousek od Nov\u00fdch Ml\u00fdn\u016f na parkovi\u0161ti. P\u0159ed n\u00e1mi stoj\u00ed jeden karavan, jinak pusto pr\u00e1zdno. <strong>Z\u00e1kaz jsme nikde nevid\u011bli a tak parkujeme.<\/strong> <\/p>\n\n\n\n<p>Druh\u00fd den m\u00e1me v pl\u00e1nu se p\u0159esunout jen o p\u00e1r kilometr\u016f kolem Kyjova, proto\u017ee bychom se r\u00e1di pod\u00edvali na Moravsk\u00e9 Tosk\u00e1nsko. Po tom, co si ud\u011bl\u00e1me n\u011bco k ve\u010de\u0159i, p\u0159ipijeme si na prvn\u00ed noc na nezn\u00e1m\u00e9m m\u00edst\u011b, jdeme v klidu sp\u00e1t a douf\u00e1me, \u017ee se n\u00e1m nic zl\u00e9ho nestane.\u00a0 <\/p>\n\n\n\n<figure class=\"wp-block-image\"><img loading=\"lazy\" decoding=\"async\" width=\"1000\" height=\"750\" src=\"https:\/\/all4camper.com\/\/wp-content\/uploads\/2019\/07\/P1040413.jpg\" alt=\"\" class=\"wp-image-79835\" srcset=\"https:\/\/all4camper.com\/wp-content\/uploads\/2019\/07\/P1040413.jpg 1000w, https:\/\/all4camper.com\/wp-content\/uploads\/2019\/07\/P1040413-150x113.jpg 150w, https:\/\/all4camper.com\/wp-content\/uploads\/2019\/07\/P1040413-300x225.jpg 300w, https:\/\/all4camper.com\/wp-content\/uploads\/2019\/07\/P1040413-768x576.jpg 768w, https:\/\/all4camper.com\/wp-content\/uploads\/2019\/07\/P1040413-678x509.jpg 678w, https:\/\/all4camper.com\/wp-content\/uploads\/2019\/07\/P1040413-326x245.jpg 326w, https:\/\/all4camper.com\/wp-content\/uploads\/2019\/07\/P1040413-80x60.jpg 80w\" sizes=\"auto, (max-width: 1000px) 100vw, 1000px\" \/><\/figure>\n\n\n\n<h4 class=\"wp-block-heading\"><strong>14. kv\u011btna 2019<\/strong> &#8211; Noc prob\u011bhla naprosto v po\u0159\u00e1dku &#8211; tak\u017ee \u017eijeme. <\/h4>\n\n\n\n<p>Jak u\u017e jsem psala v\u010dera, jedn\u00edm z c\u00edl\u016f bylo vid\u011bt Moravsk\u00e9 Tosk\u00e1nsko. Cht\u011bla jsem toti\u017e vid\u011bt ,,hn\u011bd\u00e1 pole s t\u0159e\u0161n\u00ed uprost\u0159ed&#8220;. Proto jsme se dnes vydali na v\u00fdlet po okol\u00ed Kyjova.\u00a0<\/p>\n\n\n\n<p>Kyjov jako takov\u00fd n\u00e1s nenadchnul, ale p\u00e1r kilometr\u016f od n\u011bj jsme na\u0161li hezk\u00e9 m\u00edsto u Bukovansk\u00e9ho Ml\u00fdna. \u010ci\u0161t\u00e9 hezk\u00e9 m\u00edsto s mo\u017enost\u00ed ob\u011bda \u010di ve\u010de\u0159e v restauraci. Taky tam maj\u00ed moc hezk\u00e9 \u010dern\u00e9 kozi\u010dky a kon\u011b (ov\u0161em kozy byly ume\u010den\u00e9 a kon\u011b nena\u017eran\u00ed). Pokochali jsme se hezk\u00fdm m\u00edstem a pokra\u010dovali d\u00e1l. Cht\u011bli jsme si hlavn\u011b vyfotit ta panoramata.\u00a0<\/p>\n\n\n\n<p>\u017de je opravdu o co st\u00e1t, jsme se hned p\u0159esv\u011bd\u010dili, proto\u017ee jsme u pol\u00ed a luk ka\u017edou chv\u00edli stav\u011bli pro jinou fotku na pam\u00e1tku (dokonce i to ,,hn\u011bd\u00e9 pole s t\u0159e\u0161n\u00ed&#8220; uprost\u0159ed jsme na\u0161li, jen ta t\u0159e\u0161e\u0148 u\u017e rozkvetl\u00e1 nebyla). \u0158ekli jsme si, \u017ee jednu noc na na\u0161em parkovi\u0161ti, jak jsme si ho nazvali ,,na Matyld\u011b&#8220;, je\u0161t\u011b str\u00e1v\u00edme, a tak jsme se pomalu za\u010dali vracet p\u0159es Velk\u00e9 Pavlovice do Mikulova. <\/p>\n\n\n\n<p>Velk\u00e9 Pavlovice se n\u00e1m oboum moc l\u00edbily, velmi p\u0159\u00edjemn\u00e9 prost\u0159ed\u00ed a skl\u00edpek vedle skl\u00edpku. <strong>P\u00e1ja dokonce p\u0159ekonal sv\u016fj strach z v\u00fd\u0161ek a vylezl se mnou na 18,6 m vysokou rozhlednu Slune\u010dnou ve Velk\u00fdch Pavlovic\u00edch. <\/strong>Vypadal sice, \u017ee ho budu ka\u017edou chv\u00edli k\u0159\u00edsit, ale ust\u00e1l to (dostal pochvalu). Jen jsme m\u011bli zrovna to \u0161t\u011bst\u00ed, \u017ee slune\u010dno moc nebylo a naho\u0159e foukal v\u00edtr asi jako na podzim na Sn\u011b\u017ece.\u00a0Potom u\u017e jsme se pomalu vraceli do Mikulova. <\/p>\n\n\n\n<p>Tam jsme je\u0161t\u011b vy\u0161plhali na Svat\u00fd Kope\u010dek, kde jsme chvilku pobyli u pohledu na cel\u00e9 kr\u00e1sn\u00e9 m\u011bsto. D\u00e1l jsme se vydali p\u0159\u00edmo do m\u011bsta, abychom si koupili n\u011bjak\u00e9 to prav\u00e9 moravsk\u00e9 na ve\u010der. P\u00e1n ve vina\u0159stv\u00ed u\u017e m\u011bl sice zav\u0159eno, ale byl tak mil\u00fd a ochotn\u00fd, \u017ee n\u00e1m 1,5 litru velt\u00ednsk\u00e9ho je\u0161t\u011b sto\u010dil. Po odpov\u011bdi, co jsme u nich v Mikulov\u011b nav\u0161t\u00edvili, na n\u00e1s jen nev\u011b\u0159\u00edcn\u011b koukal, \u017ee jsme \u0161li na Svat\u00fd Kope\u010dek bez v\u00edna (nejsp\u00ed\u0161 zvyk), a tak jsme si na chv\u00edli p\u0159ipadali jako b\u0159\u00eddilov\u00e9, ale co\u017e.\u00a0Dojeli jsme na na\u0161e parkovi\u0161t\u011b a pod vlivem velt\u00ednu si sd\u011blovali z\u00e1\u017eitky a t\u011b\u0161ili se na dal\u0161\u00ed nov\u00fd den. <strong>A zku\u0161enost, kterou m\u016f\u017eeme jen potvrdit, na Morav\u011b to v\u00edno fakt n\u011bjak l\u00edp chutn\u00e1.\u00a0<\/strong> <\/p>\n\n\n\n<figure class=\"wp-block-image\"><img loading=\"lazy\" decoding=\"async\" width=\"1000\" height=\"750\" src=\"https:\/\/all4camper.com\/\/wp-content\/uploads\/2019\/07\/P1040462.jpg\" alt=\"\" class=\"wp-image-79836\" srcset=\"https:\/\/all4camper.com\/wp-content\/uploads\/2019\/07\/P1040462.jpg 1000w, https:\/\/all4camper.com\/wp-content\/uploads\/2019\/07\/P1040462-150x113.jpg 150w, https:\/\/all4camper.com\/wp-content\/uploads\/2019\/07\/P1040462-300x225.jpg 300w, https:\/\/all4camper.com\/wp-content\/uploads\/2019\/07\/P1040462-768x576.jpg 768w, https:\/\/all4camper.com\/wp-content\/uploads\/2019\/07\/P1040462-678x509.jpg 678w, https:\/\/all4camper.com\/wp-content\/uploads\/2019\/07\/P1040462-326x245.jpg 326w, https:\/\/all4camper.com\/wp-content\/uploads\/2019\/07\/P1040462-80x60.jpg 80w\" sizes=\"auto, (max-width: 1000px) 100vw, 1000px\" \/><\/figure>\n\n\n\n<h4 class=\"wp-block-heading\"><strong>15. kv\u011btna 2019<\/strong><\/h4>\n\n\n\n<p>\u017de se vysp\u00edme a vyraz\u00edme brzy r\u00e1no, si \u0159\u00edk\u00e1 asi ka\u017ed\u00fd. Pro n\u00e1s bylo brzy r\u00e1no v dev\u011bt hodin. Ne\u017e jsme dokoupili co bylo je\u0161t\u011b pot\u0159eba (j\u00eddlo, hygienu, atd), ne\u017e jsme se na benz\u00ednce vyst\u0159\u00eddali o norm\u00e1ln\u00ed z\u00e1chod, a ne\u017e jsme se v pek\u00e1rn\u011b u WIFI a \u010derstv\u00e9ho kol\u00e1\u010de poradili, kam \u017ee tedy pojedeme asi tak d\u00e1l, bylo zase kr\u00e1sn\u00fdch dvan\u00e1ct hodin.\u00a0<\/p>\n\n\n\n<p>D\u00e1l jsme se vydali p\u0159es V\u00edde\u0148 sm\u011brem do Rakouska. <strong>Rakouskem proj\u00ed\u017ed\u00edme a m\u00edj\u00edme kr\u00e1snou krajinu, travnat\u00e9 louky st\u0159\u00eddaj\u00ed hory ty\u010d\u00edc\u00ed se skoro k nebi. <\/strong>Kolem hor se v\u0161ude proh\u00e1n\u011bj\u00ed mraky. Kdyby \u010dlov\u011bk nesed\u011bl v aut\u011b a nevalil to po d\u00e1lnici, m\u011bl by pocit, \u017ee se p\u0159esunul do poh\u00e1dky. <\/p>\n\n\n\n<p>P\u0159es Rakousko opravdu jen projedeme a bl\u00ed\u017e\u00edme se pomalu k It\u00e1lii, proto\u017ee bychom r\u00e1di na jeden, dva dny, dojeli a\u017e k mo\u0159i. <strong>Je\u0161t\u011b v Rakousku zastavujeme na Rastplatzu, kde n\u00e1s mile p\u0159ekvap\u00ed nejen kr\u00e1sn\u00fd v\u00fdhled, ale tak\u00e9 \u010dist\u00e9 toalety a dokonce mo\u017enost se za 1E vykoupat.<\/strong> <\/p>\n\n\n\n<p>Jen\u017ee proto\u017ee n\u00e1m \u010das ub\u00edh\u00e1, a proto\u017ee nechci s\u00e1hodlouze p\u0159ekl\u00e1dat, a proto\u017ee v tom chodit je\u0161t\u011b moc neum\u00edme, sprchu odm\u00edt\u00e1m. P\u00e1ja m\u011b sice p\u0159esv\u011bd\u010duje, \u017ee na tom nem\u016f\u017ee b\u00fdt nic slo\u017eit\u00e9ho, ale proto\u017ee n\u00e1s tla\u010d\u00ed \u010das, abychom n\u011bkam dojeli, chci hned pokra\u010dovat d\u00e1l. Pozd\u011bji toho lituji, obslou\u017eit sprchu toti\u017e nebylo opravdu nic slo\u017eit\u00e9ho, sta\u010dilo vhodit 1E a hezk\u00fdch 15 minut m\u00e1te \u010distou sprchu s teplou vodou. No a j\u00e1 se zbyte\u010dn\u011b b\u00e1la. N\u011bkdy holt mus\u00edme p\u0159iznat, \u017ee ti chlapi maj\u00ed ob\u010das i pravdu.\u00a0<\/p>\n\n\n\n<p>To u\u017e ale pokra\u010dujeme d\u00e1l sm\u011brem do It\u00e1lie. V necel\u00fdch osm hodin ve\u010der stoj\u00edme na pl\u00e1\u017ei v Bibione. J\u00e1s\u00e1me nad kr\u00e1snou pl\u00e1\u017e\u00ed, nad vlnami v mo\u0159i a t\u011b\u0161\u00edme se, a\u017e ho uvid\u00edme druh\u00fd den, za denn\u00edho sv\u011btla. T<strong>e\u010f ale mus\u00edme naj\u00edt m\u00edsto, kde pro tuto noc z\u016fstaneme.\u00a0Nakonec nach\u00e1z\u00edme m\u00edsto na parkovi\u0161ti u pivovaru a obchodu. Z\u00e1kaz tu nikde nevid\u00edme a spolu s n\u00e1mi tu stoj\u00ed je\u0161t\u011b dal\u0161\u00ed karavan a p\u00e1r aut kolem.<\/strong> Nedok\u00e1\u017eu \u0159\u00edct, kolik lid\u00ed by tu bylo o sez\u00f3n\u011b, ale proto\u017ee nen\u00ed, m\u00e1me klid. Abych pravdu \u0159ekla, jsem trochu nesv\u00e1, aby se n\u00e1m v noci necht\u011bl pod\u00edvat n\u011bkdo na na\u0161e hn\u00edzde\u010dko, ale proto\u017ee je pozd\u011b, nezb\u00fdv\u00e1 ne\u017e z\u016fstat a s klidn\u00fdm sv\u011bdom\u00edm se sna\u017eit usnout. D\u00e1me si ve\u010de\u0159i, po kal\u00ed\u0161ku v\u00edna a za zvuku proj\u00ed\u017ed\u011bj\u00edc\u00edch aut kolem, se sna\u017e\u00edme usnout (t\u0159eba i p\u0159e\u017eijeme).\u00a0<br><\/p>\n\n\n\n<p><strong>P. S. Kdy\u017e ve\u010der vol\u00e1me dom\u016f rodin\u011b a do telefonu zazn\u00ed ,,sn\u00eddali jsme v Mikulov\u011b, ob\u011bdvali p\u0159ed hranicemi Rakouska, sva\u010dili v Rakousku a ve\u010de\u0159\u00edme v Bibione v It\u00e1lii&#8220;, mus\u00edm se za\u010d\u00edt sm\u00e1t, takhle za sebou to zn\u00ed opravdu komicky.\u00a0<\/strong><\/p>\n\n\n\n<h4 class=\"wp-block-heading\"><strong>16. kv\u011btna 2019\u00a0<\/strong>&#8211; R\u00e1no se tedy probouz\u00edme v It\u00e1lii v Bibione. <\/h4>\n\n\n\n<p>Noc jsme p\u0159e\u017eili, nikdo n\u00e1s neobt\u011b\u017eoval ani nekontroloval, vyspali jsme se dob\u0159e.\u00a0Kr\u00e1sn\u011b n\u00e1m sv\u00edt\u00ed slun\u00ed\u010dko, a tak n\u00e1s to donut\u00ed brzy se sbalit a pokra\u010dovat d\u00e1l. <strong>Shodujeme se, \u017ee kdy\u017e u\u017e jsme takov\u00fd kousek, mus\u00edme se ur\u010dit\u011b pod\u00edvat do Ben\u00e1tek, a tak vyr\u00e1\u017e\u00edme. Kdy\u017e p\u0159ej\u00ed\u017ed\u00edme most do Ben\u00e1tek, nev\u00edme, kam se d\u00edvat d\u0159\u00edv. <\/strong>Jedin\u00e9, s \u010d\u00edm je celkem probl\u00e9m, je parkov\u00e1n\u00ed. <\/p>\n\n\n\n<p>Hned na okraji m\u011bsta sice parkovi\u0161t\u011b je, ale je tak\u00e9 tot\u00e1ln\u011b p\u0159epln\u011bn\u00e9. Potom, co necht\u011bn\u011b vj\u00ed\u017ed\u00edme za z\u00e1voru n\u011bkam do p\u0159\u00edstavu, pan\u00ed n\u00e1m vysv\u011btluje, \u017ee zde nen\u00ed parkov\u00e1n\u00ed, ale vjezd pro zam\u011bstnance. Hled\u00e1me d\u00e1l a m\u00edsto nach\u00e1z\u00edme, jen trochu d\u00e1l od centra m\u011bsta. Parkuj\u00ed zde t\u00e9m\u011b\u0159 v\u0161echny z\u00e1jezdov\u00e9 autobusy, karavany, nejsp\u00ed\u0161 v\u0161ichni. Za parkov\u00e1n\u00ed tu ale d\u00e1te 25E, jinak to nejsp\u00ed\u0161 bohu\u017eel nejde. <\/p>\n\n\n\n<p>Centrum za\u010d\u00edn\u00e1 cca 20 minut od tohoto parkovi\u0161t\u011b. Hned co do n\u011bj vejdete, nev\u00edte kam se d\u0159\u00edv d\u00edvat, d\u00fdchne na v\u00e1s kus historie, r\u016fznorodost lid\u00ed a v\u0161ude vid\u00edte prost\u011b a jasn\u011b jen a jen n\u00e1dheru. V\u0161ude tady na maximum funguje lodn\u00ed doprava, asi stejn\u011b jako u n\u00e1s v Praze funguje pozemn\u00ed taxi. Turist\u00e9 zde naplno vyu\u017e\u00edvaj\u00ed slu\u017eeb nejen lodn\u00ed dopravy na okoln\u00ed ostrovy, ale tak\u00e9 po m\u011bst\u011b jako takov\u00e9m, \u010di romantick\u00fdch proj\u00ed\u017ed\u011bk na gondol\u00e1ch. <\/p>\n\n\n\n<p>My jsme bohu\u017eel takov\u00e9 proj\u00ed\u017e\u010fky nevyu\u017eili, proto\u017ee jej\u00ed cena je 80E za p\u016fl hodiny. Gondoly jsou pr\u00fd drah\u00e9, jejich \u00fadr\u017eba t\u00e9\u017e a \u017eivotnost je 15-20 let, proto je nejsp\u00ed\u0161 tak vysok\u00e1 cena, a to jsme opravdu investovat nemohli. I tak jsem ale kolem sebe koukali doslova s otev\u0159enou pusou a nemohli se vynad\u00edvat. I z gondol na v\u00e1s toti\u017e opravdu d\u00fdchne historie, tradice, romantika.\u00a0<\/p>\n\n\n\n<p>My \u0161li do prohl\u00eddky m\u011bsta po hlav\u011b a nevzali si mapu, co\u017e ur\u010dit\u011b doporu\u010dujeme, proto\u017ee je n\u00e1m v\u00edc, ne\u017e jasn\u00e9, \u017ee jsme spoustu d\u016fle\u017eit\u00fdch m\u00edst a pam\u00e1tek bohu\u017eel vynechali. Kdy\u017e jsme vyfotili asi tak tis\u00edc fotek, na ka\u017ed\u00e9m mostu si dali hubana a pokochali se v\u00fdhledy u\u017e jen do uli\u010dek Ben\u00e1tek, pomalu jsme se jali odchodu.\u00a0<strong>Auto na parkovi\u0161ti st\u00e1lo zcela v po\u0159\u00e1dku. Dali jsme si malou sva\u010dinu, pokochali se je\u0161t\u011b v\u00fdhledem na mo\u0159e a p\u0159\u00edstav, zaplatili kr\u00e1snou \u010d\u00e1stku za parkov\u00e1n\u00ed a vydali se d\u00e1l, vst\u0159\u00edc Veron\u011b. <\/strong>A\u010dkoliv se to ani nezd\u00e1, v Ben\u00e1tk\u00e1ch opravdu t\u00e9m\u011b\u0159 prochod\u00edte boty, tak\u017ee n\u00e1s tato ,,proch\u00e1zka&#8220; t\u00edmto malebn\u00fdm m\u011bstem opravdu zmohla. <\/p>\n\n\n\n<p>Nev\u011bd\u011bli jsme, kde budeme sp\u00e1t, a tak jsme asi 17km od Verony odbo\u010dili k vinic\u00edm a dojeli k n\u011bjak\u00e9mu hr\u00e1dku na vr\u0161ku. Dali jsme si kafe, trochu se najedli a p\u0159em\u00fd\u0161leli, jestli zde m\u00e1me z\u016fstat nocovat. Zjistili jsme, \u017ee podle kamer okolo bychom nejsp\u00ed\u0161 dost riskovali no\u010dn\u00ed probuzen\u00ed od policie a tak\u00e9 tu bylo celkem dost ru\u0161no, tak\u017ee jsme po dopln\u011bn\u00ed energie vyrazili je\u0161t\u011b o trochu bl\u00ed\u017e Veron\u011b. <\/p>\n\n\n\n<p>Nakonec jsme dorazili p\u0159\u00edmo do Verony, a kdy\u017e jsme zjistili, \u017ee to tu no\u010dn\u00edm \u017eivotem \u017eije, netu\u0161ili jsme, kde auto nech\u00e1me, abychom mohli v klidu p\u0159espat. <strong>Teprve tehdy n\u00e1s kone\u010dn\u011b napadlo vyhledat Stellplatz na parkov\u00e1n\u00ed. <\/strong>Poda\u0159ilo se a my na\u0161li Stellpatz p\u0159\u00edmo mezi vinicemi, kousek od jezera Lago di Garda (Lazise). M\u011bli jsme to 20 minut od Verony, co\u017e bylo kr\u00e1sn\u00e9.\u00a0K dispozici jsme zde m\u011bli \u010dist\u00e9 toalety, sprchu a tak\u00e9 aspo\u0148 trochu relativn\u00ed jistoty, \u017ee ve\u010der m\u016f\u017eeme sp\u00e1t ,,naprosto&#8220; v klidu. Mohli jsme chv\u00edli vypnout, d\u00e1t si v klidu v\u00edno a po\u0159\u00e1dn\u011b se vyspat. <\/p>\n\n\n\n<figure class=\"wp-block-image\"><img loading=\"lazy\" decoding=\"async\" width=\"1000\" height=\"750\" src=\"https:\/\/all4camper.com\/\/wp-content\/uploads\/2019\/07\/P1040489.jpg\" alt=\"\" class=\"wp-image-79837\" srcset=\"https:\/\/all4camper.com\/wp-content\/uploads\/2019\/07\/P1040489.jpg 1000w, https:\/\/all4camper.com\/wp-content\/uploads\/2019\/07\/P1040489-150x113.jpg 150w, https:\/\/all4camper.com\/wp-content\/uploads\/2019\/07\/P1040489-300x225.jpg 300w, https:\/\/all4camper.com\/wp-content\/uploads\/2019\/07\/P1040489-768x576.jpg 768w, https:\/\/all4camper.com\/wp-content\/uploads\/2019\/07\/P1040489-678x509.jpg 678w, https:\/\/all4camper.com\/wp-content\/uploads\/2019\/07\/P1040489-326x245.jpg 326w, https:\/\/all4camper.com\/wp-content\/uploads\/2019\/07\/P1040489-80x60.jpg 80w\" sizes=\"auto, (max-width: 1000px) 100vw, 1000px\" \/><\/figure>\n\n\n\n<h4 class=\"wp-block-heading\"><strong>17. kv\u011btna 2019<\/strong><\/h4>\n\n\n\n<p>Ze Stellplatzu jsme vyrazili \u00fapln\u011b v klidu kolem des\u00e1t\u00e9. M\u011bli jsme \u010das, taky dobrou sn\u00eddani a v noci naprosto klidn\u00e9 span\u00ed. Jedin\u00e9, na co jsem trochu doplatila bylo, \u017ee jsem cht\u011bla d\u00edky nab\u00edzen\u00e9mu komfortu vyu\u017e\u00edt zrcadlo, abych \u0161la do Verony jako \u010dlov\u011bk. Jen\u017ee kdy\u017e jsem se k n\u011bmu sp\u011b\u0161n\u011b bl\u00ed\u017eila, p\u0159iv\u0159ela jsem si nohu do dve\u0159\u00ed a to takov\u00fdm zp\u016fsobem, \u017ee ze m\u011b byla pajda a do norm\u00e1ln\u00ed boty jsem nohu nedostala (kr\u00e1sa holt asi fakt n\u011bco stoj\u00ed).\u00a0<\/p>\n\n\n\n<p>Nohu jsme o\u0161et\u0159ili a p\u0159esunuli jsme se do Verony. Co tu na v\u00e1s asi v\u0161ude opravdu d\u00fdchne, je l\u00e1ska. Tak n\u011bjak je to tu c\u00edtit ve vzduchu. K Juliinu domu i s balkonem tu ale proud\u00ed opravdu davy, davy turist\u016f, asi n\u011bco jako u n\u00e1s na V\u00e1clav\u00e1ku. <strong>Ty v\u00e1s cht\u011b necht\u011b trochu odrad\u00ed, ale pokud vydr\u017e\u00edte, v\u00fdsledek opravdu stoj\u00ed za to.<\/strong>\u00a0<\/p>\n\n\n\n<p>D\u00e1l jsme pokra\u010dovali, jak jinak, ne\u017e bez mapy, ale proto\u017ee jsme se shodli, \u017ee z pam\u00e1tkov\u00e9ho \u00fastavu opravdu nejsme, pam\u00e1tky jsme nevyhled\u00e1vali. Jen jsme se tak potulovali m\u011bstem a vn\u00edmali atmosf\u00e9ru jako takovou. Prochodili jsme tak zase asi \u010dty\u0159i hodiny a up\u0159\u00edmn\u011b, docela n\u00e1s to zmohlo. <\/p>\n\n\n\n<p>Dopravili jsme se k autu a jali se odjezdu sm\u011br Trento.\u00a0No a proto\u017ee je P\u00e1ja skler\u00f3za (to ti chlapi taky um\u00ed), cht\u011bl mi d\u00e1t u Juliina balkonu p\u0159\u00edv\u011bsek. No a co mysl\u00edte? Samoz\u0159ejm\u011b, \u017ee ho nechal v aut\u011b. A tak jsem p\u0159\u00edv\u011bsek m\u00edsto u balkonu, dostala na parkovi\u0161ti. Aspo\u0148, \u017ee to bylo po\u0159\u00e1d ve Veron\u011b a d\u00edky za n\u011bj, proto\u017ee nejsem holka n\u00e1ro\u010dn\u00e1, i tak jsem byla \u0161\u0165astn\u00e1 jako blecha.\u00a0Jak u\u017e jsem \u0159ekla, vydali jsme se sm\u011br Trento. A pro\u010d? proto\u017ee je to po cest\u011b? Jo a taky proto, \u017ee ten p\u00e1n, co s n\u00edm \u017eiju, kdysi d\u00e1vno z\u00e1vodil auta do vrchu.<\/p>\n\n\n\n<p><strong>U\u017e tu\u0161\u00edte? No jasn\u011b, z Trenta toti\u017e\u00a0 vede 17 km dlouh\u00e1 tra\u0165 mistr\u00e1ku a\u017e na Monte Bondone. <\/strong>No co v\u00e1m budu pov\u00eddat, jedna zat\u00e1\u010dka st\u0159\u00edd\u00e1 druhou a nejednomu \u010dlov\u011bku se z dod\u00e1vky v tomto ohledu ud\u011bl\u00e1 \u0161patn\u011b. Nicm\u00e9n\u011b nahoru si dojel, m\u011bl radost, tak\u017ee spln\u011bno. Dol\u016f jsme sice m\u00e1lem utavili brzdy, ale taky jsme dojeli.\u00a0<\/p>\n\n\n\n<p>Po mal\u00e9 zaj\u00ed\u017e\u010fce na tra\u0165 jsme se vr\u00e1tili dol\u016f do Trenta a za\u010dali si hledat nocleh. No a proto\u017ee j\u00e1 cht\u011bla do Bolzana, proto\u017ee v\u00fdroba sn\u011b\u017en\u00fdch d\u011bl Technoalpin, a proto\u017ee lezeck\u00e1 st\u011bna Salewa, tak jsem se sna\u017eila n\u00e1s p\u0159ibl\u00ed\u017eit. A p\u0159ibl\u00ed\u017eila, na kr\u00e1sn\u00e9, bezplatn\u00e9 a klidn\u00e9 parkovi\u0161t\u011b pobl\u00ed\u017e Caldara (Kaltern). Dobrou noc a pokra\u010dov\u00e1n\u00ed ji\u017e brzy!<\/p>\n\n\n\n<figure class=\"wp-block-image\"><img loading=\"lazy\" decoding=\"async\" width=\"1000\" height=\"750\" src=\"https:\/\/all4camper.com\/\/wp-content\/uploads\/2019\/07\/P1040593.jpg\" alt=\"\" class=\"wp-image-79838\" srcset=\"https:\/\/all4camper.com\/wp-content\/uploads\/2019\/07\/P1040593.jpg 1000w, https:\/\/all4camper.com\/wp-content\/uploads\/2019\/07\/P1040593-150x113.jpg 150w, https:\/\/all4camper.com\/wp-content\/uploads\/2019\/07\/P1040593-300x225.jpg 300w, https:\/\/all4camper.com\/wp-content\/uploads\/2019\/07\/P1040593-768x576.jpg 768w, https:\/\/all4camper.com\/wp-content\/uploads\/2019\/07\/P1040593-678x509.jpg 678w, https:\/\/all4camper.com\/wp-content\/uploads\/2019\/07\/P1040593-326x245.jpg 326w, https:\/\/all4camper.com\/wp-content\/uploads\/2019\/07\/P1040593-80x60.jpg 80w\" sizes=\"auto, (max-width: 1000px) 100vw, 1000px\" \/><\/figure>\n","protected":false},"excerpt":{"rendered":"<p>Autor: Leona Asi m\u00e1m tak n\u011bjak v popisu \u017eivota, \u017ee na dovolen\u00e9 odj\u00ed\u017ed\u00edm v\u017edy za p\u011bt minut dvan\u00e1ct, a\u017e kdy\u017e je toho na m\u011b prost\u011b moc. Tentokr\u00e1t to byla nejsp\u00ed\u0161 tot\u00e1ln\u00ed \u00fanava materi\u00e1lu, mo\u017en\u00e1 soci\u00e1ln\u00ed vyho\u0159en\u00ed kv\u016fli pr\u00e1ci, rodinn\u00fdm z\u00e1le\u017eitostem a tak podobn\u011b.\u00a0Jedin\u00e9 \u0159e\u0161en\u00ed, kter\u00e9 (u m\u011b stejn\u011b jako p\u0159ed \u010dty\u0159mi lety) bylo v\u00fdchodiskem byla [&hellip;]<\/p>\n","protected":false},"author":27,"featured_media":79853,"comment_status":"closed","ping_status":"open","sticky":false,"template":"","format":"standard","meta":{"_monsterinsights_skip_tracking":false,"_monsterinsights_sitenote_active":false,"_monsterinsights_sitenote_note":"","_monsterinsights_sitenote_category":0,"footnotes":""},"categories":[368],"tags":[110],"class_list":{"0":"post-79832","1":"post","2":"type-post","3":"status-publish","4":"format-standard","5":"has-post-thumbnail","7":"category-magazin_all4camper","8":"tag-cestopis"},"yoast_head":"<!-- This site is optimized with the Yoast SEO plugin v27.5 - https:\/\/yoast.com\/product\/yoast-seo-wordpress\/ -->\n<title>&quot;M\u016fj mil\u00fd den\u00ed\u010dku&quot;, aneb jak m\u011b pozn\u00e1vac\u00ed dovolen\u00e1 v transitu zachranila, abych se nezbl\u00e1znila I. \u010d\u00e1st - All4Camper<\/title>\n<meta name=\"description\" content=\"All4Camper - &quot;M\u016fj mil\u00fd den\u00ed\u010dku&quot;, aneb jak m\u011b pozn\u00e1vac\u00ed dovolen\u00e1 v transitu zachranila, abych se nezbl\u00e1znila I. \u010d\u00e1st\" \/>\n<meta name=\"robots\" content=\"index, follow, max-snippet:-1, max-image-preview:large, max-video-preview:-1\" \/>\n<link rel=\"canonical\" href=\"https:\/\/all4camper.com\/cs\/muj-mily-denicku-aneb-jak-me-poznavaci-dovolena-v-transitu-zachranila-abych-se-nezblaznila-i-cast\/\" \/>\n<meta property=\"og:locale\" content=\"cs_CZ\" \/>\n<meta property=\"og:type\" content=\"article\" \/>\n<meta property=\"og:title\" content=\"&quot;M\u016fj mil\u00fd den\u00ed\u010dku&quot;, aneb jak m\u011b pozn\u00e1vac\u00ed dovolen\u00e1 v transitu zachranila, abych se nezbl\u00e1znila I. \u010d\u00e1st - All4Camper\" \/>\n<meta property=\"og:description\" content=\"All4Camper - &quot;M\u016fj mil\u00fd den\u00ed\u010dku&quot;, aneb jak m\u011b pozn\u00e1vac\u00ed dovolen\u00e1 v transitu zachranila, abych se nezbl\u00e1znila I. \u010d\u00e1st\" \/>\n<meta property=\"og:url\" content=\"https:\/\/all4camper.com\/cs\/muj-mily-denicku-aneb-jak-me-poznavaci-dovolena-v-transitu-zachranila-abych-se-nezblaznila-i-cast\/\" \/>\n<meta property=\"og:site_name\" content=\"All4Camper\" \/>\n<meta property=\"article:published_time\" content=\"2019-07-12T13:17:45+00:00\" \/>\n<meta property=\"article:modified_time\" content=\"2019-12-15T13:22:55+00:00\" \/>\n<meta property=\"og:image\" content=\"https:\/\/all4camper.com\/wp-content\/uploads\/2019\/07\/cropped-winding-road-1556177_1280.jpg\" \/>\n\t<meta property=\"og:image:width\" content=\"1280\" \/>\n\t<meta property=\"og:image:height\" content=\"719\" \/>\n\t<meta property=\"og:image:type\" content=\"image\/jpeg\" \/>\n<meta name=\"author\" content=\"Od na\u0161ich \u010dten\u00e1\u0159\u016f\" \/>\n<meta name=\"twitter:card\" content=\"summary_large_image\" \/>\n<meta name=\"twitter:label1\" content=\"Napsal(a)\" \/>\n\t<meta name=\"twitter:data1\" content=\"Od na\u0161ich \u010dten\u00e1\u0159\u016f\" \/>\n\t<meta name=\"twitter:label2\" content=\"Odhadovan\u00e1 doba \u010dten\u00ed\" \/>\n\t<meta name=\"twitter:data2\" content=\"20 minut\" \/>\n<script type=\"application\/ld+json\" class=\"yoast-schema-graph\">{\"@context\":\"https:\\\/\\\/schema.org\",\"@graph\":[{\"@type\":\"Article\",\"@id\":\"https:\\\/\\\/all4camper.com\\\/cs\\\/muj-mily-denicku-aneb-jak-me-poznavaci-dovolena-v-transitu-zachranila-abych-se-nezblaznila-i-cast\\\/#article\",\"isPartOf\":{\"@id\":\"https:\\\/\\\/all4camper.com\\\/cs\\\/muj-mily-denicku-aneb-jak-me-poznavaci-dovolena-v-transitu-zachranila-abych-se-nezblaznila-i-cast\\\/\"},\"author\":{\"name\":\"Od na\u0161ich \u010dten\u00e1\u0159\u016f\",\"@id\":\"https:\\\/\\\/all4camper.com\\\/cs\\\/#\\\/schema\\\/person\\\/6e44acf123c404fdffce72310b6e0f1c\"},\"headline\":\"&#8222;M\u016fj mil\u00fd den\u00ed\u010dku&#8220;, aneb jak m\u011b pozn\u00e1vac\u00ed dovolen\u00e1 v transitu zachranila, abych se nezbl\u00e1znila I. \u010d\u00e1st\",\"datePublished\":\"2019-07-12T13:17:45+00:00\",\"dateModified\":\"2019-12-15T13:22:55+00:00\",\"mainEntityOfPage\":{\"@id\":\"https:\\\/\\\/all4camper.com\\\/cs\\\/muj-mily-denicku-aneb-jak-me-poznavaci-dovolena-v-transitu-zachranila-abych-se-nezblaznila-i-cast\\\/\"},\"wordCount\":3999,\"publisher\":{\"@id\":\"https:\\\/\\\/all4camper.com\\\/cs\\\/#organization\"},\"image\":{\"@id\":\"https:\\\/\\\/all4camper.com\\\/cs\\\/muj-mily-denicku-aneb-jak-me-poznavaci-dovolena-v-transitu-zachranila-abych-se-nezblaznila-i-cast\\\/#primaryimage\"},\"thumbnailUrl\":\"https:\\\/\\\/all4camper.com\\\/wp-content\\\/uploads\\\/2019\\\/07\\\/cropped-winding-road-1556177_1280.jpg\",\"keywords\":[\"Cestopis\"],\"articleSection\":[\"\u010cten\u00ed na cesty\"],\"inLanguage\":\"cs\"},{\"@type\":\"WebPage\",\"@id\":\"https:\\\/\\\/all4camper.com\\\/cs\\\/muj-mily-denicku-aneb-jak-me-poznavaci-dovolena-v-transitu-zachranila-abych-se-nezblaznila-i-cast\\\/\",\"url\":\"https:\\\/\\\/all4camper.com\\\/cs\\\/muj-mily-denicku-aneb-jak-me-poznavaci-dovolena-v-transitu-zachranila-abych-se-nezblaznila-i-cast\\\/\",\"name\":\"\\\"M\u016fj mil\u00fd den\u00ed\u010dku\\\", aneb jak m\u011b pozn\u00e1vac\u00ed dovolen\u00e1 v transitu zachranila, abych se nezbl\u00e1znila I. \u010d\u00e1st - All4Camper\",\"isPartOf\":{\"@id\":\"https:\\\/\\\/all4camper.com\\\/cs\\\/#website\"},\"primaryImageOfPage\":{\"@id\":\"https:\\\/\\\/all4camper.com\\\/cs\\\/muj-mily-denicku-aneb-jak-me-poznavaci-dovolena-v-transitu-zachranila-abych-se-nezblaznila-i-cast\\\/#primaryimage\"},\"image\":{\"@id\":\"https:\\\/\\\/all4camper.com\\\/cs\\\/muj-mily-denicku-aneb-jak-me-poznavaci-dovolena-v-transitu-zachranila-abych-se-nezblaznila-i-cast\\\/#primaryimage\"},\"thumbnailUrl\":\"https:\\\/\\\/all4camper.com\\\/wp-content\\\/uploads\\\/2019\\\/07\\\/cropped-winding-road-1556177_1280.jpg\",\"datePublished\":\"2019-07-12T13:17:45+00:00\",\"dateModified\":\"2019-12-15T13:22:55+00:00\",\"description\":\"All4Camper - \\\"M\u016fj mil\u00fd den\u00ed\u010dku\\\", aneb jak m\u011b pozn\u00e1vac\u00ed dovolen\u00e1 v transitu zachranila, abych se nezbl\u00e1znila I. \u010d\u00e1st\",\"breadcrumb\":{\"@id\":\"https:\\\/\\\/all4camper.com\\\/cs\\\/muj-mily-denicku-aneb-jak-me-poznavaci-dovolena-v-transitu-zachranila-abych-se-nezblaznila-i-cast\\\/#breadcrumb\"},\"inLanguage\":\"cs\",\"potentialAction\":[{\"@type\":\"ReadAction\",\"target\":[\"https:\\\/\\\/all4camper.com\\\/cs\\\/muj-mily-denicku-aneb-jak-me-poznavaci-dovolena-v-transitu-zachranila-abych-se-nezblaznila-i-cast\\\/\"]}]},{\"@type\":\"ImageObject\",\"inLanguage\":\"cs\",\"@id\":\"https:\\\/\\\/all4camper.com\\\/cs\\\/muj-mily-denicku-aneb-jak-me-poznavaci-dovolena-v-transitu-zachranila-abych-se-nezblaznila-i-cast\\\/#primaryimage\",\"url\":\"https:\\\/\\\/all4camper.com\\\/wp-content\\\/uploads\\\/2019\\\/07\\\/cropped-winding-road-1556177_1280.jpg\",\"contentUrl\":\"https:\\\/\\\/all4camper.com\\\/wp-content\\\/uploads\\\/2019\\\/07\\\/cropped-winding-road-1556177_1280.jpg\",\"width\":1280,\"height\":719},{\"@type\":\"BreadcrumbList\",\"@id\":\"https:\\\/\\\/all4camper.com\\\/cs\\\/muj-mily-denicku-aneb-jak-me-poznavaci-dovolena-v-transitu-zachranila-abych-se-nezblaznila-i-cast\\\/#breadcrumb\",\"itemListElement\":[{\"@type\":\"ListItem\",\"position\":1,\"name\":\"Dom\u016f\",\"item\":\"https:\\\/\\\/all4camper.com\\\/cs\\\/\"},{\"@type\":\"ListItem\",\"position\":2,\"name\":\"\u010cten\u00ed na cesty\",\"item\":\"https:\\\/\\\/all4camper.com\\\/cs\\\/category\\\/magazin_all4camper\\\/\"},{\"@type\":\"ListItem\",\"position\":3,\"name\":\"&#8222;M\u016fj mil\u00fd den\u00ed\u010dku&#8220;, aneb jak m\u011b pozn\u00e1vac\u00ed dovolen\u00e1 v transitu zachranila, abych se nezbl\u00e1znila I. \u010d\u00e1st\"}]},{\"@type\":\"WebSite\",\"@id\":\"https:\\\/\\\/all4camper.com\\\/cs\\\/#website\",\"url\":\"https:\\\/\\\/all4camper.com\\\/cs\\\/\",\"name\":\"All4Camper\",\"description\":\"Nejv\u011bt\u0161\u00ed online magaz\u00edn o kempov\u00e1n\u00ed a karavaninku. V\u00edce jak 900 \u010dl\u00e1nk\u016f pln\u00fdch rad a tip\u016f o kempech a kempov\u00e1n\u00ed.\",\"publisher\":{\"@id\":\"https:\\\/\\\/all4camper.com\\\/cs\\\/#organization\"},\"potentialAction\":[{\"@type\":\"SearchAction\",\"target\":{\"@type\":\"EntryPoint\",\"urlTemplate\":\"https:\\\/\\\/all4camper.com\\\/cs\\\/?s={search_term_string}\"},\"query-input\":{\"@type\":\"PropertyValueSpecification\",\"valueRequired\":true,\"valueName\":\"search_term_string\"}}],\"inLanguage\":\"cs\"},{\"@type\":\"Organization\",\"@id\":\"https:\\\/\\\/all4camper.com\\\/cs\\\/#organization\",\"name\":\"All4Camper - kempujeme s Kl\u00e1rou\",\"url\":\"https:\\\/\\\/all4camper.com\\\/cs\\\/\",\"logo\":{\"@type\":\"ImageObject\",\"inLanguage\":\"cs\",\"@id\":\"https:\\\/\\\/all4camper.com\\\/cs\\\/#\\\/schema\\\/logo\\\/image\\\/\",\"url\":\"https:\\\/\\\/all4camper.com\\\/wp-content\\\/uploads\\\/2018\\\/09\\\/novelogo.png\",\"contentUrl\":\"https:\\\/\\\/all4camper.com\\\/wp-content\\\/uploads\\\/2018\\\/09\\\/novelogo.png\",\"width\":1520,\"height\":600,\"caption\":\"All4Camper - kempujeme s Kl\u00e1rou\"},\"image\":{\"@id\":\"https:\\\/\\\/all4camper.com\\\/cs\\\/#\\\/schema\\\/logo\\\/image\\\/\"}},{\"@type\":\"Person\",\"@id\":\"https:\\\/\\\/all4camper.com\\\/cs\\\/#\\\/schema\\\/person\\\/6e44acf123c404fdffce72310b6e0f1c\",\"name\":\"Od na\u0161ich \u010dten\u00e1\u0159\u016f\",\"url\":\"https:\\\/\\\/all4camper.com\\\/cs\\\/author\\\/od-nasich-ctenaru\\\/\"}]}<\/script>\n<!-- \/ Yoast SEO plugin. -->","yoast_head_json":{"title":"\"M\u016fj mil\u00fd den\u00ed\u010dku\", aneb jak m\u011b pozn\u00e1vac\u00ed dovolen\u00e1 v transitu zachranila, abych se nezbl\u00e1znila I. \u010d\u00e1st - All4Camper","description":"All4Camper - \"M\u016fj mil\u00fd den\u00ed\u010dku\", aneb jak m\u011b pozn\u00e1vac\u00ed dovolen\u00e1 v transitu zachranila, abych se nezbl\u00e1znila I. \u010d\u00e1st","robots":{"index":"index","follow":"follow","max-snippet":"max-snippet:-1","max-image-preview":"max-image-preview:large","max-video-preview":"max-video-preview:-1"},"canonical":"https:\/\/all4camper.com\/cs\/muj-mily-denicku-aneb-jak-me-poznavaci-dovolena-v-transitu-zachranila-abych-se-nezblaznila-i-cast\/","og_locale":"cs_CZ","og_type":"article","og_title":"\"M\u016fj mil\u00fd den\u00ed\u010dku\", aneb jak m\u011b pozn\u00e1vac\u00ed dovolen\u00e1 v transitu zachranila, abych se nezbl\u00e1znila I. \u010d\u00e1st - All4Camper","og_description":"All4Camper - \"M\u016fj mil\u00fd den\u00ed\u010dku\", aneb jak m\u011b pozn\u00e1vac\u00ed dovolen\u00e1 v transitu zachranila, abych se nezbl\u00e1znila I. \u010d\u00e1st","og_url":"https:\/\/all4camper.com\/cs\/muj-mily-denicku-aneb-jak-me-poznavaci-dovolena-v-transitu-zachranila-abych-se-nezblaznila-i-cast\/","og_site_name":"All4Camper","article_published_time":"2019-07-12T13:17:45+00:00","article_modified_time":"2019-12-15T13:22:55+00:00","og_image":[{"width":1280,"height":719,"url":"https:\/\/all4camper.com\/wp-content\/uploads\/2019\/07\/cropped-winding-road-1556177_1280.jpg","type":"image\/jpeg"}],"author":"Od na\u0161ich \u010dten\u00e1\u0159\u016f","twitter_card":"summary_large_image","twitter_misc":{"Napsal(a)":"Od na\u0161ich \u010dten\u00e1\u0159\u016f","Odhadovan\u00e1 doba \u010dten\u00ed":"20 minut"},"schema":{"@context":"https:\/\/schema.org","@graph":[{"@type":"Article","@id":"https:\/\/all4camper.com\/cs\/muj-mily-denicku-aneb-jak-me-poznavaci-dovolena-v-transitu-zachranila-abych-se-nezblaznila-i-cast\/#article","isPartOf":{"@id":"https:\/\/all4camper.com\/cs\/muj-mily-denicku-aneb-jak-me-poznavaci-dovolena-v-transitu-zachranila-abych-se-nezblaznila-i-cast\/"},"author":{"name":"Od na\u0161ich \u010dten\u00e1\u0159\u016f","@id":"https:\/\/all4camper.com\/cs\/#\/schema\/person\/6e44acf123c404fdffce72310b6e0f1c"},"headline":"&#8222;M\u016fj mil\u00fd den\u00ed\u010dku&#8220;, aneb jak m\u011b pozn\u00e1vac\u00ed dovolen\u00e1 v transitu zachranila, abych se nezbl\u00e1znila I. \u010d\u00e1st","datePublished":"2019-07-12T13:17:45+00:00","dateModified":"2019-12-15T13:22:55+00:00","mainEntityOfPage":{"@id":"https:\/\/all4camper.com\/cs\/muj-mily-denicku-aneb-jak-me-poznavaci-dovolena-v-transitu-zachranila-abych-se-nezblaznila-i-cast\/"},"wordCount":3999,"publisher":{"@id":"https:\/\/all4camper.com\/cs\/#organization"},"image":{"@id":"https:\/\/all4camper.com\/cs\/muj-mily-denicku-aneb-jak-me-poznavaci-dovolena-v-transitu-zachranila-abych-se-nezblaznila-i-cast\/#primaryimage"},"thumbnailUrl":"https:\/\/all4camper.com\/wp-content\/uploads\/2019\/07\/cropped-winding-road-1556177_1280.jpg","keywords":["Cestopis"],"articleSection":["\u010cten\u00ed na cesty"],"inLanguage":"cs"},{"@type":"WebPage","@id":"https:\/\/all4camper.com\/cs\/muj-mily-denicku-aneb-jak-me-poznavaci-dovolena-v-transitu-zachranila-abych-se-nezblaznila-i-cast\/","url":"https:\/\/all4camper.com\/cs\/muj-mily-denicku-aneb-jak-me-poznavaci-dovolena-v-transitu-zachranila-abych-se-nezblaznila-i-cast\/","name":"\"M\u016fj mil\u00fd den\u00ed\u010dku\", aneb jak m\u011b pozn\u00e1vac\u00ed dovolen\u00e1 v transitu zachranila, abych se nezbl\u00e1znila I. \u010d\u00e1st - All4Camper","isPartOf":{"@id":"https:\/\/all4camper.com\/cs\/#website"},"primaryImageOfPage":{"@id":"https:\/\/all4camper.com\/cs\/muj-mily-denicku-aneb-jak-me-poznavaci-dovolena-v-transitu-zachranila-abych-se-nezblaznila-i-cast\/#primaryimage"},"image":{"@id":"https:\/\/all4camper.com\/cs\/muj-mily-denicku-aneb-jak-me-poznavaci-dovolena-v-transitu-zachranila-abych-se-nezblaznila-i-cast\/#primaryimage"},"thumbnailUrl":"https:\/\/all4camper.com\/wp-content\/uploads\/2019\/07\/cropped-winding-road-1556177_1280.jpg","datePublished":"2019-07-12T13:17:45+00:00","dateModified":"2019-12-15T13:22:55+00:00","description":"All4Camper - \"M\u016fj mil\u00fd den\u00ed\u010dku\", aneb jak m\u011b pozn\u00e1vac\u00ed dovolen\u00e1 v transitu zachranila, abych se nezbl\u00e1znila I. \u010d\u00e1st","breadcrumb":{"@id":"https:\/\/all4camper.com\/cs\/muj-mily-denicku-aneb-jak-me-poznavaci-dovolena-v-transitu-zachranila-abych-se-nezblaznila-i-cast\/#breadcrumb"},"inLanguage":"cs","potentialAction":[{"@type":"ReadAction","target":["https:\/\/all4camper.com\/cs\/muj-mily-denicku-aneb-jak-me-poznavaci-dovolena-v-transitu-zachranila-abych-se-nezblaznila-i-cast\/"]}]},{"@type":"ImageObject","inLanguage":"cs","@id":"https:\/\/all4camper.com\/cs\/muj-mily-denicku-aneb-jak-me-poznavaci-dovolena-v-transitu-zachranila-abych-se-nezblaznila-i-cast\/#primaryimage","url":"https:\/\/all4camper.com\/wp-content\/uploads\/2019\/07\/cropped-winding-road-1556177_1280.jpg","contentUrl":"https:\/\/all4camper.com\/wp-content\/uploads\/2019\/07\/cropped-winding-road-1556177_1280.jpg","width":1280,"height":719},{"@type":"BreadcrumbList","@id":"https:\/\/all4camper.com\/cs\/muj-mily-denicku-aneb-jak-me-poznavaci-dovolena-v-transitu-zachranila-abych-se-nezblaznila-i-cast\/#breadcrumb","itemListElement":[{"@type":"ListItem","position":1,"name":"Dom\u016f","item":"https:\/\/all4camper.com\/cs\/"},{"@type":"ListItem","position":2,"name":"\u010cten\u00ed na cesty","item":"https:\/\/all4camper.com\/cs\/category\/magazin_all4camper\/"},{"@type":"ListItem","position":3,"name":"&#8222;M\u016fj mil\u00fd den\u00ed\u010dku&#8220;, aneb jak m\u011b pozn\u00e1vac\u00ed dovolen\u00e1 v transitu zachranila, abych se nezbl\u00e1znila I. \u010d\u00e1st"}]},{"@type":"WebSite","@id":"https:\/\/all4camper.com\/cs\/#website","url":"https:\/\/all4camper.com\/cs\/","name":"All4Camper","description":"Nejv\u011bt\u0161\u00ed online magaz\u00edn o kempov\u00e1n\u00ed a karavaninku. V\u00edce jak 900 \u010dl\u00e1nk\u016f pln\u00fdch rad a tip\u016f o kempech a kempov\u00e1n\u00ed.","publisher":{"@id":"https:\/\/all4camper.com\/cs\/#organization"},"potentialAction":[{"@type":"SearchAction","target":{"@type":"EntryPoint","urlTemplate":"https:\/\/all4camper.com\/cs\/?s={search_term_string}"},"query-input":{"@type":"PropertyValueSpecification","valueRequired":true,"valueName":"search_term_string"}}],"inLanguage":"cs"},{"@type":"Organization","@id":"https:\/\/all4camper.com\/cs\/#organization","name":"All4Camper - kempujeme s Kl\u00e1rou","url":"https:\/\/all4camper.com\/cs\/","logo":{"@type":"ImageObject","inLanguage":"cs","@id":"https:\/\/all4camper.com\/cs\/#\/schema\/logo\/image\/","url":"https:\/\/all4camper.com\/wp-content\/uploads\/2018\/09\/novelogo.png","contentUrl":"https:\/\/all4camper.com\/wp-content\/uploads\/2018\/09\/novelogo.png","width":1520,"height":600,"caption":"All4Camper - kempujeme s Kl\u00e1rou"},"image":{"@id":"https:\/\/all4camper.com\/cs\/#\/schema\/logo\/image\/"}},{"@type":"Person","@id":"https:\/\/all4camper.com\/cs\/#\/schema\/person\/6e44acf123c404fdffce72310b6e0f1c","name":"Od na\u0161ich \u010dten\u00e1\u0159\u016f","url":"https:\/\/all4camper.com\/cs\/author\/od-nasich-ctenaru\/"}]}},"_links":{"self":[{"href":"https:\/\/all4camper.com\/cs\/wp-json\/wp\/v2\/posts\/79832","targetHints":{"allow":["GET"]}}],"collection":[{"href":"https:\/\/all4camper.com\/cs\/wp-json\/wp\/v2\/posts"}],"about":[{"href":"https:\/\/all4camper.com\/cs\/wp-json\/wp\/v2\/types\/post"}],"author":[{"embeddable":true,"href":"https:\/\/all4camper.com\/cs\/wp-json\/wp\/v2\/users\/27"}],"replies":[{"embeddable":true,"href":"https:\/\/all4camper.com\/cs\/wp-json\/wp\/v2\/comments?post=79832"}],"version-history":[{"count":0,"href":"https:\/\/all4camper.com\/cs\/wp-json\/wp\/v2\/posts\/79832\/revisions"}],"wp:featuredmedia":[{"embeddable":true,"href":"https:\/\/all4camper.com\/cs\/wp-json\/wp\/v2\/media\/79853"}],"wp:attachment":[{"href":"https:\/\/all4camper.com\/cs\/wp-json\/wp\/v2\/media?parent=79832"}],"wp:term":[{"taxonomy":"category","embeddable":true,"href":"https:\/\/all4camper.com\/cs\/wp-json\/wp\/v2\/categories?post=79832"},{"taxonomy":"post_tag","embeddable":true,"href":"https:\/\/all4camper.com\/cs\/wp-json\/wp\/v2\/tags?post=79832"}],"curies":[{"name":"wp","href":"https:\/\/api.w.org\/{rel}","templated":true}]}}