{"id":79744,"date":"2019-07-11T10:24:21","date_gmt":"2019-07-11T08:24:21","guid":{"rendered":"https:\/\/all4camper.com\/\/?p=79744"},"modified":"2022-12-13T15:09:54","modified_gmt":"2022-12-13T14:09:54","slug":"kdyz-se-nejlepsi-marmelady-na-svete-vari-v-obytnaku","status":"publish","type":"post","link":"https:\/\/all4camper.com\/cs\/kdyz-se-nejlepsi-marmelady-na-svete-vari-v-obytnaku\/","title":{"rendered":"Kdy\u017e se nejlep\u0161\u00ed marmel\u00e1dy na sv\u011bt\u011b va\u0159\u00ed v obyt\u0148\u00e1ku"},"content":{"rendered":"\n<h4 class=\"wp-block-heading\">Blance Milfait se \u010dasto p\u0159ezd\u00edv\u00e1 marmel\u00e1dov\u00e1 kr\u00e1lovna. A pr\u00e1vem. Tahle d\u00e1ma toti\u017e va\u0159\u00ed \u00fa\u017easn\u00e9 marmel\u00e1dy, za kter\u00e9 v Anglii na\u00a0World\u00b4s Marmalade Awards vyhr\u00e1la n\u011bkolikr\u00e1t titul nejlep\u0161\u00ed marmel\u00e1dy na sv\u011bt\u011b. U\u017e tohle je neskute\u010dn\u011b zaj\u00edmav\u00e9 a te\u010f si k\u00a0tomu p\u0159idejte fakt, \u017ee marmel\u00e1dy va\u0159\u00ed v\u00a0obytn\u00e9m aut\u011b. I kdy\u017e cel\u00fd p\u0159\u00edb\u011bh za\u010dal vlastn\u011b na \u0160umav\u011b&#8230;<\/h4>\n\n\n\n<figure class=\"wp-block-image\"><img loading=\"lazy\" decoding=\"async\" width=\"1620\" height=\"1080\" src=\"https:\/\/all4camper.com\/\/wp-content\/uploads\/2019\/07\/MF-2014-0041-1620x1080.jpg\" alt=\"\" class=\"wp-image-79745\" srcset=\"https:\/\/all4camper.com\/wp-content\/uploads\/2019\/07\/MF-2014-0041-1620x1080.jpg 1620w, https:\/\/all4camper.com\/wp-content\/uploads\/2019\/07\/MF-2014-0041-300x200.jpg 300w, https:\/\/all4camper.com\/wp-content\/uploads\/2019\/07\/MF-2014-0041-150x100.jpg 150w, https:\/\/all4camper.com\/wp-content\/uploads\/2019\/07\/MF-2014-0041-768x512.jpg 768w, https:\/\/all4camper.com\/wp-content\/uploads\/2019\/07\/MF-2014-0041-1536x1024.jpg 1536w, https:\/\/all4camper.com\/wp-content\/uploads\/2019\/07\/MF-2014-0041-2048x1366.jpg 2048w\" sizes=\"auto, (max-width: 1620px) 100vw, 1620px\" \/><\/figure>\n\n\n\n<h3 class=\"wp-block-heading\"><strong>Vezm\u011bme to od samotn\u00e9ho za\u010d\u00e1tku, jak\u00e9 m\u011bla Blanka Milfait d\u011btstv\u00ed, dosp\u00edv\u00e1n\u00ed a zkr\u00e1tka \u017eivot do p\u0159est\u011bhov\u00e1n\u00ed na \u0160umavu?<\/strong><\/h3>\n\n\n\n<p>Moc si z&nbsp;toho nepamatuju a p\u011btat\u0159icet let jsem o tom necht\u011bla ani mluvit, m\u00e1lokdy jsem doma sly\u0161ela, \u017ee za n\u011bco stoj\u00edm, \u010di \u017ee m\u011b maj\u00ed r\u00e1di, nemluv\u011b o podpo\u0159e \u010di z\u00e1jmu \u2013 a pak jsem t\u00e9 \u010d\u00e1sti \u017eivota v\u011bnovala nemal\u00fd kus moj\u00ed prvotiny P\u0159\u00edb\u011bh opravdov\u00e9 v\u00e1\u0161n\u011b, musel jsem a\u2026 v\u0161e u\u017e je jinak. St\u00e1lo to za prd tenkr\u00e1t a trvalo mi dlouho se z&nbsp;toho vyhrabat \u00fat\u011bkem na \u0160umavu. U\u017e tomu ani nev\u011b\u0159\u00edm.<\/p>\n\n\n\n<h3 class=\"wp-block-heading\"><strong>Tak\u017ee to je to, co v\u00e1s dovedlo na \u0160umavu?<\/strong> <\/h3>\n\n\n\n<p>Byla to touha \u017e\u00edt. Svobodn\u011b. Sama na sebe. Na hor\u00e1ch. Krize po t\u0159ic\u00edtce, kdy do t\u00e9 doby to st\u00e1lo za \u201estarou belu\u201c a nikdo mi nikdy ne\u0159ekl, \u017ee mohu o n\u011b\u010dem sn\u00edt, \u017ee bych mohla n\u011bco dok\u00e1zat, nebo, \u017ee by ho zaj\u00edmal m\u016fj n\u00e1zor. Doma, mezi k\u00e1mo\u0161i, kdekoli\u2026\u00a0 <\/p>\n\n\n\n<h3 class=\"wp-block-heading\"><strong>Jak vypadal v\u00e1\u0161 \u0161umavsk\u00fd \u017eivot?<\/strong><\/h3>\n\n\n\n<p>Prodala jsem domek u Plzn\u011b a v\u0161e vrazila do star\u00e9 po\u0161ty na hor\u00e1ch \u2013 k\u00e1men a vlhko. Jeden z\u00a0nejstar\u0161\u00edch dom\u016f v\u00a0m\u00edst\u011b. Spala jsem na p\u016fd\u011b ve spac\u00e1ku, rekonstruovala, tedy bourala, \u0159ezala, lepila\u2026 Co \u0161lo, to jsem d\u011bla sama, co ne, za pomoci \u0159emesln\u00edk\u016f, se kter\u00fdmi to byl fakt boj. Sprchovala jsem se na zahrad\u011b z\u00a0konve, ob\u010das m\u011bla tepl\u00fd j\u00eddlo, \u201efurt\u201c \u0161t\u00edpala d\u0159\u00edv\u00ed a po ve\u010derech b\u011bhala k\u0159\u00ed\u017eem kr\u00e1\u017eem krajem. Sport to zachra\u0148oval, l\u00edtala jsem s\u00a0k\u0159\u00eddlem, lezla po skal\u00e1ch, ly\u017eovala, jezdila na silni\u010dce a taky jsem \u010dekala na prince.\u00a0<\/p>\n\n\n\n<h3 class=\"wp-block-heading\"><strong>Jak to dopadlo?<\/strong><\/h3>\n\n\n\n<p><strong>P\u0159ijel ten princ, pol\u00edbil m\u011b \u2013 a \u017ee spolu p\u016fjdeme je\u0161t\u011b d\u00e1le a v\u00fd\u0161e do hor. Tak jsme \u0161li. <\/strong>Jak se ale \u017eivit na konci sv\u011bta, bez sign\u00e1lu telefonu, internetu a mnohdy i pr\u016fjezdn\u00e9 cesty? N\u011bco vyr\u00e1b\u011bt. (sm\u00edch) Marmo\u0161ky jsem d\u011blala r\u00e1da v\u017edy a tohle n\u00e1s prost\u011b\u2026 Chytlo! Po\u0159\u00e1d spolu, podle sebe a zodpov\u011bdn\u00ed jen sami sob\u011b. Nic v\u00edc jsme necht\u011bli.\u00a0<\/p>\n\n\n\n<figure class=\"wp-block-image\"><img loading=\"lazy\" decoding=\"async\" width=\"1620\" height=\"1080\" src=\"https:\/\/all4camper.com\/\/wp-content\/uploads\/2019\/07\/IMG_7192-1620x1080.jpg\" alt=\"\" class=\"wp-image-79746\" srcset=\"https:\/\/all4camper.com\/wp-content\/uploads\/2019\/07\/IMG_7192-1620x1080.jpg 1620w, https:\/\/all4camper.com\/wp-content\/uploads\/2019\/07\/IMG_7192-300x200.jpg 300w, https:\/\/all4camper.com\/wp-content\/uploads\/2019\/07\/IMG_7192-150x100.jpg 150w, https:\/\/all4camper.com\/wp-content\/uploads\/2019\/07\/IMG_7192-768x512.jpg 768w, https:\/\/all4camper.com\/wp-content\/uploads\/2019\/07\/IMG_7192-1536x1024.jpg 1536w, https:\/\/all4camper.com\/wp-content\/uploads\/2019\/07\/IMG_7192-2048x1366.jpg 2048w\" sizes=\"auto, (max-width: 1620px) 100vw, 1620px\" \/><\/figure>\n\n\n\n<h3 class=\"wp-block-heading\"><strong>Tak\u017ee i k\u00a0va\u0159en\u00ed jste m\u011bla dobr\u00fd vztah?<\/strong><\/h3>\n\n\n\n<p>Dokonale kladn\u00fd, m\u00e1m tuny kucha\u0159ek, doma slu\u0161n\u00e9ho \u017erouta, te\u010f u\u017e je n\u00e1s p\u011bt a za j\u00eddlem i jezd\u00edme po sv\u011bt\u011b a je jedno, zda jde o \u201emi\u0161el\u00ednky\u201c nebo bu\u0159ty s\u00a0cibul\u00ed. Doma pak zkou\u0161\u00edm r\u016fzn\u00e9 kuchyn\u011b a miluju pohled na lidi u m\u00e9ho stolu po ob\u011bd\u011b, kter\u00fd jsem va\u0159ila. A ne nadarmo m\u00e1m za sebou prvn\u00ed dv\u011b recepisn\u00e9 kn\u00ed\u017eky a t\u0159et\u00ed pr\u00e1v\u011b v\u00a0po\u010d\u00edta\u010di.\u00a0<\/p>\n\n\n\n<h3 class=\"wp-block-heading\"><strong>Jak vzpom\u00edn\u00e1te na sv\u00e9 podnikatelsk\u00e9 za\u010d\u00e1tky?<\/strong><\/h3>\n\n\n\n<p>V den otev\u0159en\u00ed kav\u00e1rny s\u00a0cukr\u00e1rnou na \u0160umav\u011b, kam jsem nasypala ve\u0161ker\u00e9 \u00faspory, mi n\u011bjak nevy\u0161ly pen\u00edze na ve\u010de\u0159i. Modlila jsem se, aby n\u011bkdo ty zatracen\u00fd dorty koupil a j\u00e1 si mohla r\u00e1no naopak koupit v\u00a0konzumu rohl\u00edky a tave\u0148\u00e1k. M\u011bla jsem superstarou \u0161kodovku v\u00a0rozkladu a neskute\u010dnou touhu sv\u011btu uk\u00e1zat, \u017ee p\u00e9ct dorty rozhodn\u011b um\u00edm. (sm\u00edch) No a pak se to zvrhlo, v\u00a0dobr\u00e9m slova smyslu, rozjelo a u\u017e\u00a0to ne\u0161lo zastavit\u2026 Za p\u00e1r let z\u00a0toho byl \u017divnostn\u00edk roku, \u017dena roku \u2013 atd&#8230;\u00a0\u00a0<\/p>\n\n\n\n<h3 class=\"wp-block-heading\"><strong>A kde se vzal n\u00e1pad, poslat marmel\u00e1dy do sout\u011b\u017ee?<\/strong><\/h3>\n\n\n\n<p>To m\u016fj chl\u00e1pek, \u017ee pr\u00fd t\u00edm vyzkou\u0161\u00edme, co um\u00edme, \u017ee n\u00e1m nap\u00ed\u0161\u00ed, jak a kde se zlep\u0161it \u2013 a tak prost\u011b, \u017ee ud\u011bl\u00e1me kr\u016f\u010dek k\u00a0lep\u0161\u00edmu produktu. A taky zku\u0161enosti se n\u00e1m hodily.\u00a0<\/p>\n\n\n\n<figure class=\"wp-block-image\"><img loading=\"lazy\" decoding=\"async\" width=\"1620\" height=\"1080\" src=\"https:\/\/all4camper.com\/\/wp-content\/uploads\/2019\/07\/IMG_3486-1620x1080.jpg\" alt=\"\" class=\"wp-image-79747\" srcset=\"https:\/\/all4camper.com\/wp-content\/uploads\/2019\/07\/IMG_3486-1620x1080.jpg 1620w, https:\/\/all4camper.com\/wp-content\/uploads\/2019\/07\/IMG_3486-300x200.jpg 300w, https:\/\/all4camper.com\/wp-content\/uploads\/2019\/07\/IMG_3486-150x100.jpg 150w, https:\/\/all4camper.com\/wp-content\/uploads\/2019\/07\/IMG_3486-768x512.jpg 768w, https:\/\/all4camper.com\/wp-content\/uploads\/2019\/07\/IMG_3486-1536x1024.jpg 1536w, https:\/\/all4camper.com\/wp-content\/uploads\/2019\/07\/IMG_3486-2048x1366.jpg 2048w\" sizes=\"auto, (max-width: 1620px) 100vw, 1620px\" \/><\/figure>\n\n\n\n<h3 class=\"wp-block-heading\"><strong>Vzpom\u00edn\u00e1te si na pocity po prvn\u00edm obrovsk\u00e9m \u00fasp\u011bchu?<\/strong><\/h3>\n\n\n\n<p>Neuv\u011b\u0159iteln\u00fd? N\u00e1hodn\u00fd telefon\u00e1t v\u00a0ukrutn\u00e9 v\u00e1nici, kdy jsem na cest\u011b dom\u016f do Novohradsk\u00fdch hor (tam jsme utekli ze \u0160umavy) tahala ze \u0161karpy zapadl\u00e9 auto. Hovor se n\u011bkolikr\u00e1t p\u0159eru\u0161il, b\u00eddn\u00fd sign\u00e1l \u2013 a pak jsem v\u016fbec nech\u00e1pala, pro\u010d mi ten chl\u00e1pek vol\u00e1. Nejlep\u0161\u00ed marmel\u00e1da na sv\u011bt\u011b a Nejlep\u0161\u00ed v\u00fdrobce na sv\u011bt\u011b. J\u00e1 \u2013 nikdo?! Co m\u00e1m z\u00edtra d\u011blat, sakra?\u00a0\u00a0\u00a0<\/p>\n\n\n\n<h3 class=\"wp-block-heading\"><strong>Co v\u00e1s dovedlo a\u017e do karavanu?<\/strong><\/h3>\n\n\n\n<p>Moc rozhovor\u016f pro novin\u00e1\u0159e, novin\u00e1\u0159i v\u0161ude a kam se neve\u0161li, tam tis\u00edce klient\u016f.\u00a0 Bylo toho pro n\u011bkoho, kdo se p\u0159ed chvilkou vyhrabal z\u00a0p\u00e1r komplex\u016f, opravdu nad m\u00edru. Tohle jsme necht\u011bli. <strong>Za\u010dalo mi doch\u00e1zet, \u017ee nejsem klasick\u00e1 podnikatelka, odlo\u017eila jsem mobil, od t\u00e9 doby ho u\u017e roky nem\u00e1m, nikdy jsem nem\u011bla di\u00e1\u0159 a v\u0161echny investi\u010dn\u00ed nab\u00eddky jsem zd\u00e1rn\u011b odm\u00edtala.<\/strong> \u017dili jsme na samot\u011b v\u00a0dom\u011b bez plotu a od rozedn\u011bn\u00ed do pozdn\u00edho ve\u010dera chodili lidi nakupovat, pov\u00eddat si, degustovat nebo se jen tak pozdravit, chodily fotit, nat\u00e1\u010det a\u2026 nejeden sl\u00eddit. <\/p>\n\n\n\n<p>Nejd\u0159\u00edve to bylo fajn, pak se z\u00a0toho stal zl\u00fd sen\u2026 Odjeli jsme na sb\u011br levandule do Provence a tam n\u00e1s to napadlo, koup\u00edme karavan a na rok odjedeme do sv\u011bta. Uklidn\u00ed se to a pak se vr\u00e1t\u00edme do pohodov\u00e9ho procesu. Po n\u00e1vratu to bylo je\u0161t\u011b hor\u0161\u00ed. (sm\u00edch) Napsala jsem prvn\u00ed knihu, Mlad\u00e1 fronta ji vydala a stal se z\u00a0n\u00ed bestseller. V\u0161e dostalo nov\u00fd rozm\u011br\u2026 Je\u0161t\u011b divo\u010dej\u0161\u00ed!<\/p>\n\n\n\n<figure class=\"wp-block-image\"><img loading=\"lazy\" decoding=\"async\" width=\"1620\" height=\"1080\" src=\"https:\/\/all4camper.com\/\/wp-content\/uploads\/2019\/07\/IMG_1602-1620x1080.jpg\" alt=\"\" class=\"wp-image-79748\" srcset=\"https:\/\/all4camper.com\/wp-content\/uploads\/2019\/07\/IMG_1602-1620x1080.jpg 1620w, https:\/\/all4camper.com\/wp-content\/uploads\/2019\/07\/IMG_1602-300x200.jpg 300w, https:\/\/all4camper.com\/wp-content\/uploads\/2019\/07\/IMG_1602-150x100.jpg 150w, https:\/\/all4camper.com\/wp-content\/uploads\/2019\/07\/IMG_1602-768x512.jpg 768w, https:\/\/all4camper.com\/wp-content\/uploads\/2019\/07\/IMG_1602-1536x1024.jpg 1536w, https:\/\/all4camper.com\/wp-content\/uploads\/2019\/07\/IMG_1602-2048x1366.jpg 2048w\" sizes=\"auto, (max-width: 1620px) 100vw, 1620px\" \/><\/figure>\n\n\n\n<h3 class=\"wp-block-heading\"><strong>Neb\u00e1la jste se, \u017ee to nezvl\u00e1dnete v takto nezvykl\u00fdch podm\u00ednk\u00e1ch?<\/strong><\/h3>\n\n\n\n<p>Nep\u0159em\u00fd\u0161leli jsme o tom. Prvn\u00ed dce\u0159i byly 3 m\u011bs\u00edce, nalo\u017eili jsme se a odjeli na Sic\u00edlii. Po m\u011bs\u00edci u\u017e jsme byli v\u00a0Africe. Nej\u0161\u0165astn\u011bj\u0161\u00ed na sv\u011bt\u011b.\u00a0\u00a0<\/p>\n\n\n\n<h3 class=\"wp-block-heading\"><strong>Jak prob\u00edhal v\u00fdb\u011br a v\u016fbec \u201es\u017e\u00edv\u00e1n\u00ed\u201c s autem?<\/strong><\/h3>\n\n\n\n<p>Na auto jsme m\u011bli p\u00e1r atypick\u00fdch po\u017eadavk\u016f: Chceme ho hned, chceme automat a dvojitou podlahu a co nejv\u011bt\u0161\u00ed (nad 3.5 tuny) s\u00a0co nejv\u011bt\u0161\u00ed gar\u00e1\u017e\u00ed na poln\u00ed kuchyn\u00ed a ve\u0161ker\u00e9 z\u00e1soby pro t\u0159i lidi na m\u011bs\u00edce na cest\u00e1ch. Asi za t\u00fdden jsme na\u0161li p\u0159esn\u011b to, co jsme hledali (mouchy jsme objevili a\u017e pozd\u011b), koupili a odjeli. S\u017e\u00edv\u00e1n\u00ed prob\u00edhalo online a on the road.\u00a0<\/p>\n\n\n\n<h3 class=\"wp-block-heading\"><strong>Jak jste to na takhle mal\u00e9m prostoru zvl\u00e1dala?<\/strong><\/h3>\n\n\n\n<p>M\u011bla jsem mo\u017enost putovat r\u016fzn\u00fdmi obyt\u0148\u00e1ky, od Hymera po Concorde \u2013 v\u0161e nad 3.5 tuny, ale tak velk\u00fd ob\u00fdv\u00e1k, jako jsme na\u0161li u na\u0161eho auta, kde se dalo na pohovce za spolujezdcem sp\u00e1t, jsme jinde v\u00a0ten moment nevid\u011bli. Ani potom. (sm\u00edch) Pro n\u00e1s to nebyl mal\u00fd prostor, ne\u0159e\u0161ili jsme to. Prostoru jsme m\u011bli dost jak na \u017eivot rodinky, tak pro va\u0159en\u00ed marmel\u00e1d, psan\u00ed kn\u00ed\u017eky, etiketov\u00e1n\u00ed a kancel\u00e1\u0159sk\u00e9 pr\u00e1ce, nebo\u0165 jsme z\u00a0auta \u0159\u00eddili i firmu, kter\u00e1 doma d\u00e1l produkovala. Tak\u017ee se vezla speci\u00e1ln\u00ed tisk\u00e1rna, 2 po\u010d\u00edta\u010de a dal\u0161\u00ed lib\u016fstky.\u00a0\u00a0<\/p>\n\n\n\n<figure class=\"wp-block-image\"><img loading=\"lazy\" decoding=\"async\" width=\"1620\" height=\"1080\" src=\"https:\/\/all4camper.com\/\/wp-content\/uploads\/2019\/07\/IMG_4522-1620x1080.jpg\" alt=\"\" class=\"wp-image-79749\" srcset=\"https:\/\/all4camper.com\/wp-content\/uploads\/2019\/07\/IMG_4522-1620x1080.jpg 1620w, https:\/\/all4camper.com\/wp-content\/uploads\/2019\/07\/IMG_4522-300x200.jpg 300w, https:\/\/all4camper.com\/wp-content\/uploads\/2019\/07\/IMG_4522-150x100.jpg 150w, https:\/\/all4camper.com\/wp-content\/uploads\/2019\/07\/IMG_4522-768x512.jpg 768w, https:\/\/all4camper.com\/wp-content\/uploads\/2019\/07\/IMG_4522-1536x1024.jpg 1536w, https:\/\/all4camper.com\/wp-content\/uploads\/2019\/07\/IMG_4522-2048x1366.jpg 2048w\" sizes=\"auto, (max-width: 1620px) 100vw, 1620px\" \/><\/figure>\n\n\n\n<h3 class=\"wp-block-heading\"><strong>Kde jste sv\u00e9 v\u00fdrobky nap\u0159\u00edklad skladovala?<\/strong><\/h3>\n\n\n\n<p>Gar\u00e1\u017e v\u00a0karavanu a dvojit\u00e9 podlahy. Kdy\u017e jsem se vracela z\u00a0Afriky lod\u00ed do \u0160pan\u011bl, v\u00a0p\u0159\u00edstavu auto mus\u00ed na ob\u0159\u00ed rentgen a vysv\u011btlit celn\u00edk\u016fm stovky a stovky skleni\u010dek s\u00a0marmel\u00e1dou mi dalo dost pr\u00e1ce. Asi se to ani nepovedlo, ale lo\u010f by ne\u010dekala. (sm\u00edch)<\/p>\n\n\n\n<h3 class=\"wp-block-heading\"><strong>V\u017edy jste byla nad\u0161en\u00e1 \u0159idi\u010dka?<\/strong><\/h3>\n\n\n\n<p>Asi ano, vyzkou\u0161ela jsem si jak okruhov\u00e1 auta v\u00a0Most\u011b, tak bagr nebo na\u0161i sn\u011b\u017enou rolbu. V\u00a0Dolomitech m\u00e1me b\u011b\u017eka\u0159skou tra\u0165 a s\u00a0nad\u0161en\u00edm jezd\u00edm na inspekci se sn\u011b\u017en\u00fdm sk\u00fatrem. L\u00edtat s\u00a0n\u00edm v\u00a0metrov\u00fdch z\u00e1v\u011bj\u00edch vysoko v\u00a0hor\u00e1ch, kde kilometry nikoho nepotk\u00e1\u0161, je neskute\u010dn\u00fd relax. <\/p>\n\n\n\n<p>Ud\u011blala jsem si pap\u00edry na skl\u00e1p\u011b\u010dku, auto\u0161kolu absolvovala odvozem tun \u0161utr\u016f z\u00a0kamenolomu \u2013 a pak jako ambasadorka pro Volvo si u\u017eila perfektn\u00edho z\u00e1zem\u00ed siln\u00e9ho partnera. P\u0159i na\u0161\u00ed tour s\u00a0lond\u00fdnsk\u00fdm doubledeckerem z\u00a0roku 1966 po \u010cesk\u00e9 republice jsem si kus \u0160umavy projela cvi\u010dn\u011b i s\u00a0t\u00edmto monstrem bez posilova\u010d\u016f, zrc\u00e1tek a by\u0165 jen jedin\u00e9 funk\u010dn\u00ed kontrolky. P\u0159i prvn\u00ed expedici jsme za rok ud\u011blali 100\u00a0000 km karavanem a b\u011b\u017en\u00fd n\u00e1jezd osob\u00e1kem nem\u00e1me o moc men\u0161\u00ed.\u00a0\u00a0<\/p>\n\n\n\n<figure class=\"wp-block-image\"><img loading=\"lazy\" decoding=\"async\" width=\"1620\" height=\"1080\" src=\"https:\/\/all4camper.com\/\/wp-content\/uploads\/2019\/07\/IMG_3388-1620x1080.jpg\" alt=\"\" class=\"wp-image-79751\" srcset=\"https:\/\/all4camper.com\/wp-content\/uploads\/2019\/07\/IMG_3388-1620x1080.jpg 1620w, https:\/\/all4camper.com\/wp-content\/uploads\/2019\/07\/IMG_3388-300x200.jpg 300w, https:\/\/all4camper.com\/wp-content\/uploads\/2019\/07\/IMG_3388-150x100.jpg 150w, https:\/\/all4camper.com\/wp-content\/uploads\/2019\/07\/IMG_3388-768x512.jpg 768w, https:\/\/all4camper.com\/wp-content\/uploads\/2019\/07\/IMG_3388-1536x1024.jpg 1536w, https:\/\/all4camper.com\/wp-content\/uploads\/2019\/07\/IMG_3388-2048x1366.jpg 2048w\" sizes=\"auto, (max-width: 1620px) 100vw, 1620px\" \/><\/figure>\n\n\n\n<h3 class=\"wp-block-heading\"><strong>M\u00e1te n\u011bjak\u00fd kuri\u00f3zn\u00ed z\u00e1\u017eitek z t\u00e9 doby?<\/strong><\/h3>\n\n\n\n<p>Je jich pln\u00e1 kn\u00ed\u017eka. (sm\u00edch) A staly se sou\u010d\u00e1st\u00ed des\u00edtek besed, kter\u00e9 jsme pot\u00e9 absolvovali. Nejdivo\u010dej\u0161\u00ed asi je ten posledn\u00ed, na \u201ehl\u00eddan\u00e9m\u201c zimovi\u0161ti na Sic\u00edlii n\u00e1m karavan otev\u0159eli zlod\u011bji, vybrali a nechali otev\u0159en\u00fd. Nast\u011bhovali se tam krysy. Des\u00edtky. V\u00a0podstat\u011b ho uvnit\u0159 se\u017erali. Jeden den jsme s\u00a0d\u011btmi pro n\u011bj p\u0159ilet\u011bli a cht\u011bli hned cestovat d\u00e1l\u2026 <strong>To peklo si nedovedete p\u0159edstavit \u2013 i sprchov\u00fd kout byl rozkousan\u00fd, n\u00e1dr\u017ee na vodu, prost\u011b trag\u00e9die. <\/strong>Nepojistiteln\u00e1 situace.\u00a0<\/p>\n\n\n\n<h3 class=\"wp-block-heading\"><strong>A co nejzaj\u00edmav\u011bj\u0161\u00edho ve va\u0161\u00ed kempa\u0159sk\u00e9 kuchyni vzniklo?<\/strong><\/h3>\n\n\n\n<p>Des\u00edtky recept\u016f jako sou\u010d\u00e1st pr\u00e1v\u011b prvn\u00ed kn\u00ed\u017eky, nejen marmel\u00e1dy, pekla jsem, sma\u017eila, grilovala, \u017e\u00e1dn\u00e9 limity! Marmel\u00e1dy jsem va\u0159ila z\u00a0m\u00edstn\u00edch surovin v\u00a0t\u00e9m\u011b\u0159 \u010dty\u0159iceti zem\u00edch, ale nejv\u00edce n\u00e1s dostali dnes u\u017e kamar\u00e1di, kter\u00e9 jsme potkali v\u00a0Maroku a pak se se\u0161li op\u011bt v\u00a0ji\u017en\u00edm \u0160pan\u011blsku, Ald\u00edci. Mu\u017e se zm\u00ednil, jak miluje pt\u00e1\u010dky a na druh\u00fd den je Zdenka prost\u011b ud\u011blala. Ta v\u016fn\u011b, dokonalost sama. <strong>T\u011bch p\u00e1r setk\u00e1n\u00ed s\u00a0\u010desk\u00fdmi karavanisty na srazech to bylo v\u017edy o dobr\u00e9 kuchyni!\u00a0\u00a0<\/strong><\/p>\n\n\n\n<h3 class=\"wp-block-heading\"><strong>Co v\u0161echno jste vlastn\u011b procestovala a co v\u00e1s nejv\u00edce zas\u00e1hlo?<\/strong><\/h3>\n\n\n\n<p>V\u0161echny evropsk\u00e9 zem\u011b, Afrikou dol\u016f na Z\u00e1padn\u00ed Saharu a do asijsk\u00e9ho Turecka. Druh\u00e1 expedice m\u011bla v\u00e9st p\u0159es Sibi\u0159 do Mongolska a dol\u016f do \u010c\u00edny. Objednali jsme od MANu \u0161as\u00ed na stavbu expedi\u010dn\u00edho speci\u00e1lu, dostali pot\u0159ebn\u00e1 povolen\u00ed, z\u00e1\u0161titu od velvyslance v\u00a0\u010c\u00edn\u011b a\u2026 n\u011bjak se mi povedlo ot\u011bhotn\u011bt. Porod by vych\u00e1zel na hranice mezi Mongolskem a \u010c\u00ednou, tak jsme narychlo postavili nov\u00fd projekt, \u010c\u00ednu odlo\u017eili a vyjeli po dvac\u00edtce ostrov\u016f sv\u011bta, op\u011bt s\u00a0marmel\u00e1dami. <\/p>\n\n\n\n<p>A druhou dcerku jsem porodila pod Etnou na Sic\u00edlii. Taky n\u00e1s m\u00e1lem n\u00e1s zas\u00e1hlo p\u00e1r projektil\u016f p\u0159i sporu s\u00a0narkotrafikanty v\u00a0poho\u0159\u00ed Atlas. Byl to p\u0159\u00ed\u0161ern\u00fd z\u00e1\u017eitek jedn\u00e9 noci spojen\u00fd se z\u00e1tarasy, maskovan\u00fdmi drogov\u00fdmi p\u0159epravci, kdy jsme jednoho i p\u0159ejeli, n\u00e1sleduj\u00edc\u00ed honi\u010dkou a nehodou, kter\u00e1 n\u00e1m zachr\u00e1nila \u017eivot. Dodnes tu hr\u016fzu p\u0159ipom\u00ednaj\u00ed \u0161r\u00e1my nejen na aut\u011b.\u00a0\u00a0<\/p>\n\n\n\n<figure class=\"wp-block-image\"><img loading=\"lazy\" decoding=\"async\" width=\"1620\" height=\"1080\" src=\"https:\/\/all4camper.com\/\/wp-content\/uploads\/2019\/07\/IMG_3572-1620x1080.jpg\" alt=\"\" class=\"wp-image-79750\" srcset=\"https:\/\/all4camper.com\/wp-content\/uploads\/2019\/07\/IMG_3572-1620x1080.jpg 1620w, https:\/\/all4camper.com\/wp-content\/uploads\/2019\/07\/IMG_3572-300x200.jpg 300w, https:\/\/all4camper.com\/wp-content\/uploads\/2019\/07\/IMG_3572-150x100.jpg 150w, https:\/\/all4camper.com\/wp-content\/uploads\/2019\/07\/IMG_3572-768x512.jpg 768w, https:\/\/all4camper.com\/wp-content\/uploads\/2019\/07\/IMG_3572-1536x1024.jpg 1536w, https:\/\/all4camper.com\/wp-content\/uploads\/2019\/07\/IMG_3572-2048x1366.jpg 2048w\" sizes=\"auto, (max-width: 1620px) 100vw, 1620px\" \/><\/figure>\n\n\n\n<h3 class=\"wp-block-heading\"><strong>Jak se v\u0161e za\u010dalo prom\u011b\u0148ovat, kdy\u017e p\u0159ich\u00e1zely d\u011bti?<\/strong><\/h3>\n\n\n\n<p><strong>Prvn\u00ed dcerka se narodila v\u00a0dod\u00e1vce na d\u00e1lnici, pak jsme odjeli do Afriky a na cest\u011b str\u00e1vila prvn\u00ed rok \u017eivota. Druhou dcerku rod\u00edm za ukrutn\u00e9 no\u010dn\u00ed bou\u0159ky v\u00a0poloplesniv\u00e9 porodnici s Messin\u011b, po 2 t\u00fddnech vyr\u00e1\u017e\u00edme na druhou expedici na 8 m\u011bs\u00edc\u016f.<\/strong> Co to znamen\u00e1? Nic to pro n\u00e1s nem\u011bnilo! Neum\u00edm si p\u0159edstavit cestovat bez d\u011bt\u00ed. A kdy\u017e omylem n\u011bjak mus\u00edme bez nich, vy\u010d\u00edt\u00e1me si to. Chyst\u00e1me t\u0159et\u00ed expedici do ji\u017en\u00ed a v\u00fdchodn\u00ed Afriky, kde budu s\u00a0dcerkami ps\u00e1t dal\u0161\u00ed kn\u00ed\u017eku a\u2026 U\u017e abychom mohli odjet! <\/p>\n\n\n\n<p><strong>T\u0159et\u00ed prcek se narodil op\u011bt na silnici, p\u0159ich\u00e1zel urag\u00e1n do Dolomit, zni\u010dil, co se dalo, nemohla vzl\u00e9tnout helikopt\u00e9ra a laviny uzav\u00edrali jednu cestu za druhou.<\/strong> \u0160kody za miliardy a my z\u016fstali pod dolomitskou nejvy\u0161\u0161\u00ed horou po porodu m\u011bs\u00edc od\u0159\u00edznuti od sv\u011bta. M\u011bnit pl\u00e1ny, necestovat? Vym\u011bnit dobrodru\u017estv\u00ed a pln\u00fd \u017eivot za fabriku nebo panel\u00e1k? Kdepak. Na\u0161e pl\u00e1ny se m\u011bn\u00ed jen tom slova smyslu, \u017ee pro n\u00e1\u0161 dal\u0161\u00ed obyt\u0148\u00e1k mus\u00edme m\u00edt p\u011bt m\u00edst na j\u00edzdu s bezpe\u010dnostn\u00edmi\u00a0p\u00e1sy. A to nen\u00ed jen tak.\u00a0<\/p>\n\n\n\n<h3 class=\"wp-block-heading\"><strong>Jak v\u016fbec dok\u00e1\u017ee rodina \u017e\u00edt a vlastn\u011b i podnikat takovou dobu v obyt\u0148\u00e1ku?<\/strong><\/h3>\n\n\n\n<p>Kdy\u017e se maj\u00ed v\u0161ichni r\u00e1di, nejsou tam t\u0159ec\u00ed plochy a c\u00edl je fakt jednotn\u00fd, jde to samo. Jasn\u011b, mus\u00ed tomu odpov\u00eddat auto rozm\u011bry nap\u0159\u00edklad, ale potkali jsme na cest\u00e1ch rodinky naskl\u00e1dan\u00e9 do bus\u00edk\u016f nebo vestaveb a nikdo si nelamentoval.\u00a0<\/p>\n\n\n\n<figure class=\"wp-block-image\"><img loading=\"lazy\" decoding=\"async\" width=\"692\" height=\"531\" src=\"https:\/\/all4camper.com\/\/wp-content\/uploads\/2019\/07\/na-t.jpg\" alt=\"\" class=\"wp-image-79752\" srcset=\"https:\/\/all4camper.com\/wp-content\/uploads\/2019\/07\/na-t.jpg 692w, https:\/\/all4camper.com\/wp-content\/uploads\/2019\/07\/na-t-150x115.jpg 150w, https:\/\/all4camper.com\/wp-content\/uploads\/2019\/07\/na-t-300x230.jpg 300w, https:\/\/all4camper.com\/wp-content\/uploads\/2019\/07\/na-t-80x60.jpg 80w\" sizes=\"auto, (max-width: 692px) 100vw, 692px\" \/><\/figure>\n\n\n\n<h3 class=\"wp-block-heading\"><strong>A z\u00e1v\u011brem \u2013 bylo t\u0159eba n\u011bco, co by v\u00e1m vylo\u017een\u011b vadilo?<\/strong><\/h3>\n\n\n\n<p>Pohon na p\u0159edek a v\u00e1ha auta vzadu. Mal\u00e9 n\u00e1dr\u017ee na vodu nebo tro\u0161ku tit\u011brn\u00e1 toaleta, ale rozmazlenost vl\u00e1dne sv\u011btem. (sm\u00edch) Vylo\u017een\u011b jsme si to u\u017e\u00edvali, tak\u017ee\u2026 <strong>Nevadilo nic! Snad, ehm, ano, \u010desk\u00fd servis na\u0161eho karavanu! Ale zase jsme se d\u00edky jejich \u0161lendri\u00e1nu a l\u017e\u00edm dostali do n\u011bmeck\u00e9ho servisu konkr\u00e9tn\u00ed zna\u010dky, p\u0159\u00edmo ve v\u00fdrobn\u00ed fabrice a tam se b\u011bhem p\u00e1r hodin postarali<\/strong> o n\u00e1pravu v\u0161eho pot\u0159ebn\u00e9ho, omluvili se a pak u\u017e jsme jezdili jen tam.\u00a0\u00a0<\/p>\n\n\n\n<p><em>Jak vid\u00edte, Blanka Milfait m\u00e1 v\u00e1\u017en\u011b o \u010dem pov\u00eddat a my samoz\u0159ejm\u011b nad\u0161en\u011b poslouch\u00e1me. Proto v\u00e1s \u010dek\u00e1 je\u0161t\u011b druh\u00e1 \u010d\u00e1st rozhovoru, kde se mimo jin\u00e9 dozv\u00edte, jak pod jej\u00edma rukama vznikl kemp.<\/em>\u00a0<em>Blanko, d\u011bkuji.<\/em><\/p>\n\n\n\n<ul class=\"wp-block-gallery columns-3 is-cropped wp-block-gallery-1 is-layout-flex wp-block-gallery-is-layout-flex\"><li class=\"blocks-gallery-item\"><figure><img loading=\"lazy\" decoding=\"async\" width=\"720\" height=\"1080\" src=\"https:\/\/all4camper.com\/\/wp-content\/uploads\/2019\/07\/IMG_7883-e1562832752496-720x1080.jpg\" alt=\"\" data-id=\"79755\" data-link=\"https:\/\/all4camper.com\/\/cs\/?attachment_id=79755\" class=\"wp-image-79755\" srcset=\"https:\/\/all4camper.com\/wp-content\/uploads\/2019\/07\/IMG_7883-e1562832752496-720x1080.jpg 720w, https:\/\/all4camper.com\/wp-content\/uploads\/2019\/07\/IMG_7883-e1562832752496-200x300.jpg 200w, https:\/\/all4camper.com\/wp-content\/uploads\/2019\/07\/IMG_7883-e1562832752496-100x150.jpg 100w, https:\/\/all4camper.com\/wp-content\/uploads\/2019\/07\/IMG_7883-e1562832752496-768x1152.jpg 768w, https:\/\/all4camper.com\/wp-content\/uploads\/2019\/07\/IMG_7883-e1562832752496-1024x1536.jpg 1024w, https:\/\/all4camper.com\/wp-content\/uploads\/2019\/07\/IMG_7883-e1562832752496-1365x2048.jpg 1365w, https:\/\/all4camper.com\/wp-content\/uploads\/2019\/07\/IMG_7883-e1562832752496-scaled.jpg 1707w\" sizes=\"auto, (max-width: 720px) 100vw, 720px\" \/><\/figure><\/li><li class=\"blocks-gallery-item\"><figure><img loading=\"lazy\" decoding=\"async\" width=\"608\" height=\"1080\" src=\"https:\/\/all4camper.com\/\/wp-content\/uploads\/2019\/07\/IMG-1418322812480-V-608x1080.jpg\" alt=\"\" data-id=\"79756\" data-link=\"https:\/\/all4camper.com\/\/cs\/?attachment_id=79756\" class=\"wp-image-79756\" srcset=\"https:\/\/all4camper.com\/wp-content\/uploads\/2019\/07\/IMG-1418322812480-V-608x1080.jpg 608w, https:\/\/all4camper.com\/wp-content\/uploads\/2019\/07\/IMG-1418322812480-V-169x300.jpg 169w, https:\/\/all4camper.com\/wp-content\/uploads\/2019\/07\/IMG-1418322812480-V-84x150.jpg 84w, https:\/\/all4camper.com\/wp-content\/uploads\/2019\/07\/IMG-1418322812480-V-768x1365.jpg 768w, https:\/\/all4camper.com\/wp-content\/uploads\/2019\/07\/IMG-1418322812480-V-864x1536.jpg 864w, https:\/\/all4camper.com\/wp-content\/uploads\/2019\/07\/IMG-1418322812480-V-1152x2048.jpg 1152w, https:\/\/all4camper.com\/wp-content\/uploads\/2019\/07\/IMG-1418322812480-V-scaled.jpg 1440w\" sizes=\"auto, (max-width: 608px) 100vw, 608px\" \/><\/figure><\/li><li class=\"blocks-gallery-item\"><figure><img loading=\"lazy\" decoding=\"async\" width=\"519\" height=\"778\" src=\"https:\/\/all4camper.com\/\/wp-content\/uploads\/2019\/07\/knizka-reklama.jpg\" alt=\"\" data-id=\"79757\" data-link=\"https:\/\/all4camper.com\/\/cs\/?attachment_id=79757\" class=\"wp-image-79757\" srcset=\"https:\/\/all4camper.com\/wp-content\/uploads\/2019\/07\/knizka-reklama.jpg 519w, https:\/\/all4camper.com\/wp-content\/uploads\/2019\/07\/knizka-reklama-100x150.jpg 100w, https:\/\/all4camper.com\/wp-content\/uploads\/2019\/07\/knizka-reklama-200x300.jpg 200w\" sizes=\"auto, (max-width: 519px) 100vw, 519px\" \/><\/figure><\/li><li class=\"blocks-gallery-item\"><figure><img loading=\"lazy\" decoding=\"async\" width=\"635\" height=\"824\" src=\"https:\/\/all4camper.com\/\/wp-content\/uploads\/2019\/07\/maminka-prosince.jpg\" alt=\"\" data-id=\"79758\" data-link=\"https:\/\/all4camper.com\/\/cs\/?attachment_id=79758\" class=\"wp-image-79758\" srcset=\"https:\/\/all4camper.com\/wp-content\/uploads\/2019\/07\/maminka-prosince.jpg 635w, https:\/\/all4camper.com\/wp-content\/uploads\/2019\/07\/maminka-prosince-116x150.jpg 116w, https:\/\/all4camper.com\/wp-content\/uploads\/2019\/07\/maminka-prosince-231x300.jpg 231w\" sizes=\"auto, (max-width: 635px) 100vw, 635px\" \/><\/figure><\/li><li class=\"blocks-gallery-item\"><figure><img loading=\"lazy\" decoding=\"async\" width=\"533\" height=\"800\" src=\"https:\/\/all4camper.com\/\/wp-content\/uploads\/2019\/07\/PFF_1111_resize.jpg\" alt=\"\" data-id=\"79759\" data-link=\"https:\/\/all4camper.com\/\/cs\/?attachment_id=79759\" class=\"wp-image-79759\" srcset=\"https:\/\/all4camper.com\/wp-content\/uploads\/2019\/07\/PFF_1111_resize.jpg 533w, https:\/\/all4camper.com\/wp-content\/uploads\/2019\/07\/PFF_1111_resize-100x150.jpg 100w, https:\/\/all4camper.com\/wp-content\/uploads\/2019\/07\/PFF_1111_resize-200x300.jpg 200w\" sizes=\"auto, (max-width: 533px) 100vw, 533px\" \/><\/figure><\/li><\/ul>\n\n\n\n<p><em>Autor: Kate\u0159ina<\/em><\/p>\n","protected":false},"excerpt":{"rendered":"<p>Blance Milfait se \u010dasto p\u0159ezd\u00edv\u00e1 marmel\u00e1dov\u00e1 kr\u00e1lovna. A pr\u00e1vem. Tahle d\u00e1ma toti\u017e va\u0159\u00ed \u00fa\u017easn\u00e9 marmel\u00e1dy, za kter\u00e9 v Anglii na\u00a0World\u00b4s Marmalade Awards vyhr\u00e1la n\u011bkolikr\u00e1t titul nejlep\u0161\u00ed marmel\u00e1dy na sv\u011bt\u011b. U\u017e tohle je neskute\u010dn\u011b zaj\u00edmav\u00e9 a te\u010f si k\u00a0tomu p\u0159idejte fakt, \u017ee marmel\u00e1dy va\u0159\u00ed v\u00a0obytn\u00e9m aut\u011b. I kdy\u017e cel\u00fd p\u0159\u00edb\u011bh za\u010dal vlastn\u011b na \u0160umav\u011b&#8230; Vezm\u011bme to [&hellip;]<\/p>\n","protected":false},"author":161,"featured_media":79766,"comment_status":"closed","ping_status":"open","sticky":false,"template":"","format":"standard","meta":{"_monsterinsights_skip_tracking":false,"_monsterinsights_sitenote_active":false,"_monsterinsights_sitenote_note":"","_monsterinsights_sitenote_category":0,"footnotes":""},"categories":[368,422],"tags":[9364,343],"class_list":{"0":"post-79744","1":"post","2":"type-post","3":"status-publish","4":"format-standard","5":"has-post-thumbnail","7":"category-magazin_all4camper","8":"category-novinky-kempovani-a-karavaning","9":"tag-karavanistemezinami","10":"tag-rozhovory"},"yoast_head":"<!-- This site is optimized with the Yoast SEO plugin v27.4 - https:\/\/yoast.com\/product\/yoast-seo-wordpress\/ -->\n<title>Kdy\u017e se nejlep\u0161\u00ed marmel\u00e1dy na sv\u011bt\u011b va\u0159\u00ed v obyt\u0148\u00e1ku - All4Camper<\/title>\n<meta name=\"description\" content=\"All4Camper - Kdy\u017e se nejlep\u0161\u00ed marmel\u00e1dy na sv\u011bt\u011b va\u0159\u00ed v obyt\u0148\u00e1ku\" \/>\n<meta name=\"robots\" content=\"index, follow, max-snippet:-1, max-image-preview:large, max-video-preview:-1\" \/>\n<link rel=\"canonical\" href=\"https:\/\/all4camper.com\/cs\/kdyz-se-nejlepsi-marmelady-na-svete-vari-v-obytnaku\/\" \/>\n<meta property=\"og:locale\" content=\"cs_CZ\" \/>\n<meta property=\"og:type\" content=\"article\" \/>\n<meta property=\"og:title\" content=\"Kdy\u017e se nejlep\u0161\u00ed marmel\u00e1dy na sv\u011bt\u011b va\u0159\u00ed v obyt\u0148\u00e1ku - All4Camper\" \/>\n<meta property=\"og:description\" content=\"All4Camper - Kdy\u017e se nejlep\u0161\u00ed marmel\u00e1dy na sv\u011bt\u011b va\u0159\u00ed v obyt\u0148\u00e1ku\" \/>\n<meta property=\"og:url\" content=\"https:\/\/all4camper.com\/cs\/kdyz-se-nejlepsi-marmelady-na-svete-vari-v-obytnaku\/\" \/>\n<meta property=\"og:site_name\" content=\"All4Camper\" \/>\n<meta property=\"article:published_time\" content=\"2019-07-11T08:24:21+00:00\" \/>\n<meta property=\"article:modified_time\" content=\"2022-12-13T14:09:54+00:00\" \/>\n<meta property=\"og:image\" content=\"https:\/\/all4camper.com\/wp-content\/uploads\/2019\/07\/cropped-IMG_1602.jpg\" \/>\n\t<meta property=\"og:image:width\" content=\"2560\" \/>\n\t<meta property=\"og:image:height\" content=\"1443\" \/>\n\t<meta property=\"og:image:type\" content=\"image\/jpeg\" \/>\n<meta name=\"author\" content=\"Kate\u0159ina\" \/>\n<meta name=\"twitter:card\" content=\"summary_large_image\" \/>\n<meta name=\"twitter:label1\" content=\"Napsal(a)\" \/>\n\t<meta name=\"twitter:data1\" content=\"Kate\u0159ina\" \/>\n\t<meta name=\"twitter:label2\" content=\"Odhadovan\u00e1 doba \u010dten\u00ed\" \/>\n\t<meta name=\"twitter:data2\" content=\"12 minut\" \/>\n<script type=\"application\/ld+json\" class=\"yoast-schema-graph\">{\"@context\":\"https:\\\/\\\/schema.org\",\"@graph\":[{\"@type\":\"Article\",\"@id\":\"https:\\\/\\\/all4camper.com\\\/cs\\\/kdyz-se-nejlepsi-marmelady-na-svete-vari-v-obytnaku\\\/#article\",\"isPartOf\":{\"@id\":\"https:\\\/\\\/all4camper.com\\\/cs\\\/kdyz-se-nejlepsi-marmelady-na-svete-vari-v-obytnaku\\\/\"},\"author\":{\"name\":\"Kate\u0159ina\",\"@id\":\"https:\\\/\\\/all4camper.com\\\/cs\\\/#\\\/schema\\\/person\\\/9349489688d4c221ca0fc39ae6bcb70b\"},\"headline\":\"Kdy\u017e se nejlep\u0161\u00ed marmel\u00e1dy na sv\u011bt\u011b va\u0159\u00ed v obyt\u0148\u00e1ku\",\"datePublished\":\"2019-07-11T08:24:21+00:00\",\"dateModified\":\"2022-12-13T14:09:54+00:00\",\"mainEntityOfPage\":{\"@id\":\"https:\\\/\\\/all4camper.com\\\/cs\\\/kdyz-se-nejlepsi-marmelady-na-svete-vari-v-obytnaku\\\/\"},\"wordCount\":2447,\"publisher\":{\"@id\":\"https:\\\/\\\/all4camper.com\\\/cs\\\/#organization\"},\"image\":{\"@id\":\"https:\\\/\\\/all4camper.com\\\/cs\\\/kdyz-se-nejlepsi-marmelady-na-svete-vari-v-obytnaku\\\/#primaryimage\"},\"thumbnailUrl\":\"https:\\\/\\\/all4camper.com\\\/wp-content\\\/uploads\\\/2019\\\/07\\\/cropped-IMG_1602.jpg\",\"keywords\":[\"karavanist\u00e9mezin\u00e1mi\",\"Rozhovory\"],\"articleSection\":[\"\u010cten\u00ed na cesty\",\"Novinky - Kempov\u00e1n\u00ed a karavaning\"],\"inLanguage\":\"cs\"},{\"@type\":\"WebPage\",\"@id\":\"https:\\\/\\\/all4camper.com\\\/cs\\\/kdyz-se-nejlepsi-marmelady-na-svete-vari-v-obytnaku\\\/\",\"url\":\"https:\\\/\\\/all4camper.com\\\/cs\\\/kdyz-se-nejlepsi-marmelady-na-svete-vari-v-obytnaku\\\/\",\"name\":\"Kdy\u017e se nejlep\u0161\u00ed marmel\u00e1dy na sv\u011bt\u011b va\u0159\u00ed v obyt\u0148\u00e1ku - All4Camper\",\"isPartOf\":{\"@id\":\"https:\\\/\\\/all4camper.com\\\/cs\\\/#website\"},\"primaryImageOfPage\":{\"@id\":\"https:\\\/\\\/all4camper.com\\\/cs\\\/kdyz-se-nejlepsi-marmelady-na-svete-vari-v-obytnaku\\\/#primaryimage\"},\"image\":{\"@id\":\"https:\\\/\\\/all4camper.com\\\/cs\\\/kdyz-se-nejlepsi-marmelady-na-svete-vari-v-obytnaku\\\/#primaryimage\"},\"thumbnailUrl\":\"https:\\\/\\\/all4camper.com\\\/wp-content\\\/uploads\\\/2019\\\/07\\\/cropped-IMG_1602.jpg\",\"datePublished\":\"2019-07-11T08:24:21+00:00\",\"dateModified\":\"2022-12-13T14:09:54+00:00\",\"description\":\"All4Camper - Kdy\u017e se nejlep\u0161\u00ed marmel\u00e1dy na sv\u011bt\u011b va\u0159\u00ed v obyt\u0148\u00e1ku\",\"breadcrumb\":{\"@id\":\"https:\\\/\\\/all4camper.com\\\/cs\\\/kdyz-se-nejlepsi-marmelady-na-svete-vari-v-obytnaku\\\/#breadcrumb\"},\"inLanguage\":\"cs\",\"potentialAction\":[{\"@type\":\"ReadAction\",\"target\":[\"https:\\\/\\\/all4camper.com\\\/cs\\\/kdyz-se-nejlepsi-marmelady-na-svete-vari-v-obytnaku\\\/\"]}]},{\"@type\":\"ImageObject\",\"inLanguage\":\"cs\",\"@id\":\"https:\\\/\\\/all4camper.com\\\/cs\\\/kdyz-se-nejlepsi-marmelady-na-svete-vari-v-obytnaku\\\/#primaryimage\",\"url\":\"https:\\\/\\\/all4camper.com\\\/wp-content\\\/uploads\\\/2019\\\/07\\\/cropped-IMG_1602.jpg\",\"contentUrl\":\"https:\\\/\\\/all4camper.com\\\/wp-content\\\/uploads\\\/2019\\\/07\\\/cropped-IMG_1602.jpg\",\"width\":2560,\"height\":1443},{\"@type\":\"BreadcrumbList\",\"@id\":\"https:\\\/\\\/all4camper.com\\\/cs\\\/kdyz-se-nejlepsi-marmelady-na-svete-vari-v-obytnaku\\\/#breadcrumb\",\"itemListElement\":[{\"@type\":\"ListItem\",\"position\":1,\"name\":\"Dom\u016f\",\"item\":\"https:\\\/\\\/all4camper.com\\\/cs\\\/\"},{\"@type\":\"ListItem\",\"position\":2,\"name\":\"\u010cten\u00ed na cesty\",\"item\":\"https:\\\/\\\/all4camper.com\\\/cs\\\/category\\\/magazin_all4camper\\\/\"},{\"@type\":\"ListItem\",\"position\":3,\"name\":\"Kdy\u017e se nejlep\u0161\u00ed marmel\u00e1dy na sv\u011bt\u011b va\u0159\u00ed v obyt\u0148\u00e1ku\"}]},{\"@type\":\"WebSite\",\"@id\":\"https:\\\/\\\/all4camper.com\\\/cs\\\/#website\",\"url\":\"https:\\\/\\\/all4camper.com\\\/cs\\\/\",\"name\":\"All4Camper\",\"description\":\"Nejv\u011bt\u0161\u00ed online magaz\u00edn o kempov\u00e1n\u00ed a karavaninku. V\u00edce jak 900 \u010dl\u00e1nk\u016f pln\u00fdch rad a tip\u016f o kempech a kempov\u00e1n\u00ed.\",\"publisher\":{\"@id\":\"https:\\\/\\\/all4camper.com\\\/cs\\\/#organization\"},\"potentialAction\":[{\"@type\":\"SearchAction\",\"target\":{\"@type\":\"EntryPoint\",\"urlTemplate\":\"https:\\\/\\\/all4camper.com\\\/cs\\\/?s={search_term_string}\"},\"query-input\":{\"@type\":\"PropertyValueSpecification\",\"valueRequired\":true,\"valueName\":\"search_term_string\"}}],\"inLanguage\":\"cs\"},{\"@type\":\"Organization\",\"@id\":\"https:\\\/\\\/all4camper.com\\\/cs\\\/#organization\",\"name\":\"All4Camper - kempujeme s Kl\u00e1rou\",\"url\":\"https:\\\/\\\/all4camper.com\\\/cs\\\/\",\"logo\":{\"@type\":\"ImageObject\",\"inLanguage\":\"cs\",\"@id\":\"https:\\\/\\\/all4camper.com\\\/cs\\\/#\\\/schema\\\/logo\\\/image\\\/\",\"url\":\"https:\\\/\\\/all4camper.com\\\/wp-content\\\/uploads\\\/2018\\\/09\\\/novelogo.png\",\"contentUrl\":\"https:\\\/\\\/all4camper.com\\\/wp-content\\\/uploads\\\/2018\\\/09\\\/novelogo.png\",\"width\":1520,\"height\":600,\"caption\":\"All4Camper - kempujeme s Kl\u00e1rou\"},\"image\":{\"@id\":\"https:\\\/\\\/all4camper.com\\\/cs\\\/#\\\/schema\\\/logo\\\/image\\\/\"}},{\"@type\":\"Person\",\"@id\":\"https:\\\/\\\/all4camper.com\\\/cs\\\/#\\\/schema\\\/person\\\/9349489688d4c221ca0fc39ae6bcb70b\",\"name\":\"Kate\u0159ina\",\"url\":\"https:\\\/\\\/all4camper.com\\\/cs\\\/author\\\/kterina\\\/\"}]}<\/script>\n<!-- \/ Yoast SEO plugin. -->","yoast_head_json":{"title":"Kdy\u017e se nejlep\u0161\u00ed marmel\u00e1dy na sv\u011bt\u011b va\u0159\u00ed v obyt\u0148\u00e1ku - All4Camper","description":"All4Camper - Kdy\u017e se nejlep\u0161\u00ed marmel\u00e1dy na sv\u011bt\u011b va\u0159\u00ed v obyt\u0148\u00e1ku","robots":{"index":"index","follow":"follow","max-snippet":"max-snippet:-1","max-image-preview":"max-image-preview:large","max-video-preview":"max-video-preview:-1"},"canonical":"https:\/\/all4camper.com\/cs\/kdyz-se-nejlepsi-marmelady-na-svete-vari-v-obytnaku\/","og_locale":"cs_CZ","og_type":"article","og_title":"Kdy\u017e se nejlep\u0161\u00ed marmel\u00e1dy na sv\u011bt\u011b va\u0159\u00ed v obyt\u0148\u00e1ku - All4Camper","og_description":"All4Camper - Kdy\u017e se nejlep\u0161\u00ed marmel\u00e1dy na sv\u011bt\u011b va\u0159\u00ed v obyt\u0148\u00e1ku","og_url":"https:\/\/all4camper.com\/cs\/kdyz-se-nejlepsi-marmelady-na-svete-vari-v-obytnaku\/","og_site_name":"All4Camper","article_published_time":"2019-07-11T08:24:21+00:00","article_modified_time":"2022-12-13T14:09:54+00:00","og_image":[{"width":2560,"height":1443,"url":"https:\/\/all4camper.com\/wp-content\/uploads\/2019\/07\/cropped-IMG_1602.jpg","type":"image\/jpeg"}],"author":"Kate\u0159ina","twitter_card":"summary_large_image","twitter_misc":{"Napsal(a)":"Kate\u0159ina","Odhadovan\u00e1 doba \u010dten\u00ed":"12 minut"},"schema":{"@context":"https:\/\/schema.org","@graph":[{"@type":"Article","@id":"https:\/\/all4camper.com\/cs\/kdyz-se-nejlepsi-marmelady-na-svete-vari-v-obytnaku\/#article","isPartOf":{"@id":"https:\/\/all4camper.com\/cs\/kdyz-se-nejlepsi-marmelady-na-svete-vari-v-obytnaku\/"},"author":{"name":"Kate\u0159ina","@id":"https:\/\/all4camper.com\/cs\/#\/schema\/person\/9349489688d4c221ca0fc39ae6bcb70b"},"headline":"Kdy\u017e se nejlep\u0161\u00ed marmel\u00e1dy na sv\u011bt\u011b va\u0159\u00ed v obyt\u0148\u00e1ku","datePublished":"2019-07-11T08:24:21+00:00","dateModified":"2022-12-13T14:09:54+00:00","mainEntityOfPage":{"@id":"https:\/\/all4camper.com\/cs\/kdyz-se-nejlepsi-marmelady-na-svete-vari-v-obytnaku\/"},"wordCount":2447,"publisher":{"@id":"https:\/\/all4camper.com\/cs\/#organization"},"image":{"@id":"https:\/\/all4camper.com\/cs\/kdyz-se-nejlepsi-marmelady-na-svete-vari-v-obytnaku\/#primaryimage"},"thumbnailUrl":"https:\/\/all4camper.com\/wp-content\/uploads\/2019\/07\/cropped-IMG_1602.jpg","keywords":["karavanist\u00e9mezin\u00e1mi","Rozhovory"],"articleSection":["\u010cten\u00ed na cesty","Novinky - Kempov\u00e1n\u00ed a karavaning"],"inLanguage":"cs"},{"@type":"WebPage","@id":"https:\/\/all4camper.com\/cs\/kdyz-se-nejlepsi-marmelady-na-svete-vari-v-obytnaku\/","url":"https:\/\/all4camper.com\/cs\/kdyz-se-nejlepsi-marmelady-na-svete-vari-v-obytnaku\/","name":"Kdy\u017e se nejlep\u0161\u00ed marmel\u00e1dy na sv\u011bt\u011b va\u0159\u00ed v obyt\u0148\u00e1ku - All4Camper","isPartOf":{"@id":"https:\/\/all4camper.com\/cs\/#website"},"primaryImageOfPage":{"@id":"https:\/\/all4camper.com\/cs\/kdyz-se-nejlepsi-marmelady-na-svete-vari-v-obytnaku\/#primaryimage"},"image":{"@id":"https:\/\/all4camper.com\/cs\/kdyz-se-nejlepsi-marmelady-na-svete-vari-v-obytnaku\/#primaryimage"},"thumbnailUrl":"https:\/\/all4camper.com\/wp-content\/uploads\/2019\/07\/cropped-IMG_1602.jpg","datePublished":"2019-07-11T08:24:21+00:00","dateModified":"2022-12-13T14:09:54+00:00","description":"All4Camper - Kdy\u017e se nejlep\u0161\u00ed marmel\u00e1dy na sv\u011bt\u011b va\u0159\u00ed v obyt\u0148\u00e1ku","breadcrumb":{"@id":"https:\/\/all4camper.com\/cs\/kdyz-se-nejlepsi-marmelady-na-svete-vari-v-obytnaku\/#breadcrumb"},"inLanguage":"cs","potentialAction":[{"@type":"ReadAction","target":["https:\/\/all4camper.com\/cs\/kdyz-se-nejlepsi-marmelady-na-svete-vari-v-obytnaku\/"]}]},{"@type":"ImageObject","inLanguage":"cs","@id":"https:\/\/all4camper.com\/cs\/kdyz-se-nejlepsi-marmelady-na-svete-vari-v-obytnaku\/#primaryimage","url":"https:\/\/all4camper.com\/wp-content\/uploads\/2019\/07\/cropped-IMG_1602.jpg","contentUrl":"https:\/\/all4camper.com\/wp-content\/uploads\/2019\/07\/cropped-IMG_1602.jpg","width":2560,"height":1443},{"@type":"BreadcrumbList","@id":"https:\/\/all4camper.com\/cs\/kdyz-se-nejlepsi-marmelady-na-svete-vari-v-obytnaku\/#breadcrumb","itemListElement":[{"@type":"ListItem","position":1,"name":"Dom\u016f","item":"https:\/\/all4camper.com\/cs\/"},{"@type":"ListItem","position":2,"name":"\u010cten\u00ed na cesty","item":"https:\/\/all4camper.com\/cs\/category\/magazin_all4camper\/"},{"@type":"ListItem","position":3,"name":"Kdy\u017e se nejlep\u0161\u00ed marmel\u00e1dy na sv\u011bt\u011b va\u0159\u00ed v obyt\u0148\u00e1ku"}]},{"@type":"WebSite","@id":"https:\/\/all4camper.com\/cs\/#website","url":"https:\/\/all4camper.com\/cs\/","name":"All4Camper","description":"Nejv\u011bt\u0161\u00ed online magaz\u00edn o kempov\u00e1n\u00ed a karavaninku. V\u00edce jak 900 \u010dl\u00e1nk\u016f pln\u00fdch rad a tip\u016f o kempech a kempov\u00e1n\u00ed.","publisher":{"@id":"https:\/\/all4camper.com\/cs\/#organization"},"potentialAction":[{"@type":"SearchAction","target":{"@type":"EntryPoint","urlTemplate":"https:\/\/all4camper.com\/cs\/?s={search_term_string}"},"query-input":{"@type":"PropertyValueSpecification","valueRequired":true,"valueName":"search_term_string"}}],"inLanguage":"cs"},{"@type":"Organization","@id":"https:\/\/all4camper.com\/cs\/#organization","name":"All4Camper - kempujeme s Kl\u00e1rou","url":"https:\/\/all4camper.com\/cs\/","logo":{"@type":"ImageObject","inLanguage":"cs","@id":"https:\/\/all4camper.com\/cs\/#\/schema\/logo\/image\/","url":"https:\/\/all4camper.com\/wp-content\/uploads\/2018\/09\/novelogo.png","contentUrl":"https:\/\/all4camper.com\/wp-content\/uploads\/2018\/09\/novelogo.png","width":1520,"height":600,"caption":"All4Camper - kempujeme s Kl\u00e1rou"},"image":{"@id":"https:\/\/all4camper.com\/cs\/#\/schema\/logo\/image\/"}},{"@type":"Person","@id":"https:\/\/all4camper.com\/cs\/#\/schema\/person\/9349489688d4c221ca0fc39ae6bcb70b","name":"Kate\u0159ina","url":"https:\/\/all4camper.com\/cs\/author\/kterina\/"}]}},"_links":{"self":[{"href":"https:\/\/all4camper.com\/cs\/wp-json\/wp\/v2\/posts\/79744","targetHints":{"allow":["GET"]}}],"collection":[{"href":"https:\/\/all4camper.com\/cs\/wp-json\/wp\/v2\/posts"}],"about":[{"href":"https:\/\/all4camper.com\/cs\/wp-json\/wp\/v2\/types\/post"}],"author":[{"embeddable":true,"href":"https:\/\/all4camper.com\/cs\/wp-json\/wp\/v2\/users\/161"}],"replies":[{"embeddable":true,"href":"https:\/\/all4camper.com\/cs\/wp-json\/wp\/v2\/comments?post=79744"}],"version-history":[{"count":0,"href":"https:\/\/all4camper.com\/cs\/wp-json\/wp\/v2\/posts\/79744\/revisions"}],"wp:featuredmedia":[{"embeddable":true,"href":"https:\/\/all4camper.com\/cs\/wp-json\/wp\/v2\/media\/79766"}],"wp:attachment":[{"href":"https:\/\/all4camper.com\/cs\/wp-json\/wp\/v2\/media?parent=79744"}],"wp:term":[{"taxonomy":"category","embeddable":true,"href":"https:\/\/all4camper.com\/cs\/wp-json\/wp\/v2\/categories?post=79744"},{"taxonomy":"post_tag","embeddable":true,"href":"https:\/\/all4camper.com\/cs\/wp-json\/wp\/v2\/tags?post=79744"}],"curies":[{"name":"wp","href":"https:\/\/api.w.org\/{rel}","templated":true}]}}