{"id":79295,"date":"2019-06-28T11:14:06","date_gmt":"2019-06-28T09:14:06","guid":{"rendered":"https:\/\/all4camper.com\/\/?p=79295"},"modified":"2019-09-18T10:13:52","modified_gmt":"2019-09-18T08:13:52","slug":"jaky-material-zvolit-do-nasi-cestovatelske-kuchyne","status":"publish","type":"post","link":"https:\/\/all4camper.com\/cs\/jaky-material-zvolit-do-nasi-cestovatelske-kuchyne\/","title":{"rendered":"Jak\u00fd materi\u00e1l zvolit do na\u0161\u00ed cestovatelsk\u00e9 kuchyn\u011b"},"content":{"rendered":"\n<h4 class=\"wp-block-heading\">Je\u0161t\u011b dnes se mus\u00edm sm\u00e1t, kdy\u017e si vzpomenu na to, jak m\u011b m\u016fj man\u017eel vid\u011bl na cest\u00e1ch u spor\u00e1ku s\u00a0d\u0159evenou vidlic\u00ed, d\u0159ev\u011bnou pali\u010dkou a \u010desnekem a ptal se m\u011b, jestli se chyst\u00e1m na n\u011bjak\u00fd \u00fatok proti up\u00edr\u016fm. Ne, chystala jsem se naopak docela oby\u010dejn\u011b va\u0159it s\u00a0nov\u00fdm kuchy\u0148sk\u00fdm n\u00e1\u0159ad\u00edm. Moje cestovn\u00ed kuchyn\u011b toti\u017e obsahuje v\u0161echno mo\u017en\u00e9 a i z\u00a0r\u016fzn\u00fdch druh\u016f materi\u00e1l\u016f. Jak jste na tom vy a co je to \u00fapln\u011b nejlep\u0161\u00ed?<\/h4>\n\n\n\n<figure class=\"wp-block-image\"><img loading=\"lazy\" decoding=\"async\" width=\"1280\" height=\"853\" src=\"https:\/\/all4camper.com\/\/wp-content\/uploads\/2019\/06\/ohdengtang-1285491_1280.jpg\" alt=\"\" class=\"wp-image-79296\" srcset=\"https:\/\/all4camper.com\/wp-content\/uploads\/2019\/06\/ohdengtang-1285491_1280.jpg 1280w, https:\/\/all4camper.com\/wp-content\/uploads\/2019\/06\/ohdengtang-1285491_1280-150x100.jpg 150w, https:\/\/all4camper.com\/wp-content\/uploads\/2019\/06\/ohdengtang-1285491_1280-300x200.jpg 300w, https:\/\/all4camper.com\/wp-content\/uploads\/2019\/06\/ohdengtang-1285491_1280-768x512.jpg 768w\" sizes=\"auto, (max-width: 1280px) 100vw, 1280px\" \/><\/figure>\n\n\n\n<h4 class=\"wp-block-heading\"><strong>Plast, porcel\u00e1n, keramika, sklo, kov, d\u0159evo a dal\u0161\u00ed&#8230;<\/strong><\/h4>\n\n\n\n<p>Pokud se jen nep\u0159esunujete z\u00a0bodu A do bodu B se zaji\u0161t\u011bnou stravou, t\u00e9ma n\u00e1dob\u00ed na cest\u00e1ch a na cesty v\u00e1s asi neminulo. <strong>No a nab\u00edz\u00ed se tedy ot\u00e1zka \u2013 jak\u00fd materi\u00e1l zvolit. Obecn\u011b mysl\u00edm, \u017ee na to univerz\u00e1ln\u00ed odpov\u011b\u010f neexistuje.<\/strong> J\u00e1 sama m\u00e1m v cestovn\u00ed\u00a0kuchyni opravdu pestrou sm\u011bs v\u0161eho mo\u017en\u00e9ho, a\u0165 u\u017e podle toho, co jsem zvykl\u00e1 pou\u017e\u00edvat doma, nebo podle skladnosti, proto\u017ee s\u00a0prostorem ur\u010dit\u011b tak trochu bojuje ka\u017ed\u00fd z\u00a0n\u00e1s. Nicm\u00e9n\u011b poj\u010fme si to p\u0159ece jen proj\u00edt.<\/p>\n\n\n\n<h3 class=\"wp-block-heading\"><strong>Lehk\u00fd a praktick\u00fd plast<\/strong><\/h3>\n\n\n\n<figure class=\"wp-block-image\"><img loading=\"lazy\" decoding=\"async\" width=\"1280\" height=\"853\" src=\"https:\/\/all4camper.com\/\/wp-content\/uploads\/2019\/06\/summer-camp-3414028_1280.jpg\" alt=\"\" class=\"wp-image-79298\" srcset=\"https:\/\/all4camper.com\/wp-content\/uploads\/2019\/06\/summer-camp-3414028_1280.jpg 1280w, https:\/\/all4camper.com\/wp-content\/uploads\/2019\/06\/summer-camp-3414028_1280-150x100.jpg 150w, https:\/\/all4camper.com\/wp-content\/uploads\/2019\/06\/summer-camp-3414028_1280-300x200.jpg 300w, https:\/\/all4camper.com\/wp-content\/uploads\/2019\/06\/summer-camp-3414028_1280-768x512.jpg 768w\" sizes=\"auto, (max-width: 1280px) 100vw, 1280px\" \/><\/figure>\n\n\n\n<p>Plast m\u00e1 jednozna\u010dnou v\u00fdhodu p\u0159ed v\u0161\u00edm ostatn\u00edm v\u00a0tom, \u017ee je nerozbitn\u00fd. Je tedy jedno, jak hlubokou d\u00edru projedete nebo jako moc \u201e\u0159\u00edznete\u201c zat\u00e1\u010dku. Pohled na zk\u00e1zu v\u00e1s obvykle ne\u010dek\u00e1. <\/p>\n\n\n\n<p>Jeho velk\u00e9 plus je tak\u00e9 v\u00a0tom, \u017ee je lehk\u00fd a jeho cena neb\u00fdv\u00e1 nijak astronomick\u00e1. V\u00a0tomto p\u0159\u00edpad\u011b je nutn\u00e9 zm\u00ednit jedno velk\u00e9 ale. Pokud chcete kvalitn\u00ed a designov\u011b zaj\u00edmav\u00e9 n\u00e1dob\u00ed, p\u0159iplat\u00edte si i tak. <strong>Nicm\u00e9n\u011b mohu v\u00e1m z\u00a0vlastn\u00ed zku\u0161enosti doporu\u010dit, \u017ee p\u0159ekvapiv\u011b n\u00e1padit\u00e9 a cenov\u011b p\u0159ijateln\u00e9 n\u00e1dob\u00ed \u201ena ven\u201c maj\u00ed v\u00a0sez\u00f3n\u011b nap\u0159\u00edklad velk\u00e9 obchodn\u00ed domy s\u00a0n\u00e1bytkem. <\/strong>Zejm\u00e9na ten jeden, do kter\u00e9ho p\u0159ed V\u00e1noci chod\u00ed jen sebevrazi. <\/p>\n\n\n\n<p>Nezapome\u0148te si <strong>d\u016fkladn\u011b prostudovat jak\u00e9 teploty kter\u00fd kousek snese.<\/strong> Pravd\u011bpodobn\u011b v\u00e1s to p\u0159ekvap\u00ed, ov\u0161em to, jestli mile, nebo nemile, je tak pades\u00e1t na pades\u00e1t. A je\u0161t\u011b jedna v\u011bc, co se plastov\u00e9ho n\u00e1dob\u00ed t\u00fd\u010de, asi v\u011bt\u0161ina z\u00a0n\u00e1s \u201ekempa\u0159\u016f\u201c m\u00e1 pozitivn\u00ed vztah k\u00a0p\u0159\u00edrod\u011b, proto je dobr\u00e9 vyb\u00edrat zejm\u00e9na kousky, kter\u00e9 jsou k\u00a0p\u0159\u00edrod\u011b \u0161etrn\u00e9, p\u0159\u00edpadn\u011b v\u0161e spr\u00e1vn\u011b zlikvidovat. Brzy bychom toti\u017e mo\u017en\u00e1 ani nem\u011bli kam jezdit. A v\u00a0dne\u0161n\u00ed dob\u011b se i na cest\u00e1ch odpad t\u0159\u00edd\u00ed bez probl\u00e9m\u016f, tak\u017ee nen\u00ed na co se vymlouvat.\u00a0<\/p>\n\n\n\n<h3 class=\"wp-block-heading\"><strong>K\u0159ehk\u00fd kousek domova<\/strong> &#8211; porcel\u00e1n a sklo<\/h3>\n\n\n\n<figure class=\"wp-block-image\"><img loading=\"lazy\" decoding=\"async\" width=\"1620\" height=\"1080\" src=\"https:\/\/all4camper.com\/\/wp-content\/uploads\/2019\/06\/salad-4171460_1920-1620x1080.jpg\" alt=\"\" class=\"wp-image-79300\" srcset=\"https:\/\/all4camper.com\/wp-content\/uploads\/2019\/06\/salad-4171460_1920-1620x1080.jpg 1620w, https:\/\/all4camper.com\/wp-content\/uploads\/2019\/06\/salad-4171460_1920-300x200.jpg 300w, https:\/\/all4camper.com\/wp-content\/uploads\/2019\/06\/salad-4171460_1920-150x100.jpg 150w, https:\/\/all4camper.com\/wp-content\/uploads\/2019\/06\/salad-4171460_1920-768x512.jpg 768w, https:\/\/all4camper.com\/wp-content\/uploads\/2019\/06\/salad-4171460_1920-1536x1024.jpg 1536w, https:\/\/all4camper.com\/wp-content\/uploads\/2019\/06\/salad-4171460_1920.jpg 1920w\" sizes=\"auto, (max-width: 1620px) 100vw, 1620px\" \/><\/figure>\n\n\n\n<p>Doma asi z\u00a0plastu p\u0159\u00edli\u0161 nej\u00edd\u00e1v\u00e1me a naopak porcel\u00e1n vede. To je asi hlavn\u00ed p\u0159ednost toho, kdy\u017e m\u00e1te ve sv\u00e9 cestovatelsk\u00e9 v\u00fdbav\u011b porcel\u00e1nov\u00e9 kousky. Zkr\u00e1tka si vezete s\u00a0sebou ten pocit dom\u00e1c\u00edho pohodl\u00ed. Kdy\u017e to vezmu za sebe, j\u00e1 se bez n\u011bj neobejdu. <\/p>\n\n\n\n<p>\u010caj, k\u00e1vu, ale ani sn\u00edda\u0148ov\u00e9 cere\u00e1lie si bez n\u011bj jinak prost\u011b tolik neu\u017eiji a to mi p\u0159ijde \u0161koda, kdy\u017e pr\u00e1v\u011b dovolen\u00e1 je o tom, dop\u0159\u00e1t si n\u011bco hezk\u00e9ho a p\u0159\u00edjemn\u00e9ho. Ono i to v\u00edno z\u00a0plastu by mi chutnalo pon\u011bkud jinak&#8230; A to n\u00e1s p\u0159iv\u00e1d\u00ed ke skleni\u010dk\u00e1m a sklu obecn\u011b. <\/p>\n\n\n\n<p>I v\u00a0tomto p\u0159\u00edpad\u011b p\u00e1r kousk\u016f ne\u0161kod\u00ed. Pozor jen ale v\u00a0p\u0159\u00edpad\u011b, \u017ee se skute\u010dn\u011b n\u011bco rozbije! D\u016fkladn\u00fd \u00faklid je nezbytn\u00fd. V\u00a0tomto p\u0159\u00edpad\u011b ka\u017edop\u00e1dn\u011b doporu\u010duji v\u0161e extra zabezpe\u010dit a dejte si pozor, pokud jedete s\u00a0d\u011btmi. P\u0159ece jen n\u00e1lada pr\u00e1zdnin a v\u00fdlet\u016f je d\u011bl\u00e1 zna\u010dn\u011b lehkomysln\u011bj\u0161\u00edmi a divo\u010dej\u0161\u00edmi.\u00a0<\/p>\n\n\n\n<h3 class=\"wp-block-heading\"><strong>Kov a d\u0159evo<\/strong><\/h3>\n\n\n\n<figure class=\"wp-block-image\"><img loading=\"lazy\" decoding=\"async\" width=\"1620\" height=\"1080\" src=\"https:\/\/all4camper.com\/\/wp-content\/uploads\/2019\/06\/wood-3173282_1920-1-1620x1080.jpg\" alt=\"\" class=\"wp-image-79297\" srcset=\"https:\/\/all4camper.com\/wp-content\/uploads\/2019\/06\/wood-3173282_1920-1-1620x1080.jpg 1620w, https:\/\/all4camper.com\/wp-content\/uploads\/2019\/06\/wood-3173282_1920-1-300x200.jpg 300w, https:\/\/all4camper.com\/wp-content\/uploads\/2019\/06\/wood-3173282_1920-1-150x100.jpg 150w, https:\/\/all4camper.com\/wp-content\/uploads\/2019\/06\/wood-3173282_1920-1-768x512.jpg 768w, https:\/\/all4camper.com\/wp-content\/uploads\/2019\/06\/wood-3173282_1920-1-1536x1024.jpg 1536w, https:\/\/all4camper.com\/wp-content\/uploads\/2019\/06\/wood-3173282_1920-1.jpg 1920w\" sizes=\"auto, (max-width: 1620px) 100vw, 1620px\" \/><\/figure>\n\n\n\n<p>Hrnec a p\u00e1nve, k\u00a0tomu va\u0159e\u010dky, m\u00edch\u00e1tka a v\u00a0neposledn\u00ed \u0159ad\u011b p\u0159\u00edbory. Mysl\u00edm, \u017ee kovov\u00e9 p\u0159\u00edbory uveze ka\u017ed\u00fd a oproti t\u011bm plastov\u00fdm je to nesrovnateln\u00fd luxus a pol\u00e9vku v\u00a0plastov\u00e9m hrnci tak\u00e9 zkr\u00e1tka neuva\u0159\u00edte. Tady k\u00a0tomu mohu v\u00a0podstat\u011b jen dodat, \u017ee je nejlep\u0161\u00ed vych\u00e1zet ze sv\u00fdch dom\u00e1c\u00edch zku\u0161enost\u00ed, aby v\u00e1m va\u0159en\u00ed \u0161lo co nejl\u00e9pe od ruky. A samoz\u0159ejm\u011b je nejlep\u0161\u00ed v\u0161e promyslet tak, aby n\u00e1dob\u00ed bylo snadno stohovateln\u00e9 \u2013 a tud\u00ed\u017e praktick\u00e9 a skladn\u00e9. Doporu\u010duji tak\u00e9 p\u0159ed del\u0161\u00ed cestou v\u0161e prolo\u017eit alespo\u0148 pap\u00edrov\u00fdmi ut\u011brkami, aby se jednotliv\u00e9 kousky neoml\u00e1tily. To plat\u00ed i pro porcel\u00e1n.\u00a0<\/p>\n\n\n\n<p><strong>A m\u016fj speci\u00e1ln\u00ed tip na z\u00e1v\u011br<\/strong><\/p>\n\n\n\n<p>To je n\u00e1dob\u00ed se vzpom\u00ednkami. Nemysl\u00edm t\u00edm, \u017ee si nap\u0159\u00edklad na hrne\u010dky nech\u00e1te natisknout fotky z\u00a0m\u00edst, kter\u00e1 jste nav\u0161t\u00edvili, i kdy\u017e ani to mi te\u010f nep\u0159ipad\u00e1 jako \u0161patn\u00fd n\u00e1pad. J\u00e1 to m\u00e1m ale sp\u00ed\u0161e tak, \u017ee si n\u00e1dob\u00ed moc r\u00e1da kupuji. N\u011bco dom\u016f, ale z\u00a0n\u011b\u010deho se stane m\u016fj cestovn\u00ed \u201epar\u0165\u00e1k\u201c. M\u00e1m tak t\u0159eba r\u016fzn\u00e9 hrne\u010dky, kter\u00e9 i p\u0159ipom\u00ednaj\u00ed zapadl\u00e9 vesni\u010dky a kouzeln\u00e9 trhy, nebo ru\u010dn\u011b vyroben\u00fd a malovan\u00fd tal\u00ed\u0159 (takov\u00fd ten o velikosti kola od auta) z\u00a0extr\u00e9mn\u011b tlust\u00e9ho porcel\u00e1nu, na kter\u00fd s\u00a0a\u017e fanatick\u00fdm nad\u0161en\u00edm serv\u00edruji, s\u00fdry, sal\u00e1my, \u0161unku, olivy&#8230; V\u0161e samoz\u0159ejm\u011b z\u00a0m\u00edstn\u00edch zdroj\u016f lokality, ve kter\u00e9 se nach\u00e1z\u00edm. K\u00a0tomu SKLENI\u010cKU v\u00edna a to je podle m\u011b pohoda s\u00a0kapkou nostalgick\u00fdch vzpom\u00ednek.\u00a0<\/p>\n\n\n\n<p><em>Autor: Kate\u0159ina<\/em><\/p>\n","protected":false},"excerpt":{"rendered":"<p>Je\u0161t\u011b dnes se mus\u00edm sm\u00e1t, kdy\u017e si vzpomenu na to, jak m\u011b m\u016fj man\u017eel vid\u011bl na cest\u00e1ch u spor\u00e1ku s\u00a0d\u0159evenou vidlic\u00ed, d\u0159ev\u011bnou pali\u010dkou a \u010desnekem a ptal se m\u011b, jestli se chyst\u00e1m na n\u011bjak\u00fd \u00fatok proti up\u00edr\u016fm. Ne, chystala jsem se naopak docela oby\u010dejn\u011b va\u0159it s\u00a0nov\u00fdm kuchy\u0148sk\u00fdm n\u00e1\u0159ad\u00edm. Moje cestovn\u00ed kuchyn\u011b toti\u017e obsahuje v\u0161echno mo\u017en\u00e9 [&hellip;]<\/p>\n","protected":false},"author":161,"featured_media":79296,"comment_status":"closed","ping_status":"open","sticky":false,"template":"","format":"standard","meta":{"_monsterinsights_skip_tracking":false,"_monsterinsights_sitenote_active":false,"_monsterinsights_sitenote_note":"","_monsterinsights_sitenote_category":0,"footnotes":""},"categories":[368,422],"tags":[],"class_list":{"0":"post-79295","1":"post","2":"type-post","3":"status-publish","4":"format-standard","5":"has-post-thumbnail","7":"category-magazin_all4camper","8":"category-novinky-kempovani-a-karavaning"},"yoast_head":"<!-- This site is optimized with the Yoast SEO plugin v27.5 - https:\/\/yoast.com\/product\/yoast-seo-wordpress\/ -->\n<title>Jak\u00fd materi\u00e1l zvolit do na\u0161\u00ed cestovatelsk\u00e9 kuchyn\u011b - All4Camper<\/title>\n<meta name=\"description\" content=\"All4Camper - Jak\u00fd materi\u00e1l zvolit do na\u0161\u00ed cestovatelsk\u00e9 kuchyn\u011b\" \/>\n<meta name=\"robots\" content=\"index, follow, max-snippet:-1, max-image-preview:large, max-video-preview:-1\" \/>\n<link rel=\"canonical\" href=\"https:\/\/all4camper.com\/cs\/jaky-material-zvolit-do-nasi-cestovatelske-kuchyne\/\" \/>\n<meta property=\"og:locale\" content=\"cs_CZ\" \/>\n<meta property=\"og:type\" content=\"article\" \/>\n<meta property=\"og:title\" content=\"Jak\u00fd materi\u00e1l zvolit do na\u0161\u00ed cestovatelsk\u00e9 kuchyn\u011b - All4Camper\" \/>\n<meta property=\"og:description\" content=\"All4Camper - Jak\u00fd materi\u00e1l zvolit do na\u0161\u00ed cestovatelsk\u00e9 kuchyn\u011b\" \/>\n<meta property=\"og:url\" content=\"https:\/\/all4camper.com\/cs\/jaky-material-zvolit-do-nasi-cestovatelske-kuchyne\/\" \/>\n<meta property=\"og:site_name\" content=\"All4Camper\" \/>\n<meta property=\"article:published_time\" content=\"2019-06-28T09:14:06+00:00\" \/>\n<meta property=\"article:modified_time\" content=\"2019-09-18T08:13:52+00:00\" \/>\n<meta property=\"og:image\" content=\"https:\/\/all4camper.com\/wp-content\/uploads\/2019\/06\/ohdengtang-1285491_1280.jpg\" \/>\n\t<meta property=\"og:image:width\" content=\"1280\" \/>\n\t<meta property=\"og:image:height\" content=\"853\" \/>\n\t<meta property=\"og:image:type\" content=\"image\/jpeg\" \/>\n<meta name=\"author\" content=\"Kate\u0159ina\" \/>\n<meta name=\"twitter:card\" content=\"summary_large_image\" \/>\n<meta name=\"twitter:label1\" content=\"Napsal(a)\" \/>\n\t<meta name=\"twitter:data1\" content=\"Kate\u0159ina\" \/>\n\t<meta name=\"twitter:label2\" content=\"Odhadovan\u00e1 doba \u010dten\u00ed\" \/>\n\t<meta name=\"twitter:data2\" content=\"5 minut\" \/>\n<script type=\"application\/ld+json\" class=\"yoast-schema-graph\">{\"@context\":\"https:\\\/\\\/schema.org\",\"@graph\":[{\"@type\":\"Article\",\"@id\":\"https:\\\/\\\/all4camper.com\\\/cs\\\/jaky-material-zvolit-do-nasi-cestovatelske-kuchyne\\\/#article\",\"isPartOf\":{\"@id\":\"https:\\\/\\\/all4camper.com\\\/cs\\\/jaky-material-zvolit-do-nasi-cestovatelske-kuchyne\\\/\"},\"author\":{\"name\":\"Kate\u0159ina\",\"@id\":\"https:\\\/\\\/all4camper.com\\\/cs\\\/#\\\/schema\\\/person\\\/9349489688d4c221ca0fc39ae6bcb70b\"},\"headline\":\"Jak\u00fd materi\u00e1l zvolit do na\u0161\u00ed cestovatelsk\u00e9 kuchyn\u011b\",\"datePublished\":\"2019-06-28T09:14:06+00:00\",\"dateModified\":\"2019-09-18T08:13:52+00:00\",\"mainEntityOfPage\":{\"@id\":\"https:\\\/\\\/all4camper.com\\\/cs\\\/jaky-material-zvolit-do-nasi-cestovatelske-kuchyne\\\/\"},\"wordCount\":996,\"publisher\":{\"@id\":\"https:\\\/\\\/all4camper.com\\\/cs\\\/#organization\"},\"image\":{\"@id\":\"https:\\\/\\\/all4camper.com\\\/cs\\\/jaky-material-zvolit-do-nasi-cestovatelske-kuchyne\\\/#primaryimage\"},\"thumbnailUrl\":\"https:\\\/\\\/all4camper.com\\\/wp-content\\\/uploads\\\/2019\\\/06\\\/ohdengtang-1285491_1280.jpg\",\"articleSection\":[\"\u010cten\u00ed na cesty\",\"Novinky - Kempov\u00e1n\u00ed a karavaning\"],\"inLanguage\":\"cs\"},{\"@type\":\"WebPage\",\"@id\":\"https:\\\/\\\/all4camper.com\\\/cs\\\/jaky-material-zvolit-do-nasi-cestovatelske-kuchyne\\\/\",\"url\":\"https:\\\/\\\/all4camper.com\\\/cs\\\/jaky-material-zvolit-do-nasi-cestovatelske-kuchyne\\\/\",\"name\":\"Jak\u00fd materi\u00e1l zvolit do na\u0161\u00ed cestovatelsk\u00e9 kuchyn\u011b - All4Camper\",\"isPartOf\":{\"@id\":\"https:\\\/\\\/all4camper.com\\\/cs\\\/#website\"},\"primaryImageOfPage\":{\"@id\":\"https:\\\/\\\/all4camper.com\\\/cs\\\/jaky-material-zvolit-do-nasi-cestovatelske-kuchyne\\\/#primaryimage\"},\"image\":{\"@id\":\"https:\\\/\\\/all4camper.com\\\/cs\\\/jaky-material-zvolit-do-nasi-cestovatelske-kuchyne\\\/#primaryimage\"},\"thumbnailUrl\":\"https:\\\/\\\/all4camper.com\\\/wp-content\\\/uploads\\\/2019\\\/06\\\/ohdengtang-1285491_1280.jpg\",\"datePublished\":\"2019-06-28T09:14:06+00:00\",\"dateModified\":\"2019-09-18T08:13:52+00:00\",\"description\":\"All4Camper - Jak\u00fd materi\u00e1l zvolit do na\u0161\u00ed cestovatelsk\u00e9 kuchyn\u011b\",\"breadcrumb\":{\"@id\":\"https:\\\/\\\/all4camper.com\\\/cs\\\/jaky-material-zvolit-do-nasi-cestovatelske-kuchyne\\\/#breadcrumb\"},\"inLanguage\":\"cs\",\"potentialAction\":[{\"@type\":\"ReadAction\",\"target\":[\"https:\\\/\\\/all4camper.com\\\/cs\\\/jaky-material-zvolit-do-nasi-cestovatelske-kuchyne\\\/\"]}]},{\"@type\":\"ImageObject\",\"inLanguage\":\"cs\",\"@id\":\"https:\\\/\\\/all4camper.com\\\/cs\\\/jaky-material-zvolit-do-nasi-cestovatelske-kuchyne\\\/#primaryimage\",\"url\":\"https:\\\/\\\/all4camper.com\\\/wp-content\\\/uploads\\\/2019\\\/06\\\/ohdengtang-1285491_1280.jpg\",\"contentUrl\":\"https:\\\/\\\/all4camper.com\\\/wp-content\\\/uploads\\\/2019\\\/06\\\/ohdengtang-1285491_1280.jpg\",\"width\":1280,\"height\":853},{\"@type\":\"BreadcrumbList\",\"@id\":\"https:\\\/\\\/all4camper.com\\\/cs\\\/jaky-material-zvolit-do-nasi-cestovatelske-kuchyne\\\/#breadcrumb\",\"itemListElement\":[{\"@type\":\"ListItem\",\"position\":1,\"name\":\"Dom\u016f\",\"item\":\"https:\\\/\\\/all4camper.com\\\/cs\\\/\"},{\"@type\":\"ListItem\",\"position\":2,\"name\":\"\u010cten\u00ed na cesty\",\"item\":\"https:\\\/\\\/all4camper.com\\\/cs\\\/category\\\/magazin_all4camper\\\/\"},{\"@type\":\"ListItem\",\"position\":3,\"name\":\"Jak\u00fd materi\u00e1l zvolit do na\u0161\u00ed cestovatelsk\u00e9 kuchyn\u011b\"}]},{\"@type\":\"WebSite\",\"@id\":\"https:\\\/\\\/all4camper.com\\\/cs\\\/#website\",\"url\":\"https:\\\/\\\/all4camper.com\\\/cs\\\/\",\"name\":\"All4Camper\",\"description\":\"Nejv\u011bt\u0161\u00ed online magaz\u00edn o kempov\u00e1n\u00ed a karavaninku. V\u00edce jak 900 \u010dl\u00e1nk\u016f pln\u00fdch rad a tip\u016f o kempech a kempov\u00e1n\u00ed.\",\"publisher\":{\"@id\":\"https:\\\/\\\/all4camper.com\\\/cs\\\/#organization\"},\"potentialAction\":[{\"@type\":\"SearchAction\",\"target\":{\"@type\":\"EntryPoint\",\"urlTemplate\":\"https:\\\/\\\/all4camper.com\\\/cs\\\/?s={search_term_string}\"},\"query-input\":{\"@type\":\"PropertyValueSpecification\",\"valueRequired\":true,\"valueName\":\"search_term_string\"}}],\"inLanguage\":\"cs\"},{\"@type\":\"Organization\",\"@id\":\"https:\\\/\\\/all4camper.com\\\/cs\\\/#organization\",\"name\":\"All4Camper - kempujeme s Kl\u00e1rou\",\"url\":\"https:\\\/\\\/all4camper.com\\\/cs\\\/\",\"logo\":{\"@type\":\"ImageObject\",\"inLanguage\":\"cs\",\"@id\":\"https:\\\/\\\/all4camper.com\\\/cs\\\/#\\\/schema\\\/logo\\\/image\\\/\",\"url\":\"https:\\\/\\\/all4camper.com\\\/wp-content\\\/uploads\\\/2018\\\/09\\\/novelogo.png\",\"contentUrl\":\"https:\\\/\\\/all4camper.com\\\/wp-content\\\/uploads\\\/2018\\\/09\\\/novelogo.png\",\"width\":1520,\"height\":600,\"caption\":\"All4Camper - kempujeme s Kl\u00e1rou\"},\"image\":{\"@id\":\"https:\\\/\\\/all4camper.com\\\/cs\\\/#\\\/schema\\\/logo\\\/image\\\/\"}},{\"@type\":\"Person\",\"@id\":\"https:\\\/\\\/all4camper.com\\\/cs\\\/#\\\/schema\\\/person\\\/9349489688d4c221ca0fc39ae6bcb70b\",\"name\":\"Kate\u0159ina\",\"url\":\"https:\\\/\\\/all4camper.com\\\/cs\\\/author\\\/kterina\\\/\"}]}<\/script>\n<!-- \/ Yoast SEO plugin. -->","yoast_head_json":{"title":"Jak\u00fd materi\u00e1l zvolit do na\u0161\u00ed cestovatelsk\u00e9 kuchyn\u011b - All4Camper","description":"All4Camper - Jak\u00fd materi\u00e1l zvolit do na\u0161\u00ed cestovatelsk\u00e9 kuchyn\u011b","robots":{"index":"index","follow":"follow","max-snippet":"max-snippet:-1","max-image-preview":"max-image-preview:large","max-video-preview":"max-video-preview:-1"},"canonical":"https:\/\/all4camper.com\/cs\/jaky-material-zvolit-do-nasi-cestovatelske-kuchyne\/","og_locale":"cs_CZ","og_type":"article","og_title":"Jak\u00fd materi\u00e1l zvolit do na\u0161\u00ed cestovatelsk\u00e9 kuchyn\u011b - All4Camper","og_description":"All4Camper - Jak\u00fd materi\u00e1l zvolit do na\u0161\u00ed cestovatelsk\u00e9 kuchyn\u011b","og_url":"https:\/\/all4camper.com\/cs\/jaky-material-zvolit-do-nasi-cestovatelske-kuchyne\/","og_site_name":"All4Camper","article_published_time":"2019-06-28T09:14:06+00:00","article_modified_time":"2019-09-18T08:13:52+00:00","og_image":[{"width":1280,"height":853,"url":"https:\/\/all4camper.com\/wp-content\/uploads\/2019\/06\/ohdengtang-1285491_1280.jpg","type":"image\/jpeg"}],"author":"Kate\u0159ina","twitter_card":"summary_large_image","twitter_misc":{"Napsal(a)":"Kate\u0159ina","Odhadovan\u00e1 doba \u010dten\u00ed":"5 minut"},"schema":{"@context":"https:\/\/schema.org","@graph":[{"@type":"Article","@id":"https:\/\/all4camper.com\/cs\/jaky-material-zvolit-do-nasi-cestovatelske-kuchyne\/#article","isPartOf":{"@id":"https:\/\/all4camper.com\/cs\/jaky-material-zvolit-do-nasi-cestovatelske-kuchyne\/"},"author":{"name":"Kate\u0159ina","@id":"https:\/\/all4camper.com\/cs\/#\/schema\/person\/9349489688d4c221ca0fc39ae6bcb70b"},"headline":"Jak\u00fd materi\u00e1l zvolit do na\u0161\u00ed cestovatelsk\u00e9 kuchyn\u011b","datePublished":"2019-06-28T09:14:06+00:00","dateModified":"2019-09-18T08:13:52+00:00","mainEntityOfPage":{"@id":"https:\/\/all4camper.com\/cs\/jaky-material-zvolit-do-nasi-cestovatelske-kuchyne\/"},"wordCount":996,"publisher":{"@id":"https:\/\/all4camper.com\/cs\/#organization"},"image":{"@id":"https:\/\/all4camper.com\/cs\/jaky-material-zvolit-do-nasi-cestovatelske-kuchyne\/#primaryimage"},"thumbnailUrl":"https:\/\/all4camper.com\/wp-content\/uploads\/2019\/06\/ohdengtang-1285491_1280.jpg","articleSection":["\u010cten\u00ed na cesty","Novinky - Kempov\u00e1n\u00ed a karavaning"],"inLanguage":"cs"},{"@type":"WebPage","@id":"https:\/\/all4camper.com\/cs\/jaky-material-zvolit-do-nasi-cestovatelske-kuchyne\/","url":"https:\/\/all4camper.com\/cs\/jaky-material-zvolit-do-nasi-cestovatelske-kuchyne\/","name":"Jak\u00fd materi\u00e1l zvolit do na\u0161\u00ed cestovatelsk\u00e9 kuchyn\u011b - All4Camper","isPartOf":{"@id":"https:\/\/all4camper.com\/cs\/#website"},"primaryImageOfPage":{"@id":"https:\/\/all4camper.com\/cs\/jaky-material-zvolit-do-nasi-cestovatelske-kuchyne\/#primaryimage"},"image":{"@id":"https:\/\/all4camper.com\/cs\/jaky-material-zvolit-do-nasi-cestovatelske-kuchyne\/#primaryimage"},"thumbnailUrl":"https:\/\/all4camper.com\/wp-content\/uploads\/2019\/06\/ohdengtang-1285491_1280.jpg","datePublished":"2019-06-28T09:14:06+00:00","dateModified":"2019-09-18T08:13:52+00:00","description":"All4Camper - Jak\u00fd materi\u00e1l zvolit do na\u0161\u00ed cestovatelsk\u00e9 kuchyn\u011b","breadcrumb":{"@id":"https:\/\/all4camper.com\/cs\/jaky-material-zvolit-do-nasi-cestovatelske-kuchyne\/#breadcrumb"},"inLanguage":"cs","potentialAction":[{"@type":"ReadAction","target":["https:\/\/all4camper.com\/cs\/jaky-material-zvolit-do-nasi-cestovatelske-kuchyne\/"]}]},{"@type":"ImageObject","inLanguage":"cs","@id":"https:\/\/all4camper.com\/cs\/jaky-material-zvolit-do-nasi-cestovatelske-kuchyne\/#primaryimage","url":"https:\/\/all4camper.com\/wp-content\/uploads\/2019\/06\/ohdengtang-1285491_1280.jpg","contentUrl":"https:\/\/all4camper.com\/wp-content\/uploads\/2019\/06\/ohdengtang-1285491_1280.jpg","width":1280,"height":853},{"@type":"BreadcrumbList","@id":"https:\/\/all4camper.com\/cs\/jaky-material-zvolit-do-nasi-cestovatelske-kuchyne\/#breadcrumb","itemListElement":[{"@type":"ListItem","position":1,"name":"Dom\u016f","item":"https:\/\/all4camper.com\/cs\/"},{"@type":"ListItem","position":2,"name":"\u010cten\u00ed na cesty","item":"https:\/\/all4camper.com\/cs\/category\/magazin_all4camper\/"},{"@type":"ListItem","position":3,"name":"Jak\u00fd materi\u00e1l zvolit do na\u0161\u00ed cestovatelsk\u00e9 kuchyn\u011b"}]},{"@type":"WebSite","@id":"https:\/\/all4camper.com\/cs\/#website","url":"https:\/\/all4camper.com\/cs\/","name":"All4Camper","description":"Nejv\u011bt\u0161\u00ed online magaz\u00edn o kempov\u00e1n\u00ed a karavaninku. V\u00edce jak 900 \u010dl\u00e1nk\u016f pln\u00fdch rad a tip\u016f o kempech a kempov\u00e1n\u00ed.","publisher":{"@id":"https:\/\/all4camper.com\/cs\/#organization"},"potentialAction":[{"@type":"SearchAction","target":{"@type":"EntryPoint","urlTemplate":"https:\/\/all4camper.com\/cs\/?s={search_term_string}"},"query-input":{"@type":"PropertyValueSpecification","valueRequired":true,"valueName":"search_term_string"}}],"inLanguage":"cs"},{"@type":"Organization","@id":"https:\/\/all4camper.com\/cs\/#organization","name":"All4Camper - kempujeme s Kl\u00e1rou","url":"https:\/\/all4camper.com\/cs\/","logo":{"@type":"ImageObject","inLanguage":"cs","@id":"https:\/\/all4camper.com\/cs\/#\/schema\/logo\/image\/","url":"https:\/\/all4camper.com\/wp-content\/uploads\/2018\/09\/novelogo.png","contentUrl":"https:\/\/all4camper.com\/wp-content\/uploads\/2018\/09\/novelogo.png","width":1520,"height":600,"caption":"All4Camper - kempujeme s Kl\u00e1rou"},"image":{"@id":"https:\/\/all4camper.com\/cs\/#\/schema\/logo\/image\/"}},{"@type":"Person","@id":"https:\/\/all4camper.com\/cs\/#\/schema\/person\/9349489688d4c221ca0fc39ae6bcb70b","name":"Kate\u0159ina","url":"https:\/\/all4camper.com\/cs\/author\/kterina\/"}]}},"_links":{"self":[{"href":"https:\/\/all4camper.com\/cs\/wp-json\/wp\/v2\/posts\/79295","targetHints":{"allow":["GET"]}}],"collection":[{"href":"https:\/\/all4camper.com\/cs\/wp-json\/wp\/v2\/posts"}],"about":[{"href":"https:\/\/all4camper.com\/cs\/wp-json\/wp\/v2\/types\/post"}],"author":[{"embeddable":true,"href":"https:\/\/all4camper.com\/cs\/wp-json\/wp\/v2\/users\/161"}],"replies":[{"embeddable":true,"href":"https:\/\/all4camper.com\/cs\/wp-json\/wp\/v2\/comments?post=79295"}],"version-history":[{"count":0,"href":"https:\/\/all4camper.com\/cs\/wp-json\/wp\/v2\/posts\/79295\/revisions"}],"wp:featuredmedia":[{"embeddable":true,"href":"https:\/\/all4camper.com\/cs\/wp-json\/wp\/v2\/media\/79296"}],"wp:attachment":[{"href":"https:\/\/all4camper.com\/cs\/wp-json\/wp\/v2\/media?parent=79295"}],"wp:term":[{"taxonomy":"category","embeddable":true,"href":"https:\/\/all4camper.com\/cs\/wp-json\/wp\/v2\/categories?post=79295"},{"taxonomy":"post_tag","embeddable":true,"href":"https:\/\/all4camper.com\/cs\/wp-json\/wp\/v2\/tags?post=79295"}],"curies":[{"name":"wp","href":"https:\/\/api.w.org\/{rel}","templated":true}]}}