{"id":77709,"date":"2019-06-18T12:00:05","date_gmt":"2019-06-18T10:00:05","guid":{"rendered":"https:\/\/all4camper.com\/\/?p=77709"},"modified":"2020-04-21T14:46:09","modified_gmt":"2020-04-21T12:46:09","slug":"luxusni-kempovaci-dovolena-na-ostrove-pag-kemp-strasko","status":"publish","type":"post","link":"https:\/\/all4camper.com\/cs\/luxusni-kempovaci-dovolena-na-ostrove-pag-kemp-strasko\/","title":{"rendered":"Luxusn\u00ed kempovac\u00ed dovolen\u00e1 na ostrov\u011b Pag &#8211; kemp Stra\u0161ko"},"content":{"rendered":"<p>Asi nen\u00ed t\u0159eba dlouze vykl\u00e1dat, \u017ee kempov\u00e1n\u00ed a luxus nen\u00ed \u017e\u00e1dn\u00fd protimluv. My v\u0161ichni, kte\u0159\u00ed jsme tomuto trendu propadli, v\u00edme, \u017ee all inclusive hotel t\u0159eba v Egypt\u011b nesah\u00e1 vybaven\u00ed kemp\u016f po Evrop\u011b mnohdy ani po paty. A jedn\u00edm z nich je nap\u0159\u00edklad kemp Sta\u0161ko.<\/p>\n<figure id=\"attachment_77710\" aria-describedby=\"caption-attachment-77710\" style=\"width: 850px\" class=\"wp-caption alignnone\"><img loading=\"lazy\" decoding=\"async\" class=\"wp-image-77710 size-full\" src=\"https:\/\/all4camper.com\/\/wp-content\/uploads\/2019\/06\/kemp-Stra\u0161ko-e1560770068576.jpg\" alt=\"\" width=\"850\" height=\"478\" srcset=\"https:\/\/all4camper.com\/wp-content\/uploads\/2019\/06\/kemp-Stra\u0161ko-e1560770068576.jpg 850w, https:\/\/all4camper.com\/wp-content\/uploads\/2019\/06\/kemp-Stra\u0161ko-e1560770068576-300x169.jpg 300w, https:\/\/all4camper.com\/wp-content\/uploads\/2019\/06\/kemp-Stra\u0161ko-e1560770068576-150x84.jpg 150w, https:\/\/all4camper.com\/wp-content\/uploads\/2019\/06\/kemp-Stra\u0161ko-e1560770068576-768x432.jpg 768w, https:\/\/all4camper.com\/wp-content\/uploads\/2019\/06\/kemp-Stra\u0161ko-e1560770068576-678x381.jpg 678w\" sizes=\"auto, (max-width: 850px) 100vw, 850px\" \/><figcaption id=\"caption-attachment-77710\" class=\"wp-caption-text\">Zdroj: Camping Stra\u0161ko<\/figcaption><\/figure>\n<h3><strong>Kemp Stra\u0161ko se p\u0159edstavuje<\/strong><\/h3>\n<p>Kemp Stra\u0161ko se py\u0161n\u00ed t\u00edm, \u017ee pat\u0159\u00ed mezi <strong>nejv\u011bt\u0161\u00ed, nejlep\u0161\u00ed a nejpopul\u00e1rn\u011bj\u0161\u00ed kempy v&nbsp;Chorvatsku.<\/strong> Najdete ho na z\u00e1padn\u00edm pob\u0159e\u017e\u00ed ostrova Pag, asi 2 kilometry od m\u011bsta Novalja. T\u0159eba z Prahy je to n\u011bco m\u00e1lo p\u0159es 900 kilometr\u016f. Na ostrov se pak dostanete nejl\u00e9pe trajektem, nebo v ji\u017en\u00ed \u010d\u00e1sti po most\u011b (Pa\u0161ki most), ale je to, pokud jedete z \u010cR, celkem zaj\u00ed\u017e\u010fka a zbyte\u010dn\u00e9 zdr\u017een\u00ed. Trajekt se plav\u00ed okolo 15 minut a jsou z n\u011bj kr\u00e1sn\u00e9 v\u00fdhledy.<\/p>\n<p><strong>Co v\u0161echno tam najdete<\/strong><\/p>\n<p>Asi by bylo jednodu\u0161\u0161\u00ed rozeb\u00edrat to, co tam nen\u00ed. Kemp je vybaven bezvadn\u011b. V\u0161e je \u010dist\u00e9, p\u0159ehledn\u00e9, samoz\u0159ejmost\u00ed je i mo\u017enost ve\u0161ker\u00e9ho servisu spojen\u00e9ho s p\u00e9\u010di o obyt\u0148\u00e1k. Na mnoha m\u00edstech, p\u011bkn\u011b \u0161ikovn\u011b. V um\u00fdv\u00e1rn\u00e1ch si budete tak trochu p\u0159ipadat jako v mnohahv\u011bzdi\u010dkov\u00e9m hotelu.<\/p>\n<p>Samotn\u00fd are\u00e1l se d\u011bl\u00ed do n\u011bkolika \u010d\u00e1st\u00ed. Krom\u011b kepov\u00fdch st\u00e1n\u00ed tu najdete i r\u016fzn\u011b velk\u00e9 mobilehomes. Za zm\u00ednku stoj\u00ed i mo\u017enost luxusn\u00edho kempov\u00e1n\u00ed, tedy glampingu, kter\u00e9 zde v\u00e1\u017en\u011b dot\u00e1hli k dokonalosti. Bohu\u017eel tomu odpov\u00edd\u00e1 i cena&#8230; Ale ur\u010dit\u011b to jd\u011bte omrknout, tak trochu to sv\u00e1d\u00ed alespo\u0148 jednu noc vyzkou\u0161et.<\/p>\n<figure id=\"attachment_77713\" aria-describedby=\"caption-attachment-77713\" style=\"width: 850px\" class=\"wp-caption alignnone\"><img loading=\"lazy\" decoding=\"async\" class=\"wp-image-77713 size-full\" src=\"https:\/\/all4camper.com\/\/wp-content\/uploads\/2019\/06\/IMG_0142-e1560770291853.jpg\" alt=\"\" width=\"850\" height=\"567\" srcset=\"https:\/\/all4camper.com\/wp-content\/uploads\/2019\/06\/IMG_0142-e1560770291853.jpg 850w, https:\/\/all4camper.com\/wp-content\/uploads\/2019\/06\/IMG_0142-e1560770291853-300x200.jpg 300w, https:\/\/all4camper.com\/wp-content\/uploads\/2019\/06\/IMG_0142-e1560770291853-150x100.jpg 150w, https:\/\/all4camper.com\/wp-content\/uploads\/2019\/06\/IMG_0142-e1560770291853-768x512.jpg 768w\" sizes=\"auto, (max-width: 850px) 100vw, 850px\" \/><figcaption id=\"caption-attachment-77713\" class=\"wp-caption-text\">Zdroj: Camping Stra\u0161ko<\/figcaption><\/figure>\n<p>A jak je to s cenou ubytov\u00e1n\u00ed?<\/p>\n<p>Jednotliv\u00e9 sekce kempu jsou, jak u\u017e to b\u00fdv\u00e1, odli\u0161en\u00e9 podle vzd\u00e1lenosti od mo\u0159e i velikosti kempov\u00e9ho st\u00e1tn\u00ed.<strong> Z vlastn\u00ed zku\u0161enosti velmi doporu\u010duji m\u00edsto si zarezervovat p\u0159edem.<\/strong> Nemysl\u00edm si sice, \u017ee by na t\u011bchto 57 hektarech do\u0161lo k tomu, \u017ee nebudete m\u00edt kde slo\u017eit hlavu, sp\u00ed\u0161 v\u00e1m ale pak m\u016f\u017ee vadit, \u017ee se k mo\u0159i docela projdete. Kontakt najdete na konci tohoto p\u0159\u00edsp\u011bvku. Domluv\u00edte se zde v pohod\u011b anglicky, ale p\u0159i tro\u0161e kreativity i \u010desky.<\/p>\n<figure id=\"attachment_77716\" aria-describedby=\"caption-attachment-77716\" style=\"width: 850px\" class=\"wp-caption alignnone\"><img loading=\"lazy\" decoding=\"async\" class=\"wp-image-77716 size-full\" src=\"https:\/\/all4camper.com\/\/wp-content\/uploads\/2019\/06\/IMG_0720-e1560770588138.jpg\" alt=\"\" width=\"850\" height=\"469\" srcset=\"https:\/\/all4camper.com\/wp-content\/uploads\/2019\/06\/IMG_0720-e1560770588138.jpg 850w, https:\/\/all4camper.com\/wp-content\/uploads\/2019\/06\/IMG_0720-e1560770588138-300x166.jpg 300w, https:\/\/all4camper.com\/wp-content\/uploads\/2019\/06\/IMG_0720-e1560770588138-150x83.jpg 150w, https:\/\/all4camper.com\/wp-content\/uploads\/2019\/06\/IMG_0720-e1560770588138-768x424.jpg 768w\" sizes=\"auto, (max-width: 850px) 100vw, 850px\" \/><figcaption id=\"caption-attachment-77716\" class=\"wp-caption-text\">Zdroj: Camping Stra\u0161ko<\/figcaption><\/figure>\n<p>Bezvadn\u011b funguj\u00ed i p\u0159es facebook a b\u011bhem v\u0161ech n\u00e1v\u0161t\u011bv jsem m\u011bla \u0161t\u011bst\u00ed na vst\u0159\u00edcn\u00fd person\u00e1l. Recepce je pak otev\u0159en\u00e1 24 hodin denn\u011b. V neposledn\u00ed \u0159ade je nutn\u00e9 zm\u00ednit, \u017ee <strong>\u010d\u00e1st kempu je nudistick\u00e1<\/strong>, ale nemus\u00edte m\u00edt strach, ob\u011b \u010d\u00e1sti jsou odd\u011blen\u00e9 velmi pe\u010dliv\u011b. Na druhou stranu milovn\u00edci nudismu si tu budou p\u0159ipadat jako v r\u00e1ji, proto\u017ee i ve sv\u00e9 \u010d\u00e1sti maj\u00ed snad \u00fapln\u011b v\u0161e, co\u017e neb\u00fdv\u00e1 zvykem.<\/p>\n<p><img loading=\"lazy\" decoding=\"async\" class=\"alignnone size-full wp-image-77729\" src=\"https:\/\/all4camper.com\/\/wp-content\/uploads\/2019\/06\/DJI_0755.jpg\" alt=\"\" width=\"850\" height=\"567\" srcset=\"https:\/\/all4camper.com\/wp-content\/uploads\/2019\/06\/DJI_0755.jpg 850w, https:\/\/all4camper.com\/wp-content\/uploads\/2019\/06\/DJI_0755-300x200.jpg 300w, https:\/\/all4camper.com\/wp-content\/uploads\/2019\/06\/DJI_0755-150x100.jpg 150w, https:\/\/all4camper.com\/wp-content\/uploads\/2019\/06\/DJI_0755-768x512.jpg 768w\" sizes=\"auto, (max-width: 850px) 100vw, 850px\" \/><\/p>\n<p><strong>M\u011bsto v kempu<\/strong><\/p>\n<p>Kdy\u017e to hodn\u011b p\u0159e\u017eenu, kemp nemus\u00edte t\u0159eba t\u0159i t\u00fddny v\u016fbec opustit, je tu n\u011bkolik prodejen potravin a v\u0161ech z\u00e1kladn\u00edch pot\u0159eb, pek\u00e1rna, zelin\u00e1\u0159, ryb\u00e1rna, trafika kosmetika i kr\u00e1mky se suven\u00fdry. P\u0159\u00edmo v&nbsp;kempu je pak hned n\u011bkolik restaurac\u00ed \u2013 jedna z&nbsp;nich se dokonce py\u0161n\u00ed nelep\u0161\u00ed pizzou na ostrov\u011b, ov\u0161em nutno dodat, \u017ee ostrov je obydlen pom\u011brn\u011b \u0159\u00eddce. Ale to jen tak pro odleh\u010den\u00ed. M\u011bla jsem pizzu s&nbsp;pr\u0161utem a byla skv\u011bl\u00e1. Najdete tu i n\u011bkolik bar\u016f (i pl\u00e1\u017eov\u00fdch), ov\u0161em p\u0159ece jen doporu\u010dujeme, bydlet od nich trochu d\u00e1l, obzvl\u00e1\u0161\u0165, pokud chod\u00edte \u201esp\u00e1t se slepicemi\u201c.<\/p>\n<figure id=\"attachment_77719\" aria-describedby=\"caption-attachment-77719\" style=\"width: 850px\" class=\"wp-caption alignnone\"><img loading=\"lazy\" decoding=\"async\" class=\"wp-image-77719 size-full\" src=\"https:\/\/all4camper.com\/\/wp-content\/uploads\/2019\/06\/IMG_8229.jpg\" alt=\"\" width=\"850\" height=\"567\" srcset=\"https:\/\/all4camper.com\/wp-content\/uploads\/2019\/06\/IMG_8229.jpg 850w, https:\/\/all4camper.com\/wp-content\/uploads\/2019\/06\/IMG_8229-300x200.jpg 300w, https:\/\/all4camper.com\/wp-content\/uploads\/2019\/06\/IMG_8229-150x100.jpg 150w, https:\/\/all4camper.com\/wp-content\/uploads\/2019\/06\/IMG_8229-768x512.jpg 768w\" sizes=\"auto, (max-width: 850px) 100vw, 850px\" \/><figcaption id=\"caption-attachment-77719\" class=\"wp-caption-text\">Zdroj: Camping Stra\u0161ko<\/figcaption><\/figure>\n<p>Obl\u00e1zkov\u00e1 pl\u00e1\u017e u kempu m\u00e1 okolo dvou kilometr\u016f, tak\u017ee m\u00edsto tu najdete, jen ta ve st\u00ednu strom\u016f b\u00fdvaj\u00ed obsazena dost rychle a za leh\u00e1tka a slune\u010dn\u00edky se plat\u00ed, je tedy lep\u0161\u00ed m\u00edt vlastn\u00ed vybaven\u00ed. Vstup do vody je pozvoln\u00fd a modrou vlajku tato pl\u00e1\u017e nez\u00edskala jen tak! Uvid\u00edte sami.<\/p>\n<p>Jsou tu pak i men\u0161\u00ed a moc p\u011bkn\u00e9 baz\u00e9ny. Ty si nejv\u00edce u\u017eijete r\u00e1no a nave\u010der, kdy je voln\u011bji. Dosp\u011bl\u00ed ocen\u00ed skv\u011bl\u00e9 sportovn\u00ed a wellness z\u00e1zem\u00ed, pro d\u011bti je tu pak speci\u00e1ln\u00ed celodenn\u00ed klub i herny a pro ob\u011b skupiny pak pravideln\u00e9 anima\u010dn\u00ed programy. O to, abyste se nenudili, je postar\u00e1no vydatn\u011b, ale kdy\u017e d\u00e1te najevo, \u017ee nem\u00e1te o nic z\u00e1jem, budete m\u00edt klid. Nicm\u00e9n\u011b zdej\u0161\u00ed anima\u010dn\u00ed t\u00fdm um\u00ed b\u00fdt dost p\u0159esv\u011bd\u010div\u00fd&#8230; A \u201evyblbnete se\u201c, to je fakt.<\/p>\n<figure id=\"attachment_77722\" aria-describedby=\"caption-attachment-77722\" style=\"width: 850px\" class=\"wp-caption aligncenter\"><img loading=\"lazy\" decoding=\"async\" class=\"wp-image-77722 size-full\" src=\"https:\/\/all4camper.com\/\/wp-content\/uploads\/2019\/06\/kemp-Stra\u0161ko-2.jpg\" alt=\"\" width=\"850\" height=\"510\" srcset=\"https:\/\/all4camper.com\/wp-content\/uploads\/2019\/06\/kemp-Stra\u0161ko-2.jpg 850w, https:\/\/all4camper.com\/wp-content\/uploads\/2019\/06\/kemp-Stra\u0161ko-2-300x180.jpg 300w, https:\/\/all4camper.com\/wp-content\/uploads\/2019\/06\/kemp-Stra\u0161ko-2-150x90.jpg 150w, https:\/\/all4camper.com\/wp-content\/uploads\/2019\/06\/kemp-Stra\u0161ko-2-768x461.jpg 768w\" sizes=\"auto, (max-width: 850px) 100vw, 850px\" \/><figcaption id=\"caption-attachment-77722\" class=\"wp-caption-text\">Zdroj: Camping Stra\u0161ko<\/figcaption><\/figure>\n<p><strong>Mal\u00e9 shrnut\u00ed na z\u00e1v\u011br<\/strong><\/p>\n<p>Tenhle kemp je tak specifick\u00fd, \u017ee si neodpust\u00edm jedno doporu\u010den\u00ed na z\u00e1v\u011br. Pokud chcete opravdu klid a kempov\u00e1n\u00ed pro v\u00e1s znamen\u00e1 p\u0159edev\u0161\u00edm svobodu, a\u0165 u\u017e si pod t\u00edm p\u0159edstav\u00edte cokoli, a tak\u00e9 objevov\u00e1n\u00ed, p\u00e1tr\u00e1n\u00ed a zkoum\u00e1n\u00ed, asi to nebude nic pro v\u00e1s. Na druhou stranu, pokud sice r\u00e1di cestujete \u201ese sv\u00fdm n\u00e1hradn\u00edm domovem\u201c, ale nem\u00e1te u\u017e d\u00e1l chu\u0165 nic \u0159e\u0161it, hledat a vym\u00fd\u0161let, bezesporu budete nad\u0161en\u00ed a neskon\u010d\u00ed to u jedn\u00e9 dovolen\u00e9. Zkr\u00e1tka kemp se v\u0161emi v\u00fdhodami hotelov\u00e9ho rezortu, plus i t\u0159eba ten pobyt v p\u0159\u00edrod\u011b nav\u00edc. Pro mal\u00e9 d\u011bti je to super, nuda jim tady v\u00e1\u017en\u011b nehroz\u00ed.<\/p>\n<figure id=\"attachment_77725\" aria-describedby=\"caption-attachment-77725\" style=\"width: 850px\" class=\"wp-caption aligncenter\"><img loading=\"lazy\" decoding=\"async\" class=\"wp-image-77725 size-full\" src=\"https:\/\/all4camper.com\/\/wp-content\/uploads\/2019\/06\/kemp-stra\u0161ko-3.jpg\" alt=\"\" width=\"850\" height=\"520\" srcset=\"https:\/\/all4camper.com\/wp-content\/uploads\/2019\/06\/kemp-stra\u0161ko-3.jpg 850w, https:\/\/all4camper.com\/wp-content\/uploads\/2019\/06\/kemp-stra\u0161ko-3-300x184.jpg 300w, https:\/\/all4camper.com\/wp-content\/uploads\/2019\/06\/kemp-stra\u0161ko-3-150x92.jpg 150w, https:\/\/all4camper.com\/wp-content\/uploads\/2019\/06\/kemp-stra\u0161ko-3-768x470.jpg 768w\" sizes=\"auto, (max-width: 850px) 100vw, 850px\" \/><figcaption id=\"caption-attachment-77725\" class=\"wp-caption-text\">Zdroj: Camping Stra\u0161ko<\/figcaption><\/figure>\n<p><a href=\"http:\/\/www.campingstrasko.com\" target=\"_blank\" rel=\"noopener noreferrer\">www.campingstrasko.com,&nbsp;<\/a><a href=\"https:\/\/goo.gl\/maps\/mGrqBqURdjx21RB66\" target=\"_blank\" rel=\"noopener noreferrer\">Zobrazit na map\u011b<\/a><\/p>\n","protected":false},"excerpt":{"rendered":"<p>Asi nen\u00ed t\u0159eba dlouze vykl\u00e1dat, \u017ee kempov\u00e1n\u00ed a luxus nen\u00ed \u017e\u00e1dn\u00fd protimluv. My v\u0161ichni, kte\u0159\u00ed jsme tomuto trendu propadli, v\u00edme, \u017ee all inclusive hotel t\u0159eba v Egypt\u011b nesah\u00e1 vybaven\u00ed kemp\u016f po Evrop\u011b mnohdy ani po paty. A jedn\u00edm z nich je nap\u0159\u00edklad kemp Sta\u0161ko. Kemp Stra\u0161ko se p\u0159edstavuje Kemp Stra\u0161ko se py\u0161n\u00ed t\u00edm, \u017ee pat\u0159\u00ed [&hellip;]<\/p>\n","protected":false},"author":4,"featured_media":77719,"comment_status":"closed","ping_status":"open","sticky":false,"template":"","format":"standard","meta":{"_monsterinsights_skip_tracking":false,"_monsterinsights_sitenote_active":false,"_monsterinsights_sitenote_note":"","_monsterinsights_sitenote_category":0,"footnotes":""},"categories":[2382,68],"tags":[112,101],"class_list":{"0":"post-77709","1":"post","2":"type-post","3":"status-publish","4":"format-standard","5":"has-post-thumbnail","7":"category-kempovani-a-cestovani-v-chorvatsku","8":"category-kempovani-a-zajimave-cile","9":"tag-chorvatsko","10":"tag-kempy-1"},"yoast_head":"<!-- This site is optimized with the Yoast SEO plugin v27.5 - https:\/\/yoast.com\/product\/yoast-seo-wordpress\/ -->\n<title>Luxusn\u00ed kempovac\u00ed dovolen\u00e1 na ostrov\u011b Pag \u2013 kemp Stra\u0161ko<\/title>\n<meta name=\"description\" content=\"All4Camper - Luxusn\u00ed kempovac\u00ed dovolen\u00e1 na ostrov\u011b Pag - kemp Stra\u0161ko\" \/>\n<meta name=\"robots\" content=\"index, follow, max-snippet:-1, max-image-preview:large, max-video-preview:-1\" \/>\n<link rel=\"canonical\" href=\"https:\/\/all4camper.com\/cs\/luxusni-kempovaci-dovolena-na-ostrove-pag-kemp-strasko\/\" \/>\n<meta property=\"og:locale\" content=\"cs_CZ\" \/>\n<meta property=\"og:type\" content=\"article\" \/>\n<meta property=\"og:title\" content=\"Luxusn\u00ed kempovac\u00ed dovolen\u00e1 na ostrov\u011b Pag \u2013 kemp Stra\u0161ko\" \/>\n<meta property=\"og:description\" content=\"All4Camper - Luxusn\u00ed kempovac\u00ed dovolen\u00e1 na ostrov\u011b Pag - kemp Stra\u0161ko\" \/>\n<meta property=\"og:url\" content=\"https:\/\/all4camper.com\/cs\/luxusni-kempovaci-dovolena-na-ostrove-pag-kemp-strasko\/\" \/>\n<meta property=\"og:site_name\" content=\"All4Camper\" \/>\n<meta property=\"article:published_time\" content=\"2019-06-18T10:00:05+00:00\" \/>\n<meta property=\"article:modified_time\" content=\"2020-04-21T12:46:09+00:00\" \/>\n<meta property=\"og:image\" content=\"https:\/\/all4camper.com\/wp-content\/uploads\/2019\/06\/IMG_8229.jpg\" \/>\n\t<meta property=\"og:image:width\" content=\"850\" \/>\n\t<meta property=\"og:image:height\" content=\"567\" \/>\n\t<meta property=\"og:image:type\" content=\"image\/jpeg\" \/>\n<meta name=\"author\" content=\"Kl\u00e1ra H\u00e1jkov\u00e1\" \/>\n<meta name=\"twitter:card\" content=\"summary_large_image\" \/>\n<meta name=\"twitter:label1\" content=\"Napsal(a)\" \/>\n\t<meta name=\"twitter:data1\" content=\"Kl\u00e1ra H\u00e1jkov\u00e1\" \/>\n\t<meta name=\"twitter:label2\" content=\"Odhadovan\u00e1 doba \u010dten\u00ed\" \/>\n\t<meta name=\"twitter:data2\" content=\"5 minut\" \/>\n<script type=\"application\/ld+json\" class=\"yoast-schema-graph\">{\"@context\":\"https:\\\/\\\/schema.org\",\"@graph\":[{\"@type\":\"Article\",\"@id\":\"https:\\\/\\\/all4camper.com\\\/cs\\\/luxusni-kempovaci-dovolena-na-ostrove-pag-kemp-strasko\\\/#article\",\"isPartOf\":{\"@id\":\"https:\\\/\\\/all4camper.com\\\/cs\\\/luxusni-kempovaci-dovolena-na-ostrove-pag-kemp-strasko\\\/\"},\"author\":{\"name\":\"Kl\u00e1ra H\u00e1jkov\u00e1\",\"@id\":\"https:\\\/\\\/all4camper.com\\\/cs\\\/#\\\/schema\\\/person\\\/c6f1efdf1d02bc7d8c53a891cbe18c62\"},\"headline\":\"Luxusn\u00ed kempovac\u00ed dovolen\u00e1 na ostrov\u011b Pag &#8211; kemp Stra\u0161ko\",\"datePublished\":\"2019-06-18T10:00:05+00:00\",\"dateModified\":\"2020-04-21T12:46:09+00:00\",\"mainEntityOfPage\":{\"@id\":\"https:\\\/\\\/all4camper.com\\\/cs\\\/luxusni-kempovaci-dovolena-na-ostrove-pag-kemp-strasko\\\/\"},\"wordCount\":1001,\"publisher\":{\"@id\":\"https:\\\/\\\/all4camper.com\\\/cs\\\/#organization\"},\"image\":{\"@id\":\"https:\\\/\\\/all4camper.com\\\/cs\\\/luxusni-kempovaci-dovolena-na-ostrove-pag-kemp-strasko\\\/#primaryimage\"},\"thumbnailUrl\":\"https:\\\/\\\/all4camper.com\\\/wp-content\\\/uploads\\\/2019\\\/06\\\/IMG_8229.jpg\",\"keywords\":[\"Chorvatsko\",\"Kempy a kempovac\u00ed m\u00edsta\"],\"articleSection\":[\"Kempov\u00e1n\u00ed a cestov\u00e1n\u00ed v Chorvatsku\",\"Kempy a zaj\u00edmav\u00e1 m\u00edsta\"],\"inLanguage\":\"cs\"},{\"@type\":\"WebPage\",\"@id\":\"https:\\\/\\\/all4camper.com\\\/cs\\\/luxusni-kempovaci-dovolena-na-ostrove-pag-kemp-strasko\\\/\",\"url\":\"https:\\\/\\\/all4camper.com\\\/cs\\\/luxusni-kempovaci-dovolena-na-ostrove-pag-kemp-strasko\\\/\",\"name\":\"Luxusn\u00ed kempovac\u00ed dovolen\u00e1 na ostrov\u011b Pag \u2013 kemp Stra\u0161ko\",\"isPartOf\":{\"@id\":\"https:\\\/\\\/all4camper.com\\\/cs\\\/#website\"},\"primaryImageOfPage\":{\"@id\":\"https:\\\/\\\/all4camper.com\\\/cs\\\/luxusni-kempovaci-dovolena-na-ostrove-pag-kemp-strasko\\\/#primaryimage\"},\"image\":{\"@id\":\"https:\\\/\\\/all4camper.com\\\/cs\\\/luxusni-kempovaci-dovolena-na-ostrove-pag-kemp-strasko\\\/#primaryimage\"},\"thumbnailUrl\":\"https:\\\/\\\/all4camper.com\\\/wp-content\\\/uploads\\\/2019\\\/06\\\/IMG_8229.jpg\",\"datePublished\":\"2019-06-18T10:00:05+00:00\",\"dateModified\":\"2020-04-21T12:46:09+00:00\",\"description\":\"All4Camper - Luxusn\u00ed kempovac\u00ed dovolen\u00e1 na ostrov\u011b Pag - kemp Stra\u0161ko\",\"breadcrumb\":{\"@id\":\"https:\\\/\\\/all4camper.com\\\/cs\\\/luxusni-kempovaci-dovolena-na-ostrove-pag-kemp-strasko\\\/#breadcrumb\"},\"inLanguage\":\"cs\",\"potentialAction\":[{\"@type\":\"ReadAction\",\"target\":[\"https:\\\/\\\/all4camper.com\\\/cs\\\/luxusni-kempovaci-dovolena-na-ostrove-pag-kemp-strasko\\\/\"]}]},{\"@type\":\"ImageObject\",\"inLanguage\":\"cs\",\"@id\":\"https:\\\/\\\/all4camper.com\\\/cs\\\/luxusni-kempovaci-dovolena-na-ostrove-pag-kemp-strasko\\\/#primaryimage\",\"url\":\"https:\\\/\\\/all4camper.com\\\/wp-content\\\/uploads\\\/2019\\\/06\\\/IMG_8229.jpg\",\"contentUrl\":\"https:\\\/\\\/all4camper.com\\\/wp-content\\\/uploads\\\/2019\\\/06\\\/IMG_8229.jpg\",\"width\":850,\"height\":567},{\"@type\":\"BreadcrumbList\",\"@id\":\"https:\\\/\\\/all4camper.com\\\/cs\\\/luxusni-kempovaci-dovolena-na-ostrove-pag-kemp-strasko\\\/#breadcrumb\",\"itemListElement\":[{\"@type\":\"ListItem\",\"position\":1,\"name\":\"Dom\u016f\",\"item\":\"https:\\\/\\\/all4camper.com\\\/cs\\\/\"},{\"@type\":\"ListItem\",\"position\":2,\"name\":\"Kempov\u00e1n\u00ed a cestov\u00e1n\u00ed v Chorvatsku\",\"item\":\"https:\\\/\\\/all4camper.com\\\/cs\\\/category\\\/kempovani-a-cestovani-v-chorvatsku\\\/\"},{\"@type\":\"ListItem\",\"position\":3,\"name\":\"Luxusn\u00ed kempovac\u00ed dovolen\u00e1 na ostrov\u011b Pag &#8211; kemp Stra\u0161ko\"}]},{\"@type\":\"WebSite\",\"@id\":\"https:\\\/\\\/all4camper.com\\\/cs\\\/#website\",\"url\":\"https:\\\/\\\/all4camper.com\\\/cs\\\/\",\"name\":\"All4Camper\",\"description\":\"Nejv\u011bt\u0161\u00ed online magaz\u00edn o kempov\u00e1n\u00ed a karavaninku. V\u00edce jak 900 \u010dl\u00e1nk\u016f pln\u00fdch rad a tip\u016f o kempech a kempov\u00e1n\u00ed.\",\"publisher\":{\"@id\":\"https:\\\/\\\/all4camper.com\\\/cs\\\/#organization\"},\"potentialAction\":[{\"@type\":\"SearchAction\",\"target\":{\"@type\":\"EntryPoint\",\"urlTemplate\":\"https:\\\/\\\/all4camper.com\\\/cs\\\/?s={search_term_string}\"},\"query-input\":{\"@type\":\"PropertyValueSpecification\",\"valueRequired\":true,\"valueName\":\"search_term_string\"}}],\"inLanguage\":\"cs\"},{\"@type\":\"Organization\",\"@id\":\"https:\\\/\\\/all4camper.com\\\/cs\\\/#organization\",\"name\":\"All4Camper - kempujeme s Kl\u00e1rou\",\"url\":\"https:\\\/\\\/all4camper.com\\\/cs\\\/\",\"logo\":{\"@type\":\"ImageObject\",\"inLanguage\":\"cs\",\"@id\":\"https:\\\/\\\/all4camper.com\\\/cs\\\/#\\\/schema\\\/logo\\\/image\\\/\",\"url\":\"https:\\\/\\\/all4camper.com\\\/wp-content\\\/uploads\\\/2018\\\/09\\\/novelogo.png\",\"contentUrl\":\"https:\\\/\\\/all4camper.com\\\/wp-content\\\/uploads\\\/2018\\\/09\\\/novelogo.png\",\"width\":1520,\"height\":600,\"caption\":\"All4Camper - kempujeme s Kl\u00e1rou\"},\"image\":{\"@id\":\"https:\\\/\\\/all4camper.com\\\/cs\\\/#\\\/schema\\\/logo\\\/image\\\/\"}},{\"@type\":\"Person\",\"@id\":\"https:\\\/\\\/all4camper.com\\\/cs\\\/#\\\/schema\\\/person\\\/c6f1efdf1d02bc7d8c53a891cbe18c62\",\"name\":\"Kl\u00e1ra H\u00e1jkov\u00e1\",\"sameAs\":[\"http:\\\/\\\/www.all4camper.com\"],\"url\":\"https:\\\/\\\/all4camper.com\\\/cs\\\/author\\\/klarinkacestuje1\\\/\"}]}<\/script>\n<!-- \/ Yoast SEO plugin. -->","yoast_head_json":{"title":"Luxusn\u00ed kempovac\u00ed dovolen\u00e1 na ostrov\u011b Pag \u2013 kemp Stra\u0161ko","description":"All4Camper - Luxusn\u00ed kempovac\u00ed dovolen\u00e1 na ostrov\u011b Pag - kemp Stra\u0161ko","robots":{"index":"index","follow":"follow","max-snippet":"max-snippet:-1","max-image-preview":"max-image-preview:large","max-video-preview":"max-video-preview:-1"},"canonical":"https:\/\/all4camper.com\/cs\/luxusni-kempovaci-dovolena-na-ostrove-pag-kemp-strasko\/","og_locale":"cs_CZ","og_type":"article","og_title":"Luxusn\u00ed kempovac\u00ed dovolen\u00e1 na ostrov\u011b Pag \u2013 kemp Stra\u0161ko","og_description":"All4Camper - Luxusn\u00ed kempovac\u00ed dovolen\u00e1 na ostrov\u011b Pag - kemp Stra\u0161ko","og_url":"https:\/\/all4camper.com\/cs\/luxusni-kempovaci-dovolena-na-ostrove-pag-kemp-strasko\/","og_site_name":"All4Camper","article_published_time":"2019-06-18T10:00:05+00:00","article_modified_time":"2020-04-21T12:46:09+00:00","og_image":[{"width":850,"height":567,"url":"https:\/\/all4camper.com\/wp-content\/uploads\/2019\/06\/IMG_8229.jpg","type":"image\/jpeg"}],"author":"Kl\u00e1ra H\u00e1jkov\u00e1","twitter_card":"summary_large_image","twitter_misc":{"Napsal(a)":"Kl\u00e1ra H\u00e1jkov\u00e1","Odhadovan\u00e1 doba \u010dten\u00ed":"5 minut"},"schema":{"@context":"https:\/\/schema.org","@graph":[{"@type":"Article","@id":"https:\/\/all4camper.com\/cs\/luxusni-kempovaci-dovolena-na-ostrove-pag-kemp-strasko\/#article","isPartOf":{"@id":"https:\/\/all4camper.com\/cs\/luxusni-kempovaci-dovolena-na-ostrove-pag-kemp-strasko\/"},"author":{"name":"Kl\u00e1ra H\u00e1jkov\u00e1","@id":"https:\/\/all4camper.com\/cs\/#\/schema\/person\/c6f1efdf1d02bc7d8c53a891cbe18c62"},"headline":"Luxusn\u00ed kempovac\u00ed dovolen\u00e1 na ostrov\u011b Pag &#8211; kemp Stra\u0161ko","datePublished":"2019-06-18T10:00:05+00:00","dateModified":"2020-04-21T12:46:09+00:00","mainEntityOfPage":{"@id":"https:\/\/all4camper.com\/cs\/luxusni-kempovaci-dovolena-na-ostrove-pag-kemp-strasko\/"},"wordCount":1001,"publisher":{"@id":"https:\/\/all4camper.com\/cs\/#organization"},"image":{"@id":"https:\/\/all4camper.com\/cs\/luxusni-kempovaci-dovolena-na-ostrove-pag-kemp-strasko\/#primaryimage"},"thumbnailUrl":"https:\/\/all4camper.com\/wp-content\/uploads\/2019\/06\/IMG_8229.jpg","keywords":["Chorvatsko","Kempy a kempovac\u00ed m\u00edsta"],"articleSection":["Kempov\u00e1n\u00ed a cestov\u00e1n\u00ed v Chorvatsku","Kempy a zaj\u00edmav\u00e1 m\u00edsta"],"inLanguage":"cs"},{"@type":"WebPage","@id":"https:\/\/all4camper.com\/cs\/luxusni-kempovaci-dovolena-na-ostrove-pag-kemp-strasko\/","url":"https:\/\/all4camper.com\/cs\/luxusni-kempovaci-dovolena-na-ostrove-pag-kemp-strasko\/","name":"Luxusn\u00ed kempovac\u00ed dovolen\u00e1 na ostrov\u011b Pag \u2013 kemp Stra\u0161ko","isPartOf":{"@id":"https:\/\/all4camper.com\/cs\/#website"},"primaryImageOfPage":{"@id":"https:\/\/all4camper.com\/cs\/luxusni-kempovaci-dovolena-na-ostrove-pag-kemp-strasko\/#primaryimage"},"image":{"@id":"https:\/\/all4camper.com\/cs\/luxusni-kempovaci-dovolena-na-ostrove-pag-kemp-strasko\/#primaryimage"},"thumbnailUrl":"https:\/\/all4camper.com\/wp-content\/uploads\/2019\/06\/IMG_8229.jpg","datePublished":"2019-06-18T10:00:05+00:00","dateModified":"2020-04-21T12:46:09+00:00","description":"All4Camper - Luxusn\u00ed kempovac\u00ed dovolen\u00e1 na ostrov\u011b Pag - kemp Stra\u0161ko","breadcrumb":{"@id":"https:\/\/all4camper.com\/cs\/luxusni-kempovaci-dovolena-na-ostrove-pag-kemp-strasko\/#breadcrumb"},"inLanguage":"cs","potentialAction":[{"@type":"ReadAction","target":["https:\/\/all4camper.com\/cs\/luxusni-kempovaci-dovolena-na-ostrove-pag-kemp-strasko\/"]}]},{"@type":"ImageObject","inLanguage":"cs","@id":"https:\/\/all4camper.com\/cs\/luxusni-kempovaci-dovolena-na-ostrove-pag-kemp-strasko\/#primaryimage","url":"https:\/\/all4camper.com\/wp-content\/uploads\/2019\/06\/IMG_8229.jpg","contentUrl":"https:\/\/all4camper.com\/wp-content\/uploads\/2019\/06\/IMG_8229.jpg","width":850,"height":567},{"@type":"BreadcrumbList","@id":"https:\/\/all4camper.com\/cs\/luxusni-kempovaci-dovolena-na-ostrove-pag-kemp-strasko\/#breadcrumb","itemListElement":[{"@type":"ListItem","position":1,"name":"Dom\u016f","item":"https:\/\/all4camper.com\/cs\/"},{"@type":"ListItem","position":2,"name":"Kempov\u00e1n\u00ed a cestov\u00e1n\u00ed v Chorvatsku","item":"https:\/\/all4camper.com\/cs\/category\/kempovani-a-cestovani-v-chorvatsku\/"},{"@type":"ListItem","position":3,"name":"Luxusn\u00ed kempovac\u00ed dovolen\u00e1 na ostrov\u011b Pag &#8211; kemp Stra\u0161ko"}]},{"@type":"WebSite","@id":"https:\/\/all4camper.com\/cs\/#website","url":"https:\/\/all4camper.com\/cs\/","name":"All4Camper","description":"Nejv\u011bt\u0161\u00ed online magaz\u00edn o kempov\u00e1n\u00ed a karavaninku. V\u00edce jak 900 \u010dl\u00e1nk\u016f pln\u00fdch rad a tip\u016f o kempech a kempov\u00e1n\u00ed.","publisher":{"@id":"https:\/\/all4camper.com\/cs\/#organization"},"potentialAction":[{"@type":"SearchAction","target":{"@type":"EntryPoint","urlTemplate":"https:\/\/all4camper.com\/cs\/?s={search_term_string}"},"query-input":{"@type":"PropertyValueSpecification","valueRequired":true,"valueName":"search_term_string"}}],"inLanguage":"cs"},{"@type":"Organization","@id":"https:\/\/all4camper.com\/cs\/#organization","name":"All4Camper - kempujeme s Kl\u00e1rou","url":"https:\/\/all4camper.com\/cs\/","logo":{"@type":"ImageObject","inLanguage":"cs","@id":"https:\/\/all4camper.com\/cs\/#\/schema\/logo\/image\/","url":"https:\/\/all4camper.com\/wp-content\/uploads\/2018\/09\/novelogo.png","contentUrl":"https:\/\/all4camper.com\/wp-content\/uploads\/2018\/09\/novelogo.png","width":1520,"height":600,"caption":"All4Camper - kempujeme s Kl\u00e1rou"},"image":{"@id":"https:\/\/all4camper.com\/cs\/#\/schema\/logo\/image\/"}},{"@type":"Person","@id":"https:\/\/all4camper.com\/cs\/#\/schema\/person\/c6f1efdf1d02bc7d8c53a891cbe18c62","name":"Kl\u00e1ra H\u00e1jkov\u00e1","sameAs":["http:\/\/www.all4camper.com"],"url":"https:\/\/all4camper.com\/cs\/author\/klarinkacestuje1\/"}]}},"_links":{"self":[{"href":"https:\/\/all4camper.com\/cs\/wp-json\/wp\/v2\/posts\/77709","targetHints":{"allow":["GET"]}}],"collection":[{"href":"https:\/\/all4camper.com\/cs\/wp-json\/wp\/v2\/posts"}],"about":[{"href":"https:\/\/all4camper.com\/cs\/wp-json\/wp\/v2\/types\/post"}],"author":[{"embeddable":true,"href":"https:\/\/all4camper.com\/cs\/wp-json\/wp\/v2\/users\/4"}],"replies":[{"embeddable":true,"href":"https:\/\/all4camper.com\/cs\/wp-json\/wp\/v2\/comments?post=77709"}],"version-history":[{"count":0,"href":"https:\/\/all4camper.com\/cs\/wp-json\/wp\/v2\/posts\/77709\/revisions"}],"wp:featuredmedia":[{"embeddable":true,"href":"https:\/\/all4camper.com\/cs\/wp-json\/wp\/v2\/media\/77719"}],"wp:attachment":[{"href":"https:\/\/all4camper.com\/cs\/wp-json\/wp\/v2\/media?parent=77709"}],"wp:term":[{"taxonomy":"category","embeddable":true,"href":"https:\/\/all4camper.com\/cs\/wp-json\/wp\/v2\/categories?post=77709"},{"taxonomy":"post_tag","embeddable":true,"href":"https:\/\/all4camper.com\/cs\/wp-json\/wp\/v2\/tags?post=77709"}],"curies":[{"name":"wp","href":"https:\/\/api.w.org\/{rel}","templated":true}]}}