{"id":77216,"date":"2019-06-01T05:26:41","date_gmt":"2019-06-01T03:26:41","guid":{"rendered":"https:\/\/all4camper.com\/\/?p=77216"},"modified":"2019-06-24T12:00:21","modified_gmt":"2019-06-24T10:00:21","slug":"osmismerka-pro-dlouhe-chvile","status":"publish","type":"post","link":"https:\/\/all4camper.com\/cs\/osmismerka-pro-dlouhe-chvile\/","title":{"rendered":"Osmism\u011brka pro dlouh\u00e9 chv\u00edle"},"content":{"rendered":"<p><strong>Osmism\u011brku si m\u016f\u017eete st\u00e1hnout k tisku v PDF \u2013 <a href=\"https:\/\/all4camper.com\/\/wp-content\/uploads\/2019\/06\/A4CKR3.pdf\">ZDE<\/a><\/strong><\/p>\n<p><strong><img loading=\"lazy\" decoding=\"async\" class=\"wp-image-77217 aligncenter\" src=\"https:\/\/all4camper.com\/\/wp-content\/uploads\/2019\/06\/A4CKR3-page-001-e1559726942708.jpg\" alt=\"\" width=\"833\" height=\"1090\" srcset=\"https:\/\/all4camper.com\/wp-content\/uploads\/2019\/06\/A4CKR3-page-001-e1559726942708.jpg 1200w, https:\/\/all4camper.com\/wp-content\/uploads\/2019\/06\/A4CKR3-page-001-e1559726942708-229x300.jpg 229w, https:\/\/all4camper.com\/wp-content\/uploads\/2019\/06\/A4CKR3-page-001-e1559726942708-826x1080.jpg 826w, https:\/\/all4camper.com\/wp-content\/uploads\/2019\/06\/A4CKR3-page-001-e1559726942708-115x150.jpg 115w, https:\/\/all4camper.com\/wp-content\/uploads\/2019\/06\/A4CKR3-page-001-e1559726942708-768x1004.jpg 768w, https:\/\/all4camper.com\/wp-content\/uploads\/2019\/06\/A4CKR3-page-001-e1559726942708-1175x1536.jpg 1175w\" sizes=\"auto, (max-width: 833px) 100vw, 833px\" \/><\/strong><\/p>\n<p>Pro kempa\u0159e, karavanisty a \u010dten\u00e1\u0159e All4Camper vydalo vydavatelstv\u00ed&nbsp;<strong>Burda \u2013&nbsp;<a href=\"https:\/\/burda.cz\/cs\/casopisy\/krizovky\" target=\"_blank\" rel=\"noopener noreferrer\">burda.cz\/cs\/casopisy\/krizovky<\/a><\/strong><\/p>\n","protected":false},"excerpt":{"rendered":"<p>Osmism\u011brku si m\u016f\u017eete st\u00e1hnout k tisku v PDF \u2013 ZDE Pro kempa\u0159e, karavanisty a \u010dten\u00e1\u0159e All4Camper vydalo vydavatelstv\u00ed&nbsp;Burda \u2013&nbsp;burda.cz\/cs\/casopisy\/krizovky<\/p>\n","protected":false},"author":4,"featured_media":77223,"comment_status":"closed","ping_status":"open","sticky":false,"template":"","format":"image","meta":{"_monsterinsights_skip_tracking":false,"_monsterinsights_sitenote_active":false,"_monsterinsights_sitenote_note":"","_monsterinsights_sitenote_category":0,"footnotes":""},"categories":[368],"tags":[372],"class_list":{"0":"post-77216","1":"post","2":"type-post","3":"status-publish","4":"format-image","5":"has-post-thumbnail","7":"category-magazin_all4camper","8":"tag-krizovky","9":"post_format-post-format-image"},"yoast_head":"<!-- This site is optimized with the Yoast SEO plugin v27.5 - https:\/\/yoast.com\/product\/yoast-seo-wordpress\/ -->\n<title>Obr\u00e1zek:Osmism\u011brka pro dlouh\u00e9 chv\u00edle<\/title>\n<meta name=\"description\" content=\"All4Camper - Osmism\u011brka pro dlouh\u00e9 chv\u00edle\" \/>\n<meta name=\"robots\" content=\"index, follow, max-snippet:-1, max-image-preview:large, max-video-preview:-1\" \/>\n<link rel=\"canonical\" href=\"https:\/\/all4camper.com\/cs\/osmismerka-pro-dlouhe-chvile\/\" \/>\n<meta property=\"og:locale\" content=\"cs_CZ\" \/>\n<meta property=\"og:type\" content=\"article\" \/>\n<meta property=\"og:title\" content=\"Obr\u00e1zek:Osmism\u011brka pro dlouh\u00e9 chv\u00edle\" \/>\n<meta property=\"og:description\" content=\"All4Camper - Osmism\u011brka pro dlouh\u00e9 chv\u00edle\" \/>\n<meta property=\"og:url\" content=\"https:\/\/all4camper.com\/cs\/osmismerka-pro-dlouhe-chvile\/\" \/>\n<meta property=\"og:site_name\" content=\"All4Camper\" \/>\n<meta property=\"article:published_time\" content=\"2019-06-01T03:26:41+00:00\" \/>\n<meta property=\"article:modified_time\" content=\"2019-06-24T10:00:21+00:00\" \/>\n<meta property=\"og:image\" content=\"https:\/\/all4camper.com\/wp-content\/uploads\/2019\/06\/osmism\u011brka.jpg\" \/>\n\t<meta property=\"og:image:width\" content=\"2197\" \/>\n\t<meta property=\"og:image:height\" content=\"1331\" \/>\n\t<meta property=\"og:image:type\" content=\"image\/jpeg\" \/>\n<meta name=\"author\" content=\"Kl\u00e1ra H\u00e1jkov\u00e1\" \/>\n<meta name=\"twitter:card\" content=\"summary_large_image\" \/>\n<meta name=\"twitter:label1\" content=\"Napsal(a)\" \/>\n\t<meta name=\"twitter:data1\" content=\"Kl\u00e1ra H\u00e1jkov\u00e1\" \/>\n<script type=\"application\/ld+json\" class=\"yoast-schema-graph\">{\"@context\":\"https:\\\/\\\/schema.org\",\"@graph\":[{\"@type\":\"Article\",\"@id\":\"https:\\\/\\\/all4camper.com\\\/cs\\\/osmismerka-pro-dlouhe-chvile\\\/#article\",\"isPartOf\":{\"@id\":\"https:\\\/\\\/all4camper.com\\\/cs\\\/osmismerka-pro-dlouhe-chvile\\\/\"},\"author\":{\"name\":\"Kl\u00e1ra H\u00e1jkov\u00e1\",\"@id\":\"https:\\\/\\\/all4camper.com\\\/cs\\\/#\\\/schema\\\/person\\\/c6f1efdf1d02bc7d8c53a891cbe18c62\"},\"headline\":\"Osmism\u011brka pro dlouh\u00e9 chv\u00edle\",\"datePublished\":\"2019-06-01T03:26:41+00:00\",\"dateModified\":\"2019-06-24T10:00:21+00:00\",\"mainEntityOfPage\":{\"@id\":\"https:\\\/\\\/all4camper.com\\\/cs\\\/osmismerka-pro-dlouhe-chvile\\\/\"},\"wordCount\":37,\"publisher\":{\"@id\":\"https:\\\/\\\/all4camper.com\\\/cs\\\/#organization\"},\"image\":{\"@id\":\"https:\\\/\\\/all4camper.com\\\/cs\\\/osmismerka-pro-dlouhe-chvile\\\/#primaryimage\"},\"thumbnailUrl\":\"https:\\\/\\\/all4camper.com\\\/wp-content\\\/uploads\\\/2019\\\/06\\\/osmism\u011brka.jpg\",\"keywords\":[\"K\u0159\u00ed\u017eovky\"],\"articleSection\":[\"\u010cten\u00ed na cesty\"],\"inLanguage\":\"cs\"},{\"@type\":\"WebPage\",\"@id\":\"https:\\\/\\\/all4camper.com\\\/cs\\\/osmismerka-pro-dlouhe-chvile\\\/\",\"url\":\"https:\\\/\\\/all4camper.com\\\/cs\\\/osmismerka-pro-dlouhe-chvile\\\/\",\"name\":\"Obr\u00e1zek:Osmism\u011brka pro dlouh\u00e9 chv\u00edle\",\"isPartOf\":{\"@id\":\"https:\\\/\\\/all4camper.com\\\/cs\\\/#website\"},\"primaryImageOfPage\":{\"@id\":\"https:\\\/\\\/all4camper.com\\\/cs\\\/osmismerka-pro-dlouhe-chvile\\\/#primaryimage\"},\"image\":{\"@id\":\"https:\\\/\\\/all4camper.com\\\/cs\\\/osmismerka-pro-dlouhe-chvile\\\/#primaryimage\"},\"thumbnailUrl\":\"https:\\\/\\\/all4camper.com\\\/wp-content\\\/uploads\\\/2019\\\/06\\\/osmism\u011brka.jpg\",\"datePublished\":\"2019-06-01T03:26:41+00:00\",\"dateModified\":\"2019-06-24T10:00:21+00:00\",\"description\":\"All4Camper - Osmism\u011brka pro dlouh\u00e9 chv\u00edle\",\"breadcrumb\":{\"@id\":\"https:\\\/\\\/all4camper.com\\\/cs\\\/osmismerka-pro-dlouhe-chvile\\\/#breadcrumb\"},\"inLanguage\":\"cs\",\"potentialAction\":[{\"@type\":\"ReadAction\",\"target\":[\"https:\\\/\\\/all4camper.com\\\/cs\\\/osmismerka-pro-dlouhe-chvile\\\/\"]}]},{\"@type\":\"ImageObject\",\"inLanguage\":\"cs\",\"@id\":\"https:\\\/\\\/all4camper.com\\\/cs\\\/osmismerka-pro-dlouhe-chvile\\\/#primaryimage\",\"url\":\"https:\\\/\\\/all4camper.com\\\/wp-content\\\/uploads\\\/2019\\\/06\\\/osmism\u011brka.jpg\",\"contentUrl\":\"https:\\\/\\\/all4camper.com\\\/wp-content\\\/uploads\\\/2019\\\/06\\\/osmism\u011brka.jpg\",\"width\":2197,\"height\":1331},{\"@type\":\"BreadcrumbList\",\"@id\":\"https:\\\/\\\/all4camper.com\\\/cs\\\/osmismerka-pro-dlouhe-chvile\\\/#breadcrumb\",\"itemListElement\":[{\"@type\":\"ListItem\",\"position\":1,\"name\":\"Dom\u016f\",\"item\":\"https:\\\/\\\/all4camper.com\\\/cs\\\/\"},{\"@type\":\"ListItem\",\"position\":2,\"name\":\"\u010cten\u00ed na cesty\",\"item\":\"https:\\\/\\\/all4camper.com\\\/cs\\\/category\\\/magazin_all4camper\\\/\"},{\"@type\":\"ListItem\",\"position\":3,\"name\":\"Osmism\u011brka pro dlouh\u00e9 chv\u00edle\"}]},{\"@type\":\"WebSite\",\"@id\":\"https:\\\/\\\/all4camper.com\\\/cs\\\/#website\",\"url\":\"https:\\\/\\\/all4camper.com\\\/cs\\\/\",\"name\":\"All4Camper\",\"description\":\"Nejv\u011bt\u0161\u00ed online magaz\u00edn o kempov\u00e1n\u00ed a karavaninku. V\u00edce jak 900 \u010dl\u00e1nk\u016f pln\u00fdch rad a tip\u016f o kempech a kempov\u00e1n\u00ed.\",\"publisher\":{\"@id\":\"https:\\\/\\\/all4camper.com\\\/cs\\\/#organization\"},\"potentialAction\":[{\"@type\":\"SearchAction\",\"target\":{\"@type\":\"EntryPoint\",\"urlTemplate\":\"https:\\\/\\\/all4camper.com\\\/cs\\\/?s={search_term_string}\"},\"query-input\":{\"@type\":\"PropertyValueSpecification\",\"valueRequired\":true,\"valueName\":\"search_term_string\"}}],\"inLanguage\":\"cs\"},{\"@type\":\"Organization\",\"@id\":\"https:\\\/\\\/all4camper.com\\\/cs\\\/#organization\",\"name\":\"All4Camper - kempujeme s Kl\u00e1rou\",\"url\":\"https:\\\/\\\/all4camper.com\\\/cs\\\/\",\"logo\":{\"@type\":\"ImageObject\",\"inLanguage\":\"cs\",\"@id\":\"https:\\\/\\\/all4camper.com\\\/cs\\\/#\\\/schema\\\/logo\\\/image\\\/\",\"url\":\"https:\\\/\\\/all4camper.com\\\/wp-content\\\/uploads\\\/2018\\\/09\\\/novelogo.png\",\"contentUrl\":\"https:\\\/\\\/all4camper.com\\\/wp-content\\\/uploads\\\/2018\\\/09\\\/novelogo.png\",\"width\":1520,\"height\":600,\"caption\":\"All4Camper - kempujeme s Kl\u00e1rou\"},\"image\":{\"@id\":\"https:\\\/\\\/all4camper.com\\\/cs\\\/#\\\/schema\\\/logo\\\/image\\\/\"}},{\"@type\":\"Person\",\"@id\":\"https:\\\/\\\/all4camper.com\\\/cs\\\/#\\\/schema\\\/person\\\/c6f1efdf1d02bc7d8c53a891cbe18c62\",\"name\":\"Kl\u00e1ra H\u00e1jkov\u00e1\",\"sameAs\":[\"http:\\\/\\\/www.all4camper.com\"],\"url\":\"https:\\\/\\\/all4camper.com\\\/cs\\\/author\\\/klarinkacestuje1\\\/\"}]}<\/script>\n<!-- \/ Yoast SEO plugin. -->","yoast_head_json":{"title":"Obr\u00e1zek:Osmism\u011brka pro dlouh\u00e9 chv\u00edle","description":"All4Camper - Osmism\u011brka pro dlouh\u00e9 chv\u00edle","robots":{"index":"index","follow":"follow","max-snippet":"max-snippet:-1","max-image-preview":"max-image-preview:large","max-video-preview":"max-video-preview:-1"},"canonical":"https:\/\/all4camper.com\/cs\/osmismerka-pro-dlouhe-chvile\/","og_locale":"cs_CZ","og_type":"article","og_title":"Obr\u00e1zek:Osmism\u011brka pro dlouh\u00e9 chv\u00edle","og_description":"All4Camper - Osmism\u011brka pro dlouh\u00e9 chv\u00edle","og_url":"https:\/\/all4camper.com\/cs\/osmismerka-pro-dlouhe-chvile\/","og_site_name":"All4Camper","article_published_time":"2019-06-01T03:26:41+00:00","article_modified_time":"2019-06-24T10:00:21+00:00","og_image":[{"width":2197,"height":1331,"url":"https:\/\/all4camper.com\/wp-content\/uploads\/2019\/06\/osmism\u011brka.jpg","type":"image\/jpeg"}],"author":"Kl\u00e1ra H\u00e1jkov\u00e1","twitter_card":"summary_large_image","twitter_misc":{"Napsal(a)":"Kl\u00e1ra H\u00e1jkov\u00e1"},"schema":{"@context":"https:\/\/schema.org","@graph":[{"@type":"Article","@id":"https:\/\/all4camper.com\/cs\/osmismerka-pro-dlouhe-chvile\/#article","isPartOf":{"@id":"https:\/\/all4camper.com\/cs\/osmismerka-pro-dlouhe-chvile\/"},"author":{"name":"Kl\u00e1ra H\u00e1jkov\u00e1","@id":"https:\/\/all4camper.com\/cs\/#\/schema\/person\/c6f1efdf1d02bc7d8c53a891cbe18c62"},"headline":"Osmism\u011brka pro dlouh\u00e9 chv\u00edle","datePublished":"2019-06-01T03:26:41+00:00","dateModified":"2019-06-24T10:00:21+00:00","mainEntityOfPage":{"@id":"https:\/\/all4camper.com\/cs\/osmismerka-pro-dlouhe-chvile\/"},"wordCount":37,"publisher":{"@id":"https:\/\/all4camper.com\/cs\/#organization"},"image":{"@id":"https:\/\/all4camper.com\/cs\/osmismerka-pro-dlouhe-chvile\/#primaryimage"},"thumbnailUrl":"https:\/\/all4camper.com\/wp-content\/uploads\/2019\/06\/osmism\u011brka.jpg","keywords":["K\u0159\u00ed\u017eovky"],"articleSection":["\u010cten\u00ed na cesty"],"inLanguage":"cs"},{"@type":"WebPage","@id":"https:\/\/all4camper.com\/cs\/osmismerka-pro-dlouhe-chvile\/","url":"https:\/\/all4camper.com\/cs\/osmismerka-pro-dlouhe-chvile\/","name":"Obr\u00e1zek:Osmism\u011brka pro dlouh\u00e9 chv\u00edle","isPartOf":{"@id":"https:\/\/all4camper.com\/cs\/#website"},"primaryImageOfPage":{"@id":"https:\/\/all4camper.com\/cs\/osmismerka-pro-dlouhe-chvile\/#primaryimage"},"image":{"@id":"https:\/\/all4camper.com\/cs\/osmismerka-pro-dlouhe-chvile\/#primaryimage"},"thumbnailUrl":"https:\/\/all4camper.com\/wp-content\/uploads\/2019\/06\/osmism\u011brka.jpg","datePublished":"2019-06-01T03:26:41+00:00","dateModified":"2019-06-24T10:00:21+00:00","description":"All4Camper - Osmism\u011brka pro dlouh\u00e9 chv\u00edle","breadcrumb":{"@id":"https:\/\/all4camper.com\/cs\/osmismerka-pro-dlouhe-chvile\/#breadcrumb"},"inLanguage":"cs","potentialAction":[{"@type":"ReadAction","target":["https:\/\/all4camper.com\/cs\/osmismerka-pro-dlouhe-chvile\/"]}]},{"@type":"ImageObject","inLanguage":"cs","@id":"https:\/\/all4camper.com\/cs\/osmismerka-pro-dlouhe-chvile\/#primaryimage","url":"https:\/\/all4camper.com\/wp-content\/uploads\/2019\/06\/osmism\u011brka.jpg","contentUrl":"https:\/\/all4camper.com\/wp-content\/uploads\/2019\/06\/osmism\u011brka.jpg","width":2197,"height":1331},{"@type":"BreadcrumbList","@id":"https:\/\/all4camper.com\/cs\/osmismerka-pro-dlouhe-chvile\/#breadcrumb","itemListElement":[{"@type":"ListItem","position":1,"name":"Dom\u016f","item":"https:\/\/all4camper.com\/cs\/"},{"@type":"ListItem","position":2,"name":"\u010cten\u00ed na cesty","item":"https:\/\/all4camper.com\/cs\/category\/magazin_all4camper\/"},{"@type":"ListItem","position":3,"name":"Osmism\u011brka pro dlouh\u00e9 chv\u00edle"}]},{"@type":"WebSite","@id":"https:\/\/all4camper.com\/cs\/#website","url":"https:\/\/all4camper.com\/cs\/","name":"All4Camper","description":"Nejv\u011bt\u0161\u00ed online magaz\u00edn o kempov\u00e1n\u00ed a karavaninku. V\u00edce jak 900 \u010dl\u00e1nk\u016f pln\u00fdch rad a tip\u016f o kempech a kempov\u00e1n\u00ed.","publisher":{"@id":"https:\/\/all4camper.com\/cs\/#organization"},"potentialAction":[{"@type":"SearchAction","target":{"@type":"EntryPoint","urlTemplate":"https:\/\/all4camper.com\/cs\/?s={search_term_string}"},"query-input":{"@type":"PropertyValueSpecification","valueRequired":true,"valueName":"search_term_string"}}],"inLanguage":"cs"},{"@type":"Organization","@id":"https:\/\/all4camper.com\/cs\/#organization","name":"All4Camper - kempujeme s Kl\u00e1rou","url":"https:\/\/all4camper.com\/cs\/","logo":{"@type":"ImageObject","inLanguage":"cs","@id":"https:\/\/all4camper.com\/cs\/#\/schema\/logo\/image\/","url":"https:\/\/all4camper.com\/wp-content\/uploads\/2018\/09\/novelogo.png","contentUrl":"https:\/\/all4camper.com\/wp-content\/uploads\/2018\/09\/novelogo.png","width":1520,"height":600,"caption":"All4Camper - kempujeme s Kl\u00e1rou"},"image":{"@id":"https:\/\/all4camper.com\/cs\/#\/schema\/logo\/image\/"}},{"@type":"Person","@id":"https:\/\/all4camper.com\/cs\/#\/schema\/person\/c6f1efdf1d02bc7d8c53a891cbe18c62","name":"Kl\u00e1ra H\u00e1jkov\u00e1","sameAs":["http:\/\/www.all4camper.com"],"url":"https:\/\/all4camper.com\/cs\/author\/klarinkacestuje1\/"}]}},"_links":{"self":[{"href":"https:\/\/all4camper.com\/cs\/wp-json\/wp\/v2\/posts\/77216","targetHints":{"allow":["GET"]}}],"collection":[{"href":"https:\/\/all4camper.com\/cs\/wp-json\/wp\/v2\/posts"}],"about":[{"href":"https:\/\/all4camper.com\/cs\/wp-json\/wp\/v2\/types\/post"}],"author":[{"embeddable":true,"href":"https:\/\/all4camper.com\/cs\/wp-json\/wp\/v2\/users\/4"}],"replies":[{"embeddable":true,"href":"https:\/\/all4camper.com\/cs\/wp-json\/wp\/v2\/comments?post=77216"}],"version-history":[{"count":0,"href":"https:\/\/all4camper.com\/cs\/wp-json\/wp\/v2\/posts\/77216\/revisions"}],"wp:featuredmedia":[{"embeddable":true,"href":"https:\/\/all4camper.com\/cs\/wp-json\/wp\/v2\/media\/77223"}],"wp:attachment":[{"href":"https:\/\/all4camper.com\/cs\/wp-json\/wp\/v2\/media?parent=77216"}],"wp:term":[{"taxonomy":"category","embeddable":true,"href":"https:\/\/all4camper.com\/cs\/wp-json\/wp\/v2\/categories?post=77216"},{"taxonomy":"post_tag","embeddable":true,"href":"https:\/\/all4camper.com\/cs\/wp-json\/wp\/v2\/tags?post=77216"}],"curies":[{"name":"wp","href":"https:\/\/api.w.org\/{rel}","templated":true}]}}