{"id":76744,"date":"2019-06-07T08:12:57","date_gmt":"2019-06-07T06:12:57","guid":{"rendered":"https:\/\/all4camper.com\/\/?p=76744"},"modified":"2019-06-24T11:56:43","modified_gmt":"2019-06-24T09:56:43","slug":"jak-zvladam-deti-na-cestach-a-jak-je-motivuji","status":"publish","type":"post","link":"https:\/\/all4camper.com\/cs\/jak-zvladam-deti-na-cestach-a-jak-je-motivuji\/","title":{"rendered":"Jak zvl\u00e1d\u00e1m d\u011bti na cest\u00e1ch a jak je motivuji?"},"content":{"rendered":"<p><span style=\"font-weight: 400;\">P\u0159e\u017e\u00edv\u00e1te, nebo u\u017e\u00edv\u00e1te?&nbsp;<\/span><span style=\"font-weight: 400;\">Jak je to u v\u00e1s p\u0159i del\u0161\u00edm spole\u010dn\u00e9m okupov\u00e1n\u00ed mal\u00e9ho obytn\u00e9ho prostoru? A co d\u011bti?<\/span><\/p>\n<p><img loading=\"lazy\" decoding=\"async\" class=\"aligncenter wp-image-76745\" src=\"https:\/\/all4camper.com\/\/wp-content\/uploads\/2019\/06\/girl-3402351_1280.jpg\" alt=\"\" width=\"850\" height=\"566\" srcset=\"https:\/\/all4camper.com\/wp-content\/uploads\/2019\/06\/girl-3402351_1280.jpg 1280w, https:\/\/all4camper.com\/wp-content\/uploads\/2019\/06\/girl-3402351_1280-300x200.jpg 300w, https:\/\/all4camper.com\/wp-content\/uploads\/2019\/06\/girl-3402351_1280-150x100.jpg 150w, https:\/\/all4camper.com\/wp-content\/uploads\/2019\/06\/girl-3402351_1280-768x512.jpg 768w\" sizes=\"auto, (max-width: 850px) 100vw, 850px\" \/><\/p>\n<p><span style=\"font-weight: 400;\">Ji\u017e &nbsp;v minul\u00e9m \u010dl\u00e1nku jsem psala, \u017ee na\u0161e rodina \u010d\u00edt\u00e1 5 \u010dlen\u016f 2+3 (18,15,10 \u2013 brzy 11).&nbsp;<\/span><span style=\"font-weight: 400;\">M\u00e1me rodinn\u00fd domek a dostatek m\u00edsta pro v\u0161echny. Ob\u010das se ani nem\u016f\u017eeme naj\u00edt. Obzvl\u00e1\u0161t\u011b, m\u00e1-li n\u011bkter\u00e9 z d\u011bt\u00ed na starosti my\u010dku, je p\u0159\u00edmo k nenalezen\u00ed. To se ale ve stanu, nebo obyt\u0148\u00e1ku t\u011b\u017eko stane.&nbsp;<\/span><\/p>\n<p><span style=\"font-weight: 400;\">Minul\u00e9 l\u00e9to, p\u0159i osmidenn\u00edm cestov\u00e1n\u00ed, dokonce v \u0161esti lidech, p\u0159i\u010dem\u017e j\u00e1 a man\u017eel jsme nocovali v aut\u011b Ford Galaxy a d\u011bti ve stanu, to celkem klapalo.&nbsp;<\/span><span style=\"font-weight: 400;\">Pl\u00e1n byl <a href=\"\/?p=62190\" target=\"_blank\" rel=\"noopener noreferrer\">Bal\u00f3ncentrum v&nbsp;B\u0159esteku<\/a>. Mimochodem, tento tip byl od Kl\u00e1rky a jsem r\u00e1da, \u017ee jsme ho vyu\u017eili. Pot\u00e9 jsme pokra\u010dovali na Slovensko do Velk\u00e9ho Med\u011bru, ke stejn\u00fdm lidem, jako p\u0159ed \u0161estn\u00e1cti lety na na\u0161\u00ed prvn\u00ed dovolen\u00e9. Tenkr\u00e1t zat\u00edm pouze s dcerou.<\/span><\/p>\n<p><span style=\"font-weight: 400;\">D\u00e1le do Ma\u010farska k Balatonu do kempu Aranypart v Si\u00f3fku, kam jsem se cht\u011bla ji\u017e dlouho pod\u00edvat. Man\u017eel, v\u017edy \u0159\u00edkal \u017ee &#8222;na ka\u010d\u00e1k nepojede\u201c. Ale dal to a nakonec byl r\u00e1d, \u017ee jsem ho p\u0159ehlasovala. Po n\u00e1v\u0161t\u011bv\u011b Podesdorfu v Rakousku u Nezidersk\u00e9ho jezera, se kruh uzav\u00edr\u00e1 a u\u017e n\u00e1s \u010dekal n\u00e1vrat dom\u016f.<\/span><\/p>\n<p><img loading=\"lazy\" decoding=\"async\" class=\"wp-image-76748 size-full aligncenter\" src=\"https:\/\/all4camper.com\/\/wp-content\/uploads\/2019\/06\/60796548_298367667785334_5685946824800600064_n-e1559500007663.jpg\" alt=\"\" width=\"850\" height=\"473\" srcset=\"https:\/\/all4camper.com\/wp-content\/uploads\/2019\/06\/60796548_298367667785334_5685946824800600064_n-e1559500007663.jpg 850w, https:\/\/all4camper.com\/wp-content\/uploads\/2019\/06\/60796548_298367667785334_5685946824800600064_n-e1559500007663-150x83.jpg 150w, https:\/\/all4camper.com\/wp-content\/uploads\/2019\/06\/60796548_298367667785334_5685946824800600064_n-e1559500007663-300x167.jpg 300w, https:\/\/all4camper.com\/wp-content\/uploads\/2019\/06\/60796548_298367667785334_5685946824800600064_n-e1559500007663-768x427.jpg 768w, https:\/\/all4camper.com\/wp-content\/uploads\/2019\/06\/60796548_298367667785334_5685946824800600064_n-e1559500007663-200x111.jpg 200w, https:\/\/all4camper.com\/wp-content\/uploads\/2019\/06\/60796548_298367667785334_5685946824800600064_n-e1559500007663-400x223.jpg 400w, https:\/\/all4camper.com\/wp-content\/uploads\/2019\/06\/60796548_298367667785334_5685946824800600064_n-e1559500007663-600x334.jpg 600w, https:\/\/all4camper.com\/wp-content\/uploads\/2019\/06\/60796548_298367667785334_5685946824800600064_n-e1559500007663-800x445.jpg 800w\" sizes=\"auto, (max-width: 850px) 100vw, 850px\" \/><\/p>\n<p><span style=\"font-weight: 400;\">Auto jsme m\u011bli nalo\u017een\u00e9 a\u017e po st\u0159echu.&nbsp;<\/span><span style=\"font-weight: 400;\">Poka\u017ed\u00e9 nastalo vybalov\u00e1n\u00ed \u00fapln\u011b v\u0161eho, abychom se dostali pro velk\u00fd stan na dno kufru. Man\u017eel m\u011b p\u0159i pl\u00e1nov\u00e1n\u00ed varoval, \u017ee m\u011b d\u011bti nebudou moc milovat. Pr\u00fd to bude sam\u00e9 vybalov\u00e1n\u00ed, p\u0159esp\u00e1n\u00ed, balen\u00ed, p\u0159ejezd, vybalov\u00e1n\u00ed a po\u0159\u00e1d dokola. <\/span><\/p>\n<p><span style=\"font-weight: 400;\">Va\u0159ili jsme na zemi na plynov\u00e9m va\u0159i\u010di, kdy\u017e pr\u0161elo, sed\u011bli jsme v\u0161ichni u stolu pod plachtou z Lidlu \u2013 mimochodem super kup. Pov\u00eddali jsme si a hr\u00e1li karty u sv\u00ed\u010dky, stav\u011bli stan, den jsme tr\u00e1vili v\u00fdlety, b\u011b\u017en\u00fdmi aktivitami, bourali stan, ob\u010das jsme za\u0161li v Ma\u010farsku na ve\u010de\u0159i, jindy jsme op\u00e9kali a ne\u010dekan\u011b \u2013 hlavn\u00ed \u010dinnost\u00ed bylo koup\u00e1n\u00ed. A pak zase stav\u011bli stan &#8230; bourali stan &#8230; No co, alespo\u0148 ho u\u017e d\u011bti slo\u017e\u00ed i poslepu a v rekordn\u00edm \u010dase!<\/span><\/p>\n<p><img loading=\"lazy\" decoding=\"async\" class=\"size-full wp-image-76751 aligncenter\" src=\"https:\/\/all4camper.com\/\/wp-content\/uploads\/2019\/06\/51033628_2334451500111746_7339476501814837248_n-e1559500570692.jpg\" alt=\"\" width=\"850\" height=\"541\" srcset=\"https:\/\/all4camper.com\/wp-content\/uploads\/2019\/06\/51033628_2334451500111746_7339476501814837248_n-e1559500570692.jpg 850w, https:\/\/all4camper.com\/wp-content\/uploads\/2019\/06\/51033628_2334451500111746_7339476501814837248_n-e1559500570692-300x191.jpg 300w, https:\/\/all4camper.com\/wp-content\/uploads\/2019\/06\/51033628_2334451500111746_7339476501814837248_n-e1559500570692-150x95.jpg 150w, https:\/\/all4camper.com\/wp-content\/uploads\/2019\/06\/51033628_2334451500111746_7339476501814837248_n-e1559500570692-768x489.jpg 768w\" sizes=\"auto, (max-width: 850px) 100vw, 850px\" \/><\/p>\n<p><span style=\"font-weight: 400;\">Velmi se n\u00e1m osv\u011bd\u010dila hra na babu v Balatonu, kde je na to vody tak akor\u00e1t. Tak\u017ee pokud jste tam minul\u00fd rok byli a pr\u00e1v\u011b si uv\u011bdomujete, \u017ee tam byla banda \u201eprdlou\u0161\u016f\u201c, tak to jsme byli asi my. Lid\u00e9 se p\u0159est\u00e1vali koupat, ryby a plavci p\u0159est\u00e1vali plavat, prodejci kuku\u0159ice zapomn\u011bli prod\u00e1vat a nev\u011b\u0159\u00edcn\u011b n\u00e1s sledovali, ale my se bavili v\u00fdborn\u011b. Nap\u0159ed se na n\u00e1s jen po o\u010dku d\u00edvali, ale pak u\u017e se nahlas sm\u00e1li, vlastn\u011b sp\u00ed\u0161 chechtali. Museli jsme vypadat dosti komicky.<\/span><\/p>\n<p><span style=\"font-weight: 400;\">I p\u0159es v\u0161echny p\u016fvodn\u00ed obavy, jak to v\u0161echno klapne, co na to d\u011bti, man\u017eel, neust\u00e1l\u00e9 p\u0159ehrabov\u00e1n\u00ed v\u011bc\u00ed, va\u0159en\u00ed pro \u0161est lid\u00ed na zemi, p\u0159es ta vedra a j\u00e1 nev\u00edm, co je\u0161t\u011b, to byla PECKA! <strong>Ale \u00fapln\u011b nejhez\u010d\u00ed pro mne bylo, kdy\u017e za mnou po p\u0159\u00edjezdu d\u011bti jedno po druh\u00e9m p\u0159i\u0161ly a \u0159ekly mi, \u017ee to byla kr\u00e1sn\u00e1 dovolen\u00e1, \u017ee si to opravdu u\u017eily a \u017ee cht\u011bj\u00ed jet zase.<\/strong><\/span><\/p>\n<p><span style=\"font-weight: 400;\">Kl\u00e1rka mi \u0159\u00edkala, \u017ee by v\u00e1s mohlo zaj\u00edmat, jak namotivovat d\u011bti, aby cht\u011bly jet, jak je zabavit a p\u0159\u00edpadn\u011b i ukr\u00e1tit \u010das, aby se nenudily a \u201eneprudily\u201c. Za\u010dala jsem p\u0159em\u00fd\u0161let co zap\u0159\u00ed\u010dinilo to, \u017ee bylo po\u0159\u00e1d veselo, \u017ee jsme si nelezli na nervy a nenastala ponorka a t\u0159eba i to, \u017ee jsem na nic nebyla sama a v\u0161ichni p\u0159idali ruku k d\u00edlu. <strong>A p\u0159i\u0161la jsem na to! Nic zvl\u00e1\u0161tn\u00edho!<\/strong> \u017d\u00e1dn\u00e9 speci\u00e1ln\u00ed hry, notebooky, ani jin\u00e9 vymo\u017eenosti, \u017e\u00e1dn\u00e9 p\u0159edra\u017een\u00e9 v\u00fdlety a n\u00e1kupy zna\u010dkov\u00fdch had\u0159\u00edk\u016f v obcho\u010f\u00e1c\u00edch. Jednodu\u0161e dobr\u00e1 spole\u010dnost nalad\u011bna na stejn\u00e9 vln\u011b, ve\u010dery s rodinou, spole\u010dn\u00e9 va\u0159en\u00ed, op\u00e9k\u00e1n\u00ed, blbiny, hra na babu, vyb\u00edjen\u00e1 (s vlastn\u00edmi pravidly :-)) karty, vtipy, pov\u00edd\u00e1n\u00ed,\u2026\u2026 <strong>a asi pr\u00e1v\u011b ty typick\u00e9 \u010dinnosti, kter\u00e9 v pr\u016fb\u011bhu roku zase tak \u010dasto spole\u010dn\u011b ned\u011bl\u00e1me, kdy\u017e se i my dosp\u011bl\u00e1ci vr\u00e1t\u00edme k d\u011btsk\u00fdm hr\u00e1m a ty spole\u010dn\u011b str\u00e1ven\u00e9 chv\u00edle, je odpov\u011bd\u00ed na Kl\u00e1r\u010dinu ot\u00e1zku.<\/strong> A i kdy\u017e to zn\u00ed mo\u017en\u00e1 jako kli\u0161\u00e9, tak je to jednodu\u0161e tak.<\/span><\/p>\n<p><em>Autor: Iveta Jedlinsk\u00e1<\/em><\/p>\n","protected":false},"excerpt":{"rendered":"<p>P\u0159e\u017e\u00edv\u00e1te, nebo u\u017e\u00edv\u00e1te?&nbsp;Jak je to u v\u00e1s p\u0159i del\u0161\u00edm spole\u010dn\u00e9m okupov\u00e1n\u00ed mal\u00e9ho obytn\u00e9ho prostoru? A co d\u011bti? Ji\u017e &nbsp;v minul\u00e9m \u010dl\u00e1nku jsem psala, \u017ee na\u0161e rodina \u010d\u00edt\u00e1 5 \u010dlen\u016f 2+3 (18,15,10 \u2013 brzy 11).&nbsp;M\u00e1me rodinn\u00fd domek a dostatek m\u00edsta pro v\u0161echny. Ob\u010das se ani nem\u016f\u017eeme naj\u00edt. Obzvl\u00e1\u0161t\u011b, m\u00e1-li n\u011bkter\u00e9 z d\u011bt\u00ed na starosti my\u010dku, je [&hellip;]<\/p>\n","protected":false},"author":154,"featured_media":76748,"comment_status":"closed","ping_status":"open","sticky":false,"template":"","format":"standard","meta":{"_monsterinsights_skip_tracking":false,"_monsterinsights_sitenote_active":false,"_monsterinsights_sitenote_note":"","_monsterinsights_sitenote_category":0,"footnotes":""},"categories":[368],"tags":[106],"class_list":{"0":"post-76744","1":"post","2":"type-post","3":"status-publish","4":"format-standard","5":"has-post-thumbnail","7":"category-magazin_all4camper","8":"tag-dovolena-s-detmi-1"},"yoast_head":"<!-- This site is optimized with the Yoast SEO plugin v27.5 - https:\/\/yoast.com\/product\/yoast-seo-wordpress\/ -->\n<title>Jak zvl\u00e1d\u00e1m d\u011bti na cest\u00e1ch a jak je motivuji?<\/title>\n<meta name=\"description\" content=\"All4Camper - Jak zvl\u00e1d\u00e1m d\u011bti na cest\u00e1ch a jak je motivuji?\" \/>\n<meta name=\"robots\" content=\"index, follow, max-snippet:-1, max-image-preview:large, max-video-preview:-1\" \/>\n<link rel=\"canonical\" href=\"https:\/\/all4camper.com\/cs\/jak-zvladam-deti-na-cestach-a-jak-je-motivuji\/\" \/>\n<meta property=\"og:locale\" content=\"cs_CZ\" \/>\n<meta property=\"og:type\" content=\"article\" \/>\n<meta property=\"og:title\" content=\"Jak zvl\u00e1d\u00e1m d\u011bti na cest\u00e1ch a jak je motivuji?\" \/>\n<meta property=\"og:description\" content=\"All4Camper - Jak zvl\u00e1d\u00e1m d\u011bti na cest\u00e1ch a jak je motivuji?\" \/>\n<meta property=\"og:url\" content=\"https:\/\/all4camper.com\/cs\/jak-zvladam-deti-na-cestach-a-jak-je-motivuji\/\" \/>\n<meta property=\"og:site_name\" content=\"All4Camper\" \/>\n<meta property=\"article:published_time\" content=\"2019-06-07T06:12:57+00:00\" \/>\n<meta property=\"article:modified_time\" content=\"2019-06-24T09:56:43+00:00\" \/>\n<meta property=\"og:image\" content=\"https:\/\/all4camper.com\/wp-content\/uploads\/2019\/06\/60796548_298367667785334_5685946824800600064_n-e1559500007663.jpg\" \/>\n\t<meta property=\"og:image:width\" content=\"850\" \/>\n\t<meta property=\"og:image:height\" content=\"473\" \/>\n\t<meta property=\"og:image:type\" content=\"image\/jpeg\" \/>\n<meta name=\"twitter:card\" content=\"summary_large_image\" \/>\n<meta name=\"twitter:label1\" content=\"Napsal(a)\" \/>\n\t<meta name=\"twitter:data1\" content=\"\" \/>\n\t<meta name=\"twitter:label2\" content=\"Odhadovan\u00e1 doba \u010dten\u00ed\" \/>\n\t<meta name=\"twitter:data2\" content=\"4 minuty\" \/>\n<script type=\"application\/ld+json\" class=\"yoast-schema-graph\">{\"@context\":\"https:\\\/\\\/schema.org\",\"@graph\":[{\"@type\":\"Article\",\"@id\":\"https:\\\/\\\/all4camper.com\\\/cs\\\/jak-zvladam-deti-na-cestach-a-jak-je-motivuji\\\/#article\",\"isPartOf\":{\"@id\":\"https:\\\/\\\/all4camper.com\\\/cs\\\/jak-zvladam-deti-na-cestach-a-jak-je-motivuji\\\/\"},\"author\":{\"name\":\"\",\"@id\":\"\"},\"headline\":\"Jak zvl\u00e1d\u00e1m d\u011bti na cest\u00e1ch a jak je motivuji?\",\"datePublished\":\"2019-06-07T06:12:57+00:00\",\"dateModified\":\"2019-06-24T09:56:43+00:00\",\"mainEntityOfPage\":{\"@id\":\"https:\\\/\\\/all4camper.com\\\/cs\\\/jak-zvladam-deti-na-cestach-a-jak-je-motivuji\\\/\"},\"wordCount\":855,\"publisher\":{\"@id\":\"https:\\\/\\\/all4camper.com\\\/cs\\\/#organization\"},\"image\":{\"@id\":\"https:\\\/\\\/all4camper.com\\\/cs\\\/jak-zvladam-deti-na-cestach-a-jak-je-motivuji\\\/#primaryimage\"},\"thumbnailUrl\":\"https:\\\/\\\/all4camper.com\\\/wp-content\\\/uploads\\\/2019\\\/06\\\/60796548_298367667785334_5685946824800600064_n-e1559500007663.jpg\",\"keywords\":[\"Dovolen\u00e1 s d\u011btmi\"],\"articleSection\":[\"\u010cten\u00ed na cesty\"],\"inLanguage\":\"cs\"},{\"@type\":\"WebPage\",\"@id\":\"https:\\\/\\\/all4camper.com\\\/cs\\\/jak-zvladam-deti-na-cestach-a-jak-je-motivuji\\\/\",\"url\":\"https:\\\/\\\/all4camper.com\\\/cs\\\/jak-zvladam-deti-na-cestach-a-jak-je-motivuji\\\/\",\"name\":\"Jak zvl\u00e1d\u00e1m d\u011bti na cest\u00e1ch a jak je motivuji?\",\"isPartOf\":{\"@id\":\"https:\\\/\\\/all4camper.com\\\/cs\\\/#website\"},\"primaryImageOfPage\":{\"@id\":\"https:\\\/\\\/all4camper.com\\\/cs\\\/jak-zvladam-deti-na-cestach-a-jak-je-motivuji\\\/#primaryimage\"},\"image\":{\"@id\":\"https:\\\/\\\/all4camper.com\\\/cs\\\/jak-zvladam-deti-na-cestach-a-jak-je-motivuji\\\/#primaryimage\"},\"thumbnailUrl\":\"https:\\\/\\\/all4camper.com\\\/wp-content\\\/uploads\\\/2019\\\/06\\\/60796548_298367667785334_5685946824800600064_n-e1559500007663.jpg\",\"datePublished\":\"2019-06-07T06:12:57+00:00\",\"dateModified\":\"2019-06-24T09:56:43+00:00\",\"description\":\"All4Camper - Jak zvl\u00e1d\u00e1m d\u011bti na cest\u00e1ch a jak je motivuji?\",\"breadcrumb\":{\"@id\":\"https:\\\/\\\/all4camper.com\\\/cs\\\/jak-zvladam-deti-na-cestach-a-jak-je-motivuji\\\/#breadcrumb\"},\"inLanguage\":\"cs\",\"potentialAction\":[{\"@type\":\"ReadAction\",\"target\":[\"https:\\\/\\\/all4camper.com\\\/cs\\\/jak-zvladam-deti-na-cestach-a-jak-je-motivuji\\\/\"]}]},{\"@type\":\"ImageObject\",\"inLanguage\":\"cs\",\"@id\":\"https:\\\/\\\/all4camper.com\\\/cs\\\/jak-zvladam-deti-na-cestach-a-jak-je-motivuji\\\/#primaryimage\",\"url\":\"https:\\\/\\\/all4camper.com\\\/wp-content\\\/uploads\\\/2019\\\/06\\\/60796548_298367667785334_5685946824800600064_n-e1559500007663.jpg\",\"contentUrl\":\"https:\\\/\\\/all4camper.com\\\/wp-content\\\/uploads\\\/2019\\\/06\\\/60796548_298367667785334_5685946824800600064_n-e1559500007663.jpg\",\"width\":850,\"height\":473},{\"@type\":\"BreadcrumbList\",\"@id\":\"https:\\\/\\\/all4camper.com\\\/cs\\\/jak-zvladam-deti-na-cestach-a-jak-je-motivuji\\\/#breadcrumb\",\"itemListElement\":[{\"@type\":\"ListItem\",\"position\":1,\"name\":\"Dom\u016f\",\"item\":\"https:\\\/\\\/all4camper.com\\\/cs\\\/\"},{\"@type\":\"ListItem\",\"position\":2,\"name\":\"\u010cten\u00ed na cesty\",\"item\":\"https:\\\/\\\/all4camper.com\\\/cs\\\/category\\\/magazin_all4camper\\\/\"},{\"@type\":\"ListItem\",\"position\":3,\"name\":\"Jak zvl\u00e1d\u00e1m d\u011bti na cest\u00e1ch a jak je motivuji?\"}]},{\"@type\":\"WebSite\",\"@id\":\"https:\\\/\\\/all4camper.com\\\/cs\\\/#website\",\"url\":\"https:\\\/\\\/all4camper.com\\\/cs\\\/\",\"name\":\"All4Camper\",\"description\":\"Nejv\u011bt\u0161\u00ed online magaz\u00edn o kempov\u00e1n\u00ed a karavaninku. V\u00edce jak 900 \u010dl\u00e1nk\u016f pln\u00fdch rad a tip\u016f o kempech a kempov\u00e1n\u00ed.\",\"publisher\":{\"@id\":\"https:\\\/\\\/all4camper.com\\\/cs\\\/#organization\"},\"potentialAction\":[{\"@type\":\"SearchAction\",\"target\":{\"@type\":\"EntryPoint\",\"urlTemplate\":\"https:\\\/\\\/all4camper.com\\\/cs\\\/?s={search_term_string}\"},\"query-input\":{\"@type\":\"PropertyValueSpecification\",\"valueRequired\":true,\"valueName\":\"search_term_string\"}}],\"inLanguage\":\"cs\"},{\"@type\":\"Organization\",\"@id\":\"https:\\\/\\\/all4camper.com\\\/cs\\\/#organization\",\"name\":\"All4Camper - kempujeme s Kl\u00e1rou\",\"url\":\"https:\\\/\\\/all4camper.com\\\/cs\\\/\",\"logo\":{\"@type\":\"ImageObject\",\"inLanguage\":\"cs\",\"@id\":\"https:\\\/\\\/all4camper.com\\\/cs\\\/#\\\/schema\\\/logo\\\/image\\\/\",\"url\":\"https:\\\/\\\/all4camper.com\\\/wp-content\\\/uploads\\\/2018\\\/09\\\/novelogo.png\",\"contentUrl\":\"https:\\\/\\\/all4camper.com\\\/wp-content\\\/uploads\\\/2018\\\/09\\\/novelogo.png\",\"width\":1520,\"height\":600,\"caption\":\"All4Camper - kempujeme s Kl\u00e1rou\"},\"image\":{\"@id\":\"https:\\\/\\\/all4camper.com\\\/cs\\\/#\\\/schema\\\/logo\\\/image\\\/\"}},{\"@type\":\"Person\",\"@id\":\"\",\"url\":\"https:\\\/\\\/all4camper.com\\\/cs\\\/author\\\/\"}]}<\/script>\n<!-- \/ Yoast SEO plugin. -->","yoast_head_json":{"title":"Jak zvl\u00e1d\u00e1m d\u011bti na cest\u00e1ch a jak je motivuji?","description":"All4Camper - Jak zvl\u00e1d\u00e1m d\u011bti na cest\u00e1ch a jak je motivuji?","robots":{"index":"index","follow":"follow","max-snippet":"max-snippet:-1","max-image-preview":"max-image-preview:large","max-video-preview":"max-video-preview:-1"},"canonical":"https:\/\/all4camper.com\/cs\/jak-zvladam-deti-na-cestach-a-jak-je-motivuji\/","og_locale":"cs_CZ","og_type":"article","og_title":"Jak zvl\u00e1d\u00e1m d\u011bti na cest\u00e1ch a jak je motivuji?","og_description":"All4Camper - Jak zvl\u00e1d\u00e1m d\u011bti na cest\u00e1ch a jak je motivuji?","og_url":"https:\/\/all4camper.com\/cs\/jak-zvladam-deti-na-cestach-a-jak-je-motivuji\/","og_site_name":"All4Camper","article_published_time":"2019-06-07T06:12:57+00:00","article_modified_time":"2019-06-24T09:56:43+00:00","og_image":[{"width":850,"height":473,"url":"https:\/\/all4camper.com\/wp-content\/uploads\/2019\/06\/60796548_298367667785334_5685946824800600064_n-e1559500007663.jpg","type":"image\/jpeg"}],"twitter_card":"summary_large_image","twitter_misc":{"Napsal(a)":"","Odhadovan\u00e1 doba \u010dten\u00ed":"4 minuty"},"schema":{"@context":"https:\/\/schema.org","@graph":[{"@type":"Article","@id":"https:\/\/all4camper.com\/cs\/jak-zvladam-deti-na-cestach-a-jak-je-motivuji\/#article","isPartOf":{"@id":"https:\/\/all4camper.com\/cs\/jak-zvladam-deti-na-cestach-a-jak-je-motivuji\/"},"author":{"name":"","@id":""},"headline":"Jak zvl\u00e1d\u00e1m d\u011bti na cest\u00e1ch a jak je motivuji?","datePublished":"2019-06-07T06:12:57+00:00","dateModified":"2019-06-24T09:56:43+00:00","mainEntityOfPage":{"@id":"https:\/\/all4camper.com\/cs\/jak-zvladam-deti-na-cestach-a-jak-je-motivuji\/"},"wordCount":855,"publisher":{"@id":"https:\/\/all4camper.com\/cs\/#organization"},"image":{"@id":"https:\/\/all4camper.com\/cs\/jak-zvladam-deti-na-cestach-a-jak-je-motivuji\/#primaryimage"},"thumbnailUrl":"https:\/\/all4camper.com\/wp-content\/uploads\/2019\/06\/60796548_298367667785334_5685946824800600064_n-e1559500007663.jpg","keywords":["Dovolen\u00e1 s d\u011btmi"],"articleSection":["\u010cten\u00ed na cesty"],"inLanguage":"cs"},{"@type":"WebPage","@id":"https:\/\/all4camper.com\/cs\/jak-zvladam-deti-na-cestach-a-jak-je-motivuji\/","url":"https:\/\/all4camper.com\/cs\/jak-zvladam-deti-na-cestach-a-jak-je-motivuji\/","name":"Jak zvl\u00e1d\u00e1m d\u011bti na cest\u00e1ch a jak je motivuji?","isPartOf":{"@id":"https:\/\/all4camper.com\/cs\/#website"},"primaryImageOfPage":{"@id":"https:\/\/all4camper.com\/cs\/jak-zvladam-deti-na-cestach-a-jak-je-motivuji\/#primaryimage"},"image":{"@id":"https:\/\/all4camper.com\/cs\/jak-zvladam-deti-na-cestach-a-jak-je-motivuji\/#primaryimage"},"thumbnailUrl":"https:\/\/all4camper.com\/wp-content\/uploads\/2019\/06\/60796548_298367667785334_5685946824800600064_n-e1559500007663.jpg","datePublished":"2019-06-07T06:12:57+00:00","dateModified":"2019-06-24T09:56:43+00:00","description":"All4Camper - Jak zvl\u00e1d\u00e1m d\u011bti na cest\u00e1ch a jak je motivuji?","breadcrumb":{"@id":"https:\/\/all4camper.com\/cs\/jak-zvladam-deti-na-cestach-a-jak-je-motivuji\/#breadcrumb"},"inLanguage":"cs","potentialAction":[{"@type":"ReadAction","target":["https:\/\/all4camper.com\/cs\/jak-zvladam-deti-na-cestach-a-jak-je-motivuji\/"]}]},{"@type":"ImageObject","inLanguage":"cs","@id":"https:\/\/all4camper.com\/cs\/jak-zvladam-deti-na-cestach-a-jak-je-motivuji\/#primaryimage","url":"https:\/\/all4camper.com\/wp-content\/uploads\/2019\/06\/60796548_298367667785334_5685946824800600064_n-e1559500007663.jpg","contentUrl":"https:\/\/all4camper.com\/wp-content\/uploads\/2019\/06\/60796548_298367667785334_5685946824800600064_n-e1559500007663.jpg","width":850,"height":473},{"@type":"BreadcrumbList","@id":"https:\/\/all4camper.com\/cs\/jak-zvladam-deti-na-cestach-a-jak-je-motivuji\/#breadcrumb","itemListElement":[{"@type":"ListItem","position":1,"name":"Dom\u016f","item":"https:\/\/all4camper.com\/cs\/"},{"@type":"ListItem","position":2,"name":"\u010cten\u00ed na cesty","item":"https:\/\/all4camper.com\/cs\/category\/magazin_all4camper\/"},{"@type":"ListItem","position":3,"name":"Jak zvl\u00e1d\u00e1m d\u011bti na cest\u00e1ch a jak je motivuji?"}]},{"@type":"WebSite","@id":"https:\/\/all4camper.com\/cs\/#website","url":"https:\/\/all4camper.com\/cs\/","name":"All4Camper","description":"Nejv\u011bt\u0161\u00ed online magaz\u00edn o kempov\u00e1n\u00ed a karavaninku. V\u00edce jak 900 \u010dl\u00e1nk\u016f pln\u00fdch rad a tip\u016f o kempech a kempov\u00e1n\u00ed.","publisher":{"@id":"https:\/\/all4camper.com\/cs\/#organization"},"potentialAction":[{"@type":"SearchAction","target":{"@type":"EntryPoint","urlTemplate":"https:\/\/all4camper.com\/cs\/?s={search_term_string}"},"query-input":{"@type":"PropertyValueSpecification","valueRequired":true,"valueName":"search_term_string"}}],"inLanguage":"cs"},{"@type":"Organization","@id":"https:\/\/all4camper.com\/cs\/#organization","name":"All4Camper - kempujeme s Kl\u00e1rou","url":"https:\/\/all4camper.com\/cs\/","logo":{"@type":"ImageObject","inLanguage":"cs","@id":"https:\/\/all4camper.com\/cs\/#\/schema\/logo\/image\/","url":"https:\/\/all4camper.com\/wp-content\/uploads\/2018\/09\/novelogo.png","contentUrl":"https:\/\/all4camper.com\/wp-content\/uploads\/2018\/09\/novelogo.png","width":1520,"height":600,"caption":"All4Camper - kempujeme s Kl\u00e1rou"},"image":{"@id":"https:\/\/all4camper.com\/cs\/#\/schema\/logo\/image\/"}},{"@type":"Person","@id":"","url":"https:\/\/all4camper.com\/cs\/author\/"}]}},"_links":{"self":[{"href":"https:\/\/all4camper.com\/cs\/wp-json\/wp\/v2\/posts\/76744","targetHints":{"allow":["GET"]}}],"collection":[{"href":"https:\/\/all4camper.com\/cs\/wp-json\/wp\/v2\/posts"}],"about":[{"href":"https:\/\/all4camper.com\/cs\/wp-json\/wp\/v2\/types\/post"}],"author":[{"embeddable":true,"href":"https:\/\/all4camper.com\/cs\/wp-json\/wp\/v2\/users\/154"}],"replies":[{"embeddable":true,"href":"https:\/\/all4camper.com\/cs\/wp-json\/wp\/v2\/comments?post=76744"}],"version-history":[{"count":0,"href":"https:\/\/all4camper.com\/cs\/wp-json\/wp\/v2\/posts\/76744\/revisions"}],"wp:featuredmedia":[{"embeddable":true,"href":"https:\/\/all4camper.com\/cs\/wp-json\/wp\/v2\/media\/76748"}],"wp:attachment":[{"href":"https:\/\/all4camper.com\/cs\/wp-json\/wp\/v2\/media?parent=76744"}],"wp:term":[{"taxonomy":"category","embeddable":true,"href":"https:\/\/all4camper.com\/cs\/wp-json\/wp\/v2\/categories?post=76744"},{"taxonomy":"post_tag","embeddable":true,"href":"https:\/\/all4camper.com\/cs\/wp-json\/wp\/v2\/tags?post=76744"}],"curies":[{"name":"wp","href":"https:\/\/api.w.org\/{rel}","templated":true}]}}