{"id":76735,"date":"2019-06-04T08:00:46","date_gmt":"2019-06-04T06:00:46","guid":{"rendered":"https:\/\/all4camper.com\/\/?p=76735"},"modified":"2019-06-24T12:08:43","modified_gmt":"2019-06-24T10:08:43","slug":"dve-rychle-vecere-a-dve-limonady-recepty-na-cesty","status":"publish","type":"post","link":"https:\/\/all4camper.com\/cs\/dve-rychle-vecere-a-dve-limonady-recepty-na-cesty\/","title":{"rendered":"Dv\u011b rychl\u00e9 ve\u010de\u0159e a dv\u011b limon\u00e1dy &#8211; recepty na cesty"},"content":{"rendered":"<p><b>Pomaz\u00e1nka z&nbsp;vep\u0159ovky \u2013 na\u0161e asi nejobl\u00edben\u011bj\u0161\u00ed <\/b><\/p>\n<p><span style=\"font-weight: 400;\">Pot\u0159ebujete kvalitn\u00ed <\/span><b><i>vep\u0159ov\u00e9 maso<\/i><\/b><span style=\"font-weight: 400;\">. Na cesty kupuji v\u011bt\u0161inou v&nbsp;Lidlu od Pikoku ve skle s&nbsp;modr\u00fdm v\u00ed\u010dkem. <\/span><\/p>\n<p><span style=\"font-weight: 400;\">V&nbsp;misce vidli\u010dkou rozma\u010dk\u00e1m obsah, <\/span><b><i>p\u0159id\u00e1m s\u016fl, pep\u0159, \u010dervenou sladkou papriku<\/i><\/b><span style=\"font-weight: 400;\"> (ko\u0159en\u00ed), najemno nastrouhan\u00fd <\/span><b><i>kysel\u00fd okurek<\/i><\/b><span style=\"font-weight: 400;\">, na jemno nakr\u00e1jenou <\/span><b><i>cibuli<\/i><\/b><span style=\"font-weight: 400;\">, zam\u00edchat a je hotovo. Na kraj\u00edc <\/span><b><i>chleba <\/i><\/b><span style=\"font-weight: 400;\">nama\u017ete, ozdobte je\u0161t\u011b cibulkou a kyselou okurkou. M\u016f\u017eete znovu opep\u0159it a pak u\u017e se jen zakousnout. Dobrou chu\u0165!<\/span><\/p>\n<p><b>Gnocchi se Schwarzlandskou \u0161unkou a zakysanou smetanou<\/b><\/p>\n<p><span style=\"font-weight: 400;\">Na cest\u00e1ch se v\u011bt\u0161inou sna\u017e\u00edm vymyslet co nejjednodu\u0161\u0161\u00ed variantu ob\u011bda, ale takovou, aby byla chutn\u00e1. A tento chod si obl\u00edbila cel\u00e1 rodina.<\/span><\/p>\n<ul>\n<li><span style=\"font-weight: 400;\">Zp\u011bn\u00edm <\/span><b><i>cibulku<\/i><\/b><span style=\"font-weight: 400;\"> a na libovoln\u011b \u0161irok\u00e9 prou\u017eky nakr\u00e1j\u00edm <\/span><b><i>Schwarzwaldskou \u0161unku<\/i><\/b><span style=\"font-weight: 400;\">, tu kupuji nej\u010dast\u011bji ji\u017e nakr\u00e1jenou (150-200g pro 5 osob). <\/span><\/li>\n<li><span style=\"font-weight: 400;\">Uva\u0159\u00edm si <\/span><b><i>gnocchi<\/i><\/b><span style=\"font-weight: 400;\">, nebo \u0161pecle, t\u011bstoviny, prost\u011b na co m\u00e1te chu\u0165. Po scezen\u00ed naberu porce na tal\u00ed\u0159e a na ka\u017edou porci d\u00e1m l\u017e\u00edci <\/span><b><i>zakysan\u00e9 smetany<\/i><\/b><span style=\"font-weight: 400;\"> a navrch osma\u017eenou &nbsp;Schwarzwaldskou \u0161unku s&nbsp;cibulkou.<\/span><\/li>\n<\/ul>\n<p><b>M\u00e1tovo-tymi\u00e1nov\u00e1 limon\u00e1da<\/b><\/p>\n<p><span style=\"font-weight: 400;\">Mo\u017en\u00e1 si \u0159\u00edk\u00e1te, \u201e kde m\u00e1m vz\u00edt na cest\u00e1ch m\u00e1tu, nebo tymi\u00e1n\u201c. Limon\u00e1da je ale tak v\u00fdborn\u00e1 a osv\u011b\u017euj\u00edc\u00ed, \u017ee ur\u010dit\u011b stoj\u00ed za to, si vz\u00edt tyto dv\u011b bylinky s&nbsp;sebou, nebo je p\u0159ev\u00e9st v&nbsp;lednici v&nbsp;mokr\u00e9m ubrousku)<\/span><\/p>\n<p><span style=\"font-weight: 400;\">Pom\u011br je na 2l limon\u00e1dy.<\/span><\/p>\n<ul>\n<li><b><i>2 Citr\u00f3ny, nebo limetky<\/i><\/b><span style=\"font-weight: 400;\"> \u2013 vyma\u010dkat (m\u016f\u017eete je i rozkr\u00e1jet na kusy jako u Mojita, ale takto je to prakti\u010dt\u011bj\u0161\u00ed)<\/span><\/li>\n<li><b><i>2 pol. l\u017e\u00edce<\/i><\/b> <b><i>medu <\/i><\/b><\/li>\n<li><b><i>2 hrsti<\/i><\/b><span style=\"font-weight: 400;\"> omyt\u00e9 <\/span><b><i>m\u00e1ty<\/i><\/b><\/li>\n<li><b><i>P\u00e1r sn\u00edtk\u016f tymi\u00e1nu<\/i><\/b><span style=\"font-weight: 400;\"> (dle chuti \u2013 d\u00e1v\u00e1m tak 3 a v\u00edc)<\/span><\/li>\n<\/ul>\n<p><span style=\"font-weight: 400;\">Tyto ingredience dejte do konvice a p\u0159ilijte cca \u00bd hrnku vody a dr\u0165te to a rozm\u00edchejte. <\/span><\/p>\n<p><span style=\"font-weight: 400;\">Pot\u00e9 dolijte konvici do cca 2 litr\u016f vody. <\/span><b>M\u016f\u017eete p\u0159isladit je\u0161t\u011b medem, pokud je v\u00e1m to m\u00e1lo, nebo t\u0159tinov\u00fdm cukrem.<\/b><span style=\"font-weight: 400;\"> N\u011bkdy d\u00e1v\u00e1me m\u00edsto medu jenom t\u0159tinov\u00fd cukr. <\/span><\/p>\n<p><span style=\"font-weight: 400;\">Dejte do lednice vylouhovat a vychladit. Nem\u00e1te-li tymi\u00e1n, nevad\u00ed, limon\u00e1da je lahodn\u00e1 i bez n\u011bho.<\/span><\/p>\n<p><b>Americk\u00e1 limon\u00e1da<\/b><\/p>\n<p><span style=\"font-weight: 400;\">Jak tak p\u00ed\u0161i o limon\u00e1d\u00e1ch, vzpomn\u011bla jsem si na Americkou, kter\u00e1 mi kdysi tak moc chutnala, \u017ee jsem vy\u017eebrala postup. Vlastn\u011b na tom nic nen\u00ed, vypad\u00e1 kr\u00e1sn\u011b a d\u011btem moc chutn\u00e1. T\u0159eba by se v\u00e1m recept\u00edk mohl na cest\u00e1ch hodit, p\u0159i oslav\u011b narozenin, apod.<\/span><\/p>\n<ul>\n<li><span style=\"font-weight: 400;\">Do vy\u0161\u0161\u00ed sklenice cca 300ml nalijete <\/span><b><i>\u010dervenou \u0161\u0165\u00e1vu<\/i><\/b><span style=\"font-weight: 400;\"> \u2013 asi 1 cm<\/span><\/li>\n<li><span style=\"font-weight: 400;\">Na n\u00ed dejte 1 \u2013 1,5 pol. l\u017e\u00edce kousk\u016f<\/span> <b><i>ananasu<\/i><\/b><\/li>\n<li><b><i>Pomeran\u010dov\u00fd 100% d\u017eus<\/i><\/b><span style=\"font-weight: 400;\"> lijte pomalu po st\u011bn\u011b sklenice, tak, aby jste nezv\u00ed\u0159ili tu \u0161\u0165\u00e1vu<\/span><\/li>\n<li>Tak\u00e9 pomali\u010dku po st\u011bn\u011b skla dolijte <b><i>perlivou vodu<\/i><\/b>.<\/li>\n<\/ul>\n<p><span style=\"font-weight: 400;\">Jde o to, aby barvy tekutin z\u016fstali neprom\u00edchan\u00e9 a tvo\u0159ily duhu a vzniknou pouze p\u0159echody barev, jako t\u00f3n v&nbsp;t\u00f3nu. M\u016f\u017eete dozdobit ovocem, \u010di m\u00e1tou. Pokud se v\u00e1m tekutiny prom\u00edchaj\u00ed, nezoufejte, bude m\u00edt kr\u00e1snou barvu a chu\u0165ov\u011b vynikaj\u00edc\u00ed limon\u00e1du i tak!<\/span><\/p>\n","protected":false},"excerpt":{"rendered":"<p>Pomaz\u00e1nka z&nbsp;vep\u0159ovky \u2013 na\u0161e asi nejobl\u00edben\u011bj\u0161\u00ed Pot\u0159ebujete kvalitn\u00ed vep\u0159ov\u00e9 maso. Na cesty kupuji v\u011bt\u0161inou v&nbsp;Lidlu od Pikoku ve skle s&nbsp;modr\u00fdm v\u00ed\u010dkem. V&nbsp;misce vidli\u010dkou rozma\u010dk\u00e1m obsah, p\u0159id\u00e1m s\u016fl, pep\u0159, \u010dervenou sladkou papriku (ko\u0159en\u00ed), najemno nastrouhan\u00fd kysel\u00fd okurek, na jemno nakr\u00e1jenou cibuli, zam\u00edchat a je hotovo. Na kraj\u00edc chleba nama\u017ete, ozdobte je\u0161t\u011b cibulkou a kyselou okurkou. M\u016f\u017eete [&hellip;]<\/p>\n","protected":false},"author":154,"featured_media":76736,"comment_status":"closed","ping_status":"open","sticky":false,"template":"","format":"standard","meta":{"_monsterinsights_skip_tracking":false,"_monsterinsights_sitenote_active":false,"_monsterinsights_sitenote_note":"","_monsterinsights_sitenote_category":0,"footnotes":""},"categories":[368],"tags":[373],"class_list":{"0":"post-76735","1":"post","2":"type-post","3":"status-publish","4":"format-standard","5":"has-post-thumbnail","7":"category-magazin_all4camper","8":"tag-recepty"},"yoast_head":"<!-- This site is optimized with the Yoast SEO plugin v27.5 - https:\/\/yoast.com\/product\/yoast-seo-wordpress\/ -->\n<title>Dv\u011b rychl\u00e9 ve\u010de\u0159e a dv\u011b limon\u00e1dy \u2013 recepty na cesty<\/title>\n<meta name=\"description\" content=\"All4Camper - Dv\u011b rychl\u00e9 ve\u010de\u0159e a dv\u011b limon\u00e1dy - recepty na cesty\" \/>\n<meta name=\"robots\" content=\"index, follow, max-snippet:-1, max-image-preview:large, max-video-preview:-1\" \/>\n<link rel=\"canonical\" href=\"https:\/\/all4camper.com\/cs\/dve-rychle-vecere-a-dve-limonady-recepty-na-cesty\/\" \/>\n<meta property=\"og:locale\" content=\"cs_CZ\" \/>\n<meta property=\"og:type\" content=\"article\" \/>\n<meta property=\"og:title\" content=\"Dv\u011b rychl\u00e9 ve\u010de\u0159e a dv\u011b limon\u00e1dy \u2013 recepty na cesty\" \/>\n<meta property=\"og:description\" content=\"All4Camper - Dv\u011b rychl\u00e9 ve\u010de\u0159e a dv\u011b limon\u00e1dy - recepty na cesty\" \/>\n<meta property=\"og:url\" content=\"https:\/\/all4camper.com\/cs\/dve-rychle-vecere-a-dve-limonady-recepty-na-cesty\/\" \/>\n<meta property=\"og:site_name\" content=\"All4Camper\" \/>\n<meta property=\"article:published_time\" content=\"2019-06-04T06:00:46+00:00\" \/>\n<meta property=\"article:modified_time\" content=\"2019-06-24T10:08:43+00:00\" \/>\n<meta property=\"og:image\" content=\"https:\/\/all4camper.com\/wp-content\/uploads\/2019\/06\/mineral-water-1532300_1280.jpg\" \/>\n\t<meta property=\"og:image:width\" content=\"1280\" \/>\n\t<meta property=\"og:image:height\" content=\"853\" \/>\n\t<meta property=\"og:image:type\" content=\"image\/jpeg\" \/>\n<meta name=\"twitter:card\" content=\"summary_large_image\" \/>\n<meta name=\"twitter:label1\" content=\"Napsal(a)\" \/>\n\t<meta name=\"twitter:data1\" content=\"\" \/>\n\t<meta name=\"twitter:label2\" content=\"Odhadovan\u00e1 doba \u010dten\u00ed\" \/>\n\t<meta name=\"twitter:data2\" content=\"3 minuty\" \/>\n<script type=\"application\/ld+json\" class=\"yoast-schema-graph\">{\"@context\":\"https:\\\/\\\/schema.org\",\"@graph\":[{\"@type\":\"Article\",\"@id\":\"https:\\\/\\\/all4camper.com\\\/cs\\\/dve-rychle-vecere-a-dve-limonady-recepty-na-cesty\\\/#article\",\"isPartOf\":{\"@id\":\"https:\\\/\\\/all4camper.com\\\/cs\\\/dve-rychle-vecere-a-dve-limonady-recepty-na-cesty\\\/\"},\"author\":{\"name\":\"\",\"@id\":\"\"},\"headline\":\"Dv\u011b rychl\u00e9 ve\u010de\u0159e a dv\u011b limon\u00e1dy &#8211; recepty na cesty\",\"datePublished\":\"2019-06-04T06:00:46+00:00\",\"dateModified\":\"2019-06-24T10:08:43+00:00\",\"mainEntityOfPage\":{\"@id\":\"https:\\\/\\\/all4camper.com\\\/cs\\\/dve-rychle-vecere-a-dve-limonady-recepty-na-cesty\\\/\"},\"wordCount\":566,\"publisher\":{\"@id\":\"https:\\\/\\\/all4camper.com\\\/cs\\\/#organization\"},\"image\":{\"@id\":\"https:\\\/\\\/all4camper.com\\\/cs\\\/dve-rychle-vecere-a-dve-limonady-recepty-na-cesty\\\/#primaryimage\"},\"thumbnailUrl\":\"https:\\\/\\\/all4camper.com\\\/wp-content\\\/uploads\\\/2019\\\/06\\\/mineral-water-1532300_1280.jpg\",\"keywords\":[\"Recepty\"],\"articleSection\":[\"\u010cten\u00ed na cesty\"],\"inLanguage\":\"cs\"},{\"@type\":\"WebPage\",\"@id\":\"https:\\\/\\\/all4camper.com\\\/cs\\\/dve-rychle-vecere-a-dve-limonady-recepty-na-cesty\\\/\",\"url\":\"https:\\\/\\\/all4camper.com\\\/cs\\\/dve-rychle-vecere-a-dve-limonady-recepty-na-cesty\\\/\",\"name\":\"Dv\u011b rychl\u00e9 ve\u010de\u0159e a dv\u011b limon\u00e1dy \u2013 recepty na cesty\",\"isPartOf\":{\"@id\":\"https:\\\/\\\/all4camper.com\\\/cs\\\/#website\"},\"primaryImageOfPage\":{\"@id\":\"https:\\\/\\\/all4camper.com\\\/cs\\\/dve-rychle-vecere-a-dve-limonady-recepty-na-cesty\\\/#primaryimage\"},\"image\":{\"@id\":\"https:\\\/\\\/all4camper.com\\\/cs\\\/dve-rychle-vecere-a-dve-limonady-recepty-na-cesty\\\/#primaryimage\"},\"thumbnailUrl\":\"https:\\\/\\\/all4camper.com\\\/wp-content\\\/uploads\\\/2019\\\/06\\\/mineral-water-1532300_1280.jpg\",\"datePublished\":\"2019-06-04T06:00:46+00:00\",\"dateModified\":\"2019-06-24T10:08:43+00:00\",\"description\":\"All4Camper - Dv\u011b rychl\u00e9 ve\u010de\u0159e a dv\u011b limon\u00e1dy - recepty na cesty\",\"breadcrumb\":{\"@id\":\"https:\\\/\\\/all4camper.com\\\/cs\\\/dve-rychle-vecere-a-dve-limonady-recepty-na-cesty\\\/#breadcrumb\"},\"inLanguage\":\"cs\",\"potentialAction\":[{\"@type\":\"ReadAction\",\"target\":[\"https:\\\/\\\/all4camper.com\\\/cs\\\/dve-rychle-vecere-a-dve-limonady-recepty-na-cesty\\\/\"]}]},{\"@type\":\"ImageObject\",\"inLanguage\":\"cs\",\"@id\":\"https:\\\/\\\/all4camper.com\\\/cs\\\/dve-rychle-vecere-a-dve-limonady-recepty-na-cesty\\\/#primaryimage\",\"url\":\"https:\\\/\\\/all4camper.com\\\/wp-content\\\/uploads\\\/2019\\\/06\\\/mineral-water-1532300_1280.jpg\",\"contentUrl\":\"https:\\\/\\\/all4camper.com\\\/wp-content\\\/uploads\\\/2019\\\/06\\\/mineral-water-1532300_1280.jpg\",\"width\":1280,\"height\":853},{\"@type\":\"BreadcrumbList\",\"@id\":\"https:\\\/\\\/all4camper.com\\\/cs\\\/dve-rychle-vecere-a-dve-limonady-recepty-na-cesty\\\/#breadcrumb\",\"itemListElement\":[{\"@type\":\"ListItem\",\"position\":1,\"name\":\"Dom\u016f\",\"item\":\"https:\\\/\\\/all4camper.com\\\/cs\\\/\"},{\"@type\":\"ListItem\",\"position\":2,\"name\":\"\u010cten\u00ed na cesty\",\"item\":\"https:\\\/\\\/all4camper.com\\\/cs\\\/category\\\/magazin_all4camper\\\/\"},{\"@type\":\"ListItem\",\"position\":3,\"name\":\"Dv\u011b rychl\u00e9 ve\u010de\u0159e a dv\u011b limon\u00e1dy &#8211; recepty na cesty\"}]},{\"@type\":\"WebSite\",\"@id\":\"https:\\\/\\\/all4camper.com\\\/cs\\\/#website\",\"url\":\"https:\\\/\\\/all4camper.com\\\/cs\\\/\",\"name\":\"All4Camper\",\"description\":\"Nejv\u011bt\u0161\u00ed online magaz\u00edn o kempov\u00e1n\u00ed a karavaninku. V\u00edce jak 900 \u010dl\u00e1nk\u016f pln\u00fdch rad a tip\u016f o kempech a kempov\u00e1n\u00ed.\",\"publisher\":{\"@id\":\"https:\\\/\\\/all4camper.com\\\/cs\\\/#organization\"},\"potentialAction\":[{\"@type\":\"SearchAction\",\"target\":{\"@type\":\"EntryPoint\",\"urlTemplate\":\"https:\\\/\\\/all4camper.com\\\/cs\\\/?s={search_term_string}\"},\"query-input\":{\"@type\":\"PropertyValueSpecification\",\"valueRequired\":true,\"valueName\":\"search_term_string\"}}],\"inLanguage\":\"cs\"},{\"@type\":\"Organization\",\"@id\":\"https:\\\/\\\/all4camper.com\\\/cs\\\/#organization\",\"name\":\"All4Camper - kempujeme s Kl\u00e1rou\",\"url\":\"https:\\\/\\\/all4camper.com\\\/cs\\\/\",\"logo\":{\"@type\":\"ImageObject\",\"inLanguage\":\"cs\",\"@id\":\"https:\\\/\\\/all4camper.com\\\/cs\\\/#\\\/schema\\\/logo\\\/image\\\/\",\"url\":\"https:\\\/\\\/all4camper.com\\\/wp-content\\\/uploads\\\/2018\\\/09\\\/novelogo.png\",\"contentUrl\":\"https:\\\/\\\/all4camper.com\\\/wp-content\\\/uploads\\\/2018\\\/09\\\/novelogo.png\",\"width\":1520,\"height\":600,\"caption\":\"All4Camper - kempujeme s Kl\u00e1rou\"},\"image\":{\"@id\":\"https:\\\/\\\/all4camper.com\\\/cs\\\/#\\\/schema\\\/logo\\\/image\\\/\"}},{\"@type\":\"Person\",\"@id\":\"\",\"url\":\"https:\\\/\\\/all4camper.com\\\/cs\\\/author\\\/\"}]}<\/script>\n<!-- \/ Yoast SEO plugin. -->","yoast_head_json":{"title":"Dv\u011b rychl\u00e9 ve\u010de\u0159e a dv\u011b limon\u00e1dy \u2013 recepty na cesty","description":"All4Camper - Dv\u011b rychl\u00e9 ve\u010de\u0159e a dv\u011b limon\u00e1dy - recepty na cesty","robots":{"index":"index","follow":"follow","max-snippet":"max-snippet:-1","max-image-preview":"max-image-preview:large","max-video-preview":"max-video-preview:-1"},"canonical":"https:\/\/all4camper.com\/cs\/dve-rychle-vecere-a-dve-limonady-recepty-na-cesty\/","og_locale":"cs_CZ","og_type":"article","og_title":"Dv\u011b rychl\u00e9 ve\u010de\u0159e a dv\u011b limon\u00e1dy \u2013 recepty na cesty","og_description":"All4Camper - Dv\u011b rychl\u00e9 ve\u010de\u0159e a dv\u011b limon\u00e1dy - recepty na cesty","og_url":"https:\/\/all4camper.com\/cs\/dve-rychle-vecere-a-dve-limonady-recepty-na-cesty\/","og_site_name":"All4Camper","article_published_time":"2019-06-04T06:00:46+00:00","article_modified_time":"2019-06-24T10:08:43+00:00","og_image":[{"width":1280,"height":853,"url":"https:\/\/all4camper.com\/wp-content\/uploads\/2019\/06\/mineral-water-1532300_1280.jpg","type":"image\/jpeg"}],"twitter_card":"summary_large_image","twitter_misc":{"Napsal(a)":"","Odhadovan\u00e1 doba \u010dten\u00ed":"3 minuty"},"schema":{"@context":"https:\/\/schema.org","@graph":[{"@type":"Article","@id":"https:\/\/all4camper.com\/cs\/dve-rychle-vecere-a-dve-limonady-recepty-na-cesty\/#article","isPartOf":{"@id":"https:\/\/all4camper.com\/cs\/dve-rychle-vecere-a-dve-limonady-recepty-na-cesty\/"},"author":{"name":"","@id":""},"headline":"Dv\u011b rychl\u00e9 ve\u010de\u0159e a dv\u011b limon\u00e1dy &#8211; recepty na cesty","datePublished":"2019-06-04T06:00:46+00:00","dateModified":"2019-06-24T10:08:43+00:00","mainEntityOfPage":{"@id":"https:\/\/all4camper.com\/cs\/dve-rychle-vecere-a-dve-limonady-recepty-na-cesty\/"},"wordCount":566,"publisher":{"@id":"https:\/\/all4camper.com\/cs\/#organization"},"image":{"@id":"https:\/\/all4camper.com\/cs\/dve-rychle-vecere-a-dve-limonady-recepty-na-cesty\/#primaryimage"},"thumbnailUrl":"https:\/\/all4camper.com\/wp-content\/uploads\/2019\/06\/mineral-water-1532300_1280.jpg","keywords":["Recepty"],"articleSection":["\u010cten\u00ed na cesty"],"inLanguage":"cs"},{"@type":"WebPage","@id":"https:\/\/all4camper.com\/cs\/dve-rychle-vecere-a-dve-limonady-recepty-na-cesty\/","url":"https:\/\/all4camper.com\/cs\/dve-rychle-vecere-a-dve-limonady-recepty-na-cesty\/","name":"Dv\u011b rychl\u00e9 ve\u010de\u0159e a dv\u011b limon\u00e1dy \u2013 recepty na cesty","isPartOf":{"@id":"https:\/\/all4camper.com\/cs\/#website"},"primaryImageOfPage":{"@id":"https:\/\/all4camper.com\/cs\/dve-rychle-vecere-a-dve-limonady-recepty-na-cesty\/#primaryimage"},"image":{"@id":"https:\/\/all4camper.com\/cs\/dve-rychle-vecere-a-dve-limonady-recepty-na-cesty\/#primaryimage"},"thumbnailUrl":"https:\/\/all4camper.com\/wp-content\/uploads\/2019\/06\/mineral-water-1532300_1280.jpg","datePublished":"2019-06-04T06:00:46+00:00","dateModified":"2019-06-24T10:08:43+00:00","description":"All4Camper - Dv\u011b rychl\u00e9 ve\u010de\u0159e a dv\u011b limon\u00e1dy - recepty na cesty","breadcrumb":{"@id":"https:\/\/all4camper.com\/cs\/dve-rychle-vecere-a-dve-limonady-recepty-na-cesty\/#breadcrumb"},"inLanguage":"cs","potentialAction":[{"@type":"ReadAction","target":["https:\/\/all4camper.com\/cs\/dve-rychle-vecere-a-dve-limonady-recepty-na-cesty\/"]}]},{"@type":"ImageObject","inLanguage":"cs","@id":"https:\/\/all4camper.com\/cs\/dve-rychle-vecere-a-dve-limonady-recepty-na-cesty\/#primaryimage","url":"https:\/\/all4camper.com\/wp-content\/uploads\/2019\/06\/mineral-water-1532300_1280.jpg","contentUrl":"https:\/\/all4camper.com\/wp-content\/uploads\/2019\/06\/mineral-water-1532300_1280.jpg","width":1280,"height":853},{"@type":"BreadcrumbList","@id":"https:\/\/all4camper.com\/cs\/dve-rychle-vecere-a-dve-limonady-recepty-na-cesty\/#breadcrumb","itemListElement":[{"@type":"ListItem","position":1,"name":"Dom\u016f","item":"https:\/\/all4camper.com\/cs\/"},{"@type":"ListItem","position":2,"name":"\u010cten\u00ed na cesty","item":"https:\/\/all4camper.com\/cs\/category\/magazin_all4camper\/"},{"@type":"ListItem","position":3,"name":"Dv\u011b rychl\u00e9 ve\u010de\u0159e a dv\u011b limon\u00e1dy &#8211; recepty na cesty"}]},{"@type":"WebSite","@id":"https:\/\/all4camper.com\/cs\/#website","url":"https:\/\/all4camper.com\/cs\/","name":"All4Camper","description":"Nejv\u011bt\u0161\u00ed online magaz\u00edn o kempov\u00e1n\u00ed a karavaninku. V\u00edce jak 900 \u010dl\u00e1nk\u016f pln\u00fdch rad a tip\u016f o kempech a kempov\u00e1n\u00ed.","publisher":{"@id":"https:\/\/all4camper.com\/cs\/#organization"},"potentialAction":[{"@type":"SearchAction","target":{"@type":"EntryPoint","urlTemplate":"https:\/\/all4camper.com\/cs\/?s={search_term_string}"},"query-input":{"@type":"PropertyValueSpecification","valueRequired":true,"valueName":"search_term_string"}}],"inLanguage":"cs"},{"@type":"Organization","@id":"https:\/\/all4camper.com\/cs\/#organization","name":"All4Camper - kempujeme s Kl\u00e1rou","url":"https:\/\/all4camper.com\/cs\/","logo":{"@type":"ImageObject","inLanguage":"cs","@id":"https:\/\/all4camper.com\/cs\/#\/schema\/logo\/image\/","url":"https:\/\/all4camper.com\/wp-content\/uploads\/2018\/09\/novelogo.png","contentUrl":"https:\/\/all4camper.com\/wp-content\/uploads\/2018\/09\/novelogo.png","width":1520,"height":600,"caption":"All4Camper - kempujeme s Kl\u00e1rou"},"image":{"@id":"https:\/\/all4camper.com\/cs\/#\/schema\/logo\/image\/"}},{"@type":"Person","@id":"","url":"https:\/\/all4camper.com\/cs\/author\/"}]}},"_links":{"self":[{"href":"https:\/\/all4camper.com\/cs\/wp-json\/wp\/v2\/posts\/76735","targetHints":{"allow":["GET"]}}],"collection":[{"href":"https:\/\/all4camper.com\/cs\/wp-json\/wp\/v2\/posts"}],"about":[{"href":"https:\/\/all4camper.com\/cs\/wp-json\/wp\/v2\/types\/post"}],"author":[{"embeddable":true,"href":"https:\/\/all4camper.com\/cs\/wp-json\/wp\/v2\/users\/154"}],"replies":[{"embeddable":true,"href":"https:\/\/all4camper.com\/cs\/wp-json\/wp\/v2\/comments?post=76735"}],"version-history":[{"count":0,"href":"https:\/\/all4camper.com\/cs\/wp-json\/wp\/v2\/posts\/76735\/revisions"}],"wp:featuredmedia":[{"embeddable":true,"href":"https:\/\/all4camper.com\/cs\/wp-json\/wp\/v2\/media\/76736"}],"wp:attachment":[{"href":"https:\/\/all4camper.com\/cs\/wp-json\/wp\/v2\/media?parent=76735"}],"wp:term":[{"taxonomy":"category","embeddable":true,"href":"https:\/\/all4camper.com\/cs\/wp-json\/wp\/v2\/categories?post=76735"},{"taxonomy":"post_tag","embeddable":true,"href":"https:\/\/all4camper.com\/cs\/wp-json\/wp\/v2\/tags?post=76735"}],"curies":[{"name":"wp","href":"https:\/\/api.w.org\/{rel}","templated":true}]}}