{"id":76380,"date":"2019-05-23T09:49:58","date_gmt":"2019-05-23T07:49:58","guid":{"rendered":"https:\/\/all4camper.com\/\/?p=76380"},"modified":"2020-04-21T14:46:45","modified_gmt":"2020-04-21T12:46:45","slug":"raj-na-tolik-popularnim-hvaru-kemp-mlaska","status":"publish","type":"post","link":"https:\/\/all4camper.com\/cs\/raj-na-tolik-popularnim-hvaru-kemp-mlaska\/","title":{"rendered":"R\u00e1j na tolik popul\u00e1rn\u00edm Hvaru &#8211; kemp Mlaska"},"content":{"rendered":"<p><span style=\"font-weight: 400;\">Hvar jen neslune\u010dn\u011bj\u0161\u00edm a velmi hojn\u011b nav\u0161t\u011bvovan\u00fdm ostrovem \u2013 i p\u0159esto, \u017ee se sem z&nbsp;\u010ceska docela projedete. Ale stoj\u00ed to za to. T\u0159eba u\u017e kv\u016fli Mlasce, kter\u00e1 si navzdory popularit\u011b ostrova uchovala klidn\u00fd r\u00e1z.<\/span><\/p>\n<p><img loading=\"lazy\" decoding=\"async\" class=\"aligncenter wp-image-76516\" src=\"https:\/\/all4camper.com\/\/wp-content\/uploads\/2019\/05\/2mlaska-autokamp-fkk-SD4MJpk.jpg\" alt=\"\" width=\"850\" height=\"463\" srcset=\"https:\/\/all4camper.com\/wp-content\/uploads\/2019\/05\/2mlaska-autokamp-fkk-SD4MJpk.jpg 900w, https:\/\/all4camper.com\/wp-content\/uploads\/2019\/05\/2mlaska-autokamp-fkk-SD4MJpk-300x163.jpg 300w, https:\/\/all4camper.com\/wp-content\/uploads\/2019\/05\/2mlaska-autokamp-fkk-SD4MJpk-150x82.jpg 150w, https:\/\/all4camper.com\/wp-content\/uploads\/2019\/05\/2mlaska-autokamp-fkk-SD4MJpk-768x418.jpg 768w\" sizes=\"auto, (max-width: 850px) 100vw, 850px\" \/><\/p>\n<p><b>Jd\u011bte st\u00e1le za v\u016fn\u00ed<\/b><\/p>\n<p><span style=\"font-weight: 400;\">Dostanete se sem velmi snadno, a to <strong>trajektem z Drveniku za lehkou p\u016fl hodinu<\/strong>, a \u017ee jste nastoupili na ten ten spr\u00e1vn\u00fd pozn\u00e1te podle st\u00e1le se zesiluj\u00edc\u00ed v\u016fn\u011b levandule, ale o tom bude je\u0161t\u011b \u0159e\u010d v n\u011bkter\u00e9m z dal\u0161\u00ed \u010dl\u00e1nk\u016f. Druhou mo\u017enost\u00ed je t<strong>rajekt ze Splitu do Stari Gradu<\/strong> \u2013 a pak m\u00edstn\u00edmi dobrodru\u017en\u00fdmi silni\u010dkami, ale o t\u011bch si tak\u00e9 budeme je\u0161t\u011b pov\u00eddat. To toti\u017e vyd\u00e1 na samostatn\u00fd text, uvid\u00edte, \u017ee mi d\u00e1te za pravdu. Dobrodru\u017en\u00e9, ale ty v\u00fdhledy&#8230;<\/span><\/p>\n<p><img loading=\"lazy\" decoding=\"async\" class=\"aligncenter wp-image-76543\" src=\"https:\/\/all4camper.com\/\/wp-content\/uploads\/2019\/05\/PART_1558360898367-1.jpeg\" alt=\"\" width=\"850\" height=\"638\" srcset=\"https:\/\/all4camper.com\/wp-content\/uploads\/2019\/05\/PART_1558360898367-1.jpeg 941w, https:\/\/all4camper.com\/wp-content\/uploads\/2019\/05\/PART_1558360898367-1-300x225.jpeg 300w, https:\/\/all4camper.com\/wp-content\/uploads\/2019\/05\/PART_1558360898367-1-150x113.jpeg 150w, https:\/\/all4camper.com\/wp-content\/uploads\/2019\/05\/PART_1558360898367-1-768x576.jpeg 768w, https:\/\/all4camper.com\/wp-content\/uploads\/2019\/05\/PART_1558360898367-1-678x509.jpeg 678w, https:\/\/all4camper.com\/wp-content\/uploads\/2019\/05\/PART_1558360898367-1-326x245.jpeg 326w, https:\/\/all4camper.com\/wp-content\/uploads\/2019\/05\/PART_1558360898367-1-80x60.jpeg 80w\" sizes=\"auto, (max-width: 850px) 100vw, 850px\" \/><\/p>\n<p><b>\u010cty\u0159i kilometry zat\u00e1\u010dek<\/b><\/p>\n<p><span style=\"font-weight: 400;\">Jakmile v m\u011bste\u010dku Su\u0107uraji sjedete z trajektu, u\u017e v\u00e1s od kempu d\u011bl\u00ed jen n\u011bkolik zat\u00e1\u010dek, i kdy\u017e se to nezd\u00e1, o samotn\u00e9m p\u0159\u00edstavi\u0161ti nebudete m\u00edt ani tu\u0161en\u00ed. Zabloudit nem\u016f\u017eete, silnice je tu jen jedna. Pak prudce odbo\u010d\u00edte doprava a klikat\u00edc\u00ed se stezkou doputujete a\u017e k recepci. Nebojte, <strong>projedou tu i ty nejv\u011bt\u0161\u00ed obyt\u0148\u00e1ky<\/strong>. Ano, i Concorde, kter\u00e9 pro n\u00e1s Kl\u00e1rka jede prozkoumat \u2013 a j\u00e1 u\u017e se moc t\u011b\u0161\u00edm na vypr\u00e1v\u011bn\u00ed. No a pak u\u017e nezb\u00fdv\u00e1, ne\u017e hledat m\u00edsto.<\/span><\/p>\n<p><b>Je to jen na v\u00e1s<\/b><\/p>\n<p><span style=\"font-weight: 400;\">M\u00edsta tu nejsou specificky rozd\u011blen\u00e1, a tak se sp\u00ed\u0161e v\u011b\u0159\u00ed v rozum kempa\u0159\u016f, \u017ee nezastav\u00edte tak, abyste \u0161tvali sousedy. P\u0159\u00edpojek na elektriku je tu dost. Pro vodu a vypustit toaletu se sice trochu prob\u011bhnete, ale to na spoust\u011b m\u00edst. No, a u\u017e n\u00e1m nezb\u00fdv\u00e1 ne\u017e doj\u00edt se p\u0159ihl\u00e1sit na recepci a odpo\u010dinek m\u016f\u017ee za\u010d\u00edt.<\/span><\/p>\n<p><img loading=\"lazy\" decoding=\"async\" class=\"aligncenter wp-image-76519\" src=\"https:\/\/all4camper.com\/\/wp-content\/uploads\/2019\/05\/17218650_598592166931963_15378905302512850_o.jpg\" alt=\"\" width=\"850\" height=\"567\" srcset=\"https:\/\/all4camper.com\/wp-content\/uploads\/2019\/05\/17218650_598592166931963_15378905302512850_o.jpg 2048w, https:\/\/all4camper.com\/wp-content\/uploads\/2019\/05\/17218650_598592166931963_15378905302512850_o-300x200.jpg 300w, https:\/\/all4camper.com\/wp-content\/uploads\/2019\/05\/17218650_598592166931963_15378905302512850_o-1620x1080.jpg 1620w, https:\/\/all4camper.com\/wp-content\/uploads\/2019\/05\/17218650_598592166931963_15378905302512850_o-150x100.jpg 150w, https:\/\/all4camper.com\/wp-content\/uploads\/2019\/05\/17218650_598592166931963_15378905302512850_o-768x512.jpg 768w, https:\/\/all4camper.com\/wp-content\/uploads\/2019\/05\/17218650_598592166931963_15378905302512850_o-1536x1024.jpg 1536w\" sizes=\"auto, (max-width: 850px) 100vw, 850px\" \/><\/p>\n<p><b>Tak trochu robinson\u00e1da<\/b><\/p>\n<p><span style=\"font-weight: 400;\">Ne\u010dekejte n\u011bjak\u00fd velk\u00fd luxus. V kempu se nach\u00e1z\u00ed mal\u00fd kr\u00e1mek, kde koup\u00edte opravdu jen to z\u00e1kladn\u00ed, nicm\u00e9n\u011b ka\u017ed\u00e9 r\u00e1no p\u0159iv\u00e1\u017eej\u00ed \u010derstv\u00e9 pe\u010divo. Na n\u00e1kupy se mus\u00ed nejl\u00e9pe do nejbli\u017e\u0161\u00edho Su\u0107uraje, kter\u00fd u\u017e bude v\u011bt\u0161ina z v\u00e1s zn\u00e1t od p\u0159\u00edjezdu. V kempu je i mal\u00e1 restaurace, ale tak\u00e9 ne\u010dekejte nic z\u00e1vratn\u00e9ho, nicm\u00e9n\u011b pivo tu maj\u00ed dobr\u00e9 a naj\u00edst se tu tak\u00e9 d\u00e1. I kdy\u017e mus\u00edte se sm\u00ed\u0159it s faktem, \u017ee t\u0159eba ka\u017ed\u00fd den pod t\u00edm sam\u00fdm n\u00e1zvem j\u00eddla dostanete n\u011bco jin\u00e9ho. \u017divot ale nem\u00e1 b\u00fdt nuda a \u010dlov\u011bk mus\u00ed sem tam zkusit n\u011bco nov\u00e9ho. Radost v\u00e1m to neud\u011bl\u00e1, pokud v\u00e1m variace na dan\u00e9 j\u00eddlo z&nbsp;p\u0159edchoz\u00edho dne extr\u00e9mn\u011b zachutnala. Ob\u010das tu ale b\u00fdv\u00e1 i \u017eiv\u00e1 muzika. &nbsp;Um\u00fdv\u00e1rny a toalety jsou pak nov\u00e9, \u010dist\u00e9, v\u0161e pot\u0159ebn\u00e9 pravideln\u011b dopl\u0148ov\u00e1no a je k nim je p\u0159ipojen i prostor na myt\u00ed n\u00e1dob\u00ed. <\/span><\/p>\n<p><b>Jako Karibik<\/b><\/p>\n<p><span style=\"font-weight: 400;\">Co se koup\u00e1n\u00ed t\u00fd\u010de, <strong>unik\u00e1tn\u00ed na&nbsp;kempu je jemn\u00fd b\u00edl\u00fd p\u00edsek, kter\u00fd se v&nbsp;z\u00e1toce usadil<\/strong>. Kdy\u017e si p\u0159ivstanete, c\u00edt\u00edte p\u0159i vstupu do&nbsp;vody nezvykl\u00e9 p\u00edse\u010dn\u00e9 vlnky pod chodidly. Dokonal\u00e1 mo\u0159sk\u00e1 akupresura. <\/span><\/p>\n<p><span style=\"font-weight: 400;\">R\u00e1no je v\u017edy pl\u00e1\u017e pe\u010dliv\u011b vy\u010di\u0161t\u011bna. A\u017e usly\u0161\u00edte rytmick\u00e9 \u0161ustiv\u00e9 \u0161oup\u00e1n\u00ed, je n\u011bco po \u0161est\u00e9 a p\u00e1n s ko\u0161t\u011btem, hr\u00e1b\u011bmi a lopatou vyrazil. Je tu fajn i pro d\u011bti, proto\u017ee <strong>vstup do mo\u0159e je velmi pozvoln\u00fd<\/strong>. Ne\u010dekejte ale pl\u00e1\u017ee, ty tu sice jsou, ov\u0161em mali\u010dk\u00e9 a nep\u0159\u00edli\u0161 vhodn\u00e9 k le\u017een\u00ed. Tak n\u011bjak se o\u010dek\u00e1v\u00e1, \u017ee bivakovat budete \u201ena sv\u00e9 vlastn\u00ed terase\u201c.<\/span><\/p>\n<p><img loading=\"lazy\" decoding=\"async\" class=\"size-full wp-image-76537 aligncenter\" src=\"https:\/\/all4camper.com\/\/wp-content\/uploads\/2019\/05\/38432228_947985605325949_8184739027878936576_n.jpg\" alt=\"\" width=\"858\" height=\"480\" srcset=\"https:\/\/all4camper.com\/wp-content\/uploads\/2019\/05\/38432228_947985605325949_8184739027878936576_n.jpg 858w, https:\/\/all4camper.com\/wp-content\/uploads\/2019\/05\/38432228_947985605325949_8184739027878936576_n-300x168.jpg 300w, https:\/\/all4camper.com\/wp-content\/uploads\/2019\/05\/38432228_947985605325949_8184739027878936576_n-150x84.jpg 150w, https:\/\/all4camper.com\/wp-content\/uploads\/2019\/05\/38432228_947985605325949_8184739027878936576_n-768x430.jpg 768w\" sizes=\"auto, (max-width: 858px) 100vw, 858px\" \/><\/p>\n<p><span style=\"font-weight: 400;\"><strong>Dal\u0161\u00ed, co kemp \u010din\u00ed jedine\u010dn\u00fdm, je fakt, \u017ee je t\u00e9m\u011b\u0159 polodivok\u00fd<\/strong>, kus od b\u011b\u017en\u00fdch turistick\u00fdch c\u00edl\u016f a dav\u016f n\u00e1v\u0161t\u011bvn\u00edk\u016f, jak je to jinak pro Chorvatsko typick\u00e9. Nepo\u010d\u00edtejte ka\u017edop\u00e1dn\u011b, \u017ee byste tu mohli n\u011bkam vyr\u00e1\u017eet na proch\u00e1zky. Ov\u0161em&#8230; Kr\u00e1sa kempu l\u00e1k\u00e1 i n\u00e1v\u0161t\u011bvn\u00edky na lod\u00edch z Makarsk\u00e9. M\u00e1me t\u00edm na mysli lod\u011b, kter\u00e9 turisty p\u0159ivezou, oni se mohou dv\u011b hodiny koupat, dostanou ob\u011bd a odjedou. Mali Zoran je u\u017e legenda. Tak to pak b\u00fdv\u00e1 ru\u0161no, ale d\u00e1 se to p\u0159e\u017e\u00edt, t\u0159eba s knihou a pocitem, \u017ee za chvilku bude tento r\u00e1j s \u00fa\u017easn\u00fdmi z\u00e1pady slunce zase jen v\u00e1\u0161.<\/span><\/p>\n<p><span style=\"font-weight: 400;\"><strong>Velmi \u010dasto vyhled\u00e1vaj\u00ed tento kemp nudist\u00e9, t\u011bm je vyhrazena cel\u00e1 jeho polovina, ale pokud v\u00e1m nen\u00ed tento styl relaxace bl\u00edzk\u00fd, nebojte, skupiny o sob\u011b navz\u00e1jem v\u016fbec nev\u011bd\u00ed, v\u0161e je odd\u011bleno velmi pe\u010dliv\u011b.<\/strong> Ale takov\u00e1 tajn\u00e1 informace, jejich sprchy b\u00fdvaj\u00ed m\u00e9n\u011b pln\u00e9.<\/span><\/p>\n<p><img loading=\"lazy\" decoding=\"async\" class=\"aligncenter wp-image-76534\" src=\"https:\/\/all4camper.com\/\/wp-content\/uploads\/2019\/05\/20934788_697763413681504_8874131940245484798_o.jpg\" alt=\"\" width=\"850\" height=\"567\" srcset=\"https:\/\/all4camper.com\/wp-content\/uploads\/2019\/05\/20934788_697763413681504_8874131940245484798_o.jpg 2048w, https:\/\/all4camper.com\/wp-content\/uploads\/2019\/05\/20934788_697763413681504_8874131940245484798_o-150x100.jpg 150w, https:\/\/all4camper.com\/wp-content\/uploads\/2019\/05\/20934788_697763413681504_8874131940245484798_o-300x200.jpg 300w, https:\/\/all4camper.com\/wp-content\/uploads\/2019\/05\/20934788_697763413681504_8874131940245484798_o-768x512.jpg 768w, https:\/\/all4camper.com\/wp-content\/uploads\/2019\/05\/20934788_697763413681504_8874131940245484798_o-1620x1080.jpg 1620w, https:\/\/all4camper.com\/wp-content\/uploads\/2019\/05\/20934788_697763413681504_8874131940245484798_o-200x133.jpg 200w, https:\/\/all4camper.com\/wp-content\/uploads\/2019\/05\/20934788_697763413681504_8874131940245484798_o-400x267.jpg 400w, https:\/\/all4camper.com\/wp-content\/uploads\/2019\/05\/20934788_697763413681504_8874131940245484798_o-600x400.jpg 600w, https:\/\/all4camper.com\/wp-content\/uploads\/2019\/05\/20934788_697763413681504_8874131940245484798_o-800x533.jpg 800w, https:\/\/all4camper.com\/wp-content\/uploads\/2019\/05\/20934788_697763413681504_8874131940245484798_o-1200x800.jpg 1200w, https:\/\/all4camper.com\/wp-content\/uploads\/2019\/05\/20934788_697763413681504_8874131940245484798_o-1536x1024.jpg 1536w\" sizes=\"auto, (max-width: 850px) 100vw, 850px\" \/><\/p>\n<p><span style=\"font-weight: 400;\">A&nbsp;kde se vzal n\u00e1zev kempu? Jm\u00e9no z\u00edskal podle vily z&nbsp;\u0159\u00edmsk\u00e9ho obdob\u00ed, kter\u00e1 tu st\u00e1vala. \u201eDodnes to potvrzuj\u00ed to \u010d\u00e1sti amfor, kter\u00e9 se objevuj\u00ed v p\u00edsku v na\u0161\u00ed z\u00e1toce, n\u011bkter\u00e9 m\u016f\u017eete vid\u011bt i v restauraci,\u201c \u0159\u00edk\u00e1 majitel.<\/span><\/p>\n<p><span style=\"font-weight: 400;\">Info o aktu\u00e1ln\u00edch cen\u00e1ch, ale i po\u010das\u00ed se dozv\u00edte na <\/span><a href=\"http:\/\/www.mlaska.com\" target=\"_blank\" rel=\"noopener noreferrer\"><span style=\"font-weight: 400;\">www.mlaska.com<\/span><\/a><\/p>\n<p><img loading=\"lazy\" decoding=\"async\" class=\"aligncenter wp-image-76540\" src=\"https:\/\/all4camper.com\/\/wp-content\/uploads\/2019\/05\/mlaska-plaza-beach4-s7p3H5n.jpg\" alt=\"\" width=\"850\" height=\"527\" srcset=\"https:\/\/all4camper.com\/wp-content\/uploads\/2019\/05\/mlaska-plaza-beach4-s7p3H5n.jpg 900w, https:\/\/all4camper.com\/wp-content\/uploads\/2019\/05\/mlaska-plaza-beach4-s7p3H5n-300x186.jpg 300w, https:\/\/all4camper.com\/wp-content\/uploads\/2019\/05\/mlaska-plaza-beach4-s7p3H5n-150x93.jpg 150w, https:\/\/all4camper.com\/wp-content\/uploads\/2019\/05\/mlaska-plaza-beach4-s7p3H5n-768x476.jpg 768w\" sizes=\"auto, (max-width: 850px) 100vw, 850px\" \/><\/p>\n<p><strong>N\u011bkolik praktick\u00fdch tip\u016f:<\/strong><\/p>\n<ul>\n<li><span style=\"font-weight: 400;\">Nesm\u00ed se tu rozd\u011bl\u00e1vat ohe\u0148.<\/span><\/li>\n<li><span style=\"font-weight: 400;\">M\u016f\u017eete si p\u0159iv\u00e9zt i lo\u010f, ale m\u00edst je tu poskrovnu, tak\u017ee sp\u00ed\u0161 nedoporu\u010dujeme. <\/span><\/li>\n<li><span style=\"font-weight: 400;\">Ob\u010das se stane, \u017ee vypadne na n\u011bkolik dn\u00ed proud, v\u011bt\u0161inou v\u0161ak provizorn\u011b funguje agreg\u00e1t. Nicm\u00e9n\u011b <strong>bez \u010delovky ani r\u00e1nu, kemp nen\u00ed v noci osv\u011btlen. <\/strong><\/span><\/li>\n<li><span style=\"font-weight: 400;\">Pejsci jsou tu v\u00edt\u00e1n\u00ed. <\/span><\/li>\n<li><span style=\"font-weight: 400;\">Wifi tu sice je, ale kvalitn\u011bj\u0161\u00ed sign\u00e1l dostanete jen v restauraci.<\/span><\/li>\n<li><span style=\"font-weight: 400;\">Internetov\u00e9 str\u00e1nky jsou i v&nbsp;\u010de\u0161tin\u011b, ale je tam velmi osekan\u00fd obsah<\/span><\/li>\n<\/ul>\n<p><em>Autor: Kate\u0159ina<\/em><\/p>\n","protected":false},"excerpt":{"rendered":"<p>Hvar jen neslune\u010dn\u011bj\u0161\u00edm a velmi hojn\u011b nav\u0161t\u011bvovan\u00fdm ostrovem \u2013 i p\u0159esto, \u017ee se sem z&nbsp;\u010ceska docela projedete. Ale stoj\u00ed to za to. T\u0159eba u\u017e kv\u016fli Mlasce, kter\u00e1 si navzdory popularit\u011b ostrova uchovala klidn\u00fd r\u00e1z. Jd\u011bte st\u00e1le za v\u016fn\u00ed Dostanete se sem velmi snadno, a to trajektem z Drveniku za lehkou p\u016fl hodinu, a \u017ee jste [&hellip;]<\/p>\n","protected":false},"author":4,"featured_media":76537,"comment_status":"closed","ping_status":"open","sticky":false,"template":"","format":"standard","meta":{"_monsterinsights_skip_tracking":false,"_monsterinsights_sitenote_active":false,"_monsterinsights_sitenote_note":"","_monsterinsights_sitenote_category":0,"footnotes":""},"categories":[2382,68],"tags":[112,101],"class_list":{"0":"post-76380","1":"post","2":"type-post","3":"status-publish","4":"format-standard","5":"has-post-thumbnail","7":"category-kempovani-a-cestovani-v-chorvatsku","8":"category-kempovani-a-zajimave-cile","9":"tag-chorvatsko","10":"tag-kempy-1"},"yoast_head":"<!-- This site is optimized with the Yoast SEO plugin v27.4 - https:\/\/yoast.com\/product\/yoast-seo-wordpress\/ -->\n<title>R\u00e1j na tolik popul\u00e1rn\u00edm Hvaru \u2013 kemp Mlaska<\/title>\n<meta name=\"description\" content=\"All4Camper - R\u00e1j na tolik popul\u00e1rn\u00edm Hvaru - kemp Mlaska\" \/>\n<meta name=\"robots\" content=\"index, follow, max-snippet:-1, max-image-preview:large, max-video-preview:-1\" \/>\n<link rel=\"canonical\" href=\"https:\/\/all4camper.com\/cs\/raj-na-tolik-popularnim-hvaru-kemp-mlaska\/\" \/>\n<meta property=\"og:locale\" content=\"cs_CZ\" \/>\n<meta property=\"og:type\" content=\"article\" \/>\n<meta property=\"og:title\" content=\"R\u00e1j na tolik popul\u00e1rn\u00edm Hvaru \u2013 kemp Mlaska\" \/>\n<meta property=\"og:description\" content=\"All4Camper - R\u00e1j na tolik popul\u00e1rn\u00edm Hvaru - kemp Mlaska\" \/>\n<meta property=\"og:url\" content=\"https:\/\/all4camper.com\/cs\/raj-na-tolik-popularnim-hvaru-kemp-mlaska\/\" \/>\n<meta property=\"og:site_name\" content=\"All4Camper\" \/>\n<meta property=\"article:published_time\" content=\"2019-05-23T07:49:58+00:00\" \/>\n<meta property=\"article:modified_time\" content=\"2020-04-21T12:46:45+00:00\" \/>\n<meta property=\"og:image\" content=\"https:\/\/all4camper.com\/wp-content\/uploads\/2019\/05\/38432228_947985605325949_8184739027878936576_n.jpg\" \/>\n\t<meta property=\"og:image:width\" content=\"858\" \/>\n\t<meta property=\"og:image:height\" content=\"480\" \/>\n\t<meta property=\"og:image:type\" content=\"image\/jpeg\" \/>\n<meta name=\"author\" content=\"Kl\u00e1ra H\u00e1jkov\u00e1\" \/>\n<meta name=\"twitter:card\" content=\"summary_large_image\" \/>\n<meta name=\"twitter:label1\" content=\"Napsal(a)\" \/>\n\t<meta name=\"twitter:data1\" content=\"Kl\u00e1ra H\u00e1jkov\u00e1\" \/>\n\t<meta name=\"twitter:label2\" content=\"Odhadovan\u00e1 doba \u010dten\u00ed\" \/>\n\t<meta name=\"twitter:data2\" content=\"5 minut\" \/>\n<script type=\"application\/ld+json\" class=\"yoast-schema-graph\">{\"@context\":\"https:\\\/\\\/schema.org\",\"@graph\":[{\"@type\":\"Article\",\"@id\":\"https:\\\/\\\/all4camper.com\\\/cs\\\/raj-na-tolik-popularnim-hvaru-kemp-mlaska\\\/#article\",\"isPartOf\":{\"@id\":\"https:\\\/\\\/all4camper.com\\\/cs\\\/raj-na-tolik-popularnim-hvaru-kemp-mlaska\\\/\"},\"author\":{\"name\":\"Kl\u00e1ra H\u00e1jkov\u00e1\",\"@id\":\"https:\\\/\\\/all4camper.com\\\/cs\\\/#\\\/schema\\\/person\\\/c6f1efdf1d02bc7d8c53a891cbe18c62\"},\"headline\":\"R\u00e1j na tolik popul\u00e1rn\u00edm Hvaru &#8211; kemp Mlaska\",\"datePublished\":\"2019-05-23T07:49:58+00:00\",\"dateModified\":\"2020-04-21T12:46:45+00:00\",\"mainEntityOfPage\":{\"@id\":\"https:\\\/\\\/all4camper.com\\\/cs\\\/raj-na-tolik-popularnim-hvaru-kemp-mlaska\\\/\"},\"wordCount\":1039,\"publisher\":{\"@id\":\"https:\\\/\\\/all4camper.com\\\/cs\\\/#organization\"},\"image\":{\"@id\":\"https:\\\/\\\/all4camper.com\\\/cs\\\/raj-na-tolik-popularnim-hvaru-kemp-mlaska\\\/#primaryimage\"},\"thumbnailUrl\":\"https:\\\/\\\/all4camper.com\\\/wp-content\\\/uploads\\\/2019\\\/05\\\/38432228_947985605325949_8184739027878936576_n.jpg\",\"keywords\":[\"Chorvatsko\",\"Kempy a kempovac\u00ed m\u00edsta\"],\"articleSection\":[\"Kempov\u00e1n\u00ed a cestov\u00e1n\u00ed v Chorvatsku\",\"Kempy a zaj\u00edmav\u00e1 m\u00edsta\"],\"inLanguage\":\"cs\"},{\"@type\":\"WebPage\",\"@id\":\"https:\\\/\\\/all4camper.com\\\/cs\\\/raj-na-tolik-popularnim-hvaru-kemp-mlaska\\\/\",\"url\":\"https:\\\/\\\/all4camper.com\\\/cs\\\/raj-na-tolik-popularnim-hvaru-kemp-mlaska\\\/\",\"name\":\"R\u00e1j na tolik popul\u00e1rn\u00edm Hvaru \u2013 kemp Mlaska\",\"isPartOf\":{\"@id\":\"https:\\\/\\\/all4camper.com\\\/cs\\\/#website\"},\"primaryImageOfPage\":{\"@id\":\"https:\\\/\\\/all4camper.com\\\/cs\\\/raj-na-tolik-popularnim-hvaru-kemp-mlaska\\\/#primaryimage\"},\"image\":{\"@id\":\"https:\\\/\\\/all4camper.com\\\/cs\\\/raj-na-tolik-popularnim-hvaru-kemp-mlaska\\\/#primaryimage\"},\"thumbnailUrl\":\"https:\\\/\\\/all4camper.com\\\/wp-content\\\/uploads\\\/2019\\\/05\\\/38432228_947985605325949_8184739027878936576_n.jpg\",\"datePublished\":\"2019-05-23T07:49:58+00:00\",\"dateModified\":\"2020-04-21T12:46:45+00:00\",\"description\":\"All4Camper - R\u00e1j na tolik popul\u00e1rn\u00edm Hvaru - kemp Mlaska\",\"breadcrumb\":{\"@id\":\"https:\\\/\\\/all4camper.com\\\/cs\\\/raj-na-tolik-popularnim-hvaru-kemp-mlaska\\\/#breadcrumb\"},\"inLanguage\":\"cs\",\"potentialAction\":[{\"@type\":\"ReadAction\",\"target\":[\"https:\\\/\\\/all4camper.com\\\/cs\\\/raj-na-tolik-popularnim-hvaru-kemp-mlaska\\\/\"]}]},{\"@type\":\"ImageObject\",\"inLanguage\":\"cs\",\"@id\":\"https:\\\/\\\/all4camper.com\\\/cs\\\/raj-na-tolik-popularnim-hvaru-kemp-mlaska\\\/#primaryimage\",\"url\":\"https:\\\/\\\/all4camper.com\\\/wp-content\\\/uploads\\\/2019\\\/05\\\/38432228_947985605325949_8184739027878936576_n.jpg\",\"contentUrl\":\"https:\\\/\\\/all4camper.com\\\/wp-content\\\/uploads\\\/2019\\\/05\\\/38432228_947985605325949_8184739027878936576_n.jpg\",\"width\":858,\"height\":480},{\"@type\":\"BreadcrumbList\",\"@id\":\"https:\\\/\\\/all4camper.com\\\/cs\\\/raj-na-tolik-popularnim-hvaru-kemp-mlaska\\\/#breadcrumb\",\"itemListElement\":[{\"@type\":\"ListItem\",\"position\":1,\"name\":\"Dom\u016f\",\"item\":\"https:\\\/\\\/all4camper.com\\\/cs\\\/\"},{\"@type\":\"ListItem\",\"position\":2,\"name\":\"Kempov\u00e1n\u00ed a cestov\u00e1n\u00ed v Chorvatsku\",\"item\":\"https:\\\/\\\/all4camper.com\\\/cs\\\/category\\\/kempovani-a-cestovani-v-chorvatsku\\\/\"},{\"@type\":\"ListItem\",\"position\":3,\"name\":\"R\u00e1j na tolik popul\u00e1rn\u00edm Hvaru &#8211; kemp Mlaska\"}]},{\"@type\":\"WebSite\",\"@id\":\"https:\\\/\\\/all4camper.com\\\/cs\\\/#website\",\"url\":\"https:\\\/\\\/all4camper.com\\\/cs\\\/\",\"name\":\"All4Camper\",\"description\":\"Nejv\u011bt\u0161\u00ed online magaz\u00edn o kempov\u00e1n\u00ed a karavaninku. V\u00edce jak 900 \u010dl\u00e1nk\u016f pln\u00fdch rad a tip\u016f o kempech a kempov\u00e1n\u00ed.\",\"publisher\":{\"@id\":\"https:\\\/\\\/all4camper.com\\\/cs\\\/#organization\"},\"potentialAction\":[{\"@type\":\"SearchAction\",\"target\":{\"@type\":\"EntryPoint\",\"urlTemplate\":\"https:\\\/\\\/all4camper.com\\\/cs\\\/?s={search_term_string}\"},\"query-input\":{\"@type\":\"PropertyValueSpecification\",\"valueRequired\":true,\"valueName\":\"search_term_string\"}}],\"inLanguage\":\"cs\"},{\"@type\":\"Organization\",\"@id\":\"https:\\\/\\\/all4camper.com\\\/cs\\\/#organization\",\"name\":\"All4Camper - kempujeme s Kl\u00e1rou\",\"url\":\"https:\\\/\\\/all4camper.com\\\/cs\\\/\",\"logo\":{\"@type\":\"ImageObject\",\"inLanguage\":\"cs\",\"@id\":\"https:\\\/\\\/all4camper.com\\\/cs\\\/#\\\/schema\\\/logo\\\/image\\\/\",\"url\":\"https:\\\/\\\/all4camper.com\\\/wp-content\\\/uploads\\\/2018\\\/09\\\/novelogo.png\",\"contentUrl\":\"https:\\\/\\\/all4camper.com\\\/wp-content\\\/uploads\\\/2018\\\/09\\\/novelogo.png\",\"width\":1520,\"height\":600,\"caption\":\"All4Camper - kempujeme s Kl\u00e1rou\"},\"image\":{\"@id\":\"https:\\\/\\\/all4camper.com\\\/cs\\\/#\\\/schema\\\/logo\\\/image\\\/\"}},{\"@type\":\"Person\",\"@id\":\"https:\\\/\\\/all4camper.com\\\/cs\\\/#\\\/schema\\\/person\\\/c6f1efdf1d02bc7d8c53a891cbe18c62\",\"name\":\"Kl\u00e1ra H\u00e1jkov\u00e1\",\"sameAs\":[\"http:\\\/\\\/www.all4camper.com\"],\"url\":\"https:\\\/\\\/all4camper.com\\\/cs\\\/author\\\/klarinkacestuje1\\\/\"}]}<\/script>\n<!-- \/ Yoast SEO plugin. -->","yoast_head_json":{"title":"R\u00e1j na tolik popul\u00e1rn\u00edm Hvaru \u2013 kemp Mlaska","description":"All4Camper - R\u00e1j na tolik popul\u00e1rn\u00edm Hvaru - kemp Mlaska","robots":{"index":"index","follow":"follow","max-snippet":"max-snippet:-1","max-image-preview":"max-image-preview:large","max-video-preview":"max-video-preview:-1"},"canonical":"https:\/\/all4camper.com\/cs\/raj-na-tolik-popularnim-hvaru-kemp-mlaska\/","og_locale":"cs_CZ","og_type":"article","og_title":"R\u00e1j na tolik popul\u00e1rn\u00edm Hvaru \u2013 kemp Mlaska","og_description":"All4Camper - R\u00e1j na tolik popul\u00e1rn\u00edm Hvaru - kemp Mlaska","og_url":"https:\/\/all4camper.com\/cs\/raj-na-tolik-popularnim-hvaru-kemp-mlaska\/","og_site_name":"All4Camper","article_published_time":"2019-05-23T07:49:58+00:00","article_modified_time":"2020-04-21T12:46:45+00:00","og_image":[{"width":858,"height":480,"url":"https:\/\/all4camper.com\/wp-content\/uploads\/2019\/05\/38432228_947985605325949_8184739027878936576_n.jpg","type":"image\/jpeg"}],"author":"Kl\u00e1ra H\u00e1jkov\u00e1","twitter_card":"summary_large_image","twitter_misc":{"Napsal(a)":"Kl\u00e1ra H\u00e1jkov\u00e1","Odhadovan\u00e1 doba \u010dten\u00ed":"5 minut"},"schema":{"@context":"https:\/\/schema.org","@graph":[{"@type":"Article","@id":"https:\/\/all4camper.com\/cs\/raj-na-tolik-popularnim-hvaru-kemp-mlaska\/#article","isPartOf":{"@id":"https:\/\/all4camper.com\/cs\/raj-na-tolik-popularnim-hvaru-kemp-mlaska\/"},"author":{"name":"Kl\u00e1ra H\u00e1jkov\u00e1","@id":"https:\/\/all4camper.com\/cs\/#\/schema\/person\/c6f1efdf1d02bc7d8c53a891cbe18c62"},"headline":"R\u00e1j na tolik popul\u00e1rn\u00edm Hvaru &#8211; kemp Mlaska","datePublished":"2019-05-23T07:49:58+00:00","dateModified":"2020-04-21T12:46:45+00:00","mainEntityOfPage":{"@id":"https:\/\/all4camper.com\/cs\/raj-na-tolik-popularnim-hvaru-kemp-mlaska\/"},"wordCount":1039,"publisher":{"@id":"https:\/\/all4camper.com\/cs\/#organization"},"image":{"@id":"https:\/\/all4camper.com\/cs\/raj-na-tolik-popularnim-hvaru-kemp-mlaska\/#primaryimage"},"thumbnailUrl":"https:\/\/all4camper.com\/wp-content\/uploads\/2019\/05\/38432228_947985605325949_8184739027878936576_n.jpg","keywords":["Chorvatsko","Kempy a kempovac\u00ed m\u00edsta"],"articleSection":["Kempov\u00e1n\u00ed a cestov\u00e1n\u00ed v Chorvatsku","Kempy a zaj\u00edmav\u00e1 m\u00edsta"],"inLanguage":"cs"},{"@type":"WebPage","@id":"https:\/\/all4camper.com\/cs\/raj-na-tolik-popularnim-hvaru-kemp-mlaska\/","url":"https:\/\/all4camper.com\/cs\/raj-na-tolik-popularnim-hvaru-kemp-mlaska\/","name":"R\u00e1j na tolik popul\u00e1rn\u00edm Hvaru \u2013 kemp Mlaska","isPartOf":{"@id":"https:\/\/all4camper.com\/cs\/#website"},"primaryImageOfPage":{"@id":"https:\/\/all4camper.com\/cs\/raj-na-tolik-popularnim-hvaru-kemp-mlaska\/#primaryimage"},"image":{"@id":"https:\/\/all4camper.com\/cs\/raj-na-tolik-popularnim-hvaru-kemp-mlaska\/#primaryimage"},"thumbnailUrl":"https:\/\/all4camper.com\/wp-content\/uploads\/2019\/05\/38432228_947985605325949_8184739027878936576_n.jpg","datePublished":"2019-05-23T07:49:58+00:00","dateModified":"2020-04-21T12:46:45+00:00","description":"All4Camper - R\u00e1j na tolik popul\u00e1rn\u00edm Hvaru - kemp Mlaska","breadcrumb":{"@id":"https:\/\/all4camper.com\/cs\/raj-na-tolik-popularnim-hvaru-kemp-mlaska\/#breadcrumb"},"inLanguage":"cs","potentialAction":[{"@type":"ReadAction","target":["https:\/\/all4camper.com\/cs\/raj-na-tolik-popularnim-hvaru-kemp-mlaska\/"]}]},{"@type":"ImageObject","inLanguage":"cs","@id":"https:\/\/all4camper.com\/cs\/raj-na-tolik-popularnim-hvaru-kemp-mlaska\/#primaryimage","url":"https:\/\/all4camper.com\/wp-content\/uploads\/2019\/05\/38432228_947985605325949_8184739027878936576_n.jpg","contentUrl":"https:\/\/all4camper.com\/wp-content\/uploads\/2019\/05\/38432228_947985605325949_8184739027878936576_n.jpg","width":858,"height":480},{"@type":"BreadcrumbList","@id":"https:\/\/all4camper.com\/cs\/raj-na-tolik-popularnim-hvaru-kemp-mlaska\/#breadcrumb","itemListElement":[{"@type":"ListItem","position":1,"name":"Dom\u016f","item":"https:\/\/all4camper.com\/cs\/"},{"@type":"ListItem","position":2,"name":"Kempov\u00e1n\u00ed a cestov\u00e1n\u00ed v Chorvatsku","item":"https:\/\/all4camper.com\/cs\/category\/kempovani-a-cestovani-v-chorvatsku\/"},{"@type":"ListItem","position":3,"name":"R\u00e1j na tolik popul\u00e1rn\u00edm Hvaru &#8211; kemp Mlaska"}]},{"@type":"WebSite","@id":"https:\/\/all4camper.com\/cs\/#website","url":"https:\/\/all4camper.com\/cs\/","name":"All4Camper","description":"Nejv\u011bt\u0161\u00ed online magaz\u00edn o kempov\u00e1n\u00ed a karavaninku. V\u00edce jak 900 \u010dl\u00e1nk\u016f pln\u00fdch rad a tip\u016f o kempech a kempov\u00e1n\u00ed.","publisher":{"@id":"https:\/\/all4camper.com\/cs\/#organization"},"potentialAction":[{"@type":"SearchAction","target":{"@type":"EntryPoint","urlTemplate":"https:\/\/all4camper.com\/cs\/?s={search_term_string}"},"query-input":{"@type":"PropertyValueSpecification","valueRequired":true,"valueName":"search_term_string"}}],"inLanguage":"cs"},{"@type":"Organization","@id":"https:\/\/all4camper.com\/cs\/#organization","name":"All4Camper - kempujeme s Kl\u00e1rou","url":"https:\/\/all4camper.com\/cs\/","logo":{"@type":"ImageObject","inLanguage":"cs","@id":"https:\/\/all4camper.com\/cs\/#\/schema\/logo\/image\/","url":"https:\/\/all4camper.com\/wp-content\/uploads\/2018\/09\/novelogo.png","contentUrl":"https:\/\/all4camper.com\/wp-content\/uploads\/2018\/09\/novelogo.png","width":1520,"height":600,"caption":"All4Camper - kempujeme s Kl\u00e1rou"},"image":{"@id":"https:\/\/all4camper.com\/cs\/#\/schema\/logo\/image\/"}},{"@type":"Person","@id":"https:\/\/all4camper.com\/cs\/#\/schema\/person\/c6f1efdf1d02bc7d8c53a891cbe18c62","name":"Kl\u00e1ra H\u00e1jkov\u00e1","sameAs":["http:\/\/www.all4camper.com"],"url":"https:\/\/all4camper.com\/cs\/author\/klarinkacestuje1\/"}]}},"_links":{"self":[{"href":"https:\/\/all4camper.com\/cs\/wp-json\/wp\/v2\/posts\/76380","targetHints":{"allow":["GET"]}}],"collection":[{"href":"https:\/\/all4camper.com\/cs\/wp-json\/wp\/v2\/posts"}],"about":[{"href":"https:\/\/all4camper.com\/cs\/wp-json\/wp\/v2\/types\/post"}],"author":[{"embeddable":true,"href":"https:\/\/all4camper.com\/cs\/wp-json\/wp\/v2\/users\/4"}],"replies":[{"embeddable":true,"href":"https:\/\/all4camper.com\/cs\/wp-json\/wp\/v2\/comments?post=76380"}],"version-history":[{"count":0,"href":"https:\/\/all4camper.com\/cs\/wp-json\/wp\/v2\/posts\/76380\/revisions"}],"wp:featuredmedia":[{"embeddable":true,"href":"https:\/\/all4camper.com\/cs\/wp-json\/wp\/v2\/media\/76537"}],"wp:attachment":[{"href":"https:\/\/all4camper.com\/cs\/wp-json\/wp\/v2\/media?parent=76380"}],"wp:term":[{"taxonomy":"category","embeddable":true,"href":"https:\/\/all4camper.com\/cs\/wp-json\/wp\/v2\/categories?post=76380"},{"taxonomy":"post_tag","embeddable":true,"href":"https:\/\/all4camper.com\/cs\/wp-json\/wp\/v2\/tags?post=76380"}],"curies":[{"name":"wp","href":"https:\/\/api.w.org\/{rel}","templated":true}]}}