{"id":75491,"date":"2019-04-12T15:03:04","date_gmt":"2019-04-12T13:03:04","guid":{"rendered":"https:\/\/all4camper.com\/\/?p=75491"},"modified":"2020-04-21T12:48:14","modified_gmt":"2020-04-21T10:48:14","slug":"perfektni-tip-na-prodlouzeny-vikend-projedte-si-romantickou-stezku-v-nemecku-karavanem","status":"publish","type":"post","link":"https:\/\/all4camper.com\/cs\/perfektni-tip-na-prodlouzeny-vikend-projedte-si-romantickou-stezku-v-nemecku-karavanem\/","title":{"rendered":"Perfektn\u00ed tip na prodlou\u017een\u00fd v\u00edkend &#8211; proje\u010fte si romantickou stezku v N\u011bmecku karavanem"},"content":{"rendered":"<p>Bl\u00ed\u017e\u00ed se Velikonoce, a tak jsem si \u0159\u00edkala, \u017ee by se v\u00e1m mohl tento tip l\u00edbit. Zejm\u00e9na pokud je\u0161t\u011b nem\u00e1te rozhodnuto jak s t\u011bmi p\u011bti dny volna nalo\u017e\u00edte &#8230; i kdy\u017e &#8230; tohle doporu\u010den\u00ed, kter\u00e9 my s Dav\u00edm rozhodn\u011b pojedeme, se vlastn\u011b hod\u00ed po cel\u00fd rok. Co \u0159\u00edk\u00e1te?<\/p>\n<figure id=\"attachment_75504\" aria-describedby=\"caption-attachment-75504\" style=\"width: 850px\" class=\"wp-caption aligncenter\"><img loading=\"lazy\" decoding=\"async\" class=\"wp-image-75504\" src=\"https:\/\/all4camper.com\/\/wp-content\/uploads\/2019\/04\/csm_HalblechTLDSC_6520_720px_c13e536887.jpg\" alt=\"\" width=\"850\" height=\"568\" srcset=\"https:\/\/all4camper.com\/wp-content\/uploads\/2019\/04\/csm_HalblechTLDSC_6520_720px_c13e536887.jpg 1040w, https:\/\/all4camper.com\/wp-content\/uploads\/2019\/04\/csm_HalblechTLDSC_6520_720px_c13e536887-300x200.jpg 300w, https:\/\/all4camper.com\/wp-content\/uploads\/2019\/04\/csm_HalblechTLDSC_6520_720px_c13e536887-150x100.jpg 150w, https:\/\/all4camper.com\/wp-content\/uploads\/2019\/04\/csm_HalblechTLDSC_6520_720px_c13e536887-768x513.jpg 768w\" sizes=\"auto, (max-width: 850px) 100vw, 850px\" \/><figcaption id=\"caption-attachment-75504\" class=\"wp-caption-text\">Halblech<\/figcaption><\/figure>\n<h3><strong>Romantische strasse v N\u011bmecku &#8211; z\u00e1kladn\u00ed informace<\/strong><\/h3>\n<p>Cel\u00e1 tato trasa m\u011b\u0159\u00ed 460 km a proj\u00ed\u017ed\u00ed 29 m\u011bsty, obcemi a vesnicemi od W\u00fcrzburgu do F\u00fcssenu \u010di naopak. Nutno dodat, \u017ee tato trasa pat\u0159\u00ed k t\u011bm nejkr\u00e1sn\u011bj\u0161\u00edm v N\u011bmecku a je tak\u00e9 velice obl\u00edbena mezi majiteli obytn\u00fdch voz\u016f a karavan\u016f.<\/p>\n<p><img loading=\"lazy\" decoding=\"async\" class=\"size-full wp-image-75492 aligncenter\" src=\"https:\/\/all4camper.com\/\/wp-content\/uploads\/2019\/04\/routenverlauf-gelber-hintergrund.indd_-1-768x1120.jpg\" alt=\"\" width=\"768\" height=\"1120\" srcset=\"https:\/\/all4camper.com\/wp-content\/uploads\/2019\/04\/routenverlauf-gelber-hintergrund.indd_-1-768x1120.jpg 768w, https:\/\/all4camper.com\/wp-content\/uploads\/2019\/04\/routenverlauf-gelber-hintergrund.indd_-1-768x1120-206x300.jpg 206w, https:\/\/all4camper.com\/wp-content\/uploads\/2019\/04\/routenverlauf-gelber-hintergrund.indd_-1-768x1120-741x1080.jpg 741w, https:\/\/all4camper.com\/wp-content\/uploads\/2019\/04\/routenverlauf-gelber-hintergrund.indd_-1-768x1120-103x150.jpg 103w\" sizes=\"auto, (max-width: 768px) 100vw, 768px\" \/><\/p>\n<p>Historicky se jednalo o obchodn\u00ed \u0159\u00edmskou cestu a tak\u00e9 p\u016fvodn\u00ed vojenskou, naz\u00fdvanou v kronik\u00e1ch jako &#8222;Romanischeweg&#8220;. Tato cesta byla dle informac\u00ed z wiki otev\u0159ena v 50. letech 20. stolet\u00ed.<\/p>\n<p>A co z n\u00ed d\u011bl\u00e1 unik\u00e1t a pro\u010d je tak obl\u00edben\u00e1?<\/p>\n<p><strong>V r\u00e1mci n\u00ed m\u00e1te mo\u017enost poznat bohatstv\u00ed z\u00e1padn\u00edch d\u011bjin, um\u011bn\u00ed a tak\u00e9 kultury &#8230; a to u\u017e stoj\u00ed za zamy\u0161len\u00ed. Co \u0159\u00edk\u00e1te.\u00a0<\/strong><\/p>\n<p><strong>P\u0159i jej\u00edm proj\u00ed\u017ed\u011bn\u00ed budete m\u00edt mo\u017enost nav\u0161t\u00edvit r\u016fzn\u00e9 rezidence, poh\u00e1dkov\u00e9 z\u00e1mky, c\u00edsa\u0159sk\u00e1 m\u011bsta \u010di kr\u00e1snou p\u0159\u00edrodu.<\/strong><\/p>\n<p>Ur\u010dit\u011b na n\u00ed nezapome\u0148te zastavit nap\u0159\u00edklad u meteoritov\u00e9ho kr\u00e1teru \u010di u z\u00e1mku Neuschwanstein, vno\u0159en\u00e9ho do dech berouc\u00edch Bavorsk\u00fdch Alp.<\/p>\n<p><strong>Je\u0161t\u011b dopl\u0148uji nem\u00e9n\u011b d\u016fle\u017eitou informaci, a to tu, \u017ee Romantische strasse je nejstar\u0161\u00ed turistickou cestou na sv\u011bt\u011b!<\/strong><\/p>\n<figure id=\"attachment_75507\" aria-describedby=\"caption-attachment-75507\" style=\"width: 850px\" class=\"wp-caption aligncenter\"><img loading=\"lazy\" decoding=\"async\" class=\"wp-image-75507\" src=\"https:\/\/all4camper.com\/\/wp-content\/uploads\/2019\/04\/Renesan\u010dn\u00ed-z\u00e1mek-Weikersheim.jpg\" alt=\"\" width=\"850\" height=\"567\" srcset=\"https:\/\/all4camper.com\/wp-content\/uploads\/2019\/04\/Renesan\u010dn\u00ed-z\u00e1mek-Weikersheim.jpg 1040w, https:\/\/all4camper.com\/wp-content\/uploads\/2019\/04\/Renesan\u010dn\u00ed-z\u00e1mek-Weikersheim-300x200.jpg 300w, https:\/\/all4camper.com\/wp-content\/uploads\/2019\/04\/Renesan\u010dn\u00ed-z\u00e1mek-Weikersheim-150x100.jpg 150w, https:\/\/all4camper.com\/wp-content\/uploads\/2019\/04\/Renesan\u010dn\u00ed-z\u00e1mek-Weikersheim-768x512.jpg 768w\" sizes=\"auto, (max-width: 850px) 100vw, 850px\" \/><figcaption id=\"caption-attachment-75507\" class=\"wp-caption-text\">Renesan\u010dn\u00ed z\u00e1mek Weikersheim, zdroj: romantischestrasse.de<\/figcaption><\/figure>\n<p>Cestou ze severu na jih se krajina r\u016fzn\u011b m\u011bn\u00ed, a tak pojedete \u0159\u00ed\u010dn\u00edm \u00fadol\u00edm, \u00farodnou zem\u011bd\u011blskou p\u016fdou, lesy, loukami a nakonec p\u0159ijedete do hor. I to z t\u00e9to cesty d\u011bl\u00e1 velk\u00fd z\u00e1\u017eitek.<\/p>\n<p>Oblasti p\u0159es kter\u00e9 pojedete: Franky, \u00dadol\u00ed Tauber, \u0160v\u00e1bsko, Allg\u00e4u-Bavorsk\u00e9 \u0160v\u00e1bsko, Horn\u00ed Bavorsko<\/p>\n<figure id=\"attachment_75495\" aria-describedby=\"caption-attachment-75495\" style=\"width: 850px\" class=\"wp-caption aligncenter\"><img loading=\"lazy\" decoding=\"async\" class=\"wp-image-75495\" src=\"https:\/\/all4camper.com\/\/wp-content\/uploads\/2019\/04\/csm_WuerzburgTLDSC_8362__Max._Breite_2400_Max._Hoehe_1800__4d8db488eb.jpg\" alt=\"\" width=\"850\" height=\"567\" srcset=\"https:\/\/all4camper.com\/wp-content\/uploads\/2019\/04\/csm_WuerzburgTLDSC_8362__Max._Breite_2400_Max._Hoehe_1800__4d8db488eb.jpg 1040w, https:\/\/all4camper.com\/wp-content\/uploads\/2019\/04\/csm_WuerzburgTLDSC_8362__Max._Breite_2400_Max._Hoehe_1800__4d8db488eb-300x200.jpg 300w, https:\/\/all4camper.com\/wp-content\/uploads\/2019\/04\/csm_WuerzburgTLDSC_8362__Max._Breite_2400_Max._Hoehe_1800__4d8db488eb-150x100.jpg 150w, https:\/\/all4camper.com\/wp-content\/uploads\/2019\/04\/csm_WuerzburgTLDSC_8362__Max._Breite_2400_Max._Hoehe_1800__4d8db488eb-768x512.jpg 768w\" sizes=\"auto, (max-width: 850px) 100vw, 850px\" \/><figcaption id=\"caption-attachment-75495\" class=\"wp-caption-text\">W\u00fcrzburg, zdroj: romantischestrasse.de<\/figcaption><\/figure>\n<p>Celou trasu m\u016f\u017eete samoz\u0159ejm\u011b absolvovat i jin\u00fdmi zp\u016fsoby, ne\u017e jen karavanem. Na ofici\u00e1ln\u00edch str\u00e1nk\u00e1ch jsou detailn\u00ed informace pro jej\u00ed projet\u00ed autobusem, vlakem, na kole \u010di p\u011b\u0161ky. Info nap\u0159\u00edklad <a href=\"https:\/\/www.romantischestrasse.de\/bus-bahn\/anreise\/\" target=\"_blank\" rel=\"noopener noreferrer\">ZDE<\/a> a <a href=\"https:\/\/www.romantischestrasse.de\/radeln-wandern-golfen\/\" target=\"_blank\" rel=\"noopener noreferrer\">ZDE<\/a>. J\u00e1 se v\u0161ak zam\u011b\u0159\u00edm na j\u00edzdu &#8222;karavanem&#8220;.<\/p>\n<p><strong>To nejd\u016fle\u017eit\u011bj\u0161\u00ed je sledovat na t\u00e9to cest\u011b HN\u011aD\u00c9 zna\u010dky s n\u00e1zvem t\u00e9to trasy <\/strong>(nespol\u00e9hejte se na navigaci, vedla by v\u00e1s zbyte\u010dn\u011b jinudy a p\u0159i\u0161li byste o kr\u00e1sn\u00e9 v\u00fdhledy z vozu)<strong>, je\u017e spojuj\u00ed ka\u017ed\u00e9 d\u016fle\u017eit\u00e9 m\u011bsto po silnici.<\/strong> Tak\u00e9 zde m\u016f\u017eete vid\u011bt zna\u010dky modr\u00e9 a zelen\u00e9. Ty jsou v\u0161ak ur\u010deny pro cyklisty \u010di turisty rozhodnut\u00e9 ji absolvovat p\u011b\u0161ky.<\/p>\n<p><img loading=\"lazy\" decoding=\"async\" class=\"size-full wp-image-75498 aligncenter\" src=\"https:\/\/all4camper.com\/\/wp-content\/uploads\/2019\/04\/beschilderung-romantische-strasse-e1555070230171.jpg\" alt=\"\" width=\"390\" height=\"132\" srcset=\"https:\/\/all4camper.com\/wp-content\/uploads\/2019\/04\/beschilderung-romantische-strasse-e1555070230171.jpg 390w, https:\/\/all4camper.com\/wp-content\/uploads\/2019\/04\/beschilderung-romantische-strasse-e1555070230171-300x102.jpg 300w, https:\/\/all4camper.com\/wp-content\/uploads\/2019\/04\/beschilderung-romantische-strasse-e1555070230171-150x51.jpg 150w\" sizes=\"auto, (max-width: 390px) 100vw, 390px\" \/><\/p>\n<p><strong>Hezk\u00fd p\u0159ehled cel\u00e9 trasy si m\u016f\u017eete tak\u00e9 zobrazit<a href=\"https:\/\/www.dreamango.com\/de\/tour\/touristische-strassen\/romantische-strasse-von-wuerzburg-bis-fuessen\/1551165\/\" target=\"_blank\" rel=\"noopener noreferrer\"> ZDE<\/a>.<\/strong> Mimochodem, na tomto p\u0159ehledu uvid\u00edte i na PC seznam v\u0161ech zaj\u00edmavost\u00ed na trase, v\u010detn\u011b souhrnu kde v dan\u00e9 lokalit\u011b kempovat (nocovat). Jsou zde uvedeny tak\u00e9 sou\u0159adnice za\u010d\u00e1tku z m\u011bsta W\u00fcrzburg (49.800305, 9.943351) <a href=\"https:\/\/goo.gl\/maps\/VhjKnvBFppk\" target=\"_blank\" rel=\"noopener noreferrer\">Zobrazit na map\u011b.<\/a><\/p>\n<p><strong>Je\u0161t\u011b dopl\u0148uji informaci &#8211; m\u016f\u017ee se st\u00e1t, \u017ee na trase zna\u010den\u00e9 hn\u011bd\u00fdmi zna\u010dkami uvid\u00edte rozcestn\u00edk pro autobusy. Nem\u00e1te-li vestavbu, m\u011bli byste v ten moment jet podle nich, proto\u017ee pokud pojedete &#8222;klasickou hn\u011bdou cestou&#8220;, hroz\u00ed, \u017ee se nevejdete s v\u00fd\u0161kou \u010di d\u00e9lkou.<\/strong><\/p>\n<figure id=\"attachment_75501\" aria-describedby=\"caption-attachment-75501\" style=\"width: 850px\" class=\"wp-caption aligncenter\"><img loading=\"lazy\" decoding=\"async\" class=\"wp-image-75501\" src=\"https:\/\/all4camper.com\/\/wp-content\/uploads\/2019\/04\/\u0158epkov\u00e1-pole-mezi-Rothenburgem-Feuchtwangen-Dinkelsb\u00fchl.jpg\" alt=\"\" width=\"850\" height=\"595\" srcset=\"https:\/\/all4camper.com\/wp-content\/uploads\/2019\/04\/\u0158epkov\u00e1-pole-mezi-Rothenburgem-Feuchtwangen-Dinkelsb\u00fchl.jpg 1040w, https:\/\/all4camper.com\/wp-content\/uploads\/2019\/04\/\u0158epkov\u00e1-pole-mezi-Rothenburgem-Feuchtwangen-Dinkelsb\u00fchl-300x210.jpg 300w, https:\/\/all4camper.com\/wp-content\/uploads\/2019\/04\/\u0158epkov\u00e1-pole-mezi-Rothenburgem-Feuchtwangen-Dinkelsb\u00fchl-150x105.jpg 150w, https:\/\/all4camper.com\/wp-content\/uploads\/2019\/04\/\u0158epkov\u00e1-pole-mezi-Rothenburgem-Feuchtwangen-Dinkelsb\u00fchl-768x538.jpg 768w\" sizes=\"auto, (max-width: 850px) 100vw, 850px\" \/><figcaption id=\"caption-attachment-75501\" class=\"wp-caption-text\">\u0158epkov\u00e1 pole mezi Rothenburgem &#8211; Feuchtwangen &#8211; Dinkelsb\u00fchl<\/figcaption><\/figure>\n<h3><strong>Romantische strasse v N\u011bmecku &#8211; co v\u0161e m\u016f\u017eete vid\u011bt<\/strong><\/h3>\n<ul>\n<li>14 park\u016f a zahrad (<a href=\"https:\/\/www.romantischestrasse.de\/natur-gastlichkeit\/parks-an-der-romantischen-strasse\/\" target=\"_blank\" rel=\"noopener noreferrer\">parks-an-der-romantischen-strasse<\/a>)<\/li>\n<li>17 hrad\u016f a z\u00e1mk\u016f (<a href=\"https:\/\/www.romantischestrasse.de\/natur-gastlichkeit\/schloesser-und-burgen-an-der-romantischen-strasse\/\" target=\"_blank\" rel=\"noopener noreferrer\">schloesser-und-burgen-an-der-romantischen-strasse<\/a>)<\/li>\n<li>a nespo\u010det doporu\u010den\u00fdch restaurac\u00ed nab\u00edzej\u00edc\u00ed franck\u00e9, badensk\u00e9, wuerttembersk\u00e9, \u0161v\u00e1bsk\u00e9, bavorsk\u00e9 a allg\u00e4u delikatesy (<a href=\"https:\/\/www.romantischestrasse.de\/natur-gastlichkeit\/kunst-kultur-kulinarik\/\" target=\"_blank\" rel=\"noopener noreferrer\">kunst-kultur-kulinarik<\/a>)<\/li>\n<\/ul>\n<h3><strong>Romantische strasse v N\u011bmecku &#8211; mapov\u00e9 podklady<\/strong><\/h3>\n<p><a href=\"https:\/\/www.romantischestrasse.de\/\" target=\"_blank\" rel=\"noopener noreferrer\">romantischestrasse.de<\/a><\/p>\n<p>Odkaz na interaktivn\u00ed mapu se v\u0161emi body z\u00e1jmu <a href=\"https:\/\/www.romantischestrasse.de\/service-navigation\/interactive-map\/?L=1\" target=\"_blank\" rel=\"noopener noreferrer\">ZDE<\/a><\/p>\n<p>Zobrazit na google map\u011b <a href=\"https:\/\/www.google.com\/maps\/d\/viewer?ie=UTF8&amp;oe=UTF8&amp;msa=0&amp;mid=1Yp7P4O0lG-iZbYG5mFk1vmvgb8I&amp;ll=48.83729950019988%2C10.520692000495728&amp;z=8\" target=\"_blank\" rel=\"noopener noreferrer\">ZDE<\/a><\/p>\n<p><strong>Aplikace, kterou doporu\u010duji po cest\u011b pou\u017e\u00edvat, nebo\u0165 v\u00e1m uk\u00e1\u017ee to nej, co byste m\u011bli vid\u011bt: <\/strong><\/p>\n<p>App strore <a href=\"https:\/\/itunes.apple.com\/de\/app\/reiseplaner-romantische-stra%C3%9Fe\/id670236971?mt=8\" target=\"_blank\" rel=\"noopener noreferrer\">ZDE,\u00a0<\/a>Android <a href=\"https:\/\/apkpure.com\/de\/travel-guide-romantic-street\/de.hpm.dzt120\" target=\"_blank\" rel=\"noopener noreferrer\">ZDE,\u00a0<\/a>TomTom <a href=\"https:\/\/www.tomtom.com\/de_de\/routes\/details\/germany\/romantic-road\/\" target=\"_blank\" rel=\"noopener noreferrer\">ZDE<\/a><\/p>\n<p><strong>A kde kempovat a d\u00e1le pozn\u00e1vat nejbli\u017e\u0161\u00ed okol\u00ed?<\/strong><\/p>\n<p>I tuto informaci najdete na str\u00e1nk\u00e1ch Romantische strasse a to:<\/p>\n<p>Kempy: <a href=\"https:\/\/www.romantischestrasse.de\/camping-wohnmobile\/campingplaetze\/\" target=\"_blank\" rel=\"noopener noreferrer\">campingplaetze<\/a><\/p>\n<p>Stellplatzy:<a href=\"https:\/\/www.romantischestrasse.de\/camping-wohnmobile\/wohnmobilstellplaetze\/\" target=\"_blank\" rel=\"noopener noreferrer\"> wohnmobilstellplaetze<\/a><\/p>\n<p>P\u0159eji v\u0161em, kdo se rozhodli tuto cestu jet, aby si ji u\u017eili a budu moc r\u00e1da, kdy\u017e mi pak nap\u00ed\u0161ete jak se v\u00e1m l\u00edbila a co v\u0161e jste v r\u00e1mci n\u00ed nav\u0161t\u00edvili ;-). T\u0159eba pak spole\u010dn\u011b z toho nap\u00ed\u0161eme dal\u0161\u00ed cestopis, kter\u00fd bude inspirovat mnoho dal\u0161\u00edch karavanist\u016f k tomu, aby si tuto cestu projeli a nav\u0161t\u00edvili toho co nejv\u00edce &#8230;<\/p>\n<p>U\u017eijte si ji!<\/p>\n","protected":false},"excerpt":{"rendered":"<p>Bl\u00ed\u017e\u00ed se Velikonoce, a tak jsem si \u0159\u00edkala, \u017ee by se v\u00e1m mohl tento tip l\u00edbit. Zejm\u00e9na pokud je\u0161t\u011b nem\u00e1te rozhodnuto jak s t\u011bmi p\u011bti dny volna nalo\u017e\u00edte &#8230; i kdy\u017e &#8230; tohle doporu\u010den\u00ed, kter\u00e9 my s Dav\u00edm rozhodn\u011b pojedeme, se vlastn\u011b hod\u00ed po cel\u00fd rok. Co \u0159\u00edk\u00e1te? Romantische strasse v N\u011bmecku &#8211; z\u00e1kladn\u00ed informace [&hellip;]<\/p>\n","protected":false},"author":4,"featured_media":83297,"comment_status":"closed","ping_status":"open","sticky":false,"template":"","format":"standard","meta":{"_monsterinsights_skip_tracking":false,"_monsterinsights_sitenote_active":false,"_monsterinsights_sitenote_note":"","_monsterinsights_sitenote_category":0,"footnotes":""},"categories":[2377],"tags":[97,325],"class_list":{"0":"post-75491","1":"post","2":"type-post","3":"status-publish","4":"format-standard","5":"has-post-thumbnail","7":"category-kempovani-a-cestovani-v-nemecku","8":"tag-nemecko","9":"tag-poznavaci-dovolena"},"yoast_head":"<!-- This site is optimized with the Yoast SEO plugin v27.5 - https:\/\/yoast.com\/product\/yoast-seo-wordpress\/ -->\n<title>Perfektn\u00ed tip na prodlou\u017een\u00fd v\u00edkend \u2013 proje\u010fte si romantickou stezku v N\u011bmecku karavanem<\/title>\n<meta name=\"description\" content=\"All4Camper - Perfektn\u00ed tip na prodlou\u017een\u00fd v\u00edkend - proje\u010fte si romantickou stezku v N\u011bmecku karavanem\" \/>\n<meta name=\"robots\" content=\"index, follow, max-snippet:-1, max-image-preview:large, max-video-preview:-1\" \/>\n<link rel=\"canonical\" href=\"https:\/\/all4camper.com\/cs\/perfektni-tip-na-prodlouzeny-vikend-projedte-si-romantickou-stezku-v-nemecku-karavanem\/\" \/>\n<meta property=\"og:locale\" content=\"cs_CZ\" \/>\n<meta property=\"og:type\" content=\"article\" \/>\n<meta property=\"og:title\" content=\"Perfektn\u00ed tip na prodlou\u017een\u00fd v\u00edkend \u2013 proje\u010fte si romantickou stezku v N\u011bmecku karavanem\" \/>\n<meta property=\"og:description\" content=\"All4Camper - Perfektn\u00ed tip na prodlou\u017een\u00fd v\u00edkend - proje\u010fte si romantickou stezku v N\u011bmecku karavanem\" \/>\n<meta property=\"og:url\" content=\"https:\/\/all4camper.com\/cs\/perfektni-tip-na-prodlouzeny-vikend-projedte-si-romantickou-stezku-v-nemecku-karavanem\/\" \/>\n<meta property=\"og:site_name\" content=\"All4Camper\" \/>\n<meta property=\"article:published_time\" content=\"2019-04-12T13:03:04+00:00\" \/>\n<meta property=\"article:modified_time\" content=\"2020-04-21T10:48:14+00:00\" \/>\n<meta property=\"og:image\" content=\"https:\/\/all4camper.com\/\/wp-content\/uploads\/2019\/04\/n\u011bmecko-karavanem_FB.png\" \/>\n<meta name=\"author\" content=\"Kl\u00e1ra H\u00e1jkov\u00e1\" \/>\n<meta name=\"twitter:card\" content=\"summary_large_image\" \/>\n<meta name=\"twitter:label1\" content=\"Napsal(a)\" \/>\n\t<meta name=\"twitter:data1\" content=\"Kl\u00e1ra H\u00e1jkov\u00e1\" \/>\n\t<meta name=\"twitter:label2\" content=\"Odhadovan\u00e1 doba \u010dten\u00ed\" \/>\n\t<meta name=\"twitter:data2\" content=\"4 minuty\" \/>\n<script type=\"application\/ld+json\" class=\"yoast-schema-graph\">{\"@context\":\"https:\\\/\\\/schema.org\",\"@graph\":[{\"@type\":\"Article\",\"@id\":\"https:\\\/\\\/all4camper.com\\\/cs\\\/perfektni-tip-na-prodlouzeny-vikend-projedte-si-romantickou-stezku-v-nemecku-karavanem\\\/#article\",\"isPartOf\":{\"@id\":\"https:\\\/\\\/all4camper.com\\\/cs\\\/perfektni-tip-na-prodlouzeny-vikend-projedte-si-romantickou-stezku-v-nemecku-karavanem\\\/\"},\"author\":{\"name\":\"Kl\u00e1ra H\u00e1jkov\u00e1\",\"@id\":\"https:\\\/\\\/all4camper.com\\\/cs\\\/#\\\/schema\\\/person\\\/c6f1efdf1d02bc7d8c53a891cbe18c62\"},\"headline\":\"Perfektn\u00ed tip na prodlou\u017een\u00fd v\u00edkend &#8211; proje\u010fte si romantickou stezku v N\u011bmecku karavanem\",\"datePublished\":\"2019-04-12T13:03:04+00:00\",\"dateModified\":\"2020-04-21T10:48:14+00:00\",\"mainEntityOfPage\":{\"@id\":\"https:\\\/\\\/all4camper.com\\\/cs\\\/perfektni-tip-na-prodlouzeny-vikend-projedte-si-romantickou-stezku-v-nemecku-karavanem\\\/\"},\"wordCount\":849,\"publisher\":{\"@id\":\"https:\\\/\\\/all4camper.com\\\/cs\\\/#organization\"},\"image\":{\"@id\":\"https:\\\/\\\/all4camper.com\\\/cs\\\/perfektni-tip-na-prodlouzeny-vikend-projedte-si-romantickou-stezku-v-nemecku-karavanem\\\/#primaryimage\"},\"thumbnailUrl\":\"https:\\\/\\\/all4camper.com\\\/wp-content\\\/uploads\\\/2019\\\/04\\\/n\u011bmecko-karavanem.png\",\"keywords\":[\"N\u011bmecko\",\"Pozn\u00e1vac\u00ed dovolen\u00e1\"],\"articleSection\":[\"Kempov\u00e1n\u00ed a cestov\u00e1n\u00ed v N\u011bmecku\"],\"inLanguage\":\"cs\"},{\"@type\":\"WebPage\",\"@id\":\"https:\\\/\\\/all4camper.com\\\/cs\\\/perfektni-tip-na-prodlouzeny-vikend-projedte-si-romantickou-stezku-v-nemecku-karavanem\\\/\",\"url\":\"https:\\\/\\\/all4camper.com\\\/cs\\\/perfektni-tip-na-prodlouzeny-vikend-projedte-si-romantickou-stezku-v-nemecku-karavanem\\\/\",\"name\":\"Perfektn\u00ed tip na prodlou\u017een\u00fd v\u00edkend \u2013 proje\u010fte si romantickou stezku v N\u011bmecku karavanem\",\"isPartOf\":{\"@id\":\"https:\\\/\\\/all4camper.com\\\/cs\\\/#website\"},\"primaryImageOfPage\":{\"@id\":\"https:\\\/\\\/all4camper.com\\\/cs\\\/perfektni-tip-na-prodlouzeny-vikend-projedte-si-romantickou-stezku-v-nemecku-karavanem\\\/#primaryimage\"},\"image\":{\"@id\":\"https:\\\/\\\/all4camper.com\\\/cs\\\/perfektni-tip-na-prodlouzeny-vikend-projedte-si-romantickou-stezku-v-nemecku-karavanem\\\/#primaryimage\"},\"thumbnailUrl\":\"https:\\\/\\\/all4camper.com\\\/wp-content\\\/uploads\\\/2019\\\/04\\\/n\u011bmecko-karavanem.png\",\"datePublished\":\"2019-04-12T13:03:04+00:00\",\"dateModified\":\"2020-04-21T10:48:14+00:00\",\"description\":\"All4Camper - Perfektn\u00ed tip na prodlou\u017een\u00fd v\u00edkend - proje\u010fte si romantickou stezku v N\u011bmecku karavanem\",\"breadcrumb\":{\"@id\":\"https:\\\/\\\/all4camper.com\\\/cs\\\/perfektni-tip-na-prodlouzeny-vikend-projedte-si-romantickou-stezku-v-nemecku-karavanem\\\/#breadcrumb\"},\"inLanguage\":\"cs\",\"potentialAction\":[{\"@type\":\"ReadAction\",\"target\":[\"https:\\\/\\\/all4camper.com\\\/cs\\\/perfektni-tip-na-prodlouzeny-vikend-projedte-si-romantickou-stezku-v-nemecku-karavanem\\\/\"]}]},{\"@type\":\"ImageObject\",\"inLanguage\":\"cs\",\"@id\":\"https:\\\/\\\/all4camper.com\\\/cs\\\/perfektni-tip-na-prodlouzeny-vikend-projedte-si-romantickou-stezku-v-nemecku-karavanem\\\/#primaryimage\",\"url\":\"https:\\\/\\\/all4camper.com\\\/wp-content\\\/uploads\\\/2019\\\/04\\\/n\u011bmecko-karavanem.png\",\"contentUrl\":\"https:\\\/\\\/all4camper.com\\\/wp-content\\\/uploads\\\/2019\\\/04\\\/n\u011bmecko-karavanem.png\",\"width\":1200,\"height\":710},{\"@type\":\"BreadcrumbList\",\"@id\":\"https:\\\/\\\/all4camper.com\\\/cs\\\/perfektni-tip-na-prodlouzeny-vikend-projedte-si-romantickou-stezku-v-nemecku-karavanem\\\/#breadcrumb\",\"itemListElement\":[{\"@type\":\"ListItem\",\"position\":1,\"name\":\"Dom\u016f\",\"item\":\"https:\\\/\\\/all4camper.com\\\/cs\\\/\"},{\"@type\":\"ListItem\",\"position\":2,\"name\":\"Kempov\u00e1n\u00ed a cestov\u00e1n\u00ed v N\u011bmecku\",\"item\":\"https:\\\/\\\/all4camper.com\\\/cs\\\/category\\\/kempovani-a-cestovani-v-nemecku\\\/\"},{\"@type\":\"ListItem\",\"position\":3,\"name\":\"Perfektn\u00ed tip na prodlou\u017een\u00fd v\u00edkend &#8211; proje\u010fte si romantickou stezku v N\u011bmecku karavanem\"}]},{\"@type\":\"WebSite\",\"@id\":\"https:\\\/\\\/all4camper.com\\\/cs\\\/#website\",\"url\":\"https:\\\/\\\/all4camper.com\\\/cs\\\/\",\"name\":\"All4Camper\",\"description\":\"Nejv\u011bt\u0161\u00ed online magaz\u00edn o kempov\u00e1n\u00ed a karavaninku. V\u00edce jak 900 \u010dl\u00e1nk\u016f pln\u00fdch rad a tip\u016f o kempech a kempov\u00e1n\u00ed.\",\"publisher\":{\"@id\":\"https:\\\/\\\/all4camper.com\\\/cs\\\/#organization\"},\"potentialAction\":[{\"@type\":\"SearchAction\",\"target\":{\"@type\":\"EntryPoint\",\"urlTemplate\":\"https:\\\/\\\/all4camper.com\\\/cs\\\/?s={search_term_string}\"},\"query-input\":{\"@type\":\"PropertyValueSpecification\",\"valueRequired\":true,\"valueName\":\"search_term_string\"}}],\"inLanguage\":\"cs\"},{\"@type\":\"Organization\",\"@id\":\"https:\\\/\\\/all4camper.com\\\/cs\\\/#organization\",\"name\":\"All4Camper - kempujeme s Kl\u00e1rou\",\"url\":\"https:\\\/\\\/all4camper.com\\\/cs\\\/\",\"logo\":{\"@type\":\"ImageObject\",\"inLanguage\":\"cs\",\"@id\":\"https:\\\/\\\/all4camper.com\\\/cs\\\/#\\\/schema\\\/logo\\\/image\\\/\",\"url\":\"https:\\\/\\\/all4camper.com\\\/wp-content\\\/uploads\\\/2018\\\/09\\\/novelogo.png\",\"contentUrl\":\"https:\\\/\\\/all4camper.com\\\/wp-content\\\/uploads\\\/2018\\\/09\\\/novelogo.png\",\"width\":1520,\"height\":600,\"caption\":\"All4Camper - kempujeme s Kl\u00e1rou\"},\"image\":{\"@id\":\"https:\\\/\\\/all4camper.com\\\/cs\\\/#\\\/schema\\\/logo\\\/image\\\/\"}},{\"@type\":\"Person\",\"@id\":\"https:\\\/\\\/all4camper.com\\\/cs\\\/#\\\/schema\\\/person\\\/c6f1efdf1d02bc7d8c53a891cbe18c62\",\"name\":\"Kl\u00e1ra H\u00e1jkov\u00e1\",\"sameAs\":[\"http:\\\/\\\/www.all4camper.com\"],\"url\":\"https:\\\/\\\/all4camper.com\\\/cs\\\/author\\\/klarinkacestuje1\\\/\"}]}<\/script>\n<!-- \/ Yoast SEO plugin. -->","yoast_head_json":{"title":"Perfektn\u00ed tip na prodlou\u017een\u00fd v\u00edkend \u2013 proje\u010fte si romantickou stezku v N\u011bmecku karavanem","description":"All4Camper - Perfektn\u00ed tip na prodlou\u017een\u00fd v\u00edkend - proje\u010fte si romantickou stezku v N\u011bmecku karavanem","robots":{"index":"index","follow":"follow","max-snippet":"max-snippet:-1","max-image-preview":"max-image-preview:large","max-video-preview":"max-video-preview:-1"},"canonical":"https:\/\/all4camper.com\/cs\/perfektni-tip-na-prodlouzeny-vikend-projedte-si-romantickou-stezku-v-nemecku-karavanem\/","og_locale":"cs_CZ","og_type":"article","og_title":"Perfektn\u00ed tip na prodlou\u017een\u00fd v\u00edkend \u2013 proje\u010fte si romantickou stezku v N\u011bmecku karavanem","og_description":"All4Camper - Perfektn\u00ed tip na prodlou\u017een\u00fd v\u00edkend - proje\u010fte si romantickou stezku v N\u011bmecku karavanem","og_url":"https:\/\/all4camper.com\/cs\/perfektni-tip-na-prodlouzeny-vikend-projedte-si-romantickou-stezku-v-nemecku-karavanem\/","og_site_name":"All4Camper","article_published_time":"2019-04-12T13:03:04+00:00","article_modified_time":"2020-04-21T10:48:14+00:00","og_image":[{"url":"https:\/\/all4camper.com\/\/wp-content\/uploads\/2019\/04\/n\u011bmecko-karavanem_FB.png","type":"","width":"","height":""}],"author":"Kl\u00e1ra H\u00e1jkov\u00e1","twitter_card":"summary_large_image","twitter_misc":{"Napsal(a)":"Kl\u00e1ra H\u00e1jkov\u00e1","Odhadovan\u00e1 doba \u010dten\u00ed":"4 minuty"},"schema":{"@context":"https:\/\/schema.org","@graph":[{"@type":"Article","@id":"https:\/\/all4camper.com\/cs\/perfektni-tip-na-prodlouzeny-vikend-projedte-si-romantickou-stezku-v-nemecku-karavanem\/#article","isPartOf":{"@id":"https:\/\/all4camper.com\/cs\/perfektni-tip-na-prodlouzeny-vikend-projedte-si-romantickou-stezku-v-nemecku-karavanem\/"},"author":{"name":"Kl\u00e1ra H\u00e1jkov\u00e1","@id":"https:\/\/all4camper.com\/cs\/#\/schema\/person\/c6f1efdf1d02bc7d8c53a891cbe18c62"},"headline":"Perfektn\u00ed tip na prodlou\u017een\u00fd v\u00edkend &#8211; proje\u010fte si romantickou stezku v N\u011bmecku karavanem","datePublished":"2019-04-12T13:03:04+00:00","dateModified":"2020-04-21T10:48:14+00:00","mainEntityOfPage":{"@id":"https:\/\/all4camper.com\/cs\/perfektni-tip-na-prodlouzeny-vikend-projedte-si-romantickou-stezku-v-nemecku-karavanem\/"},"wordCount":849,"publisher":{"@id":"https:\/\/all4camper.com\/cs\/#organization"},"image":{"@id":"https:\/\/all4camper.com\/cs\/perfektni-tip-na-prodlouzeny-vikend-projedte-si-romantickou-stezku-v-nemecku-karavanem\/#primaryimage"},"thumbnailUrl":"https:\/\/all4camper.com\/wp-content\/uploads\/2019\/04\/n\u011bmecko-karavanem.png","keywords":["N\u011bmecko","Pozn\u00e1vac\u00ed dovolen\u00e1"],"articleSection":["Kempov\u00e1n\u00ed a cestov\u00e1n\u00ed v N\u011bmecku"],"inLanguage":"cs"},{"@type":"WebPage","@id":"https:\/\/all4camper.com\/cs\/perfektni-tip-na-prodlouzeny-vikend-projedte-si-romantickou-stezku-v-nemecku-karavanem\/","url":"https:\/\/all4camper.com\/cs\/perfektni-tip-na-prodlouzeny-vikend-projedte-si-romantickou-stezku-v-nemecku-karavanem\/","name":"Perfektn\u00ed tip na prodlou\u017een\u00fd v\u00edkend \u2013 proje\u010fte si romantickou stezku v N\u011bmecku karavanem","isPartOf":{"@id":"https:\/\/all4camper.com\/cs\/#website"},"primaryImageOfPage":{"@id":"https:\/\/all4camper.com\/cs\/perfektni-tip-na-prodlouzeny-vikend-projedte-si-romantickou-stezku-v-nemecku-karavanem\/#primaryimage"},"image":{"@id":"https:\/\/all4camper.com\/cs\/perfektni-tip-na-prodlouzeny-vikend-projedte-si-romantickou-stezku-v-nemecku-karavanem\/#primaryimage"},"thumbnailUrl":"https:\/\/all4camper.com\/wp-content\/uploads\/2019\/04\/n\u011bmecko-karavanem.png","datePublished":"2019-04-12T13:03:04+00:00","dateModified":"2020-04-21T10:48:14+00:00","description":"All4Camper - Perfektn\u00ed tip na prodlou\u017een\u00fd v\u00edkend - proje\u010fte si romantickou stezku v N\u011bmecku karavanem","breadcrumb":{"@id":"https:\/\/all4camper.com\/cs\/perfektni-tip-na-prodlouzeny-vikend-projedte-si-romantickou-stezku-v-nemecku-karavanem\/#breadcrumb"},"inLanguage":"cs","potentialAction":[{"@type":"ReadAction","target":["https:\/\/all4camper.com\/cs\/perfektni-tip-na-prodlouzeny-vikend-projedte-si-romantickou-stezku-v-nemecku-karavanem\/"]}]},{"@type":"ImageObject","inLanguage":"cs","@id":"https:\/\/all4camper.com\/cs\/perfektni-tip-na-prodlouzeny-vikend-projedte-si-romantickou-stezku-v-nemecku-karavanem\/#primaryimage","url":"https:\/\/all4camper.com\/wp-content\/uploads\/2019\/04\/n\u011bmecko-karavanem.png","contentUrl":"https:\/\/all4camper.com\/wp-content\/uploads\/2019\/04\/n\u011bmecko-karavanem.png","width":1200,"height":710},{"@type":"BreadcrumbList","@id":"https:\/\/all4camper.com\/cs\/perfektni-tip-na-prodlouzeny-vikend-projedte-si-romantickou-stezku-v-nemecku-karavanem\/#breadcrumb","itemListElement":[{"@type":"ListItem","position":1,"name":"Dom\u016f","item":"https:\/\/all4camper.com\/cs\/"},{"@type":"ListItem","position":2,"name":"Kempov\u00e1n\u00ed a cestov\u00e1n\u00ed v N\u011bmecku","item":"https:\/\/all4camper.com\/cs\/category\/kempovani-a-cestovani-v-nemecku\/"},{"@type":"ListItem","position":3,"name":"Perfektn\u00ed tip na prodlou\u017een\u00fd v\u00edkend &#8211; proje\u010fte si romantickou stezku v N\u011bmecku karavanem"}]},{"@type":"WebSite","@id":"https:\/\/all4camper.com\/cs\/#website","url":"https:\/\/all4camper.com\/cs\/","name":"All4Camper","description":"Nejv\u011bt\u0161\u00ed online magaz\u00edn o kempov\u00e1n\u00ed a karavaninku. V\u00edce jak 900 \u010dl\u00e1nk\u016f pln\u00fdch rad a tip\u016f o kempech a kempov\u00e1n\u00ed.","publisher":{"@id":"https:\/\/all4camper.com\/cs\/#organization"},"potentialAction":[{"@type":"SearchAction","target":{"@type":"EntryPoint","urlTemplate":"https:\/\/all4camper.com\/cs\/?s={search_term_string}"},"query-input":{"@type":"PropertyValueSpecification","valueRequired":true,"valueName":"search_term_string"}}],"inLanguage":"cs"},{"@type":"Organization","@id":"https:\/\/all4camper.com\/cs\/#organization","name":"All4Camper - kempujeme s Kl\u00e1rou","url":"https:\/\/all4camper.com\/cs\/","logo":{"@type":"ImageObject","inLanguage":"cs","@id":"https:\/\/all4camper.com\/cs\/#\/schema\/logo\/image\/","url":"https:\/\/all4camper.com\/wp-content\/uploads\/2018\/09\/novelogo.png","contentUrl":"https:\/\/all4camper.com\/wp-content\/uploads\/2018\/09\/novelogo.png","width":1520,"height":600,"caption":"All4Camper - kempujeme s Kl\u00e1rou"},"image":{"@id":"https:\/\/all4camper.com\/cs\/#\/schema\/logo\/image\/"}},{"@type":"Person","@id":"https:\/\/all4camper.com\/cs\/#\/schema\/person\/c6f1efdf1d02bc7d8c53a891cbe18c62","name":"Kl\u00e1ra H\u00e1jkov\u00e1","sameAs":["http:\/\/www.all4camper.com"],"url":"https:\/\/all4camper.com\/cs\/author\/klarinkacestuje1\/"}]}},"_links":{"self":[{"href":"https:\/\/all4camper.com\/cs\/wp-json\/wp\/v2\/posts\/75491","targetHints":{"allow":["GET"]}}],"collection":[{"href":"https:\/\/all4camper.com\/cs\/wp-json\/wp\/v2\/posts"}],"about":[{"href":"https:\/\/all4camper.com\/cs\/wp-json\/wp\/v2\/types\/post"}],"author":[{"embeddable":true,"href":"https:\/\/all4camper.com\/cs\/wp-json\/wp\/v2\/users\/4"}],"replies":[{"embeddable":true,"href":"https:\/\/all4camper.com\/cs\/wp-json\/wp\/v2\/comments?post=75491"}],"version-history":[{"count":0,"href":"https:\/\/all4camper.com\/cs\/wp-json\/wp\/v2\/posts\/75491\/revisions"}],"wp:featuredmedia":[{"embeddable":true,"href":"https:\/\/all4camper.com\/cs\/wp-json\/wp\/v2\/media\/83297"}],"wp:attachment":[{"href":"https:\/\/all4camper.com\/cs\/wp-json\/wp\/v2\/media?parent=75491"}],"wp:term":[{"taxonomy":"category","embeddable":true,"href":"https:\/\/all4camper.com\/cs\/wp-json\/wp\/v2\/categories?post=75491"},{"taxonomy":"post_tag","embeddable":true,"href":"https:\/\/all4camper.com\/cs\/wp-json\/wp\/v2\/tags?post=75491"}],"curies":[{"name":"wp","href":"https:\/\/api.w.org\/{rel}","templated":true}]}}