{"id":75203,"date":"2019-04-02T12:22:43","date_gmt":"2019-04-02T10:22:43","guid":{"rendered":"https:\/\/all4camper.com\/\/?p=75203"},"modified":"2021-04-12T06:03:05","modified_gmt":"2021-04-12T04:03:05","slug":"etrusco-spojeni-nemeckeho-inzenyrstvi-a-italske-vasne-pro-design","status":"publish","type":"post","link":"https:\/\/all4camper.com\/cs\/etrusco-spojeni-nemeckeho-inzenyrstvi-a-italske-vasne-pro-design\/","title":{"rendered":"Etrusco &#8211; spojen\u00ed n\u011bmeck\u00e9ho in\u017een\u00fdrstv\u00ed a italsk\u00e9 v\u00e1\u0161n\u011b pro design"},"content":{"rendered":"<p>V r\u00e1mci leto\u0161n\u00edho veletrhu For Caravan jsem nav\u0161t\u00edvila st\u00e1nek spole\u010dnosti <a href=\"http:\/\/www.bluerent.cz\/\" target=\"_blank\" rel=\"noopener noreferrer\">Blue Rent<\/a>, nebo\u0165 jsem se dozv\u011bd\u011bla o hork\u00e9 novince, je\u017e by mohla zaj\u00edmat v\u0161echny, kdo <strong>hledaj\u00ed v r\u00e1mci koup\u011b nov\u00e9ho obytn\u00e9ho vozu vyv\u00e1\u017eenost pom\u011bru ceny, kvality a v\u00fdkonu<\/strong>.<\/p>\n<p><img loading=\"lazy\" decoding=\"async\" class=\"wp-image-75204 aligncenter\" src=\"https:\/\/all4camper.com\/\/wp-content\/uploads\/2019\/04\/Etrusco-nove-obytne-vozy.jpg\" alt=\"\" width=\"850\" height=\"478\" srcset=\"https:\/\/all4camper.com\/wp-content\/uploads\/2019\/04\/Etrusco-nove-obytne-vozy.jpg 1200w, https:\/\/all4camper.com\/wp-content\/uploads\/2019\/04\/Etrusco-nove-obytne-vozy-300x169.jpg 300w, https:\/\/all4camper.com\/wp-content\/uploads\/2019\/04\/Etrusco-nove-obytne-vozy-150x84.jpg 150w, https:\/\/all4camper.com\/wp-content\/uploads\/2019\/04\/Etrusco-nove-obytne-vozy-768x432.jpg 768w, https:\/\/all4camper.com\/wp-content\/uploads\/2019\/04\/Etrusco-nove-obytne-vozy-678x381.jpg 678w\" sizes=\"auto, (max-width: 850px) 100vw, 850px\" \/><\/p>\n<p>No a mus\u00edm \u0159\u00edci, \u017ee to byla pravda.<\/p>\n<p>Tato nov\u00e1 zna\u010dka je <strong>nejmlad\u0161\u00edm projektem Erwin Hymer Group <\/strong>a byla zalo\u017eena v roce 2016. Od t\u00e9 doby se st\u00e1le rozr\u016fst\u00e1. V tento moment m\u00e1 p\u0159es 80 obchodn\u00edch partner\u016f nap\u0159\u00ed\u010d It\u00e1li\u00ed, Franci\u00ed, \u0160pan\u011blskem, N\u011bmeckem, Rakouskem, D\u00e1nskem, \u0160v\u00e9dskem, Velkou Brit\u00e1ni\u00ed a Belgi\u00ed.<\/p>\n<p>Jak mi pak Gury\u010da sd\u011blil, veden\u00ed zna\u010dky Etrusco m\u011blo v\u017edy jasnou vizi, a to aby se cestov\u00e1n\u00ed obytn\u00fdmi vozy stalo nejen\u017ee fascinuj\u00edc\u00ed, ale tak\u00e9 stylov\u00e9. <strong>Z toho d\u016fvodu ji\u017e od po\u010d\u00e1tku cht\u011blo vytvo\u0159it zna\u010dku maj\u00edc\u00ed symbi\u00f3zu \u010dist\u00e9ho designov\u00e9ho interi\u00e9ru, funk\u010dnosti, p\u0159\u00edjemn\u00e9 atmosf\u00e9ry a p\u0159\u00edzniv\u00e9 ceny.<\/strong><\/p>\n<p><img loading=\"lazy\" decoding=\"async\" class=\"wp-image-75207 aligncenter\" src=\"https:\/\/www.all4camper.com\/wp-content\/uploads\/2019\/04\/integrale.png\" alt=\"\" width=\"684\" height=\"430\" srcset=\"https:\/\/all4camper.com\/wp-content\/uploads\/2019\/04\/integrale.png 1281w, https:\/\/all4camper.com\/wp-content\/uploads\/2019\/04\/integrale-300x188.png 300w, https:\/\/all4camper.com\/wp-content\/uploads\/2019\/04\/integrale-150x94.png 150w, https:\/\/all4camper.com\/wp-content\/uploads\/2019\/04\/integrale-768x482.png 768w\" sizes=\"auto, (max-width: 684px) 100vw, 684px\" \/><\/p>\n<p>Pokud se na tyto vozy pod\u00edv\u00e1m bl\u00ed\u017ee, nelze si nev\u0161imnout v\u00fdb\u011bru barev a vzor\u016f interi\u00e9ru zalo\u017een\u00fdch na designov\u00fdch trendech v\u010detn\u011b p\u0159\u00edv\u011btiv\u00e9ho rozlo\u017een\u00ed interi\u00e9ru, kter\u00fd odpov\u00edd\u00e1 na\u0161im re\u00e1ln\u00fdm po\u017eadavk\u016fm pro bydlen\u00ed na cest\u00e1ch. <strong>Pokud k tomu p\u0159id\u00e1m fakt, \u017ee voz\u016fm nechyb\u00ed bohat\u00e1 z\u00e1kladn\u00ed v\u00fdbava v\u010detn\u011b kvalitn\u00edch materi\u00e1l\u016f a zpracov\u00e1n\u00ed, jsem p\u0159esv\u011bd\u010dena, \u017ee leto\u0161n\u00ed rok p\u0159inesl opravdu perfektn\u00ed novinku.<\/strong><\/p>\n<p><img loading=\"lazy\" decoding=\"async\" class=\"wp-image-75210 aligncenter\" src=\"https:\/\/all4camper.com\/\/wp-content\/uploads\/2019\/04\/Etrusco_2018_tec_profilati-028.png\" alt=\"\" width=\"776\" height=\"490\" srcset=\"https:\/\/all4camper.com\/wp-content\/uploads\/2019\/04\/Etrusco_2018_tec_profilati-028.png 1281w, https:\/\/all4camper.com\/wp-content\/uploads\/2019\/04\/Etrusco_2018_tec_profilati-028-150x95.png 150w, https:\/\/all4camper.com\/wp-content\/uploads\/2019\/04\/Etrusco_2018_tec_profilati-028-300x189.png 300w, https:\/\/all4camper.com\/wp-content\/uploads\/2019\/04\/Etrusco_2018_tec_profilati-028-768x485.png 768w, https:\/\/all4camper.com\/wp-content\/uploads\/2019\/04\/Etrusco_2018_tec_profilati-028-320x202.png 320w, https:\/\/all4camper.com\/wp-content\/uploads\/2019\/04\/Etrusco_2018_tec_profilati-028-700x441.png 700w, https:\/\/all4camper.com\/wp-content\/uploads\/2019\/04\/Etrusco_2018_tec_profilati-028-200x126.png 200w, https:\/\/all4camper.com\/wp-content\/uploads\/2019\/04\/Etrusco_2018_tec_profilati-028-400x253.png 400w, https:\/\/all4camper.com\/wp-content\/uploads\/2019\/04\/Etrusco_2018_tec_profilati-028-600x379.png 600w, https:\/\/all4camper.com\/wp-content\/uploads\/2019\/04\/Etrusco_2018_tec_profilati-028-800x505.png 800w, https:\/\/all4camper.com\/wp-content\/uploads\/2019\/04\/Etrusco_2018_tec_profilati-028-1200x758.png 1200w\" sizes=\"auto, (max-width: 776px) 100vw, 776px\" \/><\/p>\n<p>Pro up\u0159esn\u011bn\u00ed je nutno dodat, \u017ee vozy zna\u010dky Etrusco jsou vyr\u00e1b\u011bny v Tosk\u00e1nsku, pobl\u00ed\u017e Florencie, v jedn\u00e9 z nejmodern\u011bj\u0161\u00edch tov\u00e1ren sv\u00e9ho druhu. Tato tov\u00e1rna mj. vyr\u00e1b\u00ed mnoho variant a zna\u010dek voz\u016f pro skupinu Erwin Hymer Group.<\/p>\n<p>D\u00edky tomu a skute\u010dnosti, \u017ee v n\u00ed zku\u0161en\u00ed design\u00e9\u0159i a technici spolupracuj\u00ed na neust\u00e1l\u00e9m zlep\u0161ov\u00e1n\u00ed kvality, funk\u010dnosti a odli\u0161n\u00e9m designu, mohu napsat jedin\u00e9 &#8211;&nbsp; tyto vozy, dle m\u00e9ho n\u00e1zoru, opravdu spojuj\u00ed n\u011bmeckou kvalitu a italskou v\u00e1\u0161e\u0148 pro design.<\/p>\n<p><img loading=\"lazy\" decoding=\"async\" class=\"aligncenter wp-image-75219\" src=\"https:\/\/all4camper.com\/\/wp-content\/uploads\/2019\/04\/IMG_20190308_110839-e1554200474521.jpg\" alt=\"\" width=\"850\" height=\"550\" srcset=\"https:\/\/all4camper.com\/wp-content\/uploads\/2019\/04\/IMG_20190308_110839-e1554200474521.jpg 1200w, https:\/\/all4camper.com\/wp-content\/uploads\/2019\/04\/IMG_20190308_110839-e1554200474521-300x194.jpg 300w, https:\/\/all4camper.com\/wp-content\/uploads\/2019\/04\/IMG_20190308_110839-e1554200474521-150x97.jpg 150w, https:\/\/all4camper.com\/wp-content\/uploads\/2019\/04\/IMG_20190308_110839-e1554200474521-768x497.jpg 768w\" sizes=\"auto, (max-width: 850px) 100vw, 850px\" \/><\/p>\n<h3><strong>A kde se daj\u00ed tyto vozy koupit a jak\u00e9 typy byly uvedeny na trh?<\/strong><\/h3>\n<p>Od srpna roku 2018 vstoupila zna\u010dka Etrusco i na n\u00e1\u0161 trh, co\u017e kvitoval i Brand Manager Christian Striebel <em>&#8222;Jsme pot\u011b\u0161eni pozitivn\u00edm rozvojem zna\u010dky Etrusco a jsme si jisti, \u017ee design a kvalita na\u0161ich voz\u016f bude m\u00edt v \u010cesk\u00e9 republice pozitivn\u00ed ohlas&#8220;<\/em>.<\/p>\n<p><strong>Tyto vozy tak m\u016f\u017eete vid\u011bt a zakoupit ve spole\u010dnosti Blue Rent, a.s., Mod\u0159ansk\u00e1 102, Praha 4 \u2013 Hodkovi\u010dky. <a href=\"http:\/\/www.bluerent.cz\/\" target=\"_blank\" rel=\"noopener noreferrer\">bluerent.cz<\/a><\/strong><\/p>\n<p>Dle slov pana Gury\u010di, spolumajitele spole\u010dnosti, a Pavla Horsk\u00e9ho maj\u00edc\u00edho na starosti pr\u00e1v\u011b tuto zna\u010dku, m\u016f\u017eete aktu\u00e1ln\u011b zakoupit vozy typu Integrovan\u00fd a Polointegrovan\u00fd obytn\u00fd v\u016fz. Typ alkovna by m\u011bl b\u00fdt uveden na trh v \u010dervnu tohoto roku. V\u0161echny typy a modely jsou na podvozku Fiat a m\u016f\u017eete si je prohl\u00e9dnout na tomto odkazu: <a href=\"http:\/\/www.bluerent.cz\/prodej\/etrusco\/\" target=\"_blank\" rel=\"noopener noreferrer\">bluerent.cz\/prodej\/etrusco\/<\/a><\/p>\n<p><img loading=\"lazy\" decoding=\"async\" class=\"aligncenter wp-image-75216\" src=\"https:\/\/all4camper.com\/\/wp-content\/uploads\/2019\/04\/IMG_20190308_110729-e1554200070732.jpg\" alt=\"\" width=\"850\" height=\"501\" srcset=\"https:\/\/all4camper.com\/wp-content\/uploads\/2019\/04\/IMG_20190308_110729-e1554200070732.jpg 1197w, https:\/\/all4camper.com\/wp-content\/uploads\/2019\/04\/IMG_20190308_110729-e1554200070732-300x177.jpg 300w, https:\/\/all4camper.com\/wp-content\/uploads\/2019\/04\/IMG_20190308_110729-e1554200070732-150x88.jpg 150w, https:\/\/all4camper.com\/wp-content\/uploads\/2019\/04\/IMG_20190308_110729-e1554200070732-768x452.jpg 768w\" sizes=\"auto, (max-width: 850px) 100vw, 850px\" \/><\/p>\n<p><strong>A co napsat z\u00e1v\u011brem? \u017de p\u0159eji t\u00e9to zna\u010dce, aby se v \u010cesk\u00e9 republice nejen\u017ee dob\u0159e prod\u00e1vala, ale m\u011bla tak\u00e9 mnoho spokojen\u00fdch z\u00e1kazn\u00edk\u016f.<\/strong><\/p>\n<p><img loading=\"lazy\" decoding=\"async\" class=\"aligncenter wp-image-75213\" src=\"https:\/\/www.all4camper.com\/wp-content\/uploads\/2019\/04\/IMG_20190308_113142.jpg\" alt=\"\" width=\"679\" height=\"510\" srcset=\"https:\/\/all4camper.com\/wp-content\/uploads\/2019\/04\/IMG_20190308_113142.jpg 1200w, https:\/\/all4camper.com\/wp-content\/uploads\/2019\/04\/IMG_20190308_113142-300x225.jpg 300w, https:\/\/all4camper.com\/wp-content\/uploads\/2019\/04\/IMG_20190308_113142-150x113.jpg 150w, https:\/\/all4camper.com\/wp-content\/uploads\/2019\/04\/IMG_20190308_113142-768x576.jpg 768w, https:\/\/all4camper.com\/wp-content\/uploads\/2019\/04\/IMG_20190308_113142-678x509.jpg 678w, https:\/\/all4camper.com\/wp-content\/uploads\/2019\/04\/IMG_20190308_113142-326x245.jpg 326w, https:\/\/all4camper.com\/wp-content\/uploads\/2019\/04\/IMG_20190308_113142-80x60.jpg 80w\" sizes=\"auto, (max-width: 679px) 100vw, 679px\" \/><\/p>\n","protected":false},"excerpt":{"rendered":"<p>V r\u00e1mci leto\u0161n\u00edho veletrhu For Caravan jsem nav\u0161t\u00edvila st\u00e1nek spole\u010dnosti Blue Rent, nebo\u0165 jsem se dozv\u011bd\u011bla o hork\u00e9 novince, je\u017e by mohla zaj\u00edmat v\u0161echny, kdo hledaj\u00ed v r\u00e1mci koup\u011b nov\u00e9ho obytn\u00e9ho vozu vyv\u00e1\u017eenost pom\u011bru ceny, kvality a v\u00fdkonu. No a mus\u00edm \u0159\u00edci, \u017ee to byla pravda. Tato nov\u00e1 zna\u010dka je nejmlad\u0161\u00edm projektem Erwin Hymer Group [&hellip;]<\/p>\n","protected":false},"author":4,"featured_media":75204,"comment_status":"closed","ping_status":"open","sticky":false,"template":"","format":"standard","meta":{"_monsterinsights_skip_tracking":false,"_monsterinsights_sitenote_active":false,"_monsterinsights_sitenote_note":"","_monsterinsights_sitenote_category":0,"footnotes":""},"categories":[11194,422],"tags":[8122],"class_list":{"0":"post-75203","1":"post","2":"type-post","3":"status-publish","4":"format-standard","5":"has-post-thumbnail","7":"category-karavaning","8":"category-novinky-kempovani-a-karavaning","9":"tag-karavaning"},"yoast_head":"<!-- This site is optimized with the Yoast SEO plugin v27.5 - https:\/\/yoast.com\/product\/yoast-seo-wordpress\/ -->\n<title>Etrusco \u2013 spojen\u00ed n\u011bmeck\u00e9ho in\u017een\u00fdrstv\u00ed a italsk\u00e9 v\u00e1\u0161n\u011b pro design<\/title>\n<meta name=\"description\" content=\"All4Camper - Etrusco - spojen\u00ed n\u011bmeck\u00e9ho in\u017een\u00fdrstv\u00ed a italsk\u00e9 v\u00e1\u0161n\u011b pro design\" \/>\n<meta name=\"robots\" content=\"index, follow, max-snippet:-1, max-image-preview:large, max-video-preview:-1\" \/>\n<link rel=\"canonical\" href=\"https:\/\/all4camper.com\/cs\/etrusco-spojeni-nemeckeho-inzenyrstvi-a-italske-vasne-pro-design\/\" \/>\n<meta property=\"og:locale\" content=\"cs_CZ\" \/>\n<meta property=\"og:type\" content=\"article\" \/>\n<meta property=\"og:title\" content=\"Etrusco \u2013 spojen\u00ed n\u011bmeck\u00e9ho in\u017een\u00fdrstv\u00ed a italsk\u00e9 v\u00e1\u0161n\u011b pro design\" \/>\n<meta property=\"og:description\" content=\"All4Camper - Etrusco - spojen\u00ed n\u011bmeck\u00e9ho in\u017een\u00fdrstv\u00ed a italsk\u00e9 v\u00e1\u0161n\u011b pro design\" \/>\n<meta property=\"og:url\" content=\"https:\/\/all4camper.com\/cs\/etrusco-spojeni-nemeckeho-inzenyrstvi-a-italske-vasne-pro-design\/\" \/>\n<meta property=\"og:site_name\" content=\"All4Camper\" \/>\n<meta property=\"article:published_time\" content=\"2019-04-02T10:22:43+00:00\" \/>\n<meta property=\"article:modified_time\" content=\"2021-04-12T04:03:05+00:00\" \/>\n<meta property=\"og:image\" content=\"https:\/\/all4camper.com\/wp-content\/uploads\/2019\/04\/Etrusco-nove-obytne-vozy.jpg\" \/>\n\t<meta property=\"og:image:width\" content=\"1200\" \/>\n\t<meta property=\"og:image:height\" content=\"675\" \/>\n\t<meta property=\"og:image:type\" content=\"image\/jpeg\" \/>\n<meta name=\"author\" content=\"Kl\u00e1ra H\u00e1jkov\u00e1\" \/>\n<meta name=\"twitter:card\" content=\"summary_large_image\" \/>\n<meta name=\"twitter:label1\" content=\"Napsal(a)\" \/>\n\t<meta name=\"twitter:data1\" content=\"Kl\u00e1ra H\u00e1jkov\u00e1\" \/>\n\t<meta name=\"twitter:label2\" content=\"Odhadovan\u00e1 doba \u010dten\u00ed\" \/>\n\t<meta name=\"twitter:data2\" content=\"3 minuty\" \/>\n<script type=\"application\/ld+json\" class=\"yoast-schema-graph\">{\"@context\":\"https:\\\/\\\/schema.org\",\"@graph\":[{\"@type\":\"Article\",\"@id\":\"https:\\\/\\\/all4camper.com\\\/cs\\\/etrusco-spojeni-nemeckeho-inzenyrstvi-a-italske-vasne-pro-design\\\/#article\",\"isPartOf\":{\"@id\":\"https:\\\/\\\/all4camper.com\\\/cs\\\/etrusco-spojeni-nemeckeho-inzenyrstvi-a-italske-vasne-pro-design\\\/\"},\"author\":{\"name\":\"Kl\u00e1ra H\u00e1jkov\u00e1\",\"@id\":\"https:\\\/\\\/all4camper.com\\\/cs\\\/#\\\/schema\\\/person\\\/c6f1efdf1d02bc7d8c53a891cbe18c62\"},\"headline\":\"Etrusco &#8211; spojen\u00ed n\u011bmeck\u00e9ho in\u017een\u00fdrstv\u00ed a italsk\u00e9 v\u00e1\u0161n\u011b pro design\",\"datePublished\":\"2019-04-02T10:22:43+00:00\",\"dateModified\":\"2021-04-12T04:03:05+00:00\",\"mainEntityOfPage\":{\"@id\":\"https:\\\/\\\/all4camper.com\\\/cs\\\/etrusco-spojeni-nemeckeho-inzenyrstvi-a-italske-vasne-pro-design\\\/\"},\"wordCount\":585,\"publisher\":{\"@id\":\"https:\\\/\\\/all4camper.com\\\/cs\\\/#organization\"},\"image\":{\"@id\":\"https:\\\/\\\/all4camper.com\\\/cs\\\/etrusco-spojeni-nemeckeho-inzenyrstvi-a-italske-vasne-pro-design\\\/#primaryimage\"},\"thumbnailUrl\":\"https:\\\/\\\/all4camper.com\\\/wp-content\\\/uploads\\\/2019\\\/04\\\/Etrusco-nove-obytne-vozy.jpg\",\"keywords\":[\"Ze sv\u011bta karavaningu\"],\"articleSection\":[\"Karavanink\",\"Novinky - Kempov\u00e1n\u00ed a karavaning\"],\"inLanguage\":\"cs\"},{\"@type\":\"WebPage\",\"@id\":\"https:\\\/\\\/all4camper.com\\\/cs\\\/etrusco-spojeni-nemeckeho-inzenyrstvi-a-italske-vasne-pro-design\\\/\",\"url\":\"https:\\\/\\\/all4camper.com\\\/cs\\\/etrusco-spojeni-nemeckeho-inzenyrstvi-a-italske-vasne-pro-design\\\/\",\"name\":\"Etrusco \u2013 spojen\u00ed n\u011bmeck\u00e9ho in\u017een\u00fdrstv\u00ed a italsk\u00e9 v\u00e1\u0161n\u011b pro design\",\"isPartOf\":{\"@id\":\"https:\\\/\\\/all4camper.com\\\/cs\\\/#website\"},\"primaryImageOfPage\":{\"@id\":\"https:\\\/\\\/all4camper.com\\\/cs\\\/etrusco-spojeni-nemeckeho-inzenyrstvi-a-italske-vasne-pro-design\\\/#primaryimage\"},\"image\":{\"@id\":\"https:\\\/\\\/all4camper.com\\\/cs\\\/etrusco-spojeni-nemeckeho-inzenyrstvi-a-italske-vasne-pro-design\\\/#primaryimage\"},\"thumbnailUrl\":\"https:\\\/\\\/all4camper.com\\\/wp-content\\\/uploads\\\/2019\\\/04\\\/Etrusco-nove-obytne-vozy.jpg\",\"datePublished\":\"2019-04-02T10:22:43+00:00\",\"dateModified\":\"2021-04-12T04:03:05+00:00\",\"description\":\"All4Camper - Etrusco - spojen\u00ed n\u011bmeck\u00e9ho in\u017een\u00fdrstv\u00ed a italsk\u00e9 v\u00e1\u0161n\u011b pro design\",\"breadcrumb\":{\"@id\":\"https:\\\/\\\/all4camper.com\\\/cs\\\/etrusco-spojeni-nemeckeho-inzenyrstvi-a-italske-vasne-pro-design\\\/#breadcrumb\"},\"inLanguage\":\"cs\",\"potentialAction\":[{\"@type\":\"ReadAction\",\"target\":[\"https:\\\/\\\/all4camper.com\\\/cs\\\/etrusco-spojeni-nemeckeho-inzenyrstvi-a-italske-vasne-pro-design\\\/\"]}]},{\"@type\":\"ImageObject\",\"inLanguage\":\"cs\",\"@id\":\"https:\\\/\\\/all4camper.com\\\/cs\\\/etrusco-spojeni-nemeckeho-inzenyrstvi-a-italske-vasne-pro-design\\\/#primaryimage\",\"url\":\"https:\\\/\\\/all4camper.com\\\/wp-content\\\/uploads\\\/2019\\\/04\\\/Etrusco-nove-obytne-vozy.jpg\",\"contentUrl\":\"https:\\\/\\\/all4camper.com\\\/wp-content\\\/uploads\\\/2019\\\/04\\\/Etrusco-nove-obytne-vozy.jpg\",\"width\":1200,\"height\":675},{\"@type\":\"BreadcrumbList\",\"@id\":\"https:\\\/\\\/all4camper.com\\\/cs\\\/etrusco-spojeni-nemeckeho-inzenyrstvi-a-italske-vasne-pro-design\\\/#breadcrumb\",\"itemListElement\":[{\"@type\":\"ListItem\",\"position\":1,\"name\":\"Dom\u016f\",\"item\":\"https:\\\/\\\/all4camper.com\\\/cs\\\/\"},{\"@type\":\"ListItem\",\"position\":2,\"name\":\"Karavanink\",\"item\":\"https:\\\/\\\/all4camper.com\\\/cs\\\/category\\\/karavaning\\\/\"},{\"@type\":\"ListItem\",\"position\":3,\"name\":\"Etrusco &#8211; spojen\u00ed n\u011bmeck\u00e9ho in\u017een\u00fdrstv\u00ed a italsk\u00e9 v\u00e1\u0161n\u011b pro design\"}]},{\"@type\":\"WebSite\",\"@id\":\"https:\\\/\\\/all4camper.com\\\/cs\\\/#website\",\"url\":\"https:\\\/\\\/all4camper.com\\\/cs\\\/\",\"name\":\"All4Camper\",\"description\":\"Nejv\u011bt\u0161\u00ed online magaz\u00edn o kempov\u00e1n\u00ed a karavaninku. V\u00edce jak 900 \u010dl\u00e1nk\u016f pln\u00fdch rad a tip\u016f o kempech a kempov\u00e1n\u00ed.\",\"publisher\":{\"@id\":\"https:\\\/\\\/all4camper.com\\\/cs\\\/#organization\"},\"potentialAction\":[{\"@type\":\"SearchAction\",\"target\":{\"@type\":\"EntryPoint\",\"urlTemplate\":\"https:\\\/\\\/all4camper.com\\\/cs\\\/?s={search_term_string}\"},\"query-input\":{\"@type\":\"PropertyValueSpecification\",\"valueRequired\":true,\"valueName\":\"search_term_string\"}}],\"inLanguage\":\"cs\"},{\"@type\":\"Organization\",\"@id\":\"https:\\\/\\\/all4camper.com\\\/cs\\\/#organization\",\"name\":\"All4Camper - kempujeme s Kl\u00e1rou\",\"url\":\"https:\\\/\\\/all4camper.com\\\/cs\\\/\",\"logo\":{\"@type\":\"ImageObject\",\"inLanguage\":\"cs\",\"@id\":\"https:\\\/\\\/all4camper.com\\\/cs\\\/#\\\/schema\\\/logo\\\/image\\\/\",\"url\":\"https:\\\/\\\/all4camper.com\\\/wp-content\\\/uploads\\\/2018\\\/09\\\/novelogo.png\",\"contentUrl\":\"https:\\\/\\\/all4camper.com\\\/wp-content\\\/uploads\\\/2018\\\/09\\\/novelogo.png\",\"width\":1520,\"height\":600,\"caption\":\"All4Camper - kempujeme s Kl\u00e1rou\"},\"image\":{\"@id\":\"https:\\\/\\\/all4camper.com\\\/cs\\\/#\\\/schema\\\/logo\\\/image\\\/\"}},{\"@type\":\"Person\",\"@id\":\"https:\\\/\\\/all4camper.com\\\/cs\\\/#\\\/schema\\\/person\\\/c6f1efdf1d02bc7d8c53a891cbe18c62\",\"name\":\"Kl\u00e1ra H\u00e1jkov\u00e1\",\"sameAs\":[\"http:\\\/\\\/www.all4camper.com\"],\"url\":\"https:\\\/\\\/all4camper.com\\\/cs\\\/author\\\/klarinkacestuje1\\\/\"}]}<\/script>\n<!-- \/ Yoast SEO plugin. -->","yoast_head_json":{"title":"Etrusco \u2013 spojen\u00ed n\u011bmeck\u00e9ho in\u017een\u00fdrstv\u00ed a italsk\u00e9 v\u00e1\u0161n\u011b pro design","description":"All4Camper - Etrusco - spojen\u00ed n\u011bmeck\u00e9ho in\u017een\u00fdrstv\u00ed a italsk\u00e9 v\u00e1\u0161n\u011b pro design","robots":{"index":"index","follow":"follow","max-snippet":"max-snippet:-1","max-image-preview":"max-image-preview:large","max-video-preview":"max-video-preview:-1"},"canonical":"https:\/\/all4camper.com\/cs\/etrusco-spojeni-nemeckeho-inzenyrstvi-a-italske-vasne-pro-design\/","og_locale":"cs_CZ","og_type":"article","og_title":"Etrusco \u2013 spojen\u00ed n\u011bmeck\u00e9ho in\u017een\u00fdrstv\u00ed a italsk\u00e9 v\u00e1\u0161n\u011b pro design","og_description":"All4Camper - Etrusco - spojen\u00ed n\u011bmeck\u00e9ho in\u017een\u00fdrstv\u00ed a italsk\u00e9 v\u00e1\u0161n\u011b pro design","og_url":"https:\/\/all4camper.com\/cs\/etrusco-spojeni-nemeckeho-inzenyrstvi-a-italske-vasne-pro-design\/","og_site_name":"All4Camper","article_published_time":"2019-04-02T10:22:43+00:00","article_modified_time":"2021-04-12T04:03:05+00:00","og_image":[{"width":1200,"height":675,"url":"https:\/\/all4camper.com\/wp-content\/uploads\/2019\/04\/Etrusco-nove-obytne-vozy.jpg","type":"image\/jpeg"}],"author":"Kl\u00e1ra H\u00e1jkov\u00e1","twitter_card":"summary_large_image","twitter_misc":{"Napsal(a)":"Kl\u00e1ra H\u00e1jkov\u00e1","Odhadovan\u00e1 doba \u010dten\u00ed":"3 minuty"},"schema":{"@context":"https:\/\/schema.org","@graph":[{"@type":"Article","@id":"https:\/\/all4camper.com\/cs\/etrusco-spojeni-nemeckeho-inzenyrstvi-a-italske-vasne-pro-design\/#article","isPartOf":{"@id":"https:\/\/all4camper.com\/cs\/etrusco-spojeni-nemeckeho-inzenyrstvi-a-italske-vasne-pro-design\/"},"author":{"name":"Kl\u00e1ra H\u00e1jkov\u00e1","@id":"https:\/\/all4camper.com\/cs\/#\/schema\/person\/c6f1efdf1d02bc7d8c53a891cbe18c62"},"headline":"Etrusco &#8211; spojen\u00ed n\u011bmeck\u00e9ho in\u017een\u00fdrstv\u00ed a italsk\u00e9 v\u00e1\u0161n\u011b pro design","datePublished":"2019-04-02T10:22:43+00:00","dateModified":"2021-04-12T04:03:05+00:00","mainEntityOfPage":{"@id":"https:\/\/all4camper.com\/cs\/etrusco-spojeni-nemeckeho-inzenyrstvi-a-italske-vasne-pro-design\/"},"wordCount":585,"publisher":{"@id":"https:\/\/all4camper.com\/cs\/#organization"},"image":{"@id":"https:\/\/all4camper.com\/cs\/etrusco-spojeni-nemeckeho-inzenyrstvi-a-italske-vasne-pro-design\/#primaryimage"},"thumbnailUrl":"https:\/\/all4camper.com\/wp-content\/uploads\/2019\/04\/Etrusco-nove-obytne-vozy.jpg","keywords":["Ze sv\u011bta karavaningu"],"articleSection":["Karavanink","Novinky - Kempov\u00e1n\u00ed a karavaning"],"inLanguage":"cs"},{"@type":"WebPage","@id":"https:\/\/all4camper.com\/cs\/etrusco-spojeni-nemeckeho-inzenyrstvi-a-italske-vasne-pro-design\/","url":"https:\/\/all4camper.com\/cs\/etrusco-spojeni-nemeckeho-inzenyrstvi-a-italske-vasne-pro-design\/","name":"Etrusco \u2013 spojen\u00ed n\u011bmeck\u00e9ho in\u017een\u00fdrstv\u00ed a italsk\u00e9 v\u00e1\u0161n\u011b pro design","isPartOf":{"@id":"https:\/\/all4camper.com\/cs\/#website"},"primaryImageOfPage":{"@id":"https:\/\/all4camper.com\/cs\/etrusco-spojeni-nemeckeho-inzenyrstvi-a-italske-vasne-pro-design\/#primaryimage"},"image":{"@id":"https:\/\/all4camper.com\/cs\/etrusco-spojeni-nemeckeho-inzenyrstvi-a-italske-vasne-pro-design\/#primaryimage"},"thumbnailUrl":"https:\/\/all4camper.com\/wp-content\/uploads\/2019\/04\/Etrusco-nove-obytne-vozy.jpg","datePublished":"2019-04-02T10:22:43+00:00","dateModified":"2021-04-12T04:03:05+00:00","description":"All4Camper - Etrusco - spojen\u00ed n\u011bmeck\u00e9ho in\u017een\u00fdrstv\u00ed a italsk\u00e9 v\u00e1\u0161n\u011b pro design","breadcrumb":{"@id":"https:\/\/all4camper.com\/cs\/etrusco-spojeni-nemeckeho-inzenyrstvi-a-italske-vasne-pro-design\/#breadcrumb"},"inLanguage":"cs","potentialAction":[{"@type":"ReadAction","target":["https:\/\/all4camper.com\/cs\/etrusco-spojeni-nemeckeho-inzenyrstvi-a-italske-vasne-pro-design\/"]}]},{"@type":"ImageObject","inLanguage":"cs","@id":"https:\/\/all4camper.com\/cs\/etrusco-spojeni-nemeckeho-inzenyrstvi-a-italske-vasne-pro-design\/#primaryimage","url":"https:\/\/all4camper.com\/wp-content\/uploads\/2019\/04\/Etrusco-nove-obytne-vozy.jpg","contentUrl":"https:\/\/all4camper.com\/wp-content\/uploads\/2019\/04\/Etrusco-nove-obytne-vozy.jpg","width":1200,"height":675},{"@type":"BreadcrumbList","@id":"https:\/\/all4camper.com\/cs\/etrusco-spojeni-nemeckeho-inzenyrstvi-a-italske-vasne-pro-design\/#breadcrumb","itemListElement":[{"@type":"ListItem","position":1,"name":"Dom\u016f","item":"https:\/\/all4camper.com\/cs\/"},{"@type":"ListItem","position":2,"name":"Karavanink","item":"https:\/\/all4camper.com\/cs\/category\/karavaning\/"},{"@type":"ListItem","position":3,"name":"Etrusco &#8211; spojen\u00ed n\u011bmeck\u00e9ho in\u017een\u00fdrstv\u00ed a italsk\u00e9 v\u00e1\u0161n\u011b pro design"}]},{"@type":"WebSite","@id":"https:\/\/all4camper.com\/cs\/#website","url":"https:\/\/all4camper.com\/cs\/","name":"All4Camper","description":"Nejv\u011bt\u0161\u00ed online magaz\u00edn o kempov\u00e1n\u00ed a karavaninku. V\u00edce jak 900 \u010dl\u00e1nk\u016f pln\u00fdch rad a tip\u016f o kempech a kempov\u00e1n\u00ed.","publisher":{"@id":"https:\/\/all4camper.com\/cs\/#organization"},"potentialAction":[{"@type":"SearchAction","target":{"@type":"EntryPoint","urlTemplate":"https:\/\/all4camper.com\/cs\/?s={search_term_string}"},"query-input":{"@type":"PropertyValueSpecification","valueRequired":true,"valueName":"search_term_string"}}],"inLanguage":"cs"},{"@type":"Organization","@id":"https:\/\/all4camper.com\/cs\/#organization","name":"All4Camper - kempujeme s Kl\u00e1rou","url":"https:\/\/all4camper.com\/cs\/","logo":{"@type":"ImageObject","inLanguage":"cs","@id":"https:\/\/all4camper.com\/cs\/#\/schema\/logo\/image\/","url":"https:\/\/all4camper.com\/wp-content\/uploads\/2018\/09\/novelogo.png","contentUrl":"https:\/\/all4camper.com\/wp-content\/uploads\/2018\/09\/novelogo.png","width":1520,"height":600,"caption":"All4Camper - kempujeme s Kl\u00e1rou"},"image":{"@id":"https:\/\/all4camper.com\/cs\/#\/schema\/logo\/image\/"}},{"@type":"Person","@id":"https:\/\/all4camper.com\/cs\/#\/schema\/person\/c6f1efdf1d02bc7d8c53a891cbe18c62","name":"Kl\u00e1ra H\u00e1jkov\u00e1","sameAs":["http:\/\/www.all4camper.com"],"url":"https:\/\/all4camper.com\/cs\/author\/klarinkacestuje1\/"}]}},"_links":{"self":[{"href":"https:\/\/all4camper.com\/cs\/wp-json\/wp\/v2\/posts\/75203","targetHints":{"allow":["GET"]}}],"collection":[{"href":"https:\/\/all4camper.com\/cs\/wp-json\/wp\/v2\/posts"}],"about":[{"href":"https:\/\/all4camper.com\/cs\/wp-json\/wp\/v2\/types\/post"}],"author":[{"embeddable":true,"href":"https:\/\/all4camper.com\/cs\/wp-json\/wp\/v2\/users\/4"}],"replies":[{"embeddable":true,"href":"https:\/\/all4camper.com\/cs\/wp-json\/wp\/v2\/comments?post=75203"}],"version-history":[{"count":0,"href":"https:\/\/all4camper.com\/cs\/wp-json\/wp\/v2\/posts\/75203\/revisions"}],"wp:featuredmedia":[{"embeddable":true,"href":"https:\/\/all4camper.com\/cs\/wp-json\/wp\/v2\/media\/75204"}],"wp:attachment":[{"href":"https:\/\/all4camper.com\/cs\/wp-json\/wp\/v2\/media?parent=75203"}],"wp:term":[{"taxonomy":"category","embeddable":true,"href":"https:\/\/all4camper.com\/cs\/wp-json\/wp\/v2\/categories?post=75203"},{"taxonomy":"post_tag","embeddable":true,"href":"https:\/\/all4camper.com\/cs\/wp-json\/wp\/v2\/tags?post=75203"}],"curies":[{"name":"wp","href":"https:\/\/api.w.org\/{rel}","templated":true}]}}