{"id":75129,"date":"2019-10-26T11:36:51","date_gmt":"2019-10-26T09:36:51","guid":{"rendered":"https:\/\/all4camper.com\/\/?p=75129"},"modified":"2020-04-21T12:46:03","modified_gmt":"2020-04-21T10:46:03","slug":"dovolena-v-malem-raji-na-zemi-kempujeme-u-jezera-lago-maggiore","status":"publish","type":"post","link":"https:\/\/all4camper.com\/cs\/dovolena-v-malem-raji-na-zemi-kempujeme-u-jezera-lago-maggiore\/","title":{"rendered":"Dovolen\u00e1 v mal\u00e9m r\u00e1ji na zemi &#8211; kempujeme u jezera Lago Maggiore"},"content":{"rendered":"\n<h4 class=\"wp-block-heading\">Tohle kouzeln\u00e9 jezero, kde m\u016f\u017eete spojit koup\u00e1n\u00ed v ledovcov\u00e9m jeze\u0159e s v\u00fdhledem na zasn\u011b\u017een\u00e9 vrcholky Alp, najdete na pomez\u00ed severn\u00ed It\u00e1lie a \u0160v\u00fdcarska. <strong>Lago Maggiore je druh\u00fdm nejv\u011bt\u0161\u00edm italsk\u00fdm jezerem a tvo\u0159\u00ed pomyslnou vstupn\u00ed br\u00e1nu do Alp<\/strong>. V jeho okol\u00ed m\u016f\u017eete nav\u0161t\u00edvit malebn\u00e9 vesni\u010dky, vyu\u017e\u00edt mnoho mo\u017enost\u00ed pro aktivn\u00ed dovolenou i odpo\u010dinek, to v\u0161e dopln\u011bn\u00e9 <strong>jistotou p\u0159\u00edjemn\u00e9ho subtropick\u00e9ho klima p\u0159\u00edtomn\u00e9ho skoro po cel\u00fd rok.<\/strong><\/h4>\n\n\n\n<div class=\"wp-block-image\"><figure class=\"aligncenter\"><img loading=\"lazy\" decoding=\"async\" width=\"1280\" height=\"710\" src=\"https:\/\/all4camper.com\/\/wp-content\/uploads\/2019\/03\/Lago-Maggiore-e1553589152914.jpg\" alt=\"\" class=\"wp-image-75130\" srcset=\"https:\/\/all4camper.com\/wp-content\/uploads\/2019\/03\/Lago-Maggiore-e1553589152914.jpg 1280w, https:\/\/all4camper.com\/wp-content\/uploads\/2019\/03\/Lago-Maggiore-e1553589152914-300x166.jpg 300w, https:\/\/all4camper.com\/wp-content\/uploads\/2019\/03\/Lago-Maggiore-e1553589152914-150x83.jpg 150w, https:\/\/all4camper.com\/wp-content\/uploads\/2019\/03\/Lago-Maggiore-e1553589152914-768x426.jpg 768w\" sizes=\"auto, (max-width: 1280px) 100vw, 1280px\" \/><\/figure><\/div>\n\n\n\n<h3 class=\"wp-block-heading\"><strong>A co v\u0161e kolem jezera m\u016f\u017eete vid\u011bt, nav\u0161t\u00edvit \u010di si u\u017e\u00edt?<\/strong><\/h3>\n\n\n\n<p>Nap\u0159\u00edklad se m\u016f\u017eete vydat lod\u00ed z Arony do \u0161v\u00fdcarsk\u00e9 Ascony (v severn\u00edm c\u00edpu jezera) a k n\u00e1vratu pak vyu\u017e\u00edt \u00fazkorozchodnou dr\u00e1hou meandruj\u00edc\u00ed horsk\u00fdmi \u00fadol\u00edmi zp\u011bt do Domodossoly, kde p\u0159esednete na vlak jedouc\u00ed zp\u011bt do Arony.\u00a0Dal\u0161\u00edm perfektn\u00edm tipem je n\u00e1v\u0161t\u011bva jednoho (nebo v\u0161ech) ze zdej\u0161\u00edch <strong>Boromejsk\u00fdch ostrov\u016f.<\/strong> Na ostrov\u011b Isola Bella stoj\u00ed n\u00e1dhern\u00fd barokn\u00ed z\u00e1mek, na Isola Madre byla v 18. a 19. stolet\u00ed vysazena anglick\u00e1 zahrada, kde dnes kvetou p\u0159ekr\u00e1sn\u00e9 azalky, kam\u00e9lie a ka\u0161m\u00edrsk\u00e9 cyp\u0159i\u0161e a na Isola dei Pescatori si m\u016f\u017eete dop\u0159\u00e1t vynikaj\u00edc\u00ed ob\u011bd slo\u017een\u00fd z n\u011bkolika druh\u016f ryb. <\/p>\n\n\n\n<div class=\"wp-block-image wp-image-75134\"><figure class=\"aligncenter\"><img loading=\"lazy\" decoding=\"async\" width=\"1280\" height=\"569\" src=\"https:\/\/all4camper.com\/\/wp-content\/uploads\/2019\/03\/Isola-Bella-e1553590971137.jpg\" alt=\"\" class=\"wp-image-75134\" srcset=\"https:\/\/all4camper.com\/wp-content\/uploads\/2019\/03\/Isola-Bella-e1553590971137.jpg 1280w, https:\/\/all4camper.com\/wp-content\/uploads\/2019\/03\/Isola-Bella-e1553590971137-300x133.jpg 300w, https:\/\/all4camper.com\/wp-content\/uploads\/2019\/03\/Isola-Bella-e1553590971137-150x67.jpg 150w, https:\/\/all4camper.com\/wp-content\/uploads\/2019\/03\/Isola-Bella-e1553590971137-768x341.jpg 768w\" sizes=\"auto, (max-width: 1280px) 100vw, 1280px\" \/><figcaption>Isola Bella<\/figcaption><\/figure><\/div>\n\n\n\n<p>Pokud se rozhodnete pro pozn\u00e1v\u00e1n\u00ed m\u011bst a m\u011bste\u010dek lemuj\u00edc\u00edch toto skoro 66 km dlouh\u00e9 jezero, pak je t\u0159eba hledat mo\u017enost kempov\u00e1n\u00ed zejm\u00e9na na jeho z\u00e1padn\u00edm b\u0159ehu.<strong> Nezapome\u0148te nav\u0161t\u00edvit Locarno, kter\u00e9 je sice ve \u0161v\u00fdcarsk\u00e9 \u010d\u00e1sti, av\u0161ak je pln\u00e9 pam\u00e1tek a vynikaj\u00edc\u00edch restaurac\u00ed, kav\u00e1ren a \u00fazk\u00fdch uli\u010dek ze kter\u00fdch na v\u00e1s bude d\u00fdchat italsk\u00e1 atmosf\u00e9ra.<\/strong><\/p>\n\n\n\n<h3 class=\"wp-block-heading\"><strong>A na co se je\u0161t\u011b m\u016f\u017eete v r\u00e1mci dovolen\u00e9 a kempov\u00e1n\u00ed u tohoto jezera t\u011b\u0161it?<\/strong><\/h3>\n\n\n\n<h4 class=\"wp-block-heading\"><strong>N\u00e1rodn\u00ed park Val Grande, <a href=\"http:\/\/www.parcovalgrande.it\/\" target=\"_blank\" rel=\"noopener noreferrer\">parcovalgrande.it<\/a><\/strong><\/h4>\n\n\n\n<p>Tento park je pr\u00fd <strong>nejv\u011bt\u0161\u00ed divo\u010dinou v Evrop\u011b<\/strong> skr\u00fdvaj\u00edc\u00ed v sob\u011b ka\u0148ony, sr\u00e1zy, hust\u00e9 lesy a samoz\u0159ejm\u011b \u00fachvatn\u00e9 v\u00fdhledy. Najdete v n\u011bm i velk\u00e9 mno\u017estv\u00ed tras \u010di nau\u010dn\u00fdch stezek, kter\u00e9 si zobraz\u00edte <a href=\"http:\/\/www.parcovalgrande.it\/percorsi.php\" target=\"_blank\" rel=\"noopener noreferrer\">ZDE.<\/a><strong>Pokud tedy budete hledat mo\u017enosti aktivn\u00ed dovolen\u00e9 v okol\u00ed tohoto kr\u00e1sn\u00e9ho jezera, tento park v\u00e1m nab\u00edz\u00ed velk\u00e9 mno\u017estv\u00ed aktivit a je ide\u00e1ln\u00edm c\u00edlem.<\/strong><\/p>\n\n\n\n<div class=\"wp-block-image size-full wp-image-75139\"><figure class=\"aligncenter\"><img loading=\"lazy\" decoding=\"async\" width=\"800\" height=\"600\" src=\"https:\/\/all4camper.com\/\/wp-content\/uploads\/2019\/03\/Rio-Valgrande.jpg\" alt=\"\" class=\"wp-image-75139\" srcset=\"https:\/\/all4camper.com\/wp-content\/uploads\/2019\/03\/Rio-Valgrande.jpg 800w, https:\/\/all4camper.com\/wp-content\/uploads\/2019\/03\/Rio-Valgrande-300x225.jpg 300w, https:\/\/all4camper.com\/wp-content\/uploads\/2019\/03\/Rio-Valgrande-150x113.jpg 150w, https:\/\/all4camper.com\/wp-content\/uploads\/2019\/03\/Rio-Valgrande-768x576.jpg 768w, https:\/\/all4camper.com\/wp-content\/uploads\/2019\/03\/Rio-Valgrande-678x509.jpg 678w, https:\/\/all4camper.com\/wp-content\/uploads\/2019\/03\/Rio-Valgrande-326x245.jpg 326w, https:\/\/all4camper.com\/wp-content\/uploads\/2019\/03\/Rio-Valgrande-80x60.jpg 80w\" sizes=\"auto, (max-width: 800px) 100vw, 800px\" \/><figcaption>Rio Valgrande, foto: Giancarlo Parazzoli<\/figcaption><\/figure><\/div>\n\n\n\n<p>Rozhodnete-li se pro n\u00e1v\u0161t\u011bvu tohoto parku, m\u016f\u017eete vyu\u017e\u00edt mo\u017enost kempov\u00e1n\u00ed v kempu &#8222;La Pineta&#8220;, kter\u00fd je jedn\u00edm ze vstupn\u00edch bod\u016f do parku. <a href=\"http:\/\/www.campeggiopineta.it\/home%20camping%20la%20pineta.htm\" target=\"_blank\" rel=\"noopener noreferrer\">campeggiopineta.it<\/a> &nbsp;<a href=\"https:\/\/goo.gl\/maps\/DnTvRuf3VdS2\" target=\"_blank\" rel=\"noopener noreferrer\">Zobrazit na map\u011b<\/a><\/p>\n\n\n\n<p>M\u00e1te-li v pl\u00e1nu <strong>bivakov\u00e1n\u00ed, pak skv\u011blou zpr\u00e1vou je to, \u017ee v parku je mnoho voln\u011b p\u0159\u00edstupn\u00fdch chat, kde m\u016f\u017eete p\u0159espat zdarma a bez omezen\u00ed<\/strong>. N\u011bkter\u00e9 chaty maj\u00ed i kamna pro p\u0159\u00edpad chladn\u00e9ho po\u010das\u00ed. Je t\u0159eba se v\u0161ak \u0159\u00eddit p\u0159edepsan\u00fdmi pravidly, kter\u00e9 najdete <a href=\"http:\/\/www.parcovalgrande.it\/pagina.php?id=31\" target=\"_blank\" rel=\"noopener noreferrer\">ZDE<\/a><\/p>\n\n\n\n<h4 class=\"wp-block-heading\"><strong>Muzeum loutek a panenek<\/strong><\/h4>\n\n\n\n<p>Toto muzeum najdete ve m\u011bst\u011b Angera (<a href=\"https:\/\/goo.gl\/maps\/vdjetSfS5jL2\" target=\"_blank\" rel=\"noopener noreferrer\">zobrazit na map\u011b<\/a>). M\u00e1te zde mo\u017enost vid\u011bt sb\u00edrku loutek z 18. a 19. stolet\u00ed v\u010detn\u011b sb\u00edrky panenek z 19. stolet\u00ed. <strong>Pro dopln\u011bn\u00ed je\u0161t\u011b uv\u00e1d\u00edm, \u017ee d\u00edky unik\u00e1tnosti obou sb\u00edrek se toto muzeum \u0159ad\u00ed mezi nejv\u00fdznamn\u011bj\u0161\u00ed takov\u00e1to muzea v Evrop\u011b. <\/strong>Jsem p\u0159esv\u011bd\u010dena, \u017ee jeho n\u00e1v\u0161t\u011bva bude velk\u00fdm z\u00e1\u017eitkem jak pro v\u00e1s, tak va\u0161e d\u011bti. <a href=\"https:\/\/www.isoleborromee.it\/angera-museo.html\" target=\"_blank\" rel=\"noopener noreferrer\">isoleborromee.it<\/a><\/p>\n\n\n\n<h4 class=\"wp-block-heading\"><strong>St\u0159edov\u011bk\u00e1 zahrada<\/strong><\/h4>\n\n\n\n<p>Kdy\u017e u\u017e budete v Ange\u0159e, zajd\u011bte se tak\u00e9 pod\u00edvat do zdej\u0161\u00ed st\u0159edov\u011bk\u00e9 zahrady, kter\u00e1 byla vybudov\u00e1na v roce 2009. Jej\u00edm \u00fa\u010delem je uk\u00e1zat n\u00e1v\u0161t\u011bvn\u00edk\u016fm &#8222;Jak takov\u00e1 zahrada z historick\u00e9ho i botanick\u00e9ho pohledu vypadala&#8220;. <a href=\"https:\/\/goo.gl\/maps\/EKRms1s7zCx\" target=\"_blank\" rel=\"noopener noreferrer\">Zobrazit na map\u011b<\/a><\/p>\n\n\n\n<div class=\"wp-block-image wp-image-75142\"><figure class=\"aligncenter\"><img loading=\"lazy\" decoding=\"async\" width=\"1280\" height=\"768\" src=\"https:\/\/all4camper.com\/\/wp-content\/uploads\/2019\/03\/st\u0159edov\u011bk\u00e1-zahrada-Angera.jpg\" alt=\"\" class=\"wp-image-75142\" srcset=\"https:\/\/all4camper.com\/wp-content\/uploads\/2019\/03\/st\u0159edov\u011bk\u00e1-zahrada-Angera.jpg 1280w, https:\/\/all4camper.com\/wp-content\/uploads\/2019\/03\/st\u0159edov\u011bk\u00e1-zahrada-Angera-300x180.jpg 300w, https:\/\/all4camper.com\/wp-content\/uploads\/2019\/03\/st\u0159edov\u011bk\u00e1-zahrada-Angera-150x90.jpg 150w, https:\/\/all4camper.com\/wp-content\/uploads\/2019\/03\/st\u0159edov\u011bk\u00e1-zahrada-Angera-768x461.jpg 768w\" sizes=\"auto, (max-width: 1280px) 100vw, 1280px\" \/><figcaption>zdroj: https:\/\/www.isoleborromee.it\/angera-giardino-medievale.html<\/figcaption><\/figure><\/div>\n\n\n\n<h3 class=\"wp-block-heading\"><strong>Anglick\u00e1 zahrada a pal\u00e1c na ostrov\u011b Isola Madre<\/strong><\/h3>\n\n\n\n<p>Jak u\u017e jsem psala na za\u010d\u00e1tku, na tomto ostrov\u011b m\u016f\u017eete nav\u0161t\u00edvit tuto zahradu stylizovanou do botanick\u00e9ho parku. P\u0159i jeho n\u00e1v\u0161t\u011bv\u011b m\u016f\u017eete tak\u00e9 obdivovat \u00fa\u017easn\u00e9 v\u00fdhledy na jezero, tak\u017ee n\u00e1v\u0161t\u011bva bude je\u0161t\u011b zaj\u00edmav\u011bj\u0161\u00ed. <strong>Dle zdej\u0161\u00edho pr\u016fvodce je pr\u00fd zahrada (park) jedine\u010dnou botanickou zahradou se vz\u00e1cn\u00fdmi a origin\u00e1ln\u00edmi rostlinn\u00fdmi esencemi z cel\u00e9ho sv\u011bta.\u00a0<\/strong>No a samoz\u0159ejm\u011b kdy\u017e u\u017e tu budete, zajd\u011bte i na prohl\u00eddku pal\u00e1ce, kter\u00fd tvo\u0159\u00ed fascinuj\u00edc\u00ed odraz dvorn\u00edho \u017eivota. Najdete zde vz\u00e1cn\u00fd n\u00e1bytek z r\u016fzn\u00fdch rezidenc\u00ed rodiny Borromeo ukazuj\u00edc\u00ed \u017eivotn\u00ed styl 16. a 17. stolet\u00ed. <a rel=\"noopener noreferrer\" href=\"https:\/\/goo.gl\/maps\/nuz3P8zGAr42\" target=\"_blank\">Zobrazit na map\u011b<\/a><\/p>\n\n\n\n<div class=\"wp-block-image wp-image-75145\"><figure class=\"aligncenter\"><img loading=\"lazy\" decoding=\"async\" width=\"1280\" height=\"768\" src=\"https:\/\/all4camper.com\/\/wp-content\/uploads\/2019\/03\/Isola-Madre.jpg\" alt=\"\" class=\"wp-image-75145\" srcset=\"https:\/\/all4camper.com\/wp-content\/uploads\/2019\/03\/Isola-Madre.jpg 1280w, https:\/\/all4camper.com\/wp-content\/uploads\/2019\/03\/Isola-Madre-300x180.jpg 300w, https:\/\/all4camper.com\/wp-content\/uploads\/2019\/03\/Isola-Madre-150x90.jpg 150w, https:\/\/all4camper.com\/wp-content\/uploads\/2019\/03\/Isola-Madre-768x461.jpg 768w\" sizes=\"auto, (max-width: 1280px) 100vw, 1280px\" \/><figcaption>zdroj: https:\/\/www.isoleborromee.it\/imadre-giardini.html<\/figcaption><\/figure><\/div>\n\n\n\n<h4 class=\"wp-block-heading\"><strong>A kde kempovat?&nbsp;<\/strong><\/h4>\n\n\n\n<p>D\u00edky tomu, \u017ee je jezero vyhled\u00e1vanou turistickou destinac\u00ed a nav\u0161t\u011bvuje jej i mnoho v\u00fdznamn\u00fdch osobnost\u00ed, mo\u017enost\u00ed je opravdu hodn\u011b. V\u017edy bude z\u00e1le\u017eet na tom, co v\u0161e v jeho okol\u00ed chcete nav\u0161t\u00edvit. Na druhou stranu zde celkem dob\u0159e funguje jak lodn\u00ed, tak pozemn\u00ed doprava a vy se z kempu m\u016f\u017eete bez probl\u00e9mu p\u0159epravit do stanoven\u00e9ho v\u00fdletn\u00edho c\u00edle. Proto uv\u00e1d\u00edm m\u00edsto v\u00fdpisu kemp\u016f odkaz na str\u00e1nky, kde jsou v\u0161echny kempy v jeho okol\u00ed vyps\u00e1ny. <a href=\"http:\/\/www.campinglagomaggiore.com\/\" target=\"_blank\" rel=\"noopener noreferrer\">campinglagomaggiore.com<\/a><\/p>\n\n\n\n<p>P\u0159eji v\u0161em kr\u00e1snou dovolenou u Lago Maggiore a douf\u00e1m, \u017ee se mi povedlo v\u00e1s sem nal\u00e1kat. J\u00e1 si toto jezero rozhodn\u011b zapisuji mezi na\u0161e budouc\u00ed v\u00fdletn\u00ed c\u00edle.<\/p>\n","protected":false},"excerpt":{"rendered":"<p>Tohle kouzeln\u00e9 jezero, kde m\u016f\u017eete spojit koup\u00e1n\u00ed v ledovcov\u00e9m jeze\u0159e s v\u00fdhledem na zasn\u011b\u017een\u00e9 vrcholky Alp, najdete na pomez\u00ed severn\u00ed It\u00e1lie a \u0160v\u00fdcarska. Lago Maggiore je druh\u00fdm nejv\u011bt\u0161\u00edm italsk\u00fdm jezerem a tvo\u0159\u00ed pomyslnou vstupn\u00ed br\u00e1nu do Alp. V jeho okol\u00ed m\u016f\u017eete nav\u0161t\u00edvit malebn\u00e9 vesni\u010dky, vyu\u017e\u00edt mnoho mo\u017enost\u00ed pro aktivn\u00ed dovolenou i odpo\u010dinek, to v\u0161e dopln\u011bn\u00e9 [&hellip;]<\/p>\n","protected":false},"author":4,"featured_media":83336,"comment_status":"closed","ping_status":"open","sticky":false,"template":"","format":"standard","meta":{"_monsterinsights_skip_tracking":false,"_monsterinsights_sitenote_active":false,"_monsterinsights_sitenote_note":"","_monsterinsights_sitenote_category":0,"footnotes":""},"categories":[2381],"tags":[87],"class_list":{"0":"post-75129","1":"post","2":"type-post","3":"status-publish","4":"format-standard","5":"has-post-thumbnail","7":"category-kempujeme-a-cestujeme-v-italii","8":"tag-italie"},"yoast_head":"<!-- This site is optimized with the Yoast SEO plugin v27.5 - https:\/\/yoast.com\/product\/yoast-seo-wordpress\/ -->\n<title>Dovolen\u00e1 v mal\u00e9m r\u00e1ji na zemi \u2013 kempujeme u jezera Lago Maggiore<\/title>\n<meta name=\"description\" content=\"All4Camper - Dovolen\u00e1 v mal\u00e9m r\u00e1ji na zemi - kempujeme u jezera Lago Maggiore\" \/>\n<meta name=\"robots\" content=\"index, follow, max-snippet:-1, max-image-preview:large, max-video-preview:-1\" \/>\n<link rel=\"canonical\" href=\"https:\/\/all4camper.com\/cs\/dovolena-v-malem-raji-na-zemi-kempujeme-u-jezera-lago-maggiore\/\" \/>\n<meta property=\"og:locale\" content=\"cs_CZ\" \/>\n<meta property=\"og:type\" content=\"article\" \/>\n<meta property=\"og:title\" content=\"Dovolen\u00e1 v mal\u00e9m r\u00e1ji na zemi \u2013 kempujeme u jezera Lago Maggiore\" \/>\n<meta property=\"og:description\" content=\"All4Camper - Dovolen\u00e1 v mal\u00e9m r\u00e1ji na zemi - kempujeme u jezera Lago Maggiore\" \/>\n<meta property=\"og:url\" content=\"https:\/\/all4camper.com\/cs\/dovolena-v-malem-raji-na-zemi-kempujeme-u-jezera-lago-maggiore\/\" \/>\n<meta property=\"og:site_name\" content=\"All4Camper\" \/>\n<meta property=\"article:published_time\" content=\"2019-10-26T09:36:51+00:00\" \/>\n<meta property=\"article:modified_time\" content=\"2020-04-21T10:46:03+00:00\" \/>\n<meta property=\"og:image\" content=\"https:\/\/all4camper.com\/\/wp-content\/uploads\/2019\/03\/Lago-Maggiore-dovolena_FB.jpg\" \/>\n<meta name=\"author\" content=\"Kl\u00e1ra H\u00e1jkov\u00e1\" \/>\n<meta name=\"twitter:card\" content=\"summary_large_image\" \/>\n<meta name=\"twitter:label1\" content=\"Napsal(a)\" \/>\n\t<meta name=\"twitter:data1\" content=\"Kl\u00e1ra H\u00e1jkov\u00e1\" \/>\n\t<meta name=\"twitter:label2\" content=\"Odhadovan\u00e1 doba \u010dten\u00ed\" \/>\n\t<meta name=\"twitter:data2\" content=\"5 minut\" \/>\n<script type=\"application\/ld+json\" class=\"yoast-schema-graph\">{\"@context\":\"https:\\\/\\\/schema.org\",\"@graph\":[{\"@type\":\"Article\",\"@id\":\"https:\\\/\\\/all4camper.com\\\/cs\\\/dovolena-v-malem-raji-na-zemi-kempujeme-u-jezera-lago-maggiore\\\/#article\",\"isPartOf\":{\"@id\":\"https:\\\/\\\/all4camper.com\\\/cs\\\/dovolena-v-malem-raji-na-zemi-kempujeme-u-jezera-lago-maggiore\\\/\"},\"author\":{\"name\":\"Kl\u00e1ra H\u00e1jkov\u00e1\",\"@id\":\"https:\\\/\\\/all4camper.com\\\/cs\\\/#\\\/schema\\\/person\\\/c6f1efdf1d02bc7d8c53a891cbe18c62\"},\"headline\":\"Dovolen\u00e1 v mal\u00e9m r\u00e1ji na zemi &#8211; kempujeme u jezera Lago Maggiore\",\"datePublished\":\"2019-10-26T09:36:51+00:00\",\"dateModified\":\"2020-04-21T10:46:03+00:00\",\"mainEntityOfPage\":{\"@id\":\"https:\\\/\\\/all4camper.com\\\/cs\\\/dovolena-v-malem-raji-na-zemi-kempujeme-u-jezera-lago-maggiore\\\/\"},\"wordCount\":973,\"publisher\":{\"@id\":\"https:\\\/\\\/all4camper.com\\\/cs\\\/#organization\"},\"image\":{\"@id\":\"https:\\\/\\\/all4camper.com\\\/cs\\\/dovolena-v-malem-raji-na-zemi-kempujeme-u-jezera-lago-maggiore\\\/#primaryimage\"},\"thumbnailUrl\":\"https:\\\/\\\/all4camper.com\\\/wp-content\\\/uploads\\\/2019\\\/03\\\/Lago-Maggiore-dovolena.jpg\",\"keywords\":[\"It\u00e1lie\"],\"articleSection\":[\"Kempujeme a cestujeme v It\u00e1lii\"],\"inLanguage\":\"cs\"},{\"@type\":\"WebPage\",\"@id\":\"https:\\\/\\\/all4camper.com\\\/cs\\\/dovolena-v-malem-raji-na-zemi-kempujeme-u-jezera-lago-maggiore\\\/\",\"url\":\"https:\\\/\\\/all4camper.com\\\/cs\\\/dovolena-v-malem-raji-na-zemi-kempujeme-u-jezera-lago-maggiore\\\/\",\"name\":\"Dovolen\u00e1 v mal\u00e9m r\u00e1ji na zemi \u2013 kempujeme u jezera Lago Maggiore\",\"isPartOf\":{\"@id\":\"https:\\\/\\\/all4camper.com\\\/cs\\\/#website\"},\"primaryImageOfPage\":{\"@id\":\"https:\\\/\\\/all4camper.com\\\/cs\\\/dovolena-v-malem-raji-na-zemi-kempujeme-u-jezera-lago-maggiore\\\/#primaryimage\"},\"image\":{\"@id\":\"https:\\\/\\\/all4camper.com\\\/cs\\\/dovolena-v-malem-raji-na-zemi-kempujeme-u-jezera-lago-maggiore\\\/#primaryimage\"},\"thumbnailUrl\":\"https:\\\/\\\/all4camper.com\\\/wp-content\\\/uploads\\\/2019\\\/03\\\/Lago-Maggiore-dovolena.jpg\",\"datePublished\":\"2019-10-26T09:36:51+00:00\",\"dateModified\":\"2020-04-21T10:46:03+00:00\",\"description\":\"All4Camper - Dovolen\u00e1 v mal\u00e9m r\u00e1ji na zemi - kempujeme u jezera Lago Maggiore\",\"breadcrumb\":{\"@id\":\"https:\\\/\\\/all4camper.com\\\/cs\\\/dovolena-v-malem-raji-na-zemi-kempujeme-u-jezera-lago-maggiore\\\/#breadcrumb\"},\"inLanguage\":\"cs\",\"potentialAction\":[{\"@type\":\"ReadAction\",\"target\":[\"https:\\\/\\\/all4camper.com\\\/cs\\\/dovolena-v-malem-raji-na-zemi-kempujeme-u-jezera-lago-maggiore\\\/\"]}]},{\"@type\":\"ImageObject\",\"inLanguage\":\"cs\",\"@id\":\"https:\\\/\\\/all4camper.com\\\/cs\\\/dovolena-v-malem-raji-na-zemi-kempujeme-u-jezera-lago-maggiore\\\/#primaryimage\",\"url\":\"https:\\\/\\\/all4camper.com\\\/wp-content\\\/uploads\\\/2019\\\/03\\\/Lago-Maggiore-dovolena.jpg\",\"contentUrl\":\"https:\\\/\\\/all4camper.com\\\/wp-content\\\/uploads\\\/2019\\\/03\\\/Lago-Maggiore-dovolena.jpg\",\"width\":1200,\"height\":666},{\"@type\":\"BreadcrumbList\",\"@id\":\"https:\\\/\\\/all4camper.com\\\/cs\\\/dovolena-v-malem-raji-na-zemi-kempujeme-u-jezera-lago-maggiore\\\/#breadcrumb\",\"itemListElement\":[{\"@type\":\"ListItem\",\"position\":1,\"name\":\"Dom\u016f\",\"item\":\"https:\\\/\\\/all4camper.com\\\/cs\\\/\"},{\"@type\":\"ListItem\",\"position\":2,\"name\":\"Kempujeme a cestujeme v It\u00e1lii\",\"item\":\"https:\\\/\\\/all4camper.com\\\/cs\\\/category\\\/kempujeme-a-cestujeme-v-italii\\\/\"},{\"@type\":\"ListItem\",\"position\":3,\"name\":\"Dovolen\u00e1 v mal\u00e9m r\u00e1ji na zemi &#8211; kempujeme u jezera Lago Maggiore\"}]},{\"@type\":\"WebSite\",\"@id\":\"https:\\\/\\\/all4camper.com\\\/cs\\\/#website\",\"url\":\"https:\\\/\\\/all4camper.com\\\/cs\\\/\",\"name\":\"All4Camper\",\"description\":\"Nejv\u011bt\u0161\u00ed online magaz\u00edn o kempov\u00e1n\u00ed a karavaninku. V\u00edce jak 900 \u010dl\u00e1nk\u016f pln\u00fdch rad a tip\u016f o kempech a kempov\u00e1n\u00ed.\",\"publisher\":{\"@id\":\"https:\\\/\\\/all4camper.com\\\/cs\\\/#organization\"},\"potentialAction\":[{\"@type\":\"SearchAction\",\"target\":{\"@type\":\"EntryPoint\",\"urlTemplate\":\"https:\\\/\\\/all4camper.com\\\/cs\\\/?s={search_term_string}\"},\"query-input\":{\"@type\":\"PropertyValueSpecification\",\"valueRequired\":true,\"valueName\":\"search_term_string\"}}],\"inLanguage\":\"cs\"},{\"@type\":\"Organization\",\"@id\":\"https:\\\/\\\/all4camper.com\\\/cs\\\/#organization\",\"name\":\"All4Camper - kempujeme s Kl\u00e1rou\",\"url\":\"https:\\\/\\\/all4camper.com\\\/cs\\\/\",\"logo\":{\"@type\":\"ImageObject\",\"inLanguage\":\"cs\",\"@id\":\"https:\\\/\\\/all4camper.com\\\/cs\\\/#\\\/schema\\\/logo\\\/image\\\/\",\"url\":\"https:\\\/\\\/all4camper.com\\\/wp-content\\\/uploads\\\/2018\\\/09\\\/novelogo.png\",\"contentUrl\":\"https:\\\/\\\/all4camper.com\\\/wp-content\\\/uploads\\\/2018\\\/09\\\/novelogo.png\",\"width\":1520,\"height\":600,\"caption\":\"All4Camper - kempujeme s Kl\u00e1rou\"},\"image\":{\"@id\":\"https:\\\/\\\/all4camper.com\\\/cs\\\/#\\\/schema\\\/logo\\\/image\\\/\"}},{\"@type\":\"Person\",\"@id\":\"https:\\\/\\\/all4camper.com\\\/cs\\\/#\\\/schema\\\/person\\\/c6f1efdf1d02bc7d8c53a891cbe18c62\",\"name\":\"Kl\u00e1ra H\u00e1jkov\u00e1\",\"sameAs\":[\"http:\\\/\\\/www.all4camper.com\"],\"url\":\"https:\\\/\\\/all4camper.com\\\/cs\\\/author\\\/klarinkacestuje1\\\/\"}]}<\/script>\n<!-- \/ Yoast SEO plugin. -->","yoast_head_json":{"title":"Dovolen\u00e1 v mal\u00e9m r\u00e1ji na zemi \u2013 kempujeme u jezera Lago Maggiore","description":"All4Camper - Dovolen\u00e1 v mal\u00e9m r\u00e1ji na zemi - kempujeme u jezera Lago Maggiore","robots":{"index":"index","follow":"follow","max-snippet":"max-snippet:-1","max-image-preview":"max-image-preview:large","max-video-preview":"max-video-preview:-1"},"canonical":"https:\/\/all4camper.com\/cs\/dovolena-v-malem-raji-na-zemi-kempujeme-u-jezera-lago-maggiore\/","og_locale":"cs_CZ","og_type":"article","og_title":"Dovolen\u00e1 v mal\u00e9m r\u00e1ji na zemi \u2013 kempujeme u jezera Lago Maggiore","og_description":"All4Camper - Dovolen\u00e1 v mal\u00e9m r\u00e1ji na zemi - kempujeme u jezera Lago Maggiore","og_url":"https:\/\/all4camper.com\/cs\/dovolena-v-malem-raji-na-zemi-kempujeme-u-jezera-lago-maggiore\/","og_site_name":"All4Camper","article_published_time":"2019-10-26T09:36:51+00:00","article_modified_time":"2020-04-21T10:46:03+00:00","og_image":[{"url":"https:\/\/all4camper.com\/\/wp-content\/uploads\/2019\/03\/Lago-Maggiore-dovolena_FB.jpg","type":"","width":"","height":""}],"author":"Kl\u00e1ra H\u00e1jkov\u00e1","twitter_card":"summary_large_image","twitter_misc":{"Napsal(a)":"Kl\u00e1ra H\u00e1jkov\u00e1","Odhadovan\u00e1 doba \u010dten\u00ed":"5 minut"},"schema":{"@context":"https:\/\/schema.org","@graph":[{"@type":"Article","@id":"https:\/\/all4camper.com\/cs\/dovolena-v-malem-raji-na-zemi-kempujeme-u-jezera-lago-maggiore\/#article","isPartOf":{"@id":"https:\/\/all4camper.com\/cs\/dovolena-v-malem-raji-na-zemi-kempujeme-u-jezera-lago-maggiore\/"},"author":{"name":"Kl\u00e1ra H\u00e1jkov\u00e1","@id":"https:\/\/all4camper.com\/cs\/#\/schema\/person\/c6f1efdf1d02bc7d8c53a891cbe18c62"},"headline":"Dovolen\u00e1 v mal\u00e9m r\u00e1ji na zemi &#8211; kempujeme u jezera Lago Maggiore","datePublished":"2019-10-26T09:36:51+00:00","dateModified":"2020-04-21T10:46:03+00:00","mainEntityOfPage":{"@id":"https:\/\/all4camper.com\/cs\/dovolena-v-malem-raji-na-zemi-kempujeme-u-jezera-lago-maggiore\/"},"wordCount":973,"publisher":{"@id":"https:\/\/all4camper.com\/cs\/#organization"},"image":{"@id":"https:\/\/all4camper.com\/cs\/dovolena-v-malem-raji-na-zemi-kempujeme-u-jezera-lago-maggiore\/#primaryimage"},"thumbnailUrl":"https:\/\/all4camper.com\/wp-content\/uploads\/2019\/03\/Lago-Maggiore-dovolena.jpg","keywords":["It\u00e1lie"],"articleSection":["Kempujeme a cestujeme v It\u00e1lii"],"inLanguage":"cs"},{"@type":"WebPage","@id":"https:\/\/all4camper.com\/cs\/dovolena-v-malem-raji-na-zemi-kempujeme-u-jezera-lago-maggiore\/","url":"https:\/\/all4camper.com\/cs\/dovolena-v-malem-raji-na-zemi-kempujeme-u-jezera-lago-maggiore\/","name":"Dovolen\u00e1 v mal\u00e9m r\u00e1ji na zemi \u2013 kempujeme u jezera Lago Maggiore","isPartOf":{"@id":"https:\/\/all4camper.com\/cs\/#website"},"primaryImageOfPage":{"@id":"https:\/\/all4camper.com\/cs\/dovolena-v-malem-raji-na-zemi-kempujeme-u-jezera-lago-maggiore\/#primaryimage"},"image":{"@id":"https:\/\/all4camper.com\/cs\/dovolena-v-malem-raji-na-zemi-kempujeme-u-jezera-lago-maggiore\/#primaryimage"},"thumbnailUrl":"https:\/\/all4camper.com\/wp-content\/uploads\/2019\/03\/Lago-Maggiore-dovolena.jpg","datePublished":"2019-10-26T09:36:51+00:00","dateModified":"2020-04-21T10:46:03+00:00","description":"All4Camper - Dovolen\u00e1 v mal\u00e9m r\u00e1ji na zemi - kempujeme u jezera Lago Maggiore","breadcrumb":{"@id":"https:\/\/all4camper.com\/cs\/dovolena-v-malem-raji-na-zemi-kempujeme-u-jezera-lago-maggiore\/#breadcrumb"},"inLanguage":"cs","potentialAction":[{"@type":"ReadAction","target":["https:\/\/all4camper.com\/cs\/dovolena-v-malem-raji-na-zemi-kempujeme-u-jezera-lago-maggiore\/"]}]},{"@type":"ImageObject","inLanguage":"cs","@id":"https:\/\/all4camper.com\/cs\/dovolena-v-malem-raji-na-zemi-kempujeme-u-jezera-lago-maggiore\/#primaryimage","url":"https:\/\/all4camper.com\/wp-content\/uploads\/2019\/03\/Lago-Maggiore-dovolena.jpg","contentUrl":"https:\/\/all4camper.com\/wp-content\/uploads\/2019\/03\/Lago-Maggiore-dovolena.jpg","width":1200,"height":666},{"@type":"BreadcrumbList","@id":"https:\/\/all4camper.com\/cs\/dovolena-v-malem-raji-na-zemi-kempujeme-u-jezera-lago-maggiore\/#breadcrumb","itemListElement":[{"@type":"ListItem","position":1,"name":"Dom\u016f","item":"https:\/\/all4camper.com\/cs\/"},{"@type":"ListItem","position":2,"name":"Kempujeme a cestujeme v It\u00e1lii","item":"https:\/\/all4camper.com\/cs\/category\/kempujeme-a-cestujeme-v-italii\/"},{"@type":"ListItem","position":3,"name":"Dovolen\u00e1 v mal\u00e9m r\u00e1ji na zemi &#8211; kempujeme u jezera Lago Maggiore"}]},{"@type":"WebSite","@id":"https:\/\/all4camper.com\/cs\/#website","url":"https:\/\/all4camper.com\/cs\/","name":"All4Camper","description":"Nejv\u011bt\u0161\u00ed online magaz\u00edn o kempov\u00e1n\u00ed a karavaninku. V\u00edce jak 900 \u010dl\u00e1nk\u016f pln\u00fdch rad a tip\u016f o kempech a kempov\u00e1n\u00ed.","publisher":{"@id":"https:\/\/all4camper.com\/cs\/#organization"},"potentialAction":[{"@type":"SearchAction","target":{"@type":"EntryPoint","urlTemplate":"https:\/\/all4camper.com\/cs\/?s={search_term_string}"},"query-input":{"@type":"PropertyValueSpecification","valueRequired":true,"valueName":"search_term_string"}}],"inLanguage":"cs"},{"@type":"Organization","@id":"https:\/\/all4camper.com\/cs\/#organization","name":"All4Camper - kempujeme s Kl\u00e1rou","url":"https:\/\/all4camper.com\/cs\/","logo":{"@type":"ImageObject","inLanguage":"cs","@id":"https:\/\/all4camper.com\/cs\/#\/schema\/logo\/image\/","url":"https:\/\/all4camper.com\/wp-content\/uploads\/2018\/09\/novelogo.png","contentUrl":"https:\/\/all4camper.com\/wp-content\/uploads\/2018\/09\/novelogo.png","width":1520,"height":600,"caption":"All4Camper - kempujeme s Kl\u00e1rou"},"image":{"@id":"https:\/\/all4camper.com\/cs\/#\/schema\/logo\/image\/"}},{"@type":"Person","@id":"https:\/\/all4camper.com\/cs\/#\/schema\/person\/c6f1efdf1d02bc7d8c53a891cbe18c62","name":"Kl\u00e1ra H\u00e1jkov\u00e1","sameAs":["http:\/\/www.all4camper.com"],"url":"https:\/\/all4camper.com\/cs\/author\/klarinkacestuje1\/"}]}},"_links":{"self":[{"href":"https:\/\/all4camper.com\/cs\/wp-json\/wp\/v2\/posts\/75129","targetHints":{"allow":["GET"]}}],"collection":[{"href":"https:\/\/all4camper.com\/cs\/wp-json\/wp\/v2\/posts"}],"about":[{"href":"https:\/\/all4camper.com\/cs\/wp-json\/wp\/v2\/types\/post"}],"author":[{"embeddable":true,"href":"https:\/\/all4camper.com\/cs\/wp-json\/wp\/v2\/users\/4"}],"replies":[{"embeddable":true,"href":"https:\/\/all4camper.com\/cs\/wp-json\/wp\/v2\/comments?post=75129"}],"version-history":[{"count":0,"href":"https:\/\/all4camper.com\/cs\/wp-json\/wp\/v2\/posts\/75129\/revisions"}],"wp:featuredmedia":[{"embeddable":true,"href":"https:\/\/all4camper.com\/cs\/wp-json\/wp\/v2\/media\/83336"}],"wp:attachment":[{"href":"https:\/\/all4camper.com\/cs\/wp-json\/wp\/v2\/media?parent=75129"}],"wp:term":[{"taxonomy":"category","embeddable":true,"href":"https:\/\/all4camper.com\/cs\/wp-json\/wp\/v2\/categories?post=75129"},{"taxonomy":"post_tag","embeddable":true,"href":"https:\/\/all4camper.com\/cs\/wp-json\/wp\/v2\/tags?post=75129"}],"curies":[{"name":"wp","href":"https:\/\/api.w.org\/{rel}","templated":true}]}}