{"id":74844,"date":"2019-03-07T12:50:17","date_gmt":"2019-03-07T11:50:17","guid":{"rendered":"https:\/\/all4camper.com\/\/?p=74844"},"modified":"2022-05-21T08:41:12","modified_gmt":"2022-05-21T06:41:12","slug":"budou-karavany-a-obytne-vozy-zahrnuty-do-vyjimky-v-ramci-novely-zakona-o-pozemnich-komunikaci","status":"publish","type":"post","link":"https:\/\/all4camper.com\/cs\/budou-karavany-a-obytne-vozy-zahrnuty-do-vyjimky-v-ramci-novely-zakona-o-pozemnich-komunikaci\/","title":{"rendered":"Budou karavany a obytn\u00e9 vozy zahrnuty do v\u00fdjimky v r\u00e1mci novely z\u00e1kona o pozemn\u00edch komunikac\u00edch?"},"content":{"rendered":"<p>Zdroj: <a href=\"https:\/\/akkcr.cz\/asociace-vstupuje-do-jednani-k-novele-zakona-o-provozu-na-pozemnich-komunikacich\/\" target=\"_blank\" rel=\"noopener noreferrer\">Asociace kempov\u00e1n\u00ed a karavaningu<\/a><\/p>\n<h3><strong>Poslanec Richter vstoupil do jedn\u00e1n\u00ed ohledn\u011b novely z\u00e1kona, kter\u00e1 by zakazovala p\u0159edj\u00ed\u017ed\u011bn\u00ed na d\u00e1lnici pr\u00e1v\u011b i karavan\u016fm a obytn\u00fdm voz\u016fm.<\/strong><\/h3>\n<p><img loading=\"lazy\" decoding=\"async\" class=\"aligncenter wp-image-74845\" src=\"https:\/\/all4camper.com\/\/wp-content\/uploads\/2019\/03\/highway-3392100_1280-e1551956864200.jpg\" alt=\"\" width=\"850\" height=\"431\" srcset=\"https:\/\/all4camper.com\/wp-content\/uploads\/2019\/03\/highway-3392100_1280-e1551956864200.jpg 1280w, https:\/\/all4camper.com\/wp-content\/uploads\/2019\/03\/highway-3392100_1280-e1551956864200-300x152.jpg 300w, https:\/\/all4camper.com\/wp-content\/uploads\/2019\/03\/highway-3392100_1280-e1551956864200-150x76.jpg 150w, https:\/\/all4camper.com\/wp-content\/uploads\/2019\/03\/highway-3392100_1280-e1551956864200-768x389.jpg 768w\" sizes=\"auto, (max-width: 850px) 100vw, 850px\" \/><\/p>\n<p>Na jedn\u00e1n\u00ed Poslaneck\u00e9 sn\u011bmovny dne 5.3.2019 prob\u011bhlo jedn\u00e1n\u00ed k&nbsp;novele z\u00e1kona o provozu na pozemn\u00edch komunikac\u00edch, kde c\u00edlem n\u00e1vrhu novelizace bylo, aby \u0159idi\u010di n\u00e1kladn\u00edch automobil\u016f a kamion\u016f nesm\u011bli jezdit na d\u00e1lnic\u00edch v&nbsp;lev\u00e9m j\u00edzdn\u00edm pruhu. Z\u00e1kaz by platil v&nbsp;pracovn\u00ed dny od 6:00 \u2013 22:00 hodin.<\/p>\n<p>Restrikce by se podle p\u0159edlohy vztahovala na \u0159idi\u010de n\u00e1kladn\u00edch automobil\u016f&nbsp;<strong>nad 3.5 tuny a j\u00edzdn\u00edch souprav del\u0161\u00edch ne\u017e sedm metr\u016f.<\/strong>&nbsp;V&nbsp;z\u00e1konu by z\u00e1rove\u0148 z\u016fstalo ustanoven\u00ed, podle n\u011bho\u017e n\u00e1kladn\u00ed automobily a kamiony nesm\u011bj\u00ed na d\u00e1lnici p\u0159edj\u00ed\u017ed\u011bt jin\u00e9 vozidlo, pokud k&nbsp;tomu nemaj\u00ed dostate\u010dnou rychlost, aby man\u00e9vrem neomezily ostatn\u00ed auta.<\/p>\n<p>Sn\u011bmovn\u011b bylo navr\u017eeno, aby z\u00e1kon projednala tak, aby sn\u011bmovna s&nbsp;n\u00edm mohla vyslovit souhlas ji\u017e prvn\u00edm \u010dten\u00ed (\u00a7 90 odstavec 2 z\u00e1kona \u010d.90\/1995 Sb.), o jednac\u00edm \u0159\u00e1du Poslaneck\u00e9 sn\u011bmovny, ve zn\u011bn\u00ed pozd\u011bj\u0161\u00edch p\u0159edpis\u016f). Po bou\u0159liv\u00e9 debat\u011b byla nakonec novelizace z\u00e1kona pu\u0161t\u011bna do druh\u00e9ho \u010dten\u00ed,&nbsp;<strong>co\u017e d\u00e1v\u00e1 3 t\u00fddny pro \u0159\u00e1dnou p\u0159\u00edpravu ud\u011blen\u00ed v\u00fdjimek automobil\u016f<\/strong>. Tato novelizace by se t\u00fdkala mimo jin\u00e9 tak\u00e9 obytn\u00fdch voz\u016f a p\u0159\u00edv\u011bs\u016f, kter\u00e9 do t\u00e9to kategorie m\u016f\u017eou spadnout nejen v\u00e1hou, ale hlavn\u011b d\u00e9lkou.<\/p>\n<p><strong>A jak Richter dod\u00e1v\u00e1<\/strong> \u201e \u2026&nbsp;<em>vzhledem k&nbsp;t\u011bmto skute\u010dnostem je moj\u00ed snahou explicitn\u011b vymezit jak\u00fdch vozidel se novelizace&nbsp;<strong>nebude<\/strong>&nbsp;dot\u00fdkat. Z\u00e1rove\u0148 si uv\u011bdomuji, \u017ee v&nbsp;tomto z\u00e1kon\u011b je pot\u0159eba ud\u011blat je\u0161t\u011b mnoho \u00faprav,&nbsp;<strong>kter\u00e9 budou zohled\u0148ovat vozidla, kter\u00e1 se prim\u00e1rn\u011b pou\u017e\u00edvaj\u00ed k&nbsp;rekreaci a pop\u0159\u00edpad\u011b jin\u00fdm volno\u010dasov\u00fdm aktivit\u00e1m<\/strong>. Moj\u00ed snahou bude vstoupit do jedn\u00e1n\u00ed s Automotoklubem, abych jejich p\u0159\u00edpadn\u00e9 n\u00e1vrhy p\u0159inesl na p\u016fdu Poslaneck\u00e9 sn\u011bmovny P\u010cR. Po jedn\u00e1n\u00ed s ministrem dopravy Danem \u0164okem mi bylo p\u0159isl\u00edbeno, \u017ee ur\u010dit\u011b najdeme spole\u010dnou \u0159e\u010d, aby rodina \u201ekaravanist\u016f\u201c nebyla t\u00edmto z\u00e1konem nijak dot\u010dena ..<\/em>.\u201c<\/p>\n<p>Pokud by tomu tak opravdu bylo, m\u016f\u017eeme si my, karavanist\u00e9, gratulovat. Nebo\u0165 je vid\u011bt, \u017ee nejsme u\u017e zanedbateln\u00e1 \u201eskupina\u201c a \u017ee si i na p\u016fd\u011b Poslaneck\u00e9 sn\u011bmovny uv\u011bdomuj\u00ed, \u017ee na\u0161e vozidla, slou\u017e\u00edc\u00ed k rekrea\u010dn\u00edm \u00fa\u010del\u016fm, nemohou b\u00fdt takto omezov\u00e1na.<\/p>\n<p><strong>Dal\u0161\u00ed pozitivn\u00ed zpr\u00e1vou je, \u017ee i nov\u011b vznikl\u00e1 Asociace kempov\u00e1n\u00ed a karavaningu je ji\u017e v jedn\u00e1n\u00ed s panem Richterem a po dohod\u011b p\u0159iprav\u00ed \u010d\u00e1st podklad\u016f, kter\u00e9 by m\u011bly napomoci k ud\u011blen\u00ed v\u00fd\u0161e uveden\u00e9 v\u00fdjimky.<\/strong><\/p>\n<p>J\u00e1 t\u00edmto d\u011bkuji panu Richterovi za kr\u00e1tk\u00e9 vyj\u00e1d\u0159en\u00ed se a budu n\u00e1m v\u0161em dr\u017eet palce, aby se to povedlo. Sledujme situaci i nad\u00e1le.<\/p>\n","protected":false},"excerpt":{"rendered":"<p>Zdroj: Asociace kempov\u00e1n\u00ed a karavaningu Poslanec Richter vstoupil do jedn\u00e1n\u00ed ohledn\u011b novely z\u00e1kona, kter\u00e1 by zakazovala p\u0159edj\u00ed\u017ed\u011bn\u00ed na d\u00e1lnici pr\u00e1v\u011b i karavan\u016fm a obytn\u00fdm voz\u016fm. Na jedn\u00e1n\u00ed Poslaneck\u00e9 sn\u011bmovny dne 5.3.2019 prob\u011bhlo jedn\u00e1n\u00ed k&nbsp;novele z\u00e1kona o provozu na pozemn\u00edch komunikac\u00edch, kde c\u00edlem n\u00e1vrhu novelizace bylo, aby \u0159idi\u010di n\u00e1kladn\u00edch automobil\u016f a kamion\u016f nesm\u011bli jezdit na d\u00e1lnic\u00edch [&hellip;]<\/p>\n","protected":false},"author":4,"featured_media":74848,"comment_status":"closed","ping_status":"open","sticky":false,"template":"","format":"standard","meta":{"_monsterinsights_skip_tracking":false,"_monsterinsights_sitenote_active":false,"_monsterinsights_sitenote_note":"","_monsterinsights_sitenote_category":0,"footnotes":""},"categories":[11195],"tags":[],"class_list":{"0":"post-74844","1":"post","2":"type-post","3":"status-publish","4":"format-standard","5":"has-post-thumbnail","7":"category-archiv"},"yoast_head":"<!-- This site is optimized with the Yoast SEO plugin v27.5 - https:\/\/yoast.com\/product\/yoast-seo-wordpress\/ -->\n<title>Budou karavany a obytn\u00e9 vozy zahrnuty do v\u00fdjimky v r\u00e1mci novely z\u00e1kona o pozemn\u00edch komunikac\u00edch?<\/title>\n<meta name=\"description\" content=\"All4Camper - Budou karavany a obytn\u00e9 vozy zahrnuty do v\u00fdjimky v r\u00e1mci novely z\u00e1kona o pozemn\u00edch komunikac\u00edch?\" \/>\n<meta name=\"robots\" content=\"index, follow, max-snippet:-1, max-image-preview:large, max-video-preview:-1\" \/>\n<link rel=\"canonical\" href=\"https:\/\/all4camper.com\/cs\/budou-karavany-a-obytne-vozy-zahrnuty-do-vyjimky-v-ramci-novely-zakona-o-pozemnich-komunikaci\/\" \/>\n<meta property=\"og:locale\" content=\"cs_CZ\" \/>\n<meta property=\"og:type\" content=\"article\" \/>\n<meta property=\"og:title\" content=\"Budou karavany a obytn\u00e9 vozy zahrnuty do v\u00fdjimky v r\u00e1mci novely z\u00e1kona o pozemn\u00edch komunikac\u00edch?\" \/>\n<meta property=\"og:description\" content=\"All4Camper - Budou karavany a obytn\u00e9 vozy zahrnuty do v\u00fdjimky v r\u00e1mci novely z\u00e1kona o pozemn\u00edch komunikac\u00edch?\" \/>\n<meta property=\"og:url\" content=\"https:\/\/all4camper.com\/cs\/budou-karavany-a-obytne-vozy-zahrnuty-do-vyjimky-v-ramci-novely-zakona-o-pozemnich-komunikaci\/\" \/>\n<meta property=\"og:site_name\" content=\"All4Camper\" \/>\n<meta property=\"article:published_time\" content=\"2019-03-07T11:50:17+00:00\" \/>\n<meta property=\"article:modified_time\" content=\"2022-05-21T06:41:12+00:00\" \/>\n<meta property=\"og:image\" content=\"https:\/\/all4camper.com\/wp-content\/uploads\/2019\/03\/highway-3392100_1280-1.jpg\" \/>\n\t<meta property=\"og:image:width\" content=\"1280\" \/>\n\t<meta property=\"og:image:height\" content=\"853\" \/>\n\t<meta property=\"og:image:type\" content=\"image\/jpeg\" \/>\n<meta name=\"author\" content=\"Kl\u00e1ra H\u00e1jkov\u00e1\" \/>\n<meta name=\"twitter:card\" content=\"summary_large_image\" \/>\n<meta name=\"twitter:label1\" content=\"Napsal(a)\" \/>\n\t<meta name=\"twitter:data1\" content=\"Kl\u00e1ra H\u00e1jkov\u00e1\" \/>\n\t<meta name=\"twitter:label2\" content=\"Odhadovan\u00e1 doba \u010dten\u00ed\" \/>\n\t<meta name=\"twitter:data2\" content=\"3 minuty\" \/>\n<script type=\"application\/ld+json\" class=\"yoast-schema-graph\">{\"@context\":\"https:\\\/\\\/schema.org\",\"@graph\":[{\"@type\":\"Article\",\"@id\":\"https:\\\/\\\/all4camper.com\\\/cs\\\/budou-karavany-a-obytne-vozy-zahrnuty-do-vyjimky-v-ramci-novely-zakona-o-pozemnich-komunikaci\\\/#article\",\"isPartOf\":{\"@id\":\"https:\\\/\\\/all4camper.com\\\/cs\\\/budou-karavany-a-obytne-vozy-zahrnuty-do-vyjimky-v-ramci-novely-zakona-o-pozemnich-komunikaci\\\/\"},\"author\":{\"name\":\"Kl\u00e1ra H\u00e1jkov\u00e1\",\"@id\":\"https:\\\/\\\/all4camper.com\\\/cs\\\/#\\\/schema\\\/person\\\/c6f1efdf1d02bc7d8c53a891cbe18c62\"},\"headline\":\"Budou karavany a obytn\u00e9 vozy zahrnuty do v\u00fdjimky v r\u00e1mci novely z\u00e1kona o pozemn\u00edch komunikac\u00edch?\",\"datePublished\":\"2019-03-07T11:50:17+00:00\",\"dateModified\":\"2022-05-21T06:41:12+00:00\",\"mainEntityOfPage\":{\"@id\":\"https:\\\/\\\/all4camper.com\\\/cs\\\/budou-karavany-a-obytne-vozy-zahrnuty-do-vyjimky-v-ramci-novely-zakona-o-pozemnich-komunikaci\\\/\"},\"wordCount\":550,\"publisher\":{\"@id\":\"https:\\\/\\\/all4camper.com\\\/cs\\\/#organization\"},\"image\":{\"@id\":\"https:\\\/\\\/all4camper.com\\\/cs\\\/budou-karavany-a-obytne-vozy-zahrnuty-do-vyjimky-v-ramci-novely-zakona-o-pozemnich-komunikaci\\\/#primaryimage\"},\"thumbnailUrl\":\"https:\\\/\\\/all4camper.com\\\/wp-content\\\/uploads\\\/2019\\\/03\\\/highway-3392100_1280-1.jpg\",\"articleSection\":[\"Arch\u00edv - neaktu\u00e1ln\u00ed \u010dl\u00e1nky\"],\"inLanguage\":\"cs\"},{\"@type\":\"WebPage\",\"@id\":\"https:\\\/\\\/all4camper.com\\\/cs\\\/budou-karavany-a-obytne-vozy-zahrnuty-do-vyjimky-v-ramci-novely-zakona-o-pozemnich-komunikaci\\\/\",\"url\":\"https:\\\/\\\/all4camper.com\\\/cs\\\/budou-karavany-a-obytne-vozy-zahrnuty-do-vyjimky-v-ramci-novely-zakona-o-pozemnich-komunikaci\\\/\",\"name\":\"Budou karavany a obytn\u00e9 vozy zahrnuty do v\u00fdjimky v r\u00e1mci novely z\u00e1kona o pozemn\u00edch komunikac\u00edch?\",\"isPartOf\":{\"@id\":\"https:\\\/\\\/all4camper.com\\\/cs\\\/#website\"},\"primaryImageOfPage\":{\"@id\":\"https:\\\/\\\/all4camper.com\\\/cs\\\/budou-karavany-a-obytne-vozy-zahrnuty-do-vyjimky-v-ramci-novely-zakona-o-pozemnich-komunikaci\\\/#primaryimage\"},\"image\":{\"@id\":\"https:\\\/\\\/all4camper.com\\\/cs\\\/budou-karavany-a-obytne-vozy-zahrnuty-do-vyjimky-v-ramci-novely-zakona-o-pozemnich-komunikaci\\\/#primaryimage\"},\"thumbnailUrl\":\"https:\\\/\\\/all4camper.com\\\/wp-content\\\/uploads\\\/2019\\\/03\\\/highway-3392100_1280-1.jpg\",\"datePublished\":\"2019-03-07T11:50:17+00:00\",\"dateModified\":\"2022-05-21T06:41:12+00:00\",\"description\":\"All4Camper - Budou karavany a obytn\u00e9 vozy zahrnuty do v\u00fdjimky v r\u00e1mci novely z\u00e1kona o pozemn\u00edch komunikac\u00edch?\",\"breadcrumb\":{\"@id\":\"https:\\\/\\\/all4camper.com\\\/cs\\\/budou-karavany-a-obytne-vozy-zahrnuty-do-vyjimky-v-ramci-novely-zakona-o-pozemnich-komunikaci\\\/#breadcrumb\"},\"inLanguage\":\"cs\",\"potentialAction\":[{\"@type\":\"ReadAction\",\"target\":[\"https:\\\/\\\/all4camper.com\\\/cs\\\/budou-karavany-a-obytne-vozy-zahrnuty-do-vyjimky-v-ramci-novely-zakona-o-pozemnich-komunikaci\\\/\"]}]},{\"@type\":\"ImageObject\",\"inLanguage\":\"cs\",\"@id\":\"https:\\\/\\\/all4camper.com\\\/cs\\\/budou-karavany-a-obytne-vozy-zahrnuty-do-vyjimky-v-ramci-novely-zakona-o-pozemnich-komunikaci\\\/#primaryimage\",\"url\":\"https:\\\/\\\/all4camper.com\\\/wp-content\\\/uploads\\\/2019\\\/03\\\/highway-3392100_1280-1.jpg\",\"contentUrl\":\"https:\\\/\\\/all4camper.com\\\/wp-content\\\/uploads\\\/2019\\\/03\\\/highway-3392100_1280-1.jpg\",\"width\":1280,\"height\":853},{\"@type\":\"BreadcrumbList\",\"@id\":\"https:\\\/\\\/all4camper.com\\\/cs\\\/budou-karavany-a-obytne-vozy-zahrnuty-do-vyjimky-v-ramci-novely-zakona-o-pozemnich-komunikaci\\\/#breadcrumb\",\"itemListElement\":[{\"@type\":\"ListItem\",\"position\":1,\"name\":\"Dom\u016f\",\"item\":\"https:\\\/\\\/all4camper.com\\\/cs\\\/\"},{\"@type\":\"ListItem\",\"position\":2,\"name\":\"Arch\u00edv - neaktu\u00e1ln\u00ed \u010dl\u00e1nky\",\"item\":\"https:\\\/\\\/all4camper.com\\\/cs\\\/category\\\/archiv\\\/\"},{\"@type\":\"ListItem\",\"position\":3,\"name\":\"Budou karavany a obytn\u00e9 vozy zahrnuty do v\u00fdjimky v r\u00e1mci novely z\u00e1kona o pozemn\u00edch komunikac\u00edch?\"}]},{\"@type\":\"WebSite\",\"@id\":\"https:\\\/\\\/all4camper.com\\\/cs\\\/#website\",\"url\":\"https:\\\/\\\/all4camper.com\\\/cs\\\/\",\"name\":\"All4Camper\",\"description\":\"Nejv\u011bt\u0161\u00ed online magaz\u00edn o kempov\u00e1n\u00ed a karavaninku. V\u00edce jak 900 \u010dl\u00e1nk\u016f pln\u00fdch rad a tip\u016f o kempech a kempov\u00e1n\u00ed.\",\"publisher\":{\"@id\":\"https:\\\/\\\/all4camper.com\\\/cs\\\/#organization\"},\"potentialAction\":[{\"@type\":\"SearchAction\",\"target\":{\"@type\":\"EntryPoint\",\"urlTemplate\":\"https:\\\/\\\/all4camper.com\\\/cs\\\/?s={search_term_string}\"},\"query-input\":{\"@type\":\"PropertyValueSpecification\",\"valueRequired\":true,\"valueName\":\"search_term_string\"}}],\"inLanguage\":\"cs\"},{\"@type\":\"Organization\",\"@id\":\"https:\\\/\\\/all4camper.com\\\/cs\\\/#organization\",\"name\":\"All4Camper - kempujeme s Kl\u00e1rou\",\"url\":\"https:\\\/\\\/all4camper.com\\\/cs\\\/\",\"logo\":{\"@type\":\"ImageObject\",\"inLanguage\":\"cs\",\"@id\":\"https:\\\/\\\/all4camper.com\\\/cs\\\/#\\\/schema\\\/logo\\\/image\\\/\",\"url\":\"https:\\\/\\\/all4camper.com\\\/wp-content\\\/uploads\\\/2018\\\/09\\\/novelogo.png\",\"contentUrl\":\"https:\\\/\\\/all4camper.com\\\/wp-content\\\/uploads\\\/2018\\\/09\\\/novelogo.png\",\"width\":1520,\"height\":600,\"caption\":\"All4Camper - kempujeme s Kl\u00e1rou\"},\"image\":{\"@id\":\"https:\\\/\\\/all4camper.com\\\/cs\\\/#\\\/schema\\\/logo\\\/image\\\/\"}},{\"@type\":\"Person\",\"@id\":\"https:\\\/\\\/all4camper.com\\\/cs\\\/#\\\/schema\\\/person\\\/c6f1efdf1d02bc7d8c53a891cbe18c62\",\"name\":\"Kl\u00e1ra H\u00e1jkov\u00e1\",\"sameAs\":[\"http:\\\/\\\/www.all4camper.com\"],\"url\":\"https:\\\/\\\/all4camper.com\\\/cs\\\/author\\\/klarinkacestuje1\\\/\"}]}<\/script>\n<!-- \/ Yoast SEO plugin. -->","yoast_head_json":{"title":"Budou karavany a obytn\u00e9 vozy zahrnuty do v\u00fdjimky v r\u00e1mci novely z\u00e1kona o pozemn\u00edch komunikac\u00edch?","description":"All4Camper - Budou karavany a obytn\u00e9 vozy zahrnuty do v\u00fdjimky v r\u00e1mci novely z\u00e1kona o pozemn\u00edch komunikac\u00edch?","robots":{"index":"index","follow":"follow","max-snippet":"max-snippet:-1","max-image-preview":"max-image-preview:large","max-video-preview":"max-video-preview:-1"},"canonical":"https:\/\/all4camper.com\/cs\/budou-karavany-a-obytne-vozy-zahrnuty-do-vyjimky-v-ramci-novely-zakona-o-pozemnich-komunikaci\/","og_locale":"cs_CZ","og_type":"article","og_title":"Budou karavany a obytn\u00e9 vozy zahrnuty do v\u00fdjimky v r\u00e1mci novely z\u00e1kona o pozemn\u00edch komunikac\u00edch?","og_description":"All4Camper - Budou karavany a obytn\u00e9 vozy zahrnuty do v\u00fdjimky v r\u00e1mci novely z\u00e1kona o pozemn\u00edch komunikac\u00edch?","og_url":"https:\/\/all4camper.com\/cs\/budou-karavany-a-obytne-vozy-zahrnuty-do-vyjimky-v-ramci-novely-zakona-o-pozemnich-komunikaci\/","og_site_name":"All4Camper","article_published_time":"2019-03-07T11:50:17+00:00","article_modified_time":"2022-05-21T06:41:12+00:00","og_image":[{"width":1280,"height":853,"url":"https:\/\/all4camper.com\/wp-content\/uploads\/2019\/03\/highway-3392100_1280-1.jpg","type":"image\/jpeg"}],"author":"Kl\u00e1ra H\u00e1jkov\u00e1","twitter_card":"summary_large_image","twitter_misc":{"Napsal(a)":"Kl\u00e1ra H\u00e1jkov\u00e1","Odhadovan\u00e1 doba \u010dten\u00ed":"3 minuty"},"schema":{"@context":"https:\/\/schema.org","@graph":[{"@type":"Article","@id":"https:\/\/all4camper.com\/cs\/budou-karavany-a-obytne-vozy-zahrnuty-do-vyjimky-v-ramci-novely-zakona-o-pozemnich-komunikaci\/#article","isPartOf":{"@id":"https:\/\/all4camper.com\/cs\/budou-karavany-a-obytne-vozy-zahrnuty-do-vyjimky-v-ramci-novely-zakona-o-pozemnich-komunikaci\/"},"author":{"name":"Kl\u00e1ra H\u00e1jkov\u00e1","@id":"https:\/\/all4camper.com\/cs\/#\/schema\/person\/c6f1efdf1d02bc7d8c53a891cbe18c62"},"headline":"Budou karavany a obytn\u00e9 vozy zahrnuty do v\u00fdjimky v r\u00e1mci novely z\u00e1kona o pozemn\u00edch komunikac\u00edch?","datePublished":"2019-03-07T11:50:17+00:00","dateModified":"2022-05-21T06:41:12+00:00","mainEntityOfPage":{"@id":"https:\/\/all4camper.com\/cs\/budou-karavany-a-obytne-vozy-zahrnuty-do-vyjimky-v-ramci-novely-zakona-o-pozemnich-komunikaci\/"},"wordCount":550,"publisher":{"@id":"https:\/\/all4camper.com\/cs\/#organization"},"image":{"@id":"https:\/\/all4camper.com\/cs\/budou-karavany-a-obytne-vozy-zahrnuty-do-vyjimky-v-ramci-novely-zakona-o-pozemnich-komunikaci\/#primaryimage"},"thumbnailUrl":"https:\/\/all4camper.com\/wp-content\/uploads\/2019\/03\/highway-3392100_1280-1.jpg","articleSection":["Arch\u00edv - neaktu\u00e1ln\u00ed \u010dl\u00e1nky"],"inLanguage":"cs"},{"@type":"WebPage","@id":"https:\/\/all4camper.com\/cs\/budou-karavany-a-obytne-vozy-zahrnuty-do-vyjimky-v-ramci-novely-zakona-o-pozemnich-komunikaci\/","url":"https:\/\/all4camper.com\/cs\/budou-karavany-a-obytne-vozy-zahrnuty-do-vyjimky-v-ramci-novely-zakona-o-pozemnich-komunikaci\/","name":"Budou karavany a obytn\u00e9 vozy zahrnuty do v\u00fdjimky v r\u00e1mci novely z\u00e1kona o pozemn\u00edch komunikac\u00edch?","isPartOf":{"@id":"https:\/\/all4camper.com\/cs\/#website"},"primaryImageOfPage":{"@id":"https:\/\/all4camper.com\/cs\/budou-karavany-a-obytne-vozy-zahrnuty-do-vyjimky-v-ramci-novely-zakona-o-pozemnich-komunikaci\/#primaryimage"},"image":{"@id":"https:\/\/all4camper.com\/cs\/budou-karavany-a-obytne-vozy-zahrnuty-do-vyjimky-v-ramci-novely-zakona-o-pozemnich-komunikaci\/#primaryimage"},"thumbnailUrl":"https:\/\/all4camper.com\/wp-content\/uploads\/2019\/03\/highway-3392100_1280-1.jpg","datePublished":"2019-03-07T11:50:17+00:00","dateModified":"2022-05-21T06:41:12+00:00","description":"All4Camper - Budou karavany a obytn\u00e9 vozy zahrnuty do v\u00fdjimky v r\u00e1mci novely z\u00e1kona o pozemn\u00edch komunikac\u00edch?","breadcrumb":{"@id":"https:\/\/all4camper.com\/cs\/budou-karavany-a-obytne-vozy-zahrnuty-do-vyjimky-v-ramci-novely-zakona-o-pozemnich-komunikaci\/#breadcrumb"},"inLanguage":"cs","potentialAction":[{"@type":"ReadAction","target":["https:\/\/all4camper.com\/cs\/budou-karavany-a-obytne-vozy-zahrnuty-do-vyjimky-v-ramci-novely-zakona-o-pozemnich-komunikaci\/"]}]},{"@type":"ImageObject","inLanguage":"cs","@id":"https:\/\/all4camper.com\/cs\/budou-karavany-a-obytne-vozy-zahrnuty-do-vyjimky-v-ramci-novely-zakona-o-pozemnich-komunikaci\/#primaryimage","url":"https:\/\/all4camper.com\/wp-content\/uploads\/2019\/03\/highway-3392100_1280-1.jpg","contentUrl":"https:\/\/all4camper.com\/wp-content\/uploads\/2019\/03\/highway-3392100_1280-1.jpg","width":1280,"height":853},{"@type":"BreadcrumbList","@id":"https:\/\/all4camper.com\/cs\/budou-karavany-a-obytne-vozy-zahrnuty-do-vyjimky-v-ramci-novely-zakona-o-pozemnich-komunikaci\/#breadcrumb","itemListElement":[{"@type":"ListItem","position":1,"name":"Dom\u016f","item":"https:\/\/all4camper.com\/cs\/"},{"@type":"ListItem","position":2,"name":"Arch\u00edv - neaktu\u00e1ln\u00ed \u010dl\u00e1nky","item":"https:\/\/all4camper.com\/cs\/category\/archiv\/"},{"@type":"ListItem","position":3,"name":"Budou karavany a obytn\u00e9 vozy zahrnuty do v\u00fdjimky v r\u00e1mci novely z\u00e1kona o pozemn\u00edch komunikac\u00edch?"}]},{"@type":"WebSite","@id":"https:\/\/all4camper.com\/cs\/#website","url":"https:\/\/all4camper.com\/cs\/","name":"All4Camper","description":"Nejv\u011bt\u0161\u00ed online magaz\u00edn o kempov\u00e1n\u00ed a karavaninku. V\u00edce jak 900 \u010dl\u00e1nk\u016f pln\u00fdch rad a tip\u016f o kempech a kempov\u00e1n\u00ed.","publisher":{"@id":"https:\/\/all4camper.com\/cs\/#organization"},"potentialAction":[{"@type":"SearchAction","target":{"@type":"EntryPoint","urlTemplate":"https:\/\/all4camper.com\/cs\/?s={search_term_string}"},"query-input":{"@type":"PropertyValueSpecification","valueRequired":true,"valueName":"search_term_string"}}],"inLanguage":"cs"},{"@type":"Organization","@id":"https:\/\/all4camper.com\/cs\/#organization","name":"All4Camper - kempujeme s Kl\u00e1rou","url":"https:\/\/all4camper.com\/cs\/","logo":{"@type":"ImageObject","inLanguage":"cs","@id":"https:\/\/all4camper.com\/cs\/#\/schema\/logo\/image\/","url":"https:\/\/all4camper.com\/wp-content\/uploads\/2018\/09\/novelogo.png","contentUrl":"https:\/\/all4camper.com\/wp-content\/uploads\/2018\/09\/novelogo.png","width":1520,"height":600,"caption":"All4Camper - kempujeme s Kl\u00e1rou"},"image":{"@id":"https:\/\/all4camper.com\/cs\/#\/schema\/logo\/image\/"}},{"@type":"Person","@id":"https:\/\/all4camper.com\/cs\/#\/schema\/person\/c6f1efdf1d02bc7d8c53a891cbe18c62","name":"Kl\u00e1ra H\u00e1jkov\u00e1","sameAs":["http:\/\/www.all4camper.com"],"url":"https:\/\/all4camper.com\/cs\/author\/klarinkacestuje1\/"}]}},"_links":{"self":[{"href":"https:\/\/all4camper.com\/cs\/wp-json\/wp\/v2\/posts\/74844","targetHints":{"allow":["GET"]}}],"collection":[{"href":"https:\/\/all4camper.com\/cs\/wp-json\/wp\/v2\/posts"}],"about":[{"href":"https:\/\/all4camper.com\/cs\/wp-json\/wp\/v2\/types\/post"}],"author":[{"embeddable":true,"href":"https:\/\/all4camper.com\/cs\/wp-json\/wp\/v2\/users\/4"}],"replies":[{"embeddable":true,"href":"https:\/\/all4camper.com\/cs\/wp-json\/wp\/v2\/comments?post=74844"}],"version-history":[{"count":0,"href":"https:\/\/all4camper.com\/cs\/wp-json\/wp\/v2\/posts\/74844\/revisions"}],"wp:featuredmedia":[{"embeddable":true,"href":"https:\/\/all4camper.com\/cs\/wp-json\/wp\/v2\/media\/74848"}],"wp:attachment":[{"href":"https:\/\/all4camper.com\/cs\/wp-json\/wp\/v2\/media?parent=74844"}],"wp:term":[{"taxonomy":"category","embeddable":true,"href":"https:\/\/all4camper.com\/cs\/wp-json\/wp\/v2\/categories?post=74844"},{"taxonomy":"post_tag","embeddable":true,"href":"https:\/\/all4camper.com\/cs\/wp-json\/wp\/v2\/tags?post=74844"}],"curies":[{"name":"wp","href":"https:\/\/api.w.org\/{rel}","templated":true}]}}