{"id":73944,"date":"2019-01-11T16:50:07","date_gmt":"2019-01-11T15:50:07","guid":{"rendered":"https:\/\/all4camper.com\/\/?p=73944"},"modified":"2019-12-15T14:23:18","modified_gmt":"2019-12-15T13:23:18","slug":"poprve-obytnakem-v-makedonii-a-recku","status":"publish","type":"post","link":"https:\/\/all4camper.com\/cs\/poprve-obytnakem-v-makedonii-a-recku\/","title":{"rendered":"Poprv\u00e9 obyt\u0148\u00e1kem v Makedonii a \u0158ecku"},"content":{"rendered":"<p><span style=\"font-weight: 400;\">V kv\u011btnu roku 2018 jsme se vydali s na\u0161im bydl\u00edkem poprv\u00e9 do \u0158ecka.&nbsp;<\/span><span style=\"font-weight: 400;\">Po n\u011bkolika dnech p\u0159\u00edprav a pl\u00e1nov\u00e1n\u00ed, v ned\u011bli 13.5.2018 ve 12 hod. za slune\u010dn\u00e9ho po\u010das\u00ed, vyr\u00e1\u017e\u00edme. M\u00e1me plnou n\u00e1dr\u017e, plnou lednici, rakouskou d\u00e1lni\u010dn\u00ed zn\u00e1mku za 9 \u20ac a m\u011bs\u00ed\u010dn\u00ed ma\u010farskou d\u00e1lni\u010dn\u00ed zn\u00e1mku za 776 K\u010d.<\/span><\/p>\n<p><span style=\"font-weight: 400;\"><strong>Prvn\u00ed \u00fasek trasy byl z \u010cesk\u00fdch Bud\u011bjovic na T\u0159ebo\u0148, Hal\u00e1mky, V\u00edde\u0148 do Ma\u010farska.<\/strong> Cesta byla d\u00edky \u0159\u00eddk\u00e9mu provozu i rovn\u00fdm a kvalitn\u00edm cest\u00e1m maxim\u00e1ln\u011b pohodln\u00e1. Ve 20:30 hod. jsme dorazili do m\u011bsta Segedin v Ma\u010farsku. Parkujeme na klidn\u00e9m m\u00edst\u011b ve m\u011bst\u011b u muzea star\u00e9 vojensk\u00e9 techniky, kde je i p\u0159\u00edstup k tekouc\u00ed vod\u011b. (<\/span><a href=\"https:\/\/goo.gl\/maps\/RH9YCa2vCSw\" target=\"_blank\" rel=\"noopener noreferrer\"><span style=\"font-weight: 400;\">https:\/\/goo.gl\/maps\/RH9YCa2vCSw<\/span><\/a><span style=\"font-weight: 400;\">) Je 20\u00b0C.<\/span><\/p>\n<p><strong>14.5.<\/strong><\/p>\n<p><span style=\"font-weight: 400;\">R\u00e1no je polojasno, 21\u00b0C a po sn\u00eddani odj\u00ed\u017ed\u00edme k 320 km vzd\u00e1len\u00e9mu jezeru Vlasina v Srbsku. Hranice z Ma\u010farska do Srbska p\u0159ej\u00ed\u017ed\u00edme ve 12h bez probl\u00e9m\u016f a bez kontrol.<\/span><\/p>\n<p><span style=\"font-weight: 400;\">Ve 12:40 se Srbsko hal\u00ed do \u010dern\u00fdch mrak\u016f a b\u011bhem chvilky leje jako z konve. Ochlazuje se na 14\u00b0C. Rovinat\u00e9 Srbsko se p\u0159ej\u00ed\u017ed\u00ed dob\u0159e a rychle, zbrzd\u00ed n\u00e1s jen platba m\u00fdtn\u00e9ho. Po 120 km rovn\u00e9 d\u00e1lnice p\u0159ij\u00ed\u017ed\u00edme ve 13:45 do B\u011blehradu ve kter\u00e9m je pom\u011brn\u011b hust\u00fd provoz. Hlavn\u00ed m\u011bsto Srbska proj\u00ed\u017ed\u00edme po d\u00e1lnici t\u00e9m\u011b\u0159 jeho st\u0159edem a k na\u0161emu c\u00edli n\u00e1m zb\u00fdv\u00e1 205 km. M\u00fdtn\u00e9 jsme platili celkem 3x. Od 320 do 1210 RSD (100 RSD= 21 K\u010d).&nbsp;<\/span><\/p>\n<p><span style=\"font-weight: 400;\">V 19:30 n\u00e1s v\u00edt\u00e1 jezero Vlasina se spoustou odpo\u010d\u00edvadel. Jedno z nich vyb\u00edr\u00e1me (<\/span><a href=\"https:\/\/goo.gl\/maps\/E3Y1M5U6Bvj\" target=\"_blank\" rel=\"noopener noreferrer\"><span style=\"font-weight: 400;\">https:\/\/goo.gl\/maps\/E3Y1M5U6Bvj<\/span><\/a><span style=\"font-weight: 400;\">).&nbsp;<\/span><span style=\"font-weight: 400;\">Je\u0161t\u011b stihneme prohl\u00e9dnout travnatou pl\u00e1\u017e a \u010distou vodu, ne\u017e p\u0159ich\u00e1z\u00ed bou\u0159ka.<\/span><\/p>\n<p><img loading=\"lazy\" decoding=\"async\" class=\"aligncenter wp-image-73945\" src=\"https:\/\/all4camper.com\/\/wp-content\/uploads\/2019\/01\/IMG_20180514_193821.jpg\" alt=\"\" width=\"850\" height=\"480\" srcset=\"https:\/\/all4camper.com\/wp-content\/uploads\/2019\/01\/IMG_20180514_193821.jpg 1200w, https:\/\/all4camper.com\/wp-content\/uploads\/2019\/01\/IMG_20180514_193821-300x169.jpg 300w, https:\/\/all4camper.com\/wp-content\/uploads\/2019\/01\/IMG_20180514_193821-150x85.jpg 150w, https:\/\/all4camper.com\/wp-content\/uploads\/2019\/01\/IMG_20180514_193821-768x433.jpg 768w\" sizes=\"auto, (max-width: 850px) 100vw, 850px\" \/><\/p>\n<p><strong>15.5.<\/strong><\/p>\n<p><span style=\"font-weight: 400;\">V \u00fater\u00fd r\u00e1no n\u00e1s bud\u00ed v\u00edtr s polojasnou oblohou. Voda v jeze\u0159e je bohu\u017eel d\u00edky vln\u00e1m siln\u011b zakalen\u00e1, tak vynech\u00e1v\u00e1me rann\u00ed koupel a <strong>vyr\u00e1\u017e\u00edme na t\u0159iceti-kilometrov\u00fd cyklov\u00fdlet okolo cel\u00e9ho jezera<\/strong> (<\/span><a href=\"https:\/\/mapy.cz\/s\/2P9ss\" target=\"_blank\" rel=\"noopener noreferrer\"><span style=\"font-weight: 400;\">https:\/\/mapy.cz\/s\/2P9ss<\/span><\/a><span style=\"font-weight: 400;\">). Mraky se hon\u00ed po obloze, ale d\u00e9\u0161\u0165 se n\u00e1m vyh\u00fdb\u00e1. P\u0159\u00edroda je podobn\u00e1 t\u00e9 \u010desk\u00e9 (\u0161umavsk\u00e9).<\/span><\/p>\n<p><img loading=\"lazy\" decoding=\"async\" class=\"wp-image-73948 aligncenter\" src=\"https:\/\/all4camper.com\/\/wp-content\/uploads\/2019\/01\/IMG_20180515_085114.jpg\" alt=\"\" width=\"850\" height=\"300\" srcset=\"https:\/\/all4camper.com\/wp-content\/uploads\/2019\/01\/IMG_20180515_085114.jpg 1500w, https:\/\/all4camper.com\/wp-content\/uploads\/2019\/01\/IMG_20180515_085114-300x106.jpg 300w, https:\/\/all4camper.com\/wp-content\/uploads\/2019\/01\/IMG_20180515_085114-150x53.jpg 150w, https:\/\/all4camper.com\/wp-content\/uploads\/2019\/01\/IMG_20180515_085114-768x271.jpg 768w\" sizes=\"auto, (max-width: 850px) 100vw, 850px\" \/><\/p>\n<p><span style=\"font-weight: 400;\">Vesnice vypadaj\u00ed nevzhledn\u011b a n\u011bkter\u00e9 polorozbo\u0159en\u00e9 domy p\u0159ipom\u00ednaj\u00ed v\u00e1le\u010dn\u00e9 obdob\u00ed. <\/span><\/p>\n<p><span style=\"font-weight: 400;\">V 15 hod. bal\u00edme kola a pokra\u010dujeme d\u00e1l v na\u0161\u00ed cest\u011b serpentinami z kopce k m\u011bstu Vladi\u010din Han, kde dotankov\u00e1v\u00e1me 10 l nafty (1589 RSD) abychom dojeli do Makedonie.<\/span><\/p>\n<h3><strong>Makedonie<\/strong><\/h3>\n<p><span style=\"font-weight: 400;\"><strong>Hranice p\u0159ej\u00ed\u017ed\u00edme v 17 hod. a za\u010d\u00edn\u00e1 chaos a zmatek.<\/strong> Chaotick\u00e9 zna\u010den\u00ed hrani\u010dn\u00edch pr\u016fjezd\u016f, barvy na semaforech kter\u00e9 se nesm\u00ed respektovat, zav\u0159en\u00e9 br\u00e1ny i zmaten\u00ed celn\u00edci, to v\u0161e n\u00e1s trochu vyv\u00e1d\u00ed z m\u00edry ale nikam nesp\u011bch\u00e1me a nen\u00ed sez\u00f3na, tak\u017ee n\u00e1s to sp\u00ed\u0161e jen pobav\u00ed. <strong>V Makedonii jsou poplatky za d\u00e1lnici v\u00edcem\u00e9n\u011b symbolick\u00e9<\/strong>. Poprv\u00e9 plat\u00edme 80 MKD a po t\u00e9 60 MKD (100 MKD = 42 K\u010d).<\/span><\/p>\n<p><span style=\"font-weight: 400;\">28 km p\u0159ed Skopje vid\u00edme na vrcholc\u00edch hor sn\u00edh (snad jedeme k mo\u0159i spr\u00e1vnou cestou ;-). <strong>Makedonie se zd\u00e1 b\u00fdti upraven\u011bj\u0161\u00ed a modern\u011bj\u0161\u00ed v porovn\u00e1n\u00ed se Srbskem, ale je zde hodn\u011b minaret\u016f s me\u0161itami.<\/strong> Na p\u0159edm\u011bst\u00ed Skopje potk\u00e1v\u00e1me anglick\u00e9, \u010derven\u00e9, patrov\u00e9 Double Deckery. Nafta n\u00e1m vydr\u017eela a\u017e sem a tak tankujeme 80 l\/5000 MKD. <\/span><\/p>\n<p><span style=\"font-weight: 400;\"><strong>V Makedonii je nafta nejlevn\u011bj\u0161\u00ed z cel\u00e9 cesty a stejnou cenu zaplat\u00edte jak ve m\u011bst\u011b tak i na d\u00e1lnici.<\/strong> Zaj\u00edmavost\u00ed v t\u011bchto st\u00e1tech (Srbsko, Makedonie i \u0158ecko) jsou v\u0161udyp\u0159\u00edtomn\u00ed toulav\u00ed psi. P\u00e1r kilometr\u016f p\u0159ed na\u0161\u00edm dne\u0161n\u00edm c\u00edlem, j\u00edm\u017e je ka\u0148on Matka, nar\u00e1\u017e\u00edme na zaj\u00edmavou kuriozitu. Prodava\u010di jahod v&nbsp;<\/span><span style=\"font-weight: 400;\">odstavn\u00e9m pruhu na D\u00c1LNICI! A aby toho nebylo m\u00e1lo, podnikav\u00ed chlap\u00edci maj\u00ed sv\u00e9 bed\u00fdnky s jahodami i v prot\u011bj\u0161\u00edm sm\u011bru, tak\u017ee k p\u0159\u00edpadn\u00e9mu z\u00e1kazn\u00edkovi p\u0159es d\u00e1lnici P\u0158EB\u011aHNOU! Co na to \u0159\u00edci? Slovy na\u0161ich d\u011bt\u00ed: to jsou ale &#8222;makedonci&#8220; :)<\/span><\/p>\n<p><span style=\"font-weight: 400;\"><strong>Za p\u00e1r minut jsme ale Makedonc\u016fm za\u010dali z\u00e1vid\u011bt. Jejich ka\u0148on Matka, vzd\u00e1len\u00fd 15 km od hl. m\u011bsta Skopje je opravdu n\u00e1dhern\u00e9 m\u00edsto.<\/strong> V podve\u010der p\u0159ij\u00ed\u017ed\u00edme na parkovi\u0161t\u011b (<\/span><a href=\"https:\/\/goo.gl\/maps\/qgGde3PubbC2\" target=\"_blank\" rel=\"noopener noreferrer\"><span style=\"font-weight: 400;\">https:\/\/goo.gl\/maps\/qgGde3PubbC2<\/span><\/a><span style=\"font-weight: 400;\">). P\u0159i va\u0159en\u00ed ve\u010de\u0159e o\u010dkem pozorujeme d\u011bti v\u011bnuj\u00edc\u00ed se pob\u00edhaj\u00edc\u00edm ps\u016fm a spole\u010dn\u011b se t\u011b\u0161\u00edme na z\u00edt\u0159ej\u0161\u00ed v\u00fd\u0161lap pod\u00e9l ka\u0148onu.<\/span><\/p>\n<p><strong>16.5.<\/strong><\/p>\n<p><span style=\"font-weight: 400;\">Poh\u00e1dkov\u00e1 p\u0159\u00edroda, pr\u016fzra\u010dn\u00e1 modro zelen\u00e1 voda v \u0159ece Treska a n\u00e1dhern\u00e9 sk\u00e1ly n\u00e1s uchv\u00e1tily.<\/span><\/p>\n<p><img loading=\"lazy\" decoding=\"async\" class=\"aligncenter wp-image-73951\" src=\"https:\/\/all4camper.com\/\/wp-content\/uploads\/2019\/01\/20180516_111548.jpg\" alt=\"\" width=\"850\" height=\"478\" srcset=\"https:\/\/all4camper.com\/wp-content\/uploads\/2019\/01\/20180516_111548.jpg 1200w, https:\/\/all4camper.com\/wp-content\/uploads\/2019\/01\/20180516_111548-300x169.jpg 300w, https:\/\/all4camper.com\/wp-content\/uploads\/2019\/01\/20180516_111548-150x84.jpg 150w, https:\/\/all4camper.com\/wp-content\/uploads\/2019\/01\/20180516_111548-768x432.jpg 768w, https:\/\/all4camper.com\/wp-content\/uploads\/2019\/01\/20180516_111548-678x381.jpg 678w\" sizes=\"auto, (max-width: 850px) 100vw, 850px\" \/><\/p>\n<p><img loading=\"lazy\" decoding=\"async\" class=\"aligncenter wp-image-73954\" src=\"https:\/\/all4camper.com\/\/wp-content\/uploads\/2019\/01\/IMG_20180516_112459.jpg\" alt=\"\" width=\"850\" height=\"480\" srcset=\"https:\/\/all4camper.com\/wp-content\/uploads\/2019\/01\/IMG_20180516_112459.jpg 1200w, https:\/\/all4camper.com\/wp-content\/uploads\/2019\/01\/IMG_20180516_112459-300x169.jpg 300w, https:\/\/all4camper.com\/wp-content\/uploads\/2019\/01\/IMG_20180516_112459-150x85.jpg 150w, https:\/\/all4camper.com\/wp-content\/uploads\/2019\/01\/IMG_20180516_112459-768x433.jpg 768w\" sizes=\"auto, (max-width: 850px) 100vw, 850px\" \/><\/p>\n<p><span style=\"font-weight: 400;\">Stezka pod\u00e9l \u0159eky, po sk\u00e1le a kolem p\u0159ehrady, je dlouh\u00e1 tam i zp\u011bt 8 km. U stylov\u00e9ho hot\u00fdlku s restaurac\u00ed je mo\u017enost zap\u016fj\u010den\u00ed lod\u011bk a kajak\u016f a <strong>s pr\u016fvodcem nebo bez se vydat do cca 4 km vzd\u00e1len\u00e9 jeskyn\u011b. Slunce a 29\u00b0C l\u00e1kaly ke koup\u00e1n\u00ed, ale voda byla ledov\u00e1. St\u00e1n\u00ed na parkovi\u0161ti pod p\u0159ehradou u divok\u00e9 \u0159eky bylo zdarma.<\/strong><\/span><\/p>\n<p><span style=\"font-weight: 400;\">V 16 hod. pokra\u010dujeme na\u0161\u00ed cestu do \u0158ecka.<\/span><\/p>\n<p><span style=\"font-weight: 400;\">Posledn\u00ed zast\u00e1vkou v t\u00e9to zemi je m\u00edsto naz\u00fdvan\u00e9 <strong>&#8222;STOBI&#8220;. Ruiny antick\u00e9ho m\u011bsta z doby makedonsk\u00e9ho kr\u00e1lovstv\u00ed.<\/strong> Proch\u00e1z\u00edme ruinami, pozn\u00e1v\u00e1me amfite\u00e1tr, baziliku, l\u00e1zn\u011b, k vid\u011bn\u00ed je i Theodos\u016fv pal\u00e1c a dal\u0161\u00ed.&nbsp;Cena za prohl\u00eddku je 290 MKD pro rodinu.<\/span><\/p>\n<p><img loading=\"lazy\" decoding=\"async\" class=\"aligncenter wp-image-73957\" src=\"https:\/\/all4camper.com\/\/wp-content\/uploads\/2019\/01\/20180516_175611.jpg\" alt=\"\" width=\"850\" height=\"478\" srcset=\"https:\/\/all4camper.com\/wp-content\/uploads\/2019\/01\/20180516_175611.jpg 1200w, https:\/\/all4camper.com\/wp-content\/uploads\/2019\/01\/20180516_175611-300x169.jpg 300w, https:\/\/all4camper.com\/wp-content\/uploads\/2019\/01\/20180516_175611-150x84.jpg 150w, https:\/\/all4camper.com\/wp-content\/uploads\/2019\/01\/20180516_175611-768x432.jpg 768w, https:\/\/all4camper.com\/wp-content\/uploads\/2019\/01\/20180516_175611-678x381.jpg 678w\" sizes=\"auto, (max-width: 850px) 100vw, 850px\" \/><\/p>\n<p><img loading=\"lazy\" decoding=\"async\" class=\"aligncenter wp-image-73960\" src=\"https:\/\/all4camper.com\/\/wp-content\/uploads\/2019\/01\/20180516_180820.jpg\" alt=\"\" width=\"850\" height=\"478\" srcset=\"https:\/\/all4camper.com\/wp-content\/uploads\/2019\/01\/20180516_180820.jpg 1200w, https:\/\/all4camper.com\/wp-content\/uploads\/2019\/01\/20180516_180820-300x169.jpg 300w, https:\/\/all4camper.com\/wp-content\/uploads\/2019\/01\/20180516_180820-150x84.jpg 150w, https:\/\/all4camper.com\/wp-content\/uploads\/2019\/01\/20180516_180820-768x432.jpg 768w, https:\/\/all4camper.com\/wp-content\/uploads\/2019\/01\/20180516_180820-678x381.jpg 678w\" sizes=\"auto, (max-width: 850px) 100vw, 850px\" \/><\/p>\n<p><span style=\"font-weight: 400;\">Za d\u00e1lnici k hranic\u00edm plat\u00edme je\u0161t\u011b 3x od 50 do 120 MKD.&nbsp;<\/span><span style=\"font-weight: 400;\">Ve 21h p\u0159ej\u00ed\u017ed\u00edme hranice do \u0158ecka a <strong>\u010das posouv\u00e1me o hodinu dop\u0159edu!<\/strong><\/span><\/p>\n<h3><strong>\u0158ecko<\/strong><\/h3>\n<p><span style=\"font-weight: 400;\">Do prvn\u00ed vesnice u mo\u0159e (Methoni &#8211; <\/span><a href=\"https:\/\/goo.gl\/maps\/VsQc7YVQTZr\" target=\"_blank\" rel=\"noopener noreferrer\"><span style=\"font-weight: 400;\">https:\/\/goo.gl\/maps\/VsQc7YVQTZr<\/span><\/a><span style=\"font-weight: 400;\">) p\u0159ij\u00ed\u017ed\u00edme po jeden\u00e1ct\u00e9 hodin\u011b ve\u010der. Po cest\u011b plat\u00edme 3x poplatky za d\u00e1lnici: 4,5 \u20ac; 3 \u20ac; 5,40 \u20ac. Kr\u00e1tce obhl\u00eddneme okol\u00ed a ukl\u00e1d\u00e1me se ke sp\u00e1nku.<\/span><\/p>\n<p><strong>17.5.<\/strong><\/p>\n<p><span style=\"font-weight: 400;\">Ve \u010dtvrtek r\u00e1no nakupujeme \u010derstv\u00e9 pe\u010divo a velk\u00fd \u0159eck\u00fd jogurt ;) v m\u00edstn\u00edm marketu ryb\u00e1\u0159sk\u00e9 vesni\u010dky za 5 \u20ac. <strong>Po sn\u00eddani sundav\u00e1me kola a vyr\u00e1\u017e\u00edme pod\u00e9l pob\u0159e\u017e\u00ed do p\u0159\u00edrodn\u00ed rezervace Stergios-Aliakmonas<\/strong> (<\/span><a href=\"https:\/\/goo.gl\/maps\/vwpybW1cHvQ2\" target=\"_blank\" rel=\"noopener noreferrer\"><span style=\"font-weight: 400;\">https:\/\/goo.gl\/maps\/vwpybW1cHvQ2<\/span><\/a><span style=\"font-weight: 400;\">). Proj\u00ed\u017ed\u00edme zarostlou deltu \u0159eky Aliakmonas Potamos, olivov\u00e9 plant\u00e1\u017ee, pol\u00ed\u010dka a sady m\u00edstn\u00edch roln\u00edk\u016f. Cestou potk\u00e1v\u00e1me barevn\u00e9 mot\u00fdly, \u017eelvy, \u017e\u00e1by, velk\u00e9 i mal\u00e9 druhy pt\u00e1k\u016f.<\/span><\/p>\n<p><img loading=\"lazy\" decoding=\"async\" class=\"aligncenter wp-image-73963\" src=\"https:\/\/all4camper.com\/\/wp-content\/uploads\/2019\/01\/20180517_124522.jpg\" alt=\"\" width=\"850\" height=\"478\" srcset=\"https:\/\/all4camper.com\/wp-content\/uploads\/2019\/01\/20180517_124522.jpg 1200w, https:\/\/all4camper.com\/wp-content\/uploads\/2019\/01\/20180517_124522-300x169.jpg 300w, https:\/\/all4camper.com\/wp-content\/uploads\/2019\/01\/20180517_124522-150x84.jpg 150w, https:\/\/all4camper.com\/wp-content\/uploads\/2019\/01\/20180517_124522-768x432.jpg 768w, https:\/\/all4camper.com\/wp-content\/uploads\/2019\/01\/20180517_124522-678x381.jpg 678w\" sizes=\"auto, (max-width: 850px) 100vw, 850px\" \/><\/p>\n<p><span style=\"font-weight: 400;\">V 16h se vrac\u00edme a jdeme na na\u0161i prvn\u00ed dovolenkovou &#8222;ob\u011bdove\u010de\u0159i&#8220;. V m\u00edstn\u00ed ryb\u00ed restauraci (\u03a8\u03b1\u03c1\u03bf\u03c4\u03b1\u03b2\u03ad\u03c1\u03bd\u03b1 &#8222;\u0397 \u03a0\u03b1\u03bd\u03b1\u03b3\u03b9\u03ce\u03c4\u03b1&#8220; <\/span><a href=\"https:\/\/goo.gl\/maps\/c15rYabGtM52\" target=\"_blank\" rel=\"noopener noreferrer\"><span style=\"font-weight: 400;\">https:\/\/goo.gl\/maps\/c15rYabGtM52<\/span><\/a><span style=\"font-weight: 400;\">) n\u00e1s obsluhuje star\u0161\u00ed d\u00e1ma, kter\u00e1 je velmi ochotn\u00e1 a mil\u00e1. Mluv\u00ed l\u00e1manou angli\u010dtinou a p\u0159izn\u00e1v\u00e1, \u017ee l\u00e9pe mluv\u00ed rusky. Nab\u00edz\u00ed, popisuje a ukazuje nab\u00eddku v noci nachytan\u00fdch ryb. Objedn\u00e1v\u00e1me si 3 druhy, pro d\u011bti karban\u00e1tek z mlet\u00e9ho masa, hranolky, obalen\u00e9 cuketky, \u0159eck\u00fd sal\u00e1t a tzatziky.<\/span><\/p>\n<p><img loading=\"lazy\" decoding=\"async\" class=\"aligncenter wp-image-73966\" src=\"https:\/\/all4camper.com\/\/wp-content\/uploads\/2019\/01\/20180517_144524.jpg\" alt=\"\" width=\"850\" height=\"478\" srcset=\"https:\/\/all4camper.com\/wp-content\/uploads\/2019\/01\/20180517_144524.jpg 1200w, https:\/\/all4camper.com\/wp-content\/uploads\/2019\/01\/20180517_144524-300x169.jpg 300w, https:\/\/all4camper.com\/wp-content\/uploads\/2019\/01\/20180517_144524-150x84.jpg 150w, https:\/\/all4camper.com\/wp-content\/uploads\/2019\/01\/20180517_144524-768x432.jpg 768w, https:\/\/all4camper.com\/wp-content\/uploads\/2019\/01\/20180517_144524-678x381.jpg 678w\" sizes=\"auto, (max-width: 850px) 100vw, 850px\" \/><\/p>\n<p><span style=\"font-weight: 400;\">K tomu samoz\u0159ejm\u011b pivo a d\u017eusy. V kuchyni je dal\u0161\u00ed d\u00e1ma a plat\u00edme u t\u0159et\u00ed. Proto jsme si restauraci pojmenovali &nbsp;\u201cU t\u0159\u00ed sester\u201d ;) Jako pozornost dost\u00e1v\u00e1me 2 lahve vody a po j\u00eddle 4x malou zmrzlinu Magnum. Plat\u00edme 60E, ale jsme maxim\u00e1ln\u011b spokojeni. Moc jsme si pochutnali. &nbsp;<\/span><\/p>\n<p><span style=\"font-weight: 400;\">K ve\u010deru p\u0159ej\u00ed\u017ed\u00edme na nedalekou pl\u00e1\u017e &#8222;<strong>Korinos beach<\/strong>&#8220; (<\/span><a href=\"https:\/\/goo.gl\/maps\/p4XJcVhXtzK2\" target=\"_blank\" rel=\"noopener noreferrer\"><span style=\"font-weight: 400;\">https:\/\/goo.gl\/maps\/p4XJcVhXtzK2<\/span><\/a><span style=\"font-weight: 400;\">), kter\u00e1 je kr\u00e1sn\u011b p\u00edse\u010dn\u00e1. Je siln\u00fd v\u00edtr, pl\u00e1\u017e je dlouh\u00e1 a \u00fapln\u011b pr\u00e1zdn\u00e1.<\/span><\/p>\n<p><img loading=\"lazy\" decoding=\"async\" class=\"aligncenter wp-image-73969\" src=\"https:\/\/all4camper.com\/\/wp-content\/uploads\/2019\/01\/IMG_20180518_135447_1.jpg\" alt=\"\" width=\"850\" height=\"216\" srcset=\"https:\/\/all4camper.com\/wp-content\/uploads\/2019\/01\/IMG_20180518_135447_1.jpg 1500w, https:\/\/all4camper.com\/wp-content\/uploads\/2019\/01\/IMG_20180518_135447_1-300x76.jpg 300w, https:\/\/all4camper.com\/wp-content\/uploads\/2019\/01\/IMG_20180518_135447_1-150x38.jpg 150w, https:\/\/all4camper.com\/wp-content\/uploads\/2019\/01\/IMG_20180518_135447_1-768x195.jpg 768w\" sizes=\"auto, (max-width: 850px) 100vw, 850px\" \/><\/p>\n<p><strong>18.5.<\/strong><\/p>\n<p><span style=\"font-weight: 400;\">N\u00e1sleduj\u00edc\u00ed den v p\u00e1tek za\u010d\u00edn\u00e1me koupel\u00ed v mo\u0159i. <strong>Vzhledem k tomu, \u017ee jsme se v diskus\u00edch do\u010detli \u017ee v \u0158ecku je zak\u00e1z\u00e1no kempovat mimo kempy a ob\u010das je to i soudn\u011b postihov\u00e1no, netrouf\u00e1me si vyndat stolek se \u017eidli\u010dkami a sn\u00eddat venku.<\/strong> Po sn\u00eddani roztahujeme na pl\u00e1\u017ei plachtu proti slunci a jdeme u\u017e\u00edt prvn\u00ed leto\u0161n\u00ed \u201cpl\u00e1\u017eov\u00fd, dovolenkov\u00fd\u201d den.<\/span><\/p>\n<p><strong>Slunce p\u00e1l\u00ed, ale d\u00edky v\u011btru je p\u0159\u00edjemn\u011b. Voda m\u00e1 tak 24\u00b0C. D\u011bti jsou nad\u0161en\u00e9! <\/strong><\/p>\n<p><span style=\"font-weight: 400;\">V 17:30 p\u0159ej\u00ed\u017ed\u00edme do nedalek\u00e9ho Lidlu pro dopln\u011bn\u00ed z\u00e1sob. Zat\u00e1hlo se, ale st\u00e1le je 28\u00b0C. <strong>Dal\u0161\u00ed zast\u00e1vkou je p\u0159ekvapen\u00ed na\u0161eho tat\u00ednka.<\/strong> \u0160plh\u00e1me se do hor nad m\u011bstem, p\u00e1r kilometr\u016f od Korinos Beach. <strong>Ve v\u00fd\u0161ce 400 m n. m. &nbsp;zastavujeme a testujeme \u201cmagnetick\u00e9 m\u00edsto\u201d t\u00e9to hory.<\/strong> Na vlastn\u00ed o\u010di m\u016f\u017eeme vid\u011bt a vyzkou\u0161et, jak d\u00edky n\u011bjak\u00e9 zvl\u00e1\u0161tn\u00ed s\u00edle se v\u011bci (i 3,5 tunov\u00fd bydl\u00edk) samovoln\u011b pohybuj\u00ed sm\u011brem do kopce!<\/span><\/p>\n<p><span style=\"font-weight: 400;\">Poplatky za d\u00e1lnici 4 \u20ac; 7,90 \u20ac; 6,30 \u20ac.<\/span><\/p>\n<p><span style=\"font-weight: 400;\"><strong>Ve\u010der p\u0159ej\u00ed\u017ed\u00edme do kr\u00e1sn\u00e9 horsk\u00e9 vesni\u010dky Portaria<\/strong> ve v\u00fd\u0161ce 600 m n. m., kde si holky d\u00e1vaj\u00ed pizzu a my Souvlaki (n\u011bco jako hot dog). V pizzerii se n\u00e1hodou d\u00e1v\u00e1me do \u0159e\u010di s m\u00edstn\u00edm, velice sympatick\u00fdm, podnikatelem, kter\u00fd n\u00e1m d\u00e1v\u00e1 tipy na dal\u0161\u00ed m\u011bste\u010dka a vesni\u010dky v hor\u00e1ch. Krom t\u011bchto cenn\u00fdch tip\u016f dost\u00e1v\u00e1me i vizitku s jeho telefonn\u00edm \u010d\u00edslem se slovy \u201cKdybys n\u011bco pot\u0159eboval, tak klidn\u011b zavolej\u201d.<\/span><\/p>\n<p><span style=\"font-weight: 400;\">V horsk\u00e9 vesni\u010dce to \u017eije jako v p\u0159\u00edmo\u0159sk\u00e9m letovisku. U star\u00e9ho p\u00e1na, (kter\u00fd v sob\u011b \u0158eka nezap\u0159e) kupujeme ve 21:30 hod. \u010derstv\u00e9 ovoce a p\u0159ej\u00ed\u017ed\u00edme na parkovi\u0161t\u011b pod vesnic\u00ed, <strong>s kr\u00e1sn\u00fdm v\u00fdhledem na m\u011bsto Volos<\/strong>, kter\u00e9 se z tohoto m\u00edsta zd\u00e1 b\u00fdt obrovsk\u00e9.&nbsp;(<a href=\"https:\/\/goo.gl\/maps\/axYHyFNvtSS2\" target=\"_blank\" rel=\"noopener noreferrer\">https:\/\/goo.gl\/maps\/axYHyFNvtSS2<\/a>).<\/span><\/p>\n<p><img loading=\"lazy\" decoding=\"async\" class=\"aligncenter wp-image-73972\" src=\"https:\/\/all4camper.com\/\/wp-content\/uploads\/2019\/01\/20180519_121837.jpg\" alt=\"\" width=\"850\" height=\"478\" srcset=\"https:\/\/all4camper.com\/wp-content\/uploads\/2019\/01\/20180519_121837.jpg 1200w, https:\/\/all4camper.com\/wp-content\/uploads\/2019\/01\/20180519_121837-300x169.jpg 300w, https:\/\/all4camper.com\/wp-content\/uploads\/2019\/01\/20180519_121837-150x84.jpg 150w, https:\/\/all4camper.com\/wp-content\/uploads\/2019\/01\/20180519_121837-768x432.jpg 768w, https:\/\/all4camper.com\/wp-content\/uploads\/2019\/01\/20180519_121837-678x381.jpg 678w\" sizes=\"auto, (max-width: 850px) 100vw, 850px\" \/><\/p>\n<p><strong>19.5.<\/strong><\/p>\n<p><span style=\"font-weight: 400;\">V sobotu dopoledne se po cest\u011b je\u0161t\u011b jednou zastavujeme v Portariu pro p\u00e1r suven\u00fdr\u016f a pak sj\u00ed\u017ed\u00edme serpentinami zp\u011bt k pob\u0159e\u017e\u00ed. Cestou potk\u00e1v\u00e1me kr\u00e1snou kav\u00e1rni\u010dku plnou zelen\u011b, kv\u011btin a klec\u00ed se spoustou druh\u016f pt\u00e1k\u016f.<\/span><\/p>\n<p><img loading=\"lazy\" decoding=\"async\" class=\"aligncenter wp-image-73975\" src=\"https:\/\/all4camper.com\/\/wp-content\/uploads\/2019\/01\/IMG_20180519_140357.jpg\" alt=\"\" width=\"850\" height=\"480\" srcset=\"https:\/\/all4camper.com\/wp-content\/uploads\/2019\/01\/IMG_20180519_140357.jpg 1200w, https:\/\/all4camper.com\/wp-content\/uploads\/2019\/01\/IMG_20180519_140357-300x169.jpg 300w, https:\/\/all4camper.com\/wp-content\/uploads\/2019\/01\/IMG_20180519_140357-150x85.jpg 150w, https:\/\/all4camper.com\/wp-content\/uploads\/2019\/01\/IMG_20180519_140357-768x433.jpg 768w\" sizes=\"auto, (max-width: 850px) 100vw, 850px\" \/><\/p>\n<p><span style=\"font-weight: 400;\">Objedn\u00e1v\u00e1me si 2x frapp\u00e9, zmrzlinu,ovocn\u00fd koktejl a v\u0161e vychutn\u00e1v\u00e1me s \u00fa\u017easn\u00fdm v\u00fdhledem na m\u011bsto pod n\u00e1mi. D\u00edky wifi vy\u0159\u00edd\u00edme maily, ud\u011bl\u00e1me p\u00e1r fotek, holky si pohraj\u00ed se zv\u00ed\u0159\u00e1tky (krom spousty klec\u00ed s pt\u00e1\u010dky, jsou zde i ko\u010di\u010dky s ko\u0165\u00e1tky) a po zaplacen\u00ed 13\u20ac odj\u00ed\u017ed\u00edme do dal\u0161\u00edho horsk\u00e9 vesni\u010dky, kter\u00e1 n\u00e1m byla doporu\u010dena.<\/span><\/p>\n<p><img loading=\"lazy\" decoding=\"async\" class=\"aligncenter wp-image-73978\" src=\"https:\/\/all4camper.com\/\/wp-content\/uploads\/2019\/01\/IMG_20180519_125043.jpg\" alt=\"\" width=\"850\" height=\"480\" srcset=\"https:\/\/all4camper.com\/wp-content\/uploads\/2019\/01\/IMG_20180519_125043.jpg 1200w, https:\/\/all4camper.com\/wp-content\/uploads\/2019\/01\/IMG_20180519_125043-300x169.jpg 300w, https:\/\/all4camper.com\/wp-content\/uploads\/2019\/01\/IMG_20180519_125043-150x85.jpg 150w, https:\/\/all4camper.com\/wp-content\/uploads\/2019\/01\/IMG_20180519_125043-768x433.jpg 768w\" sizes=\"auto, (max-width: 850px) 100vw, 850px\" \/><\/p>\n<p><img loading=\"lazy\" decoding=\"async\" class=\"aligncenter wp-image-73981\" src=\"https:\/\/all4camper.com\/\/wp-content\/uploads\/2019\/01\/IMG_20180519_140224.jpg\" alt=\"\" width=\"850\" height=\"480\" srcset=\"https:\/\/all4camper.com\/wp-content\/uploads\/2019\/01\/IMG_20180519_140224.jpg 1200w, https:\/\/all4camper.com\/wp-content\/uploads\/2019\/01\/IMG_20180519_140224-300x169.jpg 300w, https:\/\/all4camper.com\/wp-content\/uploads\/2019\/01\/IMG_20180519_140224-150x85.jpg 150w, https:\/\/all4camper.com\/wp-content\/uploads\/2019\/01\/IMG_20180519_140224-768x433.jpg 768w\" sizes=\"auto, (max-width: 850px) 100vw, 850px\" \/><\/p>\n<p><span style=\"font-weight: 400;\">Na stromech pod\u00e9l cesty do Volos rostou mandarinky, ale k j\u00eddlu nejsou je\u0161t\u011b dost sladk\u00e9. Je 27\u00b0C a tak <strong>u m\u011bsta Agria sjedeme k obl\u00e1zkov\u00e9 pl\u00e1\u017ei na kr\u00e1tkou koupa\u010dku<\/strong> (<\/span><a href=\"https:\/\/goo.gl\/maps\/dNdnm8b2LMK2\" target=\"_blank\" rel=\"noopener noreferrer\"><span style=\"font-weight: 400;\">https:\/\/goo.gl\/maps\/dNdnm8b2LMK2<\/span><\/a><span style=\"font-weight: 400;\">) a pot\u00e9 v 19 hod. odj\u00ed\u017ed\u00edme zp\u011bt do hor. P\u0159esp\u00e1v\u00e1me na klidn\u00e9m m\u00edst\u011b s v\u00fdhledem na cel\u00e9 pob\u0159e\u017e\u00ed pod n\u00e1mi (<\/span><a href=\"https:\/\/goo.gl\/maps\/ZsdGih2gJSv\" target=\"_blank\" rel=\"noopener noreferrer\"><span style=\"font-weight: 400;\">https:\/\/goo.gl\/maps\/ZsdGih2gJSv<\/span><\/a><span style=\"font-weight: 400;\">).<\/span><\/p>\n<p><img loading=\"lazy\" decoding=\"async\" class=\"aligncenter wp-image-73984\" src=\"https:\/\/all4camper.com\/\/wp-content\/uploads\/2019\/01\/IMG_20180519_200705.jpg\" alt=\"\" width=\"850\" height=\"480\" srcset=\"https:\/\/all4camper.com\/wp-content\/uploads\/2019\/01\/IMG_20180519_200705.jpg 1200w, https:\/\/all4camper.com\/wp-content\/uploads\/2019\/01\/IMG_20180519_200705-300x169.jpg 300w, https:\/\/all4camper.com\/wp-content\/uploads\/2019\/01\/IMG_20180519_200705-150x85.jpg 150w, https:\/\/all4camper.com\/wp-content\/uploads\/2019\/01\/IMG_20180519_200705-768x433.jpg 768w\" sizes=\"auto, (max-width: 850px) 100vw, 850px\" \/><\/p>\n<p><strong>20.5.<\/strong><\/p>\n<p><span style=\"font-weight: 400;\">V ned\u011bli r\u00e1no n\u00e1s &nbsp;bud\u00ed slun\u00ed\u010dko, i kdy\u017e se v pr\u016fb\u011bhu dne m\u00e1 zat\u00e1hnout. V 10 hod. opou\u0161t\u00edme sv\u00e9 m\u00edsto s pl\u00e1nem projet doporu\u010den\u00e1 m\u011bste\u010dka v hor\u00e1ch. <strong>Zastavujeme se v Milies, kde krom rozli\u010dn\u00fdch obch\u016fdk\u016f a restaurac\u00ed nal\u00e9z\u00e1me i kr\u00e1snou kav\u00e1rnu<\/strong> \u201c\u0386\u03bd\u03bd\u03b1 \u03bd\u03b1 \u03ad\u03bd\u03b1 \u03bc\u03ae\u03bb\u03bf\u201d (<\/span><a href=\"https:\/\/goo.gl\/maps\/mmWx5ioxHqw\" target=\"_blank\" rel=\"noopener noreferrer\"><span style=\"font-weight: 400;\">https:\/\/goo.gl\/maps\/mmWx5ioxHqw<\/span><\/a><span style=\"font-weight: 400;\">). Pokud budete proj\u00ed\u017ed\u011bt, ur\u010dit\u011b si nenechte uj\u00edt jej\u00ed n\u00e1v\u0161t\u011bvu. St\u011bny oblo\u017een\u00e9 fotografiemi slavn\u00fdch celebrit minul\u00e9ho stolet\u00ed, dobov\u00e9 plak\u00e1ty a cedulky spolu s jazzovou hudbou linouc\u00ed se z reproduktor\u016f vytv\u00e1\u0159ej\u00ed neopakovatelnou atmosf\u00e9ru bezstarostn\u00fdch dovolenkov\u00fdch dn\u016f. Kav\u00e1rna disponuje i terasou ze kter\u00e9 m\u016f\u017eete pozorovat v\u0161ednodenn\u00ed ruch \u0159eck\u00e9ho m\u011bste\u010dka.<\/span><\/p>\n<p><img loading=\"lazy\" decoding=\"async\" class=\"aligncenter wp-image-73987\" src=\"https:\/\/all4camper.com\/\/wp-content\/uploads\/2019\/01\/IMG_20180520_122004.jpg\" alt=\"\" width=\"850\" height=\"480\" srcset=\"https:\/\/all4camper.com\/wp-content\/uploads\/2019\/01\/IMG_20180520_122004.jpg 1200w, https:\/\/all4camper.com\/wp-content\/uploads\/2019\/01\/IMG_20180520_122004-300x169.jpg 300w, https:\/\/all4camper.com\/wp-content\/uploads\/2019\/01\/IMG_20180520_122004-150x85.jpg 150w, https:\/\/all4camper.com\/wp-content\/uploads\/2019\/01\/IMG_20180520_122004-768x433.jpg 768w\" sizes=\"auto, (max-width: 850px) 100vw, 850px\" \/><\/p>\n<p><span style=\"font-weight: 400;\"><strong>K ve\u010deru p\u0159ej\u00ed\u017ed\u00edme na pl\u00e1\u017e Lori Beach na druh\u00e9 stran\u011b poloostrova Pelion<\/strong>. Nekone\u010dn\u00e9 serpentiny n\u00e1s po 35 km dovedly na divokou pl\u00e1\u017e se spoustou odpadk\u016f naplaven\u00fdch z mo\u0159e, s velk\u00fdmi vlnami a velk\u00fdmi kameny.<\/span><\/p>\n<p><img loading=\"lazy\" decoding=\"async\" class=\"aligncenter wp-image-73990\" src=\"https:\/\/all4camper.com\/\/wp-content\/uploads\/2019\/01\/IMG_20180520_193225.jpg\" alt=\"\" width=\"850\" height=\"480\" srcset=\"https:\/\/all4camper.com\/wp-content\/uploads\/2019\/01\/IMG_20180520_193225.jpg 1200w, https:\/\/all4camper.com\/wp-content\/uploads\/2019\/01\/IMG_20180520_193225-300x169.jpg 300w, https:\/\/all4camper.com\/wp-content\/uploads\/2019\/01\/IMG_20180520_193225-150x85.jpg 150w, https:\/\/all4camper.com\/wp-content\/uploads\/2019\/01\/IMG_20180520_193225-768x433.jpg 768w\" sizes=\"auto, (max-width: 850px) 100vw, 850px\" \/><\/p>\n<p><span style=\"font-weight: 400;\">My dosp\u011bl\u00ed jsme d\u00edky zata\u017een\u00e9 obloze a siln\u00e9mu v\u011btru nem\u011bli na koup\u00e1n\u00ed ani pomy\u0161len\u00ed, ale d\u011bti neodolaly velk\u00fdm vln\u00e1m a vrhly se je \u0159\u00e1dn\u011b u\u017e\u00edt. <strong>Na pl\u00e1\u017ei jsme od podve\u010dern\u00edch hodin a\u017e do druh\u00e9ho dne \u00fapln\u011b sami. Po\u010das\u00ed n\u00e1m v\u0161ak nep\u0159eje.<\/strong><\/span><\/p>\n<p><strong>21.5.<\/strong><\/p>\n<p><span style=\"font-weight: 400;\">V noci ani druh\u00fd den v\u00edtr neust\u00e1v\u00e1 a r\u00e1no je nebe op\u011bt pln\u00e9 mrak\u016f.&nbsp;<\/span><span style=\"font-weight: 400;\">P\u0159ej\u00ed\u017ed\u00edme proto zp\u011bt na prav\u00fd b\u0159eh poloostrova Pelion. V m\u011bste\u010dku Milina je jasno, 27\u00b0C a rovn\u00e1 mo\u0159sk\u00e1 hladina. Parkujeme u malink\u00e9 pl\u00e1\u017ee se slune\u010dn\u00edky a kav\u00e1rni\u010dkou. (<\/span><a href=\"https:\/\/goo.gl\/maps\/ckRQnMbPqVQ2\" target=\"_blank\" rel=\"noopener noreferrer\"><span style=\"font-weight: 400;\">https:\/\/goo.gl\/maps\/ckRQnMbPqVQ2<\/span><\/a><span style=\"font-weight: 400;\">)<\/span><\/p>\n<p><img loading=\"lazy\" decoding=\"async\" class=\"aligncenter wp-image-73993\" src=\"https:\/\/all4camper.com\/\/wp-content\/uploads\/2019\/01\/20180521_120328.jpg\" alt=\"\" width=\"850\" height=\"478\" srcset=\"https:\/\/all4camper.com\/wp-content\/uploads\/2019\/01\/20180521_120328.jpg 1200w, https:\/\/all4camper.com\/wp-content\/uploads\/2019\/01\/20180521_120328-300x169.jpg 300w, https:\/\/all4camper.com\/wp-content\/uploads\/2019\/01\/20180521_120328-150x84.jpg 150w, https:\/\/all4camper.com\/wp-content\/uploads\/2019\/01\/20180521_120328-768x432.jpg 768w, https:\/\/all4camper.com\/wp-content\/uploads\/2019\/01\/20180521_120328-678x381.jpg 678w\" sizes=\"auto, (max-width: 850px) 100vw, 850px\" \/><\/p>\n<p><span style=\"font-weight: 400;\">Na\u0161e mamka po t\u00fddnu dost\u00e1v\u00e1 v\u00fdbornou teplou k\u00e1vu (dvojit\u00e9 espresso :) s buchti\u010dkami, su\u0161enkami a malou lahv\u00ed vody. To v\u0161e za 3\u20ac. S kn\u00ed\u017ekou, pod slune\u010dn\u00edkem a k\u00e1vi\u010dkou vychutn\u00e1v\u00e1 pohled na \u0161\u0165astn\u00e9 d\u011bti sb\u00edraj\u00edc\u00ed mu\u0161li\u010dky na pl\u00e1\u017ei a man\u017eela, s k\u00fdblem a ko\u0161\u0165\u00e1tkem pe\u010duj\u00edc\u00edho o na\u0161eho bydl\u00edka, kter\u00fd n\u00e1s prozat\u00edm v\u0161ude a v\u017edy bezpe\u010dn\u011b dovezl. <\/span><\/p>\n<p><span style=\"font-weight: 400;\">Pozdn\u00ed odpoledne str\u00e1v\u00edme v p\u0159\u00edjemn\u00e9 ryb\u00ed restauraci na b\u0159ehu mo\u0159e, kter\u00e1 je sou\u010d\u00e1st\u00ed p\u0159\u00edmo\u0159sk\u00e9 promen\u00e1dy. Obsluhuje n\u00e1s polsk\u00e1 \u010d\u00ed\u0161nice, kter\u00e1 do \u0158ecka p\u0159ijela p\u0159ed \u0161esti lety na sb\u011br oliv a u\u017e zde z\u016fstala. Byla velmi ochotn\u00e1 a p\u0159\u00e1telsk\u00e1. Doporu\u010dila n\u00e1m spoustu dobr\u00e9ho j\u00eddla. D\u011bti dostaly zdarma zmrzliny a spoustu pe\u010diva pro krmen\u00ed rybi\u010dek plavaj\u00edc\u00edch v hejnech u b\u0159ehu.<\/span><\/p>\n<p><img loading=\"lazy\" decoding=\"async\" class=\"aligncenter wp-image-73996\" src=\"https:\/\/all4camper.com\/\/wp-content\/uploads\/2019\/01\/IMG_20180521_200426.jpg\" alt=\"\" width=\"850\" height=\"480\" srcset=\"https:\/\/all4camper.com\/wp-content\/uploads\/2019\/01\/IMG_20180521_200426.jpg 1200w, https:\/\/all4camper.com\/wp-content\/uploads\/2019\/01\/IMG_20180521_200426-300x169.jpg 300w, https:\/\/all4camper.com\/wp-content\/uploads\/2019\/01\/IMG_20180521_200426-150x85.jpg 150w, https:\/\/all4camper.com\/wp-content\/uploads\/2019\/01\/IMG_20180521_200426-768x433.jpg 768w\" sizes=\"auto, (max-width: 850px) 100vw, 850px\" \/><\/p>\n<p><span style=\"font-weight: 400;\">Za \u0161pagety s dary mo\u0159e ve velk\u00e9 porci pro dva, \u0159eck\u00fd sal\u00e1t, 2 piva, 2 d\u017eusy a jednu pizzu plat\u00edme 38\u20ac.&nbsp;<\/span><span style=\"font-weight: 400;\">Sp\u00edme p\u00e1r kilometr\u016f za Milinou. Na jednom z &nbsp;m\u00edst, kter\u00e9 n\u00e1\u0161 tat\u00ednek vyhl\u00e9dl p\u0159i sv\u00e9m odpoledn\u00edm 32 kilometrov\u00e9m v\u00fdlet\u011b na kole pod\u00e9l pob\u0159e\u017e\u00ed.<\/span><\/p>\n<p><strong>22.5.<\/strong><\/p>\n<p><span style=\"font-weight: 400;\">V \u00fater\u00fd se p\u0159ibl\u00ed\u017e\u00edme zp\u011bt k Milin\u011b. K pl\u00e1\u017ei snadno p\u0159\u00edstupn\u00e9 od parkovi\u0161t\u011b u silnice, roztahujeme deku a chyst\u00e1me se na koup\u00e1n\u00ed. Po necel\u00fdch 2 hod. se v\u0161ak <strong>rozhodneme ud\u011blat p\u011b\u0161\u00ed v\u00fdlet do 4 km vzd\u00e1len\u00e9ho m\u011bste\u010dka Chorto.<\/strong> P\u0159eparkov\u00e1v\u00e1me auto na stejn\u00e9 m\u00edsto jako p\u0159ede\u0161l\u00fd den a p\u011b\u0161ky vyr\u00e1\u017e\u00edme po silnici (po pob\u0159e\u017e\u00ed bohu\u017eel \u017e\u00e1dn\u00e1 stezka nevede) do ostr\u00fdch zat\u00e1\u010dek mezi olivovn\u00edky. Je vedro a tak se t\u011b\u0161\u00edme na prvn\u00ed kav\u00e1rni\u010dku se zmrzlinou a studen\u00fdm n\u00e1pojem. P\u0159i d\u016fkladn\u011bj\u0161\u00edm prozkoum\u00e1n\u00ed p\u0159\u00edmo\u0159sk\u00e9ho Chorta nar\u00e1\u017e\u00edme na luxusn\u00ed koktejl bar pat\u0159\u00edc\u00ed k resortu \u201cLeda vilage\u201d (<\/span><a href=\"https:\/\/goo.gl\/maps\/PTvoADe4Tys\" target=\"_blank\" rel=\"noopener noreferrer\"><span style=\"font-weight: 400;\">https:\/\/goo.gl\/maps\/PTvoADe4Tys<\/span><\/a><span style=\"font-weight: 400;\">), ve kter\u00e9m si d\u00e1v\u00e1me pi\u0148akol\u00e1du a holk\u00e1m d\u017eusy. K tomu dost\u00e1v\u00e1me chipsy a mix o\u0159\u00ed\u0161k\u016f jako pozornost podniku. P\u0159\u00edjemn\u00e1 atmosf\u00e9ra, m\u00edsto, muzika i v\u00fdhled na pl\u00e1\u017e a mo\u0159e n\u00e1s o\u010daruj\u00ed. Plat\u00edme 21 \u20ac a jdeme zp\u011bt do Miliny. Ve\u010der koupa\u010dka na pl\u00e1\u017ei s kav\u00e1rni\u010dkou a slune\u010dn\u00edky a op\u011bt p\u0159ejezd na druhou stranu poloostrova. Tentokr\u00e1t n\u00e1s \u010dek\u00e1 <strong>\u00fachvatn\u00e1 Agios Konstantinos beach se skalisky, modrozelenou, tyrkysovou vodou<\/strong>, sladkou lagunou a \u0161esti koleg\u00e1\u010dky byl\u00edky (<\/span><a href=\"https:\/\/goo.gl\/maps\/gz8kDCcxFcs\" target=\"_blank\" rel=\"noopener noreferrer\"><span style=\"font-weight: 400;\">https:\/\/goo.gl\/maps\/gz8kDCcxFcs<\/span><\/a><span style=\"font-weight: 400;\">).<\/span><\/p>\n<p><img loading=\"lazy\" decoding=\"async\" class=\"aligncenter wp-image-73999\" src=\"https:\/\/all4camper.com\/\/wp-content\/uploads\/2019\/01\/20180523_114022.jpg\" alt=\"\" width=\"850\" height=\"478\" srcset=\"https:\/\/all4camper.com\/wp-content\/uploads\/2019\/01\/20180523_114022.jpg 1200w, https:\/\/all4camper.com\/wp-content\/uploads\/2019\/01\/20180523_114022-300x169.jpg 300w, https:\/\/all4camper.com\/wp-content\/uploads\/2019\/01\/20180523_114022-150x84.jpg 150w, https:\/\/all4camper.com\/wp-content\/uploads\/2019\/01\/20180523_114022-768x432.jpg 768w, https:\/\/all4camper.com\/wp-content\/uploads\/2019\/01\/20180523_114022-678x381.jpg 678w\" sizes=\"auto, (max-width: 850px) 100vw, 850px\" \/><\/p>\n<p><span style=\"font-weight: 400;\">U\u017e\u00edv\u00e1me si kouzeln\u00e9ho m\u00edsta pln\u00fdmi dou\u0161ky. V noci vyndav\u00e1me na pl\u00e1\u017e \u017eidli\u010dky a jen ve dvou, s pohledem na m\u011bs\u00edcem osv\u011btlen\u00e9 mo\u0159e s vlnami a &#8222;vyhv\u011b\u017ed\u011bnou&#8220; oblohu, pro\u017e\u00edv\u00e1me romantick\u00e9 chvilky.<\/span><\/p>\n<p><strong>23.5.<\/strong><\/p>\n<p><span style=\"font-weight: 400;\">Ve st\u0159edu r\u00e1no je v\u011btrno, ale od koup\u00e1n\u00ed v mo\u0159i n\u00e1s to neodrad\u00ed. Leno\u0161\u00edme, a p\u0159esto\u017ee od 15 hodin je zata\u017eeno, jsme rozhodnut\u00ed na tomto m\u00edst\u011b z\u016fstat je\u0161t\u011b p\u0159es noc.<\/span><\/p>\n<p><strong>24.5.<\/strong><\/p>\n<p><span style=\"font-weight: 400;\">I ve \u010dtvrtek r\u00e1no se probouz\u00edme do v\u011btrn\u00e9ho dne. Dokonce kolem hraj\u00edc\u00edch si holek na pl\u00e1\u017ei prol\u00e9tlo mal\u00e9 torn\u00e1do!&nbsp;<\/span><span style=\"font-weight: 400;\">Odj\u00ed\u017ed\u00edme ve 13:30. Je polojasno, v\u011btrno, 22\u00b0C. V prvn\u00edm m\u011bste\u010dku dokupujeme p\u00e1r z\u00e1kladn\u00edch potravin. V\u00edtr ust\u00e1v\u00e1 a teplota se vyhoupla na 26\u00b0C.<\/span><\/p>\n<p><span style=\"font-weight: 400;\">P\u0159ej\u00ed\u017ed\u00edme na druhou stranu poloostrova do Camping Hellas (<\/span><a href=\"https:\/\/goo.gl\/maps\/Qyx3r2BinKL2\" target=\"_blank\" rel=\"noopener noreferrer\"><span style=\"font-weight: 400;\">https:\/\/goo.gl\/maps\/Qyx3r2BinKL2<\/span><\/a><span style=\"font-weight: 400;\">), kde jsme ji\u017e jednou d\u011blali servis a op\u011bt vyprazd\u0148ujeme n\u00e1dr\u017ee za 5 \u20ac. Pot\u00e9 parkujeme na konci m\u011bstsk\u00e9 pl\u00e1\u017ee a po koup\u00e1n\u00ed jdeme na j\u00eddlo, zmrzlinu a k\u00e1vu do dal\u0161\u00ed ze stylov\u011b za\u0159\u00edzen\u00fdch kav\u00e1ren s n\u00e1zvem Karma (<\/span><a href=\"https:\/\/goo.gl\/maps\/HGXibAmB8pH2\" target=\"_blank\" rel=\"noopener noreferrer\"><span style=\"font-weight: 400;\">https:\/\/goo.gl\/maps\/HGXibAmB8pH2<\/span><\/a><span style=\"font-weight: 400;\">).<\/span><\/p>\n<p><img loading=\"lazy\" decoding=\"async\" class=\"aligncenter wp-image-74002\" src=\"https:\/\/all4camper.com\/\/wp-content\/uploads\/2019\/01\/20180524_170741.jpg\" alt=\"\" width=\"850\" height=\"478\" srcset=\"https:\/\/all4camper.com\/wp-content\/uploads\/2019\/01\/20180524_170741.jpg 1200w, https:\/\/all4camper.com\/wp-content\/uploads\/2019\/01\/20180524_170741-300x169.jpg 300w, https:\/\/all4camper.com\/wp-content\/uploads\/2019\/01\/20180524_170741-150x84.jpg 150w, https:\/\/all4camper.com\/wp-content\/uploads\/2019\/01\/20180524_170741-768x432.jpg 768w, https:\/\/all4camper.com\/wp-content\/uploads\/2019\/01\/20180524_170741-678x381.jpg 678w\" sizes=\"auto, (max-width: 850px) 100vw, 850px\" \/><\/p>\n<p><span style=\"font-weight: 400;\">Vodu, jako v\u0161ude v \u0158ecku, dost\u00e1v\u00e1me zdarma, hamburger, Cesar sal\u00e1t, tousty &#8211; v\u0161e bylo v\u00fdborn\u00e9. I s n\u00e1poji plat\u00edme 35 \u20ac a v 19:30 hod. se pomalu vyd\u00e1v\u00e1me sm\u011brem k domovu.<\/span><\/p>\n<p><span style=\"font-weight: 400;\">Ve 21h parkujeme u pl\u00e1\u017ee, na parkovi\u0161ti u restaurace v \u017eelezni\u010dn\u00edm tunelu pod hradem (<\/span><a href=\"https:\/\/goo.gl\/maps\/tPrkNMvyFQQ2\" target=\"_blank\" rel=\"noopener noreferrer\"><span style=\"font-weight: 400;\">https:\/\/goo.gl\/maps\/tPrkNMvyFQQ2<\/span><\/a><span style=\"font-weight: 400;\">), nedaleko m\u011bsta Katarini. Pl\u00e1\u017e je pln\u00e1 leh\u00e1tek a bar\u016f, restaurace pln\u00e1 mlad\u00fdch lid\u00ed, kter\u00e9 sly\u0161\u00edme a\u017e do p\u016flnoci.<\/span><\/p>\n<p><strong>25.5.<\/strong><\/p>\n<p><span style=\"font-weight: 400;\">V p\u00e1tek za\u010d\u00edn\u00e1 n\u00e1\u0161 posledn\u00ed koupac\u00ed den u mo\u0159e. Proch\u00e1zkou jdeme po pl\u00e1\u017ei sm\u011brem na sever n\u011bkolik kilometr\u016f.<\/span><\/p>\n<p><img loading=\"lazy\" decoding=\"async\" class=\"aligncenter wp-image-74005\" src=\"https:\/\/all4camper.com\/\/wp-content\/uploads\/2019\/01\/IMG_20180525_115238.jpg\" alt=\"\" width=\"850\" height=\"480\" srcset=\"https:\/\/all4camper.com\/wp-content\/uploads\/2019\/01\/IMG_20180525_115238.jpg 1200w, https:\/\/all4camper.com\/wp-content\/uploads\/2019\/01\/IMG_20180525_115238-300x169.jpg 300w, https:\/\/all4camper.com\/wp-content\/uploads\/2019\/01\/IMG_20180525_115238-150x85.jpg 150w, https:\/\/all4camper.com\/wp-content\/uploads\/2019\/01\/IMG_20180525_115238-768x433.jpg 768w\" sizes=\"auto, (max-width: 850px) 100vw, 850px\" \/><\/p>\n<p><span style=\"font-weight: 400;\">Po vykoup\u00e1n\u00ed se vrac\u00edme zp\u011bt k autu a po j\u00eddle jdeme prozkoumat ji\u017en\u00ed stranu pl\u00e1\u017ee. Tam se dost\u00e1v\u00e1me skrze luxusn\u00ed restauraci, zbudovanou ve vagonech v doslou\u017een\u00e9m vlakov\u00e9m tunelu.<\/span><\/p>\n<p><img loading=\"lazy\" decoding=\"async\" class=\"aligncenter wp-image-74008\" src=\"https:\/\/all4camper.com\/\/wp-content\/uploads\/2019\/01\/20180525_132831.jpg\" alt=\"\" width=\"850\" height=\"478\" srcset=\"https:\/\/all4camper.com\/wp-content\/uploads\/2019\/01\/20180525_132831.jpg 1200w, https:\/\/all4camper.com\/wp-content\/uploads\/2019\/01\/20180525_132831-300x169.jpg 300w, https:\/\/all4camper.com\/wp-content\/uploads\/2019\/01\/20180525_132831-150x84.jpg 150w, https:\/\/all4camper.com\/wp-content\/uploads\/2019\/01\/20180525_132831-768x432.jpg 768w, https:\/\/all4camper.com\/wp-content\/uploads\/2019\/01\/20180525_132831-678x381.jpg 678w\" sizes=\"auto, (max-width: 850px) 100vw, 850px\" \/><\/p>\n<p><span style=\"font-weight: 400;\">Tunelem jdeme po trati a\u017e na konec, kde je vid\u011bt druh\u00e1, kamenn\u00e1 v\u011b\u017e pat\u0159\u00edc\u00ed k hradu nad n\u00e1mi a pod n\u00ed pr\u00e1zdn\u00e1 pl\u00e1\u017e.<\/span><\/p>\n<p><img loading=\"lazy\" decoding=\"async\" class=\"aligncenter wp-image-74011\" src=\"https:\/\/all4camper.com\/\/wp-content\/uploads\/2019\/01\/IMG_20180525_133906-EFFECTS.jpg\" alt=\"\" width=\"850\" height=\"480\" srcset=\"https:\/\/all4camper.com\/wp-content\/uploads\/2019\/01\/IMG_20180525_133906-EFFECTS.jpg 1200w, https:\/\/all4camper.com\/wp-content\/uploads\/2019\/01\/IMG_20180525_133906-EFFECTS-300x169.jpg 300w, https:\/\/all4camper.com\/wp-content\/uploads\/2019\/01\/IMG_20180525_133906-EFFECTS-150x85.jpg 150w, https:\/\/all4camper.com\/wp-content\/uploads\/2019\/01\/IMG_20180525_133906-EFFECTS-768x433.jpg 768w\" sizes=\"auto, (max-width: 850px) 100vw, 850px\" \/><\/p>\n<p><span style=\"font-weight: 400;\">P\u0159i cest\u011b zp\u011bt d\u00e1v\u00e1me v restauraci na pl\u00e1\u017ei je\u0161t\u011b frapp\u00e9 a d\u011bti d\u017eusy. Plat\u00edme 13 \u20ac a l\u00edb\u00ed se n\u00e1m tu natolik, \u017ee uva\u017eujeme, zda si dovolenou neprodlou\u017e\u00edme. D\u011bti v\u0161ak cht\u011bj\u00ed do \u0161koly a \u0161kolky, tak se bal\u00edme a v 16:30 odj\u00ed\u017ed\u00edme sm\u011brem \u010cR. Je jasno, 31\u00b0C.<\/span><\/p>\n<p><span style=\"font-weight: 400;\">O p\u016flnoci parkujeme u benziny s kav\u00e1rnou, u d\u00e1lnice v Srbsku, cca. 300 km od srbsk\u00fdch hranic.<\/span><\/p>\n<p><strong>26.5.<\/strong><\/p>\n<p><span style=\"font-weight: 400;\">V sobotu se probouz\u00edme do polojasn\u00e9ho dne s 23\u00b0C. Po sn\u00eddani kupuji presso v kav\u00e1rn\u011b za 230 DIN a s\u00e1\u010dek t\u0159e\u0161n\u00ed od star\u00e9 pan\u00ed na parkovi\u0161ti za 1 \u20ac. Druh\u00fd s\u00e1\u010dek d\u00e1v\u00e1 d\u011btem zdarma. P\u0159esto\u017ee je sobota, hlavn\u00ed m\u011bsto Srbska B\u011blehrad je pln\u00fd lid\u00ed i aut. <\/span><\/p>\n<p><span style=\"font-weight: 400;\">Ve 12:15 p\u0159ij\u00ed\u017ed\u00edme na hranice Srbska a Ma\u010farska a ji\u017e z d\u00e1lky je n\u00e1m jasn\u00e9, \u017ee tady se zdr\u017e\u00edme. Po vyst\u00e1n\u00ed dlouh\u00e9 fronty a po d\u016fkladn\u00e9 prohl\u00eddce m\u016f\u017eeme pokra\u010dovat v cest\u011b.<\/span><\/p>\n<p><span style=\"font-weight: 400;\">V 19:50 kupujeme pe\u010divo u benziny v Rakousku a pl\u00e1nujeme posledn\u00ed p\u0159esp\u00e1n\u00ed u jezere Neusiedlersee. Jezero je kaln\u00e9, ale pob\u0159e\u017en\u00ed restaurace pln\u00e1 lid\u00ed. Je tu v\u00edce \u017eivo, ne\u017e bylo mimo sez\u00f3nu v \u0158ecku :). P\u0159esp\u00e1v\u00e1me na parkovi\u0161ti (<\/span><a href=\"https:\/\/goo.gl\/maps\/LQRJieEiDFo\"><span style=\"font-weight: 400;\">https:\/\/goo.gl\/maps\/LQRJieEiDFo<\/span><\/a><span style=\"font-weight: 400;\">) a dom\u016f vyr\u00e1\u017e\u00edme v 9 hodin r\u00e1no. <\/span><\/p>\n<p><span style=\"font-weight: 400;\">Cel\u00e1 rodina se shoduje na tom, \u017ee tato dovolen\u00e1 byla jedna z nejkr\u00e1sn\u011bj\u0161\u00edch je\u0161t\u011b s Tosk\u00e1nskem ;) <strong>Najeli jsme bez jak\u00fdchkoliv probl\u00e9m\u016f 3697 km s pr\u016fm\u011brnou spot\u0159ebou 11,6 km\/h, pr\u016fm\u011brnou rychlost\u00ed 70 km\/h. J\u00edzdou jsme v aut\u011b str\u00e1vili 52h a 24 min.<\/strong><\/span><\/p>\n<p>Autor: Jind\u0159ich Z\u00edka<\/p>\n","protected":false},"excerpt":{"rendered":"<p>V kv\u011btnu roku 2018 jsme se vydali s na\u0161im bydl\u00edkem poprv\u00e9 do \u0158ecka.&nbsp;Po n\u011bkolika dnech p\u0159\u00edprav a pl\u00e1nov\u00e1n\u00ed, v ned\u011bli 13.5.2018 ve 12 hod. za slune\u010dn\u00e9ho po\u010das\u00ed, vyr\u00e1\u017e\u00edme. M\u00e1me plnou n\u00e1dr\u017e, plnou lednici, rakouskou d\u00e1lni\u010dn\u00ed zn\u00e1mku za 9 \u20ac a m\u011bs\u00ed\u010dn\u00ed ma\u010farskou d\u00e1lni\u010dn\u00ed zn\u00e1mku za 776 K\u010d. Prvn\u00ed \u00fasek trasy byl z \u010cesk\u00fdch Bud\u011bjovic na [&hellip;]<\/p>\n","protected":false},"author":27,"featured_media":74011,"comment_status":"closed","ping_status":"open","sticky":false,"template":"","format":"standard","meta":{"_monsterinsights_skip_tracking":false,"_monsterinsights_sitenote_active":false,"_monsterinsights_sitenote_note":"","_monsterinsights_sitenote_category":0,"footnotes":""},"categories":[368,2373],"tags":[110,383,114],"class_list":{"0":"post-73944","1":"post","2":"type-post","3":"status-publish","4":"format-standard","5":"has-post-thumbnail","7":"category-magazin_all4camper","8":"category-ostatni-zeme","9":"tag-cestopis","10":"tag-ostatni-zeme","11":"tag-recko"},"yoast_head":"<!-- This site is optimized with the Yoast SEO plugin v27.5 - https:\/\/yoast.com\/product\/yoast-seo-wordpress\/ -->\n<title>Poprv\u00e9 obyt\u0148\u00e1kem v Makedonii a \u0158ecku<\/title>\n<meta name=\"description\" content=\"All4Camper - Poprv\u00e9 obyt\u0148\u00e1kem v Makedonii a \u0158ecku\" \/>\n<meta name=\"robots\" content=\"index, follow, max-snippet:-1, max-image-preview:large, max-video-preview:-1\" \/>\n<link rel=\"canonical\" href=\"https:\/\/all4camper.com\/cs\/poprve-obytnakem-v-makedonii-a-recku\/\" \/>\n<meta property=\"og:locale\" content=\"cs_CZ\" \/>\n<meta property=\"og:type\" content=\"article\" \/>\n<meta property=\"og:title\" content=\"Poprv\u00e9 obyt\u0148\u00e1kem v Makedonii a \u0158ecku\" \/>\n<meta property=\"og:description\" content=\"All4Camper - Poprv\u00e9 obyt\u0148\u00e1kem v Makedonii a \u0158ecku\" \/>\n<meta property=\"og:url\" content=\"https:\/\/all4camper.com\/cs\/poprve-obytnakem-v-makedonii-a-recku\/\" \/>\n<meta property=\"og:site_name\" content=\"All4Camper\" \/>\n<meta property=\"article:published_time\" content=\"2019-01-11T15:50:07+00:00\" \/>\n<meta property=\"article:modified_time\" content=\"2019-12-15T13:23:18+00:00\" \/>\n<meta property=\"og:image\" content=\"https:\/\/all4camper.com\/wp-content\/uploads\/2019\/01\/IMG_20180525_133906-EFFECTS.jpg\" \/>\n\t<meta property=\"og:image:width\" content=\"1200\" \/>\n\t<meta property=\"og:image:height\" content=\"677\" \/>\n\t<meta property=\"og:image:type\" content=\"image\/jpeg\" \/>\n<meta name=\"author\" content=\"Od na\u0161ich \u010dten\u00e1\u0159\u016f\" \/>\n<meta name=\"twitter:card\" content=\"summary_large_image\" \/>\n<meta name=\"twitter:label1\" content=\"Napsal(a)\" \/>\n\t<meta name=\"twitter:data1\" content=\"Od na\u0161ich \u010dten\u00e1\u0159\u016f\" \/>\n\t<meta name=\"twitter:label2\" content=\"Odhadovan\u00e1 doba \u010dten\u00ed\" \/>\n\t<meta name=\"twitter:data2\" content=\"17 minut\" \/>\n<script type=\"application\/ld+json\" class=\"yoast-schema-graph\">{\"@context\":\"https:\\\/\\\/schema.org\",\"@graph\":[{\"@type\":\"Article\",\"@id\":\"https:\\\/\\\/all4camper.com\\\/cs\\\/poprve-obytnakem-v-makedonii-a-recku\\\/#article\",\"isPartOf\":{\"@id\":\"https:\\\/\\\/all4camper.com\\\/cs\\\/poprve-obytnakem-v-makedonii-a-recku\\\/\"},\"author\":{\"name\":\"Od na\u0161ich \u010dten\u00e1\u0159\u016f\",\"@id\":\"https:\\\/\\\/all4camper.com\\\/cs\\\/#\\\/schema\\\/person\\\/6e44acf123c404fdffce72310b6e0f1c\"},\"headline\":\"Poprv\u00e9 obyt\u0148\u00e1kem v Makedonii a \u0158ecku\",\"datePublished\":\"2019-01-11T15:50:07+00:00\",\"dateModified\":\"2019-12-15T13:23:18+00:00\",\"mainEntityOfPage\":{\"@id\":\"https:\\\/\\\/all4camper.com\\\/cs\\\/poprve-obytnakem-v-makedonii-a-recku\\\/\"},\"wordCount\":3355,\"publisher\":{\"@id\":\"https:\\\/\\\/all4camper.com\\\/cs\\\/#organization\"},\"image\":{\"@id\":\"https:\\\/\\\/all4camper.com\\\/cs\\\/poprve-obytnakem-v-makedonii-a-recku\\\/#primaryimage\"},\"thumbnailUrl\":\"https:\\\/\\\/all4camper.com\\\/wp-content\\\/uploads\\\/2019\\\/01\\\/IMG_20180525_133906-EFFECTS.jpg\",\"keywords\":[\"Cestopis\",\"Ostatn\u00ed zem\u011b\",\"\u0158ecko\"],\"articleSection\":[\"\u010cten\u00ed na cesty\",\"Ostatn\u00ed zem\u011b\"],\"inLanguage\":\"cs\"},{\"@type\":\"WebPage\",\"@id\":\"https:\\\/\\\/all4camper.com\\\/cs\\\/poprve-obytnakem-v-makedonii-a-recku\\\/\",\"url\":\"https:\\\/\\\/all4camper.com\\\/cs\\\/poprve-obytnakem-v-makedonii-a-recku\\\/\",\"name\":\"Poprv\u00e9 obyt\u0148\u00e1kem v Makedonii a \u0158ecku\",\"isPartOf\":{\"@id\":\"https:\\\/\\\/all4camper.com\\\/cs\\\/#website\"},\"primaryImageOfPage\":{\"@id\":\"https:\\\/\\\/all4camper.com\\\/cs\\\/poprve-obytnakem-v-makedonii-a-recku\\\/#primaryimage\"},\"image\":{\"@id\":\"https:\\\/\\\/all4camper.com\\\/cs\\\/poprve-obytnakem-v-makedonii-a-recku\\\/#primaryimage\"},\"thumbnailUrl\":\"https:\\\/\\\/all4camper.com\\\/wp-content\\\/uploads\\\/2019\\\/01\\\/IMG_20180525_133906-EFFECTS.jpg\",\"datePublished\":\"2019-01-11T15:50:07+00:00\",\"dateModified\":\"2019-12-15T13:23:18+00:00\",\"description\":\"All4Camper - Poprv\u00e9 obyt\u0148\u00e1kem v Makedonii a \u0158ecku\",\"breadcrumb\":{\"@id\":\"https:\\\/\\\/all4camper.com\\\/cs\\\/poprve-obytnakem-v-makedonii-a-recku\\\/#breadcrumb\"},\"inLanguage\":\"cs\",\"potentialAction\":[{\"@type\":\"ReadAction\",\"target\":[\"https:\\\/\\\/all4camper.com\\\/cs\\\/poprve-obytnakem-v-makedonii-a-recku\\\/\"]}]},{\"@type\":\"ImageObject\",\"inLanguage\":\"cs\",\"@id\":\"https:\\\/\\\/all4camper.com\\\/cs\\\/poprve-obytnakem-v-makedonii-a-recku\\\/#primaryimage\",\"url\":\"https:\\\/\\\/all4camper.com\\\/wp-content\\\/uploads\\\/2019\\\/01\\\/IMG_20180525_133906-EFFECTS.jpg\",\"contentUrl\":\"https:\\\/\\\/all4camper.com\\\/wp-content\\\/uploads\\\/2019\\\/01\\\/IMG_20180525_133906-EFFECTS.jpg\",\"width\":1200,\"height\":677},{\"@type\":\"BreadcrumbList\",\"@id\":\"https:\\\/\\\/all4camper.com\\\/cs\\\/poprve-obytnakem-v-makedonii-a-recku\\\/#breadcrumb\",\"itemListElement\":[{\"@type\":\"ListItem\",\"position\":1,\"name\":\"Dom\u016f\",\"item\":\"https:\\\/\\\/all4camper.com\\\/cs\\\/\"},{\"@type\":\"ListItem\",\"position\":2,\"name\":\"\u010cten\u00ed na cesty\",\"item\":\"https:\\\/\\\/all4camper.com\\\/cs\\\/category\\\/magazin_all4camper\\\/\"},{\"@type\":\"ListItem\",\"position\":3,\"name\":\"Poprv\u00e9 obyt\u0148\u00e1kem v Makedonii a \u0158ecku\"}]},{\"@type\":\"WebSite\",\"@id\":\"https:\\\/\\\/all4camper.com\\\/cs\\\/#website\",\"url\":\"https:\\\/\\\/all4camper.com\\\/cs\\\/\",\"name\":\"All4Camper\",\"description\":\"Nejv\u011bt\u0161\u00ed online magaz\u00edn o kempov\u00e1n\u00ed a karavaninku. V\u00edce jak 900 \u010dl\u00e1nk\u016f pln\u00fdch rad a tip\u016f o kempech a kempov\u00e1n\u00ed.\",\"publisher\":{\"@id\":\"https:\\\/\\\/all4camper.com\\\/cs\\\/#organization\"},\"potentialAction\":[{\"@type\":\"SearchAction\",\"target\":{\"@type\":\"EntryPoint\",\"urlTemplate\":\"https:\\\/\\\/all4camper.com\\\/cs\\\/?s={search_term_string}\"},\"query-input\":{\"@type\":\"PropertyValueSpecification\",\"valueRequired\":true,\"valueName\":\"search_term_string\"}}],\"inLanguage\":\"cs\"},{\"@type\":\"Organization\",\"@id\":\"https:\\\/\\\/all4camper.com\\\/cs\\\/#organization\",\"name\":\"All4Camper - kempujeme s Kl\u00e1rou\",\"url\":\"https:\\\/\\\/all4camper.com\\\/cs\\\/\",\"logo\":{\"@type\":\"ImageObject\",\"inLanguage\":\"cs\",\"@id\":\"https:\\\/\\\/all4camper.com\\\/cs\\\/#\\\/schema\\\/logo\\\/image\\\/\",\"url\":\"https:\\\/\\\/all4camper.com\\\/wp-content\\\/uploads\\\/2018\\\/09\\\/novelogo.png\",\"contentUrl\":\"https:\\\/\\\/all4camper.com\\\/wp-content\\\/uploads\\\/2018\\\/09\\\/novelogo.png\",\"width\":1520,\"height\":600,\"caption\":\"All4Camper - kempujeme s Kl\u00e1rou\"},\"image\":{\"@id\":\"https:\\\/\\\/all4camper.com\\\/cs\\\/#\\\/schema\\\/logo\\\/image\\\/\"}},{\"@type\":\"Person\",\"@id\":\"https:\\\/\\\/all4camper.com\\\/cs\\\/#\\\/schema\\\/person\\\/6e44acf123c404fdffce72310b6e0f1c\",\"name\":\"Od na\u0161ich \u010dten\u00e1\u0159\u016f\",\"url\":\"https:\\\/\\\/all4camper.com\\\/cs\\\/author\\\/od-nasich-ctenaru\\\/\"}]}<\/script>\n<!-- \/ Yoast SEO plugin. -->","yoast_head_json":{"title":"Poprv\u00e9 obyt\u0148\u00e1kem v Makedonii a \u0158ecku","description":"All4Camper - Poprv\u00e9 obyt\u0148\u00e1kem v Makedonii a \u0158ecku","robots":{"index":"index","follow":"follow","max-snippet":"max-snippet:-1","max-image-preview":"max-image-preview:large","max-video-preview":"max-video-preview:-1"},"canonical":"https:\/\/all4camper.com\/cs\/poprve-obytnakem-v-makedonii-a-recku\/","og_locale":"cs_CZ","og_type":"article","og_title":"Poprv\u00e9 obyt\u0148\u00e1kem v Makedonii a \u0158ecku","og_description":"All4Camper - Poprv\u00e9 obyt\u0148\u00e1kem v Makedonii a \u0158ecku","og_url":"https:\/\/all4camper.com\/cs\/poprve-obytnakem-v-makedonii-a-recku\/","og_site_name":"All4Camper","article_published_time":"2019-01-11T15:50:07+00:00","article_modified_time":"2019-12-15T13:23:18+00:00","og_image":[{"width":1200,"height":677,"url":"https:\/\/all4camper.com\/wp-content\/uploads\/2019\/01\/IMG_20180525_133906-EFFECTS.jpg","type":"image\/jpeg"}],"author":"Od na\u0161ich \u010dten\u00e1\u0159\u016f","twitter_card":"summary_large_image","twitter_misc":{"Napsal(a)":"Od na\u0161ich \u010dten\u00e1\u0159\u016f","Odhadovan\u00e1 doba \u010dten\u00ed":"17 minut"},"schema":{"@context":"https:\/\/schema.org","@graph":[{"@type":"Article","@id":"https:\/\/all4camper.com\/cs\/poprve-obytnakem-v-makedonii-a-recku\/#article","isPartOf":{"@id":"https:\/\/all4camper.com\/cs\/poprve-obytnakem-v-makedonii-a-recku\/"},"author":{"name":"Od na\u0161ich \u010dten\u00e1\u0159\u016f","@id":"https:\/\/all4camper.com\/cs\/#\/schema\/person\/6e44acf123c404fdffce72310b6e0f1c"},"headline":"Poprv\u00e9 obyt\u0148\u00e1kem v Makedonii a \u0158ecku","datePublished":"2019-01-11T15:50:07+00:00","dateModified":"2019-12-15T13:23:18+00:00","mainEntityOfPage":{"@id":"https:\/\/all4camper.com\/cs\/poprve-obytnakem-v-makedonii-a-recku\/"},"wordCount":3355,"publisher":{"@id":"https:\/\/all4camper.com\/cs\/#organization"},"image":{"@id":"https:\/\/all4camper.com\/cs\/poprve-obytnakem-v-makedonii-a-recku\/#primaryimage"},"thumbnailUrl":"https:\/\/all4camper.com\/wp-content\/uploads\/2019\/01\/IMG_20180525_133906-EFFECTS.jpg","keywords":["Cestopis","Ostatn\u00ed zem\u011b","\u0158ecko"],"articleSection":["\u010cten\u00ed na cesty","Ostatn\u00ed zem\u011b"],"inLanguage":"cs"},{"@type":"WebPage","@id":"https:\/\/all4camper.com\/cs\/poprve-obytnakem-v-makedonii-a-recku\/","url":"https:\/\/all4camper.com\/cs\/poprve-obytnakem-v-makedonii-a-recku\/","name":"Poprv\u00e9 obyt\u0148\u00e1kem v Makedonii a \u0158ecku","isPartOf":{"@id":"https:\/\/all4camper.com\/cs\/#website"},"primaryImageOfPage":{"@id":"https:\/\/all4camper.com\/cs\/poprve-obytnakem-v-makedonii-a-recku\/#primaryimage"},"image":{"@id":"https:\/\/all4camper.com\/cs\/poprve-obytnakem-v-makedonii-a-recku\/#primaryimage"},"thumbnailUrl":"https:\/\/all4camper.com\/wp-content\/uploads\/2019\/01\/IMG_20180525_133906-EFFECTS.jpg","datePublished":"2019-01-11T15:50:07+00:00","dateModified":"2019-12-15T13:23:18+00:00","description":"All4Camper - Poprv\u00e9 obyt\u0148\u00e1kem v Makedonii a \u0158ecku","breadcrumb":{"@id":"https:\/\/all4camper.com\/cs\/poprve-obytnakem-v-makedonii-a-recku\/#breadcrumb"},"inLanguage":"cs","potentialAction":[{"@type":"ReadAction","target":["https:\/\/all4camper.com\/cs\/poprve-obytnakem-v-makedonii-a-recku\/"]}]},{"@type":"ImageObject","inLanguage":"cs","@id":"https:\/\/all4camper.com\/cs\/poprve-obytnakem-v-makedonii-a-recku\/#primaryimage","url":"https:\/\/all4camper.com\/wp-content\/uploads\/2019\/01\/IMG_20180525_133906-EFFECTS.jpg","contentUrl":"https:\/\/all4camper.com\/wp-content\/uploads\/2019\/01\/IMG_20180525_133906-EFFECTS.jpg","width":1200,"height":677},{"@type":"BreadcrumbList","@id":"https:\/\/all4camper.com\/cs\/poprve-obytnakem-v-makedonii-a-recku\/#breadcrumb","itemListElement":[{"@type":"ListItem","position":1,"name":"Dom\u016f","item":"https:\/\/all4camper.com\/cs\/"},{"@type":"ListItem","position":2,"name":"\u010cten\u00ed na cesty","item":"https:\/\/all4camper.com\/cs\/category\/magazin_all4camper\/"},{"@type":"ListItem","position":3,"name":"Poprv\u00e9 obyt\u0148\u00e1kem v Makedonii a \u0158ecku"}]},{"@type":"WebSite","@id":"https:\/\/all4camper.com\/cs\/#website","url":"https:\/\/all4camper.com\/cs\/","name":"All4Camper","description":"Nejv\u011bt\u0161\u00ed online magaz\u00edn o kempov\u00e1n\u00ed a karavaninku. V\u00edce jak 900 \u010dl\u00e1nk\u016f pln\u00fdch rad a tip\u016f o kempech a kempov\u00e1n\u00ed.","publisher":{"@id":"https:\/\/all4camper.com\/cs\/#organization"},"potentialAction":[{"@type":"SearchAction","target":{"@type":"EntryPoint","urlTemplate":"https:\/\/all4camper.com\/cs\/?s={search_term_string}"},"query-input":{"@type":"PropertyValueSpecification","valueRequired":true,"valueName":"search_term_string"}}],"inLanguage":"cs"},{"@type":"Organization","@id":"https:\/\/all4camper.com\/cs\/#organization","name":"All4Camper - kempujeme s Kl\u00e1rou","url":"https:\/\/all4camper.com\/cs\/","logo":{"@type":"ImageObject","inLanguage":"cs","@id":"https:\/\/all4camper.com\/cs\/#\/schema\/logo\/image\/","url":"https:\/\/all4camper.com\/wp-content\/uploads\/2018\/09\/novelogo.png","contentUrl":"https:\/\/all4camper.com\/wp-content\/uploads\/2018\/09\/novelogo.png","width":1520,"height":600,"caption":"All4Camper - kempujeme s Kl\u00e1rou"},"image":{"@id":"https:\/\/all4camper.com\/cs\/#\/schema\/logo\/image\/"}},{"@type":"Person","@id":"https:\/\/all4camper.com\/cs\/#\/schema\/person\/6e44acf123c404fdffce72310b6e0f1c","name":"Od na\u0161ich \u010dten\u00e1\u0159\u016f","url":"https:\/\/all4camper.com\/cs\/author\/od-nasich-ctenaru\/"}]}},"_links":{"self":[{"href":"https:\/\/all4camper.com\/cs\/wp-json\/wp\/v2\/posts\/73944","targetHints":{"allow":["GET"]}}],"collection":[{"href":"https:\/\/all4camper.com\/cs\/wp-json\/wp\/v2\/posts"}],"about":[{"href":"https:\/\/all4camper.com\/cs\/wp-json\/wp\/v2\/types\/post"}],"author":[{"embeddable":true,"href":"https:\/\/all4camper.com\/cs\/wp-json\/wp\/v2\/users\/27"}],"replies":[{"embeddable":true,"href":"https:\/\/all4camper.com\/cs\/wp-json\/wp\/v2\/comments?post=73944"}],"version-history":[{"count":0,"href":"https:\/\/all4camper.com\/cs\/wp-json\/wp\/v2\/posts\/73944\/revisions"}],"wp:featuredmedia":[{"embeddable":true,"href":"https:\/\/all4camper.com\/cs\/wp-json\/wp\/v2\/media\/74011"}],"wp:attachment":[{"href":"https:\/\/all4camper.com\/cs\/wp-json\/wp\/v2\/media?parent=73944"}],"wp:term":[{"taxonomy":"category","embeddable":true,"href":"https:\/\/all4camper.com\/cs\/wp-json\/wp\/v2\/categories?post=73944"},{"taxonomy":"post_tag","embeddable":true,"href":"https:\/\/all4camper.com\/cs\/wp-json\/wp\/v2\/tags?post=73944"}],"curies":[{"name":"wp","href":"https:\/\/api.w.org\/{rel}","templated":true}]}}