{"id":73048,"date":"2018-12-12T12:29:43","date_gmt":"2018-12-12T11:29:43","guid":{"rendered":"https:\/\/all4camper.com\/\/?p=73048"},"modified":"2021-05-25T16:27:55","modified_gmt":"2021-05-25T14:27:55","slug":"nejlepsi-kempy-v-chorvatsku-za-rok-2018","status":"publish","type":"post","link":"https:\/\/all4camper.com\/cs\/nejlepsi-kempy-v-chorvatsku-za-rok-2018\/","title":{"rendered":"Nejlep\u0161\u00ed kempy v Chorvatsku za rok 2018"},"content":{"rendered":"<p>Jak jsem psala ve sv\u00e9m minul\u00e9m p\u0159\u00edsp\u011bvku &#8222;<a href=\"\/?p=73001\" target=\"_blank\" rel=\"noopener noreferrer\">Nejlep\u0161\u00ed kempy ve Slovinsku za rok 2018<\/a>&#8222;, vyhled\u00e1va\u010d slovinsk\u00fdch a chorvatsk\u00fdch kemp\u016f Avtokampi.si vyhl\u00e1sil v\u00fdsledky leto\u0161n\u00edho ro\u010dn\u00edku &#8222;Naj kemp&#8220;pro rok 2018. Sout\u011b\u017eilo se v n\u011bkolika kategori\u00edch pro ob\u011b zem\u011b a na ty nej kempy v Chorvatsku v\u00e1m v dne\u0161n\u00edm m\u00e9m p\u0159\u00edsp\u011bvku p\u0159edstav\u00edm.<\/p>\n<p><img loading=\"lazy\" decoding=\"async\" class=\"wp-image-73010 aligncenter\" src=\"https:\/\/all4camper.com\/\/wp-content\/uploads\/2018\/12\/najkamp.jpg\" alt=\"\" width=\"464\" height=\"309\" srcset=\"https:\/\/all4camper.com\/wp-content\/uploads\/2018\/12\/najkamp.jpg 800w, https:\/\/all4camper.com\/wp-content\/uploads\/2018\/12\/najkamp-300x200.jpg 300w, https:\/\/all4camper.com\/wp-content\/uploads\/2018\/12\/najkamp-150x100.jpg 150w, https:\/\/all4camper.com\/wp-content\/uploads\/2018\/12\/najkamp-768x512.jpg 768w\" sizes=\"auto, (max-width: 464px) 100vw, 464px\" \/><\/p>\n<h2><strong>&#8222;Naj kamp&#8220; Adria 2018 &#8211; nejv\u011bt\u0161\u00ed v\u011bt\u0161\u00ed kempy &#8211; Istrie, Chorvatsko<\/strong><\/h2>\n<h3><strong>1. m\u00edsto &#8211;&nbsp;<a title=\"t\u00e1bor Valkanela\" href=\"http:\/\/www.avtokampi.si\/kamp\/2\/53\/Valkanela\/\" target=\"_blank\" rel=\"noopener noreferrer\">kemp Valkanela<\/a><\/strong><\/h3>\n<p><img loading=\"lazy\" decoding=\"async\" class=\"aligncenter wp-image-73049\" src=\"https:\/\/all4camper.com\/\/wp-content\/uploads\/2018\/12\/kamp_valkanela.jpg\" alt=\"\" width=\"650\" height=\"366\" srcset=\"https:\/\/all4camper.com\/wp-content\/uploads\/2018\/12\/kamp_valkanela.jpg 850w, https:\/\/all4camper.com\/wp-content\/uploads\/2018\/12\/kamp_valkanela-300x169.jpg 300w, https:\/\/all4camper.com\/wp-content\/uploads\/2018\/12\/kamp_valkanela-150x84.jpg 150w, https:\/\/all4camper.com\/wp-content\/uploads\/2018\/12\/kamp_valkanela-768x432.jpg 768w, https:\/\/all4camper.com\/wp-content\/uploads\/2018\/12\/kamp_valkanela-678x381.jpg 678w\" sizes=\"auto, (max-width: 650px) 100vw, 650px\" \/><\/p>\n<p><strong>Sezona:&nbsp;<\/strong>19.4. &#8211; 29.9.<\/p>\n<p><strong>Str\u00e1nky:&nbsp;<\/strong><a href=\"https:\/\/www.maistracamping.com\/si\/kamp-valkanela-vrsar\" target=\"_blank\" rel=\"noopener noreferrer\">maistracamping.com<\/a><\/p>\n<p><strong>Cen\u00edk: <\/strong><a href=\"https:\/\/www.maistracamping.com\/si\/kamp-valkanela-vrsar\/sub\/cenik#top\" target=\"_blank\" rel=\"noopener noreferrer\">maistracamping.com<\/a><\/p>\n<p><strong>Ubytov\u00e1n\u00ed: <\/strong>Mobiln\u00ed domky, kempingov\u00e9 parcely<\/p>\n<p>Kemp le\u017e\u00ed p\u0159\u00edmo u pl\u00e1\u017ee a jeho sou\u010d\u00e1st\u00ed je i n\u011bkolik baz\u00e9n\u016f. Do kempu mohou psi a nechyb\u00ed ani standardn\u00ed nab\u00eddka slu\u017eeb.<\/p>\n<p><a href=\"https:\/\/goo.gl\/maps\/sFPWnD6CWJL2\" target=\"_blank\" rel=\"noopener noreferrer\">Zobrazit na map\u011b<\/a><\/p>\n<h3><\/h3>\n<h3><strong>2. m\u00edsto &#8211;&nbsp;<a title=\"t\u00e1bor Lanterna\" href=\"http:\/\/www.avtokampi.si\/kamp\/2\/23\/Lanterna\/\" target=\"_blank\" rel=\"noopener noreferrer\">kemp Lanterna<\/a><\/strong><\/h3>\n<p><img loading=\"lazy\" decoding=\"async\" class=\"size-full wp-image-73199 aligncenter\" src=\"https:\/\/all4camper.com\/\/wp-content\/uploads\/2018\/12\/camping-lanterna-premium-resort-megaluxury-pitch-03.jpg\" alt=\"\" width=\"768\" height=\"400\" srcset=\"https:\/\/all4camper.com\/wp-content\/uploads\/2018\/12\/camping-lanterna-premium-resort-megaluxury-pitch-03.jpg 768w, https:\/\/all4camper.com\/wp-content\/uploads\/2018\/12\/camping-lanterna-premium-resort-megaluxury-pitch-03-300x156.jpg 300w, https:\/\/all4camper.com\/wp-content\/uploads\/2018\/12\/camping-lanterna-premium-resort-megaluxury-pitch-03-150x78.jpg 150w\" sizes=\"auto, (max-width: 768px) 100vw, 768px\" \/><\/p>\n<p><strong>Sezona:&nbsp;<\/strong>19.4. &#8211; 28.9.<\/p>\n<p><strong>Str\u00e1nky:&nbsp;<\/strong><a href=\"https:\/\/www.camping-adriatic.com\/nl\/lanterna-camping-porec\" target=\"_blank\" rel=\"noopener noreferrer\">camping-adriatic.com<\/a><\/p>\n<p><strong>Cen\u00edk:&nbsp;<\/strong><a href=\"https:\/\/www.camping-adriatic.com\/nl\/lanterna-camping-porec\/prijslijst\" target=\"_blank\" rel=\"noopener noreferrer\">camping-adriatic.com<\/a><\/p>\n<p><strong>Ubytov\u00e1n\u00ed: <\/strong>kempingov\u00e9 pozemky, n\u00e1dhern\u00e9 bungalovy, glamping<\/p>\n<p>Lanterna Premium Camping Resort najdete na pob\u0159e\u017e\u00ed mezi Novigradem a Pore\u010dem. Kemp je ide\u00e1ln\u00ed pro rodiny s d\u011btmi, nebo\u0165 v n\u011bm najdete mimo jin\u00e9&nbsp;16 baz\u00e9n\u016f s vodn\u00ed plochou 2600 metr\u016f \u010dtvere\u010dn\u00edch. Pod\u00e9l pob\u0159e\u017e\u00ed vede cca 3km dlouh\u00e1 cyklostezka, kterou ocen\u00edte zejm\u00e9na v dob\u011b mimo sez\u00f3nu. Milovn\u00edci sportu mohou vyu\u017e\u00edt zdej\u0161\u00ed&nbsp;sportovn\u00ed are\u00e1l s tenisov\u00fdm kurtem, multifunk\u010dn\u00edm sportovn\u00edm h\u0159i\u0161t\u011bm, zahr\u00e1t si petanque, zajezdit si ve skateparku a mnoho dal\u0161\u00edho. Dovolen\u00e1 v tomto resortu pro v\u00e1s bude ur\u010dit\u011b luxusn\u00edm z\u00e1\u017eitkem.<\/p>\n<p><a href=\"https:\/\/goo.gl\/maps\/hYHSQL2Mt6G2\" target=\"_blank\" rel=\"noopener noreferrer\">Zobrazit na map\u011b<\/a><\/p>\n<h3><\/h3>\n<h3><strong>3. m\u00edsto &#8211;&nbsp;<a title=\"kemp Zelena Laguna\" href=\"http:\/\/www.avtokampi.si\/kamp\/2\/13\/Zelena-Laguna\/\" target=\"_blank\" rel=\"noopener noreferrer\">kemp Zelena Laguna&nbsp;<\/a><\/strong><\/h3>\n<p><img loading=\"lazy\" decoding=\"async\" class=\"aligncenter wp-image-73052\" src=\"https:\/\/all4camper.com\/\/wp-content\/uploads\/2018\/12\/zelena-laguna.jpg\" alt=\"\" width=\"650\" height=\"433\" srcset=\"https:\/\/all4camper.com\/wp-content\/uploads\/2018\/12\/zelena-laguna.jpg 780w, https:\/\/all4camper.com\/wp-content\/uploads\/2018\/12\/zelena-laguna-300x200.jpg 300w, https:\/\/all4camper.com\/wp-content\/uploads\/2018\/12\/zelena-laguna-150x100.jpg 150w, https:\/\/all4camper.com\/wp-content\/uploads\/2018\/12\/zelena-laguna-768x512.jpg 768w\" sizes=\"auto, (max-width: 650px) 100vw, 650px\" \/><\/p>\n<p><img loading=\"lazy\" decoding=\"async\" class=\"aligncenter wp-image-73055\" src=\"https:\/\/all4camper.com\/\/wp-content\/uploads\/2018\/12\/zelena-laguna1.jpg\" alt=\"\" width=\"650\" height=\"433\" srcset=\"https:\/\/all4camper.com\/wp-content\/uploads\/2018\/12\/zelena-laguna1.jpg 1200w, https:\/\/all4camper.com\/wp-content\/uploads\/2018\/12\/zelena-laguna1-300x200.jpg 300w, https:\/\/all4camper.com\/wp-content\/uploads\/2018\/12\/zelena-laguna1-150x100.jpg 150w, https:\/\/all4camper.com\/wp-content\/uploads\/2018\/12\/zelena-laguna1-768x512.jpg 768w\" sizes=\"auto, (max-width: 650px) 100vw, 650px\" \/><\/p>\n<p><strong>Sezona:&nbsp;<\/strong>14.4. &#8211; 30.9.<\/p>\n<p><strong>Str\u00e1nky:<\/strong>&nbsp;<a href=\"https:\/\/www.istracamping.com\/sl\/kampi\/zelena-laguna\" target=\"_blank\" rel=\"noopener noreferrer\">istracamping.com<\/a><\/p>\n<p><strong>Ubytov\u00e1n\u00ed: <\/strong>kempingov\u00e9 parcely<\/p>\n<p>Dal\u0161\u00ed z kemp\u016f vhodn\u00fdch pro rodiny s d\u011btmi. Pozemky jsou prostorn\u00e9 a vybaven\u00e9 vodou a elektrickou p\u0159\u00edpojkou. P\u0159\u00edmo z kempu jezd\u00ed turistick\u00fd vl\u00e1\u010dek do m\u011bsta Pore\u010d. I v tomto kempu najdete mo\u017enost koup\u00e1n\u00ed se v baz\u00e9nu. Dle informace ze str\u00e1nek &#8211; <strong>FKK (nudistick\u00e1) \u010d\u00e1st pl\u00e1\u017ee bude od roku 2019 zru\u0161ena!<\/strong><\/p>\n<p><a href=\"https:\/\/goo.gl\/maps\/o6JjApraDH32\" target=\"_blank\" rel=\"noopener noreferrer\">Zobrazit na map\u011b<\/a><\/p>\n<h2><\/h2>\n<h2><strong>&#8222;Naj kamp&#8220; Adria 2018 &#8211; mal\u00e9 kempy &#8211; Istrie, Chorvatsko<\/strong><\/h2>\n<h3><strong>1. m\u00edsto &#8211;&nbsp;<a title=\"t\u00e1bor Polidor\" href=\"http:\/\/www.avtokampi.si\/kamp\/2\/537\/Polidor\/\" target=\"_blank\" rel=\"noopener noreferrer\">kemp Polidor<\/a><\/strong><\/h3>\n<p><img loading=\"lazy\" decoding=\"async\" class=\"aligncenter wp-image-73059\" src=\"https:\/\/all4camper.com\/\/wp-content\/uploads\/2018\/12\/polidor.jpg\" alt=\"\" width=\"650\" height=\"434\" srcset=\"https:\/\/all4camper.com\/wp-content\/uploads\/2018\/12\/polidor.jpg 1472w, https:\/\/all4camper.com\/wp-content\/uploads\/2018\/12\/polidor-300x200.jpg 300w, https:\/\/all4camper.com\/wp-content\/uploads\/2018\/12\/polidor-150x100.jpg 150w, https:\/\/all4camper.com\/wp-content\/uploads\/2018\/12\/polidor-768x513.jpg 768w\" sizes=\"auto, (max-width: 650px) 100vw, 650px\" \/><\/p>\n<p><strong>Sezona:&nbsp;<\/strong>1.1. &#8211; 31.12.<\/p>\n<p><strong>Str\u00e1nky:&nbsp;<\/strong><a href=\"https:\/\/www.campingpolidor.com\/\" target=\"_blank\" rel=\"noopener noreferrer\">campingpolidor.com<\/a><\/p>\n<p><strong>Cen\u00edk:&nbsp;<\/strong><a href=\"https:\/\/www.campingpolidor.com\/en\/price-list\/\" target=\"_blank\" rel=\"noopener noreferrer\">campingpolidor.com<\/a><\/p>\n<p><strong>Ubytov\u00e1n\u00ed: <\/strong>mobiln\u00ed domy, kempingov\u00e9 pozemky, glamping<\/p>\n<p>Kemp se nach\u00e1z\u00ed nedaleko m\u011bsta Bijela uvala v bl\u00edzkosti m\u011bste\u010dka&nbsp;Funtana&nbsp;na&nbsp;Istrii a vejde se do n\u011bj a\u017e 300 host\u016f. Pl\u00e1\u017e je sice d\u00e1l (800m), ale jezd\u00ed na n\u00ed pravideln\u011b z kempu vl\u00e1\u010dek Polidor. V kempu je samoz\u0159ejm\u011b baz\u00e9n a kvalitn\u00ed z\u00e1zem\u00ed pro v\u00e1\u0161 kempovac\u00ed pobyt.<\/p>\n<p><a href=\"https:\/\/goo.gl\/maps\/28mr4hNXSU82\" target=\"_blank\" rel=\"noopener noreferrer\">Zobrazit na map\u011b<\/a><\/p>\n<h3><strong>2. m\u00edsto &#8211;&nbsp;<a title=\"t\u00e1bor Puntica\" href=\"http:\/\/www.avtokampi.si\/kamp\/2\/49\/Puntica-Funtana\/\" target=\"_blank\" rel=\"noopener noreferrer\">kemp Puntica &#8211; Funtana<\/a><\/strong><\/h3>\n<p><img loading=\"lazy\" decoding=\"async\" class=\"aligncenter wp-image-73202\" src=\"https:\/\/all4camper.com\/\/wp-content\/uploads\/2018\/12\/puntica.jpg\" alt=\"\" width=\"800\" height=\"533\" srcset=\"https:\/\/all4camper.com\/wp-content\/uploads\/2018\/12\/puntica.jpg 1200w, https:\/\/all4camper.com\/wp-content\/uploads\/2018\/12\/puntica-300x200.jpg 300w, https:\/\/all4camper.com\/wp-content\/uploads\/2018\/12\/puntica-150x100.jpg 150w, https:\/\/all4camper.com\/wp-content\/uploads\/2018\/12\/puntica-768x511.jpg 768w\" sizes=\"auto, (max-width: 800px) 100vw, 800px\" \/><\/p>\n<p><strong>Sezona:&nbsp;<\/strong>21.4. &#8211; 30.9.<\/p>\n<p><strong>Str\u00e1nky:&nbsp;<a href=\"https:\/\/www.istracamping.com\/sl\/kampi\/puntica\" target=\"_blank\" rel=\"noopener noreferrer\">istracamping.com<\/a><\/strong><\/p>\n<p><strong>Ubytov\u00e1n\u00ed: <\/strong>V\u011bt\u0161ina pozemk\u016f v kempu je ve st\u00ednu a jedn\u00e1 se o velmi klidn\u00fd kemp. Proto v n\u011bm nejsou ani animace pro d\u011bti a dosp\u011bl\u00e9.<\/p>\n<p><a href=\"https:\/\/goo.gl\/maps\/M2j4J9zbTXp\" target=\"_blank\" rel=\"noopener noreferrer\">Zobrazit na map\u011b<\/a><\/p>\n<h3><strong>3. m\u00edsto &#8211;&nbsp;<a title=\"Camping Carniolan z Premantury\" href=\"http:\/\/www.avtokampi.si\/kamp\/2\/89\/Kranjski-kamp\/\" target=\"_blank\" rel=\"noopener noreferrer\">kemp Krnajski<\/a><\/strong><\/h3>\n<p><img loading=\"lazy\" decoding=\"async\" class=\"size-full wp-image-73205 aligncenter\" src=\"https:\/\/all4camper.com\/\/wp-content\/uploads\/2018\/12\/kemp-krnajski.jpg\" alt=\"\" width=\"800\" height=\"600\" srcset=\"https:\/\/all4camper.com\/wp-content\/uploads\/2018\/12\/kemp-krnajski.jpg 800w, https:\/\/all4camper.com\/wp-content\/uploads\/2018\/12\/kemp-krnajski-300x225.jpg 300w, https:\/\/all4camper.com\/wp-content\/uploads\/2018\/12\/kemp-krnajski-150x113.jpg 150w, https:\/\/all4camper.com\/wp-content\/uploads\/2018\/12\/kemp-krnajski-768x576.jpg 768w, https:\/\/all4camper.com\/wp-content\/uploads\/2018\/12\/kemp-krnajski-678x509.jpg 678w, https:\/\/all4camper.com\/wp-content\/uploads\/2018\/12\/kemp-krnajski-326x245.jpg 326w, https:\/\/all4camper.com\/wp-content\/uploads\/2018\/12\/kemp-krnajski-80x60.jpg 80w\" sizes=\"auto, (max-width: 800px) 100vw, 800px\" \/><\/p>\n<p><strong>Sezona:&nbsp;<\/strong>1.6. &#8211; 15.9.<\/p>\n<p><strong>Str\u00e1nky:&nbsp;<\/strong><a href=\"http:\/\/camping-kranjski.si\/\" target=\"_blank\" rel=\"noopener noreferrer\">camping-kranjski.si<\/a><\/p>\n<p><strong>Cen\u00edk:&nbsp;<\/strong><a href=\"http:\/\/camping-kranjski.si\/cenik\/kampiranje\/\" target=\"_blank\" rel=\"noopener noreferrer\">camping-kranjski.si<\/a><\/p>\n<p><strong>Ubytov\u00e1n\u00ed: <\/strong>Studia, apartmn\u00e1ny, mobiln\u00ed d\u016fm a kempingov\u00e9 parcely<\/p>\n<p>Tento kemp nab\u00edz\u00ed 90 kempingov\u00fdch pozemk\u016f, na kter\u00fdch je samoz\u0159ejm\u011b elekt\u0159ina. Pro va\u0161i z\u00e1bavu je zde p\u0159ipraven stoln\u00ed tenis, volejbal, basketbal, kule\u010dn\u00edk a mnoho dal\u0161\u00edho. P\u0159esto\u017ee se jedn\u00e1 o &#8222;slovinsk\u00fd&#8220; kemp, najdete jej na Istrii <a href=\"http:\/\/camping-kranjski.si\/o_kampu\/kje_se_nahajamo\/\" target=\"_blank\" rel=\"noopener noreferrer\">zde<\/a>. Pro dopln\u011bn\u00ed je\u0161t\u011b uv\u00e1n\u00edm, \u017ee se jedn\u00e1 o&nbsp;jeden z prvn\u00edch kemp\u016f v&nbsp;<strong>Premantura.&nbsp;<\/strong><\/p>\n<p>Asi 1 kilometr od kempu se rozkl\u00e1d\u00e1&nbsp;9,5 km dlouh\u00e1 chr\u00e1n\u011bn\u00e1 p\u0159\u00edrodn\u00ed oblast Kamenjak na kter\u00e9 najdete kr\u00e1sn\u00e9&nbsp;pl\u00e1\u017ee, z\u00e1toky a st\u0159edomo\u0159skou vegetaci.<\/p>\n<p><a href=\"https:\/\/goo.gl\/maps\/GtuAZ78oRjK2\" target=\"_blank\" rel=\"noopener noreferrer\">Zobrazit na map\u011b<\/a><\/p>\n<h2><strong>&#8222;Naj kamp&#8220;&nbsp;Adria 2018 &#8211; v\u011bt\u0161\u00ed kempy &#8211; Kvarner, Chorvatsko<\/strong><\/h2>\n<h3><strong>1. m\u00edsto &#8211;&nbsp;<a href=\"http:\/\/www.avtokampi.si\/kamp\/0\/80\/Cikat\/\" target=\"_blank\" rel=\"noopener noreferrer\">kemp \u010cikat<\/a><\/strong><\/h3>\n<p><img loading=\"lazy\" decoding=\"async\" class=\"aligncenter wp-image-73208\" src=\"https:\/\/all4camper.com\/\/wp-content\/uploads\/2018\/12\/cikat.jpeg\" alt=\"\" width=\"800\" height=\"533\" srcset=\"https:\/\/all4camper.com\/wp-content\/uploads\/2018\/12\/cikat.jpeg 1600w, https:\/\/all4camper.com\/wp-content\/uploads\/2018\/12\/cikat-300x200.jpeg 300w, https:\/\/all4camper.com\/wp-content\/uploads\/2018\/12\/cikat-150x100.jpeg 150w, https:\/\/all4camper.com\/wp-content\/uploads\/2018\/12\/cikat-768x512.jpeg 768w, https:\/\/all4camper.com\/wp-content\/uploads\/2018\/12\/cikat-1536x1023.jpeg 1536w\" sizes=\"auto, (max-width: 800px) 100vw, 800px\" \/><\/p>\n<p><strong>Sezona:&nbsp;<\/strong>1.1. &#8211; 31.12.<\/p>\n<p><strong>Str\u00e1nky:&nbsp;<\/strong><a href=\"https:\/\/www.camps-cres-losinj.com\/si\/kamp-cikat.aspx\" target=\"_blank\" rel=\"noopener noreferrer\">camps-cres-losinj.com<\/a><\/p>\n<p><strong>Cen\u00edk: <\/strong>(oran\u017eov\u00fd cen\u00edk dole v odkazu)&nbsp;<a href=\"https:\/\/www.camps-cres-losinj.com\/camping-cres-losinj-prices.aspx\" target=\"_blank\" rel=\"noopener noreferrer\">camps-cres-losinj.com<\/a><\/p>\n<p><strong>Ubytov\u00e1n\u00ed: <\/strong>mobiln\u00ed domy, kempingov\u00e9 parcely, karavany na m\u00edst\u011b k pron\u00e1jmu<\/p>\n<p>Tento kemp je perfektn\u00ed pro dovolenou s d\u011btmi. M\u00e1 vlastn\u00ed soukromou pl\u00e1\u017e a je obklopen borovicov\u00fdm lesem. Pro z\u00e1bavu d\u011bt\u00ed je zde nov\u011b vybudovan\u00fd vodn\u00ed sv\u011bt o rozloze 6.300m\u00b2 do kter\u00e9ho maj\u00ed ubytovan\u00ed v kempu vstup zdarma. D\u00e1le si mohou hr\u00e1t v&nbsp;rodinn\u00e9m parku Pep\u00e9, co\u017e je modern\u011b a pln\u011b vybaven\u00e9 h\u0159i\u0161t\u011b specializovan\u00e9 pro d\u011bti do 12 let.<\/p>\n<p><a href=\"https:\/\/goo.gl\/maps\/wavBSZvvDAz\" target=\"_blank\" rel=\"noopener noreferrer\">Zobrazit na map\u011b<\/a><\/p>\n<h3><strong>2. m\u00edsto &#8211;&nbsp;<a title=\"t\u00e1bor Njivice\" href=\"http:\/\/www.avtokampi.si\/kamp\/2\/171\/Njivice\/\" target=\"_blank\" rel=\"noopener noreferrer\">kemp Njivice<\/a><\/strong><\/h3>\n<p><img loading=\"lazy\" decoding=\"async\" class=\"size-full wp-image-73211 aligncenter\" src=\"https:\/\/all4camper.com\/\/wp-content\/uploads\/2018\/12\/kemp-Njivice.jpeg\" alt=\"\" width=\"720\" height=\"404\" srcset=\"https:\/\/all4camper.com\/wp-content\/uploads\/2018\/12\/kemp-Njivice.jpeg 720w, https:\/\/all4camper.com\/wp-content\/uploads\/2018\/12\/kemp-Njivice-300x168.jpeg 300w, https:\/\/all4camper.com\/wp-content\/uploads\/2018\/12\/kemp-Njivice-150x84.jpeg 150w, https:\/\/all4camper.com\/wp-content\/uploads\/2018\/12\/kemp-Njivice-678x381.jpeg 678w\" sizes=\"auto, (max-width: 720px) 100vw, 720px\" \/><\/p>\n<p><strong>Sezona:&nbsp;<\/strong>5.4. &#8211; 5.11.<\/p>\n<p><strong>Str\u00e1nky:<\/strong>&nbsp;<a href=\"https:\/\/www.kampnjivice.com\/\" target=\"_blank\" rel=\"noopener noreferrer\">kampnjivice.com<\/a><\/p>\n<p><strong>Cen\u00edk:<\/strong>&nbsp;<a href=\"https:\/\/www.kampnjivice.com\/kamp-njivice-cijene.aspx\" target=\"_blank\" rel=\"noopener noreferrer\">kampnjivice.com<\/a><\/p>\n<p><strong>Ubytov\u00e1n\u00ed: luxusn\u00ed mobiln\u00ed domy, kempingov\u00e9 parcely<\/strong><\/p>\n<p>Tento kemp je velk\u00fd, proto\u017ee nab\u00edz\u00ed 449 kempingov\u00fdch pozemk\u016f um\u00edst\u011bn\u00fdch v dubov\u00e9m lese. V\u0161echny pozemky maj\u00ed svou vodovodn\u00ed a elektrickou p\u0159\u00edpojku, v\u00fdpust na odpadn\u00ed vodu a dosah WiFi. P\u0159\u00edmo z kempu vede osv\u011btlen\u00e1 promen\u00e1da do Njivice, co\u017e je mal\u00e1 ryb\u00e1\u0159sk\u00e1 vesnice. Kemp nab\u00edz\u00ed tak\u00e9 mnoho sportovn\u00edch z\u00e1\u017eitk\u016f.<\/p>\n<p><a href=\"https:\/\/goo.gl\/maps\/RWEyb8xfQm52\" target=\"_blank\" rel=\"noopener noreferrer\">Zobrazit na map\u011b<\/a><\/p>\n<h3><strong>3. m\u00edsto &#8211;&nbsp;<a title=\"kemp Je\u017eevac\" href=\"http:\/\/www.avtokampi.si\/kamp\/2\/33\/Jezevac\/\" target=\"_blank\" rel=\"noopener noreferrer\">kemp Je\u017eevac<\/a><\/strong><\/h3>\n<p><img loading=\"lazy\" decoding=\"async\" class=\"size-full wp-image-73214 aligncenter\" src=\"https:\/\/all4camper.com\/\/wp-content\/uploads\/2018\/12\/kemp-Jezevac.jpg\" alt=\"\" width=\"768\" height=\"400\" srcset=\"https:\/\/all4camper.com\/wp-content\/uploads\/2018\/12\/kemp-Jezevac.jpg 768w, https:\/\/all4camper.com\/wp-content\/uploads\/2018\/12\/kemp-Jezevac-300x156.jpg 300w, https:\/\/all4camper.com\/wp-content\/uploads\/2018\/12\/kemp-Jezevac-150x78.jpg 150w\" sizes=\"auto, (max-width: 768px) 100vw, 768px\" \/><\/p>\n<p><strong>Sezona:&nbsp;<\/strong>19.4. &#8211; 5.10.<\/p>\n<p><strong>Str\u00e1nky: <\/strong><a href=\"https:\/\/www.camping-adriatic.com\/sl\/jezevac-kamp-krk\" target=\"_blank\" rel=\"noopener noreferrer\">camping-adriatic.com<\/a><\/p>\n<p><strong>Cen\u00edk:&nbsp;<\/strong><a href=\"https:\/\/www.camping-adriatic.com\/sl\/jezevac-kamp-krk\/cenik\" target=\"_blank\" rel=\"noopener noreferrer\">camping-adriatic.com<\/a><\/p>\n<p><strong>Ubytov\u00e1n\u00ed: <\/strong>luxusn\u00ed mobiln\u00ed domy, kempingov\u00e9 parcely<\/p>\n<p>Je\u017eevac Premium Camping Resort se nach\u00e1z\u00ed hned vedle pl\u00e1\u017ee, ocen\u011bn\u00e9 modrou vlajkou, a je jen n\u011bkolik minut ch\u016fze od star\u00e9ho centra m\u011bsta Krk.&nbsp;V kempu si m\u016f\u017eete zahr\u00e1t tenis, pl\u00e1\u017eov\u00fd volejbal, mini basketbal nebo badminton \u010di&nbsp;se z\u00fa\u010dastnit rann\u00edho cvi\u010den\u00ed a aerobiku v mo\u0159i.&nbsp;Hned vedle pl\u00e1\u017ee se nach\u00e1z\u00ed d\u011btsk\u00e9 h\u0159i\u0161t\u011b a v d\u011btsk\u00e9m klubu prob\u00edhaj\u00ed celodenn\u00ed animace.V nab\u00eddce nechyb\u00ed ve\u010dern\u00ed z\u00e1bavn\u00ed programy pro d\u011bti a dosp\u011bl\u00e9.<\/p>\n<p><a href=\"https:\/\/goo.gl\/maps\/NjRkEzvXsy92\" target=\"_blank\" rel=\"noopener noreferrer\">Zobrazit na map\u011b<\/a><\/p>\n<h2><strong>&#8222;Naj kamp&#8220;&nbsp;Adria 2018 &#8211;&nbsp;mal\u00e9 kempy &#8211; Kvarner, Chorvatsko<\/strong><\/h2>\n<h3><strong>1. m\u00edsto &#8211;&nbsp;<a title=\"kemp Drage z Moscenicka Draga\" href=\"http:\/\/www.avtokampi.si\/kamp\/2\/196\/Draga\/\" target=\"_blank\" rel=\"noopener noreferrer\">kemp Draga<\/a><\/strong><\/h3>\n<p><img loading=\"lazy\" decoding=\"async\" class=\"size-full wp-image-73217 aligncenter\" src=\"https:\/\/all4camper.com\/\/wp-content\/uploads\/2018\/12\/kemp-Draga-e1544541074157.jpg\" alt=\"\" width=\"800\" height=\"456\" srcset=\"https:\/\/all4camper.com\/wp-content\/uploads\/2018\/12\/kemp-Draga-e1544541074157.jpg 800w, https:\/\/all4camper.com\/wp-content\/uploads\/2018\/12\/kemp-Draga-e1544541074157-300x171.jpg 300w, https:\/\/all4camper.com\/wp-content\/uploads\/2018\/12\/kemp-Draga-e1544541074157-150x86.jpg 150w, https:\/\/all4camper.com\/wp-content\/uploads\/2018\/12\/kemp-Draga-e1544541074157-768x438.jpg 768w\" sizes=\"auto, (max-width: 800px) 100vw, 800px\" \/><\/p>\n<p><strong>Sezona:&nbsp;<\/strong>15.4. &#8211; 1.10.<\/p>\n<p><strong>Str\u00e1nky:&nbsp;<\/strong><a href=\"https:\/\/www.autocampdraga.com\/hr\/\" target=\"_blank\" rel=\"noopener noreferrer\">autocampdraga.com<\/a><\/p>\n<p><strong>Cen\u00edk:&nbsp;<\/strong><a href=\"https:\/\/www.autocampdraga.com\/images\/pdf\/cenik18a.pdf\" target=\"_blank\" rel=\"noopener noreferrer\">autocampdraga.com<\/a><\/p>\n<p><strong>Ubytov\u00e1n\u00ed: <\/strong>pron\u00e1jem karavanu na m\u00edst\u011b, kempingov\u00e9 parcely<\/p>\n<p>Kemp najdete v ryb\u00e1\u0159sk\u00e9m m\u011bste\u010dku&nbsp;Mo\u0161\u0107eni\u010dka Draga&nbsp;na v\u00fdchodn\u00edm pob\u0159e\u017e\u00ed Istrie. Z kempu do centra m\u011bste\u010dka to je cca 100m a na pl\u00e1\u017e jen 200m. Jedn\u00e1 se o klidn\u00fd rodinn\u00fd kemp.<\/p>\n<p><a href=\"https:\/\/goo.gl\/maps\/WWMLUcPY9ir\" target=\"_blank\" rel=\"noopener noreferrer\">Zobrazit na map\u011b<\/a><\/p>\n<h3><strong>2. m\u00edsto &#8211;&nbsp;<a title=\"t\u00e1bor Mali\" href=\"http:\/\/www.avtokampi.si\/kamp\/2\/319\/Mali\/\" target=\"_blank\" rel=\"noopener noreferrer\">kemp Mali<\/a><\/strong><\/h3>\n<p><img loading=\"lazy\" decoding=\"async\" class=\"aligncenter wp-image-73220\" src=\"https:\/\/all4camper.com\/\/wp-content\/uploads\/2018\/12\/kemp-Mali.jpg\" alt=\"\" width=\"900\" height=\"599\" srcset=\"https:\/\/all4camper.com\/wp-content\/uploads\/2018\/12\/kemp-Mali.jpg 1043w, https:\/\/all4camper.com\/wp-content\/uploads\/2018\/12\/kemp-Mali-300x200.jpg 300w, https:\/\/all4camper.com\/wp-content\/uploads\/2018\/12\/kemp-Mali-150x100.jpg 150w, https:\/\/all4camper.com\/wp-content\/uploads\/2018\/12\/kemp-Mali-768x511.jpg 768w\" sizes=\"auto, (max-width: 900px) 100vw, 900px\" \/><\/p>\n<p><strong>Sezona:&nbsp;<\/strong>15.3. &#8211; 30.11.<\/p>\n<p><strong>Str\u00e1nky:&nbsp;<\/strong><a href=\"https:\/\/www.kamp-mali.hr\/\" target=\"_blank\" rel=\"noopener noreferrer\">kamp-mali.hr<\/a><\/p>\n<p><strong>Cen\u00edk:&nbsp;<\/strong><a href=\"https:\/\/www.kamp-mali.hr\/cjenik.html\" target=\"_blank\" rel=\"noopener noreferrer\">kamp-mali.hr<\/a><\/p>\n<p><strong>Ubytov\u00e1n\u00ed: <\/strong>kempingov\u00e9 parcely<\/p>\n<p>Mal\u00fd, klidn\u00fd kemp s nab\u00eddkou pron\u00e1jmu t\u0159iceti kempingov\u00fdch pozemk\u016f. Ur\u010dit\u011b je ide\u00e1ln\u00ed pro ty, kdo hledaj\u00ed p\u0159edev\u0161\u00edm klid. V\u0161echny pozemky maj\u00ed elekt\u0159inu a vodu, pro d\u011bti je zde p\u0159ipraveno men\u0161\u00ed h\u0159i\u0161t\u011b. Ale ani dosp\u011bl\u00ed nebudou ochuzeni o nab\u00eddku sportovn\u00edch aktivit. Kousek od kempu stoj\u00ed&nbsp;sportovn\u00ed a rekrea\u010dn\u00ed centrum s tenisov\u00fdmi kurty, mini golfem a fotbalov\u00fdm h\u0159i\u0161t\u011bm a vnit\u0159n\u00edm i venkovn\u00edm baz\u00e9nem.<\/p>\n<p><a href=\"https:\/\/goo.gl\/maps\/DBa41UCcWnD2\" target=\"_blank\" rel=\"noopener noreferrer\">Zobrazit na map\u011b<\/a><\/p>\n<h3><strong>3. m\u00edsto &#8211;&nbsp;<a href=\"http:\/\/www.avtokampi.si\/kamp\/2\/176\/Rapoca\/\" target=\"_blank\" rel=\"noopener noreferrer\">kemp Rapo\u0107a<\/a><\/strong><\/h3>\n<p><img loading=\"lazy\" decoding=\"async\" class=\"aligncenter wp-image-73223\" src=\"https:\/\/all4camper.com\/\/wp-content\/uploads\/2018\/12\/kemp-Rapoca.jpg\" alt=\"\" width=\"800\" height=\"533\" srcset=\"https:\/\/all4camper.com\/wp-content\/uploads\/2018\/12\/kemp-Rapoca.jpg 1200w, https:\/\/all4camper.com\/wp-content\/uploads\/2018\/12\/kemp-Rapoca-300x200.jpg 300w, https:\/\/all4camper.com\/wp-content\/uploads\/2018\/12\/kemp-Rapoca-150x100.jpg 150w, https:\/\/all4camper.com\/wp-content\/uploads\/2018\/12\/kemp-Rapoca-768x512.jpg 768w\" sizes=\"auto, (max-width: 800px) 100vw, 800px\" \/><\/p>\n<p><strong>Sezona:&nbsp;<\/strong>20.4. &#8211; 9.10.<\/p>\n<p><strong>Str\u00e1nky:&nbsp;<\/strong><a href=\"https:\/\/losinia.hr\/hr\/kamp-rapoca\" target=\"_blank\" rel=\"noopener noreferrer\">losinia.hr<\/a><\/p>\n<p><strong>Cen\u00edk: l<\/strong><a href=\"https:\/\/losinia.hr\/hr\/kamp-rapoca-cijene-mapa\" target=\"_blank\" rel=\"noopener noreferrer\">osinia.hr<\/a><\/p>\n<p><strong>Ubytov\u00e1n\u00ed: <\/strong>apartm\u00e1ny, kempingov\u00e9 parcely<\/p>\n<p>V bezprost\u0159edn\u00ed bl\u00edzkosti kempu (50 m) se nach\u00e1z\u00ed&nbsp;pl\u00e1\u017e pro psy.&nbsp;V samotn\u00e9m kempu najdete&nbsp;pl\u00e1\u017eov\u00fd bar, restauraci, obchod s potravinami, obchod se suven\u00fdry a sm\u011bn\u00e1rnu. Pro d\u011bti je zde p\u0159ipraveno d\u011btsk\u00e9 h\u0159i\u0161t\u011b, dosp\u011bl\u00ed si mohou zahr\u00e1t pl\u00e1\u017eov\u00fd volejbal.<\/p>\n<p><a href=\"https:\/\/goo.gl\/maps\/FsK9fzRnSPu\" target=\"_blank\" rel=\"noopener noreferrer\">Zobrazit na map\u011b<\/a><\/p>\n<h2><strong>&#8222;Naj kamp&#8220;&nbsp;Adria 2018 &#8211;&nbsp;v\u011bt\u0161\u00ed kempy &#8211; Dalm\u00e1cie, Chorvatsko<\/strong><\/h2>\n<h3><strong>1. m\u00edsto &#8211;&nbsp;<a title=\"t\u00e1bor Stra\u0161ko\" href=\"http:\/\/www.avtokampi.si\/kamp\/2\/41\/Strasko\/\" target=\"_blank\" rel=\"noopener noreferrer\">kemp Stra\u0161ko<\/a><\/strong><\/h3>\n<p><img loading=\"lazy\" decoding=\"async\" class=\"aligncenter wp-image-73226\" src=\"https:\/\/all4camper.com\/\/wp-content\/uploads\/2018\/12\/kemp-Strasko.jpg\" alt=\"\" width=\"800\" height=\"533\" srcset=\"https:\/\/all4camper.com\/wp-content\/uploads\/2018\/12\/kemp-Strasko.jpg 1920w, https:\/\/all4camper.com\/wp-content\/uploads\/2018\/12\/kemp-Strasko-300x200.jpg 300w, https:\/\/all4camper.com\/wp-content\/uploads\/2018\/12\/kemp-Strasko-1620x1080.jpg 1620w, https:\/\/all4camper.com\/wp-content\/uploads\/2018\/12\/kemp-Strasko-150x100.jpg 150w, https:\/\/all4camper.com\/wp-content\/uploads\/2018\/12\/kemp-Strasko-768x512.jpg 768w, https:\/\/all4camper.com\/wp-content\/uploads\/2018\/12\/kemp-Strasko-1536x1024.jpg 1536w\" sizes=\"auto, (max-width: 800px) 100vw, 800px\" \/><\/p>\n<p><img loading=\"lazy\" decoding=\"async\" class=\"aligncenter wp-image-73229\" src=\"https:\/\/all4camper.com\/\/wp-content\/uploads\/2018\/12\/kemp-strasko2.jpg\" alt=\"\" width=\"800\" height=\"533\" srcset=\"https:\/\/all4camper.com\/wp-content\/uploads\/2018\/12\/kemp-strasko2.jpg 1920w, https:\/\/all4camper.com\/wp-content\/uploads\/2018\/12\/kemp-strasko2-300x200.jpg 300w, https:\/\/all4camper.com\/wp-content\/uploads\/2018\/12\/kemp-strasko2-1620x1080.jpg 1620w, https:\/\/all4camper.com\/wp-content\/uploads\/2018\/12\/kemp-strasko2-150x100.jpg 150w, https:\/\/all4camper.com\/wp-content\/uploads\/2018\/12\/kemp-strasko2-768x512.jpg 768w, https:\/\/all4camper.com\/wp-content\/uploads\/2018\/12\/kemp-strasko2-1536x1024.jpg 1536w\" sizes=\"auto, (max-width: 800px) 100vw, 800px\" \/><\/p>\n<p><strong>Sezona:&nbsp;<\/strong>19.4. &#8211; 6.10.<\/p>\n<p><strong>Str\u00e1nky:<\/strong>&nbsp;<a href=\"https:\/\/www.campingstrasko.com\/en\/\" target=\"_blank\" rel=\"noopener noreferrer\">campingstrasko.com<\/a><\/p>\n<p><strong>Cen\u00edk:&nbsp;<\/strong><a href=\"https:\/\/www.campingstrasko.com\/en\/camping\/#section-3\" target=\"_blank\" rel=\"noopener noreferrer\">campingstrasko.com<\/a><\/p>\n<p><strong>Ubytov\u00e1n\u00ed: <\/strong>mobiln\u00ed domy, glamping, kempingov\u00e9 pozemky<\/p>\n<p>Dal\u0161\u00ed z kemp\u016f vhodn\u00fd zejm\u00e9na pro rodiny s d\u011btmi. D\u011bti se mohou dostate\u010dn\u011b vy\u0159\u00e1dit v baz\u00e9nov\u00e9m komplexu, pohr\u00e1t si se zv\u00ed\u0159\u00e1tky v mini zoo, dostate\u010dn\u011b se vy\u0159\u00e1dit na vodn\u00ed opi\u010d\u00ed dr\u00e1ze um\u00edst\u011bn\u00e9 v mo\u0159i.<\/p>\n<p>Po cel\u00fd den a ve\u010der v kempu prob\u00edhaj\u00ed r\u016fzn\u00e9 anima\u010dn\u00ed programy. M\u016f\u017eete zde&nbsp;cvi\u010dit j\u00f3gu, pilates, aqua aerobik, hr\u00e1t fotbal, zp\u00edvat karaoke, tan\u010dit za doprovodu \u017eiv\u00e9 hudbu a v l\u00e9t\u011b si zaj\u00edt do letn\u00edho kina. Hled\u00e1te-li aktivn\u00ed odpo\u010dinek, k dispozici zde m\u00e1te&nbsp;mnoho sportovn\u00edch a rekrea\u010dn\u00edch za\u0159\u00edzen\u00ed, jako jsou tenisov\u00e9 a badmintonov\u00e9 kurty, fotbal, h\u0159i\u0161t\u011b na pl\u00e1\u017eov\u00fd volejbal, posilovna, bocce a \u0161achy.<\/p>\n<p><a href=\"https:\/\/goo.gl\/maps\/chCVyubabgD2\" target=\"_blank\" rel=\"noopener noreferrer\">Zobrazit na map\u011b<\/a><\/p>\n<h3><strong>2. m\u00edsto &#8211;&nbsp;<a title=\"kemp Simuni\" href=\"http:\/\/www.avtokampi.si\/kamp\/2\/59\/Simuni\/\" target=\"_blank\" rel=\"noopener noreferrer\">kemp \u0160imuni<\/a><\/strong><\/h3>\n<p><img loading=\"lazy\" decoding=\"async\" class=\"aligncenter wp-image-73232\" src=\"https:\/\/all4camper.com\/\/wp-content\/uploads\/2018\/12\/kemp-Simuni.jpg\" alt=\"\" width=\"800\" height=\"533\" srcset=\"https:\/\/all4camper.com\/wp-content\/uploads\/2018\/12\/kemp-Simuni.jpg 1024w, https:\/\/all4camper.com\/wp-content\/uploads\/2018\/12\/kemp-Simuni-300x200.jpg 300w, https:\/\/all4camper.com\/wp-content\/uploads\/2018\/12\/kemp-Simuni-150x100.jpg 150w, https:\/\/all4camper.com\/wp-content\/uploads\/2018\/12\/kemp-Simuni-768x512.jpg 768w\" sizes=\"auto, (max-width: 800px) 100vw, 800px\" \/><\/p>\n<p><strong>Sezona:&nbsp;<\/strong>1.1. &#8211; 31.12.<\/p>\n<p><strong>Str\u00e1nky:&nbsp;<\/strong><a href=\"https:\/\/www.camping-simuni.hr\/en\/\" target=\"_blank\" rel=\"noopener noreferrer\">camping-simuni.hr<\/a><\/p>\n<p><strong>Cen\u00edk:&nbsp;<\/strong><a href=\"https:\/\/www.camping-simuni.hr\/wp-content\/uploads\/2018\/11\/camping_simuni_cjenik_2019_eur_eng_web-4.pdf\" target=\"_blank\" rel=\"noopener noreferrer\">camping-simuni.hr<\/a><\/p>\n<p><strong>Ubytov\u00e1n\u00ed: <\/strong>mobiln\u00ed domy, bungalovy, kempingov\u00e9 parcely<\/p>\n<p>Opravdu velk\u00fd kemp s nab\u00eddkou v\u00edce ne\u017e 500 kempingov\u00fdch parcel. A jak to tak u t\u011bchto kemp\u016f b\u00fdv\u00e1, i tento m\u00e1 bohatou nab\u00eddku z\u00e1bavy pro d\u011bti i dosp\u011bl\u00e9. Vodn\u00ed sv\u011bt ve form\u011b opi\u010d\u00ed dr\u00e1hy, windsurfing, kajaky, mo\u017enost pot\u00e1p\u011bn\u00ed, wakeboarding, j\u00edzda na ban\u00e1nu, proj\u00ed\u017e\u010fka v ponorce a mnoho dal\u0161\u00edho. Samoz\u0159ejm\u011b nechyb\u00ed celodenn\u00ed animace.<\/p>\n<p><a href=\"https:\/\/goo.gl\/maps\/9sNZfGWDz372\" target=\"_blank\" rel=\"noopener noreferrer\">Zobrazit na map\u011b<\/a><\/p>\n<h3><strong>3. m\u00edsto &#8211;&nbsp;<a title=\"kemp Stobrec\" href=\"http:\/\/www.avtokampi.si\/kamp\/2\/38\/Stobrec\/\" target=\"_blank\" rel=\"noopener noreferrer\">kemp Stobre\u010d<\/a><\/strong><\/h3>\n<p><img loading=\"lazy\" decoding=\"async\" class=\"size-full wp-image-73235 aligncenter\" src=\"https:\/\/all4camper.com\/\/wp-content\/uploads\/2018\/12\/kemp-Stobrec.jpg\" alt=\"\" width=\"800\" height=\"533\" srcset=\"https:\/\/all4camper.com\/wp-content\/uploads\/2018\/12\/kemp-Stobrec.jpg 800w, https:\/\/all4camper.com\/wp-content\/uploads\/2018\/12\/kemp-Stobrec-300x200.jpg 300w, https:\/\/all4camper.com\/wp-content\/uploads\/2018\/12\/kemp-Stobrec-150x100.jpg 150w, https:\/\/all4camper.com\/wp-content\/uploads\/2018\/12\/kemp-Stobrec-768x512.jpg 768w\" sizes=\"auto, (max-width: 800px) 100vw, 800px\" \/><\/p>\n<p><strong>Sezona:&nbsp;<\/strong>1.1. &#8211; 31.12.<\/p>\n<p><strong>Str\u00e1nky:&nbsp;<\/strong><a href=\"https:\/\/www.campingsplit.com\/\" target=\"_blank\" rel=\"noopener noreferrer\">campingsplit.com<\/a><\/p>\n<p><strong>Cen\u00edk:&nbsp;<\/strong><a href=\"https:\/\/www.campingsplit.com\/prices-camping-pitches\" target=\"_blank\" rel=\"noopener noreferrer\">campingsplit.com<\/a><\/p>\n<p><strong>Ubytov\u00e1n\u00ed: <\/strong>mobiln\u00ed domy, kempingov\u00e9 parcely<\/p>\n<p><a href=\"https:\/\/goo.gl\/maps\/UYPbJyipnz72\" target=\"_blank\" rel=\"noopener noreferrer\">Zobrazit na map\u011b<\/a><\/p>\n<h2><\/h2>\n<h2><strong>&#8222;Naj kamp&#8220;&nbsp;Adria 2018 &#8211;&nbsp;mal\u00e9 kempy &#8211; Dalm\u00e1cie, Chorvatsko<\/strong><\/h2>\n<h3><strong>1. m\u00edsto &#8211;&nbsp;<a title=\"kemp Slanica\" href=\"http:\/\/www.avtokampi.si\/kamp\/2\/283\/Slanica\/\" target=\"_blank\" rel=\"noopener noreferrer\">kemp Slanica<\/a><\/strong><\/h3>\n<p><img loading=\"lazy\" decoding=\"async\" class=\"aligncenter wp-image-73238\" src=\"https:\/\/all4camper.com\/\/wp-content\/uploads\/2018\/12\/kemp-Slanica.jpg\" alt=\"\" width=\"800\" height=\"534\" srcset=\"https:\/\/all4camper.com\/wp-content\/uploads\/2018\/12\/kemp-Slanica.jpg 1000w, https:\/\/all4camper.com\/wp-content\/uploads\/2018\/12\/kemp-Slanica-300x200.jpg 300w, https:\/\/all4camper.com\/wp-content\/uploads\/2018\/12\/kemp-Slanica-150x100.jpg 150w, https:\/\/all4camper.com\/wp-content\/uploads\/2018\/12\/kemp-Slanica-768x512.jpg 768w\" sizes=\"auto, (max-width: 800px) 100vw, 800px\" \/><\/p>\n<p><strong>Sezona:&nbsp;<\/strong>15.4. &#8211; 15.10.<\/p>\n<p><strong>Str\u00e1nky:&nbsp;<\/strong><a href=\"http:\/\/www.murter-slanica.hr\/\" target=\"_blank\" rel=\"noopener noreferrer\">murter-slanica.hr<\/a><\/p>\n<p><strong>Cen\u00edk:&nbsp;<\/strong><a href=\"http:\/\/www.murter-slanica.hr\/cjenik\" target=\"_blank\" rel=\"noopener noreferrer\">murter-slanica.hr<\/a><\/p>\n<p><strong>Ubytov\u00e1n\u00ed: <\/strong>apartm\u00e1ny, mobiln\u00ed domy, kempingov\u00e9 parcely<\/p>\n<p>Kemp najdete na ostrov\u011b Murter a nab\u00edz\u00ed 200 kempingov\u00fdch parcel k pron\u00e1jmu a pat\u0159\u00ed mezi nejlep\u0161\u00ed mal\u00e9 kempy v cel\u00e9m Chorvatsku.&nbsp;Z kempu je kr\u00e1sn\u00fd v\u00fdhled na ostrovy Kornati.<\/p>\n<p><a href=\"https:\/\/goo.gl\/maps\/vS87re9LdBk\" target=\"_blank\" rel=\"noopener noreferrer\">Zobrazit na map\u011b<\/a><\/p>\n<h3><strong>2. m\u00edsto &#8211;&nbsp;<a href=\"http:\/\/www.avtokampi.si\/kamp\/2\/162\/Holiday\/\">kemp Holiday<\/a><\/strong><\/h3>\n<p><img loading=\"lazy\" decoding=\"async\" class=\"size-full wp-image-73241 aligncenter\" src=\"https:\/\/all4camper.com\/\/wp-content\/uploads\/2018\/12\/kemp-holiday.jpg\" alt=\"\" width=\"800\" height=\"450\" srcset=\"https:\/\/all4camper.com\/wp-content\/uploads\/2018\/12\/kemp-holiday.jpg 800w, https:\/\/all4camper.com\/wp-content\/uploads\/2018\/12\/kemp-holiday-300x169.jpg 300w, https:\/\/all4camper.com\/wp-content\/uploads\/2018\/12\/kemp-holiday-150x84.jpg 150w, https:\/\/all4camper.com\/wp-content\/uploads\/2018\/12\/kemp-holiday-768x432.jpg 768w, https:\/\/all4camper.com\/wp-content\/uploads\/2018\/12\/kemp-holiday-678x381.jpg 678w\" sizes=\"auto, (max-width: 800px) 100vw, 800px\" \/><\/p>\n<p><img loading=\"lazy\" decoding=\"async\" class=\"size-full wp-image-73244 aligncenter\" src=\"https:\/\/all4camper.com\/\/wp-content\/uploads\/2018\/12\/kemp-holiday2.jpg\" alt=\"\" width=\"800\" height=\"450\" srcset=\"https:\/\/all4camper.com\/wp-content\/uploads\/2018\/12\/kemp-holiday2.jpg 800w, https:\/\/all4camper.com\/wp-content\/uploads\/2018\/12\/kemp-holiday2-300x169.jpg 300w, https:\/\/all4camper.com\/wp-content\/uploads\/2018\/12\/kemp-holiday2-150x84.jpg 150w, https:\/\/all4camper.com\/wp-content\/uploads\/2018\/12\/kemp-holiday2-768x432.jpg 768w, https:\/\/all4camper.com\/wp-content\/uploads\/2018\/12\/kemp-holiday2-678x381.jpg 678w\" sizes=\"auto, (max-width: 800px) 100vw, 800px\" \/><\/p>\n<p><strong>Sezona:&nbsp;<\/strong>1.5. &#8211; 1.10.<\/p>\n<p><strong>Str\u00e1nky:&nbsp;<\/strong><a href=\"http:\/\/campholiday.eu\/\" target=\"_blank\" rel=\"noopener noreferrer\">campholiday.eu<\/a><\/p>\n<p><strong>Cen\u00edk:&nbsp;<\/strong><a href=\"http:\/\/campholiday.eu\/price-list\/\" target=\"_blank\" rel=\"noopener noreferrer\">campholiday.eu<\/a><\/p>\n<p><strong>Ubytov\u00e1n\u00ed: <\/strong>kempingov\u00e9 parcely<\/p>\n<p>Kemp najdete 800m od&nbsp;m\u011bsta Jelsa a 200m od z\u00e1toky Mina s p\u00edse\u010dnou pl\u00e1\u017e\u00ed, kter\u00e1 je vhodn\u00e1 zejm\u00e9na pro d\u011bti. Kemp m\u00e1 hezky upraven\u00e9 terasy na kempov\u00e1n\u00ed s vodovodn\u00ed a elektickou p\u0159\u00edpojkou a d\u011btsk\u00e9 h\u0159i\u0161t\u011b. Celkov\u00fd po\u010det pozemk\u016f k pron\u00e1jmu je 50. Kemp je ide\u00e1ln\u00ed pro ty, kdo hledaj\u00ed klidnou dovolenou v men\u0161\u00edm kempu.<\/p>\n<p><a href=\"https:\/\/goo.gl\/maps\/6fdt1EZZXNQ2\" target=\"_blank\" rel=\"noopener noreferrer\">Zobrazit na map\u011b<\/a><\/p>\n<h3><strong>3. m\u00edsto &#8211;&nbsp;<a href=\"http:\/\/www.avtokampi.si\/kamp\/2\/335\/Lupis\/\">kemp Lupis<\/a><\/strong><\/h3>\n<p><img loading=\"lazy\" decoding=\"async\" class=\"aligncenter wp-image-73247\" src=\"https:\/\/all4camper.com\/\/wp-content\/uploads\/2018\/12\/kemp-Lupis.jpg\" alt=\"\" width=\"800\" height=\"534\" srcset=\"https:\/\/all4camper.com\/wp-content\/uploads\/2018\/12\/kemp-Lupis.jpg 1024w, https:\/\/all4camper.com\/wp-content\/uploads\/2018\/12\/kemp-Lupis-300x200.jpg 300w, https:\/\/all4camper.com\/wp-content\/uploads\/2018\/12\/kemp-Lupis-150x100.jpg 150w, https:\/\/all4camper.com\/wp-content\/uploads\/2018\/12\/kemp-Lupis-768x512.jpg 768w\" sizes=\"auto, (max-width: 800px) 100vw, 800px\" \/><\/p>\n<p><strong>Sezona:&nbsp;<\/strong>1.1. &#8211; 31.12.<\/p>\n<p><strong>Str\u00e1nky:&nbsp;<\/strong><a href=\"http:\/\/www.peljesac-lupis.com\/\" target=\"_blank\" rel=\"noopener noreferrer\">peljesac-lupis.com<\/a><\/p>\n<p><strong>Cen\u00edk:&nbsp;<\/strong><a href=\"https:\/\/www.peljesac-lupis.com\/hr\/cjenik\/\" target=\"_blank\" rel=\"noopener noreferrer\">peljesac-lupis.com<\/a><\/p>\n<p><strong>Ubytov\u00e1n\u00ed: <\/strong>kempingov\u00e9 parcely<\/p>\n<p>I tento kemp nab\u00edz\u00ed k pron\u00e1jmu 50 kempingov\u00fdch pozemk\u016f, d\u011btsk\u00e9 h\u0159i\u0161t\u011b a klid. Od pl\u00e1\u017ee je odd\u011blen klidnou silnic\u00ed.&nbsp;V bl\u00edzkosti kempu najdete v\u011bt\u0161\u00ed obchod a n\u011bkolik kav\u00e1ren a restaurac\u00ed.<\/p>\n<p><a href=\"https:\/\/goo.gl\/maps\/xukD7LA5r4x\" target=\"_blank\" rel=\"noopener noreferrer\">Zobrazit na map\u011b<\/a><\/p>\n<h2><\/h2>\n<h2><strong>&#8222;Naj kamp&#8220;&nbsp;Adria 2018 &#8211;&nbsp;nejlep\u0161\u00ed FKK kempy &#8211; Chorvatsko<\/strong><\/h2>\n<h3><strong>1. m\u00edsto &#8211;&nbsp;<a title=\"t\u00e1bor Kova\u010dine\" href=\"http:\/\/www.avtokampi.si\/kamp\/2\/113\/Kovacine\/\" target=\"_blank\" rel=\"noopener noreferrer\">kemp Kova\u010dine<\/a><\/strong><\/h3>\n<p><img loading=\"lazy\" decoding=\"async\" class=\"aligncenter wp-image-73250\" src=\"https:\/\/all4camper.com\/\/wp-content\/uploads\/2018\/12\/kemp-kovacine.jpg\" alt=\"\" width=\"800\" height=\"458\" srcset=\"https:\/\/all4camper.com\/wp-content\/uploads\/2018\/12\/kemp-kovacine.jpg 925w, https:\/\/all4camper.com\/wp-content\/uploads\/2018\/12\/kemp-kovacine-300x172.jpg 300w, https:\/\/all4camper.com\/wp-content\/uploads\/2018\/12\/kemp-kovacine-150x86.jpg 150w, https:\/\/all4camper.com\/wp-content\/uploads\/2018\/12\/kemp-kovacine-768x440.jpg 768w\" sizes=\"auto, (max-width: 800px) 100vw, 800px\" \/><\/p>\n<p><strong>Sezona:&nbsp;<\/strong>23.3. &#8211; 14.10.<\/p>\n<p><strong>Str\u00e1nky:&nbsp;<\/strong><a href=\"https:\/\/camp-kovacine.com\/\" target=\"_blank\" rel=\"noopener noreferrer\">camp-kovacine.com<\/a><\/p>\n<p><a href=\"https:\/\/goo.gl\/maps\/2ZFf9SpCAUn\" target=\"_blank\" rel=\"noopener noreferrer\">Zobrazit na map\u011b<\/a><\/p>\n<h3><strong>2. m\u00edsto &#8211;&nbsp;<a title=\"t\u00e1bor Valalta\" href=\"http:\/\/www.avtokampi.si\/kamp\/2\/93\/Valalta\/\" target=\"_blank\" rel=\"noopener noreferrer\">kemp Valalta<\/a><\/strong><\/h3>\n<p><img loading=\"lazy\" decoding=\"async\" class=\"alignnone size-full wp-image-73253\" src=\"https:\/\/all4camper.com\/\/wp-content\/uploads\/2018\/12\/valalta.jpg\" alt=\"\" width=\"1400\" height=\"514\" srcset=\"https:\/\/all4camper.com\/wp-content\/uploads\/2018\/12\/valalta.jpg 1400w, https:\/\/all4camper.com\/wp-content\/uploads\/2018\/12\/valalta-300x110.jpg 300w, https:\/\/all4camper.com\/wp-content\/uploads\/2018\/12\/valalta-150x55.jpg 150w, https:\/\/all4camper.com\/wp-content\/uploads\/2018\/12\/valalta-768x282.jpg 768w\" sizes=\"auto, (max-width: 1400px) 100vw, 1400px\" \/><\/p>\n<p><strong>Sezona:&nbsp;<\/strong>27.4. &#8211; 29.9.<\/p>\n<p><strong>Str\u00e1nky:&nbsp;<\/strong><a href=\"https:\/\/valalta.hr\/en\/page\/fkk-valalta\" target=\"_blank\" rel=\"noopener noreferrer\">valalta.hr<\/a><\/p>\n<p><a href=\"https:\/\/goo.gl\/maps\/6wCiAwy6tNs\" target=\"_blank\" rel=\"noopener noreferrer\">Zobrazit na map\u011b<\/a><\/p>\n<p class=\"entry-title fusion-post-title\"><a href=\"\/?p=69916\" target=\"_blank\" rel=\"noopener noreferrer\">Valalta Istrie \u2013 poprv\u00e9, ale jist\u011b ne naposledy v FKK kempu<\/a><\/p>\n<h3><strong>3. m\u00edsto &#8211;&nbsp;<a href=\"http:\/\/www.avtokampi.si\/kamp\/2\/72\/Koversada\/\">kemp Koversada<\/a><\/strong><\/h3>\n<p><img loading=\"lazy\" decoding=\"async\" class=\"size-full wp-image-73256 aligncenter\" src=\"https:\/\/all4camper.com\/\/wp-content\/uploads\/2018\/12\/koversada.jpg\" alt=\"\" width=\"796\" height=\"530\" srcset=\"https:\/\/all4camper.com\/wp-content\/uploads\/2018\/12\/koversada.jpg 796w, https:\/\/all4camper.com\/wp-content\/uploads\/2018\/12\/koversada-300x200.jpg 300w, https:\/\/all4camper.com\/wp-content\/uploads\/2018\/12\/koversada-150x100.jpg 150w, https:\/\/all4camper.com\/wp-content\/uploads\/2018\/12\/koversada-768x511.jpg 768w\" sizes=\"auto, (max-width: 796px) 100vw, 796px\" \/><\/p>\n<p><strong>Sezona:&nbsp;<\/strong>19.4. &#8211; 29.9.<\/p>\n<p><strong>Str\u00e1nky:&nbsp;<\/strong><a href=\"https:\/\/www.maistracamping.com\/si\/naturist-park-koversada-kamp-vrsar\" target=\"_blank\" rel=\"noopener noreferrer\">maistracamping.com<\/a><\/p>\n<p><a href=\"https:\/\/goo.gl\/maps\/MyptSEFedSC2\" target=\"_blank\" rel=\"noopener noreferrer\">Zobrazit na map\u011b<\/a><\/p>\n","protected":false},"excerpt":{"rendered":"<p>Jak jsem psala ve sv\u00e9m minul\u00e9m p\u0159\u00edsp\u011bvku &#8222;Nejlep\u0161\u00ed kempy ve Slovinsku za rok 2018&#8222;, vyhled\u00e1va\u010d slovinsk\u00fdch a chorvatsk\u00fdch kemp\u016f Avtokampi.si vyhl\u00e1sil v\u00fdsledky leto\u0161n\u00edho ro\u010dn\u00edku &#8222;Naj kemp&#8220;pro rok 2018. Sout\u011b\u017eilo se v n\u011bkolika kategori\u00edch pro ob\u011b zem\u011b a na ty nej kempy v Chorvatsku v\u00e1m v dne\u0161n\u00edm m\u00e9m p\u0159\u00edsp\u011bvku p\u0159edstav\u00edm. &#8222;Naj kamp&#8220; Adria 2018 &#8211; nejv\u011bt\u0161\u00ed [&hellip;]<\/p>\n","protected":false},"author":4,"featured_media":73247,"comment_status":"closed","ping_status":"closed","sticky":false,"template":"","format":"standard","meta":{"_monsterinsights_skip_tracking":false,"_monsterinsights_sitenote_active":false,"_monsterinsights_sitenote_note":"","_monsterinsights_sitenote_category":0,"footnotes":""},"categories":[2382,68,11685],"tags":[112,106,101,380],"class_list":{"0":"post-73048","1":"post","2":"type-post","3":"status-publish","4":"format-standard","5":"has-post-thumbnail","7":"category-kempovani-a-cestovani-v-chorvatsku","8":"category-kempovani-a-zajimave-cile","9":"category-top-kempy","10":"tag-chorvatsko","11":"tag-dovolena-s-detmi-1","12":"tag-kempy-1","13":"tag-topkempy"},"yoast_head":"<!-- This site is optimized with the Yoast SEO plugin v27.5 - https:\/\/yoast.com\/product\/yoast-seo-wordpress\/ -->\n<title>Nejlep\u0161\u00ed kempy v Chorvatsku za rok 2018<\/title>\n<meta name=\"description\" content=\"All4Camper - Nejlep\u0161\u00ed kempy v Chorvatsku za rok 2018\" \/>\n<meta name=\"robots\" content=\"index, follow, max-snippet:-1, max-image-preview:large, max-video-preview:-1\" \/>\n<link rel=\"canonical\" href=\"https:\/\/all4camper.com\/cs\/nejlepsi-kempy-v-chorvatsku-za-rok-2018\/\" \/>\n<meta property=\"og:locale\" content=\"cs_CZ\" \/>\n<meta property=\"og:type\" content=\"article\" \/>\n<meta property=\"og:title\" content=\"Nejlep\u0161\u00ed kempy v Chorvatsku za rok 2018\" \/>\n<meta property=\"og:description\" content=\"All4Camper - Nejlep\u0161\u00ed kempy v Chorvatsku za rok 2018\" \/>\n<meta property=\"og:url\" content=\"https:\/\/all4camper.com\/cs\/nejlepsi-kempy-v-chorvatsku-za-rok-2018\/\" \/>\n<meta property=\"og:site_name\" content=\"All4Camper\" \/>\n<meta property=\"article:published_time\" content=\"2018-12-12T11:29:43+00:00\" \/>\n<meta property=\"article:modified_time\" content=\"2021-05-25T14:27:55+00:00\" \/>\n<meta property=\"og:image\" content=\"https:\/\/all4camper.com\/wp-content\/uploads\/2018\/12\/kemp-Lupis.jpg\" \/>\n\t<meta property=\"og:image:width\" content=\"1024\" \/>\n\t<meta property=\"og:image:height\" content=\"683\" \/>\n\t<meta property=\"og:image:type\" content=\"image\/jpeg\" \/>\n<meta name=\"author\" content=\"Kl\u00e1ra H\u00e1jkov\u00e1\" \/>\n<meta name=\"twitter:card\" content=\"summary_large_image\" \/>\n<meta name=\"twitter:label1\" content=\"Napsal(a)\" \/>\n\t<meta name=\"twitter:data1\" content=\"Kl\u00e1ra H\u00e1jkov\u00e1\" \/>\n\t<meta name=\"twitter:label2\" content=\"Odhadovan\u00e1 doba \u010dten\u00ed\" \/>\n\t<meta name=\"twitter:data2\" content=\"9 minut\" \/>\n<script type=\"application\/ld+json\" class=\"yoast-schema-graph\">{\"@context\":\"https:\\\/\\\/schema.org\",\"@graph\":[{\"@type\":\"Article\",\"@id\":\"https:\\\/\\\/all4camper.com\\\/cs\\\/nejlepsi-kempy-v-chorvatsku-za-rok-2018\\\/#article\",\"isPartOf\":{\"@id\":\"https:\\\/\\\/all4camper.com\\\/cs\\\/nejlepsi-kempy-v-chorvatsku-za-rok-2018\\\/\"},\"author\":{\"name\":\"Kl\u00e1ra H\u00e1jkov\u00e1\",\"@id\":\"https:\\\/\\\/all4camper.com\\\/cs\\\/#\\\/schema\\\/person\\\/c6f1efdf1d02bc7d8c53a891cbe18c62\"},\"headline\":\"Nejlep\u0161\u00ed kempy v Chorvatsku za rok 2018\",\"datePublished\":\"2018-12-12T11:29:43+00:00\",\"dateModified\":\"2021-05-25T14:27:55+00:00\",\"mainEntityOfPage\":{\"@id\":\"https:\\\/\\\/all4camper.com\\\/cs\\\/nejlepsi-kempy-v-chorvatsku-za-rok-2018\\\/\"},\"wordCount\":1903,\"publisher\":{\"@id\":\"https:\\\/\\\/all4camper.com\\\/cs\\\/#organization\"},\"image\":{\"@id\":\"https:\\\/\\\/all4camper.com\\\/cs\\\/nejlepsi-kempy-v-chorvatsku-za-rok-2018\\\/#primaryimage\"},\"thumbnailUrl\":\"https:\\\/\\\/all4camper.com\\\/wp-content\\\/uploads\\\/2018\\\/12\\\/kemp-Lupis.jpg\",\"keywords\":[\"Chorvatsko\",\"Dovolen\u00e1 s d\u011btmi\",\"Kempy a kempovac\u00ed m\u00edsta\",\"TOPkempy\"],\"articleSection\":[\"Kempov\u00e1n\u00ed a cestov\u00e1n\u00ed v Chorvatsku\",\"Kempy a zaj\u00edmav\u00e1 m\u00edsta\",\"TOP kempy\"],\"inLanguage\":\"cs\"},{\"@type\":\"WebPage\",\"@id\":\"https:\\\/\\\/all4camper.com\\\/cs\\\/nejlepsi-kempy-v-chorvatsku-za-rok-2018\\\/\",\"url\":\"https:\\\/\\\/all4camper.com\\\/cs\\\/nejlepsi-kempy-v-chorvatsku-za-rok-2018\\\/\",\"name\":\"Nejlep\u0161\u00ed kempy v Chorvatsku za rok 2018\",\"isPartOf\":{\"@id\":\"https:\\\/\\\/all4camper.com\\\/cs\\\/#website\"},\"primaryImageOfPage\":{\"@id\":\"https:\\\/\\\/all4camper.com\\\/cs\\\/nejlepsi-kempy-v-chorvatsku-za-rok-2018\\\/#primaryimage\"},\"image\":{\"@id\":\"https:\\\/\\\/all4camper.com\\\/cs\\\/nejlepsi-kempy-v-chorvatsku-za-rok-2018\\\/#primaryimage\"},\"thumbnailUrl\":\"https:\\\/\\\/all4camper.com\\\/wp-content\\\/uploads\\\/2018\\\/12\\\/kemp-Lupis.jpg\",\"datePublished\":\"2018-12-12T11:29:43+00:00\",\"dateModified\":\"2021-05-25T14:27:55+00:00\",\"description\":\"All4Camper - Nejlep\u0161\u00ed kempy v Chorvatsku za rok 2018\",\"breadcrumb\":{\"@id\":\"https:\\\/\\\/all4camper.com\\\/cs\\\/nejlepsi-kempy-v-chorvatsku-za-rok-2018\\\/#breadcrumb\"},\"inLanguage\":\"cs\",\"potentialAction\":[{\"@type\":\"ReadAction\",\"target\":[\"https:\\\/\\\/all4camper.com\\\/cs\\\/nejlepsi-kempy-v-chorvatsku-za-rok-2018\\\/\"]}]},{\"@type\":\"ImageObject\",\"inLanguage\":\"cs\",\"@id\":\"https:\\\/\\\/all4camper.com\\\/cs\\\/nejlepsi-kempy-v-chorvatsku-za-rok-2018\\\/#primaryimage\",\"url\":\"https:\\\/\\\/all4camper.com\\\/wp-content\\\/uploads\\\/2018\\\/12\\\/kemp-Lupis.jpg\",\"contentUrl\":\"https:\\\/\\\/all4camper.com\\\/wp-content\\\/uploads\\\/2018\\\/12\\\/kemp-Lupis.jpg\",\"width\":1024,\"height\":683},{\"@type\":\"BreadcrumbList\",\"@id\":\"https:\\\/\\\/all4camper.com\\\/cs\\\/nejlepsi-kempy-v-chorvatsku-za-rok-2018\\\/#breadcrumb\",\"itemListElement\":[{\"@type\":\"ListItem\",\"position\":1,\"name\":\"Dom\u016f\",\"item\":\"https:\\\/\\\/all4camper.com\\\/cs\\\/\"},{\"@type\":\"ListItem\",\"position\":2,\"name\":\"Kempov\u00e1n\u00ed a cestov\u00e1n\u00ed v Chorvatsku\",\"item\":\"https:\\\/\\\/all4camper.com\\\/cs\\\/category\\\/kempovani-a-cestovani-v-chorvatsku\\\/\"},{\"@type\":\"ListItem\",\"position\":3,\"name\":\"Nejlep\u0161\u00ed kempy v Chorvatsku za rok 2018\"}]},{\"@type\":\"WebSite\",\"@id\":\"https:\\\/\\\/all4camper.com\\\/cs\\\/#website\",\"url\":\"https:\\\/\\\/all4camper.com\\\/cs\\\/\",\"name\":\"All4Camper\",\"description\":\"Nejv\u011bt\u0161\u00ed online magaz\u00edn o kempov\u00e1n\u00ed a karavaninku. V\u00edce jak 900 \u010dl\u00e1nk\u016f pln\u00fdch rad a tip\u016f o kempech a kempov\u00e1n\u00ed.\",\"publisher\":{\"@id\":\"https:\\\/\\\/all4camper.com\\\/cs\\\/#organization\"},\"potentialAction\":[{\"@type\":\"SearchAction\",\"target\":{\"@type\":\"EntryPoint\",\"urlTemplate\":\"https:\\\/\\\/all4camper.com\\\/cs\\\/?s={search_term_string}\"},\"query-input\":{\"@type\":\"PropertyValueSpecification\",\"valueRequired\":true,\"valueName\":\"search_term_string\"}}],\"inLanguage\":\"cs\"},{\"@type\":\"Organization\",\"@id\":\"https:\\\/\\\/all4camper.com\\\/cs\\\/#organization\",\"name\":\"All4Camper - kempujeme s Kl\u00e1rou\",\"url\":\"https:\\\/\\\/all4camper.com\\\/cs\\\/\",\"logo\":{\"@type\":\"ImageObject\",\"inLanguage\":\"cs\",\"@id\":\"https:\\\/\\\/all4camper.com\\\/cs\\\/#\\\/schema\\\/logo\\\/image\\\/\",\"url\":\"https:\\\/\\\/all4camper.com\\\/wp-content\\\/uploads\\\/2018\\\/09\\\/novelogo.png\",\"contentUrl\":\"https:\\\/\\\/all4camper.com\\\/wp-content\\\/uploads\\\/2018\\\/09\\\/novelogo.png\",\"width\":1520,\"height\":600,\"caption\":\"All4Camper - kempujeme s Kl\u00e1rou\"},\"image\":{\"@id\":\"https:\\\/\\\/all4camper.com\\\/cs\\\/#\\\/schema\\\/logo\\\/image\\\/\"}},{\"@type\":\"Person\",\"@id\":\"https:\\\/\\\/all4camper.com\\\/cs\\\/#\\\/schema\\\/person\\\/c6f1efdf1d02bc7d8c53a891cbe18c62\",\"name\":\"Kl\u00e1ra H\u00e1jkov\u00e1\",\"sameAs\":[\"http:\\\/\\\/www.all4camper.com\"],\"url\":\"https:\\\/\\\/all4camper.com\\\/cs\\\/author\\\/klarinkacestuje1\\\/\"}]}<\/script>\n<!-- \/ Yoast SEO plugin. -->","yoast_head_json":{"title":"Nejlep\u0161\u00ed kempy v Chorvatsku za rok 2018","description":"All4Camper - Nejlep\u0161\u00ed kempy v Chorvatsku za rok 2018","robots":{"index":"index","follow":"follow","max-snippet":"max-snippet:-1","max-image-preview":"max-image-preview:large","max-video-preview":"max-video-preview:-1"},"canonical":"https:\/\/all4camper.com\/cs\/nejlepsi-kempy-v-chorvatsku-za-rok-2018\/","og_locale":"cs_CZ","og_type":"article","og_title":"Nejlep\u0161\u00ed kempy v Chorvatsku za rok 2018","og_description":"All4Camper - Nejlep\u0161\u00ed kempy v Chorvatsku za rok 2018","og_url":"https:\/\/all4camper.com\/cs\/nejlepsi-kempy-v-chorvatsku-za-rok-2018\/","og_site_name":"All4Camper","article_published_time":"2018-12-12T11:29:43+00:00","article_modified_time":"2021-05-25T14:27:55+00:00","og_image":[{"width":1024,"height":683,"url":"https:\/\/all4camper.com\/wp-content\/uploads\/2018\/12\/kemp-Lupis.jpg","type":"image\/jpeg"}],"author":"Kl\u00e1ra H\u00e1jkov\u00e1","twitter_card":"summary_large_image","twitter_misc":{"Napsal(a)":"Kl\u00e1ra H\u00e1jkov\u00e1","Odhadovan\u00e1 doba \u010dten\u00ed":"9 minut"},"schema":{"@context":"https:\/\/schema.org","@graph":[{"@type":"Article","@id":"https:\/\/all4camper.com\/cs\/nejlepsi-kempy-v-chorvatsku-za-rok-2018\/#article","isPartOf":{"@id":"https:\/\/all4camper.com\/cs\/nejlepsi-kempy-v-chorvatsku-za-rok-2018\/"},"author":{"name":"Kl\u00e1ra H\u00e1jkov\u00e1","@id":"https:\/\/all4camper.com\/cs\/#\/schema\/person\/c6f1efdf1d02bc7d8c53a891cbe18c62"},"headline":"Nejlep\u0161\u00ed kempy v Chorvatsku za rok 2018","datePublished":"2018-12-12T11:29:43+00:00","dateModified":"2021-05-25T14:27:55+00:00","mainEntityOfPage":{"@id":"https:\/\/all4camper.com\/cs\/nejlepsi-kempy-v-chorvatsku-za-rok-2018\/"},"wordCount":1903,"publisher":{"@id":"https:\/\/all4camper.com\/cs\/#organization"},"image":{"@id":"https:\/\/all4camper.com\/cs\/nejlepsi-kempy-v-chorvatsku-za-rok-2018\/#primaryimage"},"thumbnailUrl":"https:\/\/all4camper.com\/wp-content\/uploads\/2018\/12\/kemp-Lupis.jpg","keywords":["Chorvatsko","Dovolen\u00e1 s d\u011btmi","Kempy a kempovac\u00ed m\u00edsta","TOPkempy"],"articleSection":["Kempov\u00e1n\u00ed a cestov\u00e1n\u00ed v Chorvatsku","Kempy a zaj\u00edmav\u00e1 m\u00edsta","TOP kempy"],"inLanguage":"cs"},{"@type":"WebPage","@id":"https:\/\/all4camper.com\/cs\/nejlepsi-kempy-v-chorvatsku-za-rok-2018\/","url":"https:\/\/all4camper.com\/cs\/nejlepsi-kempy-v-chorvatsku-za-rok-2018\/","name":"Nejlep\u0161\u00ed kempy v Chorvatsku za rok 2018","isPartOf":{"@id":"https:\/\/all4camper.com\/cs\/#website"},"primaryImageOfPage":{"@id":"https:\/\/all4camper.com\/cs\/nejlepsi-kempy-v-chorvatsku-za-rok-2018\/#primaryimage"},"image":{"@id":"https:\/\/all4camper.com\/cs\/nejlepsi-kempy-v-chorvatsku-za-rok-2018\/#primaryimage"},"thumbnailUrl":"https:\/\/all4camper.com\/wp-content\/uploads\/2018\/12\/kemp-Lupis.jpg","datePublished":"2018-12-12T11:29:43+00:00","dateModified":"2021-05-25T14:27:55+00:00","description":"All4Camper - Nejlep\u0161\u00ed kempy v Chorvatsku za rok 2018","breadcrumb":{"@id":"https:\/\/all4camper.com\/cs\/nejlepsi-kempy-v-chorvatsku-za-rok-2018\/#breadcrumb"},"inLanguage":"cs","potentialAction":[{"@type":"ReadAction","target":["https:\/\/all4camper.com\/cs\/nejlepsi-kempy-v-chorvatsku-za-rok-2018\/"]}]},{"@type":"ImageObject","inLanguage":"cs","@id":"https:\/\/all4camper.com\/cs\/nejlepsi-kempy-v-chorvatsku-za-rok-2018\/#primaryimage","url":"https:\/\/all4camper.com\/wp-content\/uploads\/2018\/12\/kemp-Lupis.jpg","contentUrl":"https:\/\/all4camper.com\/wp-content\/uploads\/2018\/12\/kemp-Lupis.jpg","width":1024,"height":683},{"@type":"BreadcrumbList","@id":"https:\/\/all4camper.com\/cs\/nejlepsi-kempy-v-chorvatsku-za-rok-2018\/#breadcrumb","itemListElement":[{"@type":"ListItem","position":1,"name":"Dom\u016f","item":"https:\/\/all4camper.com\/cs\/"},{"@type":"ListItem","position":2,"name":"Kempov\u00e1n\u00ed a cestov\u00e1n\u00ed v Chorvatsku","item":"https:\/\/all4camper.com\/cs\/category\/kempovani-a-cestovani-v-chorvatsku\/"},{"@type":"ListItem","position":3,"name":"Nejlep\u0161\u00ed kempy v Chorvatsku za rok 2018"}]},{"@type":"WebSite","@id":"https:\/\/all4camper.com\/cs\/#website","url":"https:\/\/all4camper.com\/cs\/","name":"All4Camper","description":"Nejv\u011bt\u0161\u00ed online magaz\u00edn o kempov\u00e1n\u00ed a karavaninku. V\u00edce jak 900 \u010dl\u00e1nk\u016f pln\u00fdch rad a tip\u016f o kempech a kempov\u00e1n\u00ed.","publisher":{"@id":"https:\/\/all4camper.com\/cs\/#organization"},"potentialAction":[{"@type":"SearchAction","target":{"@type":"EntryPoint","urlTemplate":"https:\/\/all4camper.com\/cs\/?s={search_term_string}"},"query-input":{"@type":"PropertyValueSpecification","valueRequired":true,"valueName":"search_term_string"}}],"inLanguage":"cs"},{"@type":"Organization","@id":"https:\/\/all4camper.com\/cs\/#organization","name":"All4Camper - kempujeme s Kl\u00e1rou","url":"https:\/\/all4camper.com\/cs\/","logo":{"@type":"ImageObject","inLanguage":"cs","@id":"https:\/\/all4camper.com\/cs\/#\/schema\/logo\/image\/","url":"https:\/\/all4camper.com\/wp-content\/uploads\/2018\/09\/novelogo.png","contentUrl":"https:\/\/all4camper.com\/wp-content\/uploads\/2018\/09\/novelogo.png","width":1520,"height":600,"caption":"All4Camper - kempujeme s Kl\u00e1rou"},"image":{"@id":"https:\/\/all4camper.com\/cs\/#\/schema\/logo\/image\/"}},{"@type":"Person","@id":"https:\/\/all4camper.com\/cs\/#\/schema\/person\/c6f1efdf1d02bc7d8c53a891cbe18c62","name":"Kl\u00e1ra H\u00e1jkov\u00e1","sameAs":["http:\/\/www.all4camper.com"],"url":"https:\/\/all4camper.com\/cs\/author\/klarinkacestuje1\/"}]}},"_links":{"self":[{"href":"https:\/\/all4camper.com\/cs\/wp-json\/wp\/v2\/posts\/73048","targetHints":{"allow":["GET"]}}],"collection":[{"href":"https:\/\/all4camper.com\/cs\/wp-json\/wp\/v2\/posts"}],"about":[{"href":"https:\/\/all4camper.com\/cs\/wp-json\/wp\/v2\/types\/post"}],"author":[{"embeddable":true,"href":"https:\/\/all4camper.com\/cs\/wp-json\/wp\/v2\/users\/4"}],"replies":[{"embeddable":true,"href":"https:\/\/all4camper.com\/cs\/wp-json\/wp\/v2\/comments?post=73048"}],"version-history":[{"count":0,"href":"https:\/\/all4camper.com\/cs\/wp-json\/wp\/v2\/posts\/73048\/revisions"}],"wp:featuredmedia":[{"embeddable":true,"href":"https:\/\/all4camper.com\/cs\/wp-json\/wp\/v2\/media\/73247"}],"wp:attachment":[{"href":"https:\/\/all4camper.com\/cs\/wp-json\/wp\/v2\/media?parent=73048"}],"wp:term":[{"taxonomy":"category","embeddable":true,"href":"https:\/\/all4camper.com\/cs\/wp-json\/wp\/v2\/categories?post=73048"},{"taxonomy":"post_tag","embeddable":true,"href":"https:\/\/all4camper.com\/cs\/wp-json\/wp\/v2\/tags?post=73048"}],"curies":[{"name":"wp","href":"https:\/\/api.w.org\/{rel}","templated":true}]}}