{"id":72765,"date":"2021-12-01T12:54:00","date_gmt":"2021-12-01T11:54:00","guid":{"rendered":"https:\/\/all4camper.com\/\/?p=72765"},"modified":"2021-12-01T13:35:41","modified_gmt":"2021-12-01T12:35:41","slug":"nekolik-rychlych-rad-pro-zimni-kempovani-v-karavanu-pro-zacatecniky","status":"publish","type":"post","link":"https:\/\/all4camper.com\/cs\/nekolik-rychlych-rad-pro-zimni-kempovani-v-karavanu-pro-zacatecniky\/","title":{"rendered":"19 rad pro zimn\u00ed kempov\u00e1n\u00ed v karavanu pro za\u010d\u00e1te\u010dn\u00edky &#8211; zimn\u00ed dovolen\u00e1 s karavanem"},"content":{"rendered":"\n<h4 class=\"wp-block-heading\">Kempujete v l\u00e9t\u011b a rozhodli jste se, \u017ee byste to cht\u011bli zkusit i v zim\u011b? M\u00e1m pro v\u00e1s n\u011bkolik z\u00e1kladn\u00edch rad, na kter\u00e9 byste nem\u011bli zapomenout pokud chcete provozovat zimn\u00ed kempov\u00e1n\u00ed v karavanu. <\/h4>\n\n\n\n<div class=\"wp-block-image\"><figure class=\"aligncenter\"><img loading=\"lazy\" decoding=\"async\" width=\"1500\" height=\"878\" src=\"https:\/\/all4camper.com\/\/wp-content\/uploads\/2018\/11\/IMG_20171231_102400.jpg\" alt=\"\" class=\"wp-image-72766\" srcset=\"https:\/\/all4camper.com\/wp-content\/uploads\/2018\/11\/IMG_20171231_102400.jpg 1500w, https:\/\/all4camper.com\/wp-content\/uploads\/2018\/11\/IMG_20171231_102400-300x176.jpg 300w, https:\/\/all4camper.com\/wp-content\/uploads\/2018\/11\/IMG_20171231_102400-150x88.jpg 150w, https:\/\/all4camper.com\/wp-content\/uploads\/2018\/11\/IMG_20171231_102400-768x450.jpg 768w\" sizes=\"auto, (max-width: 1500px) 100vw, 1500px\" \/><\/figure><\/div>\n\n\n\n<p>1.Nezapome\u0148te m\u00edt na voze <strong>zimn\u00ed pneumatiky a ve v\u00fdbav\u011b sn\u011bhov\u00e9 \u0159et\u011bzy<\/strong>. Nikdy nev\u00edte, kdy je budete pot\u0159ebovat. Samoz\u0159ejm\u011b se hod\u00ed i lopata na sn\u00edh, kter\u00e1 bude u\u017eite\u010dn\u00e1 zejm\u00e9na pokud zapadnete.<\/p>\n\n\n\n<p>2. M\u00e1te-li jakoukoliv <strong>hadici \u010di hadi\u010dku, kter\u00e9 ji\u017e doch\u00e1z\u00ed \u017eivotnost &#8211; vym\u011b\u0148te ji.<\/strong> V mrazech m\u016f\u017ee je\u0161t\u011b v\u00edce popraskat a nad\u011blat mnoho nep\u0159\u00edjemnost\u00ed.<\/p>\n\n\n\n<p>3. Pokud vyj\u00ed\u017ed\u00edte na cestu, doporu\u010duji <strong>p\u0159ed n\u00ed karavan alespo\u0148 trochu vytopit a nezapomenout p\u0159i tom otev\u0159\u00edt v\u0161echny sk\u0159\u00ed\u0148ky.<\/strong> D\u00edky tomu zabr\u00e1n\u00edte kondenzaci vody, kter\u00e1 se mohla v karavanu<strong> b\u011bhem del\u0161\u00edho odstaven\u00ed nahromadit<\/strong>. Samoz\u0159ejmost\u00ed by m\u011blo b\u00fdt i pou\u017eit\u00ed <strong>odvlh\u010dova\u010de<\/strong>. Ten se d\u00e1 koupit v jak\u00e9mkoliv hobby marketu.<\/p>\n\n\n\n<p>4. Pokud jde o n\u00e1dr\u017e na <strong>odpadn\u00ed vodu, je d\u016fle\u017eit\u00e9, aby v n\u00ed byl prost\u0159edek zabra\u0148uj\u00edc\u00ed jej\u00edmu zamrznut\u00ed.<\/strong> \u010casto se pou\u017e\u00edv\u00e1 s\u016fl, nebo v nejhor\u0161\u00edm p\u0159\u00edpad\u011b Fridex (zde si ale d\u00e1vejte velk\u00fd pozor, kam pak tuto vodu vypou\u0161t\u00edte. J\u00e1 jsem sp\u00ed\u0161e zast\u00e1ncem soli). U p\u0159\u00edv\u011bsu se doporu\u010duje nechat n\u00e1dr\u017e otev\u0159enou a odchyt\u00e1vat vodu do extern\u00ed n\u00e1doby, kterou po ka\u017ed\u00e9m pou\u017eit\u00ed mus\u00edte vyl\u00edt, aby v n\u00ed nezamrzla voda. Nejide\u00e1ln\u011bj\u0161\u00ed je stav, kdy m\u00e1te vyh\u0159\u00edvanou odpadn\u00ed n\u00e1dr\u017e.<\/p>\n\n\n\n<p>5. Nezapome\u0148te v\u0161echna <strong>t\u011bsn\u011bn\u00ed (jak u dve\u0159\u00ed, tak v oknech) namazat vhodn\u00fdm prost\u0159edkem<\/strong>. My pou\u017e\u00edv\u00e1me silikonov\u00fd olej.<\/p>\n\n\n\n<div class=\"wp-block-image\"><figure class=\"aligncenter\"><img loading=\"lazy\" decoding=\"async\" width=\"1499\" height=\"963\" src=\"https:\/\/all4camper.com\/\/wp-content\/uploads\/2018\/11\/IMG_20171228_143709.jpg\" alt=\"\" class=\"wp-image-72769\" srcset=\"https:\/\/all4camper.com\/wp-content\/uploads\/2018\/11\/IMG_20171228_143709.jpg 1499w, https:\/\/all4camper.com\/wp-content\/uploads\/2018\/11\/IMG_20171228_143709-300x193.jpg 300w, https:\/\/all4camper.com\/wp-content\/uploads\/2018\/11\/IMG_20171228_143709-150x96.jpg 150w, https:\/\/all4camper.com\/wp-content\/uploads\/2018\/11\/IMG_20171228_143709-768x493.jpg 768w\" sizes=\"auto, (max-width: 1499px) 100vw, 1499px\" \/><\/figure><\/div>\n\n\n\n<p>6. Nezapome\u0148te m\u00edt s sebou <strong>plynov\u00e9 lahve, kter\u00e9 obsahuj\u00ed propan!<\/strong> Tak\u00e9 se ujist\u011bte, \u017ee jich m\u00e1te dostatek. V pr\u016fm\u011brn\u00fdch zimn\u00edch teplot\u00e1ch se \u0159\u00edk\u00e1, \u017ee spot\u0159eba plynu je cca 3kg na den. Tak\u00e9 je fajn m\u00edt <strong>DuoControl<\/strong>. D\u00edky n\u011bmu nebudete muset v no\u010dn\u00edm mrazu vyb\u00edhat m\u011bnit plynovou l\u00e1hev.<\/p>\n\n\n\n<p>7. Ur\u010dit\u011b sebou m\u011bjte <strong>lopatu na odstra\u0148ov\u00e1n\u00ed sn\u011bhu.<\/strong> A to jak \u010derstv\u011b napadan\u00e9ho, tak taj\u00edc\u00edho. M\u016f\u017ee se st\u00e1t, \u017ee p\u0159ijedete na vybran\u00e9 m\u00edsto, kde bude kr\u00e1sn\u011b &#8222;uje\u017ed\u011bn\u00fd&#8220; sn\u00edh, teplota se zm\u011bn\u00ed a za\u010dne obleva. D\u00edky tomu m\u016f\u017eete m\u00edt p\u0159ed karavanem &#8222;rybn\u00edk&#8220;, kter\u00fd budete muset lopatou \u010di lopatkou vypr\u00e1zdnit. Pokud to neud\u011bl\u00e1te, nejen\u017ee se budete p\u0159es den &#8222;brodit&#8220; vodou, ale v no\u010dn\u00edch hodin\u00e1ch tato voda zcela jist\u011b zmrzne a do r\u00e1na budete m\u00edt kolem karavanu celkem slu\u0161n\u00e9 kluzi\u0161t\u011b.<\/p>\n\n\n\n<div class=\"wp-block-image\"><figure class=\"aligncenter\"><img loading=\"lazy\" decoding=\"async\" width=\"1500\" height=\"1125\" src=\"https:\/\/all4camper.com\/\/wp-content\/uploads\/2018\/11\/IMG_20171231_082218.jpg\" alt=\"\" class=\"wp-image-72772\" srcset=\"https:\/\/all4camper.com\/wp-content\/uploads\/2018\/11\/IMG_20171231_082218.jpg 1500w, https:\/\/all4camper.com\/wp-content\/uploads\/2018\/11\/IMG_20171231_082218-300x225.jpg 300w, https:\/\/all4camper.com\/wp-content\/uploads\/2018\/11\/IMG_20171231_082218-1440x1080.jpg 1440w, https:\/\/all4camper.com\/wp-content\/uploads\/2018\/11\/IMG_20171231_082218-150x113.jpg 150w, https:\/\/all4camper.com\/wp-content\/uploads\/2018\/11\/IMG_20171231_082218-768x576.jpg 768w, https:\/\/all4camper.com\/wp-content\/uploads\/2018\/11\/IMG_20171231_082218-678x509.jpg 678w, https:\/\/all4camper.com\/wp-content\/uploads\/2018\/11\/IMG_20171231_082218-326x245.jpg 326w, https:\/\/all4camper.com\/wp-content\/uploads\/2018\/11\/IMG_20171231_082218-80x60.jpg 80w\" sizes=\"auto, (max-width: 1500px) 100vw, 1500px\" \/><\/figure><\/div>\n\n\n\n<div class=\"wp-block-image\"><figure class=\"aligncenter\"><img loading=\"lazy\" decoding=\"async\" width=\"1500\" height=\"1125\" src=\"https:\/\/all4camper.com\/\/wp-content\/uploads\/2018\/11\/IMG_20171228_103901.jpg\" alt=\"\" class=\"wp-image-72811\" srcset=\"https:\/\/all4camper.com\/wp-content\/uploads\/2018\/11\/IMG_20171228_103901.jpg 1500w, https:\/\/all4camper.com\/wp-content\/uploads\/2018\/11\/IMG_20171228_103901-300x225.jpg 300w, https:\/\/all4camper.com\/wp-content\/uploads\/2018\/11\/IMG_20171228_103901-1440x1080.jpg 1440w, https:\/\/all4camper.com\/wp-content\/uploads\/2018\/11\/IMG_20171228_103901-150x113.jpg 150w, https:\/\/all4camper.com\/wp-content\/uploads\/2018\/11\/IMG_20171228_103901-768x576.jpg 768w, https:\/\/all4camper.com\/wp-content\/uploads\/2018\/11\/IMG_20171228_103901-678x509.jpg 678w, https:\/\/all4camper.com\/wp-content\/uploads\/2018\/11\/IMG_20171228_103901-326x245.jpg 326w, https:\/\/all4camper.com\/wp-content\/uploads\/2018\/11\/IMG_20171228_103901-80x60.jpg 80w\" sizes=\"auto, (max-width: 1500px) 100vw, 1500px\" \/><\/figure><\/div>\n\n\n\n<p>8. Kempujete-li s karavanem, nezapome\u0148te <strong>podlo\u017eit no\u017ei\u010dky dostate\u010dn\u011b \u0161irok\u00fdm prk\u00e9nkem<\/strong>. Zabr\u00e1n\u00edte tak zapadnut\u00ed no\u017ei\u010dek v p\u0159\u00edpad\u011b oblevy.<\/p>\n\n\n\n<p>9. Po\u010d\u00edtejte s t\u00edm, \u017ee kolem v\u00e1s m\u016f\u017ee proj\u00ed\u017ed\u011bt technika na odkl\u00edzen\u00ed sn\u011bhu. <strong>St\u016fjte v\u017edycky tak, abyste nep\u0159ek\u00e1\u017eeli.<\/strong><\/p>\n\n\n\n<div class=\"wp-block-image\"><figure class=\"aligncenter\"><img loading=\"lazy\" decoding=\"async\" width=\"1500\" height=\"1125\" src=\"https:\/\/all4camper.com\/\/wp-content\/uploads\/2018\/11\/IMG_20171229_085831.jpg\" alt=\"\" class=\"wp-image-72775\" srcset=\"https:\/\/all4camper.com\/wp-content\/uploads\/2018\/11\/IMG_20171229_085831.jpg 1500w, https:\/\/all4camper.com\/wp-content\/uploads\/2018\/11\/IMG_20171229_085831-300x225.jpg 300w, https:\/\/all4camper.com\/wp-content\/uploads\/2018\/11\/IMG_20171229_085831-1440x1080.jpg 1440w, https:\/\/all4camper.com\/wp-content\/uploads\/2018\/11\/IMG_20171229_085831-150x113.jpg 150w, https:\/\/all4camper.com\/wp-content\/uploads\/2018\/11\/IMG_20171229_085831-768x576.jpg 768w, https:\/\/all4camper.com\/wp-content\/uploads\/2018\/11\/IMG_20171229_085831-678x509.jpg 678w, https:\/\/all4camper.com\/wp-content\/uploads\/2018\/11\/IMG_20171229_085831-326x245.jpg 326w, https:\/\/all4camper.com\/wp-content\/uploads\/2018\/11\/IMG_20171229_085831-80x60.jpg 80w\" sizes=\"auto, (max-width: 1500px) 100vw, 1500px\" \/><\/figure><\/div>\n\n\n\n<p>10. V p\u0159\u00edpad\u011b, \u017ee pou\u017e\u00edv\u00e1te <strong>s\u00ed\u0165ov\u00fd kabel, kontrolujte ho, aby nebyl zapadan\u00fd sn\u011bhem<\/strong> a nedostal se do spoj\u016f taj\u00edc\u00ed sn\u00edh.<\/p>\n\n\n\n<p>11. Tak\u00e9 nezapome\u0148te na <strong>zimn\u00ed kryty ledni\u010dky<\/strong>. Zajist\u00edte tak jej\u00ed spr\u00e1vnou funk\u010dnost.<\/p>\n\n\n\n<p>12. <strong>Dostate\u010dn\u011b karavan v\u011btrejte.<\/strong> Zejm\u00e9na r\u00e1no, kdy v pr\u016fb\u011bhu noci, d\u00edky d\u00fdch\u00e1n\u00ed pos\u00e1dky, se v n\u011bm kondenzuje velk\u00e9 mno\u017estv\u00ed vody.<\/p>\n\n\n\n<p>13. Na podlahu <strong>polo\u017ete kobere\u010dky<\/strong>. To plat\u00ed zejm\u00e9na, pokud nem\u00e1te zimn\u00ed paket.<\/p>\n\n\n\n<p>14. Nezapome\u0148te na <strong>izolaci kabiny<\/strong>. M\u016f\u017eete pou\u017e\u00edt jak venkovn\u00ed izola\u010dn\u00ed &#8222;kab\u00e1tek&#8220;, tak vnit\u0159n\u00ed izola\u010dn\u00ed p\u0159ep\u00e1\u017eku. Z\u00e1le\u017e\u00ed jak\u00fd typ obytn\u00e9ho vozu m\u00e1te.<\/p>\n\n\n\n<div class=\"wp-block-image\"><figure class=\"aligncenter\"><img loading=\"lazy\" decoding=\"async\" width=\"1500\" height=\"925\" src=\"https:\/\/all4camper.com\/\/wp-content\/uploads\/2018\/11\/IMG_20171228_143701.jpg\" alt=\"\" class=\"wp-image-72778\" srcset=\"https:\/\/all4camper.com\/wp-content\/uploads\/2018\/11\/IMG_20171228_143701.jpg 1500w, https:\/\/all4camper.com\/wp-content\/uploads\/2018\/11\/IMG_20171228_143701-300x185.jpg 300w, https:\/\/all4camper.com\/wp-content\/uploads\/2018\/11\/IMG_20171228_143701-150x93.jpg 150w, https:\/\/all4camper.com\/wp-content\/uploads\/2018\/11\/IMG_20171228_143701-768x474.jpg 768w\" sizes=\"auto, (max-width: 1500px) 100vw, 1500px\" \/><\/figure><\/div>\n\n\n\n<p>15. Nezapom\u00ednejte kontrolovat <strong>vlhkost v rohu matrac\u00ed.<\/strong> Zejm\u00e9na u star\u0161\u00edch typ\u016f karavan\u016f hroz\u00ed, \u017ee v roz\u00edch bude d\u00edky rozd\u00edln\u00e9 teplot\u011b venku a uvnit\u0159 kondenzovat voda. Pokud se tak stane,<strong> ihned v\u0161e vysu\u0161te a vyv\u011btrejte karavan.<\/strong><\/p>\n\n\n\n<p>16. Pokud vysunujete <strong>mark\u00fdzu, sna\u017ete se ji m\u00edt v co nejv\u011bt\u0161\u00edm mo\u017en\u00e9m sklonu<\/strong>. Bude se v\u00e1m z n\u00ed l\u00e9pe odkl\u00edzet napadan\u00fd sn\u00edh.<\/p>\n\n\n\n<p>17. Bude-li v pr\u016fb\u011bhu va\u0161eho kempov\u00e1n\u00ed sn\u011b\u017eit, <strong>v\u017edy sn\u00edh sundavejte ze st\u0159echy.<\/strong> A\u010d se to nezd\u00e1, je to velk\u00e1 plocha a v\u00e1ha sn\u011bhu je vysok\u00e1. M\u011bjte sebou tedy skl\u00e1dac\u00ed \u017eeb\u0159\u00edk \u010di dostate\u010dn\u011b vysokou \u017eidli, d\u00edky kter\u00e9 se dostanete bl\u00ed\u017ee ke st\u0159e\u0161e karavanu. Tak\u00e9 je dobr\u00e9 m\u00edt velk\u00fd dlouh\u00fd smet\u00e1k.<\/p>\n\n\n\n<div class=\"wp-block-image\"><figure class=\"aligncenter\"><img loading=\"lazy\" decoding=\"async\" width=\"1500\" height=\"1125\" src=\"https:\/\/all4camper.com\/\/wp-content\/uploads\/2018\/11\/IMG_20171228_151055.jpg\" alt=\"\" class=\"wp-image-72781\" srcset=\"https:\/\/all4camper.com\/wp-content\/uploads\/2018\/11\/IMG_20171228_151055.jpg 1500w, https:\/\/all4camper.com\/wp-content\/uploads\/2018\/11\/IMG_20171228_151055-300x225.jpg 300w, https:\/\/all4camper.com\/wp-content\/uploads\/2018\/11\/IMG_20171228_151055-1440x1080.jpg 1440w, https:\/\/all4camper.com\/wp-content\/uploads\/2018\/11\/IMG_20171228_151055-150x113.jpg 150w, https:\/\/all4camper.com\/wp-content\/uploads\/2018\/11\/IMG_20171228_151055-768x576.jpg 768w, https:\/\/all4camper.com\/wp-content\/uploads\/2018\/11\/IMG_20171228_151055-678x509.jpg 678w, https:\/\/all4camper.com\/wp-content\/uploads\/2018\/11\/IMG_20171228_151055-326x245.jpg 326w, https:\/\/all4camper.com\/wp-content\/uploads\/2018\/11\/IMG_20171228_151055-80x60.jpg 80w\" sizes=\"auto, (max-width: 1500px) 100vw, 1500px\" \/><\/figure><\/div>\n\n\n\n<p>18. M\u00e1te-li spodn\u00ed z\u00e1st\u011bny, kter\u00e9 chr\u00e1n\u00ed spodek karavanu p\u0159ed promrznut\u00edm, nikdy je nenandavejte ze v\u0161ech \u010dty\u0159ech stran.<\/p>\n\n\n\n<p>19. Po\u010d\u00edtejte s t\u00edm, \u017ee se po\u010das\u00ed m\u016f\u017ee kdykoliv rychle m\u011bnit. Odpoledne bude +15\u00b0 C a v noci -15\u00b0C. D\u00edky tomu se mohou, zejm\u00e9na na alkovn\u011b, <strong>vytvo\u0159it rampouchy.<\/strong> Kontrolujte jejich velikost, aby v p\u0159\u00edpad\u011b p\u00e1du nepo\u0161kodily \u010deln\u00ed sklo vozu. Sna\u017ete se je pr\u016fb\u011b\u017en\u011b opatrn\u011b odstra\u0148ovat.<\/p>\n\n\n\n<p><strong>A na z\u00e1v\u011br n\u011bkolik motiva\u010dn\u00edch fotek ze zimn\u00edho kempov\u00e1n\u00ed. Tak kr\u00e1snou zimn\u00ed dovolenou!<\/strong><\/p>\n\n\n\n<div class=\"wp-block-image\"><figure class=\"aligncenter\"><img loading=\"lazy\" decoding=\"async\" width=\"1500\" height=\"1125\" src=\"https:\/\/all4camper.com\/\/wp-content\/uploads\/2018\/11\/IMG_20171229_085924.jpg\" alt=\"\" class=\"wp-image-72784\" srcset=\"https:\/\/all4camper.com\/wp-content\/uploads\/2018\/11\/IMG_20171229_085924.jpg 1500w, https:\/\/all4camper.com\/wp-content\/uploads\/2018\/11\/IMG_20171229_085924-300x225.jpg 300w, https:\/\/all4camper.com\/wp-content\/uploads\/2018\/11\/IMG_20171229_085924-1440x1080.jpg 1440w, https:\/\/all4camper.com\/wp-content\/uploads\/2018\/11\/IMG_20171229_085924-150x113.jpg 150w, https:\/\/all4camper.com\/wp-content\/uploads\/2018\/11\/IMG_20171229_085924-768x576.jpg 768w, https:\/\/all4camper.com\/wp-content\/uploads\/2018\/11\/IMG_20171229_085924-678x509.jpg 678w, https:\/\/all4camper.com\/wp-content\/uploads\/2018\/11\/IMG_20171229_085924-326x245.jpg 326w, https:\/\/all4camper.com\/wp-content\/uploads\/2018\/11\/IMG_20171229_085924-80x60.jpg 80w\" sizes=\"auto, (max-width: 1500px) 100vw, 1500px\" \/><\/figure><\/div>\n\n\n\n<div class=\"wp-block-image\"><figure class=\"aligncenter\"><img loading=\"lazy\" decoding=\"async\" width=\"1500\" height=\"1125\" src=\"https:\/\/all4camper.com\/\/wp-content\/uploads\/2018\/11\/IMG_20171228_143437.jpg\" alt=\"\" class=\"wp-image-72787\" srcset=\"https:\/\/all4camper.com\/wp-content\/uploads\/2018\/11\/IMG_20171228_143437.jpg 1500w, https:\/\/all4camper.com\/wp-content\/uploads\/2018\/11\/IMG_20171228_143437-300x225.jpg 300w, https:\/\/all4camper.com\/wp-content\/uploads\/2018\/11\/IMG_20171228_143437-1440x1080.jpg 1440w, https:\/\/all4camper.com\/wp-content\/uploads\/2018\/11\/IMG_20171228_143437-150x113.jpg 150w, https:\/\/all4camper.com\/wp-content\/uploads\/2018\/11\/IMG_20171228_143437-768x576.jpg 768w, https:\/\/all4camper.com\/wp-content\/uploads\/2018\/11\/IMG_20171228_143437-678x509.jpg 678w, https:\/\/all4camper.com\/wp-content\/uploads\/2018\/11\/IMG_20171228_143437-326x245.jpg 326w, https:\/\/all4camper.com\/wp-content\/uploads\/2018\/11\/IMG_20171228_143437-80x60.jpg 80w\" sizes=\"auto, (max-width: 1500px) 100vw, 1500px\" \/><\/figure><\/div>\n\n\n\n<div class=\"wp-block-image\"><figure class=\"aligncenter\"><img loading=\"lazy\" decoding=\"async\" width=\"1500\" height=\"996\" src=\"https:\/\/all4camper.com\/\/wp-content\/uploads\/2018\/11\/IMG_20171231_102625.jpg\" alt=\"\" class=\"wp-image-72793\" srcset=\"https:\/\/all4camper.com\/wp-content\/uploads\/2018\/11\/IMG_20171231_102625.jpg 1500w, https:\/\/all4camper.com\/wp-content\/uploads\/2018\/11\/IMG_20171231_102625-300x199.jpg 300w, https:\/\/all4camper.com\/wp-content\/uploads\/2018\/11\/IMG_20171231_102625-150x100.jpg 150w, https:\/\/all4camper.com\/wp-content\/uploads\/2018\/11\/IMG_20171231_102625-768x510.jpg 768w\" sizes=\"auto, (max-width: 1500px) 100vw, 1500px\" \/><\/figure><\/div>\n\n\n\n<div class=\"wp-block-image\"><figure class=\"aligncenter\"><img loading=\"lazy\" decoding=\"async\" width=\"1500\" height=\"1125\" src=\"https:\/\/all4camper.com\/\/wp-content\/uploads\/2018\/11\/IMG_20171231_102753.jpg\" alt=\"\" class=\"wp-image-72796\" srcset=\"https:\/\/all4camper.com\/wp-content\/uploads\/2018\/11\/IMG_20171231_102753.jpg 1500w, https:\/\/all4camper.com\/wp-content\/uploads\/2018\/11\/IMG_20171231_102753-300x225.jpg 300w, https:\/\/all4camper.com\/wp-content\/uploads\/2018\/11\/IMG_20171231_102753-1440x1080.jpg 1440w, https:\/\/all4camper.com\/wp-content\/uploads\/2018\/11\/IMG_20171231_102753-150x113.jpg 150w, https:\/\/all4camper.com\/wp-content\/uploads\/2018\/11\/IMG_20171231_102753-768x576.jpg 768w, https:\/\/all4camper.com\/wp-content\/uploads\/2018\/11\/IMG_20171231_102753-678x509.jpg 678w, https:\/\/all4camper.com\/wp-content\/uploads\/2018\/11\/IMG_20171231_102753-326x245.jpg 326w, https:\/\/all4camper.com\/wp-content\/uploads\/2018\/11\/IMG_20171231_102753-80x60.jpg 80w\" sizes=\"auto, (max-width: 1500px) 100vw, 1500px\" \/><\/figure><\/div>\n\n\n\n<p>P\u0159ejeme v\u00e1m s Dav\u00edm kr\u00e1sn\u00e9 zimn\u00ed kempov\u00e1n\u00ed! A\u010d se to mo\u017en\u00e1 na prvn\u00ed pohled nezd\u00e1, je to fajn a ur\u010dit\u011b kr\u00e1sn\u00e9 zpest\u0159en\u00ed va\u0161\u00ed zimn\u00ed dovolen\u00e9.<\/p>\n\n\n\n<div class=\"wp-block-image\"><figure class=\"aligncenter\"><img loading=\"lazy\" decoding=\"async\" width=\"1500\" height=\"1125\" src=\"https:\/\/all4camper.com\/\/wp-content\/uploads\/2018\/11\/IMG_20171229_131512.jpg\" alt=\"\" class=\"wp-image-72802\" srcset=\"https:\/\/all4camper.com\/wp-content\/uploads\/2018\/11\/IMG_20171229_131512.jpg 1500w, https:\/\/all4camper.com\/wp-content\/uploads\/2018\/11\/IMG_20171229_131512-300x225.jpg 300w, https:\/\/all4camper.com\/wp-content\/uploads\/2018\/11\/IMG_20171229_131512-1440x1080.jpg 1440w, https:\/\/all4camper.com\/wp-content\/uploads\/2018\/11\/IMG_20171229_131512-150x113.jpg 150w, https:\/\/all4camper.com\/wp-content\/uploads\/2018\/11\/IMG_20171229_131512-768x576.jpg 768w, https:\/\/all4camper.com\/wp-content\/uploads\/2018\/11\/IMG_20171229_131512-678x509.jpg 678w, https:\/\/all4camper.com\/wp-content\/uploads\/2018\/11\/IMG_20171229_131512-326x245.jpg 326w, https:\/\/all4camper.com\/wp-content\/uploads\/2018\/11\/IMG_20171229_131512-80x60.jpg 80w\" sizes=\"auto, (max-width: 1500px) 100vw, 1500px\" \/><\/figure><\/div>\n","protected":false},"excerpt":{"rendered":"<p>Kempujete v l\u00e9t\u011b a rozhodli jste se, \u017ee byste to cht\u011bli zkusit i v zim\u011b? M\u00e1m pro v\u00e1s n\u011bkolik z\u00e1kladn\u00edch rad, na kter\u00e9 byste nem\u011bli zapomenout pokud chcete provozovat zimn\u00ed kempov\u00e1n\u00ed v karavanu. 1.Nezapome\u0148te m\u00edt na voze zimn\u00ed pneumatiky a ve v\u00fdbav\u011b sn\u011bhov\u00e9 \u0159et\u011bzy. Nikdy nev\u00edte, kdy je budete pot\u0159ebovat. Samoz\u0159ejm\u011b se hod\u00ed i lopata [&hellip;]<\/p>\n","protected":false},"author":4,"featured_media":83767,"comment_status":"closed","ping_status":"closed","sticky":false,"template":"","format":"standard","meta":{"_monsterinsights_skip_tracking":false,"_monsterinsights_sitenote_active":false,"_monsterinsights_sitenote_note":"","_monsterinsights_sitenote_category":0,"footnotes":""},"categories":[422,341],"tags":[226,321],"class_list":{"0":"post-72765","1":"post","2":"type-post","3":"status-publish","4":"format-standard","5":"has-post-thumbnail","7":"category-novinky-kempovani-a-karavaning","8":"category-zimni-kempovani","9":"tag-rady-a-tipy","10":"tag-winter-camping"},"yoast_head":"<!-- This site is optimized with the Yoast SEO plugin v27.5 - https:\/\/yoast.com\/product\/yoast-seo-wordpress\/ -->\n<title>N\u011bkolik rychl\u00fdch rad pro zimn\u00ed kempov\u00e1n\u00ed v karavanu pro za\u010d\u00e1te\u010dn\u00edky<\/title>\n<meta name=\"description\" content=\"Kempujete v l\u00e9t\u011b a rozhodli jste se, \u017ee byste to cht\u011bli zkusit i v zim\u011b? M\u00e1m pro v\u00e1s n\u011bkolik z\u00e1kladn\u00edch rad, na kter\u00e9 byste nem\u011bli zapomenout pokud chcete provozovat zimn\u00ed kempov\u00e1n\u00ed v karavanu.\" \/>\n<meta name=\"robots\" content=\"index, follow, max-snippet:-1, max-image-preview:large, max-video-preview:-1\" \/>\n<link rel=\"canonical\" href=\"https:\/\/all4camper.com\/cs\/nekolik-rychlych-rad-pro-zimni-kempovani-v-karavanu-pro-zacatecniky\/\" \/>\n<meta property=\"og:locale\" content=\"cs_CZ\" \/>\n<meta property=\"og:type\" content=\"article\" \/>\n<meta property=\"og:title\" content=\"N\u011bkolik rychl\u00fdch rad pro zimn\u00ed kempov\u00e1n\u00ed v karavanu pro za\u010d\u00e1te\u010dn\u00edky\" \/>\n<meta property=\"og:description\" content=\"Kempujete v l\u00e9t\u011b a rozhodli jste se, \u017ee byste to cht\u011bli zkusit i v zim\u011b? M\u00e1m pro v\u00e1s n\u011bkolik z\u00e1kladn\u00edch rad, na kter\u00e9 byste nem\u011bli zapomenout pokud chcete provozovat zimn\u00ed kempov\u00e1n\u00ed v karavanu.\" \/>\n<meta property=\"og:url\" content=\"https:\/\/all4camper.com\/cs\/nekolik-rychlych-rad-pro-zimni-kempovani-v-karavanu-pro-zacatecniky\/\" \/>\n<meta property=\"og:site_name\" content=\"All4Camper\" \/>\n<meta property=\"article:published_time\" content=\"2021-12-01T11:54:00+00:00\" \/>\n<meta property=\"article:modified_time\" content=\"2021-12-01T12:35:41+00:00\" \/>\n<meta property=\"og:image\" content=\"https:\/\/all4camper.com\/wp-content\/uploads\/2018\/11\/zimn\u00ed-karavaning-rady.png\" \/>\n\t<meta property=\"og:image:width\" content=\"1200\" \/>\n\t<meta property=\"og:image:height\" content=\"696\" \/>\n\t<meta property=\"og:image:type\" content=\"image\/png\" \/>\n<meta name=\"author\" content=\"Kl\u00e1ra H\u00e1jkov\u00e1\" \/>\n<meta name=\"twitter:card\" content=\"summary_large_image\" \/>\n<meta name=\"twitter:label1\" content=\"Napsal(a)\" \/>\n\t<meta name=\"twitter:data1\" content=\"Kl\u00e1ra H\u00e1jkov\u00e1\" \/>\n\t<meta name=\"twitter:label2\" content=\"Odhadovan\u00e1 doba \u010dten\u00ed\" \/>\n\t<meta name=\"twitter:data2\" content=\"6 minut\" \/>\n<script type=\"application\/ld+json\" class=\"yoast-schema-graph\">{\"@context\":\"https:\\\/\\\/schema.org\",\"@graph\":[{\"@type\":\"Article\",\"@id\":\"https:\\\/\\\/all4camper.com\\\/cs\\\/nekolik-rychlych-rad-pro-zimni-kempovani-v-karavanu-pro-zacatecniky\\\/#article\",\"isPartOf\":{\"@id\":\"https:\\\/\\\/all4camper.com\\\/cs\\\/nekolik-rychlych-rad-pro-zimni-kempovani-v-karavanu-pro-zacatecniky\\\/\"},\"author\":{\"name\":\"Kl\u00e1ra H\u00e1jkov\u00e1\",\"@id\":\"https:\\\/\\\/all4camper.com\\\/cs\\\/#\\\/schema\\\/person\\\/c6f1efdf1d02bc7d8c53a891cbe18c62\"},\"headline\":\"19 rad pro zimn\u00ed kempov\u00e1n\u00ed v karavanu pro za\u010d\u00e1te\u010dn\u00edky &#8211; zimn\u00ed dovolen\u00e1 s karavanem\",\"datePublished\":\"2021-12-01T11:54:00+00:00\",\"dateModified\":\"2021-12-01T12:35:41+00:00\",\"mainEntityOfPage\":{\"@id\":\"https:\\\/\\\/all4camper.com\\\/cs\\\/nekolik-rychlych-rad-pro-zimni-kempovani-v-karavanu-pro-zacatecniky\\\/\"},\"wordCount\":963,\"publisher\":{\"@id\":\"https:\\\/\\\/all4camper.com\\\/cs\\\/#organization\"},\"image\":{\"@id\":\"https:\\\/\\\/all4camper.com\\\/cs\\\/nekolik-rychlych-rad-pro-zimni-kempovani-v-karavanu-pro-zacatecniky\\\/#primaryimage\"},\"thumbnailUrl\":\"https:\\\/\\\/all4camper.com\\\/wp-content\\\/uploads\\\/2018\\\/11\\\/zimn\u00ed-karavaning-rady.png\",\"keywords\":[\"Rady-tipy-informace\",\"Zimn\u00ed kempov\u00e1n\u00ed\"],\"articleSection\":[\"Novinky - Kempov\u00e1n\u00ed a karavaning\",\"Zimn\u00ed kempov\u00e1n\u00ed\"],\"inLanguage\":\"cs\"},{\"@type\":\"WebPage\",\"@id\":\"https:\\\/\\\/all4camper.com\\\/cs\\\/nekolik-rychlych-rad-pro-zimni-kempovani-v-karavanu-pro-zacatecniky\\\/\",\"url\":\"https:\\\/\\\/all4camper.com\\\/cs\\\/nekolik-rychlych-rad-pro-zimni-kempovani-v-karavanu-pro-zacatecniky\\\/\",\"name\":\"N\u011bkolik rychl\u00fdch rad pro zimn\u00ed kempov\u00e1n\u00ed v karavanu pro za\u010d\u00e1te\u010dn\u00edky\",\"isPartOf\":{\"@id\":\"https:\\\/\\\/all4camper.com\\\/cs\\\/#website\"},\"primaryImageOfPage\":{\"@id\":\"https:\\\/\\\/all4camper.com\\\/cs\\\/nekolik-rychlych-rad-pro-zimni-kempovani-v-karavanu-pro-zacatecniky\\\/#primaryimage\"},\"image\":{\"@id\":\"https:\\\/\\\/all4camper.com\\\/cs\\\/nekolik-rychlych-rad-pro-zimni-kempovani-v-karavanu-pro-zacatecniky\\\/#primaryimage\"},\"thumbnailUrl\":\"https:\\\/\\\/all4camper.com\\\/wp-content\\\/uploads\\\/2018\\\/11\\\/zimn\u00ed-karavaning-rady.png\",\"datePublished\":\"2021-12-01T11:54:00+00:00\",\"dateModified\":\"2021-12-01T12:35:41+00:00\",\"description\":\"Kempujete v l\u00e9t\u011b a rozhodli jste se, \u017ee byste to cht\u011bli zkusit i v zim\u011b? M\u00e1m pro v\u00e1s n\u011bkolik z\u00e1kladn\u00edch rad, na kter\u00e9 byste nem\u011bli zapomenout pokud chcete provozovat zimn\u00ed kempov\u00e1n\u00ed v karavanu.\",\"breadcrumb\":{\"@id\":\"https:\\\/\\\/all4camper.com\\\/cs\\\/nekolik-rychlych-rad-pro-zimni-kempovani-v-karavanu-pro-zacatecniky\\\/#breadcrumb\"},\"inLanguage\":\"cs\",\"potentialAction\":[{\"@type\":\"ReadAction\",\"target\":[\"https:\\\/\\\/all4camper.com\\\/cs\\\/nekolik-rychlych-rad-pro-zimni-kempovani-v-karavanu-pro-zacatecniky\\\/\"]}]},{\"@type\":\"ImageObject\",\"inLanguage\":\"cs\",\"@id\":\"https:\\\/\\\/all4camper.com\\\/cs\\\/nekolik-rychlych-rad-pro-zimni-kempovani-v-karavanu-pro-zacatecniky\\\/#primaryimage\",\"url\":\"https:\\\/\\\/all4camper.com\\\/wp-content\\\/uploads\\\/2018\\\/11\\\/zimn\u00ed-karavaning-rady.png\",\"contentUrl\":\"https:\\\/\\\/all4camper.com\\\/wp-content\\\/uploads\\\/2018\\\/11\\\/zimn\u00ed-karavaning-rady.png\",\"width\":1200,\"height\":696},{\"@type\":\"BreadcrumbList\",\"@id\":\"https:\\\/\\\/all4camper.com\\\/cs\\\/nekolik-rychlych-rad-pro-zimni-kempovani-v-karavanu-pro-zacatecniky\\\/#breadcrumb\",\"itemListElement\":[{\"@type\":\"ListItem\",\"position\":1,\"name\":\"Dom\u016f\",\"item\":\"https:\\\/\\\/all4camper.com\\\/cs\\\/\"},{\"@type\":\"ListItem\",\"position\":2,\"name\":\"Novinky - Kempov\u00e1n\u00ed a karavaning\",\"item\":\"https:\\\/\\\/all4camper.com\\\/cs\\\/category\\\/novinky-kempovani-a-karavaning\\\/\"},{\"@type\":\"ListItem\",\"position\":3,\"name\":\"19 rad pro zimn\u00ed kempov\u00e1n\u00ed v karavanu pro za\u010d\u00e1te\u010dn\u00edky &#8211; zimn\u00ed dovolen\u00e1 s karavanem\"}]},{\"@type\":\"WebSite\",\"@id\":\"https:\\\/\\\/all4camper.com\\\/cs\\\/#website\",\"url\":\"https:\\\/\\\/all4camper.com\\\/cs\\\/\",\"name\":\"All4Camper\",\"description\":\"Nejv\u011bt\u0161\u00ed online magaz\u00edn o kempov\u00e1n\u00ed a karavaninku. V\u00edce jak 900 \u010dl\u00e1nk\u016f pln\u00fdch rad a tip\u016f o kempech a kempov\u00e1n\u00ed.\",\"publisher\":{\"@id\":\"https:\\\/\\\/all4camper.com\\\/cs\\\/#organization\"},\"potentialAction\":[{\"@type\":\"SearchAction\",\"target\":{\"@type\":\"EntryPoint\",\"urlTemplate\":\"https:\\\/\\\/all4camper.com\\\/cs\\\/?s={search_term_string}\"},\"query-input\":{\"@type\":\"PropertyValueSpecification\",\"valueRequired\":true,\"valueName\":\"search_term_string\"}}],\"inLanguage\":\"cs\"},{\"@type\":\"Organization\",\"@id\":\"https:\\\/\\\/all4camper.com\\\/cs\\\/#organization\",\"name\":\"All4Camper - kempujeme s Kl\u00e1rou\",\"url\":\"https:\\\/\\\/all4camper.com\\\/cs\\\/\",\"logo\":{\"@type\":\"ImageObject\",\"inLanguage\":\"cs\",\"@id\":\"https:\\\/\\\/all4camper.com\\\/cs\\\/#\\\/schema\\\/logo\\\/image\\\/\",\"url\":\"https:\\\/\\\/all4camper.com\\\/wp-content\\\/uploads\\\/2018\\\/09\\\/novelogo.png\",\"contentUrl\":\"https:\\\/\\\/all4camper.com\\\/wp-content\\\/uploads\\\/2018\\\/09\\\/novelogo.png\",\"width\":1520,\"height\":600,\"caption\":\"All4Camper - kempujeme s Kl\u00e1rou\"},\"image\":{\"@id\":\"https:\\\/\\\/all4camper.com\\\/cs\\\/#\\\/schema\\\/logo\\\/image\\\/\"}},{\"@type\":\"Person\",\"@id\":\"https:\\\/\\\/all4camper.com\\\/cs\\\/#\\\/schema\\\/person\\\/c6f1efdf1d02bc7d8c53a891cbe18c62\",\"name\":\"Kl\u00e1ra H\u00e1jkov\u00e1\",\"sameAs\":[\"http:\\\/\\\/www.all4camper.com\"],\"url\":\"https:\\\/\\\/all4camper.com\\\/cs\\\/author\\\/klarinkacestuje1\\\/\"}]}<\/script>\n<!-- \/ Yoast SEO plugin. -->","yoast_head_json":{"title":"N\u011bkolik rychl\u00fdch rad pro zimn\u00ed kempov\u00e1n\u00ed v karavanu pro za\u010d\u00e1te\u010dn\u00edky","description":"Kempujete v l\u00e9t\u011b a rozhodli jste se, \u017ee byste to cht\u011bli zkusit i v zim\u011b? M\u00e1m pro v\u00e1s n\u011bkolik z\u00e1kladn\u00edch rad, na kter\u00e9 byste nem\u011bli zapomenout pokud chcete provozovat zimn\u00ed kempov\u00e1n\u00ed v karavanu.","robots":{"index":"index","follow":"follow","max-snippet":"max-snippet:-1","max-image-preview":"max-image-preview:large","max-video-preview":"max-video-preview:-1"},"canonical":"https:\/\/all4camper.com\/cs\/nekolik-rychlych-rad-pro-zimni-kempovani-v-karavanu-pro-zacatecniky\/","og_locale":"cs_CZ","og_type":"article","og_title":"N\u011bkolik rychl\u00fdch rad pro zimn\u00ed kempov\u00e1n\u00ed v karavanu pro za\u010d\u00e1te\u010dn\u00edky","og_description":"Kempujete v l\u00e9t\u011b a rozhodli jste se, \u017ee byste to cht\u011bli zkusit i v zim\u011b? M\u00e1m pro v\u00e1s n\u011bkolik z\u00e1kladn\u00edch rad, na kter\u00e9 byste nem\u011bli zapomenout pokud chcete provozovat zimn\u00ed kempov\u00e1n\u00ed v karavanu.","og_url":"https:\/\/all4camper.com\/cs\/nekolik-rychlych-rad-pro-zimni-kempovani-v-karavanu-pro-zacatecniky\/","og_site_name":"All4Camper","article_published_time":"2021-12-01T11:54:00+00:00","article_modified_time":"2021-12-01T12:35:41+00:00","og_image":[{"width":1200,"height":696,"url":"https:\/\/all4camper.com\/wp-content\/uploads\/2018\/11\/zimn\u00ed-karavaning-rady.png","type":"image\/png"}],"author":"Kl\u00e1ra H\u00e1jkov\u00e1","twitter_card":"summary_large_image","twitter_misc":{"Napsal(a)":"Kl\u00e1ra H\u00e1jkov\u00e1","Odhadovan\u00e1 doba \u010dten\u00ed":"6 minut"},"schema":{"@context":"https:\/\/schema.org","@graph":[{"@type":"Article","@id":"https:\/\/all4camper.com\/cs\/nekolik-rychlych-rad-pro-zimni-kempovani-v-karavanu-pro-zacatecniky\/#article","isPartOf":{"@id":"https:\/\/all4camper.com\/cs\/nekolik-rychlych-rad-pro-zimni-kempovani-v-karavanu-pro-zacatecniky\/"},"author":{"name":"Kl\u00e1ra H\u00e1jkov\u00e1","@id":"https:\/\/all4camper.com\/cs\/#\/schema\/person\/c6f1efdf1d02bc7d8c53a891cbe18c62"},"headline":"19 rad pro zimn\u00ed kempov\u00e1n\u00ed v karavanu pro za\u010d\u00e1te\u010dn\u00edky &#8211; zimn\u00ed dovolen\u00e1 s karavanem","datePublished":"2021-12-01T11:54:00+00:00","dateModified":"2021-12-01T12:35:41+00:00","mainEntityOfPage":{"@id":"https:\/\/all4camper.com\/cs\/nekolik-rychlych-rad-pro-zimni-kempovani-v-karavanu-pro-zacatecniky\/"},"wordCount":963,"publisher":{"@id":"https:\/\/all4camper.com\/cs\/#organization"},"image":{"@id":"https:\/\/all4camper.com\/cs\/nekolik-rychlych-rad-pro-zimni-kempovani-v-karavanu-pro-zacatecniky\/#primaryimage"},"thumbnailUrl":"https:\/\/all4camper.com\/wp-content\/uploads\/2018\/11\/zimn\u00ed-karavaning-rady.png","keywords":["Rady-tipy-informace","Zimn\u00ed kempov\u00e1n\u00ed"],"articleSection":["Novinky - Kempov\u00e1n\u00ed a karavaning","Zimn\u00ed kempov\u00e1n\u00ed"],"inLanguage":"cs"},{"@type":"WebPage","@id":"https:\/\/all4camper.com\/cs\/nekolik-rychlych-rad-pro-zimni-kempovani-v-karavanu-pro-zacatecniky\/","url":"https:\/\/all4camper.com\/cs\/nekolik-rychlych-rad-pro-zimni-kempovani-v-karavanu-pro-zacatecniky\/","name":"N\u011bkolik rychl\u00fdch rad pro zimn\u00ed kempov\u00e1n\u00ed v karavanu pro za\u010d\u00e1te\u010dn\u00edky","isPartOf":{"@id":"https:\/\/all4camper.com\/cs\/#website"},"primaryImageOfPage":{"@id":"https:\/\/all4camper.com\/cs\/nekolik-rychlych-rad-pro-zimni-kempovani-v-karavanu-pro-zacatecniky\/#primaryimage"},"image":{"@id":"https:\/\/all4camper.com\/cs\/nekolik-rychlych-rad-pro-zimni-kempovani-v-karavanu-pro-zacatecniky\/#primaryimage"},"thumbnailUrl":"https:\/\/all4camper.com\/wp-content\/uploads\/2018\/11\/zimn\u00ed-karavaning-rady.png","datePublished":"2021-12-01T11:54:00+00:00","dateModified":"2021-12-01T12:35:41+00:00","description":"Kempujete v l\u00e9t\u011b a rozhodli jste se, \u017ee byste to cht\u011bli zkusit i v zim\u011b? M\u00e1m pro v\u00e1s n\u011bkolik z\u00e1kladn\u00edch rad, na kter\u00e9 byste nem\u011bli zapomenout pokud chcete provozovat zimn\u00ed kempov\u00e1n\u00ed v karavanu.","breadcrumb":{"@id":"https:\/\/all4camper.com\/cs\/nekolik-rychlych-rad-pro-zimni-kempovani-v-karavanu-pro-zacatecniky\/#breadcrumb"},"inLanguage":"cs","potentialAction":[{"@type":"ReadAction","target":["https:\/\/all4camper.com\/cs\/nekolik-rychlych-rad-pro-zimni-kempovani-v-karavanu-pro-zacatecniky\/"]}]},{"@type":"ImageObject","inLanguage":"cs","@id":"https:\/\/all4camper.com\/cs\/nekolik-rychlych-rad-pro-zimni-kempovani-v-karavanu-pro-zacatecniky\/#primaryimage","url":"https:\/\/all4camper.com\/wp-content\/uploads\/2018\/11\/zimn\u00ed-karavaning-rady.png","contentUrl":"https:\/\/all4camper.com\/wp-content\/uploads\/2018\/11\/zimn\u00ed-karavaning-rady.png","width":1200,"height":696},{"@type":"BreadcrumbList","@id":"https:\/\/all4camper.com\/cs\/nekolik-rychlych-rad-pro-zimni-kempovani-v-karavanu-pro-zacatecniky\/#breadcrumb","itemListElement":[{"@type":"ListItem","position":1,"name":"Dom\u016f","item":"https:\/\/all4camper.com\/cs\/"},{"@type":"ListItem","position":2,"name":"Novinky - Kempov\u00e1n\u00ed a karavaning","item":"https:\/\/all4camper.com\/cs\/category\/novinky-kempovani-a-karavaning\/"},{"@type":"ListItem","position":3,"name":"19 rad pro zimn\u00ed kempov\u00e1n\u00ed v karavanu pro za\u010d\u00e1te\u010dn\u00edky &#8211; zimn\u00ed dovolen\u00e1 s karavanem"}]},{"@type":"WebSite","@id":"https:\/\/all4camper.com\/cs\/#website","url":"https:\/\/all4camper.com\/cs\/","name":"All4Camper","description":"Nejv\u011bt\u0161\u00ed online magaz\u00edn o kempov\u00e1n\u00ed a karavaninku. V\u00edce jak 900 \u010dl\u00e1nk\u016f pln\u00fdch rad a tip\u016f o kempech a kempov\u00e1n\u00ed.","publisher":{"@id":"https:\/\/all4camper.com\/cs\/#organization"},"potentialAction":[{"@type":"SearchAction","target":{"@type":"EntryPoint","urlTemplate":"https:\/\/all4camper.com\/cs\/?s={search_term_string}"},"query-input":{"@type":"PropertyValueSpecification","valueRequired":true,"valueName":"search_term_string"}}],"inLanguage":"cs"},{"@type":"Organization","@id":"https:\/\/all4camper.com\/cs\/#organization","name":"All4Camper - kempujeme s Kl\u00e1rou","url":"https:\/\/all4camper.com\/cs\/","logo":{"@type":"ImageObject","inLanguage":"cs","@id":"https:\/\/all4camper.com\/cs\/#\/schema\/logo\/image\/","url":"https:\/\/all4camper.com\/wp-content\/uploads\/2018\/09\/novelogo.png","contentUrl":"https:\/\/all4camper.com\/wp-content\/uploads\/2018\/09\/novelogo.png","width":1520,"height":600,"caption":"All4Camper - kempujeme s Kl\u00e1rou"},"image":{"@id":"https:\/\/all4camper.com\/cs\/#\/schema\/logo\/image\/"}},{"@type":"Person","@id":"https:\/\/all4camper.com\/cs\/#\/schema\/person\/c6f1efdf1d02bc7d8c53a891cbe18c62","name":"Kl\u00e1ra H\u00e1jkov\u00e1","sameAs":["http:\/\/www.all4camper.com"],"url":"https:\/\/all4camper.com\/cs\/author\/klarinkacestuje1\/"}]}},"_links":{"self":[{"href":"https:\/\/all4camper.com\/cs\/wp-json\/wp\/v2\/posts\/72765","targetHints":{"allow":["GET"]}}],"collection":[{"href":"https:\/\/all4camper.com\/cs\/wp-json\/wp\/v2\/posts"}],"about":[{"href":"https:\/\/all4camper.com\/cs\/wp-json\/wp\/v2\/types\/post"}],"author":[{"embeddable":true,"href":"https:\/\/all4camper.com\/cs\/wp-json\/wp\/v2\/users\/4"}],"replies":[{"embeddable":true,"href":"https:\/\/all4camper.com\/cs\/wp-json\/wp\/v2\/comments?post=72765"}],"version-history":[{"count":0,"href":"https:\/\/all4camper.com\/cs\/wp-json\/wp\/v2\/posts\/72765\/revisions"}],"wp:featuredmedia":[{"embeddable":true,"href":"https:\/\/all4camper.com\/cs\/wp-json\/wp\/v2\/media\/83767"}],"wp:attachment":[{"href":"https:\/\/all4camper.com\/cs\/wp-json\/wp\/v2\/media?parent=72765"}],"wp:term":[{"taxonomy":"category","embeddable":true,"href":"https:\/\/all4camper.com\/cs\/wp-json\/wp\/v2\/categories?post=72765"},{"taxonomy":"post_tag","embeddable":true,"href":"https:\/\/all4camper.com\/cs\/wp-json\/wp\/v2\/tags?post=72765"}],"curies":[{"name":"wp","href":"https:\/\/api.w.org\/{rel}","templated":true}]}}