{"id":72713,"date":"2018-11-27T19:45:19","date_gmt":"2018-11-27T18:45:19","guid":{"rendered":"https:\/\/all4camper.com\/\/?p=72713"},"modified":"2020-04-21T13:48:15","modified_gmt":"2020-04-21T11:48:15","slug":"karavan-nebo-hotel-kempovani-nebo-hotelovani","status":"publish","type":"post","link":"https:\/\/all4camper.com\/cs\/karavan-nebo-hotel-kempovani-nebo-hotelovani\/","title":{"rendered":"Karavan, nebo hotel? Kempov\u00e1n\u00ed, nebo &#8222;hotelov\u00e1n\u00ed&#8220;?"},"content":{"rendered":"<p>Dne\u0161n\u00ed m\u016fj p\u0159\u00edsp\u011bvek nebude o tipech &#8222;kam cestovat a kde kempovat&#8220;, ale sp\u00ed\u0161e takov\u00e9 m\u00e9 mal\u00e9 zamy\u0161len\u00ed se nad pobytem v hotelu vs pobytem v &#8222;karavanu&#8220;.<\/p>\n<p><strong>Rozhodla jsem se pro n\u011bj ze dvou d\u016fvod\u016f.<\/strong> T\u00edm prvn\u00edm je m\u00e1 v\u010derej\u0161\u00ed kr\u00e1tk\u00e1 konverzace s kamar\u00e1dkou, kter\u00e1 n\u011bkolik let &#8222;karavanovala&#8220;, av\u0161ak nyn\u00ed se rozhodla vr\u00e1tit k pobyt\u016fm v hotelech a penzionech, a polo\u017eila mi tuto ot\u00e1zku k zamy\u0161len\u00ed.<\/p>\n<p>No a druh\u00fd d\u016fvod vlastn\u011b navazuje na ten prvn\u00ed :-). D\u00edky spolupr\u00e1ci se zahrani\u010dn\u00edmi turistick\u00fdmi centr\u00e1lami jsem toho letos hodn\u011b nacestovala i jinak, ne\u017e karavanem, a t\u00edm p\u00e1dem jsem \u010dasto bydlela po hotelech. <strong>Mohla jsem si tak ud\u011blat osobn\u00ed srovn\u00e1n\u00ed mezi kempov\u00e1n\u00edm a &#8222;hotelov\u00e1n\u00edm&#8220;, kter\u00e9 si v\u00e1m dnes dovol\u00edm nast\u00ednit.<\/strong><\/p>\n<h2>Karavan, nebo hotel? Kempov\u00e1n\u00ed, nebo &#8222;hotelov\u00e1n\u00ed&#8220;?<\/h2>\n<p><img loading=\"lazy\" decoding=\"async\" class=\" wp-image-72714 aligncenter\" src=\"https:\/\/all4camper.com\/\/wp-content\/uploads\/2018\/11\/Untitled-design.png\" alt=\"\" width=\"790\" height=\"418\" srcset=\"https:\/\/all4camper.com\/wp-content\/uploads\/2018\/11\/Untitled-design.png 850w, https:\/\/all4camper.com\/wp-content\/uploads\/2018\/11\/Untitled-design-300x159.png 300w, https:\/\/all4camper.com\/wp-content\/uploads\/2018\/11\/Untitled-design-150x79.png 150w, https:\/\/all4camper.com\/wp-content\/uploads\/2018\/11\/Untitled-design-768x407.png 768w\" sizes=\"auto, (max-width: 790px) 100vw, 790px\" \/><\/p>\n<p>Asi v\u011bt\u0161inu z v\u00e1s napadne, \u017ee pokud tento \u010dl\u00e1nek p\u00ed\u0161i j\u00e1, tak z\u00e1konit\u011b mus\u00edm napsat, \u017ee &#8222;samoz\u0159ejm\u011b karavan a kempov\u00e1n\u00ed&#8220;. Nen\u00ed to tak.<\/p>\n<p><strong>M\u00e1m-li b\u00fdt alespo\u0148 trochu objektivn\u00ed, mus\u00edm si tento jednozna\u010dn\u00fd z\u00e1v\u011br te\u010f na za\u010d\u00e1tku \u010dl\u00e1nku zak\u00e1zat a pokusit se to v\u0161e, alespo\u0148 z m\u00e9ho pohledu, zd\u016fvodnit &#8230; <\/strong>samoz\u0159ejm\u011b s nads\u00e1zkou ;-).<\/p>\n<h3>Hotel<\/h3>\n<p>Pobyt v hotelu, pokud si vyberete opravdu hezk\u00fd hotel pln\u00fd p\u0159\u00edjemn\u00fdch a kvalitn\u00edch slu\u017eeb, je jist\u011b super a bezesporu se jedn\u00e1 o spln\u011bn\u00e9 p\u0159\u00e1n\u00ed &#8222;luxusn\u00ed&#8220; relaxace a odpo\u010dinku.<\/p>\n<p>A te\u010f si to p\u0159edstavte.<\/p>\n<p>Vstupujete do kr\u00e1sn\u011b uklizen\u00e9ho pokoje, kde na v\u00e1s \u010dek\u00e1 velk\u00e1 postel s po\u0159\u00e1dn\u00fdmi pol\u0161t\u00e1\u0159i a pe\u0159inou. Samoz\u0159ejmost\u00ed je dle interieru slad\u011bn\u00e9 povle\u010den\u00ed a dopl\u0148ky a tak\u00e9 vo\u0148av\u00e1 koupelna l\u00e1kaj\u00edc\u00ed k okam\u017eit\u00e9mu pou\u017eit\u00ed. To v\u0161e dopln\u011bn\u00e9 jistotou v\u00fdborn\u00e9 sn\u00eddan\u011b, nej\u010dast\u011bji ve form\u011b \u0161v\u00e9dsk\u00e9ho stolu.<\/p>\n<p><img loading=\"lazy\" decoding=\"async\" class=\"aligncenter wp-image-72717\" src=\"https:\/\/all4camper.com\/\/wp-content\/uploads\/2018\/11\/apartment-1822409_1280.jpg\" alt=\"\" width=\"800\" height=\"534\" srcset=\"https:\/\/all4camper.com\/wp-content\/uploads\/2018\/11\/apartment-1822409_1280.jpg 1280w, https:\/\/all4camper.com\/wp-content\/uploads\/2018\/11\/apartment-1822409_1280-300x200.jpg 300w, https:\/\/all4camper.com\/wp-content\/uploads\/2018\/11\/apartment-1822409_1280-150x100.jpg 150w, https:\/\/all4camper.com\/wp-content\/uploads\/2018\/11\/apartment-1822409_1280-768x512.jpg 768w\" sizes=\"auto, (max-width: 800px) 100vw, 800px\" \/><\/p>\n<p><strong>A co teprve hotelov\u00e9 loby.<\/strong><\/p>\n<p>V\u0161e je \u010dist\u00e9, na\u010dan\u010dan\u00e9, nechyb\u00ed dekorace spojen\u00e9 s obdob\u00edm, ve kter\u00e9m do hotelu vstupujete. Na recepci se na v\u00e1s usm\u00edv\u00e1 kr\u00e1sn\u00e1 sle\u010dna, nebo p\u0159\u00edjemn\u00fd mlad\u00fd mu\u017e a restaurace nab\u00edz\u00ed opravdu lahodn\u00e9 menu.<\/p>\n<p>\u017d\u00e1dn\u00e9 hrnce a &#8222;uma\u0161t\u011bn\u00e9 p\u00e1nve&#8220; v mal\u00e9m d\u0159ezu va\u0161eho karavanu, \u017e\u00e1dn\u00fd p\u00edsek \u010di bahno u jeho vchodov\u00fdch dve\u0159\u00ed, \u017e\u00e1dn\u00e1 nutnost po ka\u017ed\u00e9m sprchov\u00e1n\u00ed tu koupelnu po\u0159\u00e1dn\u011b vyt\u0159\u00edt \u010di vyv\u011btrat a desinfek\u010dn\u00edmi ubrousky po pou\u017eit\u00ed WC jej trochu ut\u0159\u00edt.<\/p>\n<p><img loading=\"lazy\" decoding=\"async\" class=\"wp-image-72720 aligncenter\" src=\"https:\/\/all4camper.com\/\/wp-content\/uploads\/2018\/11\/lobby-346426_1280.jpg\" alt=\"\" width=\"800\" height=\"456\" srcset=\"https:\/\/all4camper.com\/wp-content\/uploads\/2018\/11\/lobby-346426_1280.jpg 1280w, https:\/\/all4camper.com\/wp-content\/uploads\/2018\/11\/lobby-346426_1280-300x171.jpg 300w, https:\/\/all4camper.com\/wp-content\/uploads\/2018\/11\/lobby-346426_1280-150x86.jpg 150w, https:\/\/all4camper.com\/wp-content\/uploads\/2018\/11\/lobby-346426_1280-768x438.jpg 768w\" sizes=\"auto, (max-width: 800px) 100vw, 800px\" \/><\/p>\n<h3>&#8222;Karavan&#8220;<\/h3>\n<p>Kdy\u017e kone\u010dn\u011b po cel\u00e9m t\u00fddnu p\u0159ijde den &#8222;D&#8220;, p\u0159ipravujete &#8222;karavan&#8220; na napl\u00e1novan\u00fd odjezd. Doma otev\u00edr\u00e1te ledni\u010dku a v\u011bt\u0161inu jej\u00edho obsahu p\u0159enos\u00edte do va\u0161\u00ed! karavanov\u00e9 ledni\u010dky. Samoz\u0159ejm\u011b, je\u0161t\u011b p\u0159ed odjezdem prob\u00edh\u00e1 rychl\u00e1 kontrola,&nbsp;zda jste na n\u011bco nezapomn\u011bli a pokud ano, tak se stejn\u011b nic ned\u011bje, proto\u017ee koupit se d\u00e1 dnes po cest\u011b v\u0161e a <strong>re\u00e1ln\u011b toho stejn\u011b moc nepot\u0159ebujete<\/strong>.<\/p>\n<p><img loading=\"lazy\" decoding=\"async\" class=\"aligncenter wp-image-72726\" src=\"https:\/\/all4camper.com\/\/wp-content\/uploads\/2018\/11\/DSC00012.jpg\" alt=\"\" width=\"800\" height=\"450\" srcset=\"https:\/\/all4camper.com\/wp-content\/uploads\/2018\/11\/DSC00012.jpg 1920w, https:\/\/all4camper.com\/wp-content\/uploads\/2018\/11\/DSC00012-150x84.jpg 150w, https:\/\/all4camper.com\/wp-content\/uploads\/2018\/11\/DSC00012-300x169.jpg 300w, https:\/\/all4camper.com\/wp-content\/uploads\/2018\/11\/DSC00012-768x432.jpg 768w, https:\/\/all4camper.com\/wp-content\/uploads\/2018\/11\/DSC00012-200x113.jpg 200w, https:\/\/all4camper.com\/wp-content\/uploads\/2018\/11\/DSC00012-400x225.jpg 400w, https:\/\/all4camper.com\/wp-content\/uploads\/2018\/11\/DSC00012-600x338.jpg 600w, https:\/\/all4camper.com\/wp-content\/uploads\/2018\/11\/DSC00012-800x450.jpg 800w, https:\/\/all4camper.com\/wp-content\/uploads\/2018\/11\/DSC00012-1200x675.jpg 1200w, https:\/\/all4camper.com\/wp-content\/uploads\/2018\/11\/DSC00012-1536x864.jpg 1536w, https:\/\/all4camper.com\/wp-content\/uploads\/2018\/11\/DSC00012-678x381.jpg 678w\" sizes=\"auto, (max-width: 800px) 100vw, 800px\" \/><\/p>\n<p><strong>Samoz\u0159ejm\u011b, karavan jste si museli p\u0159ed odjezdem sami uklidit a pokud se nestihla v\u00fdm\u011bna povle\u010den\u00ed, tak to prost\u011b zvl\u00e1dnete v tom star\u00e9m.<\/strong><\/p>\n<p>Taky nesm\u00edte zapomenout na dopln\u011bn\u00ed chemie do va\u0161\u00ed! chemick\u00e9 toalety a napustit pitnou vodu. Chcete p\u0159eci to va\u0161e! n\u00e1dob\u00ed v n\u011b\u010dem um\u00fdvat a rodina se pot\u0159ebuje ve\u010der vykoupat ve va\u0161\u00ed! koupeln\u011b.<\/p>\n<p>M\u00e1te dostatek plynu? Pokud ne a venku nemrzne, i to se d\u00e1 vy\u0159e\u0161it. Jednodu\u0161e propanbutanovou l\u00e1hev koup\u00edte po cest\u011b na benz\u00ednov\u00e9 pump\u011b. Kdo by se t\u00edm tr\u00e1pil.<\/p>\n<p>Tak\u017ee &#8211; m\u00e1te j\u00eddlo, m\u00e1te plyn na topen\u00ed a va\u0159en\u00ed, m\u00e1te vodu a plno dal\u0161\u00edch v\u011bc\u00ed, o kter\u00fdch se domn\u00edv\u00e1te, \u017ee v r\u00e1mci na\u0161eho &#8222;pobytu&#8220; budete pot\u0159ebovat a &#8230;<\/p>\n<p><img loading=\"lazy\" decoding=\"async\" class=\"wp-image-72729 aligncenter\" src=\"https:\/\/all4camper.com\/\/wp-content\/uploads\/2018\/11\/14192081_1788701248010453_9146047701272398967_n.jpg\" alt=\"\" width=\"800\" height=\"600\" srcset=\"https:\/\/all4camper.com\/wp-content\/uploads\/2018\/11\/14192081_1788701248010453_9146047701272398967_n.jpg 960w, https:\/\/all4camper.com\/wp-content\/uploads\/2018\/11\/14192081_1788701248010453_9146047701272398967_n-300x225.jpg 300w, https:\/\/all4camper.com\/wp-content\/uploads\/2018\/11\/14192081_1788701248010453_9146047701272398967_n-150x113.jpg 150w, https:\/\/all4camper.com\/wp-content\/uploads\/2018\/11\/14192081_1788701248010453_9146047701272398967_n-768x576.jpg 768w, https:\/\/all4camper.com\/wp-content\/uploads\/2018\/11\/14192081_1788701248010453_9146047701272398967_n-678x509.jpg 678w, https:\/\/all4camper.com\/wp-content\/uploads\/2018\/11\/14192081_1788701248010453_9146047701272398967_n-326x245.jpg 326w, https:\/\/all4camper.com\/wp-content\/uploads\/2018\/11\/14192081_1788701248010453_9146047701272398967_n-80x60.jpg 80w\" sizes=\"auto, (max-width: 800px) 100vw, 800px\" \/><\/p>\n<p><strong>&#8230; vyr\u00e1\u017e\u00edte! <\/strong><\/p>\n<p>Nejlep\u0161\u00ed na tom je, \u017ee je \u00fapln\u011b jedno kolik je hodin a je jedno kdy kam p\u0159ijedete, nebo kde se zdr\u017e\u00edte.<\/p>\n<p>A kam to bude?<\/p>\n<p>Pokud jedete na v\u00edkend, c\u00edl m\u00e1te s nejv\u011bt\u0161\u00ed pravd\u011bpodobnost\u00ed dop\u0159edu dan\u00fd. Pokud jedete na v\u00edce dn\u00ed, <strong>c\u00edl se m\u016f\u017ee v pr\u016fb\u011bhu cestov\u00e1n\u00ed m\u011bnit<\/strong> tak, jak se bude m\u011bnit pot\u0159eba a n\u00e1lada va\u0161\u00ed pos\u00e1dky.<\/p>\n<p>D\u016fle\u017eit\u00e9 je, \u017ee si u\u017e\u00edv\u00e1te&nbsp;u\u017e i tu cestu a u\u017e v r\u00e1mci n\u00ed v\u00e1m za\u010dala dovolen\u00e1, nebo kr\u00e1tkodob\u00e9 volno. No a pak taky to, \u017ee v\u0161e, co si vezete s sebou je va\u0161e! a nemus\u00edte se tak s nik\u00fdm o nic d\u011blit.<\/p>\n<h3>&#8222;Hotelov\u00e1n\u00ed&#8220;<\/h3>\n<p>Stra\u0161n\u011b moc se t\u011b\u0161\u00edte na pobyt. Abyste se ve vybran\u00e9m&nbsp;hotelu mohli ubytovat, mus\u00edte se tam n\u011bjak dopravit. Nastartujete tedy v\u00e1\u0161 rodinn\u00fd v\u016fz, rodina v n\u011bm pochopiteln\u011b sed\u00ed s v\u00e1mi, a vyr\u00e1\u017e\u00edme. Trochu se t\u00edsn\u00edte, ale nevad\u00ed. &#8230; No &#8230; Jen\u017ee!<\/p>\n<p><img loading=\"lazy\" decoding=\"async\" class=\"wp-image-72732 aligncenter\" src=\"https:\/\/all4camper.com\/\/wp-content\/uploads\/2018\/11\/reception-2507752_1280.jpg\" alt=\"\" width=\"800\" height=\"533\" srcset=\"https:\/\/all4camper.com\/wp-content\/uploads\/2018\/11\/reception-2507752_1280.jpg 1280w, https:\/\/all4camper.com\/wp-content\/uploads\/2018\/11\/reception-2507752_1280-300x200.jpg 300w, https:\/\/all4camper.com\/wp-content\/uploads\/2018\/11\/reception-2507752_1280-150x100.jpg 150w, https:\/\/all4camper.com\/wp-content\/uploads\/2018\/11\/reception-2507752_1280-768x512.jpg 768w\" sizes=\"auto, (max-width: 800px) 100vw, 800px\" \/><\/p>\n<p>Do hotelu m\u016f\u017eeme p\u0159ijet, respektive se v n\u011bm ubytovat, <strong>a\u017e od ur\u010dit\u00e9 hodiny &#8230; <\/strong>a v&nbsp;den odjezdu na v\u00e1s &#8222;vol\u00e1&#8220; cedulka, \u010di informa\u010dn\u00ed let\u00e1k, um\u00edst\u011bn\u00e1 ve va\u0161em&nbsp;<strong>do\u010dasn\u00e9m<\/strong> hotelov\u00e9m pokoji, \u017ee dnes se odj\u00ed\u017ed\u00ed, a tak mus\u00edte<strong> brzy r\u00e1no vst\u00e1vat a cht\u011b necht\u011b pokoj opustit.<\/strong><\/p>\n<p>Samoz\u0159ejm\u011b, to v\u0161e bez ohledu na to, zda m\u00e1te \u010di nem\u00e1te napl\u00e1novanou proch\u00e1zku po okol\u00ed hotelu atd. &#8230; Tedy pokud si nechcete zbyte\u010dn\u011b p\u0159iplatit je\u0161t\u011b jednu noc, kterou tam ale nez\u016fstanete, proto\u017ee dal\u0161\u00ed r\u00e1no v\u00e1s bude \u010dekat to sam\u00e9. Popravd\u011b &#8211; nic moc, proto\u017ee odpoledn\u00ed mo\u017enost ubytov\u00e1n\u00ed se v\u00e1m sebralo p\u016fl p\u00e1tku a nutnost r\u00e1no opustit pokoj zase \u010d\u00e1st ned\u011ble. Nicm\u00e9n\u011b &#8211; mohli jste bydlet v hotelu a spali jste v n\u011bm dv\u011b! noci.<\/p>\n<p>Kdy\u017e je hezky a m\u00e1te to \u0161t\u011bst\u00ed, \u017ee pokoj m\u00e1 balk\u00f3n, ur\u010dit\u011b si b\u011bhem dne na n\u011bj sednete a m\u016f\u017eete pozorovat prot\u011bj\u0161\u00ed hotelov\u00e1 okna, hotelov\u00e9 p\u0159\u00edzem\u00ed, ulici a to nejlep\u0161\u00ed! Sly\u0161\u00edte o \u010dem v\u0161em si pov\u00edd\u00e1 v\u00e1\u0161 soused s man\u017eelkou na balkon\u011b, kter\u00fd je vzd\u00e1len maxim\u00e1ln\u011b 2 metry. Sice ho nezn\u00e1te, ale to nevad\u00ed. Je to v\u00e1\u0161 nyn\u011bj\u0161\u00ed soused!<\/p>\n<p>Ve\u010der si to sam\u00e9 pochopiteln\u011b zopakujete, proto\u017ee co je hez\u010d\u00edho, ne\u017e s ve\u010derem sed\u011bt &#8222;venku&#8220; na balkon\u011b, relaxovat a poslouchat to &#8222;m\u011bstsk\u00e9&#8220; ticho a \u0161vito\u0159en\u00ed ve\u010dern\u00edho hotelu.<\/p>\n<p><img loading=\"lazy\" decoding=\"async\" class=\"wp-image-72735 aligncenter\" src=\"https:\/\/all4camper.com\/\/wp-content\/uploads\/2018\/11\/building-691033_1280.jpg\" alt=\"\" width=\"800\" height=\"600\" srcset=\"https:\/\/all4camper.com\/wp-content\/uploads\/2018\/11\/building-691033_1280.jpg 1280w, https:\/\/all4camper.com\/wp-content\/uploads\/2018\/11\/building-691033_1280-300x225.jpg 300w, https:\/\/all4camper.com\/wp-content\/uploads\/2018\/11\/building-691033_1280-150x113.jpg 150w, https:\/\/all4camper.com\/wp-content\/uploads\/2018\/11\/building-691033_1280-768x576.jpg 768w, https:\/\/all4camper.com\/wp-content\/uploads\/2018\/11\/building-691033_1280-678x509.jpg 678w, https:\/\/all4camper.com\/wp-content\/uploads\/2018\/11\/building-691033_1280-326x245.jpg 326w, https:\/\/all4camper.com\/wp-content\/uploads\/2018\/11\/building-691033_1280-80x60.jpg 80w\" sizes=\"auto, (max-width: 800px) 100vw, 800px\" \/><\/p>\n<p>A pokud se v\u00e1m hotel po p\u0159\u00edjezdu na m\u00edsto nel\u00edb\u00ed? M\u00e1te sm\u016flu. Prost\u011b tam budete vyhrazen\u00fd \u010das bydlet, proto\u017ee p\u0159edstava, \u017ee v odpoledn\u00edch hodin\u00e1ch budete hledat jin\u00fd hotel , nebo v tomto vybran\u00e9m hotelu platit stornopoplatek za zru\u0161en\u00ed rezervace &#8230; To tedy ne! Kdy\u017e u\u017e jste tady, tak tu prost\u011b z\u016fstanete &#8230;<\/p>\n<p>A co d\u00e1l.<\/p>\n<p><strong>Varianta 1:<\/strong>&nbsp;je tu ve\u010de\u0159e! Hur\u00e1, u\u017e jste m\u011bli v\u0161ichni opravdu hlad. Ale proto\u017ee m\u00e1te zaplacenou polopenzi, tak se p\u0159eci nebudeme &#8222;l\u00e1dovat&#8220; bagetami zakoupen\u00fdmi&nbsp;v nejbli\u017e\u0161\u00edm obchodu. Prost\u011b po\u010dk\u00e1te a s minim\u00e1ln\u011b p\u016flkou hotelu vyraz\u00edte sm\u011br ve\u010de\u0159e v p\u0159edem stanoven\u00fd \u010das ;-).<\/p>\n<p>Restaurace je samoz\u0159ejm\u011b z v\u011bt\u0161\u00ed \u010d\u00e1sti pln\u00e1, d\u011bti to tam nebav\u00ed (koho by bavilo sed\u011bt tak dlouho v uzav\u0159en\u00e9 a nudn\u00e9 m\u00edstnosti s pln\u00fdm b\u0159ichem), a tak se rychle naj\u00edte a vyd\u00e1v\u00e1te se k va\u0161emu kr\u00e1sn\u00e9mu hotelov\u00e9mu pokoji. Zde budeme tr\u00e1vit dne\u0161n\u00ed ve\u010der. Hezky v teple a \u00fatulnu se zapnutou TV &#8230; Tedy pokud se nerozhodnete si opakovan\u011b proj\u00edt &#8222;betonov\u00e9&#8220; okol\u00ed hotelu, kter\u00e9 jste v\u0161ak b\u011bhem dne ji\u017e nejm\u00e9n\u011b jednou vid\u011bli a pro\u0161li.<\/p>\n<p><img loading=\"lazy\" decoding=\"async\" class=\"wp-image-72741 aligncenter\" src=\"https:\/\/all4camper.com\/\/wp-content\/uploads\/2018\/11\/chinese-925111_1280.jpg\" alt=\"\" width=\"800\" height=\"533\" srcset=\"https:\/\/all4camper.com\/wp-content\/uploads\/2018\/11\/chinese-925111_1280.jpg 1280w, https:\/\/all4camper.com\/wp-content\/uploads\/2018\/11\/chinese-925111_1280-300x200.jpg 300w, https:\/\/all4camper.com\/wp-content\/uploads\/2018\/11\/chinese-925111_1280-150x100.jpg 150w, https:\/\/all4camper.com\/wp-content\/uploads\/2018\/11\/chinese-925111_1280-768x512.jpg 768w\" sizes=\"auto, (max-width: 800px) 100vw, 800px\" \/><\/p>\n<p><strong>Varianta 2:<\/strong> s partnerem se vyd\u00e1te do kr\u00e1sn\u00e9 hotelov\u00e9 restaurace, kde ne\u0159e\u0161\u00edte \u010das. Sami si z l\u00e1kaj\u00edc\u00edho hotelov\u00e9ho menu vyb\u00edr\u00e1te sam\u00e9 dobroty, cink\u00e1te skleni\u010dkami napln\u011bn\u00fdmi lahodn\u00fdm mokem a jste tak trochu ru\u0161eni &#8222;sousedn\u00edm stolem&#8220;, kter\u00fd je vzd\u00e1len cca 30 cm od hrany va\u0161eho stolu.<\/p>\n<p>Nevad\u00ed!<\/p>\n<p>Romantiku v\u00e1m p\u0159ece nikdo nevezme, obzvl\u00e1\u0161t\u011b kdy\u017e sed\u00edte v tak kr\u00e1sn\u00fdch prostorech zdej\u0161\u00ed &#8222;vystajlovan\u00e9&#8220; restaurace, kam sice sv\u011btlo moc nejde, je trochu pln\u00e1, ale kdo by to v ten moment \u0159e\u0161il. M\u00e1te romantickou ve\u010de\u0159i a kone\u010dn\u011b! Nemus\u00ed se va\u0159it!<\/p>\n<p><img loading=\"lazy\" decoding=\"async\" class=\"wp-image-72738 aligncenter\" src=\"https:\/\/all4camper.com\/\/wp-content\/uploads\/2018\/11\/decoration-2697944_1280.jpg\" alt=\"\" width=\"800\" height=\"533\" srcset=\"https:\/\/all4camper.com\/wp-content\/uploads\/2018\/11\/decoration-2697944_1280.jpg 1280w, https:\/\/all4camper.com\/wp-content\/uploads\/2018\/11\/decoration-2697944_1280-300x200.jpg 300w, https:\/\/all4camper.com\/wp-content\/uploads\/2018\/11\/decoration-2697944_1280-150x100.jpg 150w, https:\/\/all4camper.com\/wp-content\/uploads\/2018\/11\/decoration-2697944_1280-768x512.jpg 768w\" sizes=\"auto, (max-width: 800px) 100vw, 800px\" \/><\/p>\n<h3>Kempov\u00e1n\u00ed<\/h3>\n<p>P\u0159ij\u00ed\u017ed\u00edte na vybran\u00e9&nbsp; m\u00edsto, kde chcete tr\u00e1vit sv\u016fj voln\u00fd \u010das. Doba p\u0159\u00edjezdu je r\u016fznorod\u00e1 a odr\u00e1\u017e\u00ed se od \u010dasu, ve kter\u00fd jste z domova vyjeli. Ka\u017ed\u00e9mu je toti\u017e jedno v kolik p\u0159ijedete. V\u0161e je jen na v\u00e1s.<\/p>\n<p>Po p\u0159\u00edjezdu si m\u00edsto prohl\u00e9dnete a kempujete-li mimo kemp (v\u017edy! na povolen\u00e9m m\u00edst\u011b), najdete ten nejti\u0161\u0161\u00ed a nejkr\u00e1sn\u011bj\u0161\u00ed kout, kter\u00fd v\u00e1s zaujme.<\/p>\n<p>V pohod\u011b a klidu &#8222;zaparkujete&#8220; a v mezi\u010dase, kdy jeden z v\u00e1s vyndav\u00e1 kempingov\u00e9 \u017eidli\u010dky a st\u016fl, d\u011bti se rozb\u00edhaj\u00ed prozkoumat co zaj\u00edmav\u00e9ho je ve va\u0161em okol\u00ed, p\u0159iprav\u00edte mal\u00e9 poho\u0161t\u011bn\u00ed, nebo si uva\u0159\u00edte k\u00e1vu \u010di nalijete drink. V\u0161e v klidu a pohod\u011b.<\/p>\n<p>Samoz\u0159ejm\u011b se rozhl\u00e9dnete a zjist\u00edte, \u017ee kolem v\u00e1s je kr\u00e1sn\u00e1 p\u0159\u00edroda a nedaleko turistick\u00e9 stezky \u010dekaj\u00edc\u00ed na va\u0161e objeven\u00ed. Kdo by ale posp\u00edchal. Te\u010f si vychutn\u00e1te ten klid a nicned\u011bl\u00e1n\u00ed, stejn\u011b jako atmosf\u00e9ru tohoto nov\u011b nav\u0161t\u00edven\u00e9ho m\u00edsta.<\/p>\n<p>Taky se m\u016f\u017ee st\u00e1t, \u017ee m\u00edsto, na kter\u00e9 jste p\u0159ijeli v\u00e1m nevyhovuje. \u017d\u00e1dn\u00fd probl\u00e9m. Sta\u010d\u00ed popojet o p\u00e1r set metr\u016f \u010di kilometr\u016f s pou\u017eit\u00edm Google mapy \u010di aplikace, kter\u00e1 prozrad\u00ed kde je dal\u0161\u00ed nejbli\u017e\u0161\u00ed m\u00edsto pro kempov\u00e1n\u00ed mimo kempy a je vy\u0159e\u0161eno.<\/p>\n<p><img loading=\"lazy\" decoding=\"async\" class=\"aligncenter wp-image-72744\" src=\"https:\/\/all4camper.com\/\/wp-content\/uploads\/2018\/11\/IMG_20180908_163131-e1543340333643.jpg\" alt=\"\" width=\"800\" height=\"432\" srcset=\"https:\/\/all4camper.com\/wp-content\/uploads\/2018\/11\/IMG_20180908_163131-e1543340333643.jpg 2553w, https:\/\/all4camper.com\/wp-content\/uploads\/2018\/11\/IMG_20180908_163131-e1543340333643-300x162.jpg 300w, https:\/\/all4camper.com\/wp-content\/uploads\/2018\/11\/IMG_20180908_163131-e1543340333643-1920x1036.jpg 1920w, https:\/\/all4camper.com\/wp-content\/uploads\/2018\/11\/IMG_20180908_163131-e1543340333643-150x81.jpg 150w, https:\/\/all4camper.com\/wp-content\/uploads\/2018\/11\/IMG_20180908_163131-e1543340333643-768x415.jpg 768w, https:\/\/all4camper.com\/wp-content\/uploads\/2018\/11\/IMG_20180908_163131-e1543340333643-1536x829.jpg 1536w, https:\/\/all4camper.com\/wp-content\/uploads\/2018\/11\/IMG_20180908_163131-e1543340333643-2048x1105.jpg 2048w\" sizes=\"auto, (max-width: 800px) 100vw, 800px\" \/><\/p>\n<p>Rodina \u0159\u00edk\u00e1, \u017ee m\u00e1 hlad. Co na to, \u017ee je\u0161t\u011b nen\u00ed \u010das ve\u010de\u0159e. V rychlosti otev\u00edr\u00e1te ledni\u010dku, vynd\u00e1te v\u0161e, co v\u00e1s napadne, nand\u00e1te na tal\u00ed\u0159 a b\u011bhem p\u00e1r minut zvete ostatn\u00ed \u010dleny rodiny k rychl\u00e9 sva\u010din\u011b.<\/p>\n<p>Nebo se v\u00e1m zd\u00e1, \u017ee u\u017e by bylo fajn ud\u011blat ve\u010de\u0159i?<\/p>\n<p><strong>Varianta 1:<\/strong> Nen\u00ed nic jednodu\u0161\u0161\u00edho, ne\u017e vyndat gril, z ledni\u010dky z domova p\u0159ipraven\u00e9 maso a pustit se do grilov\u00e1n\u00ed (je-li na m\u00edst\u011b povoleno). Do hodinky m\u00e1te v\u0161ichni pln\u00e1 b\u0159icha, d\u011bti v mezi\u010dase odb\u00edhaj\u00ed stav\u011bt lesn\u00ed dome\u010dky pro sk\u0159\u00edtky, nebo si hr\u00e1t na schov\u00e1vanou a v\u00e1m je fajn, proto\u017ee ne\u0159e\u0161\u00edte, \u017ee je nebav\u00ed sed\u011bt po celou dobu na jedn\u00e9 \u017eidli u jednoho stolu.<\/p>\n<p><img loading=\"lazy\" decoding=\"async\" class=\"aligncenter wp-image-72747\" src=\"https:\/\/all4camper.com\/\/wp-content\/uploads\/2018\/11\/DSC02823-e1543341238192.jpg\" alt=\"\" width=\"800\" height=\"441\" srcset=\"https:\/\/all4camper.com\/wp-content\/uploads\/2018\/11\/DSC02823-e1543341238192.jpg 844w, https:\/\/all4camper.com\/wp-content\/uploads\/2018\/11\/DSC02823-e1543341238192-150x83.jpg 150w, https:\/\/all4camper.com\/wp-content\/uploads\/2018\/11\/DSC02823-e1543341238192-300x165.jpg 300w, https:\/\/all4camper.com\/wp-content\/uploads\/2018\/11\/DSC02823-e1543341238192-768x423.jpg 768w, https:\/\/all4camper.com\/wp-content\/uploads\/2018\/11\/DSC02823-e1543341238192-200x110.jpg 200w, https:\/\/all4camper.com\/wp-content\/uploads\/2018\/11\/DSC02823-e1543341238192-400x220.jpg 400w, https:\/\/all4camper.com\/wp-content\/uploads\/2018\/11\/DSC02823-e1543341238192-600x331.jpg 600w, https:\/\/all4camper.com\/wp-content\/uploads\/2018\/11\/DSC02823-e1543341238192-800x441.jpg 800w\" sizes=\"auto, (max-width: 800px) 100vw, 800px\" \/><\/p>\n<p><strong>Varianta 2:<\/strong> jeden z v\u00e1s p\u0159iprav\u00ed kr\u00e1sn\u00e9 poho\u0161t\u011bn\u00ed, kter\u00e9 dolad\u00ed zakoupen\u00fdmi dobr\u016ftkami a druh\u00fd rozp\u00e1l\u00ed gril. Samoz\u0159ejm\u011b &#8222;na\u010din\u010d\u00e1te&#8220; kempingov\u00fd st\u016fl kr\u00e1sn\u00fdm ubrusem, pobl\u00ed\u017ee natrhan\u00fdmi kv\u011btinami a prost\u0159ete. V ledni\u010dce se ji\u017e chlad\u00ed obl\u00edben\u00e9 v\u00edno \u010di jin\u00fd drink, kter\u00fd vynd\u00e1te na st\u016fl. S ve\u010derem je\u0161t\u011b zapalujete ohe\u0148, nebo alespo\u0148 sv\u00ed\u010dku a se zapadaj\u00edc\u00edm sluncem spole\u010dn\u011b ve\u010de\u0159\u00edte &#8230;<\/p>\n<p>Nechcete b\u00fdt v dan\u00fd \u010das sami? Kdo by se t\u00edm tr\u00e1pil. Sta\u010d\u00ed se domluvit se sv\u00fdmi p\u0159\u00e1teli a spole\u010dn\u011b vyrazit. D\u00edky tomu, \u017ee m\u00e1te ka\u017ed\u00fd sv\u016fj &#8222;karavan&#8220;, m\u00e1te zaji\u0161t\u011bnou jistou m\u00edru sv\u00e9ho soukrom\u00ed a tak\u00e9 to, \u017ee soused, kter\u00fd s v\u00e1mi bude sd\u00edlet vybran\u00e9 m\u00edsto, je ten, o kter\u00e9ho stoj\u00edte. \u017d\u00e1dn\u00fd &#8222;kamar\u00e1d&#8220; z hotelov\u00e9ho balkonu &#8230;<\/p>\n<p>&#8230; tak n\u011bjak m\u00e1te v\u0161eho &#8222;dost&#8220; a \u0159\u00edk\u00e1te si, \u017ee chcete odpo\u010d\u00edvat. Pro\u010d ne. Nen\u00ed nic jednodu\u0161\u0161\u00edho, ne\u017e zaj\u00edt do &#8222;karavanu&#8220; a ud\u011blat si svou siestu. \u010c\u00e1st rodiny je venku, \u010d\u00e1st uvnit\u0159 a ka\u017ed\u00fd si vlastn\u011b na\u0161el to sv\u00e9. I kdy\u017e nejste spolu, jste st\u00e1le velice bl\u00edzko sebe a to je fajn. Sd\u00edl\u00edte ten z\u00e1\u017eitek z v\u00fdletu spole\u010dn\u011b.<\/p>\n<p><img loading=\"lazy\" decoding=\"async\" class=\"aligncenter wp-image-72750\" src=\"https:\/\/all4camper.com\/\/wp-content\/uploads\/2018\/11\/26000988_2003499256530650_1198494189652733412_n-1.jpg\" alt=\"\" width=\"800\" height=\"600\" srcset=\"https:\/\/all4camper.com\/wp-content\/uploads\/2018\/11\/26000988_2003499256530650_1198494189652733412_n-1.jpg 960w, https:\/\/all4camper.com\/wp-content\/uploads\/2018\/11\/26000988_2003499256530650_1198494189652733412_n-1-300x225.jpg 300w, https:\/\/all4camper.com\/wp-content\/uploads\/2018\/11\/26000988_2003499256530650_1198494189652733412_n-1-150x113.jpg 150w, https:\/\/all4camper.com\/wp-content\/uploads\/2018\/11\/26000988_2003499256530650_1198494189652733412_n-1-768x576.jpg 768w, https:\/\/all4camper.com\/wp-content\/uploads\/2018\/11\/26000988_2003499256530650_1198494189652733412_n-1-678x509.jpg 678w, https:\/\/all4camper.com\/wp-content\/uploads\/2018\/11\/26000988_2003499256530650_1198494189652733412_n-1-326x245.jpg 326w, https:\/\/all4camper.com\/wp-content\/uploads\/2018\/11\/26000988_2003499256530650_1198494189652733412_n-1-80x60.jpg 80w\" sizes=\"auto, (max-width: 800px) 100vw, 800px\" \/><\/p>\n<p>Nast\u00e1v\u00e1 ve\u010der a co d\u00e1l.<\/p>\n<p>No co, p\u0159eci si ud\u011bl\u00e1te t\u00e1bor\u00e1k, kde s rodinou, nebo sv\u00fdmi p\u0159\u00e1teli proberete v\u0161e, co se za posledn\u00ed dobu ud\u00e1lo. Op\u011bt v klidu, nikdo v\u00e1s nikam nehon\u00ed a vy nejste zav\u0159eni v jednom hotelov\u00e9m pokoji. Vlastn\u011b jste zav\u0159eni &#8230; v m\u00edst\u011b, kde je p\u0159\u00edroda, va\u0161e rodina, spokojen\u00e9 d\u011bti a va\u0161i p\u0159\u00e1tel\u00e9. Nic v\u00e1s nelimituje. Snad mo\u017en\u00e1 &#8230; pot\u0159eba sp\u00e1nku ;-).<\/p>\n<figure id=\"attachment_72753\" aria-describedby=\"caption-attachment-72753\" style=\"width: 850px\" class=\"wp-caption aligncenter\"><img loading=\"lazy\" decoding=\"async\" class=\"size-full wp-image-72753\" src=\"https:\/\/all4camper.com\/\/wp-content\/uploads\/2018\/11\/doubice.jpg\" alt=\"\" width=\"850\" height=\"567\" srcset=\"https:\/\/all4camper.com\/wp-content\/uploads\/2018\/11\/doubice.jpg 850w, https:\/\/all4camper.com\/wp-content\/uploads\/2018\/11\/doubice-300x200.jpg 300w, https:\/\/all4camper.com\/wp-content\/uploads\/2018\/11\/doubice-150x100.jpg 150w, https:\/\/all4camper.com\/wp-content\/uploads\/2018\/11\/doubice-768x512.jpg 768w\" sizes=\"auto, (max-width: 850px) 100vw, 850px\" \/><figcaption id=\"caption-attachment-72753\" class=\"wp-caption-text\">Foto: Jind\u0159ich St\u0159elec<\/figcaption><\/figure>\n<h3><strong>A te\u010f v\u00e1\u017en\u011b<\/strong><\/h3>\n<p><strong>V oboj\u00edm jsem samoz\u0159ejm\u011b trochu p\u0159eh\u00e1n\u011bla<\/strong> ( i kdy\u017e si mysl\u00edm, \u017ee u toho kempov\u00e1n\u00ed a karavanu ne ;-) )<strong>,<\/strong> ale nemysl\u00edm si, \u017ee zas a\u017e tak moc.<\/p>\n<p>Prost\u011b to tak n\u011bjak je a ka\u017ed\u00fd, kdo si vybere hotel, nebo karavan, s t\u00edm v\u0161\u00edm mus\u00ed po\u010d\u00edtat. Ale abych z toho ud\u011blala n\u011bjak\u00fd z\u00e1v\u011br &#8230; <strong>jsem p\u0159esv\u011bd\u010dena, \u017ee jak karavaning, tak &#8222;hotelov\u00e1n\u00ed&#8220; m\u00e1 sv\u00e9 kouzlo <\/strong>a ned\u00e1 se to mezi sebou moc srovn\u00e1vat (tedy v kr\u00e1tkodob\u00e9m horizontu) a ani jedno z toho nelze zavrhnout.<\/p>\n<p><strong>Nicm\u00e9n\u011b, pokud se komukoliv z v\u00e1s povede tyto dva styly tr\u00e1ven\u00ed voln\u00e9ho \u010dasu alespo\u0148 jednou za rok skloubit dohromady, tak \u0159\u00edk\u00e1m \u017ee &#8222;vyhr\u00e1v\u00e1&#8220;.<\/strong><\/p>\n<p>Vyhr\u00e1v\u00e1 nejen\u017ee plno z\u00e1\u017eitk\u016f a pohody spojen\u00fdch i s ur\u010ditou m\u00edrou &#8222;nekomfortu&#8220; p\u0159i cetov\u00e1n\u00ed karavanem, ale tak\u00e9 chvilkov\u00fd pocit luxusu, relaxace a odpo\u010dinku, i kdy\u017e s, n\u011bkdy a\u017e zbyte\u010dn\u011b velk\u00fdm, ochuzen\u00edm se o splynut\u00ed s okol\u00ed p\u0159\u00edrodou.<\/p>\n<p><strong>Karavaning je prost\u011b kr\u00e1sn\u00fd a pohodov\u00fd \u017eivotn\u00ed styl a &#8222;hotelov\u00e1n\u00ed&#8220; je p\u0159\u00edjemn\u00fd pocit luxusn\u00ed relaxace. <\/strong><\/p>\n<p>A vlastn\u011b je\u0161t\u011b jedno &#8211; bav\u00ed m\u011b ka\u017ed\u00fd v\u00edkend sedat do karavanu a vyr\u00e1\u017eet vst\u0159\u00edc z\u00e1\u017eitk\u016fm, ale co by m\u011b nebavilo, je ka\u017ed\u00fd v\u00edkend balit kufry a absolvovat hotelov\u00fd &#8222;check-in a check-out&#8220;. To rad\u011bji z\u016fstanu doma. Za t\u011bch p\u00e1r hodin str\u00e1ven\u00fdch v hotelu mi to prost\u011b nestoj\u00ed. A mo\u017en\u00e1 pr\u00e1v\u011b v t\u00e9to posledn\u00ed v\u011bt\u011b se skr\u00fdv\u00e1 velk\u00e1 \u010d\u00e1st odpov\u011bdi na to &#8222;pro\u010d si lid\u00e9 po\u0159izuj\u00ed karavan a pro\u010d je karavaning tak na vzestupu&#8220;.<\/p>\n<p>Ka\u017edop\u00e1dn\u011b &#8211; lhala bych, kdybych napsala, \u017ee se mi to &#8222;hotelov\u00e1n\u00ed&#8220; ob\u010das nel\u00edb\u00ed a jak jsem spala v\u00fd\u0161e &#8211; vyhr\u00e1v\u00e1 ten, kdo to um\u00ed skloubit. J\u00e1 se o to budu v budoucnu sna\u017eit, nebo\u0165 prost\u011b se ob\u010das chci rozmazlovat, ale re\u00e1ln\u011b v\u00edce chci b\u00fdt nabl\u00edzku p\u0159\u00edrod\u011b a mo\u017enosti ka\u017ed\u00fd v\u00edkend fr\u010det jinam ;-).<\/p>\n<p>Hezk\u00fd den<\/p>\n<p>A\u0165 je l\u00e9to, nebo zima, v karavanu je n\u00e1m v\u017edycky prima ;-)<\/p>\n<p><img loading=\"lazy\" decoding=\"async\" class=\"aligncenter wp-image-72756\" src=\"https:\/\/all4camper.com\/\/wp-content\/uploads\/2018\/11\/26165709_2003898146490761_7453249238580699094_n.jpg\" alt=\"\" width=\"800\" height=\"600\" srcset=\"https:\/\/all4camper.com\/wp-content\/uploads\/2018\/11\/26165709_2003898146490761_7453249238580699094_n.jpg 960w, https:\/\/all4camper.com\/wp-content\/uploads\/2018\/11\/26165709_2003898146490761_7453249238580699094_n-300x225.jpg 300w, https:\/\/all4camper.com\/wp-content\/uploads\/2018\/11\/26165709_2003898146490761_7453249238580699094_n-150x113.jpg 150w, https:\/\/all4camper.com\/wp-content\/uploads\/2018\/11\/26165709_2003898146490761_7453249238580699094_n-768x576.jpg 768w, https:\/\/all4camper.com\/wp-content\/uploads\/2018\/11\/26165709_2003898146490761_7453249238580699094_n-678x509.jpg 678w, https:\/\/all4camper.com\/wp-content\/uploads\/2018\/11\/26165709_2003898146490761_7453249238580699094_n-326x245.jpg 326w, https:\/\/all4camper.com\/wp-content\/uploads\/2018\/11\/26165709_2003898146490761_7453249238580699094_n-80x60.jpg 80w\" sizes=\"auto, (max-width: 800px) 100vw, 800px\" \/><\/p>\n","protected":false},"excerpt":{"rendered":"<p>Dne\u0161n\u00ed m\u016fj p\u0159\u00edsp\u011bvek nebude o tipech &#8222;kam cestovat a kde kempovat&#8220;, ale sp\u00ed\u0161e takov\u00e9 m\u00e9 mal\u00e9 zamy\u0161len\u00ed se nad pobytem v hotelu vs pobytem v &#8222;karavanu&#8220;. Rozhodla jsem se pro n\u011bj ze dvou d\u016fvod\u016f. T\u00edm prvn\u00edm je m\u00e1 v\u010derej\u0161\u00ed kr\u00e1tk\u00e1 konverzace s kamar\u00e1dkou, kter\u00e1 n\u011bkolik let &#8222;karavanovala&#8220;, av\u0161ak nyn\u00ed se rozhodla vr\u00e1tit k pobyt\u016fm v [&hellip;]<\/p>\n","protected":false},"author":4,"featured_media":72759,"comment_status":"closed","ping_status":"closed","sticky":false,"template":"","format":"standard","meta":{"_monsterinsights_skip_tracking":false,"_monsterinsights_sitenote_active":false,"_monsterinsights_sitenote_note":"","_monsterinsights_sitenote_category":0,"footnotes":""},"categories":[368],"tags":[],"class_list":{"0":"post-72713","1":"post","2":"type-post","3":"status-publish","4":"format-standard","5":"has-post-thumbnail","7":"category-magazin_all4camper"},"yoast_head":"<!-- This site is optimized with the Yoast SEO plugin v27.5 - https:\/\/yoast.com\/product\/yoast-seo-wordpress\/ -->\n<title>Karavan, nebo hotel? Kempov\u00e1n\u00ed, nebo \u201ehotelov\u00e1n\u00ed\u201c?<\/title>\n<meta name=\"description\" content=\"All4Camper - Karavan, nebo hotel? Kempov\u00e1n\u00ed, nebo &quot;hotelov\u00e1n\u00ed&quot;?\" \/>\n<meta name=\"robots\" content=\"index, follow, max-snippet:-1, max-image-preview:large, max-video-preview:-1\" \/>\n<link rel=\"canonical\" href=\"https:\/\/all4camper.com\/cs\/karavan-nebo-hotel-kempovani-nebo-hotelovani\/\" \/>\n<meta property=\"og:locale\" content=\"cs_CZ\" \/>\n<meta property=\"og:type\" content=\"article\" \/>\n<meta property=\"og:title\" content=\"Karavan, nebo hotel? Kempov\u00e1n\u00ed, nebo \u201ehotelov\u00e1n\u00ed\u201c?\" \/>\n<meta property=\"og:description\" content=\"All4Camper - Karavan, nebo hotel? Kempov\u00e1n\u00ed, nebo &quot;hotelov\u00e1n\u00ed&quot;?\" \/>\n<meta property=\"og:url\" content=\"https:\/\/all4camper.com\/cs\/karavan-nebo-hotel-kempovani-nebo-hotelovani\/\" \/>\n<meta property=\"og:site_name\" content=\"All4Camper\" \/>\n<meta property=\"article:published_time\" content=\"2018-11-27T18:45:19+00:00\" \/>\n<meta property=\"article:modified_time\" content=\"2020-04-21T11:48:15+00:00\" \/>\n<meta property=\"og:image\" content=\"https:\/\/all4camper.com\/wp-content\/uploads\/2018\/11\/Untitled-design-1.png\" \/>\n\t<meta property=\"og:image:width\" content=\"850\" \/>\n\t<meta property=\"og:image:height\" content=\"450\" \/>\n\t<meta property=\"og:image:type\" content=\"image\/png\" \/>\n<meta name=\"author\" content=\"Kl\u00e1ra H\u00e1jkov\u00e1\" \/>\n<meta name=\"twitter:card\" content=\"summary_large_image\" \/>\n<meta name=\"twitter:label1\" content=\"Napsal(a)\" \/>\n\t<meta name=\"twitter:data1\" content=\"Kl\u00e1ra H\u00e1jkov\u00e1\" \/>\n\t<meta name=\"twitter:label2\" content=\"Odhadovan\u00e1 doba \u010dten\u00ed\" \/>\n\t<meta name=\"twitter:data2\" content=\"13 minut\" \/>\n<script type=\"application\/ld+json\" class=\"yoast-schema-graph\">{\"@context\":\"https:\\\/\\\/schema.org\",\"@graph\":[{\"@type\":\"Article\",\"@id\":\"https:\\\/\\\/all4camper.com\\\/cs\\\/karavan-nebo-hotel-kempovani-nebo-hotelovani\\\/#article\",\"isPartOf\":{\"@id\":\"https:\\\/\\\/all4camper.com\\\/cs\\\/karavan-nebo-hotel-kempovani-nebo-hotelovani\\\/\"},\"author\":{\"name\":\"Kl\u00e1ra H\u00e1jkov\u00e1\",\"@id\":\"https:\\\/\\\/all4camper.com\\\/cs\\\/#\\\/schema\\\/person\\\/c6f1efdf1d02bc7d8c53a891cbe18c62\"},\"headline\":\"Karavan, nebo hotel? Kempov\u00e1n\u00ed, nebo &#8222;hotelov\u00e1n\u00ed&#8220;?\",\"datePublished\":\"2018-11-27T18:45:19+00:00\",\"dateModified\":\"2020-04-21T11:48:15+00:00\",\"mainEntityOfPage\":{\"@id\":\"https:\\\/\\\/all4camper.com\\\/cs\\\/karavan-nebo-hotel-kempovani-nebo-hotelovani\\\/\"},\"wordCount\":2616,\"publisher\":{\"@id\":\"https:\\\/\\\/all4camper.com\\\/cs\\\/#organization\"},\"image\":{\"@id\":\"https:\\\/\\\/all4camper.com\\\/cs\\\/karavan-nebo-hotel-kempovani-nebo-hotelovani\\\/#primaryimage\"},\"thumbnailUrl\":\"https:\\\/\\\/all4camper.com\\\/wp-content\\\/uploads\\\/2018\\\/11\\\/Untitled-design-1.png\",\"articleSection\":[\"\u010cten\u00ed na cesty\"],\"inLanguage\":\"cs\"},{\"@type\":\"WebPage\",\"@id\":\"https:\\\/\\\/all4camper.com\\\/cs\\\/karavan-nebo-hotel-kempovani-nebo-hotelovani\\\/\",\"url\":\"https:\\\/\\\/all4camper.com\\\/cs\\\/karavan-nebo-hotel-kempovani-nebo-hotelovani\\\/\",\"name\":\"Karavan, nebo hotel? Kempov\u00e1n\u00ed, nebo \u201ehotelov\u00e1n\u00ed\u201c?\",\"isPartOf\":{\"@id\":\"https:\\\/\\\/all4camper.com\\\/cs\\\/#website\"},\"primaryImageOfPage\":{\"@id\":\"https:\\\/\\\/all4camper.com\\\/cs\\\/karavan-nebo-hotel-kempovani-nebo-hotelovani\\\/#primaryimage\"},\"image\":{\"@id\":\"https:\\\/\\\/all4camper.com\\\/cs\\\/karavan-nebo-hotel-kempovani-nebo-hotelovani\\\/#primaryimage\"},\"thumbnailUrl\":\"https:\\\/\\\/all4camper.com\\\/wp-content\\\/uploads\\\/2018\\\/11\\\/Untitled-design-1.png\",\"datePublished\":\"2018-11-27T18:45:19+00:00\",\"dateModified\":\"2020-04-21T11:48:15+00:00\",\"description\":\"All4Camper - Karavan, nebo hotel? Kempov\u00e1n\u00ed, nebo \\\"hotelov\u00e1n\u00ed\\\"?\",\"breadcrumb\":{\"@id\":\"https:\\\/\\\/all4camper.com\\\/cs\\\/karavan-nebo-hotel-kempovani-nebo-hotelovani\\\/#breadcrumb\"},\"inLanguage\":\"cs\",\"potentialAction\":[{\"@type\":\"ReadAction\",\"target\":[\"https:\\\/\\\/all4camper.com\\\/cs\\\/karavan-nebo-hotel-kempovani-nebo-hotelovani\\\/\"]}]},{\"@type\":\"ImageObject\",\"inLanguage\":\"cs\",\"@id\":\"https:\\\/\\\/all4camper.com\\\/cs\\\/karavan-nebo-hotel-kempovani-nebo-hotelovani\\\/#primaryimage\",\"url\":\"https:\\\/\\\/all4camper.com\\\/wp-content\\\/uploads\\\/2018\\\/11\\\/Untitled-design-1.png\",\"contentUrl\":\"https:\\\/\\\/all4camper.com\\\/wp-content\\\/uploads\\\/2018\\\/11\\\/Untitled-design-1.png\",\"width\":850,\"height\":450},{\"@type\":\"BreadcrumbList\",\"@id\":\"https:\\\/\\\/all4camper.com\\\/cs\\\/karavan-nebo-hotel-kempovani-nebo-hotelovani\\\/#breadcrumb\",\"itemListElement\":[{\"@type\":\"ListItem\",\"position\":1,\"name\":\"Dom\u016f\",\"item\":\"https:\\\/\\\/all4camper.com\\\/cs\\\/\"},{\"@type\":\"ListItem\",\"position\":2,\"name\":\"\u010cten\u00ed na cesty\",\"item\":\"https:\\\/\\\/all4camper.com\\\/cs\\\/category\\\/magazin_all4camper\\\/\"},{\"@type\":\"ListItem\",\"position\":3,\"name\":\"Karavan, nebo hotel? Kempov\u00e1n\u00ed, nebo &#8222;hotelov\u00e1n\u00ed&#8220;?\"}]},{\"@type\":\"WebSite\",\"@id\":\"https:\\\/\\\/all4camper.com\\\/cs\\\/#website\",\"url\":\"https:\\\/\\\/all4camper.com\\\/cs\\\/\",\"name\":\"All4Camper\",\"description\":\"Nejv\u011bt\u0161\u00ed online magaz\u00edn o kempov\u00e1n\u00ed a karavaninku. V\u00edce jak 900 \u010dl\u00e1nk\u016f pln\u00fdch rad a tip\u016f o kempech a kempov\u00e1n\u00ed.\",\"publisher\":{\"@id\":\"https:\\\/\\\/all4camper.com\\\/cs\\\/#organization\"},\"potentialAction\":[{\"@type\":\"SearchAction\",\"target\":{\"@type\":\"EntryPoint\",\"urlTemplate\":\"https:\\\/\\\/all4camper.com\\\/cs\\\/?s={search_term_string}\"},\"query-input\":{\"@type\":\"PropertyValueSpecification\",\"valueRequired\":true,\"valueName\":\"search_term_string\"}}],\"inLanguage\":\"cs\"},{\"@type\":\"Organization\",\"@id\":\"https:\\\/\\\/all4camper.com\\\/cs\\\/#organization\",\"name\":\"All4Camper - kempujeme s Kl\u00e1rou\",\"url\":\"https:\\\/\\\/all4camper.com\\\/cs\\\/\",\"logo\":{\"@type\":\"ImageObject\",\"inLanguage\":\"cs\",\"@id\":\"https:\\\/\\\/all4camper.com\\\/cs\\\/#\\\/schema\\\/logo\\\/image\\\/\",\"url\":\"https:\\\/\\\/all4camper.com\\\/wp-content\\\/uploads\\\/2018\\\/09\\\/novelogo.png\",\"contentUrl\":\"https:\\\/\\\/all4camper.com\\\/wp-content\\\/uploads\\\/2018\\\/09\\\/novelogo.png\",\"width\":1520,\"height\":600,\"caption\":\"All4Camper - kempujeme s Kl\u00e1rou\"},\"image\":{\"@id\":\"https:\\\/\\\/all4camper.com\\\/cs\\\/#\\\/schema\\\/logo\\\/image\\\/\"}},{\"@type\":\"Person\",\"@id\":\"https:\\\/\\\/all4camper.com\\\/cs\\\/#\\\/schema\\\/person\\\/c6f1efdf1d02bc7d8c53a891cbe18c62\",\"name\":\"Kl\u00e1ra H\u00e1jkov\u00e1\",\"sameAs\":[\"http:\\\/\\\/www.all4camper.com\"],\"url\":\"https:\\\/\\\/all4camper.com\\\/cs\\\/author\\\/klarinkacestuje1\\\/\"}]}<\/script>\n<!-- \/ Yoast SEO plugin. -->","yoast_head_json":{"title":"Karavan, nebo hotel? Kempov\u00e1n\u00ed, nebo \u201ehotelov\u00e1n\u00ed\u201c?","description":"All4Camper - Karavan, nebo hotel? Kempov\u00e1n\u00ed, nebo \"hotelov\u00e1n\u00ed\"?","robots":{"index":"index","follow":"follow","max-snippet":"max-snippet:-1","max-image-preview":"max-image-preview:large","max-video-preview":"max-video-preview:-1"},"canonical":"https:\/\/all4camper.com\/cs\/karavan-nebo-hotel-kempovani-nebo-hotelovani\/","og_locale":"cs_CZ","og_type":"article","og_title":"Karavan, nebo hotel? Kempov\u00e1n\u00ed, nebo \u201ehotelov\u00e1n\u00ed\u201c?","og_description":"All4Camper - Karavan, nebo hotel? Kempov\u00e1n\u00ed, nebo \"hotelov\u00e1n\u00ed\"?","og_url":"https:\/\/all4camper.com\/cs\/karavan-nebo-hotel-kempovani-nebo-hotelovani\/","og_site_name":"All4Camper","article_published_time":"2018-11-27T18:45:19+00:00","article_modified_time":"2020-04-21T11:48:15+00:00","og_image":[{"width":850,"height":450,"url":"https:\/\/all4camper.com\/wp-content\/uploads\/2018\/11\/Untitled-design-1.png","type":"image\/png"}],"author":"Kl\u00e1ra H\u00e1jkov\u00e1","twitter_card":"summary_large_image","twitter_misc":{"Napsal(a)":"Kl\u00e1ra H\u00e1jkov\u00e1","Odhadovan\u00e1 doba \u010dten\u00ed":"13 minut"},"schema":{"@context":"https:\/\/schema.org","@graph":[{"@type":"Article","@id":"https:\/\/all4camper.com\/cs\/karavan-nebo-hotel-kempovani-nebo-hotelovani\/#article","isPartOf":{"@id":"https:\/\/all4camper.com\/cs\/karavan-nebo-hotel-kempovani-nebo-hotelovani\/"},"author":{"name":"Kl\u00e1ra H\u00e1jkov\u00e1","@id":"https:\/\/all4camper.com\/cs\/#\/schema\/person\/c6f1efdf1d02bc7d8c53a891cbe18c62"},"headline":"Karavan, nebo hotel? Kempov\u00e1n\u00ed, nebo &#8222;hotelov\u00e1n\u00ed&#8220;?","datePublished":"2018-11-27T18:45:19+00:00","dateModified":"2020-04-21T11:48:15+00:00","mainEntityOfPage":{"@id":"https:\/\/all4camper.com\/cs\/karavan-nebo-hotel-kempovani-nebo-hotelovani\/"},"wordCount":2616,"publisher":{"@id":"https:\/\/all4camper.com\/cs\/#organization"},"image":{"@id":"https:\/\/all4camper.com\/cs\/karavan-nebo-hotel-kempovani-nebo-hotelovani\/#primaryimage"},"thumbnailUrl":"https:\/\/all4camper.com\/wp-content\/uploads\/2018\/11\/Untitled-design-1.png","articleSection":["\u010cten\u00ed na cesty"],"inLanguage":"cs"},{"@type":"WebPage","@id":"https:\/\/all4camper.com\/cs\/karavan-nebo-hotel-kempovani-nebo-hotelovani\/","url":"https:\/\/all4camper.com\/cs\/karavan-nebo-hotel-kempovani-nebo-hotelovani\/","name":"Karavan, nebo hotel? Kempov\u00e1n\u00ed, nebo \u201ehotelov\u00e1n\u00ed\u201c?","isPartOf":{"@id":"https:\/\/all4camper.com\/cs\/#website"},"primaryImageOfPage":{"@id":"https:\/\/all4camper.com\/cs\/karavan-nebo-hotel-kempovani-nebo-hotelovani\/#primaryimage"},"image":{"@id":"https:\/\/all4camper.com\/cs\/karavan-nebo-hotel-kempovani-nebo-hotelovani\/#primaryimage"},"thumbnailUrl":"https:\/\/all4camper.com\/wp-content\/uploads\/2018\/11\/Untitled-design-1.png","datePublished":"2018-11-27T18:45:19+00:00","dateModified":"2020-04-21T11:48:15+00:00","description":"All4Camper - Karavan, nebo hotel? Kempov\u00e1n\u00ed, nebo \"hotelov\u00e1n\u00ed\"?","breadcrumb":{"@id":"https:\/\/all4camper.com\/cs\/karavan-nebo-hotel-kempovani-nebo-hotelovani\/#breadcrumb"},"inLanguage":"cs","potentialAction":[{"@type":"ReadAction","target":["https:\/\/all4camper.com\/cs\/karavan-nebo-hotel-kempovani-nebo-hotelovani\/"]}]},{"@type":"ImageObject","inLanguage":"cs","@id":"https:\/\/all4camper.com\/cs\/karavan-nebo-hotel-kempovani-nebo-hotelovani\/#primaryimage","url":"https:\/\/all4camper.com\/wp-content\/uploads\/2018\/11\/Untitled-design-1.png","contentUrl":"https:\/\/all4camper.com\/wp-content\/uploads\/2018\/11\/Untitled-design-1.png","width":850,"height":450},{"@type":"BreadcrumbList","@id":"https:\/\/all4camper.com\/cs\/karavan-nebo-hotel-kempovani-nebo-hotelovani\/#breadcrumb","itemListElement":[{"@type":"ListItem","position":1,"name":"Dom\u016f","item":"https:\/\/all4camper.com\/cs\/"},{"@type":"ListItem","position":2,"name":"\u010cten\u00ed na cesty","item":"https:\/\/all4camper.com\/cs\/category\/magazin_all4camper\/"},{"@type":"ListItem","position":3,"name":"Karavan, nebo hotel? Kempov\u00e1n\u00ed, nebo &#8222;hotelov\u00e1n\u00ed&#8220;?"}]},{"@type":"WebSite","@id":"https:\/\/all4camper.com\/cs\/#website","url":"https:\/\/all4camper.com\/cs\/","name":"All4Camper","description":"Nejv\u011bt\u0161\u00ed online magaz\u00edn o kempov\u00e1n\u00ed a karavaninku. V\u00edce jak 900 \u010dl\u00e1nk\u016f pln\u00fdch rad a tip\u016f o kempech a kempov\u00e1n\u00ed.","publisher":{"@id":"https:\/\/all4camper.com\/cs\/#organization"},"potentialAction":[{"@type":"SearchAction","target":{"@type":"EntryPoint","urlTemplate":"https:\/\/all4camper.com\/cs\/?s={search_term_string}"},"query-input":{"@type":"PropertyValueSpecification","valueRequired":true,"valueName":"search_term_string"}}],"inLanguage":"cs"},{"@type":"Organization","@id":"https:\/\/all4camper.com\/cs\/#organization","name":"All4Camper - kempujeme s Kl\u00e1rou","url":"https:\/\/all4camper.com\/cs\/","logo":{"@type":"ImageObject","inLanguage":"cs","@id":"https:\/\/all4camper.com\/cs\/#\/schema\/logo\/image\/","url":"https:\/\/all4camper.com\/wp-content\/uploads\/2018\/09\/novelogo.png","contentUrl":"https:\/\/all4camper.com\/wp-content\/uploads\/2018\/09\/novelogo.png","width":1520,"height":600,"caption":"All4Camper - kempujeme s Kl\u00e1rou"},"image":{"@id":"https:\/\/all4camper.com\/cs\/#\/schema\/logo\/image\/"}},{"@type":"Person","@id":"https:\/\/all4camper.com\/cs\/#\/schema\/person\/c6f1efdf1d02bc7d8c53a891cbe18c62","name":"Kl\u00e1ra H\u00e1jkov\u00e1","sameAs":["http:\/\/www.all4camper.com"],"url":"https:\/\/all4camper.com\/cs\/author\/klarinkacestuje1\/"}]}},"_links":{"self":[{"href":"https:\/\/all4camper.com\/cs\/wp-json\/wp\/v2\/posts\/72713","targetHints":{"allow":["GET"]}}],"collection":[{"href":"https:\/\/all4camper.com\/cs\/wp-json\/wp\/v2\/posts"}],"about":[{"href":"https:\/\/all4camper.com\/cs\/wp-json\/wp\/v2\/types\/post"}],"author":[{"embeddable":true,"href":"https:\/\/all4camper.com\/cs\/wp-json\/wp\/v2\/users\/4"}],"replies":[{"embeddable":true,"href":"https:\/\/all4camper.com\/cs\/wp-json\/wp\/v2\/comments?post=72713"}],"version-history":[{"count":0,"href":"https:\/\/all4camper.com\/cs\/wp-json\/wp\/v2\/posts\/72713\/revisions"}],"wp:featuredmedia":[{"embeddable":true,"href":"https:\/\/all4camper.com\/cs\/wp-json\/wp\/v2\/media\/72759"}],"wp:attachment":[{"href":"https:\/\/all4camper.com\/cs\/wp-json\/wp\/v2\/media?parent=72713"}],"wp:term":[{"taxonomy":"category","embeddable":true,"href":"https:\/\/all4camper.com\/cs\/wp-json\/wp\/v2\/categories?post=72713"},{"taxonomy":"post_tag","embeddable":true,"href":"https:\/\/all4camper.com\/cs\/wp-json\/wp\/v2\/tags?post=72713"}],"curies":[{"name":"wp","href":"https:\/\/api.w.org\/{rel}","templated":true}]}}