{"id":72360,"date":"2018-11-01T10:49:30","date_gmt":"2018-11-01T09:49:30","guid":{"rendered":"https:\/\/all4camper.com\/\/?p=72360"},"modified":"2022-05-21T08:43:03","modified_gmt":"2022-05-21T06:43:03","slug":"autocamp-sasanka-v-sadove-bohuzel-ukoncil-svuj-provoz","status":"publish","type":"post","link":"https:\/\/all4camper.com\/cs\/autocamp-sasanka-v-sadove-bohuzel-ukoncil-svuj-provoz\/","title":{"rendered":"Autocamp Sasanka v Sadov\u011b bohu\u017eel ukon\u010dil sv\u016fj provoz"},"content":{"rendered":"<p>Jen 5 km od m\u011bsta Karlovy Vary jste do 30. 9. 2018 mohli nav\u0161t\u00edvit moc hezk\u00fd, rodinn\u00fd autocamp Sasanka. Jeho velikost \u010dinila 3,1 ha a byl um\u00edst\u011bn v hezk\u00e9m, klidn\u00e9m, zelen\u00e9m p\u0159\u00edrodn\u00edm prost\u0159ed\u00ed.<\/p>\n<p><img loading=\"lazy\" decoding=\"async\" class=\"aligncenter wp-image-72361\" src=\"https:\/\/all4camper.com\/\/wp-content\/uploads\/2018\/11\/autocamp-sasanka.jpg\" alt=\"\" width=\"850\" height=\"638\" srcset=\"https:\/\/all4camper.com\/wp-content\/uploads\/2018\/11\/autocamp-sasanka.jpg 2048w, https:\/\/all4camper.com\/wp-content\/uploads\/2018\/11\/autocamp-sasanka-300x225.jpg 300w, https:\/\/all4camper.com\/wp-content\/uploads\/2018\/11\/autocamp-sasanka-1440x1080.jpg 1440w, https:\/\/all4camper.com\/wp-content\/uploads\/2018\/11\/autocamp-sasanka-150x113.jpg 150w, https:\/\/all4camper.com\/wp-content\/uploads\/2018\/11\/autocamp-sasanka-768x576.jpg 768w, https:\/\/all4camper.com\/wp-content\/uploads\/2018\/11\/autocamp-sasanka-1536x1152.jpg 1536w, https:\/\/all4camper.com\/wp-content\/uploads\/2018\/11\/autocamp-sasanka-678x509.jpg 678w, https:\/\/all4camper.com\/wp-content\/uploads\/2018\/11\/autocamp-sasanka-326x245.jpg 326w, https:\/\/all4camper.com\/wp-content\/uploads\/2018\/11\/autocamp-sasanka-80x60.jpg 80w\" sizes=\"auto, (max-width: 850px) 100vw, 850px\" \/><\/p>\n<p>Bohu\u017eel, jak jsem se v\u010dera dozv\u011bd\u011bla od majitel\u016f autocampu, d\u00edky rodinn\u00e9 situaci byli nuceni jej uzav\u0159\u00edt. Za sebe \u0159\u00edk\u00e1m, \u017ee to je velik\u00e1 \u0161koda.<\/p>\n<p><strong>Pan\u00ed majitelka Eva Ka\u0161perkov\u00e1 by t\u00edmto cht\u011bla\u00a0v\u0161em kempa\u0159\u016fm, co do kempu jezdili, moc pod\u011bkovat za dlouholetou p\u0159\u00edze\u0148 a z\u00e1rove\u0148 vzkazuje, \u017ee v\u011b\u0159\u00ed tomu, \u017ee si najdou sv\u00e9 jin\u00e9 obl\u00edben\u00e9 m\u00edsto a na tento autocamp si zachovaj\u00ed jen ty nejlep\u0161\u00ed vzpom\u00ednky.<\/strong><\/p>\n<p>Mn\u011b tedy nezb\u00fdv\u00e1 nic jin\u00e9ho, ne\u017e pan\u00ed Ka\u0161perkov\u00e9 s man\u017eelem pop\u0159\u00e1t mnoho \u0161t\u011bst\u00ed a pozitivn\u00edch dn\u00ed v jejich dal\u0161\u00edm \u017eivot\u011b.\u00a0D\u011bkujeme, \u017ee jste pro n\u00e1s, kempa\u0159e, tento kemp provozovali.<\/p>\n<p><img loading=\"lazy\" decoding=\"async\" class=\"size-full wp-image-72364 aligncenter\" src=\"https:\/\/all4camper.com\/\/wp-content\/uploads\/2018\/11\/autocamp-sasanka2.jpg\" alt=\"\" width=\"850\" height=\"510\" srcset=\"https:\/\/all4camper.com\/wp-content\/uploads\/2018\/11\/autocamp-sasanka2.jpg 850w, https:\/\/all4camper.com\/wp-content\/uploads\/2018\/11\/autocamp-sasanka2-300x180.jpg 300w, https:\/\/all4camper.com\/wp-content\/uploads\/2018\/11\/autocamp-sasanka2-150x90.jpg 150w, https:\/\/all4camper.com\/wp-content\/uploads\/2018\/11\/autocamp-sasanka2-768x461.jpg 768w\" sizes=\"auto, (max-width: 850px) 100vw, 850px\" \/><\/p>\n","protected":false},"excerpt":{"rendered":"<p>Jen 5 km od m\u011bsta Karlovy Vary jste do 30. 9. 2018 mohli nav\u0161t\u00edvit moc hezk\u00fd, rodinn\u00fd autocamp Sasanka. Jeho velikost \u010dinila 3,1 ha a byl um\u00edst\u011bn v hezk\u00e9m, klidn\u00e9m, zelen\u00e9m p\u0159\u00edrodn\u00edm prost\u0159ed\u00ed. Bohu\u017eel, jak jsem se v\u010dera dozv\u011bd\u011bla od majitel\u016f autocampu, d\u00edky rodinn\u00e9 situaci byli nuceni jej uzav\u0159\u00edt. Za sebe \u0159\u00edk\u00e1m, \u017ee to je [&hellip;]<\/p>\n","protected":false},"author":4,"featured_media":72364,"comment_status":"closed","ping_status":"closed","sticky":false,"template":"","format":"standard","meta":{"_monsterinsights_skip_tracking":false,"_monsterinsights_sitenote_active":false,"_monsterinsights_sitenote_note":"","_monsterinsights_sitenote_category":0,"footnotes":""},"categories":[11195],"tags":[],"class_list":{"0":"post-72360","1":"post","2":"type-post","3":"status-publish","4":"format-standard","5":"has-post-thumbnail","7":"category-archiv"},"yoast_head":"<!-- This site is optimized with the Yoast SEO plugin v27.5 - https:\/\/yoast.com\/product\/yoast-seo-wordpress\/ -->\n<title>Autocamp Sasanka v Sadov\u011b bohu\u017eel ukon\u010dil sv\u016fj provoz - All4Camper<\/title>\n<meta name=\"description\" content=\"All4Camper - Autocamp Sasanka v Sadov\u011b bohu\u017eel ukon\u010dil sv\u016fj provoz\" \/>\n<meta name=\"robots\" content=\"index, follow, max-snippet:-1, max-image-preview:large, max-video-preview:-1\" \/>\n<link rel=\"canonical\" href=\"https:\/\/all4camper.com\/cs\/autocamp-sasanka-v-sadove-bohuzel-ukoncil-svuj-provoz\/\" \/>\n<meta property=\"og:locale\" content=\"cs_CZ\" \/>\n<meta property=\"og:type\" content=\"article\" \/>\n<meta property=\"og:title\" content=\"Autocamp Sasanka v Sadov\u011b bohu\u017eel ukon\u010dil sv\u016fj provoz - All4Camper\" \/>\n<meta property=\"og:description\" content=\"All4Camper - Autocamp Sasanka v Sadov\u011b bohu\u017eel ukon\u010dil sv\u016fj provoz\" \/>\n<meta property=\"og:url\" content=\"https:\/\/all4camper.com\/cs\/autocamp-sasanka-v-sadove-bohuzel-ukoncil-svuj-provoz\/\" \/>\n<meta property=\"og:site_name\" content=\"All4Camper\" \/>\n<meta property=\"article:published_time\" content=\"2018-11-01T09:49:30+00:00\" \/>\n<meta property=\"article:modified_time\" content=\"2022-05-21T06:43:03+00:00\" \/>\n<meta property=\"og:image\" content=\"https:\/\/all4camper.com\/wp-content\/uploads\/2018\/11\/autocamp-sasanka2.jpg\" \/>\n\t<meta property=\"og:image:width\" content=\"850\" \/>\n\t<meta property=\"og:image:height\" content=\"510\" \/>\n\t<meta property=\"og:image:type\" content=\"image\/jpeg\" \/>\n<meta name=\"author\" content=\"Kl\u00e1ra H\u00e1jkov\u00e1\" \/>\n<meta name=\"twitter:card\" content=\"summary_large_image\" \/>\n<meta name=\"twitter:label1\" content=\"Napsal(a)\" \/>\n\t<meta name=\"twitter:data1\" content=\"Kl\u00e1ra H\u00e1jkov\u00e1\" \/>\n\t<meta name=\"twitter:label2\" content=\"Odhadovan\u00e1 doba \u010dten\u00ed\" \/>\n\t<meta name=\"twitter:data2\" content=\"1 minuta\" \/>\n<script type=\"application\/ld+json\" class=\"yoast-schema-graph\">{\"@context\":\"https:\\\/\\\/schema.org\",\"@graph\":[{\"@type\":\"Article\",\"@id\":\"https:\\\/\\\/all4camper.com\\\/cs\\\/autocamp-sasanka-v-sadove-bohuzel-ukoncil-svuj-provoz\\\/#article\",\"isPartOf\":{\"@id\":\"https:\\\/\\\/all4camper.com\\\/cs\\\/autocamp-sasanka-v-sadove-bohuzel-ukoncil-svuj-provoz\\\/\"},\"author\":{\"name\":\"Kl\u00e1ra H\u00e1jkov\u00e1\",\"@id\":\"https:\\\/\\\/all4camper.com\\\/cs\\\/#\\\/schema\\\/person\\\/c6f1efdf1d02bc7d8c53a891cbe18c62\"},\"headline\":\"Autocamp Sasanka v Sadov\u011b bohu\u017eel ukon\u010dil sv\u016fj provoz\",\"datePublished\":\"2018-11-01T09:49:30+00:00\",\"dateModified\":\"2022-05-21T06:43:03+00:00\",\"mainEntityOfPage\":{\"@id\":\"https:\\\/\\\/all4camper.com\\\/cs\\\/autocamp-sasanka-v-sadove-bohuzel-ukoncil-svuj-provoz\\\/\"},\"wordCount\":173,\"publisher\":{\"@id\":\"https:\\\/\\\/all4camper.com\\\/cs\\\/#organization\"},\"image\":{\"@id\":\"https:\\\/\\\/all4camper.com\\\/cs\\\/autocamp-sasanka-v-sadove-bohuzel-ukoncil-svuj-provoz\\\/#primaryimage\"},\"thumbnailUrl\":\"https:\\\/\\\/all4camper.com\\\/wp-content\\\/uploads\\\/2018\\\/11\\\/autocamp-sasanka2.jpg\",\"articleSection\":[\"Arch\u00edv - neaktu\u00e1ln\u00ed \u010dl\u00e1nky\"],\"inLanguage\":\"cs\"},{\"@type\":\"WebPage\",\"@id\":\"https:\\\/\\\/all4camper.com\\\/cs\\\/autocamp-sasanka-v-sadove-bohuzel-ukoncil-svuj-provoz\\\/\",\"url\":\"https:\\\/\\\/all4camper.com\\\/cs\\\/autocamp-sasanka-v-sadove-bohuzel-ukoncil-svuj-provoz\\\/\",\"name\":\"Autocamp Sasanka v Sadov\u011b bohu\u017eel ukon\u010dil sv\u016fj provoz - All4Camper\",\"isPartOf\":{\"@id\":\"https:\\\/\\\/all4camper.com\\\/cs\\\/#website\"},\"primaryImageOfPage\":{\"@id\":\"https:\\\/\\\/all4camper.com\\\/cs\\\/autocamp-sasanka-v-sadove-bohuzel-ukoncil-svuj-provoz\\\/#primaryimage\"},\"image\":{\"@id\":\"https:\\\/\\\/all4camper.com\\\/cs\\\/autocamp-sasanka-v-sadove-bohuzel-ukoncil-svuj-provoz\\\/#primaryimage\"},\"thumbnailUrl\":\"https:\\\/\\\/all4camper.com\\\/wp-content\\\/uploads\\\/2018\\\/11\\\/autocamp-sasanka2.jpg\",\"datePublished\":\"2018-11-01T09:49:30+00:00\",\"dateModified\":\"2022-05-21T06:43:03+00:00\",\"description\":\"All4Camper - Autocamp Sasanka v Sadov\u011b bohu\u017eel ukon\u010dil sv\u016fj provoz\",\"breadcrumb\":{\"@id\":\"https:\\\/\\\/all4camper.com\\\/cs\\\/autocamp-sasanka-v-sadove-bohuzel-ukoncil-svuj-provoz\\\/#breadcrumb\"},\"inLanguage\":\"cs\",\"potentialAction\":[{\"@type\":\"ReadAction\",\"target\":[\"https:\\\/\\\/all4camper.com\\\/cs\\\/autocamp-sasanka-v-sadove-bohuzel-ukoncil-svuj-provoz\\\/\"]}]},{\"@type\":\"ImageObject\",\"inLanguage\":\"cs\",\"@id\":\"https:\\\/\\\/all4camper.com\\\/cs\\\/autocamp-sasanka-v-sadove-bohuzel-ukoncil-svuj-provoz\\\/#primaryimage\",\"url\":\"https:\\\/\\\/all4camper.com\\\/wp-content\\\/uploads\\\/2018\\\/11\\\/autocamp-sasanka2.jpg\",\"contentUrl\":\"https:\\\/\\\/all4camper.com\\\/wp-content\\\/uploads\\\/2018\\\/11\\\/autocamp-sasanka2.jpg\",\"width\":850,\"height\":510},{\"@type\":\"BreadcrumbList\",\"@id\":\"https:\\\/\\\/all4camper.com\\\/cs\\\/autocamp-sasanka-v-sadove-bohuzel-ukoncil-svuj-provoz\\\/#breadcrumb\",\"itemListElement\":[{\"@type\":\"ListItem\",\"position\":1,\"name\":\"Dom\u016f\",\"item\":\"https:\\\/\\\/all4camper.com\\\/cs\\\/\"},{\"@type\":\"ListItem\",\"position\":2,\"name\":\"Arch\u00edv - neaktu\u00e1ln\u00ed \u010dl\u00e1nky\",\"item\":\"https:\\\/\\\/all4camper.com\\\/cs\\\/category\\\/archiv\\\/\"},{\"@type\":\"ListItem\",\"position\":3,\"name\":\"Autocamp Sasanka v Sadov\u011b bohu\u017eel ukon\u010dil sv\u016fj provoz\"}]},{\"@type\":\"WebSite\",\"@id\":\"https:\\\/\\\/all4camper.com\\\/cs\\\/#website\",\"url\":\"https:\\\/\\\/all4camper.com\\\/cs\\\/\",\"name\":\"All4Camper\",\"description\":\"Nejv\u011bt\u0161\u00ed online magaz\u00edn o kempov\u00e1n\u00ed a karavaninku. V\u00edce jak 900 \u010dl\u00e1nk\u016f pln\u00fdch rad a tip\u016f o kempech a kempov\u00e1n\u00ed.\",\"publisher\":{\"@id\":\"https:\\\/\\\/all4camper.com\\\/cs\\\/#organization\"},\"potentialAction\":[{\"@type\":\"SearchAction\",\"target\":{\"@type\":\"EntryPoint\",\"urlTemplate\":\"https:\\\/\\\/all4camper.com\\\/cs\\\/?s={search_term_string}\"},\"query-input\":{\"@type\":\"PropertyValueSpecification\",\"valueRequired\":true,\"valueName\":\"search_term_string\"}}],\"inLanguage\":\"cs\"},{\"@type\":\"Organization\",\"@id\":\"https:\\\/\\\/all4camper.com\\\/cs\\\/#organization\",\"name\":\"All4Camper - kempujeme s Kl\u00e1rou\",\"url\":\"https:\\\/\\\/all4camper.com\\\/cs\\\/\",\"logo\":{\"@type\":\"ImageObject\",\"inLanguage\":\"cs\",\"@id\":\"https:\\\/\\\/all4camper.com\\\/cs\\\/#\\\/schema\\\/logo\\\/image\\\/\",\"url\":\"https:\\\/\\\/all4camper.com\\\/wp-content\\\/uploads\\\/2018\\\/09\\\/novelogo.png\",\"contentUrl\":\"https:\\\/\\\/all4camper.com\\\/wp-content\\\/uploads\\\/2018\\\/09\\\/novelogo.png\",\"width\":1520,\"height\":600,\"caption\":\"All4Camper - kempujeme s Kl\u00e1rou\"},\"image\":{\"@id\":\"https:\\\/\\\/all4camper.com\\\/cs\\\/#\\\/schema\\\/logo\\\/image\\\/\"}},{\"@type\":\"Person\",\"@id\":\"https:\\\/\\\/all4camper.com\\\/cs\\\/#\\\/schema\\\/person\\\/c6f1efdf1d02bc7d8c53a891cbe18c62\",\"name\":\"Kl\u00e1ra H\u00e1jkov\u00e1\",\"sameAs\":[\"http:\\\/\\\/www.all4camper.com\"],\"url\":\"https:\\\/\\\/all4camper.com\\\/cs\\\/author\\\/klarinkacestuje1\\\/\"}]}<\/script>\n<!-- \/ Yoast SEO plugin. -->","yoast_head_json":{"title":"Autocamp Sasanka v Sadov\u011b bohu\u017eel ukon\u010dil sv\u016fj provoz - All4Camper","description":"All4Camper - Autocamp Sasanka v Sadov\u011b bohu\u017eel ukon\u010dil sv\u016fj provoz","robots":{"index":"index","follow":"follow","max-snippet":"max-snippet:-1","max-image-preview":"max-image-preview:large","max-video-preview":"max-video-preview:-1"},"canonical":"https:\/\/all4camper.com\/cs\/autocamp-sasanka-v-sadove-bohuzel-ukoncil-svuj-provoz\/","og_locale":"cs_CZ","og_type":"article","og_title":"Autocamp Sasanka v Sadov\u011b bohu\u017eel ukon\u010dil sv\u016fj provoz - All4Camper","og_description":"All4Camper - Autocamp Sasanka v Sadov\u011b bohu\u017eel ukon\u010dil sv\u016fj provoz","og_url":"https:\/\/all4camper.com\/cs\/autocamp-sasanka-v-sadove-bohuzel-ukoncil-svuj-provoz\/","og_site_name":"All4Camper","article_published_time":"2018-11-01T09:49:30+00:00","article_modified_time":"2022-05-21T06:43:03+00:00","og_image":[{"width":850,"height":510,"url":"https:\/\/all4camper.com\/wp-content\/uploads\/2018\/11\/autocamp-sasanka2.jpg","type":"image\/jpeg"}],"author":"Kl\u00e1ra H\u00e1jkov\u00e1","twitter_card":"summary_large_image","twitter_misc":{"Napsal(a)":"Kl\u00e1ra H\u00e1jkov\u00e1","Odhadovan\u00e1 doba \u010dten\u00ed":"1 minuta"},"schema":{"@context":"https:\/\/schema.org","@graph":[{"@type":"Article","@id":"https:\/\/all4camper.com\/cs\/autocamp-sasanka-v-sadove-bohuzel-ukoncil-svuj-provoz\/#article","isPartOf":{"@id":"https:\/\/all4camper.com\/cs\/autocamp-sasanka-v-sadove-bohuzel-ukoncil-svuj-provoz\/"},"author":{"name":"Kl\u00e1ra H\u00e1jkov\u00e1","@id":"https:\/\/all4camper.com\/cs\/#\/schema\/person\/c6f1efdf1d02bc7d8c53a891cbe18c62"},"headline":"Autocamp Sasanka v Sadov\u011b bohu\u017eel ukon\u010dil sv\u016fj provoz","datePublished":"2018-11-01T09:49:30+00:00","dateModified":"2022-05-21T06:43:03+00:00","mainEntityOfPage":{"@id":"https:\/\/all4camper.com\/cs\/autocamp-sasanka-v-sadove-bohuzel-ukoncil-svuj-provoz\/"},"wordCount":173,"publisher":{"@id":"https:\/\/all4camper.com\/cs\/#organization"},"image":{"@id":"https:\/\/all4camper.com\/cs\/autocamp-sasanka-v-sadove-bohuzel-ukoncil-svuj-provoz\/#primaryimage"},"thumbnailUrl":"https:\/\/all4camper.com\/wp-content\/uploads\/2018\/11\/autocamp-sasanka2.jpg","articleSection":["Arch\u00edv - neaktu\u00e1ln\u00ed \u010dl\u00e1nky"],"inLanguage":"cs"},{"@type":"WebPage","@id":"https:\/\/all4camper.com\/cs\/autocamp-sasanka-v-sadove-bohuzel-ukoncil-svuj-provoz\/","url":"https:\/\/all4camper.com\/cs\/autocamp-sasanka-v-sadove-bohuzel-ukoncil-svuj-provoz\/","name":"Autocamp Sasanka v Sadov\u011b bohu\u017eel ukon\u010dil sv\u016fj provoz - All4Camper","isPartOf":{"@id":"https:\/\/all4camper.com\/cs\/#website"},"primaryImageOfPage":{"@id":"https:\/\/all4camper.com\/cs\/autocamp-sasanka-v-sadove-bohuzel-ukoncil-svuj-provoz\/#primaryimage"},"image":{"@id":"https:\/\/all4camper.com\/cs\/autocamp-sasanka-v-sadove-bohuzel-ukoncil-svuj-provoz\/#primaryimage"},"thumbnailUrl":"https:\/\/all4camper.com\/wp-content\/uploads\/2018\/11\/autocamp-sasanka2.jpg","datePublished":"2018-11-01T09:49:30+00:00","dateModified":"2022-05-21T06:43:03+00:00","description":"All4Camper - Autocamp Sasanka v Sadov\u011b bohu\u017eel ukon\u010dil sv\u016fj provoz","breadcrumb":{"@id":"https:\/\/all4camper.com\/cs\/autocamp-sasanka-v-sadove-bohuzel-ukoncil-svuj-provoz\/#breadcrumb"},"inLanguage":"cs","potentialAction":[{"@type":"ReadAction","target":["https:\/\/all4camper.com\/cs\/autocamp-sasanka-v-sadove-bohuzel-ukoncil-svuj-provoz\/"]}]},{"@type":"ImageObject","inLanguage":"cs","@id":"https:\/\/all4camper.com\/cs\/autocamp-sasanka-v-sadove-bohuzel-ukoncil-svuj-provoz\/#primaryimage","url":"https:\/\/all4camper.com\/wp-content\/uploads\/2018\/11\/autocamp-sasanka2.jpg","contentUrl":"https:\/\/all4camper.com\/wp-content\/uploads\/2018\/11\/autocamp-sasanka2.jpg","width":850,"height":510},{"@type":"BreadcrumbList","@id":"https:\/\/all4camper.com\/cs\/autocamp-sasanka-v-sadove-bohuzel-ukoncil-svuj-provoz\/#breadcrumb","itemListElement":[{"@type":"ListItem","position":1,"name":"Dom\u016f","item":"https:\/\/all4camper.com\/cs\/"},{"@type":"ListItem","position":2,"name":"Arch\u00edv - neaktu\u00e1ln\u00ed \u010dl\u00e1nky","item":"https:\/\/all4camper.com\/cs\/category\/archiv\/"},{"@type":"ListItem","position":3,"name":"Autocamp Sasanka v Sadov\u011b bohu\u017eel ukon\u010dil sv\u016fj provoz"}]},{"@type":"WebSite","@id":"https:\/\/all4camper.com\/cs\/#website","url":"https:\/\/all4camper.com\/cs\/","name":"All4Camper","description":"Nejv\u011bt\u0161\u00ed online magaz\u00edn o kempov\u00e1n\u00ed a karavaninku. V\u00edce jak 900 \u010dl\u00e1nk\u016f pln\u00fdch rad a tip\u016f o kempech a kempov\u00e1n\u00ed.","publisher":{"@id":"https:\/\/all4camper.com\/cs\/#organization"},"potentialAction":[{"@type":"SearchAction","target":{"@type":"EntryPoint","urlTemplate":"https:\/\/all4camper.com\/cs\/?s={search_term_string}"},"query-input":{"@type":"PropertyValueSpecification","valueRequired":true,"valueName":"search_term_string"}}],"inLanguage":"cs"},{"@type":"Organization","@id":"https:\/\/all4camper.com\/cs\/#organization","name":"All4Camper - kempujeme s Kl\u00e1rou","url":"https:\/\/all4camper.com\/cs\/","logo":{"@type":"ImageObject","inLanguage":"cs","@id":"https:\/\/all4camper.com\/cs\/#\/schema\/logo\/image\/","url":"https:\/\/all4camper.com\/wp-content\/uploads\/2018\/09\/novelogo.png","contentUrl":"https:\/\/all4camper.com\/wp-content\/uploads\/2018\/09\/novelogo.png","width":1520,"height":600,"caption":"All4Camper - kempujeme s Kl\u00e1rou"},"image":{"@id":"https:\/\/all4camper.com\/cs\/#\/schema\/logo\/image\/"}},{"@type":"Person","@id":"https:\/\/all4camper.com\/cs\/#\/schema\/person\/c6f1efdf1d02bc7d8c53a891cbe18c62","name":"Kl\u00e1ra H\u00e1jkov\u00e1","sameAs":["http:\/\/www.all4camper.com"],"url":"https:\/\/all4camper.com\/cs\/author\/klarinkacestuje1\/"}]}},"_links":{"self":[{"href":"https:\/\/all4camper.com\/cs\/wp-json\/wp\/v2\/posts\/72360","targetHints":{"allow":["GET"]}}],"collection":[{"href":"https:\/\/all4camper.com\/cs\/wp-json\/wp\/v2\/posts"}],"about":[{"href":"https:\/\/all4camper.com\/cs\/wp-json\/wp\/v2\/types\/post"}],"author":[{"embeddable":true,"href":"https:\/\/all4camper.com\/cs\/wp-json\/wp\/v2\/users\/4"}],"replies":[{"embeddable":true,"href":"https:\/\/all4camper.com\/cs\/wp-json\/wp\/v2\/comments?post=72360"}],"version-history":[{"count":0,"href":"https:\/\/all4camper.com\/cs\/wp-json\/wp\/v2\/posts\/72360\/revisions"}],"wp:featuredmedia":[{"embeddable":true,"href":"https:\/\/all4camper.com\/cs\/wp-json\/wp\/v2\/media\/72364"}],"wp:attachment":[{"href":"https:\/\/all4camper.com\/cs\/wp-json\/wp\/v2\/media?parent=72360"}],"wp:term":[{"taxonomy":"category","embeddable":true,"href":"https:\/\/all4camper.com\/cs\/wp-json\/wp\/v2\/categories?post=72360"},{"taxonomy":"post_tag","embeddable":true,"href":"https:\/\/all4camper.com\/cs\/wp-json\/wp\/v2\/tags?post=72360"}],"curies":[{"name":"wp","href":"https:\/\/api.w.org\/{rel}","templated":true}]}}