{"id":72001,"date":"2019-10-11T14:06:07","date_gmt":"2019-10-11T12:06:07","guid":{"rendered":"https:\/\/all4camper.com\/\/?p=72001"},"modified":"2020-04-21T12:46:41","modified_gmt":"2020-04-21T10:46:41","slug":"rakousky-zimni-kemp-kde-vase-rodinna-dovolena-bude-splnenym-snem","status":"publish","type":"post","link":"https:\/\/all4camper.com\/cs\/rakousky-zimni-kemp-kde-vase-rodinna-dovolena-bude-splnenym-snem\/","title":{"rendered":"Rakousk\u00fd zimn\u00ed kemp, kde va\u0161e rodinn\u00e1 dovolen\u00e1 bude spln\u011bn\u00fdm snem"},"content":{"rendered":"\n<h4 class=\"wp-block-heading\">\u010cas neuv\u011b\u0159iteln\u011b rychle plyne a u\u017e jsou v pln\u00e9m proudu jarn\u00ed pr\u00e1zdniny o kter\u00fdch mnoho z v\u00e1s vyr\u00e1\u017e\u00ed na t\u00fddenn\u00ed pobyty na hor\u00e1ch do sousedn\u00edho Rakouska. V r\u00e1mci nich m\u00e1te v Rakousku celkem dv\u011b mo\u017enosti kempov\u00e1n\u00ed. <strong>M\u016f\u017eete kempovat na stellplatzu pod sjezdovkou, nebo pob\u00fdvat v kempu<\/strong>. Mo\u017en\u00e1 je\u0161t\u011b n\u011bkoho napad\u00e1 st\u00e1n\u00ed na parkovi\u0161ti, av\u0161ak to moc zmi\u0148ovat nechci, nebo\u0165 v Rakousku je, zejm\u00e9na v zimn\u00edch m\u011bs\u00edc\u00edch, toto &#8222;kempov\u00e1n\u00ed&#8220; na mnoha parkovi\u0161t\u00edch zak\u00e1z\u00e1no a v Tyrolsku na to existuje dokonce vyhl\u00e1\u0161ka, p\u0159i jej\u00edm\u017e nedodr\u017een\u00ed m\u016f\u017eete zaplatit vysokou pokutu.<\/h4>\n\n\n\n<figure class=\"wp-block-image alignnone wp-image-72014 size-full\"><img loading=\"lazy\" decoding=\"async\" width=\"1200\" height=\"450\" src=\"https:\/\/all4camper.com\/\/wp-content\/uploads\/2018\/10\/csm_5_Sterne_Camping_Hopfensee_Allgaeu_Bayern_Wintercamping_81b77b437f.jpg\" alt=\"\" class=\"wp-image-72014\" srcset=\"https:\/\/all4camper.com\/wp-content\/uploads\/2018\/10\/csm_5_Sterne_Camping_Hopfensee_Allgaeu_Bayern_Wintercamping_81b77b437f.jpg 1200w, https:\/\/all4camper.com\/wp-content\/uploads\/2018\/10\/csm_5_Sterne_Camping_Hopfensee_Allgaeu_Bayern_Wintercamping_81b77b437f-300x113.jpg 300w, https:\/\/all4camper.com\/wp-content\/uploads\/2018\/10\/csm_5_Sterne_Camping_Hopfensee_Allgaeu_Bayern_Wintercamping_81b77b437f-150x56.jpg 150w, https:\/\/all4camper.com\/wp-content\/uploads\/2018\/10\/csm_5_Sterne_Camping_Hopfensee_Allgaeu_Bayern_Wintercamping_81b77b437f-768x288.jpg 768w\" sizes=\"auto, (max-width: 1200px) 100vw, 1200px\" \/><figcaption>Zdroj: Kemp Hopfensee<\/figcaption><\/figure>\n\n\n\n<p><strong>Pokud jedete pouze na v\u00edkend, tak se samoz\u0159ejm\u011b pobyt v kempu nevyplat\u00ed<\/strong> a je o mnoho lep\u0161\u00ed vyu\u017e\u00edt nab\u00eddky ly\u017ea\u0159sk\u00fdch st\u0159edisek, kter\u00e9 dovoluj\u00ed celodenn\u00ed st\u00e1n\u00ed na jejich stellplatzech. Kde v\u0161ude se d\u00e1 takto st\u00e1t zjist\u00edte nap\u0159\u00edklad na str\u00e1nk\u00e1ch&nbsp;<a href=\"https:\/\/www.skiing-parking-camping.com\/\" target=\"_blank\" rel=\"noopener noreferrer\">skiing-parking-camping.com<\/a>, kter\u00e9 provozuje Marek Kunc.<\/p>\n\n\n\n<p><strong>Pojedete-li minim\u00e1ln\u011b na p\u011bt dn\u00ed, pak j\u00e1 osobn\u011b ji\u017e doporu\u010duji pobyt v kempu.<\/strong> Zejm\u00e9na pokud m\u00e1te d\u011bti. Tyto zimn\u00ed kempy jsou perfektn\u011b vybaven\u00e9, <strong>nebudete muset \u0159e\u0161it probl\u00e9m s myt\u00edm n\u00e1dob\u00ed a s t\u00edm spojen\u00fdm rizikem zamrznut\u00ed vody v n\u00e1dr\u017e\u00edch p\u0159i n\u00edzk\u00fdch no\u010dn\u00edch teplot\u00e1ch<\/strong> a va\u0161e ly\u017ea\u0159sk\u00e9 vybaven\u00ed bude uschov\u00e1no ve <strong>vyh\u0159\u00edvan\u00fdch ly\u017e\u00e1rn\u00e1ch<\/strong>. Pokud si vyberete kemp, kter\u00fd nab\u00edz\u00ed sv\u00fdm n\u00e1v\u0161t\u011bvn\u00edk\u016fm i mo\u017enost saunov\u00e1n\u00ed, nebo koup\u00e1n\u00ed ve vyh\u0159\u00edvan\u00e9m baz\u00e9nu &#8211; va\u0161e dovolen\u00e1 bude dokonal\u00e1.<\/p>\n\n\n\n<h3 class=\"wp-block-heading\">Tak\u017ee m\u016fj dne\u0161n\u00ed tip<\/h3>\n\n\n\n<h4 class=\"wp-block-heading\"><strong>Kemp Hopfensee<\/strong><\/h4>\n\n\n\n<p>Pokud nechcete jen ly\u017eovat, ale hled\u00e1te i mo\u017enost dal\u0161\u00ed z\u00e1bavy v kempu, pak tohle je ten spr\u00e1vn\u00fd kemp pro v\u00e1s. V jeho nab\u00eddce je toti\u017e i vnit\u0159n\u00ed sportovn\u00ed hala o rozloze 1000 m\u00b2, ve kter\u00e9 <strong>najdete trampol\u00edny, kule\u010dn\u00edk, stoln\u00ed tenis, ob\u0159\u00ed skluzavku, internetovou m\u00edstnost a air hokej. Samoz\u0159ejm\u011b nechyb\u00ed ani fotbalov\u00e9 a basketbalov\u00e9 h\u0159i\u0161t\u011b, h\u0159i\u0161t\u011b pro d\u011bti a lezeck\u00e1 st\u011bna.<\/strong> Mnoho informac\u00ed z\u00edsk\u00e1te tak\u00e9 na <a rel=\"noopener noreferrer\" href=\"https:\/\/www.camping-hopfensee.de\/wintercamping\/wintercamping.html\" target=\"_blank\">camping-hopfensee.de<\/a>. <a rel=\"noopener noreferrer\" href=\"https:\/\/goo.gl\/maps\/5QChzBbyMuy\" target=\"_blank\">Zobrazit na map\u011b<\/a><\/p>\n\n\n\n<div class=\"wp-block-image wp-image-72005\"><figure class=\"aligncenter\"><img loading=\"lazy\" decoding=\"async\" width=\"1600\" height=\"600\" src=\"https:\/\/all4camper.com\/\/wp-content\/uploads\/2018\/10\/csm_5_Sterne_Camping_Hopfensee_Allgaeu_Bayern_Zwergerl-Pavillon_Kinder_spielen_5a2460cc10.jpg\" alt=\"\" class=\"wp-image-72005\" srcset=\"https:\/\/all4camper.com\/wp-content\/uploads\/2018\/10\/csm_5_Sterne_Camping_Hopfensee_Allgaeu_Bayern_Zwergerl-Pavillon_Kinder_spielen_5a2460cc10.jpg 1600w, https:\/\/all4camper.com\/wp-content\/uploads\/2018\/10\/csm_5_Sterne_Camping_Hopfensee_Allgaeu_Bayern_Zwergerl-Pavillon_Kinder_spielen_5a2460cc10-300x113.jpg 300w, https:\/\/all4camper.com\/wp-content\/uploads\/2018\/10\/csm_5_Sterne_Camping_Hopfensee_Allgaeu_Bayern_Zwergerl-Pavillon_Kinder_spielen_5a2460cc10-150x56.jpg 150w, https:\/\/all4camper.com\/wp-content\/uploads\/2018\/10\/csm_5_Sterne_Camping_Hopfensee_Allgaeu_Bayern_Zwergerl-Pavillon_Kinder_spielen_5a2460cc10-768x288.jpg 768w, https:\/\/all4camper.com\/wp-content\/uploads\/2018\/10\/csm_5_Sterne_Camping_Hopfensee_Allgaeu_Bayern_Zwergerl-Pavillon_Kinder_spielen_5a2460cc10-1536x576.jpg 1536w\" sizes=\"auto, (max-width: 1600px) 100vw, 1600px\" \/><figcaption>Zdroj: Kemp Hopfensee<\/figcaption><\/figure><\/div>\n\n\n\n<h4 class=\"wp-block-heading\">To ale nen\u00ed v\u0161e!<\/h4>\n\n\n\n<p>Pokud m\u00e1te mal\u00e9 d\u011bti, budou nad\u0161eni dal\u0161\u00ed nab\u00eddkou kempu a tou je <strong>d\u011btsk\u00fd vodn\u00ed sv\u011bt<\/strong>\u00a0(do 5ti let) Zwergerl-Bad. Hloubka <strong>vody dosahuje 25-40 cm a jej\u00ed teplota je 32\u00b0C.<\/strong> Nebude-li hezk\u00e9 po\u010das\u00ed na ly\u017eov\u00e1n\u00ed, m\u00e1te zaji\u0161t\u011bno, \u017ee v tomto kempu se nudit nebudou. Samoz\u0159ejm\u011b je tu p\u0159ipravena i m\u00edstnost <strong>pro ml\u00e1de\u017e od 12ti let s n\u00e1zvem\u00a0&#8222;Babbel-Box&#8220;<\/strong>, kde se ve\u010der mohou na\u0161i &#8222;pubert\u00e1ln\u00ed mil\u00e1\u010dkov\u00e9&#8220; setkat, poslouchat hudbu a u\u017e\u00edvat si ve\u010dera bez dohledu n\u00e1s, dosp\u011bl\u00fdch.<\/p>\n\n\n\n<div class=\"wp-block-image\"><figure class=\"aligncenter\"><img loading=\"lazy\" decoding=\"async\" width=\"1600\" height=\"600\" src=\"https:\/\/all4camper.com\/\/wp-content\/uploads\/2018\/10\/csm_5_Sterne_Camping_Hopfensee_Allgaeu_Bayern_Babbel-Box_jugendraum_64148b5e42.jpg\" alt=\"\" class=\"wp-image-72017\" srcset=\"https:\/\/all4camper.com\/wp-content\/uploads\/2018\/10\/csm_5_Sterne_Camping_Hopfensee_Allgaeu_Bayern_Babbel-Box_jugendraum_64148b5e42.jpg 1600w, https:\/\/all4camper.com\/wp-content\/uploads\/2018\/10\/csm_5_Sterne_Camping_Hopfensee_Allgaeu_Bayern_Babbel-Box_jugendraum_64148b5e42-300x113.jpg 300w, https:\/\/all4camper.com\/wp-content\/uploads\/2018\/10\/csm_5_Sterne_Camping_Hopfensee_Allgaeu_Bayern_Babbel-Box_jugendraum_64148b5e42-150x56.jpg 150w, https:\/\/all4camper.com\/wp-content\/uploads\/2018\/10\/csm_5_Sterne_Camping_Hopfensee_Allgaeu_Bayern_Babbel-Box_jugendraum_64148b5e42-768x288.jpg 768w, https:\/\/all4camper.com\/wp-content\/uploads\/2018\/10\/csm_5_Sterne_Camping_Hopfensee_Allgaeu_Bayern_Babbel-Box_jugendraum_64148b5e42-1536x576.jpg 1536w\" sizes=\"auto, (max-width: 1600px) 100vw, 1600px\" \/><\/figure><\/div>\n\n\n\n<p>Ani na dosp\u011bl\u00e9 v tomto kempu nezapomn\u011bli a tak si v r\u00e1mci pobytu m\u016f\u017eete dop\u0159\u00e1t <strong>koup\u00e1n\u00ed v baz\u00e9nu o teplot\u011b 31\u00b0C, nebo saunov\u00e1n\u00ed<\/strong> v jedn\u00e9 ze dvou saun \u010di nah\u0159\u00edv\u00e1n\u00ed se v p\u00e1\u0159e. Vstup do baz\u00e9nu je zdarma, do saun se plat\u00ed poplatek 3&nbsp;\u20ac za osobu.<\/p>\n\n\n\n<div class=\"wp-block-image wp-image-72008\"><figure class=\"aligncenter\"><img loading=\"lazy\" decoding=\"async\" width=\"827\" height=\"551\" src=\"https:\/\/all4camper.com\/\/wp-content\/uploads\/2018\/10\/Zirbelholzsauna_5_Sterne_Camping_Hopfensee_Allg\u00e4u_Bayern.jpg\" alt=\"\" class=\"wp-image-72008\" srcset=\"https:\/\/all4camper.com\/wp-content\/uploads\/2018\/10\/Zirbelholzsauna_5_Sterne_Camping_Hopfensee_Allg\u00e4u_Bayern.jpg 827w, https:\/\/all4camper.com\/wp-content\/uploads\/2018\/10\/Zirbelholzsauna_5_Sterne_Camping_Hopfensee_Allg\u00e4u_Bayern-300x200.jpg 300w, https:\/\/all4camper.com\/wp-content\/uploads\/2018\/10\/Zirbelholzsauna_5_Sterne_Camping_Hopfensee_Allg\u00e4u_Bayern-150x100.jpg 150w, https:\/\/all4camper.com\/wp-content\/uploads\/2018\/10\/Zirbelholzsauna_5_Sterne_Camping_Hopfensee_Allg\u00e4u_Bayern-768x512.jpg 768w\" sizes=\"auto, (max-width: 827px) 100vw, 827px\" \/><figcaption>Zdroj: Kemp Hopfensee<\/figcaption><\/figure><\/div>\n\n\n\n<h4 class=\"wp-block-heading\"><strong>Zimn\u00ed venkovn\u00ed aktivity<\/strong><\/h4>\n\n\n\n<p>Bude-li v\u00e1m p\u0159\u00e1t po\u010das\u00ed, pak zde na v\u00e1s \u010dekaj\u00ed <strong>b\u011b\u017eka\u0159sk\u00e9 dr\u00e1hy<\/strong>, kde p\u0159\u00edmo u kempu se m\u016f\u017eete napojit na 60 km dlouhou trasu, kter\u00e1 je osv\u011btlena i v noci. Samoz\u0159ejm\u011b v bl\u00edzkosti je i um\u011bl\u00e9 kluzi\u0161t\u011b na brusle. Dal\u0161\u00ed skv\u011blou informac\u00ed je, \u017ee p\u0159\u00edmo v kempu maj\u00ed vlastn\u00ed s\u00e1\u0148ka\u0159skou dr\u00e1hu s vlekem pro za\u010d\u00e1te\u010dn\u00edky.<\/p>\n\n\n\n<div class=\"wp-block-image wp-image-72011 size-full\"><figure class=\"aligncenter\"><img loading=\"lazy\" decoding=\"async\" width=\"750\" height=\"281\" src=\"https:\/\/all4camper.com\/\/wp-content\/uploads\/2018\/10\/5_Sterne_Camping_Hopfensee_Allgaeu_Bayern_Skilift.jpg\" alt=\"\" class=\"wp-image-72011\" srcset=\"https:\/\/all4camper.com\/wp-content\/uploads\/2018\/10\/5_Sterne_Camping_Hopfensee_Allgaeu_Bayern_Skilift.jpg 750w, https:\/\/all4camper.com\/wp-content\/uploads\/2018\/10\/5_Sterne_Camping_Hopfensee_Allgaeu_Bayern_Skilift-300x112.jpg 300w, https:\/\/all4camper.com\/wp-content\/uploads\/2018\/10\/5_Sterne_Camping_Hopfensee_Allgaeu_Bayern_Skilift-150x56.jpg 150w\" sizes=\"auto, (max-width: 750px) 100vw, 750px\" \/><figcaption>Zdroj: Kemp Hopfensee<\/figcaption><\/figure><\/div>\n\n\n\n<p>A kam na ly\u017ee v okol\u00ed kempu se m\u016f\u017eete pod\u00edvat na tomto <a rel=\"noopener noreferrer\" href=\"https:\/\/www.camping-hopfensee.de\/wintercamping\/winterparadies-allgaeu\/skigebiete.html\" target=\"_blank\">odkazu<\/a>. Z kempu jezd\u00ed do vybran\u00fdch st\u0159edisek skibusy: <a title=\"\u00d6ffnet externen Link in neuem Fenster\" rel=\"noopener noreferrer\" href=\"http:\/\/www.tegelbergbahn.de\/tegelbergbahn.html\" target=\"_blank\">Tegelberg<\/a>\u00a0(ca. 10 km), <a title=\"\u00d6ffnet externen Link in neuem Fenster\" rel=\"noopener noreferrer\" href=\"http:\/\/www.breitenbergbahn.de\/breitenbergbahn.html\" target=\"_blank\">Breitenberg<\/a>\u00a0(ca. 15 km), <a title=\"\u00d6ffnet externen Link in neuem Fenster\" rel=\"noopener noreferrer\" href=\"http:\/\/www.alpspitzbahn.de\/\" target=\"_blank\">Nesselwang<\/a>\u00a0(ca. 25 km), <a title=\"\u00d6ffnet externen Link in neuem Fenster\" rel=\"noopener noreferrer\" href=\"http:\/\/www.lifte-graen.com\/\" target=\"_blank\">F\u00fcssener J\u00f6chle<\/a>\u00a0(ca. 30 km), <a title=\"\u00d6ffnet externen Link in neuem Fenster\" rel=\"noopener noreferrer\" href=\"http:\/\/www.tannheimer-bergbahnen.at\/\" target=\"_blank\">Tannheim Neunerk\u00f6pfle<\/a>\u00a0(ca. 30 km), <a title=\"\u00d6ffnet externen Link in neuem Fenster\" rel=\"noopener noreferrer\" href=\"http:\/\/www.reuttener-seilbahnen.at\/\" target=\"_blank\">Reutte Hahnenkamm<\/a>\u00a0(ca. 30 km), <a title=\"\u00d6ffnet externen Link in neuem Fenster\" rel=\"noopener noreferrer\" href=\"http:\/\/www.lifte-nesselwaengle.at\/\" target=\"_blank\">Nesselw\u00e4ngle<\/a>\u00a0(ca. 33 km), <a title=\"\u00d6ffnet externen Link in neuem Fenster\" rel=\"noopener noreferrer\" href=\"http:\/\/www.tannheimer-bergbahnen.at\/\" target=\"_blank\">Schattwald<\/a>\u00a0(ca. 35 km), <a title=\"\u00d6ffnet externen Link in neuem Fenster\" rel=\"noopener noreferrer\" href=\"http:\/\/www.jungholz.de\/\" target=\"_blank\">Jungholz\u00a0<\/a>(ca. 36 km), <a title=\"Opens internal link in current window\" rel=\"noopener noreferrer\" href=\"http:\/\/www.bergbahnen-berwang.at\/\" target=\"_blank\">Berwang\u00a0<\/a>(ca. 37 km), <a title=\"\u00d6ffnet externen Link in neuem Fenster\" rel=\"noopener noreferrer\" href=\"http:\/\/www.buchenbergbahn.de\/buchenbergbahn.html\" target=\"_blank\">Buchenberg<\/a>\u00a0(ca. 38 km), <a title=\"\u00d6ffnet externen Link in neuem Fenster\" rel=\"noopener noreferrer\" href=\"http:\/\/www.bergbahnen-hindelang-oberjoch.de\/\" target=\"_blank\">Oberjoch<\/a>\u00a0(ca. 40 km), Zugspitze (ca. 50 km \u2013 65 km)<\/p>\n\n\n\n<p><strong>A nezapome\u0148te, \u017ee pokud se chyst\u00e1te na winter camping p\u0159es v\u00e1no\u010dn\u00ed sv\u00e1tky, je nejvy\u0161\u0161\u00ed \u010das ud\u011blat rezervaci. V\u011bt\u0161ina kemp\u016f je ji\u017e obsazen\u00fdch!&nbsp;<\/strong><\/p>\n","protected":false},"excerpt":{"rendered":"<p>\u010cas neuv\u011b\u0159iteln\u011b rychle plyne a u\u017e jsou v pln\u00e9m proudu jarn\u00ed pr\u00e1zdniny o kter\u00fdch mnoho z v\u00e1s vyr\u00e1\u017e\u00ed na t\u00fddenn\u00ed pobyty na hor\u00e1ch do sousedn\u00edho Rakouska. V r\u00e1mci nich m\u00e1te v Rakousku celkem dv\u011b mo\u017enosti kempov\u00e1n\u00ed. M\u016f\u017eete kempovat na stellplatzu pod sjezdovkou, nebo pob\u00fdvat v kempu. Mo\u017en\u00e1 je\u0161t\u011b n\u011bkoho napad\u00e1 st\u00e1n\u00ed na parkovi\u0161ti, av\u0161ak to [&hellip;]<\/p>\n","protected":false},"author":4,"featured_media":83817,"comment_status":"closed","ping_status":"closed","sticky":false,"template":"","format":"standard","meta":{"_monsterinsights_skip_tracking":false,"_monsterinsights_sitenote_active":false,"_monsterinsights_sitenote_note":"","_monsterinsights_sitenote_category":0,"footnotes":""},"categories":[2379,68,341],"tags":[106,101,105,321],"class_list":{"0":"post-72001","1":"post","2":"type-post","3":"status-publish","4":"format-standard","5":"has-post-thumbnail","7":"category-kempujeme-a-cestujeme-v-rakousku","8":"category-kempovani-a-zajimave-cile","9":"category-zimni-kempovani","10":"tag-dovolena-s-detmi-1","11":"tag-kempy-1","12":"tag-rakousko","13":"tag-winter-camping"},"yoast_head":"<!-- This site is optimized with the Yoast SEO plugin v27.5 - https:\/\/yoast.com\/product\/yoast-seo-wordpress\/ -->\n<title>Rakousk\u00fd zimn\u00ed kemp, kde va\u0161e rodinn\u00e1 dovolen\u00e1 bude spln\u011bn\u00fdm snem<\/title>\n<meta name=\"description\" content=\"All4Camper - Rakousk\u00fd zimn\u00ed kemp, kde va\u0161e rodinn\u00e1 dovolen\u00e1 bude spln\u011bn\u00fdm snem\" \/>\n<meta name=\"robots\" content=\"index, follow, max-snippet:-1, max-image-preview:large, max-video-preview:-1\" \/>\n<link rel=\"canonical\" href=\"https:\/\/all4camper.com\/cs\/rakousky-zimni-kemp-kde-vase-rodinna-dovolena-bude-splnenym-snem\/\" \/>\n<meta property=\"og:locale\" content=\"cs_CZ\" \/>\n<meta property=\"og:type\" content=\"article\" \/>\n<meta property=\"og:title\" content=\"Rakousk\u00fd zimn\u00ed kemp, kde va\u0161e rodinn\u00e1 dovolen\u00e1 bude spln\u011bn\u00fdm snem\" \/>\n<meta property=\"og:description\" content=\"All4Camper - Rakousk\u00fd zimn\u00ed kemp, kde va\u0161e rodinn\u00e1 dovolen\u00e1 bude spln\u011bn\u00fdm snem\" \/>\n<meta property=\"og:url\" content=\"https:\/\/all4camper.com\/cs\/rakousky-zimni-kemp-kde-vase-rodinna-dovolena-bude-splnenym-snem\/\" \/>\n<meta property=\"og:site_name\" content=\"All4Camper\" \/>\n<meta property=\"article:published_time\" content=\"2019-10-11T12:06:07+00:00\" \/>\n<meta property=\"article:modified_time\" content=\"2020-04-21T10:46:41+00:00\" \/>\n<meta property=\"og:image\" content=\"https:\/\/all4camper.com\/\/wp-content\/uploads\/2018\/10\/5_Sterne_Camping_Hopfensee_FB.png\" \/>\n<meta name=\"author\" content=\"Kl\u00e1ra H\u00e1jkov\u00e1\" \/>\n<meta name=\"twitter:card\" content=\"summary_large_image\" \/>\n<meta name=\"twitter:label1\" content=\"Napsal(a)\" \/>\n\t<meta name=\"twitter:data1\" content=\"Kl\u00e1ra H\u00e1jkov\u00e1\" \/>\n\t<meta name=\"twitter:label2\" content=\"Odhadovan\u00e1 doba \u010dten\u00ed\" \/>\n\t<meta name=\"twitter:data2\" content=\"4 minuty\" \/>\n<script type=\"application\/ld+json\" class=\"yoast-schema-graph\">{\"@context\":\"https:\\\/\\\/schema.org\",\"@graph\":[{\"@type\":\"Article\",\"@id\":\"https:\\\/\\\/all4camper.com\\\/cs\\\/rakousky-zimni-kemp-kde-vase-rodinna-dovolena-bude-splnenym-snem\\\/#article\",\"isPartOf\":{\"@id\":\"https:\\\/\\\/all4camper.com\\\/cs\\\/rakousky-zimni-kemp-kde-vase-rodinna-dovolena-bude-splnenym-snem\\\/\"},\"author\":{\"name\":\"Kl\u00e1ra H\u00e1jkov\u00e1\",\"@id\":\"https:\\\/\\\/all4camper.com\\\/cs\\\/#\\\/schema\\\/person\\\/c6f1efdf1d02bc7d8c53a891cbe18c62\"},\"headline\":\"Rakousk\u00fd zimn\u00ed kemp, kde va\u0161e rodinn\u00e1 dovolen\u00e1 bude spln\u011bn\u00fdm snem\",\"datePublished\":\"2019-10-11T12:06:07+00:00\",\"dateModified\":\"2020-04-21T10:46:41+00:00\",\"mainEntityOfPage\":{\"@id\":\"https:\\\/\\\/all4camper.com\\\/cs\\\/rakousky-zimni-kemp-kde-vase-rodinna-dovolena-bude-splnenym-snem\\\/\"},\"wordCount\":769,\"publisher\":{\"@id\":\"https:\\\/\\\/all4camper.com\\\/cs\\\/#organization\"},\"image\":{\"@id\":\"https:\\\/\\\/all4camper.com\\\/cs\\\/rakousky-zimni-kemp-kde-vase-rodinna-dovolena-bude-splnenym-snem\\\/#primaryimage\"},\"thumbnailUrl\":\"https:\\\/\\\/all4camper.com\\\/wp-content\\\/uploads\\\/2018\\\/10\\\/5_Sterne_Camping_Hopfensee_clanek.png\",\"keywords\":[\"Dovolen\u00e1 s d\u011btmi\",\"Kempy a kempovac\u00ed m\u00edsta\",\"Rakousko\",\"Zimn\u00ed kempov\u00e1n\u00ed\"],\"articleSection\":[\"Kempujeme a cestujeme v Rakousku\",\"Kempy a zaj\u00edmav\u00e1 m\u00edsta\",\"Zimn\u00ed kempov\u00e1n\u00ed\"],\"inLanguage\":\"cs\"},{\"@type\":\"WebPage\",\"@id\":\"https:\\\/\\\/all4camper.com\\\/cs\\\/rakousky-zimni-kemp-kde-vase-rodinna-dovolena-bude-splnenym-snem\\\/\",\"url\":\"https:\\\/\\\/all4camper.com\\\/cs\\\/rakousky-zimni-kemp-kde-vase-rodinna-dovolena-bude-splnenym-snem\\\/\",\"name\":\"Rakousk\u00fd zimn\u00ed kemp, kde va\u0161e rodinn\u00e1 dovolen\u00e1 bude spln\u011bn\u00fdm snem\",\"isPartOf\":{\"@id\":\"https:\\\/\\\/all4camper.com\\\/cs\\\/#website\"},\"primaryImageOfPage\":{\"@id\":\"https:\\\/\\\/all4camper.com\\\/cs\\\/rakousky-zimni-kemp-kde-vase-rodinna-dovolena-bude-splnenym-snem\\\/#primaryimage\"},\"image\":{\"@id\":\"https:\\\/\\\/all4camper.com\\\/cs\\\/rakousky-zimni-kemp-kde-vase-rodinna-dovolena-bude-splnenym-snem\\\/#primaryimage\"},\"thumbnailUrl\":\"https:\\\/\\\/all4camper.com\\\/wp-content\\\/uploads\\\/2018\\\/10\\\/5_Sterne_Camping_Hopfensee_clanek.png\",\"datePublished\":\"2019-10-11T12:06:07+00:00\",\"dateModified\":\"2020-04-21T10:46:41+00:00\",\"description\":\"All4Camper - Rakousk\u00fd zimn\u00ed kemp, kde va\u0161e rodinn\u00e1 dovolen\u00e1 bude spln\u011bn\u00fdm snem\",\"breadcrumb\":{\"@id\":\"https:\\\/\\\/all4camper.com\\\/cs\\\/rakousky-zimni-kemp-kde-vase-rodinna-dovolena-bude-splnenym-snem\\\/#breadcrumb\"},\"inLanguage\":\"cs\",\"potentialAction\":[{\"@type\":\"ReadAction\",\"target\":[\"https:\\\/\\\/all4camper.com\\\/cs\\\/rakousky-zimni-kemp-kde-vase-rodinna-dovolena-bude-splnenym-snem\\\/\"]}]},{\"@type\":\"ImageObject\",\"inLanguage\":\"cs\",\"@id\":\"https:\\\/\\\/all4camper.com\\\/cs\\\/rakousky-zimni-kemp-kde-vase-rodinna-dovolena-bude-splnenym-snem\\\/#primaryimage\",\"url\":\"https:\\\/\\\/all4camper.com\\\/wp-content\\\/uploads\\\/2018\\\/10\\\/5_Sterne_Camping_Hopfensee_clanek.png\",\"contentUrl\":\"https:\\\/\\\/all4camper.com\\\/wp-content\\\/uploads\\\/2018\\\/10\\\/5_Sterne_Camping_Hopfensee_clanek.png\",\"width\":1196,\"height\":699},{\"@type\":\"BreadcrumbList\",\"@id\":\"https:\\\/\\\/all4camper.com\\\/cs\\\/rakousky-zimni-kemp-kde-vase-rodinna-dovolena-bude-splnenym-snem\\\/#breadcrumb\",\"itemListElement\":[{\"@type\":\"ListItem\",\"position\":1,\"name\":\"Dom\u016f\",\"item\":\"https:\\\/\\\/all4camper.com\\\/cs\\\/\"},{\"@type\":\"ListItem\",\"position\":2,\"name\":\"Kempujeme a cestujeme v Rakousku\",\"item\":\"https:\\\/\\\/all4camper.com\\\/cs\\\/category\\\/kempujeme-a-cestujeme-v-rakousku\\\/\"},{\"@type\":\"ListItem\",\"position\":3,\"name\":\"Rakousk\u00fd zimn\u00ed kemp, kde va\u0161e rodinn\u00e1 dovolen\u00e1 bude spln\u011bn\u00fdm snem\"}]},{\"@type\":\"WebSite\",\"@id\":\"https:\\\/\\\/all4camper.com\\\/cs\\\/#website\",\"url\":\"https:\\\/\\\/all4camper.com\\\/cs\\\/\",\"name\":\"All4Camper\",\"description\":\"Nejv\u011bt\u0161\u00ed online magaz\u00edn o kempov\u00e1n\u00ed a karavaninku. V\u00edce jak 900 \u010dl\u00e1nk\u016f pln\u00fdch rad a tip\u016f o kempech a kempov\u00e1n\u00ed.\",\"publisher\":{\"@id\":\"https:\\\/\\\/all4camper.com\\\/cs\\\/#organization\"},\"potentialAction\":[{\"@type\":\"SearchAction\",\"target\":{\"@type\":\"EntryPoint\",\"urlTemplate\":\"https:\\\/\\\/all4camper.com\\\/cs\\\/?s={search_term_string}\"},\"query-input\":{\"@type\":\"PropertyValueSpecification\",\"valueRequired\":true,\"valueName\":\"search_term_string\"}}],\"inLanguage\":\"cs\"},{\"@type\":\"Organization\",\"@id\":\"https:\\\/\\\/all4camper.com\\\/cs\\\/#organization\",\"name\":\"All4Camper - kempujeme s Kl\u00e1rou\",\"url\":\"https:\\\/\\\/all4camper.com\\\/cs\\\/\",\"logo\":{\"@type\":\"ImageObject\",\"inLanguage\":\"cs\",\"@id\":\"https:\\\/\\\/all4camper.com\\\/cs\\\/#\\\/schema\\\/logo\\\/image\\\/\",\"url\":\"https:\\\/\\\/all4camper.com\\\/wp-content\\\/uploads\\\/2018\\\/09\\\/novelogo.png\",\"contentUrl\":\"https:\\\/\\\/all4camper.com\\\/wp-content\\\/uploads\\\/2018\\\/09\\\/novelogo.png\",\"width\":1520,\"height\":600,\"caption\":\"All4Camper - kempujeme s Kl\u00e1rou\"},\"image\":{\"@id\":\"https:\\\/\\\/all4camper.com\\\/cs\\\/#\\\/schema\\\/logo\\\/image\\\/\"}},{\"@type\":\"Person\",\"@id\":\"https:\\\/\\\/all4camper.com\\\/cs\\\/#\\\/schema\\\/person\\\/c6f1efdf1d02bc7d8c53a891cbe18c62\",\"name\":\"Kl\u00e1ra H\u00e1jkov\u00e1\",\"sameAs\":[\"http:\\\/\\\/www.all4camper.com\"],\"url\":\"https:\\\/\\\/all4camper.com\\\/cs\\\/author\\\/klarinkacestuje1\\\/\"}]}<\/script>\n<!-- \/ Yoast SEO plugin. -->","yoast_head_json":{"title":"Rakousk\u00fd zimn\u00ed kemp, kde va\u0161e rodinn\u00e1 dovolen\u00e1 bude spln\u011bn\u00fdm snem","description":"All4Camper - Rakousk\u00fd zimn\u00ed kemp, kde va\u0161e rodinn\u00e1 dovolen\u00e1 bude spln\u011bn\u00fdm snem","robots":{"index":"index","follow":"follow","max-snippet":"max-snippet:-1","max-image-preview":"max-image-preview:large","max-video-preview":"max-video-preview:-1"},"canonical":"https:\/\/all4camper.com\/cs\/rakousky-zimni-kemp-kde-vase-rodinna-dovolena-bude-splnenym-snem\/","og_locale":"cs_CZ","og_type":"article","og_title":"Rakousk\u00fd zimn\u00ed kemp, kde va\u0161e rodinn\u00e1 dovolen\u00e1 bude spln\u011bn\u00fdm snem","og_description":"All4Camper - Rakousk\u00fd zimn\u00ed kemp, kde va\u0161e rodinn\u00e1 dovolen\u00e1 bude spln\u011bn\u00fdm snem","og_url":"https:\/\/all4camper.com\/cs\/rakousky-zimni-kemp-kde-vase-rodinna-dovolena-bude-splnenym-snem\/","og_site_name":"All4Camper","article_published_time":"2019-10-11T12:06:07+00:00","article_modified_time":"2020-04-21T10:46:41+00:00","og_image":[{"url":"https:\/\/all4camper.com\/\/wp-content\/uploads\/2018\/10\/5_Sterne_Camping_Hopfensee_FB.png","type":"","width":"","height":""}],"author":"Kl\u00e1ra H\u00e1jkov\u00e1","twitter_card":"summary_large_image","twitter_misc":{"Napsal(a)":"Kl\u00e1ra H\u00e1jkov\u00e1","Odhadovan\u00e1 doba \u010dten\u00ed":"4 minuty"},"schema":{"@context":"https:\/\/schema.org","@graph":[{"@type":"Article","@id":"https:\/\/all4camper.com\/cs\/rakousky-zimni-kemp-kde-vase-rodinna-dovolena-bude-splnenym-snem\/#article","isPartOf":{"@id":"https:\/\/all4camper.com\/cs\/rakousky-zimni-kemp-kde-vase-rodinna-dovolena-bude-splnenym-snem\/"},"author":{"name":"Kl\u00e1ra H\u00e1jkov\u00e1","@id":"https:\/\/all4camper.com\/cs\/#\/schema\/person\/c6f1efdf1d02bc7d8c53a891cbe18c62"},"headline":"Rakousk\u00fd zimn\u00ed kemp, kde va\u0161e rodinn\u00e1 dovolen\u00e1 bude spln\u011bn\u00fdm snem","datePublished":"2019-10-11T12:06:07+00:00","dateModified":"2020-04-21T10:46:41+00:00","mainEntityOfPage":{"@id":"https:\/\/all4camper.com\/cs\/rakousky-zimni-kemp-kde-vase-rodinna-dovolena-bude-splnenym-snem\/"},"wordCount":769,"publisher":{"@id":"https:\/\/all4camper.com\/cs\/#organization"},"image":{"@id":"https:\/\/all4camper.com\/cs\/rakousky-zimni-kemp-kde-vase-rodinna-dovolena-bude-splnenym-snem\/#primaryimage"},"thumbnailUrl":"https:\/\/all4camper.com\/wp-content\/uploads\/2018\/10\/5_Sterne_Camping_Hopfensee_clanek.png","keywords":["Dovolen\u00e1 s d\u011btmi","Kempy a kempovac\u00ed m\u00edsta","Rakousko","Zimn\u00ed kempov\u00e1n\u00ed"],"articleSection":["Kempujeme a cestujeme v Rakousku","Kempy a zaj\u00edmav\u00e1 m\u00edsta","Zimn\u00ed kempov\u00e1n\u00ed"],"inLanguage":"cs"},{"@type":"WebPage","@id":"https:\/\/all4camper.com\/cs\/rakousky-zimni-kemp-kde-vase-rodinna-dovolena-bude-splnenym-snem\/","url":"https:\/\/all4camper.com\/cs\/rakousky-zimni-kemp-kde-vase-rodinna-dovolena-bude-splnenym-snem\/","name":"Rakousk\u00fd zimn\u00ed kemp, kde va\u0161e rodinn\u00e1 dovolen\u00e1 bude spln\u011bn\u00fdm snem","isPartOf":{"@id":"https:\/\/all4camper.com\/cs\/#website"},"primaryImageOfPage":{"@id":"https:\/\/all4camper.com\/cs\/rakousky-zimni-kemp-kde-vase-rodinna-dovolena-bude-splnenym-snem\/#primaryimage"},"image":{"@id":"https:\/\/all4camper.com\/cs\/rakousky-zimni-kemp-kde-vase-rodinna-dovolena-bude-splnenym-snem\/#primaryimage"},"thumbnailUrl":"https:\/\/all4camper.com\/wp-content\/uploads\/2018\/10\/5_Sterne_Camping_Hopfensee_clanek.png","datePublished":"2019-10-11T12:06:07+00:00","dateModified":"2020-04-21T10:46:41+00:00","description":"All4Camper - Rakousk\u00fd zimn\u00ed kemp, kde va\u0161e rodinn\u00e1 dovolen\u00e1 bude spln\u011bn\u00fdm snem","breadcrumb":{"@id":"https:\/\/all4camper.com\/cs\/rakousky-zimni-kemp-kde-vase-rodinna-dovolena-bude-splnenym-snem\/#breadcrumb"},"inLanguage":"cs","potentialAction":[{"@type":"ReadAction","target":["https:\/\/all4camper.com\/cs\/rakousky-zimni-kemp-kde-vase-rodinna-dovolena-bude-splnenym-snem\/"]}]},{"@type":"ImageObject","inLanguage":"cs","@id":"https:\/\/all4camper.com\/cs\/rakousky-zimni-kemp-kde-vase-rodinna-dovolena-bude-splnenym-snem\/#primaryimage","url":"https:\/\/all4camper.com\/wp-content\/uploads\/2018\/10\/5_Sterne_Camping_Hopfensee_clanek.png","contentUrl":"https:\/\/all4camper.com\/wp-content\/uploads\/2018\/10\/5_Sterne_Camping_Hopfensee_clanek.png","width":1196,"height":699},{"@type":"BreadcrumbList","@id":"https:\/\/all4camper.com\/cs\/rakousky-zimni-kemp-kde-vase-rodinna-dovolena-bude-splnenym-snem\/#breadcrumb","itemListElement":[{"@type":"ListItem","position":1,"name":"Dom\u016f","item":"https:\/\/all4camper.com\/cs\/"},{"@type":"ListItem","position":2,"name":"Kempujeme a cestujeme v Rakousku","item":"https:\/\/all4camper.com\/cs\/category\/kempujeme-a-cestujeme-v-rakousku\/"},{"@type":"ListItem","position":3,"name":"Rakousk\u00fd zimn\u00ed kemp, kde va\u0161e rodinn\u00e1 dovolen\u00e1 bude spln\u011bn\u00fdm snem"}]},{"@type":"WebSite","@id":"https:\/\/all4camper.com\/cs\/#website","url":"https:\/\/all4camper.com\/cs\/","name":"All4Camper","description":"Nejv\u011bt\u0161\u00ed online magaz\u00edn o kempov\u00e1n\u00ed a karavaninku. V\u00edce jak 900 \u010dl\u00e1nk\u016f pln\u00fdch rad a tip\u016f o kempech a kempov\u00e1n\u00ed.","publisher":{"@id":"https:\/\/all4camper.com\/cs\/#organization"},"potentialAction":[{"@type":"SearchAction","target":{"@type":"EntryPoint","urlTemplate":"https:\/\/all4camper.com\/cs\/?s={search_term_string}"},"query-input":{"@type":"PropertyValueSpecification","valueRequired":true,"valueName":"search_term_string"}}],"inLanguage":"cs"},{"@type":"Organization","@id":"https:\/\/all4camper.com\/cs\/#organization","name":"All4Camper - kempujeme s Kl\u00e1rou","url":"https:\/\/all4camper.com\/cs\/","logo":{"@type":"ImageObject","inLanguage":"cs","@id":"https:\/\/all4camper.com\/cs\/#\/schema\/logo\/image\/","url":"https:\/\/all4camper.com\/wp-content\/uploads\/2018\/09\/novelogo.png","contentUrl":"https:\/\/all4camper.com\/wp-content\/uploads\/2018\/09\/novelogo.png","width":1520,"height":600,"caption":"All4Camper - kempujeme s Kl\u00e1rou"},"image":{"@id":"https:\/\/all4camper.com\/cs\/#\/schema\/logo\/image\/"}},{"@type":"Person","@id":"https:\/\/all4camper.com\/cs\/#\/schema\/person\/c6f1efdf1d02bc7d8c53a891cbe18c62","name":"Kl\u00e1ra H\u00e1jkov\u00e1","sameAs":["http:\/\/www.all4camper.com"],"url":"https:\/\/all4camper.com\/cs\/author\/klarinkacestuje1\/"}]}},"_links":{"self":[{"href":"https:\/\/all4camper.com\/cs\/wp-json\/wp\/v2\/posts\/72001","targetHints":{"allow":["GET"]}}],"collection":[{"href":"https:\/\/all4camper.com\/cs\/wp-json\/wp\/v2\/posts"}],"about":[{"href":"https:\/\/all4camper.com\/cs\/wp-json\/wp\/v2\/types\/post"}],"author":[{"embeddable":true,"href":"https:\/\/all4camper.com\/cs\/wp-json\/wp\/v2\/users\/4"}],"replies":[{"embeddable":true,"href":"https:\/\/all4camper.com\/cs\/wp-json\/wp\/v2\/comments?post=72001"}],"version-history":[{"count":0,"href":"https:\/\/all4camper.com\/cs\/wp-json\/wp\/v2\/posts\/72001\/revisions"}],"wp:featuredmedia":[{"embeddable":true,"href":"https:\/\/all4camper.com\/cs\/wp-json\/wp\/v2\/media\/83817"}],"wp:attachment":[{"href":"https:\/\/all4camper.com\/cs\/wp-json\/wp\/v2\/media?parent=72001"}],"wp:term":[{"taxonomy":"category","embeddable":true,"href":"https:\/\/all4camper.com\/cs\/wp-json\/wp\/v2\/categories?post=72001"},{"taxonomy":"post_tag","embeddable":true,"href":"https:\/\/all4camper.com\/cs\/wp-json\/wp\/v2\/tags?post=72001"}],"curies":[{"name":"wp","href":"https:\/\/api.w.org\/{rel}","templated":true}]}}