{"id":71937,"date":"2018-10-09T19:07:19","date_gmt":"2018-10-09T17:07:19","guid":{"rendered":"https:\/\/all4camper.com\/\/?p=71937"},"modified":"2019-12-28T17:29:00","modified_gmt":"2019-12-28T16:29:00","slug":"netradicni-solne-termalni-lazne-kristal-therme","status":"publish","type":"post","link":"https:\/\/all4camper.com\/cs\/netradicni-solne-termalni-lazne-kristal-therme\/","title":{"rendered":"Netradi\u010dn\u00ed soln\u00e9 term\u00e1ln\u00ed l\u00e1zn\u011b &#8211; Kristal Therme &#8211; FKK"},"content":{"rendered":"\n<h4 class=\"wp-block-heading\">Ned\u00e1vno jsme zav\u00edtali do hodn\u011b netradi\u010dn\u00edch term\u00e1ln\u00edch l\u00e1zn\u00ed v N\u011bmecku &#8211;\u00a0 Kristall Sauna a Wellnesspark mit Soletherme Bad Klosterlausnitz<b>.\u00a0<\/b>Pro\u010d je naz\u00fdv\u00e1m &#8222;netradi\u010dn\u00edmi&#8220; a pro\u010d rozhodn\u011b stoj\u00ed za n\u00e1v\u0161t\u011bvu, se m\u016f\u017eete do\u010d\u00edst n\u00ed\u017ee.<\/h4>\n\n\n\n<div class=\"wp-block-image wp-image-71938 size-full\"><figure class=\"aligncenter\"><img loading=\"lazy\" decoding=\"async\" width=\"640\" height=\"428\" src=\"https:\/\/all4camper.com\/\/wp-content\/uploads\/2018\/10\/kristal-therme_1.jpg\" alt=\"\" class=\"wp-image-71938\" srcset=\"https:\/\/all4camper.com\/wp-content\/uploads\/2018\/10\/kristal-therme_1.jpg 640w, https:\/\/all4camper.com\/wp-content\/uploads\/2018\/10\/kristal-therme_1-300x201.jpg 300w, https:\/\/all4camper.com\/wp-content\/uploads\/2018\/10\/kristal-therme_1-150x100.jpg 150w\" sizes=\"auto, (max-width: 640px) 100vw, 640px\" \/><figcaption>Zdroj: Kristall Therme<\/figcaption><\/figure><\/div>\n\n\n\n<h4 class=\"wp-block-heading\"><b>Soln\u00e9 l\u00e1zn\u011b a wellnesspark &#8211; shrnut\u00ed<\/b><\/h4>\n\n\n\n<p>Cel\u00fd koncept t\u011bchto term\u00e1ln\u00edch l\u00e1zn\u00ed je postaven \u00fapln\u011b jinak, ne\u017e jsme byli doposud zvykl\u00ed. Standardn\u011b toti\u017e n\u011bmeck\u00e9 term\u00e1ln\u00ed l\u00e1zn\u011b to maj\u00ed tak, \u017ee je striktn\u011b odd\u011blena saunovac\u00ed a term\u00e1ln\u00ed \u010d\u00e1st, co\u017e samo sebou nese i p\u0159edpisy no\u0161en\u00ed\/neno\u0161en\u00ed plavek a v\u011bkov\u00e9 omezen\u00ed (v\u011bt\u0161inou 16 let) pro n\u00e1v\u0161t\u011bvu saunov\u00e9ho sv\u011bta. <b>V t\u011bchto term\u00e1ln\u00edch l\u00e1zn\u00edch je v\u0161ak \u00fapln\u011b jin\u00e9. Jsou toti\u017e prim\u00e1rn\u011b cel\u00e9 FKK<\/b> (BEZ plavkov\u00e9), co\u017e je pro vyznava\u010de naturismu \u00fapln\u00fd &#8222;r\u00e1j&#8220;. P\u0159es tento fakt pamatuj\u00ed term\u00e1ly i na ty, pro kter\u00e9 je koup\u00e1n\u00ed bez plavek probl\u00e9mem, a tak\u00a0<b>po cel\u00fd t\u00fdden je zde mo\u017enost koup\u00e1n\u00ed od 9 -do 12 hodin i v plavk\u00e1ch, ve st\u0159edu a ned\u011bli dokonce po cel\u00fd den.<\/b> A pr\u00e1v\u011b d\u00edky v\u00fd\u0161e uveden\u00e9mu se dost\u00e1v\u00e1me k tomu, pro\u010d jsou pro m\u011b tyto l\u00e1zn\u011b tak netradi\u010dn\u00ed. Bez ohledu na hodiny a dny, kdy se sm\u00ed a nesm\u00ed koupat v plavk\u00e1ch, po\u0159\u00e1d plat\u00ed to, \u017ee jsou pln\u011b FKK, co\u017e vede k tomu, \u017ee\u00a0<b>dopoledne se tam spole\u010dn\u011b koupaj\u00ed lid\u00e9 s plavkami i bez :-)<\/b>!<\/p>\n\n\n\n<div class=\"wp-block-image wp-image-71941 size-full\"><figure class=\"aligncenter\"><img loading=\"lazy\" decoding=\"async\" width=\"640\" height=\"480\" src=\"https:\/\/all4camper.com\/\/wp-content\/uploads\/2018\/10\/kristal-therme_2.jpg\" alt=\"\" class=\"wp-image-71941\" srcset=\"https:\/\/all4camper.com\/wp-content\/uploads\/2018\/10\/kristal-therme_2.jpg 640w, https:\/\/all4camper.com\/wp-content\/uploads\/2018\/10\/kristal-therme_2-300x225.jpg 300w, https:\/\/all4camper.com\/wp-content\/uploads\/2018\/10\/kristal-therme_2-150x113.jpg 150w, https:\/\/all4camper.com\/wp-content\/uploads\/2018\/10\/kristal-therme_2-326x245.jpg 326w, https:\/\/all4camper.com\/wp-content\/uploads\/2018\/10\/kristal-therme_2-80x60.jpg 80w\" sizes=\"auto, (max-width: 640px) 100vw, 640px\" \/><figcaption>Zdroj: Kristall Therme<\/figcaption><\/figure><\/div>\n\n\n\n<p><b>P\u0159esto\u017ee m\u00e1me r\u00e1di, zejm\u00e9na v saunov\u00fdch sv\u011btech, &#8222;naturismus&#8220;, p\u0159izn\u00e1v\u00e1m, \u017ee jsem si na to tady musela trochu zvyknout.<\/b>\u00a0Ono toti\u017e kdy\u017e plavete vedle osoby, kter\u00e1 na sob\u011b ty plavky m\u00e1 &#8230; tak si prost\u011b p\u0159ipad\u00e1te &#8222;jinak&#8220;, i kdybyste necht\u011bli (sm\u00edch). Tak\u00e9 je velice nezvykl\u00e9 se koupat s d\u011btmi, kter\u00e9 na sob\u011b plavky maj\u00ed, a s nimi jsou tam rodi\u010de, kte\u0159\u00ed plavky nemaj\u00ed.\u00a0<b>Je to prost\u011b takov\u00fd zvl\u00e1\u0161tn\u00ed &#8222;mi\u0161ma\u0161&#8220;, kter\u00fd v\u0161ak nikomu nevad\u00ed<\/b>, nikoho to nepohor\u0161uje a naopak mus\u00edm \u0159\u00edci, \u017ee\u00a0<b>atmosf\u00e9ra v t\u011bchto term\u00e1ln\u00edch l\u00e1zn\u00edch byla \u00fa\u017easn\u011b otev\u0159en\u00e1, pohodov\u00e1 a vl\u00e1dl tam neuv\u011b\u0159iteln\u00fd klid<\/b>. <\/p>\n\n\n\n<h4 class=\"wp-block-heading\"><b>Rozd\u011blen\u00ed l\u00e1zn\u00ed<\/b><\/h4>\n\n\n\n<p>L\u00e1zn\u011b jsou rozd\u011bleny na dv\u011b \u010d\u00e1sti. Prvn\u00ed \u010d\u00e1st\u00ed jsou soln\u00e9 l\u00e1zn\u011b kde v\u0161echny baz\u00e9ny v sob\u011b obsahuj\u00ed ur\u010dit\u00e9 procento soli. Tak\u00e9 teplota vody je zde vy\u0161\u0161\u00ed a koup\u00e1n\u00ed si tak m\u016f\u017eete po\u0159\u00e1dn\u011b u\u017e\u00edt. Druh\u00e1 \u010d\u00e1st je zam\u011b\u0159ena na saunov\u00e1n\u00ed. P\u0159i vstupu do l\u00e1zn\u00ed ze \u0161aten dojdete k hlavn\u00edmu baz\u00e9nu, kde ka\u017edou hodinu prob\u00edh\u00e1 vlnobit\u00ed. Teplota vody v baz\u00e9nu je 32\u00b0 C a nej\u010dast\u011bji se zde koupou rodi\u010de s d\u011btmi.<\/p>\n\n\n\n<div class=\"wp-block-image wp-image-71944 size-full\"><figure class=\"aligncenter\"><img loading=\"lazy\" decoding=\"async\" width=\"640\" height=\"480\" src=\"https:\/\/all4camper.com\/\/wp-content\/uploads\/2018\/10\/kristal-therme_5.jpg\" alt=\"\" class=\"wp-image-71944\" srcset=\"https:\/\/all4camper.com\/wp-content\/uploads\/2018\/10\/kristal-therme_5.jpg 640w, https:\/\/all4camper.com\/wp-content\/uploads\/2018\/10\/kristal-therme_5-300x225.jpg 300w, https:\/\/all4camper.com\/wp-content\/uploads\/2018\/10\/kristal-therme_5-150x113.jpg 150w, https:\/\/all4camper.com\/wp-content\/uploads\/2018\/10\/kristal-therme_5-326x245.jpg 326w, https:\/\/all4camper.com\/wp-content\/uploads\/2018\/10\/kristal-therme_5-80x60.jpg 80w\" sizes=\"auto, (max-width: 640px) 100vw, 640px\" \/><figcaption>Zdroj: Kristall Therme<\/figcaption><\/figure><\/div>\n\n\n\n<p>Na hlavn\u00ed term\u00e1ln\u00ed baz\u00e9n navazuje vnit\u0159n\u00ed divok\u00e1 \u0159eka a odd\u011blen\u00e1 \u010d\u00e1st s mas\u00e1\u017en\u00edmi tryskami.\u00a0Z t\u00e9to \u010d\u00e1sti m\u016f\u017eete plavat do\u00a0venkovn\u00ed \u010d\u00e1sti baz\u00e9nu o teplot\u011b 33\u00b0C. K dispozici m\u00e1te mas\u00e1\u017en\u00ed leh\u00e1tka a tak\u00e9 v\u00fdlez do kr\u00e1sn\u00e9 relaxa\u010dn\u00ed zahrady.\u00a0V cel\u00e9 t\u00e9to \u010d\u00e1sti je obsah soli ve vod\u011b 1%. <\/p>\n\n\n\n<div class=\"wp-block-image wp-image-71947 size-full\"><figure class=\"aligncenter\"><img loading=\"lazy\" decoding=\"async\" width=\"640\" height=\"480\" src=\"https:\/\/all4camper.com\/\/wp-content\/uploads\/2018\/10\/kristal-therme_3.jpg\" alt=\"\" class=\"wp-image-71947\" srcset=\"https:\/\/all4camper.com\/wp-content\/uploads\/2018\/10\/kristal-therme_3.jpg 640w, https:\/\/all4camper.com\/wp-content\/uploads\/2018\/10\/kristal-therme_3-300x225.jpg 300w, https:\/\/all4camper.com\/wp-content\/uploads\/2018\/10\/kristal-therme_3-150x113.jpg 150w, https:\/\/all4camper.com\/wp-content\/uploads\/2018\/10\/kristal-therme_3-326x245.jpg 326w, https:\/\/all4camper.com\/wp-content\/uploads\/2018\/10\/kristal-therme_3-80x60.jpg 80w\" sizes=\"auto, (max-width: 640px) 100vw, 640px\" \/><figcaption>Zdroj: Kristall Therme<\/figcaption><\/figure><\/div>\n\n\n\n<p>Jen p\u00e1r metr\u016f od venkovn\u00edho baz\u00e9nu je um\u00edst\u011bn\u00a0<b>baz\u00e9nek s 12% obsahem soli a teplotou 36\u00b0C.<\/b>\u00a0Kolem dokola je udr\u017eovan\u00e1 zahrada pln\u00e1 opalovac\u00edch leh\u00e1tek a vyhrazen\u00e9 m\u00edsto pro kou\u0159en\u00ed. Za slune\u010dn\u00e9ho po\u010das\u00ed tu lid\u00e9 standardn\u011b po\u0159\u00e1daj\u00ed pikniky a opaluj\u00ed se. Nikdo ne\u0159e\u0161\u00ed zda si j\u00eddlo donesete vlastn\u00ed a u\u017eijete si hezk\u00fd den se v\u0161\u00edm v\u0161udy, nebo se rozhodnete <strong>v<\/strong><b>yu\u017e\u00edt nab\u00eddku restaurace s celkem slu\u0161n\u00fdm v\u00fdb\u011brem j\u00eddel za dobrou cenu.<\/b><\/p>\n\n\n\n<p><b>Cel\u00e1 tato venkovn\u00ed \u010d\u00e1st je propojena se saunovac\u00ed vesni\u010dkou.<\/b>\u00a0Vstup do n\u00ed je samoz\u0159ejm\u011b zpoplatn\u011bn. M\u00e1te-li v\u0161ak celodenn\u00ed vstupenku, automaticky z\u00edsk\u00e1v\u00e1te p\u0159\u00edstup i sem. Vesni\u010dka je\u00a0p\u0159\u00edmo propojena s term\u00e1ln\u00ed \u010d\u00e1st\u00ed, nen\u00ed zde \u017e\u00e1dn\u00fd turniket a kontrola placen\u00e9ho vstupu prob\u00edh\u00e1 tak, \u017ee m\u00e1te na ruce p\u00e1sek oznamuj\u00edc\u00ed dle barvy povolen\u00ed ke vstupu. Mus\u00edm zd\u016fraznit, \u017ee vesni\u010dka je opravdu moc hezk\u00e1 a nab\u00edz\u00ed celkem sedm<b>\u00a0saun<\/b>.\u00a0<b>Nejnav\u0161t\u011bvovan\u011bj\u0161\u00ed saunou je sauna soln\u00e1 a finsk\u00e1.<\/b>\u00a0D\u00e1le se m\u016f\u017eete vyh\u0159\u00e1t v citronov\u00e9, bylinkov\u00e9 a senn\u00e9 &#8211; senn\u00e1 proto, \u017ee p\u0159\u00edmo ze sauny kouk\u00e1te p\u0159es sklo do jak\u00e9hosi kurn\u00edku. A p\u0159iznejte, kolik z v\u00e1s se saunovalo se slepicemi (sm\u00edch). Sauna kter\u00e1 se mi zde opravdu l\u00edbila a nav\u0161t\u00edvila jsem ji n\u011bkolikr\u00e1t byla\u00a0<b>medita\u010dn\u00ed sauna<\/b>. Hraje zde relaxa\u010dn\u00ed hudba spojen\u00e1 s klidn\u00fdm mluven\u00fdm slovem je\u017e v\u00e1m \u0159\u00edk\u00e1 jak m\u00e1te relaxovat. \u010cas v t\u00e9to saun\u011b moc hezky plyne a je to opravdu p\u0159\u00edjemn\u00e9.<\/p>\n\n\n\n<div class=\"wp-block-image wp-image-71950 size-full\"><figure class=\"aligncenter\"><img loading=\"lazy\" decoding=\"async\" width=\"640\" height=\"427\" src=\"https:\/\/all4camper.com\/\/wp-content\/uploads\/2018\/10\/kristal-therme_4.jpg\" alt=\"\" class=\"wp-image-71950\" srcset=\"https:\/\/all4camper.com\/wp-content\/uploads\/2018\/10\/kristal-therme_4.jpg 640w, https:\/\/all4camper.com\/wp-content\/uploads\/2018\/10\/kristal-therme_4-300x200.jpg 300w, https:\/\/all4camper.com\/wp-content\/uploads\/2018\/10\/kristal-therme_4-150x100.jpg 150w\" sizes=\"auto, (max-width: 640px) 100vw, 640px\" \/><figcaption>Zdroj: Kristall Therme &#8211; saunovac\u00ed vesni\u010dka a term\u00e1ln\u00ed \u0161umiv\u00fd baz\u00e9n v sauna \u010d\u00e1sti<\/figcaption><\/figure><\/div>\n\n\n\n<p><b>Ochlazovat se m\u016f\u017eete v k\u00e1di nebo ochlazovac\u00ed kabin\u011b.<\/b>\u00a0Ta funguje tak, \u017ee po vstupu do kabiny zm\u00e1\u010dknete tla\u010d\u00edtko a spust\u00ed se na v\u00e1s studen\u00fd a intenzivn\u00ed drobn\u00fd de\u0161t\u00edk.<b>\u00a0Pokud by v\u00e1m to bylo m\u00e1lo, m\u016f\u017eete se pot\u00edrat ledem.\u00a0<\/b>Na konci t\u00e9to vesni\u010dky najdete vstup do vnit\u0159n\u00edho saunov\u00e9ho sv\u011bta s dal\u0161\u00edmi t\u0159emi saunami a dv\u011bmi parn\u00edmi saunami (solnou a aroma).<\/p>\n\n\n\n<p>Saunovac\u00ed ritu\u00e1ly prob\u00edhaj\u00ed po cel\u00fd den a pro vyznava\u010de t\u011bchto ritu\u00e1l\u016f\u00a0<b>je zde<\/b>\u00a0<b>jedna opravdov\u00e1 specialita &#8211;\u00a0brutal aufguss. <\/b>Mus\u00edm \u0159\u00edci, \u017ee n\u00e1zev rozhodn\u011b odpov\u00edd\u00e1 realit\u011b. V r\u00e1mci tohoto aufgussu je toti\u017e pou\u017e\u00edv\u00e1no 3x v\u00edce vody. To samoz\u0159ejm\u011b vede ke zv\u00fd\u0161en\u00e9mu mno\u017estv\u00ed p\u00e1ry d\u00edky kter\u00e9\u00a0<b><strong>m\u00e1te n\u00e1sledn\u011b pocit, \u017ee se v\u00e1m poko\u017eka doslova \u0161kva\u0159\u00ed<\/strong>.<\/b>\u00a0Z\u00e1\u017eitek je to neuv\u011b\u0159iteln\u00fd, ale rozhodn\u011b nen\u00ed pro ty, kte\u0159\u00ed na tyto saunovac\u00ed ritu\u00e1ly nejsou zvykl\u00ed. Tento aufguss prob\u00edh\u00e1 pouze jednou denn\u011b, a to ve ve\u010dern\u00edch hodin\u00e1ch v Kristall saun\u011b.<\/p>\n\n\n\n<p>Ve vnit\u0159n\u00edm saunov\u00e9m sv\u011bte mohou n\u00e1v\u0161t\u011bvn\u00edci pro svou relaxaci vyu\u017e\u00edt n\u011bkolik relaxa\u010dn\u00edch leh\u00e1tek a jednu odpo\u010dinkovou (spac\u00ed) m\u00edstnost. D\u00e1le tu najdete ochlazovac\u00ed k\u00e1\u010f a na vyv\u00fd\u0161en\u00e9m p\u00f3diu i Whirlpool s teplotou 36\u00b0C.\u00a0\u00a0P\u0159\u00edjemn\u00e9 koup\u00e1n\u00ed je i ve\u00a034\u00b0C\u00a0term\u00e1ln\u00edm soln\u00e9m baz\u00e9nku rozd\u011blen\u00e9m\u00a0na malou vnit\u0159n\u00ed a v\u011bt\u0161\u00ed venkovn\u00ed \u010d\u00e1st. <\/p>\n\n\n\n<p><b>Pokud bych t\u011bmto l\u00e1zn\u00edm m\u011bla n\u011bco vytknout, tak je to nedostatek klidn\u011bj\u0161\u00edch odpo\u010dinkov\u00fdch z\u00f3n.\u00a0<\/b>Samoz\u0159ejm\u011b \u017ee ne ka\u017ed\u00e9mu to m\u016f\u017ee vadit, ale my m\u00e1me rad\u011bji<b>\u00a0v\u011bt\u0161\u00ed po\u010det spac\u00edch m\u00edstnost\u00ed a men\u0161\u00ed po\u010det leh\u00e1tek v ru\u0161n\u00e9 saunovac\u00ed \u010d\u00e1sti.<\/b>\u00a0Tady bohu\u017eel bylo jedno leh\u00e1tko vedle druh\u00e9ho a p\u016fsobilo to na m\u011b &#8222;aquaparkov\u011b&#8220;. Nav\u00edc leh\u00e1tka jsou kousek od vchodov\u00fdch dve\u0159\u00ed do venkovn\u00ed \u010d\u00e1sti, a tak je zde i pr\u016fvan. Paradoxn\u011b mi\u00a0p\u0159i\u0161ly v\u00edce \u00fatuln\u00e9 prostory v term\u00e1ln\u00ed \u010d\u00e1sti ne\u017e v t\u00e9 saunovac\u00ed. Je to \u0161koda a m\u016f\u017ee to zkazit celkov\u00fd dojem z pobytu, proto\u017ee jinak\u00a0<b>tyto term\u00e1ln\u00ed l\u00e1zn\u011b rozhodn\u011b pat\u0159\u00ed mezi na\u0161e TOP.<\/b><\/p>\n\n\n\n<ul class=\"wp-block-list\"><li><b>Str\u00e1nky:<\/b>\u00a0<a rel=\"noopener noreferrer\" href=\"https:\/\/www.kristall-saunatherme-bad-klosterlausnitz.de\/\" target=\"_blank\">https:\/\/www.kristall-saunatherme-bad-klosterlausnitz.de\/<\/a><\/li><li><b>Poloha:\u00a0<\/b>Sasko, kousek od Chemnitz<\/li><li><b>Vzd\u00e1lenost od Prahy:\u00a0<\/b>cca 280km<\/li><li><b>St\u00e1n\u00ed:<\/b>\u00a0U parkovi\u0161t\u011b je Stellplatz za poplatek (10eur), nebo mo\u017eno vyu\u017e\u00edt st\u00e1tn\u00ed na parkovi\u0161ti zdarma.<\/li><li><b>Vstupn\u00e9 &#8211; celodenn\u00ed:<\/b>\u00a0d\u011bti od 6 let\u00a0<b>16,7eur\/den, dosp\u011bl\u00ed 26eur\/den<\/b>. Je mo\u017en\u00e9 tak\u00e9 vyu\u017e\u00edt \u010dasov\u011b omezen\u00e9 vstupn\u00e9 pouze do soln\u00fdch term\u00e1ln\u00edch l\u00e1zn\u00ed. J\u00e1 osobn\u011b ale doporu\u010duji celodenn\u00ed v\u010detn\u011b saunov\u00e9ho sv\u011bta.<\/li><li><b>Pozor,<\/b>\u00a0neberou karty a je nutn\u00e9 m\u00edt u sebe v\u017edy hotovost. V\u0161e se plat\u00ed ihned.<\/li><li> <a rel=\"noreferrer noopener\" href=\"https:\/\/goo.gl\/maps\/kk2XVvLLGKn\" target=\"_blank\">Zobrazit na map\u011b<\/a> <\/li><\/ul>\n","protected":false},"excerpt":{"rendered":"<p>Ned\u00e1vno jsme zav\u00edtali do hodn\u011b netradi\u010dn\u00edch term\u00e1ln\u00edch l\u00e1zn\u00ed v N\u011bmecku &#8211;\u00a0 Kristall Sauna a Wellnesspark mit Soletherme Bad Klosterlausnitz.\u00a0Pro\u010d je naz\u00fdv\u00e1m &#8222;netradi\u010dn\u00edmi&#8220; a pro\u010d rozhodn\u011b stoj\u00ed za n\u00e1v\u0161t\u011bvu, se m\u016f\u017eete do\u010d\u00edst n\u00ed\u017ee. Soln\u00e9 l\u00e1zn\u011b a wellnesspark &#8211; shrnut\u00ed Cel\u00fd koncept t\u011bchto term\u00e1ln\u00edch l\u00e1zn\u00ed je postaven \u00fapln\u011b jinak, ne\u017e jsme byli doposud zvykl\u00ed. Standardn\u011b toti\u017e n\u011bmeck\u00e9 [&hellip;]<\/p>\n","protected":false},"author":4,"featured_media":71938,"comment_status":"closed","ping_status":"closed","sticky":false,"template":"","format":"standard","meta":{"_monsterinsights_skip_tracking":false,"_monsterinsights_sitenote_active":false,"_monsterinsights_sitenote_note":"","_monsterinsights_sitenote_category":0,"footnotes":""},"categories":[2377,342],"tags":[84,97,81],"class_list":{"0":"post-71937","1":"post","2":"type-post","3":"status-publish","4":"format-standard","5":"has-post-thumbnail","7":"category-kempovani-a-cestovani-v-nemecku","8":"category-termalni-lazne-a-aquaparky-zabavni-parky","9":"tag-fkk","10":"tag-nemecko","11":"tag-termalni-lazne"},"yoast_head":"<!-- This site is optimized with the Yoast SEO plugin v27.5 - https:\/\/yoast.com\/product\/yoast-seo-wordpress\/ -->\n<title>Netradi\u010dn\u00ed soln\u00e9 term\u00e1ln\u00ed l\u00e1zn\u011b \u2013 Kristal Therme<\/title>\n<meta name=\"description\" content=\"All4Camper - Netradi\u010dn\u00ed soln\u00e9 term\u00e1ln\u00ed l\u00e1zn\u011b - Kristal Therme - FKK\" \/>\n<meta name=\"robots\" content=\"index, follow, max-snippet:-1, max-image-preview:large, max-video-preview:-1\" \/>\n<link rel=\"canonical\" href=\"https:\/\/all4camper.com\/cs\/netradicni-solne-termalni-lazne-kristal-therme\/\" \/>\n<meta property=\"og:locale\" content=\"cs_CZ\" \/>\n<meta property=\"og:type\" content=\"article\" \/>\n<meta property=\"og:title\" content=\"Netradi\u010dn\u00ed soln\u00e9 term\u00e1ln\u00ed l\u00e1zn\u011b \u2013 Kristal Therme\" \/>\n<meta property=\"og:description\" content=\"All4Camper - Netradi\u010dn\u00ed soln\u00e9 term\u00e1ln\u00ed l\u00e1zn\u011b - Kristal Therme - FKK\" \/>\n<meta property=\"og:url\" content=\"https:\/\/all4camper.com\/cs\/netradicni-solne-termalni-lazne-kristal-therme\/\" \/>\n<meta property=\"og:site_name\" content=\"All4Camper\" \/>\n<meta property=\"article:published_time\" content=\"2018-10-09T17:07:19+00:00\" \/>\n<meta property=\"article:modified_time\" content=\"2019-12-28T16:29:00+00:00\" \/>\n<meta property=\"og:image\" content=\"https:\/\/all4camper.com\/wp-content\/uploads\/2018\/10\/kristal-therme_1.jpg\" \/>\n\t<meta property=\"og:image:width\" content=\"640\" \/>\n\t<meta property=\"og:image:height\" content=\"428\" \/>\n\t<meta property=\"og:image:type\" content=\"image\/jpeg\" \/>\n<meta name=\"author\" content=\"Kl\u00e1ra H\u00e1jkov\u00e1\" \/>\n<meta name=\"twitter:card\" content=\"summary_large_image\" \/>\n<meta name=\"twitter:label1\" content=\"Napsal(a)\" \/>\n\t<meta name=\"twitter:data1\" content=\"Kl\u00e1ra H\u00e1jkov\u00e1\" \/>\n\t<meta name=\"twitter:label2\" content=\"Odhadovan\u00e1 doba \u010dten\u00ed\" \/>\n\t<meta name=\"twitter:data2\" content=\"7 minut\" \/>\n<script type=\"application\/ld+json\" class=\"yoast-schema-graph\">{\"@context\":\"https:\\\/\\\/schema.org\",\"@graph\":[{\"@type\":\"Article\",\"@id\":\"https:\\\/\\\/all4camper.com\\\/cs\\\/netradicni-solne-termalni-lazne-kristal-therme\\\/#article\",\"isPartOf\":{\"@id\":\"https:\\\/\\\/all4camper.com\\\/cs\\\/netradicni-solne-termalni-lazne-kristal-therme\\\/\"},\"author\":{\"name\":\"Kl\u00e1ra H\u00e1jkov\u00e1\",\"@id\":\"https:\\\/\\\/all4camper.com\\\/cs\\\/#\\\/schema\\\/person\\\/c6f1efdf1d02bc7d8c53a891cbe18c62\"},\"headline\":\"Netradi\u010dn\u00ed soln\u00e9 term\u00e1ln\u00ed l\u00e1zn\u011b &#8211; Kristal Therme &#8211; FKK\",\"datePublished\":\"2018-10-09T17:07:19+00:00\",\"dateModified\":\"2019-12-28T16:29:00+00:00\",\"mainEntityOfPage\":{\"@id\":\"https:\\\/\\\/all4camper.com\\\/cs\\\/netradicni-solne-termalni-lazne-kristal-therme\\\/\"},\"wordCount\":1394,\"publisher\":{\"@id\":\"https:\\\/\\\/all4camper.com\\\/cs\\\/#organization\"},\"image\":{\"@id\":\"https:\\\/\\\/all4camper.com\\\/cs\\\/netradicni-solne-termalni-lazne-kristal-therme\\\/#primaryimage\"},\"thumbnailUrl\":\"https:\\\/\\\/all4camper.com\\\/wp-content\\\/uploads\\\/2018\\\/10\\\/kristal-therme_1.jpg\",\"keywords\":[\"FKK\",\"N\u011bmecko\",\"Term\u00e1ln\u00ed l\u00e1zn\u011b\"],\"articleSection\":[\"Kempov\u00e1n\u00ed a cestov\u00e1n\u00ed v N\u011bmecku\",\"Term\u00e1ln\u00ed l\u00e1zn\u011b, akvaparky a z\u00e1bavn\u00ed parky\"],\"inLanguage\":\"cs\"},{\"@type\":\"WebPage\",\"@id\":\"https:\\\/\\\/all4camper.com\\\/cs\\\/netradicni-solne-termalni-lazne-kristal-therme\\\/\",\"url\":\"https:\\\/\\\/all4camper.com\\\/cs\\\/netradicni-solne-termalni-lazne-kristal-therme\\\/\",\"name\":\"Netradi\u010dn\u00ed soln\u00e9 term\u00e1ln\u00ed l\u00e1zn\u011b \u2013 Kristal Therme\",\"isPartOf\":{\"@id\":\"https:\\\/\\\/all4camper.com\\\/cs\\\/#website\"},\"primaryImageOfPage\":{\"@id\":\"https:\\\/\\\/all4camper.com\\\/cs\\\/netradicni-solne-termalni-lazne-kristal-therme\\\/#primaryimage\"},\"image\":{\"@id\":\"https:\\\/\\\/all4camper.com\\\/cs\\\/netradicni-solne-termalni-lazne-kristal-therme\\\/#primaryimage\"},\"thumbnailUrl\":\"https:\\\/\\\/all4camper.com\\\/wp-content\\\/uploads\\\/2018\\\/10\\\/kristal-therme_1.jpg\",\"datePublished\":\"2018-10-09T17:07:19+00:00\",\"dateModified\":\"2019-12-28T16:29:00+00:00\",\"description\":\"All4Camper - Netradi\u010dn\u00ed soln\u00e9 term\u00e1ln\u00ed l\u00e1zn\u011b - Kristal Therme - FKK\",\"breadcrumb\":{\"@id\":\"https:\\\/\\\/all4camper.com\\\/cs\\\/netradicni-solne-termalni-lazne-kristal-therme\\\/#breadcrumb\"},\"inLanguage\":\"cs\",\"potentialAction\":[{\"@type\":\"ReadAction\",\"target\":[\"https:\\\/\\\/all4camper.com\\\/cs\\\/netradicni-solne-termalni-lazne-kristal-therme\\\/\"]}]},{\"@type\":\"ImageObject\",\"inLanguage\":\"cs\",\"@id\":\"https:\\\/\\\/all4camper.com\\\/cs\\\/netradicni-solne-termalni-lazne-kristal-therme\\\/#primaryimage\",\"url\":\"https:\\\/\\\/all4camper.com\\\/wp-content\\\/uploads\\\/2018\\\/10\\\/kristal-therme_1.jpg\",\"contentUrl\":\"https:\\\/\\\/all4camper.com\\\/wp-content\\\/uploads\\\/2018\\\/10\\\/kristal-therme_1.jpg\",\"width\":640,\"height\":428},{\"@type\":\"BreadcrumbList\",\"@id\":\"https:\\\/\\\/all4camper.com\\\/cs\\\/netradicni-solne-termalni-lazne-kristal-therme\\\/#breadcrumb\",\"itemListElement\":[{\"@type\":\"ListItem\",\"position\":1,\"name\":\"Dom\u016f\",\"item\":\"https:\\\/\\\/all4camper.com\\\/cs\\\/\"},{\"@type\":\"ListItem\",\"position\":2,\"name\":\"Kempov\u00e1n\u00ed a cestov\u00e1n\u00ed v N\u011bmecku\",\"item\":\"https:\\\/\\\/all4camper.com\\\/cs\\\/category\\\/kempovani-a-cestovani-v-nemecku\\\/\"},{\"@type\":\"ListItem\",\"position\":3,\"name\":\"Netradi\u010dn\u00ed soln\u00e9 term\u00e1ln\u00ed l\u00e1zn\u011b &#8211; Kristal Therme &#8211; FKK\"}]},{\"@type\":\"WebSite\",\"@id\":\"https:\\\/\\\/all4camper.com\\\/cs\\\/#website\",\"url\":\"https:\\\/\\\/all4camper.com\\\/cs\\\/\",\"name\":\"All4Camper\",\"description\":\"Nejv\u011bt\u0161\u00ed online magaz\u00edn o kempov\u00e1n\u00ed a karavaninku. V\u00edce jak 900 \u010dl\u00e1nk\u016f pln\u00fdch rad a tip\u016f o kempech a kempov\u00e1n\u00ed.\",\"publisher\":{\"@id\":\"https:\\\/\\\/all4camper.com\\\/cs\\\/#organization\"},\"potentialAction\":[{\"@type\":\"SearchAction\",\"target\":{\"@type\":\"EntryPoint\",\"urlTemplate\":\"https:\\\/\\\/all4camper.com\\\/cs\\\/?s={search_term_string}\"},\"query-input\":{\"@type\":\"PropertyValueSpecification\",\"valueRequired\":true,\"valueName\":\"search_term_string\"}}],\"inLanguage\":\"cs\"},{\"@type\":\"Organization\",\"@id\":\"https:\\\/\\\/all4camper.com\\\/cs\\\/#organization\",\"name\":\"All4Camper - kempujeme s Kl\u00e1rou\",\"url\":\"https:\\\/\\\/all4camper.com\\\/cs\\\/\",\"logo\":{\"@type\":\"ImageObject\",\"inLanguage\":\"cs\",\"@id\":\"https:\\\/\\\/all4camper.com\\\/cs\\\/#\\\/schema\\\/logo\\\/image\\\/\",\"url\":\"https:\\\/\\\/all4camper.com\\\/wp-content\\\/uploads\\\/2018\\\/09\\\/novelogo.png\",\"contentUrl\":\"https:\\\/\\\/all4camper.com\\\/wp-content\\\/uploads\\\/2018\\\/09\\\/novelogo.png\",\"width\":1520,\"height\":600,\"caption\":\"All4Camper - kempujeme s Kl\u00e1rou\"},\"image\":{\"@id\":\"https:\\\/\\\/all4camper.com\\\/cs\\\/#\\\/schema\\\/logo\\\/image\\\/\"}},{\"@type\":\"Person\",\"@id\":\"https:\\\/\\\/all4camper.com\\\/cs\\\/#\\\/schema\\\/person\\\/c6f1efdf1d02bc7d8c53a891cbe18c62\",\"name\":\"Kl\u00e1ra H\u00e1jkov\u00e1\",\"sameAs\":[\"http:\\\/\\\/www.all4camper.com\"],\"url\":\"https:\\\/\\\/all4camper.com\\\/cs\\\/author\\\/klarinkacestuje1\\\/\"}]}<\/script>\n<!-- \/ Yoast SEO plugin. -->","yoast_head_json":{"title":"Netradi\u010dn\u00ed soln\u00e9 term\u00e1ln\u00ed l\u00e1zn\u011b \u2013 Kristal Therme","description":"All4Camper - Netradi\u010dn\u00ed soln\u00e9 term\u00e1ln\u00ed l\u00e1zn\u011b - Kristal Therme - FKK","robots":{"index":"index","follow":"follow","max-snippet":"max-snippet:-1","max-image-preview":"max-image-preview:large","max-video-preview":"max-video-preview:-1"},"canonical":"https:\/\/all4camper.com\/cs\/netradicni-solne-termalni-lazne-kristal-therme\/","og_locale":"cs_CZ","og_type":"article","og_title":"Netradi\u010dn\u00ed soln\u00e9 term\u00e1ln\u00ed l\u00e1zn\u011b \u2013 Kristal Therme","og_description":"All4Camper - Netradi\u010dn\u00ed soln\u00e9 term\u00e1ln\u00ed l\u00e1zn\u011b - Kristal Therme - FKK","og_url":"https:\/\/all4camper.com\/cs\/netradicni-solne-termalni-lazne-kristal-therme\/","og_site_name":"All4Camper","article_published_time":"2018-10-09T17:07:19+00:00","article_modified_time":"2019-12-28T16:29:00+00:00","og_image":[{"width":640,"height":428,"url":"https:\/\/all4camper.com\/wp-content\/uploads\/2018\/10\/kristal-therme_1.jpg","type":"image\/jpeg"}],"author":"Kl\u00e1ra H\u00e1jkov\u00e1","twitter_card":"summary_large_image","twitter_misc":{"Napsal(a)":"Kl\u00e1ra H\u00e1jkov\u00e1","Odhadovan\u00e1 doba \u010dten\u00ed":"7 minut"},"schema":{"@context":"https:\/\/schema.org","@graph":[{"@type":"Article","@id":"https:\/\/all4camper.com\/cs\/netradicni-solne-termalni-lazne-kristal-therme\/#article","isPartOf":{"@id":"https:\/\/all4camper.com\/cs\/netradicni-solne-termalni-lazne-kristal-therme\/"},"author":{"name":"Kl\u00e1ra H\u00e1jkov\u00e1","@id":"https:\/\/all4camper.com\/cs\/#\/schema\/person\/c6f1efdf1d02bc7d8c53a891cbe18c62"},"headline":"Netradi\u010dn\u00ed soln\u00e9 term\u00e1ln\u00ed l\u00e1zn\u011b &#8211; Kristal Therme &#8211; FKK","datePublished":"2018-10-09T17:07:19+00:00","dateModified":"2019-12-28T16:29:00+00:00","mainEntityOfPage":{"@id":"https:\/\/all4camper.com\/cs\/netradicni-solne-termalni-lazne-kristal-therme\/"},"wordCount":1394,"publisher":{"@id":"https:\/\/all4camper.com\/cs\/#organization"},"image":{"@id":"https:\/\/all4camper.com\/cs\/netradicni-solne-termalni-lazne-kristal-therme\/#primaryimage"},"thumbnailUrl":"https:\/\/all4camper.com\/wp-content\/uploads\/2018\/10\/kristal-therme_1.jpg","keywords":["FKK","N\u011bmecko","Term\u00e1ln\u00ed l\u00e1zn\u011b"],"articleSection":["Kempov\u00e1n\u00ed a cestov\u00e1n\u00ed v N\u011bmecku","Term\u00e1ln\u00ed l\u00e1zn\u011b, akvaparky a z\u00e1bavn\u00ed parky"],"inLanguage":"cs"},{"@type":"WebPage","@id":"https:\/\/all4camper.com\/cs\/netradicni-solne-termalni-lazne-kristal-therme\/","url":"https:\/\/all4camper.com\/cs\/netradicni-solne-termalni-lazne-kristal-therme\/","name":"Netradi\u010dn\u00ed soln\u00e9 term\u00e1ln\u00ed l\u00e1zn\u011b \u2013 Kristal Therme","isPartOf":{"@id":"https:\/\/all4camper.com\/cs\/#website"},"primaryImageOfPage":{"@id":"https:\/\/all4camper.com\/cs\/netradicni-solne-termalni-lazne-kristal-therme\/#primaryimage"},"image":{"@id":"https:\/\/all4camper.com\/cs\/netradicni-solne-termalni-lazne-kristal-therme\/#primaryimage"},"thumbnailUrl":"https:\/\/all4camper.com\/wp-content\/uploads\/2018\/10\/kristal-therme_1.jpg","datePublished":"2018-10-09T17:07:19+00:00","dateModified":"2019-12-28T16:29:00+00:00","description":"All4Camper - Netradi\u010dn\u00ed soln\u00e9 term\u00e1ln\u00ed l\u00e1zn\u011b - Kristal Therme - FKK","breadcrumb":{"@id":"https:\/\/all4camper.com\/cs\/netradicni-solne-termalni-lazne-kristal-therme\/#breadcrumb"},"inLanguage":"cs","potentialAction":[{"@type":"ReadAction","target":["https:\/\/all4camper.com\/cs\/netradicni-solne-termalni-lazne-kristal-therme\/"]}]},{"@type":"ImageObject","inLanguage":"cs","@id":"https:\/\/all4camper.com\/cs\/netradicni-solne-termalni-lazne-kristal-therme\/#primaryimage","url":"https:\/\/all4camper.com\/wp-content\/uploads\/2018\/10\/kristal-therme_1.jpg","contentUrl":"https:\/\/all4camper.com\/wp-content\/uploads\/2018\/10\/kristal-therme_1.jpg","width":640,"height":428},{"@type":"BreadcrumbList","@id":"https:\/\/all4camper.com\/cs\/netradicni-solne-termalni-lazne-kristal-therme\/#breadcrumb","itemListElement":[{"@type":"ListItem","position":1,"name":"Dom\u016f","item":"https:\/\/all4camper.com\/cs\/"},{"@type":"ListItem","position":2,"name":"Kempov\u00e1n\u00ed a cestov\u00e1n\u00ed v N\u011bmecku","item":"https:\/\/all4camper.com\/cs\/category\/kempovani-a-cestovani-v-nemecku\/"},{"@type":"ListItem","position":3,"name":"Netradi\u010dn\u00ed soln\u00e9 term\u00e1ln\u00ed l\u00e1zn\u011b &#8211; Kristal Therme &#8211; FKK"}]},{"@type":"WebSite","@id":"https:\/\/all4camper.com\/cs\/#website","url":"https:\/\/all4camper.com\/cs\/","name":"All4Camper","description":"Nejv\u011bt\u0161\u00ed online magaz\u00edn o kempov\u00e1n\u00ed a karavaninku. V\u00edce jak 900 \u010dl\u00e1nk\u016f pln\u00fdch rad a tip\u016f o kempech a kempov\u00e1n\u00ed.","publisher":{"@id":"https:\/\/all4camper.com\/cs\/#organization"},"potentialAction":[{"@type":"SearchAction","target":{"@type":"EntryPoint","urlTemplate":"https:\/\/all4camper.com\/cs\/?s={search_term_string}"},"query-input":{"@type":"PropertyValueSpecification","valueRequired":true,"valueName":"search_term_string"}}],"inLanguage":"cs"},{"@type":"Organization","@id":"https:\/\/all4camper.com\/cs\/#organization","name":"All4Camper - kempujeme s Kl\u00e1rou","url":"https:\/\/all4camper.com\/cs\/","logo":{"@type":"ImageObject","inLanguage":"cs","@id":"https:\/\/all4camper.com\/cs\/#\/schema\/logo\/image\/","url":"https:\/\/all4camper.com\/wp-content\/uploads\/2018\/09\/novelogo.png","contentUrl":"https:\/\/all4camper.com\/wp-content\/uploads\/2018\/09\/novelogo.png","width":1520,"height":600,"caption":"All4Camper - kempujeme s Kl\u00e1rou"},"image":{"@id":"https:\/\/all4camper.com\/cs\/#\/schema\/logo\/image\/"}},{"@type":"Person","@id":"https:\/\/all4camper.com\/cs\/#\/schema\/person\/c6f1efdf1d02bc7d8c53a891cbe18c62","name":"Kl\u00e1ra H\u00e1jkov\u00e1","sameAs":["http:\/\/www.all4camper.com"],"url":"https:\/\/all4camper.com\/cs\/author\/klarinkacestuje1\/"}]}},"_links":{"self":[{"href":"https:\/\/all4camper.com\/cs\/wp-json\/wp\/v2\/posts\/71937","targetHints":{"allow":["GET"]}}],"collection":[{"href":"https:\/\/all4camper.com\/cs\/wp-json\/wp\/v2\/posts"}],"about":[{"href":"https:\/\/all4camper.com\/cs\/wp-json\/wp\/v2\/types\/post"}],"author":[{"embeddable":true,"href":"https:\/\/all4camper.com\/cs\/wp-json\/wp\/v2\/users\/4"}],"replies":[{"embeddable":true,"href":"https:\/\/all4camper.com\/cs\/wp-json\/wp\/v2\/comments?post=71937"}],"version-history":[{"count":0,"href":"https:\/\/all4camper.com\/cs\/wp-json\/wp\/v2\/posts\/71937\/revisions"}],"wp:featuredmedia":[{"embeddable":true,"href":"https:\/\/all4camper.com\/cs\/wp-json\/wp\/v2\/media\/71938"}],"wp:attachment":[{"href":"https:\/\/all4camper.com\/cs\/wp-json\/wp\/v2\/media?parent=71937"}],"wp:term":[{"taxonomy":"category","embeddable":true,"href":"https:\/\/all4camper.com\/cs\/wp-json\/wp\/v2\/categories?post=71937"},{"taxonomy":"post_tag","embeddable":true,"href":"https:\/\/all4camper.com\/cs\/wp-json\/wp\/v2\/tags?post=71937"}],"curies":[{"name":"wp","href":"https:\/\/api.w.org\/{rel}","templated":true}]}}