{"id":70890,"date":"2018-09-05T11:24:19","date_gmt":"2018-09-05T09:24:19","guid":{"rendered":"https:\/\/all4camper.com\/\/?p=70890"},"modified":"2020-10-26T13:23:41","modified_gmt":"2020-10-26T12:23:41","slug":"naturisticky-kemp-istra-sunny-ve-funtane-konci-s-nudismem","status":"publish","type":"post","link":"https:\/\/all4camper.com\/cs\/naturisticky-kemp-istra-sunny-ve-funtane-konci-s-nudismem\/","title":{"rendered":"Naturistick\u00fd kemp Istra Sunny ve Funtan\u011b kon\u010d\u00ed s nudismem"},"content":{"rendered":"<p>Po p\u0159e\u010dten\u00ed t\u00e9to informace zcela jist\u011b mnoho vyznava\u010d\u016f naturistick\u00fdch kemp\u016f zatla\u010d\u00ed pomyslnou slzu v oku, nebo\u0165 je v\u0161eobecn\u011b zn\u00e1mo, \u017ee pokud se \u010desk\u00fd kempa\u0159 rozhodl jet do FKK kempu, pak jeho cesta nej\u010dast\u011bji sm\u011b\u0159ovala pr\u00e1v\u011b do Chorvatska.<\/p>\n<p>Dle chorvatsk\u00e9ho den\u00edku&nbsp;Glas Istre, tento <strong>kemp ozn\u00e1mil ukon\u010den\u00ed provozu s koncem z\u00e1\u0159\u00ed&nbsp;leto\u0161n\u00edho roku a od toho p\u0159\u00ed\u0161t\u00edho se p\u0159em\u011bn\u00ed na textiln\u00ed luxusn\u00ed resort<\/strong>.<\/p>\n<p><img loading=\"lazy\" decoding=\"async\" class=\"size-medium wp-image-70891 aligncenter\" src=\"https:\/\/all4camper.com\/\/wp-content\/uploads\/2018\/09\/naturismus-424x300.jpg\" alt=\"\" width=\"424\" height=\"300\"><\/p>\n<p>Podobn\u00fd osud \u010dek\u00e1 i obl\u00edben\u00fd&nbsp;prvn\u00ed naturistick\u00fd komer\u010dn\u00ed kemp v Evrop\u011b &#8211;&nbsp;<strong>Naturist Park Koversada, kter\u00fd pl\u00e1nuje vyznava\u010de naturismu pustit jen do mal\u00e9 \u010d\u00e1sti kempu, <\/strong>zbytek bude nov\u011b vy\u010dlen\u011bn klasick\u00fdm n\u00e1v\u0161t\u011bvn\u00edk\u016fm kempu.<\/p>\n<p>Dle chorvatsk\u00e9ho listu z\u00e1jem o naturistickou dovolenou v kempu stabiln\u011b kles\u00e1 a majitel\u016fm se tak nevyplat\u00ed investovat do rozvoje FKK \u010d\u00e1st\u00ed kempu. Ostatn\u011b to potvrzuj\u00ed i \u010d\u00edsla, kdy v 70. a 80. letech jste mohli v t\u00e9to zemi nav\u0161t\u00edvit 33 takto zam\u011b\u0159en\u00fdch kemp\u016f, dnes se jejich po\u010det sn\u00ed\u017eil na 12. Dobrou zpr\u00e1vou v\u0161ak je to, \u017ee nejobl\u00edben\u011bj\u0161\u00ed naturistick\u00fd kemp <strong>Valalta bude i nad\u00e1le pokra\u010dovat ve sv\u00e9m provozu v nem\u011bnn\u00e9 podob\u011b.<\/strong><\/p>\n<p><img loading=\"lazy\" decoding=\"async\" class=\"size-medium wp-image-70900 aligncenter\" src=\"https:\/\/all4camper.com\/\/wp-content\/uploads\/2018\/09\/naturismus-1-452x300.jpg\" alt=\"\" width=\"452\" height=\"300\"><\/p>\n<p>A jak\u00e9 je rozlo\u017een\u00ed t\u011bchto kemp\u016f v Chorvatsku? <strong>Na Istrii<\/strong> aktu\u00e1ln\u011b najdete sedm z 12 naturistick\u00fdch kemp\u016f, kter\u00fdmi jsou Kanegra na Savudrija, Olive v \u010cervar Porat, Solaris v Tar, Istrie Sunny ve Funtana, Koversada Vrsar, Valalta v Rovinji a \u010d\u00e1ste\u010dn\u011b Kazela v Medulin.&nbsp;<strong>V Kvarneru<\/strong> najdete kemp Bunculuka a&nbsp;Konobe&nbsp;<strong>a v Dalm\u00e1cii<\/strong>&nbsp;kemp Nudist na Hvaru a Sovinje v Tkon na ostrov\u011b Pa\u0161man.<\/p>\n<p>Aktu\u00e1ln\u011b v Evrop\u011b existuje 625 naturistick\u00fdch klub\u016f se 180 000 \u010dleny. Po\u010det naturist\u016f, kte\u0159\u00ed se nehl\u00e1s\u00ed k \u017e\u00e1dn\u00e9mu klubu, dosahuje a\u017e p\u011bti milion\u016f lid\u00ed.<\/p>\n","protected":false},"excerpt":{"rendered":"<p>Po p\u0159e\u010dten\u00ed t\u00e9to informace zcela jist\u011b mnoho vyznava\u010d\u016f naturistick\u00fdch kemp\u016f zatla\u010d\u00ed pomyslnou slzu v oku, nebo\u0165 je v\u0161eobecn\u011b zn\u00e1mo, \u017ee pokud se \u010desk\u00fd kempa\u0159 rozhodl jet do FKK kempu, pak jeho cesta nej\u010dast\u011bji sm\u011b\u0159ovala pr\u00e1v\u011b do Chorvatska. Dle chorvatsk\u00e9ho den\u00edku&nbsp;Glas Istre, tento kemp ozn\u00e1mil ukon\u010den\u00ed provozu s koncem z\u00e1\u0159\u00ed&nbsp;leto\u0161n\u00edho roku a od toho p\u0159\u00ed\u0161t\u00edho se [&hellip;]<\/p>\n","protected":false},"author":1,"featured_media":70900,"comment_status":"closed","ping_status":"closed","sticky":false,"template":"","format":"standard","meta":{"_monsterinsights_skip_tracking":false,"_monsterinsights_sitenote_active":false,"_monsterinsights_sitenote_note":"","_monsterinsights_sitenote_category":0,"footnotes":""},"categories":[2382,8209],"tags":[112,226],"class_list":{"0":"post-70890","1":"post","2":"type-post","3":"status-publish","4":"format-standard","5":"has-post-thumbnail","7":"category-kempovani-a-cestovani-v-chorvatsku","8":"category-rady-tipy-informace","9":"tag-chorvatsko","10":"tag-rady-a-tipy"},"yoast_head":"<!-- This site is optimized with the Yoast SEO plugin v27.5 - https:\/\/yoast.com\/product\/yoast-seo-wordpress\/ -->\n<title>Naturistick\u00fd kemp Istra Sunny ve Funtan\u011b kon\u010d\u00ed s nudismem<\/title>\n<meta name=\"description\" content=\"All4Camper - Naturistick\u00fd kemp Istra Sunny ve Funtan\u011b kon\u010d\u00ed s nudismem\" \/>\n<meta name=\"robots\" content=\"index, follow, max-snippet:-1, max-image-preview:large, max-video-preview:-1\" \/>\n<link rel=\"canonical\" href=\"https:\/\/all4camper.com\/cs\/naturisticky-kemp-istra-sunny-ve-funtane-konci-s-nudismem\/\" \/>\n<meta property=\"og:locale\" content=\"cs_CZ\" \/>\n<meta property=\"og:type\" content=\"article\" \/>\n<meta property=\"og:title\" content=\"Naturistick\u00fd kemp Istra Sunny ve Funtan\u011b kon\u010d\u00ed s nudismem\" \/>\n<meta property=\"og:description\" content=\"All4Camper - Naturistick\u00fd kemp Istra Sunny ve Funtan\u011b kon\u010d\u00ed s nudismem\" \/>\n<meta property=\"og:url\" content=\"https:\/\/all4camper.com\/cs\/naturisticky-kemp-istra-sunny-ve-funtane-konci-s-nudismem\/\" \/>\n<meta property=\"og:site_name\" content=\"All4Camper\" \/>\n<meta property=\"article:published_time\" content=\"2018-09-05T09:24:19+00:00\" \/>\n<meta property=\"article:modified_time\" content=\"2020-10-26T12:23:41+00:00\" \/>\n<meta property=\"og:image\" content=\"https:\/\/all4camper.com\/wp-content\/uploads\/2018\/09\/naturismus-1.jpg\" \/>\n\t<meta property=\"og:image:width\" content=\"602\" \/>\n\t<meta property=\"og:image:height\" content=\"400\" \/>\n\t<meta property=\"og:image:type\" content=\"image\/jpeg\" \/>\n<meta name=\"author\" content=\"Davi\" \/>\n<meta name=\"twitter:card\" content=\"summary_large_image\" \/>\n<meta name=\"twitter:label1\" content=\"Napsal(a)\" \/>\n\t<meta name=\"twitter:data1\" content=\"Davi\" \/>\n\t<meta name=\"twitter:label2\" content=\"Odhadovan\u00e1 doba \u010dten\u00ed\" \/>\n\t<meta name=\"twitter:data2\" content=\"2 minuty\" \/>\n<script type=\"application\/ld+json\" class=\"yoast-schema-graph\">{\"@context\":\"https:\\\/\\\/schema.org\",\"@graph\":[{\"@type\":\"Article\",\"@id\":\"https:\\\/\\\/all4camper.com\\\/cs\\\/naturisticky-kemp-istra-sunny-ve-funtane-konci-s-nudismem\\\/#article\",\"isPartOf\":{\"@id\":\"https:\\\/\\\/all4camper.com\\\/cs\\\/naturisticky-kemp-istra-sunny-ve-funtane-konci-s-nudismem\\\/\"},\"author\":{\"name\":\"Davi\",\"@id\":\"https:\\\/\\\/all4camper.com\\\/cs\\\/#\\\/schema\\\/person\\\/4de0ea01bd6518ef95649b160a14dcf1\"},\"headline\":\"Naturistick\u00fd kemp Istra Sunny ve Funtan\u011b kon\u010d\u00ed s nudismem\",\"datePublished\":\"2018-09-05T09:24:19+00:00\",\"dateModified\":\"2020-10-26T12:23:41+00:00\",\"mainEntityOfPage\":{\"@id\":\"https:\\\/\\\/all4camper.com\\\/cs\\\/naturisticky-kemp-istra-sunny-ve-funtane-konci-s-nudismem\\\/\"},\"wordCount\":325,\"publisher\":{\"@id\":\"https:\\\/\\\/all4camper.com\\\/cs\\\/#organization\"},\"image\":{\"@id\":\"https:\\\/\\\/all4camper.com\\\/cs\\\/naturisticky-kemp-istra-sunny-ve-funtane-konci-s-nudismem\\\/#primaryimage\"},\"thumbnailUrl\":\"https:\\\/\\\/all4camper.com\\\/wp-content\\\/uploads\\\/2018\\\/09\\\/naturismus-1.jpg\",\"keywords\":[\"Chorvatsko\",\"Rady-tipy-informace\"],\"articleSection\":[\"Kempov\u00e1n\u00ed a cestov\u00e1n\u00ed v Chorvatsku\",\"Rady, tipy, informace\"],\"inLanguage\":\"cs\"},{\"@type\":\"WebPage\",\"@id\":\"https:\\\/\\\/all4camper.com\\\/cs\\\/naturisticky-kemp-istra-sunny-ve-funtane-konci-s-nudismem\\\/\",\"url\":\"https:\\\/\\\/all4camper.com\\\/cs\\\/naturisticky-kemp-istra-sunny-ve-funtane-konci-s-nudismem\\\/\",\"name\":\"Naturistick\u00fd kemp Istra Sunny ve Funtan\u011b kon\u010d\u00ed s nudismem\",\"isPartOf\":{\"@id\":\"https:\\\/\\\/all4camper.com\\\/cs\\\/#website\"},\"primaryImageOfPage\":{\"@id\":\"https:\\\/\\\/all4camper.com\\\/cs\\\/naturisticky-kemp-istra-sunny-ve-funtane-konci-s-nudismem\\\/#primaryimage\"},\"image\":{\"@id\":\"https:\\\/\\\/all4camper.com\\\/cs\\\/naturisticky-kemp-istra-sunny-ve-funtane-konci-s-nudismem\\\/#primaryimage\"},\"thumbnailUrl\":\"https:\\\/\\\/all4camper.com\\\/wp-content\\\/uploads\\\/2018\\\/09\\\/naturismus-1.jpg\",\"datePublished\":\"2018-09-05T09:24:19+00:00\",\"dateModified\":\"2020-10-26T12:23:41+00:00\",\"description\":\"All4Camper - Naturistick\u00fd kemp Istra Sunny ve Funtan\u011b kon\u010d\u00ed s nudismem\",\"breadcrumb\":{\"@id\":\"https:\\\/\\\/all4camper.com\\\/cs\\\/naturisticky-kemp-istra-sunny-ve-funtane-konci-s-nudismem\\\/#breadcrumb\"},\"inLanguage\":\"cs\",\"potentialAction\":[{\"@type\":\"ReadAction\",\"target\":[\"https:\\\/\\\/all4camper.com\\\/cs\\\/naturisticky-kemp-istra-sunny-ve-funtane-konci-s-nudismem\\\/\"]}]},{\"@type\":\"ImageObject\",\"inLanguage\":\"cs\",\"@id\":\"https:\\\/\\\/all4camper.com\\\/cs\\\/naturisticky-kemp-istra-sunny-ve-funtane-konci-s-nudismem\\\/#primaryimage\",\"url\":\"https:\\\/\\\/all4camper.com\\\/wp-content\\\/uploads\\\/2018\\\/09\\\/naturismus-1.jpg\",\"contentUrl\":\"https:\\\/\\\/all4camper.com\\\/wp-content\\\/uploads\\\/2018\\\/09\\\/naturismus-1.jpg\",\"width\":602,\"height\":400},{\"@type\":\"BreadcrumbList\",\"@id\":\"https:\\\/\\\/all4camper.com\\\/cs\\\/naturisticky-kemp-istra-sunny-ve-funtane-konci-s-nudismem\\\/#breadcrumb\",\"itemListElement\":[{\"@type\":\"ListItem\",\"position\":1,\"name\":\"Dom\u016f\",\"item\":\"https:\\\/\\\/all4camper.com\\\/cs\\\/\"},{\"@type\":\"ListItem\",\"position\":2,\"name\":\"Kempov\u00e1n\u00ed a cestov\u00e1n\u00ed v Chorvatsku\",\"item\":\"https:\\\/\\\/all4camper.com\\\/cs\\\/category\\\/kempovani-a-cestovani-v-chorvatsku\\\/\"},{\"@type\":\"ListItem\",\"position\":3,\"name\":\"Naturistick\u00fd kemp Istra Sunny ve Funtan\u011b kon\u010d\u00ed s nudismem\"}]},{\"@type\":\"WebSite\",\"@id\":\"https:\\\/\\\/all4camper.com\\\/cs\\\/#website\",\"url\":\"https:\\\/\\\/all4camper.com\\\/cs\\\/\",\"name\":\"All4Camper\",\"description\":\"Nejv\u011bt\u0161\u00ed online magaz\u00edn o kempov\u00e1n\u00ed a karavaninku. V\u00edce jak 900 \u010dl\u00e1nk\u016f pln\u00fdch rad a tip\u016f o kempech a kempov\u00e1n\u00ed.\",\"publisher\":{\"@id\":\"https:\\\/\\\/all4camper.com\\\/cs\\\/#organization\"},\"potentialAction\":[{\"@type\":\"SearchAction\",\"target\":{\"@type\":\"EntryPoint\",\"urlTemplate\":\"https:\\\/\\\/all4camper.com\\\/cs\\\/?s={search_term_string}\"},\"query-input\":{\"@type\":\"PropertyValueSpecification\",\"valueRequired\":true,\"valueName\":\"search_term_string\"}}],\"inLanguage\":\"cs\"},{\"@type\":\"Organization\",\"@id\":\"https:\\\/\\\/all4camper.com\\\/cs\\\/#organization\",\"name\":\"All4Camper - kempujeme s Kl\u00e1rou\",\"url\":\"https:\\\/\\\/all4camper.com\\\/cs\\\/\",\"logo\":{\"@type\":\"ImageObject\",\"inLanguage\":\"cs\",\"@id\":\"https:\\\/\\\/all4camper.com\\\/cs\\\/#\\\/schema\\\/logo\\\/image\\\/\",\"url\":\"https:\\\/\\\/all4camper.com\\\/wp-content\\\/uploads\\\/2018\\\/09\\\/novelogo.png\",\"contentUrl\":\"https:\\\/\\\/all4camper.com\\\/wp-content\\\/uploads\\\/2018\\\/09\\\/novelogo.png\",\"width\":1520,\"height\":600,\"caption\":\"All4Camper - kempujeme s Kl\u00e1rou\"},\"image\":{\"@id\":\"https:\\\/\\\/all4camper.com\\\/cs\\\/#\\\/schema\\\/logo\\\/image\\\/\"}},{\"@type\":\"Person\",\"@id\":\"https:\\\/\\\/all4camper.com\\\/cs\\\/#\\\/schema\\\/person\\\/4de0ea01bd6518ef95649b160a14dcf1\",\"name\":\"Davi\",\"url\":\"https:\\\/\\\/all4camper.com\\\/cs\\\/author\\\/david\\\/\"}]}<\/script>\n<!-- \/ Yoast SEO plugin. -->","yoast_head_json":{"title":"Naturistick\u00fd kemp Istra Sunny ve Funtan\u011b kon\u010d\u00ed s nudismem","description":"All4Camper - Naturistick\u00fd kemp Istra Sunny ve Funtan\u011b kon\u010d\u00ed s nudismem","robots":{"index":"index","follow":"follow","max-snippet":"max-snippet:-1","max-image-preview":"max-image-preview:large","max-video-preview":"max-video-preview:-1"},"canonical":"https:\/\/all4camper.com\/cs\/naturisticky-kemp-istra-sunny-ve-funtane-konci-s-nudismem\/","og_locale":"cs_CZ","og_type":"article","og_title":"Naturistick\u00fd kemp Istra Sunny ve Funtan\u011b kon\u010d\u00ed s nudismem","og_description":"All4Camper - Naturistick\u00fd kemp Istra Sunny ve Funtan\u011b kon\u010d\u00ed s nudismem","og_url":"https:\/\/all4camper.com\/cs\/naturisticky-kemp-istra-sunny-ve-funtane-konci-s-nudismem\/","og_site_name":"All4Camper","article_published_time":"2018-09-05T09:24:19+00:00","article_modified_time":"2020-10-26T12:23:41+00:00","og_image":[{"width":602,"height":400,"url":"https:\/\/all4camper.com\/wp-content\/uploads\/2018\/09\/naturismus-1.jpg","type":"image\/jpeg"}],"author":"Davi","twitter_card":"summary_large_image","twitter_misc":{"Napsal(a)":"Davi","Odhadovan\u00e1 doba \u010dten\u00ed":"2 minuty"},"schema":{"@context":"https:\/\/schema.org","@graph":[{"@type":"Article","@id":"https:\/\/all4camper.com\/cs\/naturisticky-kemp-istra-sunny-ve-funtane-konci-s-nudismem\/#article","isPartOf":{"@id":"https:\/\/all4camper.com\/cs\/naturisticky-kemp-istra-sunny-ve-funtane-konci-s-nudismem\/"},"author":{"name":"Davi","@id":"https:\/\/all4camper.com\/cs\/#\/schema\/person\/4de0ea01bd6518ef95649b160a14dcf1"},"headline":"Naturistick\u00fd kemp Istra Sunny ve Funtan\u011b kon\u010d\u00ed s nudismem","datePublished":"2018-09-05T09:24:19+00:00","dateModified":"2020-10-26T12:23:41+00:00","mainEntityOfPage":{"@id":"https:\/\/all4camper.com\/cs\/naturisticky-kemp-istra-sunny-ve-funtane-konci-s-nudismem\/"},"wordCount":325,"publisher":{"@id":"https:\/\/all4camper.com\/cs\/#organization"},"image":{"@id":"https:\/\/all4camper.com\/cs\/naturisticky-kemp-istra-sunny-ve-funtane-konci-s-nudismem\/#primaryimage"},"thumbnailUrl":"https:\/\/all4camper.com\/wp-content\/uploads\/2018\/09\/naturismus-1.jpg","keywords":["Chorvatsko","Rady-tipy-informace"],"articleSection":["Kempov\u00e1n\u00ed a cestov\u00e1n\u00ed v Chorvatsku","Rady, tipy, informace"],"inLanguage":"cs"},{"@type":"WebPage","@id":"https:\/\/all4camper.com\/cs\/naturisticky-kemp-istra-sunny-ve-funtane-konci-s-nudismem\/","url":"https:\/\/all4camper.com\/cs\/naturisticky-kemp-istra-sunny-ve-funtane-konci-s-nudismem\/","name":"Naturistick\u00fd kemp Istra Sunny ve Funtan\u011b kon\u010d\u00ed s nudismem","isPartOf":{"@id":"https:\/\/all4camper.com\/cs\/#website"},"primaryImageOfPage":{"@id":"https:\/\/all4camper.com\/cs\/naturisticky-kemp-istra-sunny-ve-funtane-konci-s-nudismem\/#primaryimage"},"image":{"@id":"https:\/\/all4camper.com\/cs\/naturisticky-kemp-istra-sunny-ve-funtane-konci-s-nudismem\/#primaryimage"},"thumbnailUrl":"https:\/\/all4camper.com\/wp-content\/uploads\/2018\/09\/naturismus-1.jpg","datePublished":"2018-09-05T09:24:19+00:00","dateModified":"2020-10-26T12:23:41+00:00","description":"All4Camper - Naturistick\u00fd kemp Istra Sunny ve Funtan\u011b kon\u010d\u00ed s nudismem","breadcrumb":{"@id":"https:\/\/all4camper.com\/cs\/naturisticky-kemp-istra-sunny-ve-funtane-konci-s-nudismem\/#breadcrumb"},"inLanguage":"cs","potentialAction":[{"@type":"ReadAction","target":["https:\/\/all4camper.com\/cs\/naturisticky-kemp-istra-sunny-ve-funtane-konci-s-nudismem\/"]}]},{"@type":"ImageObject","inLanguage":"cs","@id":"https:\/\/all4camper.com\/cs\/naturisticky-kemp-istra-sunny-ve-funtane-konci-s-nudismem\/#primaryimage","url":"https:\/\/all4camper.com\/wp-content\/uploads\/2018\/09\/naturismus-1.jpg","contentUrl":"https:\/\/all4camper.com\/wp-content\/uploads\/2018\/09\/naturismus-1.jpg","width":602,"height":400},{"@type":"BreadcrumbList","@id":"https:\/\/all4camper.com\/cs\/naturisticky-kemp-istra-sunny-ve-funtane-konci-s-nudismem\/#breadcrumb","itemListElement":[{"@type":"ListItem","position":1,"name":"Dom\u016f","item":"https:\/\/all4camper.com\/cs\/"},{"@type":"ListItem","position":2,"name":"Kempov\u00e1n\u00ed a cestov\u00e1n\u00ed v Chorvatsku","item":"https:\/\/all4camper.com\/cs\/category\/kempovani-a-cestovani-v-chorvatsku\/"},{"@type":"ListItem","position":3,"name":"Naturistick\u00fd kemp Istra Sunny ve Funtan\u011b kon\u010d\u00ed s nudismem"}]},{"@type":"WebSite","@id":"https:\/\/all4camper.com\/cs\/#website","url":"https:\/\/all4camper.com\/cs\/","name":"All4Camper","description":"Nejv\u011bt\u0161\u00ed online magaz\u00edn o kempov\u00e1n\u00ed a karavaninku. V\u00edce jak 900 \u010dl\u00e1nk\u016f pln\u00fdch rad a tip\u016f o kempech a kempov\u00e1n\u00ed.","publisher":{"@id":"https:\/\/all4camper.com\/cs\/#organization"},"potentialAction":[{"@type":"SearchAction","target":{"@type":"EntryPoint","urlTemplate":"https:\/\/all4camper.com\/cs\/?s={search_term_string}"},"query-input":{"@type":"PropertyValueSpecification","valueRequired":true,"valueName":"search_term_string"}}],"inLanguage":"cs"},{"@type":"Organization","@id":"https:\/\/all4camper.com\/cs\/#organization","name":"All4Camper - kempujeme s Kl\u00e1rou","url":"https:\/\/all4camper.com\/cs\/","logo":{"@type":"ImageObject","inLanguage":"cs","@id":"https:\/\/all4camper.com\/cs\/#\/schema\/logo\/image\/","url":"https:\/\/all4camper.com\/wp-content\/uploads\/2018\/09\/novelogo.png","contentUrl":"https:\/\/all4camper.com\/wp-content\/uploads\/2018\/09\/novelogo.png","width":1520,"height":600,"caption":"All4Camper - kempujeme s Kl\u00e1rou"},"image":{"@id":"https:\/\/all4camper.com\/cs\/#\/schema\/logo\/image\/"}},{"@type":"Person","@id":"https:\/\/all4camper.com\/cs\/#\/schema\/person\/4de0ea01bd6518ef95649b160a14dcf1","name":"Davi","url":"https:\/\/all4camper.com\/cs\/author\/david\/"}]}},"_links":{"self":[{"href":"https:\/\/all4camper.com\/cs\/wp-json\/wp\/v2\/posts\/70890","targetHints":{"allow":["GET"]}}],"collection":[{"href":"https:\/\/all4camper.com\/cs\/wp-json\/wp\/v2\/posts"}],"about":[{"href":"https:\/\/all4camper.com\/cs\/wp-json\/wp\/v2\/types\/post"}],"author":[{"embeddable":true,"href":"https:\/\/all4camper.com\/cs\/wp-json\/wp\/v2\/users\/1"}],"replies":[{"embeddable":true,"href":"https:\/\/all4camper.com\/cs\/wp-json\/wp\/v2\/comments?post=70890"}],"version-history":[{"count":0,"href":"https:\/\/all4camper.com\/cs\/wp-json\/wp\/v2\/posts\/70890\/revisions"}],"wp:featuredmedia":[{"embeddable":true,"href":"https:\/\/all4camper.com\/cs\/wp-json\/wp\/v2\/media\/70900"}],"wp:attachment":[{"href":"https:\/\/all4camper.com\/cs\/wp-json\/wp\/v2\/media?parent=70890"}],"wp:term":[{"taxonomy":"category","embeddable":true,"href":"https:\/\/all4camper.com\/cs\/wp-json\/wp\/v2\/categories?post=70890"},{"taxonomy":"post_tag","embeddable":true,"href":"https:\/\/all4camper.com\/cs\/wp-json\/wp\/v2\/tags?post=70890"}],"curies":[{"name":"wp","href":"https:\/\/api.w.org\/{rel}","templated":true}]}}