{"id":69916,"date":"2018-08-28T10:32:50","date_gmt":"2018-08-28T08:32:50","guid":{"rendered":"https:\/\/all4camper.com\/\/?p=69916"},"modified":"2020-04-21T14:48:43","modified_gmt":"2020-04-21T12:48:43","slug":"valalta-istrie-poprve-ale-jiste-ne-naposledy-v-fkk-kempu","status":"publish","type":"post","link":"https:\/\/all4camper.com\/cs\/valalta-istrie-poprve-ale-jiste-ne-naposledy-v-fkk-kempu\/","title":{"rendered":"Valalta Istrie \u2013 poprv\u00e9, ale jist\u011b ne naposledy v FKK kempu"},"content":{"rendered":"<p>V\u00e1\u017een\u00ed a mil\u00ed spolukaravan\u00edci. Nebo bych mohl \u0159\u00edct i &#8222;draz\u00ed&#8220;, za to nic ned\u00e1m.<\/p>\n<p>Sl\u00edbil jsem kr\u00e1tkou recenzi z na\u0161\u00ed prvn\u00ed n\u00e1v\u0161t\u011bvy nudistick\u00e9ho, neboli d\u00e1le FKK kempu, Valalta na Istrii. Tedy zde je. Jednotliv\u00e9 ot\u00e1zky cel\u00e9ho na\u0161eho pobytu jsem rozd\u011blil do douf\u00e1m pochopiteln\u00fdch sekc\u00ed, ka\u017ed\u00e9ho zaj\u00edm\u00e1 n\u011bco jin\u00e9ho, tedy ka\u017ed\u00fd zvol\u00ed odstavec jeho srdci vlastn\u00ed, \u010di se prokou\u0161e textem cel\u00fdm, to\u0165 na rozhodnut\u00ed ka\u017ed\u00e9ho soudruha :-).<\/p>\n<p>Fotografie sem v\u0161echny d\u00e1vat nebudu, jen ilustra\u010dn\u00ed, jednak z d\u016fvodu ochrany vyfocen\u00fdch a jednak proto, \u017ee na str\u00e1nk\u00e1ch kempu\u00a0<a href=\"https:\/\/valalta.hr\/en\/\" target=\"_blank\" rel=\"noopener nofollow noreferrer\">https:\/\/valalta.hr\/en\/<\/a>\u00a0je fotek dost a odpov\u00eddaj\u00ed realit\u011b.<\/p>\n<figure id=\"attachment_69918\" aria-describedby=\"caption-attachment-69918\" style=\"width: 813px\" class=\"wp-caption aligncenter\"><img loading=\"lazy\" decoding=\"async\" class=\" wp-image-69918\" src=\"https:\/\/all4camper.com\/\/wp-content\/uploads\/2018\/08\/valalta-camp-2.jpg\" alt=\"\" width=\"813\" height=\"299\" srcset=\"https:\/\/all4camper.com\/wp-content\/uploads\/2018\/08\/valalta-camp-2.jpg 1024w, https:\/\/all4camper.com\/wp-content\/uploads\/2018\/08\/valalta-camp-2-300x110.jpg 300w, https:\/\/all4camper.com\/wp-content\/uploads\/2018\/08\/valalta-camp-2-150x55.jpg 150w, https:\/\/all4camper.com\/wp-content\/uploads\/2018\/08\/valalta-camp-2-768x282.jpg 768w\" sizes=\"auto, (max-width: 813px) 100vw, 813px\" \/><figcaption id=\"caption-attachment-69918\" class=\"wp-caption-text\">zdroj: valalta.hr<\/figcaption><\/figure>\n<h3><strong>Cesta<\/strong><\/h3>\n<p>Jeli jsme ze Znojma. Celkov\u00e1 trasa je cca 660 km. Cestou tam jsem striktn\u011b dodr\u017eoval max. 80\/hod a cesta n\u00e1m se dv\u011bma kr\u00e1tk\u00fdmi zast\u00e1vkami trvala p\u0159esn\u011b 10,5 hodiny.<\/p>\n<p>Vyj\u00ed\u017ed\u011bli jsme v \u00fater\u00fd nave\u010der, na m\u00edst\u011b byli v 7 r\u00e1no, co\u017e je jak vidno d\u00e1le, dobr\u00fd p\u0159\u00edjezdov\u00fd \u010das. Tak\u0159ka celou trasu jsme str\u00e1vili na d\u00e1lnici, u V\u00eddn\u011b najeli a v podstat\u011b 40 km p\u0159ed kempem z n\u00ed sjeli. Silnice v\u00fdborn\u00e1, provoz minim\u00e1ln\u00ed, nikde jsme ne\u010dekali a o v\u010detn\u011b m\u00fdtn\u00fdch bran v Chorvatsku, kde logicky po r\u00e1nu ani noha.<\/p>\n<p>Souprava do 3,5 tuny, tedy d\u00e1lnice Rakousko 10 EUR zn\u00e1mka, Slovinsko 30 EUR zn\u00e1mka a Chorvatsko 2x 42 kun poplatek hrazen cash na br\u00e1n\u011b, mo\u017eno platiti i eurem, nebo kartou. Celou cestu pr\u0161elo, byla tma a jel jsem pomalu. Tak\u017ee doporu\u010duji se p\u0159ed cestou DOB\u0158E vyspat, nebo se z\u00e1sobit energy drinky, dal jsem jich 4 nebo 5\u2026 Pokud tedy pojedete p\u0159es noc jako my\u2026<\/p>\n<p>Cestou zp\u011bt ji\u017e bylo kr\u00e1sn\u011b slune\u010dno, jeli jsme ve st\u0159edu po ob\u011bd\u011b a cel\u00e1 trasa byla krom asi 10 min. \u010dek\u00e1n\u00ed na chorvatsk\u00fdch hranic\u00edch pr\u016fjezdn\u00e1, zrychlil jsem na 100\/hod a byl tak doma o 1,5 hod d\u0159\u00edve.<\/p>\n<h3><strong>P\u0159\u00edjezd<\/strong><\/h3>\n<p>P\u0159ijeli jsme v 7 hod. r\u00e1no a od t\u00e9to hodiny je mo\u017en\u00e9 se ubytovat. Pova\u017euji to za docela optim\u00e1ln\u00ed, proto\u017ee ne\u017e za\u010dne sma\u017eit slunce, v klidu se zabydl\u00edte a cel\u00fd den ji\u017e tr\u00e1v\u00edte u mo\u0159e. Tedy na vr\u00e1tnici odevzd\u00e1te doklady v\u0161ech \u010dlen\u016f os\u00e1dky a jdete si naj\u00edt plac. V sekci rozlo\u017een\u00ed kempu popisuji, kam a jak.<\/p>\n<p>Mapa kempu je op\u011bt na str\u00e1nk\u00e1ch, ale my jsme podle n\u00ed zvolili p\u016fvodn\u011b zcela jin\u00e9 m\u00edsto a pak byli r\u00e1di, \u017ee na tomto nebylo volno, viz d\u00e1le. Tedy najdete si voln\u00fd Stellplatz, zaparkujete, vr\u00e1t\u00edte se na vr\u00e1tnici, tam nahl\u00e1s\u00edte \u010d\u00edslo a dostanete zp\u011bt doklady. <strong>Pros\u00edm, pokud p\u0159ijedete jako my v 7 r\u00e1no, v\u011bt\u0161ina kempu sp\u00ed. Tedy si je t\u0159eba uv\u011bdomit, \u017ee va\u0161e vr\u010d\u00edc\u00ed auto a pok\u0159ikov\u00e1n\u00ed kde je \u010di nen\u00ed volno, ostatn\u00ed ru\u0161\u00ed.<\/strong> My jsme si to neuv\u011bdomili a dostali hned vynad\u00e1no :-).<\/p>\n<h3><strong>Rozlo\u017een\u00ed kempu<\/strong><\/h3>\n<p>Kemp je opravdu docela velk\u00fd. Cca 4 km celkem kolem mo\u0159e.<\/p>\n<p>M\u00edsta kolem mo\u0159e, tedy ta, kter\u00e1\u017eto jsou jako reklamn\u00ed vyfocena na str\u00e1nk\u00e1ch, jsou obsazena v\u011bt\u0161inou pevn\u00fdmi karavany, kter\u00e9 jsou pronaj\u00edm\u00e1ny. Tedy tam bych to ani nezkou\u0161el, mo\u017enost, \u017ee by tam bylo volno je naprosto miziv\u00e1.<\/p>\n<p>Kdy\u017e to tedy vezmu o vr\u00e1tnice doleva, tedy kde kemp za\u010d\u00edn\u00e1. Tam jsme nakonec zaparkovali my a byli jsme s touto volbou naprosto spokojeni. M\u00edsta pro karavany jsou v\u011bt\u0161inou obehn\u00e1ny \u017eiv\u00fdm plotem, na m\u00edst\u011b je p\u0159\u00edpojka elektro, voda a v\u00fdlevka. <strong>Je tam klid, pohoda, st\u00edn, soci\u00e1lky ( jako v\u0161ude v kempu ) kousek a k mo\u0159i co by kamenem dohodil a zbytek do\u0161el. Za n\u00e1s jednozna\u010dn\u011b nejlep\u0161\u00ed volba.<\/strong><\/p>\n<p><img loading=\"lazy\" decoding=\"async\" class=\"aligncenter wp-image-69880 size-full\" src=\"https:\/\/all4camper.com\/\/wp-content\/uploads\/2018\/08\/Valalta-Jaros-4.jpg\" alt=\"\" width=\"533\" height=\"400\" srcset=\"https:\/\/all4camper.com\/wp-content\/uploads\/2018\/08\/Valalta-Jaros-4.jpg 533w, https:\/\/all4camper.com\/wp-content\/uploads\/2018\/08\/Valalta-Jaros-4-300x225.jpg 300w, https:\/\/all4camper.com\/wp-content\/uploads\/2018\/08\/Valalta-Jaros-4-150x113.jpg 150w, https:\/\/all4camper.com\/wp-content\/uploads\/2018\/08\/Valalta-Jaros-4-326x245.jpg 326w, https:\/\/all4camper.com\/wp-content\/uploads\/2018\/08\/Valalta-Jaros-4-80x60.jpg 80w\" sizes=\"auto, (max-width: 533px) 100vw, 533px\" \/><\/p>\n<p>Pak je st\u0159edn\u00ed \u010d\u00e1st kempu, kter\u00e1 je nejpln\u011bj\u0161\u00ed a nejbl\u00ed\u017ee obchodu, hospod\u00e1m, tobog\u00e1nu atd. Tam jsme p\u016fvodn\u011b cht\u011bli zakotvit, ale zapla\u0165 b\u016fh tam nebylo volno \u2026 Je tam hlava na hlav\u011b a s na\u0161\u00edm m\u00edstem se to nedalo v\u016fbec srovnat. No a pak je p\u0159\u00edstav a nad p\u0159\u00edstavem, na kopci, vzniklo cel\u00e9 m\u011bste\u010dko nov\u00fdch m\u00edst. Nov\u00e9 soci\u00e1lky, kr\u00e1sn\u00e9 m\u00edsta s v\u00fdhledem na z\u00e1toku a mo\u0159e a absolutn\u00ed klid \u2013 byli jsme tam ve\u010der na proch\u00e1zce. Pro ty, kdo se cht\u011bj\u00ed stranit jak\u00e9hokoliv ruchu, je to ide\u00e1ln\u00ed m\u00edsto. Nev\u00fdhodou je vzd\u00e1lenost do \u201e\u017eiv\u00e9\u201c \u010d\u00e1sti kempu a k mo\u0159i, to\u0165 pravda, je to tak 15-20 minut ch\u016fze minim\u00e1ln\u011b. Nezd\u00e1 se to moc, ale kdy\u017e na pl\u00e1\u017ei zjist\u00edte, \u017ee pro n\u011bco mus\u00edte do karavanu, u\u017e se v\u00e1m moc nechce.<\/p>\n<h3><strong>Vybaven\u00ed kempu<\/strong><\/h3>\n<p><strong>Obecn\u011b lze \u0159\u00edct, \u017ee vybaven\u00ed i servis je nadstandardn\u00ed.<\/strong><\/p>\n<p>Soci\u00e1lky jsou kr\u00e1sn\u00e9 a \u010detn\u00e9 a pravideln\u011b v nich poletuje obsluha a hl\u00edd\u00e1 \u010distotu a v\u00fdbavu. Jsou sice rozd\u011bleny na p\u00e1nsk\u00e9 a d\u00e1msk\u00e9, ale nikdo to moc ne\u0159e\u0161\u00ed. Po r\u00e1nu naraz\u00edte na p\u00e1nech na dv\u011b babi\u010dky, jak si \u010dist\u00ed zuby a \u017evatlaj\u00ed, pohoda.<\/p>\n<p>Co se t\u00fd\u010de z\u00e1bavy, pro n\u00e1s je hlavn\u00ed tobog\u00e1n (zdarma), obchod \u2013 velice slu\u0161n\u011b z\u00e1soben\u00fd, ale ceny dost vysok\u00e9, viz. d\u00e1le. Pro d\u011bti se daj\u00ed p\u016fj\u010dit kola, co\u017e jsme vyu\u017eili, a pokud m\u00e1te tu mo\u017enost, doporu\u010duji vz\u00edt s sebou, docela se to prodra\u017e\u00ed.<\/p>\n<p>Je zde h\u0159i\u0161t\u011b na minigolf, fotb\u00e1lek, h\u0159i\u0161t\u011b na beach. Pro d\u011bti je u baz\u00e9n\u016f anima\u010dn\u00ed m\u00edstnost, kde se o n\u011b postaraj\u00ed, pokud byste je cht\u011bli odlo\u017eit. Nacvi\u010duj\u00ed s nimi cel\u00fd den r\u016fzn\u00e1 p\u0159edstaven\u00ed a ve\u010der na p\u00f3diu maj\u00ed d\u011bti vystoupen\u00ed. Ob\u00e1v\u00e1m se ale, \u017ee pro \u010desk\u00e9 d\u011bti to nen\u00ed a\u017e tak v\u00fdhodn\u00e9, pokud neum\u00ed n\u011bmecky \u010di anglicky\u2026<\/p>\n<p>Skrz cel\u00fd kemp je s\u00ed\u0165 hospod a bar\u016f, n\u011bkter\u00e9 jsou um\u00edst\u011bny v baz\u00e9nech, kde m\u016f\u017eete spojit p\u0159\u00edjemn\u00e9 s u\u017eite\u010dn\u00fdm. <strong>V are\u00e1lu je pivovar, pivo je dobr\u00e9. Souhrnem, pokud se v\u00e1m nechce, nemus\u00edte po cel\u00fd pobyt kemp opou\u0161t\u011bt, v\u0161e pot\u0159ebn\u00e9 v kempu je.<\/strong><\/p>\n<p><img loading=\"lazy\" decoding=\"async\" class=\"aligncenter wp-image-69889 size-full\" src=\"https:\/\/all4camper.com\/\/wp-content\/uploads\/2018\/08\/Valalta-Jaros.jpg\" alt=\"\" width=\"563\" height=\"400\" srcset=\"https:\/\/all4camper.com\/wp-content\/uploads\/2018\/08\/Valalta-Jaros.jpg 563w, https:\/\/all4camper.com\/wp-content\/uploads\/2018\/08\/Valalta-Jaros-300x213.jpg 300w, https:\/\/all4camper.com\/wp-content\/uploads\/2018\/08\/Valalta-Jaros-150x107.jpg 150w\" sizes=\"auto, (max-width: 563px) 100vw, 563px\" \/><\/p>\n<h3>Koup\u00e1n\u00ed<\/h3>\n<p>Na cel\u00e9 d\u00e9lce kempu najdete v\u0161echny druhy pl\u00e1\u017e\u00ed.<\/p>\n<p>V na\u0161\u00ed sekci byla kam\u00ednkov\u00e1, pozor, jsou to navezen\u00e9 kam\u00ednky, tedy ostr\u00e9, mo\u0159em neobrou\u0161en\u00e9. D\u00e1 se po tom chodit, ale lep\u0161\u00ed jsou boty.<\/p>\n<p>Ve st\u0159edn\u00ed \u010d\u00e1sti kempu jsou skaliska, do vody vedou \u017eeb\u0159\u00ed\u010dky a to je ta sekce s pevn\u011b postaven\u00fdmi karavany, tak\u017ee v\u011bt\u0161inou se tam povaluj\u00ed st\u00e1l\u00ed host\u00e9 a cizinci jim tam moc nelezou. D\u00e1le jsou pl\u00e1\u017ee p\u00eds\u010dit\u00e9, zde se vy\u0159\u00e1d\u00ed d\u011bti na prol\u00e9za\u010dk\u00e1ch, nafukova\u010dk\u00e1ch, zde je ono beach h\u0159i\u0161t\u011b.\u00a0My u\u017e m\u00e1me d\u011bti v\u011bt\u0161\u00ed, tak\u017ee pro n\u00e1s u\u017e to nebylo tak atraktivn\u00ed a v\u00e1leli jsme se u toboganu :-).<\/p>\n<p><strong>Na v\u0161ech pl\u00e1\u017e\u00edch je dostatek leh\u00e1tek zdarma.<\/strong> Pokud se n\u00e1hodou stalo, \u017ee bylo nedostatek leh\u00e1tek, obsluha to ihned nahl\u00e1sila a za chv\u00edli p\u0159ijel voz\u00ed\u010dek a leh\u00e1tka doplnil.<\/p>\n<p>Voda \u2013 tedy ad jedna mo\u0159e \u2013 mo\u0159e je v\u0161ude, je slan\u00e9 a relativn\u011b tepl\u00e9 (na m\u011b). Na mo\u0159i plavou pontony, kam si doplavete. Pontony jsou pravideln\u011b \u010di\u0161t\u011bny, proto\u017ee na n\u011b ve\u010der serou racci. Pak jsou zde baz\u00e9ny. Ve st\u0159edn\u00ed \u010d\u00e1sti v\u011bt\u0161\u00ed komplex baz\u00e9n\u016f s hosp\u016fdkami, obchody, ji\u017e zm\u00edn\u011bn\u00fdm prostorem pro d\u011bti atd.<\/p>\n<p>Pak jsou r\u016fzn\u011b po kempu rozesety baz\u00e9ny se slanou vodou a bary. Jeden takov\u00fd jsme m\u011bli kousek pod karavanem a kon\u010dili tam v\u017edy denn\u00ed pobyt z\u00e1v\u011bre\u010dn\u00fdm drinkem. Jen takov\u00e1 perli\u010dka, t\u0159eba baz\u00e9n tobog\u00e1nu a k n\u011bmu p\u0159ilehl\u00fd baz\u00e9n baru, kde sed\u00edte na \u017eidli\u010dk\u00e1ch a u stole\u010dk\u016f pop\u00edj\u00edte drinky, tak tyto jsou denn\u011b \u010di\u0161t\u011bny a napou\u0161t\u011bny novou vodou\u2026. To jen pro info, my se prvn\u00ed den u pr\u00e1zdn\u00e9ho baz\u00e9nu s toboganem lekli, \u017ee je mimo provoz\u2026<\/p>\n<p><img loading=\"lazy\" decoding=\"async\" class=\"aligncenter wp-image-69871 size-full\" src=\"https:\/\/all4camper.com\/\/wp-content\/uploads\/2018\/08\/Valalta-Jaros-2.jpg\" alt=\"\" width=\"533\" height=\"400\" srcset=\"https:\/\/all4camper.com\/wp-content\/uploads\/2018\/08\/Valalta-Jaros-2.jpg 533w, https:\/\/all4camper.com\/wp-content\/uploads\/2018\/08\/Valalta-Jaros-2-300x225.jpg 300w, https:\/\/all4camper.com\/wp-content\/uploads\/2018\/08\/Valalta-Jaros-2-150x113.jpg 150w, https:\/\/all4camper.com\/wp-content\/uploads\/2018\/08\/Valalta-Jaros-2-326x245.jpg 326w, https:\/\/all4camper.com\/wp-content\/uploads\/2018\/08\/Valalta-Jaros-2-80x60.jpg 80w\" sizes=\"auto, (max-width: 533px) 100vw, 533px\" \/><\/p>\n<h3><strong>Osazenstvo kempu<\/strong><\/h3>\n<p>Kemp je koncipov\u00e1n jako pro rodiny s d\u011btmi. Ano, je jich tu spousta. Nicm\u00e9n\u011b v\u011bt\u0161inu tvo\u0159\u00ed n\u011bmci cca 50+.<\/p>\n<p>Pak je zde rakousk\u00e1 men\u0161ina, italsk\u00e1 a ob\u010das n\u011bjak\u00fd \u010cech \u010di p\u0159\u00edslu\u0161n\u00edk jin\u00e9ho n\u00e1roda. <strong>Tomu tak\u00e9 odpov\u00edd\u00e1 \u00fa\u0159edn\u00ed jazyk kempu, kter\u00fdm je n\u011bm\u010dina a pot\u00e9 angli\u010dtina, kdy\u017e si \u0159eknete.<\/strong><\/p>\n<p>Vzhledem k FKK kempu neuvid\u00edte tmav\u0161\u00ed ple\u0165, jedin\u00ed dva \u010dernou\u0161ci, co jsme vid\u011bli, byly asi adoptovan\u00e9 d\u011bti.<\/p>\n<p>Co se v\u011bku a pohlav\u00ed t\u00fd\u010de, uvid\u00edte v\u0161e. D\u011bti 0-18, dosp\u011bl\u00ed 18-100. Koj\u00edc\u00ed matky, houfy teenegerek, homosexu\u00e1ly, lesbi\u010dky, liliput\u00e1ny, star\u00fd chlapy s mlad\u00fdma ko\u010dkama, star\u0161\u00ed d\u00e1my s mlad\u00fdmi chlapci, tlust\u00e9, tenk\u00e9, mal\u00e9 , velk\u00e9, prost\u011b v\u0161ehochu\u0165. Jak kdy\u017e se projdete po V\u00e1clav\u00e1ku, akor\u00e1t tady si t\u011bch lid\u00ed v\u00edc v\u0161imnete, kdy\u017e maj\u00ed jen \u0165apky a klobouk\u2026<\/p>\n<p><strong>Mus\u00edm \u0159\u00edct, \u017ee V\u0160ICHNI jsou hrozn\u011b mil\u00ed a p\u0159\u00edjemn\u00ed.<\/strong> R\u00e1no V\u00e1s zdrav\u00ed cestou na zuby spousta lid\u00ed, jen tak, automaticky, p\u0159eci je r\u00e1no. Kdy\u017e sed\u00edte v p\u0159edstanu, pop\u00edj\u00edte k\u00e1vu a n\u011bkdo ciz\u00ed jde okolo a n\u00e1hodou se potk\u00e1te o\u010dima, pozdrav\u00ed. <strong>Nem\u00e1te v karavnu televizi a jde fin\u00e1le MS ve fotbale ? Nakouknete vedle a hned jste vta\u017een skupinou n\u011bmeck\u00fdch d\u016fchodc\u016f, dostanete \u017eidli, pivo a p\u00e1rek a pov\u00edd\u00e1te si o vinn\u00fdch sklepech ve Znojm\u011b, ani nev\u00edte jak<\/strong>\u00a0:-).<\/p>\n<p>Co jsem sly\u0161el, <strong>tak samotnej chlap se na Valalt\u011b neubytuje a k baz\u00e9n\u016fm a k mo\u0159i sm\u00ed pouze s pr\u016fkazkou FKK<\/strong>, tak jest za\u0159\u00edzeno kv\u016fli \u010dumil\u016fm a \u00fachyl\u00e1k\u016fm. Je pravda, \u017ee samostatn\u00e9 chlapy jsem nevid\u011bl. V\u017edy s partnerkou, nebo rodinou. Maxim\u00e1ln\u011b na kole na cest\u011b do obchodu.<\/p>\n<p>Z\u00e1v\u011brem i zm\u00ednka k obsluze kempu. Tak\u00e9 jsme byli velmi spokojeni. V\u0161ichni mil\u00ed, ochotn\u00ed, jak na recepci, tak v obchodech, tak v barech, prost\u011b v\u0161ude. \u017d\u00e1dn\u00e1 by\u0165 mal\u00e1 negativn\u00ed zku\u0161enost.<\/p>\n<h3>Ceny<\/h3>\n<p><strong>Valalta je bezpochyby nejdra\u017e\u0161\u00ed kemp na Istrii.<\/strong> To je t\u0159eba si uv\u011bdomit a po\u010d\u00edtat s t\u00edm.<\/p>\n<p>Dle m\u00e9ho ale ta cena cca odpov\u00edd\u00e1. Za karavan, auto, dva dosp\u011bl\u00e9 a dv\u011b d\u011bti 7 a 11 let n\u00e1s to vy\u0161lo v sezon\u011b na cca 2000\/den. Dal\u0161\u00ed ceny odpov\u00eddaj\u00ed zhruba dvojn\u00e1sobku cen na\u0161ich, co\u017e mi p\u0159ipad\u00e1 taky ok. V podstat\u011b jsme nakupovali r\u00e1no pe\u010divo v obchod\u011b a kupovali drinky \u010di pivo na barech.<\/p>\n<p>Pivo 70, gin tonik 120, za pe\u010divo jsem r\u00e1no nech\u00e1val cca 200. P\u016fj\u010dovn\u00e9 kolo na den 250. Zmrzlina kope\u010dek 25. Pozor na nealko na barech, Fanta 0,5 litru vyjde t\u0159eba na 80. My jsme si va\u0159ili, p\u0159es den vzali jen d\u011btem na pl\u00e1\u017e do ta\u0161ky n\u011bjak\u00e9 nealko a su\u0161enky apod., stejn\u011b toho p\u0159es den v tom horku moc nesn\u00ed. <strong>Pokud V\u00e1m opravdu n\u011bco chyb\u00ed, vyplat\u00ed se sednout do auta a zajet si p\u00e1r kilometr\u016f do Rovinje do marketu, kde nakoup\u00edte podstatn\u011b levn\u011bji ne\u017e v kempu.<\/strong><\/p>\n<h3><strong>Nudismus<\/strong><\/h3>\n<p>To je asi to, co v\u00e1s zaj\u00edm\u00e1 nejv\u00edc.<\/p>\n<p><strong>Valalta je pln\u011b nudistick\u00fd kemp.<\/strong> Tedy pro v\u011bt\u0161inu osazenstva plat\u00ed, \u017ee po pr\u016fjezdu vr\u00e1tnic\u00ed shod\u00ed hadry a oble\u010de je a\u017e na cestu zp\u011bt\u00a0<span class=\"_5mfr _47e3\"><img loading=\"lazy\" decoding=\"async\" class=\"img\" role=\"presentation\" src=\"https:\/\/static.xx.fbcdn.net\/images\/emoji.php\/v9\/fb0\/1.5\/16\/1f609.png\" alt=\"\" width=\"16\" height=\"16\" \/><span class=\"_7oe\">?<\/span><\/span>\u00a0Opravdu je to tak.<\/p>\n<p><img loading=\"lazy\" decoding=\"async\" class=\"aligncenter wp-image-69898 size-full\" src=\"https:\/\/all4camper.com\/\/wp-content\/uploads\/2018\/08\/Valalta-Jaros-3.jpg\" alt=\"\" width=\"444\" height=\"400\" srcset=\"https:\/\/all4camper.com\/wp-content\/uploads\/2018\/08\/Valalta-Jaros-3.jpg 444w, https:\/\/all4camper.com\/wp-content\/uploads\/2018\/08\/Valalta-Jaros-3-300x270.jpg 300w, https:\/\/all4camper.com\/wp-content\/uploads\/2018\/08\/Valalta-Jaros-3-150x135.jpg 150w\" sizes=\"auto, (max-width: 444px) 100vw, 444px\" \/><\/p>\n<p><strong>Bez dal\u0161\u00edho s\u00e1hodlouh\u00e9ho vysv\u011btlov\u00e1n\u00ed, prost\u011b je to kemp, kde jsou v\u0161ichni naz\u00ed a berou to jako samoz\u0159ejmost nejen k sob\u011b, ale i k ostatn\u00edm.<\/strong> V nads\u00e1zce \u0159e\u010deno, mnohem v\u00edce pozornosti p\u0159it\u00e1hnete, pokud si n\u011bco oble\u010dete. Jak jsem \u0159\u00edkal \u017een\u011b hned prvn\u00ed den, kdy\u017e si vzala pr\u016fhledn\u00fd \u0161\u00e1tek: pros\u00edme vysvle\u010d se, a\u0165 na tebe ka\u017edej ne\u010dum\u00ed &#8230;<\/p>\n<p>Nicm\u00e9n\u011b, pokud \u0159eknu A, mus\u00edm \u0159\u00edct i B. Nah\u00fd \u010dlov\u011bk chod\u00ed od r\u00e1na, kdy\u017e si jde vy\u010distit zuby, pokud je chladn\u011bji, berou si n\u011bkte\u0159\u00ed tri\u010dko :-).<\/p>\n<p>Nah\u00fd je \u010dlov\u011bk u karavanu kdy\u017e sn\u00edd\u00e1, p\u0159i proch\u00e1zce po kempu nave\u010der, p\u0159i n\u00e1v\u0161t\u011bv\u011b soused\u016f. Na druhou stranu, nave\u010der jak zapad\u00e1 slunce, se hlavn\u011b na promen\u00e1d\u00e1ch pohybuj\u00ed ji\u017e lid\u00e9 &#8222;p\u0159ioble\u010den\u00ed&#8220;. Ti, kte\u0159\u00ed vyrazili do restaurac\u00ed, ji\u017e oble\u010den\u00ed \u00fapln\u011b.<\/p>\n<p><strong>Striktn\u011b existuj\u00ed dv\u011b pravidla:<\/strong> nah\u00fd mus\u00ed b\u00fdt \u010dlov\u011bk u mo\u0159e a u baz\u00e9n\u016f. Toto je kontrolov\u00e1no, neust\u00e1le jezd\u00ed po kempu chlapci na kolech a kontroluj\u00ed, zda n\u011bkdo nen\u00ed na t\u011bchto m\u00edstech oble\u010den, pokud ano, vyk\u00e1\u017eou ho. V cel\u00e9 zbyl\u00e9 \u010d\u00e1sti kempu nen\u00ed nahota podm\u00ednkou, ale jak jsem ji\u017e psal, p\u0159es den nikoho oble\u010den\u00e9ho jen tak nepotk\u00e1te. <strong>Za druh\u00e9 kde naopak oble\u010den\u00ed b\u00fdt mus\u00edte je obchod, recepce a vnit\u0159n\u00ed \u010d\u00e1st restaurac\u00ed.<\/strong> Mus\u00edm \u0159\u00edct, \u017ee vl\u00e1dne v\u0161eobecn\u00e1 pohoda a hrozn\u011b rychle si na to zvyknete. Kdy\u017e jsme byli na v\u00fdlet\u011b v Rovinji, prvn\u00ed co po p\u0159\u00edjezdu bylo, \u017ee jsme shodili hadry.<\/p>\n<p><strong>Pozn\u00e1mka pro d\u00e1my:<\/strong> pokud si mysl\u00edte, \u017ee nem\u016f\u017eete jet do FKK kempu, proto\u017ee na to nem\u00e1te postavu, tak v\u00e1s m\u016f\u017eu uklidnit, a moje man\u017eelka v\u00e1m to z pozice \u017eeny potvrd\u00ed, nem\u00e1te se \u010deho ob\u00e1vat. <strong>Budete za modelku. V\u00e1\u017en\u011b.<\/strong> Jak jsem psal, v\u011bt\u0161ina p\u0159\u00edtomn\u00fdch dam rozhodn\u011b nen\u00ed ide\u00e1lem kr\u00e1sy, sp\u00ed\u0161 naopak. A hlavn\u011b: <strong>NIKDO TO NE\u0158E\u0160\u00cd !!!<\/strong> Kdybyste vid\u011bly to co j\u00e1\u2026..<\/p>\n<p><strong>Pozn\u00e1mka pro p\u00e1ny:<\/strong> zde bude moje v\u00fdrazivo pon\u011bkud syrov\u00e9, ale ono se to moc jinak \u0159\u00edct ned\u00e1. Za prv\u00e9, tak jak jsem psal o v\u011bku osazenstva 0-100, tak stejn\u011b tak to plat\u00ed pro \u201evybaven\u00ed\u201c. Jak \u0159\u00edkala moje \u017eena, nikdy si nemyslela, \u017ee existuje tolik d\u00e9lek, tvar\u016f, typ\u016f\u2026.. Opravdu je k vid\u011bn\u00ed jak kolib\u0159\u00edk, tak chobot, o piercingu ve v\u0161em mo\u017en\u00e9m ani nemluv\u011b. <strong>Pokud tedy m\u00e1te obavy, \u017ee byste man\u017eelce d\u011blali ostudu, tak v\u00e1s m\u016f\u017eu uklidnit, v\u011bt\u0161ina je na tom h\u016f\u0159 jak vy. A hlavn\u011b: NIKDO TO NE\u0158E\u0160\u00cd :-).<\/strong><\/p>\n<p>A je\u0161t\u011b jedna pozn\u00e1mka pro p\u00e1ny. \u017de jsem psal, \u017ee v\u011bt\u0161ina kempu tvo\u0159\u00ed n\u011bmeck\u00e9 d\u016fchodkyn\u011b, neznamen\u00e1, \u017ee nen\u00ed na co se d\u00edvat. Samoz\u0159ejm\u011b \u017ee je :-).<\/p>\n<h3><strong>Z\u00e1v\u011brem<\/strong><\/h3>\n<p><strong>My pojedeme znovu.<\/strong> R\u00e1di bychom p\u0159\u00ed\u0161t\u00ed rok jeli s n\u011bk\u00fdm, ve\u010dery byly kr\u00e1sn\u00e9, tich\u00e9, tepl\u00e9, ale s n\u011bk\u00fdm si ob\u010das popov\u00eddat nen\u00ed na \u0161kodu :-).\u00a0Taky to v\u00edno chutn\u00e1 v\u00edc ve skupince :-).<\/p>\n<p><strong>Nudismus je n\u00e1dhern\u00fd pocit a ocen\u00ed ho ti, co to zkus\u00ed, nebo ji\u017e znaj\u00ed.<\/strong> Pokud ale m\u00e1te k \u010demukoliv co jsem v\u00fd\u0161e psal n\u011bjak\u00e9 v\u00fdhrady, \u010di v\u00e1m to nep\u0159ipad\u00e1 p\u0159irozen\u00e9, <strong>tak rad\u011bji do FKK kempu nejezd\u011bte, zkazili byste si dovolenou<\/strong>. Mus\u00edte pochopit podstatu, pak V\u00e1m to dovolenou zp\u0159\u00edjemn\u00ed.<\/p>\n<p>My bychom t\u0159eba zkusili i jin\u00fd FKK kemp, na Istrii je jich spousta, ale i d\u011bti a man\u017eelka \u0159ekli, \u017ee do jin\u00e9ho ne\u017e FKK kempu ji\u017e necht\u011bj\u00ed &#8230; ale na Valalt\u011b je ten tobog\u00e1n, no\u2026 tak asi pojedeme zase tam :-). Pokud by n\u011bkdo m\u011bl na m\u011b n\u011bjak\u00e9 dotazy, r\u00e1d odpov\u00edm a jsem k dispozici. P\u0159eji v\u00e1m v\u0161em kr\u00e1sn\u00fd zbytek l\u00e9ta a t\u0159eba nap\u0159esrok u mo\u0159e na vid\u011bnou.<\/p>\n<p><strong>\u010cenda @ fam\u00edlie &#8211; Petr Jaro\u0161<\/strong><\/p>\n","protected":false},"excerpt":{"rendered":"<p>V\u00e1\u017een\u00ed a mil\u00ed spolukaravan\u00edci. Nebo bych mohl \u0159\u00edct i &#8222;draz\u00ed&#8220;, za to nic ned\u00e1m. Sl\u00edbil jsem kr\u00e1tkou recenzi z na\u0161\u00ed prvn\u00ed n\u00e1v\u0161t\u011bvy nudistick\u00e9ho, neboli d\u00e1le FKK kempu, Valalta na Istrii. Tedy zde je. Jednotliv\u00e9 ot\u00e1zky cel\u00e9ho na\u0161eho pobytu jsem rozd\u011blil do douf\u00e1m pochopiteln\u00fdch sekc\u00ed, ka\u017ed\u00e9ho zaj\u00edm\u00e1 n\u011bco jin\u00e9ho, tedy ka\u017ed\u00fd zvol\u00ed odstavec jeho srdci vlastn\u00ed, [&hellip;]<\/p>\n","protected":false},"author":27,"featured_media":69907,"comment_status":"closed","ping_status":"closed","sticky":false,"template":"","format":"standard","meta":{"_monsterinsights_skip_tracking":false,"_monsterinsights_sitenote_active":false,"_monsterinsights_sitenote_note":"","_monsterinsights_sitenote_category":0,"footnotes":""},"categories":[2382],"tags":[112,84,101],"class_list":{"0":"post-69916","1":"post","2":"type-post","3":"status-publish","4":"format-standard","5":"has-post-thumbnail","7":"category-kempovani-a-cestovani-v-chorvatsku","8":"tag-chorvatsko","9":"tag-fkk","10":"tag-kempy-1"},"yoast_head":"<!-- This site is optimized with the Yoast SEO plugin v27.5 - https:\/\/yoast.com\/product\/yoast-seo-wordpress\/ -->\n<title>Valalta Istrie \u2013 poprv\u00e9, ale jist\u011b ne naposledy v FKK kempu<\/title>\n<meta name=\"description\" content=\"All4Camper - Valalta Istrie \u2013 poprv\u00e9, ale jist\u011b ne naposledy v FKK kempu\" \/>\n<meta name=\"robots\" content=\"index, follow, max-snippet:-1, max-image-preview:large, max-video-preview:-1\" \/>\n<link rel=\"canonical\" href=\"https:\/\/all4camper.com\/cs\/valalta-istrie-poprve-ale-jiste-ne-naposledy-v-fkk-kempu\/\" \/>\n<meta property=\"og:locale\" content=\"cs_CZ\" \/>\n<meta property=\"og:type\" content=\"article\" \/>\n<meta property=\"og:title\" content=\"Valalta Istrie \u2013 poprv\u00e9, ale jist\u011b ne naposledy v FKK kempu\" \/>\n<meta property=\"og:description\" content=\"All4Camper - Valalta Istrie \u2013 poprv\u00e9, ale jist\u011b ne naposledy v FKK kempu\" \/>\n<meta property=\"og:url\" content=\"https:\/\/all4camper.com\/cs\/valalta-istrie-poprve-ale-jiste-ne-naposledy-v-fkk-kempu\/\" \/>\n<meta property=\"og:site_name\" content=\"All4Camper\" \/>\n<meta property=\"article:published_time\" content=\"2018-08-28T08:32:50+00:00\" \/>\n<meta property=\"article:modified_time\" content=\"2020-04-21T12:48:43+00:00\" \/>\n<meta property=\"og:image\" content=\"https:\/\/all4camper.com\/wp-content\/uploads\/2018\/08\/valalta-camp.jpg\" \/>\n\t<meta property=\"og:image:width\" content=\"808\" \/>\n\t<meta property=\"og:image:height\" content=\"400\" \/>\n\t<meta property=\"og:image:type\" content=\"image\/jpeg\" \/>\n<meta name=\"author\" content=\"Od na\u0161ich \u010dten\u00e1\u0159\u016f\" \/>\n<meta name=\"twitter:card\" content=\"summary_large_image\" \/>\n<meta name=\"twitter:label1\" content=\"Napsal(a)\" \/>\n\t<meta name=\"twitter:data1\" content=\"Od na\u0161ich \u010dten\u00e1\u0159\u016f\" \/>\n\t<meta name=\"twitter:label2\" content=\"Odhadovan\u00e1 doba \u010dten\u00ed\" \/>\n\t<meta name=\"twitter:data2\" content=\"14 minut\" \/>\n<script type=\"application\/ld+json\" class=\"yoast-schema-graph\">{\"@context\":\"https:\\\/\\\/schema.org\",\"@graph\":[{\"@type\":\"Article\",\"@id\":\"https:\\\/\\\/all4camper.com\\\/cs\\\/valalta-istrie-poprve-ale-jiste-ne-naposledy-v-fkk-kempu\\\/#article\",\"isPartOf\":{\"@id\":\"https:\\\/\\\/all4camper.com\\\/cs\\\/valalta-istrie-poprve-ale-jiste-ne-naposledy-v-fkk-kempu\\\/\"},\"author\":{\"name\":\"Od na\u0161ich \u010dten\u00e1\u0159\u016f\",\"@id\":\"https:\\\/\\\/all4camper.com\\\/cs\\\/#\\\/schema\\\/person\\\/6e44acf123c404fdffce72310b6e0f1c\"},\"headline\":\"Valalta Istrie \u2013 poprv\u00e9, ale jist\u011b ne naposledy v FKK kempu\",\"datePublished\":\"2018-08-28T08:32:50+00:00\",\"dateModified\":\"2020-04-21T12:48:43+00:00\",\"mainEntityOfPage\":{\"@id\":\"https:\\\/\\\/all4camper.com\\\/cs\\\/valalta-istrie-poprve-ale-jiste-ne-naposledy-v-fkk-kempu\\\/\"},\"wordCount\":2767,\"publisher\":{\"@id\":\"https:\\\/\\\/all4camper.com\\\/cs\\\/#organization\"},\"image\":{\"@id\":\"https:\\\/\\\/all4camper.com\\\/cs\\\/valalta-istrie-poprve-ale-jiste-ne-naposledy-v-fkk-kempu\\\/#primaryimage\"},\"thumbnailUrl\":\"https:\\\/\\\/all4camper.com\\\/wp-content\\\/uploads\\\/2018\\\/08\\\/valalta-camp.jpg\",\"keywords\":[\"Chorvatsko\",\"FKK\",\"Kempy a kempovac\u00ed m\u00edsta\"],\"articleSection\":[\"Kempov\u00e1n\u00ed a cestov\u00e1n\u00ed v Chorvatsku\"],\"inLanguage\":\"cs\"},{\"@type\":\"WebPage\",\"@id\":\"https:\\\/\\\/all4camper.com\\\/cs\\\/valalta-istrie-poprve-ale-jiste-ne-naposledy-v-fkk-kempu\\\/\",\"url\":\"https:\\\/\\\/all4camper.com\\\/cs\\\/valalta-istrie-poprve-ale-jiste-ne-naposledy-v-fkk-kempu\\\/\",\"name\":\"Valalta Istrie \u2013 poprv\u00e9, ale jist\u011b ne naposledy v FKK kempu\",\"isPartOf\":{\"@id\":\"https:\\\/\\\/all4camper.com\\\/cs\\\/#website\"},\"primaryImageOfPage\":{\"@id\":\"https:\\\/\\\/all4camper.com\\\/cs\\\/valalta-istrie-poprve-ale-jiste-ne-naposledy-v-fkk-kempu\\\/#primaryimage\"},\"image\":{\"@id\":\"https:\\\/\\\/all4camper.com\\\/cs\\\/valalta-istrie-poprve-ale-jiste-ne-naposledy-v-fkk-kempu\\\/#primaryimage\"},\"thumbnailUrl\":\"https:\\\/\\\/all4camper.com\\\/wp-content\\\/uploads\\\/2018\\\/08\\\/valalta-camp.jpg\",\"datePublished\":\"2018-08-28T08:32:50+00:00\",\"dateModified\":\"2020-04-21T12:48:43+00:00\",\"description\":\"All4Camper - Valalta Istrie \u2013 poprv\u00e9, ale jist\u011b ne naposledy v FKK kempu\",\"breadcrumb\":{\"@id\":\"https:\\\/\\\/all4camper.com\\\/cs\\\/valalta-istrie-poprve-ale-jiste-ne-naposledy-v-fkk-kempu\\\/#breadcrumb\"},\"inLanguage\":\"cs\",\"potentialAction\":[{\"@type\":\"ReadAction\",\"target\":[\"https:\\\/\\\/all4camper.com\\\/cs\\\/valalta-istrie-poprve-ale-jiste-ne-naposledy-v-fkk-kempu\\\/\"]}]},{\"@type\":\"ImageObject\",\"inLanguage\":\"cs\",\"@id\":\"https:\\\/\\\/all4camper.com\\\/cs\\\/valalta-istrie-poprve-ale-jiste-ne-naposledy-v-fkk-kempu\\\/#primaryimage\",\"url\":\"https:\\\/\\\/all4camper.com\\\/wp-content\\\/uploads\\\/2018\\\/08\\\/valalta-camp.jpg\",\"contentUrl\":\"https:\\\/\\\/all4camper.com\\\/wp-content\\\/uploads\\\/2018\\\/08\\\/valalta-camp.jpg\",\"width\":808,\"height\":400},{\"@type\":\"BreadcrumbList\",\"@id\":\"https:\\\/\\\/all4camper.com\\\/cs\\\/valalta-istrie-poprve-ale-jiste-ne-naposledy-v-fkk-kempu\\\/#breadcrumb\",\"itemListElement\":[{\"@type\":\"ListItem\",\"position\":1,\"name\":\"Dom\u016f\",\"item\":\"https:\\\/\\\/all4camper.com\\\/cs\\\/\"},{\"@type\":\"ListItem\",\"position\":2,\"name\":\"Kempov\u00e1n\u00ed a cestov\u00e1n\u00ed v Chorvatsku\",\"item\":\"https:\\\/\\\/all4camper.com\\\/cs\\\/category\\\/kempovani-a-cestovani-v-chorvatsku\\\/\"},{\"@type\":\"ListItem\",\"position\":3,\"name\":\"Valalta Istrie \u2013 poprv\u00e9, ale jist\u011b ne naposledy v FKK kempu\"}]},{\"@type\":\"WebSite\",\"@id\":\"https:\\\/\\\/all4camper.com\\\/cs\\\/#website\",\"url\":\"https:\\\/\\\/all4camper.com\\\/cs\\\/\",\"name\":\"All4Camper\",\"description\":\"Nejv\u011bt\u0161\u00ed online magaz\u00edn o kempov\u00e1n\u00ed a karavaninku. V\u00edce jak 900 \u010dl\u00e1nk\u016f pln\u00fdch rad a tip\u016f o kempech a kempov\u00e1n\u00ed.\",\"publisher\":{\"@id\":\"https:\\\/\\\/all4camper.com\\\/cs\\\/#organization\"},\"potentialAction\":[{\"@type\":\"SearchAction\",\"target\":{\"@type\":\"EntryPoint\",\"urlTemplate\":\"https:\\\/\\\/all4camper.com\\\/cs\\\/?s={search_term_string}\"},\"query-input\":{\"@type\":\"PropertyValueSpecification\",\"valueRequired\":true,\"valueName\":\"search_term_string\"}}],\"inLanguage\":\"cs\"},{\"@type\":\"Organization\",\"@id\":\"https:\\\/\\\/all4camper.com\\\/cs\\\/#organization\",\"name\":\"All4Camper - kempujeme s Kl\u00e1rou\",\"url\":\"https:\\\/\\\/all4camper.com\\\/cs\\\/\",\"logo\":{\"@type\":\"ImageObject\",\"inLanguage\":\"cs\",\"@id\":\"https:\\\/\\\/all4camper.com\\\/cs\\\/#\\\/schema\\\/logo\\\/image\\\/\",\"url\":\"https:\\\/\\\/all4camper.com\\\/wp-content\\\/uploads\\\/2018\\\/09\\\/novelogo.png\",\"contentUrl\":\"https:\\\/\\\/all4camper.com\\\/wp-content\\\/uploads\\\/2018\\\/09\\\/novelogo.png\",\"width\":1520,\"height\":600,\"caption\":\"All4Camper - kempujeme s Kl\u00e1rou\"},\"image\":{\"@id\":\"https:\\\/\\\/all4camper.com\\\/cs\\\/#\\\/schema\\\/logo\\\/image\\\/\"}},{\"@type\":\"Person\",\"@id\":\"https:\\\/\\\/all4camper.com\\\/cs\\\/#\\\/schema\\\/person\\\/6e44acf123c404fdffce72310b6e0f1c\",\"name\":\"Od na\u0161ich \u010dten\u00e1\u0159\u016f\",\"url\":\"https:\\\/\\\/all4camper.com\\\/cs\\\/author\\\/od-nasich-ctenaru\\\/\"}]}<\/script>\n<!-- \/ Yoast SEO plugin. -->","yoast_head_json":{"title":"Valalta Istrie \u2013 poprv\u00e9, ale jist\u011b ne naposledy v FKK kempu","description":"All4Camper - Valalta Istrie \u2013 poprv\u00e9, ale jist\u011b ne naposledy v FKK kempu","robots":{"index":"index","follow":"follow","max-snippet":"max-snippet:-1","max-image-preview":"max-image-preview:large","max-video-preview":"max-video-preview:-1"},"canonical":"https:\/\/all4camper.com\/cs\/valalta-istrie-poprve-ale-jiste-ne-naposledy-v-fkk-kempu\/","og_locale":"cs_CZ","og_type":"article","og_title":"Valalta Istrie \u2013 poprv\u00e9, ale jist\u011b ne naposledy v FKK kempu","og_description":"All4Camper - Valalta Istrie \u2013 poprv\u00e9, ale jist\u011b ne naposledy v FKK kempu","og_url":"https:\/\/all4camper.com\/cs\/valalta-istrie-poprve-ale-jiste-ne-naposledy-v-fkk-kempu\/","og_site_name":"All4Camper","article_published_time":"2018-08-28T08:32:50+00:00","article_modified_time":"2020-04-21T12:48:43+00:00","og_image":[{"width":808,"height":400,"url":"https:\/\/all4camper.com\/wp-content\/uploads\/2018\/08\/valalta-camp.jpg","type":"image\/jpeg"}],"author":"Od na\u0161ich \u010dten\u00e1\u0159\u016f","twitter_card":"summary_large_image","twitter_misc":{"Napsal(a)":"Od na\u0161ich \u010dten\u00e1\u0159\u016f","Odhadovan\u00e1 doba \u010dten\u00ed":"14 minut"},"schema":{"@context":"https:\/\/schema.org","@graph":[{"@type":"Article","@id":"https:\/\/all4camper.com\/cs\/valalta-istrie-poprve-ale-jiste-ne-naposledy-v-fkk-kempu\/#article","isPartOf":{"@id":"https:\/\/all4camper.com\/cs\/valalta-istrie-poprve-ale-jiste-ne-naposledy-v-fkk-kempu\/"},"author":{"name":"Od na\u0161ich \u010dten\u00e1\u0159\u016f","@id":"https:\/\/all4camper.com\/cs\/#\/schema\/person\/6e44acf123c404fdffce72310b6e0f1c"},"headline":"Valalta Istrie \u2013 poprv\u00e9, ale jist\u011b ne naposledy v FKK kempu","datePublished":"2018-08-28T08:32:50+00:00","dateModified":"2020-04-21T12:48:43+00:00","mainEntityOfPage":{"@id":"https:\/\/all4camper.com\/cs\/valalta-istrie-poprve-ale-jiste-ne-naposledy-v-fkk-kempu\/"},"wordCount":2767,"publisher":{"@id":"https:\/\/all4camper.com\/cs\/#organization"},"image":{"@id":"https:\/\/all4camper.com\/cs\/valalta-istrie-poprve-ale-jiste-ne-naposledy-v-fkk-kempu\/#primaryimage"},"thumbnailUrl":"https:\/\/all4camper.com\/wp-content\/uploads\/2018\/08\/valalta-camp.jpg","keywords":["Chorvatsko","FKK","Kempy a kempovac\u00ed m\u00edsta"],"articleSection":["Kempov\u00e1n\u00ed a cestov\u00e1n\u00ed v Chorvatsku"],"inLanguage":"cs"},{"@type":"WebPage","@id":"https:\/\/all4camper.com\/cs\/valalta-istrie-poprve-ale-jiste-ne-naposledy-v-fkk-kempu\/","url":"https:\/\/all4camper.com\/cs\/valalta-istrie-poprve-ale-jiste-ne-naposledy-v-fkk-kempu\/","name":"Valalta Istrie \u2013 poprv\u00e9, ale jist\u011b ne naposledy v FKK kempu","isPartOf":{"@id":"https:\/\/all4camper.com\/cs\/#website"},"primaryImageOfPage":{"@id":"https:\/\/all4camper.com\/cs\/valalta-istrie-poprve-ale-jiste-ne-naposledy-v-fkk-kempu\/#primaryimage"},"image":{"@id":"https:\/\/all4camper.com\/cs\/valalta-istrie-poprve-ale-jiste-ne-naposledy-v-fkk-kempu\/#primaryimage"},"thumbnailUrl":"https:\/\/all4camper.com\/wp-content\/uploads\/2018\/08\/valalta-camp.jpg","datePublished":"2018-08-28T08:32:50+00:00","dateModified":"2020-04-21T12:48:43+00:00","description":"All4Camper - Valalta Istrie \u2013 poprv\u00e9, ale jist\u011b ne naposledy v FKK kempu","breadcrumb":{"@id":"https:\/\/all4camper.com\/cs\/valalta-istrie-poprve-ale-jiste-ne-naposledy-v-fkk-kempu\/#breadcrumb"},"inLanguage":"cs","potentialAction":[{"@type":"ReadAction","target":["https:\/\/all4camper.com\/cs\/valalta-istrie-poprve-ale-jiste-ne-naposledy-v-fkk-kempu\/"]}]},{"@type":"ImageObject","inLanguage":"cs","@id":"https:\/\/all4camper.com\/cs\/valalta-istrie-poprve-ale-jiste-ne-naposledy-v-fkk-kempu\/#primaryimage","url":"https:\/\/all4camper.com\/wp-content\/uploads\/2018\/08\/valalta-camp.jpg","contentUrl":"https:\/\/all4camper.com\/wp-content\/uploads\/2018\/08\/valalta-camp.jpg","width":808,"height":400},{"@type":"BreadcrumbList","@id":"https:\/\/all4camper.com\/cs\/valalta-istrie-poprve-ale-jiste-ne-naposledy-v-fkk-kempu\/#breadcrumb","itemListElement":[{"@type":"ListItem","position":1,"name":"Dom\u016f","item":"https:\/\/all4camper.com\/cs\/"},{"@type":"ListItem","position":2,"name":"Kempov\u00e1n\u00ed a cestov\u00e1n\u00ed v Chorvatsku","item":"https:\/\/all4camper.com\/cs\/category\/kempovani-a-cestovani-v-chorvatsku\/"},{"@type":"ListItem","position":3,"name":"Valalta Istrie \u2013 poprv\u00e9, ale jist\u011b ne naposledy v FKK kempu"}]},{"@type":"WebSite","@id":"https:\/\/all4camper.com\/cs\/#website","url":"https:\/\/all4camper.com\/cs\/","name":"All4Camper","description":"Nejv\u011bt\u0161\u00ed online magaz\u00edn o kempov\u00e1n\u00ed a karavaninku. V\u00edce jak 900 \u010dl\u00e1nk\u016f pln\u00fdch rad a tip\u016f o kempech a kempov\u00e1n\u00ed.","publisher":{"@id":"https:\/\/all4camper.com\/cs\/#organization"},"potentialAction":[{"@type":"SearchAction","target":{"@type":"EntryPoint","urlTemplate":"https:\/\/all4camper.com\/cs\/?s={search_term_string}"},"query-input":{"@type":"PropertyValueSpecification","valueRequired":true,"valueName":"search_term_string"}}],"inLanguage":"cs"},{"@type":"Organization","@id":"https:\/\/all4camper.com\/cs\/#organization","name":"All4Camper - kempujeme s Kl\u00e1rou","url":"https:\/\/all4camper.com\/cs\/","logo":{"@type":"ImageObject","inLanguage":"cs","@id":"https:\/\/all4camper.com\/cs\/#\/schema\/logo\/image\/","url":"https:\/\/all4camper.com\/wp-content\/uploads\/2018\/09\/novelogo.png","contentUrl":"https:\/\/all4camper.com\/wp-content\/uploads\/2018\/09\/novelogo.png","width":1520,"height":600,"caption":"All4Camper - kempujeme s Kl\u00e1rou"},"image":{"@id":"https:\/\/all4camper.com\/cs\/#\/schema\/logo\/image\/"}},{"@type":"Person","@id":"https:\/\/all4camper.com\/cs\/#\/schema\/person\/6e44acf123c404fdffce72310b6e0f1c","name":"Od na\u0161ich \u010dten\u00e1\u0159\u016f","url":"https:\/\/all4camper.com\/cs\/author\/od-nasich-ctenaru\/"}]}},"_links":{"self":[{"href":"https:\/\/all4camper.com\/cs\/wp-json\/wp\/v2\/posts\/69916","targetHints":{"allow":["GET"]}}],"collection":[{"href":"https:\/\/all4camper.com\/cs\/wp-json\/wp\/v2\/posts"}],"about":[{"href":"https:\/\/all4camper.com\/cs\/wp-json\/wp\/v2\/types\/post"}],"author":[{"embeddable":true,"href":"https:\/\/all4camper.com\/cs\/wp-json\/wp\/v2\/users\/27"}],"replies":[{"embeddable":true,"href":"https:\/\/all4camper.com\/cs\/wp-json\/wp\/v2\/comments?post=69916"}],"version-history":[{"count":0,"href":"https:\/\/all4camper.com\/cs\/wp-json\/wp\/v2\/posts\/69916\/revisions"}],"wp:featuredmedia":[{"embeddable":true,"href":"https:\/\/all4camper.com\/cs\/wp-json\/wp\/v2\/media\/69907"}],"wp:attachment":[{"href":"https:\/\/all4camper.com\/cs\/wp-json\/wp\/v2\/media?parent=69916"}],"wp:term":[{"taxonomy":"category","embeddable":true,"href":"https:\/\/all4camper.com\/cs\/wp-json\/wp\/v2\/categories?post=69916"},{"taxonomy":"post_tag","embeddable":true,"href":"https:\/\/all4camper.com\/cs\/wp-json\/wp\/v2\/tags?post=69916"}],"curies":[{"name":"wp","href":"https:\/\/api.w.org\/{rel}","templated":true}]}}