{"id":68469,"date":"2018-08-14T10:46:45","date_gmt":"2018-08-14T08:46:45","guid":{"rendered":"https:\/\/all4camper.com\/\/?p=68469"},"modified":"2020-04-21T12:49:20","modified_gmt":"2020-04-21T10:49:20","slug":"cyklostezky-u-rakouskeho-karibiku-jezera-worthersee","status":"publish","type":"post","link":"https:\/\/all4camper.com\/cs\/cyklostezky-u-rakouskeho-karibiku-jezera-worthersee\/","title":{"rendered":"Cyklostezky u rakousk\u00e9ho Karibiku &#8211; jezera W\u00f6rthersee"},"content":{"rendered":"\n<h4 class=\"wp-block-heading\">Jezero&nbsp;W\u00f6rthersee je nejv\u011bt\u0161\u00edm jezerem v jihorakousk\u00fdch Korutanech a p\u00e1t\u00fdm nejv\u011bt\u0161\u00edm v Rakousku. Jeho d\u00e9lka \u010din\u00ed 16,5 km a&nbsp;s m\u011bstem Klagenfurt je spojeno vodn\u00edm kan\u00e1lem, po kter\u00e9m jezd\u00ed v\u00fdletn\u00ed lod\u011b. D\u00edky jeho teplot\u011b, kter\u00e1 v letn\u00edch hork\u00fdch dnech dosahuje a\u017e 28\u00b0C a t\u0159pytiv\u011b modr\u00e9mu, m\u00edsty a\u017e tyrkysov\u00e9mu zabarven\u00ed a \u00fa\u017easn\u00e9 atmosf\u00e9\u0159e panuj\u00edc\u00ed po cel\u00e9m jeho pob\u0159e\u017e\u00ed, si zde budete opravdu p\u0159ipadat jak v Karibiku.<\/h4>\n\n\n\n<p>Samotn\u00e9 jezero se d\u00e1 objet na kole a pokud se pro tento v\u00fdlet rozhodnete, \u010dek\u00e1 v\u00e1s hezk\u00e1 trasa o d\u00e9lce cca 50 km trvaj\u00edc\u00ed zhruba 3 hodiny. Na trase budete p\u0159ekon\u00e1vat \u010dty\u0159 set metrov\u00fd v\u00fd\u0161kov\u00fd rozd\u00edl. Je tedy vhodn\u00e1 jak pro klasick\u00e1 kola, tak pro elektro-kola.&nbsp;Pod\u00e9l severn\u00edho b\u0159ehu&nbsp;W\u00f6rthersee se nach\u00e1z\u00ed velk\u00e9 mno\u017estv\u00ed zast\u00e1vek s mo\u017enost\u00ed vykoup\u00e1n\u00ed se. D\u00edky tomu si m\u016f\u017eete celodenn\u00ed v\u00fdlet je\u0161t\u011b v\u00edce zp\u0159\u00edjemnit. Na celou trasu se pod\u00edvejte na tomto <strong><a rel=\"noopener noreferrer\" href=\"https:\/\/www.woerthersee.com\/de\/tourenportal-woerthersee-wandern-laufen-rad\/#cat=Radfahren&amp;dm=1&amp;fu=1&amp;ipd=1492194&amp;ov=cycling&amp;zc=12,13.94199,46.62197\" target=\"_blank\">odkazu<\/a><\/strong>.<\/p>\n\n\n\n<figure class=\"wp-block-image size-large\"><img loading=\"lazy\" decoding=\"async\" width=\"1200\" height=\"799\" src=\"https:\/\/all4camper.com\/\/wp-content\/uploads\/2019\/12\/jezero-W\u00f6rthersee.png\" alt=\"\" class=\"wp-image-83438\" srcset=\"https:\/\/all4camper.com\/wp-content\/uploads\/2019\/12\/jezero-W\u00f6rthersee.png 1200w, https:\/\/all4camper.com\/wp-content\/uploads\/2019\/12\/jezero-W\u00f6rthersee-300x200.png 300w, https:\/\/all4camper.com\/wp-content\/uploads\/2019\/12\/jezero-W\u00f6rthersee-150x100.png 150w, https:\/\/all4camper.com\/wp-content\/uploads\/2019\/12\/jezero-W\u00f6rthersee-768x511.png 768w\" sizes=\"auto, (max-width: 1200px) 100vw, 1200px\" \/><figcaption> K\u00e4rnten Werbung, fotograf: <em>Uwe Geissler<\/em> <\/figcaption><\/figure>\n\n\n\n<p>Pokud se v\u00e1m nechce jet celou trasu, nebo si v\u00e1\u0161 v\u00fdlet chcete je\u0161t\u011b v\u00edce zpest\u0159it, pak <strong>doporu\u010duji dojet na kole bu\u010f do Klagenfurtu \u010di Veldenu a zp\u011bt se vr\u00e1tit lod\u00ed.&nbsp;<\/strong>Pot\u0159ebn\u00e9 informace o cen\u011b lodn\u00edho l\u00edstku, mo\u017enostech r\u016fzn\u00fdch kombinac\u00ed s dal\u0161\u00edmi vstupenkami na turistick\u00e9 atrakce v okol\u00ed jezera \u010di provozn\u00ed dob\u011b, najdete na tomto odkazu <strong><a rel=\"noopener noreferrer\" href=\"https:\/\/www.woerthersee.com\/de\/woerthersee-schifffahrt\/\" target=\"_blank\">woerthersee.com<\/a><\/strong>.<\/p>\n\n\n\n<figure class=\"wp-block-image size-large\"><img loading=\"lazy\" decoding=\"async\" width=\"1024\" height=\"681\" src=\"https:\/\/all4camper.com\/\/wp-content\/uploads\/2019\/12\/489.jpg\" alt=\"\" class=\"wp-image-83439\" srcset=\"https:\/\/all4camper.com\/wp-content\/uploads\/2019\/12\/489.jpg 1024w, https:\/\/all4camper.com\/wp-content\/uploads\/2019\/12\/489-300x200.jpg 300w, https:\/\/all4camper.com\/wp-content\/uploads\/2019\/12\/489-150x100.jpg 150w, https:\/\/all4camper.com\/wp-content\/uploads\/2019\/12\/489-768x511.jpg 768w\" sizes=\"auto, (max-width: 1024px) 100vw, 1024px\" \/><figcaption> K\u00e4rnten Werbung, fotograf: <em>Franz Gerdl<\/em> <\/figcaption><\/figure>\n\n\n\n<p>Jednou z kombinac\u00ed n\u00e1kupu lodn\u00edho l\u00edstku je n\u00e1v\u0161t\u011bva zn\u00e1m\u00e9 vyhl\u00eddkov\u00e9 v\u011b\u017ee&nbsp;<b>Pyramidenkogel.<\/b> V\u011b\u017e je 100 metr\u016f vysok\u00e1 a poskytuje n\u00e1dhern\u00fd v\u00fdhled jak na samotn\u00e9 jezero, tak na okoln\u00ed horskou krajinu. Nahoru m\u016f\u017eete vyj\u00edt p\u011b\u0161ky nebo vyjet v\u00fdtahem. Pro cestu dol\u016f m\u016f\u017eete zvolit v\u00edce variant. <strong>Asi tou nej\u017e\u00e1dan\u011bj\u0161\u00ed a d\u011btmi nejobl\u00edben\u011bj\u0161\u00ed variantou je tobog\u00e1n o d\u00e9lce 120 metr\u016f.<\/strong> Sklouznut\u00ed trv\u00e1 necel\u00fdch 30 sekund a rozhodn\u011b zaji\u0161\u0165uje nezapomenuteln\u00fd z\u00e1\u017eitek. Pokud zatou\u017e\u00edte po v\u011bt\u0161\u00edm adrenalinu, pak posledn\u00ed variantou cesty dol\u016f je sla\u0148ov\u00e1n\u00ed. Dal\u0161\u00ed informace spojen\u00e9 s n\u00e1v\u0161t\u011bvou t\u00e9to v\u011b\u017ee z\u00edsk\u00e1te na str\u00e1nk\u00e1ch&nbsp;<strong><a rel=\"noopener noreferrer\" href=\"https:\/\/www.pyramidenkogel.info\/\" target=\"_blank\">pyramidenkogel.info<\/a><\/strong><\/p>\n\n\n\n<figure class=\"wp-block-image size-large\"><img loading=\"lazy\" decoding=\"async\" width=\"1280\" height=\"853\" src=\"https:\/\/all4camper.com\/\/wp-content\/uploads\/2019\/12\/pyramidenkogel-4582252_1280.jpg\" alt=\"\" class=\"wp-image-83437\" srcset=\"https:\/\/all4camper.com\/wp-content\/uploads\/2019\/12\/pyramidenkogel-4582252_1280.jpg 1280w, https:\/\/all4camper.com\/wp-content\/uploads\/2019\/12\/pyramidenkogel-4582252_1280-300x200.jpg 300w, https:\/\/all4camper.com\/wp-content\/uploads\/2019\/12\/pyramidenkogel-4582252_1280-150x100.jpg 150w, https:\/\/all4camper.com\/wp-content\/uploads\/2019\/12\/pyramidenkogel-4582252_1280-768x512.jpg 768w\" sizes=\"auto, (max-width: 1280px) 100vw, 1280px\" \/><\/figure>\n\n\n\n<p><strong>Dal\u0161\u00ed okru\u017en\u00ed cyklostezka u jezera je <a href=\"https:\/\/www.woerthersee.com\/de\/tourenportal-woerthersee-wandern-laufen-rad\/#cat=Radfahren&amp;fu=1&amp;ipd=15355595&amp;ov=cycling&amp;zc=12,13.94199,46.62174\">Schl\u00f6sser cyklostezka &#8211; cyklostezka mezi hrady<\/a><\/strong><\/p>\n\n\n\n<div class=\"wp-block-image wp-image-68542 size-full\"><figure class=\"aligncenter\"><img loading=\"lazy\" decoding=\"async\" width=\"605\" height=\"400\" src=\"https:\/\/all4camper.com\/\/wp-content\/uploads\/2018\/08\/velden.jpg\" alt=\"\" class=\"wp-image-68542\" srcset=\"https:\/\/all4camper.com\/wp-content\/uploads\/2018\/08\/velden.jpg 605w, https:\/\/all4camper.com\/wp-content\/uploads\/2018\/08\/velden-300x198.jpg 300w, https:\/\/all4camper.com\/wp-content\/uploads\/2018\/08\/velden-150x99.jpg 150w\" sizes=\"auto, (max-width: 605px) 100vw, 605px\" \/><figcaption>K\u00e4rnten Werbung, hrad Velden<\/figcaption><\/figure><\/div>\n\n\n\n<p>D\u00e9lka stezky je necel\u00fdch 30 km s pl\u00e1novanou dobou j\u00edzdy 2,5 hodiny. Po cest\u011b pojedete kolem hrad\u016f&nbsp;<b>Damtschach, Wernberg, Rosegg a Velden, z\u00e1rove\u0148 uvid\u00edte je\u0161t\u011b dal\u0161\u00edch&nbsp;22 men\u0161\u00edch pam\u00e1tek.<\/b> Pro d\u011bti bude nejv\u011bt\u0161\u00ed odm\u011bna u hradu Rosegg, kde mohou nav\u0161t\u00edvit <strong>divok\u00fd zv\u00ed\u0159ec\u00ed zoopark s bizony<\/strong>, jeleny a dal\u0161\u00edmi zv\u00ed\u0159aty, d\u00e1le pak malou zoo, d\u011btsk\u00e9 h\u0159i\u0161t\u011b \u010di z\u00e1meck\u00fd labyrint. V\u00edce informac\u00ed najdete <strong><a rel=\"noopener noreferrer\" href=\"http:\/\/www.rosegg.at\/\" target=\"_blank\">ZDE<\/a><\/strong>. <strong>Za\u010d\u00e1tek trasy:&nbsp;<\/strong>Turistick\u00e9 informa\u010dn\u00ed st\u0159edisko Velden (46.613622 N 14.036429 E). <strong><a rel=\"noopener noreferrer\" href=\"https:\/\/www.woerthersee.com\/de\/tourenportal-woerthersee-wandern-laufen-rad\/#cat=Radfahren&amp;dm=1&amp;dmdtab=oax-tab1&amp;fu=1&amp;ipd=15355595&amp;ov=cycling&amp;zc=12,13.94199,46.62174\" target=\"_blank\">Zobrazit trasu<\/a><\/strong><\/p>\n\n\n\n<p><strong>Trasa:<\/strong>&nbsp;Velden &#8211; Weinzierl &#8211; Kantnig &#8211; Terlach &#8211; hrad Damtschach &#8211; Wernberg &#8211; hrad Wernberg &#8211; Drauradweg &#8211; F\u00f6derlach &#8211; Wudmath &#8211; Drava &#8211; p\u0159ehrada elektr\u00e1rna Rosegg &#8211; Rosegg &#8211; Labyrint Rosegg &#8211; Rosegg hrad &#8211; Selpritsch &#8211; Velden<\/p>\n\n\n\n<p><strong>Okru\u017en\u00ed trasa <a rel=\"noopener noreferrer\" href=\"https:\/\/www.woerthersee.com\/de\/tourenportal-woerthersee-wandern-laufen-rad\/#cat=Radfahren&amp;fu=1&amp;ipd=2809653&amp;ov=cycling&amp;zc=12,13.94199,46.62197\" target=\"_blank\">W\u00f6rthersee &#8211; Faaker See<\/a><\/strong><\/p>\n\n\n\n<p>Na t\u00e9to trase pojedete kolem p\u0159\u00edrodn\u00ed rezervace&nbsp;Faaker See,&nbsp;Keltsk\u00e9ho sv\u011bta (info <a rel=\"noopener noreferrer\" href=\"http:\/\/www.keltenwelt.at\/\" target=\"_blank\">ZDE<\/a>), a op\u011bt hradu, divok\u00e9ho zooparku a labyrintu v&nbsp;Roseggu. <strong>Celkov\u00e1 d\u00e9lka trasy \u010din\u00ed 35,4 km a doba j\u00edzdy je 3,5 hod<\/strong>. Za\u010d\u00e1tek trasy:<strong>&nbsp;<\/strong>Turistick\u00e9 informa\u010dn\u00ed st\u0159edisko Velden (46.613622 N 14.036429 E). <a rel=\"noopener noreferrer\" href=\"https:\/\/www.woerthersee.com\/de\/tourenportal-woerthersee-wandern-laufen-rad\/#cat=Radfahren&amp;dm=1&amp;fu=1&amp;ipd=2809653&amp;ov=cycling&amp;zc=12,13.94199,46.62197\" target=\"_blank\"><strong>Zobrazit trasu<\/strong><\/a><\/p>\n\n\n\n<p><strong>Trasa:<\/strong>&nbsp;Velden &#8211; Lind ob Velden &#8211; F\u00f6derliach &#8211; Graschitz &#8211; St. Niklas &#8211; tympanon &#8211; Egg &#8211; Drobollach &#8211; Faak &#8211; Egg &#8211; Ledenitzen &#8211; Unterferlach &#8211; Pirk &#8211; Raun &#8211; Dolintschach &#8211; M\u00fchlbach &#8211; \u017e\u00e1ba &#8211; Selpritsch &#8211; Velden<\/p>\n\n\n\n<figure class=\"wp-block-image size-large\"><img loading=\"lazy\" decoding=\"async\" width=\"1024\" height=\"681\" src=\"https:\/\/all4camper.com\/\/wp-content\/uploads\/2019\/12\/2011.jpg\" alt=\"\" class=\"wp-image-83440\" srcset=\"https:\/\/all4camper.com\/wp-content\/uploads\/2019\/12\/2011.jpg 1024w, https:\/\/all4camper.com\/wp-content\/uploads\/2019\/12\/2011-300x200.jpg 300w, https:\/\/all4camper.com\/wp-content\/uploads\/2019\/12\/2011-150x100.jpg 150w, https:\/\/all4camper.com\/wp-content\/uploads\/2019\/12\/2011-768x511.jpg 768w\" sizes=\"auto, (max-width: 1024px) 100vw, 1024px\" \/><figcaption> <em>&nbsp;<\/em> K\u00e4rnten Werbung, <em>fotograf: STUDIOHORST<\/em> <\/figcaption><\/figure>\n\n\n\n<p>Mnoho dal\u0161\u00edch tras, zejm\u00e9na vhodn\u00fdch pro silni\u010dn\u00ed a horskou cyklistiku, si <strong>zobraz\u00edte na <a href=\"https:\/\/www.woerthersee.com\/de\/radfahren-am-woerthersee\/#cat=Rennrad&amp;fu=1&amp;zc=11,14.05632,46.65321\" target=\"_blank\" rel=\"noopener noreferrer\">t\u00e9to str\u00e1nce<\/a> s p\u0159ednastaven\u00fdm filtrov\u00e1n\u00edm<\/strong>, kter\u00e9 si samoz\u0159ejm\u011b m\u016f\u017eete upravit vpravo naho\u0159e dle sv\u00fdch po\u017eadavk\u016f.<\/p>\n\n\n\n<h4 class=\"wp-block-heading\"><strong>A kde v t\u00e9to oblasti kempovat?<\/strong><\/h4>\n\n\n\n<p><strong>Pension-Appartement-Camping , Valentinitsch<\/strong><\/p>\n\n\n\n<p>Kemp najdete u nedalek\u00e9ho jezera Keutschacher See. Sv\u00fdm host\u016fm nab\u00edz\u00ed pro kempov\u00e1n\u00ed kr\u00e1snou kempovac\u00ed louku, \u010dist\u00e9 a udr\u017eovan\u00e9 soci\u00e1ln\u00ed za\u0159\u00edzen\u00ed a pohodu rodinn\u00e9ho kempu.&nbsp; V nab\u00eddce ubytov\u00e1n\u00ed je i mo\u017enost pron\u00e1jmu apartm\u00e1n\u016f, nebo pokoj\u016f. <a rel=\"noopener noreferrer\" href=\"https:\/\/goo.gl\/maps\/CZhohtxjU312\" target=\"_blank\">Zobrazit na map\u011b<\/a><\/p>\n\n\n\n<p><strong>Camping Klagenfurt am W\u00f6rthersee<\/strong><\/p>\n\n\n\n<p>Tento kemp najdete p\u0159\u00edmo u jezera&nbsp;W\u00f6rthersee, jen 10 minut ch\u016fze od centra m\u011bsta Klagenfurt a pat\u0159\u00ed mezi nejv\u011bt\u0161\u00ed kempy v Korutanech. V kempu samoz\u0159ejm\u011b nechyb\u00ed plnohodnotn\u00e9 vybaven\u00ed pro kempov\u00e1n\u00ed, d\u011btsk\u00e9 h\u0159i\u0161t\u011b, ob\u0159\u00ed sk\u00e1kac\u00ed trampol\u00edna a mnoho dal\u0161\u00edho. <a rel=\"noopener noreferrer\" href=\"http:\/\/www.camping-woerthersee.at\/\" target=\"_blank\">camping-woerthersee.at<\/a>, <a rel=\"noopener noreferrer\" href=\"https:\/\/goo.gl\/maps\/igsCBABKy2N2\" target=\"_blank\">Zobrazit na map\u011b<\/a><\/p>\n\n\n\n<p><strong>White Horse Inn at Lake W\u00f6rthersee<\/strong><\/p>\n\n\n\n<p>Dal\u0161\u00edm kempem nach\u00e1zej\u00edc\u00edm se p\u0159\u00edmo u tohoto jezera je White Horse Inn. V nab\u00eddce ubytov\u00e1n\u00ed, krom\u011b kempovac\u00ed louky najdete i mo\u017enost pron\u00e1jmu apartm\u00e1n\u016f a mobiln\u00edch domk\u016f. Kemp m\u00e1 u jezera svou slune\u010dn\u00ed terasu s p\u0159\u00edm\u00fdm vstupem do vody. <a rel=\"noopener noreferrer\" href=\"http:\/\/www.weisses-roessl-camping.at\/de\/campingplatz\" target=\"_blank\">weisses-roessl-camping.at<\/a>, <a rel=\"noopener noreferrer\" href=\"https:\/\/goo.gl\/maps\/ZvXubxxi17k\" target=\"_blank\">Zobrazit na map\u011b<\/a><\/p>\n\n\n\n<p><strong>Jste-li vyznava\u010di FKK (natur) kempov\u00e1n\u00ed, pak by V\u00e1s mohla zaujmout nab\u00eddka kempu:<\/strong> FKK Camping M\u00fcllerhof &#8211;&nbsp;<a rel=\"noopener noreferrer\" href=\"http:\/\/fkk-camping.at\/\" target=\"_blank\">fkk-camping.at<\/a>, FKK Gro\u00dfcamping Sabotnik &#8211;&nbsp;<a rel=\"noopener noreferrer\" href=\"http:\/\/fkk-sabotnik.at\" target=\"_blank\">fkk-sabotnik.at<\/a>, FKK Camping v Turkwiese &#8211; <a rel=\"noopener noreferrer\" href=\"http:\/\/www.klb.at\/cms\/\" target=\"_blank\">klb.at<\/a>, FKK Camping Tigringer See &#8211;&nbsp;<a rel=\"noopener noreferrer\" href=\"http:\/\/www.tigring.at\/\" target=\"_blank\">tigring.at<\/a><\/p>\n","protected":false},"excerpt":{"rendered":"<p>Jezero&nbsp;W\u00f6rthersee je nejv\u011bt\u0161\u00edm jezerem v jihorakousk\u00fdch Korutanech a p\u00e1t\u00fdm nejv\u011bt\u0161\u00edm v Rakousku. Jeho d\u00e9lka \u010din\u00ed 16,5 km a&nbsp;s m\u011bstem Klagenfurt je spojeno vodn\u00edm kan\u00e1lem, po kter\u00e9m jezd\u00ed v\u00fdletn\u00ed lod\u011b. D\u00edky jeho teplot\u011b, kter\u00e1 v letn\u00edch hork\u00fdch dnech dosahuje a\u017e 28\u00b0C a t\u0159pytiv\u011b modr\u00e9mu, m\u00edsty a\u017e tyrkysov\u00e9mu zabarven\u00ed a \u00fa\u017easn\u00e9 atmosf\u00e9\u0159e panuj\u00edc\u00ed po cel\u00e9m jeho pob\u0159e\u017e\u00ed, [&hellip;]<\/p>\n","protected":false},"author":4,"featured_media":83441,"comment_status":"closed","ping_status":"closed","sticky":false,"template":"","format":"standard","meta":{"_monsterinsights_skip_tracking":false,"_monsterinsights_sitenote_active":false,"_monsterinsights_sitenote_note":"","_monsterinsights_sitenote_category":0,"footnotes":""},"categories":[2379],"tags":[105],"class_list":{"0":"post-68469","1":"post","2":"type-post","3":"status-publish","4":"format-standard","5":"has-post-thumbnail","7":"category-kempujeme-a-cestujeme-v-rakousku","8":"tag-rakousko"},"yoast_head":"<!-- This site is optimized with the Yoast SEO plugin v27.5 - https:\/\/yoast.com\/product\/yoast-seo-wordpress\/ -->\n<title>Cyklostezky u rakousk\u00e9ho Karibiku \u2013 jezera W\u00f6rthersee<\/title>\n<meta name=\"description\" content=\"All4Camper - Cyklostezky u rakousk\u00e9ho Karibiku - jezera W\u00f6rthersee\" \/>\n<meta name=\"robots\" content=\"index, follow, max-snippet:-1, max-image-preview:large, max-video-preview:-1\" \/>\n<link rel=\"canonical\" href=\"https:\/\/all4camper.com\/cs\/cyklostezky-u-rakouskeho-karibiku-jezera-worthersee\/\" \/>\n<meta property=\"og:locale\" content=\"cs_CZ\" \/>\n<meta property=\"og:type\" content=\"article\" \/>\n<meta property=\"og:title\" content=\"Cyklostezky u rakousk\u00e9ho Karibiku \u2013 jezera W\u00f6rthersee\" \/>\n<meta property=\"og:description\" content=\"All4Camper - Cyklostezky u rakousk\u00e9ho Karibiku - jezera W\u00f6rthersee\" \/>\n<meta property=\"og:url\" content=\"https:\/\/all4camper.com\/cs\/cyklostezky-u-rakouskeho-karibiku-jezera-worthersee\/\" \/>\n<meta property=\"og:site_name\" content=\"All4Camper\" \/>\n<meta property=\"article:published_time\" content=\"2018-08-14T08:46:45+00:00\" \/>\n<meta property=\"article:modified_time\" content=\"2020-04-21T10:49:20+00:00\" \/>\n<meta property=\"og:image\" content=\"https:\/\/all4camper.com\/\/wp-content\/uploads\/2018\/08\/jezero-W\u00f6rthersee_FB.png\" \/>\n<meta name=\"author\" content=\"Kl\u00e1ra H\u00e1jkov\u00e1\" \/>\n<meta name=\"twitter:card\" content=\"summary_large_image\" \/>\n<meta name=\"twitter:label1\" content=\"Napsal(a)\" \/>\n\t<meta name=\"twitter:data1\" content=\"Kl\u00e1ra H\u00e1jkov\u00e1\" \/>\n\t<meta name=\"twitter:label2\" content=\"Odhadovan\u00e1 doba \u010dten\u00ed\" \/>\n\t<meta name=\"twitter:data2\" content=\"5 minut\" \/>\n<script type=\"application\/ld+json\" class=\"yoast-schema-graph\">{\"@context\":\"https:\\\/\\\/schema.org\",\"@graph\":[{\"@type\":\"Article\",\"@id\":\"https:\\\/\\\/all4camper.com\\\/cs\\\/cyklostezky-u-rakouskeho-karibiku-jezera-worthersee\\\/#article\",\"isPartOf\":{\"@id\":\"https:\\\/\\\/all4camper.com\\\/cs\\\/cyklostezky-u-rakouskeho-karibiku-jezera-worthersee\\\/\"},\"author\":{\"name\":\"Kl\u00e1ra H\u00e1jkov\u00e1\",\"@id\":\"https:\\\/\\\/all4camper.com\\\/cs\\\/#\\\/schema\\\/person\\\/c6f1efdf1d02bc7d8c53a891cbe18c62\"},\"headline\":\"Cyklostezky u rakousk\u00e9ho Karibiku &#8211; jezera W\u00f6rthersee\",\"datePublished\":\"2018-08-14T08:46:45+00:00\",\"dateModified\":\"2020-04-21T10:49:20+00:00\",\"mainEntityOfPage\":{\"@id\":\"https:\\\/\\\/all4camper.com\\\/cs\\\/cyklostezky-u-rakouskeho-karibiku-jezera-worthersee\\\/\"},\"wordCount\":972,\"publisher\":{\"@id\":\"https:\\\/\\\/all4camper.com\\\/cs\\\/#organization\"},\"image\":{\"@id\":\"https:\\\/\\\/all4camper.com\\\/cs\\\/cyklostezky-u-rakouskeho-karibiku-jezera-worthersee\\\/#primaryimage\"},\"thumbnailUrl\":\"https:\\\/\\\/all4camper.com\\\/wp-content\\\/uploads\\\/2018\\\/08\\\/jezero-W\u00f6rthersee.png\",\"keywords\":[\"Rakousko\"],\"articleSection\":[\"Kempujeme a cestujeme v Rakousku\"],\"inLanguage\":\"cs\"},{\"@type\":\"WebPage\",\"@id\":\"https:\\\/\\\/all4camper.com\\\/cs\\\/cyklostezky-u-rakouskeho-karibiku-jezera-worthersee\\\/\",\"url\":\"https:\\\/\\\/all4camper.com\\\/cs\\\/cyklostezky-u-rakouskeho-karibiku-jezera-worthersee\\\/\",\"name\":\"Cyklostezky u rakousk\u00e9ho Karibiku \u2013 jezera W\u00f6rthersee\",\"isPartOf\":{\"@id\":\"https:\\\/\\\/all4camper.com\\\/cs\\\/#website\"},\"primaryImageOfPage\":{\"@id\":\"https:\\\/\\\/all4camper.com\\\/cs\\\/cyklostezky-u-rakouskeho-karibiku-jezera-worthersee\\\/#primaryimage\"},\"image\":{\"@id\":\"https:\\\/\\\/all4camper.com\\\/cs\\\/cyklostezky-u-rakouskeho-karibiku-jezera-worthersee\\\/#primaryimage\"},\"thumbnailUrl\":\"https:\\\/\\\/all4camper.com\\\/wp-content\\\/uploads\\\/2018\\\/08\\\/jezero-W\u00f6rthersee.png\",\"datePublished\":\"2018-08-14T08:46:45+00:00\",\"dateModified\":\"2020-04-21T10:49:20+00:00\",\"description\":\"All4Camper - Cyklostezky u rakousk\u00e9ho Karibiku - jezera W\u00f6rthersee\",\"breadcrumb\":{\"@id\":\"https:\\\/\\\/all4camper.com\\\/cs\\\/cyklostezky-u-rakouskeho-karibiku-jezera-worthersee\\\/#breadcrumb\"},\"inLanguage\":\"cs\",\"potentialAction\":[{\"@type\":\"ReadAction\",\"target\":[\"https:\\\/\\\/all4camper.com\\\/cs\\\/cyklostezky-u-rakouskeho-karibiku-jezera-worthersee\\\/\"]}]},{\"@type\":\"ImageObject\",\"inLanguage\":\"cs\",\"@id\":\"https:\\\/\\\/all4camper.com\\\/cs\\\/cyklostezky-u-rakouskeho-karibiku-jezera-worthersee\\\/#primaryimage\",\"url\":\"https:\\\/\\\/all4camper.com\\\/wp-content\\\/uploads\\\/2018\\\/08\\\/jezero-W\u00f6rthersee.png\",\"contentUrl\":\"https:\\\/\\\/all4camper.com\\\/wp-content\\\/uploads\\\/2018\\\/08\\\/jezero-W\u00f6rthersee.png\",\"width\":1200,\"height\":799},{\"@type\":\"BreadcrumbList\",\"@id\":\"https:\\\/\\\/all4camper.com\\\/cs\\\/cyklostezky-u-rakouskeho-karibiku-jezera-worthersee\\\/#breadcrumb\",\"itemListElement\":[{\"@type\":\"ListItem\",\"position\":1,\"name\":\"Dom\u016f\",\"item\":\"https:\\\/\\\/all4camper.com\\\/cs\\\/\"},{\"@type\":\"ListItem\",\"position\":2,\"name\":\"Kempujeme a cestujeme v Rakousku\",\"item\":\"https:\\\/\\\/all4camper.com\\\/cs\\\/category\\\/kempujeme-a-cestujeme-v-rakousku\\\/\"},{\"@type\":\"ListItem\",\"position\":3,\"name\":\"Cyklostezky u rakousk\u00e9ho Karibiku &#8211; jezera W\u00f6rthersee\"}]},{\"@type\":\"WebSite\",\"@id\":\"https:\\\/\\\/all4camper.com\\\/cs\\\/#website\",\"url\":\"https:\\\/\\\/all4camper.com\\\/cs\\\/\",\"name\":\"All4Camper\",\"description\":\"Nejv\u011bt\u0161\u00ed online magaz\u00edn o kempov\u00e1n\u00ed a karavaninku. V\u00edce jak 900 \u010dl\u00e1nk\u016f pln\u00fdch rad a tip\u016f o kempech a kempov\u00e1n\u00ed.\",\"publisher\":{\"@id\":\"https:\\\/\\\/all4camper.com\\\/cs\\\/#organization\"},\"potentialAction\":[{\"@type\":\"SearchAction\",\"target\":{\"@type\":\"EntryPoint\",\"urlTemplate\":\"https:\\\/\\\/all4camper.com\\\/cs\\\/?s={search_term_string}\"},\"query-input\":{\"@type\":\"PropertyValueSpecification\",\"valueRequired\":true,\"valueName\":\"search_term_string\"}}],\"inLanguage\":\"cs\"},{\"@type\":\"Organization\",\"@id\":\"https:\\\/\\\/all4camper.com\\\/cs\\\/#organization\",\"name\":\"All4Camper - kempujeme s Kl\u00e1rou\",\"url\":\"https:\\\/\\\/all4camper.com\\\/cs\\\/\",\"logo\":{\"@type\":\"ImageObject\",\"inLanguage\":\"cs\",\"@id\":\"https:\\\/\\\/all4camper.com\\\/cs\\\/#\\\/schema\\\/logo\\\/image\\\/\",\"url\":\"https:\\\/\\\/all4camper.com\\\/wp-content\\\/uploads\\\/2018\\\/09\\\/novelogo.png\",\"contentUrl\":\"https:\\\/\\\/all4camper.com\\\/wp-content\\\/uploads\\\/2018\\\/09\\\/novelogo.png\",\"width\":1520,\"height\":600,\"caption\":\"All4Camper - kempujeme s Kl\u00e1rou\"},\"image\":{\"@id\":\"https:\\\/\\\/all4camper.com\\\/cs\\\/#\\\/schema\\\/logo\\\/image\\\/\"}},{\"@type\":\"Person\",\"@id\":\"https:\\\/\\\/all4camper.com\\\/cs\\\/#\\\/schema\\\/person\\\/c6f1efdf1d02bc7d8c53a891cbe18c62\",\"name\":\"Kl\u00e1ra H\u00e1jkov\u00e1\",\"sameAs\":[\"http:\\\/\\\/www.all4camper.com\"],\"url\":\"https:\\\/\\\/all4camper.com\\\/cs\\\/author\\\/klarinkacestuje1\\\/\"}]}<\/script>\n<!-- \/ Yoast SEO plugin. -->","yoast_head_json":{"title":"Cyklostezky u rakousk\u00e9ho Karibiku \u2013 jezera W\u00f6rthersee","description":"All4Camper - Cyklostezky u rakousk\u00e9ho Karibiku - jezera W\u00f6rthersee","robots":{"index":"index","follow":"follow","max-snippet":"max-snippet:-1","max-image-preview":"max-image-preview:large","max-video-preview":"max-video-preview:-1"},"canonical":"https:\/\/all4camper.com\/cs\/cyklostezky-u-rakouskeho-karibiku-jezera-worthersee\/","og_locale":"cs_CZ","og_type":"article","og_title":"Cyklostezky u rakousk\u00e9ho Karibiku \u2013 jezera W\u00f6rthersee","og_description":"All4Camper - Cyklostezky u rakousk\u00e9ho Karibiku - jezera W\u00f6rthersee","og_url":"https:\/\/all4camper.com\/cs\/cyklostezky-u-rakouskeho-karibiku-jezera-worthersee\/","og_site_name":"All4Camper","article_published_time":"2018-08-14T08:46:45+00:00","article_modified_time":"2020-04-21T10:49:20+00:00","og_image":[{"url":"https:\/\/all4camper.com\/\/wp-content\/uploads\/2018\/08\/jezero-W\u00f6rthersee_FB.png","type":"","width":"","height":""}],"author":"Kl\u00e1ra H\u00e1jkov\u00e1","twitter_card":"summary_large_image","twitter_misc":{"Napsal(a)":"Kl\u00e1ra H\u00e1jkov\u00e1","Odhadovan\u00e1 doba \u010dten\u00ed":"5 minut"},"schema":{"@context":"https:\/\/schema.org","@graph":[{"@type":"Article","@id":"https:\/\/all4camper.com\/cs\/cyklostezky-u-rakouskeho-karibiku-jezera-worthersee\/#article","isPartOf":{"@id":"https:\/\/all4camper.com\/cs\/cyklostezky-u-rakouskeho-karibiku-jezera-worthersee\/"},"author":{"name":"Kl\u00e1ra H\u00e1jkov\u00e1","@id":"https:\/\/all4camper.com\/cs\/#\/schema\/person\/c6f1efdf1d02bc7d8c53a891cbe18c62"},"headline":"Cyklostezky u rakousk\u00e9ho Karibiku &#8211; jezera W\u00f6rthersee","datePublished":"2018-08-14T08:46:45+00:00","dateModified":"2020-04-21T10:49:20+00:00","mainEntityOfPage":{"@id":"https:\/\/all4camper.com\/cs\/cyklostezky-u-rakouskeho-karibiku-jezera-worthersee\/"},"wordCount":972,"publisher":{"@id":"https:\/\/all4camper.com\/cs\/#organization"},"image":{"@id":"https:\/\/all4camper.com\/cs\/cyklostezky-u-rakouskeho-karibiku-jezera-worthersee\/#primaryimage"},"thumbnailUrl":"https:\/\/all4camper.com\/wp-content\/uploads\/2018\/08\/jezero-W\u00f6rthersee.png","keywords":["Rakousko"],"articleSection":["Kempujeme a cestujeme v Rakousku"],"inLanguage":"cs"},{"@type":"WebPage","@id":"https:\/\/all4camper.com\/cs\/cyklostezky-u-rakouskeho-karibiku-jezera-worthersee\/","url":"https:\/\/all4camper.com\/cs\/cyklostezky-u-rakouskeho-karibiku-jezera-worthersee\/","name":"Cyklostezky u rakousk\u00e9ho Karibiku \u2013 jezera W\u00f6rthersee","isPartOf":{"@id":"https:\/\/all4camper.com\/cs\/#website"},"primaryImageOfPage":{"@id":"https:\/\/all4camper.com\/cs\/cyklostezky-u-rakouskeho-karibiku-jezera-worthersee\/#primaryimage"},"image":{"@id":"https:\/\/all4camper.com\/cs\/cyklostezky-u-rakouskeho-karibiku-jezera-worthersee\/#primaryimage"},"thumbnailUrl":"https:\/\/all4camper.com\/wp-content\/uploads\/2018\/08\/jezero-W\u00f6rthersee.png","datePublished":"2018-08-14T08:46:45+00:00","dateModified":"2020-04-21T10:49:20+00:00","description":"All4Camper - Cyklostezky u rakousk\u00e9ho Karibiku - jezera W\u00f6rthersee","breadcrumb":{"@id":"https:\/\/all4camper.com\/cs\/cyklostezky-u-rakouskeho-karibiku-jezera-worthersee\/#breadcrumb"},"inLanguage":"cs","potentialAction":[{"@type":"ReadAction","target":["https:\/\/all4camper.com\/cs\/cyklostezky-u-rakouskeho-karibiku-jezera-worthersee\/"]}]},{"@type":"ImageObject","inLanguage":"cs","@id":"https:\/\/all4camper.com\/cs\/cyklostezky-u-rakouskeho-karibiku-jezera-worthersee\/#primaryimage","url":"https:\/\/all4camper.com\/wp-content\/uploads\/2018\/08\/jezero-W\u00f6rthersee.png","contentUrl":"https:\/\/all4camper.com\/wp-content\/uploads\/2018\/08\/jezero-W\u00f6rthersee.png","width":1200,"height":799},{"@type":"BreadcrumbList","@id":"https:\/\/all4camper.com\/cs\/cyklostezky-u-rakouskeho-karibiku-jezera-worthersee\/#breadcrumb","itemListElement":[{"@type":"ListItem","position":1,"name":"Dom\u016f","item":"https:\/\/all4camper.com\/cs\/"},{"@type":"ListItem","position":2,"name":"Kempujeme a cestujeme v Rakousku","item":"https:\/\/all4camper.com\/cs\/category\/kempujeme-a-cestujeme-v-rakousku\/"},{"@type":"ListItem","position":3,"name":"Cyklostezky u rakousk\u00e9ho Karibiku &#8211; jezera W\u00f6rthersee"}]},{"@type":"WebSite","@id":"https:\/\/all4camper.com\/cs\/#website","url":"https:\/\/all4camper.com\/cs\/","name":"All4Camper","description":"Nejv\u011bt\u0161\u00ed online magaz\u00edn o kempov\u00e1n\u00ed a karavaninku. V\u00edce jak 900 \u010dl\u00e1nk\u016f pln\u00fdch rad a tip\u016f o kempech a kempov\u00e1n\u00ed.","publisher":{"@id":"https:\/\/all4camper.com\/cs\/#organization"},"potentialAction":[{"@type":"SearchAction","target":{"@type":"EntryPoint","urlTemplate":"https:\/\/all4camper.com\/cs\/?s={search_term_string}"},"query-input":{"@type":"PropertyValueSpecification","valueRequired":true,"valueName":"search_term_string"}}],"inLanguage":"cs"},{"@type":"Organization","@id":"https:\/\/all4camper.com\/cs\/#organization","name":"All4Camper - kempujeme s Kl\u00e1rou","url":"https:\/\/all4camper.com\/cs\/","logo":{"@type":"ImageObject","inLanguage":"cs","@id":"https:\/\/all4camper.com\/cs\/#\/schema\/logo\/image\/","url":"https:\/\/all4camper.com\/wp-content\/uploads\/2018\/09\/novelogo.png","contentUrl":"https:\/\/all4camper.com\/wp-content\/uploads\/2018\/09\/novelogo.png","width":1520,"height":600,"caption":"All4Camper - kempujeme s Kl\u00e1rou"},"image":{"@id":"https:\/\/all4camper.com\/cs\/#\/schema\/logo\/image\/"}},{"@type":"Person","@id":"https:\/\/all4camper.com\/cs\/#\/schema\/person\/c6f1efdf1d02bc7d8c53a891cbe18c62","name":"Kl\u00e1ra H\u00e1jkov\u00e1","sameAs":["http:\/\/www.all4camper.com"],"url":"https:\/\/all4camper.com\/cs\/author\/klarinkacestuje1\/"}]}},"_links":{"self":[{"href":"https:\/\/all4camper.com\/cs\/wp-json\/wp\/v2\/posts\/68469","targetHints":{"allow":["GET"]}}],"collection":[{"href":"https:\/\/all4camper.com\/cs\/wp-json\/wp\/v2\/posts"}],"about":[{"href":"https:\/\/all4camper.com\/cs\/wp-json\/wp\/v2\/types\/post"}],"author":[{"embeddable":true,"href":"https:\/\/all4camper.com\/cs\/wp-json\/wp\/v2\/users\/4"}],"replies":[{"embeddable":true,"href":"https:\/\/all4camper.com\/cs\/wp-json\/wp\/v2\/comments?post=68469"}],"version-history":[{"count":0,"href":"https:\/\/all4camper.com\/cs\/wp-json\/wp\/v2\/posts\/68469\/revisions"}],"wp:featuredmedia":[{"embeddable":true,"href":"https:\/\/all4camper.com\/cs\/wp-json\/wp\/v2\/media\/83441"}],"wp:attachment":[{"href":"https:\/\/all4camper.com\/cs\/wp-json\/wp\/v2\/media?parent=68469"}],"wp:term":[{"taxonomy":"category","embeddable":true,"href":"https:\/\/all4camper.com\/cs\/wp-json\/wp\/v2\/categories?post=68469"},{"taxonomy":"post_tag","embeddable":true,"href":"https:\/\/all4camper.com\/cs\/wp-json\/wp\/v2\/tags?post=68469"}],"curies":[{"name":"wp","href":"https:\/\/api.w.org\/{rel}","templated":true}]}}