{"id":68187,"date":"2018-07-24T16:30:58","date_gmt":"2018-07-24T14:30:58","guid":{"rendered":"https:\/\/all4camper.com\/\/?p=68187"},"modified":"2020-04-21T14:49:02","modified_gmt":"2020-04-21T12:49:02","slug":"putovani-po-recku-obytnym-vozem","status":"publish","type":"post","link":"https:\/\/all4camper.com\/cs\/putovani-po-recku-obytnym-vozem\/","title":{"rendered":"Putov\u00e1n\u00ed obytn\u00fdm vozem po \u0158ecku"},"content":{"rendered":"<p><strong>1.6. \u010ctvrtek <\/strong><\/p>\n<p><span style=\"font-weight: 400;\">Ve\u010der po pr\u00e1ci p\u0159ij\u00ed\u017ed\u00edm vlakem z Prahy (Leo Expres) za man\u017eelkou a d\u011btmi do mal\u00e9 vesni\u010dky pobl\u00ed\u017e Luha\u010dovic, kde stoj\u00ed ji\u017e t\u00fdden na\u0161e obytn\u00e9 auto. Po nalo\u017een\u00ed a dopln\u011bn\u00ed vody se lou\u010d\u00edme s babi\u010dkou a d\u011bdou. Po 21 hodin\u011b vyj\u00ed\u017ed\u00edme sm\u011brem Slovensko a p\u0159es hrani\u010dn\u00ed p\u0159echod Kom\u00e1rno po t\u0159ech hodin\u00e1ch p\u0159ij\u00ed\u017ed\u00edme do <strong>Ma\u010farsk\u00e9ho m\u011bsta Tata<\/strong>. <strong>Zde parkujeme kolem jedn\u00e9 hodiny ve m\u011bst\u011b pobl\u00ed\u017e rybn\u00edka \u00d6reg-to. <\/strong><\/span><\/p>\n<p><span style=\"font-weight: 400;\">Najeto 245 Km, span\u00ed sou\u0159adnice 47\u00b038&#8217;54.3&#8243;N 18\u00b019&#8217;34.8&#8243;E<\/span><\/p>\n<p><strong>2.6. P\u00e1tek <\/strong><\/p>\n<p><span style=\"font-weight: 400;\">Po klidn\u00e9 noci n\u00e1s bud\u00ed na\u0161e Terka (1,5 roku) kolem \u0161est\u00e9 hodiny (a tak to bude ka\u017ed\u00fd dal\u0161\u00ed den&#8230;, aspo\u0148 n\u00e1m nic neute\u010de;-)). <strong>Vyj\u00ed\u017ed\u00edme sm\u011brem hrani\u010dn\u00ed p\u0159echod Ba\u010dki Vinogradi, kter\u00fd je otev\u0159en\u00fd jen p\u0159es den 7-19 hodin.<\/strong> Zde jsme jako jedin\u00e9 auto odbaveni do deseti minut. Ma\u010farsk\u00e9ho celn\u00edka z\u0159ejm\u011b zaj\u00edm\u00e1 na\u0161e koupelna a tak se jde pod\u00edvat dovnit\u0159&#8230; <\/span><\/p>\n<p><span style=\"font-weight: 400;\">Opou\u0161t\u00edme hranice a proj\u00ed\u017ed\u00edme okolo plotu, kter\u00fd byl vytvo\u0159en na pozastaven\u00ed vlny migrant\u016f z Afriky. Zastavujeme na d\u00e1lnici na ob\u011bd a d\u00e1le pokra\u010dujeme cel\u00e9 odpoledne a <strong>ve\u010der do kempu v obci Vranje<\/strong>. <\/span><\/p>\n<p><span style=\"font-weight: 400;\">Najeto 776 Km, span\u00ed sou\u0159adnice 42\u00b030&#8217;24.6&#8243;N 21\u00b054&#8217;20.1&#8243;E<\/span><\/p>\n<p><strong>3.6. Sobota <\/strong><\/p>\n<p><span style=\"font-weight: 400;\">Odjezd sm\u011br Makedonie, hranice op\u011bt celkem v pohod\u011b &#8211; zdr\u017een\u00ed cca 15 minut. V Makedonii dopl\u0148ujeme naftu za p\u0159\u00edjemn\u00fdch 26 K\u010d za litr, jdeme na ob\u011bd cca 250,- K\u010d. <\/span><\/p>\n<p><span style=\"font-weight: 400;\">Po ob\u011bd\u011b odbo\u010dujeme z d\u00e1lnice sm\u011b\u0159uj\u00edc\u00ed na Thessaloniky a <strong>m\u00ed\u0159\u00edme sm\u011brem do \u0158eck\u00fdch hor do oblasti Zagori<\/strong>. <strong>D\u00e1lni\u010dn\u00ed poplatky v Srbsku a Makedonii plat\u00edme kartou a naftu tak\u00e9, v\u0161e bez probl\u00e9m\u016f.<\/strong> <\/span><\/p>\n<p><span style=\"font-weight: 400;\">Hranice Makedonie &#8211; \u0158ecko p\u0159ej\u00ed\u017ed\u00edme u m\u011bsta Bitola E65. A u\u017e jsme v \u0158ecku, v\u0161e jsme projeli na ob\u010dansk\u00fd pr\u016fkaz a to v\u010detn\u011b d\u011bt\u00ed. <strong>Ve\u010der p\u0159ij\u00ed\u017ed\u00edme v hor\u00e1ch k jezeru Techniti Limni Aoou.<\/strong> Zde stoj\u00ed vestavba s Francouzskou pozn\u00e1vac\u00ed zna\u010dkou. K r\u00e1nu se spou\u0161t\u00ed topen\u00ed, jeliko\u017e rann\u00ed teplota dosahuje jen 7 stup\u0148\u016f Celsia. <\/span><\/p>\n<p><span style=\"font-weight: 400;\">Najeto 453 Km, span\u00ed sou\u0159adnice 39\u00b050&#8217;04.3&#8243;N 21\u00b003&#8217;54.5&#8243;E<\/span><\/p>\n<p><strong>4.6. Ned\u011ble <\/strong><\/p>\n<p><span style=\"font-weight: 400;\">R\u00e1no v 8:15 odj\u00ed\u017ed\u00edme. Slun\u00ed\u010dko u\u017e op\u011bt h\u0159eje a my po n\u011bkolika kilometrech serpentinov\u00e9 cesty <strong>v hor\u00e1ch m\u00e1lem p\u0159ejedeme \u017eelvu (tak 30cm velkou)<\/strong>, kter\u00e1 se plou\u017e\u00ed p\u0159es cestu. Okam\u017eit\u011b zastavuji a vyndav\u00e1m \u017eelvu z tr\u00e1vy zp\u011bt na cestu &#8211; d\u011bti jsou nad\u0161en\u00e9&#8230; <\/span><\/p>\n<p><span style=\"font-weight: 400;\">D\u00e1le pokra\u010dujeme p\u0159es hory, cestou se zastav\u00edme v mal\u00e9 vesni\u010dce na n\u00e1m\u011bst\u00ed, kde si d\u00e1v\u00e1me prvn\u00ed frap\u00e9. Pan\u00ed z kav\u00e1rny spojen\u00e9 s m\u00edstn\u00edm obchodem m\u00e1 t\u0159i kluky, jedin\u00e9 d\u011bti co zde vid\u00edme a tak si jdou na\u0161e holky zahr\u00e1t s nimi fotbal na malebn\u00e9m n\u00e1m\u011bst\u00ed\u010dku. Pozd\u011bji se dozv\u00edd\u00e1me, \u017ee jsou zde na pr\u00e1zdnin\u00e1ch a jinak bydl\u00ed v hlavn\u00edm m\u011bst\u011b oblasti Zagori Ioannina. <strong>D\u011bti v \u0158ecku maj\u00ed v l\u00e9t\u011b t\u0159i m\u011bs\u00edce pr\u00e1zdnin &#8230;<\/strong><\/span><\/p>\n<p><span style=\"font-weight: 400;\">Po ob\u011bd\u011b <strong>pokra\u010dujeme na kamenn\u00e9 mosty pobl\u00ed\u017e vesnice Kipoi<\/strong>, prohl\u00eddneme dva nejzn\u00e1m\u011bj\u0161\u00ed a jedeme d\u00e1l na <strong>vyhl\u00eddku do ka\u0148onu Vikos<\/strong> (vesnice s vyhl\u00eddkou Vikos). Na\u0161e cesta pokra\u010duje do dal\u0161\u00ed <strong>malebn\u00e9 vesni\u010dky Papingo, proj\u00ed\u017ed\u00edme p\u0159es mal\u00e9 m\u011bste\u010dko Aristi<\/strong> a n\u00e1hle n\u00e1s \u010dek\u00e1 pravoto\u010div\u00e1 ostr\u00e1 odbo\u010dka na n\u00e1m\u011bst\u00ed.<\/span><\/p>\n<p><img loading=\"lazy\" decoding=\"async\" class=\"size-full wp-image-68206 aligncenter\" src=\"https:\/\/all4camper.com\/\/wp-content\/uploads\/2018\/07\/DSC00380.jpg\" alt=\"\" width=\"533\" height=\"400\" srcset=\"https:\/\/all4camper.com\/wp-content\/uploads\/2018\/07\/DSC00380.jpg 533w, https:\/\/all4camper.com\/wp-content\/uploads\/2018\/07\/DSC00380-300x225.jpg 300w, https:\/\/all4camper.com\/wp-content\/uploads\/2018\/07\/DSC00380-150x113.jpg 150w, https:\/\/all4camper.com\/wp-content\/uploads\/2018\/07\/DSC00380-326x245.jpg 326w, https:\/\/all4camper.com\/wp-content\/uploads\/2018\/07\/DSC00380-80x60.jpg 80w\" sizes=\"auto, (max-width: 533px) 100vw, 533px\" \/><\/p>\n<p><span style=\"font-weight: 400;\">Na\u0161e obytn\u00e9 auto s d\u00e9lkou 7,15m vzbud\u00ed rozruch na zahr\u00e1dce. <strong>Jeliko\u017e jsme moc dlouz\u00ed, tak zaj\u00ed\u017ed\u00edme na zahr\u00e1dku m\u00edstn\u00ed restaurace a\u017e ke stolu host\u016f, kte\u0159\u00ed na n\u00e1s koukaj\u00ed s trochu vyd\u011b\u0161en\u00fdm v\u00fdrazem a tak nev\u00e1h\u00e1m, usm\u011bji se a zam\u00e1v\u00e1m jim.<\/strong> \u00dasm\u011bv n\u00e1m vrac\u00ed a j\u00e1 u\u017e \u0159ad\u00edm zp\u00e1te\u010dku. \u010c\u00ed\u0161n\u00edk vzadu \u010dek\u00e1 s pln\u00fdma rukama tal\u00ed\u0159\u016f a\u017e se vyto\u010d\u00edme a pokra\u010dujeme d\u00e1le. <\/span><\/p>\n<p><span style=\"font-weight: 400;\">\u010cek\u00e1 n\u00e1s p\u0159ejezd p\u0159es \u0159eku po most\u011b tak akor\u00e1t na \u0161\u00ed\u0159ku obytn\u00e9ho vozu a pokra\u010dujeme sedm kilometr\u016f stoup\u00e1n\u00ed po serpentin\u00e1ch na parkovi\u0161t\u011b ve vesni\u010dce Papingo. Ve\u010dern\u00ed proch\u00e1zka vesnic\u00ed je moc p\u0159\u00edjemn\u00e1 a my si op\u011bt d\u00e1v\u00e1me frap\u00e9. P\u0159enocujeme zde na parkovi\u0161ti je\u0161t\u011b s kolegy z Belgie a N\u011bmecka.<\/span><\/p>\n<p><span style=\"font-weight: 400;\">Najeto 105 Km, span\u00ed sou\u0159adnice 39\u00b058&#8217;03.6&#8243;N 20\u00b043&#8217;01.5&#8243;E<\/span><\/p>\n<p><strong>5.6. Pond\u011bl\u00ed <\/strong><\/p>\n<p><span style=\"font-weight: 400;\">Pond\u011bl\u00ed r\u00e1no vyj\u00ed\u017ed\u00edme, cestou \u010dek\u00e1me a\u017e p\u0159ejde st\u00e1do ovc\u00ed na pastvu a okolo m\u011bsta Ioannina <strong>pokra\u010dujeme po d\u00e1lnici na kl\u00e1\u0161tery &#8211; Meteora<\/strong>. Zastavujeme u jednoho z nich a jdeme na prohl\u00eddku. St\u00edh\u00e1me to jen tak tak, otev\u00edrac\u00ed doba je do 16 hodin.<\/span><\/p>\n<p><img loading=\"lazy\" decoding=\"async\" class=\"size-full wp-image-68197 aligncenter\" src=\"https:\/\/all4camper.com\/\/wp-content\/uploads\/2018\/07\/DSC00429.jpg\" alt=\"\" width=\"533\" height=\"400\" srcset=\"https:\/\/all4camper.com\/wp-content\/uploads\/2018\/07\/DSC00429.jpg 533w, https:\/\/all4camper.com\/wp-content\/uploads\/2018\/07\/DSC00429-150x113.jpg 150w, https:\/\/all4camper.com\/wp-content\/uploads\/2018\/07\/DSC00429-300x225.jpg 300w, https:\/\/all4camper.com\/wp-content\/uploads\/2018\/07\/DSC00429-200x150.jpg 200w, https:\/\/all4camper.com\/wp-content\/uploads\/2018\/07\/DSC00429-400x300.jpg 400w, https:\/\/all4camper.com\/wp-content\/uploads\/2018\/07\/DSC00429-326x245.jpg 326w, https:\/\/all4camper.com\/wp-content\/uploads\/2018\/07\/DSC00429-80x60.jpg 80w\" sizes=\"auto, (max-width: 533px) 100vw, 533px\" \/><\/p>\n<p><span style=\"font-weight: 400;\">Kolem 17 hodiny vyj\u00ed\u017ed\u00edme sm\u011br Olympsk\u00e1 rivi\u00e9ra. <strong>Pro tuto noc jsme vybrali kemp nedaleko hradu Platom kter\u00fd vystupuje sm\u011brem k mo\u0159i.<\/strong> <\/span><\/p>\n<p><span style=\"font-weight: 400;\">Najeto 295Km, span\u00ed sou\u0159adnice 40\u00b000&#8217;48.9&#8243;N 22\u00b035&#8217;24.5&#8243;E<\/span><\/p>\n<p><strong>6.6. \u00dater\u00fd <\/strong><\/p>\n<p><span style=\"font-weight: 400;\">Op\u011bt m\u00e1me dopln\u011bnou vodu, vypu\u0161t\u011bn\u00e9 WC a \u0161pinavou vodu a jedeme sm\u011brem Thessaloniki a d\u00e1le pak na <strong>prohl\u00eddku jeskyn\u011b ve vesnici Petralona<\/strong>, kde byla \u00fadajn\u011b nalezena lebka nejstar\u0161\u00edho Evropana &#8230; <\/span><\/p>\n<p><span style=\"font-weight: 400;\">D\u00e1lnice v \u0158ecku jsou placen\u00e9 p\u0159es m\u00fdtnice a na\u0161e sazba se rovn\u00e1 sazb\u011b za autobus. To je jedin\u00e9 m\u00ednus d\u00e1lni\u010dn\u00ed s\u00edt\u011b na severu \u0158ecka, za to se ale vezmeme po n\u00e1dhern\u011b rovn\u00e9m povrchu. <\/span><\/p>\n<p><span style=\"font-weight: 400;\"><strong>Odpoledne jedeme k mo\u0159i na prost\u0159edn\u00ed poloostrov Chalkidiki Sithonii.<\/strong> Zastavujeme na parkovi\u0161ti a sp\u011bch\u00e1me se koupat v mo\u0159i. I d\u011bti se do\u010dkaly vytou\u017een\u00e9ho c\u00edle cesty :-). Nave\u010der lid\u00e9 odj\u00ed\u017ed\u00ed z parkov\u00e1n\u00ed v p\u0159ilehl\u00e9m les\u00edku a my p\u0159esunujeme karavan d\u00e1le od vjezdu sm\u011brem na mal\u00fd kope\u010dek s v\u00fdhledem na mo\u0159e. <\/span><\/p>\n<p><span style=\"font-weight: 400;\"><strong>Na ceduli u vjezdu bylo naps\u00e1no NO CAMPING<\/strong> nicm\u00e9n\u011b je zde Bulharsk\u00e1 pos\u00e1dka Fordu Transit p\u0159ed\u011blan\u00e9ho na bydlen\u00ed a dle jejich sd\u011blen\u00ed sem jezd\u00ed 15 let a nyn\u00ed jsou tady dvan\u00e1ct\u00fdm dnem bez probl\u00e9mu. <strong>\u017didli\u010dky a mark\u00fdzu nevytahujeme, proto\u017ee zde jen parkujeme.<\/strong> <\/span><\/p>\n<p><span style=\"font-weight: 400;\">Najeto 246 Km, span\u00ed sou\u0159adnice 40\u00b011&#8217;36.9&#8243;N 23\u00b048&#8217;24.5&#8243;E<\/span><\/p>\n<p><strong>7.6. St\u0159eda <\/strong><\/p>\n<p><span style=\"font-weight: 400;\">Dopoledne se koupeme v mo\u0159i, d\u00e1me si ob\u011bd a odpoledne jedeme na <strong>ubytov\u00e1n\u00ed do nedalek\u00e9ho kempu<\/strong>. Lou\u010d\u00edme se s Bulharskou pos\u00e1dkou. Mysl\u00edm si, \u017ee jim spadl k\u00e1men ze srdce, kdy\u017e na\u0161e hodn\u011b n\u00e1padn\u00e1 obytka odj\u00ed\u017ed\u00ed z tohoto st\u00e1n\u00ed na divoko. <strong>Parkujeme v kempu Armenistis<\/strong>\u00a0, jdeme se koupat, ale u\u017e v\u00edme, \u017ee dal\u0161\u00ed den pojedeme d\u00e1l (n\u011bjak to nebylo to co jsme hledali&#8230;) <\/span><\/p>\n<p><span style=\"font-weight: 400;\">Najeto 17Km, span\u00ed sou\u0159adnice 40\u00b009&#8217;08.1&#8243;N 23\u00b054&#8217;48.5&#8243;E<\/span><\/p>\n<p><strong>8.6. \u010ctvrtek <\/strong><\/p>\n<p><span style=\"font-weight: 400;\">R\u00e1no pokra\u010dujeme d\u00e1l na jih poloostrova, cestou se zastavujeme ve m\u011bste\u010dku Sarti. Nejprve jdeme k baru na pl\u00e1\u017ei (op\u011bt frap\u00e9) a potom do m\u011bsta na gyros, tzazigi a dal\u0161\u00ed \u0159eck\u00e9 dobroty. Odpoledne jde man\u017eelka s mlad\u0161\u00ed dcerou na n\u00e1kupy. Jeliko\u017e je po ob\u011bd\u011b, tak jde Terezka sp\u00e1t do ko\u010d\u00e1rku a j\u00e1 s Niky zam\u00ed\u0159\u00edm k mo\u0159i. <\/span><\/p>\n<p><span style=\"font-weight: 400;\">P\u0159ej\u00ed\u017ed\u00edme do\u00a0cca kilometr vzd\u00e1len\u00e9ho <strong>kempu Thalattacamp<\/strong> od Kalimitsi. N\u00e1\u0161 p\u016fvodn\u00ed z\u00e1m\u011br t\u0159ech noc\u00ed se po prohl\u00eddce kempu m\u011bn\u00ed na p\u011bt a nakonec odj\u00ed\u017ed\u00edme a\u017e po \u0161esti. Je to super, kdy\u017e se m\u016f\u017eete rozhodnout a\u017e na m\u00edst\u011b &#8211; miluju karavaning :-))<\/span><\/p>\n<p><img loading=\"lazy\" decoding=\"async\" class=\"size-full wp-image-68188 aligncenter\" src=\"https:\/\/all4camper.com\/\/wp-content\/uploads\/2018\/07\/DSC00481.jpg\" alt=\"\" width=\"533\" height=\"400\" srcset=\"https:\/\/all4camper.com\/wp-content\/uploads\/2018\/07\/DSC00481.jpg 533w, https:\/\/all4camper.com\/wp-content\/uploads\/2018\/07\/DSC00481-150x113.jpg 150w, https:\/\/all4camper.com\/wp-content\/uploads\/2018\/07\/DSC00481-300x225.jpg 300w, https:\/\/all4camper.com\/wp-content\/uploads\/2018\/07\/DSC00481-200x150.jpg 200w, https:\/\/all4camper.com\/wp-content\/uploads\/2018\/07\/DSC00481-400x300.jpg 400w, https:\/\/all4camper.com\/wp-content\/uploads\/2018\/07\/DSC00481-326x245.jpg 326w, https:\/\/all4camper.com\/wp-content\/uploads\/2018\/07\/DSC00481-80x60.jpg 80w\" sizes=\"auto, (max-width: 533px) 100vw, 533px\" \/><\/p>\n<p><span style=\"font-weight: 400;\">Span\u00ed sou\u0159adnice 39\u00b059&#8217;16.9&#8243;N 23\u00b059&#8217;13.2&#8243;E<\/span><\/p>\n<p><strong>9.-13.6. P\u00e1tek a\u017e \u00dater\u00fd <\/strong><\/p>\n<p><span style=\"font-weight: 400;\">V t\u011bchto dnech si u\u017e\u00edv\u00e1me mo\u0159e, slunce a ob\u010das i baz\u00e9n v kempu. <strong>Leh\u00e1tka se slune\u010dn\u00edky na pl\u00e1\u017ei jsou v kempu zdarma.<\/strong>\u00a0Ale i na jin\u00fdch m\u00edstech v \u0158ecku obvykle plat\u00ed, \u017ee si sta\u010d\u00ed objednat frap\u00e9 a m\u00e1te slune\u010dn\u00edky zdarma. <\/span><\/p>\n<p><span style=\"font-weight: 400;\">Po ve\u010derech grilujeme a tak\u00e9 jsme r\u00e1di, \u017ee jsme na\u0161li m\u00edsto hned u d\u011btsk\u00e9ho h\u0159i\u0161t\u011b, co\u017e vyhovuje d\u011btem. V kempu je dle m\u00e9ho odhadu 40% n\u00e1v\u0161t\u011bvn\u00edk\u016f z Bulharska a potom ji\u017e tradi\u010dn\u011b n\u011bmeck\u00e9 pos\u00e1dky, d\u00e1le n\u00e1v\u0161t\u011bvn\u00edci z Makedonie a Srbska a tak\u00e9 se zde vyst\u0159\u00eddali \u010dty\u0159i pos\u00e1dky z \u010cesk\u00e9 republiky.\u00a0<\/span><span style=\"font-weight: 400;\">O v\u00edkendu se zaplnily karavany um\u00edst\u011bn\u00e9 na st\u00e1lo hosty z \u0158ecka. <\/span><\/p>\n<p><span style=\"font-weight: 400;\">V ned\u011bli p\u0159es den do 15 hodin pr\u0161\u00ed a tak po ob\u011bd\u011b us\u00edn\u00e1m s d\u011btmi. <strong>Na ve\u010de\u0159i jdeme do nedalek\u00e9ho m\u011bste\u010dka Kalimitsi, je zde nov\u00e1 p\u011b\u0161\u00ed z\u00f3na s n\u011bkolika restauracemi a tak\u00e9 p\u011bkn\u00e1 pl\u00e1\u017e kter\u00e9 dominuje mal\u00fd skalnat\u00fd ostr\u016fvek. Jsou zde tak\u00e9 dva kempy.<\/strong> <\/span><\/p>\n<p><span style=\"font-weight: 400;\">Dal\u0161\u00ed ve\u010der grilujeme a sledujeme jak u karavanu, p\u0159es chodn\u00edk od n\u00e1s, kter\u00fd je zde um\u00edst\u011bn\u00fd nast\u00e1lo, n\u011bkolik zam\u011bstnanc\u016f odchyt\u00e1v\u00e1 hada. Odchyt se po dvou hodin\u00e1ch poda\u0159il a my vid\u00edme asi 40 centimetr\u016f dlouhou zmiji.<\/span><\/p>\n<p><strong>14.6. St\u0159eda <\/strong><\/p>\n<p><span style=\"font-weight: 400;\">Dopoledne jedeme do m\u011bste\u010dka Neos Marmaras, prohl\u00eddka, ob\u011bd a odjezd sm\u011br pl\u00e1\u017ee pobl\u00ed\u017e m\u011bsta Stavros. <strong>Odpoledn\u00ed koup\u00e1n\u00ed pobl\u00ed\u017e m\u011bsta Olympi\u00e1da v n\u00e1dhern\u011b tepl\u00e9m mo\u0159i, ve\u010de\u0159e a odj\u00ed\u017ed\u00edme sm\u011br Bansko v Bulharsku.<\/strong> <\/span><\/p>\n<p><span style=\"font-weight: 400;\">Bansko se nach\u00e1z\u00ed v poho\u0159\u00ed Pirin a \u010dasto se zde po\u0159\u00e1daj\u00ed z\u00e1vody sv\u011btov\u00e9ho poh\u00e1ru v Alpsk\u00e9m ly\u017eov\u00e1n\u00ed. Kolem jeden\u00e1ct\u00e9 hodiny ve\u010der proj\u00ed\u017ed\u00edme m\u011bstem, kde je v centru n\u011bkolik luxusn\u00edch hotel\u016f. My m\u00e1me dle navigace\u00a0nam\u00ed\u0159eno pod horn\u00ed stanici kabinkov\u00e9 lanovky. Dvan\u00e1ct kilometr\u016f vyj\u00ed\u017ed\u00edme asi 30 minut. <\/span><\/p>\n<p><span style=\"font-weight: 400;\"><strong>U lanovky je hl\u00edda\u010d, kter\u00fd n\u00e1s pos\u00edl\u00e1 o dal\u0161\u00ed t\u0159i kilometry v\u00fd\u0161e k chat\u011b s restaurac\u00ed s t\u00edm, \u017ee je tam mo\u017enost parkovat.<\/strong> P\u0159i p\u0159\u00edjezdu zde ji\u017e stoj\u00ed n\u011bmeck\u00e1 pos\u00e1dka obytn\u00e9ho MANu 4&#215;4 a francouzsk\u00e1 vestavba. Cestou m\u00edsty pr\u0161elo, na hranic\u00edch byla fronta kamion\u016f, kterou jsme objeli. <strong>D\u00e1lni\u010dn\u00ed zn\u00e1mku jsme zakoupili na hranic\u00edch za 8\u20ac na t\u00fdden. <\/strong>Zn\u00e1mky v Bulharsku nejsou, jen na d\u00e1lnice, ale tak\u00e9 na cesty prvn\u00edch a n\u011bkde i druh\u00fdch t\u0159\u00edd. <\/span><\/p>\n<p><span style=\"font-weight: 400;\">Najeto 370 Km, span\u00ed sou\u0159adnice 41\u00b045&#8217;59.3&#8243;N 23\u00b025&#8217;29.4&#8243;E<\/span><\/p>\n<p><strong>15.6. \u010ctvrtek <\/strong><\/p>\n<p><span style=\"font-weight: 400;\">R\u00e1no se bud\u00edme v nadmo\u0159sk\u00e9 v\u00fd\u0161ce 1810 m do n\u00e1dhern\u011b slune\u010dn\u00e9ho a sv\u011b\u017e\u00edho dne. <strong>Dopoledn\u00ed proch\u00e1zka v n\u00e1dhern\u00e9 p\u0159\u00edrod\u011b n\u00e1rodn\u00edho parku Pirin<\/strong>. Po dobr\u00e9m ob\u011bd\u011b v jedn\u00e9 z restaurac\u00ed u cesty pokra\u010dujeme okolo Sofie do Srbska a d\u00e1le p\u0159es B\u011blehrad sm\u011br kemp pobl\u00ed\u017e m\u011bsta Novi Sad. <strong>Kolem jeden\u00e1ct\u00e9 parkujeme v kempu, respektive kemp jsme na\u0161li, ale nikde nikdo, jen br\u00e1na je pootev\u0159en\u00e1. Br\u00e1nu otev\u00edr\u00e1m a zaj\u00ed\u017ed\u00edm dovnit\u0159, op\u011bt br\u00e1nu p\u0159iv\u0159u a jdeme sp\u00e1t. <\/strong><\/span><\/p>\n<p><span style=\"font-weight: 400;\">Najeto 625 Km, span\u00ed sou\u0159adnice 41\u00b045&#8217;59.3&#8243;N 23\u00b025&#8217;29.4&#8243;E<\/span><\/p>\n<p><strong>16.6. P\u00e1tek <\/strong><\/p>\n<p><span style=\"font-weight: 400;\">V kempu jsme \u00fapln\u011b sami, jsme po sn\u00eddani a r\u00e1d bych zaplatil a odjel. V okol\u00ed je n\u011bkolik vinic a my se bl\u00ed\u017e\u00edme do m\u011bsta Novi Sad. Zde p\u0159ej\u00ed\u017ed\u00edme p\u0159es Dunaj po vlakov\u00fdch kolej\u00edch jednosm\u011brn\u00fdm mostem. D\u00e1le cesta pokra\u010duje bez probl\u00e9m\u016f a kolem 23 hodiny parkujeme v Z\u00e1b\u0159eze na Morav\u011b, kam jsme pozv\u00e1ni na sobotn\u00ed svatbu a v ned\u011bli p\u0159ij\u00ed\u017ed\u00edme dom\u016f do \u010cel\u00e1kovic. <\/span><\/p>\n<p><strong>Najeto 756 Km <\/strong><\/p>\n<p><strong>Celkem jsme najeli 4500 Km<\/strong><\/p>\n<p>Marek a Vla\u010fka<\/p>\n<p><img loading=\"lazy\" decoding=\"async\" class=\"size-full wp-image-68215 aligncenter\" src=\"https:\/\/all4camper.com\/\/wp-content\/uploads\/2018\/07\/DSC00405.jpg\" alt=\"\" width=\"533\" height=\"400\" srcset=\"https:\/\/all4camper.com\/wp-content\/uploads\/2018\/07\/DSC00405.jpg 533w, https:\/\/all4camper.com\/wp-content\/uploads\/2018\/07\/DSC00405-300x225.jpg 300w, https:\/\/all4camper.com\/wp-content\/uploads\/2018\/07\/DSC00405-150x113.jpg 150w, https:\/\/all4camper.com\/wp-content\/uploads\/2018\/07\/DSC00405-326x245.jpg 326w, https:\/\/all4camper.com\/wp-content\/uploads\/2018\/07\/DSC00405-80x60.jpg 80w\" sizes=\"auto, (max-width: 533px) 100vw, 533px\" \/><\/p>\n<p><img loading=\"lazy\" decoding=\"async\" class=\"size-full wp-image-68224 aligncenter\" src=\"https:\/\/all4camper.com\/\/wp-content\/uploads\/2018\/07\/DSC00450.jpg\" alt=\"\" width=\"533\" height=\"400\" srcset=\"https:\/\/all4camper.com\/wp-content\/uploads\/2018\/07\/DSC00450.jpg 533w, https:\/\/all4camper.com\/wp-content\/uploads\/2018\/07\/DSC00450-150x113.jpg 150w, https:\/\/all4camper.com\/wp-content\/uploads\/2018\/07\/DSC00450-300x225.jpg 300w, https:\/\/all4camper.com\/wp-content\/uploads\/2018\/07\/DSC00450-200x150.jpg 200w, https:\/\/all4camper.com\/wp-content\/uploads\/2018\/07\/DSC00450-400x300.jpg 400w, https:\/\/all4camper.com\/wp-content\/uploads\/2018\/07\/DSC00450-326x245.jpg 326w, https:\/\/all4camper.com\/wp-content\/uploads\/2018\/07\/DSC00450-80x60.jpg 80w\" sizes=\"auto, (max-width: 533px) 100vw, 533px\" \/><\/p>\n<p><img loading=\"lazy\" decoding=\"async\" class=\"size-full wp-image-68233 aligncenter\" src=\"https:\/\/all4camper.com\/\/wp-content\/uploads\/2018\/07\/DSC00454.jpg\" alt=\"\" width=\"533\" height=\"400\" srcset=\"https:\/\/all4camper.com\/wp-content\/uploads\/2018\/07\/DSC00454.jpg 533w, https:\/\/all4camper.com\/wp-content\/uploads\/2018\/07\/DSC00454-150x113.jpg 150w, https:\/\/all4camper.com\/wp-content\/uploads\/2018\/07\/DSC00454-300x225.jpg 300w, https:\/\/all4camper.com\/wp-content\/uploads\/2018\/07\/DSC00454-200x150.jpg 200w, https:\/\/all4camper.com\/wp-content\/uploads\/2018\/07\/DSC00454-400x300.jpg 400w, https:\/\/all4camper.com\/wp-content\/uploads\/2018\/07\/DSC00454-326x245.jpg 326w, https:\/\/all4camper.com\/wp-content\/uploads\/2018\/07\/DSC00454-80x60.jpg 80w\" sizes=\"auto, (max-width: 533px) 100vw, 533px\" \/><\/p>\n<p><img loading=\"lazy\" decoding=\"async\" class=\"size-full wp-image-68242 aligncenter\" src=\"https:\/\/all4camper.com\/\/wp-content\/uploads\/2018\/07\/DSC00520.jpg\" alt=\"\" width=\"533\" height=\"400\" srcset=\"https:\/\/all4camper.com\/wp-content\/uploads\/2018\/07\/DSC00520.jpg 533w, https:\/\/all4camper.com\/wp-content\/uploads\/2018\/07\/DSC00520-150x113.jpg 150w, https:\/\/all4camper.com\/wp-content\/uploads\/2018\/07\/DSC00520-300x225.jpg 300w, https:\/\/all4camper.com\/wp-content\/uploads\/2018\/07\/DSC00520-200x150.jpg 200w, https:\/\/all4camper.com\/wp-content\/uploads\/2018\/07\/DSC00520-400x300.jpg 400w, https:\/\/all4camper.com\/wp-content\/uploads\/2018\/07\/DSC00520-326x245.jpg 326w, https:\/\/all4camper.com\/wp-content\/uploads\/2018\/07\/DSC00520-80x60.jpg 80w\" sizes=\"auto, (max-width: 533px) 100vw, 533px\" \/><\/p>\n<p><img loading=\"lazy\" decoding=\"async\" class=\"size-full wp-image-68260 aligncenter\" src=\"https:\/\/all4camper.com\/\/wp-content\/uploads\/2018\/07\/DSC00539.jpg\" alt=\"\" width=\"533\" height=\"400\" srcset=\"https:\/\/all4camper.com\/wp-content\/uploads\/2018\/07\/DSC00539.jpg 533w, https:\/\/all4camper.com\/wp-content\/uploads\/2018\/07\/DSC00539-150x113.jpg 150w, https:\/\/all4camper.com\/wp-content\/uploads\/2018\/07\/DSC00539-300x225.jpg 300w, https:\/\/all4camper.com\/wp-content\/uploads\/2018\/07\/DSC00539-200x150.jpg 200w, https:\/\/all4camper.com\/wp-content\/uploads\/2018\/07\/DSC00539-400x300.jpg 400w, https:\/\/all4camper.com\/wp-content\/uploads\/2018\/07\/DSC00539-326x245.jpg 326w, https:\/\/all4camper.com\/wp-content\/uploads\/2018\/07\/DSC00539-80x60.jpg 80w\" sizes=\"auto, (max-width: 533px) 100vw, 533px\" \/><\/p>\n<p><img loading=\"lazy\" decoding=\"async\" class=\"size-full wp-image-68251 aligncenter\" src=\"https:\/\/all4camper.com\/\/wp-content\/uploads\/2018\/07\/DSC00535.jpg\" alt=\"\" width=\"533\" height=\"400\" srcset=\"https:\/\/all4camper.com\/wp-content\/uploads\/2018\/07\/DSC00535.jpg 533w, https:\/\/all4camper.com\/wp-content\/uploads\/2018\/07\/DSC00535-150x113.jpg 150w, https:\/\/all4camper.com\/wp-content\/uploads\/2018\/07\/DSC00535-300x225.jpg 300w, https:\/\/all4camper.com\/wp-content\/uploads\/2018\/07\/DSC00535-200x150.jpg 200w, https:\/\/all4camper.com\/wp-content\/uploads\/2018\/07\/DSC00535-400x300.jpg 400w, https:\/\/all4camper.com\/wp-content\/uploads\/2018\/07\/DSC00535-326x245.jpg 326w, https:\/\/all4camper.com\/wp-content\/uploads\/2018\/07\/DSC00535-80x60.jpg 80w\" sizes=\"auto, (max-width: 533px) 100vw, 533px\" \/><\/p>\n<p><img loading=\"lazy\" decoding=\"async\" class=\"size-full wp-image-68269 aligncenter\" src=\"https:\/\/all4camper.com\/\/wp-content\/uploads\/2018\/07\/DSC00545.jpg\" alt=\"\" width=\"533\" height=\"400\" srcset=\"https:\/\/all4camper.com\/wp-content\/uploads\/2018\/07\/DSC00545.jpg 533w, https:\/\/all4camper.com\/wp-content\/uploads\/2018\/07\/DSC00545-300x225.jpg 300w, https:\/\/all4camper.com\/wp-content\/uploads\/2018\/07\/DSC00545-150x113.jpg 150w, https:\/\/all4camper.com\/wp-content\/uploads\/2018\/07\/DSC00545-326x245.jpg 326w, https:\/\/all4camper.com\/wp-content\/uploads\/2018\/07\/DSC00545-80x60.jpg 80w\" sizes=\"auto, (max-width: 533px) 100vw, 533px\" \/><\/p>\n<p><img loading=\"lazy\" decoding=\"async\" class=\"size-full wp-image-68278 aligncenter\" src=\"https:\/\/all4camper.com\/\/wp-content\/uploads\/2018\/07\/WP_20170610_10_11_47_Pro.jpg\" alt=\"\" width=\"712\" height=\"400\" srcset=\"https:\/\/all4camper.com\/wp-content\/uploads\/2018\/07\/WP_20170610_10_11_47_Pro.jpg 712w, https:\/\/all4camper.com\/wp-content\/uploads\/2018\/07\/WP_20170610_10_11_47_Pro-300x169.jpg 300w, https:\/\/all4camper.com\/wp-content\/uploads\/2018\/07\/WP_20170610_10_11_47_Pro-150x84.jpg 150w, https:\/\/all4camper.com\/wp-content\/uploads\/2018\/07\/WP_20170610_10_11_47_Pro-678x381.jpg 678w\" sizes=\"auto, (max-width: 712px) 100vw, 712px\" \/><\/p>\n<p><img loading=\"lazy\" decoding=\"async\" class=\"size-full wp-image-68287 aligncenter\" src=\"https:\/\/all4camper.com\/\/wp-content\/uploads\/2018\/07\/WP_20170610_10_15_23_Pro.jpg\" alt=\"\" width=\"712\" height=\"400\" srcset=\"https:\/\/all4camper.com\/wp-content\/uploads\/2018\/07\/WP_20170610_10_15_23_Pro.jpg 712w, https:\/\/all4camper.com\/wp-content\/uploads\/2018\/07\/WP_20170610_10_15_23_Pro-300x169.jpg 300w, https:\/\/all4camper.com\/wp-content\/uploads\/2018\/07\/WP_20170610_10_15_23_Pro-150x84.jpg 150w, https:\/\/all4camper.com\/wp-content\/uploads\/2018\/07\/WP_20170610_10_15_23_Pro-678x381.jpg 678w\" sizes=\"auto, (max-width: 712px) 100vw, 712px\" \/><\/p>\n","protected":false},"excerpt":{"rendered":"<p>1.6. \u010ctvrtek Ve\u010der po pr\u00e1ci p\u0159ij\u00ed\u017ed\u00edm vlakem z Prahy (Leo Expres) za man\u017eelkou a d\u011btmi do mal\u00e9 vesni\u010dky pobl\u00ed\u017e Luha\u010dovic, kde stoj\u00ed ji\u017e t\u00fdden na\u0161e obytn\u00e9 auto. Po nalo\u017een\u00ed a dopln\u011bn\u00ed vody se lou\u010d\u00edme s babi\u010dkou a d\u011bdou. Po 21 hodin\u011b vyj\u00ed\u017ed\u00edme sm\u011brem Slovensko a p\u0159es hrani\u010dn\u00ed p\u0159echod Kom\u00e1rno po t\u0159ech hodin\u00e1ch p\u0159ij\u00ed\u017ed\u00edme do Ma\u010farsk\u00e9ho [&hellip;]<\/p>\n","protected":false},"author":27,"featured_media":68224,"comment_status":"closed","ping_status":"open","sticky":false,"template":"","format":"standard","meta":{"_monsterinsights_skip_tracking":false,"_monsterinsights_sitenote_active":false,"_monsterinsights_sitenote_note":"","_monsterinsights_sitenote_category":0,"footnotes":""},"categories":[2373],"tags":[110,383,114],"class_list":{"0":"post-68187","1":"post","2":"type-post","3":"status-publish","4":"format-standard","5":"has-post-thumbnail","7":"category-ostatni-zeme","8":"tag-cestopis","9":"tag-ostatni-zeme","10":"tag-recko"},"yoast_head":"<!-- This site is optimized with the Yoast SEO plugin v27.5 - https:\/\/yoast.com\/product\/yoast-seo-wordpress\/ -->\n<title>Putov\u00e1n\u00ed po \u0158ecku obytn\u00fdm vozem<\/title>\n<meta name=\"description\" content=\"All4Camper - Putov\u00e1n\u00ed obytn\u00fdm vozem po \u0158ecku\" \/>\n<meta name=\"robots\" content=\"index, follow, max-snippet:-1, max-image-preview:large, max-video-preview:-1\" \/>\n<link rel=\"canonical\" href=\"https:\/\/all4camper.com\/cs\/putovani-po-recku-obytnym-vozem\/\" \/>\n<meta property=\"og:locale\" content=\"cs_CZ\" \/>\n<meta property=\"og:type\" content=\"article\" \/>\n<meta property=\"og:title\" content=\"Putov\u00e1n\u00ed po \u0158ecku obytn\u00fdm vozem\" \/>\n<meta property=\"og:description\" content=\"All4Camper - Putov\u00e1n\u00ed obytn\u00fdm vozem po \u0158ecku\" \/>\n<meta property=\"og:url\" content=\"https:\/\/all4camper.com\/cs\/putovani-po-recku-obytnym-vozem\/\" \/>\n<meta property=\"og:site_name\" content=\"All4Camper\" \/>\n<meta property=\"article:published_time\" content=\"2018-07-24T14:30:58+00:00\" \/>\n<meta property=\"article:modified_time\" content=\"2020-04-21T12:49:02+00:00\" \/>\n<meta property=\"og:image\" content=\"https:\/\/all4camper.com\/wp-content\/uploads\/2018\/07\/DSC00450.jpg\" \/>\n\t<meta property=\"og:image:width\" content=\"533\" \/>\n\t<meta property=\"og:image:height\" content=\"400\" \/>\n\t<meta property=\"og:image:type\" content=\"image\/jpeg\" \/>\n<meta name=\"author\" content=\"Od na\u0161ich \u010dten\u00e1\u0159\u016f\" \/>\n<meta name=\"twitter:card\" content=\"summary_large_image\" \/>\n<meta name=\"twitter:label1\" content=\"Napsal(a)\" \/>\n\t<meta name=\"twitter:data1\" content=\"Od na\u0161ich \u010dten\u00e1\u0159\u016f\" \/>\n\t<meta name=\"twitter:label2\" content=\"Odhadovan\u00e1 doba \u010dten\u00ed\" \/>\n\t<meta name=\"twitter:data2\" content=\"10 minut\" \/>\n<script type=\"application\/ld+json\" class=\"yoast-schema-graph\">{\"@context\":\"https:\\\/\\\/schema.org\",\"@graph\":[{\"@type\":\"Article\",\"@id\":\"https:\\\/\\\/all4camper.com\\\/cs\\\/putovani-po-recku-obytnym-vozem\\\/#article\",\"isPartOf\":{\"@id\":\"https:\\\/\\\/all4camper.com\\\/cs\\\/putovani-po-recku-obytnym-vozem\\\/\"},\"author\":{\"name\":\"Od na\u0161ich \u010dten\u00e1\u0159\u016f\",\"@id\":\"https:\\\/\\\/all4camper.com\\\/cs\\\/#\\\/schema\\\/person\\\/6e44acf123c404fdffce72310b6e0f1c\"},\"headline\":\"Putov\u00e1n\u00ed obytn\u00fdm vozem po \u0158ecku\",\"datePublished\":\"2018-07-24T14:30:58+00:00\",\"dateModified\":\"2020-04-21T12:49:02+00:00\",\"mainEntityOfPage\":{\"@id\":\"https:\\\/\\\/all4camper.com\\\/cs\\\/putovani-po-recku-obytnym-vozem\\\/\"},\"wordCount\":2010,\"publisher\":{\"@id\":\"https:\\\/\\\/all4camper.com\\\/cs\\\/#organization\"},\"image\":{\"@id\":\"https:\\\/\\\/all4camper.com\\\/cs\\\/putovani-po-recku-obytnym-vozem\\\/#primaryimage\"},\"thumbnailUrl\":\"https:\\\/\\\/all4camper.com\\\/wp-content\\\/uploads\\\/2018\\\/07\\\/DSC00450.jpg\",\"keywords\":[\"Cestopis\",\"Ostatn\u00ed zem\u011b\",\"\u0158ecko\"],\"articleSection\":[\"Ostatn\u00ed zem\u011b\"],\"inLanguage\":\"cs\"},{\"@type\":\"WebPage\",\"@id\":\"https:\\\/\\\/all4camper.com\\\/cs\\\/putovani-po-recku-obytnym-vozem\\\/\",\"url\":\"https:\\\/\\\/all4camper.com\\\/cs\\\/putovani-po-recku-obytnym-vozem\\\/\",\"name\":\"Putov\u00e1n\u00ed po \u0158ecku obytn\u00fdm vozem\",\"isPartOf\":{\"@id\":\"https:\\\/\\\/all4camper.com\\\/cs\\\/#website\"},\"primaryImageOfPage\":{\"@id\":\"https:\\\/\\\/all4camper.com\\\/cs\\\/putovani-po-recku-obytnym-vozem\\\/#primaryimage\"},\"image\":{\"@id\":\"https:\\\/\\\/all4camper.com\\\/cs\\\/putovani-po-recku-obytnym-vozem\\\/#primaryimage\"},\"thumbnailUrl\":\"https:\\\/\\\/all4camper.com\\\/wp-content\\\/uploads\\\/2018\\\/07\\\/DSC00450.jpg\",\"datePublished\":\"2018-07-24T14:30:58+00:00\",\"dateModified\":\"2020-04-21T12:49:02+00:00\",\"description\":\"All4Camper - Putov\u00e1n\u00ed obytn\u00fdm vozem po \u0158ecku\",\"breadcrumb\":{\"@id\":\"https:\\\/\\\/all4camper.com\\\/cs\\\/putovani-po-recku-obytnym-vozem\\\/#breadcrumb\"},\"inLanguage\":\"cs\",\"potentialAction\":[{\"@type\":\"ReadAction\",\"target\":[\"https:\\\/\\\/all4camper.com\\\/cs\\\/putovani-po-recku-obytnym-vozem\\\/\"]}]},{\"@type\":\"ImageObject\",\"inLanguage\":\"cs\",\"@id\":\"https:\\\/\\\/all4camper.com\\\/cs\\\/putovani-po-recku-obytnym-vozem\\\/#primaryimage\",\"url\":\"https:\\\/\\\/all4camper.com\\\/wp-content\\\/uploads\\\/2018\\\/07\\\/DSC00450.jpg\",\"contentUrl\":\"https:\\\/\\\/all4camper.com\\\/wp-content\\\/uploads\\\/2018\\\/07\\\/DSC00450.jpg\",\"width\":533,\"height\":400},{\"@type\":\"BreadcrumbList\",\"@id\":\"https:\\\/\\\/all4camper.com\\\/cs\\\/putovani-po-recku-obytnym-vozem\\\/#breadcrumb\",\"itemListElement\":[{\"@type\":\"ListItem\",\"position\":1,\"name\":\"Dom\u016f\",\"item\":\"https:\\\/\\\/all4camper.com\\\/cs\\\/\"},{\"@type\":\"ListItem\",\"position\":2,\"name\":\"Ostatn\u00ed zem\u011b\",\"item\":\"https:\\\/\\\/all4camper.com\\\/cs\\\/category\\\/ostatni-zeme\\\/\"},{\"@type\":\"ListItem\",\"position\":3,\"name\":\"Putov\u00e1n\u00ed obytn\u00fdm vozem po \u0158ecku\"}]},{\"@type\":\"WebSite\",\"@id\":\"https:\\\/\\\/all4camper.com\\\/cs\\\/#website\",\"url\":\"https:\\\/\\\/all4camper.com\\\/cs\\\/\",\"name\":\"All4Camper\",\"description\":\"Nejv\u011bt\u0161\u00ed online magaz\u00edn o kempov\u00e1n\u00ed a karavaninku. V\u00edce jak 900 \u010dl\u00e1nk\u016f pln\u00fdch rad a tip\u016f o kempech a kempov\u00e1n\u00ed.\",\"publisher\":{\"@id\":\"https:\\\/\\\/all4camper.com\\\/cs\\\/#organization\"},\"potentialAction\":[{\"@type\":\"SearchAction\",\"target\":{\"@type\":\"EntryPoint\",\"urlTemplate\":\"https:\\\/\\\/all4camper.com\\\/cs\\\/?s={search_term_string}\"},\"query-input\":{\"@type\":\"PropertyValueSpecification\",\"valueRequired\":true,\"valueName\":\"search_term_string\"}}],\"inLanguage\":\"cs\"},{\"@type\":\"Organization\",\"@id\":\"https:\\\/\\\/all4camper.com\\\/cs\\\/#organization\",\"name\":\"All4Camper - kempujeme s Kl\u00e1rou\",\"url\":\"https:\\\/\\\/all4camper.com\\\/cs\\\/\",\"logo\":{\"@type\":\"ImageObject\",\"inLanguage\":\"cs\",\"@id\":\"https:\\\/\\\/all4camper.com\\\/cs\\\/#\\\/schema\\\/logo\\\/image\\\/\",\"url\":\"https:\\\/\\\/all4camper.com\\\/wp-content\\\/uploads\\\/2018\\\/09\\\/novelogo.png\",\"contentUrl\":\"https:\\\/\\\/all4camper.com\\\/wp-content\\\/uploads\\\/2018\\\/09\\\/novelogo.png\",\"width\":1520,\"height\":600,\"caption\":\"All4Camper - kempujeme s Kl\u00e1rou\"},\"image\":{\"@id\":\"https:\\\/\\\/all4camper.com\\\/cs\\\/#\\\/schema\\\/logo\\\/image\\\/\"}},{\"@type\":\"Person\",\"@id\":\"https:\\\/\\\/all4camper.com\\\/cs\\\/#\\\/schema\\\/person\\\/6e44acf123c404fdffce72310b6e0f1c\",\"name\":\"Od na\u0161ich \u010dten\u00e1\u0159\u016f\",\"url\":\"https:\\\/\\\/all4camper.com\\\/cs\\\/author\\\/od-nasich-ctenaru\\\/\"}]}<\/script>\n<!-- \/ Yoast SEO plugin. -->","yoast_head_json":{"title":"Putov\u00e1n\u00ed po \u0158ecku obytn\u00fdm vozem","description":"All4Camper - Putov\u00e1n\u00ed obytn\u00fdm vozem po \u0158ecku","robots":{"index":"index","follow":"follow","max-snippet":"max-snippet:-1","max-image-preview":"max-image-preview:large","max-video-preview":"max-video-preview:-1"},"canonical":"https:\/\/all4camper.com\/cs\/putovani-po-recku-obytnym-vozem\/","og_locale":"cs_CZ","og_type":"article","og_title":"Putov\u00e1n\u00ed po \u0158ecku obytn\u00fdm vozem","og_description":"All4Camper - Putov\u00e1n\u00ed obytn\u00fdm vozem po \u0158ecku","og_url":"https:\/\/all4camper.com\/cs\/putovani-po-recku-obytnym-vozem\/","og_site_name":"All4Camper","article_published_time":"2018-07-24T14:30:58+00:00","article_modified_time":"2020-04-21T12:49:02+00:00","og_image":[{"width":533,"height":400,"url":"https:\/\/all4camper.com\/wp-content\/uploads\/2018\/07\/DSC00450.jpg","type":"image\/jpeg"}],"author":"Od na\u0161ich \u010dten\u00e1\u0159\u016f","twitter_card":"summary_large_image","twitter_misc":{"Napsal(a)":"Od na\u0161ich \u010dten\u00e1\u0159\u016f","Odhadovan\u00e1 doba \u010dten\u00ed":"10 minut"},"schema":{"@context":"https:\/\/schema.org","@graph":[{"@type":"Article","@id":"https:\/\/all4camper.com\/cs\/putovani-po-recku-obytnym-vozem\/#article","isPartOf":{"@id":"https:\/\/all4camper.com\/cs\/putovani-po-recku-obytnym-vozem\/"},"author":{"name":"Od na\u0161ich \u010dten\u00e1\u0159\u016f","@id":"https:\/\/all4camper.com\/cs\/#\/schema\/person\/6e44acf123c404fdffce72310b6e0f1c"},"headline":"Putov\u00e1n\u00ed obytn\u00fdm vozem po \u0158ecku","datePublished":"2018-07-24T14:30:58+00:00","dateModified":"2020-04-21T12:49:02+00:00","mainEntityOfPage":{"@id":"https:\/\/all4camper.com\/cs\/putovani-po-recku-obytnym-vozem\/"},"wordCount":2010,"publisher":{"@id":"https:\/\/all4camper.com\/cs\/#organization"},"image":{"@id":"https:\/\/all4camper.com\/cs\/putovani-po-recku-obytnym-vozem\/#primaryimage"},"thumbnailUrl":"https:\/\/all4camper.com\/wp-content\/uploads\/2018\/07\/DSC00450.jpg","keywords":["Cestopis","Ostatn\u00ed zem\u011b","\u0158ecko"],"articleSection":["Ostatn\u00ed zem\u011b"],"inLanguage":"cs"},{"@type":"WebPage","@id":"https:\/\/all4camper.com\/cs\/putovani-po-recku-obytnym-vozem\/","url":"https:\/\/all4camper.com\/cs\/putovani-po-recku-obytnym-vozem\/","name":"Putov\u00e1n\u00ed po \u0158ecku obytn\u00fdm vozem","isPartOf":{"@id":"https:\/\/all4camper.com\/cs\/#website"},"primaryImageOfPage":{"@id":"https:\/\/all4camper.com\/cs\/putovani-po-recku-obytnym-vozem\/#primaryimage"},"image":{"@id":"https:\/\/all4camper.com\/cs\/putovani-po-recku-obytnym-vozem\/#primaryimage"},"thumbnailUrl":"https:\/\/all4camper.com\/wp-content\/uploads\/2018\/07\/DSC00450.jpg","datePublished":"2018-07-24T14:30:58+00:00","dateModified":"2020-04-21T12:49:02+00:00","description":"All4Camper - Putov\u00e1n\u00ed obytn\u00fdm vozem po \u0158ecku","breadcrumb":{"@id":"https:\/\/all4camper.com\/cs\/putovani-po-recku-obytnym-vozem\/#breadcrumb"},"inLanguage":"cs","potentialAction":[{"@type":"ReadAction","target":["https:\/\/all4camper.com\/cs\/putovani-po-recku-obytnym-vozem\/"]}]},{"@type":"ImageObject","inLanguage":"cs","@id":"https:\/\/all4camper.com\/cs\/putovani-po-recku-obytnym-vozem\/#primaryimage","url":"https:\/\/all4camper.com\/wp-content\/uploads\/2018\/07\/DSC00450.jpg","contentUrl":"https:\/\/all4camper.com\/wp-content\/uploads\/2018\/07\/DSC00450.jpg","width":533,"height":400},{"@type":"BreadcrumbList","@id":"https:\/\/all4camper.com\/cs\/putovani-po-recku-obytnym-vozem\/#breadcrumb","itemListElement":[{"@type":"ListItem","position":1,"name":"Dom\u016f","item":"https:\/\/all4camper.com\/cs\/"},{"@type":"ListItem","position":2,"name":"Ostatn\u00ed zem\u011b","item":"https:\/\/all4camper.com\/cs\/category\/ostatni-zeme\/"},{"@type":"ListItem","position":3,"name":"Putov\u00e1n\u00ed obytn\u00fdm vozem po \u0158ecku"}]},{"@type":"WebSite","@id":"https:\/\/all4camper.com\/cs\/#website","url":"https:\/\/all4camper.com\/cs\/","name":"All4Camper","description":"Nejv\u011bt\u0161\u00ed online magaz\u00edn o kempov\u00e1n\u00ed a karavaninku. V\u00edce jak 900 \u010dl\u00e1nk\u016f pln\u00fdch rad a tip\u016f o kempech a kempov\u00e1n\u00ed.","publisher":{"@id":"https:\/\/all4camper.com\/cs\/#organization"},"potentialAction":[{"@type":"SearchAction","target":{"@type":"EntryPoint","urlTemplate":"https:\/\/all4camper.com\/cs\/?s={search_term_string}"},"query-input":{"@type":"PropertyValueSpecification","valueRequired":true,"valueName":"search_term_string"}}],"inLanguage":"cs"},{"@type":"Organization","@id":"https:\/\/all4camper.com\/cs\/#organization","name":"All4Camper - kempujeme s Kl\u00e1rou","url":"https:\/\/all4camper.com\/cs\/","logo":{"@type":"ImageObject","inLanguage":"cs","@id":"https:\/\/all4camper.com\/cs\/#\/schema\/logo\/image\/","url":"https:\/\/all4camper.com\/wp-content\/uploads\/2018\/09\/novelogo.png","contentUrl":"https:\/\/all4camper.com\/wp-content\/uploads\/2018\/09\/novelogo.png","width":1520,"height":600,"caption":"All4Camper - kempujeme s Kl\u00e1rou"},"image":{"@id":"https:\/\/all4camper.com\/cs\/#\/schema\/logo\/image\/"}},{"@type":"Person","@id":"https:\/\/all4camper.com\/cs\/#\/schema\/person\/6e44acf123c404fdffce72310b6e0f1c","name":"Od na\u0161ich \u010dten\u00e1\u0159\u016f","url":"https:\/\/all4camper.com\/cs\/author\/od-nasich-ctenaru\/"}]}},"_links":{"self":[{"href":"https:\/\/all4camper.com\/cs\/wp-json\/wp\/v2\/posts\/68187","targetHints":{"allow":["GET"]}}],"collection":[{"href":"https:\/\/all4camper.com\/cs\/wp-json\/wp\/v2\/posts"}],"about":[{"href":"https:\/\/all4camper.com\/cs\/wp-json\/wp\/v2\/types\/post"}],"author":[{"embeddable":true,"href":"https:\/\/all4camper.com\/cs\/wp-json\/wp\/v2\/users\/27"}],"replies":[{"embeddable":true,"href":"https:\/\/all4camper.com\/cs\/wp-json\/wp\/v2\/comments?post=68187"}],"version-history":[{"count":0,"href":"https:\/\/all4camper.com\/cs\/wp-json\/wp\/v2\/posts\/68187\/revisions"}],"wp:featuredmedia":[{"embeddable":true,"href":"https:\/\/all4camper.com\/cs\/wp-json\/wp\/v2\/media\/68224"}],"wp:attachment":[{"href":"https:\/\/all4camper.com\/cs\/wp-json\/wp\/v2\/media?parent=68187"}],"wp:term":[{"taxonomy":"category","embeddable":true,"href":"https:\/\/all4camper.com\/cs\/wp-json\/wp\/v2\/categories?post=68187"},{"taxonomy":"post_tag","embeddable":true,"href":"https:\/\/all4camper.com\/cs\/wp-json\/wp\/v2\/tags?post=68187"}],"curies":[{"name":"wp","href":"https:\/\/api.w.org\/{rel}","templated":true}]}}