{"id":68101,"date":"2018-07-24T14:11:41","date_gmt":"2018-07-24T12:11:41","guid":{"rendered":"https:\/\/all4camper.com\/\/?p=68101"},"modified":"2019-12-15T14:25:16","modified_gmt":"2019-12-15T13:25:16","slug":"hamburk","status":"publish","type":"post","link":"https:\/\/all4camper.com\/cs\/hamburk\/","title":{"rendered":"Hamburk karavanem"},"content":{"rendered":"<p><strong>\u010ctvrtek: <\/strong><\/p>\n<p><span style=\"font-weight: 400;\">Za\u010d\u00edn\u00e1 prodlou\u017een\u00fd podzimn\u00ed v\u00edkend a tak used\u00e1me do obytn\u00e9ho auta a kolem 17 hodiny vyj\u00ed\u017ed\u00edme sm\u011brem \u00dast\u00ed nad Labem, Dr\u00e1\u017e\u010fany a Magdeburg. <\/span><\/p>\n<p><span style=\"font-weight: 400;\"><strong>Pobl\u00ed\u017e m\u011bsta Magdeburg se nach\u00e1z\u00ed vodn\u00ed d\u00edlo Elbe-Havel Canal, kter\u00e9 spojuje z\u00e1padn\u00ed a v\u00fdchodn\u00ed \u010d\u00e1st N\u011bmecka vodn\u00ed cestou.<\/strong> Zde m\u016f\u017eeme vid\u011bt lod\u011b pluj\u00edc\u00ed kan\u00e1lem vytvo\u0159en\u00fdm p\u0159emost\u011bn\u00edm \u0159eky Labe. V t\u011bsn\u00e9 bl\u00edzkosti tohoto mostu m\u00e1me vyhl\u00e9dnut\u00e9 parkovi\u0161t\u011b a kolem 22 hodiny <strong>zde parkujeme a jdeme sp\u00e1t. N 52*13&#8217;49&#8220; E 11*42&#8217;12&#8220;<\/strong><\/span><\/p>\n<figure id=\"attachment_68102\" aria-describedby=\"caption-attachment-68102\" style=\"width: 533px\" class=\"wp-caption aligncenter\"><img loading=\"lazy\" decoding=\"async\" class=\"wp-image-68102 size-full\" src=\"https:\/\/all4camper.com\/\/wp-content\/uploads\/2018\/07\/IMG_20161029_092809.jpg\" alt=\"\" width=\"533\" height=\"400\" srcset=\"https:\/\/all4camper.com\/wp-content\/uploads\/2018\/07\/IMG_20161029_092809.jpg 533w, https:\/\/all4camper.com\/wp-content\/uploads\/2018\/07\/IMG_20161029_092809-300x225.jpg 300w, https:\/\/all4camper.com\/wp-content\/uploads\/2018\/07\/IMG_20161029_092809-150x113.jpg 150w, https:\/\/all4camper.com\/wp-content\/uploads\/2018\/07\/IMG_20161029_092809-326x245.jpg 326w, https:\/\/all4camper.com\/wp-content\/uploads\/2018\/07\/IMG_20161029_092809-80x60.jpg 80w\" sizes=\"auto, (max-width: 533px) 100vw, 533px\" \/><figcaption id=\"caption-attachment-68102\" class=\"wp-caption-text\">Labe pobl\u00ed\u017e Hamburku<\/figcaption><\/figure>\n<p><strong>P\u00e1tek: <\/strong><\/p>\n<p><span style=\"font-weight: 400;\">R\u00e1no se probouz\u00edme a po sn\u00eddani si jdeme prohl\u00e9dnout vodn\u00ed kan\u00e1l. Je zata\u017eeno a fouk\u00e1 v\u00edtr, tak\u017ee po p\u016fl hodin\u011b vyj\u00ed\u017ed\u00edme sm\u011brem k c\u00edli na\u0161\u00ed cesty. <\/span><\/p>\n<p><span style=\"font-weight: 400;\">Cesta ut\u00edk\u00e1 v pohod\u011b a\u017e ke m\u011bstu Braunschweig, kde stoj\u00edme na d\u00e1lnici\u00a0v z\u00e1cp\u011b. Po 45 minut\u00e1ch jsme se kone\u010dn\u011b dostali k v\u00fdjezdu. <strong>Navigace n\u00e1m ukazuje ekonomickou cestu mimo d\u00e1lnici a tak jedeme krat\u0161\u00ed cestou p\u0159es m\u011bsto Celle.<\/strong> <\/span><\/p>\n<p><span style=\"font-weight: 400;\">Odpoledne p\u0159ij\u00ed\u017ed\u00edme do Hamburku, proj\u00ed\u017ed\u00edme d\u00e1lni\u010dn\u00ed tunel pod Labem, a u\u017e parkujeme u na\u0161ich p\u0159\u00e1tel p\u0159ed domem. <strong>Jdeme na n\u00e1v\u0161t\u011bvu a po ve\u010de\u0159i m\u00ed\u0159\u00edme na 15 km vzd\u00e1len\u00fd STLP u Labe ve m\u011bst\u011b Wedel.<\/strong> Cena za st\u00e1n\u00ed je 10\u20ac +0,50\u20ac za vodu. St\u00e1n\u00ed je kompletn\u011b vybaveno a je tak\u00e9 nedaleko kone\u010dn\u00e9 stanice metra S1 kter\u00fdm je mo\u017enost se po 45 minut\u00e1ch j\u00edzdy dostat do centra Hamburku. <strong>Naproti st\u00e1n\u00ed je tak\u00e9 vnit\u0159n\u00ed\/venkovn\u00ed baz\u00e9n. N 53*34&#8217;43&#8220; E 9*41&#8217;36&#8220;<\/strong> <\/span><\/p>\n<figure id=\"attachment_68111\" aria-describedby=\"caption-attachment-68111\" style=\"width: 712px\" class=\"wp-caption aligncenter\"><img loading=\"lazy\" decoding=\"async\" class=\"wp-image-68111 size-full\" src=\"https:\/\/all4camper.com\/\/wp-content\/uploads\/2018\/07\/WP_20161029_08_56_48_Pro.jpg\" alt=\"\" width=\"712\" height=\"400\" srcset=\"https:\/\/all4camper.com\/wp-content\/uploads\/2018\/07\/WP_20161029_08_56_48_Pro.jpg 712w, https:\/\/all4camper.com\/wp-content\/uploads\/2018\/07\/WP_20161029_08_56_48_Pro-300x169.jpg 300w, https:\/\/all4camper.com\/wp-content\/uploads\/2018\/07\/WP_20161029_08_56_48_Pro-150x84.jpg 150w, https:\/\/all4camper.com\/wp-content\/uploads\/2018\/07\/WP_20161029_08_56_48_Pro-678x381.jpg 678w\" sizes=\"auto, (max-width: 712px) 100vw, 712px\" \/><figcaption id=\"caption-attachment-68111\" class=\"wp-caption-text\">Wedel stellplatz<\/figcaption><\/figure>\n<p><strong>Sobota: <\/strong><\/p>\n<p><span style=\"font-weight: 400;\">Dopoledne se jdeme proj\u00edt k \u0159ece, kde jsme objevili p\u00edse\u010dnou pl\u00e1\u017e a d\u011btsk\u00e9 h\u0159i\u0161t\u011b, kter\u00e9 vyu\u017e\u00edv\u00e1 na\u0161e Niky (4). Terezka (1) klidn\u011b sp\u00ed na \u010derstv\u00e9m vzduchu. <strong>Je kr\u00e1sn\u00e9 podzimn\u00ed dopoledne, n\u011bco kolem 10 stup\u0148\u016f a slune\u010dno. <\/strong><\/span><\/p>\n<p><span style=\"font-weight: 400;\">Na ob\u011bd se vrac\u00edme k p\u0159\u00e1tel\u016fm a <strong>odpoledne jdeme spole\u010dn\u011b do m\u011bstsk\u00e9 \u010d\u00e1sti Blankenese, d\u0159\u00edve ryb\u00e1\u0159sk\u00e9 vesni\u010dky<\/strong>. Posad\u00edme se do jedn\u00e9 z restaurac\u00ed na k\u00e1vu a <strong>d\u00edv\u00e1me se na lod\u011b a tak\u00e9 sm\u011brem na v\u00fdrobn\u00ed a v\u00fdvojov\u00e9 haly spole\u010dnosti Airbus.<\/strong> Zde se vyr\u00e1b\u00ed n\u011bkolik tip\u016f.<\/span><\/p>\n<p><img loading=\"lazy\" decoding=\"async\" class=\"size-full wp-image-68120 aligncenter\" src=\"https:\/\/all4camper.com\/\/wp-content\/uploads\/2018\/07\/WP_20161029_16_53_00_Pro.jpg\" alt=\"\" width=\"712\" height=\"400\" srcset=\"https:\/\/all4camper.com\/wp-content\/uploads\/2018\/07\/WP_20161029_16_53_00_Pro.jpg 712w, https:\/\/all4camper.com\/wp-content\/uploads\/2018\/07\/WP_20161029_16_53_00_Pro-300x169.jpg 300w, https:\/\/all4camper.com\/wp-content\/uploads\/2018\/07\/WP_20161029_16_53_00_Pro-150x84.jpg 150w, https:\/\/all4camper.com\/wp-content\/uploads\/2018\/07\/WP_20161029_16_53_00_Pro-678x381.jpg 678w\" sizes=\"auto, (max-width: 712px) 100vw, 712px\" \/><\/p>\n<p><span style=\"font-weight: 400;\">Ve\u010de\u0159e op\u011bt prob\u00edh\u00e1 u p\u0159\u00e1tel a <strong>kolem des\u00e1t\u00e9 odj\u00ed\u017ed\u00edme na stellplatz do centra<\/strong>, kde bude r\u00e1no od 5:30 do 9:30 trh. <\/span><\/p>\n<p><span style=\"font-weight: 400;\">P\u0159ij\u00ed\u017ed\u00edme na st\u00e1n\u00ed, kter\u00e9 je ji\u017e velmi zapln\u011bn\u00e9 <strong>N 53*32&#8217;44&#8220; E 9*57&#8217;34&#8220;<\/strong> (cena za noc p\u0159ed ned\u011bln\u00edm trhem 19,50\u20ac ostatn\u00ed dny 12\u20ac)<\/span><\/p>\n<figure id=\"attachment_68129\" aria-describedby=\"caption-attachment-68129\" style=\"width: 712px\" class=\"wp-caption aligncenter\"><img loading=\"lazy\" decoding=\"async\" class=\"wp-image-68129 size-full\" src=\"https:\/\/all4camper.com\/\/wp-content\/uploads\/2018\/07\/WP_20161030_07_22_30_Pro.jpg\" alt=\"\" width=\"712\" height=\"400\" srcset=\"https:\/\/all4camper.com\/wp-content\/uploads\/2018\/07\/WP_20161030_07_22_30_Pro.jpg 712w, https:\/\/all4camper.com\/wp-content\/uploads\/2018\/07\/WP_20161030_07_22_30_Pro-300x169.jpg 300w, https:\/\/all4camper.com\/wp-content\/uploads\/2018\/07\/WP_20161030_07_22_30_Pro-150x84.jpg 150w, https:\/\/all4camper.com\/wp-content\/uploads\/2018\/07\/WP_20161030_07_22_30_Pro-678x381.jpg 678w\" sizes=\"auto, (max-width: 712px) 100vw, 712px\" \/><figcaption id=\"caption-attachment-68129\" class=\"wp-caption-text\">stellplatz Fishmarket<\/figcaption><\/figure>\n<p><span style=\"font-weight: 400;\"><strong>Ned\u011ble:<\/strong> <\/span><\/p>\n<p><span style=\"font-weight: 400;\">V noci ,ani nev\u00edm kolik je hodin, m\u011b nejprve bud\u00ed hluk od trubek st\u00e1nka\u0159\u016f, kte\u0159\u00ed se za\u010d\u00ednaj\u00ed p\u0159ipravovat na trh. Us\u00edn\u00e1m a kolem p\u00e1t\u00e9 se op\u011bt probouz\u00edm. Tentokr\u00e1t hlukem o\u017eral\u00fdch skupinek pot\u00e1cej\u00edc\u00edch se na Fishmarketu pro nalo\u017een\u00e9ho Herinka v baget\u011b, aby zakon\u010dili probd\u011bnou noc, tak jak je zde v p\u0159\u00edstavu n\u011bkolik stalet\u00ed zvykem.<\/span><\/p>\n<p><img loading=\"lazy\" decoding=\"async\" class=\"size-full wp-image-68138 aligncenter\" src=\"https:\/\/all4camper.com\/\/wp-content\/uploads\/2018\/07\/WP_20161030_08_41_22_Pro.jpg\" alt=\"\" width=\"712\" height=\"400\" srcset=\"https:\/\/all4camper.com\/wp-content\/uploads\/2018\/07\/WP_20161030_08_41_22_Pro.jpg 712w, https:\/\/all4camper.com\/wp-content\/uploads\/2018\/07\/WP_20161030_08_41_22_Pro-300x169.jpg 300w, https:\/\/all4camper.com\/wp-content\/uploads\/2018\/07\/WP_20161030_08_41_22_Pro-150x84.jpg 150w, https:\/\/all4camper.com\/wp-content\/uploads\/2018\/07\/WP_20161030_08_41_22_Pro-678x381.jpg 678w\" sizes=\"auto, (max-width: 712px) 100vw, 712px\" \/><\/p>\n<p><span style=\"font-weight: 400;\">V noci se m\u011bnil \u010das na zimn\u00ed a tak Niky vst\u00e1v\u00e1 v 5:25 hod. Sn\u00edd\u00e1me a kolem\u00a0sedm\u00e9 hodiny jdeme na trh . V tuto dobu ji\u017e proud\u00ed davy lid\u00ed od metra na tr\u017ei\u0161t\u011b pod\u00e9l na\u0161eho stellplatzu. Na trhu kupujeme n\u011bkolik drobnost\u00ed a hlavn\u011b prout\u011bn\u00fd ko\u0161 pln\u00fd ovoce s n\u00e1pisem Hamburk za p\u0159\u00edjemn\u00fdch deset Euro. <strong>Z trhu si prohl\u00ed\u017e\u00edme ponorku U-434 do kter\u00e9 je umo\u017en\u011bn vstup.<\/strong> <strong>Nedaleko od trhu se nach\u00e1z\u00ed tunel pod Labem z roku 1911, kter\u00fd slou\u017eil pro automobilovou dopravu. Tunel je jednosm\u011brn\u00fd a automobily do n\u011bj sj\u00ed\u017ed\u011bli v\u00fdtahy.<\/strong><\/span><\/p>\n<p><img loading=\"lazy\" decoding=\"async\" class=\"size-full wp-image-68147 aligncenter\" src=\"https:\/\/all4camper.com\/\/wp-content\/uploads\/2018\/07\/WP_20161030_08_49_25_Pro.jpg\" alt=\"\" width=\"712\" height=\"400\" srcset=\"https:\/\/all4camper.com\/wp-content\/uploads\/2018\/07\/WP_20161030_08_49_25_Pro.jpg 712w, https:\/\/all4camper.com\/wp-content\/uploads\/2018\/07\/WP_20161030_08_49_25_Pro-300x169.jpg 300w, https:\/\/all4camper.com\/wp-content\/uploads\/2018\/07\/WP_20161030_08_49_25_Pro-150x84.jpg 150w, https:\/\/all4camper.com\/wp-content\/uploads\/2018\/07\/WP_20161030_08_49_25_Pro-678x381.jpg 678w\" sizes=\"auto, (max-width: 712px) 100vw, 712px\" \/><\/p>\n<p><span style=\"font-weight: 400;\">Odpoledne se jdeme <strong>proj\u00edt do nov\u00e9 \u010d\u00e1sti Hamburku a proch\u00e1z\u00edme okolo nov\u00e9 filharmonie.<\/strong> Tato budova m\u011bla b\u00fdt postavena podle p\u016fvodn\u00edch pl\u00e1n\u016f za \u010d\u00e1stku v p\u0159epo\u010dtu 8,1 miliard korun av\u0161ak kone\u010dn\u00e1 cena se vy\u0161plhala na 23,4 miliardy. P\u016fvodn\u00ed term\u00edn dokon\u010den\u00ed byl v roce 2010 ale a\u017e nyn\u00ed se poda\u0159ilo d\u00edlo dokon\u010dit tj. v roce 2016 (takov\u00fd Hambursk\u00fd tunel Blanka). <\/span><\/p>\n<p><span style=\"font-weight: 400;\">Obytku jsme zaparkovali u p\u016fvodn\u00edch dok\u016f kam v dob\u00e1ch minul\u00fdch p\u0159iplouvaly n\u00e1mo\u0159n\u00ed lod\u011b. Kolem 20 hodiny vyj\u00ed\u017ed\u00edme sm\u011brem Berl\u00edn a Dr\u00e1\u017e\u010fany. Jeliko\u017e jsme Hamburk nav\u0161t\u00edvili ji\u017e po t\u0159et\u00ed, <strong>vynechali jsme m\u00edsta jako: radnice v centru a vybombardovan\u00fd kostel sv.\u00a0<\/strong><\/span><strong>Mikul\u00e1\u0161e, \u010dtvr\u0165 St. Pauli atd.\u00a0Hamburk je druh\u00e9 nejv\u011bt\u0161\u00ed m\u011bsto N\u011bmecka s nejv\u011bt\u0161\u00ed koncentrac\u00ed n\u011bmeck\u00fdch milion\u00e1\u0159\u016f a m\u00e1 v\u00edce most\u016f ne\u017e je v Ben\u00e1tk\u00e1ch.\u00a0<\/strong>Pokud v\u0161ak jedete do Hamburku poprv\u00e9, ur\u010dit\u011b je nevynechejte!<\/p>\n<p><img loading=\"lazy\" decoding=\"async\" class=\"size-full wp-image-68167 aligncenter\" src=\"https:\/\/all4camper.com\/\/wp-content\/uploads\/2018\/07\/IMG_20161029_160301.jpg\" alt=\"\" width=\"300\" height=\"400\" srcset=\"https:\/\/all4camper.com\/wp-content\/uploads\/2018\/07\/IMG_20161029_160301.jpg 300w, https:\/\/all4camper.com\/wp-content\/uploads\/2018\/07\/IMG_20161029_160301-225x300.jpg 225w, https:\/\/all4camper.com\/wp-content\/uploads\/2018\/07\/IMG_20161029_160301-113x150.jpg 113w\" sizes=\"auto, (max-width: 300px) 100vw, 300px\" \/><\/p>\n<p><span style=\"font-weight: 400;\"><strong>Kolem p\u016fl noci parkujeme\u00a0zdarma nedaleko Dr\u00e1\u017e\u010fan na stellplatzu N51*07&#8217;45&#8220; E13*42&#8217;37&#8220;.<\/strong> <\/span><\/p>\n<p><strong>Pond\u011bl\u00ed: <\/strong><\/p>\n<p><span style=\"font-weight: 400;\">R\u00e1no po sn\u00eddani vyj\u00ed\u017ed\u00edme dom\u016f, cestou se zastavujeme na prvn\u00ed benzinov\u00e9 stanici v \u010cR MOL, dopl\u0148uji jen nezbytn\u00e9 mno\u017estv\u00ed nafty, jeliko\u017e cena za litr je cca o 10,-K\u010d v\u00edce ne\u017e je pr\u016fm\u011br (i v N\u011bmecku jsme \u010derpali v\u00fdrazn\u011b levn\u011bji&#8230;). Pokra\u010dujeme po d\u00e1lnici D8 a v 11 hodin parkujeme doma na Praze &#8211; V\u00fdchod. <\/span><\/p>\n<p><span style=\"font-weight: 400;\">Celkem jsme najeli cca 1600,- Km.<\/span><\/p>\n<p>Marek a Vla\u010fka<\/p>\n","protected":false},"excerpt":{"rendered":"<p>\u010ctvrtek: Za\u010d\u00edn\u00e1 prodlou\u017een\u00fd podzimn\u00ed v\u00edkend a tak used\u00e1me do obytn\u00e9ho auta a kolem 17 hodiny vyj\u00ed\u017ed\u00edme sm\u011brem \u00dast\u00ed nad Labem, Dr\u00e1\u017e\u010fany a Magdeburg. Pobl\u00ed\u017e m\u011bsta Magdeburg se nach\u00e1z\u00ed vodn\u00ed d\u00edlo Elbe-Havel Canal, kter\u00e9 spojuje z\u00e1padn\u00ed a v\u00fdchodn\u00ed \u010d\u00e1st N\u011bmecka vodn\u00ed cestou. Zde m\u016f\u017eeme vid\u011bt lod\u011b pluj\u00edc\u00ed kan\u00e1lem vytvo\u0159en\u00fdm p\u0159emost\u011bn\u00edm \u0159eky Labe. V t\u011bsn\u00e9 bl\u00edzkosti tohoto [&hellip;]<\/p>\n","protected":false},"author":27,"featured_media":68102,"comment_status":"closed","ping_status":"open","sticky":false,"template":"","format":"standard","meta":{"_monsterinsights_skip_tracking":false,"_monsterinsights_sitenote_active":false,"_monsterinsights_sitenote_note":"","_monsterinsights_sitenote_category":0,"footnotes":""},"categories":[368,2377],"tags":[110,97],"class_list":{"0":"post-68101","1":"post","2":"type-post","3":"status-publish","4":"format-standard","5":"has-post-thumbnail","7":"category-magazin_all4camper","8":"category-kempovani-a-cestovani-v-nemecku","9":"tag-cestopis","10":"tag-nemecko"},"yoast_head":"<!-- This site is optimized with the Yoast SEO plugin v27.5 - https:\/\/yoast.com\/product\/yoast-seo-wordpress\/ -->\n<title>Hamburk<\/title>\n<meta name=\"description\" content=\"All4Camper - Hamburk karavanem\" \/>\n<meta name=\"robots\" content=\"index, follow, max-snippet:-1, max-image-preview:large, max-video-preview:-1\" \/>\n<link rel=\"canonical\" href=\"https:\/\/all4camper.com\/cs\/hamburk\/\" \/>\n<meta property=\"og:locale\" content=\"cs_CZ\" \/>\n<meta property=\"og:type\" content=\"article\" \/>\n<meta property=\"og:title\" content=\"Hamburk\" \/>\n<meta property=\"og:description\" content=\"All4Camper - Hamburk karavanem\" \/>\n<meta property=\"og:url\" content=\"https:\/\/all4camper.com\/cs\/hamburk\/\" \/>\n<meta property=\"og:site_name\" content=\"All4Camper\" \/>\n<meta property=\"article:published_time\" content=\"2018-07-24T12:11:41+00:00\" \/>\n<meta property=\"article:modified_time\" content=\"2019-12-15T13:25:16+00:00\" \/>\n<meta property=\"og:image\" content=\"https:\/\/all4camper.com\/wp-content\/uploads\/2018\/07\/IMG_20161029_092809.jpg\" \/>\n\t<meta property=\"og:image:width\" content=\"533\" \/>\n\t<meta property=\"og:image:height\" content=\"400\" \/>\n\t<meta property=\"og:image:type\" content=\"image\/jpeg\" \/>\n<meta name=\"author\" content=\"Od na\u0161ich \u010dten\u00e1\u0159\u016f\" \/>\n<meta name=\"twitter:card\" content=\"summary_large_image\" \/>\n<meta name=\"twitter:label1\" content=\"Napsal(a)\" \/>\n\t<meta name=\"twitter:data1\" content=\"Od na\u0161ich \u010dten\u00e1\u0159\u016f\" \/>\n\t<meta name=\"twitter:label2\" content=\"Odhadovan\u00e1 doba \u010dten\u00ed\" \/>\n\t<meta name=\"twitter:data2\" content=\"5 minut\" \/>\n<script type=\"application\/ld+json\" class=\"yoast-schema-graph\">{\"@context\":\"https:\\\/\\\/schema.org\",\"@graph\":[{\"@type\":\"Article\",\"@id\":\"https:\\\/\\\/all4camper.com\\\/cs\\\/hamburk\\\/#article\",\"isPartOf\":{\"@id\":\"https:\\\/\\\/all4camper.com\\\/cs\\\/hamburk\\\/\"},\"author\":{\"name\":\"Od na\u0161ich \u010dten\u00e1\u0159\u016f\",\"@id\":\"https:\\\/\\\/all4camper.com\\\/cs\\\/#\\\/schema\\\/person\\\/6e44acf123c404fdffce72310b6e0f1c\"},\"headline\":\"Hamburk karavanem\",\"datePublished\":\"2018-07-24T12:11:41+00:00\",\"dateModified\":\"2019-12-15T13:25:16+00:00\",\"mainEntityOfPage\":{\"@id\":\"https:\\\/\\\/all4camper.com\\\/cs\\\/hamburk\\\/\"},\"wordCount\":932,\"publisher\":{\"@id\":\"https:\\\/\\\/all4camper.com\\\/cs\\\/#organization\"},\"image\":{\"@id\":\"https:\\\/\\\/all4camper.com\\\/cs\\\/hamburk\\\/#primaryimage\"},\"thumbnailUrl\":\"https:\\\/\\\/all4camper.com\\\/wp-content\\\/uploads\\\/2018\\\/07\\\/IMG_20161029_092809.jpg\",\"keywords\":[\"Cestopis\",\"N\u011bmecko\"],\"articleSection\":[\"\u010cten\u00ed na cesty\",\"Kempov\u00e1n\u00ed a cestov\u00e1n\u00ed v N\u011bmecku\"],\"inLanguage\":\"cs\"},{\"@type\":\"WebPage\",\"@id\":\"https:\\\/\\\/all4camper.com\\\/cs\\\/hamburk\\\/\",\"url\":\"https:\\\/\\\/all4camper.com\\\/cs\\\/hamburk\\\/\",\"name\":\"Hamburk\",\"isPartOf\":{\"@id\":\"https:\\\/\\\/all4camper.com\\\/cs\\\/#website\"},\"primaryImageOfPage\":{\"@id\":\"https:\\\/\\\/all4camper.com\\\/cs\\\/hamburk\\\/#primaryimage\"},\"image\":{\"@id\":\"https:\\\/\\\/all4camper.com\\\/cs\\\/hamburk\\\/#primaryimage\"},\"thumbnailUrl\":\"https:\\\/\\\/all4camper.com\\\/wp-content\\\/uploads\\\/2018\\\/07\\\/IMG_20161029_092809.jpg\",\"datePublished\":\"2018-07-24T12:11:41+00:00\",\"dateModified\":\"2019-12-15T13:25:16+00:00\",\"description\":\"All4Camper - Hamburk karavanem\",\"breadcrumb\":{\"@id\":\"https:\\\/\\\/all4camper.com\\\/cs\\\/hamburk\\\/#breadcrumb\"},\"inLanguage\":\"cs\",\"potentialAction\":[{\"@type\":\"ReadAction\",\"target\":[\"https:\\\/\\\/all4camper.com\\\/cs\\\/hamburk\\\/\"]}]},{\"@type\":\"ImageObject\",\"inLanguage\":\"cs\",\"@id\":\"https:\\\/\\\/all4camper.com\\\/cs\\\/hamburk\\\/#primaryimage\",\"url\":\"https:\\\/\\\/all4camper.com\\\/wp-content\\\/uploads\\\/2018\\\/07\\\/IMG_20161029_092809.jpg\",\"contentUrl\":\"https:\\\/\\\/all4camper.com\\\/wp-content\\\/uploads\\\/2018\\\/07\\\/IMG_20161029_092809.jpg\",\"width\":533,\"height\":400},{\"@type\":\"BreadcrumbList\",\"@id\":\"https:\\\/\\\/all4camper.com\\\/cs\\\/hamburk\\\/#breadcrumb\",\"itemListElement\":[{\"@type\":\"ListItem\",\"position\":1,\"name\":\"Dom\u016f\",\"item\":\"https:\\\/\\\/all4camper.com\\\/cs\\\/\"},{\"@type\":\"ListItem\",\"position\":2,\"name\":\"\u010cten\u00ed na cesty\",\"item\":\"https:\\\/\\\/all4camper.com\\\/cs\\\/category\\\/magazin_all4camper\\\/\"},{\"@type\":\"ListItem\",\"position\":3,\"name\":\"Hamburk karavanem\"}]},{\"@type\":\"WebSite\",\"@id\":\"https:\\\/\\\/all4camper.com\\\/cs\\\/#website\",\"url\":\"https:\\\/\\\/all4camper.com\\\/cs\\\/\",\"name\":\"All4Camper\",\"description\":\"Nejv\u011bt\u0161\u00ed online magaz\u00edn o kempov\u00e1n\u00ed a karavaninku. V\u00edce jak 900 \u010dl\u00e1nk\u016f pln\u00fdch rad a tip\u016f o kempech a kempov\u00e1n\u00ed.\",\"publisher\":{\"@id\":\"https:\\\/\\\/all4camper.com\\\/cs\\\/#organization\"},\"potentialAction\":[{\"@type\":\"SearchAction\",\"target\":{\"@type\":\"EntryPoint\",\"urlTemplate\":\"https:\\\/\\\/all4camper.com\\\/cs\\\/?s={search_term_string}\"},\"query-input\":{\"@type\":\"PropertyValueSpecification\",\"valueRequired\":true,\"valueName\":\"search_term_string\"}}],\"inLanguage\":\"cs\"},{\"@type\":\"Organization\",\"@id\":\"https:\\\/\\\/all4camper.com\\\/cs\\\/#organization\",\"name\":\"All4Camper - kempujeme s Kl\u00e1rou\",\"url\":\"https:\\\/\\\/all4camper.com\\\/cs\\\/\",\"logo\":{\"@type\":\"ImageObject\",\"inLanguage\":\"cs\",\"@id\":\"https:\\\/\\\/all4camper.com\\\/cs\\\/#\\\/schema\\\/logo\\\/image\\\/\",\"url\":\"https:\\\/\\\/all4camper.com\\\/wp-content\\\/uploads\\\/2018\\\/09\\\/novelogo.png\",\"contentUrl\":\"https:\\\/\\\/all4camper.com\\\/wp-content\\\/uploads\\\/2018\\\/09\\\/novelogo.png\",\"width\":1520,\"height\":600,\"caption\":\"All4Camper - kempujeme s Kl\u00e1rou\"},\"image\":{\"@id\":\"https:\\\/\\\/all4camper.com\\\/cs\\\/#\\\/schema\\\/logo\\\/image\\\/\"}},{\"@type\":\"Person\",\"@id\":\"https:\\\/\\\/all4camper.com\\\/cs\\\/#\\\/schema\\\/person\\\/6e44acf123c404fdffce72310b6e0f1c\",\"name\":\"Od na\u0161ich \u010dten\u00e1\u0159\u016f\",\"url\":\"https:\\\/\\\/all4camper.com\\\/cs\\\/author\\\/od-nasich-ctenaru\\\/\"}]}<\/script>\n<!-- \/ Yoast SEO plugin. -->","yoast_head_json":{"title":"Hamburk","description":"All4Camper - Hamburk karavanem","robots":{"index":"index","follow":"follow","max-snippet":"max-snippet:-1","max-image-preview":"max-image-preview:large","max-video-preview":"max-video-preview:-1"},"canonical":"https:\/\/all4camper.com\/cs\/hamburk\/","og_locale":"cs_CZ","og_type":"article","og_title":"Hamburk","og_description":"All4Camper - Hamburk karavanem","og_url":"https:\/\/all4camper.com\/cs\/hamburk\/","og_site_name":"All4Camper","article_published_time":"2018-07-24T12:11:41+00:00","article_modified_time":"2019-12-15T13:25:16+00:00","og_image":[{"width":533,"height":400,"url":"https:\/\/all4camper.com\/wp-content\/uploads\/2018\/07\/IMG_20161029_092809.jpg","type":"image\/jpeg"}],"author":"Od na\u0161ich \u010dten\u00e1\u0159\u016f","twitter_card":"summary_large_image","twitter_misc":{"Napsal(a)":"Od na\u0161ich \u010dten\u00e1\u0159\u016f","Odhadovan\u00e1 doba \u010dten\u00ed":"5 minut"},"schema":{"@context":"https:\/\/schema.org","@graph":[{"@type":"Article","@id":"https:\/\/all4camper.com\/cs\/hamburk\/#article","isPartOf":{"@id":"https:\/\/all4camper.com\/cs\/hamburk\/"},"author":{"name":"Od na\u0161ich \u010dten\u00e1\u0159\u016f","@id":"https:\/\/all4camper.com\/cs\/#\/schema\/person\/6e44acf123c404fdffce72310b6e0f1c"},"headline":"Hamburk karavanem","datePublished":"2018-07-24T12:11:41+00:00","dateModified":"2019-12-15T13:25:16+00:00","mainEntityOfPage":{"@id":"https:\/\/all4camper.com\/cs\/hamburk\/"},"wordCount":932,"publisher":{"@id":"https:\/\/all4camper.com\/cs\/#organization"},"image":{"@id":"https:\/\/all4camper.com\/cs\/hamburk\/#primaryimage"},"thumbnailUrl":"https:\/\/all4camper.com\/wp-content\/uploads\/2018\/07\/IMG_20161029_092809.jpg","keywords":["Cestopis","N\u011bmecko"],"articleSection":["\u010cten\u00ed na cesty","Kempov\u00e1n\u00ed a cestov\u00e1n\u00ed v N\u011bmecku"],"inLanguage":"cs"},{"@type":"WebPage","@id":"https:\/\/all4camper.com\/cs\/hamburk\/","url":"https:\/\/all4camper.com\/cs\/hamburk\/","name":"Hamburk","isPartOf":{"@id":"https:\/\/all4camper.com\/cs\/#website"},"primaryImageOfPage":{"@id":"https:\/\/all4camper.com\/cs\/hamburk\/#primaryimage"},"image":{"@id":"https:\/\/all4camper.com\/cs\/hamburk\/#primaryimage"},"thumbnailUrl":"https:\/\/all4camper.com\/wp-content\/uploads\/2018\/07\/IMG_20161029_092809.jpg","datePublished":"2018-07-24T12:11:41+00:00","dateModified":"2019-12-15T13:25:16+00:00","description":"All4Camper - Hamburk karavanem","breadcrumb":{"@id":"https:\/\/all4camper.com\/cs\/hamburk\/#breadcrumb"},"inLanguage":"cs","potentialAction":[{"@type":"ReadAction","target":["https:\/\/all4camper.com\/cs\/hamburk\/"]}]},{"@type":"ImageObject","inLanguage":"cs","@id":"https:\/\/all4camper.com\/cs\/hamburk\/#primaryimage","url":"https:\/\/all4camper.com\/wp-content\/uploads\/2018\/07\/IMG_20161029_092809.jpg","contentUrl":"https:\/\/all4camper.com\/wp-content\/uploads\/2018\/07\/IMG_20161029_092809.jpg","width":533,"height":400},{"@type":"BreadcrumbList","@id":"https:\/\/all4camper.com\/cs\/hamburk\/#breadcrumb","itemListElement":[{"@type":"ListItem","position":1,"name":"Dom\u016f","item":"https:\/\/all4camper.com\/cs\/"},{"@type":"ListItem","position":2,"name":"\u010cten\u00ed na cesty","item":"https:\/\/all4camper.com\/cs\/category\/magazin_all4camper\/"},{"@type":"ListItem","position":3,"name":"Hamburk karavanem"}]},{"@type":"WebSite","@id":"https:\/\/all4camper.com\/cs\/#website","url":"https:\/\/all4camper.com\/cs\/","name":"All4Camper","description":"Nejv\u011bt\u0161\u00ed online magaz\u00edn o kempov\u00e1n\u00ed a karavaninku. V\u00edce jak 900 \u010dl\u00e1nk\u016f pln\u00fdch rad a tip\u016f o kempech a kempov\u00e1n\u00ed.","publisher":{"@id":"https:\/\/all4camper.com\/cs\/#organization"},"potentialAction":[{"@type":"SearchAction","target":{"@type":"EntryPoint","urlTemplate":"https:\/\/all4camper.com\/cs\/?s={search_term_string}"},"query-input":{"@type":"PropertyValueSpecification","valueRequired":true,"valueName":"search_term_string"}}],"inLanguage":"cs"},{"@type":"Organization","@id":"https:\/\/all4camper.com\/cs\/#organization","name":"All4Camper - kempujeme s Kl\u00e1rou","url":"https:\/\/all4camper.com\/cs\/","logo":{"@type":"ImageObject","inLanguage":"cs","@id":"https:\/\/all4camper.com\/cs\/#\/schema\/logo\/image\/","url":"https:\/\/all4camper.com\/wp-content\/uploads\/2018\/09\/novelogo.png","contentUrl":"https:\/\/all4camper.com\/wp-content\/uploads\/2018\/09\/novelogo.png","width":1520,"height":600,"caption":"All4Camper - kempujeme s Kl\u00e1rou"},"image":{"@id":"https:\/\/all4camper.com\/cs\/#\/schema\/logo\/image\/"}},{"@type":"Person","@id":"https:\/\/all4camper.com\/cs\/#\/schema\/person\/6e44acf123c404fdffce72310b6e0f1c","name":"Od na\u0161ich \u010dten\u00e1\u0159\u016f","url":"https:\/\/all4camper.com\/cs\/author\/od-nasich-ctenaru\/"}]}},"_links":{"self":[{"href":"https:\/\/all4camper.com\/cs\/wp-json\/wp\/v2\/posts\/68101","targetHints":{"allow":["GET"]}}],"collection":[{"href":"https:\/\/all4camper.com\/cs\/wp-json\/wp\/v2\/posts"}],"about":[{"href":"https:\/\/all4camper.com\/cs\/wp-json\/wp\/v2\/types\/post"}],"author":[{"embeddable":true,"href":"https:\/\/all4camper.com\/cs\/wp-json\/wp\/v2\/users\/27"}],"replies":[{"embeddable":true,"href":"https:\/\/all4camper.com\/cs\/wp-json\/wp\/v2\/comments?post=68101"}],"version-history":[{"count":0,"href":"https:\/\/all4camper.com\/cs\/wp-json\/wp\/v2\/posts\/68101\/revisions"}],"wp:featuredmedia":[{"embeddable":true,"href":"https:\/\/all4camper.com\/cs\/wp-json\/wp\/v2\/media\/68102"}],"wp:attachment":[{"href":"https:\/\/all4camper.com\/cs\/wp-json\/wp\/v2\/media?parent=68101"}],"wp:term":[{"taxonomy":"category","embeddable":true,"href":"https:\/\/all4camper.com\/cs\/wp-json\/wp\/v2\/categories?post=68101"},{"taxonomy":"post_tag","embeddable":true,"href":"https:\/\/all4camper.com\/cs\/wp-json\/wp\/v2\/tags?post=68101"}],"curies":[{"name":"wp","href":"https:\/\/api.w.org\/{rel}","templated":true}]}}