{"id":68034,"date":"2018-07-24T11:05:33","date_gmt":"2018-07-24T09:05:33","guid":{"rendered":"https:\/\/all4camper.com\/\/?p=68034"},"modified":"2019-12-15T14:25:48","modified_gmt":"2019-12-15T13:25:48","slug":"poprve-obytnym-autem-do-adrspachu-a-jeseniku","status":"publish","type":"post","link":"https:\/\/all4camper.com\/cs\/poprve-obytnym-autem-do-adrspachu-a-jeseniku\/","title":{"rendered":"Poprv\u00e9 obytn\u00fdm autem do Adr\u0161pachu a Jesen\u00edk\u016f"},"content":{"rendered":"<p>Jak m\u016f\u017ee vypadat va\u0161e prvn\u00ed cesta obytn\u00fdm vozem a \u017ee to nemus\u00ed b\u00fdt je do kemp\u016f? O tom si m\u016f\u017eete p\u0159e\u010d\u00edst v p\u0159\u00edsp\u011bvku, kter\u00fd pro v\u00e1s napsal karavanista Marek, kter\u00e9mu t\u00edmto d\u011bkujeme. Poj\u010fme na to.<\/p>\n<h2>Poprv\u00e9 obytn\u00fdm autem do Adr\u0161pachu a Jesen\u00edk\u016f<\/h2>\n<p><span style=\"font-weight: 400;\"><strong>\u010ctvrtek ve\u010der:<\/strong> <\/span><\/p>\n<p><span style=\"font-weight: 400;\"><strong>U\u017e je to tady, do\u010dkal jsem se.<\/strong> Obytn\u00e9 auto p\u0159eb\u00edr\u00e1m nedaleko bydli\u0161t\u011b v Kounic\u00edch a nat\u011b\u0161en\u00fd vyj\u00ed\u017ed\u00edm dom\u016f nalo\u017eit dal\u0161\u00ed dva \u010dleny pos\u00e1dky &#8211; man\u017eelku v \u0161est\u00e9m m\u011bs\u00edci t\u011bhotenstv\u00ed a dceru ve v\u011bku dvou let a osm m\u011bs\u00edc\u016f. Kolem jednadvac\u00e1t\u00e9 hodiny vyj\u00ed\u017ed\u00edme z \u010cel\u00e1kovic na D11 a p\u0159ed 23 hodinou parkujeme na parkovi\u0161ti v Ratibo\u0159ic\u00edch s v\u00fdhledem na zdej\u0161\u00ed z\u00e1mek.<\/span><\/p>\n<p><strong>P\u00e1tek: <\/strong><\/p>\n<p><span style=\"font-weight: 400;\">R\u00e1no, po probuzen\u00ed, za\u010d\u00edn\u00e1m va\u0159it \u010daj k sn\u00eddani a u\u017e klepe na dve\u0159e m\u00edstn\u00ed hl\u00edda\u010d parkovi\u0161t\u011b. Jeliko\u017e py\u017eamo prozrazuje n\u00e1\u0161 p\u0159\u00edjezd v minul\u00e9m dni tak plat\u00edme parkov\u00e1n\u00ed za dva dny st\u00e1n\u00ed. <strong>Po sn\u00eddani se vyd\u00e1v\u00e1me kolem z\u00e1mku do Babi\u010d\u010dina \u00fadol\u00ed<\/strong>, nejprve m\u00edj\u00edme ml\u00fdn a mandl, souso\u0161\u00ed babi\u010dky s vnou\u010daty a psy, Star\u00e9 b\u011blidlo a nakonec jsme do\u0161li ke splavu Viktorky. Na ob\u011bd se zastavujeme v Restauraci U Kapli\u010dky &#8211; \u010cerven\u00e1 Hora.<\/span><\/p>\n<p><span style=\"font-weight: 400;\">Po ob\u011bd\u011b p\u0159ej\u00ed\u017ed\u00edme do Doln\u00edho Adr\u0161pachu. <strong>Cestou se na\u0161e dcera vysp\u00ed a my u\u017e parkujeme na parkovi\u0161ti vedle dal\u0161\u00edch obytn\u00fdch aut.<\/strong> Hlavn\u00ed br\u00e1nou vch\u00e1z\u00edme do skal hned u jezera. P\u0159\u00edjemnou proch\u00e1zkou dojdeme ke sk\u00e1le zvan\u00e9 Homole cukru, kde se ot\u00e1\u010d\u00edme. Na parkovi\u0161ti si d\u00e1me sva\u010dinu v alt\u00e1nku p\u0159ipraven\u00e9m pro turisty a Niky vyu\u017eije m\u00edstn\u00ed d\u011btsk\u00e9 h\u0159i\u0161t\u011b.<\/span><\/p>\n<p><span style=\"font-weight: 400;\"><strong>Ve\u010der p\u0159ej\u00ed\u017ed\u00edme na span\u00ed do obce Slavn\u00fd (parkovi\u0161t\u011b na konci obce)<\/strong>. Zde je p\u011bkn\u00fd v\u00fdhled do krajiny. Niky m\u00e1 nejv\u011bt\u0161\u00ed radost z kravi\u010dek, kter\u00e9 se pasou nedaleko na\u0161eho auta.<\/span><\/p>\n<p><img loading=\"lazy\" decoding=\"async\" class=\"size-full wp-image-68035 aligncenter\" src=\"https:\/\/all4camper.com\/\/wp-content\/uploads\/2018\/07\/P1080641.jpg\" alt=\"\" width=\"533\" height=\"400\" srcset=\"https:\/\/all4camper.com\/wp-content\/uploads\/2018\/07\/P1080641.jpg 533w, https:\/\/all4camper.com\/wp-content\/uploads\/2018\/07\/P1080641-300x225.jpg 300w, https:\/\/all4camper.com\/wp-content\/uploads\/2018\/07\/P1080641-150x113.jpg 150w, https:\/\/all4camper.com\/wp-content\/uploads\/2018\/07\/P1080641-326x245.jpg 326w, https:\/\/all4camper.com\/wp-content\/uploads\/2018\/07\/P1080641-80x60.jpg 80w\" sizes=\"auto, (max-width: 533px) 100vw, 533px\" \/><\/p>\n<p><strong>Sobota: <\/strong><\/p>\n<p><span style=\"font-weight: 400;\">R\u00e1no, po vydatn\u00e9 sn\u00eddani, jdeme na vyhl\u00eddku \u010certova tchyn\u011b. Z vyhl\u00eddky je p\u011bkn\u00fd v\u00fdhled sm\u011brem na m\u011bsto Broumov. Jsou zde tak\u00e9 sk\u00e1ly zvan\u00e9 h\u0159iby, kter\u00e9 tvarem p\u0159ipom\u00ednaj\u00ed h\u0159ib.\u00a0<\/span><span style=\"font-weight: 400;\"><strong>Nased\u00e1me do auta a vyd\u00e1v\u00e1me se p\u0159es Broumov sm\u011br Polsk\u00e1 m\u011bsta Tlumaczow, Klodzko, Zloty Stok zp\u011bt do \u010cR<\/strong>.<\/span><\/p>\n<p><img loading=\"lazy\" decoding=\"async\" class=\"size-full wp-image-68044 aligncenter\" src=\"https:\/\/all4camper.com\/\/wp-content\/uploads\/2018\/07\/P1080663.jpg\" alt=\"\" width=\"533\" height=\"400\" srcset=\"https:\/\/all4camper.com\/wp-content\/uploads\/2018\/07\/P1080663.jpg 533w, https:\/\/all4camper.com\/wp-content\/uploads\/2018\/07\/P1080663-300x225.jpg 300w, https:\/\/all4camper.com\/wp-content\/uploads\/2018\/07\/P1080663-150x113.jpg 150w, https:\/\/all4camper.com\/wp-content\/uploads\/2018\/07\/P1080663-326x245.jpg 326w, https:\/\/all4camper.com\/wp-content\/uploads\/2018\/07\/P1080663-80x60.jpg 80w\" sizes=\"auto, (max-width: 533px) 100vw, 533px\" \/><\/p>\n<p><span style=\"font-weight: 400;\">Na ob\u011bd jsme zastavili za hranic\u00ed \u010cesk\u00e9 republiky v obci B\u00edl\u00fd Potok. D\u00e1le jsme pokra\u010dovali pod\u00e9l st\u00e1tn\u00ed hranice s Polskem p\u0159es Vidnavu a Zlat\u00e9 Hory. Ve Zlat\u00fdch Hor\u00e1ch je mo\u017en\u00e9 se zastavit na prohl\u00eddku zlat\u00fdch dol\u016f s r\u00fd\u017eov\u00e1n\u00edm zlata. <strong>Ve\u010der jsme p\u0159ijeli do obce Rejv\u00edz a zaparkovali na parkovi\u0161ti naproti stejnojmenn\u00e9mu penzionu.<\/strong> Historie malebn\u00e9 hosp\u016fdky v penzionu sah\u00e1 a\u017e do roku 1795 a k vid\u011bn\u00ed jsou tu nap\u0159\u00edklad op\u011bradla \u017eidl\u00ed s vy\u0159ezan\u00fdmi karikaturn\u00edmi podobami st\u00e1l\u00fdch host\u016f. To\u010den\u00e9 pivo p\u0159i\u0161lo tak\u00e9 vhod :-).<\/span><\/p>\n<p><span style=\"font-weight: 400;\"><strong>Ned\u011ble:<\/strong> <\/span><\/p>\n<p><span style=\"font-weight: 400;\">Z Rejv\u00edzu se dostanete nau\u010dnou stezkou k Velk\u00e9mu Mechov\u00e9mu jez\u00edrku. \u010c\u00e1st stezky k jez\u00edrku vede po d\u0159ev\u011bn\u00e9m chodn\u00ed\u010dku nad ra\u0161elini\u0161t\u011bm. Obec Rejv\u00edz je nejv\u00fd\u0161e polo\u017eenou obc\u00ed ve Slezsku 780m.<\/span><\/p>\n<p><img loading=\"lazy\" decoding=\"async\" class=\"size-full wp-image-68053 aligncenter\" src=\"https:\/\/all4camper.com\/\/wp-content\/uploads\/2018\/07\/P1080683.jpg\" alt=\"\" width=\"533\" height=\"400\" srcset=\"https:\/\/all4camper.com\/wp-content\/uploads\/2018\/07\/P1080683.jpg 533w, https:\/\/all4camper.com\/wp-content\/uploads\/2018\/07\/P1080683-300x225.jpg 300w, https:\/\/all4camper.com\/wp-content\/uploads\/2018\/07\/P1080683-150x113.jpg 150w, https:\/\/all4camper.com\/wp-content\/uploads\/2018\/07\/P1080683-326x245.jpg 326w, https:\/\/all4camper.com\/wp-content\/uploads\/2018\/07\/P1080683-80x60.jpg 80w\" sizes=\"auto, (max-width: 533px) 100vw, 533px\" \/><\/p>\n<p><span style=\"font-weight: 400;\"><strong>Po n\u00e1vratu k obytn\u00e9mu autu jsme za\u010dali va\u0159it ob\u011bd<\/strong>. Zde jsme tak\u00e9 zjistili, \u017ee do p\u016fl hodiny projede\u00a0obc\u00ed cyklistick\u00fd z\u00e1vod &#8211; Z\u00e1vod M\u00edru. Odpoledne pokra\u010dujeme p\u0159es B\u011blou pod Prad\u011bdem do l\u00e1zn\u00ed Karlova Stud\u00e1nka. Cestou jsme zastavili na odpo\u010d\u00edvadle a op\u011bt \u010dek\u00e1me na pr\u016fjezd Z\u00e1vodu M\u00edru. V podve\u010der ochutn\u00e1v\u00e1me l\u00e9\u010debn\u00fd pramen v Karlov\u011b Stud\u00e1nce, posed\u00edme na zahr\u00e1dce kav\u00e1rny a op\u011bt voln\u00fdm tempem p\u0159ej\u00ed\u017ed\u00edme do kempu Dolina Vrbno pod Prad\u011bdem. V autokempu dopl\u0148uji \u010distou vodu, vypou\u0161t\u00edm odpadn\u00ed vodu a \u010dist\u00edm toaletu. <strong>Byla to prvn\u00ed technick\u00e1 zast\u00e1vka od po\u010d\u00e1tku cesty.<\/strong><\/span><\/p>\n<p><strong>Pond\u011bl\u00ed: <\/strong><\/p>\n<p><span style=\"font-weight: 400;\"><strong>V 8:30 hod odjezd z autokempu sm\u011brem parkovi\u0161t\u011b Hv\u011bzda odkud odj\u00ed\u017ed\u00ed ka\u017edou hodinu autobus na chatu Ov\u010d\u00e1rna<\/strong>. Silnice je bez povolen\u00ed uzav\u0159en\u00e1 a to doslova &#8211; na z\u00e1voru. Od chaty Ov\u010d\u00e1rna je p\u011bkn\u00fd v\u00fdhled na horu Prad\u011bd, my se vyd\u00e1v\u00e1me jen cca kilometr k rozcest\u00ed chaty Barborka, kde posva\u010d\u00edme a m\u00ed\u0159\u00edme zp\u011bt na Ov\u010d\u00e1rnu. Jeliko\u017e n\u00e1m po\u010das\u00ed p\u0159eje, posed\u00edme u k\u00e1vy na zahr\u00e1dce a pot\u00e9 m\u00ed\u0159\u00edme na autobus.<\/span><\/p>\n<p><img loading=\"lazy\" decoding=\"async\" class=\"size-full wp-image-68073 aligncenter\" src=\"https:\/\/all4camper.com\/\/wp-content\/uploads\/2018\/07\/P1080720.jpg\" alt=\"\" width=\"533\" height=\"400\" srcset=\"https:\/\/all4camper.com\/wp-content\/uploads\/2018\/07\/P1080720.jpg 533w, https:\/\/all4camper.com\/wp-content\/uploads\/2018\/07\/P1080720-300x225.jpg 300w, https:\/\/all4camper.com\/wp-content\/uploads\/2018\/07\/P1080720-150x113.jpg 150w, https:\/\/all4camper.com\/wp-content\/uploads\/2018\/07\/P1080720-326x245.jpg 326w, https:\/\/all4camper.com\/wp-content\/uploads\/2018\/07\/P1080720-80x60.jpg 80w\" sizes=\"auto, (max-width: 533px) 100vw, 533px\" \/><\/p>\n<p><span style=\"font-weight: 400;\"> <strong>Na\u00a0<\/strong><\/span><span style=\"font-weight: 400;\"><strong>parkovi\u0161ti uva\u0159\u00edme rychl\u00fd ob\u011bd a pokra\u010dujeme v j\u00edzd\u011b sm\u011br \u010cesk\u00e9 Petrovice v Orlick\u00fdch Hor\u00e1ch.<\/strong> Cestou zastavujeme na k\u00e1vu u rozv\u011btven\u00e9 rodiny m\u00e9 man\u017eelky v Bu\u0161\u00edn\u011b a \u0160t\u00edtech (rodi\u0161t\u011b olympijsk\u00e9ho v\u00edt\u011bze Ale\u0161e Valenty). Na parkovi\u0161t\u011b v \u010cesk\u00fdch Petrovic\u00edch p\u0159ij\u00ed\u017ed\u00edme po jednadvac\u00e1t\u00e9 hodin\u011b.<\/span><\/p>\n<p><img loading=\"lazy\" decoding=\"async\" class=\"size-full wp-image-68064 aligncenter\" src=\"https:\/\/all4camper.com\/\/wp-content\/uploads\/2018\/07\/P1080716.jpg\" alt=\"\" width=\"533\" height=\"400\" srcset=\"https:\/\/all4camper.com\/wp-content\/uploads\/2018\/07\/P1080716.jpg 533w, https:\/\/all4camper.com\/wp-content\/uploads\/2018\/07\/P1080716-300x225.jpg 300w, https:\/\/all4camper.com\/wp-content\/uploads\/2018\/07\/P1080716-150x113.jpg 150w, https:\/\/all4camper.com\/wp-content\/uploads\/2018\/07\/P1080716-326x245.jpg 326w, https:\/\/all4camper.com\/wp-content\/uploads\/2018\/07\/P1080716-80x60.jpg 80w\" sizes=\"auto, (max-width: 533px) 100vw, 533px\" \/><\/p>\n<p><strong>\u00dater\u00fd: <\/strong><\/p>\n<p><span style=\"font-weight: 400;\"><strong>Posledn\u00ed den &#8211; r\u00e1no n\u00e1s op\u011bt bud\u00ed slun\u00ed\u010dko. Na\u0161e posledn\u00ed zast\u00e1vka je v Orlick\u00fdch hor\u00e1ch &#8211; pa\u0161er\u00e1ck\u00e1 stezka.<\/strong> P\u0159\u00edjemnou proch\u00e1zkou pod\u00e9l \u0159eky Divok\u00e9 Orlice\u00a0p\u0159ich\u00e1z\u00edme po jednom kilometru k l\u00e1vce. Po\u0159izujeme n\u011bkolik fotek a po druh\u00e9 stran\u011b \u0159eky se vrac\u00edme zp\u011bt.<\/span><\/p>\n<p><img loading=\"lazy\" decoding=\"async\" class=\"size-full wp-image-68082 aligncenter\" src=\"https:\/\/all4camper.com\/\/wp-content\/uploads\/2018\/07\/P1080731.jpg\" alt=\"\" width=\"533\" height=\"400\" srcset=\"https:\/\/all4camper.com\/wp-content\/uploads\/2018\/07\/P1080731.jpg 533w, https:\/\/all4camper.com\/wp-content\/uploads\/2018\/07\/P1080731-300x225.jpg 300w, https:\/\/all4camper.com\/wp-content\/uploads\/2018\/07\/P1080731-150x113.jpg 150w, https:\/\/all4camper.com\/wp-content\/uploads\/2018\/07\/P1080731-326x245.jpg 326w, https:\/\/all4camper.com\/wp-content\/uploads\/2018\/07\/P1080731-80x60.jpg 80w\" sizes=\"auto, (max-width: 533px) 100vw, 533px\" \/><\/p>\n<p><span style=\"font-weight: 400;\">Used\u00e1me do auta, cestou se zastavujeme na ob\u011bd v Rokytnici v Orlick\u00fdch hor\u00e1ch v restauraci Eduard. Po n\u00e1vratu do \u010cel\u00e1kovic dopl\u0148uji pohonn\u00e9 hmoty do plna. <strong>Zde m\u011b \u010dek\u00e1 jedno mil\u00e9 p\u0159ekvapen\u00ed, celkem jsme najeli cca 650Km, u\u017e si nepamatuji p\u0159esn\u011b (neud\u011blal jsem si pozn\u00e1mku) ale u pumpy plat\u00edme 1960,- K\u010d.<\/strong> <\/span><\/p>\n<p><span style=\"font-weight: 400;\">V\u00fdsledn\u00e1 spot\u0159eba u &#8222;na\u0161eho&#8220; obytn\u00e9ho auta Fiat Ducato &#8211; B\u00fcrstner Ixeo Time 710G (150PS) byla 8,75l ;-) Ano cestou jsem se kochal, jel jsem klidnou j\u00edzdou a na cestov\u00e1n\u00ed po d\u00e1lnici jsem nastavil tempomat na 100Km\/h. T\u00edmto bych cht\u011bl pod\u011bkovat za skv\u011bl\u00e9 auto p\u016fj\u010dovn\u011b www.ikaravan.cz<\/span><\/p>\n<p><strong>VAROV\u00c1N\u00cd: Tento druh cestov\u00e1n\u00ed je siln\u011b n\u00e1vykov\u00fd!!!!! :-)))<\/strong><\/p>\n<p>Marek a Vla\u010fka<\/p>\n","protected":false},"excerpt":{"rendered":"<p>Jak m\u016f\u017ee vypadat va\u0161e prvn\u00ed cesta obytn\u00fdm vozem a \u017ee to nemus\u00ed b\u00fdt je do kemp\u016f? O tom si m\u016f\u017eete p\u0159e\u010d\u00edst v p\u0159\u00edsp\u011bvku, kter\u00fd pro v\u00e1s napsal karavanista Marek, kter\u00e9mu t\u00edmto d\u011bkujeme. Poj\u010fme na to. Poprv\u00e9 obytn\u00fdm autem do Adr\u0161pachu a Jesen\u00edk\u016f \u010ctvrtek ve\u010der: U\u017e je to tady, do\u010dkal jsem se. Obytn\u00e9 auto p\u0159eb\u00edr\u00e1m nedaleko [&hellip;]<\/p>\n","protected":false},"author":27,"featured_media":68091,"comment_status":"closed","ping_status":"open","sticky":false,"template":"","format":"standard","meta":{"_monsterinsights_skip_tracking":false,"_monsterinsights_sitenote_active":false,"_monsterinsights_sitenote_note":"","_monsterinsights_sitenote_category":0,"footnotes":""},"categories":[368],"tags":[100,110],"class_list":{"0":"post-68034","1":"post","2":"type-post","3":"status-publish","4":"format-standard","5":"has-post-thumbnail","7":"category-magazin_all4camper","8":"tag-cechy","9":"tag-cestopis"},"yoast_head":"<!-- This site is optimized with the Yoast SEO plugin v27.5 - https:\/\/yoast.com\/product\/yoast-seo-wordpress\/ -->\n<title>Poprv\u00e9 obytn\u00fdm autem do Adr\u0161pachu a Jesen\u00edk\u016f<\/title>\n<meta name=\"description\" content=\"All4Camper - Poprv\u00e9 obytn\u00fdm autem do Adr\u0161pachu a Jesen\u00edk\u016f\" \/>\n<meta name=\"robots\" content=\"index, follow, max-snippet:-1, max-image-preview:large, max-video-preview:-1\" \/>\n<link rel=\"canonical\" href=\"https:\/\/all4camper.com\/cs\/poprve-obytnym-autem-do-adrspachu-a-jeseniku\/\" \/>\n<meta property=\"og:locale\" content=\"cs_CZ\" \/>\n<meta property=\"og:type\" content=\"article\" \/>\n<meta property=\"og:title\" content=\"Poprv\u00e9 obytn\u00fdm autem do Adr\u0161pachu a Jesen\u00edk\u016f\" \/>\n<meta property=\"og:description\" content=\"All4Camper - Poprv\u00e9 obytn\u00fdm autem do Adr\u0161pachu a Jesen\u00edk\u016f\" \/>\n<meta property=\"og:url\" content=\"https:\/\/all4camper.com\/cs\/poprve-obytnym-autem-do-adrspachu-a-jeseniku\/\" \/>\n<meta property=\"og:site_name\" content=\"All4Camper\" \/>\n<meta property=\"article:published_time\" content=\"2018-07-24T09:05:33+00:00\" \/>\n<meta property=\"article:modified_time\" content=\"2019-12-15T13:25:48+00:00\" \/>\n<meta property=\"og:image\" content=\"https:\/\/all4camper.com\/wp-content\/uploads\/2018\/07\/Poprve-obytnym-vozem.jpg\" \/>\n\t<meta property=\"og:image:width\" content=\"533\" \/>\n\t<meta property=\"og:image:height\" content=\"400\" \/>\n\t<meta property=\"og:image:type\" content=\"image\/jpeg\" \/>\n<meta name=\"author\" content=\"Od na\u0161ich \u010dten\u00e1\u0159\u016f\" \/>\n<meta name=\"twitter:card\" content=\"summary_large_image\" \/>\n<meta name=\"twitter:label1\" content=\"Napsal(a)\" \/>\n\t<meta name=\"twitter:data1\" content=\"Od na\u0161ich \u010dten\u00e1\u0159\u016f\" \/>\n\t<meta name=\"twitter:label2\" content=\"Odhadovan\u00e1 doba \u010dten\u00ed\" \/>\n\t<meta name=\"twitter:data2\" content=\"5 minut\" \/>\n<script type=\"application\/ld+json\" class=\"yoast-schema-graph\">{\"@context\":\"https:\\\/\\\/schema.org\",\"@graph\":[{\"@type\":\"Article\",\"@id\":\"https:\\\/\\\/all4camper.com\\\/cs\\\/poprve-obytnym-autem-do-adrspachu-a-jeseniku\\\/#article\",\"isPartOf\":{\"@id\":\"https:\\\/\\\/all4camper.com\\\/cs\\\/poprve-obytnym-autem-do-adrspachu-a-jeseniku\\\/\"},\"author\":{\"name\":\"Od na\u0161ich \u010dten\u00e1\u0159\u016f\",\"@id\":\"https:\\\/\\\/all4camper.com\\\/cs\\\/#\\\/schema\\\/person\\\/6e44acf123c404fdffce72310b6e0f1c\"},\"headline\":\"Poprv\u00e9 obytn\u00fdm autem do Adr\u0161pachu a Jesen\u00edk\u016f\",\"datePublished\":\"2018-07-24T09:05:33+00:00\",\"dateModified\":\"2019-12-15T13:25:48+00:00\",\"mainEntityOfPage\":{\"@id\":\"https:\\\/\\\/all4camper.com\\\/cs\\\/poprve-obytnym-autem-do-adrspachu-a-jeseniku\\\/\"},\"wordCount\":1104,\"publisher\":{\"@id\":\"https:\\\/\\\/all4camper.com\\\/cs\\\/#organization\"},\"image\":{\"@id\":\"https:\\\/\\\/all4camper.com\\\/cs\\\/poprve-obytnym-autem-do-adrspachu-a-jeseniku\\\/#primaryimage\"},\"thumbnailUrl\":\"https:\\\/\\\/all4camper.com\\\/wp-content\\\/uploads\\\/2018\\\/07\\\/Poprve-obytnym-vozem.jpg\",\"keywords\":[\"\u010cechy\",\"Cestopis\"],\"articleSection\":[\"\u010cten\u00ed na cesty\"],\"inLanguage\":\"cs\"},{\"@type\":\"WebPage\",\"@id\":\"https:\\\/\\\/all4camper.com\\\/cs\\\/poprve-obytnym-autem-do-adrspachu-a-jeseniku\\\/\",\"url\":\"https:\\\/\\\/all4camper.com\\\/cs\\\/poprve-obytnym-autem-do-adrspachu-a-jeseniku\\\/\",\"name\":\"Poprv\u00e9 obytn\u00fdm autem do Adr\u0161pachu a Jesen\u00edk\u016f\",\"isPartOf\":{\"@id\":\"https:\\\/\\\/all4camper.com\\\/cs\\\/#website\"},\"primaryImageOfPage\":{\"@id\":\"https:\\\/\\\/all4camper.com\\\/cs\\\/poprve-obytnym-autem-do-adrspachu-a-jeseniku\\\/#primaryimage\"},\"image\":{\"@id\":\"https:\\\/\\\/all4camper.com\\\/cs\\\/poprve-obytnym-autem-do-adrspachu-a-jeseniku\\\/#primaryimage\"},\"thumbnailUrl\":\"https:\\\/\\\/all4camper.com\\\/wp-content\\\/uploads\\\/2018\\\/07\\\/Poprve-obytnym-vozem.jpg\",\"datePublished\":\"2018-07-24T09:05:33+00:00\",\"dateModified\":\"2019-12-15T13:25:48+00:00\",\"description\":\"All4Camper - Poprv\u00e9 obytn\u00fdm autem do Adr\u0161pachu a Jesen\u00edk\u016f\",\"breadcrumb\":{\"@id\":\"https:\\\/\\\/all4camper.com\\\/cs\\\/poprve-obytnym-autem-do-adrspachu-a-jeseniku\\\/#breadcrumb\"},\"inLanguage\":\"cs\",\"potentialAction\":[{\"@type\":\"ReadAction\",\"target\":[\"https:\\\/\\\/all4camper.com\\\/cs\\\/poprve-obytnym-autem-do-adrspachu-a-jeseniku\\\/\"]}]},{\"@type\":\"ImageObject\",\"inLanguage\":\"cs\",\"@id\":\"https:\\\/\\\/all4camper.com\\\/cs\\\/poprve-obytnym-autem-do-adrspachu-a-jeseniku\\\/#primaryimage\",\"url\":\"https:\\\/\\\/all4camper.com\\\/wp-content\\\/uploads\\\/2018\\\/07\\\/Poprve-obytnym-vozem.jpg\",\"contentUrl\":\"https:\\\/\\\/all4camper.com\\\/wp-content\\\/uploads\\\/2018\\\/07\\\/Poprve-obytnym-vozem.jpg\",\"width\":533,\"height\":400},{\"@type\":\"BreadcrumbList\",\"@id\":\"https:\\\/\\\/all4camper.com\\\/cs\\\/poprve-obytnym-autem-do-adrspachu-a-jeseniku\\\/#breadcrumb\",\"itemListElement\":[{\"@type\":\"ListItem\",\"position\":1,\"name\":\"Dom\u016f\",\"item\":\"https:\\\/\\\/all4camper.com\\\/cs\\\/\"},{\"@type\":\"ListItem\",\"position\":2,\"name\":\"\u010cten\u00ed na cesty\",\"item\":\"https:\\\/\\\/all4camper.com\\\/cs\\\/category\\\/magazin_all4camper\\\/\"},{\"@type\":\"ListItem\",\"position\":3,\"name\":\"Poprv\u00e9 obytn\u00fdm autem do Adr\u0161pachu a Jesen\u00edk\u016f\"}]},{\"@type\":\"WebSite\",\"@id\":\"https:\\\/\\\/all4camper.com\\\/cs\\\/#website\",\"url\":\"https:\\\/\\\/all4camper.com\\\/cs\\\/\",\"name\":\"All4Camper\",\"description\":\"Nejv\u011bt\u0161\u00ed online magaz\u00edn o kempov\u00e1n\u00ed a karavaninku. V\u00edce jak 900 \u010dl\u00e1nk\u016f pln\u00fdch rad a tip\u016f o kempech a kempov\u00e1n\u00ed.\",\"publisher\":{\"@id\":\"https:\\\/\\\/all4camper.com\\\/cs\\\/#organization\"},\"potentialAction\":[{\"@type\":\"SearchAction\",\"target\":{\"@type\":\"EntryPoint\",\"urlTemplate\":\"https:\\\/\\\/all4camper.com\\\/cs\\\/?s={search_term_string}\"},\"query-input\":{\"@type\":\"PropertyValueSpecification\",\"valueRequired\":true,\"valueName\":\"search_term_string\"}}],\"inLanguage\":\"cs\"},{\"@type\":\"Organization\",\"@id\":\"https:\\\/\\\/all4camper.com\\\/cs\\\/#organization\",\"name\":\"All4Camper - kempujeme s Kl\u00e1rou\",\"url\":\"https:\\\/\\\/all4camper.com\\\/cs\\\/\",\"logo\":{\"@type\":\"ImageObject\",\"inLanguage\":\"cs\",\"@id\":\"https:\\\/\\\/all4camper.com\\\/cs\\\/#\\\/schema\\\/logo\\\/image\\\/\",\"url\":\"https:\\\/\\\/all4camper.com\\\/wp-content\\\/uploads\\\/2018\\\/09\\\/novelogo.png\",\"contentUrl\":\"https:\\\/\\\/all4camper.com\\\/wp-content\\\/uploads\\\/2018\\\/09\\\/novelogo.png\",\"width\":1520,\"height\":600,\"caption\":\"All4Camper - kempujeme s Kl\u00e1rou\"},\"image\":{\"@id\":\"https:\\\/\\\/all4camper.com\\\/cs\\\/#\\\/schema\\\/logo\\\/image\\\/\"}},{\"@type\":\"Person\",\"@id\":\"https:\\\/\\\/all4camper.com\\\/cs\\\/#\\\/schema\\\/person\\\/6e44acf123c404fdffce72310b6e0f1c\",\"name\":\"Od na\u0161ich \u010dten\u00e1\u0159\u016f\",\"url\":\"https:\\\/\\\/all4camper.com\\\/cs\\\/author\\\/od-nasich-ctenaru\\\/\"}]}<\/script>\n<!-- \/ Yoast SEO plugin. -->","yoast_head_json":{"title":"Poprv\u00e9 obytn\u00fdm autem do Adr\u0161pachu a Jesen\u00edk\u016f","description":"All4Camper - Poprv\u00e9 obytn\u00fdm autem do Adr\u0161pachu a Jesen\u00edk\u016f","robots":{"index":"index","follow":"follow","max-snippet":"max-snippet:-1","max-image-preview":"max-image-preview:large","max-video-preview":"max-video-preview:-1"},"canonical":"https:\/\/all4camper.com\/cs\/poprve-obytnym-autem-do-adrspachu-a-jeseniku\/","og_locale":"cs_CZ","og_type":"article","og_title":"Poprv\u00e9 obytn\u00fdm autem do Adr\u0161pachu a Jesen\u00edk\u016f","og_description":"All4Camper - Poprv\u00e9 obytn\u00fdm autem do Adr\u0161pachu a Jesen\u00edk\u016f","og_url":"https:\/\/all4camper.com\/cs\/poprve-obytnym-autem-do-adrspachu-a-jeseniku\/","og_site_name":"All4Camper","article_published_time":"2018-07-24T09:05:33+00:00","article_modified_time":"2019-12-15T13:25:48+00:00","og_image":[{"width":533,"height":400,"url":"https:\/\/all4camper.com\/wp-content\/uploads\/2018\/07\/Poprve-obytnym-vozem.jpg","type":"image\/jpeg"}],"author":"Od na\u0161ich \u010dten\u00e1\u0159\u016f","twitter_card":"summary_large_image","twitter_misc":{"Napsal(a)":"Od na\u0161ich \u010dten\u00e1\u0159\u016f","Odhadovan\u00e1 doba \u010dten\u00ed":"5 minut"},"schema":{"@context":"https:\/\/schema.org","@graph":[{"@type":"Article","@id":"https:\/\/all4camper.com\/cs\/poprve-obytnym-autem-do-adrspachu-a-jeseniku\/#article","isPartOf":{"@id":"https:\/\/all4camper.com\/cs\/poprve-obytnym-autem-do-adrspachu-a-jeseniku\/"},"author":{"name":"Od na\u0161ich \u010dten\u00e1\u0159\u016f","@id":"https:\/\/all4camper.com\/cs\/#\/schema\/person\/6e44acf123c404fdffce72310b6e0f1c"},"headline":"Poprv\u00e9 obytn\u00fdm autem do Adr\u0161pachu a Jesen\u00edk\u016f","datePublished":"2018-07-24T09:05:33+00:00","dateModified":"2019-12-15T13:25:48+00:00","mainEntityOfPage":{"@id":"https:\/\/all4camper.com\/cs\/poprve-obytnym-autem-do-adrspachu-a-jeseniku\/"},"wordCount":1104,"publisher":{"@id":"https:\/\/all4camper.com\/cs\/#organization"},"image":{"@id":"https:\/\/all4camper.com\/cs\/poprve-obytnym-autem-do-adrspachu-a-jeseniku\/#primaryimage"},"thumbnailUrl":"https:\/\/all4camper.com\/wp-content\/uploads\/2018\/07\/Poprve-obytnym-vozem.jpg","keywords":["\u010cechy","Cestopis"],"articleSection":["\u010cten\u00ed na cesty"],"inLanguage":"cs"},{"@type":"WebPage","@id":"https:\/\/all4camper.com\/cs\/poprve-obytnym-autem-do-adrspachu-a-jeseniku\/","url":"https:\/\/all4camper.com\/cs\/poprve-obytnym-autem-do-adrspachu-a-jeseniku\/","name":"Poprv\u00e9 obytn\u00fdm autem do Adr\u0161pachu a Jesen\u00edk\u016f","isPartOf":{"@id":"https:\/\/all4camper.com\/cs\/#website"},"primaryImageOfPage":{"@id":"https:\/\/all4camper.com\/cs\/poprve-obytnym-autem-do-adrspachu-a-jeseniku\/#primaryimage"},"image":{"@id":"https:\/\/all4camper.com\/cs\/poprve-obytnym-autem-do-adrspachu-a-jeseniku\/#primaryimage"},"thumbnailUrl":"https:\/\/all4camper.com\/wp-content\/uploads\/2018\/07\/Poprve-obytnym-vozem.jpg","datePublished":"2018-07-24T09:05:33+00:00","dateModified":"2019-12-15T13:25:48+00:00","description":"All4Camper - Poprv\u00e9 obytn\u00fdm autem do Adr\u0161pachu a Jesen\u00edk\u016f","breadcrumb":{"@id":"https:\/\/all4camper.com\/cs\/poprve-obytnym-autem-do-adrspachu-a-jeseniku\/#breadcrumb"},"inLanguage":"cs","potentialAction":[{"@type":"ReadAction","target":["https:\/\/all4camper.com\/cs\/poprve-obytnym-autem-do-adrspachu-a-jeseniku\/"]}]},{"@type":"ImageObject","inLanguage":"cs","@id":"https:\/\/all4camper.com\/cs\/poprve-obytnym-autem-do-adrspachu-a-jeseniku\/#primaryimage","url":"https:\/\/all4camper.com\/wp-content\/uploads\/2018\/07\/Poprve-obytnym-vozem.jpg","contentUrl":"https:\/\/all4camper.com\/wp-content\/uploads\/2018\/07\/Poprve-obytnym-vozem.jpg","width":533,"height":400},{"@type":"BreadcrumbList","@id":"https:\/\/all4camper.com\/cs\/poprve-obytnym-autem-do-adrspachu-a-jeseniku\/#breadcrumb","itemListElement":[{"@type":"ListItem","position":1,"name":"Dom\u016f","item":"https:\/\/all4camper.com\/cs\/"},{"@type":"ListItem","position":2,"name":"\u010cten\u00ed na cesty","item":"https:\/\/all4camper.com\/cs\/category\/magazin_all4camper\/"},{"@type":"ListItem","position":3,"name":"Poprv\u00e9 obytn\u00fdm autem do Adr\u0161pachu a Jesen\u00edk\u016f"}]},{"@type":"WebSite","@id":"https:\/\/all4camper.com\/cs\/#website","url":"https:\/\/all4camper.com\/cs\/","name":"All4Camper","description":"Nejv\u011bt\u0161\u00ed online magaz\u00edn o kempov\u00e1n\u00ed a karavaninku. V\u00edce jak 900 \u010dl\u00e1nk\u016f pln\u00fdch rad a tip\u016f o kempech a kempov\u00e1n\u00ed.","publisher":{"@id":"https:\/\/all4camper.com\/cs\/#organization"},"potentialAction":[{"@type":"SearchAction","target":{"@type":"EntryPoint","urlTemplate":"https:\/\/all4camper.com\/cs\/?s={search_term_string}"},"query-input":{"@type":"PropertyValueSpecification","valueRequired":true,"valueName":"search_term_string"}}],"inLanguage":"cs"},{"@type":"Organization","@id":"https:\/\/all4camper.com\/cs\/#organization","name":"All4Camper - kempujeme s Kl\u00e1rou","url":"https:\/\/all4camper.com\/cs\/","logo":{"@type":"ImageObject","inLanguage":"cs","@id":"https:\/\/all4camper.com\/cs\/#\/schema\/logo\/image\/","url":"https:\/\/all4camper.com\/wp-content\/uploads\/2018\/09\/novelogo.png","contentUrl":"https:\/\/all4camper.com\/wp-content\/uploads\/2018\/09\/novelogo.png","width":1520,"height":600,"caption":"All4Camper - kempujeme s Kl\u00e1rou"},"image":{"@id":"https:\/\/all4camper.com\/cs\/#\/schema\/logo\/image\/"}},{"@type":"Person","@id":"https:\/\/all4camper.com\/cs\/#\/schema\/person\/6e44acf123c404fdffce72310b6e0f1c","name":"Od na\u0161ich \u010dten\u00e1\u0159\u016f","url":"https:\/\/all4camper.com\/cs\/author\/od-nasich-ctenaru\/"}]}},"_links":{"self":[{"href":"https:\/\/all4camper.com\/cs\/wp-json\/wp\/v2\/posts\/68034","targetHints":{"allow":["GET"]}}],"collection":[{"href":"https:\/\/all4camper.com\/cs\/wp-json\/wp\/v2\/posts"}],"about":[{"href":"https:\/\/all4camper.com\/cs\/wp-json\/wp\/v2\/types\/post"}],"author":[{"embeddable":true,"href":"https:\/\/all4camper.com\/cs\/wp-json\/wp\/v2\/users\/27"}],"replies":[{"embeddable":true,"href":"https:\/\/all4camper.com\/cs\/wp-json\/wp\/v2\/comments?post=68034"}],"version-history":[{"count":0,"href":"https:\/\/all4camper.com\/cs\/wp-json\/wp\/v2\/posts\/68034\/revisions"}],"wp:featuredmedia":[{"embeddable":true,"href":"https:\/\/all4camper.com\/cs\/wp-json\/wp\/v2\/media\/68091"}],"wp:attachment":[{"href":"https:\/\/all4camper.com\/cs\/wp-json\/wp\/v2\/media?parent=68034"}],"wp:term":[{"taxonomy":"category","embeddable":true,"href":"https:\/\/all4camper.com\/cs\/wp-json\/wp\/v2\/categories?post=68034"},{"taxonomy":"post_tag","embeddable":true,"href":"https:\/\/all4camper.com\/cs\/wp-json\/wp\/v2\/tags?post=68034"}],"curies":[{"name":"wp","href":"https:\/\/api.w.org\/{rel}","templated":true}]}}