{"id":67682,"date":"2018-07-11T12:19:47","date_gmt":"2018-07-11T10:19:47","guid":{"rendered":"https:\/\/all4camper.com\/\/?p=67682"},"modified":"2020-04-21T14:49:59","modified_gmt":"2020-04-21T12:49:59","slug":"recko-2018-dovolena-v-kempu-mitari-na-chalkidiki","status":"publish","type":"post","link":"https:\/\/all4camper.com\/cs\/recko-2018-dovolena-v-kempu-mitari-na-chalkidiki\/","title":{"rendered":"\u0158ecko 2018 &#8211; dovolen\u00e1 v kempu Mitari na Chalkidiki"},"content":{"rendered":"<p>Na p\u0159elomu \u010dervna a \u010dervence 2018 se karavanista Pavel vydal na dovolenou do \u0158ecka. Jak\u00e1 byla jeho cesta do \u0158ecka, jak se mu l\u00edbilo v kempu Mitari a jak si to celkov\u011b s man\u017eelkou u\u017eil, se dozv\u00edte v jeho cestopisu.<\/p>\n<p><strong>\u0158ecko 2018 &#8211; p\u0159\u00edprava a pl\u00e1nov\u00e1n\u00ed<\/strong><\/p>\n<p><span style=\"font-weight: 400;\">Na z\u00e1klad\u011b \u010detnosti dotaz\u016f ohledn\u011b cesty do \u0158ecka jsem p\u0159ipravil malou rekapitulaci na\u0161eho v\u011bt\u0161\u00edho v\u00fdjezdu. <\/span><\/p>\n<p><span style=\"font-weight: 400;\">My\u0161lenka dovolen\u00e9 v&nbsp;\u0158ecku se zrodila p\u0159i tr\u00e1ven\u00ed v\u00e1no\u010dn\u00ed dovolen\u00e9 v&nbsp;term\u00e1ln\u00edch l\u00e1zn\u00edch ve vyh\u0159\u00e1t\u00e9m baz\u00e9nu, \u2026 kam jet do tepl\u00fdch krajin aby to bylo karavanem a byla dostupn\u00e1 vzd\u00e1lenost destinace. Co t\u0159eba \u0158ecko, a u\u017e to \u0161lo jedno po druh\u00e9m.&nbsp;<\/span><span style=\"font-weight: 400;\">V&nbsp;t\u00e9to zemi jsme je\u0161t\u011b nebyli a proto n\u00e1s to velice l\u00e1kalo. <\/span><\/p>\n<p><span style=\"font-weight: 400;\">Nastala doba p\u0159\u00edprav, mimochodem tuto \u010d\u00e1st m\u00e1m velice r\u00e1d, pl\u00e1nov\u00e1n\u00ed cesty, v\u00fdb\u011br vhodn\u00fdch m\u00edst k&nbsp;p\u0159esp\u00e1n\u00ed atd. Byly p\u0159e\u010dteny des\u00edtky r\u016fzn\u00fdch diskuz\u00ed a recenz\u00ed, kter\u00e9 se vztahovaly k&nbsp;tomuto t\u00e9matu. Nejv\u00edce jsem \u010derpal z&nbsp;<\/span><span style=\"font-weight: 400;\">caravan24<\/span><span style=\"font-weight: 400;\">&nbsp;a <\/span><a href=\"http:\/\/www.diskuze.recko-autem.cz\" target=\"_blank\" rel=\"noopener noreferrer\"><span style=\"font-weight: 400;\">diskuze.recko-autem.cz<\/span><\/a><span style=\"font-weight: 400;\">. <\/span><\/p>\n<p><span style=\"font-weight: 400;\">Trochu to p\u0159e\u017eenu, ale ve v\u00fdsledku ze \u010dten\u00ed v\u0161ech informac\u00ed vyplynulo nap\u0159., \u017ee bez \u010dist\u00e9ho pr\u016fjezdu Srbskem, v\u00e1s minim\u00e1ln\u011b zast\u0159el\u00ed, nebo p\u016fjdete zbytek cesty pe\u0161ky, proto\u017ee v\u00e1m rozeberou \u010di ukradnou auto i s&nbsp;karavanem a mo\u017en\u00e1 unesou i man\u017eelku &#8230;&nbsp;o tom ale a\u017e za chvilku.<\/span><\/p>\n<p><span style=\"font-weight: 400;\">P\u0159ed samotnou j\u00edzdou jsme si dop\u0159edu zajistili d\u00e1lni\u010dn\u00ed zn\u00e1mky v&nbsp;elektronick\u00e9 verzi pro Rakousko a Ma\u010farsko. Ve zbyl\u00fdch st\u00e1tech se plat\u00ed m\u00fdtn\u00e9. Pro pobyt v&nbsp;kempu vyu\u017e\u00edv\u00e1me kempingovou kartu ACSI, proto padl v\u00fdb\u011br zejm\u00e9na na mimo sez\u00f3nn\u00ed pobyt. Ten vych\u00e1zel na 17<\/span><span style=\"font-weight: 400;\">\u20ac <\/span><span style=\"font-weight: 400;\">za parcelu, 2 osoby, auto, karavan, elektrickou p\u0159\u00edpojku a denn\u00ed sprchu pro ka\u017ed\u00e9ho \u010dlena.<\/span><\/p>\n<p><span style=\"font-weight: 400;\">Itiner\u00e1\u0159 cesty byl sestaven tak aby to byla j\u00edzda na pohodu a ne n\u011bjak\u00e1 \u0161tvanice. P\u0159eci jen m\u00e1me dovolenou t\u0159\u00ed t\u00fddenn\u00ed dovolenou a to od 15.6. do 6.7.&nbsp;Trasa byla \u010cesk\u00e9 Bud\u011bjovice \u2013 Hal\u00e1mky \u2013 Rakousk\u00fd Horn \u2013 V\u00edde\u0148 (p\u0159ed V\u00eddn\u00ed n\u00e1jezd na d\u00e1lnici a po t\u00e9 se jelo prakticky a\u017e na n\u011bkolikakilometrov\u00fd kus v&nbsp;Srbsku a\u017e do \u0158ecka), Chalkidiki &#8211; Sithonia \u2013 Camping &nbsp;Mitari. Zp\u00e1te\u010dn\u00ed cesta byla stejn\u00e1.<\/span><\/p>\n<p><strong>Jedeme do dovolenou<\/strong><\/p>\n<p><span style=\"font-weight: 400;\">Auto nalo\u017eeno, p\u0159ev\u00e1\u017en\u011b proviantem, v&nbsp;rakvi p\u0159edstan a p\u00e1r dopl\u0148k\u016f pro kempov\u00e1n\u00ed, zapojit karavan a m\u016f\u017ee se pomalu vyrazit. <\/span><\/p>\n<p><span style=\"font-weight: 400;\">Vyj\u00ed\u017ed\u00edme v&nbsp;p\u00e1tek kolem 16 hodiny. S plnou n\u00e1dr\u017e\u00ed (celkem jich bylo p\u011bt \u2013 325 litr\u016f nafty) opou\u0161t\u00edme \u010ceskou republiku a za\u010d\u00edn\u00e1me kr\u00e1jet rakousk\u00e9 kilometry po par\u00e1dn\u00ed silnici a\u017e p\u0159ed V\u00edde\u0148 kde se naj\u00ed\u017ed\u00ed na d\u00e1lnici. <\/span><\/p>\n<p><span style=\"font-weight: 400;\">Pr\u016fjezd V\u00eddn\u00ed byl velice rychl\u00fd. Hranice Rakousko\/Ma\u010farsko a val\u00ed se d\u00e1l na Gy\u00f3r a Budape\u0161\u0165. P\u0159ed Budape\u0161t\u00ed si ohl\u00eddat odbo\u010den\u00ed na M0 m\u011bstsk\u00fd okruh a pokra\u010dovat na jih sm\u011br hrani\u010dn\u00ed p\u0159echod &nbsp;R\u00f6szke\/Horgo\u0161.&nbsp;<\/span><span style=\"font-weight: 400;\">Zde, p\u0159ed hranic\u00ed, tankujeme na posledn\u00ed ma\u010farsk\u00e9 \u010derpa\u010dce \u00d6MW, kde si i vyb\u00edr\u00e1me m\u00edsto k&nbsp;p\u0159esp\u00e1n\u00ed a po vydatn\u011bj\u0161\u00ed, skoro no\u010dn\u00ed ve\u010de\u0159i, ul\u00e9h\u00e1me ke sp\u00e1nku. <\/span><\/p>\n<p><span style=\"font-weight: 400;\">R\u00e1no, kolem sedm\u00e9 hodiny, opou\u0161t\u00edme Ma\u010farsko s&nbsp;n\u00e1ramn\u00fdm pocitem rychl\u00e9ho, asi desetiminutov\u00e9ho, pr\u016fjezdu hranic\u00ed. I zde byl velk\u00fd stra\u0161\u00e1k dlouh\u00fdch \u010dekac\u00edch dob, nebo\u0165 pr\u00fd tudy proj\u00ed\u017ed\u00ed asi miliarda n\u011bmeck\u00fdch Turk\u016f !!! N\u011bkdo vyu\u017e\u00edv\u00e1 nedalek\u00e9ho p\u0159echodu, kde nejsou autobusy ani kami\u00f3ny, ale otv\u00edrac\u00ed doba tohoto p\u0159echodu je pouze p\u0159es den. <\/span><\/p>\n<p><span style=\"font-weight: 400;\">A za\u010d\u00edn\u00e1 trochu nudn\u00e1 j\u00edzda Srbskem. Nechci se nikoho dotknout, ale Srbsko nen\u00ed zrovna na\u0161e krevn\u00ed skupina. Okol\u00ed d\u00e1lnice asi i trochu vypov\u00edd\u00e1 o zdej\u0161\u00ed situaci. Domy, dopravn\u00ed technika a podobn\u011b. <\/span><\/p>\n<p><span style=\"font-weight: 400;\">J\u00edzda touto zem\u00ed ub\u00edh\u00e1 pomalu, co by jsme v\u0161ak od rychlosti lehce p\u0159es 80km cht\u011bli. Tato rychlost, stejn\u011b jako v&nbsp;Ma\u010farsku, m\u016f\u017ee b\u00fdt kontrolov\u00e1na a je na ka\u017ed\u00e9m jak se s&nbsp;t\u00edm vyrovn\u00e1. V Srbsku jsou pr\u00fd \u00fadajn\u011b nainstalov\u00e1ny radary pro \u00fasekov\u00e9 m\u011b\u0159en\u00ed. K&nbsp;ve\u010deru vj\u00ed\u017ed\u00edme nedaleko m\u011bste\u010dka Vranje do kempu Enigma, kde n\u00e1s sympatick\u00fd majitel Roco v\u00edt\u00e1 v&nbsp;rodinn\u00e9m kempu.&nbsp;<\/span><span style=\"font-weight: 400;\">Po rychl\u00e9m zaparkov\u00e1n\u00ed, p\u0159ipojen\u00ed el. p\u0159\u00edpojky a spr\u0161e used\u00e1me do restaurace a s&nbsp;chut\u00ed si d\u00e1v\u00e1me m\u00edstn\u00ed vychlazen\u00e9 pivko a sledujeme fotbal v&nbsp;TV.<\/span><\/p>\n<p><img loading=\"lazy\" decoding=\"async\" class=\"size-full wp-image-67683 aligncenter\" src=\"https:\/\/all4camper.com\/\/wp-content\/uploads\/2018\/07\/Kemp-Enigma-Vranje.png\" alt=\"\" width=\"711\" height=\"400\" srcset=\"https:\/\/all4camper.com\/wp-content\/uploads\/2018\/07\/Kemp-Enigma-Vranje.png 711w, https:\/\/all4camper.com\/wp-content\/uploads\/2018\/07\/Kemp-Enigma-Vranje-300x169.png 300w, https:\/\/all4camper.com\/wp-content\/uploads\/2018\/07\/Kemp-Enigma-Vranje-150x84.png 150w, https:\/\/all4camper.com\/wp-content\/uploads\/2018\/07\/Kemp-Enigma-Vranje-678x381.png 678w\" sizes=\"auto, (max-width: 711px) 100vw, 711px\" \/><\/p>\n<p><span style=\"font-weight: 400;\">Noc v&nbsp;tomto transitn\u00edm kempu stoj\u00ed 20<\/span><span style=\"font-weight: 400;\">\u20ac.<\/span><span style=\"font-weight: 400;\">&nbsp;Ani jsme nevyu\u017eili dva baz\u00e9ny, kter\u00e9 jsou zde k&nbsp;dispozici. R\u00e1no opou\u0161t\u00edme kemp a zanedlouho p\u0159ij\u00ed\u017ed\u00edme na Srbsko\/Makedonskou hranici. Zde m\u00e1me men\u0161\u00ed, asi 20 minutov\u00e9, zdr\u017een\u00ed a hur\u00e1 vp\u0159ed. <\/span><\/p>\n<p><span style=\"font-weight: 400;\">V&nbsp;Makedonii tankujeme na frekventovan\u00e9 \u010derpa\u010dce, kde nafta vych\u00e1z\u00ed na 27,- K\u010d. Ani jsem ne\u010dekal tak kvalitn\u00ed d\u00e1lnici. Pr\u016fjezd Makedoni\u00ed byl bez probl\u00e9mu a bez zast\u00e1vek. P\u0159echod p\u0159es hranice op\u011bt bez komplikac\u00ed. Na v\u011bt\u0161\u00ed \u010derpa\u010dce s&nbsp;p\u0159ilehl\u00fdm parkovi\u0161t\u011bm, pergolou, lavicemi a d\u011btsk\u00fdm h\u0159i\u0161t\u011bm si dop\u0159\u00e1v\u00e1me rychl\u00fd ob\u011bd. Nesporn\u00e1 v\u00fdhoda karavanu s&nbsp;kuchy\u0148kou &#8211; \u017e\u00e1dn\u00e9 velk\u00e9 kucht\u011bn\u00ed, \u201eV\u00edde\u0148sk\u00fd gul\u00e1\u0161\u201c s&nbsp;kraj\u00edcem chleba, dobr\u00e1 k\u00e1va a pokra\u010dov\u00e1n\u00ed v&nbsp;cest\u011b. <\/span><\/p>\n<p><span style=\"font-weight: 400;\">V&nbsp;\u0158ecku se pohybujeme v\u011bt\u0161inou po d\u00e1lnici, chv\u00edlemi po \u0161irok\u00e9 dvouproudovce. V&nbsp;odpoledn\u00edch hodin\u00e1ch naj\u00ed\u017ed\u00edme do kempu \u201eCamping Mitari\u201c. Pasy ani ob\u010danku necht\u011bli, spokojili se pouze s&nbsp;kartou ACSI, kterou si tam nechali po celou dobu pobytu. Poslali n\u00e1s vybrat si parcelu, vyfasovali jsme \u010dip na sprchu a hur\u00e1 stav\u011bt na\u0161e t\u0159\u00edned\u011bln\u00ed s\u00eddlo.<\/span><\/p>\n<p><img loading=\"lazy\" decoding=\"async\" class=\"size-full wp-image-67692 aligncenter\" src=\"https:\/\/all4camper.com\/\/wp-content\/uploads\/2018\/07\/Camping-Mitari.jpg\" alt=\"\" width=\"521\" height=\"293\" srcset=\"https:\/\/all4camper.com\/wp-content\/uploads\/2018\/07\/Camping-Mitari.jpg 521w, https:\/\/all4camper.com\/wp-content\/uploads\/2018\/07\/Camping-Mitari-300x169.jpg 300w, https:\/\/all4camper.com\/wp-content\/uploads\/2018\/07\/Camping-Mitari-150x84.jpg 150w\" sizes=\"auto, (max-width: 521px) 100vw, 521px\" \/><\/p>\n<p><span style=\"font-weight: 400;\">Kemp samotn\u00fd je dost rozlehl\u00fd, asi \u00bc zab\u00edraj\u00ed celo sez\u00f3nn\u011b zaparkovan\u00e9 karavany. U n\u00e1s doma chaty, tady karavany u mo\u0159e, ale v\u0161echny vzorn\u011b upraven\u00e9 s&nbsp;p\u0159edstany, pergolami a podobn\u011b. Parcelu jsme m\u011bli vybranou pom\u011brn\u011b rychle, proto\u017ee v&nbsp;kempu bylo minimum lid\u00ed. Z&nbsp;m\u00edsta v\u00fdhled na mo\u0159e, na pl\u00e1\u017e cca 100 m, co v\u00edc si p\u0159\u00e1t.<\/span><\/p>\n<p><img loading=\"lazy\" decoding=\"async\" class=\"size-full wp-image-67701 aligncenter\" src=\"https:\/\/all4camper.com\/\/wp-content\/uploads\/2018\/07\/Camping-Mitari-2.jpg\" alt=\"\" width=\"666\" height=\"400\" srcset=\"https:\/\/all4camper.com\/wp-content\/uploads\/2018\/07\/Camping-Mitari-2.jpg 666w, https:\/\/all4camper.com\/wp-content\/uploads\/2018\/07\/Camping-Mitari-2-300x180.jpg 300w, https:\/\/all4camper.com\/wp-content\/uploads\/2018\/07\/Camping-Mitari-2-150x90.jpg 150w\" sizes=\"auto, (max-width: 666px) 100vw, 666px\" \/><\/p>\n<p><span style=\"font-weight: 400;\">Vybavenost kempu bych \u0159adil sp\u00ed\u0161 k&nbsp;t\u011bm st\u0159edn\u00edm (bohu\u017eel ne k&nbsp;t\u011bm na\u0161im). Vydl\u00e1\u017ed\u011bn\u00e9 cesty, \u010dist\u00e9 a navon\u011bn\u00e9 soci\u00e1ly, velk\u00fd bar nad pl\u00e1\u017e\u00ed, taverna a minimarket s dostate\u010dn\u00fdm v\u00fdb\u011brem potravinu pro b\u011b\u017en\u00fd n\u00e1kup z\u00e1kladn\u00edch surovin. <\/span><\/p>\n<p><span style=\"font-weight: 400;\">Kemp je situov\u00e1n v&nbsp;klidn\u00e9 \u010d\u00e1sti vesni\u010dky Elia. Je to sp\u00ed\u0161 takov\u00e1 samota, nikde nic, \u017e\u00e1dn\u00e1 atrakce, \u017e\u00e1dn\u00e1 promen\u00e1da, velk\u00fd klid. Pro n\u00e1s 50+ u\u017e bez d\u011bt\u00ed \u00fapln\u011b ide\u00e1ln\u00ed klidn\u00e9 m\u00edsto.&nbsp;<\/span><span style=\"font-weight: 400;\">Pro v\u011bt\u0161\u00ed n\u00e1kup jsme vyr\u00e1\u017eeli do osv\u011bd\u010den\u00e9ho Lidlu nach\u00e1zej\u00edc\u00edho se ve 12 km vzd\u00e1len\u00e9m m\u011bste\u010dku Nikiti , nebo do 8 km dalek\u00e9ho m\u011bsta Marmaras. Oboje jsme nav\u0161t\u00edvili n\u011bkolikr\u00e1t. Gyros, pizza a st\u00e1nky k&nbsp;dovolen\u00e9 samoz\u0159ejm\u011b pat\u0159\u00ed. <\/span><\/p>\n<p><span style=\"font-weight: 400;\">Po Sithonii &nbsp;d\u011bl\u00e1me n\u011bkolik v\u00fdlet\u016f. Asi nejhez\u010d\u00ed byl po v\u00fdchodn\u00ed stran\u011b poloostrova do Sarti a nechyb\u011bla ani povinn\u00e1 n\u00e1v\u0161t\u011bv\u00e1 n\u00e1dhern\u00e9 Orange Beach. Ochutn\u00e1vky m\u00edstn\u00edch pokrm\u016f byly v\u00fdte\u010dn\u00e9. Nap\u0159\u00edklad gyros s&nbsp;oblohou a hranolkami za 4\u20ac, pizza od 7\u20ac po gigapizzu za 12\u20ac, a to teda byl pro dva v\u00fdkon. Kopec zmrzliny za 1,20\u20ac, kilo melounu 0,29\u20ac, zelenina a ovoce v&nbsp;pr\u016fm\u011bru stejn\u011b jako u n\u00e1s.<\/span><\/p>\n<figure id=\"attachment_67710\" aria-describedby=\"caption-attachment-67710\" style=\"width: 711px\" class=\"wp-caption aligncenter\"><img loading=\"lazy\" decoding=\"async\" class=\"wp-image-67710 size-full\" src=\"https:\/\/all4camper.com\/\/wp-content\/uploads\/2018\/07\/Orange-Beach.png\" alt=\"\" width=\"711\" height=\"400\" srcset=\"https:\/\/all4camper.com\/wp-content\/uploads\/2018\/07\/Orange-Beach.png 711w, https:\/\/all4camper.com\/wp-content\/uploads\/2018\/07\/Orange-Beach-300x169.png 300w, https:\/\/all4camper.com\/wp-content\/uploads\/2018\/07\/Orange-Beach-150x84.png 150w, https:\/\/all4camper.com\/wp-content\/uploads\/2018\/07\/Orange-Beach-678x381.png 678w\" sizes=\"auto, (max-width: 711px) 100vw, 711px\" \/><figcaption id=\"caption-attachment-67710\" class=\"wp-caption-text\">Orange Beach<\/figcaption><\/figure>\n<p><span style=\"font-weight: 400;\">Celkov\u011b byl pobyt pohodov\u00fd, bezprobl\u00e9mov\u00fd, pr\u00e1zdn\u00e1 pl\u00e1\u017e, \u010dist\u00e9 a kr\u00e1sn\u011b zbarven\u00e9 tyrkysov\u00e9 mo\u0159e. Jedin\u00fd mal\u00fd \u0161kraloup na\u0161\u00ed dovolen\u00e9 byly dvoudenn\u00ed bou\u0159ky, ale bou\u0159ky s&nbsp;velk\u00fdm \u201eB\u201c, takov\u00e9 doma asi neza\u017eiju. Ale i to se dalo s&nbsp;p\u0159ehledem p\u0159e\u017e\u00edt a 4.7. dopoledne se vrac\u00edme stejnou cestou dom\u016f. U\u017e ne v\u0161ak v&nbsp;Srbsku do kempu, ale na v\u011bt\u0161\u00ed benzin\u011b, kde za plechovku vychlazen\u00e9ho piva m\u00edstn\u00edmu hl\u00edda\u010di s&nbsp;asistenc\u00ed 8 divok\u00fdch ps\u016f us\u00edn\u00e1me v&nbsp;klidu a m\u00edru. <\/span><\/p>\n<p><span style=\"font-weight: 400;\">Srbsko\/Ma\u010farsk\u00fd p\u0159echod Horgo\u0161 zvl\u00e1d\u00e1me asi za 35 minut a druh\u00fd sp\u00e1nek n\u00e1m vych\u00e1z\u00ed na konci okruhu M0 za Budape\u0161t\u00ed. Pr\u016fjezd Rakouskem v&nbsp;naprost\u00e9m po\u0159\u00e1dku a domu coby kamenem dohodil \u263a. N\u011bkdo \u0159\u00edk\u00e1, \u017ee Chalkidiki je \u010desk\u00e1 vesnice, no celkem jsme potkali asi 4 \u010desk\u00e9 pos\u00e1dky, samoz\u0159ejm\u011b v&nbsp;rozjet\u00e9 sez\u00f3n\u011b je to asi jin\u00e9. <\/span><\/p>\n<p><strong>Na z\u00e1v\u011br p\u0159ikl\u00e1d\u00e1m p\u00e1r \u010d\u00edsel.<\/strong><\/p>\n<p><span style=\"font-weight: 400;\">Dovolen\u00e1 od 15.6. do 6.7. Z toho 17 dn\u00ed v kempu Mitari (\u0158ecko, 14 dn\u00ed s kartou ACSI za 17\u20ac) + 1 den v kempu Vranje (Srbsko), 3x nocov\u00e1n\u00ed na \u010derpac\u00ed stanici. <\/span><\/p>\n<p><span style=\"font-weight: 400;\"> Projeto 6 st\u00e1t\u016f s celkov\u00fdm n\u00e1jezdem 3396 km a pr\u016fm\u011brnou spot\u0159ebou cca 9,86 l\/100 km. Co\u017e s tak t\u011b\u017ek\u00fdm karavanem asi ok.<\/span><\/p>\n<p><span style=\"font-weight: 400;\">Samotn\u00e1 cesta s poplatky vych\u00e1z\u00ed na 12000,-K\u010d<\/span><\/p>\n<p><span style=\"font-weight: 400;\">Pobyt stoji 289\u20ac = 7363,-k\u010d (\u0158ecko) + 20\u20ac = 437,-k\u010d (Srbsko).<\/span><\/p>\n<p><span style=\"font-weight: 400;\"> Souhrn:<\/span><\/p>\n<p><span style=\"font-weight: 400;\">3 ned\u011bln\u00ed dovolen\u00e1 v \u0158ecku, 2 osoby s karavanem vych\u00e1z\u00ed na 19800,-k\u010d. &nbsp;<\/span><\/p>\n<p><span style=\"font-weight: 400;\">Dal\u0161\u00ed m\u00e9 p\u0159\u00edsp\u011bvky si m\u016f\u017eete p\u0159e\u010d\u00edst na&nbsp;&nbsp;<a href=\"http:\/\/www.karavanem.webnode.cz\" target=\"_blank\" rel=\"noopener noreferrer\">karavanem.webnode.cz<\/a><\/span><\/p>\n<p><strong>Pavel<\/strong><\/p>\n","protected":false},"excerpt":{"rendered":"<p>Na p\u0159elomu \u010dervna a \u010dervence 2018 se karavanista Pavel vydal na dovolenou do \u0158ecka. Jak\u00e1 byla jeho cesta do \u0158ecka, jak se mu l\u00edbilo v kempu Mitari a jak si to celkov\u011b s man\u017eelkou u\u017eil, se dozv\u00edte v jeho cestopisu. \u0158ecko 2018 &#8211; p\u0159\u00edprava a pl\u00e1nov\u00e1n\u00ed Na z\u00e1klad\u011b \u010detnosti dotaz\u016f ohledn\u011b cesty do \u0158ecka jsem [&hellip;]<\/p>\n","protected":false},"author":27,"featured_media":67692,"comment_status":"closed","ping_status":"open","sticky":false,"template":"","format":"standard","meta":{"_monsterinsights_skip_tracking":false,"_monsterinsights_sitenote_active":false,"_monsterinsights_sitenote_note":"","_monsterinsights_sitenote_category":0,"footnotes":""},"categories":[68,2373],"tags":[101,383,114],"class_list":{"0":"post-67682","1":"post","2":"type-post","3":"status-publish","4":"format-standard","5":"has-post-thumbnail","7":"category-kempovani-a-zajimave-cile","8":"category-ostatni-zeme","9":"tag-kempy-1","10":"tag-ostatni-zeme","11":"tag-recko"},"yoast_head":"<!-- This site is optimized with the Yoast SEO plugin v27.5 - https:\/\/yoast.com\/product\/yoast-seo-wordpress\/ -->\n<title>\u0158ecko 2018 \u2013 dovolen\u00e1 v kempu Mitari na Chalkidiki<\/title>\n<meta name=\"description\" content=\"\u0158ecko 2018 \u2013 dovolen\u00e1 v kempu Mitari na Chalkidiki\" \/>\n<meta name=\"robots\" content=\"index, follow, max-snippet:-1, max-image-preview:large, max-video-preview:-1\" \/>\n<link rel=\"canonical\" href=\"https:\/\/all4camper.com\/cs\/recko-2018-dovolena-v-kempu-mitari-na-chalkidiki\/\" \/>\n<meta property=\"og:locale\" content=\"cs_CZ\" \/>\n<meta property=\"og:type\" content=\"article\" \/>\n<meta property=\"og:title\" content=\"\u0158ecko 2018 \u2013 dovolen\u00e1 v kempu Mitari na Chalkidiki\" \/>\n<meta property=\"og:description\" content=\"\u0158ecko 2018 \u2013 dovolen\u00e1 v kempu Mitari na Chalkidiki\" \/>\n<meta property=\"og:url\" content=\"https:\/\/all4camper.com\/cs\/recko-2018-dovolena-v-kempu-mitari-na-chalkidiki\/\" \/>\n<meta property=\"og:site_name\" content=\"All4Camper\" \/>\n<meta property=\"article:published_time\" content=\"2018-07-11T10:19:47+00:00\" \/>\n<meta property=\"article:modified_time\" content=\"2020-04-21T12:49:59+00:00\" \/>\n<meta property=\"og:image\" content=\"https:\/\/all4camper.com\/wp-content\/uploads\/2018\/07\/Camping-Mitari.jpg\" \/>\n\t<meta property=\"og:image:width\" content=\"521\" \/>\n\t<meta property=\"og:image:height\" content=\"293\" \/>\n\t<meta property=\"og:image:type\" content=\"image\/jpeg\" \/>\n<meta name=\"author\" content=\"Od na\u0161ich \u010dten\u00e1\u0159\u016f\" \/>\n<meta name=\"twitter:card\" content=\"summary_large_image\" \/>\n<meta name=\"twitter:label1\" content=\"Napsal(a)\" \/>\n\t<meta name=\"twitter:data1\" content=\"Od na\u0161ich \u010dten\u00e1\u0159\u016f\" \/>\n\t<meta name=\"twitter:label2\" content=\"Odhadovan\u00e1 doba \u010dten\u00ed\" \/>\n\t<meta name=\"twitter:data2\" content=\"8 minut\" \/>\n<script type=\"application\/ld+json\" class=\"yoast-schema-graph\">{\"@context\":\"https:\\\/\\\/schema.org\",\"@graph\":[{\"@type\":\"Article\",\"@id\":\"https:\\\/\\\/all4camper.com\\\/cs\\\/recko-2018-dovolena-v-kempu-mitari-na-chalkidiki\\\/#article\",\"isPartOf\":{\"@id\":\"https:\\\/\\\/all4camper.com\\\/cs\\\/recko-2018-dovolena-v-kempu-mitari-na-chalkidiki\\\/\"},\"author\":{\"name\":\"Od na\u0161ich \u010dten\u00e1\u0159\u016f\",\"@id\":\"https:\\\/\\\/all4camper.com\\\/cs\\\/#\\\/schema\\\/person\\\/6e44acf123c404fdffce72310b6e0f1c\"},\"headline\":\"\u0158ecko 2018 &#8211; dovolen\u00e1 v kempu Mitari na Chalkidiki\",\"datePublished\":\"2018-07-11T10:19:47+00:00\",\"dateModified\":\"2020-04-21T12:49:59+00:00\",\"mainEntityOfPage\":{\"@id\":\"https:\\\/\\\/all4camper.com\\\/cs\\\/recko-2018-dovolena-v-kempu-mitari-na-chalkidiki\\\/\"},\"wordCount\":1656,\"publisher\":{\"@id\":\"https:\\\/\\\/all4camper.com\\\/cs\\\/#organization\"},\"image\":{\"@id\":\"https:\\\/\\\/all4camper.com\\\/cs\\\/recko-2018-dovolena-v-kempu-mitari-na-chalkidiki\\\/#primaryimage\"},\"thumbnailUrl\":\"https:\\\/\\\/all4camper.com\\\/wp-content\\\/uploads\\\/2018\\\/07\\\/Camping-Mitari.jpg\",\"keywords\":[\"Kempy a kempovac\u00ed m\u00edsta\",\"Ostatn\u00ed zem\u011b\",\"\u0158ecko\"],\"articleSection\":[\"Kempy a zaj\u00edmav\u00e1 m\u00edsta\",\"Ostatn\u00ed zem\u011b\"],\"inLanguage\":\"cs\"},{\"@type\":\"WebPage\",\"@id\":\"https:\\\/\\\/all4camper.com\\\/cs\\\/recko-2018-dovolena-v-kempu-mitari-na-chalkidiki\\\/\",\"url\":\"https:\\\/\\\/all4camper.com\\\/cs\\\/recko-2018-dovolena-v-kempu-mitari-na-chalkidiki\\\/\",\"name\":\"\u0158ecko 2018 \u2013 dovolen\u00e1 v kempu Mitari na Chalkidiki\",\"isPartOf\":{\"@id\":\"https:\\\/\\\/all4camper.com\\\/cs\\\/#website\"},\"primaryImageOfPage\":{\"@id\":\"https:\\\/\\\/all4camper.com\\\/cs\\\/recko-2018-dovolena-v-kempu-mitari-na-chalkidiki\\\/#primaryimage\"},\"image\":{\"@id\":\"https:\\\/\\\/all4camper.com\\\/cs\\\/recko-2018-dovolena-v-kempu-mitari-na-chalkidiki\\\/#primaryimage\"},\"thumbnailUrl\":\"https:\\\/\\\/all4camper.com\\\/wp-content\\\/uploads\\\/2018\\\/07\\\/Camping-Mitari.jpg\",\"datePublished\":\"2018-07-11T10:19:47+00:00\",\"dateModified\":\"2020-04-21T12:49:59+00:00\",\"description\":\"\u0158ecko 2018 \u2013 dovolen\u00e1 v kempu Mitari na Chalkidiki\",\"breadcrumb\":{\"@id\":\"https:\\\/\\\/all4camper.com\\\/cs\\\/recko-2018-dovolena-v-kempu-mitari-na-chalkidiki\\\/#breadcrumb\"},\"inLanguage\":\"cs\",\"potentialAction\":[{\"@type\":\"ReadAction\",\"target\":[\"https:\\\/\\\/all4camper.com\\\/cs\\\/recko-2018-dovolena-v-kempu-mitari-na-chalkidiki\\\/\"]}]},{\"@type\":\"ImageObject\",\"inLanguage\":\"cs\",\"@id\":\"https:\\\/\\\/all4camper.com\\\/cs\\\/recko-2018-dovolena-v-kempu-mitari-na-chalkidiki\\\/#primaryimage\",\"url\":\"https:\\\/\\\/all4camper.com\\\/wp-content\\\/uploads\\\/2018\\\/07\\\/Camping-Mitari.jpg\",\"contentUrl\":\"https:\\\/\\\/all4camper.com\\\/wp-content\\\/uploads\\\/2018\\\/07\\\/Camping-Mitari.jpg\",\"width\":521,\"height\":293},{\"@type\":\"BreadcrumbList\",\"@id\":\"https:\\\/\\\/all4camper.com\\\/cs\\\/recko-2018-dovolena-v-kempu-mitari-na-chalkidiki\\\/#breadcrumb\",\"itemListElement\":[{\"@type\":\"ListItem\",\"position\":1,\"name\":\"Dom\u016f\",\"item\":\"https:\\\/\\\/all4camper.com\\\/cs\\\/\"},{\"@type\":\"ListItem\",\"position\":2,\"name\":\"Kempy a zaj\u00edmav\u00e1 m\u00edsta\",\"item\":\"https:\\\/\\\/all4camper.com\\\/cs\\\/category\\\/kempovani-a-zajimave-cile\\\/\"},{\"@type\":\"ListItem\",\"position\":3,\"name\":\"\u0158ecko 2018 &#8211; dovolen\u00e1 v kempu Mitari na Chalkidiki\"}]},{\"@type\":\"WebSite\",\"@id\":\"https:\\\/\\\/all4camper.com\\\/cs\\\/#website\",\"url\":\"https:\\\/\\\/all4camper.com\\\/cs\\\/\",\"name\":\"All4Camper\",\"description\":\"Nejv\u011bt\u0161\u00ed online magaz\u00edn o kempov\u00e1n\u00ed a karavaninku. V\u00edce jak 900 \u010dl\u00e1nk\u016f pln\u00fdch rad a tip\u016f o kempech a kempov\u00e1n\u00ed.\",\"publisher\":{\"@id\":\"https:\\\/\\\/all4camper.com\\\/cs\\\/#organization\"},\"potentialAction\":[{\"@type\":\"SearchAction\",\"target\":{\"@type\":\"EntryPoint\",\"urlTemplate\":\"https:\\\/\\\/all4camper.com\\\/cs\\\/?s={search_term_string}\"},\"query-input\":{\"@type\":\"PropertyValueSpecification\",\"valueRequired\":true,\"valueName\":\"search_term_string\"}}],\"inLanguage\":\"cs\"},{\"@type\":\"Organization\",\"@id\":\"https:\\\/\\\/all4camper.com\\\/cs\\\/#organization\",\"name\":\"All4Camper - kempujeme s Kl\u00e1rou\",\"url\":\"https:\\\/\\\/all4camper.com\\\/cs\\\/\",\"logo\":{\"@type\":\"ImageObject\",\"inLanguage\":\"cs\",\"@id\":\"https:\\\/\\\/all4camper.com\\\/cs\\\/#\\\/schema\\\/logo\\\/image\\\/\",\"url\":\"https:\\\/\\\/all4camper.com\\\/wp-content\\\/uploads\\\/2018\\\/09\\\/novelogo.png\",\"contentUrl\":\"https:\\\/\\\/all4camper.com\\\/wp-content\\\/uploads\\\/2018\\\/09\\\/novelogo.png\",\"width\":1520,\"height\":600,\"caption\":\"All4Camper - kempujeme s Kl\u00e1rou\"},\"image\":{\"@id\":\"https:\\\/\\\/all4camper.com\\\/cs\\\/#\\\/schema\\\/logo\\\/image\\\/\"}},{\"@type\":\"Person\",\"@id\":\"https:\\\/\\\/all4camper.com\\\/cs\\\/#\\\/schema\\\/person\\\/6e44acf123c404fdffce72310b6e0f1c\",\"name\":\"Od na\u0161ich \u010dten\u00e1\u0159\u016f\",\"url\":\"https:\\\/\\\/all4camper.com\\\/cs\\\/author\\\/od-nasich-ctenaru\\\/\"}]}<\/script>\n<!-- \/ Yoast SEO plugin. -->","yoast_head_json":{"title":"\u0158ecko 2018 \u2013 dovolen\u00e1 v kempu Mitari na Chalkidiki","description":"\u0158ecko 2018 \u2013 dovolen\u00e1 v kempu Mitari na Chalkidiki","robots":{"index":"index","follow":"follow","max-snippet":"max-snippet:-1","max-image-preview":"max-image-preview:large","max-video-preview":"max-video-preview:-1"},"canonical":"https:\/\/all4camper.com\/cs\/recko-2018-dovolena-v-kempu-mitari-na-chalkidiki\/","og_locale":"cs_CZ","og_type":"article","og_title":"\u0158ecko 2018 \u2013 dovolen\u00e1 v kempu Mitari na Chalkidiki","og_description":"\u0158ecko 2018 \u2013 dovolen\u00e1 v kempu Mitari na Chalkidiki","og_url":"https:\/\/all4camper.com\/cs\/recko-2018-dovolena-v-kempu-mitari-na-chalkidiki\/","og_site_name":"All4Camper","article_published_time":"2018-07-11T10:19:47+00:00","article_modified_time":"2020-04-21T12:49:59+00:00","og_image":[{"width":521,"height":293,"url":"https:\/\/all4camper.com\/wp-content\/uploads\/2018\/07\/Camping-Mitari.jpg","type":"image\/jpeg"}],"author":"Od na\u0161ich \u010dten\u00e1\u0159\u016f","twitter_card":"summary_large_image","twitter_misc":{"Napsal(a)":"Od na\u0161ich \u010dten\u00e1\u0159\u016f","Odhadovan\u00e1 doba \u010dten\u00ed":"8 minut"},"schema":{"@context":"https:\/\/schema.org","@graph":[{"@type":"Article","@id":"https:\/\/all4camper.com\/cs\/recko-2018-dovolena-v-kempu-mitari-na-chalkidiki\/#article","isPartOf":{"@id":"https:\/\/all4camper.com\/cs\/recko-2018-dovolena-v-kempu-mitari-na-chalkidiki\/"},"author":{"name":"Od na\u0161ich \u010dten\u00e1\u0159\u016f","@id":"https:\/\/all4camper.com\/cs\/#\/schema\/person\/6e44acf123c404fdffce72310b6e0f1c"},"headline":"\u0158ecko 2018 &#8211; dovolen\u00e1 v kempu Mitari na Chalkidiki","datePublished":"2018-07-11T10:19:47+00:00","dateModified":"2020-04-21T12:49:59+00:00","mainEntityOfPage":{"@id":"https:\/\/all4camper.com\/cs\/recko-2018-dovolena-v-kempu-mitari-na-chalkidiki\/"},"wordCount":1656,"publisher":{"@id":"https:\/\/all4camper.com\/cs\/#organization"},"image":{"@id":"https:\/\/all4camper.com\/cs\/recko-2018-dovolena-v-kempu-mitari-na-chalkidiki\/#primaryimage"},"thumbnailUrl":"https:\/\/all4camper.com\/wp-content\/uploads\/2018\/07\/Camping-Mitari.jpg","keywords":["Kempy a kempovac\u00ed m\u00edsta","Ostatn\u00ed zem\u011b","\u0158ecko"],"articleSection":["Kempy a zaj\u00edmav\u00e1 m\u00edsta","Ostatn\u00ed zem\u011b"],"inLanguage":"cs"},{"@type":"WebPage","@id":"https:\/\/all4camper.com\/cs\/recko-2018-dovolena-v-kempu-mitari-na-chalkidiki\/","url":"https:\/\/all4camper.com\/cs\/recko-2018-dovolena-v-kempu-mitari-na-chalkidiki\/","name":"\u0158ecko 2018 \u2013 dovolen\u00e1 v kempu Mitari na Chalkidiki","isPartOf":{"@id":"https:\/\/all4camper.com\/cs\/#website"},"primaryImageOfPage":{"@id":"https:\/\/all4camper.com\/cs\/recko-2018-dovolena-v-kempu-mitari-na-chalkidiki\/#primaryimage"},"image":{"@id":"https:\/\/all4camper.com\/cs\/recko-2018-dovolena-v-kempu-mitari-na-chalkidiki\/#primaryimage"},"thumbnailUrl":"https:\/\/all4camper.com\/wp-content\/uploads\/2018\/07\/Camping-Mitari.jpg","datePublished":"2018-07-11T10:19:47+00:00","dateModified":"2020-04-21T12:49:59+00:00","description":"\u0158ecko 2018 \u2013 dovolen\u00e1 v kempu Mitari na Chalkidiki","breadcrumb":{"@id":"https:\/\/all4camper.com\/cs\/recko-2018-dovolena-v-kempu-mitari-na-chalkidiki\/#breadcrumb"},"inLanguage":"cs","potentialAction":[{"@type":"ReadAction","target":["https:\/\/all4camper.com\/cs\/recko-2018-dovolena-v-kempu-mitari-na-chalkidiki\/"]}]},{"@type":"ImageObject","inLanguage":"cs","@id":"https:\/\/all4camper.com\/cs\/recko-2018-dovolena-v-kempu-mitari-na-chalkidiki\/#primaryimage","url":"https:\/\/all4camper.com\/wp-content\/uploads\/2018\/07\/Camping-Mitari.jpg","contentUrl":"https:\/\/all4camper.com\/wp-content\/uploads\/2018\/07\/Camping-Mitari.jpg","width":521,"height":293},{"@type":"BreadcrumbList","@id":"https:\/\/all4camper.com\/cs\/recko-2018-dovolena-v-kempu-mitari-na-chalkidiki\/#breadcrumb","itemListElement":[{"@type":"ListItem","position":1,"name":"Dom\u016f","item":"https:\/\/all4camper.com\/cs\/"},{"@type":"ListItem","position":2,"name":"Kempy a zaj\u00edmav\u00e1 m\u00edsta","item":"https:\/\/all4camper.com\/cs\/category\/kempovani-a-zajimave-cile\/"},{"@type":"ListItem","position":3,"name":"\u0158ecko 2018 &#8211; dovolen\u00e1 v kempu Mitari na Chalkidiki"}]},{"@type":"WebSite","@id":"https:\/\/all4camper.com\/cs\/#website","url":"https:\/\/all4camper.com\/cs\/","name":"All4Camper","description":"Nejv\u011bt\u0161\u00ed online magaz\u00edn o kempov\u00e1n\u00ed a karavaninku. V\u00edce jak 900 \u010dl\u00e1nk\u016f pln\u00fdch rad a tip\u016f o kempech a kempov\u00e1n\u00ed.","publisher":{"@id":"https:\/\/all4camper.com\/cs\/#organization"},"potentialAction":[{"@type":"SearchAction","target":{"@type":"EntryPoint","urlTemplate":"https:\/\/all4camper.com\/cs\/?s={search_term_string}"},"query-input":{"@type":"PropertyValueSpecification","valueRequired":true,"valueName":"search_term_string"}}],"inLanguage":"cs"},{"@type":"Organization","@id":"https:\/\/all4camper.com\/cs\/#organization","name":"All4Camper - kempujeme s Kl\u00e1rou","url":"https:\/\/all4camper.com\/cs\/","logo":{"@type":"ImageObject","inLanguage":"cs","@id":"https:\/\/all4camper.com\/cs\/#\/schema\/logo\/image\/","url":"https:\/\/all4camper.com\/wp-content\/uploads\/2018\/09\/novelogo.png","contentUrl":"https:\/\/all4camper.com\/wp-content\/uploads\/2018\/09\/novelogo.png","width":1520,"height":600,"caption":"All4Camper - kempujeme s Kl\u00e1rou"},"image":{"@id":"https:\/\/all4camper.com\/cs\/#\/schema\/logo\/image\/"}},{"@type":"Person","@id":"https:\/\/all4camper.com\/cs\/#\/schema\/person\/6e44acf123c404fdffce72310b6e0f1c","name":"Od na\u0161ich \u010dten\u00e1\u0159\u016f","url":"https:\/\/all4camper.com\/cs\/author\/od-nasich-ctenaru\/"}]}},"_links":{"self":[{"href":"https:\/\/all4camper.com\/cs\/wp-json\/wp\/v2\/posts\/67682","targetHints":{"allow":["GET"]}}],"collection":[{"href":"https:\/\/all4camper.com\/cs\/wp-json\/wp\/v2\/posts"}],"about":[{"href":"https:\/\/all4camper.com\/cs\/wp-json\/wp\/v2\/types\/post"}],"author":[{"embeddable":true,"href":"https:\/\/all4camper.com\/cs\/wp-json\/wp\/v2\/users\/27"}],"replies":[{"embeddable":true,"href":"https:\/\/all4camper.com\/cs\/wp-json\/wp\/v2\/comments?post=67682"}],"version-history":[{"count":0,"href":"https:\/\/all4camper.com\/cs\/wp-json\/wp\/v2\/posts\/67682\/revisions"}],"wp:featuredmedia":[{"embeddable":true,"href":"https:\/\/all4camper.com\/cs\/wp-json\/wp\/v2\/media\/67692"}],"wp:attachment":[{"href":"https:\/\/all4camper.com\/cs\/wp-json\/wp\/v2\/media?parent=67682"}],"wp:term":[{"taxonomy":"category","embeddable":true,"href":"https:\/\/all4camper.com\/cs\/wp-json\/wp\/v2\/categories?post=67682"},{"taxonomy":"post_tag","embeddable":true,"href":"https:\/\/all4camper.com\/cs\/wp-json\/wp\/v2\/tags?post=67682"}],"curies":[{"name":"wp","href":"https:\/\/api.w.org\/{rel}","templated":true}]}}