{"id":62133,"date":"2018-06-27T15:39:15","date_gmt":"2018-06-27T13:39:15","guid":{"rendered":"https:\/\/all4camper.com\/\/?p=62133"},"modified":"2019-12-15T14:27:57","modified_gmt":"2019-12-15T13:27:57","slug":"nase-prvni-dovolena-obytnym-vozem-rakousko-italie-slovinsko-a-svycarsko","status":"publish","type":"post","link":"https:\/\/all4camper.com\/cs\/nase-prvni-dovolena-obytnym-vozem-rakousko-italie-slovinsko-a-svycarsko\/","title":{"rendered":"Na\u0161e prvn\u00ed dovolen\u00e1 obytn\u00fdm vozem &#8211; Rakousko, It\u00e1lie, Slovinsko a \u0160v\u00fdcarsko"},"content":{"rendered":"<p>M\u00e1me r\u00e1di aktivn\u00ed dovolen\u00e9 a cht\u011bli jsme letos vid\u011bt spoustu v\u011bc\u00ed, ka\u017ed\u00fd z&nbsp;n\u00e1s v\u0161ak n\u011bco jin\u00e9ho, a tak jedinou mo\u017enost\u00ed, kdy za deset dn\u00ed uvid\u00edme v\u0161e, co jsme si zhruba napl\u00e1novali, byl pron\u00e1jem obytn\u00e9ho vozu.<\/p>\n<p>Zpo\u010d\u00e1tku jsme m\u011bli obavy, ale zv\u011bdavost n\u00e1m nedala sp\u00e1t, a tak jsme se pustili do detailn\u00edho pl\u00e1nov\u00e1n\u00ed cesty, studov\u00e1n\u00ed map, m\u00edst ke kempov\u00e1n\u00ed, m\u00edst k dopl\u0148ov\u00e1n\u00ed vody do karavanu a n\u00e1kupu potravin na po\u010d\u00e1tek cesty. Cel\u00e1 rodina se na tuto dobrodru\u017enou v\u00fdpravu t\u011b\u0161ila.<\/p>\n<p><img loading=\"lazy\" decoding=\"async\" class=\"size-full wp-image-62132 aligncenter\" src=\"https:\/\/all4camper.com\/\/wp-content\/uploads\/2018\/06\/potap\u011b\u010di.jpg\" alt=\"\" width=\"533\" height=\"400\" srcset=\"https:\/\/all4camper.com\/wp-content\/uploads\/2018\/06\/potap\u011b\u010di.jpg 533w, https:\/\/all4camper.com\/wp-content\/uploads\/2018\/06\/potap\u011b\u010di-300x225.jpg 300w, https:\/\/all4camper.com\/wp-content\/uploads\/2018\/06\/potap\u011b\u010di-150x113.jpg 150w, https:\/\/all4camper.com\/wp-content\/uploads\/2018\/06\/potap\u011b\u010di-326x245.jpg 326w, https:\/\/all4camper.com\/wp-content\/uploads\/2018\/06\/potap\u011b\u010di-80x60.jpg 80w\" sizes=\"auto, (max-width: 533px) 100vw, 533px\" \/><\/p>\n<p><strong>9. 6. 2018 nastal o\u010dek\u00e1van\u00fd den D a my kone\u010dn\u011b vyrazili na na\u0161i vysn\u011bnou dovolenou.<\/strong><\/p>\n<p>Vydali jsme se sm\u011brem do Rakouska, d\u00e1l p\u0159es V\u00edde\u0148, a na\u0161\u00ed <strong>prvn\u00ed zast\u00e1vkou bylo kr\u00e1sn\u00e9 jezero W\u0151rthersee,<\/strong> konkr\u00e9tn\u011b m\u011bsto Klagenfurt, kter\u00e9 je ur\u010den\u00e9 k&nbsp;relaxaci turist\u016f i m\u00edstn\u00edch obyvatel, &nbsp;k j\u00edzd\u011b na kole, proch\u00e1zk\u00e1m po molech, v&nbsp;parku, koup\u00e1n\u00ed se \u010di posezen\u00ed v&nbsp;restaurac\u00edch s&nbsp;dobr\u00fdm j\u00eddlem i pit\u00edm.<\/p>\n<p><img loading=\"lazy\" decoding=\"async\" class=\"size-full wp-image-62135 aligncenter\" src=\"https:\/\/all4camper.com\/\/wp-content\/uploads\/2018\/06\/prvni-dovolena-obytnym-vozem.jpg\" alt=\"\" width=\"600\" height=\"400\" srcset=\"https:\/\/all4camper.com\/wp-content\/uploads\/2018\/06\/prvni-dovolena-obytnym-vozem.jpg 600w, https:\/\/all4camper.com\/wp-content\/uploads\/2018\/06\/prvni-dovolena-obytnym-vozem-300x200.jpg 300w, https:\/\/all4camper.com\/wp-content\/uploads\/2018\/06\/prvni-dovolena-obytnym-vozem-150x100.jpg 150w\" sizes=\"auto, (max-width: 600px) 100vw, 600px\" \/><\/p>\n<p>Po kr\u00e1tk\u00e9m odpo\u010dinku a osv\u011b\u017een\u00ed nohou v&nbsp;jeze\u0159e, jsme pokra\u010dovali do It\u00e1lie, kde jsme str\u00e1vili prvn\u00ed&nbsp;<strong>noc u jezera Lago Di Fusine<\/strong>&nbsp;(horn\u00ed a doln\u00ed). N\u00e1dhern\u011bj\u0161\u00ed zelenomodrou vodu jsme snad je\u0161t\u011b nevid\u011bli. Kolem jezera vid\u00edte vysok\u00e9 \u0161t\u00edty hor a kolem dokola&nbsp; lesy a louky.<\/p>\n<p><img loading=\"lazy\" decoding=\"async\" class=\"size-full wp-image-62137 aligncenter\" src=\"https:\/\/all4camper.com\/\/wp-content\/uploads\/2018\/06\/prvni-dovolena-obytnym-vozem-2-1.jpg\" alt=\"\" width=\"268\" height=\"400\" srcset=\"https:\/\/all4camper.com\/wp-content\/uploads\/2018\/06\/prvni-dovolena-obytnym-vozem-2-1.jpg 268w, https:\/\/all4camper.com\/wp-content\/uploads\/2018\/06\/prvni-dovolena-obytnym-vozem-2-1-201x300.jpg 201w, https:\/\/all4camper.com\/wp-content\/uploads\/2018\/06\/prvni-dovolena-obytnym-vozem-2-1-101x150.jpg 101w\" sizes=\"auto, (max-width: 268px) 100vw, 268px\" \/><\/p>\n<p>Parkovi\u0161t\u011b (vlastn\u011b st\u00e1n\u00ed) u horn\u00edho jezera je ur\u010den\u00e9 hlavn\u011b pro karavany. Jedn\u00e1 se o parkovi\u0161t\u011b vybaven\u00e9 soci\u00e1ln\u00edm za\u0159\u00edzen\u00edm, av\u0161ak pozor, nen\u00ed tam mo\u017enost p\u0159ipojen\u00ed na elekt\u0159inu ani dopln\u011bn\u00ed vody.<\/p>\n<p><img loading=\"lazy\" decoding=\"async\" class=\"size-full wp-image-62138 aligncenter\" src=\"https:\/\/all4camper.com\/\/wp-content\/uploads\/2018\/06\/prvni-dovolena-obytnym-vozem-3.jpg\" alt=\"\" width=\"566\" height=\"371\" srcset=\"https:\/\/all4camper.com\/wp-content\/uploads\/2018\/06\/prvni-dovolena-obytnym-vozem-3.jpg 566w, https:\/\/all4camper.com\/wp-content\/uploads\/2018\/06\/prvni-dovolena-obytnym-vozem-3-300x197.jpg 300w, https:\/\/all4camper.com\/wp-content\/uploads\/2018\/06\/prvni-dovolena-obytnym-vozem-3-150x98.jpg 150w\" sizes=\"auto, (max-width: 566px) 100vw, 566px\" \/><\/p>\n<p>Kdy\u017e u\u017e zmi\u0148uji parkov\u00e1n\u00ed, pak pro za\u010d\u00e1te\u010dn\u00edky, jako jsme byli my, se m\u016f\u017ee hodit informace o hled\u00e1n\u00ed m\u00edst ke st\u00e1n\u00ed. Ta jsme toti\u017e i v&nbsp;pr\u016fb\u011bhu cestov\u00e1n\u00ed hledali v&nbsp;dostupn\u00fdch map\u00e1ch na internetu, nebo\u0165 se uk\u00e1zalo, \u017ee i kdy\u017e jsme m\u011bli dop\u0159edu vyhledan\u00e1 m\u00edsta, kde budeme nocovat, cestou doch\u00e1zelo ke zm\u011bn\u00e1m, proto\u017ee jsme se nap\u0159. nepot\u0159ebovali p\u0159ipojit k&nbsp;el. proudu nebo jsme nepot\u0159ebovali doplnit z\u00e1sobu vody ani vypustit chemick\u00e9 WC a nebo jsme cht\u011bli u\u0161et\u0159it.<\/p>\n<p>R\u00e1no, dne 10. 6. 2018 jsme z&nbsp;It\u00e1lie p\u0159ejeli do Slovinska a pokra\u010dovali kolem NP Triglav \u2013 n\u00e1dhern\u00e9 poho\u0159\u00ed, modro-ml\u00e9\u010dn\u00e9 \u0159eky, sam\u00e1 zele\u0148, cyklistick\u00e9 stezky, turistick\u00e9 chodn\u00edky. Na\u0161im dal\u0161\u00edm c\u00edlem byla nejv\u011bt\u0161\u00ed jeskyn\u011b Evropy \u2013 Postojnska Jama. Nikdy jsme nic takov\u00e9ho nevid\u011bli. Do \u00fatrob V\u00e1s zaveze vl\u00e1\u010dek, potom se proch\u00e1z\u00edte p\u0159es patra jeskyn\u011b a ven op\u011bt vyjedete vl\u00e1\u010dkem. Z\u00e1\u017eitek to byl neuv\u011b\u0159iteln\u00fd.<\/p>\n<p><img loading=\"lazy\" decoding=\"async\" class=\"size-full wp-image-62140 aligncenter\" src=\"https:\/\/all4camper.com\/\/wp-content\/uploads\/2018\/06\/prvni-dovolena-obytnym-vozem-5.jpg\" alt=\"\" width=\"567\" height=\"378\" srcset=\"https:\/\/all4camper.com\/wp-content\/uploads\/2018\/06\/prvni-dovolena-obytnym-vozem-5.jpg 567w, https:\/\/all4camper.com\/wp-content\/uploads\/2018\/06\/prvni-dovolena-obytnym-vozem-5-300x200.jpg 300w, https:\/\/all4camper.com\/wp-content\/uploads\/2018\/06\/prvni-dovolena-obytnym-vozem-5-150x100.jpg 150w\" sizes=\"auto, (max-width: 567px) 100vw, 567px\" \/><\/p>\n<p><img loading=\"lazy\" decoding=\"async\" class=\"size-full wp-image-62141 aligncenter\" src=\"https:\/\/all4camper.com\/\/wp-content\/uploads\/2018\/06\/prvni-dovolena-obytnym-vozem-6.jpg\" alt=\"\" width=\"567\" height=\"378\" srcset=\"https:\/\/all4camper.com\/wp-content\/uploads\/2018\/06\/prvni-dovolena-obytnym-vozem-6.jpg 567w, https:\/\/all4camper.com\/wp-content\/uploads\/2018\/06\/prvni-dovolena-obytnym-vozem-6-300x200.jpg 300w, https:\/\/all4camper.com\/wp-content\/uploads\/2018\/06\/prvni-dovolena-obytnym-vozem-6-150x100.jpg 150w\" sizes=\"auto, (max-width: 567px) 100vw, 567px\" \/><\/p>\n<p>Z&nbsp;chladn\u00e9 jeskyn\u011b jsme odjeli&nbsp;<strong>k&nbsp;tepl\u00e9mu mo\u0159i do m\u011bsta Portoro\u017e<\/strong>. Jedn\u00e1 se o p\u0159\u00edmo\u0159sk\u00e9 letovisko se spoustou hotel\u016f, restaurac\u00ed i kav\u00e1ren.<\/p>\n<p><img loading=\"lazy\" decoding=\"async\" class=\"size-full wp-image-62142 aligncenter\" src=\"https:\/\/all4camper.com\/\/wp-content\/uploads\/2018\/06\/prvni-dovolena-obytnym-vozem-7.jpg\" alt=\"\" width=\"557\" height=\"371\" srcset=\"https:\/\/all4camper.com\/wp-content\/uploads\/2018\/06\/prvni-dovolena-obytnym-vozem-7.jpg 557w, https:\/\/all4camper.com\/wp-content\/uploads\/2018\/06\/prvni-dovolena-obytnym-vozem-7-300x200.jpg 300w, https:\/\/all4camper.com\/wp-content\/uploads\/2018\/06\/prvni-dovolena-obytnym-vozem-7-150x100.jpg 150w\" sizes=\"auto, (max-width: 557px) 100vw, 557px\" \/><\/p>\n<p>Po p\u0159\u00edjemn\u00e9m osv\u011b\u017een\u00ed v&nbsp;podob\u011b koup\u00e1n\u00ed se v&nbsp;mo\u0159i a dobr\u00e9 ve\u010de\u0159i v&nbsp;m\u00edstn\u00ed restauraci, jsme op\u011bt usedli do karavanu a pokra\u010dovali zp\u011bt do It\u00e1lie. Konkr\u00e9tn\u011b Ben\u00e1tek, kam jsme dojeli po p\u016flnoci, a&nbsp;<strong>zaparkovali v&nbsp;pln\u011b vybaven\u00e9m karavan kempu San Giuliano<\/strong>&nbsp;um\u00edst\u011bn\u00e9ho jednu zast\u00e1vku tramvaj\u00ed od centra Ben\u00e1tek.<\/p>\n<p><img loading=\"lazy\" decoding=\"async\" class=\"size-full wp-image-62144 aligncenter\" src=\"https:\/\/all4camper.com\/\/wp-content\/uploads\/2018\/06\/prvni-dovolena-obytnym-vozem-9-e1530098123232.jpg\" alt=\"\" width=\"349\" height=\"523\" srcset=\"https:\/\/all4camper.com\/wp-content\/uploads\/2018\/06\/prvni-dovolena-obytnym-vozem-9-e1530098123232.jpg 349w, https:\/\/all4camper.com\/wp-content\/uploads\/2018\/06\/prvni-dovolena-obytnym-vozem-9-e1530098123232-200x300.jpg 200w, https:\/\/all4camper.com\/wp-content\/uploads\/2018\/06\/prvni-dovolena-obytnym-vozem-9-e1530098123232-100x150.jpg 100w\" sizes=\"auto, (max-width: 349px) 100vw, 349px\" \/><\/p>\n<p>R\u00e1no bylo tepl\u00e9, a tak padlo rozhodnut\u00ed se zajet vykoupat k&nbsp;mo\u0159i do nedalek\u00e9ho m\u011bste\u010dka Jesolo a a\u017e odpoledne vyrazit na prohl\u00eddku Ben\u00e1tek. Po n\u00e1vratu jsme noc str\u00e1vili op\u011bt v kempu&nbsp;San Giuliano.&nbsp;R\u00e1no, 12. 6. 2018, pokra\u010dovalo na\u0161e cestov\u00e1n\u00ed p\u0159es Veronu k&nbsp;jezeru Lago di Garda se zast\u00e1vkou ve m\u011bst\u011b Bardolino na v\u00fdborn\u00fd ob\u011bd a n\u00e1slednou proch\u00e1zku po b\u0159ehu jezera.<\/p>\n<p><img loading=\"lazy\" decoding=\"async\" class=\"size-full wp-image-62147 aligncenter\" src=\"https:\/\/all4camper.com\/\/wp-content\/uploads\/2018\/06\/prvni-dovolena-obytnym-vozem-12.jpg\" alt=\"\" width=\"504\" height=\"399\" srcset=\"https:\/\/all4camper.com\/wp-content\/uploads\/2018\/06\/prvni-dovolena-obytnym-vozem-12.jpg 504w, https:\/\/all4camper.com\/wp-content\/uploads\/2018\/06\/prvni-dovolena-obytnym-vozem-12-300x238.jpg 300w, https:\/\/all4camper.com\/wp-content\/uploads\/2018\/06\/prvni-dovolena-obytnym-vozem-12-150x119.jpg 150w\" sizes=\"auto, (max-width: 504px) 100vw, 504px\" \/><\/p>\n<p><strong>A proto\u017ee na\u0161e dovolen\u00e1 byla zejm\u00e9na o cestov\u00e1n\u00ed a pozn\u00e1v\u00e1n\u00ed mnoha m\u00edst, odpoledne jsme se p\u0159esunuli do Brevilu \u2013 Cervina.<\/strong><\/p>\n<p>Pod kopcem jsme doplnili vodu a vy\u010distili n\u00e1dobu na WC a pak zaparkovali na parkovi\u0161ti ve v\u00fd\u0161ce 2078 m, odkud byl pl\u00e1n vyjet lanovkou nahoru a pod\u00edvat se z&nbsp;d\u00e1lky na Matterhorn. Lanovka byla bohu\u017eel mimo provoz, nebo\u0165 prov\u00e1d\u011bli \u00fadr\u017ebu. Nedalo se nic d\u011blat. Noc jsme str\u00e1vili v&nbsp;obytn\u00e9m voze na zdej\u0161\u00edm parkovi\u0161ti.<\/p>\n<p><img loading=\"lazy\" decoding=\"async\" class=\"size-full wp-image-62149 aligncenter\" src=\"https:\/\/all4camper.com\/\/wp-content\/uploads\/2018\/06\/prvni-dovolena-obytnym-vozem-14.jpg\" alt=\"\" width=\"498\" height=\"332\" srcset=\"https:\/\/all4camper.com\/wp-content\/uploads\/2018\/06\/prvni-dovolena-obytnym-vozem-14.jpg 498w, https:\/\/all4camper.com\/wp-content\/uploads\/2018\/06\/prvni-dovolena-obytnym-vozem-14-300x200.jpg 300w, https:\/\/all4camper.com\/wp-content\/uploads\/2018\/06\/prvni-dovolena-obytnym-vozem-14-150x100.jpg 150w\" sizes=\"auto, (max-width: 498px) 100vw, 498px\" \/><\/p>\n<p>R\u00e1no, 13. 6. 2018, jsme si ud\u011blali men\u0161\u00ed t\u00faru k&nbsp;m\u00edstn\u00edmu vodop\u00e1du, vid\u011bli jsme svi\u0161t\u011b, spoustu kr\u00e1sn\u00fdch barevn\u00fdch kv\u011bt\u016f a v\u0161ude kolem n\u00e1dhern\u00e9 hory pokryt\u00e9 zbytky sn\u011bhu.<\/p>\n<p><img loading=\"lazy\" decoding=\"async\" class=\"size-full wp-image-62151 aligncenter\" src=\"https:\/\/all4camper.com\/\/wp-content\/uploads\/2018\/06\/prvni-dovolena-obytnym-vozem-16.jpg\" alt=\"\" width=\"300\" height=\"400\" srcset=\"https:\/\/all4camper.com\/wp-content\/uploads\/2018\/06\/prvni-dovolena-obytnym-vozem-16.jpg 300w, https:\/\/all4camper.com\/wp-content\/uploads\/2018\/06\/prvni-dovolena-obytnym-vozem-16-225x300.jpg 225w, https:\/\/all4camper.com\/wp-content\/uploads\/2018\/06\/prvni-dovolena-obytnym-vozem-16-113x150.jpg 113w\" sizes=\"auto, (max-width: 300px) 100vw, 300px\" \/><\/p>\n<p><img loading=\"lazy\" decoding=\"async\" class=\"size-full wp-image-62150 aligncenter\" src=\"https:\/\/all4camper.com\/\/wp-content\/uploads\/2018\/06\/prvni-dovolena-obytnym-vozem-15.jpg\" alt=\"\" width=\"300\" height=\"400\" srcset=\"https:\/\/all4camper.com\/wp-content\/uploads\/2018\/06\/prvni-dovolena-obytnym-vozem-15.jpg 300w, https:\/\/all4camper.com\/wp-content\/uploads\/2018\/06\/prvni-dovolena-obytnym-vozem-15-225x300.jpg 225w, https:\/\/all4camper.com\/wp-content\/uploads\/2018\/06\/prvni-dovolena-obytnym-vozem-15-113x150.jpg 113w\" sizes=\"auto, (max-width: 300px) 100vw, 300px\" \/><\/p>\n<p>Po ob\u011bd\u011b, z&nbsp;vlastn\u00edch z\u00e1sob, <strong>pokra\u010dovala na\u0161e cesta sm\u011brem k&nbsp;hranic\u00edm Francie, abychom vid\u011bli Mont Blanc. Zaparkovali jsme ve m\u011bst\u011b Courmayeur<\/strong>, op\u011bt jen na parkovi\u0161ti, nad lanovkou. Za\u0161li jsme se proj\u00edt po m\u011bst\u011b a po n\u00e1vratu do karavanu si dop\u0159\u00e1li odpo\u010dinek, zahr\u00e1li si karty, pexeso a \u0161li sp\u00e1t.<\/p>\n<p>Hned r\u00e1no, 14. 6. 2018, &nbsp;jsme zakoupili j\u00edzdenky <strong>na lanovku SKYWAY Monte Bianco<\/strong>, kter\u00e1 n\u00e1s vyvezla k&nbsp;vrcholu ze kter\u00e9ho jsme se kochali pohledem na Mont Blanc i vzd\u00e1len\u00fd Matterhorn.<\/p>\n<p><img loading=\"lazy\" decoding=\"async\" class=\"size-full wp-image-62156 aligncenter\" src=\"https:\/\/all4camper.com\/\/wp-content\/uploads\/2018\/06\/prvni-dovolena-obytnym-vozem-20-e1530099473856.jpg\" alt=\"\" width=\"314\" height=\"419\" srcset=\"https:\/\/all4camper.com\/wp-content\/uploads\/2018\/06\/prvni-dovolena-obytnym-vozem-20-e1530099473856.jpg 314w, https:\/\/all4camper.com\/wp-content\/uploads\/2018\/06\/prvni-dovolena-obytnym-vozem-20-e1530099473856-225x300.jpg 225w, https:\/\/all4camper.com\/wp-content\/uploads\/2018\/06\/prvni-dovolena-obytnym-vozem-20-e1530099473856-112x150.jpg 112w\" sizes=\"auto, (max-width: 314px) 100vw, 314px\" \/><\/p>\n<p><img loading=\"lazy\" decoding=\"async\" class=\"size-full wp-image-62157 aligncenter\" src=\"https:\/\/all4camper.com\/\/wp-content\/uploads\/2018\/06\/prvni-dovolena-obytnym-vozem-18.jpg\" alt=\"\" width=\"300\" height=\"400\" srcset=\"https:\/\/all4camper.com\/wp-content\/uploads\/2018\/06\/prvni-dovolena-obytnym-vozem-18.jpg 300w, https:\/\/all4camper.com\/wp-content\/uploads\/2018\/06\/prvni-dovolena-obytnym-vozem-18-225x300.jpg 225w, https:\/\/all4camper.com\/wp-content\/uploads\/2018\/06\/prvni-dovolena-obytnym-vozem-18-113x150.jpg 113w\" sizes=\"auto, (max-width: 300px) 100vw, 300px\" \/><\/p>\n<p>Ob\u011bd jsme si dop\u0159\u00e1li v&nbsp;hosp\u016fdce pod lanovkou a pot\u00e9 vyrazili tunelem, dlouh\u00fdm 10 km, do Chamonix a pak d\u00e1l &nbsp;do \u0160v\u00fdcarska. Tam za\u010d\u00ednaj\u00ed serpentiny a mus\u00edm \u0159\u00edci, \u017ee m\u00edsty to bylo a\u017e nep\u0159\u00edjemn\u00e9.&nbsp;Jeli jsme p\u0159es Furkapas (2&nbsp;429m) a zase dol\u016f se zast\u00e1vkami u n\u00e1dhern\u00fdch jezer a tak\u00e9 visut\u00e9ho mostu.<\/p>\n<p><img loading=\"lazy\" decoding=\"async\" class=\"size-full wp-image-62160 aligncenter\" src=\"https:\/\/all4camper.com\/\/wp-content\/uploads\/2018\/06\/prvni-dovolena-obytnym-vozem-23-e1530099694580.jpg\" alt=\"\" width=\"342\" height=\"558\" srcset=\"https:\/\/all4camper.com\/wp-content\/uploads\/2018\/06\/prvni-dovolena-obytnym-vozem-23-e1530099694580.jpg 342w, https:\/\/all4camper.com\/wp-content\/uploads\/2018\/06\/prvni-dovolena-obytnym-vozem-23-e1530099694580-184x300.jpg 184w, https:\/\/all4camper.com\/wp-content\/uploads\/2018\/06\/prvni-dovolena-obytnym-vozem-23-e1530099694580-92x150.jpg 92w\" sizes=\"auto, (max-width: 342px) 100vw, 342px\" \/><\/p>\n<p>Pozd\u011b ve\u010der jsme p\u0159ijeli do Locarna, kde jsme p\u0159espali v&nbsp;pln\u011b vybaven\u00e9m kempu Delta nach\u00e1zej\u00edc\u00edm se u kr\u00e1sn\u00e9ho jezera.<\/p>\n<p><img loading=\"lazy\" decoding=\"async\" class=\"size-full wp-image-62161 aligncenter\" src=\"https:\/\/all4camper.com\/\/wp-content\/uploads\/2018\/06\/prvni-dovolena-obytnym-vozem-24.jpg\" alt=\"\" width=\"406\" height=\"284\" srcset=\"https:\/\/all4camper.com\/wp-content\/uploads\/2018\/06\/prvni-dovolena-obytnym-vozem-24.jpg 406w, https:\/\/all4camper.com\/wp-content\/uploads\/2018\/06\/prvni-dovolena-obytnym-vozem-24-300x210.jpg 300w, https:\/\/all4camper.com\/wp-content\/uploads\/2018\/06\/prvni-dovolena-obytnym-vozem-24-150x105.jpg 150w\" sizes=\"auto, (max-width: 406px) 100vw, 406px\" \/><\/p>\n<p><img loading=\"lazy\" decoding=\"async\" class=\"size-full wp-image-62163 aligncenter\" src=\"https:\/\/all4camper.com\/\/wp-content\/uploads\/2018\/06\/prvni-dovolena-obytnym-vozem-26.jpg\" alt=\"\" width=\"426\" height=\"284\" srcset=\"https:\/\/all4camper.com\/wp-content\/uploads\/2018\/06\/prvni-dovolena-obytnym-vozem-26.jpg 426w, https:\/\/all4camper.com\/wp-content\/uploads\/2018\/06\/prvni-dovolena-obytnym-vozem-26-300x200.jpg 300w, https:\/\/all4camper.com\/wp-content\/uploads\/2018\/06\/prvni-dovolena-obytnym-vozem-26-150x100.jpg 150w\" sizes=\"auto, (max-width: 426px) 100vw, 426px\" \/><\/p>\n<p><img loading=\"lazy\" decoding=\"async\" class=\"size-full wp-image-62162 aligncenter\" src=\"https:\/\/all4camper.com\/\/wp-content\/uploads\/2018\/06\/prvni-dovolena-obytnym-vozem-25.jpg\" alt=\"\" width=\"426\" height=\"284\" srcset=\"https:\/\/all4camper.com\/wp-content\/uploads\/2018\/06\/prvni-dovolena-obytnym-vozem-25.jpg 426w, https:\/\/all4camper.com\/wp-content\/uploads\/2018\/06\/prvni-dovolena-obytnym-vozem-25-300x200.jpg 300w, https:\/\/all4camper.com\/wp-content\/uploads\/2018\/06\/prvni-dovolena-obytnym-vozem-25-150x100.jpg 150w\" sizes=\"auto, (max-width: 426px) 100vw, 426px\" \/><\/p>\n<p>R\u00e1no, hned po sn\u00eddani, vedly na\u0161e kroky do m\u011bsta Melide ve kter\u00e9m se nach\u00e1zej\u00ed \u0161v\u00fdcarsk\u00e9 miniatury.<\/p>\n<p><img loading=\"lazy\" decoding=\"async\" class=\" wp-image-62164 aligncenter\" src=\"https:\/\/all4camper.com\/\/wp-content\/uploads\/2018\/06\/prvni-dovolena-obytnym-vozem-27.jpg\" alt=\"\" width=\"516\" height=\"344\" srcset=\"https:\/\/all4camper.com\/wp-content\/uploads\/2018\/06\/prvni-dovolena-obytnym-vozem-27.jpg 578w, https:\/\/all4camper.com\/wp-content\/uploads\/2018\/06\/prvni-dovolena-obytnym-vozem-27-300x200.jpg 300w, https:\/\/all4camper.com\/wp-content\/uploads\/2018\/06\/prvni-dovolena-obytnym-vozem-27-150x100.jpg 150w\" sizes=\"auto, (max-width: 516px) 100vw, 516px\" \/><\/p>\n<p><img loading=\"lazy\" decoding=\"async\" class=\" wp-image-62165 aligncenter\" src=\"https:\/\/all4camper.com\/\/wp-content\/uploads\/2018\/06\/prvni-dovolena-obytnym-vozem-28.jpg\" alt=\"\" width=\"518\" height=\"345\" srcset=\"https:\/\/all4camper.com\/wp-content\/uploads\/2018\/06\/prvni-dovolena-obytnym-vozem-28.jpg 575w, https:\/\/all4camper.com\/wp-content\/uploads\/2018\/06\/prvni-dovolena-obytnym-vozem-28-300x200.jpg 300w, https:\/\/all4camper.com\/wp-content\/uploads\/2018\/06\/prvni-dovolena-obytnym-vozem-28-150x100.jpg 150w\" sizes=\"auto, (max-width: 518px) 100vw, 518px\" \/><\/p>\n<p><img loading=\"lazy\" decoding=\"async\" class=\" wp-image-62166 aligncenter\" src=\"https:\/\/all4camper.com\/\/wp-content\/uploads\/2018\/06\/prvni-dovolena-obytnym-vozem-29.jpg\" alt=\"\" width=\"515\" height=\"343\" srcset=\"https:\/\/all4camper.com\/wp-content\/uploads\/2018\/06\/prvni-dovolena-obytnym-vozem-29.jpg 600w, https:\/\/all4camper.com\/wp-content\/uploads\/2018\/06\/prvni-dovolena-obytnym-vozem-29-300x200.jpg 300w, https:\/\/all4camper.com\/wp-content\/uploads\/2018\/06\/prvni-dovolena-obytnym-vozem-29-150x100.jpg 150w\" sizes=\"auto, (max-width: 515px) 100vw, 515px\" \/><\/p>\n<p><img loading=\"lazy\" decoding=\"async\" class=\" wp-image-62167 aligncenter\" src=\"https:\/\/all4camper.com\/\/wp-content\/uploads\/2018\/06\/prvni-dovolena-obytnym-vozem-30.jpg\" alt=\"\" width=\"512\" height=\"341\" srcset=\"https:\/\/all4camper.com\/wp-content\/uploads\/2018\/06\/prvni-dovolena-obytnym-vozem-30.jpg 582w, https:\/\/all4camper.com\/wp-content\/uploads\/2018\/06\/prvni-dovolena-obytnym-vozem-30-300x200.jpg 300w, https:\/\/all4camper.com\/wp-content\/uploads\/2018\/06\/prvni-dovolena-obytnym-vozem-30-150x100.jpg 150w\" sizes=\"auto, (max-width: 512px) 100vw, 512px\" \/><\/p>\n<p>Po prohl\u00eddce miniatur jsme op\u011bt usedli do karavanu a&nbsp;<strong>p\u0159es Lugano \u2013 Paradiso jeli do Bellinzony na T\u0159i hrady<\/strong>&nbsp;(Castelgrande, Montebello a Sasso Corbaro). Jsou polo\u017een\u00e9 nad sebou a prvn\u00ed z nich je um\u00edst\u011bn\u00fd p\u0159\u00edmo ve m\u011bst\u011b.&nbsp;Po jejich prohl\u00eddce a mal\u00e9m ob\u010derstven\u00ed jsme se vydali, op\u011bt p\u0159es velik\u00e1nsk\u00e9 serpentiny, sm\u011brem k&nbsp;NP \u0160v\u00fdcarska.<\/p>\n<p><img loading=\"lazy\" decoding=\"async\" class=\"size-full wp-image-62170 aligncenter\" src=\"https:\/\/all4camper.com\/\/wp-content\/uploads\/2018\/06\/prvni-dovolena-obytnym-vozem-33.jpg\" alt=\"\" width=\"420\" height=\"280\" srcset=\"https:\/\/all4camper.com\/wp-content\/uploads\/2018\/06\/prvni-dovolena-obytnym-vozem-33.jpg 420w, https:\/\/all4camper.com\/wp-content\/uploads\/2018\/06\/prvni-dovolena-obytnym-vozem-33-300x200.jpg 300w, https:\/\/all4camper.com\/wp-content\/uploads\/2018\/06\/prvni-dovolena-obytnym-vozem-33-150x100.jpg 150w\" sizes=\"auto, (max-width: 420px) 100vw, 420px\" \/><\/p>\n<p><img loading=\"lazy\" decoding=\"async\" class=\"size-full wp-image-62171 aligncenter\" src=\"https:\/\/all4camper.com\/\/wp-content\/uploads\/2018\/06\/prvni-dovolena-obytnym-vozem-34.jpg\" alt=\"\" width=\"409\" height=\"255\" srcset=\"https:\/\/all4camper.com\/wp-content\/uploads\/2018\/06\/prvni-dovolena-obytnym-vozem-34.jpg 409w, https:\/\/all4camper.com\/wp-content\/uploads\/2018\/06\/prvni-dovolena-obytnym-vozem-34-300x187.jpg 300w, https:\/\/all4camper.com\/wp-content\/uploads\/2018\/06\/prvni-dovolena-obytnym-vozem-34-150x94.jpg 150w\" sizes=\"auto, (max-width: 409px) 100vw, 409px\" \/><\/p>\n<p>V&nbsp;podve\u010der jsme dojeli do vybaven\u00e9ho Mobilchaletparku Rona, kde jsme p\u0159espali v kr\u00e1sn\u00e9m prost\u0159ed\u00ed, u \u0159\u00ed\u010dky, s v\u00fdhledem na vysok\u00e9 hory.<\/p>\n<p><img loading=\"lazy\" decoding=\"async\" class=\"size-full wp-image-62173 aligncenter\" src=\"https:\/\/all4camper.com\/\/wp-content\/uploads\/2018\/06\/prvni-dovolena-obytnym-vozem-36-e1530101447635.jpg\" alt=\"\" width=\"366\" height=\"488\" srcset=\"https:\/\/all4camper.com\/wp-content\/uploads\/2018\/06\/prvni-dovolena-obytnym-vozem-36-e1530101447635.jpg 366w, https:\/\/all4camper.com\/wp-content\/uploads\/2018\/06\/prvni-dovolena-obytnym-vozem-36-e1530101447635-225x300.jpg 225w, https:\/\/all4camper.com\/wp-content\/uploads\/2018\/06\/prvni-dovolena-obytnym-vozem-36-e1530101447635-113x150.jpg 113w\" sizes=\"auto, (max-width: 366px) 100vw, 366px\" \/><\/p>\n<p>Po sn\u00eddani, 16. 6. 2018, &nbsp;pokra\u010dovala na\u0161e cesta, op\u011bt serpentinami p\u0159es hory a doly, &nbsp;k jezeru Julierpass nach\u00e1zej\u00edc\u00edm se ve v\u00fd\u0161ce 2284 m.&nbsp;U jezera na n\u00e1s \u010dekala pr\u016fzra\u010dn\u00e1, av\u0161ak chladn\u00e1 voda \u2013 n\u00e1dhera.&nbsp;Kdy\u017e jsme si odpo\u010dinuli, pokra\u010dovali jsme, s mezi zast\u00e1vkou u dal\u0161\u00edho jezera, d\u00e1l a\u017e do m\u011bsta Svat\u00fd Moritz. V&nbsp;n\u011bm jsme nakoupili d\u00e1re\u010dky, \u010dokol\u00e1dy a j\u00eddlo.<\/p>\n<p><img loading=\"lazy\" decoding=\"async\" class=\"size-full wp-image-62177 aligncenter\" src=\"https:\/\/all4camper.com\/\/wp-content\/uploads\/2018\/06\/prvni-dovolena-obytnym-vozem-39.jpg\" alt=\"\" width=\"451\" height=\"300\" srcset=\"https:\/\/all4camper.com\/wp-content\/uploads\/2018\/06\/prvni-dovolena-obytnym-vozem-39.jpg 451w, https:\/\/all4camper.com\/wp-content\/uploads\/2018\/06\/prvni-dovolena-obytnym-vozem-39-300x200.jpg 300w, https:\/\/all4camper.com\/wp-content\/uploads\/2018\/06\/prvni-dovolena-obytnym-vozem-39-150x100.jpg 150w\" sizes=\"auto, (max-width: 451px) 100vw, 451px\" \/><\/p>\n<p><img loading=\"lazy\" decoding=\"async\" class=\"size-full wp-image-62178 aligncenter\" src=\"https:\/\/all4camper.com\/\/wp-content\/uploads\/2018\/06\/prvni-dovolena-obytnym-vozem-40.jpg\" alt=\"\" width=\"451\" height=\"300\" srcset=\"https:\/\/all4camper.com\/wp-content\/uploads\/2018\/06\/prvni-dovolena-obytnym-vozem-40.jpg 451w, https:\/\/all4camper.com\/wp-content\/uploads\/2018\/06\/prvni-dovolena-obytnym-vozem-40-300x200.jpg 300w, https:\/\/all4camper.com\/wp-content\/uploads\/2018\/06\/prvni-dovolena-obytnym-vozem-40-150x100.jpg 150w\" sizes=\"auto, (max-width: 451px) 100vw, 451px\" \/><\/p>\n<p><img loading=\"lazy\" decoding=\"async\" class=\"size-full wp-image-62179 aligncenter\" src=\"https:\/\/all4camper.com\/\/wp-content\/uploads\/2018\/06\/prvni-dovolena-obytnym-vozem-41.jpg\" alt=\"\" width=\"444\" height=\"296\" srcset=\"https:\/\/all4camper.com\/wp-content\/uploads\/2018\/06\/prvni-dovolena-obytnym-vozem-41.jpg 444w, https:\/\/all4camper.com\/wp-content\/uploads\/2018\/06\/prvni-dovolena-obytnym-vozem-41-300x200.jpg 300w, https:\/\/all4camper.com\/wp-content\/uploads\/2018\/06\/prvni-dovolena-obytnym-vozem-41-150x100.jpg 150w\" sizes=\"auto, (max-width: 444px) 100vw, 444px\" \/><\/p>\n<p>Cht\u011bli jsme se zastavit ve Scuolu, n\u011bkde pobl\u00ed\u017e vstupu do NP \u0160v\u00fdcarska, ale nena\u0161li jsme vhodn\u00e9 m\u00edsto k&nbsp;zaparkov\u00e1n\u00ed, a tak jsme NP sledovali jen z&nbsp;ok\u00fdnek.<\/p>\n<p><img loading=\"lazy\" decoding=\"async\" class=\"size-full wp-image-62180 aligncenter\" src=\"https:\/\/all4camper.com\/\/wp-content\/uploads\/2018\/06\/prvni-dovolena-obytnym-vozem-42.jpg\" alt=\"\" width=\"397\" height=\"342\" srcset=\"https:\/\/all4camper.com\/wp-content\/uploads\/2018\/06\/prvni-dovolena-obytnym-vozem-42.jpg 397w, https:\/\/all4camper.com\/wp-content\/uploads\/2018\/06\/prvni-dovolena-obytnym-vozem-42-300x258.jpg 300w, https:\/\/all4camper.com\/wp-content\/uploads\/2018\/06\/prvni-dovolena-obytnym-vozem-42-150x129.jpg 150w\" sizes=\"auto, (max-width: 397px) 100vw, 397px\" \/><\/p>\n<p><img loading=\"lazy\" decoding=\"async\" class=\"size-full wp-image-62181 aligncenter\" src=\"https:\/\/all4camper.com\/\/wp-content\/uploads\/2018\/06\/prvni-dovolena-obytnym-vozem-43.jpg\" alt=\"\" width=\"406\" height=\"341\" srcset=\"https:\/\/all4camper.com\/wp-content\/uploads\/2018\/06\/prvni-dovolena-obytnym-vozem-43.jpg 406w, https:\/\/all4camper.com\/wp-content\/uploads\/2018\/06\/prvni-dovolena-obytnym-vozem-43-300x252.jpg 300w, https:\/\/all4camper.com\/wp-content\/uploads\/2018\/06\/prvni-dovolena-obytnym-vozem-43-150x126.jpg 150w\" sizes=\"auto, (max-width: 406px) 100vw, 406px\" \/><\/p>\n<p>P\u0159ed hrani\u010dn\u00edm p\u0159echodem ze \u0160v\u00fdcarska do Rakouska jsme si dali ve\u010de\u0159i.&nbsp; Pak u\u017e jen p\u0159ejezd do Rakouska, do m\u011bsta&nbsp; Wasserf\u00e4llu, kde jsme v&nbsp;m\u00edstn\u00edm kempu zaparkovali a p\u0159espali.&nbsp;R\u00e1no, 17. 6 2018, jsme vyrazili na t\u016fru.&nbsp;<strong>Vzali jsme to kolem Krimmlersk\u00fdch vodop\u00e1d\u016f nahoru a\u017e do v\u00fd\u0161ky 1460 m. Mimochodem, jedn\u00e1 se o nejv\u00fd\u0161e polo\u017een\u00e9 vodop\u00e1dy v<\/strong>&nbsp;Evrop\u011b.<\/p>\n<p><img loading=\"lazy\" decoding=\"async\" class=\"size-full wp-image-62182 aligncenter\" src=\"https:\/\/all4camper.com\/\/wp-content\/uploads\/2018\/06\/prvni-dovolena-obytnym-vozem-45.jpg\" alt=\"\" width=\"532\" height=\"355\" srcset=\"https:\/\/all4camper.com\/wp-content\/uploads\/2018\/06\/prvni-dovolena-obytnym-vozem-45.jpg 532w, https:\/\/all4camper.com\/wp-content\/uploads\/2018\/06\/prvni-dovolena-obytnym-vozem-45-300x200.jpg 300w, https:\/\/all4camper.com\/wp-content\/uploads\/2018\/06\/prvni-dovolena-obytnym-vozem-45-150x100.jpg 150w\" sizes=\"auto, (max-width: 532px) 100vw, 532px\" \/><\/p>\n<p>Odpoledne odjezd do N\u011bmecka a p\u0159es&nbsp; Salzburg na Hitlerovo Orl\u00ed hn\u00edzdo. Parkovali jsme na parkovi\u0161ti a&nbsp; r\u00e1no,&nbsp; 17. 6. 2018, jsme si koupili j\u00edzdenky na autobus, kter\u00fd n\u00e1s dovezl serpentinami a\u017e na vrchol Orl\u00edho hn\u00edzda \u2013 Kehlsteinhausu. Po jeho prohl\u00eddce a n\u00e1vratu zp\u011bt jsme p\u0159esedli do obytn\u00e9ho vozu a trad\u00e1\u00e1\u00e1 dom\u016f.<\/p>\n<p><img loading=\"lazy\" decoding=\"async\" class=\"size-full wp-image-62184 aligncenter\" src=\"https:\/\/all4camper.com\/\/wp-content\/uploads\/2018\/06\/prvni-dovolena-obytnym-vozem-46.jpg\" alt=\"\" width=\"600\" height=\"400\" srcset=\"https:\/\/all4camper.com\/wp-content\/uploads\/2018\/06\/prvni-dovolena-obytnym-vozem-46.jpg 600w, https:\/\/all4camper.com\/wp-content\/uploads\/2018\/06\/prvni-dovolena-obytnym-vozem-46-300x200.jpg 300w, https:\/\/all4camper.com\/wp-content\/uploads\/2018\/06\/prvni-dovolena-obytnym-vozem-46-150x100.jpg 150w\" sizes=\"auto, (max-width: 600px) 100vw, 600px\" \/><\/p>\n<p><img loading=\"lazy\" decoding=\"async\" class=\"size-full wp-image-62185 aligncenter\" src=\"https:\/\/all4camper.com\/\/wp-content\/uploads\/2018\/06\/prvni-dovolena-obytnym-vozem-47.jpg\" alt=\"\" width=\"578\" height=\"385\" srcset=\"https:\/\/all4camper.com\/wp-content\/uploads\/2018\/06\/prvni-dovolena-obytnym-vozem-47.jpg 578w, https:\/\/all4camper.com\/wp-content\/uploads\/2018\/06\/prvni-dovolena-obytnym-vozem-47-300x200.jpg 300w, https:\/\/all4camper.com\/wp-content\/uploads\/2018\/06\/prvni-dovolena-obytnym-vozem-47-150x100.jpg 150w\" sizes=\"auto, (max-width: 578px) 100vw, 578px\" \/><\/p>\n<p>Takovouto cestu, kter\u00e1 trvala 11 dn\u00ed a p\u0159i n\u00ed\u017e jsme urazili cca 3400 km, jsme podnikli obytn\u00fdm vozem (Fiat Ducato &nbsp;Roller team Granduca garage) poprv\u00e9 a douf\u00e1me, \u017ee ne naposledy. Vid\u011bli jsme tolik kouzeln\u00fdch m\u00edst, kter\u00e1 od t\u00e9 doby m\u00e1me st\u00e1le p\u0159ed o\u010dima, a i kdy\u017e se na\u0161e pozn\u00e1vac\u00ed dovolen\u00e1 m\u016f\u017ee n\u011bkomu dle vypr\u00e1v\u011bn\u00ed zd\u00e1t \u00fanavn\u00e1 a dlouh\u00e1, nen\u00ed tomu tak. &nbsp;Tou kr\u00e1sn\u011b zelenou p\u0159\u00edrodou, horami, jezery a vodop\u00e1dy jsme se po celou dobu nab\u00edjeli energi\u00ed a v\u0161e si par\u00e1dn\u011b u\u017eili.&nbsp;Byla to dovolen\u00e1 podle na\u0161ich p\u0159edstav!<\/p>\n<p>Rudo,Martina, Tom\u00e1\u0161 a Filip.<\/p>\n","protected":false},"excerpt":{"rendered":"<p>M\u00e1me r\u00e1di aktivn\u00ed dovolen\u00e9 a cht\u011bli jsme letos vid\u011bt spoustu v\u011bc\u00ed, ka\u017ed\u00fd z&nbsp;n\u00e1s v\u0161ak n\u011bco jin\u00e9ho, a tak jedinou mo\u017enost\u00ed, kdy za deset dn\u00ed uvid\u00edme v\u0161e, co jsme si zhruba napl\u00e1novali, byl pron\u00e1jem obytn\u00e9ho vozu. Zpo\u010d\u00e1tku jsme m\u011bli obavy, ale zv\u011bdavost n\u00e1m nedala sp\u00e1t, a tak jsme se pustili do detailn\u00edho pl\u00e1nov\u00e1n\u00ed cesty, studov\u00e1n\u00ed map, [&hellip;]<\/p>\n","protected":false},"author":25,"featured_media":62132,"comment_status":"closed","ping_status":"open","sticky":false,"template":"","format":"standard","meta":{"_monsterinsights_skip_tracking":false,"_monsterinsights_sitenote_active":false,"_monsterinsights_sitenote_note":"","_monsterinsights_sitenote_category":0,"footnotes":""},"categories":[368],"tags":[110,325],"class_list":{"0":"post-62133","1":"post","2":"type-post","3":"status-publish","4":"format-standard","5":"has-post-thumbnail","7":"category-magazin_all4camper","8":"tag-cestopis","9":"tag-poznavaci-dovolena"},"yoast_head":"<!-- This site is optimized with the Yoast SEO plugin v27.5 - https:\/\/yoast.com\/product\/yoast-seo-wordpress\/ -->\n<title>Na\u0161e prvn\u00ed dovolen\u00e1 obytn\u00fdm vozem \u2013 Rakousko, It\u00e1lie, Slovinsko a \u0160v\u00fdcarsko<\/title>\n<meta name=\"description\" content=\"All4Camper - Na\u0161e prvn\u00ed dovolen\u00e1 obytn\u00fdm vozem - Rakousko, It\u00e1lie, Slovinsko a \u0160v\u00fdcarsko\" \/>\n<meta name=\"robots\" content=\"index, follow, max-snippet:-1, max-image-preview:large, max-video-preview:-1\" \/>\n<link rel=\"canonical\" href=\"https:\/\/all4camper.com\/cs\/nase-prvni-dovolena-obytnym-vozem-rakousko-italie-slovinsko-a-svycarsko\/\" \/>\n<meta property=\"og:locale\" content=\"cs_CZ\" \/>\n<meta property=\"og:type\" content=\"article\" \/>\n<meta property=\"og:title\" content=\"Na\u0161e prvn\u00ed dovolen\u00e1 obytn\u00fdm vozem \u2013 Rakousko, It\u00e1lie, Slovinsko a \u0160v\u00fdcarsko\" \/>\n<meta property=\"og:description\" content=\"All4Camper - Na\u0161e prvn\u00ed dovolen\u00e1 obytn\u00fdm vozem - Rakousko, It\u00e1lie, Slovinsko a \u0160v\u00fdcarsko\" \/>\n<meta property=\"og:url\" content=\"https:\/\/all4camper.com\/cs\/nase-prvni-dovolena-obytnym-vozem-rakousko-italie-slovinsko-a-svycarsko\/\" \/>\n<meta property=\"og:site_name\" content=\"All4Camper\" \/>\n<meta property=\"article:published_time\" content=\"2018-06-27T13:39:15+00:00\" \/>\n<meta property=\"article:modified_time\" content=\"2019-12-15T13:27:57+00:00\" \/>\n<meta property=\"og:image\" content=\"https:\/\/all4camper.com\/wp-content\/uploads\/2018\/06\/potap\u011b\u010di.jpg\" \/>\n\t<meta property=\"og:image:width\" content=\"533\" \/>\n\t<meta property=\"og:image:height\" content=\"400\" \/>\n\t<meta property=\"og:image:type\" content=\"image\/jpeg\" \/>\n<meta name=\"twitter:card\" content=\"summary_large_image\" \/>\n<meta name=\"twitter:label1\" content=\"Napsal(a)\" \/>\n\t<meta name=\"twitter:data1\" content=\"\" \/>\n\t<meta name=\"twitter:label2\" content=\"Odhadovan\u00e1 doba \u010dten\u00ed\" \/>\n\t<meta name=\"twitter:data2\" content=\"8 minut\" \/>\n<script type=\"application\/ld+json\" class=\"yoast-schema-graph\">{\"@context\":\"https:\\\/\\\/schema.org\",\"@graph\":[{\"@type\":\"Article\",\"@id\":\"https:\\\/\\\/all4camper.com\\\/cs\\\/nase-prvni-dovolena-obytnym-vozem-rakousko-italie-slovinsko-a-svycarsko\\\/#article\",\"isPartOf\":{\"@id\":\"https:\\\/\\\/all4camper.com\\\/cs\\\/nase-prvni-dovolena-obytnym-vozem-rakousko-italie-slovinsko-a-svycarsko\\\/\"},\"author\":{\"name\":\"\",\"@id\":\"\"},\"headline\":\"Na\u0161e prvn\u00ed dovolen\u00e1 obytn\u00fdm vozem &#8211; Rakousko, It\u00e1lie, Slovinsko a \u0160v\u00fdcarsko\",\"datePublished\":\"2018-06-27T13:39:15+00:00\",\"dateModified\":\"2019-12-15T13:27:57+00:00\",\"mainEntityOfPage\":{\"@id\":\"https:\\\/\\\/all4camper.com\\\/cs\\\/nase-prvni-dovolena-obytnym-vozem-rakousko-italie-slovinsko-a-svycarsko\\\/\"},\"wordCount\":1551,\"publisher\":{\"@id\":\"https:\\\/\\\/all4camper.com\\\/cs\\\/#organization\"},\"image\":{\"@id\":\"https:\\\/\\\/all4camper.com\\\/cs\\\/nase-prvni-dovolena-obytnym-vozem-rakousko-italie-slovinsko-a-svycarsko\\\/#primaryimage\"},\"thumbnailUrl\":\"https:\\\/\\\/all4camper.com\\\/wp-content\\\/uploads\\\/2018\\\/06\\\/potap\u011b\u010di.jpg\",\"keywords\":[\"Cestopis\",\"Pozn\u00e1vac\u00ed dovolen\u00e1\"],\"articleSection\":[\"\u010cten\u00ed na cesty\"],\"inLanguage\":\"cs\"},{\"@type\":\"WebPage\",\"@id\":\"https:\\\/\\\/all4camper.com\\\/cs\\\/nase-prvni-dovolena-obytnym-vozem-rakousko-italie-slovinsko-a-svycarsko\\\/\",\"url\":\"https:\\\/\\\/all4camper.com\\\/cs\\\/nase-prvni-dovolena-obytnym-vozem-rakousko-italie-slovinsko-a-svycarsko\\\/\",\"name\":\"Na\u0161e prvn\u00ed dovolen\u00e1 obytn\u00fdm vozem \u2013 Rakousko, It\u00e1lie, Slovinsko a \u0160v\u00fdcarsko\",\"isPartOf\":{\"@id\":\"https:\\\/\\\/all4camper.com\\\/cs\\\/#website\"},\"primaryImageOfPage\":{\"@id\":\"https:\\\/\\\/all4camper.com\\\/cs\\\/nase-prvni-dovolena-obytnym-vozem-rakousko-italie-slovinsko-a-svycarsko\\\/#primaryimage\"},\"image\":{\"@id\":\"https:\\\/\\\/all4camper.com\\\/cs\\\/nase-prvni-dovolena-obytnym-vozem-rakousko-italie-slovinsko-a-svycarsko\\\/#primaryimage\"},\"thumbnailUrl\":\"https:\\\/\\\/all4camper.com\\\/wp-content\\\/uploads\\\/2018\\\/06\\\/potap\u011b\u010di.jpg\",\"datePublished\":\"2018-06-27T13:39:15+00:00\",\"dateModified\":\"2019-12-15T13:27:57+00:00\",\"description\":\"All4Camper - Na\u0161e prvn\u00ed dovolen\u00e1 obytn\u00fdm vozem - Rakousko, It\u00e1lie, Slovinsko a \u0160v\u00fdcarsko\",\"breadcrumb\":{\"@id\":\"https:\\\/\\\/all4camper.com\\\/cs\\\/nase-prvni-dovolena-obytnym-vozem-rakousko-italie-slovinsko-a-svycarsko\\\/#breadcrumb\"},\"inLanguage\":\"cs\",\"potentialAction\":[{\"@type\":\"ReadAction\",\"target\":[\"https:\\\/\\\/all4camper.com\\\/cs\\\/nase-prvni-dovolena-obytnym-vozem-rakousko-italie-slovinsko-a-svycarsko\\\/\"]}]},{\"@type\":\"ImageObject\",\"inLanguage\":\"cs\",\"@id\":\"https:\\\/\\\/all4camper.com\\\/cs\\\/nase-prvni-dovolena-obytnym-vozem-rakousko-italie-slovinsko-a-svycarsko\\\/#primaryimage\",\"url\":\"https:\\\/\\\/all4camper.com\\\/wp-content\\\/uploads\\\/2018\\\/06\\\/potap\u011b\u010di.jpg\",\"contentUrl\":\"https:\\\/\\\/all4camper.com\\\/wp-content\\\/uploads\\\/2018\\\/06\\\/potap\u011b\u010di.jpg\",\"width\":533,\"height\":400},{\"@type\":\"BreadcrumbList\",\"@id\":\"https:\\\/\\\/all4camper.com\\\/cs\\\/nase-prvni-dovolena-obytnym-vozem-rakousko-italie-slovinsko-a-svycarsko\\\/#breadcrumb\",\"itemListElement\":[{\"@type\":\"ListItem\",\"position\":1,\"name\":\"Dom\u016f\",\"item\":\"https:\\\/\\\/all4camper.com\\\/cs\\\/\"},{\"@type\":\"ListItem\",\"position\":2,\"name\":\"\u010cten\u00ed na cesty\",\"item\":\"https:\\\/\\\/all4camper.com\\\/cs\\\/category\\\/magazin_all4camper\\\/\"},{\"@type\":\"ListItem\",\"position\":3,\"name\":\"Na\u0161e prvn\u00ed dovolen\u00e1 obytn\u00fdm vozem &#8211; Rakousko, It\u00e1lie, Slovinsko a \u0160v\u00fdcarsko\"}]},{\"@type\":\"WebSite\",\"@id\":\"https:\\\/\\\/all4camper.com\\\/cs\\\/#website\",\"url\":\"https:\\\/\\\/all4camper.com\\\/cs\\\/\",\"name\":\"All4Camper\",\"description\":\"Nejv\u011bt\u0161\u00ed online magaz\u00edn o kempov\u00e1n\u00ed a karavaninku. V\u00edce jak 900 \u010dl\u00e1nk\u016f pln\u00fdch rad a tip\u016f o kempech a kempov\u00e1n\u00ed.\",\"publisher\":{\"@id\":\"https:\\\/\\\/all4camper.com\\\/cs\\\/#organization\"},\"potentialAction\":[{\"@type\":\"SearchAction\",\"target\":{\"@type\":\"EntryPoint\",\"urlTemplate\":\"https:\\\/\\\/all4camper.com\\\/cs\\\/?s={search_term_string}\"},\"query-input\":{\"@type\":\"PropertyValueSpecification\",\"valueRequired\":true,\"valueName\":\"search_term_string\"}}],\"inLanguage\":\"cs\"},{\"@type\":\"Organization\",\"@id\":\"https:\\\/\\\/all4camper.com\\\/cs\\\/#organization\",\"name\":\"All4Camper - kempujeme s Kl\u00e1rou\",\"url\":\"https:\\\/\\\/all4camper.com\\\/cs\\\/\",\"logo\":{\"@type\":\"ImageObject\",\"inLanguage\":\"cs\",\"@id\":\"https:\\\/\\\/all4camper.com\\\/cs\\\/#\\\/schema\\\/logo\\\/image\\\/\",\"url\":\"https:\\\/\\\/all4camper.com\\\/wp-content\\\/uploads\\\/2018\\\/09\\\/novelogo.png\",\"contentUrl\":\"https:\\\/\\\/all4camper.com\\\/wp-content\\\/uploads\\\/2018\\\/09\\\/novelogo.png\",\"width\":1520,\"height\":600,\"caption\":\"All4Camper - kempujeme s Kl\u00e1rou\"},\"image\":{\"@id\":\"https:\\\/\\\/all4camper.com\\\/cs\\\/#\\\/schema\\\/logo\\\/image\\\/\"}},{\"@type\":\"Person\",\"@id\":\"\",\"url\":\"https:\\\/\\\/all4camper.com\\\/cs\\\/author\\\/\"}]}<\/script>\n<!-- \/ Yoast SEO plugin. -->","yoast_head_json":{"title":"Na\u0161e prvn\u00ed dovolen\u00e1 obytn\u00fdm vozem \u2013 Rakousko, It\u00e1lie, Slovinsko a \u0160v\u00fdcarsko","description":"All4Camper - Na\u0161e prvn\u00ed dovolen\u00e1 obytn\u00fdm vozem - Rakousko, It\u00e1lie, Slovinsko a \u0160v\u00fdcarsko","robots":{"index":"index","follow":"follow","max-snippet":"max-snippet:-1","max-image-preview":"max-image-preview:large","max-video-preview":"max-video-preview:-1"},"canonical":"https:\/\/all4camper.com\/cs\/nase-prvni-dovolena-obytnym-vozem-rakousko-italie-slovinsko-a-svycarsko\/","og_locale":"cs_CZ","og_type":"article","og_title":"Na\u0161e prvn\u00ed dovolen\u00e1 obytn\u00fdm vozem \u2013 Rakousko, It\u00e1lie, Slovinsko a \u0160v\u00fdcarsko","og_description":"All4Camper - Na\u0161e prvn\u00ed dovolen\u00e1 obytn\u00fdm vozem - Rakousko, It\u00e1lie, Slovinsko a \u0160v\u00fdcarsko","og_url":"https:\/\/all4camper.com\/cs\/nase-prvni-dovolena-obytnym-vozem-rakousko-italie-slovinsko-a-svycarsko\/","og_site_name":"All4Camper","article_published_time":"2018-06-27T13:39:15+00:00","article_modified_time":"2019-12-15T13:27:57+00:00","og_image":[{"width":533,"height":400,"url":"https:\/\/all4camper.com\/wp-content\/uploads\/2018\/06\/potap\u011b\u010di.jpg","type":"image\/jpeg"}],"twitter_card":"summary_large_image","twitter_misc":{"Napsal(a)":"","Odhadovan\u00e1 doba \u010dten\u00ed":"8 minut"},"schema":{"@context":"https:\/\/schema.org","@graph":[{"@type":"Article","@id":"https:\/\/all4camper.com\/cs\/nase-prvni-dovolena-obytnym-vozem-rakousko-italie-slovinsko-a-svycarsko\/#article","isPartOf":{"@id":"https:\/\/all4camper.com\/cs\/nase-prvni-dovolena-obytnym-vozem-rakousko-italie-slovinsko-a-svycarsko\/"},"author":{"name":"","@id":""},"headline":"Na\u0161e prvn\u00ed dovolen\u00e1 obytn\u00fdm vozem &#8211; Rakousko, It\u00e1lie, Slovinsko a \u0160v\u00fdcarsko","datePublished":"2018-06-27T13:39:15+00:00","dateModified":"2019-12-15T13:27:57+00:00","mainEntityOfPage":{"@id":"https:\/\/all4camper.com\/cs\/nase-prvni-dovolena-obytnym-vozem-rakousko-italie-slovinsko-a-svycarsko\/"},"wordCount":1551,"publisher":{"@id":"https:\/\/all4camper.com\/cs\/#organization"},"image":{"@id":"https:\/\/all4camper.com\/cs\/nase-prvni-dovolena-obytnym-vozem-rakousko-italie-slovinsko-a-svycarsko\/#primaryimage"},"thumbnailUrl":"https:\/\/all4camper.com\/wp-content\/uploads\/2018\/06\/potap\u011b\u010di.jpg","keywords":["Cestopis","Pozn\u00e1vac\u00ed dovolen\u00e1"],"articleSection":["\u010cten\u00ed na cesty"],"inLanguage":"cs"},{"@type":"WebPage","@id":"https:\/\/all4camper.com\/cs\/nase-prvni-dovolena-obytnym-vozem-rakousko-italie-slovinsko-a-svycarsko\/","url":"https:\/\/all4camper.com\/cs\/nase-prvni-dovolena-obytnym-vozem-rakousko-italie-slovinsko-a-svycarsko\/","name":"Na\u0161e prvn\u00ed dovolen\u00e1 obytn\u00fdm vozem \u2013 Rakousko, It\u00e1lie, Slovinsko a \u0160v\u00fdcarsko","isPartOf":{"@id":"https:\/\/all4camper.com\/cs\/#website"},"primaryImageOfPage":{"@id":"https:\/\/all4camper.com\/cs\/nase-prvni-dovolena-obytnym-vozem-rakousko-italie-slovinsko-a-svycarsko\/#primaryimage"},"image":{"@id":"https:\/\/all4camper.com\/cs\/nase-prvni-dovolena-obytnym-vozem-rakousko-italie-slovinsko-a-svycarsko\/#primaryimage"},"thumbnailUrl":"https:\/\/all4camper.com\/wp-content\/uploads\/2018\/06\/potap\u011b\u010di.jpg","datePublished":"2018-06-27T13:39:15+00:00","dateModified":"2019-12-15T13:27:57+00:00","description":"All4Camper - Na\u0161e prvn\u00ed dovolen\u00e1 obytn\u00fdm vozem - Rakousko, It\u00e1lie, Slovinsko a \u0160v\u00fdcarsko","breadcrumb":{"@id":"https:\/\/all4camper.com\/cs\/nase-prvni-dovolena-obytnym-vozem-rakousko-italie-slovinsko-a-svycarsko\/#breadcrumb"},"inLanguage":"cs","potentialAction":[{"@type":"ReadAction","target":["https:\/\/all4camper.com\/cs\/nase-prvni-dovolena-obytnym-vozem-rakousko-italie-slovinsko-a-svycarsko\/"]}]},{"@type":"ImageObject","inLanguage":"cs","@id":"https:\/\/all4camper.com\/cs\/nase-prvni-dovolena-obytnym-vozem-rakousko-italie-slovinsko-a-svycarsko\/#primaryimage","url":"https:\/\/all4camper.com\/wp-content\/uploads\/2018\/06\/potap\u011b\u010di.jpg","contentUrl":"https:\/\/all4camper.com\/wp-content\/uploads\/2018\/06\/potap\u011b\u010di.jpg","width":533,"height":400},{"@type":"BreadcrumbList","@id":"https:\/\/all4camper.com\/cs\/nase-prvni-dovolena-obytnym-vozem-rakousko-italie-slovinsko-a-svycarsko\/#breadcrumb","itemListElement":[{"@type":"ListItem","position":1,"name":"Dom\u016f","item":"https:\/\/all4camper.com\/cs\/"},{"@type":"ListItem","position":2,"name":"\u010cten\u00ed na cesty","item":"https:\/\/all4camper.com\/cs\/category\/magazin_all4camper\/"},{"@type":"ListItem","position":3,"name":"Na\u0161e prvn\u00ed dovolen\u00e1 obytn\u00fdm vozem &#8211; Rakousko, It\u00e1lie, Slovinsko a \u0160v\u00fdcarsko"}]},{"@type":"WebSite","@id":"https:\/\/all4camper.com\/cs\/#website","url":"https:\/\/all4camper.com\/cs\/","name":"All4Camper","description":"Nejv\u011bt\u0161\u00ed online magaz\u00edn o kempov\u00e1n\u00ed a karavaninku. V\u00edce jak 900 \u010dl\u00e1nk\u016f pln\u00fdch rad a tip\u016f o kempech a kempov\u00e1n\u00ed.","publisher":{"@id":"https:\/\/all4camper.com\/cs\/#organization"},"potentialAction":[{"@type":"SearchAction","target":{"@type":"EntryPoint","urlTemplate":"https:\/\/all4camper.com\/cs\/?s={search_term_string}"},"query-input":{"@type":"PropertyValueSpecification","valueRequired":true,"valueName":"search_term_string"}}],"inLanguage":"cs"},{"@type":"Organization","@id":"https:\/\/all4camper.com\/cs\/#organization","name":"All4Camper - kempujeme s Kl\u00e1rou","url":"https:\/\/all4camper.com\/cs\/","logo":{"@type":"ImageObject","inLanguage":"cs","@id":"https:\/\/all4camper.com\/cs\/#\/schema\/logo\/image\/","url":"https:\/\/all4camper.com\/wp-content\/uploads\/2018\/09\/novelogo.png","contentUrl":"https:\/\/all4camper.com\/wp-content\/uploads\/2018\/09\/novelogo.png","width":1520,"height":600,"caption":"All4Camper - kempujeme s Kl\u00e1rou"},"image":{"@id":"https:\/\/all4camper.com\/cs\/#\/schema\/logo\/image\/"}},{"@type":"Person","@id":"","url":"https:\/\/all4camper.com\/cs\/author\/"}]}},"_links":{"self":[{"href":"https:\/\/all4camper.com\/cs\/wp-json\/wp\/v2\/posts\/62133","targetHints":{"allow":["GET"]}}],"collection":[{"href":"https:\/\/all4camper.com\/cs\/wp-json\/wp\/v2\/posts"}],"about":[{"href":"https:\/\/all4camper.com\/cs\/wp-json\/wp\/v2\/types\/post"}],"author":[{"embeddable":true,"href":"https:\/\/all4camper.com\/cs\/wp-json\/wp\/v2\/users\/25"}],"replies":[{"embeddable":true,"href":"https:\/\/all4camper.com\/cs\/wp-json\/wp\/v2\/comments?post=62133"}],"version-history":[{"count":0,"href":"https:\/\/all4camper.com\/cs\/wp-json\/wp\/v2\/posts\/62133\/revisions"}],"wp:featuredmedia":[{"embeddable":true,"href":"https:\/\/all4camper.com\/cs\/wp-json\/wp\/v2\/media\/62132"}],"wp:attachment":[{"href":"https:\/\/all4camper.com\/cs\/wp-json\/wp\/v2\/media?parent=62133"}],"wp:term":[{"taxonomy":"category","embeddable":true,"href":"https:\/\/all4camper.com\/cs\/wp-json\/wp\/v2\/categories?post=62133"},{"taxonomy":"post_tag","embeddable":true,"href":"https:\/\/all4camper.com\/cs\/wp-json\/wp\/v2\/tags?post=62133"}],"curies":[{"name":"wp","href":"https:\/\/api.w.org\/{rel}","templated":true}]}}