{"id":61819,"date":"2018-06-17T13:18:30","date_gmt":"2018-06-17T11:18:30","guid":{"rendered":"https:\/\/all4camper.com\/\/?p=61819"},"modified":"2020-04-21T13:03:18","modified_gmt":"2020-04-21T11:03:18","slug":"kempujeme-a-poznavame-jezera-v-tyrolsku","status":"publish","type":"post","link":"https:\/\/all4camper.com\/cs\/kempujeme-a-poznavame-jezera-v-tyrolsku\/","title":{"rendered":"Kde kempovat u rakousk\u00fdch jezer v Tyrolsku"},"content":{"rendered":"\n<h4 class=\"wp-block-heading\">Kdo by neznal Tyrolsko. Je to n\u00e1dhern\u00e1 spolkov\u00e1 zem\u011b na z\u00e1pad\u011b Rakouska, kter\u00e1 sv\u00e9 n\u00e1v\u0161t\u011bvn\u00edky um\u00ed nadchnout nejen kr\u00e1snou p\u0159\u00edrodou, ale tak\u00e9 velk\u00fdm mno\u017estv\u00edm r\u016fzn\u00fdch p\u011b\u0161\u00edch tras a cyklo tras, alpsk\u00fdch vyhl\u00eddek \u010di mo\u017enost\u00ed koup\u00e1n\u00ed se ve zdej\u0161\u00edch jezerech. A pr\u00e1v\u011b t\u011bmto jezer\u016fm se budu v dne\u0161n\u00edm p\u0159\u00edsp\u011bvku v\u011bnovat.<\/h4>\n\n\n\n<h4 class=\"wp-block-heading\"><strong>1. Jezero Schwarzsee<\/strong><\/h4>\n\n\n\n<p>Najdete jej v nadmo\u0159sk\u00e9 v\u00fd\u0161ce&nbsp;762m, jen kousek od sv\u011btozn\u00e1m\u00e9ho m\u011bsta Kitzb\u00fchel. Plocha cel\u00e9ho jezera \u010din\u00ed&nbsp;16,55 ha a nejv\u011bt\u0161\u00ed hloubka dosahuje 7 metr\u016f. Jist\u011b V\u00e1s pot\u011b\u0161\u00ed teplota vody, kter\u00e1 v letn\u00edch m\u011bs\u00edc\u00edch dosahu je 23 \u00b0C. <strong>D\u00edky tomu se \u0159ad\u00ed mezi nejteplej\u0161\u00ed jezera v Alp\u00e1ch.<\/strong><\/p>\n\n\n\n<div class=\"wp-block-image wp-image-61822 size-full\"><figure class=\"aligncenter\"><img loading=\"lazy\" decoding=\"async\" width=\"1024\" height=\"384\" src=\"https:\/\/all4camper.com\/\/wp-content\/uploads\/2018\/06\/Kitzb\u00fchel-Tourismus_-Medialounge.jpeg\" alt=\"\" class=\"wp-image-61822\" srcset=\"https:\/\/all4camper.com\/wp-content\/uploads\/2018\/06\/Kitzb\u00fchel-Tourismus_-Medialounge.jpeg 1024w, https:\/\/all4camper.com\/wp-content\/uploads\/2018\/06\/Kitzb\u00fchel-Tourismus_-Medialounge-300x113.jpeg 300w, https:\/\/all4camper.com\/wp-content\/uploads\/2018\/06\/Kitzb\u00fchel-Tourismus_-Medialounge-150x56.jpeg 150w, https:\/\/all4camper.com\/wp-content\/uploads\/2018\/06\/Kitzb\u00fchel-Tourismus_-Medialounge-768x288.jpeg 768w\" sizes=\"auto, (max-width: 1024px) 100vw, 1024px\" \/><figcaption>\u00a9 Kitzb\u00fchel Tourismus\/Medialounge<\/figcaption><\/figure><\/div>\n\n\n\n<p><strong>Schwarzsee <\/strong>je tak\u00e9 zn\u00e1m\u00e9 svou smaragdov\u011b zelenou vodou a velkou pl\u00e1\u017e\u00ed o\u00a0velikosti 34.000 m\u00b2 na kter\u00e9 jsou um\u00edst\u011bny\u00a0klouza\u010dky, beach volejbal, d\u011btsk\u00e9 h\u0159i\u0161t\u011b, p\u016fj\u010dovna lod\u011bk a mnoho dal\u0161\u00edho.<\/p>\n\n\n\n<p><strong>Kempov\u00e1n\u00ed:\u00a0Camping Schwarzsee<\/strong>, Str\u00e1nky:\u00a0<a rel=\"noopener noreferrer\" href=\"https:\/\/www.bruggerhof-camping.at\/\" target=\"_blank\">bruggerhof-camping.at<\/a><\/p>\n\n\n\n<p>Celoro\u010dn\u00ed kemp s \u0161irokou nab\u00eddkou slu\u017eeb v\u010detn\u011b wellness.\u00a0Krom\u011b mnoha rekrea\u010dn\u00edch aktivit se v letn\u00edch m\u011bs\u00edc\u00edch, v \u010dervenci a srpnu, kon\u00e1 v kempu i t\u00fddenn\u00ed\u00a0festival &#8222;Tent&#8220; doprov\u00e1zen\u00fd hudebn\u00edm programem a\u00a0aktivitami\u00a0pro d\u011bti. <a rel=\"noopener noreferrer\" href=\"https:\/\/goo.gl\/maps\/ETbtVSZpDCx\" target=\"_blank\">Zobrazit na map\u011b<\/a><\/p>\n\n\n\n<div class=\"wp-block-image\"><figure class=\"aligncenter\"><img loading=\"lazy\" decoding=\"async\" width=\"617\" height=\"400\" src=\"https:\/\/all4camper.com\/\/wp-content\/uploads\/2018\/06\/Camping-Schwarzsee.jpg\" alt=\"\" class=\"wp-image-61824\" srcset=\"https:\/\/all4camper.com\/wp-content\/uploads\/2018\/06\/Camping-Schwarzsee.jpg 617w, https:\/\/all4camper.com\/wp-content\/uploads\/2018\/06\/Camping-Schwarzsee-300x194.jpg 300w, https:\/\/all4camper.com\/wp-content\/uploads\/2018\/06\/Camping-Schwarzsee-150x97.jpg 150w\" sizes=\"auto, (max-width: 617px) 100vw, 617px\" \/><\/figure><\/div>\n\n\n\n<p><strong>Oblast&nbsp;Kitzb\u00fchel<\/strong><\/p>\n\n\n\n<p>P\u011b\u0161\u00ed turistika je\u00a0v l\u00e9t\u011b\u00a0nejobl\u00edben\u011bj\u0161\u00edm sportem v\u00a0<a rel=\"noopener noreferrer\" href=\"https:\/\/www.kitzbuehel.com\/en\/town-region\/kitzbuehel\" target=\"_blank\">Kitzb\u00fchelu<\/a>\u00a0a rozhodn\u011b je pravdou, \u017ee toto st\u0159edisko je d\u00edky sv\u00e9 s\u00edt\u00ed perfektn\u011b udr\u017eovan\u00fdch stezek opravdov\u00fdm r\u00e1jem pro nad\u0161ence t\u00e9to formy aktivn\u00ed dovolen\u00e9. \u010cek\u00e1 zde na V\u00e1s v\u00edce ne\u017e 1000 km stezek vedouc\u00edch barevn\u00fdmi lou\u010dkami s pasouc\u00edmi se kr\u00e1vami a \u0161irok\u00fdmi alpsk\u00fdmi pastvinami.\u00a0<strong>Kitzb\u00fchel mimo jin\u00e9 nab\u00edz\u00ed bezplatn\u00e9 prohl\u00eddky se zku\u0161en\u00fdmi pr\u016fvodci do skalnat\u00e9ho poho\u0159\u00ed Wilder Kaiser.<\/strong><\/p>\n\n\n\n<div class=\"wp-block-image\"><figure class=\"aligncenter\"><img loading=\"lazy\" decoding=\"async\" width=\"602\" height=\"400\" src=\"https:\/\/all4camper.com\/\/wp-content\/uploads\/2018\/06\/tyrol-2304847_1280.jpg\" alt=\"\" class=\"wp-image-61825\" srcset=\"https:\/\/all4camper.com\/wp-content\/uploads\/2018\/06\/tyrol-2304847_1280.jpg 602w, https:\/\/all4camper.com\/wp-content\/uploads\/2018\/06\/tyrol-2304847_1280-300x199.jpg 300w, https:\/\/all4camper.com\/wp-content\/uploads\/2018\/06\/tyrol-2304847_1280-150x100.jpg 150w\" sizes=\"auto, (max-width: 602px) 100vw, 602px\" \/><\/figure><\/div>\n\n\n\n<p>V\u00edce informac\u00ed o mo\u017enostech turistiky v&nbsp;Kitzb\u00fchel najdete na t\u011bchto ofici\u00e1ln\u00edch str\u00e1nk\u00e1ch&nbsp;<strong><a href=\"https:\/\/www.kitzbuehel.com\/en\/summer-holiday\" target=\"_blank\" rel=\"noopener noreferrer\">kitzbuehel.com<\/a><\/strong><\/p>\n\n\n\n<p>P\u0159\u00edklady tras, kter\u00e9 m\u016f\u017eete p\u0159i n\u00e1v\u0161t\u011bv\u011b oblasti absolvovat:<\/p>\n\n\n\n<ul class=\"wp-block-list\"><li><a href=\"http:\/\/bit.ly\/2ysuRuG\" target=\"_blank\" rel=\"noopener noreferrer\">Schwarzsee<\/a> cca.&nbsp;1 hodina \/ 4,53 km<\/li><li><a href=\"http:\/\/bit.ly\/2xFM2LT\" target=\"_blank\" rel=\"noopener noreferrer\">Gieringer Weiher<\/a>&nbsp;trv\u00e1 cca.&nbsp;1 hodina \/ 3,87 km<\/li><li><a href=\"http:\/\/bit.ly\/2wVUXoS\" target=\"_blank\" rel=\"noopener noreferrer\">Streif Spaziergang<\/a> trv\u00e1 cca.&nbsp;2 hodiny \/ 3,7 km<\/li><li><a href=\"http:\/\/bit.ly\/2fqHaA9\" target=\"_blank\" rel=\"noopener noreferrer\">Karstweg<\/a> cca.&nbsp;2,5 dom\u016f \/ 4,4 km<\/li><li><a href=\"http:\/\/bit.ly\/2y7XzVB\" target=\"_blank\" rel=\"noopener noreferrer\">Sonnbergu<\/a>&nbsp;cca.&nbsp;2 hodiny \/ 4,5 km<\/li><li><a href=\"http:\/\/bit.ly\/2xKzWl8\" target=\"_blank\" rel=\"noopener noreferrer\">KitzTrail Streif<\/a> trv\u00e1 cca.&nbsp;3 hodiny \/ 7,7 km<\/li><li><a href=\"http:\/\/bit.ly\/2fpteXj\" target=\"_blank\" rel=\"noopener noreferrer\">Kaiserblickweg<\/a> cca.&nbsp;5 hodin \/ 17,04 km \/ 1069 vertik\u00e1ln\u00edch metr\u016f<\/li><li><a href=\"http:\/\/bit.ly\/2k2rg4e\" target=\"_blank\" rel=\"noopener noreferrer\">Sintersbachu<\/a>&nbsp;cca.&nbsp;4 hodiny \/ 9,37 km \/ 648 vertik\u00e1ln\u00edch metr\u016f<\/li><\/ul>\n\n\n\n<h4 class=\"wp-block-heading\">2. Jezero Thiersee<\/h4>\n\n\n\n<p class=\"subline\">Toto jezero najdete na hranici s Bavorskem.\u00a0<strong>M\u00e1 perfektn\u00ed polohu a je obklopeno n\u00e1dhernou horskou kulisou.<\/strong> Okolo cel\u00e9ho jezera najdete malebn\u00e9 louky a mal\u00e9 z\u00e1toky, u jezera je mo\u017en\u00e9 si vyp\u016fj\u010dit veslice, \u0161lapadla i \u010dluny. Pro odv\u00e1\u017elivce zde nechyb\u00ed skokansk\u00e1 v\u011b\u017e a pro z\u00e1bavu \u010di zp\u0159\u00edjemn\u011bn\u00ed si zdej\u0161\u00edho pobytu spojen\u00e9ho s koup\u00e1n\u00ed m\u016f\u017eete vyu\u017e\u00edt\u00a0pl\u00e1\u017eov\u00fd volejbal nach\u00e1zej\u00edc\u00ed se hned vedle d\u011btsk\u00e9ho h\u0159i\u0161t\u011b.<\/p>\n\n\n\n<div class=\"wp-block-image wp-image-61826 size-full\"><figure class=\"aligncenter\"><img loading=\"lazy\" decoding=\"async\" width=\"1024\" height=\"384\" src=\"https:\/\/all4camper.com\/\/wp-content\/uploads\/2018\/06\/Kufstein.jpeg\" alt=\"\" class=\"wp-image-61826\" srcset=\"https:\/\/all4camper.com\/wp-content\/uploads\/2018\/06\/Kufstein.jpeg 1024w, https:\/\/all4camper.com\/wp-content\/uploads\/2018\/06\/Kufstein-300x113.jpeg 300w, https:\/\/all4camper.com\/wp-content\/uploads\/2018\/06\/Kufstein-150x56.jpeg 150w, https:\/\/all4camper.com\/wp-content\/uploads\/2018\/06\/Kufstein-768x288.jpeg 768w\" sizes=\"auto, (max-width: 1024px) 100vw, 1024px\" \/><figcaption>\u00a9 Ferienland Kufstein<\/figcaption><\/figure><\/div>\n\n\n\n<p><strong>Kempov\u00e1n\u00ed: Camping\u00a0Hiasenhof<\/strong>, Str\u00e1nky:\u00a0<a rel=\"noopener noreferrer\" href=\"http:\/\/www.hiasenhof-thiersee.at\/en\/\" target=\"_blank\">hiasenhof-thiersee.at<\/a><\/p>\n\n\n\n<p>Kemp se nach\u00e1z\u00ed p\u0159\u00edmo u jezera\u00a0Thiersee a nab\u00edz\u00ed kvalitn\u00ed z\u00e1zem\u00ed pro V\u00e1\u0161 kempovac\u00ed pobyt u jezera. <a rel=\"noopener noreferrer\" href=\"https:\/\/goo.gl\/maps\/WLEQ6h4oFQu\" target=\"_blank\">Zobrazit na map\u011b<\/a>.<\/p>\n\n\n\n<div class=\"wp-block-image\"><figure class=\"aligncenter\"><img loading=\"lazy\" decoding=\"async\" width=\"960\" height=\"400\" src=\"https:\/\/all4camper.com\/\/wp-content\/uploads\/2018\/06\/hiasenhof-camping.jpg\" alt=\"\" class=\"wp-image-61827\" srcset=\"https:\/\/all4camper.com\/wp-content\/uploads\/2018\/06\/hiasenhof-camping.jpg 960w, https:\/\/all4camper.com\/wp-content\/uploads\/2018\/06\/hiasenhof-camping-300x125.jpg 300w, https:\/\/all4camper.com\/wp-content\/uploads\/2018\/06\/hiasenhof-camping-150x63.jpg 150w, https:\/\/all4camper.com\/wp-content\/uploads\/2018\/06\/hiasenhof-camping-768x320.jpg 768w\" sizes=\"auto, (max-width: 960px) 100vw, 960px\" \/><\/figure><\/div>\n\n\n\n<p><strong>Camping Rueppenhof<\/strong>, Str\u00e1nky:\u00a0<a rel=\"noopener noreferrer\" href=\"http:\/\/www.rueppenhof.com\/de\/index.php\" target=\"_blank\">rueppenhof.com<\/a><\/p>\n\n\n\n<p>Men\u0161\u00ed rodinn\u00fd kemp nach\u00e1zej\u00edc\u00ed se hned vedle\u00a0CampingHiasenhof. I on je um\u00edst\u011bn p\u0159\u00edmo u jezera a v letn\u00edch m\u011bs\u00edc\u00edch tak nab\u00edz\u00ed koup\u00e1n\u00ed v tomto n\u00e1dhern\u00e9m jeze\u0159e na soukrom\u00e9 pl\u00e1\u017ei. V nab\u00eddce kempu je, krom\u011b kvalitn\u00edho z\u00e1zem\u00ed pro Va\u0161e kempov\u00e1n\u00ed, bezplatn\u00e1 WiFi, lukost\u0159elba zdarma a vezete-li sebou sv\u00e9ho ps\u00edho kamar\u00e1da, pak v tomto kempu jej r\u00e1di p\u0159iv\u00edtaj\u00ed. <a rel=\"noopener noreferrer\" href=\"https:\/\/goo.gl\/maps\/oyT2ZLDeXfB2\" target=\"_blank\">Zobrazit na map\u011b<\/a><\/p>\n\n\n\n<p><strong>Oblast<\/strong>&nbsp;<strong>Thierseetal<\/strong><\/p>\n\n\n\n<p>Tato oblast se skl\u00e1d\u00e1 z celkem t\u0159\u00ed st\u0159edisek a to\u00a0Thiersee, Hinterthiersee a Landl. Dovolen\u00e1 v Thierseetalu poskytuje n\u00e1v\u0161t\u011bvn\u00edk\u016fm \u0161irokou nab\u00eddku mnoha aktivit v jak\u00e9mkoliv ro\u010dn\u00edm obdob\u00ed. P\u0159\u00edkladem je Nordic Walking, horsk\u00e1 turistika nebo v\u00fdjezdy na vrcholy m\u00edstn\u00edch hor.\u00a0Samoz\u0159ejmost\u00ed je \u0159ada trat\u00ed pro vyznava\u010de horsk\u00e9 cyklistiky. A kam se v\u0161ude m\u016f\u017eete v t\u00e9to oblasti pod\u00e1vat v r\u00e1mci p\u011b\u0161\u00ed turistiky? Nab\u00eddku tras si zobraz\u00edte na tomto <strong><a rel=\"noopener noreferrer\" href=\"https:\/\/www.kaiserreich.at\/wandern\/wandern-im-thierseetal\/\" target=\"_blank\">odkazu<\/a>.<\/strong> Dal\u0161\u00ed informace o t\u00e9to oblasti a mo\u017enostech vyu\u017eit\u00ed voln\u00e9ho \u010dasu si zobraz\u00edte na str\u00e1nk\u00e1ch\u00a0<a rel=\"noopener noreferrer\" href=\"https:\/\/www.thierseetal.com\/sport-freizeit\/sommer\/\" target=\"_blank\">thierseetal.com<\/a><\/p>\n\n\n\n<h4 class=\"wp-block-heading\">3. Jezero Tristacher See<\/h4>\n\n\n\n<p>Jen 4 kilometry od m\u011bsta Lienz se na plo\u0161e 5,54 ha\u00a0nach\u00e1z\u00ed jezero Tristacher See s maxim\u00e1ln\u00ed hloubkou 7,4 metr\u016f. Pr\u016fm\u011brn\u00e1 teplota vody dosahuje\u00a0v l\u00e9t\u011b 21 \u2013 24 \u00b0C. Toto jezero je obl\u00edben\u00e9\u00a0zejm\u00e9na rodinami s d\u011btmi, a to d\u00edky \u0161irok\u00fdm tr\u00e1vn\u00edk\u016fm nab\u00edzej\u00edc\u00ed jak st\u00edn\u011bnou, tak slune\u010dn\u00ed opalovac\u00ed plochu, d\u011btsk\u00e9 h\u0159i\u0161t\u011b a samoz\u0159ejm\u011b kr\u00e1snou a \u010distou vodu na koup\u00e1n\u00ed.<\/p>\n\n\n\n<div class=\"wp-block-image wp-image-61829 size-full\"><figure class=\"aligncenter\"><img loading=\"lazy\" decoding=\"async\" width=\"1024\" height=\"384\" src=\"https:\/\/all4camper.com\/\/wp-content\/uploads\/2018\/06\/Tristacher-See.jpeg\" alt=\"\" class=\"wp-image-61829\" srcset=\"https:\/\/all4camper.com\/wp-content\/uploads\/2018\/06\/Tristacher-See.jpeg 1024w, https:\/\/all4camper.com\/wp-content\/uploads\/2018\/06\/Tristacher-See-300x113.jpeg 300w, https:\/\/all4camper.com\/wp-content\/uploads\/2018\/06\/Tristacher-See-150x56.jpeg 150w, https:\/\/all4camper.com\/wp-content\/uploads\/2018\/06\/Tristacher-See-768x288.jpeg 768w\" sizes=\"auto, (max-width: 1024px) 100vw, 1024px\" \/><figcaption>\u00a9 Stadtgemeinde Lienz<\/figcaption><\/figure><\/div>\n\n\n\n<p><strong>Kempov\u00e1n\u00ed:\u00a0Camping Seewiese KEG<\/strong>, str\u00e1nky:\u00a0<a rel=\"noopener noreferrer\" href=\"http:\/\/www.campingtirol.com\/01_willkommen\/D\/willkommen_d.htm\" target=\"_blank\">campingtirol.com<\/a><\/p>\n\n\n\n<p>Hned u jezera le\u017e\u00ed tento st\u0159edn\u011b velk\u00fd kemp nab\u00edzej\u00edc\u00ed kempovac\u00ed plochu s 99 pozemky. Pokud se obytujete v tomto kempu a budete cht\u00edt nav\u0161t\u00edvit Lienz, pak skv\u011blou zpr\u00e1vou je informace, \u017ee kemp poskytuje bezplatn\u00fd Shuttle bus do tohoto m\u011bsta. Autobus jezd\u00ed 9 x denn\u011b. Krom\u011b kvalitn\u00edho z\u00e1zem\u00ed pro v\u0161echny kempa\u0159e zde najdete d\u011btsk\u00e9 h\u0159i\u0161t\u011b, pl\u00e1\u017eov\u00fd volejbal a stoln\u00ed tenis. Hled\u00e1te-li klidn\u00fd kemp uprost\u0159ed les\u016f u kr\u00e1sn\u00e9ho horsk\u00e9ho jezera, pak zdej\u0161\u00ed pobyt se V\u00e1m bude rozhodn\u011b l\u00edbit. <a rel=\"noopener noreferrer\" href=\"https:\/\/goo.gl\/maps\/RxijabYyy6R2\" target=\"_blank\">Zobrazit na map\u011b<\/a><\/p>\n\n\n\n<p><strong>Oblast v\u00fdchodn\u00ed Tyrolsko<\/strong><\/p>\n\n\n\n<p>Jezero i m\u011bsto Lienz se nach\u00e1z\u00ed ve v\u00fdchodn\u00edm Tyrolsku. Samotn\u00fd Lienz V\u00e1m nab\u00edz\u00ed mnoho sportovn\u00edch i kulturn\u00edch aktivit a pokud se v r\u00e1mci pobytu jej rozhodnete nav\u0161t\u00edvit, pak se V\u00e1m budou hodit informace s r\u016fzn\u00fdmi doporu\u010den\u00edmi &#8222;co nav\u0161t\u00edvit, nebo je mo\u017en\u00e9 ve m\u011bst\u011b vid\u011bt&#8220;, kter\u00e9 najdete na str\u00e1nk\u00e1ch m\u011bsta&nbsp;<strong><a href=\"https:\/\/www.lienz.gv.at\/sport-freizeit.html\" target=\"_blank\" rel=\"noopener noreferrer\">lienz.gv.at<\/a><\/strong><\/p>\n\n\n\n<div class=\"wp-block-image\"><figure class=\"aligncenter\"><img loading=\"lazy\" decoding=\"async\" width=\"1024\" height=\"384\" src=\"https:\/\/all4camper.com\/\/wp-content\/uploads\/2018\/06\/vychodni-tyrolsko.jpeg\" alt=\"\" class=\"wp-image-61830\" srcset=\"https:\/\/all4camper.com\/wp-content\/uploads\/2018\/06\/vychodni-tyrolsko.jpeg 1024w, https:\/\/all4camper.com\/wp-content\/uploads\/2018\/06\/vychodni-tyrolsko-300x113.jpeg 300w, https:\/\/all4camper.com\/wp-content\/uploads\/2018\/06\/vychodni-tyrolsko-150x56.jpeg 150w, https:\/\/all4camper.com\/wp-content\/uploads\/2018\/06\/vychodni-tyrolsko-768x288.jpeg 768w\" sizes=\"auto, (max-width: 1024px) 100vw, 1024px\" \/><\/figure><\/div>\n\n\n\n<p>V\u00fdchodn\u00ed Tyrolsko nab\u00edz\u00ed tak\u00e9 mnoho sportovn\u00edch a z\u00e1\u017eitkov\u00fdch aktivit. Sta\u010d\u00ed si jen vybrat m\u00edsto, p\u0159e\u010d\u00edst p\u00e1r informac\u00ed a m\u016f\u017eete vyrazit. V tomto p\u0159\u00edpad\u011b se nach\u00e1z\u00edte v\u00a0Dolomitech Lienzu. Co v\u0161e nav\u0161t\u00edvit a jak\u00e9 aktivity tato oblast nab\u00edz\u00ed si zobraz\u00edte na str\u00e1nk\u00e1ch\u00a0<strong><a rel=\"noopener noreferrer\" href=\"https:\/\/www.osttirol.com\/en\/east-tyrol-and-its-regions\/lienz-dolomites\/summer.html\" target=\"_blank\">osttirol.com.<\/a><\/strong><\/p>\n","protected":false},"excerpt":{"rendered":"<p>Kdo by neznal Tyrolsko. Je to n\u00e1dhern\u00e1 spolkov\u00e1 zem\u011b na z\u00e1pad\u011b Rakouska, kter\u00e1 sv\u00e9 n\u00e1v\u0161t\u011bvn\u00edky um\u00ed nadchnout nejen kr\u00e1snou p\u0159\u00edrodou, ale tak\u00e9 velk\u00fdm mno\u017estv\u00edm r\u016fzn\u00fdch p\u011b\u0161\u00edch tras a cyklo tras, alpsk\u00fdch vyhl\u00eddek \u010di mo\u017enost\u00ed koup\u00e1n\u00ed se ve zdej\u0161\u00edch jezerech. A pr\u00e1v\u011b t\u011bmto jezer\u016fm se budu v dne\u0161n\u00edm p\u0159\u00edsp\u011bvku v\u011bnovat. 1. Jezero Schwarzsee Najdete jej v [&hellip;]<\/p>\n","protected":false},"author":1,"featured_media":61831,"comment_status":"closed","ping_status":"open","sticky":false,"template":"","format":"standard","meta":{"_monsterinsights_skip_tracking":false,"_monsterinsights_sitenote_active":false,"_monsterinsights_sitenote_note":"","_monsterinsights_sitenote_category":0,"footnotes":""},"categories":[2379,68],"tags":[101,105],"class_list":{"0":"post-61819","1":"post","2":"type-post","3":"status-publish","4":"format-standard","5":"has-post-thumbnail","7":"category-kempujeme-a-cestujeme-v-rakousku","8":"category-kempovani-a-zajimave-cile","9":"tag-kempy-1","10":"tag-rakousko"},"yoast_head":"<!-- This site is optimized with the Yoast SEO plugin v27.4 - https:\/\/yoast.com\/product\/yoast-seo-wordpress\/ -->\n<title>Kde kempovat u rakousk\u00fdch jezer v Tyrolsku<\/title>\n<meta name=\"description\" content=\"All4Camper - Kde kempovat u rakousk\u00fdch jezer v Tyrolsku\" \/>\n<meta name=\"robots\" content=\"index, follow, max-snippet:-1, max-image-preview:large, max-video-preview:-1\" \/>\n<link rel=\"canonical\" href=\"https:\/\/all4camper.com\/cs\/kempujeme-a-poznavame-jezera-v-tyrolsku\/\" \/>\n<meta property=\"og:locale\" content=\"cs_CZ\" \/>\n<meta property=\"og:type\" content=\"article\" \/>\n<meta property=\"og:title\" content=\"Kde kempovat u rakousk\u00fdch jezer v Tyrolsku\" \/>\n<meta property=\"og:description\" content=\"All4Camper - Kde kempovat u rakousk\u00fdch jezer v Tyrolsku\" \/>\n<meta property=\"og:url\" content=\"https:\/\/all4camper.com\/cs\/kempujeme-a-poznavame-jezera-v-tyrolsku\/\" \/>\n<meta property=\"og:site_name\" content=\"All4Camper\" \/>\n<meta property=\"article:published_time\" content=\"2018-06-17T11:18:30+00:00\" \/>\n<meta property=\"article:modified_time\" content=\"2020-04-21T11:03:18+00:00\" \/>\n<meta property=\"og:image\" content=\"https:\/\/all4camper.com\/wp-content\/uploads\/2018\/06\/lago-federa-3011939_1280.jpg\" \/>\n\t<meta property=\"og:image:width\" content=\"616\" \/>\n\t<meta property=\"og:image:height\" content=\"400\" \/>\n\t<meta property=\"og:image:type\" content=\"image\/jpeg\" \/>\n<meta name=\"author\" content=\"Davi\" \/>\n<meta name=\"twitter:card\" content=\"summary_large_image\" \/>\n<meta name=\"twitter:label1\" content=\"Napsal(a)\" \/>\n\t<meta name=\"twitter:data1\" content=\"Davi\" \/>\n\t<meta name=\"twitter:label2\" content=\"Odhadovan\u00e1 doba \u010dten\u00ed\" \/>\n\t<meta name=\"twitter:data2\" content=\"5 minut\" \/>\n<script type=\"application\/ld+json\" class=\"yoast-schema-graph\">{\"@context\":\"https:\\\/\\\/schema.org\",\"@graph\":[{\"@type\":\"Article\",\"@id\":\"https:\\\/\\\/all4camper.com\\\/cs\\\/kempujeme-a-poznavame-jezera-v-tyrolsku\\\/#article\",\"isPartOf\":{\"@id\":\"https:\\\/\\\/all4camper.com\\\/cs\\\/kempujeme-a-poznavame-jezera-v-tyrolsku\\\/\"},\"author\":{\"name\":\"Davi\",\"@id\":\"https:\\\/\\\/all4camper.com\\\/cs\\\/#\\\/schema\\\/person\\\/4de0ea01bd6518ef95649b160a14dcf1\"},\"headline\":\"Kde kempovat u rakousk\u00fdch jezer v Tyrolsku\",\"datePublished\":\"2018-06-17T11:18:30+00:00\",\"dateModified\":\"2020-04-21T11:03:18+00:00\",\"mainEntityOfPage\":{\"@id\":\"https:\\\/\\\/all4camper.com\\\/cs\\\/kempujeme-a-poznavame-jezera-v-tyrolsku\\\/\"},\"wordCount\":1110,\"publisher\":{\"@id\":\"https:\\\/\\\/all4camper.com\\\/cs\\\/#organization\"},\"image\":{\"@id\":\"https:\\\/\\\/all4camper.com\\\/cs\\\/kempujeme-a-poznavame-jezera-v-tyrolsku\\\/#primaryimage\"},\"thumbnailUrl\":\"https:\\\/\\\/all4camper.com\\\/wp-content\\\/uploads\\\/2018\\\/06\\\/lago-federa-3011939_1280.jpg\",\"keywords\":[\"Kempy a kempovac\u00ed m\u00edsta\",\"Rakousko\"],\"articleSection\":[\"Kempujeme a cestujeme v Rakousku\",\"Kempy a zaj\u00edmav\u00e1 m\u00edsta\"],\"inLanguage\":\"cs\"},{\"@type\":\"WebPage\",\"@id\":\"https:\\\/\\\/all4camper.com\\\/cs\\\/kempujeme-a-poznavame-jezera-v-tyrolsku\\\/\",\"url\":\"https:\\\/\\\/all4camper.com\\\/cs\\\/kempujeme-a-poznavame-jezera-v-tyrolsku\\\/\",\"name\":\"Kde kempovat u rakousk\u00fdch jezer v Tyrolsku\",\"isPartOf\":{\"@id\":\"https:\\\/\\\/all4camper.com\\\/cs\\\/#website\"},\"primaryImageOfPage\":{\"@id\":\"https:\\\/\\\/all4camper.com\\\/cs\\\/kempujeme-a-poznavame-jezera-v-tyrolsku\\\/#primaryimage\"},\"image\":{\"@id\":\"https:\\\/\\\/all4camper.com\\\/cs\\\/kempujeme-a-poznavame-jezera-v-tyrolsku\\\/#primaryimage\"},\"thumbnailUrl\":\"https:\\\/\\\/all4camper.com\\\/wp-content\\\/uploads\\\/2018\\\/06\\\/lago-federa-3011939_1280.jpg\",\"datePublished\":\"2018-06-17T11:18:30+00:00\",\"dateModified\":\"2020-04-21T11:03:18+00:00\",\"description\":\"All4Camper - Kde kempovat u rakousk\u00fdch jezer v Tyrolsku\",\"breadcrumb\":{\"@id\":\"https:\\\/\\\/all4camper.com\\\/cs\\\/kempujeme-a-poznavame-jezera-v-tyrolsku\\\/#breadcrumb\"},\"inLanguage\":\"cs\",\"potentialAction\":[{\"@type\":\"ReadAction\",\"target\":[\"https:\\\/\\\/all4camper.com\\\/cs\\\/kempujeme-a-poznavame-jezera-v-tyrolsku\\\/\"]}]},{\"@type\":\"ImageObject\",\"inLanguage\":\"cs\",\"@id\":\"https:\\\/\\\/all4camper.com\\\/cs\\\/kempujeme-a-poznavame-jezera-v-tyrolsku\\\/#primaryimage\",\"url\":\"https:\\\/\\\/all4camper.com\\\/wp-content\\\/uploads\\\/2018\\\/06\\\/lago-federa-3011939_1280.jpg\",\"contentUrl\":\"https:\\\/\\\/all4camper.com\\\/wp-content\\\/uploads\\\/2018\\\/06\\\/lago-federa-3011939_1280.jpg\",\"width\":616,\"height\":400},{\"@type\":\"BreadcrumbList\",\"@id\":\"https:\\\/\\\/all4camper.com\\\/cs\\\/kempujeme-a-poznavame-jezera-v-tyrolsku\\\/#breadcrumb\",\"itemListElement\":[{\"@type\":\"ListItem\",\"position\":1,\"name\":\"Dom\u016f\",\"item\":\"https:\\\/\\\/all4camper.com\\\/cs\\\/\"},{\"@type\":\"ListItem\",\"position\":2,\"name\":\"Kempujeme a cestujeme v Rakousku\",\"item\":\"https:\\\/\\\/all4camper.com\\\/cs\\\/category\\\/kempujeme-a-cestujeme-v-rakousku\\\/\"},{\"@type\":\"ListItem\",\"position\":3,\"name\":\"Kde kempovat u rakousk\u00fdch jezer v Tyrolsku\"}]},{\"@type\":\"WebSite\",\"@id\":\"https:\\\/\\\/all4camper.com\\\/cs\\\/#website\",\"url\":\"https:\\\/\\\/all4camper.com\\\/cs\\\/\",\"name\":\"All4Camper\",\"description\":\"Nejv\u011bt\u0161\u00ed online magaz\u00edn o kempov\u00e1n\u00ed a karavaninku. V\u00edce jak 900 \u010dl\u00e1nk\u016f pln\u00fdch rad a tip\u016f o kempech a kempov\u00e1n\u00ed.\",\"publisher\":{\"@id\":\"https:\\\/\\\/all4camper.com\\\/cs\\\/#organization\"},\"potentialAction\":[{\"@type\":\"SearchAction\",\"target\":{\"@type\":\"EntryPoint\",\"urlTemplate\":\"https:\\\/\\\/all4camper.com\\\/cs\\\/?s={search_term_string}\"},\"query-input\":{\"@type\":\"PropertyValueSpecification\",\"valueRequired\":true,\"valueName\":\"search_term_string\"}}],\"inLanguage\":\"cs\"},{\"@type\":\"Organization\",\"@id\":\"https:\\\/\\\/all4camper.com\\\/cs\\\/#organization\",\"name\":\"All4Camper - kempujeme s Kl\u00e1rou\",\"url\":\"https:\\\/\\\/all4camper.com\\\/cs\\\/\",\"logo\":{\"@type\":\"ImageObject\",\"inLanguage\":\"cs\",\"@id\":\"https:\\\/\\\/all4camper.com\\\/cs\\\/#\\\/schema\\\/logo\\\/image\\\/\",\"url\":\"https:\\\/\\\/all4camper.com\\\/wp-content\\\/uploads\\\/2018\\\/09\\\/novelogo.png\",\"contentUrl\":\"https:\\\/\\\/all4camper.com\\\/wp-content\\\/uploads\\\/2018\\\/09\\\/novelogo.png\",\"width\":1520,\"height\":600,\"caption\":\"All4Camper - kempujeme s Kl\u00e1rou\"},\"image\":{\"@id\":\"https:\\\/\\\/all4camper.com\\\/cs\\\/#\\\/schema\\\/logo\\\/image\\\/\"}},{\"@type\":\"Person\",\"@id\":\"https:\\\/\\\/all4camper.com\\\/cs\\\/#\\\/schema\\\/person\\\/4de0ea01bd6518ef95649b160a14dcf1\",\"name\":\"Davi\",\"url\":\"https:\\\/\\\/all4camper.com\\\/cs\\\/author\\\/david\\\/\"}]}<\/script>\n<!-- \/ Yoast SEO plugin. -->","yoast_head_json":{"title":"Kde kempovat u rakousk\u00fdch jezer v Tyrolsku","description":"All4Camper - Kde kempovat u rakousk\u00fdch jezer v Tyrolsku","robots":{"index":"index","follow":"follow","max-snippet":"max-snippet:-1","max-image-preview":"max-image-preview:large","max-video-preview":"max-video-preview:-1"},"canonical":"https:\/\/all4camper.com\/cs\/kempujeme-a-poznavame-jezera-v-tyrolsku\/","og_locale":"cs_CZ","og_type":"article","og_title":"Kde kempovat u rakousk\u00fdch jezer v Tyrolsku","og_description":"All4Camper - Kde kempovat u rakousk\u00fdch jezer v Tyrolsku","og_url":"https:\/\/all4camper.com\/cs\/kempujeme-a-poznavame-jezera-v-tyrolsku\/","og_site_name":"All4Camper","article_published_time":"2018-06-17T11:18:30+00:00","article_modified_time":"2020-04-21T11:03:18+00:00","og_image":[{"width":616,"height":400,"url":"https:\/\/all4camper.com\/wp-content\/uploads\/2018\/06\/lago-federa-3011939_1280.jpg","type":"image\/jpeg"}],"author":"Davi","twitter_card":"summary_large_image","twitter_misc":{"Napsal(a)":"Davi","Odhadovan\u00e1 doba \u010dten\u00ed":"5 minut"},"schema":{"@context":"https:\/\/schema.org","@graph":[{"@type":"Article","@id":"https:\/\/all4camper.com\/cs\/kempujeme-a-poznavame-jezera-v-tyrolsku\/#article","isPartOf":{"@id":"https:\/\/all4camper.com\/cs\/kempujeme-a-poznavame-jezera-v-tyrolsku\/"},"author":{"name":"Davi","@id":"https:\/\/all4camper.com\/cs\/#\/schema\/person\/4de0ea01bd6518ef95649b160a14dcf1"},"headline":"Kde kempovat u rakousk\u00fdch jezer v Tyrolsku","datePublished":"2018-06-17T11:18:30+00:00","dateModified":"2020-04-21T11:03:18+00:00","mainEntityOfPage":{"@id":"https:\/\/all4camper.com\/cs\/kempujeme-a-poznavame-jezera-v-tyrolsku\/"},"wordCount":1110,"publisher":{"@id":"https:\/\/all4camper.com\/cs\/#organization"},"image":{"@id":"https:\/\/all4camper.com\/cs\/kempujeme-a-poznavame-jezera-v-tyrolsku\/#primaryimage"},"thumbnailUrl":"https:\/\/all4camper.com\/wp-content\/uploads\/2018\/06\/lago-federa-3011939_1280.jpg","keywords":["Kempy a kempovac\u00ed m\u00edsta","Rakousko"],"articleSection":["Kempujeme a cestujeme v Rakousku","Kempy a zaj\u00edmav\u00e1 m\u00edsta"],"inLanguage":"cs"},{"@type":"WebPage","@id":"https:\/\/all4camper.com\/cs\/kempujeme-a-poznavame-jezera-v-tyrolsku\/","url":"https:\/\/all4camper.com\/cs\/kempujeme-a-poznavame-jezera-v-tyrolsku\/","name":"Kde kempovat u rakousk\u00fdch jezer v Tyrolsku","isPartOf":{"@id":"https:\/\/all4camper.com\/cs\/#website"},"primaryImageOfPage":{"@id":"https:\/\/all4camper.com\/cs\/kempujeme-a-poznavame-jezera-v-tyrolsku\/#primaryimage"},"image":{"@id":"https:\/\/all4camper.com\/cs\/kempujeme-a-poznavame-jezera-v-tyrolsku\/#primaryimage"},"thumbnailUrl":"https:\/\/all4camper.com\/wp-content\/uploads\/2018\/06\/lago-federa-3011939_1280.jpg","datePublished":"2018-06-17T11:18:30+00:00","dateModified":"2020-04-21T11:03:18+00:00","description":"All4Camper - Kde kempovat u rakousk\u00fdch jezer v Tyrolsku","breadcrumb":{"@id":"https:\/\/all4camper.com\/cs\/kempujeme-a-poznavame-jezera-v-tyrolsku\/#breadcrumb"},"inLanguage":"cs","potentialAction":[{"@type":"ReadAction","target":["https:\/\/all4camper.com\/cs\/kempujeme-a-poznavame-jezera-v-tyrolsku\/"]}]},{"@type":"ImageObject","inLanguage":"cs","@id":"https:\/\/all4camper.com\/cs\/kempujeme-a-poznavame-jezera-v-tyrolsku\/#primaryimage","url":"https:\/\/all4camper.com\/wp-content\/uploads\/2018\/06\/lago-federa-3011939_1280.jpg","contentUrl":"https:\/\/all4camper.com\/wp-content\/uploads\/2018\/06\/lago-federa-3011939_1280.jpg","width":616,"height":400},{"@type":"BreadcrumbList","@id":"https:\/\/all4camper.com\/cs\/kempujeme-a-poznavame-jezera-v-tyrolsku\/#breadcrumb","itemListElement":[{"@type":"ListItem","position":1,"name":"Dom\u016f","item":"https:\/\/all4camper.com\/cs\/"},{"@type":"ListItem","position":2,"name":"Kempujeme a cestujeme v Rakousku","item":"https:\/\/all4camper.com\/cs\/category\/kempujeme-a-cestujeme-v-rakousku\/"},{"@type":"ListItem","position":3,"name":"Kde kempovat u rakousk\u00fdch jezer v Tyrolsku"}]},{"@type":"WebSite","@id":"https:\/\/all4camper.com\/cs\/#website","url":"https:\/\/all4camper.com\/cs\/","name":"All4Camper","description":"Nejv\u011bt\u0161\u00ed online magaz\u00edn o kempov\u00e1n\u00ed a karavaninku. V\u00edce jak 900 \u010dl\u00e1nk\u016f pln\u00fdch rad a tip\u016f o kempech a kempov\u00e1n\u00ed.","publisher":{"@id":"https:\/\/all4camper.com\/cs\/#organization"},"potentialAction":[{"@type":"SearchAction","target":{"@type":"EntryPoint","urlTemplate":"https:\/\/all4camper.com\/cs\/?s={search_term_string}"},"query-input":{"@type":"PropertyValueSpecification","valueRequired":true,"valueName":"search_term_string"}}],"inLanguage":"cs"},{"@type":"Organization","@id":"https:\/\/all4camper.com\/cs\/#organization","name":"All4Camper - kempujeme s Kl\u00e1rou","url":"https:\/\/all4camper.com\/cs\/","logo":{"@type":"ImageObject","inLanguage":"cs","@id":"https:\/\/all4camper.com\/cs\/#\/schema\/logo\/image\/","url":"https:\/\/all4camper.com\/wp-content\/uploads\/2018\/09\/novelogo.png","contentUrl":"https:\/\/all4camper.com\/wp-content\/uploads\/2018\/09\/novelogo.png","width":1520,"height":600,"caption":"All4Camper - kempujeme s Kl\u00e1rou"},"image":{"@id":"https:\/\/all4camper.com\/cs\/#\/schema\/logo\/image\/"}},{"@type":"Person","@id":"https:\/\/all4camper.com\/cs\/#\/schema\/person\/4de0ea01bd6518ef95649b160a14dcf1","name":"Davi","url":"https:\/\/all4camper.com\/cs\/author\/david\/"}]}},"_links":{"self":[{"href":"https:\/\/all4camper.com\/cs\/wp-json\/wp\/v2\/posts\/61819","targetHints":{"allow":["GET"]}}],"collection":[{"href":"https:\/\/all4camper.com\/cs\/wp-json\/wp\/v2\/posts"}],"about":[{"href":"https:\/\/all4camper.com\/cs\/wp-json\/wp\/v2\/types\/post"}],"author":[{"embeddable":true,"href":"https:\/\/all4camper.com\/cs\/wp-json\/wp\/v2\/users\/1"}],"replies":[{"embeddable":true,"href":"https:\/\/all4camper.com\/cs\/wp-json\/wp\/v2\/comments?post=61819"}],"version-history":[{"count":0,"href":"https:\/\/all4camper.com\/cs\/wp-json\/wp\/v2\/posts\/61819\/revisions"}],"wp:featuredmedia":[{"embeddable":true,"href":"https:\/\/all4camper.com\/cs\/wp-json\/wp\/v2\/media\/61831"}],"wp:attachment":[{"href":"https:\/\/all4camper.com\/cs\/wp-json\/wp\/v2\/media?parent=61819"}],"wp:term":[{"taxonomy":"category","embeddable":true,"href":"https:\/\/all4camper.com\/cs\/wp-json\/wp\/v2\/categories?post=61819"},{"taxonomy":"post_tag","embeddable":true,"href":"https:\/\/all4camper.com\/cs\/wp-json\/wp\/v2\/tags?post=61819"}],"curies":[{"name":"wp","href":"https:\/\/api.w.org\/{rel}","templated":true}]}}