{"id":61741,"date":"2018-06-12T18:21:21","date_gmt":"2018-06-12T16:21:21","guid":{"rendered":"https:\/\/all4camper.com\/\/?p=61741"},"modified":"2020-04-21T13:03:39","modified_gmt":"2020-04-21T11:03:39","slug":"aktivni-dovolena-a-kempovani-slovinsko-bovec-a-okoli","status":"publish","type":"post","link":"https:\/\/all4camper.com\/cs\/aktivni-dovolena-a-kempovani-slovinsko-bovec-a-okoli\/","title":{"rendered":"Kempy a aktivn\u00ed dovolen\u00e1 ve Slovinsku &#8211; Bovec a okol\u00ed"},"content":{"rendered":"\n<h4 class=\"wp-block-heading\">Bovec je oblast horn\u00ed \u010d\u00e1sti \u00fadol\u00ed So\u010di hluboko v&nbsp;Julsk\u00fdch Alp\u00e1ch a Triglavsk\u00e9m n\u00e1rodn\u00edm parku ve kter\u00e9 najdete zn\u00e1mou smaragdovou \u0159eku So\u010da o kter\u00e9 se \u0159\u00edk\u00e1, \u017ee je jednou z&nbsp;nejkr\u00e1sn\u011bj\u0161\u00edch \u0159ek Evrop\u011b. Rozhodnete-li se str\u00e1vit svou aktivn\u00ed dovolenou pr\u00e1v\u011b v t\u00e9to oblasti, pak v\u011bzte, \u017ee v\u00e1\u0161 v\u00fdb\u011br byl perfektn\u00ed.<\/h4>\n\n\n\n<figure class=\"wp-block-image size-large\"><img loading=\"lazy\" decoding=\"async\" width=\"1440\" height=\"1080\" src=\"https:\/\/all4camper.com\/\/wp-content\/uploads\/2019\/12\/IMG_20190425_112755-1440x1080.jpg\" alt=\"\" class=\"wp-image-83457\" srcset=\"https:\/\/all4camper.com\/wp-content\/uploads\/2019\/12\/IMG_20190425_112755-1440x1080.jpg 1440w, https:\/\/all4camper.com\/wp-content\/uploads\/2019\/12\/IMG_20190425_112755-300x225.jpg 300w, https:\/\/all4camper.com\/wp-content\/uploads\/2019\/12\/IMG_20190425_112755-150x113.jpg 150w, https:\/\/all4camper.com\/wp-content\/uploads\/2019\/12\/IMG_20190425_112755-768x576.jpg 768w, https:\/\/all4camper.com\/wp-content\/uploads\/2019\/12\/IMG_20190425_112755-1536x1152.jpg 1536w, https:\/\/all4camper.com\/wp-content\/uploads\/2019\/12\/IMG_20190425_112755-2048x1536.jpg 2048w, https:\/\/all4camper.com\/wp-content\/uploads\/2019\/12\/IMG_20190425_112755-678x509.jpg 678w, https:\/\/all4camper.com\/wp-content\/uploads\/2019\/12\/IMG_20190425_112755-326x245.jpg 326w, https:\/\/all4camper.com\/wp-content\/uploads\/2019\/12\/IMG_20190425_112755-80x60.jpg 80w\" sizes=\"auto, (max-width: 1440px) 100vw, 1440px\" \/><figcaption>smaragdov\u00e1 \u0159eka So\u010da<\/figcaption><\/figure>\n\n\n\n<p><strong>Bovec a jeho okol\u00ed je toti\u017e pokladnic\u00ed p\u0159\u00edrodn\u00edch kr\u00e1s, z\u00e1vratn\u00fdch alpsk\u00fdch vrchol\u016f, kr\u00e1sn\u00fdch \u00fadol\u00ed, mnoha k\u0159i\u0161\u0165\u00e1lov\u011b \u010dist\u00fdch \u0159\u00ed\u010dek a potok\u016f, sout\u011bsek a vodop\u00e1d\u016f.<\/strong> A hlavn\u011b, Bovec je ve Slovinsku hlavn\u00edm centrem outdoorov\u00fdch aktivit. M\u00e1te tu mo\u017enost pro\u017e\u00edt dobrodru\u017estv\u00ed na \u0159ece ve form\u011b kajakingu, raftingu, canoyngu \u010di rybolovu. Jsou zde tak\u00e9 ide\u00e1ln\u00ed podm\u00ednky pro turistiku, cyklistiku, horolezectv\u00ed a mnoho dal\u0161\u00edho. No a pr\u00e1v\u011b na mo\u017enosti t\u00e9to aktivn\u00ed dovolen\u00e9 se zam\u011b\u0159\u00edm v m\u00e9m dne\u0161n\u00edm \u010dl\u00e1nku. Mimochodem, v\u011bd\u011bli jste, \u017ee <strong>Julsk\u00e9 Alpy byly Lonely Planet za\u0159azeny mezi TOP 10 nejzaj\u00edmav\u011bj\u0161\u00edch a doporu\u010den\u00fdch turistick\u00fdch oblast\u00ed na planet\u011b pro rok 2018<\/strong>?<\/p>\n\n\n\n<figure class=\"wp-block-image size-large\"><img loading=\"lazy\" decoding=\"async\" width=\"1200\" height=\"650\" src=\"https:\/\/all4camper.com\/\/wp-content\/uploads\/2019\/12\/water_adrenaline_kayak.jpg\" alt=\"\" class=\"wp-image-83458\" srcset=\"https:\/\/all4camper.com\/wp-content\/uploads\/2019\/12\/water_adrenaline_kayak.jpg 1200w, https:\/\/all4camper.com\/wp-content\/uploads\/2019\/12\/water_adrenaline_kayak-300x163.jpg 300w, https:\/\/all4camper.com\/wp-content\/uploads\/2019\/12\/water_adrenaline_kayak-150x81.jpg 150w, https:\/\/all4camper.com\/wp-content\/uploads\/2019\/12\/water_adrenaline_kayak-768x416.jpg 768w\" sizes=\"auto, (max-width: 1200px) 100vw, 1200px\" \/><\/figure>\n\n\n\n<h3 class=\"wp-block-heading\">Aktivn\u00ed dovolen\u00e1 Bovec a okol\u00ed<\/h3>\n\n\n\n<p><strong>Triglavsk\u00fd n\u00e1rodn\u00ed park<\/strong><\/p>\n\n\n\n<p>Tento park je <strong>jedin\u00fdm n\u00e1rodn\u00edm parkem ve Slovinsku a je doslova r\u00e1jem pro milovn\u00edky neposkvrn\u011bn\u00e9 p\u0159\u00edrody<\/strong>. Nejvy\u0161\u0161\u00ed horou parku je Triglav (2&nbsp;864 m) a je<strong> symbolem slovinsk\u00e9ho n\u00e1roda<\/strong>. Na jej\u00edm vrcholu najdete v\u011b\u017e Alja\u017e, kter\u00e1 pat\u0159\u00ed mezi chr\u00e1n\u011bn\u00e9 slovinsk\u00e9 kulturn\u00ed pam\u00e1tky.&nbsp;Pokud se rozhodnete na tuto horu vystoupat, pak v\u00fdchoz\u00edm bodem je Zadnjica (650 m), 46,3824 \u00b0 N \/ 13,7604 \u00b0 E a po\u010d\u00edtejte s&nbsp;minim\u00e1ln\u011b 7 hodinovou ch\u016fz\u00ed.<\/p>\n\n\n\n<figure class=\"wp-block-image size-large\"><img loading=\"lazy\" decoding=\"async\" width=\"1280\" height=\"960\" src=\"https:\/\/all4camper.com\/\/wp-content\/uploads\/2019\/12\/zelenci-2165609_1280.jpg\" alt=\"\" class=\"wp-image-83459\" srcset=\"https:\/\/all4camper.com\/wp-content\/uploads\/2019\/12\/zelenci-2165609_1280.jpg 1280w, https:\/\/all4camper.com\/wp-content\/uploads\/2019\/12\/zelenci-2165609_1280-300x225.jpg 300w, https:\/\/all4camper.com\/wp-content\/uploads\/2019\/12\/zelenci-2165609_1280-150x113.jpg 150w, https:\/\/all4camper.com\/wp-content\/uploads\/2019\/12\/zelenci-2165609_1280-768x576.jpg 768w, https:\/\/all4camper.com\/wp-content\/uploads\/2019\/12\/zelenci-2165609_1280-678x509.jpg 678w, https:\/\/all4camper.com\/wp-content\/uploads\/2019\/12\/zelenci-2165609_1280-326x245.jpg 326w, https:\/\/all4camper.com\/wp-content\/uploads\/2019\/12\/zelenci-2165609_1280-80x60.jpg 80w\" sizes=\"auto, (max-width: 1280px) 100vw, 1280px\" \/><\/figure>\n\n\n\n<p><strong>Turistika<\/strong><\/p>\n\n\n\n<p>V&nbsp;t\u00e9to oblasti se m\u016f\u017eete vydat na jin\u00e9 horsk\u00e9 t\u00fary jako je nap\u0159\u00edklad <strong>v\u00fd\u0161lap ke <a rel=\"noopener noreferrer\" href=\"https:\/\/www.soca-valley.com\/sl\/poletje\/pohodnistvo\/planinske-poti\/2018012510053404\/krnsko-jezero\/\" target=\"_blank\">krnsk\u00e9mu jezeru<\/a>, kter\u00e9 je nejv\u011bt\u0161\u00edm vysokohorsk\u00fdm jezerem<\/strong> ve Slovinsku nebo k <strong>Mangartsk\u00e9mu sedlu<\/strong>, ke kter\u00e9mu vede nejvy\u0161\u0161\u00ed slovinsk\u00e1 horsk\u00e1 silnice <strong>a ze kter\u00e9ho jsou kr\u00e1sn\u00e9 vyhl\u00eddky<\/strong>. Od tohoto sedla m\u016f\u017eete za 2 hodiny <strong>vystoupat na vrchol&nbsp;Mangartu<\/strong>. V\u00fdchoz\u00edm bodem je pro v\u00e1s Mangartsko sedlo (2055 m), 46,43948 \u00b0 N \/ 13,65457 \u00b0 E. (<a rel=\"noreferrer noopener\" aria-label=\"odkaz (opens in a new tab)\" href=\"https:\/\/www.soca-valley.com\/en\/summer\/hiking\/mountain-trails\/2014102210554522\/\" target=\"_blank\">odkaz<\/a>)<\/p>\n\n\n\n<figure class=\"wp-block-image size-large\"><img loading=\"lazy\" decoding=\"async\" width=\"1200\" height=\"800\" src=\"https:\/\/all4camper.com\/\/wp-content\/uploads\/2019\/12\/slovinsko-Mangart.jpg\" alt=\"\" class=\"wp-image-83460\" srcset=\"https:\/\/all4camper.com\/wp-content\/uploads\/2019\/12\/slovinsko-Mangart.jpg 1200w, https:\/\/all4camper.com\/wp-content\/uploads\/2019\/12\/slovinsko-Mangart-300x200.jpg 300w, https:\/\/all4camper.com\/wp-content\/uploads\/2019\/12\/slovinsko-Mangart-150x100.jpg 150w, https:\/\/all4camper.com\/wp-content\/uploads\/2019\/12\/slovinsko-Mangart-768x512.jpg 768w\" sizes=\"auto, (max-width: 1200px) 100vw, 1200px\" \/><\/figure>\n\n\n\n<p><strong>Log pod Mangartem a \u201e\u00dadol\u00ed sta vodop\u00e1d\u016f\u201c<\/strong><\/p>\n\n\n\n<p>V&nbsp;n\u00e1dhern\u00e9m prost\u0159ed\u00ed Logu pod Mangartem, Strmce a Predelu m\u016f\u017eete <strong>na jednom m\u00edst\u011b za\u017e\u00edt mnoho dobrodru\u017estv\u00ed<\/strong>. Oddech si m\u016f\u017eete vychutnat v&nbsp;\u00fadol\u00edch Lo\u0161ke, Koritnice a Mo\u017enice. Br\u00e1nu do \u00fadol\u00ed tvo\u0159\u00ed pevnost Predel a Klu\u017ee. M\u00e1te-li r\u00e1di ochutn\u00e1v\u00e1n\u00ed tradi\u010dn\u00edm m\u00edstn\u00edch potravin, pak <strong>nesm\u00edte zapomenout na ochutn\u00e1vku boveck\u00e9ho ov\u010d\u00edho s\u00fdru<\/strong>, kter\u00fd je z\u00e1kladem m\u00edstn\u00edho kulin\u00e1\u0159stv\u00ed a je\u017e se i dnes<strong> vyr\u00e1b\u00ed na hor\u00e1ch \u010di statc\u00edch v \u00fadol\u00ed dle starod\u00e1vn\u00e9 tradice a receptury<\/strong>. (<a rel=\"noopener noreferrer\" href=\"http:\/\/www.logpodmangartom.si\/\" target=\"_blank\">logpodmangartom.si<\/a>) Dal\u0161\u00ed mo\u017enost\u00ed turistiky je <strong>proj\u00edt si so\u010dskou stezku <\/strong>vedouc\u00ed pod\u00e9l stejnojmenn\u00e9 \u0159eky, a to<strong> <\/strong>od jej\u00edho pramene a\u017e do Bovce.<\/p>\n\n\n\n<figure class=\"wp-block-image size-large\"><img loading=\"lazy\" decoding=\"async\" width=\"1200\" height=\"763\" src=\"https:\/\/all4camper.com\/\/wp-content\/uploads\/2019\/12\/logpodmangartom.png\" alt=\"\" class=\"wp-image-83461\" srcset=\"https:\/\/all4camper.com\/wp-content\/uploads\/2019\/12\/logpodmangartom.png 1200w, https:\/\/all4camper.com\/wp-content\/uploads\/2019\/12\/logpodmangartom-300x191.png 300w, https:\/\/all4camper.com\/wp-content\/uploads\/2019\/12\/logpodmangartom-150x95.png 150w, https:\/\/all4camper.com\/wp-content\/uploads\/2019\/12\/logpodmangartom-768x488.png 768w\" sizes=\"auto, (max-width: 1200px) 100vw, 1200px\" \/><\/figure>\n\n\n\n<p>Stezka spojuje klidn\u00e9, tajemn\u00e9 \u010d\u00e1sti \u00fadol\u00ed Trenty a So\u010di. Zvl\u00e1\u0161tn\u00ed zaj\u00edmavost\u00ed p\u0159i jej\u00edm proch\u00e1zen\u00ed jsou visut\u00e9 m\u016fstky. D\u00e9lka stezky je 25 km a v l\u00e9t\u011b zde proj\u00ed\u017ed\u00ed autobusov\u00e1 linka mezi Bovecem a Kranjskou Gorou, kter\u00e1 v\u00e1s bezprobl\u00e9mu doveze zp\u011bt na v\u00fdchoz\u00ed m\u00edsto. Za\u010d\u00e1tek stezky najdete u turistick\u00e9ho Informa\u010dn\u00edho centra. Dal\u0161\u00ed d\u016fle\u017eit\u00e9 informace se dozv\u00edte <strong><a href=\"https:\/\/www.soca-valley.com\/en\/summer\/hiking\/thematic-trails\/2016031413350442\/soca-trail\/\" target=\"_blank\" rel=\"noopener noreferrer\">zde<\/a><\/strong>.<\/p>\n\n\n\n<div class=\"wp-block-image wp-image-61768 size-full\"><figure class=\"aligncenter\"><img loading=\"lazy\" decoding=\"async\" width=\"604\" height=\"400\" src=\"https:\/\/all4camper.com\/\/wp-content\/uploads\/2018\/06\/Velk\u00e1-kotlina-So\u010da-Bovec.jpg\" alt=\"\" class=\"wp-image-61768\" srcset=\"https:\/\/all4camper.com\/wp-content\/uploads\/2018\/06\/Velk\u00e1-kotlina-So\u010da-Bovec.jpg 604w, https:\/\/all4camper.com\/wp-content\/uploads\/2018\/06\/Velk\u00e1-kotlina-So\u010da-Bovec-300x199.jpg 300w, https:\/\/all4camper.com\/wp-content\/uploads\/2018\/06\/Velk\u00e1-kotlina-So\u010da-Bovec-150x99.jpg 150w\" sizes=\"auto, (max-width: 604px) 100vw, 604px\" \/><figcaption>Velk\u00e1 kotlina So\u010da, Bovec, Foto: David \u0160tulc Zorn\u00edk<\/figcaption><\/figure><\/div>\n\n\n\n<p>Nesm\u00edm tak\u00e9 zapomenout na <strong>divok\u00e1 koryta<\/strong>, kter\u00e1 pat\u0159\u00ed mezi&nbsp;<strong>nejkr\u00e1sn\u011bj\u0161\u00ed p\u0159\u00edrodn\u00ed pam\u00e1tky \u0159eky So\u010da<\/strong>&nbsp;maj\u00edc\u00ed d\u016fle\u017eitou p\u0159\u00edrodn\u00ed hodnotu Triglavsk\u00e9ho n\u00e1rodn\u00edho parku. Nejv\u00edce jich najdete pr\u00e1v\u011b pod malou vesni\u010dkou se stejn\u00fdm n\u00e1zvem &#8211; So\u010da.<\/p>\n\n\n\n<h4 class=\"wp-block-heading\"><strong>Cyklistika<\/strong><\/h4>\n\n\n\n<p>Cyklistick\u00e9 stezky r\u016fzn\u00fdch stup\u0148\u016f obt\u00ed\u017enosti vedou kolem nejp\u016fvabn\u011bj\u0161\u00edch kout\u016f julsk\u00fdch alp. Na kompletn\u00ed p\u0159ehled t\u011bchto stezek se m\u016f\u017eete pod\u00edvat na tomto <a rel=\"noopener noreferrer\" href=\"https:\/\/www.soca-valley.com\/en\/summer\/hiking\/thematic-trails\/\" target=\"_blank\">odkazu<\/a>. M\u011b osobn\u011b zaujala 40 km dlouh\u00e1 <strong>trasa spojen\u00e1 s&nbsp;prohl\u00eddkou horsk\u00fdch pastvin <a rel=\"noopener noreferrer\" href=\"https:\/\/www.soca-valley.com\/en\/summer\/cycling\/road-cycling\/2016123015220518\/to-kuhinja-mountain-pasture\/\" target=\"_blank\">Kuhinja<\/a><\/strong> , co\u017e je 25 km dlouh\u00e1 trasa z <a rel=\"noopener noreferrer\" href=\"https:\/\/www.soca-valley.com\/en\/summer\/cycling\/road-cycling\/2016123015324650\/around-senica\/\" target=\"_blank\">Ljubinj do Kne\u017ee<\/a> spojen\u00e1 s&nbsp;prohl\u00eddkou vodop\u00e1du Sopoty \u010di m\u00e9n\u011b n\u00e1ro\u010dn\u00e1 cyklostezka <a rel=\"noopener noreferrer\" href=\"https:\/\/www.soca-valley.com\/en\/summer\/cycling\/road-cycling\/2016123015152139\/from-tolmin-to-kobarid\/\" target=\"_blank\">Tolmin &#8211; Kamno &#8211; Kobarid \u2013 Tolmin<\/a>, d\u00edky kter\u00e9<strong> proj\u00ed\u017ed\u00edte mnoha kr\u00e1sn\u00fdmi vesnicemi<\/strong>. <\/p>\n\n\n\n<div class=\"wp-block-image wp-image-61766 size-full\"><figure class=\"aligncenter\"><img loading=\"lazy\" decoding=\"async\" width=\"599\" height=\"400\" src=\"https:\/\/all4camper.com\/\/wp-content\/uploads\/2018\/06\/Krn.jpg\" alt=\"\" class=\"wp-image-61766\" srcset=\"https:\/\/all4camper.com\/wp-content\/uploads\/2018\/06\/Krn.jpg 599w, https:\/\/all4camper.com\/wp-content\/uploads\/2018\/06\/Krn-300x200.jpg 300w, https:\/\/all4camper.com\/wp-content\/uploads\/2018\/06\/Krn-150x100.jpg 150w\" sizes=\"auto, (max-width: 599px) 100vw, 599px\" \/><figcaption>Krn &#8211; megalitick\u00e9 kruhy, Foto: Jernej Klav\u017ear, cyklostezka Kuhinja<\/figcaption><\/figure><\/div>\n\n\n\n<h4 class=\"wp-block-heading\"><strong>Koup\u00e1n\u00ed<\/strong><\/h4>\n\n\n\n<p>Nejen se sportem a aktivitami je v\u017edy spojena na\u0161e dovolen\u00e1. Obzvl\u00e1\u0161t\u011b, pokud pojedete v&nbsp;letn\u00edch m\u011bs\u00edc\u00edch, pak se budete cht\u00edt vykoupat.<\/p>\n\n\n\n<p><strong>Koup\u00e1n\u00ed v \u0159ece Nadi\u017ea<\/strong><\/p>\n\n\n\n<p><strong>Tato \u0159eka je jednou z&nbsp;nejteplej\u0161\u00edch a nej\u010dist\u0161\u00edch \u0159ek v Alp\u00e1ch<\/strong>. M\u00edstn\u00ed dokonce \u0159\u00edkaj\u00ed, \u017ee jej\u00ed voda m\u00e1 l\u00e9\u010debn\u00e9 \u00fa\u010dinky. Sice to nen\u00ed nikde v\u011bdecky ov\u011b\u0159en\u00e9, ale pro\u010d nev\u011b\u0159it m\u00edstn\u00edm, co se v&nbsp;\u0159ece koupaj\u00ed cel\u00fd rok a nezkusit to. <strong>P\u0159\u00edstup k&nbsp;\u0159ece je na t\u0159ech m\u00edstech. Robi\u010d, Napoleonov most a Logje<\/strong>, kdy za st\u00e1n\u00ed pobl\u00ed\u017e \u0159eky o sezon\u011b plat\u00edte. Pozor, nesm\u00ed se zde kempovat mimo kempy \u010di vyhrazen\u00e1 m\u00edsta a jakkoliv zne\u010di\u0161\u0165ovat nejbli\u017e\u0161\u00ed okol\u00ed.<\/p>\n\n\n\n<figure class=\"wp-block-image size-large\"><img loading=\"lazy\" decoding=\"async\" width=\"1280\" height=\"960\" src=\"https:\/\/all4camper.com\/\/wp-content\/uploads\/2019\/12\/river-982659_1280.jpg\" alt=\"\" class=\"wp-image-83462\" srcset=\"https:\/\/all4camper.com\/wp-content\/uploads\/2019\/12\/river-982659_1280.jpg 1280w, https:\/\/all4camper.com\/wp-content\/uploads\/2019\/12\/river-982659_1280-300x225.jpg 300w, https:\/\/all4camper.com\/wp-content\/uploads\/2019\/12\/river-982659_1280-150x113.jpg 150w, https:\/\/all4camper.com\/wp-content\/uploads\/2019\/12\/river-982659_1280-768x576.jpg 768w, https:\/\/all4camper.com\/wp-content\/uploads\/2019\/12\/river-982659_1280-678x509.jpg 678w, https:\/\/all4camper.com\/wp-content\/uploads\/2019\/12\/river-982659_1280-326x245.jpg 326w, https:\/\/all4camper.com\/wp-content\/uploads\/2019\/12\/river-982659_1280-80x60.jpg 80w\" sizes=\"auto, (max-width: 1280px) 100vw, 1280px\" \/><\/figure>\n\n\n\n<p>Dal\u0161\u00edm obl\u00edben\u00fdm m\u00edstem ke koup\u00e1n\u00ed je <strong>\u0158eka Idrijca<\/strong> a jej\u00ed oblasti <strong>Slap ob Idrijci a Ba\u010da pri Modreju<\/strong>. Zde by koup\u00e1n\u00ed, na rozd\u00edl od koup\u00e1n\u00ed v&nbsp;\u0159ece Nadi\u017ea, m\u011blo b\u00fdt bez v\u011bt\u0161\u00edch omezen\u00ed.<\/p>\n\n\n\n<div class=\"wp-block-image wp-image-61764 size-full\"><figure class=\"aligncenter\"><img loading=\"lazy\" decoding=\"async\" width=\"600\" height=\"400\" src=\"https:\/\/all4camper.com\/\/wp-content\/uploads\/2018\/06\/Idrijca-River-Soca-Valley.jpg\" alt=\"\" class=\"wp-image-61764\" srcset=\"https:\/\/all4camper.com\/wp-content\/uploads\/2018\/06\/Idrijca-River-Soca-Valley.jpg 600w, https:\/\/all4camper.com\/wp-content\/uploads\/2018\/06\/Idrijca-River-Soca-Valley-300x200.jpg 300w, https:\/\/all4camper.com\/wp-content\/uploads\/2018\/06\/Idrijca-River-Soca-Valley-150x100.jpg 150w\" sizes=\"auto, (max-width: 600px) 100vw, 600px\" \/><figcaption>Idrijca River, \u00fadol\u00ed So\u010da, Foto: Ale\u0161 Fev\u017eer<\/figcaption><\/figure><\/div>\n\n\n\n<p>V neposledn\u00ed \u0159ad\u011b se samoz\u0159ejm\u011b m\u016f\u017eete <strong>vykoupat i v \u0159ece So\u010da<\/strong>. Jen pozor, voda So\u010di je studen\u00e1 a i v hork\u00fdch letn\u00edch dnech nedosahuje vy\u0161\u0161\u00edch teplot pro dlouhodob\u00e9&nbsp; koup\u00e1n\u00ed. Jinak p\u0159ehled ostatn\u00edch \u0159ek, vodop\u00e1d\u016f a dal\u0161\u00edch zaj\u00edmavost\u00ed si zobraz\u00edte na str\u00e1nce&nbsp;<a rel=\"noopener noreferrer\" href=\"https:\/\/www.soca-valley.com\/en\/attractions\/nature\/rivers\/\" target=\"_blank\">soca-valley.com\/en\/attractions\/nature\/rivers\/<\/a><\/p>\n\n\n\n<div class=\"wp-block-image wp-image-61763 size-full\"><figure class=\"aligncenter\"><img loading=\"lazy\" decoding=\"async\" width=\"604\" height=\"400\" src=\"https:\/\/all4camper.com\/\/wp-content\/uploads\/2018\/06\/\u00dadol\u00ed-Bovec-\u0159eka-So\u010da.jpg\" alt=\"\" class=\"wp-image-61763\" srcset=\"https:\/\/all4camper.com\/wp-content\/uploads\/2018\/06\/\u00dadol\u00ed-Bovec-\u0159eka-So\u010da.jpg 604w, https:\/\/all4camper.com\/wp-content\/uploads\/2018\/06\/\u00dadol\u00ed-Bovec-\u0159eka-So\u010da-300x199.jpg 300w, https:\/\/all4camper.com\/wp-content\/uploads\/2018\/06\/\u00dadol\u00ed-Bovec-\u0159eka-So\u010da-150x99.jpg 150w\" sizes=\"auto, (max-width: 604px) 100vw, 604px\" \/><figcaption>\u00dadol\u00ed Bovec, \u0159eka So\u010da, Foto: David \u0160tulc Zornik<\/figcaption><\/figure><\/div>\n\n\n\n<h3 class=\"wp-block-heading\">Kempov\u00e1n\u00ed<\/h3>\n\n\n\n<p><strong>Kemp Trenta<\/strong>, str\u00e1nky:&nbsp;<a rel=\"noopener noreferrer\" href=\"http:\/\/www.soca-trenta.si\/en\/?id=93\" target=\"_blank\">http:\/\/www.soca-trenta.si\/en\/?id=93<\/a><\/p>\n\n\n\n<p><strong>Kemp Korita<\/strong>, str\u00e1nky:&nbsp;<a rel=\"noopener noreferrer\" href=\"http:\/\/www.camp-korita.com\/\" target=\"_blank\">camp-korita.com<\/a><\/p>\n\n\n\n<p>Tento kemp je jedn\u00edm z nejp\u016fvodn\u011bj\u0161\u00edch kemp\u016f ve Slovinsku a cel\u00e9m poho\u0159\u00ed Alp. Le\u017e\u00ed v srdci n\u00e1rodn\u00edho parku Triglav ve vesnici So\u010da v bezprost\u0159edn\u00ed bl\u00edzkosti mal\u00fdch koryt \u0159eky So\u010di. Je perfektn\u00ed pro r\u016fzn\u00e9 sportovn\u00ed aktivity, kter\u00e9 V\u00e1m tento kemp nejen\u017ee um\u00ed doporu\u010dit, ale tak\u00e9 zorganizovat. <a rel=\"noopener noreferrer\" href=\"https:\/\/goo.gl\/maps\/xET5mnhf5HN2\" target=\"_blank\">Zobrazit na map\u011b<\/a><\/p>\n\n\n\n<div class=\"wp-block-image\"><figure class=\"aligncenter\"><img loading=\"lazy\" decoding=\"async\" width=\"410\" height=\"250\" src=\"https:\/\/all4camper.com\/\/wp-content\/uploads\/2018\/06\/Korita.jpg\" alt=\"\" class=\"wp-image-61772\" srcset=\"https:\/\/all4camper.com\/wp-content\/uploads\/2018\/06\/Korita.jpg 410w, https:\/\/all4camper.com\/wp-content\/uploads\/2018\/06\/Korita-300x183.jpg 300w, https:\/\/all4camper.com\/wp-content\/uploads\/2018\/06\/Korita-150x91.jpg 150w\" sizes=\"auto, (max-width: 410px) 100vw, 410px\" \/><\/figure><\/div>\n\n\n\n<p><strong>Kemp Liza<\/strong>, str\u00e1nky:&nbsp;<a rel=\"noopener noreferrer\" href=\"http:\/\/www.camp-liza.com\/cs\/kemp\/\" target=\"_blank\">camp-liza.com<\/a><\/p>\n\n\n\n<p>Kemp Liza je obl\u00edben mezi milovn\u00edky pobytu v p\u0159\u00edrod\u011b, nebo\u0165 se se nach\u00e1z\u00ed v \u00fadol\u00ed v bl\u00edzkosti soutoky So\u010di a Koritnice. Kemp je otev\u0159en\u00fd celoro\u010dn\u011b a lze v n\u011bm zakoupit povolenky v plavb\u011b po \u0159ece So\u010de. Najdete jej 2,5 km od Bovce. <a rel=\"noopener noreferrer\" href=\"https:\/\/goo.gl\/maps\/ErE4zsQrjSA2\" target=\"_blank\">Zobrazit na map\u011b<\/a><\/p>\n\n\n\n<figure class=\"wp-block-image size-large\"><img loading=\"lazy\" decoding=\"async\" width=\"850\" height=\"638\" src=\"https:\/\/all4camper.com\/\/wp-content\/uploads\/2019\/12\/IMG_20190425_111035.jpg\" alt=\"\" class=\"wp-image-83463\" srcset=\"https:\/\/all4camper.com\/wp-content\/uploads\/2019\/12\/IMG_20190425_111035.jpg 850w, https:\/\/all4camper.com\/wp-content\/uploads\/2019\/12\/IMG_20190425_111035-300x225.jpg 300w, https:\/\/all4camper.com\/wp-content\/uploads\/2019\/12\/IMG_20190425_111035-150x113.jpg 150w, https:\/\/all4camper.com\/wp-content\/uploads\/2019\/12\/IMG_20190425_111035-768x576.jpg 768w, https:\/\/all4camper.com\/wp-content\/uploads\/2019\/12\/IMG_20190425_111035-678x509.jpg 678w, https:\/\/all4camper.com\/wp-content\/uploads\/2019\/12\/IMG_20190425_111035-326x245.jpg 326w, https:\/\/all4camper.com\/wp-content\/uploads\/2019\/12\/IMG_20190425_111035-80x60.jpg 80w\" sizes=\"auto, (max-width: 850px) 100vw, 850px\" \/><figcaption>smacap_Bright<\/figcaption><\/figure>\n\n\n\n<p><strong>Kemp Polovnik<\/strong>, str\u00e1nky:&nbsp;<a rel=\"noopener noreferrer\" href=\"http:\/\/www.kamp-polovnik.com\/ponudba\/\" target=\"_blank\">kamp-polovnik.com<\/a><\/p>\n\n\n\n<p>Polovnik le\u017e\u00ed v p\u011bkn\u00e9m parku vedle nejstar\u0161\u00edho kostel\u00edku v \u00fadol\u00ed So\u010di a od centra Bovce je vzd\u00e1len cca 5 minut ch\u016fze. <a rel=\"noopener noreferrer\" href=\"https:\/\/goo.gl\/maps\/BuCWHRHqFn42\" target=\"_blank\">Zobrazit na map\u011b<\/a><\/p>\n\n\n\n<figure class=\"wp-block-image size-large\"><img loading=\"lazy\" decoding=\"async\" width=\"850\" height=\"638\" src=\"https:\/\/all4camper.com\/\/wp-content\/uploads\/2019\/12\/IMG_20190424_173525.jpg\" alt=\"\" class=\"wp-image-83464\" srcset=\"https:\/\/all4camper.com\/wp-content\/uploads\/2019\/12\/IMG_20190424_173525.jpg 850w, https:\/\/all4camper.com\/wp-content\/uploads\/2019\/12\/IMG_20190424_173525-300x225.jpg 300w, https:\/\/all4camper.com\/wp-content\/uploads\/2019\/12\/IMG_20190424_173525-150x113.jpg 150w, https:\/\/all4camper.com\/wp-content\/uploads\/2019\/12\/IMG_20190424_173525-768x576.jpg 768w, https:\/\/all4camper.com\/wp-content\/uploads\/2019\/12\/IMG_20190424_173525-678x509.jpg 678w, https:\/\/all4camper.com\/wp-content\/uploads\/2019\/12\/IMG_20190424_173525-326x245.jpg 326w, https:\/\/all4camper.com\/wp-content\/uploads\/2019\/12\/IMG_20190424_173525-80x60.jpg 80w\" sizes=\"auto, (max-width: 850px) 100vw, 850px\" \/><figcaption>cof_soft<\/figcaption><\/figure>\n\n\n\n<p><strong>Eko kemp Koren<\/strong>, str\u00e1nky:&nbsp;<a rel=\"noopener noreferrer\" href=\"http:\/\/www.kamp-koren.si\/\" target=\"_blank\">kamp-koren.si<\/a> (jeden z m\u00fdch nejobl\u00edben\u011bj\u0161\u00edch)<\/p>\n\n\n\n<p>Kemp le\u017e\u00ed p\u0159\u00edmo u smaragdov\u00e9 \u0159eky So\u010di na okraji n\u00e1rodn\u00edho parku Triglav a jen 500 m od Kobaridu. Kempov\u00e1n\u00ed v n\u00e1dhern\u00e9 p\u0159\u00edrod\u011b a ubytov\u00e1n\u00ed na kempovac\u00ed louce, nebo v d\u0159ev\u011bn\u00fdch eko srubech v\u00e1s ur\u010dit\u011b zaujme. Je skv\u011bl\u00fdm v\u00fdchoz\u00edm bodem pro turistick\u00e9 a cyklistick\u00e9 t\u016fry \u010di sportovn\u00ed aktivity na \u0159ece. Ur\u010dit\u011b se pod\u00edvejte na jeho nab\u00eddku mnoha sportovn\u00edch aktivit. <a rel=\"noopener noreferrer\" href=\"https:\/\/goo.gl\/maps\/65sRCzdvjST2\" target=\"_blank\">Zobrazit na map\u011b<\/a><\/p>\n\n\n\n<figure class=\"wp-block-image size-large\"><img loading=\"lazy\" decoding=\"async\" width=\"1440\" height=\"1080\" src=\"https:\/\/all4camper.com\/\/wp-content\/uploads\/2019\/12\/IMG_20190424_181241-1-1440x1080.jpg\" alt=\"\" class=\"wp-image-83465\" srcset=\"https:\/\/all4camper.com\/wp-content\/uploads\/2019\/12\/IMG_20190424_181241-1-1440x1080.jpg 1440w, https:\/\/all4camper.com\/wp-content\/uploads\/2019\/12\/IMG_20190424_181241-1-300x225.jpg 300w, https:\/\/all4camper.com\/wp-content\/uploads\/2019\/12\/IMG_20190424_181241-1-150x113.jpg 150w, https:\/\/all4camper.com\/wp-content\/uploads\/2019\/12\/IMG_20190424_181241-1-768x576.jpg 768w, https:\/\/all4camper.com\/wp-content\/uploads\/2019\/12\/IMG_20190424_181241-1-1536x1152.jpg 1536w, https:\/\/all4camper.com\/wp-content\/uploads\/2019\/12\/IMG_20190424_181241-1-2048x1536.jpg 2048w, https:\/\/all4camper.com\/wp-content\/uploads\/2019\/12\/IMG_20190424_181241-1-678x509.jpg 678w, https:\/\/all4camper.com\/wp-content\/uploads\/2019\/12\/IMG_20190424_181241-1-326x245.jpg 326w, https:\/\/all4camper.com\/wp-content\/uploads\/2019\/12\/IMG_20190424_181241-1-80x60.jpg 80w\" sizes=\"auto, (max-width: 1440px) 100vw, 1440px\" \/><figcaption>sdr_HDRB<\/figcaption><\/figure>\n\n\n\n<p><strong>Kemp Nadi\u017ea Podbela<\/strong>, str\u00e1nky:&nbsp;<a rel=\"noopener noreferrer\" href=\"https:\/\/www.kamp-nadiza.com\/kamp\/\" target=\"_blank\">kamp-nadiza.com<\/a><\/p>\n\n\n\n<p>Ve vesni\u010dce Podbela, nebo sp\u00ed\u0161e kousek pod n\u00ed, t\u011bsn\u011b u \u0159eky Nadi\u017ei, najdete tento kemp. D\u00edky jeho poloze se m\u016f\u017eete po celou dobu pobytu koupat v t\u00e9to n\u00e1dhern\u00e9 \u0159ece v jejich p\u0159\u00edrodn\u00edch t\u016fn\u00edch, nebo vyu\u017e\u00edt nab\u00eddku mnoha sportovn\u00edch aktivit jako je pl\u00e1\u017eov\u00fd volejbal, stoln\u00ed tenis, vyjet na v\u00fdlet po nedalek\u00fdch cyklostezk\u00e1ch \u010di uskute\u010dnit p\u011b\u0161\u00ed t\u016fru. <a rel=\"noopener noreferrer\" href=\"https:\/\/goo.gl\/maps\/8uvyQ1L5hax\" target=\"_blank\">Zobrazit na map\u011b<\/a><\/p>\n\n\n\n<div class=\"wp-block-image\"><figure class=\"aligncenter\"><img loading=\"lazy\" decoding=\"async\" width=\"599\" height=\"400\" src=\"https:\/\/all4camper.com\/\/wp-content\/uploads\/2018\/06\/nadiza.jpg\" alt=\"\" class=\"wp-image-61776\" srcset=\"https:\/\/all4camper.com\/wp-content\/uploads\/2018\/06\/nadiza.jpg 599w, https:\/\/all4camper.com\/wp-content\/uploads\/2018\/06\/nadiza-300x200.jpg 300w, https:\/\/all4camper.com\/wp-content\/uploads\/2018\/06\/nadiza-150x100.jpg 150w\" sizes=\"auto, (max-width: 599px) 100vw, 599px\" \/><\/figure><\/div>\n\n\n\n<p>Douf\u00e1m, \u017ee se V\u00e1m m\u016fj dne\u0161n\u00ed p\u0159\u00edsp\u011bvek l\u00edbil, bude inspirac\u00ed p\u0159i pl\u00e1nov\u00e1n\u00ed dovolen\u00e9 a pokud budete cht\u00edt naj\u00edt dal\u0161\u00ed inspiraci pro dal\u0161\u00ed aktivity v t\u00e9to oblasti, pak doporu\u010duji nav\u0161t\u00edvit a detailn\u011b prohl\u00e9dnout str\u00e1nky&nbsp;<a href=\"https:\/\/www.soca-valley.com\/en\/attractions\/nature\/rivers\/\" target=\"_blank\" rel=\"noopener noreferrer\">soca-valley.com<\/a><\/p>\n\n\n\n<p>M\u00e1te-li jak\u00e9koliv dal\u0161\u00ed dotazy na kempov\u00e1n\u00ed ve Slovinsku, nebo hled\u00e1te informace o t\u00e9to zemi, m\u016f\u017eete tak\u00e9 kontaktovat Slovinsk\u00e9 turistick\u00e9 centrum&nbsp;<a href=\"https:\/\/www.slovenia.info\/en\" target=\"_blank\" rel=\"noopener noreferrer\">slovenia.info<\/a>, jeho\u017e \u010desk\u00e9 zastoupen\u00ed je tak\u00e9 nov\u011b v Praze na adrese&nbsp;<a href=\"https:\/\/maps.google.com\/?q=Praha+%C5%98%C3%ADmsk%C3%A1+16,+Praha+2&amp;entry=gmail&amp;source=g\">\u0158\u00edmsk\u00e1 16, Praha 2.&nbsp;<\/a><\/p>\n","protected":false},"excerpt":{"rendered":"<p>Bovec je oblast horn\u00ed \u010d\u00e1sti \u00fadol\u00ed So\u010di hluboko v&nbsp;Julsk\u00fdch Alp\u00e1ch a Triglavsk\u00e9m n\u00e1rodn\u00edm parku ve kter\u00e9 najdete zn\u00e1mou smaragdovou \u0159eku So\u010da o kter\u00e9 se \u0159\u00edk\u00e1, \u017ee je jednou z&nbsp;nejkr\u00e1sn\u011bj\u0161\u00edch \u0159ek Evrop\u011b. Rozhodnete-li se str\u00e1vit svou aktivn\u00ed dovolenou pr\u00e1v\u011b v t\u00e9to oblasti, pak v\u011bzte, \u017ee v\u00e1\u0161 v\u00fdb\u011br byl perfektn\u00ed. Bovec a jeho okol\u00ed je toti\u017e pokladnic\u00ed [&hellip;]<\/p>\n","protected":false},"author":4,"featured_media":83470,"comment_status":"closed","ping_status":"open","sticky":false,"template":"","format":"standard","meta":{"_monsterinsights_skip_tracking":false,"_monsterinsights_sitenote_active":false,"_monsterinsights_sitenote_note":"","_monsterinsights_sitenote_category":0,"footnotes":""},"categories":[2380,68],"tags":[101,227],"class_list":{"0":"post-61741","1":"post","2":"type-post","3":"status-publish","4":"format-standard","5":"has-post-thumbnail","7":"category-kempujeme-a-cestujeme-ve-slovinsku","8":"category-kempovani-a-zajimave-cile","9":"tag-kempy-1","10":"tag-slovinsko"},"yoast_head":"<!-- This site is optimized with the Yoast SEO plugin v27.5 - https:\/\/yoast.com\/product\/yoast-seo-wordpress\/ -->\n<title>Kempy a aktivn\u00ed dovolen\u00e1 Slovinsko - Bovec a okol\u00ed<\/title>\n<meta name=\"description\" content=\"All4Camper - Kempy a aktivn\u00ed dovolen\u00e1 ve Slovinsku - Bovec a okol\u00ed\" \/>\n<meta name=\"robots\" content=\"index, follow, max-snippet:-1, max-image-preview:large, max-video-preview:-1\" \/>\n<link rel=\"canonical\" href=\"https:\/\/all4camper.com\/cs\/aktivni-dovolena-a-kempovani-slovinsko-bovec-a-okoli\/\" \/>\n<meta property=\"og:locale\" content=\"cs_CZ\" \/>\n<meta property=\"og:type\" content=\"article\" \/>\n<meta property=\"og:title\" content=\"Kempy a aktivn\u00ed dovolen\u00e1 Slovinsko - Bovec a okol\u00ed\" \/>\n<meta property=\"og:description\" content=\"All4Camper - Kempy a aktivn\u00ed dovolen\u00e1 ve Slovinsku - Bovec a okol\u00ed\" \/>\n<meta property=\"og:url\" content=\"https:\/\/all4camper.com\/cs\/aktivni-dovolena-a-kempovani-slovinsko-bovec-a-okoli\/\" \/>\n<meta property=\"og:site_name\" content=\"All4Camper\" \/>\n<meta property=\"article:published_time\" content=\"2018-06-12T16:21:21+00:00\" \/>\n<meta property=\"article:modified_time\" content=\"2020-04-21T11:03:39+00:00\" \/>\n<meta property=\"og:image\" content=\"https:\/\/all4camper.com\/\/wp-content\/uploads\/2018\/06\/slovinsko-kempov\u00e1n\u00ed_FB.png\" \/>\n<meta name=\"author\" content=\"Kl\u00e1ra H\u00e1jkov\u00e1\" \/>\n<meta name=\"twitter:card\" content=\"summary_large_image\" \/>\n<meta name=\"twitter:label1\" content=\"Napsal(a)\" \/>\n\t<meta name=\"twitter:data1\" content=\"Kl\u00e1ra H\u00e1jkov\u00e1\" \/>\n\t<meta name=\"twitter:label2\" content=\"Odhadovan\u00e1 doba \u010dten\u00ed\" \/>\n\t<meta name=\"twitter:data2\" content=\"7 minut\" \/>\n<script type=\"application\/ld+json\" class=\"yoast-schema-graph\">{\"@context\":\"https:\\\/\\\/schema.org\",\"@graph\":[{\"@type\":\"Article\",\"@id\":\"https:\\\/\\\/all4camper.com\\\/cs\\\/aktivni-dovolena-a-kempovani-slovinsko-bovec-a-okoli\\\/#article\",\"isPartOf\":{\"@id\":\"https:\\\/\\\/all4camper.com\\\/cs\\\/aktivni-dovolena-a-kempovani-slovinsko-bovec-a-okoli\\\/\"},\"author\":{\"name\":\"Kl\u00e1ra H\u00e1jkov\u00e1\",\"@id\":\"https:\\\/\\\/all4camper.com\\\/cs\\\/#\\\/schema\\\/person\\\/c6f1efdf1d02bc7d8c53a891cbe18c62\"},\"headline\":\"Kempy a aktivn\u00ed dovolen\u00e1 ve Slovinsku &#8211; Bovec a okol\u00ed\",\"datePublished\":\"2018-06-12T16:21:21+00:00\",\"dateModified\":\"2020-04-21T11:03:39+00:00\",\"mainEntityOfPage\":{\"@id\":\"https:\\\/\\\/all4camper.com\\\/cs\\\/aktivni-dovolena-a-kempovani-slovinsko-bovec-a-okoli\\\/\"},\"wordCount\":1508,\"publisher\":{\"@id\":\"https:\\\/\\\/all4camper.com\\\/cs\\\/#organization\"},\"image\":{\"@id\":\"https:\\\/\\\/all4camper.com\\\/cs\\\/aktivni-dovolena-a-kempovani-slovinsko-bovec-a-okoli\\\/#primaryimage\"},\"thumbnailUrl\":\"https:\\\/\\\/all4camper.com\\\/wp-content\\\/uploads\\\/2018\\\/06\\\/slovinsko-kempov\u00e1n\u00ed.png\",\"keywords\":[\"Kempy a kempovac\u00ed m\u00edsta\",\"Slovinsko\"],\"articleSection\":[\"Kempujeme a cestujeme ve Slovinsku\",\"Kempy a zaj\u00edmav\u00e1 m\u00edsta\"],\"inLanguage\":\"cs\"},{\"@type\":\"WebPage\",\"@id\":\"https:\\\/\\\/all4camper.com\\\/cs\\\/aktivni-dovolena-a-kempovani-slovinsko-bovec-a-okoli\\\/\",\"url\":\"https:\\\/\\\/all4camper.com\\\/cs\\\/aktivni-dovolena-a-kempovani-slovinsko-bovec-a-okoli\\\/\",\"name\":\"Kempy a aktivn\u00ed dovolen\u00e1 Slovinsko - Bovec a okol\u00ed\",\"isPartOf\":{\"@id\":\"https:\\\/\\\/all4camper.com\\\/cs\\\/#website\"},\"primaryImageOfPage\":{\"@id\":\"https:\\\/\\\/all4camper.com\\\/cs\\\/aktivni-dovolena-a-kempovani-slovinsko-bovec-a-okoli\\\/#primaryimage\"},\"image\":{\"@id\":\"https:\\\/\\\/all4camper.com\\\/cs\\\/aktivni-dovolena-a-kempovani-slovinsko-bovec-a-okoli\\\/#primaryimage\"},\"thumbnailUrl\":\"https:\\\/\\\/all4camper.com\\\/wp-content\\\/uploads\\\/2018\\\/06\\\/slovinsko-kempov\u00e1n\u00ed.png\",\"datePublished\":\"2018-06-12T16:21:21+00:00\",\"dateModified\":\"2020-04-21T11:03:39+00:00\",\"description\":\"All4Camper - Kempy a aktivn\u00ed dovolen\u00e1 ve Slovinsku - Bovec a okol\u00ed\",\"breadcrumb\":{\"@id\":\"https:\\\/\\\/all4camper.com\\\/cs\\\/aktivni-dovolena-a-kempovani-slovinsko-bovec-a-okoli\\\/#breadcrumb\"},\"inLanguage\":\"cs\",\"potentialAction\":[{\"@type\":\"ReadAction\",\"target\":[\"https:\\\/\\\/all4camper.com\\\/cs\\\/aktivni-dovolena-a-kempovani-slovinsko-bovec-a-okoli\\\/\"]}]},{\"@type\":\"ImageObject\",\"inLanguage\":\"cs\",\"@id\":\"https:\\\/\\\/all4camper.com\\\/cs\\\/aktivni-dovolena-a-kempovani-slovinsko-bovec-a-okoli\\\/#primaryimage\",\"url\":\"https:\\\/\\\/all4camper.com\\\/wp-content\\\/uploads\\\/2018\\\/06\\\/slovinsko-kempov\u00e1n\u00ed.png\",\"contentUrl\":\"https:\\\/\\\/all4camper.com\\\/wp-content\\\/uploads\\\/2018\\\/06\\\/slovinsko-kempov\u00e1n\u00ed.png\",\"width\":1200,\"height\":707},{\"@type\":\"BreadcrumbList\",\"@id\":\"https:\\\/\\\/all4camper.com\\\/cs\\\/aktivni-dovolena-a-kempovani-slovinsko-bovec-a-okoli\\\/#breadcrumb\",\"itemListElement\":[{\"@type\":\"ListItem\",\"position\":1,\"name\":\"Dom\u016f\",\"item\":\"https:\\\/\\\/all4camper.com\\\/cs\\\/\"},{\"@type\":\"ListItem\",\"position\":2,\"name\":\"Kempujeme a cestujeme ve Slovinsku\",\"item\":\"https:\\\/\\\/all4camper.com\\\/cs\\\/category\\\/kempujeme-a-cestujeme-ve-slovinsku\\\/\"},{\"@type\":\"ListItem\",\"position\":3,\"name\":\"Kempy a aktivn\u00ed dovolen\u00e1 ve Slovinsku &#8211; Bovec a okol\u00ed\"}]},{\"@type\":\"WebSite\",\"@id\":\"https:\\\/\\\/all4camper.com\\\/cs\\\/#website\",\"url\":\"https:\\\/\\\/all4camper.com\\\/cs\\\/\",\"name\":\"All4Camper\",\"description\":\"Nejv\u011bt\u0161\u00ed online magaz\u00edn o kempov\u00e1n\u00ed a karavaninku. V\u00edce jak 900 \u010dl\u00e1nk\u016f pln\u00fdch rad a tip\u016f o kempech a kempov\u00e1n\u00ed.\",\"publisher\":{\"@id\":\"https:\\\/\\\/all4camper.com\\\/cs\\\/#organization\"},\"potentialAction\":[{\"@type\":\"SearchAction\",\"target\":{\"@type\":\"EntryPoint\",\"urlTemplate\":\"https:\\\/\\\/all4camper.com\\\/cs\\\/?s={search_term_string}\"},\"query-input\":{\"@type\":\"PropertyValueSpecification\",\"valueRequired\":true,\"valueName\":\"search_term_string\"}}],\"inLanguage\":\"cs\"},{\"@type\":\"Organization\",\"@id\":\"https:\\\/\\\/all4camper.com\\\/cs\\\/#organization\",\"name\":\"All4Camper - kempujeme s Kl\u00e1rou\",\"url\":\"https:\\\/\\\/all4camper.com\\\/cs\\\/\",\"logo\":{\"@type\":\"ImageObject\",\"inLanguage\":\"cs\",\"@id\":\"https:\\\/\\\/all4camper.com\\\/cs\\\/#\\\/schema\\\/logo\\\/image\\\/\",\"url\":\"https:\\\/\\\/all4camper.com\\\/wp-content\\\/uploads\\\/2018\\\/09\\\/novelogo.png\",\"contentUrl\":\"https:\\\/\\\/all4camper.com\\\/wp-content\\\/uploads\\\/2018\\\/09\\\/novelogo.png\",\"width\":1520,\"height\":600,\"caption\":\"All4Camper - kempujeme s Kl\u00e1rou\"},\"image\":{\"@id\":\"https:\\\/\\\/all4camper.com\\\/cs\\\/#\\\/schema\\\/logo\\\/image\\\/\"}},{\"@type\":\"Person\",\"@id\":\"https:\\\/\\\/all4camper.com\\\/cs\\\/#\\\/schema\\\/person\\\/c6f1efdf1d02bc7d8c53a891cbe18c62\",\"name\":\"Kl\u00e1ra H\u00e1jkov\u00e1\",\"sameAs\":[\"http:\\\/\\\/www.all4camper.com\"],\"url\":\"https:\\\/\\\/all4camper.com\\\/cs\\\/author\\\/klarinkacestuje1\\\/\"}]}<\/script>\n<!-- \/ Yoast SEO plugin. -->","yoast_head_json":{"title":"Kempy a aktivn\u00ed dovolen\u00e1 Slovinsko - Bovec a okol\u00ed","description":"All4Camper - Kempy a aktivn\u00ed dovolen\u00e1 ve Slovinsku - Bovec a okol\u00ed","robots":{"index":"index","follow":"follow","max-snippet":"max-snippet:-1","max-image-preview":"max-image-preview:large","max-video-preview":"max-video-preview:-1"},"canonical":"https:\/\/all4camper.com\/cs\/aktivni-dovolena-a-kempovani-slovinsko-bovec-a-okoli\/","og_locale":"cs_CZ","og_type":"article","og_title":"Kempy a aktivn\u00ed dovolen\u00e1 Slovinsko - Bovec a okol\u00ed","og_description":"All4Camper - Kempy a aktivn\u00ed dovolen\u00e1 ve Slovinsku - Bovec a okol\u00ed","og_url":"https:\/\/all4camper.com\/cs\/aktivni-dovolena-a-kempovani-slovinsko-bovec-a-okoli\/","og_site_name":"All4Camper","article_published_time":"2018-06-12T16:21:21+00:00","article_modified_time":"2020-04-21T11:03:39+00:00","og_image":[{"url":"https:\/\/all4camper.com\/\/wp-content\/uploads\/2018\/06\/slovinsko-kempov\u00e1n\u00ed_FB.png","type":"","width":"","height":""}],"author":"Kl\u00e1ra H\u00e1jkov\u00e1","twitter_card":"summary_large_image","twitter_misc":{"Napsal(a)":"Kl\u00e1ra H\u00e1jkov\u00e1","Odhadovan\u00e1 doba \u010dten\u00ed":"7 minut"},"schema":{"@context":"https:\/\/schema.org","@graph":[{"@type":"Article","@id":"https:\/\/all4camper.com\/cs\/aktivni-dovolena-a-kempovani-slovinsko-bovec-a-okoli\/#article","isPartOf":{"@id":"https:\/\/all4camper.com\/cs\/aktivni-dovolena-a-kempovani-slovinsko-bovec-a-okoli\/"},"author":{"name":"Kl\u00e1ra H\u00e1jkov\u00e1","@id":"https:\/\/all4camper.com\/cs\/#\/schema\/person\/c6f1efdf1d02bc7d8c53a891cbe18c62"},"headline":"Kempy a aktivn\u00ed dovolen\u00e1 ve Slovinsku &#8211; Bovec a okol\u00ed","datePublished":"2018-06-12T16:21:21+00:00","dateModified":"2020-04-21T11:03:39+00:00","mainEntityOfPage":{"@id":"https:\/\/all4camper.com\/cs\/aktivni-dovolena-a-kempovani-slovinsko-bovec-a-okoli\/"},"wordCount":1508,"publisher":{"@id":"https:\/\/all4camper.com\/cs\/#organization"},"image":{"@id":"https:\/\/all4camper.com\/cs\/aktivni-dovolena-a-kempovani-slovinsko-bovec-a-okoli\/#primaryimage"},"thumbnailUrl":"https:\/\/all4camper.com\/wp-content\/uploads\/2018\/06\/slovinsko-kempov\u00e1n\u00ed.png","keywords":["Kempy a kempovac\u00ed m\u00edsta","Slovinsko"],"articleSection":["Kempujeme a cestujeme ve Slovinsku","Kempy a zaj\u00edmav\u00e1 m\u00edsta"],"inLanguage":"cs"},{"@type":"WebPage","@id":"https:\/\/all4camper.com\/cs\/aktivni-dovolena-a-kempovani-slovinsko-bovec-a-okoli\/","url":"https:\/\/all4camper.com\/cs\/aktivni-dovolena-a-kempovani-slovinsko-bovec-a-okoli\/","name":"Kempy a aktivn\u00ed dovolen\u00e1 Slovinsko - Bovec a okol\u00ed","isPartOf":{"@id":"https:\/\/all4camper.com\/cs\/#website"},"primaryImageOfPage":{"@id":"https:\/\/all4camper.com\/cs\/aktivni-dovolena-a-kempovani-slovinsko-bovec-a-okoli\/#primaryimage"},"image":{"@id":"https:\/\/all4camper.com\/cs\/aktivni-dovolena-a-kempovani-slovinsko-bovec-a-okoli\/#primaryimage"},"thumbnailUrl":"https:\/\/all4camper.com\/wp-content\/uploads\/2018\/06\/slovinsko-kempov\u00e1n\u00ed.png","datePublished":"2018-06-12T16:21:21+00:00","dateModified":"2020-04-21T11:03:39+00:00","description":"All4Camper - Kempy a aktivn\u00ed dovolen\u00e1 ve Slovinsku - Bovec a okol\u00ed","breadcrumb":{"@id":"https:\/\/all4camper.com\/cs\/aktivni-dovolena-a-kempovani-slovinsko-bovec-a-okoli\/#breadcrumb"},"inLanguage":"cs","potentialAction":[{"@type":"ReadAction","target":["https:\/\/all4camper.com\/cs\/aktivni-dovolena-a-kempovani-slovinsko-bovec-a-okoli\/"]}]},{"@type":"ImageObject","inLanguage":"cs","@id":"https:\/\/all4camper.com\/cs\/aktivni-dovolena-a-kempovani-slovinsko-bovec-a-okoli\/#primaryimage","url":"https:\/\/all4camper.com\/wp-content\/uploads\/2018\/06\/slovinsko-kempov\u00e1n\u00ed.png","contentUrl":"https:\/\/all4camper.com\/wp-content\/uploads\/2018\/06\/slovinsko-kempov\u00e1n\u00ed.png","width":1200,"height":707},{"@type":"BreadcrumbList","@id":"https:\/\/all4camper.com\/cs\/aktivni-dovolena-a-kempovani-slovinsko-bovec-a-okoli\/#breadcrumb","itemListElement":[{"@type":"ListItem","position":1,"name":"Dom\u016f","item":"https:\/\/all4camper.com\/cs\/"},{"@type":"ListItem","position":2,"name":"Kempujeme a cestujeme ve Slovinsku","item":"https:\/\/all4camper.com\/cs\/category\/kempujeme-a-cestujeme-ve-slovinsku\/"},{"@type":"ListItem","position":3,"name":"Kempy a aktivn\u00ed dovolen\u00e1 ve Slovinsku &#8211; Bovec a okol\u00ed"}]},{"@type":"WebSite","@id":"https:\/\/all4camper.com\/cs\/#website","url":"https:\/\/all4camper.com\/cs\/","name":"All4Camper","description":"Nejv\u011bt\u0161\u00ed online magaz\u00edn o kempov\u00e1n\u00ed a karavaninku. V\u00edce jak 900 \u010dl\u00e1nk\u016f pln\u00fdch rad a tip\u016f o kempech a kempov\u00e1n\u00ed.","publisher":{"@id":"https:\/\/all4camper.com\/cs\/#organization"},"potentialAction":[{"@type":"SearchAction","target":{"@type":"EntryPoint","urlTemplate":"https:\/\/all4camper.com\/cs\/?s={search_term_string}"},"query-input":{"@type":"PropertyValueSpecification","valueRequired":true,"valueName":"search_term_string"}}],"inLanguage":"cs"},{"@type":"Organization","@id":"https:\/\/all4camper.com\/cs\/#organization","name":"All4Camper - kempujeme s Kl\u00e1rou","url":"https:\/\/all4camper.com\/cs\/","logo":{"@type":"ImageObject","inLanguage":"cs","@id":"https:\/\/all4camper.com\/cs\/#\/schema\/logo\/image\/","url":"https:\/\/all4camper.com\/wp-content\/uploads\/2018\/09\/novelogo.png","contentUrl":"https:\/\/all4camper.com\/wp-content\/uploads\/2018\/09\/novelogo.png","width":1520,"height":600,"caption":"All4Camper - kempujeme s Kl\u00e1rou"},"image":{"@id":"https:\/\/all4camper.com\/cs\/#\/schema\/logo\/image\/"}},{"@type":"Person","@id":"https:\/\/all4camper.com\/cs\/#\/schema\/person\/c6f1efdf1d02bc7d8c53a891cbe18c62","name":"Kl\u00e1ra H\u00e1jkov\u00e1","sameAs":["http:\/\/www.all4camper.com"],"url":"https:\/\/all4camper.com\/cs\/author\/klarinkacestuje1\/"}]}},"_links":{"self":[{"href":"https:\/\/all4camper.com\/cs\/wp-json\/wp\/v2\/posts\/61741","targetHints":{"allow":["GET"]}}],"collection":[{"href":"https:\/\/all4camper.com\/cs\/wp-json\/wp\/v2\/posts"}],"about":[{"href":"https:\/\/all4camper.com\/cs\/wp-json\/wp\/v2\/types\/post"}],"author":[{"embeddable":true,"href":"https:\/\/all4camper.com\/cs\/wp-json\/wp\/v2\/users\/4"}],"replies":[{"embeddable":true,"href":"https:\/\/all4camper.com\/cs\/wp-json\/wp\/v2\/comments?post=61741"}],"version-history":[{"count":0,"href":"https:\/\/all4camper.com\/cs\/wp-json\/wp\/v2\/posts\/61741\/revisions"}],"wp:featuredmedia":[{"embeddable":true,"href":"https:\/\/all4camper.com\/cs\/wp-json\/wp\/v2\/media\/83470"}],"wp:attachment":[{"href":"https:\/\/all4camper.com\/cs\/wp-json\/wp\/v2\/media?parent=61741"}],"wp:term":[{"taxonomy":"category","embeddable":true,"href":"https:\/\/all4camper.com\/cs\/wp-json\/wp\/v2\/categories?post=61741"},{"taxonomy":"post_tag","embeddable":true,"href":"https:\/\/all4camper.com\/cs\/wp-json\/wp\/v2\/tags?post=61741"}],"curies":[{"name":"wp","href":"https:\/\/api.w.org\/{rel}","templated":true}]}}