{"id":60517,"date":"2018-05-15T17:53:12","date_gmt":"2018-05-15T15:53:12","guid":{"rendered":"https:\/\/all4camper.com\/\/?p=60517"},"modified":"2019-09-19T15:26:34","modified_gmt":"2019-09-19T13:26:34","slug":"mesto-ptuj-kempovani-koupani-a-historie-ve-slovinsku","status":"publish","type":"post","link":"https:\/\/all4camper.com\/cs\/mesto-ptuj-kempovani-koupani-a-historie-ve-slovinsku\/","title":{"rendered":"Dovolen\u00e1 ve Slovinsku &#8211; kempov\u00e1n\u00ed a koup\u00e1n\u00ed ve m\u011bst\u011b Ptuj"},"content":{"rendered":"<p>M\u011bsto Ptuj je jedn\u00edm z nejstar\u0161\u00edch m\u011bst ve Slovinsku nach\u00e1zej\u00edc\u00ed se jen n\u011bkolik kilometr\u016f od Mariboru. Krom\u011b toho, \u017ee m\u00e1 bohatou historii a kouzelnou atmosf\u00e9ru, nab\u00edz\u00ed kempa\u0159\u016fm kempov\u00e1n\u00ed ve zdej\u0161\u00edm <strong>hezk\u00e9m a klidn\u00e9m kempu hned u term\u00e1ln\u00edch l\u00e1zn\u00ed Terme Ptuj<\/strong>. D\u00edky tomu tak<strong> m\u016f\u017eete va\u0161i dovolenou spojit s kempov\u00e1n\u00edm, koup\u00e1n\u00edm a pozn\u00e1v\u00e1n\u00edm kr\u00e1s tohoto m\u011bsta.<\/strong><\/p>\n<p><img loading=\"lazy\" decoding=\"async\" class=\"size-full wp-image-60520 aligncenter\" src=\"https:\/\/all4camper.com\/\/wp-content\/uploads\/2018\/05\/ptuj-2.jpg\" alt=\"\" width=\"1024\" height=\"290\" srcset=\"https:\/\/all4camper.com\/wp-content\/uploads\/2018\/05\/ptuj-2.jpg 1024w, https:\/\/all4camper.com\/wp-content\/uploads\/2018\/05\/ptuj-2-300x85.jpg 300w, https:\/\/all4camper.com\/wp-content\/uploads\/2018\/05\/ptuj-2-150x42.jpg 150w, https:\/\/all4camper.com\/wp-content\/uploads\/2018\/05\/ptuj-2-768x218.jpg 768w\" sizes=\"auto, (max-width: 1024px) 100vw, 1024px\" \/><\/p>\n<p>Poj\u010fme si tedy toto m\u011bsto v\u00edce p\u0159edstavit a z\u00e1rove\u0148 si i \u0159\u00edci,<strong> jak\u00e9 turistick\u00e9 zaj\u00edmavosti m\u00e1te v r\u00e1mci akce spojen\u00e9 s d\u00e1lni\u010dn\u00edmi zn\u00e1mkami<\/strong> <strong>(<a href=\"https:\/\/all4camper.com\/\/cz\/slovinske-dalnicni-znamky-s-vyhodou-uvidite-vice-utratite-mene\/\" target=\"_blank\" rel=\"noopener noreferrer\">psala jsem v tomto \u010dl\u00e1nku<\/a> )<\/strong> za zv\u00fdhodn\u011bn\u00e9 vstupn\u00e9.<\/p>\n<h3>Ubytov\u00e1n\u00ed<\/h3>\n<p><strong>Kemp\u00a0<a href=\"https:\/\/www.sava-camping.com\/en\/terme-ptuj-camping\/terme-ptuj-camping\" target=\"_blank\" rel=\"noopener noreferrer\">Camping Terme Ptuj<\/a><\/strong> najdete jen kousek od hotelu Sava a jen n\u011bkolik des\u00edtek metr\u016f od term\u00e1ln\u00edch l\u00e1zn\u00ed. V kempu m\u00e1te mo\u017enost, krom\u011b kempov\u00e1n\u00ed ve vlastn\u00edm obytn\u00e9m voze, p\u0159\u00edv\u011bsu \u010di stanu, si pronajmout mobiln\u00ed d\u016fm, nebo <strong>k pobytu vyu\u017e\u00edt atrakci tohoto kempu &#8211; obytn\u00fd vinn\u00fd sud.<\/strong><\/p>\n<p><img loading=\"lazy\" decoding=\"async\" class=\"size-full wp-image-60521 aligncenter\" src=\"https:\/\/all4camper.com\/\/wp-content\/uploads\/2018\/05\/IMG_20180423_171033.jpg\" alt=\"\" width=\"533\" height=\"400\" srcset=\"https:\/\/all4camper.com\/wp-content\/uploads\/2018\/05\/IMG_20180423_171033.jpg 533w, https:\/\/all4camper.com\/wp-content\/uploads\/2018\/05\/IMG_20180423_171033-300x225.jpg 300w, https:\/\/all4camper.com\/wp-content\/uploads\/2018\/05\/IMG_20180423_171033-150x113.jpg 150w, https:\/\/all4camper.com\/wp-content\/uploads\/2018\/05\/IMG_20180423_171033-326x245.jpg 326w, https:\/\/all4camper.com\/wp-content\/uploads\/2018\/05\/IMG_20180423_171033-80x60.jpg 80w\" sizes=\"auto, (max-width: 533px) 100vw, 533px\" \/><\/p>\n<p>V kempu jsou ji\u017e tradi\u010dn\u011b rozd\u011bleny pozemky, kdy ka\u017ed\u00fd z nich m\u00e1 elektrickou p\u0159\u00edpojkou. Nechyb\u00ed ani kvalitn\u00ed sanit\u00e1rn\u00ed vybaven\u00ed. Pro jednodenn\u00ed zastaven\u00ed je mo\u017en\u00e9 vyu\u017e\u00edt p\u0159ed kempem mal\u00fd stellpatz.<\/p>\n<p><img loading=\"lazy\" decoding=\"async\" class=\"size-full wp-image-60527 aligncenter\" src=\"https:\/\/all4camper.com\/\/wp-content\/uploads\/2018\/05\/IMG_20180423_170713.jpg\" alt=\"\" width=\"533\" height=\"400\" srcset=\"https:\/\/all4camper.com\/wp-content\/uploads\/2018\/05\/IMG_20180423_170713.jpg 533w, https:\/\/all4camper.com\/wp-content\/uploads\/2018\/05\/IMG_20180423_170713-300x225.jpg 300w, https:\/\/all4camper.com\/wp-content\/uploads\/2018\/05\/IMG_20180423_170713-150x113.jpg 150w, https:\/\/all4camper.com\/wp-content\/uploads\/2018\/05\/IMG_20180423_170713-326x245.jpg 326w, https:\/\/all4camper.com\/wp-content\/uploads\/2018\/05\/IMG_20180423_170713-80x60.jpg 80w\" sizes=\"auto, (max-width: 533px) 100vw, 533px\" \/><\/p>\n<p>Z kempu to je do term\u00e1ln\u00edch l\u00e1zn\u00ed cca 100m. <strong>V r\u00e1mci vstupn\u00e9ho do l\u00e1zn\u00ed m\u016f\u017eete proj\u00edt turniketem celkem dvakr\u00e1t b\u011bhem dne (sm\u011brem do l\u00e1zn\u00ed).<\/strong> M\u016f\u017eete je tedy jednou opustit, zaj\u00edt se t\u0159eba naj\u00edst, nebo si jinak odpo\u010dinout do kempu, a pak se zase vr\u00e1tit.<\/p>\n<p><img loading=\"lazy\" decoding=\"async\" class=\"size-full wp-image-60523 aligncenter\" src=\"https:\/\/all4camper.com\/\/wp-content\/uploads\/2018\/05\/IMG_20180423_201958.jpg\" alt=\"\" width=\"533\" height=\"400\" srcset=\"https:\/\/all4camper.com\/wp-content\/uploads\/2018\/05\/IMG_20180423_201958.jpg 533w, https:\/\/all4camper.com\/wp-content\/uploads\/2018\/05\/IMG_20180423_201958-300x225.jpg 300w, https:\/\/all4camper.com\/wp-content\/uploads\/2018\/05\/IMG_20180423_201958-150x113.jpg 150w, https:\/\/all4camper.com\/wp-content\/uploads\/2018\/05\/IMG_20180423_201958-326x245.jpg 326w, https:\/\/all4camper.com\/wp-content\/uploads\/2018\/05\/IMG_20180423_201958-80x60.jpg 80w\" sizes=\"auto, (max-width: 533px) 100vw, 533px\" \/><\/p>\n<p>Vnit\u0159n\u00ed term\u00e1ln\u00ed l\u00e1zn\u011b nejsou nijak velik\u00e9, ale tak\u00e9 nejsou p\u0159elidn\u011bn\u00e9. <strong>Najdete v nich velk\u00fd plaveck\u00fd baz\u00e9n, t\u0159i velk\u00e9 whirlpooly, d\u011btsk\u00fd baz\u00e9n a baz\u00e9n s term\u00e1ln\u00ed l\u00e9\u010divou vodou.<\/strong> Celoro\u010dn\u011b je v t\u011bchto prostorech v provozu tak\u00e9 mal\u00fd venkovn\u00ed baz\u00e9n s tobog\u00e1nem.<\/p>\n<p>Naopak v l\u00e9t\u011b m\u016f\u017eete vyu\u017e\u00edt jak tyto vnit\u0159n\u00ed term\u00e1ln\u00ed l\u00e1zn\u011b, tak p\u0159ilehl\u00fd venkovn\u00ed akvapark s mnoha vodn\u00edmi atrakcemi a tobog\u00e1ny v\u010detn\u011b velk\u00e9 opalovac\u00ed travnat\u00e9 plochy.<\/p>\n<p><img loading=\"lazy\" decoding=\"async\" class=\"size-full wp-image-60528 aligncenter\" src=\"https:\/\/all4camper.com\/\/wp-content\/uploads\/2018\/05\/terme-ptuj-aquafun.jpg\" alt=\"\" width=\"738\" height=\"400\" srcset=\"https:\/\/all4camper.com\/wp-content\/uploads\/2018\/05\/terme-ptuj-aquafun.jpg 738w, https:\/\/all4camper.com\/wp-content\/uploads\/2018\/05\/terme-ptuj-aquafun-300x163.jpg 300w, https:\/\/all4camper.com\/wp-content\/uploads\/2018\/05\/terme-ptuj-aquafun-150x81.jpg 150w\" sizes=\"auto, (max-width: 738px) 100vw, 738px\" \/><\/p>\n<p>Pokud byste se rozhodli &#8222;rozmazlit&#8220; o n\u011bco v\u00edce, m\u016f\u017eete vyu\u017e\u00edt nab\u00eddku ubytov\u00e1n\u00ed\u00a0<a href=\"https:\/\/www.sava-hotels-resorts.com\/si\/terme-ptuj\/nastanitve\/grand-hotel-primus\" target=\"_blank\" rel=\"noopener noreferrer\"><strong>Grand hotelu Primus.<\/strong><\/a> Sou\u010d\u00e1st\u00ed ubytov\u00e1n\u00ed <strong>v hotelu m\u00e1te vstupn\u00e9 do hotelov\u00fdch term\u00e1ln\u00edch l\u00e1zn\u00ed<\/strong>, kde je jeden vnit\u0159n\u00ed a jeden venkovn\u00ed baz\u00e9n a z\u00e1rove\u0148<strong> i do term\u00e1ln\u00edch l\u00e1zn\u00ed Ptuj<\/strong> nach\u00e1zej\u00edc\u00edch se p\u0159\u00edmo naproti hotelu.<\/p>\n<figure id=\"attachment_60525\" aria-describedby=\"caption-attachment-60525\" style=\"width: 533px\" class=\"wp-caption aligncenter\"><img loading=\"lazy\" decoding=\"async\" class=\"wp-image-60525 size-full\" src=\"https:\/\/all4camper.com\/\/wp-content\/uploads\/2018\/05\/IMG_20180423_203103.jpg\" alt=\"\" width=\"533\" height=\"400\" srcset=\"https:\/\/all4camper.com\/wp-content\/uploads\/2018\/05\/IMG_20180423_203103.jpg 533w, https:\/\/all4camper.com\/wp-content\/uploads\/2018\/05\/IMG_20180423_203103-300x225.jpg 300w, https:\/\/all4camper.com\/wp-content\/uploads\/2018\/05\/IMG_20180423_203103-150x113.jpg 150w, https:\/\/all4camper.com\/wp-content\/uploads\/2018\/05\/IMG_20180423_203103-326x245.jpg 326w, https:\/\/all4camper.com\/wp-content\/uploads\/2018\/05\/IMG_20180423_203103-80x60.jpg 80w\" sizes=\"auto, (max-width: 533px) 100vw, 533px\" \/><figcaption id=\"caption-attachment-60525\" class=\"wp-caption-text\">Term\u00e1ln\u00ed l\u00e1zn\u011b Grand Hotelu Primus<\/figcaption><\/figure>\n<p>Co m\u011b osobn\u011b v tomto hotelu hodn\u011b zaujalo, je mo\u017enost si do vany, kter\u00e1 je sou\u010d\u00e1st\u00ed ka\u017ed\u00e9ho pokoje, napustit term\u00e1ln\u00ed vodu. D\u00edky tomu, pokud se v\u00e1m z jak\u00e9hokoliv d\u016fvodu nebude cht\u00edt nav\u0161t\u00edvit l\u00e1zn\u011b, si m\u016f\u017eete l\u00e9\u010debnou l\u00e1ze\u0148 dop\u0159\u00e1t v soukrom\u00ed hotelov\u00e9ho pokoje.<\/p>\n<p><img loading=\"lazy\" decoding=\"async\" class=\"size-full wp-image-60526 aligncenter\" src=\"https:\/\/all4camper.com\/\/wp-content\/uploads\/2018\/05\/IMG_20180423_222258.jpg\" alt=\"\" width=\"533\" height=\"400\" srcset=\"https:\/\/all4camper.com\/wp-content\/uploads\/2018\/05\/IMG_20180423_222258.jpg 533w, https:\/\/all4camper.com\/wp-content\/uploads\/2018\/05\/IMG_20180423_222258-300x225.jpg 300w, https:\/\/all4camper.com\/wp-content\/uploads\/2018\/05\/IMG_20180423_222258-150x113.jpg 150w, https:\/\/all4camper.com\/wp-content\/uploads\/2018\/05\/IMG_20180423_222258-326x245.jpg 326w, https:\/\/all4camper.com\/wp-content\/uploads\/2018\/05\/IMG_20180423_222258-80x60.jpg 80w\" sizes=\"auto, (max-width: 533px) 100vw, 533px\" \/><\/p>\n<p>Je\u0161t\u011b dod\u00e1v\u00e1m, \u017ee <strong>zdej\u0161\u00ed term\u00e1ln\u00ed pramen je vysoce l\u00e9\u010div\u00fd a vhodn\u00fd na rehabilitaci revmatick\u00fdch a degenerativn\u00edch onemocn\u011bn\u00ed. M\u00e1 tak\u00e9\u00a0<\/strong>blahod\u00e1rn\u00fd \u00fa\u010dinek na pohybov\u00e9 \u00fastroj\u00ed a neurologick\u00e1 onemocn\u011bn\u00ed.<\/p>\n<h3>M\u011bsto Ptuj, co nav\u0161t\u00edvit a jak\u00e9 v\u00fdhody m\u00e1te p\u0159i n\u00e1kupu d\u00e1lni\u010dn\u00ed zn\u00e1mky<\/h3>\n<p><strong>Nejstar\u0161\u00ed vinn\u00fd sklep ve Slovinsku &#8211; Ptujsk\u00fd vinn\u00fd sklep<\/strong><\/p>\n<p>V r\u00e1mci zakoupen\u00ed d\u00e1lni\u010dn\u00ed zn\u00e1mky z\u00edsk\u00e1v\u00e1te vstupn\u00e9 zdarma pro jednu osobu v\u010detn\u011b degustace \u010dty\u0159 druh\u016f v\u00edn tohoto vinn\u00e9ho sklepa. Ve tomto vinn\u00e9m sklep\u011b, kter\u00fd stoj\u00ed ur\u010dit\u011b za n\u00e1v\u0161t\u011bvu, <strong>m\u016f\u017eete vid\u011bt jak p\u016fvodn\u00ed vinn\u00e9 sudy o nejr\u016fzn\u011bj\u0161\u00edch objemech, tak nejstar\u0161\u00ed dochovan\u00e9 slovinsk\u00e9 v\u00edno z roku 1917 Zlat\u00e1 TRTA<\/strong>.<\/p>\n<p><img loading=\"lazy\" decoding=\"async\" class=\"size-full wp-image-60529 aligncenter\" src=\"https:\/\/all4camper.com\/\/wp-content\/uploads\/2018\/05\/DSC03340.jpg\" alt=\"\" width=\"533\" height=\"400\" srcset=\"https:\/\/all4camper.com\/wp-content\/uploads\/2018\/05\/DSC03340.jpg 533w, https:\/\/all4camper.com\/wp-content\/uploads\/2018\/05\/DSC03340-150x113.jpg 150w, https:\/\/all4camper.com\/wp-content\/uploads\/2018\/05\/DSC03340-300x225.jpg 300w, https:\/\/all4camper.com\/wp-content\/uploads\/2018\/05\/DSC03340-200x150.jpg 200w, https:\/\/all4camper.com\/wp-content\/uploads\/2018\/05\/DSC03340-400x300.jpg 400w, https:\/\/all4camper.com\/wp-content\/uploads\/2018\/05\/DSC03340-326x245.jpg 326w, https:\/\/all4camper.com\/wp-content\/uploads\/2018\/05\/DSC03340-80x60.jpg 80w\" sizes=\"auto, (max-width: 533px) 100vw, 533px\" \/><\/p>\n<p>Po prohl\u00eddce tohoto sklepa budete uvedeni do vin\u00e1rny, kde budete moci degustovat \u010dty\u0159i druhy v\u00edna vina\u0159stv\u00ed Pullus, kter\u00e9 je zn\u00e1m\u00e9 sv\u00fdmi vysoce kvalitn\u00edmi v\u00edny a je\u017e z\u00edskalo \u0159adu ocen\u011bn\u00ed na vina\u0159sk\u00fdch sout\u011b\u017e\u00edch po cel\u00e9m sv\u011bt\u011b. Nechyb\u00ed ani men\u0161\u00ed prodejna, kde si m\u016f\u017eete vybran\u00e9 v\u00edno zakoupit.<\/p>\n<p>Je\u0161t\u011b dod\u00e1v\u00e1m, \u017ee tuto prohl\u00eddku v\u010detn\u011b degustace je t\u0159eba objednat\u00a0p\u0159edem a to bu\u010f emailem, nebo telefonicky na\u00a0+386 2 787 98 10, nebo na\u00a0<a href=\"mailto:tanja.vinkler@perutnina.eu\">tanja.vinkler@perutnina.eu<\/a>. Akce plat\u00ed do 15. 9. 2018.<\/p>\n<p><img loading=\"lazy\" decoding=\"async\" class=\"size-full wp-image-60533 aligncenter\" src=\"https:\/\/all4camper.com\/\/wp-content\/uploads\/2018\/05\/IMG_20180423_185537.jpg\" alt=\"\" width=\"533\" height=\"400\" srcset=\"https:\/\/all4camper.com\/wp-content\/uploads\/2018\/05\/IMG_20180423_185537.jpg 533w, https:\/\/all4camper.com\/wp-content\/uploads\/2018\/05\/IMG_20180423_185537-300x225.jpg 300w, https:\/\/all4camper.com\/wp-content\/uploads\/2018\/05\/IMG_20180423_185537-150x113.jpg 150w, https:\/\/all4camper.com\/wp-content\/uploads\/2018\/05\/IMG_20180423_185537-326x245.jpg 326w, https:\/\/all4camper.com\/wp-content\/uploads\/2018\/05\/IMG_20180423_185537-80x60.jpg 80w\" sizes=\"auto, (max-width: 533px) 100vw, 533px\" \/><\/p>\n<p><strong>Region\u00e1ln\u00ed muzeum Ptuj-Ormo\u017e &#8211; n\u00e1dhern\u00e9 masky s dlouholetou histori\u00ed<\/strong><\/p>\n<p>Dal\u0161\u00edm turistick\u00fdm c\u00edlem, kter\u00fd m\u016f\u017eete spojit s n\u00e1v\u0161t\u011bvou historick\u00e9ho m\u011bsta Ptuj a <strong>z\u00edskat vstupn\u00e9 pro jednu osobu zdarma, je toto muzeum. Je\u0161t\u011b dod\u00e1v\u00e1m, \u017ee muzeum\u00a0 Ptuj-Ormo\u017e je jedn\u00edm z nejnav\u0161t\u011bvovan\u011bj\u0161\u00edch muze\u00ed ve Slovinsku a <\/strong>najdete jej na hrad\u011b Ptuj, ze kter\u00e9ho m\u00e1te n\u00e1dhern\u00fd v\u00fdhled na cel\u00e9 m\u011bsto, \u0159eku Drava a nedalek\u00e9 jezero.<\/p>\n<p><img loading=\"lazy\" decoding=\"async\" class=\"size-full wp-image-60532 aligncenter\" src=\"https:\/\/all4camper.com\/\/wp-content\/uploads\/2018\/05\/Ptuj-hrad.jpg\" alt=\"\" width=\"533\" height=\"400\" srcset=\"https:\/\/all4camper.com\/wp-content\/uploads\/2018\/05\/Ptuj-hrad.jpg 533w, https:\/\/all4camper.com\/wp-content\/uploads\/2018\/05\/Ptuj-hrad-300x225.jpg 300w, https:\/\/all4camper.com\/wp-content\/uploads\/2018\/05\/Ptuj-hrad-150x113.jpg 150w, https:\/\/all4camper.com\/wp-content\/uploads\/2018\/05\/Ptuj-hrad-326x245.jpg 326w, https:\/\/all4camper.com\/wp-content\/uploads\/2018\/05\/Ptuj-hrad-80x60.jpg 80w\" sizes=\"auto, (max-width: 533px) 100vw, 533px\" \/><\/p>\n<p><strong>V muzeu m\u016f\u017eete vid\u011bt velk\u00e9 mno\u017estv\u00ed n\u00e1dhern\u00fdch masek<\/strong>, kter\u00e9 se do dnes pou\u017e\u00edvaj\u00ed <strong>p\u0159i tradi\u010dn\u00edm Ptujsk\u00e9m festivalu Kurentovanje.<\/strong> Jak jsem z vypr\u00e1v\u011bn\u00ed m\u00edstn\u00edho pr\u016fvodce pochopila, jedn\u00e1 se o velice v\u00fdznamn\u00fd a ve Slovinsku obl\u00edben\u00fd festival, na kter\u00e9 se ka\u017edoro\u010dn\u011b sejde velk\u00e9 mno\u017estv\u00ed r\u016fzn\u00fdch podom\u00e1cku vyroben\u00fdch masek, to v\u0161e spojen\u00e9 se z\u00e1bavn\u00fdm pr\u016fvodem a slavnostmi v\u00edt\u00e1n\u00ed jara.<\/p>\n<p><img loading=\"lazy\" decoding=\"async\" class=\"size-full wp-image-60534 aligncenter\" src=\"https:\/\/all4camper.com\/\/wp-content\/uploads\/2018\/05\/IMG_20180424_094954.jpg\" alt=\"\" width=\"533\" height=\"400\" srcset=\"https:\/\/all4camper.com\/wp-content\/uploads\/2018\/05\/IMG_20180424_094954.jpg 533w, https:\/\/all4camper.com\/wp-content\/uploads\/2018\/05\/IMG_20180424_094954-300x225.jpg 300w, https:\/\/all4camper.com\/wp-content\/uploads\/2018\/05\/IMG_20180424_094954-150x113.jpg 150w, https:\/\/all4camper.com\/wp-content\/uploads\/2018\/05\/IMG_20180424_094954-326x245.jpg 326w, https:\/\/all4camper.com\/wp-content\/uploads\/2018\/05\/IMG_20180424_094954-80x60.jpg 80w\" sizes=\"auto, (max-width: 533px) 100vw, 533px\" \/><\/p>\n<p><strong>Tento festival prob\u00edh\u00e1 v\u017edy v \u00fanoru po dobu deseti dn\u00ed a pr\u016fm\u011brn\u00e1 \u00fa\u010dast je 10 tis\u00edc n\u00e1v\u0161t\u011bvn\u00edk\u016f.<\/strong> Pokud se rozhodnete pro n\u00e1v\u0161t\u011bvu tohoto m\u011bsta, pak toto muzeum ur\u010dit\u011b nav\u0161tivte. Mno\u017estv\u00ed masek v\u00e1s nadchne, stejn\u011b jako jejich zpracov\u00e1n\u00ed a fantazie, je\u017e byla p\u0159i jejich v\u00fdrob\u011b pou\u017eita. &#8230; no a nebo se zaje\u010fte v toto obdob\u00ed p\u0159\u00edmo na festival pod\u00edvat. Z\u00e1\u017eitek to bude nezapomenuteln\u00fd.<\/p>\n<p>Mimochodem,<strong>\u00a0o Kurentu se \u0159\u00edk\u00e1, \u017ee je\u00a0d\u00e9monem, je\u017e pron\u00e1sleduje zimu aby do zem\u011b zavolal jaro.<\/strong> D\u00edky tomu jsou masky zpracov\u00e1ny n\u011bkdy a\u017e d\u00e9monicky a preciznost v\u00fdroby je zn\u00e1t na ka\u017ed\u00e9m centimetru masky.<\/p>\n<p><img loading=\"lazy\" decoding=\"async\" class=\"size-full wp-image-60535 aligncenter\" src=\"https:\/\/all4camper.com\/\/wp-content\/uploads\/2018\/05\/IMG_20180424_094412.jpg\" alt=\"\" width=\"300\" height=\"400\" srcset=\"https:\/\/all4camper.com\/wp-content\/uploads\/2018\/05\/IMG_20180424_094412.jpg 300w, https:\/\/all4camper.com\/wp-content\/uploads\/2018\/05\/IMG_20180424_094412-225x300.jpg 225w, https:\/\/all4camper.com\/wp-content\/uploads\/2018\/05\/IMG_20180424_094412-113x150.jpg 113w\" sizes=\"auto, (max-width: 300px) 100vw, 300px\" \/><\/p>\n<p><strong>Dominik\u00e1nsk\u00fd kl\u00e1\u0161ter<\/strong><\/p>\n<p>Posledn\u00edm m\u00edstem, kter\u00e9 m\u016f\u017eete ve m\u011bst\u011b Ptuj nav\u0161t\u00edvit a z\u00edskat vstupn\u00e9 pro dv\u011b osoby zdarma, je tamn\u00ed dominik\u00e1nsk\u00fd kl\u00e1\u0161ter s dlouholetou histori\u00ed sahaj\u00edc\u00ed a\u017e do 13. stolet\u00ed. Kl\u00e1\u0161t\u011br kdy byl postaven pro \u010dleny dominik\u00e1nsk\u00e9ho \u0159\u00e1du, kte\u0159\u00ed zde s\u00eddlili a\u017e do roku 1785 .<\/p>\n<p><img loading=\"lazy\" decoding=\"async\" class=\"size-full wp-image-60536 aligncenter\" src=\"https:\/\/all4camper.com\/\/wp-content\/uploads\/2018\/05\/IMG_20180424_101817.jpg\" alt=\"\" width=\"300\" height=\"400\" srcset=\"https:\/\/all4camper.com\/wp-content\/uploads\/2018\/05\/IMG_20180424_101817.jpg 300w, https:\/\/all4camper.com\/wp-content\/uploads\/2018\/05\/IMG_20180424_101817-225x300.jpg 225w, https:\/\/all4camper.com\/wp-content\/uploads\/2018\/05\/IMG_20180424_101817-113x150.jpg 113w\" sizes=\"auto, (max-width: 300px) 100vw, 300px\" \/><\/p>\n<p>Cel\u00fd kl\u00e1\u0161ter je opravdu zachoval\u00fd a milovn\u00edky architektury \u010di historie doslova nadchne, nebo\u0165 v\u0161e v kl\u00e1\u0161te\u0159e zp\u0159\u00edstupn\u011bno je p\u016fvodn\u00ed a pro\u0161lo, nebo je\u0161t\u011b proch\u00e1z\u00ed procesem restaurov\u00e1n\u00ed.\u00a0Kl\u00e1\u0161ter najdete pod hradem a jeho renovovan\u00e9 \u010d\u00e1sti dnes slou\u017e\u00ed tak\u00e9 k po\u0159\u00e1d\u00e1n\u00ed kulturn\u00edch akc\u00ed a s\u00eddl\u00ed zde i m\u011bstsk\u00fd arch\u00edv.<\/p>\n<p><img loading=\"lazy\" decoding=\"async\" class=\"size-full wp-image-60537 aligncenter\" src=\"https:\/\/all4camper.com\/\/wp-content\/uploads\/2018\/05\/IMG_20180424_102310.jpg\" alt=\"\" width=\"533\" height=\"400\" srcset=\"https:\/\/all4camper.com\/wp-content\/uploads\/2018\/05\/IMG_20180424_102310.jpg 533w, https:\/\/all4camper.com\/wp-content\/uploads\/2018\/05\/IMG_20180424_102310-300x225.jpg 300w, https:\/\/all4camper.com\/wp-content\/uploads\/2018\/05\/IMG_20180424_102310-150x113.jpg 150w, https:\/\/all4camper.com\/wp-content\/uploads\/2018\/05\/IMG_20180424_102310-326x245.jpg 326w, https:\/\/all4camper.com\/wp-content\/uploads\/2018\/05\/IMG_20180424_102310-80x60.jpg 80w\" sizes=\"auto, (max-width: 533px) 100vw, 533px\" \/><\/p>\n<p>To ale nen\u00ed v\u0161e co m\u016f\u017eete shl\u00e9dnout p\u0159i n\u00e1v\u0161t\u011bv\u011b tohoto historick\u00e9ho m\u011bsta.<\/p>\n<p>Pokud bych m\u011bla shrnout sv\u00e9 dojmy, tak na ka\u017ed\u00e9m kroku uvid\u00edte n\u011bco zaj\u00edmav\u00e9ho a s histori\u00ed m\u011bsta spjat\u00e9ho, jako je nap\u0159\u00edklad\u00a0<strong>Orfe\u016fv pam\u00e1tn\u00edk<\/strong>. Jeho v\u00fd\u0161ka dosahuj\u00edc skoro 5ti metr\u016f a &#8222;b\u011blost&#8220;, kterou m\u00e1 d\u00edky mramoru ze kter\u00e9ho je vytes\u00e1n, v\u00e1s na prvn\u00ed pohled zaujme. <strong>O tomto pam\u00e1tn\u00edku je t\u0159eba napsat, \u017ee se jedn\u00e1 o nejstar\u0161\u00ed ve\u0159ejnou zachovanou pam\u00e1tku na Slovinsku stoj\u00edc\u00ed na sv\u00e9m p\u016fvodn\u00edm m\u00edst\u011b a byl postaven ve 2. stolet\u00ed! Pam\u00e1tn\u00edk je origin\u00e1ln\u00ed, co\u017e m\u011b zaujalo je\u0161t\u011b v\u00edce, nejedn\u00e1 se tedy o \u017e\u00e1dnou kopii.<\/strong><\/p>\n<p><img loading=\"lazy\" decoding=\"async\" class=\"size-full wp-image-60539 aligncenter\" src=\"https:\/\/all4camper.com\/\/wp-content\/uploads\/2018\/05\/IMG_20180424_091808.jpg\" alt=\"\" width=\"533\" height=\"400\" srcset=\"https:\/\/all4camper.com\/wp-content\/uploads\/2018\/05\/IMG_20180424_091808.jpg 533w, https:\/\/all4camper.com\/wp-content\/uploads\/2018\/05\/IMG_20180424_091808-300x225.jpg 300w, https:\/\/all4camper.com\/wp-content\/uploads\/2018\/05\/IMG_20180424_091808-150x113.jpg 150w, https:\/\/all4camper.com\/wp-content\/uploads\/2018\/05\/IMG_20180424_091808-326x245.jpg 326w, https:\/\/all4camper.com\/wp-content\/uploads\/2018\/05\/IMG_20180424_091808-80x60.jpg 80w\" sizes=\"auto, (max-width: 533px) 100vw, 533px\" \/><\/p>\n<p>Kdy\u017e budete proch\u00e1zet m\u011bstem, nezapome\u0148te se zastavit i <strong>v cukr\u00e1rn\u011b s dlouholetou tradic\u00ed jmenuj\u00edc\u00ed se Teta Fr\u00edda<\/strong>. Zaj\u00edmavost\u00ed t\u00e9to cukr\u00e1rny je jej\u00ed ru\u010dn\u00ed v\u00fdroba \u010dokol\u00e1dy v mnoha chut\u00edch, kterou si m\u016f\u017eete zakoupit domu t\u0159eba jako chutnou vzpom\u00ednku na toto m\u011bsto.<\/p>\n<p><img loading=\"lazy\" decoding=\"async\" class=\"size-full wp-image-60540 aligncenter\" src=\"https:\/\/all4camper.com\/\/wp-content\/uploads\/2018\/05\/IMG_20180424_091300.jpg\" alt=\"\" width=\"533\" height=\"400\" srcset=\"https:\/\/all4camper.com\/wp-content\/uploads\/2018\/05\/IMG_20180424_091300.jpg 533w, https:\/\/all4camper.com\/wp-content\/uploads\/2018\/05\/IMG_20180424_091300-300x225.jpg 300w, https:\/\/all4camper.com\/wp-content\/uploads\/2018\/05\/IMG_20180424_091300-150x113.jpg 150w, https:\/\/all4camper.com\/wp-content\/uploads\/2018\/05\/IMG_20180424_091300-326x245.jpg 326w, https:\/\/all4camper.com\/wp-content\/uploads\/2018\/05\/IMG_20180424_091300-80x60.jpg 80w\" sizes=\"auto, (max-width: 533px) 100vw, 533px\" \/><\/p>\n<p><img loading=\"lazy\" decoding=\"async\" class=\"size-full wp-image-60541 aligncenter\" src=\"https:\/\/all4camper.com\/\/wp-content\/uploads\/2018\/05\/IMG_20180424_091253.jpg\" alt=\"\" width=\"533\" height=\"400\" srcset=\"https:\/\/all4camper.com\/wp-content\/uploads\/2018\/05\/IMG_20180424_091253.jpg 533w, https:\/\/all4camper.com\/wp-content\/uploads\/2018\/05\/IMG_20180424_091253-300x225.jpg 300w, https:\/\/all4camper.com\/wp-content\/uploads\/2018\/05\/IMG_20180424_091253-150x113.jpg 150w, https:\/\/all4camper.com\/wp-content\/uploads\/2018\/05\/IMG_20180424_091253-326x245.jpg 326w, https:\/\/all4camper.com\/wp-content\/uploads\/2018\/05\/IMG_20180424_091253-80x60.jpg 80w\" sizes=\"auto, (max-width: 533px) 100vw, 533px\" \/><\/p>\n<p>Na z\u00e1v\u011br je\u0161t\u011b dod\u00e1v\u00e1m, \u017ee <strong>ve m\u011bst\u011b jezd\u00ed zdarma city bus, kter\u00fd m\u016f\u017eete vyu\u017e\u00edt k p\u0159eprav\u011b z kempu (od term\u00e1ln\u00edch l\u00e1zn\u00ed) do centra m\u011bsta<\/strong>, nebo se na kolech zajet pod\u00edvat k nedalek\u00e9mu jezeru. A\u0165 se rozhodnete pro n\u00e1v\u0161t\u011bvu jak\u00e9koliv \u010d\u00e1sti okol\u00ed Ptuje, nebo p\u0159\u00edmo toto historick\u00e9 m\u011bsto, v\u011b\u0159te, \u017ee z\u00e1\u017eitk\u016f budete m\u00edt nepo\u010d\u00edtan\u011b.<\/p>\n<p>N\u00ed\u017ee p\u0159ikl\u00e1d\u00e1m je\u0161t\u011b p\u00e1r fotografi\u00ed z n\u00e1v\u0161t\u011bvy m\u011bsta a pokud jej nav\u0161t\u00edv\u00edte, p\u0159eji, aby se v\u00e1m l\u00edbilo stejn\u011b, jako mn\u011b.<\/p>\n<p>V\u00edce informac\u00ed najdete tak\u00e9 na str\u00e1nk\u00e1ch Slovinsk\u00e9ho turistick\u00e9ho centra\u00a0<a href=\"https:\/\/www.slovenia.info\/en\" target=\"_blank\" rel=\"noopener noreferrer\">slovenia.info<\/a>, jeho\u017e \u010desk\u00e9 zastoupen\u00ed je tak\u00e9 nov\u011b v Praze na adrese\u00a0<a href=\"https:\/\/maps.google.com\/?q=Praha+%C5%98%C3%ADmsk%C3%A1+16,+Praha+2&amp;entry=gmail&amp;source=g\">\u0158\u00edmsk\u00e1 16, Praha 2<\/a><\/p>\n<p><img loading=\"lazy\" decoding=\"async\" class=\"size-full wp-image-60542 aligncenter\" src=\"https:\/\/all4camper.com\/\/wp-content\/uploads\/2018\/05\/IMG_20180424_084941.jpg\" alt=\"\" width=\"533\" height=\"400\" srcset=\"https:\/\/all4camper.com\/wp-content\/uploads\/2018\/05\/IMG_20180424_084941.jpg 533w, https:\/\/all4camper.com\/wp-content\/uploads\/2018\/05\/IMG_20180424_084941-300x225.jpg 300w, https:\/\/all4camper.com\/wp-content\/uploads\/2018\/05\/IMG_20180424_084941-150x113.jpg 150w, https:\/\/all4camper.com\/wp-content\/uploads\/2018\/05\/IMG_20180424_084941-326x245.jpg 326w, https:\/\/all4camper.com\/wp-content\/uploads\/2018\/05\/IMG_20180424_084941-80x60.jpg 80w\" sizes=\"auto, (max-width: 533px) 100vw, 533px\" \/><\/p>\n<p><img loading=\"lazy\" decoding=\"async\" class=\"size-full wp-image-60543 aligncenter\" src=\"https:\/\/all4camper.com\/\/wp-content\/uploads\/2018\/05\/IMG_20180424_092737.jpg\" alt=\"\" width=\"533\" height=\"400\" srcset=\"https:\/\/all4camper.com\/wp-content\/uploads\/2018\/05\/IMG_20180424_092737.jpg 533w, https:\/\/all4camper.com\/wp-content\/uploads\/2018\/05\/IMG_20180424_092737-300x225.jpg 300w, https:\/\/all4camper.com\/wp-content\/uploads\/2018\/05\/IMG_20180424_092737-150x113.jpg 150w, https:\/\/all4camper.com\/wp-content\/uploads\/2018\/05\/IMG_20180424_092737-326x245.jpg 326w, https:\/\/all4camper.com\/wp-content\/uploads\/2018\/05\/IMG_20180424_092737-80x60.jpg 80w\" sizes=\"auto, (max-width: 533px) 100vw, 533px\" \/><\/p>\n<p><img loading=\"lazy\" decoding=\"async\" class=\"size-full wp-image-60544 aligncenter\" src=\"https:\/\/all4camper.com\/\/wp-content\/uploads\/2018\/05\/IMG_20180424_092606.jpg\" alt=\"\" width=\"300\" height=\"400\" srcset=\"https:\/\/all4camper.com\/wp-content\/uploads\/2018\/05\/IMG_20180424_092606.jpg 300w, https:\/\/all4camper.com\/wp-content\/uploads\/2018\/05\/IMG_20180424_092606-225x300.jpg 225w, https:\/\/all4camper.com\/wp-content\/uploads\/2018\/05\/IMG_20180424_092606-113x150.jpg 113w\" sizes=\"auto, (max-width: 300px) 100vw, 300px\" \/><\/p>\n<p><img loading=\"lazy\" decoding=\"async\" class=\"size-full wp-image-60545 aligncenter\" src=\"https:\/\/all4camper.com\/\/wp-content\/uploads\/2018\/05\/IMG_20180424_092543.jpg\" alt=\"\" width=\"300\" height=\"400\" srcset=\"https:\/\/all4camper.com\/wp-content\/uploads\/2018\/05\/IMG_20180424_092543.jpg 300w, https:\/\/all4camper.com\/wp-content\/uploads\/2018\/05\/IMG_20180424_092543-225x300.jpg 225w, https:\/\/all4camper.com\/wp-content\/uploads\/2018\/05\/IMG_20180424_092543-113x150.jpg 113w\" sizes=\"auto, (max-width: 300px) 100vw, 300px\" \/><\/p>\n<p><img loading=\"lazy\" decoding=\"async\" class=\"size-full wp-image-60546 aligncenter\" src=\"https:\/\/all4camper.com\/\/wp-content\/uploads\/2018\/05\/IMG_20180424_100046.jpg\" alt=\"\" width=\"533\" height=\"400\" srcset=\"https:\/\/all4camper.com\/wp-content\/uploads\/2018\/05\/IMG_20180424_100046.jpg 533w, https:\/\/all4camper.com\/wp-content\/uploads\/2018\/05\/IMG_20180424_100046-300x225.jpg 300w, https:\/\/all4camper.com\/wp-content\/uploads\/2018\/05\/IMG_20180424_100046-150x113.jpg 150w, https:\/\/all4camper.com\/wp-content\/uploads\/2018\/05\/IMG_20180424_100046-326x245.jpg 326w, https:\/\/all4camper.com\/wp-content\/uploads\/2018\/05\/IMG_20180424_100046-80x60.jpg 80w\" sizes=\"auto, (max-width: 533px) 100vw, 533px\" \/><\/p>\n<p><img loading=\"lazy\" decoding=\"async\" class=\"size-full wp-image-60547 aligncenter\" src=\"https:\/\/all4camper.com\/\/wp-content\/uploads\/2018\/05\/IMG_20180424_101606.jpg\" alt=\"\" width=\"533\" height=\"400\" srcset=\"https:\/\/all4camper.com\/wp-content\/uploads\/2018\/05\/IMG_20180424_101606.jpg 533w, https:\/\/all4camper.com\/wp-content\/uploads\/2018\/05\/IMG_20180424_101606-300x225.jpg 300w, https:\/\/all4camper.com\/wp-content\/uploads\/2018\/05\/IMG_20180424_101606-150x113.jpg 150w, https:\/\/all4camper.com\/wp-content\/uploads\/2018\/05\/IMG_20180424_101606-326x245.jpg 326w, https:\/\/all4camper.com\/wp-content\/uploads\/2018\/05\/IMG_20180424_101606-80x60.jpg 80w\" sizes=\"auto, (max-width: 533px) 100vw, 533px\" \/><\/p>\n<p><img loading=\"lazy\" decoding=\"async\" class=\"size-full wp-image-60548 aligncenter\" src=\"https:\/\/all4camper.com\/\/wp-content\/uploads\/2018\/05\/IMG_20180424_103246.jpg\" alt=\"\" width=\"533\" height=\"400\" srcset=\"https:\/\/all4camper.com\/wp-content\/uploads\/2018\/05\/IMG_20180424_103246.jpg 533w, https:\/\/all4camper.com\/wp-content\/uploads\/2018\/05\/IMG_20180424_103246-300x225.jpg 300w, https:\/\/all4camper.com\/wp-content\/uploads\/2018\/05\/IMG_20180424_103246-150x113.jpg 150w, https:\/\/all4camper.com\/wp-content\/uploads\/2018\/05\/IMG_20180424_103246-326x245.jpg 326w, https:\/\/all4camper.com\/wp-content\/uploads\/2018\/05\/IMG_20180424_103246-80x60.jpg 80w\" sizes=\"auto, (max-width: 533px) 100vw, 533px\" \/><\/p>\n","protected":false},"excerpt":{"rendered":"<p>M\u011bsto Ptuj je jedn\u00edm z nejstar\u0161\u00edch m\u011bst ve Slovinsku nach\u00e1zej\u00edc\u00ed se jen n\u011bkolik kilometr\u016f od Mariboru. Krom\u011b toho, \u017ee m\u00e1 bohatou historii a kouzelnou atmosf\u00e9ru, nab\u00edz\u00ed kempa\u0159\u016fm kempov\u00e1n\u00ed ve zdej\u0161\u00edm hezk\u00e9m a klidn\u00e9m kempu hned u term\u00e1ln\u00edch l\u00e1zn\u00ed Terme Ptuj. D\u00edky tomu tak m\u016f\u017eete va\u0161i dovolenou spojit s kempov\u00e1n\u00edm, koup\u00e1n\u00edm a pozn\u00e1v\u00e1n\u00edm kr\u00e1s tohoto m\u011bsta. [&hellip;]<\/p>\n","protected":false},"author":4,"featured_media":60550,"comment_status":"closed","ping_status":"open","sticky":false,"template":"","format":"standard","meta":{"_monsterinsights_skip_tracking":false,"_monsterinsights_sitenote_active":false,"_monsterinsights_sitenote_note":"","_monsterinsights_sitenote_category":0,"footnotes":""},"categories":[2380,342],"tags":[89,325,227,81],"class_list":{"0":"post-60517","1":"post","2":"type-post","3":"status-publish","4":"format-standard","5":"has-post-thumbnail","7":"category-kempujeme-a-cestujeme-ve-slovinsku","8":"category-termalni-lazne-a-aquaparky-zabavni-parky","9":"tag-aquapark","10":"tag-poznavaci-dovolena","11":"tag-slovinsko","12":"tag-termalni-lazne"},"yoast_head":"<!-- This site is optimized with the Yoast SEO plugin v27.5 - https:\/\/yoast.com\/product\/yoast-seo-wordpress\/ -->\n<title>Dovolen\u00e1 ve Slovinsku - kempov\u00e1n\u00ed a koup\u00e1n\u00ed ve m\u011bst\u011b Ptuj<\/title>\n<meta name=\"description\" content=\"All4Camper - Dovolen\u00e1 ve Slovinsku - kempov\u00e1n\u00ed a koup\u00e1n\u00ed ve m\u011bst\u011b Ptuj\" \/>\n<meta name=\"robots\" content=\"index, follow, max-snippet:-1, max-image-preview:large, max-video-preview:-1\" \/>\n<link rel=\"canonical\" href=\"https:\/\/all4camper.com\/cs\/mesto-ptuj-kempovani-koupani-a-historie-ve-slovinsku\/\" \/>\n<meta property=\"og:locale\" content=\"cs_CZ\" \/>\n<meta property=\"og:type\" content=\"article\" \/>\n<meta property=\"og:title\" content=\"Dovolen\u00e1 ve Slovinsku - kempov\u00e1n\u00ed a koup\u00e1n\u00ed ve m\u011bst\u011b Ptuj\" \/>\n<meta property=\"og:description\" content=\"All4Camper - Dovolen\u00e1 ve Slovinsku - kempov\u00e1n\u00ed a koup\u00e1n\u00ed ve m\u011bst\u011b Ptuj\" \/>\n<meta property=\"og:url\" content=\"https:\/\/all4camper.com\/cs\/mesto-ptuj-kempovani-koupani-a-historie-ve-slovinsku\/\" \/>\n<meta property=\"og:site_name\" content=\"All4Camper\" \/>\n<meta property=\"article:published_time\" content=\"2018-05-15T15:53:12+00:00\" \/>\n<meta property=\"article:modified_time\" content=\"2019-09-19T13:26:34+00:00\" \/>\n<meta property=\"og:image\" content=\"https:\/\/all4camper.com\/wp-content\/uploads\/2018\/05\/IMG_20180424_100142.jpg\" \/>\n\t<meta property=\"og:image:width\" content=\"533\" \/>\n\t<meta property=\"og:image:height\" content=\"400\" \/>\n\t<meta property=\"og:image:type\" content=\"image\/jpeg\" \/>\n<meta name=\"author\" content=\"Kl\u00e1ra H\u00e1jkov\u00e1\" \/>\n<meta name=\"twitter:card\" content=\"summary_large_image\" \/>\n<meta name=\"twitter:label1\" content=\"Napsal(a)\" \/>\n\t<meta name=\"twitter:data1\" content=\"Kl\u00e1ra H\u00e1jkov\u00e1\" \/>\n\t<meta name=\"twitter:label2\" content=\"Odhadovan\u00e1 doba \u010dten\u00ed\" \/>\n\t<meta name=\"twitter:data2\" content=\"8 minut\" \/>\n<script type=\"application\/ld+json\" class=\"yoast-schema-graph\">{\"@context\":\"https:\\\/\\\/schema.org\",\"@graph\":[{\"@type\":\"Article\",\"@id\":\"https:\\\/\\\/all4camper.com\\\/cs\\\/mesto-ptuj-kempovani-koupani-a-historie-ve-slovinsku\\\/#article\",\"isPartOf\":{\"@id\":\"https:\\\/\\\/all4camper.com\\\/cs\\\/mesto-ptuj-kempovani-koupani-a-historie-ve-slovinsku\\\/\"},\"author\":{\"name\":\"Kl\u00e1ra H\u00e1jkov\u00e1\",\"@id\":\"https:\\\/\\\/all4camper.com\\\/cs\\\/#\\\/schema\\\/person\\\/c6f1efdf1d02bc7d8c53a891cbe18c62\"},\"headline\":\"Dovolen\u00e1 ve Slovinsku &#8211; kempov\u00e1n\u00ed a koup\u00e1n\u00ed ve m\u011bst\u011b Ptuj\",\"datePublished\":\"2018-05-15T15:53:12+00:00\",\"dateModified\":\"2019-09-19T13:26:34+00:00\",\"mainEntityOfPage\":{\"@id\":\"https:\\\/\\\/all4camper.com\\\/cs\\\/mesto-ptuj-kempovani-koupani-a-historie-ve-slovinsku\\\/\"},\"wordCount\":1534,\"publisher\":{\"@id\":\"https:\\\/\\\/all4camper.com\\\/cs\\\/#organization\"},\"image\":{\"@id\":\"https:\\\/\\\/all4camper.com\\\/cs\\\/mesto-ptuj-kempovani-koupani-a-historie-ve-slovinsku\\\/#primaryimage\"},\"thumbnailUrl\":\"https:\\\/\\\/all4camper.com\\\/wp-content\\\/uploads\\\/2018\\\/05\\\/IMG_20180424_100142.jpg\",\"keywords\":[\"aquapark\",\"Pozn\u00e1vac\u00ed dovolen\u00e1\",\"Slovinsko\",\"Term\u00e1ln\u00ed l\u00e1zn\u011b\"],\"articleSection\":[\"Kempujeme a cestujeme ve Slovinsku\",\"Term\u00e1ln\u00ed l\u00e1zn\u011b, akvaparky a z\u00e1bavn\u00ed parky\"],\"inLanguage\":\"cs\"},{\"@type\":\"WebPage\",\"@id\":\"https:\\\/\\\/all4camper.com\\\/cs\\\/mesto-ptuj-kempovani-koupani-a-historie-ve-slovinsku\\\/\",\"url\":\"https:\\\/\\\/all4camper.com\\\/cs\\\/mesto-ptuj-kempovani-koupani-a-historie-ve-slovinsku\\\/\",\"name\":\"Dovolen\u00e1 ve Slovinsku - kempov\u00e1n\u00ed a koup\u00e1n\u00ed ve m\u011bst\u011b Ptuj\",\"isPartOf\":{\"@id\":\"https:\\\/\\\/all4camper.com\\\/cs\\\/#website\"},\"primaryImageOfPage\":{\"@id\":\"https:\\\/\\\/all4camper.com\\\/cs\\\/mesto-ptuj-kempovani-koupani-a-historie-ve-slovinsku\\\/#primaryimage\"},\"image\":{\"@id\":\"https:\\\/\\\/all4camper.com\\\/cs\\\/mesto-ptuj-kempovani-koupani-a-historie-ve-slovinsku\\\/#primaryimage\"},\"thumbnailUrl\":\"https:\\\/\\\/all4camper.com\\\/wp-content\\\/uploads\\\/2018\\\/05\\\/IMG_20180424_100142.jpg\",\"datePublished\":\"2018-05-15T15:53:12+00:00\",\"dateModified\":\"2019-09-19T13:26:34+00:00\",\"description\":\"All4Camper - Dovolen\u00e1 ve Slovinsku - kempov\u00e1n\u00ed a koup\u00e1n\u00ed ve m\u011bst\u011b Ptuj\",\"breadcrumb\":{\"@id\":\"https:\\\/\\\/all4camper.com\\\/cs\\\/mesto-ptuj-kempovani-koupani-a-historie-ve-slovinsku\\\/#breadcrumb\"},\"inLanguage\":\"cs\",\"potentialAction\":[{\"@type\":\"ReadAction\",\"target\":[\"https:\\\/\\\/all4camper.com\\\/cs\\\/mesto-ptuj-kempovani-koupani-a-historie-ve-slovinsku\\\/\"]}]},{\"@type\":\"ImageObject\",\"inLanguage\":\"cs\",\"@id\":\"https:\\\/\\\/all4camper.com\\\/cs\\\/mesto-ptuj-kempovani-koupani-a-historie-ve-slovinsku\\\/#primaryimage\",\"url\":\"https:\\\/\\\/all4camper.com\\\/wp-content\\\/uploads\\\/2018\\\/05\\\/IMG_20180424_100142.jpg\",\"contentUrl\":\"https:\\\/\\\/all4camper.com\\\/wp-content\\\/uploads\\\/2018\\\/05\\\/IMG_20180424_100142.jpg\",\"width\":533,\"height\":400},{\"@type\":\"BreadcrumbList\",\"@id\":\"https:\\\/\\\/all4camper.com\\\/cs\\\/mesto-ptuj-kempovani-koupani-a-historie-ve-slovinsku\\\/#breadcrumb\",\"itemListElement\":[{\"@type\":\"ListItem\",\"position\":1,\"name\":\"Dom\u016f\",\"item\":\"https:\\\/\\\/all4camper.com\\\/cs\\\/\"},{\"@type\":\"ListItem\",\"position\":2,\"name\":\"Kempujeme a cestujeme ve Slovinsku\",\"item\":\"https:\\\/\\\/all4camper.com\\\/cs\\\/category\\\/kempujeme-a-cestujeme-ve-slovinsku\\\/\"},{\"@type\":\"ListItem\",\"position\":3,\"name\":\"Dovolen\u00e1 ve Slovinsku &#8211; kempov\u00e1n\u00ed a koup\u00e1n\u00ed ve m\u011bst\u011b Ptuj\"}]},{\"@type\":\"WebSite\",\"@id\":\"https:\\\/\\\/all4camper.com\\\/cs\\\/#website\",\"url\":\"https:\\\/\\\/all4camper.com\\\/cs\\\/\",\"name\":\"All4Camper\",\"description\":\"Nejv\u011bt\u0161\u00ed online magaz\u00edn o kempov\u00e1n\u00ed a karavaninku. V\u00edce jak 900 \u010dl\u00e1nk\u016f pln\u00fdch rad a tip\u016f o kempech a kempov\u00e1n\u00ed.\",\"publisher\":{\"@id\":\"https:\\\/\\\/all4camper.com\\\/cs\\\/#organization\"},\"potentialAction\":[{\"@type\":\"SearchAction\",\"target\":{\"@type\":\"EntryPoint\",\"urlTemplate\":\"https:\\\/\\\/all4camper.com\\\/cs\\\/?s={search_term_string}\"},\"query-input\":{\"@type\":\"PropertyValueSpecification\",\"valueRequired\":true,\"valueName\":\"search_term_string\"}}],\"inLanguage\":\"cs\"},{\"@type\":\"Organization\",\"@id\":\"https:\\\/\\\/all4camper.com\\\/cs\\\/#organization\",\"name\":\"All4Camper - kempujeme s Kl\u00e1rou\",\"url\":\"https:\\\/\\\/all4camper.com\\\/cs\\\/\",\"logo\":{\"@type\":\"ImageObject\",\"inLanguage\":\"cs\",\"@id\":\"https:\\\/\\\/all4camper.com\\\/cs\\\/#\\\/schema\\\/logo\\\/image\\\/\",\"url\":\"https:\\\/\\\/all4camper.com\\\/wp-content\\\/uploads\\\/2018\\\/09\\\/novelogo.png\",\"contentUrl\":\"https:\\\/\\\/all4camper.com\\\/wp-content\\\/uploads\\\/2018\\\/09\\\/novelogo.png\",\"width\":1520,\"height\":600,\"caption\":\"All4Camper - kempujeme s Kl\u00e1rou\"},\"image\":{\"@id\":\"https:\\\/\\\/all4camper.com\\\/cs\\\/#\\\/schema\\\/logo\\\/image\\\/\"}},{\"@type\":\"Person\",\"@id\":\"https:\\\/\\\/all4camper.com\\\/cs\\\/#\\\/schema\\\/person\\\/c6f1efdf1d02bc7d8c53a891cbe18c62\",\"name\":\"Kl\u00e1ra H\u00e1jkov\u00e1\",\"sameAs\":[\"http:\\\/\\\/www.all4camper.com\"],\"url\":\"https:\\\/\\\/all4camper.com\\\/cs\\\/author\\\/klarinkacestuje1\\\/\"}]}<\/script>\n<!-- \/ Yoast SEO plugin. -->","yoast_head_json":{"title":"Dovolen\u00e1 ve Slovinsku - kempov\u00e1n\u00ed a koup\u00e1n\u00ed ve m\u011bst\u011b Ptuj","description":"All4Camper - Dovolen\u00e1 ve Slovinsku - kempov\u00e1n\u00ed a koup\u00e1n\u00ed ve m\u011bst\u011b Ptuj","robots":{"index":"index","follow":"follow","max-snippet":"max-snippet:-1","max-image-preview":"max-image-preview:large","max-video-preview":"max-video-preview:-1"},"canonical":"https:\/\/all4camper.com\/cs\/mesto-ptuj-kempovani-koupani-a-historie-ve-slovinsku\/","og_locale":"cs_CZ","og_type":"article","og_title":"Dovolen\u00e1 ve Slovinsku - kempov\u00e1n\u00ed a koup\u00e1n\u00ed ve m\u011bst\u011b Ptuj","og_description":"All4Camper - Dovolen\u00e1 ve Slovinsku - kempov\u00e1n\u00ed a koup\u00e1n\u00ed ve m\u011bst\u011b Ptuj","og_url":"https:\/\/all4camper.com\/cs\/mesto-ptuj-kempovani-koupani-a-historie-ve-slovinsku\/","og_site_name":"All4Camper","article_published_time":"2018-05-15T15:53:12+00:00","article_modified_time":"2019-09-19T13:26:34+00:00","og_image":[{"width":533,"height":400,"url":"https:\/\/all4camper.com\/wp-content\/uploads\/2018\/05\/IMG_20180424_100142.jpg","type":"image\/jpeg"}],"author":"Kl\u00e1ra H\u00e1jkov\u00e1","twitter_card":"summary_large_image","twitter_misc":{"Napsal(a)":"Kl\u00e1ra H\u00e1jkov\u00e1","Odhadovan\u00e1 doba \u010dten\u00ed":"8 minut"},"schema":{"@context":"https:\/\/schema.org","@graph":[{"@type":"Article","@id":"https:\/\/all4camper.com\/cs\/mesto-ptuj-kempovani-koupani-a-historie-ve-slovinsku\/#article","isPartOf":{"@id":"https:\/\/all4camper.com\/cs\/mesto-ptuj-kempovani-koupani-a-historie-ve-slovinsku\/"},"author":{"name":"Kl\u00e1ra H\u00e1jkov\u00e1","@id":"https:\/\/all4camper.com\/cs\/#\/schema\/person\/c6f1efdf1d02bc7d8c53a891cbe18c62"},"headline":"Dovolen\u00e1 ve Slovinsku &#8211; kempov\u00e1n\u00ed a koup\u00e1n\u00ed ve m\u011bst\u011b Ptuj","datePublished":"2018-05-15T15:53:12+00:00","dateModified":"2019-09-19T13:26:34+00:00","mainEntityOfPage":{"@id":"https:\/\/all4camper.com\/cs\/mesto-ptuj-kempovani-koupani-a-historie-ve-slovinsku\/"},"wordCount":1534,"publisher":{"@id":"https:\/\/all4camper.com\/cs\/#organization"},"image":{"@id":"https:\/\/all4camper.com\/cs\/mesto-ptuj-kempovani-koupani-a-historie-ve-slovinsku\/#primaryimage"},"thumbnailUrl":"https:\/\/all4camper.com\/wp-content\/uploads\/2018\/05\/IMG_20180424_100142.jpg","keywords":["aquapark","Pozn\u00e1vac\u00ed dovolen\u00e1","Slovinsko","Term\u00e1ln\u00ed l\u00e1zn\u011b"],"articleSection":["Kempujeme a cestujeme ve Slovinsku","Term\u00e1ln\u00ed l\u00e1zn\u011b, akvaparky a z\u00e1bavn\u00ed parky"],"inLanguage":"cs"},{"@type":"WebPage","@id":"https:\/\/all4camper.com\/cs\/mesto-ptuj-kempovani-koupani-a-historie-ve-slovinsku\/","url":"https:\/\/all4camper.com\/cs\/mesto-ptuj-kempovani-koupani-a-historie-ve-slovinsku\/","name":"Dovolen\u00e1 ve Slovinsku - kempov\u00e1n\u00ed a koup\u00e1n\u00ed ve m\u011bst\u011b Ptuj","isPartOf":{"@id":"https:\/\/all4camper.com\/cs\/#website"},"primaryImageOfPage":{"@id":"https:\/\/all4camper.com\/cs\/mesto-ptuj-kempovani-koupani-a-historie-ve-slovinsku\/#primaryimage"},"image":{"@id":"https:\/\/all4camper.com\/cs\/mesto-ptuj-kempovani-koupani-a-historie-ve-slovinsku\/#primaryimage"},"thumbnailUrl":"https:\/\/all4camper.com\/wp-content\/uploads\/2018\/05\/IMG_20180424_100142.jpg","datePublished":"2018-05-15T15:53:12+00:00","dateModified":"2019-09-19T13:26:34+00:00","description":"All4Camper - Dovolen\u00e1 ve Slovinsku - kempov\u00e1n\u00ed a koup\u00e1n\u00ed ve m\u011bst\u011b Ptuj","breadcrumb":{"@id":"https:\/\/all4camper.com\/cs\/mesto-ptuj-kempovani-koupani-a-historie-ve-slovinsku\/#breadcrumb"},"inLanguage":"cs","potentialAction":[{"@type":"ReadAction","target":["https:\/\/all4camper.com\/cs\/mesto-ptuj-kempovani-koupani-a-historie-ve-slovinsku\/"]}]},{"@type":"ImageObject","inLanguage":"cs","@id":"https:\/\/all4camper.com\/cs\/mesto-ptuj-kempovani-koupani-a-historie-ve-slovinsku\/#primaryimage","url":"https:\/\/all4camper.com\/wp-content\/uploads\/2018\/05\/IMG_20180424_100142.jpg","contentUrl":"https:\/\/all4camper.com\/wp-content\/uploads\/2018\/05\/IMG_20180424_100142.jpg","width":533,"height":400},{"@type":"BreadcrumbList","@id":"https:\/\/all4camper.com\/cs\/mesto-ptuj-kempovani-koupani-a-historie-ve-slovinsku\/#breadcrumb","itemListElement":[{"@type":"ListItem","position":1,"name":"Dom\u016f","item":"https:\/\/all4camper.com\/cs\/"},{"@type":"ListItem","position":2,"name":"Kempujeme a cestujeme ve Slovinsku","item":"https:\/\/all4camper.com\/cs\/category\/kempujeme-a-cestujeme-ve-slovinsku\/"},{"@type":"ListItem","position":3,"name":"Dovolen\u00e1 ve Slovinsku &#8211; kempov\u00e1n\u00ed a koup\u00e1n\u00ed ve m\u011bst\u011b Ptuj"}]},{"@type":"WebSite","@id":"https:\/\/all4camper.com\/cs\/#website","url":"https:\/\/all4camper.com\/cs\/","name":"All4Camper","description":"Nejv\u011bt\u0161\u00ed online magaz\u00edn o kempov\u00e1n\u00ed a karavaninku. V\u00edce jak 900 \u010dl\u00e1nk\u016f pln\u00fdch rad a tip\u016f o kempech a kempov\u00e1n\u00ed.","publisher":{"@id":"https:\/\/all4camper.com\/cs\/#organization"},"potentialAction":[{"@type":"SearchAction","target":{"@type":"EntryPoint","urlTemplate":"https:\/\/all4camper.com\/cs\/?s={search_term_string}"},"query-input":{"@type":"PropertyValueSpecification","valueRequired":true,"valueName":"search_term_string"}}],"inLanguage":"cs"},{"@type":"Organization","@id":"https:\/\/all4camper.com\/cs\/#organization","name":"All4Camper - kempujeme s Kl\u00e1rou","url":"https:\/\/all4camper.com\/cs\/","logo":{"@type":"ImageObject","inLanguage":"cs","@id":"https:\/\/all4camper.com\/cs\/#\/schema\/logo\/image\/","url":"https:\/\/all4camper.com\/wp-content\/uploads\/2018\/09\/novelogo.png","contentUrl":"https:\/\/all4camper.com\/wp-content\/uploads\/2018\/09\/novelogo.png","width":1520,"height":600,"caption":"All4Camper - kempujeme s Kl\u00e1rou"},"image":{"@id":"https:\/\/all4camper.com\/cs\/#\/schema\/logo\/image\/"}},{"@type":"Person","@id":"https:\/\/all4camper.com\/cs\/#\/schema\/person\/c6f1efdf1d02bc7d8c53a891cbe18c62","name":"Kl\u00e1ra H\u00e1jkov\u00e1","sameAs":["http:\/\/www.all4camper.com"],"url":"https:\/\/all4camper.com\/cs\/author\/klarinkacestuje1\/"}]}},"_links":{"self":[{"href":"https:\/\/all4camper.com\/cs\/wp-json\/wp\/v2\/posts\/60517","targetHints":{"allow":["GET"]}}],"collection":[{"href":"https:\/\/all4camper.com\/cs\/wp-json\/wp\/v2\/posts"}],"about":[{"href":"https:\/\/all4camper.com\/cs\/wp-json\/wp\/v2\/types\/post"}],"author":[{"embeddable":true,"href":"https:\/\/all4camper.com\/cs\/wp-json\/wp\/v2\/users\/4"}],"replies":[{"embeddable":true,"href":"https:\/\/all4camper.com\/cs\/wp-json\/wp\/v2\/comments?post=60517"}],"version-history":[{"count":0,"href":"https:\/\/all4camper.com\/cs\/wp-json\/wp\/v2\/posts\/60517\/revisions"}],"wp:featuredmedia":[{"embeddable":true,"href":"https:\/\/all4camper.com\/cs\/wp-json\/wp\/v2\/media\/60550"}],"wp:attachment":[{"href":"https:\/\/all4camper.com\/cs\/wp-json\/wp\/v2\/media?parent=60517"}],"wp:term":[{"taxonomy":"category","embeddable":true,"href":"https:\/\/all4camper.com\/cs\/wp-json\/wp\/v2\/categories?post=60517"},{"taxonomy":"post_tag","embeddable":true,"href":"https:\/\/all4camper.com\/cs\/wp-json\/wp\/v2\/tags?post=60517"}],"curies":[{"name":"wp","href":"https:\/\/api.w.org\/{rel}","templated":true}]}}