{"id":47303,"date":"2018-04-30T14:04:16","date_gmt":"2018-04-30T12:04:16","guid":{"rendered":"https:\/\/all4camper.com\/\/?p=47303"},"modified":"2019-09-19T12:21:46","modified_gmt":"2019-09-19T10:21:46","slug":"kempujeme-ve-slovinsku-a-poznavame-jeho-krasy-cast-i","status":"publish","type":"post","link":"https:\/\/all4camper.com\/cs\/kempujeme-ve-slovinsku-a-poznavame-jeho-krasy-cast-i\/","title":{"rendered":"Tipy co ur\u010dit\u011b nav\u0161t\u00edvit s d\u011btmi ve Slovinsku a kde kempovat"},"content":{"rendered":"<p><strong>Jeskyn\u011b Postojna, skaln\u00ed hrad Predjama castle, Expo Jama kras \u010di proslul\u00fd h\u0159eb\u010d\u00edn Lipica.<\/strong> To v\u0161e jsou n\u00e1dhern\u00e9 turistick\u00e9 c\u00edle ve Slovinsku, kter\u00e9 byste nem\u011bli minout. Poj\u010fme se tedy v\u00edce pod\u00edvat, co v\u00e1s tam \u010dek\u00e1 a na co se m\u016f\u017eete t\u011b\u0161it.<\/p>\n<figure id=\"attachment_48905\" aria-describedby=\"caption-attachment-48905\" style=\"width: 533px\" class=\"wp-caption aligncenter\"><img loading=\"lazy\" decoding=\"async\" class=\"wp-image-48905 size-full\" src=\"https:\/\/all4camper.com\/\/wp-content\/uploads\/2018\/04\/DSC03420.jpg\" alt=\"\" width=\"533\" height=\"400\" srcset=\"https:\/\/all4camper.com\/wp-content\/uploads\/2018\/04\/DSC03420.jpg 533w, https:\/\/all4camper.com\/wp-content\/uploads\/2018\/04\/DSC03420-150x113.jpg 150w, https:\/\/all4camper.com\/wp-content\/uploads\/2018\/04\/DSC03420-300x225.jpg 300w, https:\/\/all4camper.com\/wp-content\/uploads\/2018\/04\/DSC03420-200x150.jpg 200w, https:\/\/all4camper.com\/wp-content\/uploads\/2018\/04\/DSC03420-400x300.jpg 400w, https:\/\/all4camper.com\/wp-content\/uploads\/2018\/04\/DSC03420-326x245.jpg 326w, https:\/\/all4camper.com\/wp-content\/uploads\/2018\/04\/DSC03420-80x60.jpg 80w\" sizes=\"auto, (max-width: 533px) 100vw, 533px\" \/><figcaption id=\"caption-attachment-48905\" class=\"wp-caption-text\">Vchod do jeskyn\u011b Postojna<\/figcaption><\/figure>\n<h3>Jeskyn\u011b Postojna a Expo Jama Kras<\/h3>\n<p>Str\u00e1nky:\u00a0<a href=\"https:\/\/www.postojnska-jama.eu\/en\/\" target=\"_blank\" rel=\"noopener noreferrer\">postojnska-jama.eu<\/a><\/p>\n<p><a href=\"https:\/\/all4camper.com\/\/cz\/mista_z_clanku\/slovenia\/all\/postojna\/priroda-1\/jeskyne-postojna-a-expo-jama-kras\/\" target=\"_blank\" rel=\"noopener noreferrer\">Zobrazit na map\u011b<\/a><\/p>\n<p>N\u00e1v\u0161t\u011bva t\u00e9to jeskyn\u011b rozhodn\u011b stoj\u00ed za to a v\u011b\u0159te, \u017ee pro v\u00e1s bude nezapomenuteln\u00e1, nebo\u0165 se jedn\u00e1 o nejv\u011bt\u0161\u00ed a nejzn\u00e1m\u011bj\u0161\u00ed jeskyni v Evrop\u011b. P\u0159i jej\u00ed n\u00e1v\u0161t\u011bv\u011b na v\u00e1s \u010dek\u00e1 <strong>zp\u0159\u00edstupn\u011bn\u00e1 turistick\u00e1 trasa o d\u00e9lce 5,2 km<\/strong>. Celkov\u00e1 velikost t\u00e9to jeskyn\u011b \u010din\u00ed 24 km podzemn\u00edch pas\u00e1\u017e\u00ed, galeri\u00ed a n\u00e1dhern\u00fdch s\u00e1l\u016f.<\/p>\n<p><img loading=\"lazy\" decoding=\"async\" class=\"size-full wp-image-61597 aligncenter\" src=\"https:\/\/all4camper.com\/\/wp-content\/uploads\/2018\/04\/DSC03383-2.jpg\" alt=\"\" width=\"533\" height=\"400\" srcset=\"https:\/\/all4camper.com\/wp-content\/uploads\/2018\/04\/DSC03383-2.jpg 533w, https:\/\/all4camper.com\/wp-content\/uploads\/2018\/04\/DSC03383-2-150x113.jpg 150w, https:\/\/all4camper.com\/wp-content\/uploads\/2018\/04\/DSC03383-2-300x225.jpg 300w, https:\/\/all4camper.com\/wp-content\/uploads\/2018\/04\/DSC03383-2-200x150.jpg 200w, https:\/\/all4camper.com\/wp-content\/uploads\/2018\/04\/DSC03383-2-400x300.jpg 400w, https:\/\/all4camper.com\/wp-content\/uploads\/2018\/04\/DSC03383-2-326x245.jpg 326w, https:\/\/all4camper.com\/wp-content\/uploads\/2018\/04\/DSC03383-2-80x60.jpg 80w\" sizes=\"auto, (max-width: 533px) 100vw, 533px\" \/><\/p>\n<p>Konstantn\u00ed t<strong>eplota v jeskyni je 10\u00b0 C<\/strong> a proto si nezapome\u0148te vz\u00edt bundu, nebo teplou mikinu. <strong>Dobra prohl\u00eddky je cca 1,5 hodiny.\u00a0<\/strong><\/p>\n<p><img loading=\"lazy\" decoding=\"async\" class=\"size-full wp-image-61598 aligncenter\" src=\"https:\/\/all4camper.com\/\/wp-content\/uploads\/2018\/04\/DSC03403.jpg\" alt=\"\" width=\"533\" height=\"400\" srcset=\"https:\/\/all4camper.com\/wp-content\/uploads\/2018\/04\/DSC03403.jpg 533w, https:\/\/all4camper.com\/wp-content\/uploads\/2018\/04\/DSC03403-150x113.jpg 150w, https:\/\/all4camper.com\/wp-content\/uploads\/2018\/04\/DSC03403-300x225.jpg 300w, https:\/\/all4camper.com\/wp-content\/uploads\/2018\/04\/DSC03403-200x150.jpg 200w, https:\/\/all4camper.com\/wp-content\/uploads\/2018\/04\/DSC03403-400x300.jpg 400w, https:\/\/all4camper.com\/wp-content\/uploads\/2018\/04\/DSC03403-326x245.jpg 326w, https:\/\/all4camper.com\/wp-content\/uploads\/2018\/04\/DSC03403-80x60.jpg 80w\" sizes=\"auto, (max-width: 533px) 100vw, 533px\" \/><\/p>\n<p><strong>Jen p\u00e1r des\u00edtek metr\u016f od vchodu do jeskyn\u011b najdete stellplazt<\/strong> (<a href=\"https:\/\/www.postojnska-jama.eu\/en\/get-to-know-the-park\/accommodation-options\/motorhome-park\/?RemeberLocale=1\" target=\"_blank\" rel=\"noopener noreferrer\">postojnska-jama.eu<\/a>) ve kter\u00e9m m\u016f\u017eete pohodln\u011b\u00a0 zastavit s obytn\u00fdm vozem, nebo p\u0159\u00edv\u011bsem. Cena je 20\u00a0\u20ac\/24 hod.<\/p>\n<p><img loading=\"lazy\" decoding=\"async\" class=\"size-full wp-image-61599 aligncenter\" src=\"https:\/\/all4camper.com\/\/wp-content\/uploads\/2018\/04\/IMG_20180425_090051-1.jpg\" alt=\"\" width=\"533\" height=\"400\" srcset=\"https:\/\/all4camper.com\/wp-content\/uploads\/2018\/04\/IMG_20180425_090051-1.jpg 533w, https:\/\/all4camper.com\/wp-content\/uploads\/2018\/04\/IMG_20180425_090051-1-300x225.jpg 300w, https:\/\/all4camper.com\/wp-content\/uploads\/2018\/04\/IMG_20180425_090051-1-150x113.jpg 150w, https:\/\/all4camper.com\/wp-content\/uploads\/2018\/04\/IMG_20180425_090051-1-326x245.jpg 326w, https:\/\/all4camper.com\/wp-content\/uploads\/2018\/04\/IMG_20180425_090051-1-80x60.jpg 80w\" sizes=\"auto, (max-width: 533px) 100vw, 533px\" \/><\/p>\n<p>Pokud se rozhodnete u jeskyn\u00ed p\u0159espat, ur\u010dit\u011b jej doporu\u010duji, nebo\u0165<strong> pot\u00e9, co se &#8222;zav\u0159ou&#8220; br\u00e1ny jeskyn\u011b<\/strong> a turist\u00e9 opust\u00ed prostor parku, <strong>zavl\u00e1dne zde klid<\/strong> a vy si m\u016f\u017eete vychutnat i zdej\u0161\u00ed kr\u00e1sn\u00fd park.<\/p>\n<p><img loading=\"lazy\" decoding=\"async\" class=\"size-full wp-image-61600 aligncenter\" src=\"https:\/\/all4camper.com\/\/wp-content\/uploads\/2018\/04\/IMG_20180425_090422-1.jpg\" alt=\"\" width=\"533\" height=\"400\" srcset=\"https:\/\/all4camper.com\/wp-content\/uploads\/2018\/04\/IMG_20180425_090422-1.jpg 533w, https:\/\/all4camper.com\/wp-content\/uploads\/2018\/04\/IMG_20180425_090422-1-300x225.jpg 300w, https:\/\/all4camper.com\/wp-content\/uploads\/2018\/04\/IMG_20180425_090422-1-150x113.jpg 150w, https:\/\/all4camper.com\/wp-content\/uploads\/2018\/04\/IMG_20180425_090422-1-326x245.jpg 326w, https:\/\/all4camper.com\/wp-content\/uploads\/2018\/04\/IMG_20180425_090422-1-80x60.jpg 80w\" sizes=\"auto, (max-width: 533px) 100vw, 533px\" \/><\/p>\n<p>Jinak je samoz\u0159ejm\u011b mo\u017en\u00e9 st\u00e1t i na parkovi\u0161ti, ale nemysl\u00edm si, \u017ee byste u\u0161et\u0159ili. Parkovn\u00e9 nen\u00ed nejlevn\u011bj\u0161\u00ed a proto se p\u0159i st\u00e1n\u00ed p\u0159es noc vyplat\u00ed tento stellplatz.<\/p>\n<p><img loading=\"lazy\" decoding=\"async\" class=\"size-full wp-image-61601 aligncenter\" src=\"https:\/\/all4camper.com\/\/wp-content\/uploads\/2018\/04\/IMG_20180424_165803.jpg\" alt=\"\" width=\"533\" height=\"400\" srcset=\"https:\/\/all4camper.com\/wp-content\/uploads\/2018\/04\/IMG_20180424_165803.jpg 533w, https:\/\/all4camper.com\/wp-content\/uploads\/2018\/04\/IMG_20180424_165803-300x225.jpg 300w, https:\/\/all4camper.com\/wp-content\/uploads\/2018\/04\/IMG_20180424_165803-150x113.jpg 150w, https:\/\/all4camper.com\/wp-content\/uploads\/2018\/04\/IMG_20180424_165803-326x245.jpg 326w, https:\/\/all4camper.com\/wp-content\/uploads\/2018\/04\/IMG_20180424_165803-80x60.jpg 80w\" sizes=\"auto, (max-width: 533px) 100vw, 533px\" \/><\/p>\n<p><img loading=\"lazy\" decoding=\"async\" class=\"size-full wp-image-61602 aligncenter\" src=\"https:\/\/all4camper.com\/\/wp-content\/uploads\/2018\/04\/IMG_20180425_085827-1.jpg\" alt=\"\" width=\"533\" height=\"400\" srcset=\"https:\/\/all4camper.com\/wp-content\/uploads\/2018\/04\/IMG_20180425_085827-1.jpg 533w, https:\/\/all4camper.com\/wp-content\/uploads\/2018\/04\/IMG_20180425_085827-1-300x225.jpg 300w, https:\/\/all4camper.com\/wp-content\/uploads\/2018\/04\/IMG_20180425_085827-1-150x113.jpg 150w, https:\/\/all4camper.com\/wp-content\/uploads\/2018\/04\/IMG_20180425_085827-1-326x245.jpg 326w, https:\/\/all4camper.com\/wp-content\/uploads\/2018\/04\/IMG_20180425_085827-1-80x60.jpg 80w\" sizes=\"auto, (max-width: 533px) 100vw, 533px\" \/><\/p>\n<p><img loading=\"lazy\" decoding=\"async\" class=\"size-full wp-image-61605 aligncenter\" src=\"https:\/\/all4camper.com\/\/wp-content\/uploads\/2018\/04\/DSC03422-1.jpg\" alt=\"\" width=\"533\" height=\"400\" srcset=\"https:\/\/all4camper.com\/wp-content\/uploads\/2018\/04\/DSC03422-1.jpg 533w, https:\/\/all4camper.com\/wp-content\/uploads\/2018\/04\/DSC03422-1-150x113.jpg 150w, https:\/\/all4camper.com\/wp-content\/uploads\/2018\/04\/DSC03422-1-300x225.jpg 300w, https:\/\/all4camper.com\/wp-content\/uploads\/2018\/04\/DSC03422-1-200x150.jpg 200w, https:\/\/all4camper.com\/wp-content\/uploads\/2018\/04\/DSC03422-1-400x300.jpg 400w, https:\/\/all4camper.com\/wp-content\/uploads\/2018\/04\/DSC03422-1-326x245.jpg 326w, https:\/\/all4camper.com\/wp-content\/uploads\/2018\/04\/DSC03422-1-80x60.jpg 80w\" sizes=\"auto, (max-width: 533px) 100vw, 533px\" \/><\/p>\n<p><a href=\"https:\/\/all4camper.com\/\/cz\/mista_z_clanku\/slovenia\/all\/postojna\/stellplatz-1\/stellplatz-postojna-cave\/\" target=\"_blank\" rel=\"noopener noreferrer\">Zobrazit na map\u011b<\/a><\/p>\n<p><strong>Expo Jama<\/strong><\/p>\n<p><strong>V r\u00e1mci akce spojen\u00e9 s d\u00e1lni\u010dn\u00edmi zn\u00e1mkami m\u00e1te vstup do t\u00e9to \u010d\u00e1sti pro \u010dty\u0159i osoby zdarma.\u00a0<\/strong>Rozhodn\u011b jej nevynechejte a doporu\u010duji do n\u011bj zaj\u00edt je\u0161t\u011b p\u0159edt\u00edm, ne\u017e p\u016fjdete do samotn\u00e9 jeskyn\u011b. D\u00edky jeho n\u00e1v\u0161t\u011bv\u011b toti\u017e z\u00edsk\u00e1te\u00a0<strong>z\u00e1kladn\u00ed informace o jeskyni, kter\u00e9 se v\u00e1m budou p\u0159i prohl\u00eddce hodit<\/strong>.<\/p>\n<p><img loading=\"lazy\" decoding=\"async\" class=\"size-full wp-image-61603 aligncenter\" src=\"https:\/\/all4camper.com\/\/wp-content\/uploads\/2018\/04\/DSC03429.jpg\" alt=\"\" width=\"533\" height=\"400\" srcset=\"https:\/\/all4camper.com\/wp-content\/uploads\/2018\/04\/DSC03429.jpg 533w, https:\/\/all4camper.com\/wp-content\/uploads\/2018\/04\/DSC03429-150x113.jpg 150w, https:\/\/all4camper.com\/wp-content\/uploads\/2018\/04\/DSC03429-300x225.jpg 300w, https:\/\/all4camper.com\/wp-content\/uploads\/2018\/04\/DSC03429-200x150.jpg 200w, https:\/\/all4camper.com\/wp-content\/uploads\/2018\/04\/DSC03429-400x300.jpg 400w, https:\/\/all4camper.com\/wp-content\/uploads\/2018\/04\/DSC03429-326x245.jpg 326w, https:\/\/all4camper.com\/wp-content\/uploads\/2018\/04\/DSC03429-80x60.jpg 80w\" sizes=\"auto, (max-width: 533px) 100vw, 533px\" \/><\/p>\n<p><strong>Expo je interaktivn\u00ed a tak se v n\u011bm i pobav\u00edte<\/strong>. Krom\u011b mnoha informac\u00ed si <strong>m\u016f\u017eete nap\u0159\u00edklad vyzkou\u0161et &#8222;jak roste kr\u00e1pn\u00edk&#8220;,<\/strong>\u00a0zaslat<strong>\u00a0sv\u00fdm p\u0159\u00e1tel\u016fm interaktivn\u00ed pohlednici\u00a0na email<\/strong>, nebo zm\u011b\u0159it svou v\u00fd\u0161ku, kde se mj. dozv\u00edte, <strong>kolik by v\u00e1m bylo let, kdybyste byli kr\u00e1pn\u00edkem<\/strong>.<\/p>\n<p><img loading=\"lazy\" decoding=\"async\" class=\"size-full wp-image-61604 aligncenter\" src=\"https:\/\/all4camper.com\/\/wp-content\/uploads\/2018\/04\/DSC03431.jpg\" alt=\"\" width=\"533\" height=\"400\" srcset=\"https:\/\/all4camper.com\/wp-content\/uploads\/2018\/04\/DSC03431.jpg 533w, https:\/\/all4camper.com\/wp-content\/uploads\/2018\/04\/DSC03431-150x113.jpg 150w, https:\/\/all4camper.com\/wp-content\/uploads\/2018\/04\/DSC03431-300x225.jpg 300w, https:\/\/all4camper.com\/wp-content\/uploads\/2018\/04\/DSC03431-200x150.jpg 200w, https:\/\/all4camper.com\/wp-content\/uploads\/2018\/04\/DSC03431-400x300.jpg 400w, https:\/\/all4camper.com\/wp-content\/uploads\/2018\/04\/DSC03431-326x245.jpg 326w, https:\/\/all4camper.com\/wp-content\/uploads\/2018\/04\/DSC03431-80x60.jpg 80w\" sizes=\"auto, (max-width: 533px) 100vw, 533px\" \/><\/p>\n<p>Ur\u010dit\u011b v\u00e1s zaujme i komora s teplotou 10 \u00b0C, co\u017e je teplota v jeskyni. D\u00edky tomu v\u00edte, zda m\u00e1te sebou dostate\u010dn\u011b tepl\u00e9 oble\u010den\u00ed pro jej\u00ed n\u00e1v\u0161t\u011bvu. Interaktivn\u00edch prvk\u016f je tam samoz\u0159ejm\u011b v\u00edce a j\u00e1 osobn\u011b jsem v Expu str\u00e1vila skoro hodinu.<\/p>\n<p>Expo najdete napravo od hotelu Jama.<\/p>\n<p><img loading=\"lazy\" decoding=\"async\" class=\"size-full wp-image-53960 aligncenter\" src=\"https:\/\/all4camper.com\/\/wp-content\/uploads\/2018\/04\/DSC03434-1.jpg\" alt=\"\" width=\"533\" height=\"400\" srcset=\"https:\/\/all4camper.com\/wp-content\/uploads\/2018\/04\/DSC03434-1.jpg 533w, https:\/\/all4camper.com\/wp-content\/uploads\/2018\/04\/DSC03434-1-150x113.jpg 150w, https:\/\/all4camper.com\/wp-content\/uploads\/2018\/04\/DSC03434-1-300x225.jpg 300w, https:\/\/all4camper.com\/wp-content\/uploads\/2018\/04\/DSC03434-1-200x150.jpg 200w, https:\/\/all4camper.com\/wp-content\/uploads\/2018\/04\/DSC03434-1-400x300.jpg 400w, https:\/\/all4camper.com\/wp-content\/uploads\/2018\/04\/DSC03434-1-326x245.jpg 326w, https:\/\/all4camper.com\/wp-content\/uploads\/2018\/04\/DSC03434-1-80x60.jpg 80w\" sizes=\"auto, (max-width: 533px) 100vw, 533px\" \/><\/p>\n<p><strong>Jeskyn\u011b Postojna<\/strong><\/p>\n<p>Vstup do jeskyn\u011b najdete nalevo od hotelu Jama. <strong>Samoz\u0159ejm\u011b je lep\u0161\u00ed jeskyni nav\u0161t\u00edvit mimo nejvy\u0161\u0161\u00ed sezonu, kdy po\u010det turist\u016f je opravdu velik\u00fd a m\u016f\u017ee se v\u00e1m tak st\u00e1t, \u017ee budete \u010dekat o trochu d\u00e9le<\/strong>. Nezapome\u0148te si p\u0159i n\u00e1kupu vstupenek <strong>zap\u016fj\u010dit audio pr\u016fvodce, kter\u00e9ho maj\u00ed i v \u010desk\u00e9m jazyce<\/strong>. V pr\u016fb\u011bhu prohl\u00eddky tak budete u vyzna\u010den\u00fdch bod\u016f v\u011bd\u011bt, co zaj\u00edmav\u00e9ho se na nich nach\u00e1z\u00ed.<\/p>\n<p><img loading=\"lazy\" decoding=\"async\" class=\"size-full wp-image-61606 aligncenter\" src=\"https:\/\/all4camper.com\/\/wp-content\/uploads\/2018\/04\/DSC03411-1.jpg\" alt=\"\" width=\"533\" height=\"400\" srcset=\"https:\/\/all4camper.com\/wp-content\/uploads\/2018\/04\/DSC03411-1.jpg 533w, https:\/\/all4camper.com\/wp-content\/uploads\/2018\/04\/DSC03411-1-150x113.jpg 150w, https:\/\/all4camper.com\/wp-content\/uploads\/2018\/04\/DSC03411-1-300x225.jpg 300w, https:\/\/all4camper.com\/wp-content\/uploads\/2018\/04\/DSC03411-1-200x150.jpg 200w, https:\/\/all4camper.com\/wp-content\/uploads\/2018\/04\/DSC03411-1-400x300.jpg 400w, https:\/\/all4camper.com\/wp-content\/uploads\/2018\/04\/DSC03411-1-326x245.jpg 326w, https:\/\/all4camper.com\/wp-content\/uploads\/2018\/04\/DSC03411-1-80x60.jpg 80w\" sizes=\"auto, (max-width: 533px) 100vw, 533px\" \/><\/p>\n<p><strong>Jak to v jeskyni chod\u00ed a m\u00e9 doporu\u010den\u00ed<\/strong><\/p>\n<p>Po vstupu dojdete k jeskynn\u00edmu &#8222;vl\u00e1\u010dku&#8220;, kter\u00fd v\u00e1s po cca 5 minut\u00e1ch doveze na prohl\u00eddku, kterou ji\u017e budete absolvovat p\u011b\u0161ky. J\u00edzda vl\u00e1\u010dkem je z\u00e1\u017eitek, proj\u00ed\u017ed\u00edte kr\u00e1snou krasovou krajinou s mnoha n\u00e1dhern\u00fdmi kr\u00e1pn\u00edky. Vl\u00e1\u010dek jede celkem rychle a d\u011btem se to bude jist\u011b l\u00edbit.<\/p>\n<p><img loading=\"lazy\" decoding=\"async\" class=\"size-full wp-image-48891 aligncenter\" src=\"https:\/\/all4camper.com\/\/wp-content\/uploads\/2018\/04\/DSC03362.jpg\" alt=\"\" width=\"300\" height=\"400\" srcset=\"https:\/\/all4camper.com\/wp-content\/uploads\/2018\/04\/DSC03362.jpg 300w, https:\/\/all4camper.com\/wp-content\/uploads\/2018\/04\/DSC03362-113x150.jpg 113w, https:\/\/all4camper.com\/wp-content\/uploads\/2018\/04\/DSC03362-225x300.jpg 225w, https:\/\/all4camper.com\/wp-content\/uploads\/2018\/04\/DSC03362-200x267.jpg 200w\" sizes=\"auto, (max-width: 300px) 100vw, 300px\" \/><\/p>\n<p>Po jeho zastaven\u00ed se doslova vyval\u00ed dav turist\u016f a za\u010d\u00edn\u00e1 samotn\u00e1 prohl\u00eddka. Osobn\u011b doporu\u010duji chvilku po\u010dkat, omrknout z plo\u0161iny v\u0161e mo\u017en\u00e9 a a\u017e pot\u00e9 se vydat na samotnou prohl\u00eddku. D\u00edky tomu se toti\u017e turist\u00e9 &#8222;roz\u0159ed\u00ed&#8220; a vy budete m\u00edt v\u00edce klidu na koch\u00e1n\u00ed se okoln\u00edm prost\u0159ed\u00edm pln\u00fdm kr\u00e1pn\u00edk\u016f. <strong>Cel\u00e1 trasa m\u00e1 d\u00e9lku 1 km, je okru\u017en\u00ed a na jej\u00edm konci v\u00e1s \u010dek\u00e1 n\u00e1stupn\u00ed stanice odjezdov\u00e9ho vl\u00e1\u010dku.<\/strong><\/p>\n<p><img loading=\"lazy\" decoding=\"async\" class=\"size-full wp-image-48877 aligncenter\" src=\"https:\/\/all4camper.com\/\/wp-content\/uploads\/2018\/04\/DSC03391.jpg\" alt=\"\" width=\"533\" height=\"400\" srcset=\"https:\/\/all4camper.com\/wp-content\/uploads\/2018\/04\/DSC03391.jpg 533w, https:\/\/all4camper.com\/wp-content\/uploads\/2018\/04\/DSC03391-150x113.jpg 150w, https:\/\/all4camper.com\/wp-content\/uploads\/2018\/04\/DSC03391-300x225.jpg 300w, https:\/\/all4camper.com\/wp-content\/uploads\/2018\/04\/DSC03391-200x150.jpg 200w, https:\/\/all4camper.com\/wp-content\/uploads\/2018\/04\/DSC03391-400x300.jpg 400w, https:\/\/all4camper.com\/wp-content\/uploads\/2018\/04\/DSC03391-326x245.jpg 326w, https:\/\/all4camper.com\/wp-content\/uploads\/2018\/04\/DSC03391-80x60.jpg 80w\" sizes=\"auto, (max-width: 533px) 100vw, 533px\" \/><\/p>\n<p><strong>P\u0159i samotn\u00e9 prohl\u00eddce vyu\u017eijete zmi\u0148ovan\u00e9ho audio pr\u016fvodce<\/strong>, kter\u00fd v\u00e1m v\u017edy \u0159ekne, co zaj\u00edmav\u00e9ho je ve va\u0161em okol\u00ed. Jeskyn\u011b je \u00fachvatn\u00e1 a v\u011b\u0159te, \u017ee nebudete v\u011bd\u011bt na co se d\u0159\u00edv koukat. Pokud budete cht\u00edt fotit, pak nezapome\u0148te, \u017ee to lze, ale BEZ blesku. J<strong>eskyn\u011b je dob\u0159e nasv\u00edcen\u00e1, tak\u017ee n\u011bjak\u00e9 fotografie by se v\u00e1m m\u011bly pov\u00e9st.<\/strong><\/p>\n<p><img loading=\"lazy\" decoding=\"async\" class=\"size-full wp-image-61607 aligncenter\" src=\"https:\/\/all4camper.com\/\/wp-content\/uploads\/2018\/04\/DSC03390-1.jpg\" alt=\"\" width=\"533\" height=\"400\" srcset=\"https:\/\/all4camper.com\/wp-content\/uploads\/2018\/04\/DSC03390-1.jpg 533w, https:\/\/all4camper.com\/wp-content\/uploads\/2018\/04\/DSC03390-1-150x113.jpg 150w, https:\/\/all4camper.com\/wp-content\/uploads\/2018\/04\/DSC03390-1-300x225.jpg 300w, https:\/\/all4camper.com\/wp-content\/uploads\/2018\/04\/DSC03390-1-200x150.jpg 200w, https:\/\/all4camper.com\/wp-content\/uploads\/2018\/04\/DSC03390-1-400x300.jpg 400w, https:\/\/all4camper.com\/wp-content\/uploads\/2018\/04\/DSC03390-1-326x245.jpg 326w, https:\/\/all4camper.com\/wp-content\/uploads\/2018\/04\/DSC03390-1-80x60.jpg 80w\" sizes=\"auto, (max-width: 533px) 100vw, 533px\" \/><\/p>\n<p>Ke konci prohl\u00eddky uvid\u00edte <strong>velk\u00e9 akv\u00e1rium<\/strong>. Nezapome\u0148te se u n\u011bj zastavit, nebo\u0165 v n\u011bm najdete d\u016fle\u017eit\u00fd symbol jeskyn\u011b &#8211; <strong>Macar\u00e1ta jeskynn\u00edho<\/strong> (\u00a0Proteus anguinus, \u010dlov\u011bk ryba). <strong>Tento \u017eivo\u010dich \u017eije v t\u00e9to jeskyni a Slovinci jsou na n\u011bj py\u0161n\u00ed<\/strong>. Je mal\u00fd, cca 10 cm a dob\u0159e se maskuje. Proto se pozorn\u011b d\u00edvejte a hledejte ho ve vod\u011b, nikoliv na kamenech.<\/p>\n<p><img loading=\"lazy\" decoding=\"async\" class=\"size-full wp-image-61609 aligncenter\" src=\"https:\/\/all4camper.com\/\/wp-content\/uploads\/2018\/04\/Proteus-Ciril-Mlinar-Cic-02.jpg\" alt=\"\" width=\"711\" height=\"400\" srcset=\"https:\/\/all4camper.com\/wp-content\/uploads\/2018\/04\/Proteus-Ciril-Mlinar-Cic-02.jpg 711w, https:\/\/all4camper.com\/wp-content\/uploads\/2018\/04\/Proteus-Ciril-Mlinar-Cic-02-300x169.jpg 300w, https:\/\/all4camper.com\/wp-content\/uploads\/2018\/04\/Proteus-Ciril-Mlinar-Cic-02-150x84.jpg 150w, https:\/\/all4camper.com\/wp-content\/uploads\/2018\/04\/Proteus-Ciril-Mlinar-Cic-02-678x381.jpg 678w\" sizes=\"auto, (max-width: 711px) 100vw, 711px\" \/><\/p>\n<p>Tento \u017eivo\u010dich dok\u00e1\u017ee \u017e\u00edt a\u017e 12 let bez potravy, \u017eije v naprost\u00e9 tm\u011b, nevyvinuly se mu o\u010di a je tedy slep\u00fd. M\u00e1 \u010dty\u0159i nohy a \u017eiv\u00ed se mikroorganismy a r\u016fznono\u017eci. Dor\u016fst\u00e1 a\u017e 35 centimetr\u016f a \u017eije sto let.<\/p>\n<p><img loading=\"lazy\" decoding=\"async\" class=\"size-full wp-image-61608 aligncenter\" src=\"https:\/\/all4camper.com\/\/wp-content\/uploads\/2018\/04\/Vivarij1_MIha-Krivic.jpg\" alt=\"\" width=\"600\" height=\"400\" srcset=\"https:\/\/all4camper.com\/wp-content\/uploads\/2018\/04\/Vivarij1_MIha-Krivic.jpg 600w, https:\/\/all4camper.com\/wp-content\/uploads\/2018\/04\/Vivarij1_MIha-Krivic-300x200.jpg 300w, https:\/\/all4camper.com\/wp-content\/uploads\/2018\/04\/Vivarij1_MIha-Krivic-150x100.jpg 150w\" sizes=\"auto, (max-width: 600px) 100vw, 600px\" \/><\/p>\n<p>Kousek od n\u00e1stupn\u00ed stanice odjezdov\u00e9ho vl\u00e1\u010dku <strong>m\u016f\u017eete vid\u011bt sv\u011btovou raritu &#8211; jedinou podzemn\u00ed po\u0161tu na sv\u011bt\u011b funguj\u00edc\u00ed od roku 1899<\/strong>\u00a0ze kter\u00e9 m\u00e1te mo\u017enost odeslat pohled a z\u00edskat tak na n\u011bj jedine\u010dnou zn\u00e1mku.<\/p>\n<p><strong>P\u00e1r fakt\u016f o jeskyni<\/strong><\/p>\n<ul>\n<li>jeskyn\u011b letos slav\u00ed 200 let od zaveden\u00ed modern\u00ed turistiky<\/li>\n<li>jeskyni nav\u0161t\u00edvilo v\u00edce ne\u017e 37 mili\u00f3n\u016f n\u00e1v\u0161t\u011bvn\u00edk\u016f<\/li>\n<li>jeskynn\u00ed \u017eeleznice je p\u0159\u00edstupn\u00e1 n\u00e1v\u0161t\u011bvn\u00edk\u016f ji\u017e od roku 1872<\/li>\n<li>elektrick\u00e9 osv\u011btlen\u00ed do t\u00e9to jeskyn\u011b bylo zavedeno v roce 1883, co\u017e bylo d\u0159\u00edve, ne\u017e v mnoha hlavn\u00edch evropsk\u00fdch m\u011bstech<\/li>\n<li>v jeskyni \u017eije 150 druh\u016f podzemn\u00edch zv\u00ed\u0159at<\/li>\n<\/ul>\n<h3>Skaln\u00ed hrad Predjama castle<\/h3>\n<p>Str\u00e1nky:\u00a0<a href=\"https:\/\/www.postojnska-jama.eu\/en\/\" target=\"_blank\" rel=\"noopener noreferrer\">postojnska-jama.eu<\/a><\/p>\n<p><a href=\"https:\/\/all4camper.com\/\/cz\/mista_z_clanku\/slovenia\/all\/postojna\/pamatka-kulturni-zajimavost\/skalni-hrad-predjama-castle\/\" target=\"_blank\" rel=\"noopener noreferrer\">Zobrazit na map\u011b<\/a><\/p>\n<p>Kdy\u017e u\u017e nav\u0161t\u00edv\u00edte jeskyni Postojna, pak byste <strong>nem\u011bli vynechat ani prohl\u00eddku tohoto kr\u00e1sn\u00e9ho skaln\u00edho hradu<\/strong>, kter\u00fd se nach\u00e1z\u00ed jen p\u00e1r kilometr\u016f od jeskyn\u011b. N\u00e1kup vstupenky na hrad je zv\u00fdhodn\u011bn s n\u00e1kupem vstupenky do jeskyn\u011b a vyplat\u00ed se tak samoz\u0159ejm\u011b zakoupit cel\u00fd bal\u00ed\u010dek.<\/p>\n<p><img loading=\"lazy\" decoding=\"async\" class=\"size-full wp-image-48849 aligncenter\" src=\"https:\/\/all4camper.com\/\/wp-content\/uploads\/2018\/04\/IMG_20180424_173132.jpg\" alt=\"\" width=\"300\" height=\"400\" srcset=\"https:\/\/all4camper.com\/wp-content\/uploads\/2018\/04\/IMG_20180424_173132.jpg 300w, https:\/\/all4camper.com\/wp-content\/uploads\/2018\/04\/IMG_20180424_173132-225x300.jpg 225w, https:\/\/all4camper.com\/wp-content\/uploads\/2018\/04\/IMG_20180424_173132-113x150.jpg 113w\" sizes=\"auto, (max-width: 300px) 100vw, 300px\" \/><\/p>\n<p>P\u0159i jeho n\u00e1v\u0161t\u011bv\u011b se m\u016f\u017eete rozhodnout, zda nav\u0161t\u00edv\u00edte pouze samotn\u00fd skaln\u00ed hran, nebo vyu\u017eijete i dal\u0161\u00ed zv\u00fdhodn\u011bn\u00e9 vstupn\u00e9 do podzemn\u00edch jeskynn\u00edch prostor\u016f hradu.\u00a0<strong>Tento skaln\u00ed hrad je raritou<\/strong>, nebo\u0165 je z jedn\u00e9 poloviny tvo\u0159en jeskynn\u00ed a z druh\u00e9 poloviny se jedn\u00e1 o klasick\u00fd, lidsk\u00fdmi silami postaven\u00fd, hrad.<\/p>\n<p>Hrad je sice temn\u00fd a vlhk\u00fd, av\u0161ak neuv\u011b\u0159iteln\u011b bezpe\u010dn\u00fd, jeliko\u017e je v n\u011bm i mnoho tajn\u00fdch chodeb, kter\u00e9 chr\u00e1nily jeho obyvatele p\u0159ed nep\u0159\u00e1telsk\u00fdm napaden\u00edm.<\/p>\n<p><img loading=\"lazy\" decoding=\"async\" class=\"size-full wp-image-48864 aligncenter\" src=\"https:\/\/all4camper.com\/\/wp-content\/uploads\/2018\/04\/IMG_20180424_181051.jpg\" alt=\"\" width=\"533\" height=\"400\" srcset=\"https:\/\/all4camper.com\/wp-content\/uploads\/2018\/04\/IMG_20180424_181051.jpg 533w, https:\/\/all4camper.com\/wp-content\/uploads\/2018\/04\/IMG_20180424_181051-300x225.jpg 300w, https:\/\/all4camper.com\/wp-content\/uploads\/2018\/04\/IMG_20180424_181051-150x113.jpg 150w, https:\/\/all4camper.com\/wp-content\/uploads\/2018\/04\/IMG_20180424_181051-326x245.jpg 326w, https:\/\/all4camper.com\/wp-content\/uploads\/2018\/04\/IMG_20180424_181051-80x60.jpg 80w\" sizes=\"auto, (max-width: 533px) 100vw, 533px\" \/><\/p>\n<p>S hradem a jeho bezpe\u010dnost\u00ed je dokonce <strong>spojen i p\u0159\u00edb\u011bh jeho nejzn\u00e1m\u011bj\u0161\u00edho obyvatele &#8211; Erasmus Jamsk\u00e1<\/strong>.<\/p>\n<p>Erasmus\u00a0zabil p\u0159\u00edbuzn\u00e9ho c\u00edsa\u0159e Fridricha III. a byl tedy nucen se p\u0159ed n\u00edm skr\u00fdvat. A kde jinde, ne\u017e na tomto hrad\u011b.\u00a0<strong>A proto\u017ee hrad byl nedobytn\u00fd, rozhodl se Fridrich nechat Erasma vyhladov\u011bt a usadil se i se svou pos\u00e1dkou p\u0159ed hradem.<\/strong> Jen\u017ee Erasmus na n\u011bj a jeho vojsko po celou dobu h\u00e1zel pecky z t\u0159e\u0161n\u00ed, jablka \u010di jin\u00e9 potraviny. Fridrich byl z toho velice p\u0159ekvapen\u00fd, nebo\u0165 nev\u011bd\u011bl o tajn\u00fdch chodb\u00e1ch hradu, kter\u00e9 Erasma v\u017edy bezpe\u010dn\u011b dovedly k z\u00e1sob\u00e1m potravin.\u00a0<strong>Nakonec se v\u0161ak Fridrichovi povedlo Erasma zab\u00edt a to velice neuv\u011b\u0159iteln\u00fdm zp\u016fsobem &#8211; na jeho toalet\u011b, nebo\u0165 ta jedin\u00e1 nebyla bezpe\u010dn\u011b chr\u00e1n\u011bna.<\/strong><\/p>\n<p><img loading=\"lazy\" decoding=\"async\" class=\"size-full wp-image-61610 aligncenter\" src=\"https:\/\/all4camper.com\/\/wp-content\/uploads\/2018\/04\/Predjama-Castle-INT_033-Iztok-Medja-for-Postojnska-jama-1.jpg\" alt=\"\" width=\"599\" height=\"400\" srcset=\"https:\/\/all4camper.com\/wp-content\/uploads\/2018\/04\/Predjama-Castle-INT_033-Iztok-Medja-for-Postojnska-jama-1.jpg 599w, https:\/\/all4camper.com\/wp-content\/uploads\/2018\/04\/Predjama-Castle-INT_033-Iztok-Medja-for-Postojnska-jama-1-150x100.jpg 150w, https:\/\/all4camper.com\/wp-content\/uploads\/2018\/04\/Predjama-Castle-INT_033-Iztok-Medja-for-Postojnska-jama-1-300x200.jpg 300w, https:\/\/all4camper.com\/wp-content\/uploads\/2018\/04\/Predjama-Castle-INT_033-Iztok-Medja-for-Postojnska-jama-1-200x134.jpg 200w, https:\/\/all4camper.com\/wp-content\/uploads\/2018\/04\/Predjama-Castle-INT_033-Iztok-Medja-for-Postojnska-jama-1-400x267.jpg 400w\" sizes=\"auto, (max-width: 599px) 100vw, 599px\" \/><\/p>\n<p>I k tomuto zabit\u00ed se v\u00e1\u017ee p\u0159\u00edb\u011bh, kter\u00fd \u0159\u00edk\u00e1, \u017ee k zabit\u00ed do\u0161lo v moment\u011b, kdy arogantn\u00ed Erasmus op\u011bt h\u00e1zel na sv\u00e9 nep\u0159\u00e1tele biologick\u00e9 &#8222;bomby&#8220;. A jeliko\u017e byly d\u0159\u00edve z\u00e1chody konstruov\u00e1ny jako p\u0159epadov\u00e9 d\u00edry, vysunut\u00e9 mimo bradla, tak Fridrich vyu\u017eil tohoto momentu, zam\u00ed\u0159il sv\u00e9 zbran\u011b na toto m\u00edsto a Erasma zabil. P\u0159i prohl\u00eddce tohoto hradu je dodnes nazna\u010den prostor t\u00e9to toalety a nese na sob\u011b \u010d\u00edslo 13.<\/p>\n<p><img loading=\"lazy\" decoding=\"async\" class=\"size-full wp-image-61611 aligncenter\" src=\"https:\/\/all4camper.com\/\/wp-content\/uploads\/2018\/04\/IMG_20180424_175132-1.jpg\" alt=\"\" width=\"533\" height=\"400\" srcset=\"https:\/\/all4camper.com\/wp-content\/uploads\/2018\/04\/IMG_20180424_175132-1.jpg 533w, https:\/\/all4camper.com\/wp-content\/uploads\/2018\/04\/IMG_20180424_175132-1-300x225.jpg 300w, https:\/\/all4camper.com\/wp-content\/uploads\/2018\/04\/IMG_20180424_175132-1-150x113.jpg 150w, https:\/\/all4camper.com\/wp-content\/uploads\/2018\/04\/IMG_20180424_175132-1-326x245.jpg 326w, https:\/\/all4camper.com\/wp-content\/uploads\/2018\/04\/IMG_20180424_175132-1-80x60.jpg 80w\" sizes=\"auto, (max-width: 533px) 100vw, 533px\" \/><\/p>\n<p><strong>V pr\u016fb\u011bhu prohl\u00eddky hradu m\u016f\u017eete op\u011bt vyu\u017e\u00edt audio pr\u016fvodce, kter\u00fd je dostupn\u00fd na obchod play jako aplikace a je t\u0159eba si jej tedy st\u00e1hnout dop\u0159edu.<\/strong> V obchod\u011b jej najdete pod n\u00e1zvem &#8222;Predjamsk\u00fd hrad- audiopr\u016fvodce&#8220;.<\/p>\n<p><img loading=\"lazy\" decoding=\"async\" class=\"size-full wp-image-61612 aligncenter\" src=\"https:\/\/all4camper.com\/\/wp-content\/uploads\/2018\/04\/Predjama-Castle-EXT-100-Bostjan-Burger-for-Postojnska-jama-1.jpg\" alt=\"\" width=\"601\" height=\"400\" srcset=\"https:\/\/all4camper.com\/wp-content\/uploads\/2018\/04\/Predjama-Castle-EXT-100-Bostjan-Burger-for-Postojnska-jama-1.jpg 601w, https:\/\/all4camper.com\/wp-content\/uploads\/2018\/04\/Predjama-Castle-EXT-100-Bostjan-Burger-for-Postojnska-jama-1-150x100.jpg 150w, https:\/\/all4camper.com\/wp-content\/uploads\/2018\/04\/Predjama-Castle-EXT-100-Bostjan-Burger-for-Postojnska-jama-1-300x200.jpg 300w, https:\/\/all4camper.com\/wp-content\/uploads\/2018\/04\/Predjama-Castle-EXT-100-Bostjan-Burger-for-Postojnska-jama-1-200x133.jpg 200w, https:\/\/all4camper.com\/wp-content\/uploads\/2018\/04\/Predjama-Castle-EXT-100-Bostjan-Burger-for-Postojnska-jama-1-400x266.jpg 400w, https:\/\/all4camper.com\/wp-content\/uploads\/2018\/04\/Predjama-Castle-EXT-100-Bostjan-Burger-for-Postojnska-jama-1-600x399.jpg 600w\" sizes=\"auto, (max-width: 601px) 100vw, 601px\" \/><\/p>\n<h3>\u00a0<\/h3>\n<h3><strong>Kemp Pivka Jama<\/strong><\/h3>\n<p><img loading=\"lazy\" decoding=\"async\" class=\"size-full wp-image-48068 aligncenter\" src=\"https:\/\/all4camper.com\/\/wp-content\/uploads\/2018\/04\/IMG_20180424_184931.jpg\" alt=\"\" width=\"533\" height=\"400\" srcset=\"https:\/\/all4camper.com\/wp-content\/uploads\/2018\/04\/IMG_20180424_184931.jpg 533w, https:\/\/all4camper.com\/wp-content\/uploads\/2018\/04\/IMG_20180424_184931-300x225.jpg 300w, https:\/\/all4camper.com\/wp-content\/uploads\/2018\/04\/IMG_20180424_184931-150x113.jpg 150w, https:\/\/all4camper.com\/wp-content\/uploads\/2018\/04\/IMG_20180424_184931-326x245.jpg 326w, https:\/\/all4camper.com\/wp-content\/uploads\/2018\/04\/IMG_20180424_184931-80x60.jpg 80w\" sizes=\"auto, (max-width: 533px) 100vw, 533px\" \/><\/p>\n<p>Pokud se rozhodnete, \u017ee m\u00edsto st\u00e1n\u00ed na stellplatzu u jeskyn\u00ed budete cht\u00edt pob\u00fdvat v kempu, ze kter\u00e9ho m\u016f\u017eete podnikat v\u00fdlety ne jen k jeskyni a hradu, ale i na kolech a pozn\u00e1vat zdej\u0161\u00ed krajinu, m\u016f\u017eete vyu\u017e\u00edt tento kemp.\u00a0Osobn\u011b jsem jej nav\u0161t\u00edvila a je opravdu moc hezk\u00fd. Nach\u00e1z\u00ed se v p\u0159\u00edrod\u011b, je z v\u011bt\u0161\u00ed \u010d\u00e1sti obklopen stromy a p\u0159\u00edmo v kempu je vstup do dal\u0161\u00edch jeskyn\u00ed t\u00e9to oblasti &#8211;\u00a0<strong>jeskyn\u00ed Pivka a \u010crna<\/strong>. Tyto jeskyn\u011b jsem nenav\u0161t\u00edvila, tak bohu\u017eel nemohu p\u0159edat bli\u017e\u0161\u00ed informace.<\/p>\n<p>V kempu najdete kvalitn\u00ed z\u00e1zem\u00ed, p\u016fj\u010dovnu kol, men\u0161\u00ed venkovn\u00ed baz\u00e9n, cyklostezku a mnoho dal\u0161\u00edho.<\/p>\n<p>str\u00e1nky:\u00a0<a href=\"http:\/\/camping-postojna.com\/\" target=\"_blank\" rel=\"noopener noreferrer\">camping-postojna.com<\/a><\/p>\n<p><a href=\"https:\/\/all4camper.com\/\/cz\/mista_z_clanku\/slovenia\/all\/postojna\/kemp-1\/kemp-pivka-jama\/\" target=\"_blank\" rel=\"noopener noreferrer\">Zobrazit na map\u011b<\/a><\/p>\n<p><img loading=\"lazy\" decoding=\"async\" class=\"size-full wp-image-48078 aligncenter\" src=\"https:\/\/all4camper.com\/\/wp-content\/uploads\/2018\/04\/IMG_20180424_185127.jpg\" alt=\"\" width=\"533\" height=\"400\" srcset=\"https:\/\/all4camper.com\/wp-content\/uploads\/2018\/04\/IMG_20180424_185127.jpg 533w, https:\/\/all4camper.com\/wp-content\/uploads\/2018\/04\/IMG_20180424_185127-300x225.jpg 300w, https:\/\/all4camper.com\/wp-content\/uploads\/2018\/04\/IMG_20180424_185127-150x113.jpg 150w, https:\/\/all4camper.com\/wp-content\/uploads\/2018\/04\/IMG_20180424_185127-326x245.jpg 326w, https:\/\/all4camper.com\/wp-content\/uploads\/2018\/04\/IMG_20180424_185127-80x60.jpg 80w\" sizes=\"auto, (max-width: 533px) 100vw, 533px\" \/><\/p>\n<h3>H\u0159eb\u010d\u00edn Lipica<\/h3>\n<p><a href=\"https:\/\/all4camper.com\/\/cz\/mista_z_clanku\/slovenia\/praha\/sezana\/pamatka-kulturni-zajimavost\/hrebcin-lipica\/\" target=\"_blank\" rel=\"noopener noreferrer\">Zobrazit na map\u011b<\/a><\/p>\n<p>Str\u00e1nky:\u00a0<a href=\"http:\/\/www.lipica.org\/si\/\" target=\"_blank\" rel=\"noopener noreferrer\">lipica.org\/si\/<\/a><\/p>\n<p>Asi 30 minut j\u00edzdy autem od jeskyn\u011b Postojna a hradu Predjama castle najdete tento unik\u00e1tn\u00ed h\u0159eb\u010d\u00edn, jeho\u017e <strong>historie se datuje od roku 1580<\/strong>, kdy byl tento h\u0159eb\u010d\u00edn zalo\u017een\u00a0arciv\u00e9vodou Karlem \u0160t\u00fdrsk\u00fdm, t\u0159et\u00edm synem c\u00edsa\u0159e Ferdinanda I. Habsbursk\u00e9ho.<\/p>\n<p><img loading=\"lazy\" decoding=\"async\" class=\"size-full wp-image-61613 aligncenter\" src=\"https:\/\/all4camper.com\/\/wp-content\/uploads\/2018\/04\/IMG_20180425_110555-1.jpg\" alt=\"\" width=\"533\" height=\"400\" srcset=\"https:\/\/all4camper.com\/wp-content\/uploads\/2018\/04\/IMG_20180425_110555-1.jpg 533w, https:\/\/all4camper.com\/wp-content\/uploads\/2018\/04\/IMG_20180425_110555-1-300x225.jpg 300w, https:\/\/all4camper.com\/wp-content\/uploads\/2018\/04\/IMG_20180425_110555-1-150x113.jpg 150w, https:\/\/all4camper.com\/wp-content\/uploads\/2018\/04\/IMG_20180425_110555-1-326x245.jpg 326w, https:\/\/all4camper.com\/wp-content\/uploads\/2018\/04\/IMG_20180425_110555-1-80x60.jpg 80w\" sizes=\"auto, (max-width: 533px) 100vw, 533px\" \/><\/p>\n<p><strong>H\u0159eb\u010d\u00edn je otev\u0159en celoro\u010dn\u011b a stal se domovem zn\u00e1m\u00e9ho ko\u0148sk\u00e9ho plemene &#8211; Lipic\u00e1n\u016f<\/strong>. Zaj\u00edmavost\u00ed tohoto plemene je jeho barva, kdy tito kon\u011b se rod\u00ed v \u010dern\u00e9 \u010di tmav\u011b hn\u011bd\u00e9 barv\u011b a postupem let se jejich zbarven\u00ed m\u011bn\u00ed do b\u011bla. O Lipic\u00e1nech je tak\u00e9 zn\u00e1mo, \u017ee\u00a0um\u011bj\u00ed chodit kolmo, \u0161ikmo k ose sv\u00e9ho t\u011bla i\u00a0do strany a zvl\u00e1daj\u00ed vysok\u00e9 v\u00fdskoky na m\u00edst\u011b i s jezdcem.<\/p>\n<p><strong>Samotn\u00fd h\u0159eb\u010d\u00edn je rozd\u011blen na dv\u011b \u010d\u00e1sti.<\/strong> Tou prvn\u00ed je <strong>n\u00e1dhern\u00fd park, kam p\u0159i p\u0159edlo\u017een\u00ed \u00fa\u010dtu za n\u00e1kup Slovinsk\u00e9 d\u00e1lni\u010dn\u00ed zn\u00e1mky m\u00e1te rodinn\u00e9 vstupn\u00e9 zdarma.<\/strong><\/p>\n<p><img loading=\"lazy\" decoding=\"async\" class=\"size-full wp-image-61614 aligncenter\" src=\"https:\/\/all4camper.com\/\/wp-content\/uploads\/2018\/04\/IMG_20180425_111428-1.jpg\" alt=\"\" width=\"533\" height=\"400\" srcset=\"https:\/\/all4camper.com\/wp-content\/uploads\/2018\/04\/IMG_20180425_111428-1.jpg 533w, https:\/\/all4camper.com\/wp-content\/uploads\/2018\/04\/IMG_20180425_111428-1-300x225.jpg 300w, https:\/\/all4camper.com\/wp-content\/uploads\/2018\/04\/IMG_20180425_111428-1-150x113.jpg 150w, https:\/\/all4camper.com\/wp-content\/uploads\/2018\/04\/IMG_20180425_111428-1-326x245.jpg 326w, https:\/\/all4camper.com\/wp-content\/uploads\/2018\/04\/IMG_20180425_111428-1-80x60.jpg 80w\" sizes=\"auto, (max-width: 533px) 100vw, 533px\" \/><\/p>\n<p>V tomto parku se nach\u00e1z\u00ed kr\u00e1sn\u00e9 d\u011btsk\u00e9 h\u0159i\u0161t\u011b, piknikov\u00e1 louka na kterou si m\u016f\u017eete don\u00e9st i sv\u00e9 kempovac\u00ed \u017eidle a stolek a n\u011bkolik cest, po kter\u00fdch se m\u016f\u017eete proch\u00e1zet kolem v\u00fdb\u011bh\u016f s ko\u0148mi. V\u0161echny cesty jsou p\u0159\u00edstupn\u00e9 i pro ko\u010d\u00e1rky. Pokud pojedete kolem, pak ur\u010dit\u011b doporu\u010duji se zde zastavit. D\u00e1 se zde pro\u017e\u00edt velice hezk\u00e9 odpoledne, \u010di cel\u00fd den, zejm\u00e9na pokud vyjde po\u010das\u00ed.<\/p>\n<p><img loading=\"lazy\" decoding=\"async\" class=\"aligncenter wp-image-48140 size-full\" src=\"https:\/\/all4camper.com\/\/wp-content\/uploads\/2018\/04\/DSC03481.jpg\" alt=\"\" width=\"533\" height=\"400\" srcset=\"https:\/\/all4camper.com\/wp-content\/uploads\/2018\/04\/DSC03481.jpg 533w, https:\/\/all4camper.com\/wp-content\/uploads\/2018\/04\/DSC03481-150x113.jpg 150w, https:\/\/all4camper.com\/wp-content\/uploads\/2018\/04\/DSC03481-300x225.jpg 300w, https:\/\/all4camper.com\/wp-content\/uploads\/2018\/04\/DSC03481-200x150.jpg 200w, https:\/\/all4camper.com\/wp-content\/uploads\/2018\/04\/DSC03481-400x300.jpg 400w, https:\/\/all4camper.com\/wp-content\/uploads\/2018\/04\/DSC03481-326x245.jpg 326w, https:\/\/all4camper.com\/wp-content\/uploads\/2018\/04\/DSC03481-80x60.jpg 80w\" sizes=\"auto, (max-width: 533px) 100vw, 533px\" \/><\/p>\n<p><strong>Druh\u00e1 \u010d\u00e1st je ji\u017e placen\u00e1 a najdete v n\u00ed st\u00e1je, cvi\u010debn\u00ed ar\u00e9nu, kde se konaj\u00ed i velk\u00e9 show, j\u00edzd\u00e1rnu, hospod\u00e1\u0159sk\u00e9 budovy a muzeum s ko\u010d\u00e1ry<\/strong>, do kter\u00e9ho m\u00e1te tak\u00e9 vstup zdarma.\u00a0 V nab\u00eddce h\u0159eb\u010d\u00edna jsou i j\u00edzdy ko\u010d\u00e1rem, kde si m\u016f\u017eete vybrat ze t\u0159\u00ed okruh\u016f.<\/p>\n<p><img loading=\"lazy\" decoding=\"async\" class=\"size-full wp-image-61615 aligncenter\" src=\"https:\/\/all4camper.com\/\/wp-content\/uploads\/2018\/04\/DSC03471.jpg\" alt=\"\" width=\"533\" height=\"400\" srcset=\"https:\/\/all4camper.com\/wp-content\/uploads\/2018\/04\/DSC03471.jpg 533w, https:\/\/all4camper.com\/wp-content\/uploads\/2018\/04\/DSC03471-150x113.jpg 150w, https:\/\/all4camper.com\/wp-content\/uploads\/2018\/04\/DSC03471-300x225.jpg 300w, https:\/\/all4camper.com\/wp-content\/uploads\/2018\/04\/DSC03471-200x150.jpg 200w, https:\/\/all4camper.com\/wp-content\/uploads\/2018\/04\/DSC03471-400x300.jpg 400w, https:\/\/all4camper.com\/wp-content\/uploads\/2018\/04\/DSC03471-326x245.jpg 326w, https:\/\/all4camper.com\/wp-content\/uploads\/2018\/04\/DSC03471-80x60.jpg 80w\" sizes=\"auto, (max-width: 533px) 100vw, 533px\" \/><\/p>\n<p><b>Karavanisty jist\u011b pot\u011b\u0161\u00ed informace, \u017ee u vstupu do h\u0159eb\u010d\u00edna je velk\u00e9 parkovi\u0161t\u011b na kter\u00e9m m\u016f\u017eete bez probl\u00e9mu\u00a0st\u00e1t i p\u0159es noc.<\/b> Parkovi\u0161t\u011b je jen kousek od piknikov\u00e9 louky a v\u00fdb\u011bhu s ko\u0148mi.<\/p>\n<p><img loading=\"lazy\" decoding=\"async\" class=\"size-full wp-image-61616 aligncenter\" src=\"https:\/\/all4camper.com\/\/wp-content\/uploads\/2018\/04\/IMG_20180425_122020-1.jpg\" alt=\"\" width=\"533\" height=\"400\" srcset=\"https:\/\/all4camper.com\/wp-content\/uploads\/2018\/04\/IMG_20180425_122020-1.jpg 533w, https:\/\/all4camper.com\/wp-content\/uploads\/2018\/04\/IMG_20180425_122020-1-300x225.jpg 300w, https:\/\/all4camper.com\/wp-content\/uploads\/2018\/04\/IMG_20180425_122020-1-150x113.jpg 150w, https:\/\/all4camper.com\/wp-content\/uploads\/2018\/04\/IMG_20180425_122020-1-326x245.jpg 326w, https:\/\/all4camper.com\/wp-content\/uploads\/2018\/04\/IMG_20180425_122020-1-80x60.jpg 80w\" sizes=\"auto, (max-width: 533px) 100vw, 533px\" \/><\/p>\n\n\n<figure class=\"wp-block-embed-youtube wp-block-embed is-type-video is-provider-youtube wp-embed-aspect-16-9 wp-has-aspect-ratio\"><div class=\"wp-block-embed__wrapper\">\n<iframe loading=\"lazy\" title=\"POSTOJNA CAVE PARK - I FEEL SLOVENIA\" width=\"696\" height=\"392\" src=\"https:\/\/www.youtube.com\/embed\/CW6XmnLG3_0?feature=oembed&#038;enablejsapi=1\" frameborder=\"0\" allow=\"accelerometer; autoplay; clipboard-write; encrypted-media; gyroscope; picture-in-picture\" allowfullscreen><\/iframe>\n<\/div><\/figure>\n\n\n\n<figure class=\"wp-block-embed-youtube wp-block-embed is-type-video is-provider-youtube wp-embed-aspect-16-9 wp-has-aspect-ratio\"><div class=\"wp-block-embed__wrapper\">\n<iframe loading=\"lazy\" title=\"Tulipan &amp; 300 friends\" width=\"696\" height=\"392\" src=\"https:\/\/www.youtube.com\/embed\/-7VsFZBowMo?feature=oembed&#038;enablejsapi=1\" frameborder=\"0\" allow=\"accelerometer; autoplay; clipboard-write; encrypted-media; gyroscope; picture-in-picture\" allowfullscreen><\/iframe>\n<\/div><\/figure>\n","protected":false},"excerpt":{"rendered":"<p>Jeskyn\u011b Postojna, skaln\u00ed hrad Predjama castle, Expo Jama kras \u010di proslul\u00fd h\u0159eb\u010d\u00edn Lipica. To v\u0161e jsou n\u00e1dhern\u00e9 turistick\u00e9 c\u00edle ve Slovinsku, kter\u00e9 byste nem\u011bli minout. Poj\u010fme se tedy v\u00edce pod\u00edvat, co v\u00e1s tam \u010dek\u00e1 a na co se m\u016f\u017eete t\u011b\u0161it. Jeskyn\u011b Postojna a Expo Jama Kras Str\u00e1nky:\u00a0postojnska-jama.eu Zobrazit na map\u011b N\u00e1v\u0161t\u011bva t\u00e9to jeskyn\u011b rozhodn\u011b stoj\u00ed [&hellip;]<\/p>\n","protected":false},"author":4,"featured_media":61617,"comment_status":"closed","ping_status":"open","sticky":false,"template":"","format":"standard","meta":{"_monsterinsights_skip_tracking":false,"_monsterinsights_sitenote_active":false,"_monsterinsights_sitenote_note":"","_monsterinsights_sitenote_category":0,"footnotes":""},"categories":[2380],"tags":[106,325,227],"class_list":{"0":"post-47303","1":"post","2":"type-post","3":"status-publish","4":"format-standard","5":"has-post-thumbnail","7":"category-kempujeme-a-cestujeme-ve-slovinsku","8":"tag-dovolena-s-detmi-1","9":"tag-poznavaci-dovolena","10":"tag-slovinsko"},"yoast_head":"<!-- This site is optimized with the Yoast SEO plugin v27.5 - https:\/\/yoast.com\/product\/yoast-seo-wordpress\/ -->\n<title>Fajn tipy co ur\u010dit\u011b nav\u0161t\u00edvit ve Slovinsku s d\u011btmi a kde kempovat<\/title>\n<meta name=\"description\" content=\"All4Camper - Tipy co ur\u010dit\u011b nav\u0161t\u00edvit s d\u011btmi ve Slovinsku a kde kempovat\" \/>\n<meta name=\"robots\" content=\"index, follow, max-snippet:-1, max-image-preview:large, max-video-preview:-1\" \/>\n<link rel=\"canonical\" href=\"https:\/\/all4camper.com\/cs\/kempujeme-ve-slovinsku-a-poznavame-jeho-krasy-cast-i\/\" \/>\n<meta property=\"og:locale\" content=\"cs_CZ\" \/>\n<meta property=\"og:type\" content=\"article\" \/>\n<meta property=\"og:title\" content=\"Fajn tipy co ur\u010dit\u011b nav\u0161t\u00edvit ve Slovinsku s d\u011btmi a kde kempovat\" \/>\n<meta property=\"og:description\" content=\"All4Camper - Tipy co ur\u010dit\u011b nav\u0161t\u00edvit s d\u011btmi ve Slovinsku a kde kempovat\" \/>\n<meta property=\"og:url\" content=\"https:\/\/all4camper.com\/cs\/kempujeme-ve-slovinsku-a-poznavame-jeho-krasy-cast-i\/\" \/>\n<meta property=\"og:site_name\" content=\"All4Camper\" \/>\n<meta property=\"article:published_time\" content=\"2018-04-30T12:04:16+00:00\" \/>\n<meta property=\"article:modified_time\" content=\"2019-09-19T10:21:46+00:00\" \/>\n<meta property=\"og:image\" content=\"https:\/\/all4camper.com\/wp-content\/uploads\/2018\/04\/Postojna-Cave-Brillant_Dragan-Arrigler.jpg\" \/>\n\t<meta property=\"og:image:width\" content=\"600\" \/>\n\t<meta property=\"og:image:height\" content=\"400\" \/>\n\t<meta property=\"og:image:type\" content=\"image\/jpeg\" \/>\n<meta name=\"author\" content=\"Kl\u00e1ra H\u00e1jkov\u00e1\" \/>\n<meta name=\"twitter:card\" content=\"summary_large_image\" \/>\n<meta name=\"twitter:label1\" content=\"Napsal(a)\" \/>\n\t<meta name=\"twitter:data1\" content=\"Kl\u00e1ra H\u00e1jkov\u00e1\" \/>\n\t<meta name=\"twitter:label2\" content=\"Odhadovan\u00e1 doba \u010dten\u00ed\" \/>\n\t<meta name=\"twitter:data2\" content=\"10 minut\" \/>\n<script type=\"application\/ld+json\" class=\"yoast-schema-graph\">{\"@context\":\"https:\\\/\\\/schema.org\",\"@graph\":[{\"@type\":\"Article\",\"@id\":\"https:\\\/\\\/all4camper.com\\\/cs\\\/kempujeme-ve-slovinsku-a-poznavame-jeho-krasy-cast-i\\\/#article\",\"isPartOf\":{\"@id\":\"https:\\\/\\\/all4camper.com\\\/cs\\\/kempujeme-ve-slovinsku-a-poznavame-jeho-krasy-cast-i\\\/\"},\"author\":{\"name\":\"Kl\u00e1ra H\u00e1jkov\u00e1\",\"@id\":\"https:\\\/\\\/all4camper.com\\\/cs\\\/#\\\/schema\\\/person\\\/c6f1efdf1d02bc7d8c53a891cbe18c62\"},\"headline\":\"Tipy co ur\u010dit\u011b nav\u0161t\u00edvit s d\u011btmi ve Slovinsku a kde kempovat\",\"datePublished\":\"2018-04-30T12:04:16+00:00\",\"dateModified\":\"2019-09-19T10:21:46+00:00\",\"mainEntityOfPage\":{\"@id\":\"https:\\\/\\\/all4camper.com\\\/cs\\\/kempujeme-ve-slovinsku-a-poznavame-jeho-krasy-cast-i\\\/\"},\"wordCount\":2027,\"publisher\":{\"@id\":\"https:\\\/\\\/all4camper.com\\\/cs\\\/#organization\"},\"image\":{\"@id\":\"https:\\\/\\\/all4camper.com\\\/cs\\\/kempujeme-ve-slovinsku-a-poznavame-jeho-krasy-cast-i\\\/#primaryimage\"},\"thumbnailUrl\":\"https:\\\/\\\/all4camper.com\\\/wp-content\\\/uploads\\\/2018\\\/04\\\/Postojna-Cave-Brillant_Dragan-Arrigler.jpg\",\"keywords\":[\"Dovolen\u00e1 s d\u011btmi\",\"Pozn\u00e1vac\u00ed dovolen\u00e1\",\"Slovinsko\"],\"articleSection\":[\"Kempujeme a cestujeme ve Slovinsku\"],\"inLanguage\":\"cs\"},{\"@type\":\"WebPage\",\"@id\":\"https:\\\/\\\/all4camper.com\\\/cs\\\/kempujeme-ve-slovinsku-a-poznavame-jeho-krasy-cast-i\\\/\",\"url\":\"https:\\\/\\\/all4camper.com\\\/cs\\\/kempujeme-ve-slovinsku-a-poznavame-jeho-krasy-cast-i\\\/\",\"name\":\"Fajn tipy co ur\u010dit\u011b nav\u0161t\u00edvit ve Slovinsku s d\u011btmi a kde kempovat\",\"isPartOf\":{\"@id\":\"https:\\\/\\\/all4camper.com\\\/cs\\\/#website\"},\"primaryImageOfPage\":{\"@id\":\"https:\\\/\\\/all4camper.com\\\/cs\\\/kempujeme-ve-slovinsku-a-poznavame-jeho-krasy-cast-i\\\/#primaryimage\"},\"image\":{\"@id\":\"https:\\\/\\\/all4camper.com\\\/cs\\\/kempujeme-ve-slovinsku-a-poznavame-jeho-krasy-cast-i\\\/#primaryimage\"},\"thumbnailUrl\":\"https:\\\/\\\/all4camper.com\\\/wp-content\\\/uploads\\\/2018\\\/04\\\/Postojna-Cave-Brillant_Dragan-Arrigler.jpg\",\"datePublished\":\"2018-04-30T12:04:16+00:00\",\"dateModified\":\"2019-09-19T10:21:46+00:00\",\"description\":\"All4Camper - Tipy co ur\u010dit\u011b nav\u0161t\u00edvit s d\u011btmi ve Slovinsku a kde kempovat\",\"breadcrumb\":{\"@id\":\"https:\\\/\\\/all4camper.com\\\/cs\\\/kempujeme-ve-slovinsku-a-poznavame-jeho-krasy-cast-i\\\/#breadcrumb\"},\"inLanguage\":\"cs\",\"potentialAction\":[{\"@type\":\"ReadAction\",\"target\":[\"https:\\\/\\\/all4camper.com\\\/cs\\\/kempujeme-ve-slovinsku-a-poznavame-jeho-krasy-cast-i\\\/\"]}]},{\"@type\":\"ImageObject\",\"inLanguage\":\"cs\",\"@id\":\"https:\\\/\\\/all4camper.com\\\/cs\\\/kempujeme-ve-slovinsku-a-poznavame-jeho-krasy-cast-i\\\/#primaryimage\",\"url\":\"https:\\\/\\\/all4camper.com\\\/wp-content\\\/uploads\\\/2018\\\/04\\\/Postojna-Cave-Brillant_Dragan-Arrigler.jpg\",\"contentUrl\":\"https:\\\/\\\/all4camper.com\\\/wp-content\\\/uploads\\\/2018\\\/04\\\/Postojna-Cave-Brillant_Dragan-Arrigler.jpg\",\"width\":600,\"height\":400},{\"@type\":\"BreadcrumbList\",\"@id\":\"https:\\\/\\\/all4camper.com\\\/cs\\\/kempujeme-ve-slovinsku-a-poznavame-jeho-krasy-cast-i\\\/#breadcrumb\",\"itemListElement\":[{\"@type\":\"ListItem\",\"position\":1,\"name\":\"Dom\u016f\",\"item\":\"https:\\\/\\\/all4camper.com\\\/cs\\\/\"},{\"@type\":\"ListItem\",\"position\":2,\"name\":\"Kempujeme a cestujeme ve Slovinsku\",\"item\":\"https:\\\/\\\/all4camper.com\\\/cs\\\/category\\\/kempujeme-a-cestujeme-ve-slovinsku\\\/\"},{\"@type\":\"ListItem\",\"position\":3,\"name\":\"Tipy co ur\u010dit\u011b nav\u0161t\u00edvit s d\u011btmi ve Slovinsku a kde kempovat\"}]},{\"@type\":\"WebSite\",\"@id\":\"https:\\\/\\\/all4camper.com\\\/cs\\\/#website\",\"url\":\"https:\\\/\\\/all4camper.com\\\/cs\\\/\",\"name\":\"All4Camper\",\"description\":\"Nejv\u011bt\u0161\u00ed online magaz\u00edn o kempov\u00e1n\u00ed a karavaninku. V\u00edce jak 900 \u010dl\u00e1nk\u016f pln\u00fdch rad a tip\u016f o kempech a kempov\u00e1n\u00ed.\",\"publisher\":{\"@id\":\"https:\\\/\\\/all4camper.com\\\/cs\\\/#organization\"},\"potentialAction\":[{\"@type\":\"SearchAction\",\"target\":{\"@type\":\"EntryPoint\",\"urlTemplate\":\"https:\\\/\\\/all4camper.com\\\/cs\\\/?s={search_term_string}\"},\"query-input\":{\"@type\":\"PropertyValueSpecification\",\"valueRequired\":true,\"valueName\":\"search_term_string\"}}],\"inLanguage\":\"cs\"},{\"@type\":\"Organization\",\"@id\":\"https:\\\/\\\/all4camper.com\\\/cs\\\/#organization\",\"name\":\"All4Camper - kempujeme s Kl\u00e1rou\",\"url\":\"https:\\\/\\\/all4camper.com\\\/cs\\\/\",\"logo\":{\"@type\":\"ImageObject\",\"inLanguage\":\"cs\",\"@id\":\"https:\\\/\\\/all4camper.com\\\/cs\\\/#\\\/schema\\\/logo\\\/image\\\/\",\"url\":\"https:\\\/\\\/all4camper.com\\\/wp-content\\\/uploads\\\/2018\\\/09\\\/novelogo.png\",\"contentUrl\":\"https:\\\/\\\/all4camper.com\\\/wp-content\\\/uploads\\\/2018\\\/09\\\/novelogo.png\",\"width\":1520,\"height\":600,\"caption\":\"All4Camper - kempujeme s Kl\u00e1rou\"},\"image\":{\"@id\":\"https:\\\/\\\/all4camper.com\\\/cs\\\/#\\\/schema\\\/logo\\\/image\\\/\"}},{\"@type\":\"Person\",\"@id\":\"https:\\\/\\\/all4camper.com\\\/cs\\\/#\\\/schema\\\/person\\\/c6f1efdf1d02bc7d8c53a891cbe18c62\",\"name\":\"Kl\u00e1ra H\u00e1jkov\u00e1\",\"sameAs\":[\"http:\\\/\\\/www.all4camper.com\"],\"url\":\"https:\\\/\\\/all4camper.com\\\/cs\\\/author\\\/klarinkacestuje1\\\/\"}]}<\/script>\n<!-- \/ Yoast SEO plugin. -->","yoast_head_json":{"title":"Fajn tipy co ur\u010dit\u011b nav\u0161t\u00edvit ve Slovinsku s d\u011btmi a kde kempovat","description":"All4Camper - Tipy co ur\u010dit\u011b nav\u0161t\u00edvit s d\u011btmi ve Slovinsku a kde kempovat","robots":{"index":"index","follow":"follow","max-snippet":"max-snippet:-1","max-image-preview":"max-image-preview:large","max-video-preview":"max-video-preview:-1"},"canonical":"https:\/\/all4camper.com\/cs\/kempujeme-ve-slovinsku-a-poznavame-jeho-krasy-cast-i\/","og_locale":"cs_CZ","og_type":"article","og_title":"Fajn tipy co ur\u010dit\u011b nav\u0161t\u00edvit ve Slovinsku s d\u011btmi a kde kempovat","og_description":"All4Camper - Tipy co ur\u010dit\u011b nav\u0161t\u00edvit s d\u011btmi ve Slovinsku a kde kempovat","og_url":"https:\/\/all4camper.com\/cs\/kempujeme-ve-slovinsku-a-poznavame-jeho-krasy-cast-i\/","og_site_name":"All4Camper","article_published_time":"2018-04-30T12:04:16+00:00","article_modified_time":"2019-09-19T10:21:46+00:00","og_image":[{"width":600,"height":400,"url":"https:\/\/all4camper.com\/wp-content\/uploads\/2018\/04\/Postojna-Cave-Brillant_Dragan-Arrigler.jpg","type":"image\/jpeg"}],"author":"Kl\u00e1ra H\u00e1jkov\u00e1","twitter_card":"summary_large_image","twitter_misc":{"Napsal(a)":"Kl\u00e1ra H\u00e1jkov\u00e1","Odhadovan\u00e1 doba \u010dten\u00ed":"10 minut"},"schema":{"@context":"https:\/\/schema.org","@graph":[{"@type":"Article","@id":"https:\/\/all4camper.com\/cs\/kempujeme-ve-slovinsku-a-poznavame-jeho-krasy-cast-i\/#article","isPartOf":{"@id":"https:\/\/all4camper.com\/cs\/kempujeme-ve-slovinsku-a-poznavame-jeho-krasy-cast-i\/"},"author":{"name":"Kl\u00e1ra H\u00e1jkov\u00e1","@id":"https:\/\/all4camper.com\/cs\/#\/schema\/person\/c6f1efdf1d02bc7d8c53a891cbe18c62"},"headline":"Tipy co ur\u010dit\u011b nav\u0161t\u00edvit s d\u011btmi ve Slovinsku a kde kempovat","datePublished":"2018-04-30T12:04:16+00:00","dateModified":"2019-09-19T10:21:46+00:00","mainEntityOfPage":{"@id":"https:\/\/all4camper.com\/cs\/kempujeme-ve-slovinsku-a-poznavame-jeho-krasy-cast-i\/"},"wordCount":2027,"publisher":{"@id":"https:\/\/all4camper.com\/cs\/#organization"},"image":{"@id":"https:\/\/all4camper.com\/cs\/kempujeme-ve-slovinsku-a-poznavame-jeho-krasy-cast-i\/#primaryimage"},"thumbnailUrl":"https:\/\/all4camper.com\/wp-content\/uploads\/2018\/04\/Postojna-Cave-Brillant_Dragan-Arrigler.jpg","keywords":["Dovolen\u00e1 s d\u011btmi","Pozn\u00e1vac\u00ed dovolen\u00e1","Slovinsko"],"articleSection":["Kempujeme a cestujeme ve Slovinsku"],"inLanguage":"cs"},{"@type":"WebPage","@id":"https:\/\/all4camper.com\/cs\/kempujeme-ve-slovinsku-a-poznavame-jeho-krasy-cast-i\/","url":"https:\/\/all4camper.com\/cs\/kempujeme-ve-slovinsku-a-poznavame-jeho-krasy-cast-i\/","name":"Fajn tipy co ur\u010dit\u011b nav\u0161t\u00edvit ve Slovinsku s d\u011btmi a kde kempovat","isPartOf":{"@id":"https:\/\/all4camper.com\/cs\/#website"},"primaryImageOfPage":{"@id":"https:\/\/all4camper.com\/cs\/kempujeme-ve-slovinsku-a-poznavame-jeho-krasy-cast-i\/#primaryimage"},"image":{"@id":"https:\/\/all4camper.com\/cs\/kempujeme-ve-slovinsku-a-poznavame-jeho-krasy-cast-i\/#primaryimage"},"thumbnailUrl":"https:\/\/all4camper.com\/wp-content\/uploads\/2018\/04\/Postojna-Cave-Brillant_Dragan-Arrigler.jpg","datePublished":"2018-04-30T12:04:16+00:00","dateModified":"2019-09-19T10:21:46+00:00","description":"All4Camper - Tipy co ur\u010dit\u011b nav\u0161t\u00edvit s d\u011btmi ve Slovinsku a kde kempovat","breadcrumb":{"@id":"https:\/\/all4camper.com\/cs\/kempujeme-ve-slovinsku-a-poznavame-jeho-krasy-cast-i\/#breadcrumb"},"inLanguage":"cs","potentialAction":[{"@type":"ReadAction","target":["https:\/\/all4camper.com\/cs\/kempujeme-ve-slovinsku-a-poznavame-jeho-krasy-cast-i\/"]}]},{"@type":"ImageObject","inLanguage":"cs","@id":"https:\/\/all4camper.com\/cs\/kempujeme-ve-slovinsku-a-poznavame-jeho-krasy-cast-i\/#primaryimage","url":"https:\/\/all4camper.com\/wp-content\/uploads\/2018\/04\/Postojna-Cave-Brillant_Dragan-Arrigler.jpg","contentUrl":"https:\/\/all4camper.com\/wp-content\/uploads\/2018\/04\/Postojna-Cave-Brillant_Dragan-Arrigler.jpg","width":600,"height":400},{"@type":"BreadcrumbList","@id":"https:\/\/all4camper.com\/cs\/kempujeme-ve-slovinsku-a-poznavame-jeho-krasy-cast-i\/#breadcrumb","itemListElement":[{"@type":"ListItem","position":1,"name":"Dom\u016f","item":"https:\/\/all4camper.com\/cs\/"},{"@type":"ListItem","position":2,"name":"Kempujeme a cestujeme ve Slovinsku","item":"https:\/\/all4camper.com\/cs\/category\/kempujeme-a-cestujeme-ve-slovinsku\/"},{"@type":"ListItem","position":3,"name":"Tipy co ur\u010dit\u011b nav\u0161t\u00edvit s d\u011btmi ve Slovinsku a kde kempovat"}]},{"@type":"WebSite","@id":"https:\/\/all4camper.com\/cs\/#website","url":"https:\/\/all4camper.com\/cs\/","name":"All4Camper","description":"Nejv\u011bt\u0161\u00ed online magaz\u00edn o kempov\u00e1n\u00ed a karavaninku. V\u00edce jak 900 \u010dl\u00e1nk\u016f pln\u00fdch rad a tip\u016f o kempech a kempov\u00e1n\u00ed.","publisher":{"@id":"https:\/\/all4camper.com\/cs\/#organization"},"potentialAction":[{"@type":"SearchAction","target":{"@type":"EntryPoint","urlTemplate":"https:\/\/all4camper.com\/cs\/?s={search_term_string}"},"query-input":{"@type":"PropertyValueSpecification","valueRequired":true,"valueName":"search_term_string"}}],"inLanguage":"cs"},{"@type":"Organization","@id":"https:\/\/all4camper.com\/cs\/#organization","name":"All4Camper - kempujeme s Kl\u00e1rou","url":"https:\/\/all4camper.com\/cs\/","logo":{"@type":"ImageObject","inLanguage":"cs","@id":"https:\/\/all4camper.com\/cs\/#\/schema\/logo\/image\/","url":"https:\/\/all4camper.com\/wp-content\/uploads\/2018\/09\/novelogo.png","contentUrl":"https:\/\/all4camper.com\/wp-content\/uploads\/2018\/09\/novelogo.png","width":1520,"height":600,"caption":"All4Camper - kempujeme s Kl\u00e1rou"},"image":{"@id":"https:\/\/all4camper.com\/cs\/#\/schema\/logo\/image\/"}},{"@type":"Person","@id":"https:\/\/all4camper.com\/cs\/#\/schema\/person\/c6f1efdf1d02bc7d8c53a891cbe18c62","name":"Kl\u00e1ra H\u00e1jkov\u00e1","sameAs":["http:\/\/www.all4camper.com"],"url":"https:\/\/all4camper.com\/cs\/author\/klarinkacestuje1\/"}]}},"_links":{"self":[{"href":"https:\/\/all4camper.com\/cs\/wp-json\/wp\/v2\/posts\/47303","targetHints":{"allow":["GET"]}}],"collection":[{"href":"https:\/\/all4camper.com\/cs\/wp-json\/wp\/v2\/posts"}],"about":[{"href":"https:\/\/all4camper.com\/cs\/wp-json\/wp\/v2\/types\/post"}],"author":[{"embeddable":true,"href":"https:\/\/all4camper.com\/cs\/wp-json\/wp\/v2\/users\/4"}],"replies":[{"embeddable":true,"href":"https:\/\/all4camper.com\/cs\/wp-json\/wp\/v2\/comments?post=47303"}],"version-history":[{"count":0,"href":"https:\/\/all4camper.com\/cs\/wp-json\/wp\/v2\/posts\/47303\/revisions"}],"wp:featuredmedia":[{"embeddable":true,"href":"https:\/\/all4camper.com\/cs\/wp-json\/wp\/v2\/media\/61617"}],"wp:attachment":[{"href":"https:\/\/all4camper.com\/cs\/wp-json\/wp\/v2\/media?parent=47303"}],"wp:term":[{"taxonomy":"category","embeddable":true,"href":"https:\/\/all4camper.com\/cs\/wp-json\/wp\/v2\/categories?post=47303"},{"taxonomy":"post_tag","embeddable":true,"href":"https:\/\/all4camper.com\/cs\/wp-json\/wp\/v2\/tags?post=47303"}],"curies":[{"name":"wp","href":"https:\/\/api.w.org\/{rel}","templated":true}]}}