{"id":15893,"date":"2018-03-28T14:44:49","date_gmt":"2018-03-28T12:44:49","guid":{"rendered":"https:\/\/all4camper.com\/\/?p=15893"},"modified":"2020-05-22T15:11:31","modified_gmt":"2020-05-22T13:11:31","slug":"kategorizace-kempu-v-cr","status":"publish","type":"post","link":"https:\/\/all4camper.com\/cs\/kategorizace-kempu-v-cr\/","title":{"rendered":"Kategorizace kemp\u016f v \u010cR"},"content":{"rendered":"<p><img loading=\"lazy\" decoding=\"async\" class=\"aligncenter wp-image-15895 size-full\" src=\"https:\/\/all4camper.com\/\/wp-content\/uploads\/2018\/03\/girl-2755487_640.jpg\" alt=\"\" width=\"601\" height=\"400\" srcset=\"https:\/\/all4camper.com\/wp-content\/uploads\/2018\/03\/girl-2755487_640.jpg 601w, https:\/\/all4camper.com\/wp-content\/uploads\/2018\/03\/girl-2755487_640-300x200.jpg 300w, https:\/\/all4camper.com\/wp-content\/uploads\/2018\/03\/girl-2755487_640-150x100.jpg 150w\" sizes=\"auto, (max-width: 601px) 100vw, 601px\" \/><\/p>\n<p>V\u0161ichni, kdo jezd\u00edme kempovat do kemp\u016f, zcela jist\u011b v\u00edme, \u017ee kempy nesou hv\u011bzdi\u010dkov\u00e9 ozna\u010den\u00ed. Nen\u00ed to nic p\u0159ekvapiv\u00e9ho a zn\u00e1me to i z hotel\u016f a jin\u00fdch ubytovac\u00edch slu\u017eeb. Zamyslel jste se v\u0161ak n\u011bkdo z V\u00e1s nad t\u00edm, co kter\u00e9 ozna\u010den\u00ed, resp. po\u010det hv\u011bzd, znamen\u00e1 a co n\u00e1m t\u00edm kemp garantuje? Za sebe se p\u0159izn\u00e1m, \u017ee ani moc ne. Tak n\u011bjak podv\u011bdom\u011b si \u0159\u00edk\u00e1m &#8220; t\u0159i hv\u011bzdy&#8220; dobr\u00fd, asi dobr\u00fd kemp.<\/p>\n<p>Jen\u017ee, ono to ozna\u010den\u00ed m\u00e1 sv\u016fj velk\u00fd d\u016fvod a to v tom, \u017ee pokud budete v\u011bd\u011bt, co kter\u00fd po\u010det hv\u011bzd zaru\u010duje, bude V\u00e1m lecky sta\u010dit letm\u00fd pohled na &#8222;hv\u011bzdi\u010dkovou&#8220; informaci a nemus\u00edte v\u00edc studovat, jak\u00e9 \u017ee to z\u00e1zem\u00ed na V\u00e1s v dan\u00e9m kempu \u010dek\u00e1.<\/p>\n<p>A proto\u017ee All4Camper si dal za c\u00edl pln\u011b informovat kempa\u0159e o v\u0161em ze sv\u011bta kempov\u00e1n\u00ed, tato informace by zde nem\u011bla chyb\u011bt.<\/p>\n<h3>Dle Asociace kemp\u016f \u010cesk\u00e9 republiky je&nbsp;<strong>Kategorizace kemp\u016f a chatov\u00fdch osad (<\/strong>kategorizace je&nbsp;garantov\u00e1na st\u00e1tem) s platnost\u00ed od 1. 1. 2013 n\u00e1sleduj\u00edc\u00ed:<\/h3>\n<p><strong>*&nbsp; U v\u00fdpo\u010dtu je v\u017edy zohled\u0148ov\u00e1no pom\u011brov\u011b procentick\u00e9 zastoupen\u00ed campingov\u00fdch m\u00edst a jednotliv\u00fdch druh\u016f pevn\u00e9ho ubytov\u00e1n\u00ed.<\/strong> Stejn\u011b tak u kategorie Sanit\u00e1rn\u00ed za\u0159\u00edzen\u00ed, pokud m\u00e1 are\u00e1l v\u00edce odli\u0161n\u00fdch objekt\u016f, jsou hodnoceny samostatn\u011b a pak po\u010d\u00edt\u00e1ny pom\u011brov\u011b podle jejich velikosti a tedy dopadu na celkovou ubytovac\u00ed kapacitu.<\/p>\n<div><img loading=\"lazy\" decoding=\"async\" class=\"alignnone wp-image-15894\" src=\"https:\/\/all4camper.com\/\/wp-content\/uploads\/2018\/03\/icons8-star-48.png\" alt=\"\" width=\"29\" height=\"29\"><\/div>\n<div>Are\u00e1l mus\u00ed spl\u0148ovat <strong>minim\u00e1ln\u00ed po\u017eadavky<\/strong> na provoz ubytovac\u00edho za\u0159\u00edzen\u00ed &#8211; m\u00edt zaji\u0161t\u011bn<\/div>\n<ul>\n<li><strong>pohodln\u00fd p\u0159\u00edstup, <\/strong><\/li>\n<li><strong>zdroj pitn\u00e9 vody, <\/strong><\/li>\n<li><strong>z\u00e1kladn\u00ed sanit\u00e1rn\u00ed za\u0159\u00edzen\u00ed, <\/strong><\/li>\n<li><strong>sb\u011br komun\u00e1ln\u00edho odpadu,<\/strong><\/li>\n<li>v are\u00e1lu mus\u00ed b\u00fdt dostupn\u00e1 slu\u017eba recepce a zaji\u0161t\u011bn <strong>pravideln\u00fd \u00faklid are\u00e1lu<\/strong>, zejm\u00e9na sanit\u00e1rn\u00edho za\u0159\u00edzen\u00ed.<\/li>\n<\/ul>\n<div><\/div>\n<div>&nbsp;<img loading=\"lazy\" decoding=\"async\" class=\"alignnone wp-image-15894\" src=\"https:\/\/all4camper.com\/\/wp-content\/uploads\/2018\/03\/icons8-star-48.png\" alt=\"\" width=\"29\" height=\"29\"><img loading=\"lazy\" decoding=\"async\" class=\"alignnone wp-image-15894\" src=\"https:\/\/all4camper.com\/\/wp-content\/uploads\/2018\/03\/icons8-star-48.png\" alt=\"\" width=\"29\" height=\"29\"><\/div>\n<div><em>pr\u016fm\u011br z celkov\u00e9ho hodnocen\u00ed (Are\u00e1l, Ubytovac\u00ed m\u00edsto campov\u00e9, p\u0159\u00edp. Chaty-pevn\u00e1 l\u016f\u017eka &nbsp;a Sanit\u00e1rn\u00ed za\u0159\u00edzen\u00ed)&nbsp;<strong>minim\u00e1ln\u011b bod\u016f: 3,0<\/strong><\/em><\/div>\n<div><\/div>\n<div>Are\u00e1l mus\u00ed spl\u0148ovat <strong>minim\u00e1ln\u00ed po\u017eadavky<\/strong> na provoz ubytovac\u00edho za\u0159\u00edzen\u00ed &#8211; m\u00edt zaji\u0161t\u011bn<\/div>\n<ul>\n<li><strong>pohodln\u00fd p\u0159\u00edstup, <\/strong><\/li>\n<li><strong>zdroj pitn\u00e9 vody, <\/strong><\/li>\n<li><strong>z\u00e1kladn\u00ed sanit\u00e1rn\u00ed za\u0159\u00edzen\u00ed, <\/strong><\/li>\n<li><strong>sb\u011br komun\u00e1ln\u00edho odpadu,<\/strong><\/li>\n<li>v are\u00e1lu mus\u00ed b\u00fdt dostupn\u00e1 slu\u017eba recepce a &nbsp;zaji\u0161t\u011bn pravideln\u00fd \u00faklid are\u00e1lu, zejm\u00e9na sanit\u00e1rn\u00edho za\u0159\u00edzen\u00ed.<\/li>\n<\/ul>\n<div><\/div>\n<div>&nbsp;<img loading=\"lazy\" decoding=\"async\" class=\"alignnone wp-image-15894\" src=\"https:\/\/all4camper.com\/\/wp-content\/uploads\/2018\/03\/icons8-star-48.png\" alt=\"\" width=\"29\" height=\"29\"><img loading=\"lazy\" decoding=\"async\" class=\"alignnone wp-image-15894\" src=\"https:\/\/all4camper.com\/\/wp-content\/uploads\/2018\/03\/icons8-star-48.png\" alt=\"\" width=\"29\" height=\"29\"><img loading=\"lazy\" decoding=\"async\" class=\"alignnone wp-image-15894\" src=\"https:\/\/all4camper.com\/\/wp-content\/uploads\/2018\/03\/icons8-star-48.png\" alt=\"\" width=\"29\" height=\"29\"><\/div>\n<div><em>pr\u016fm\u011br z celkov\u00e9ho hodnocen\u00ed (Are\u00e1l, Ubytovac\u00ed m\u00edsto campov\u00e9, p\u0159\u00edp. Chaty-pevn\u00e1 l\u016f\u017eka &nbsp;a Sanit\u00e1rn\u00ed za\u0159\u00edzen\u00ed)&nbsp;<strong>&nbsp;minim\u00e1ln\u011b bod\u016f: 5,0<\/strong><\/em><\/div>\n<div><em>pr\u016fm\u011br z &nbsp;hodnocen\u00ed (Koup\u00e1n\u00ed, Sport, Animace)&nbsp;&nbsp;<strong>minim\u00e1ln\u011b bod\u016f: 1,5<\/strong><\/em><\/div>\n<div><\/div>\n<div>Camping i chatov\u00e1 osada <strong>mus\u00ed nav\u00edc povinn\u011b spl\u0148ovat\/v are\u00e1lu nesm\u00ed chyb\u011b<\/strong>t:<\/div>\n<ul>\n<li>zajist\u011bn\u00fd <strong>prodej z\u00e1kladn\u00edch potravin<\/strong>, zejm\u00e9na ka\u017ed\u00e9 r\u00e1no pe\u010diva,<\/li>\n<li><strong>tepl\u00e1 voda ve sprch\u00e1ch<\/strong> i u v\u0161ech umyvadel (mimo servisn\u00edho u WC) min. 6 hodin denn\u011b,<\/li>\n<li>sanit\u00e1rn\u00ed za\u0159\u00edzen\u00ed pro <strong>handicapovan\u00e9<\/strong> osoby,<\/li>\n<li><strong>kuchy\u0148ka<\/strong> pro hosty s minim\u00e1ln\u00ed vybavenost\u00ed.<\/li>\n<\/ul>\n<div><\/div>\n<div><img loading=\"lazy\" decoding=\"async\" class=\"alignnone wp-image-15894\" src=\"https:\/\/all4camper.com\/\/wp-content\/uploads\/2018\/03\/icons8-star-48.png\" alt=\"\" width=\"29\" height=\"29\"><img loading=\"lazy\" decoding=\"async\" class=\"alignnone wp-image-15894\" src=\"https:\/\/all4camper.com\/\/wp-content\/uploads\/2018\/03\/icons8-star-48.png\" alt=\"\" width=\"29\" height=\"29\"><img loading=\"lazy\" decoding=\"async\" class=\"alignnone wp-image-15894\" src=\"https:\/\/all4camper.com\/\/wp-content\/uploads\/2018\/03\/icons8-star-48.png\" alt=\"\" width=\"29\" height=\"29\"><img loading=\"lazy\" decoding=\"async\" class=\"alignnone wp-image-15894\" src=\"https:\/\/all4camper.com\/\/wp-content\/uploads\/2018\/03\/icons8-star-48.png\" alt=\"\" width=\"29\" height=\"29\"><\/div>\n<div><em>pr\u016fm\u011br z celkov\u00e9ho hodnocen\u00ed (Are\u00e1l, Ubytovac\u00ed m\u00edsto campov\u00e9, p\u0159\u00edp. Chaty-pevn\u00e1 l\u016f\u017eka &nbsp;a Sanit\u00e1rn\u00ed za\u0159\u00edzen\u00ed)&nbsp;<strong>minim\u00e1ln\u011b bod\u016f: 7,0<\/strong><\/em><\/div>\n<div><em>pr\u016fm\u011br z &nbsp;hodnocen\u00ed (Koup\u00e1n\u00ed, Sport, Animace)&nbsp;<strong>minim\u00e1ln\u011b bod\u016f: 4,5<\/strong><\/em><\/div>\n<div><\/div>\n<div>Camping i chatov\u00e1 osada <strong>mus\u00ed nav\u00edc povinn\u011b spl\u0148ovat\/v are\u00e1lu nesm\u00ed chyb\u011bt<\/strong>:<\/div>\n<ul>\n<li><strong>zebezpe\u010den\u00ed campu<\/strong>&#8211; cel\u00fd are\u00e1l je oplocen, nebo je zaji\u0161t\u011bna fyzick\u00e1 ostraha v hlavn\u00ed sez\u00f3n\u011b , p\u0159\u00edpadn\u011b kamerov\u00fd syst\u00e9m ve v\u011bt\u0161in\u011b are\u00e1lu,<\/li>\n<li><strong>mo\u017enost internetu<\/strong>&#8211; internet point, nebo \u010d\u00e1ste\u010dn\u00e9 pokryt\u00ed WiFi,<\/li>\n<li>mo\u017enost ukl\u00e1d\u00e1n\u00ed <strong>cennost\u00ed na recepci,<\/strong><\/li>\n<li><strong>stravov\u00e1n\u00ed v are\u00e1lu<\/strong>&#8211; minim\u00e1ln\u011b ob\u010derstven\u00ed,<\/li>\n<li>zajist\u011bn\u00fd prodej dostate\u010dn\u00e9ho sortimentu <strong>potravin,<\/strong><\/li>\n<li><strong>tepl\u00e1 voda ve sprch\u00e1ch<\/strong> i u v\u0161ech umyvadel (mimo servisn\u00edho u WC) min. 6 hodin denn\u011b,<\/li>\n<li>sanit\u00e1rn\u00ed za\u0159\u00edzen\u00ed pro <strong>handicapovan\u00e9<\/strong> osoby,<\/li>\n<li><strong>kuchy\u0148ka<\/strong> pro hosty s minim\u00e1ln\u00ed vybavenost\u00ed.<\/li>\n<\/ul>\n<div><\/div>\n<div>Camping mus\u00ed <strong>nav\u00edc povinn\u011b spl\u0148ovat<\/strong>\/v are\u00e1lu nesm\u00ed chyb\u011bt:<\/div>\n<ul>\n<li>turistick\u00e1 m\u00edsta jsou jasn\u011b odd\u011blen\u00e1\/ohrani\u010den\u00e1- minim\u00e1ln\u011b 20%,<\/li>\n<li>hyginecick\u00e9 kabiny (uzamykateln\u00e9 m\u00edstnosti s umyvadlem),<\/li>\n<li>p\u0159ebalovac\u00ed pult pro Baby,<\/li>\n<li>v\u00fdlevka na chemick\u00e9 z\u00e1chody,<\/li>\n<li>mo\u017enost ru\u010dn\u00edho pran\u00ed pr\u00e1dla,<\/li>\n<li>pr\u00e1delna(pra\u010dka, su\u0161i\u010dka),<\/li>\n<li>zaji\u0161t\u011bna slu\u017eba servisn\u00edho st\u00e1n\u00ed pro obytn\u00e1 auta.<\/li>\n<\/ul>\n<div><\/div>\n<div><img loading=\"lazy\" decoding=\"async\" class=\"alignnone wp-image-15894\" src=\"https:\/\/all4camper.com\/\/wp-content\/uploads\/2018\/03\/icons8-star-48.png\" alt=\"\" width=\"29\" height=\"29\"><img loading=\"lazy\" decoding=\"async\" class=\"alignnone wp-image-15894\" src=\"https:\/\/all4camper.com\/\/wp-content\/uploads\/2018\/03\/icons8-star-48.png\" alt=\"\" width=\"29\" height=\"29\"><img loading=\"lazy\" decoding=\"async\" class=\"alignnone wp-image-15894\" src=\"https:\/\/all4camper.com\/\/wp-content\/uploads\/2018\/03\/icons8-star-48.png\" alt=\"\" width=\"29\" height=\"29\"><img loading=\"lazy\" decoding=\"async\" class=\"alignnone wp-image-15894\" src=\"https:\/\/all4camper.com\/\/wp-content\/uploads\/2018\/03\/icons8-star-48.png\" alt=\"\" width=\"29\" height=\"29\"><img loading=\"lazy\" decoding=\"async\" class=\"alignnone wp-image-15894\" src=\"https:\/\/all4camper.com\/\/wp-content\/uploads\/2018\/03\/icons8-star-48.png\" alt=\"\" width=\"29\" height=\"29\"><\/div>\n<div><em>pr\u016fm\u011br z celkov\u00e9ho hodnocen\u00ed (Are\u00e1l, Ubytovac\u00ed m\u00edsto campov\u00e9, p\u0159\u00edp. Chaty-pevn\u00e1 l\u016f\u017eka &nbsp;a Sanit\u00e1rn\u00ed za\u0159\u00edzen\u00ed) &nbsp;<strong>minim\u00e1ln\u011b bod\u016f: 9,0<\/strong><\/em><\/div>\n<div><em>pr\u016fm\u011br z &nbsp;hodnocen\u00ed (Koup\u00e1n\u00ed, Sport, Animace)&nbsp;<strong>minim\u00e1ln\u011b bod\u016f: 7,0<\/strong><\/em><\/div>\n<div><\/div>\n<div>Camping i chatov\u00e1 osada <strong>mus\u00ed nav\u00edc povinn\u011b spl\u0148ovat\/v are\u00e1lu nesm\u00ed chyb\u011bt<\/strong>:<\/div>\n<ul>\n<li>mo\u017enost platby <strong>platebn\u00ed kartou<\/strong>,<\/li>\n<li><strong>zabezpe\u010den\u00ed campu<\/strong>&#8211; cel\u00fd are\u00e1l je oplocen a fyzick\u00e1 ostraha je v hlavn\u00ed sez\u00f3n\u011b p\u0159\u00edtomna , nebo kamerov\u00fd syst\u00e9m ve v\u011bt\u0161in\u011b are\u00e1lu resp. fyzick\u00e1 ostraha po celou dobu otev\u0159en\u00ed,<\/li>\n<li><strong>mo\u017enost internetu<\/strong>&#8211; internet point a \u010d\u00e1ste\u010dn\u00e9 pokryt\u00ed Wifi, nebo Wifi s kompletn\u00edm pokryt\u00edm sign\u00e1lu &nbsp;ubytovac\u00edch m\u00edst,<\/li>\n<li>mo\u017enost ukl\u00e1d\u00e1n\u00ed cennost\u00ed- <strong>bezpe\u010dnostn\u00ed schr\u00e1nky<\/strong>,<\/li>\n<li><strong>stravov\u00e1ni v are\u00e1lu<\/strong>&#8211; restaurace,<\/li>\n<li>samostatn\u00e1 prodejna <strong>potravin v are\u00e1lu<\/strong>,<\/li>\n<li><strong>tepl\u00e1 voda ve sprch\u00e1ch<\/strong> i u v\u0161ech umyvadel (mimo servisn\u00edho u WC) min. 6 hodin denn\u011b,<\/li>\n<li>sanit\u00e1rn\u00ed za\u0159\u00edzen\u00ed pro <strong>handicapovan\u00e9<\/strong> osoby,<\/li>\n<li><strong>kuchy\u0148ka<\/strong> pro hosty s minim\u00e1ln\u00ed vybavenost\u00ed.<\/li>\n<\/ul>\n<div><\/div>\n<div>Camping mus\u00ed nav\u00edc povinn\u011b spl\u0148ovat\/v are\u00e1lu nesm\u00ed chyb\u011bt:<\/div>\n<ul>\n<li><strong>turistick\u00e1 m\u00edsta<\/strong> &nbsp;jasn\u011b odd\u011blen\u00e1\/ohrani\u010den\u00e1, minim\u00e1ln\u011b 50%,<\/li>\n<li><strong>po\u010det komfortn\u00edch m\u00edst pro stany a caravany<\/strong>, minim\u00e1ln\u011b 10%,<\/li>\n<li><strong>hyginecick\u00e9 kabiny<\/strong>(uzamykateln\u00e9 m\u00edstnosti s umyvadlem)- v\u00edce jak 20% z celkov\u00e9ho po\u010dtu umyvadel,<\/li>\n<li>Babyroom,<\/li>\n<li><strong>sanit\u00e1rn\u00ed za\u0159\u00edzen\u00ed p\u0159izp\u016fsoben\u00e9 pro d\u011bti<\/strong>,<\/li>\n<li>vlastn\u00ed sanit\u00e1rn\u00ed za\u0159\u00edzen\u00ed na n\u011bkter\u00fdch turistick\u00fdch ubytovan\u00fdch m\u00edstech,<\/li>\n<li><strong>v\u00fdlevka na chemick\u00e9 z\u00e1chody<\/strong>,<\/li>\n<li>mo\u017enost ru\u010dn\u00edho <strong>pran\u00ed pr\u00e1dla<\/strong>,<\/li>\n<li><strong>pr\u00e1delna<\/strong>(pra\u010dka, su\u0161i\u010dka, mo\u017enost \u017eehlen\u00ed),<\/li>\n<li><strong>zpevn\u011bn\u00e9 servisn\u00ed st\u00e1n\u00ed pro obytn\u00e1 auta.<\/strong><\/li>\n<\/ul>\n<p>A na z\u00e1v\u011br:<\/p>\n<p>ka\u017edoro\u010dn\u011b je vyd\u00e1v\u00e1n <strong>Katalog kategorizovan\u00fdch kemp\u016f \u010cR Camping<\/strong>, kter\u00fd je jako ofici\u00e1ln\u00ed materi\u00e1l o kempech v&nbsp;\u010cR <strong>distribuov\u00e1n na v\u00fdstav\u00e1ch a veletrz\u00edch u n\u00e1s i v&nbsp;zahrani\u010d\u00ed, informa\u010dn\u00edch st\u0159edisc\u00edch, knihovn\u00e1ch a dal\u0161\u00edch m\u00edstech<\/strong>.<\/p>\n<p><strong>Asociace kemp\u016f \u010cR<\/strong><\/p>\n<p>N\u00e1m\u011bst\u00ed M\u00edru 925, 538 03 He\u0159man\u016fm M\u011bstec<\/p>\n<p>Telefon: +420 607 68 24 33,&nbsp;E-mail: &nbsp;<a href=\"mailto:info@camp-cr.cz\">info@camp-cr.cz,&nbsp;<\/a>Web:&nbsp;<a href=\"http:\/\/www.camp-cr.cz\/\" target=\"_blank\" rel=\"noopener noreferrer\">http:\/\/www.camp-cr.cz\/<\/a><\/p>\n<p>I\u010c: 14892928<\/p>\n","protected":false},"excerpt":{"rendered":"<p>V\u0161ichni, kdo jezd\u00edme kempovat do kemp\u016f, zcela jist\u011b v\u00edme, \u017ee kempy nesou hv\u011bzdi\u010dkov\u00e9 ozna\u010den\u00ed. Nen\u00ed to nic p\u0159ekvapiv\u00e9ho a zn\u00e1me to i z hotel\u016f a jin\u00fdch ubytovac\u00edch slu\u017eeb. Zamyslel jste se v\u0161ak n\u011bkdo z V\u00e1s nad t\u00edm, co kter\u00e9 ozna\u010den\u00ed, resp. po\u010det hv\u011bzd, znamen\u00e1 a co n\u00e1m t\u00edm kemp garantuje? Za sebe se p\u0159izn\u00e1m, \u017ee [&hellip;]<\/p>\n","protected":false},"author":4,"featured_media":15895,"comment_status":"closed","ping_status":"open","sticky":false,"template":"","format":"standard","meta":{"_monsterinsights_skip_tracking":false,"_monsterinsights_sitenote_active":false,"_monsterinsights_sitenote_note":"","_monsterinsights_sitenote_category":0,"footnotes":""},"categories":[364,8209],"tags":[226],"class_list":{"0":"post-15893","1":"post","2":"type-post","3":"status-publish","4":"format-standard","5":"has-post-thumbnail","7":"category-cestujeme-a-kempujeme-v-cr","8":"category-rady-tipy-informace","9":"tag-rady-a-tipy"},"yoast_head":"<!-- This site is optimized with the Yoast SEO plugin v27.5 - https:\/\/yoast.com\/product\/yoast-seo-wordpress\/ -->\n<title>Kategorizace kemp\u016f v \u010cR<\/title>\n<meta name=\"description\" content=\"All4Camper - Kategorizace kemp\u016f v \u010cR\" \/>\n<meta name=\"robots\" content=\"index, follow, max-snippet:-1, max-image-preview:large, max-video-preview:-1\" \/>\n<link rel=\"canonical\" href=\"https:\/\/all4camper.com\/cs\/kategorizace-kempu-v-cr\/\" \/>\n<meta property=\"og:locale\" content=\"cs_CZ\" \/>\n<meta property=\"og:type\" content=\"article\" \/>\n<meta property=\"og:title\" content=\"Kategorizace kemp\u016f v \u010cR\" \/>\n<meta property=\"og:description\" content=\"All4Camper - Kategorizace kemp\u016f v \u010cR\" \/>\n<meta property=\"og:url\" content=\"https:\/\/all4camper.com\/cs\/kategorizace-kempu-v-cr\/\" \/>\n<meta property=\"og:site_name\" content=\"All4Camper\" \/>\n<meta property=\"article:published_time\" content=\"2018-03-28T12:44:49+00:00\" \/>\n<meta property=\"article:modified_time\" content=\"2020-05-22T13:11:31+00:00\" \/>\n<meta property=\"og:image\" content=\"https:\/\/all4camper.com\/wp-content\/uploads\/2018\/03\/girl-2755487_640.jpg\" \/>\n\t<meta property=\"og:image:width\" content=\"601\" \/>\n\t<meta property=\"og:image:height\" content=\"400\" \/>\n\t<meta property=\"og:image:type\" content=\"image\/jpeg\" \/>\n<meta name=\"author\" content=\"Kl\u00e1ra H\u00e1jkov\u00e1\" \/>\n<meta name=\"twitter:card\" content=\"summary_large_image\" \/>\n<meta name=\"twitter:label1\" content=\"Napsal(a)\" \/>\n\t<meta name=\"twitter:data1\" content=\"Kl\u00e1ra H\u00e1jkov\u00e1\" \/>\n\t<meta name=\"twitter:label2\" content=\"Odhadovan\u00e1 doba \u010dten\u00ed\" \/>\n\t<meta name=\"twitter:data2\" content=\"6 minut\" \/>\n<script type=\"application\/ld+json\" class=\"yoast-schema-graph\">{\"@context\":\"https:\\\/\\\/schema.org\",\"@graph\":[{\"@type\":\"Article\",\"@id\":\"https:\\\/\\\/all4camper.com\\\/cs\\\/kategorizace-kempu-v-cr\\\/#article\",\"isPartOf\":{\"@id\":\"https:\\\/\\\/all4camper.com\\\/cs\\\/kategorizace-kempu-v-cr\\\/\"},\"author\":{\"name\":\"Kl\u00e1ra H\u00e1jkov\u00e1\",\"@id\":\"https:\\\/\\\/all4camper.com\\\/cs\\\/#\\\/schema\\\/person\\\/c6f1efdf1d02bc7d8c53a891cbe18c62\"},\"headline\":\"Kategorizace kemp\u016f v \u010cR\",\"datePublished\":\"2018-03-28T12:44:49+00:00\",\"dateModified\":\"2020-05-22T13:11:31+00:00\",\"mainEntityOfPage\":{\"@id\":\"https:\\\/\\\/all4camper.com\\\/cs\\\/kategorizace-kempu-v-cr\\\/\"},\"wordCount\":1154,\"publisher\":{\"@id\":\"https:\\\/\\\/all4camper.com\\\/cs\\\/#organization\"},\"image\":{\"@id\":\"https:\\\/\\\/all4camper.com\\\/cs\\\/kategorizace-kempu-v-cr\\\/#primaryimage\"},\"thumbnailUrl\":\"https:\\\/\\\/all4camper.com\\\/wp-content\\\/uploads\\\/2018\\\/03\\\/girl-2755487_640.jpg\",\"keywords\":[\"Rady-tipy-informace\"],\"articleSection\":[\"Cestujeme a kempujeme v \u010cR\",\"Rady, tipy, informace\"],\"inLanguage\":\"cs\"},{\"@type\":\"WebPage\",\"@id\":\"https:\\\/\\\/all4camper.com\\\/cs\\\/kategorizace-kempu-v-cr\\\/\",\"url\":\"https:\\\/\\\/all4camper.com\\\/cs\\\/kategorizace-kempu-v-cr\\\/\",\"name\":\"Kategorizace kemp\u016f v \u010cR\",\"isPartOf\":{\"@id\":\"https:\\\/\\\/all4camper.com\\\/cs\\\/#website\"},\"primaryImageOfPage\":{\"@id\":\"https:\\\/\\\/all4camper.com\\\/cs\\\/kategorizace-kempu-v-cr\\\/#primaryimage\"},\"image\":{\"@id\":\"https:\\\/\\\/all4camper.com\\\/cs\\\/kategorizace-kempu-v-cr\\\/#primaryimage\"},\"thumbnailUrl\":\"https:\\\/\\\/all4camper.com\\\/wp-content\\\/uploads\\\/2018\\\/03\\\/girl-2755487_640.jpg\",\"datePublished\":\"2018-03-28T12:44:49+00:00\",\"dateModified\":\"2020-05-22T13:11:31+00:00\",\"description\":\"All4Camper - Kategorizace kemp\u016f v \u010cR\",\"breadcrumb\":{\"@id\":\"https:\\\/\\\/all4camper.com\\\/cs\\\/kategorizace-kempu-v-cr\\\/#breadcrumb\"},\"inLanguage\":\"cs\",\"potentialAction\":[{\"@type\":\"ReadAction\",\"target\":[\"https:\\\/\\\/all4camper.com\\\/cs\\\/kategorizace-kempu-v-cr\\\/\"]}]},{\"@type\":\"ImageObject\",\"inLanguage\":\"cs\",\"@id\":\"https:\\\/\\\/all4camper.com\\\/cs\\\/kategorizace-kempu-v-cr\\\/#primaryimage\",\"url\":\"https:\\\/\\\/all4camper.com\\\/wp-content\\\/uploads\\\/2018\\\/03\\\/girl-2755487_640.jpg\",\"contentUrl\":\"https:\\\/\\\/all4camper.com\\\/wp-content\\\/uploads\\\/2018\\\/03\\\/girl-2755487_640.jpg\",\"width\":601,\"height\":400},{\"@type\":\"BreadcrumbList\",\"@id\":\"https:\\\/\\\/all4camper.com\\\/cs\\\/kategorizace-kempu-v-cr\\\/#breadcrumb\",\"itemListElement\":[{\"@type\":\"ListItem\",\"position\":1,\"name\":\"Dom\u016f\",\"item\":\"https:\\\/\\\/all4camper.com\\\/cs\\\/\"},{\"@type\":\"ListItem\",\"position\":2,\"name\":\"Cestujeme a kempujeme v \u010cR\",\"item\":\"https:\\\/\\\/all4camper.com\\\/cs\\\/category\\\/cestujeme-a-kempujeme-v-cr\\\/\"},{\"@type\":\"ListItem\",\"position\":3,\"name\":\"Kategorizace kemp\u016f v \u010cR\"}]},{\"@type\":\"WebSite\",\"@id\":\"https:\\\/\\\/all4camper.com\\\/cs\\\/#website\",\"url\":\"https:\\\/\\\/all4camper.com\\\/cs\\\/\",\"name\":\"All4Camper\",\"description\":\"Nejv\u011bt\u0161\u00ed online magaz\u00edn o kempov\u00e1n\u00ed a karavaninku. V\u00edce jak 900 \u010dl\u00e1nk\u016f pln\u00fdch rad a tip\u016f o kempech a kempov\u00e1n\u00ed.\",\"publisher\":{\"@id\":\"https:\\\/\\\/all4camper.com\\\/cs\\\/#organization\"},\"potentialAction\":[{\"@type\":\"SearchAction\",\"target\":{\"@type\":\"EntryPoint\",\"urlTemplate\":\"https:\\\/\\\/all4camper.com\\\/cs\\\/?s={search_term_string}\"},\"query-input\":{\"@type\":\"PropertyValueSpecification\",\"valueRequired\":true,\"valueName\":\"search_term_string\"}}],\"inLanguage\":\"cs\"},{\"@type\":\"Organization\",\"@id\":\"https:\\\/\\\/all4camper.com\\\/cs\\\/#organization\",\"name\":\"All4Camper - kempujeme s Kl\u00e1rou\",\"url\":\"https:\\\/\\\/all4camper.com\\\/cs\\\/\",\"logo\":{\"@type\":\"ImageObject\",\"inLanguage\":\"cs\",\"@id\":\"https:\\\/\\\/all4camper.com\\\/cs\\\/#\\\/schema\\\/logo\\\/image\\\/\",\"url\":\"https:\\\/\\\/all4camper.com\\\/wp-content\\\/uploads\\\/2018\\\/09\\\/novelogo.png\",\"contentUrl\":\"https:\\\/\\\/all4camper.com\\\/wp-content\\\/uploads\\\/2018\\\/09\\\/novelogo.png\",\"width\":1520,\"height\":600,\"caption\":\"All4Camper - kempujeme s Kl\u00e1rou\"},\"image\":{\"@id\":\"https:\\\/\\\/all4camper.com\\\/cs\\\/#\\\/schema\\\/logo\\\/image\\\/\"}},{\"@type\":\"Person\",\"@id\":\"https:\\\/\\\/all4camper.com\\\/cs\\\/#\\\/schema\\\/person\\\/c6f1efdf1d02bc7d8c53a891cbe18c62\",\"name\":\"Kl\u00e1ra H\u00e1jkov\u00e1\",\"sameAs\":[\"http:\\\/\\\/www.all4camper.com\"],\"url\":\"https:\\\/\\\/all4camper.com\\\/cs\\\/author\\\/klarinkacestuje1\\\/\"}]}<\/script>\n<!-- \/ Yoast SEO plugin. -->","yoast_head_json":{"title":"Kategorizace kemp\u016f v \u010cR","description":"All4Camper - Kategorizace kemp\u016f v \u010cR","robots":{"index":"index","follow":"follow","max-snippet":"max-snippet:-1","max-image-preview":"max-image-preview:large","max-video-preview":"max-video-preview:-1"},"canonical":"https:\/\/all4camper.com\/cs\/kategorizace-kempu-v-cr\/","og_locale":"cs_CZ","og_type":"article","og_title":"Kategorizace kemp\u016f v \u010cR","og_description":"All4Camper - Kategorizace kemp\u016f v \u010cR","og_url":"https:\/\/all4camper.com\/cs\/kategorizace-kempu-v-cr\/","og_site_name":"All4Camper","article_published_time":"2018-03-28T12:44:49+00:00","article_modified_time":"2020-05-22T13:11:31+00:00","og_image":[{"width":601,"height":400,"url":"https:\/\/all4camper.com\/wp-content\/uploads\/2018\/03\/girl-2755487_640.jpg","type":"image\/jpeg"}],"author":"Kl\u00e1ra H\u00e1jkov\u00e1","twitter_card":"summary_large_image","twitter_misc":{"Napsal(a)":"Kl\u00e1ra H\u00e1jkov\u00e1","Odhadovan\u00e1 doba \u010dten\u00ed":"6 minut"},"schema":{"@context":"https:\/\/schema.org","@graph":[{"@type":"Article","@id":"https:\/\/all4camper.com\/cs\/kategorizace-kempu-v-cr\/#article","isPartOf":{"@id":"https:\/\/all4camper.com\/cs\/kategorizace-kempu-v-cr\/"},"author":{"name":"Kl\u00e1ra H\u00e1jkov\u00e1","@id":"https:\/\/all4camper.com\/cs\/#\/schema\/person\/c6f1efdf1d02bc7d8c53a891cbe18c62"},"headline":"Kategorizace kemp\u016f v \u010cR","datePublished":"2018-03-28T12:44:49+00:00","dateModified":"2020-05-22T13:11:31+00:00","mainEntityOfPage":{"@id":"https:\/\/all4camper.com\/cs\/kategorizace-kempu-v-cr\/"},"wordCount":1154,"publisher":{"@id":"https:\/\/all4camper.com\/cs\/#organization"},"image":{"@id":"https:\/\/all4camper.com\/cs\/kategorizace-kempu-v-cr\/#primaryimage"},"thumbnailUrl":"https:\/\/all4camper.com\/wp-content\/uploads\/2018\/03\/girl-2755487_640.jpg","keywords":["Rady-tipy-informace"],"articleSection":["Cestujeme a kempujeme v \u010cR","Rady, tipy, informace"],"inLanguage":"cs"},{"@type":"WebPage","@id":"https:\/\/all4camper.com\/cs\/kategorizace-kempu-v-cr\/","url":"https:\/\/all4camper.com\/cs\/kategorizace-kempu-v-cr\/","name":"Kategorizace kemp\u016f v \u010cR","isPartOf":{"@id":"https:\/\/all4camper.com\/cs\/#website"},"primaryImageOfPage":{"@id":"https:\/\/all4camper.com\/cs\/kategorizace-kempu-v-cr\/#primaryimage"},"image":{"@id":"https:\/\/all4camper.com\/cs\/kategorizace-kempu-v-cr\/#primaryimage"},"thumbnailUrl":"https:\/\/all4camper.com\/wp-content\/uploads\/2018\/03\/girl-2755487_640.jpg","datePublished":"2018-03-28T12:44:49+00:00","dateModified":"2020-05-22T13:11:31+00:00","description":"All4Camper - Kategorizace kemp\u016f v \u010cR","breadcrumb":{"@id":"https:\/\/all4camper.com\/cs\/kategorizace-kempu-v-cr\/#breadcrumb"},"inLanguage":"cs","potentialAction":[{"@type":"ReadAction","target":["https:\/\/all4camper.com\/cs\/kategorizace-kempu-v-cr\/"]}]},{"@type":"ImageObject","inLanguage":"cs","@id":"https:\/\/all4camper.com\/cs\/kategorizace-kempu-v-cr\/#primaryimage","url":"https:\/\/all4camper.com\/wp-content\/uploads\/2018\/03\/girl-2755487_640.jpg","contentUrl":"https:\/\/all4camper.com\/wp-content\/uploads\/2018\/03\/girl-2755487_640.jpg","width":601,"height":400},{"@type":"BreadcrumbList","@id":"https:\/\/all4camper.com\/cs\/kategorizace-kempu-v-cr\/#breadcrumb","itemListElement":[{"@type":"ListItem","position":1,"name":"Dom\u016f","item":"https:\/\/all4camper.com\/cs\/"},{"@type":"ListItem","position":2,"name":"Cestujeme a kempujeme v \u010cR","item":"https:\/\/all4camper.com\/cs\/category\/cestujeme-a-kempujeme-v-cr\/"},{"@type":"ListItem","position":3,"name":"Kategorizace kemp\u016f v \u010cR"}]},{"@type":"WebSite","@id":"https:\/\/all4camper.com\/cs\/#website","url":"https:\/\/all4camper.com\/cs\/","name":"All4Camper","description":"Nejv\u011bt\u0161\u00ed online magaz\u00edn o kempov\u00e1n\u00ed a karavaninku. V\u00edce jak 900 \u010dl\u00e1nk\u016f pln\u00fdch rad a tip\u016f o kempech a kempov\u00e1n\u00ed.","publisher":{"@id":"https:\/\/all4camper.com\/cs\/#organization"},"potentialAction":[{"@type":"SearchAction","target":{"@type":"EntryPoint","urlTemplate":"https:\/\/all4camper.com\/cs\/?s={search_term_string}"},"query-input":{"@type":"PropertyValueSpecification","valueRequired":true,"valueName":"search_term_string"}}],"inLanguage":"cs"},{"@type":"Organization","@id":"https:\/\/all4camper.com\/cs\/#organization","name":"All4Camper - kempujeme s Kl\u00e1rou","url":"https:\/\/all4camper.com\/cs\/","logo":{"@type":"ImageObject","inLanguage":"cs","@id":"https:\/\/all4camper.com\/cs\/#\/schema\/logo\/image\/","url":"https:\/\/all4camper.com\/wp-content\/uploads\/2018\/09\/novelogo.png","contentUrl":"https:\/\/all4camper.com\/wp-content\/uploads\/2018\/09\/novelogo.png","width":1520,"height":600,"caption":"All4Camper - kempujeme s Kl\u00e1rou"},"image":{"@id":"https:\/\/all4camper.com\/cs\/#\/schema\/logo\/image\/"}},{"@type":"Person","@id":"https:\/\/all4camper.com\/cs\/#\/schema\/person\/c6f1efdf1d02bc7d8c53a891cbe18c62","name":"Kl\u00e1ra H\u00e1jkov\u00e1","sameAs":["http:\/\/www.all4camper.com"],"url":"https:\/\/all4camper.com\/cs\/author\/klarinkacestuje1\/"}]}},"_links":{"self":[{"href":"https:\/\/all4camper.com\/cs\/wp-json\/wp\/v2\/posts\/15893","targetHints":{"allow":["GET"]}}],"collection":[{"href":"https:\/\/all4camper.com\/cs\/wp-json\/wp\/v2\/posts"}],"about":[{"href":"https:\/\/all4camper.com\/cs\/wp-json\/wp\/v2\/types\/post"}],"author":[{"embeddable":true,"href":"https:\/\/all4camper.com\/cs\/wp-json\/wp\/v2\/users\/4"}],"replies":[{"embeddable":true,"href":"https:\/\/all4camper.com\/cs\/wp-json\/wp\/v2\/comments?post=15893"}],"version-history":[{"count":0,"href":"https:\/\/all4camper.com\/cs\/wp-json\/wp\/v2\/posts\/15893\/revisions"}],"wp:featuredmedia":[{"embeddable":true,"href":"https:\/\/all4camper.com\/cs\/wp-json\/wp\/v2\/media\/15895"}],"wp:attachment":[{"href":"https:\/\/all4camper.com\/cs\/wp-json\/wp\/v2\/media?parent=15893"}],"wp:term":[{"taxonomy":"category","embeddable":true,"href":"https:\/\/all4camper.com\/cs\/wp-json\/wp\/v2\/categories?post=15893"},{"taxonomy":"post_tag","embeddable":true,"href":"https:\/\/all4camper.com\/cs\/wp-json\/wp\/v2\/tags?post=15893"}],"curies":[{"name":"wp","href":"https:\/\/api.w.org\/{rel}","templated":true}]}}