{"id":15652,"date":"2018-03-14T15:18:41","date_gmt":"2018-03-14T14:18:41","guid":{"rendered":"https:\/\/all4camper.com\/\/?p=15652"},"modified":"2019-09-19T12:25:53","modified_gmt":"2019-09-19T10:25:53","slug":"kempujeme-v-jiznich-cechach","status":"publish","type":"post","link":"https:\/\/all4camper.com\/cs\/kempujeme-v-jiznich-cechach\/","title":{"rendered":"Kempujeme v ji\u017en\u00edch \u010cech\u00e1ch"},"content":{"rendered":"<p><span style=\"font-weight: 400;\">V tomto p\u0159\u00edsp\u011bvku bych V\u00e1m r\u00e1da p\u0159edstavila ji\u017en\u00ed \u010cechy, kter\u00e9 ka\u017edoro\u010dn\u011b nav\u0161t\u00edv\u00ed mnoho turist\u016f a pr\u00e1vem pat\u0159\u00ed mezi nejobl\u00edben\u011bj\u0161\u00ed turistick\u00e9 destinace. V\u017edy\u0165 kde jinde, ne\u017e pr\u00e1v\u011b v ji\u017en\u00edch \u010cech\u00e1ch, najdete tolik zaj\u00edmavost\u00ed najednou.<\/span><!--more--><\/p>\n<p><span style=\"font-weight: 400;\">Vyhl\u00e1\u0161en\u00e1 chr\u00e1n\u011bn\u00e1 \u00fazem\u00ed, <strong>historick\u00e9 objekty, rybn\u00edky posazen\u00e9 do n\u00e1dhern\u00e9 krajiny, borov\u00e9 lesy a rozs\u00e1hl\u00e1 ra\u0161elini\u0161t\u011b<\/strong>. To v\u0161e m\u016f\u017eete nav\u0161t\u00edvit v okol\u00ed \u010cesk\u00fdch Bud\u011bjovic, T\u0159ebon\u011b \u010di Vesel\u00ed nad Lu\u017enic\u00ed.<\/span><\/p>\n<figure id=\"attachment_15653\" aria-describedby=\"caption-attachment-15653\" style=\"width: 600px\" class=\"wp-caption aligncenter\"><img loading=\"lazy\" decoding=\"async\" class=\"wp-image-15653 size-full\" src=\"https:\/\/all4camper.com\/\/wp-content\/uploads\/2018\/03\/Trebon.jpg\" alt=\"\" width=\"600\" height=\"400\" srcset=\"https:\/\/all4camper.com\/wp-content\/uploads\/2018\/03\/Trebon.jpg 600w, https:\/\/all4camper.com\/wp-content\/uploads\/2018\/03\/Trebon-300x200.jpg 300w, https:\/\/all4camper.com\/wp-content\/uploads\/2018\/03\/Trebon-150x100.jpg 150w\" sizes=\"auto, (max-width: 600px) 100vw, 600px\" \/><figcaption id=\"caption-attachment-15653\" class=\"wp-caption-text\">T\u0159ebo\u0148<\/figcaption><\/figure>\n<p><span style=\"font-weight: 400;\">Milovn\u00edky hor a aktivn\u00ed dovolen\u00e9 zase pot\u011b\u0161\u00ed krajina majest\u00e1tn\u00e9<strong> \u0160umavy, Novohradsk\u00fdch hor a Blansk\u00e9ho lesa<\/strong>. Jihov\u00fdchodn\u011b od Jind\u0159ichova Hradce najdete t\u00e9m\u011b\u0159 divokou p\u0159\u00edrodu, voln\u011b roztrou\u0161en\u00e9 \u017eulov\u00e9 bloky, vysok\u00e9 vrchy a velk\u00e9 rybn\u00edky. <strong>To v\u0161e dopln\u011bn\u00e9 mnoha turistick\u00fdmi stezkami.<\/strong><\/span><\/p>\n<figure id=\"attachment_15654\" aria-describedby=\"caption-attachment-15654\" style=\"width: 600px\" class=\"wp-caption aligncenter\"><img loading=\"lazy\" decoding=\"async\" class=\"wp-image-15654 size-full\" src=\"https:\/\/all4camper.com\/\/wp-content\/uploads\/2018\/03\/Novohradsko-Doudlebsko.jpg\" alt=\"\" width=\"600\" height=\"400\" srcset=\"https:\/\/all4camper.com\/wp-content\/uploads\/2018\/03\/Novohradsko-Doudlebsko.jpg 600w, https:\/\/all4camper.com\/wp-content\/uploads\/2018\/03\/Novohradsko-Doudlebsko-300x200.jpg 300w, https:\/\/all4camper.com\/wp-content\/uploads\/2018\/03\/Novohradsko-Doudlebsko-150x100.jpg 150w\" sizes=\"auto, (max-width: 600px) 100vw, 600px\" \/><figcaption id=\"caption-attachment-15654\" class=\"wp-caption-text\">Novohradsko-Doudlebsko<\/figcaption><\/figure>\n<p><span style=\"font-weight: 400;\">Pod\u00edv\u00e1me-li se <strong>na sever tohoto regionu<\/strong>, pak prvn\u00ed, co V\u00e1s zaujme, je malebn\u00e9<strong> P\u00edsecko<\/strong> nab\u00edzej\u00edc\u00ed v\u00fdlety za pozn\u00e1n\u00edm, z\u00e1bavou a toulkami neporu\u0161enou p\u0159\u00edrodou. Nesm\u00edm v\u0161ak zapomenout ani na <strong>T\u00e1borsko<\/strong>, kter\u00e9 je zn\u00e1m\u00e9 zejm\u00e9na d\u00edky sv\u00e9mu husitsk\u00e9mu obdob\u00ed a z\u0159\u00edcenin\u011b hradu Koz\u00ed Hr\u00e1dek, na kter\u00e9m p\u016fsobil i mistr Jan Hus v dob\u011b sv\u00e9ho z\u00e1kazu k\u00e1zat v Praze.<\/span><\/p>\n<figure id=\"attachment_15655\" aria-describedby=\"caption-attachment-15655\" style=\"width: 603px\" class=\"wp-caption aligncenter\"><img loading=\"lazy\" decoding=\"async\" class=\"wp-image-15655 size-full\" src=\"https:\/\/all4camper.com\/\/wp-content\/uploads\/2018\/03\/Kozi-hradek.jpg\" alt=\"\" width=\"603\" height=\"400\" srcset=\"https:\/\/all4camper.com\/wp-content\/uploads\/2018\/03\/Kozi-hradek.jpg 603w, https:\/\/all4camper.com\/wp-content\/uploads\/2018\/03\/Kozi-hradek-300x199.jpg 300w, https:\/\/all4camper.com\/wp-content\/uploads\/2018\/03\/Kozi-hradek-150x100.jpg 150w\" sizes=\"auto, (max-width: 603px) 100vw, 603px\" \/><figcaption id=\"caption-attachment-15655\" class=\"wp-caption-text\">Koz\u00ed Hr\u00e1dek<\/figcaption><\/figure>\n<p><b>Jak\u00e9 dal\u0161\u00ed zaj\u00edmavosti m\u016f\u017eete v Ji\u017en\u00edch \u010cech\u00e1ch nav\u0161t\u00edvit a kde kempovat?<\/b><\/p>\n<p><span style=\"font-weight: 400;\"><strong>Spole\u010dn\u011b s <a href=\"http:\/\/www.jiznicechy.cz\/\" target=\"_blank\" rel=\"noopener noreferrer\">Jiho\u010desk\u00fdm krajem<\/a> jsem pro V\u00e1s p\u0159ipravila p\u011bt tip\u016f<\/strong> a v\u011b\u0159\u00edm, \u017ee V\u00e1s zaujmou a pomohou p\u0159i Va\u0161em rozhodov\u00e1n\u00ed, kde letos tr\u00e1vit kempovac\u00ed dovolenou, nebo v\u00edkend.<\/span><\/p>\n<h3><b>Tipy na v\u00fdlety a dovolen\u00e9 v Ji\u017en\u00edch \u010cech\u00e1ch<\/b><\/h3>\n<h3><b>1. \u010cERTOVA ST\u011aNA<\/b><\/h3>\n<p><span style=\"font-weight: 400;\">\u010certova st\u011bna je divok\u00fd skaln\u00ed sr\u00e1z poset\u00fd chaoticky nakupen\u00fdmi \u017eulov\u00fdmi balvany \u2013 kamenn\u00fdm mo\u0159em nad hlubok\u00fdm \u00fadol\u00edm Vltavy. Kolem rostou borovice a b\u0159\u00edzy velmi neobvykl\u00fdch tvar\u016f. Nad \u00fadol\u00edm se vyp\u00edn\u00e1 p\u0159es 30 metr\u016f vysok\u00fd skaln\u00ed blok &#8211; <strong>\u010certova kazatelna<\/strong>, ze kter\u00e9 je <strong>p\u0159ekr\u00e1sn\u00fd pohled na romantick\u00e9 \u0159e\u010di\u0161t\u011b Vltavy<\/strong>. \u00datvar byl inspirac\u00ed Bed\u0159icha Smetany, kter\u00fd zhudebnil libreto E. Kr\u00e1snohorsk\u00e9 ve sv\u00e9 ope\u0159e \u010certova st\u011bna.<\/span><\/p>\n<p><img loading=\"lazy\" decoding=\"async\" class=\"aligncenter wp-image-15656 size-full\" src=\"https:\/\/all4camper.com\/\/wp-content\/uploads\/2018\/03\/\u010certova-st\u011bna.jpg\" alt=\"\" width=\"657\" height=\"400\" srcset=\"https:\/\/all4camper.com\/wp-content\/uploads\/2018\/03\/\u010certova-st\u011bna.jpg 657w, https:\/\/all4camper.com\/wp-content\/uploads\/2018\/03\/\u010certova-st\u011bna-300x183.jpg 300w, https:\/\/all4camper.com\/wp-content\/uploads\/2018\/03\/\u010certova-st\u011bna-150x91.jpg 150w\" sizes=\"auto, (max-width: 657px) 100vw, 657px\" \/><\/p>\n<p><span style=\"font-weight: 400;\">Pod \u010certovou st\u011bnou prot\u00e9k\u00e1 Vltava balvanit\u00fdm korytem, kter\u00e9 je naz\u00fdv\u00e1no \u010certovy proudy. \u0158e\u010di\u0161t\u011b je zapln\u011bno mohutn\u00fdmi balvany s erozn\u00edmi projevy jako vymlet\u00e9 &#8222;ob\u0159\u00ed hrnce&#8220; v balvanech.&nbsp;<\/span><span style=\"font-weight: 400;\">V\u00edce informac\u00ed o \u010certov\u011b st\u011bn\u011b najdete na tomto <\/span><a href=\"https:\/\/www.jiznicechy.cz\/tipy-na-vylet\/88-certova-stena\" target=\"_blank\" rel=\"noopener noreferrer\"><span style=\"font-weight: 400;\">odkazu.<\/span><\/a><\/p>\n<p>GPS:&nbsp;48.631214, 14.277663<\/p>\n<p>Parkovi\u0161t\u011b:&nbsp;48.630953, 14.281215<\/p>\n<p><b>Kempov\u00e1n\u00ed v okol\u00ed<\/b><\/p>\n<p><span style=\"font-weight: 400;\">Pokud se rozhodnete nav\u0161t\u00edvit \u010certovu st\u011bnu, pak V\u00e1s jist\u011b pot\u011b\u0161\u00ed jej\u00ed poloha nedaleko vodn\u00ed n\u00e1dr\u017ee Lipno. D\u00edky tomu tak m\u016f\u017eete v letn\u00edch dnech spojit p\u011b\u0161\u00ed v\u00fdlet s koup\u00e1n\u00edm a t\u0159eba i pobytem ve zdej\u0161\u00edch kempech. <strong>Nejbl\u00ed\u017ee najdete ATC Mod\u0159\u00edn, nebo Camping Lipno Mod\u0159\u00edn<\/strong>.<\/span><\/p>\n<p><span style=\"font-weight: 400;\">Pokud se chcete vyhnout pobytu u vodn\u00ed n\u00e1dr\u017ee, pak dal\u0161\u00edm kempem v nejbli\u017e\u0161\u00edm okol\u00edm je <strong>vod\u00e1ck\u00fd kemp Pod Hr\u00e1z\u00ed<\/strong>, kter\u00fd nab\u00edz\u00ed i ubytov\u00e1n\u00ed v chatk\u00e1ch a samoz\u0159ejm\u011b tak roz\u0161i\u0159uje mo\u017enosti tr\u00e1ven\u00ed Va\u0161\u00ed aktivn\u00ed dovolen\u00e9, nebo\u0165 p\u0159\u00edmo v are\u00e1lu najdete i p\u016fj\u010dovnu lod\u00ed.<\/span><\/p>\n<h3><b>2. Z Fymburka na na V\u00edtk\u016fv Hr\u00e1dek a sv. Tom\u00e1\u0161e&nbsp;<\/b><\/h3>\n<p><span style=\"font-weight: 400;\">Cesta na vrchol <strong>k hradu V\u00edtk\u016fv Hr\u00e1dek vede kr\u00e1sn\u00fdm \u0161umavsk\u00fdm lesem <\/strong>a\u017e do v\u00fd\u0161ky 1053 metr\u016f. <\/span><b>Nejd\u0159\u00edve je t\u0159eba p\u0159ejet p\u0159\u00edvozem <\/b><span style=\"font-weight: 400;\">z nedalek\u00e9ho Frymburku na protilehlou Fr\u00fddavu a pot\u00e9 se vydat asi 6 km po asfaltov\u00e9 cest\u011b \u010di lesem sm\u011brem do kopce k vrcholu V\u00edtk\u016fv k\u00e1men. <strong>Na jeho odvr\u00e1cen\u00e9 stran\u011b le\u017e\u00ed ve v\u00fd\u0161ce 970 metr\u016f mal\u00e1 osada Svat\u00fd Tom\u00e1\u0161.<\/strong> V jej\u00edm okol\u00ed je hezk\u00e1 krajina s mno\u017estv\u00edm chr\u00e1n\u011bn\u00fdch rostlin, vyskytuje se zde mimo srn\u010d\u00ed a jelen\u00ed zv\u011b\u0159e i rys a los.<\/span><\/p>\n<figure id=\"attachment_15657\" aria-describedby=\"caption-attachment-15657\" style=\"width: 657px\" class=\"wp-caption aligncenter\"><img loading=\"lazy\" decoding=\"async\" class=\"wp-image-15657 size-full\" src=\"https:\/\/all4camper.com\/\/wp-content\/uploads\/2018\/03\/V\u00edtk\u016fv-hr\u00e1dek.jpg\" alt=\"\" width=\"657\" height=\"400\" srcset=\"https:\/\/all4camper.com\/wp-content\/uploads\/2018\/03\/V\u00edtk\u016fv-hr\u00e1dek.jpg 657w, https:\/\/all4camper.com\/wp-content\/uploads\/2018\/03\/V\u00edtk\u016fv-hr\u00e1dek-300x183.jpg 300w, https:\/\/all4camper.com\/wp-content\/uploads\/2018\/03\/V\u00edtk\u016fv-hr\u00e1dek-150x91.jpg 150w\" sizes=\"auto, (max-width: 657px) 100vw, 657px\" \/><figcaption id=\"caption-attachment-15657\" class=\"wp-caption-text\">V\u00edtk\u016fv Hr\u00e1dek<\/figcaption><\/figure>\n<p><span style=\"font-weight: 400;\">Po absolvov\u00e1n\u00ed kr\u00e1sn\u00e9 cesty k vrcholu si m\u016f\u017eete prohl\u00e9dnout kostel ze 13. stolet\u00ed, nebo Schwarzenbersk\u00fd loveck\u00fd z\u00e1me\u010dek z roku 1860.&nbsp;<\/span><span style=\"font-weight: 400;\">O 83 metr\u016f v\u00fd\u0161e, nad osadou, najdete z\u0159\u00edceninu str\u00e1\u017en\u00e9ho hradu <strong>V\u00edtk\u016fv hr\u00e1dek z 13. stolet\u00ed o kter\u00e9m se v\u00ed, \u017ee je nejv\u00fd\u0161e polo\u017een\u00fdm hradem v \u010cR<\/strong>. Na z\u0159\u00edcenin\u011b najdete tak\u00e9 vyhl\u00eddkovou plo\u0161inu. <strong>Za p\u011bkn\u00e9ho po\u010das\u00ed je vid\u011bt p\u0159ekr\u00e1sn\u00e9 panorama Alp<\/strong>.&nbsp;<\/span><span style=\"font-weight: 400;\">V\u00edce informac\u00ed o t\u00e9to trase najdete na tomto <\/span><a href=\"https:\/\/www.jiznicechy.cz\/tipy-na-vylet\/121-z-frymburka-privozem-na-vitkuv-hradek-a-sv-tomas\" target=\"_blank\" rel=\"noopener noreferrer\"><span style=\"font-weight: 400;\">odkazu<\/span><\/a><\/p>\n<p>GPS:&nbsp;48.645116, 14.103081<\/p>\n<p><b>Kempov\u00e1n\u00ed v okol\u00ed<\/b><\/p>\n<p><span style=\"font-weight: 400;\">I v tomto p\u0159\u00edpad\u011b jsme jen kousek od vodn\u00ed n\u00e1dr\u017ee Lipno, tentokr\u00e1t ve Frymburku, kde m\u016f\u017eete kempovat v <strong>ACT V\u0159esn\u00e1, nebo Campu V\u0159esn\u00e1<\/strong>.<\/span><\/p>\n<p><span style=\"font-weight: 400;\">Pokud budete cht\u00edt z\u016fstat pouze p\u0159es noc a vlastn\u00edte karavan, pak m\u016f\u017eete vyu\u017e\u00edt st\u00e1n\u00ed na parkovi\u0161ti na t\u011bchto sou\u0159adnic\u00edch 48.638886, 14.129309 a nebo kousek od kostela svat\u00e9ho Tom\u00e1\u0161e. <strong>D\u016frazn\u011b v\u0161ak upozor\u0148uji v\u0161echny karavanisty, \u017ee toto nen\u00ed m\u00edsto pro kempov\u00e1n\u00ed, ale m\u016f\u017eete zde na kr\u00e1tkou dobu postavit sv\u016fj v\u016fz.<\/strong> <\/span><\/p>\n<h3><b>3. Nau\u010dn\u00e1 stezka Nad\u011bjkov<\/b><\/h3>\n<p><span style=\"font-weight: 400;\">Malebn\u00e1 obec Nad\u011bjkov le\u017e\u00ed v zelen\u00e9, t\u00e9m\u011b\u0159 opu\u0161t\u011bn\u00e9 krajin\u011b, kde jako by se <strong>p\u0159ed sto lety zastavil \u010das<\/strong>. Vydejte se po stop\u00e1ch star\u00fdch kamenn\u00fdch k\u0159\u00ed\u017e\u016f, poh\u00e1dek a m\u00fdt\u016f, Kelt\u016f a lid\u00ed, kter\u00e9 v t\u00e9to krajin\u011b po v\u011bky \u017eili v souzn\u011bn\u00ed s p\u0159\u00edrodou.<\/span><\/p>\n<p><img loading=\"lazy\" decoding=\"async\" class=\"aligncenter wp-image-15658 size-full\" src=\"https:\/\/all4camper.com\/\/wp-content\/uploads\/2018\/03\/Nad\u011bjskovsko.jpg\" alt=\"\" width=\"657\" height=\"400\" srcset=\"https:\/\/all4camper.com\/wp-content\/uploads\/2018\/03\/Nad\u011bjskovsko.jpg 657w, https:\/\/all4camper.com\/wp-content\/uploads\/2018\/03\/Nad\u011bjskovsko-300x183.jpg 300w, https:\/\/all4camper.com\/wp-content\/uploads\/2018\/03\/Nad\u011bjskovsko-150x91.jpg 150w\" sizes=\"auto, (max-width: 657px) 100vw, 657px\" \/><\/p>\n<p><span style=\"font-weight: 400;\">Budete proch\u00e1zet po zelen\u00fdch louk\u00e1ch, kde se pasou st\u00e1da krav, kolem rybn\u00edk\u016f, \u00favozy i kolem rouben\u00fdch chalup. Setk\u00e1te se s vodn\u00edkem, nebo tajemnou Babou &#8211; starou Keltskou bohyn\u00ed.&nbsp;<\/span><span style=\"font-weight: 400;\">Tato stezka m\u00e1 dva okruhy a <strong>milovn\u00edci Geocachingu si tu tak\u00e9 p\u0159ijdou na sv\u00e9<\/strong>.&nbsp;<\/span><span style=\"font-weight: 400;\">Odkaz na popis ke\u0161ky <\/span><a href=\"https:\/\/www.geocaching.com\/geocache\/GC1ET6H_nadejkovska-stezka?guid=8caa0c7e-1229-48f1-b1e8-5b7621709133\"><span style=\"font-weight: 400;\">Nadejkovska stezka<\/span><\/a><span style=\"font-weight: 400;\">, <\/span><a href=\"http:\/\/www.nadejkov.cz\/naucna-stezka\"><span style=\"font-weight: 400;\">odkaz<\/span><\/a><span style=\"font-weight: 400;\"> na detailn\u00ed informace o stezce.<\/span><\/p>\n<p>GPS:&nbsp;49.503547, 14.479232<\/p>\n<p><b>Kempov\u00e1n\u00ed v okol\u00ed<\/b><\/p>\n<p><b>V\u00e1\u0161\u016fv ml\u00fdn<\/b><\/p>\n<p><span style=\"font-weight: 400;\">Na tento kemp jsem narazila \u00faplnou n\u00e1hodou a mus\u00edm \u0159\u00edci, \u017ee m\u011b nadchl. Najdete jej v klidn\u00e9 lokalit\u011b, na samot\u011b pod hr\u00e1z\u00ed stejnojmenn\u00e9ho rybn\u00edka V\u00e1\u0161\u016fv ml\u00fdn, a milovn\u00edky sportovn\u00edho ryba\u0159en\u00ed jist\u011b pot\u011b\u0161\u00ed informace o mo\u017enosti rybolovu p\u0159\u00edmo v kempu.<\/span><\/p>\n<p><b>Kemp Krou\u017eky nad Monincem<\/b><\/p>\n<p><span style=\"font-weight: 400;\">Dal\u0161\u00ed z kemp\u016f, kter\u00fd mne zaujal, i kdy\u017e ne tak pro sv\u00e9 vybaven\u00ed, ale rozhodn\u011b pro t\u00e9ma, kter\u00e9mu se v\u011bnuje. Po\u0159\u00e1d\u00e1 toti\u017e i v\u00edkendov\u00e9, nebo t\u00fddenn\u00ed \u201ct\u00e1bory\u201d pro rodiny s d\u011btmi. My\u0161lenka se mi hodn\u011b l\u00edb\u00ed a p\u0159eji kempu \u00fasp\u011bch. T\u0159eba o n\u011bm je\u0161t\u011b n\u011bkdy nap\u00ed\u0161i v\u00edce.<\/span><\/p>\n<h3><b> <\/b><a href=\"http:\/\/houbovypark.cz\/\"><b>4.Houbov\u00fd park a r\u00e1j sk\u0159\u00edtk\u016f<\/b><\/a><\/h3>\n<p><span style=\"font-weight: 400;\">V malebn\u00e9 obci Rose\u010d, asi 12 km od Jind\u0159ichova Hradce, najdete tento poh\u00e1dkov\u00fd r\u00e1j pro d\u011bti a jejich rodi\u010de.<\/span><\/p>\n<p><span style=\"font-weight: 400;\"><strong>Na co se m\u016f\u017eete t\u011b\u0161it?<\/strong> V zahrad\u011b Sk\u0159\u00edtk\u016f objev\u00edte mnoho zaj\u00edmav\u00fdch rostlin, d\u011bti zcela jist\u011b zaujme interaktivn\u00ed poh\u00e1dka. V parku se nach\u00e1z\u00ed i n\u011bkolik t\u00e9matick\u00fdch stezek, kter\u00e9 poutavou formou seznamuj\u00ed n\u00e1v\u0161t\u011bvn\u00edky s vesm\u00edrem, dinosaury a nebo houbami v na\u0161ich les\u00edch. Po celou dobu n\u00e1v\u0161t\u011bvy parku V\u00e1m budou d\u011blat spole\u010dnost pracovit\u00ed Sk\u0159\u00edtkov\u00e9 u sv\u00fdch dome\u010dk\u016f.<\/span><\/p>\n<p><img loading=\"lazy\" decoding=\"async\" class=\"aligncenter wp-image-15659 size-full\" src=\"https:\/\/all4camper.com\/\/wp-content\/uploads\/2018\/03\/Houbov\u00fd-park.jpg\" alt=\"\" width=\"657\" height=\"400\" srcset=\"https:\/\/all4camper.com\/wp-content\/uploads\/2018\/03\/Houbov\u00fd-park.jpg 657w, https:\/\/all4camper.com\/wp-content\/uploads\/2018\/03\/Houbov\u00fd-park-300x183.jpg 300w, https:\/\/all4camper.com\/wp-content\/uploads\/2018\/03\/Houbov\u00fd-park-150x91.jpg 150w\" sizes=\"auto, (max-width: 657px) 100vw, 657px\" \/><\/p>\n<p><span style=\"font-weight: 400;\">M\u00e1te-li r\u00e1di labyrinty, pak nezapome\u0148te nav\u0161t\u00edvit <\/span><a href=\"http:\/\/www.letovkukurici.cz\/\" target=\"_blank\" rel=\"noopener noreferrer\"><b>\u201eL\u00e9to v kuku\u0159ici\u201c<\/b><\/a><span style=\"font-weight: 400;\">. Labyrint m\u00e1 rozlohu zhruba jeden hektar a za zvl\u00e1dnut\u00ed \u00fakol\u016f a sout\u011b\u017e\u00ed v r\u00e1mci jeho proch\u00e1zen\u00ed, dostanou d\u011bti odm\u011bnu.<\/span><\/p>\n<p><span style=\"font-weight: 400;\">Pokud jim po tom v\u0161em zbylo je\u0161t\u011b dostatek energie, mohou ji vy\u010derpat p\u0159i prol\u00e9z\u00e1n\u00ed sl\u00e1mov\u00fdch bal\u00edk\u016f, zahr\u00e1t si badminton, fotbal, p\u00e9tanque, sk\u00e1kat na trampol\u00edn\u011b nebo se vykoupat v baz\u00e9nu s p\u00eds\u010ditou pl\u00e1\u017e\u00ed. V\u00edce informac\u00ed se dozv\u00edte na tomto <\/span><a href=\"https:\/\/www.jiznicechy.cz\/tipy-na-vylet\/82-s-detmi-do-rosece\"><span style=\"font-weight: 400;\">odkazu.<\/span><\/a><\/p>\n<p>GPS:&nbsp;49.129637, 14.911575<\/p>\n<p><b>Kempov\u00e1n\u00ed v okol\u00ed<\/b><\/p>\n<p><span style=\"font-weight: 400;\">Bohu\u017eel, v nejbli\u017e\u0161\u00edm okol\u00ed se nenach\u00e1z\u00ed \u017e\u00e1dn\u00fd kemp, ani stellplatz, kde byste mohli z\u016fstat del\u0161\u00ed dobu. Nejbli\u017e\u0161\u00ed kempem je tedy Kemp Ml\u00e1ka (Star\u00fd Hamr), vzd\u00e1len\u00fd od parku cca 15 km. Pokud se rozhodnete vz\u00edt s sebou na dovolenou kola, mohl by z toho b\u00fdt hezk\u00fd celodenn\u00ed v\u00fdlet na kolech spojen\u00fd se z\u00e1bavou.<\/span><\/p>\n<h3><b>5. P\u011b\u0161\u00ed v\u00fdlet &#8211; to nejhez\u010d\u00ed z \u010cesk\u00e9 Kanady<\/b><\/h3>\n<p><span style=\"font-weight: 400;\">Tento p\u011b\u0161\u00ed v\u00fdlet m\u016f\u017eete absolvovat ve dvou variant\u00e1ch a to v d\u00e9lce 14,9 km anebo 19 km.&nbsp;<\/span><span style=\"font-weight: 400;\">Trasa vede po zpevn\u011bn\u00fdch i nezpevn\u011bn\u00fdch cest\u00e1ch a je klasifikov\u00e1na na st\u0159edn\u011b t\u011b\u017ekou fyzickou n\u00e1ro\u010dnost. Vyd\u00e1te-li se s d\u011btmi, pak doporu\u010duji krat\u0161\u00ed variantu. <\/span><b>Trasa nen\u00ed vhodn\u00e1 pro ko\u010d\u00e1rky a voz\u00ed\u010dk\u00e1\u0159e.<\/b><\/p>\n<p><img loading=\"lazy\" decoding=\"async\" class=\"aligncenter wp-image-15660 size-full\" src=\"https:\/\/all4camper.com\/\/wp-content\/uploads\/2018\/03\/\u010cesk\u00e1-Kanada.jpg\" alt=\"\" width=\"600\" height=\"400\" srcset=\"https:\/\/all4camper.com\/wp-content\/uploads\/2018\/03\/\u010cesk\u00e1-Kanada.jpg 600w, https:\/\/all4camper.com\/wp-content\/uploads\/2018\/03\/\u010cesk\u00e1-Kanada-300x200.jpg 300w, https:\/\/all4camper.com\/wp-content\/uploads\/2018\/03\/\u010cesk\u00e1-Kanada-150x100.jpg 150w\" sizes=\"auto, (max-width: 600px) 100vw, 600px\" \/><\/p>\n<p><b>Kudy kam a zaj\u00edmav\u00e1 m\u00edsta na trase<\/b><\/p>\n<p><span style=\"font-weight: 400;\">Trasa za\u010d\u00edn\u00e1 v \u010cesk\u00e9m Rudolci s dominantou z\u00e1mku \u201eMal\u00e1 Hlubok\u00e1\u201c. Z\u00e1mek dlouh\u00e1 l\u00e9ta ch\u00e1tral, v sou\u010dasn\u00e9 dob\u011b v\u0161ak proch\u00e1z\u00ed rozs\u00e1hlou rekonstrukc\u00ed, kter\u00e1 z\u00e1mku postupn\u011b navrac\u00ed p\u016fvodn\u00ed lesk.<\/span><\/p>\n<p><span style=\"font-weight: 400;\">Tato stezka V\u00e1s \u010d\u00e1ste\u010dn\u011b povede po Graselov\u011b stezce, kde v\u00fdchoz\u00edm bodem je kostel sv. Jana K\u0159titele na n\u00e1vsi v \u010cesk\u00e9m Rudolci (49.068368, 15.324336). P\u016fjdete tak\u00e9 do Rad\u00edkova, Horn\u00edho Rad\u00edkova a kolem kask\u00e1dy rybn\u00edk\u016f.<\/span><\/p>\n<p><span style=\"font-weight: 400;\">Nebudete ochuzeni ani o Filipovy kameny, M\u011bd\u011bn\u00fd vrch, Havlovu horu a rozhlednou a lesoparkem U Jakuba p\u0159ipom\u00ednaj\u00edc\u00ed sv\u00fdm tvarem tu\u017eku. Z rozhledny je n\u00e1dhern\u00fd v\u00fdhled na velkou \u010d\u00e1st \u010cesk\u00e9 Kanady.<\/span><\/p>\n<p>O t\u00e9to rozhledn\u011b psala i blogerka Eva ve sv\u00e9m p\u0159\u00edsp\u011bvku&nbsp;<a href=\"https:\/\/uztambudem.net\/2017\/09\/22\/travel\/\" target=\"_blank\" rel=\"noopener noreferrer\">Rozhledna a lesopark U Jakuba aneb baby-friendly rozhledna jak vy\u0161it\u00e1<\/a><\/p>\n<figure id=\"attachment_15661\" aria-describedby=\"caption-attachment-15661\" style=\"width: 657px\" class=\"wp-caption aligncenter\"><img loading=\"lazy\" decoding=\"async\" class=\"wp-image-15661 size-full\" src=\"https:\/\/all4camper.com\/\/wp-content\/uploads\/2018\/03\/Rozhledna-U-Jakuba.jpg\" alt=\"\" width=\"657\" height=\"400\" srcset=\"https:\/\/all4camper.com\/wp-content\/uploads\/2018\/03\/Rozhledna-U-Jakuba.jpg 657w, https:\/\/all4camper.com\/wp-content\/uploads\/2018\/03\/Rozhledna-U-Jakuba-300x183.jpg 300w, https:\/\/all4camper.com\/wp-content\/uploads\/2018\/03\/Rozhledna-U-Jakuba-150x91.jpg 150w\" sizes=\"auto, (max-width: 657px) 100vw, 657px\" \/><figcaption id=\"caption-attachment-15661\" class=\"wp-caption-text\">Rozhledna U Jakuba<\/figcaption><\/figure>\n<p><span style=\"font-weight: 400;\">Nav\u0161t\u00edv\u00edte i &nbsp;<strong>\u201e\u010e\u00e1blovu prdel\u201c<\/strong> (jej\u00ed n\u00e1zev se bude d\u011btem rozhodn\u011b l\u00edbit). Cestou uvid\u00edte tak\u00e9 ob\u0159\u00ed bludn\u00e9 balvany z doby ledov\u00e9 i p\u0159ekr\u00e1sn\u00e9 kask\u00e1dy rybn\u00edk\u016f.<\/span><\/p>\n<p><span style=\"font-weight: 400;\">Celkov\u00e1 d\u00e9lka krat\u0161\u00ed trasy: 14,9 km <\/span><a href=\"https:\/\/mapy.cz\/s\/1gciR\"><span style=\"font-weight: 400;\">https:\/\/mapy.cz\/s\/1gciR<\/span><\/a><\/p>\n<p><span style=\"font-weight: 400;\">Celkov\u00e1 d\u00e9lka del\u0161\u00ed trasy: 19 km <\/span><a href=\"https:\/\/mapy.cz\/s\/1gceG\"><span style=\"font-weight: 400;\">https:\/\/mapy.cz\/s\/1gceG<\/span><\/a><\/p>\n<p><span style=\"font-weight: 400;\">Cel\u00fd, nezkr\u00e1cen\u00fd popis trasy naleznete na tomto <\/span><a href=\"https:\/\/www.jiznicechy.cz\/tipy-na-vylet\/177-to-nejhezci-z-ceske-kanady-okolim-ceskeho-rudolce\"><span style=\"font-weight: 400;\">odkazu<\/span><\/a><\/p>\n<p><b>Kempov\u00e1n\u00ed v okol\u00ed<\/b><\/p>\n<p><span style=\"font-weight: 400;\">Jak u\u017e jste si mohli p\u0159e\u010d\u00edst, p\u0159\u00edmo na trase le\u017e\u00ed<strong> autocamp Zv\u016fle<\/strong>. Celou p\u011b\u0161\u00ed trasu tak m\u016f\u017eete podniknout i p\u0159\u00edmo z tohoto kempu. Nev\u00fdhodou bude nemo\u017enost si trasu zkr\u00e1tit, nebo\u0165 se nebudete vracet do \u010cesk\u00e9ho Rudolce.<\/span><\/p>\n<p><span style=\"font-weight: 400;\">Douf\u00e1m, \u017ee se V\u00e1m v\u00fd\u0161e uveden\u00e9 tipy l\u00edb\u00ed a budou inspirac\u00ed p\u0159i pl\u00e1nov\u00e1n\u00ed va\u0161\u00ed dovolen\u00e9 v ji\u017en\u00edch \u010cech\u00e1ch.<\/span><\/p>\n","protected":false},"excerpt":{"rendered":"<p>V tomto p\u0159\u00edsp\u011bvku bych V\u00e1m r\u00e1da p\u0159edstavila ji\u017en\u00ed \u010cechy, kter\u00e9 ka\u017edoro\u010dn\u011b nav\u0161t\u00edv\u00ed mnoho turist\u016f a pr\u00e1vem pat\u0159\u00ed mezi nejobl\u00edben\u011bj\u0161\u00ed turistick\u00e9 destinace. V\u017edy\u0165 kde jinde, ne\u017e pr\u00e1v\u011b v ji\u017en\u00edch \u010cech\u00e1ch, najdete tolik zaj\u00edmavost\u00ed najednou.<\/p>\n","protected":false},"author":4,"featured_media":15653,"comment_status":"closed","ping_status":"open","sticky":false,"template":"","format":"standard","meta":{"_monsterinsights_skip_tracking":false,"_monsterinsights_sitenote_active":false,"_monsterinsights_sitenote_note":"","_monsterinsights_sitenote_category":0,"footnotes":""},"categories":[364],"tags":[100,106],"class_list":{"0":"post-15652","1":"post","2":"type-post","3":"status-publish","4":"format-standard","5":"has-post-thumbnail","7":"category-cestujeme-a-kempujeme-v-cr","8":"tag-cechy","9":"tag-dovolena-s-detmi-1"},"yoast_head":"<!-- This site is optimized with the Yoast SEO plugin v27.5 - https:\/\/yoast.com\/product\/yoast-seo-wordpress\/ -->\n<title>Kempujeme v Ji\u017en\u00edch \u010cech\u00e1ch<\/title>\n<meta name=\"description\" content=\"V tomto p\u0159\u00edsp\u011bvku bych V\u00e1m r\u00e1da p\u0159edstavila ji\u017en\u00ed \u010cechy, kter\u00e9 ka\u017edoro\u010dn\u011b nav\u0161t\u00edv\u00ed mnoho turist\u016f a pr\u00e1vem pat\u0159\u00ed mezi nejobl\u00edben\u011bj\u0161\u00ed turistick\u00e9 destinace. V\u017edy\u0165 kde jinde, ne\u017e pr\u00e1v\u011b v ji\u017en\u00edch \u010cech\u00e1ch, najdete tolik zaj\u00edmavost\u00ed najednou.\" \/>\n<meta name=\"robots\" content=\"index, follow, max-snippet:-1, max-image-preview:large, max-video-preview:-1\" \/>\n<link rel=\"canonical\" href=\"https:\/\/all4camper.com\/cs\/kempujeme-v-jiznich-cechach\/\" \/>\n<meta property=\"og:locale\" content=\"cs_CZ\" \/>\n<meta property=\"og:type\" content=\"article\" \/>\n<meta property=\"og:title\" content=\"Kempujeme v Ji\u017en\u00edch \u010cech\u00e1ch\" \/>\n<meta property=\"og:description\" content=\"V tomto p\u0159\u00edsp\u011bvku bych V\u00e1m r\u00e1da p\u0159edstavila ji\u017en\u00ed \u010cechy, kter\u00e9 ka\u017edoro\u010dn\u011b nav\u0161t\u00edv\u00ed mnoho turist\u016f a pr\u00e1vem pat\u0159\u00ed mezi nejobl\u00edben\u011bj\u0161\u00ed turistick\u00e9 destinace. V\u017edy\u0165 kde jinde, ne\u017e pr\u00e1v\u011b v ji\u017en\u00edch \u010cech\u00e1ch, najdete tolik zaj\u00edmavost\u00ed najednou.\" \/>\n<meta property=\"og:url\" content=\"https:\/\/all4camper.com\/cs\/kempujeme-v-jiznich-cechach\/\" \/>\n<meta property=\"og:site_name\" content=\"All4Camper\" \/>\n<meta property=\"article:published_time\" content=\"2018-03-14T14:18:41+00:00\" \/>\n<meta property=\"article:modified_time\" content=\"2019-09-19T10:25:53+00:00\" \/>\n<meta property=\"og:image\" content=\"https:\/\/all4camper.com\/wp-content\/uploads\/2018\/03\/Trebon.jpg\" \/>\n\t<meta property=\"og:image:width\" content=\"600\" \/>\n\t<meta property=\"og:image:height\" content=\"400\" \/>\n\t<meta property=\"og:image:type\" content=\"image\/jpeg\" \/>\n<meta name=\"author\" content=\"Kl\u00e1ra H\u00e1jkov\u00e1\" \/>\n<meta name=\"twitter:card\" content=\"summary_large_image\" \/>\n<meta name=\"twitter:label1\" content=\"Napsal(a)\" \/>\n\t<meta name=\"twitter:data1\" content=\"Kl\u00e1ra H\u00e1jkov\u00e1\" \/>\n\t<meta name=\"twitter:label2\" content=\"Odhadovan\u00e1 doba \u010dten\u00ed\" \/>\n\t<meta name=\"twitter:data2\" content=\"9 minut\" \/>\n<script type=\"application\/ld+json\" class=\"yoast-schema-graph\">{\"@context\":\"https:\\\/\\\/schema.org\",\"@graph\":[{\"@type\":\"Article\",\"@id\":\"https:\\\/\\\/all4camper.com\\\/cs\\\/kempujeme-v-jiznich-cechach\\\/#article\",\"isPartOf\":{\"@id\":\"https:\\\/\\\/all4camper.com\\\/cs\\\/kempujeme-v-jiznich-cechach\\\/\"},\"author\":{\"name\":\"Kl\u00e1ra H\u00e1jkov\u00e1\",\"@id\":\"https:\\\/\\\/all4camper.com\\\/cs\\\/#\\\/schema\\\/person\\\/c6f1efdf1d02bc7d8c53a891cbe18c62\"},\"headline\":\"Kempujeme v ji\u017en\u00edch \u010cech\u00e1ch\",\"datePublished\":\"2018-03-14T14:18:41+00:00\",\"dateModified\":\"2019-09-19T10:25:53+00:00\",\"mainEntityOfPage\":{\"@id\":\"https:\\\/\\\/all4camper.com\\\/cs\\\/kempujeme-v-jiznich-cechach\\\/\"},\"wordCount\":1849,\"publisher\":{\"@id\":\"https:\\\/\\\/all4camper.com\\\/cs\\\/#organization\"},\"image\":{\"@id\":\"https:\\\/\\\/all4camper.com\\\/cs\\\/kempujeme-v-jiznich-cechach\\\/#primaryimage\"},\"thumbnailUrl\":\"https:\\\/\\\/all4camper.com\\\/wp-content\\\/uploads\\\/2018\\\/03\\\/Trebon.jpg\",\"keywords\":[\"\u010cechy\",\"Dovolen\u00e1 s d\u011btmi\"],\"articleSection\":[\"Cestujeme a kempujeme v \u010cR\"],\"inLanguage\":\"cs\"},{\"@type\":\"WebPage\",\"@id\":\"https:\\\/\\\/all4camper.com\\\/cs\\\/kempujeme-v-jiznich-cechach\\\/\",\"url\":\"https:\\\/\\\/all4camper.com\\\/cs\\\/kempujeme-v-jiznich-cechach\\\/\",\"name\":\"Kempujeme v Ji\u017en\u00edch \u010cech\u00e1ch\",\"isPartOf\":{\"@id\":\"https:\\\/\\\/all4camper.com\\\/cs\\\/#website\"},\"primaryImageOfPage\":{\"@id\":\"https:\\\/\\\/all4camper.com\\\/cs\\\/kempujeme-v-jiznich-cechach\\\/#primaryimage\"},\"image\":{\"@id\":\"https:\\\/\\\/all4camper.com\\\/cs\\\/kempujeme-v-jiznich-cechach\\\/#primaryimage\"},\"thumbnailUrl\":\"https:\\\/\\\/all4camper.com\\\/wp-content\\\/uploads\\\/2018\\\/03\\\/Trebon.jpg\",\"datePublished\":\"2018-03-14T14:18:41+00:00\",\"dateModified\":\"2019-09-19T10:25:53+00:00\",\"description\":\"V tomto p\u0159\u00edsp\u011bvku bych V\u00e1m r\u00e1da p\u0159edstavila ji\u017en\u00ed \u010cechy, kter\u00e9 ka\u017edoro\u010dn\u011b nav\u0161t\u00edv\u00ed mnoho turist\u016f a pr\u00e1vem pat\u0159\u00ed mezi nejobl\u00edben\u011bj\u0161\u00ed turistick\u00e9 destinace. V\u017edy\u0165 kde jinde, ne\u017e pr\u00e1v\u011b v ji\u017en\u00edch \u010cech\u00e1ch, najdete tolik zaj\u00edmavost\u00ed najednou.\",\"breadcrumb\":{\"@id\":\"https:\\\/\\\/all4camper.com\\\/cs\\\/kempujeme-v-jiznich-cechach\\\/#breadcrumb\"},\"inLanguage\":\"cs\",\"potentialAction\":[{\"@type\":\"ReadAction\",\"target\":[\"https:\\\/\\\/all4camper.com\\\/cs\\\/kempujeme-v-jiznich-cechach\\\/\"]}]},{\"@type\":\"ImageObject\",\"inLanguage\":\"cs\",\"@id\":\"https:\\\/\\\/all4camper.com\\\/cs\\\/kempujeme-v-jiznich-cechach\\\/#primaryimage\",\"url\":\"https:\\\/\\\/all4camper.com\\\/wp-content\\\/uploads\\\/2018\\\/03\\\/Trebon.jpg\",\"contentUrl\":\"https:\\\/\\\/all4camper.com\\\/wp-content\\\/uploads\\\/2018\\\/03\\\/Trebon.jpg\",\"width\":600,\"height\":400},{\"@type\":\"BreadcrumbList\",\"@id\":\"https:\\\/\\\/all4camper.com\\\/cs\\\/kempujeme-v-jiznich-cechach\\\/#breadcrumb\",\"itemListElement\":[{\"@type\":\"ListItem\",\"position\":1,\"name\":\"Dom\u016f\",\"item\":\"https:\\\/\\\/all4camper.com\\\/cs\\\/\"},{\"@type\":\"ListItem\",\"position\":2,\"name\":\"Cestujeme a kempujeme v \u010cR\",\"item\":\"https:\\\/\\\/all4camper.com\\\/cs\\\/category\\\/cestujeme-a-kempujeme-v-cr\\\/\"},{\"@type\":\"ListItem\",\"position\":3,\"name\":\"Kempujeme v ji\u017en\u00edch \u010cech\u00e1ch\"}]},{\"@type\":\"WebSite\",\"@id\":\"https:\\\/\\\/all4camper.com\\\/cs\\\/#website\",\"url\":\"https:\\\/\\\/all4camper.com\\\/cs\\\/\",\"name\":\"All4Camper\",\"description\":\"Nejv\u011bt\u0161\u00ed online magaz\u00edn o kempov\u00e1n\u00ed a karavaninku. V\u00edce jak 900 \u010dl\u00e1nk\u016f pln\u00fdch rad a tip\u016f o kempech a kempov\u00e1n\u00ed.\",\"publisher\":{\"@id\":\"https:\\\/\\\/all4camper.com\\\/cs\\\/#organization\"},\"potentialAction\":[{\"@type\":\"SearchAction\",\"target\":{\"@type\":\"EntryPoint\",\"urlTemplate\":\"https:\\\/\\\/all4camper.com\\\/cs\\\/?s={search_term_string}\"},\"query-input\":{\"@type\":\"PropertyValueSpecification\",\"valueRequired\":true,\"valueName\":\"search_term_string\"}}],\"inLanguage\":\"cs\"},{\"@type\":\"Organization\",\"@id\":\"https:\\\/\\\/all4camper.com\\\/cs\\\/#organization\",\"name\":\"All4Camper - kempujeme s Kl\u00e1rou\",\"url\":\"https:\\\/\\\/all4camper.com\\\/cs\\\/\",\"logo\":{\"@type\":\"ImageObject\",\"inLanguage\":\"cs\",\"@id\":\"https:\\\/\\\/all4camper.com\\\/cs\\\/#\\\/schema\\\/logo\\\/image\\\/\",\"url\":\"https:\\\/\\\/all4camper.com\\\/wp-content\\\/uploads\\\/2018\\\/09\\\/novelogo.png\",\"contentUrl\":\"https:\\\/\\\/all4camper.com\\\/wp-content\\\/uploads\\\/2018\\\/09\\\/novelogo.png\",\"width\":1520,\"height\":600,\"caption\":\"All4Camper - kempujeme s Kl\u00e1rou\"},\"image\":{\"@id\":\"https:\\\/\\\/all4camper.com\\\/cs\\\/#\\\/schema\\\/logo\\\/image\\\/\"}},{\"@type\":\"Person\",\"@id\":\"https:\\\/\\\/all4camper.com\\\/cs\\\/#\\\/schema\\\/person\\\/c6f1efdf1d02bc7d8c53a891cbe18c62\",\"name\":\"Kl\u00e1ra H\u00e1jkov\u00e1\",\"sameAs\":[\"http:\\\/\\\/www.all4camper.com\"],\"url\":\"https:\\\/\\\/all4camper.com\\\/cs\\\/author\\\/klarinkacestuje1\\\/\"}]}<\/script>\n<!-- \/ Yoast SEO plugin. -->","yoast_head_json":{"title":"Kempujeme v Ji\u017en\u00edch \u010cech\u00e1ch","description":"V tomto p\u0159\u00edsp\u011bvku bych V\u00e1m r\u00e1da p\u0159edstavila ji\u017en\u00ed \u010cechy, kter\u00e9 ka\u017edoro\u010dn\u011b nav\u0161t\u00edv\u00ed mnoho turist\u016f a pr\u00e1vem pat\u0159\u00ed mezi nejobl\u00edben\u011bj\u0161\u00ed turistick\u00e9 destinace. V\u017edy\u0165 kde jinde, ne\u017e pr\u00e1v\u011b v ji\u017en\u00edch \u010cech\u00e1ch, najdete tolik zaj\u00edmavost\u00ed najednou.","robots":{"index":"index","follow":"follow","max-snippet":"max-snippet:-1","max-image-preview":"max-image-preview:large","max-video-preview":"max-video-preview:-1"},"canonical":"https:\/\/all4camper.com\/cs\/kempujeme-v-jiznich-cechach\/","og_locale":"cs_CZ","og_type":"article","og_title":"Kempujeme v Ji\u017en\u00edch \u010cech\u00e1ch","og_description":"V tomto p\u0159\u00edsp\u011bvku bych V\u00e1m r\u00e1da p\u0159edstavila ji\u017en\u00ed \u010cechy, kter\u00e9 ka\u017edoro\u010dn\u011b nav\u0161t\u00edv\u00ed mnoho turist\u016f a pr\u00e1vem pat\u0159\u00ed mezi nejobl\u00edben\u011bj\u0161\u00ed turistick\u00e9 destinace. V\u017edy\u0165 kde jinde, ne\u017e pr\u00e1v\u011b v ji\u017en\u00edch \u010cech\u00e1ch, najdete tolik zaj\u00edmavost\u00ed najednou.","og_url":"https:\/\/all4camper.com\/cs\/kempujeme-v-jiznich-cechach\/","og_site_name":"All4Camper","article_published_time":"2018-03-14T14:18:41+00:00","article_modified_time":"2019-09-19T10:25:53+00:00","og_image":[{"width":600,"height":400,"url":"https:\/\/all4camper.com\/wp-content\/uploads\/2018\/03\/Trebon.jpg","type":"image\/jpeg"}],"author":"Kl\u00e1ra H\u00e1jkov\u00e1","twitter_card":"summary_large_image","twitter_misc":{"Napsal(a)":"Kl\u00e1ra H\u00e1jkov\u00e1","Odhadovan\u00e1 doba \u010dten\u00ed":"9 minut"},"schema":{"@context":"https:\/\/schema.org","@graph":[{"@type":"Article","@id":"https:\/\/all4camper.com\/cs\/kempujeme-v-jiznich-cechach\/#article","isPartOf":{"@id":"https:\/\/all4camper.com\/cs\/kempujeme-v-jiznich-cechach\/"},"author":{"name":"Kl\u00e1ra H\u00e1jkov\u00e1","@id":"https:\/\/all4camper.com\/cs\/#\/schema\/person\/c6f1efdf1d02bc7d8c53a891cbe18c62"},"headline":"Kempujeme v ji\u017en\u00edch \u010cech\u00e1ch","datePublished":"2018-03-14T14:18:41+00:00","dateModified":"2019-09-19T10:25:53+00:00","mainEntityOfPage":{"@id":"https:\/\/all4camper.com\/cs\/kempujeme-v-jiznich-cechach\/"},"wordCount":1849,"publisher":{"@id":"https:\/\/all4camper.com\/cs\/#organization"},"image":{"@id":"https:\/\/all4camper.com\/cs\/kempujeme-v-jiznich-cechach\/#primaryimage"},"thumbnailUrl":"https:\/\/all4camper.com\/wp-content\/uploads\/2018\/03\/Trebon.jpg","keywords":["\u010cechy","Dovolen\u00e1 s d\u011btmi"],"articleSection":["Cestujeme a kempujeme v \u010cR"],"inLanguage":"cs"},{"@type":"WebPage","@id":"https:\/\/all4camper.com\/cs\/kempujeme-v-jiznich-cechach\/","url":"https:\/\/all4camper.com\/cs\/kempujeme-v-jiznich-cechach\/","name":"Kempujeme v Ji\u017en\u00edch \u010cech\u00e1ch","isPartOf":{"@id":"https:\/\/all4camper.com\/cs\/#website"},"primaryImageOfPage":{"@id":"https:\/\/all4camper.com\/cs\/kempujeme-v-jiznich-cechach\/#primaryimage"},"image":{"@id":"https:\/\/all4camper.com\/cs\/kempujeme-v-jiznich-cechach\/#primaryimage"},"thumbnailUrl":"https:\/\/all4camper.com\/wp-content\/uploads\/2018\/03\/Trebon.jpg","datePublished":"2018-03-14T14:18:41+00:00","dateModified":"2019-09-19T10:25:53+00:00","description":"V tomto p\u0159\u00edsp\u011bvku bych V\u00e1m r\u00e1da p\u0159edstavila ji\u017en\u00ed \u010cechy, kter\u00e9 ka\u017edoro\u010dn\u011b nav\u0161t\u00edv\u00ed mnoho turist\u016f a pr\u00e1vem pat\u0159\u00ed mezi nejobl\u00edben\u011bj\u0161\u00ed turistick\u00e9 destinace. V\u017edy\u0165 kde jinde, ne\u017e pr\u00e1v\u011b v ji\u017en\u00edch \u010cech\u00e1ch, najdete tolik zaj\u00edmavost\u00ed najednou.","breadcrumb":{"@id":"https:\/\/all4camper.com\/cs\/kempujeme-v-jiznich-cechach\/#breadcrumb"},"inLanguage":"cs","potentialAction":[{"@type":"ReadAction","target":["https:\/\/all4camper.com\/cs\/kempujeme-v-jiznich-cechach\/"]}]},{"@type":"ImageObject","inLanguage":"cs","@id":"https:\/\/all4camper.com\/cs\/kempujeme-v-jiznich-cechach\/#primaryimage","url":"https:\/\/all4camper.com\/wp-content\/uploads\/2018\/03\/Trebon.jpg","contentUrl":"https:\/\/all4camper.com\/wp-content\/uploads\/2018\/03\/Trebon.jpg","width":600,"height":400},{"@type":"BreadcrumbList","@id":"https:\/\/all4camper.com\/cs\/kempujeme-v-jiznich-cechach\/#breadcrumb","itemListElement":[{"@type":"ListItem","position":1,"name":"Dom\u016f","item":"https:\/\/all4camper.com\/cs\/"},{"@type":"ListItem","position":2,"name":"Cestujeme a kempujeme v \u010cR","item":"https:\/\/all4camper.com\/cs\/category\/cestujeme-a-kempujeme-v-cr\/"},{"@type":"ListItem","position":3,"name":"Kempujeme v ji\u017en\u00edch \u010cech\u00e1ch"}]},{"@type":"WebSite","@id":"https:\/\/all4camper.com\/cs\/#website","url":"https:\/\/all4camper.com\/cs\/","name":"All4Camper","description":"Nejv\u011bt\u0161\u00ed online magaz\u00edn o kempov\u00e1n\u00ed a karavaninku. V\u00edce jak 900 \u010dl\u00e1nk\u016f pln\u00fdch rad a tip\u016f o kempech a kempov\u00e1n\u00ed.","publisher":{"@id":"https:\/\/all4camper.com\/cs\/#organization"},"potentialAction":[{"@type":"SearchAction","target":{"@type":"EntryPoint","urlTemplate":"https:\/\/all4camper.com\/cs\/?s={search_term_string}"},"query-input":{"@type":"PropertyValueSpecification","valueRequired":true,"valueName":"search_term_string"}}],"inLanguage":"cs"},{"@type":"Organization","@id":"https:\/\/all4camper.com\/cs\/#organization","name":"All4Camper - kempujeme s Kl\u00e1rou","url":"https:\/\/all4camper.com\/cs\/","logo":{"@type":"ImageObject","inLanguage":"cs","@id":"https:\/\/all4camper.com\/cs\/#\/schema\/logo\/image\/","url":"https:\/\/all4camper.com\/wp-content\/uploads\/2018\/09\/novelogo.png","contentUrl":"https:\/\/all4camper.com\/wp-content\/uploads\/2018\/09\/novelogo.png","width":1520,"height":600,"caption":"All4Camper - kempujeme s Kl\u00e1rou"},"image":{"@id":"https:\/\/all4camper.com\/cs\/#\/schema\/logo\/image\/"}},{"@type":"Person","@id":"https:\/\/all4camper.com\/cs\/#\/schema\/person\/c6f1efdf1d02bc7d8c53a891cbe18c62","name":"Kl\u00e1ra H\u00e1jkov\u00e1","sameAs":["http:\/\/www.all4camper.com"],"url":"https:\/\/all4camper.com\/cs\/author\/klarinkacestuje1\/"}]}},"_links":{"self":[{"href":"https:\/\/all4camper.com\/cs\/wp-json\/wp\/v2\/posts\/15652","targetHints":{"allow":["GET"]}}],"collection":[{"href":"https:\/\/all4camper.com\/cs\/wp-json\/wp\/v2\/posts"}],"about":[{"href":"https:\/\/all4camper.com\/cs\/wp-json\/wp\/v2\/types\/post"}],"author":[{"embeddable":true,"href":"https:\/\/all4camper.com\/cs\/wp-json\/wp\/v2\/users\/4"}],"replies":[{"embeddable":true,"href":"https:\/\/all4camper.com\/cs\/wp-json\/wp\/v2\/comments?post=15652"}],"version-history":[{"count":0,"href":"https:\/\/all4camper.com\/cs\/wp-json\/wp\/v2\/posts\/15652\/revisions"}],"wp:featuredmedia":[{"embeddable":true,"href":"https:\/\/all4camper.com\/cs\/wp-json\/wp\/v2\/media\/15653"}],"wp:attachment":[{"href":"https:\/\/all4camper.com\/cs\/wp-json\/wp\/v2\/media?parent=15652"}],"wp:term":[{"taxonomy":"category","embeddable":true,"href":"https:\/\/all4camper.com\/cs\/wp-json\/wp\/v2\/categories?post=15652"},{"taxonomy":"post_tag","embeddable":true,"href":"https:\/\/all4camper.com\/cs\/wp-json\/wp\/v2\/tags?post=15652"}],"curies":[{"name":"wp","href":"https:\/\/api.w.org\/{rel}","templated":true}]}}