{"id":15634,"date":"2018-03-14T13:43:29","date_gmt":"2018-03-14T12:43:29","guid":{"rendered":"https:\/\/all4camper.com\/\/?p=15634"},"modified":"2019-09-19T15:31:35","modified_gmt":"2019-09-19T13:31:35","slug":"slovinsko-kempujeme-v-udoli-soci","status":"publish","type":"post","link":"https:\/\/all4camper.com\/cs\/slovinsko-kempujeme-v-udoli-soci\/","title":{"rendered":"Slovinsko, kempujeme v \u00fadol\u00ed So\u010di"},"content":{"rendered":"<p><span style=\"font-weight: 400;\">So\u010da je n\u00e1dhern\u00e1 \u0159eka s modro-zelenou barvou ve Slovinsku a je pova\u017eov\u00e1na za jednu z nejkr\u00e1sn\u011bj\u0161\u00edch \u0159ek v Evrop\u011b. Na t\u00e9to \u0159ece najdete vodop\u00e1dy, pe\u0159eje, \u00fazk\u00e9 skalnat\u00e9 rokliny i klidn\u00e9 \u00faseky, kde se d\u00e1 koupat. <\/span><!--more--><\/p>\n<p><span style=\"font-weight: 400;\">Tato \u0159eka je hojn\u011b vyhled\u00e1v\u00e1na milovn\u00edky ryba\u0159en\u00ed, nebo\u0165 je pln\u00e1 pstruh\u016f. Rozhodnete-li se ryba\u0159it, pak nezapome\u0148te, \u017ee povoleno je pouze mu\u0161ka\u0159en\u00ed.<\/span><\/p>\n<p><span style=\"font-weight: 400;\">So\u010da je rozd\u011blena do dvou z\u00f3n. V prvn\u00ed z\u00f3n\u011b plat\u00ed, \u017ee co chyt\u00edte, m\u016f\u017eete si nechat, ve druh\u00e9 z\u00f3n\u011b se uplat\u0148uje pravidlo \u201cco chyt\u00edm, pust\u00edm\u201d. Detailn\u00ed informace o ryba\u0159en\u00ed v t\u00e9to oblasti najdete na ofici\u00e1ln\u00edch str\u00e1nk\u00e1ch Slovenia.info \u201c<\/span><a href=\"https:\/\/www.slovenia.info\/sl\/zgodbe\/ribolov-v-sloveniji\"><span style=\"font-weight: 400;\">ryba\u0159en\u00ed ve Slovinsku<\/span><\/a><span style=\"font-weight: 400;\">\u201d.\u00a0<\/span><\/p>\n<p><img loading=\"lazy\" decoding=\"async\" class=\"aligncenter wp-image-15636 size-full\" src=\"https:\/\/all4camper.com\/\/wp-content\/uploads\/2018\/03\/ryba\u0159en\u00ed-na-So\u010de.jpg\" alt=\"\" width=\"738\" height=\"400\" srcset=\"https:\/\/all4camper.com\/wp-content\/uploads\/2018\/03\/ryba\u0159en\u00ed-na-So\u010de.jpg 738w, https:\/\/all4camper.com\/wp-content\/uploads\/2018\/03\/ryba\u0159en\u00ed-na-So\u010de-300x163.jpg 300w, https:\/\/all4camper.com\/wp-content\/uploads\/2018\/03\/ryba\u0159en\u00ed-na-So\u010de-150x81.jpg 150w\" sizes=\"auto, (max-width: 738px) 100vw, 738px\" \/><\/p>\n<p><span style=\"font-weight: 400;\">Nejen ryba\u0159it se d\u00e1 na So\u010de. Jste-li nad\u0161enci raftingu a canyoningu, ani vy nebudete o z\u00e1\u017eitky ochuzeni.\u00a0Nesm\u00edm zapomenout ani na vyznava\u010de p\u011b\u0161\u00ed turistiky, kte\u0159\u00ed nejen pod\u00e9l \u0159eky, ale v cel\u00e9m \u00fadol\u00ed So\u010di, najdou velk\u00e9 mno\u017estv\u00ed stezek.<\/span><\/p>\n<p><img loading=\"lazy\" decoding=\"async\" class=\"aligncenter wp-image-15637 size-full\" src=\"https:\/\/all4camper.com\/\/wp-content\/uploads\/2018\/03\/\u00fadol\u00ed-So\u010da.jpg\" alt=\"\" width=\"738\" height=\"400\" srcset=\"https:\/\/all4camper.com\/wp-content\/uploads\/2018\/03\/\u00fadol\u00ed-So\u010da.jpg 738w, https:\/\/all4camper.com\/wp-content\/uploads\/2018\/03\/\u00fadol\u00ed-So\u010da-300x163.jpg 300w, https:\/\/all4camper.com\/wp-content\/uploads\/2018\/03\/\u00fadol\u00ed-So\u010da-150x81.jpg 150w\" sizes=\"auto, (max-width: 738px) 100vw, 738px\" \/><\/p>\n<h2><b>\u00dadol\u00ed So\u010di<\/b><\/h2>\n<h3><b>Bovec<\/b><\/h3>\n<p><span style=\"font-weight: 400;\">Pokud budete proj\u00ed\u017ed\u011bt \u00fadol\u00edm So\u010di, pak se ur\u010dit\u011b dostanete i do oblasti Bovec, ve kter\u00e9 doporu\u010duji nav\u0161t\u00edvit 144 metr\u016f vysok\u00fd vodop\u00e1d Boka. K vodop\u00e1du se dostanete z vesnice \u017daga (Bovec) odkud z lev\u00e9ho b\u0159ehu mostu vede zna\u010den\u00e1 horsk\u00e1 cesta. Vodop\u00e1d najdete na t\u011bchto sou\u0159adnic\u00edch \u00a046.321792, 13.481881.\u00a0<\/span><\/p>\n<p><span style=\"font-weight: 400;\"><strong>St\u00e1t s karavanem<\/strong> m\u016f\u017eete u obce Bovec na t\u011bchto sou\u0159adnic\u00edch 46.332650, 13.538400 (Stellplatz) (<\/span><a href=\"https:\/\/stellplatz.info\/wohnmobilstellplatz\/kanin-seilbahn-talstation#%C3%9Cbersicht\" target=\"_blank\" rel=\"noopener noreferrer\"><span style=\"font-weight: 400;\">detail<\/span><\/a><span style=\"font-weight: 400;\">). Pokud se rozhodnete vyu\u017e\u00edt kemp, v obci Bovec m\u016f\u017eete kempovat v <\/span><a href=\"http:\/\/www.kamp-polovnik.com\/ponudba\/\" target=\"_blank\" rel=\"noopener noreferrer\"><span style=\"font-weight: 400;\">kempu Polovnik<\/span><\/a><span style=\"font-weight: 400;\"> (46.336237, 13.558471).<\/span><\/p>\n<p><img loading=\"lazy\" decoding=\"async\" class=\"wp-image-15639 size-full aligncenter\" src=\"https:\/\/all4camper.com\/\/wp-content\/uploads\/2018\/03\/kamp-Polovnik.jpg\" alt=\"\" width=\"533\" height=\"400\" srcset=\"https:\/\/all4camper.com\/wp-content\/uploads\/2018\/03\/kamp-Polovnik.jpg 533w, https:\/\/all4camper.com\/wp-content\/uploads\/2018\/03\/kamp-Polovnik-300x225.jpg 300w, https:\/\/all4camper.com\/wp-content\/uploads\/2018\/03\/kamp-Polovnik-150x113.jpg 150w, https:\/\/all4camper.com\/wp-content\/uploads\/2018\/03\/kamp-Polovnik-326x245.jpg 326w, https:\/\/all4camper.com\/wp-content\/uploads\/2018\/03\/kamp-Polovnik-80x60.jpg 80w\" sizes=\"auto, (max-width: 533px) 100vw, 533px\" \/><\/p>\n<p style=\"text-align: center;\">Kemp Polovnik<\/p>\n<p><span style=\"font-weight: 400;\">V t\u00e9to oblasti najdete tak\u00e9 <strong>nejv\u011bt\u0161\u00ed horsk\u00e9 jezero ve Slovinsku &#8211; <a href=\"http:\/\/www.dolina-soce.si\/\" target=\"_blank\" rel=\"noopener noreferrer\">Krn<\/a><\/strong>, jeho\u017e d\u00e9lka je 400 m a hloubka 17 m. Koup\u00e1ni v jeze\u0159e nen\u00ed bohu\u017eel dovoleno, ale jeho n\u00e1v\u0161t\u011bva ur\u010dit\u011b stoj\u00ed za to. Jezero najdete na t\u011bchto sou\u0159adnic\u00edch 46.284425, 13.682025 a vede k n\u011bmu zna\u010den\u00e1 turistick\u00e1 stezka.<\/span><\/p>\n<p><img loading=\"lazy\" decoding=\"async\" class=\"aligncenter wp-image-15640 size-full\" src=\"https:\/\/all4camper.com\/\/wp-content\/uploads\/2018\/03\/jezero-Krn.jpg\" alt=\"\" width=\"533\" height=\"400\" srcset=\"https:\/\/all4camper.com\/wp-content\/uploads\/2018\/03\/jezero-Krn.jpg 533w, https:\/\/all4camper.com\/wp-content\/uploads\/2018\/03\/jezero-Krn-300x225.jpg 300w, https:\/\/all4camper.com\/wp-content\/uploads\/2018\/03\/jezero-Krn-150x113.jpg 150w, https:\/\/all4camper.com\/wp-content\/uploads\/2018\/03\/jezero-Krn-326x245.jpg 326w, https:\/\/all4camper.com\/wp-content\/uploads\/2018\/03\/jezero-Krn-80x60.jpg 80w\" sizes=\"auto, (max-width: 533px) 100vw, 533px\" \/><\/p>\n<p style=\"text-align: center;\">Jezero Krn<\/p>\n<p><span style=\"font-weight: 400;\">Chcete-li se dozv\u011bd\u011bt v\u00edce informac\u00ed o zaj\u00edmav\u00fdch c\u00edlech v t\u00e9to oblasti, pak nav\u0161tivte str\u00e1nky <a href=\"http:\/\/www.dolina-soce.si\/\" target=\"_blank\" rel=\"noopener noreferrer\">dolina-soce.si<\/a><\/span><\/p>\n<h3><b>\u00dadol\u00ed Trenta<\/b><\/h3>\n<p><span style=\"font-weight: 400;\">Dal\u0161\u00edm m\u00edstem, kter\u00e9 zcela jist\u011b zaujme milovn\u00edky aktivn\u00ed dovolen\u00e9, je \u00fadol\u00ed Trenta, nach\u00e1zej\u00edc\u00ed se v n\u00e1rodn\u00edm parku <a href=\"https:\/\/www.tnp.si\/sl\/obiscite\/znamenitosti\/\" target=\"_blank\" rel=\"noopener noreferrer\">Triglav<\/a>. Vyhled\u00e1van\u00fdm c\u00edlem parku je <strong>sout\u011bska Velikih Korit, kter\u00e1 le\u017e\u00ed 11km od Bovce<\/strong>. \u00a0V\u00fdchoz\u00edm bodem pro tento v\u00fdlet je Lepena. Popis trasy si m\u016f\u017eete p\u0159e\u010d\u00edst nap\u0159\u00edklad na t\u011bchto <\/span><a href=\"http:\/\/www.hribi.net\/izlet\/lepena_velika_korita_soce_\/1\/427\/600\"><span style=\"font-weight: 400;\">str\u00e1nk\u00e1ch<\/span><\/a><span style=\"font-weight: 400;\">.<\/span><\/p>\n<p><img loading=\"lazy\" decoding=\"async\" class=\"aligncenter wp-image-15641 size-full\" src=\"https:\/\/all4camper.com\/\/wp-content\/uploads\/2018\/03\/Velika-korita-Soce-4.jpg\" alt=\"\" width=\"570\" height=\"380\" srcset=\"https:\/\/all4camper.com\/wp-content\/uploads\/2018\/03\/Velika-korita-Soce-4.jpg 570w, https:\/\/all4camper.com\/wp-content\/uploads\/2018\/03\/Velika-korita-Soce-4-300x200.jpg 300w, https:\/\/all4camper.com\/wp-content\/uploads\/2018\/03\/Velika-korita-Soce-4-150x100.jpg 150w\" sizes=\"auto, (max-width: 570px) 100vw, 570px\" \/><\/p>\n<p style=\"text-align: center;\">Zdroj: <a href=\"https:\/\/www.tnp.si\/sl\/obiscite\/znamenitosti\/\" target=\"_blank\" rel=\"noopener noreferrer\">N\u00e1rodn\u00ed park Triglav<\/a><\/p>\n<p><span style=\"font-weight: 400;\">Hned u v\u00fdchoz\u00edho bodu do\u00a0<strong>Velikih Korit<\/strong> (Lepena) se nach\u00e1z\u00ed <strong>kemp So\u010da Bo\u0161tjan Komac<\/strong> (46.335570, 13.643916) kde m\u016f\u017eete bez obav kempovat. Nen\u00ed to v\u0161ak jedin\u00fd kemp na tomto \u00faseku So\u010di. M\u016f\u017eete si vybrat z dal\u0161\u00edch t\u0159\u00ed kemp\u016f a to kempu <strong>Kamp Korita, Penzion Kamp Klin.\u00a0<\/strong>Detailn\u00ed informace o t\u011bchto dvou kempech se dozv\u00edte na t\u00e9to <\/span><a href=\"http:\/\/www.vas-soca.si\/62.php\"><span style=\"font-weight: 400;\">str\u00e1nce<\/span><\/a><span style=\"font-weight: 400;\">. Pokud se V\u00e1m nebudou l\u00edbit, je\u0161t\u011b je tu kemp <a href=\"http:\/\/www.kmetijajelincic.si\/kamp-jelinc-2-2\/\" target=\"_blank\" rel=\"noopener noreferrer\">Jelinc<\/a>.<\/span><\/p>\n<figure id=\"attachment_15746\" aria-describedby=\"caption-attachment-15746\" style=\"width: 400px\" class=\"wp-caption aligncenter\"><img loading=\"lazy\" decoding=\"async\" class=\"wp-image-15746 size-full\" src=\"https:\/\/all4camper.com\/\/wp-content\/uploads\/2018\/03\/kamp-jelinc-3.jpg\" alt=\"\" width=\"400\" height=\"400\" srcset=\"https:\/\/all4camper.com\/wp-content\/uploads\/2018\/03\/kamp-jelinc-3.jpg 400w, https:\/\/all4camper.com\/wp-content\/uploads\/2018\/03\/kamp-jelinc-3-300x300.jpg 300w, https:\/\/all4camper.com\/wp-content\/uploads\/2018\/03\/kamp-jelinc-3-150x150.jpg 150w\" sizes=\"auto, (max-width: 400px) 100vw, 400px\" \/><figcaption id=\"caption-attachment-15746\" class=\"wp-caption-text\">kemp Jelinc<\/figcaption><\/figure>\n<p><span style=\"font-weight: 400;\"><strong>N\u00e1rodn\u00ed park Triglav nab\u00edz\u00ed mnoho dal\u0161\u00edch zaj\u00edmav\u00fdch turistick\u00fdch c\u00edl\u016f<\/strong>\u00a0o kter\u00fdch se dozv\u00edte na str\u00e1nk\u00e1ch Slovenia.info &#8211; <\/span><a href=\"https:\/\/www.slovenia.info\/sl\/zgodbe\/s-spostovanjem-v-triglavski-narodni-park\"><span style=\"font-weight: 400;\">Triglavski narodni park<\/span><\/a><span style=\"font-weight: 400;\">\u00a0anebo p\u0159\u00edmo na str\u00e1nk\u00e1ch parku <a href=\"https:\/\/www.tnp.si\/sl\/obiscite\/znamenitosti\/\" target=\"_blank\" rel=\"noopener noreferrer\">tnp.si<\/a>, kde si m\u016f\u017eete p\u0159ehledn\u011b prohl\u00e9dnou dal\u0161\u00ed atraktivn\u00ed c\u00edle. <strong>Rozhodn\u011b se m\u00e1te na co t\u011b\u0161it<\/strong> a dovolen\u00e1 v t\u00e9to oblasti\u00a0 V\u00e1m ute\u010de stejn\u011b rychle, jako te\u010de voda \u0159eky So\u010da.<\/span><\/p>\n<p>Pro inspiraci p\u0159ikl\u00e1d\u00e1m p\u00e1r fotografi\u00ed uveden\u00fdch na str\u00e1nk\u00e1ch parku Triglav:<\/p>\n<figure id=\"attachment_15642\" aria-describedby=\"caption-attachment-15642\" style=\"width: 570px\" class=\"wp-caption aligncenter\"><img loading=\"lazy\" decoding=\"async\" class=\"wp-image-15642 size-full\" src=\"https:\/\/all4camper.com\/\/wp-content\/uploads\/2018\/03\/Ruska-kapelica.jpg\" alt=\"\" width=\"570\" height=\"389\" srcset=\"https:\/\/all4camper.com\/wp-content\/uploads\/2018\/03\/Ruska-kapelica.jpg 570w, https:\/\/all4camper.com\/wp-content\/uploads\/2018\/03\/Ruska-kapelica-300x205.jpg 300w, https:\/\/all4camper.com\/wp-content\/uploads\/2018\/03\/Ruska-kapelica-150x102.jpg 150w\" sizes=\"auto, (max-width: 570px) 100vw, 570px\" \/><figcaption id=\"caption-attachment-15642\" class=\"wp-caption-text\">RUSK\u00c1 KAPELICA<\/figcaption><\/figure>\n<p><img loading=\"lazy\" decoding=\"async\" class=\"wp-image-15643 size-full\" src=\"https:\/\/all4camper.com\/\/wp-content\/uploads\/2018\/03\/Zelenci.jpg\" alt=\"\" width=\"570\" height=\"380\" srcset=\"https:\/\/all4camper.com\/wp-content\/uploads\/2018\/03\/Zelenci.jpg 570w, https:\/\/all4camper.com\/wp-content\/uploads\/2018\/03\/Zelenci-300x200.jpg 300w, https:\/\/all4camper.com\/wp-content\/uploads\/2018\/03\/Zelenci-150x100.jpg 150w\" sizes=\"auto, (max-width: 570px) 100vw, 570px\" \/><\/p>\n<p>Zelenci<\/p>\n<figure id=\"attachment_15644\" aria-describedby=\"caption-attachment-15644\" style=\"width: 570px\" class=\"wp-caption aligncenter\"><img loading=\"lazy\" decoding=\"async\" class=\"wp-image-15644 size-full\" src=\"https:\/\/all4camper.com\/\/wp-content\/uploads\/2018\/03\/Pevnost-Klu\u017ee.jpg\" alt=\"\" width=\"570\" height=\"379\" srcset=\"https:\/\/all4camper.com\/wp-content\/uploads\/2018\/03\/Pevnost-Klu\u017ee.jpg 570w, https:\/\/all4camper.com\/wp-content\/uploads\/2018\/03\/Pevnost-Klu\u017ee-300x199.jpg 300w, https:\/\/all4camper.com\/wp-content\/uploads\/2018\/03\/Pevnost-Klu\u017ee-150x100.jpg 150w\" sizes=\"auto, (max-width: 570px) 100vw, 570px\" \/><figcaption id=\"caption-attachment-15644\" class=\"wp-caption-text\">Pevnost Klu\u017ee<\/figcaption><\/figure>\n<p><img loading=\"lazy\" decoding=\"async\" class=\"wp-image-15645 size-full\" src=\"https:\/\/all4camper.com\/\/wp-content\/uploads\/2018\/03\/Pokljuska-soteska.jpg\" alt=\"\" width=\"570\" height=\"379\" srcset=\"https:\/\/all4camper.com\/wp-content\/uploads\/2018\/03\/Pokljuska-soteska.jpg 570w, https:\/\/all4camper.com\/wp-content\/uploads\/2018\/03\/Pokljuska-soteska-300x199.jpg 300w, https:\/\/all4camper.com\/wp-content\/uploads\/2018\/03\/Pokljuska-soteska-150x100.jpg 150w\" sizes=\"auto, (max-width: 570px) 100vw, 570px\" \/><\/p>\n<p>Pokljuska soteska<\/p>\n<h3><b>Tolmin<\/b><\/h3>\n<p><span style=\"font-weight: 400;\">Tolmin byl jmenov\u00e1n alpsk\u00fdm m\u011bstem roku 2016 a jedn\u00e1 se o nejv\u011bt\u0161\u00ed m\u00edsto v \u00fadol\u00ed So\u010di. Najdete jej na svahu \u0159eky So\u010di a \u0159eky Tolminky.\u00a0<\/span><span style=\"font-weight: 400;\">Pokud sem zav\u00edt\u00e1te, pak se ur\u010dit\u011b vydejte k divok\u00e9 sout\u011bsce Tolmin (46.224552, 13.723258), kter\u00e1 je z\u00e1rove\u0148 vstupn\u00edm bodem do v\u00fd\u0161e jmenovan\u00e9ho n\u00e1rodn\u00edho parku Triglav. Detailn\u00ed informace o trase najdete <\/span><a href=\"https:\/\/www.dolina-soce.com\/dolina_odkritij\/naravne_znamenitosti\/2012040412524591\/\" target=\"_blank\" rel=\"noopener noreferrer\"><span style=\"font-weight: 400;\">ZDE<\/span><\/a><span style=\"font-weight: 400;\">.\u00a0<\/span><span style=\"font-weight: 400;\">Sou\u0159adnice v\u00fdchoz\u00edho bodu k sout\u011bsce 46.197717, 13.739681<\/span><\/p>\n<figure id=\"attachment_15646\" aria-describedby=\"caption-attachment-15646\" style=\"width: 602px\" class=\"wp-caption aligncenter\"><img loading=\"lazy\" decoding=\"async\" class=\"wp-image-15646 size-full\" src=\"https:\/\/all4camper.com\/\/wp-content\/uploads\/2018\/03\/sout\u011bska-Tolmin.jpg\" alt=\"\" width=\"602\" height=\"400\" srcset=\"https:\/\/all4camper.com\/wp-content\/uploads\/2018\/03\/sout\u011bska-Tolmin.jpg 602w, https:\/\/all4camper.com\/wp-content\/uploads\/2018\/03\/sout\u011bska-Tolmin-300x199.jpg 300w, https:\/\/all4camper.com\/wp-content\/uploads\/2018\/03\/sout\u011bska-Tolmin-150x100.jpg 150w\" sizes=\"auto, (max-width: 602px) 100vw, 602px\" \/><figcaption id=\"caption-attachment-15646\" class=\"wp-caption-text\">Tolminska korita, Tolmin, Dolina So\u010de, Avtor: Fabio Ferrari<\/figcaption><\/figure>\n<p><span style=\"font-weight: 400;\">V Tolminu m\u016f\u017eete tak\u00e9 kempovat a to v kempech <\/span><a href=\"https:\/\/www.camp-gabrje.com\/\" target=\"_blank\" rel=\"noopener noreferrer\"><span style=\"font-weight: 400;\">Camp Gabrje<\/span><\/a><span style=\"font-weight: 400;\"> (46.200101, 13.694911), <\/span><a href=\"http:\/\/www.campsibertolmin.si\/\" target=\"_blank\" rel=\"noopener noreferrer\"><span style=\"font-weight: 400;\">Kempu Siber<\/span><\/a><span style=\"font-weight: 400;\"> (46.180494, 13.738182), nebo v <\/span><a href=\"https:\/\/www.campercontact.com\/de\/slovenien\/primorska-kustenland\/tolmin\/59850\/wohnmobilstellplatz-camp-senca.aspx\" target=\"_blank\" rel=\"noopener noreferrer\"><span style=\"font-weight: 400;\">Camp Senca<\/span><\/a><span style=\"font-weight: 400;\"> (46.16163, 13.74175).<\/span><\/p>\n<figure id=\"attachment_15647\" aria-describedby=\"caption-attachment-15647\" style=\"width: 578px\" class=\"wp-caption aligncenter\"><img loading=\"lazy\" decoding=\"async\" class=\"wp-image-15647 size-full\" src=\"https:\/\/all4camper.com\/\/wp-content\/uploads\/2018\/03\/camp-Gabrie.jpg\" alt=\"\" width=\"578\" height=\"400\" srcset=\"https:\/\/all4camper.com\/wp-content\/uploads\/2018\/03\/camp-Gabrie.jpg 578w, https:\/\/all4camper.com\/wp-content\/uploads\/2018\/03\/camp-Gabrie-300x208.jpg 300w, https:\/\/all4camper.com\/wp-content\/uploads\/2018\/03\/camp-Gabrie-150x104.jpg 150w\" sizes=\"auto, (max-width: 578px) 100vw, 578px\" \/><figcaption id=\"caption-attachment-15647\" class=\"wp-caption-text\">Camp Gabrje<\/figcaption><\/figure>\n<p><img loading=\"lazy\" decoding=\"async\" class=\"wp-image-15648 size-full\" src=\"https:\/\/all4camper.com\/\/wp-content\/uploads\/2018\/03\/kemp-Siber.jpg\" alt=\"\" width=\"711\" height=\"400\" srcset=\"https:\/\/all4camper.com\/wp-content\/uploads\/2018\/03\/kemp-Siber.jpg 711w, https:\/\/all4camper.com\/wp-content\/uploads\/2018\/03\/kemp-Siber-300x169.jpg 300w, https:\/\/all4camper.com\/wp-content\/uploads\/2018\/03\/kemp-Siber-150x84.jpg 150w, https:\/\/all4camper.com\/wp-content\/uploads\/2018\/03\/kemp-Siber-678x381.jpg 678w\" sizes=\"auto, (max-width: 711px) 100vw, 711px\" \/><\/p>\n<p>Kemp Siber<span style=\"font-weight: 400;\">Dojdete-li k sout\u011bsce, pak u\u017e to nem\u00e1te daleko k <\/span><a href=\"https:\/\/www.dolina-soce.com\/dolina_odkritij\/kulturno_zgodovinske_znamenitosti\/2012032815271701\/\"><span style=\"font-weight: 400;\">Javorca<\/span><\/a><span style=\"font-weight: 400;\">, d\u0159ev\u011bn\u00e9mu kostelu v\u011bnovan\u00e9mu padl\u00fdm voj\u00e1k\u016fm na front\u011b So\u010da.\u00a0(46.235070, 13.719905)<\/span><\/p>\n<p><img loading=\"lazy\" decoding=\"async\" class=\"aligncenter wp-image-15649 size-full\" src=\"https:\/\/all4camper.com\/\/wp-content\/uploads\/2018\/03\/Javorca.jpg\" alt=\"\" width=\"599\" height=\"400\" srcset=\"https:\/\/all4camper.com\/wp-content\/uploads\/2018\/03\/Javorca.jpg 599w, https:\/\/all4camper.com\/wp-content\/uploads\/2018\/03\/Javorca-300x200.jpg 300w, https:\/\/all4camper.com\/wp-content\/uploads\/2018\/03\/Javorca-150x100.jpg 150w\" sizes=\"auto, (max-width: 599px) 100vw, 599px\" \/><\/p>\n<p>Tento p\u0159\u00edsp\u011bvek byl naps\u00e1n <strong>ve spolupr\u00e1ci s turistick\u00fdm informa\u010dn\u00edm centrem Slovinska\u00a0<a href=\"http:\/\/www.slovenia.info\/\" target=\"_blank\" rel=\"noopener noreferrer\">Slovenia.info<\/a><\/strong><\/p>\n","protected":false},"excerpt":{"rendered":"<p>So\u010da je n\u00e1dhern\u00e1 \u0159eka s modro-zelenou barvou ve Slovinsku a je pova\u017eov\u00e1na za jednu z nejkr\u00e1sn\u011bj\u0161\u00edch \u0159ek v Evrop\u011b. Na t\u00e9to \u0159ece najdete vodop\u00e1dy, pe\u0159eje, \u00fazk\u00e9 skalnat\u00e9 rokliny i klidn\u00e9 \u00faseky, kde se d\u00e1 koupat.<\/p>\n","protected":false},"author":4,"featured_media":15635,"comment_status":"open","ping_status":"open","sticky":false,"template":"","format":"standard","meta":{"_monsterinsights_skip_tracking":false,"_monsterinsights_sitenote_active":false,"_monsterinsights_sitenote_note":"","_monsterinsights_sitenote_category":0,"footnotes":""},"categories":[2380,68],"tags":[101,227],"class_list":{"0":"post-15634","1":"post","2":"type-post","3":"status-publish","4":"format-standard","5":"has-post-thumbnail","7":"category-kempujeme-a-cestujeme-ve-slovinsku","8":"category-kempovani-a-zajimave-cile","9":"tag-kempy-1","10":"tag-slovinsko"},"yoast_head":"<!-- This site is optimized with the Yoast SEO plugin v27.4 - https:\/\/yoast.com\/product\/yoast-seo-wordpress\/ -->\n<title>Slovinsko, kempujeme v \u00fadol\u00ed So\u010da<\/title>\n<meta name=\"description\" content=\"So\u010da je n\u00e1dhern\u00e1 \u0159eka s modro-zelenou barvou ve Slovinsku a je pova\u017eov\u00e1na za jednu z nejkr\u00e1sn\u011bj\u0161\u00edch \u0159ek v Evrop\u011b. Na t\u00e9to \u0159ece najde vodop\u00e1dy, pe\u0159eje, \u00fazk\u00e9 skalnat\u00e9 rokliny i klidn\u00e9 \u00faseky, kde se d\u00e1 koupat.\" \/>\n<meta name=\"robots\" content=\"index, follow, max-snippet:-1, max-image-preview:large, max-video-preview:-1\" \/>\n<link rel=\"canonical\" href=\"https:\/\/all4camper.com\/cs\/slovinsko-kempujeme-v-udoli-soci\/\" \/>\n<meta property=\"og:locale\" content=\"cs_CZ\" \/>\n<meta property=\"og:type\" content=\"article\" \/>\n<meta property=\"og:title\" content=\"Slovinsko, kempujeme v \u00fadol\u00ed So\u010da\" \/>\n<meta property=\"og:description\" content=\"So\u010da je n\u00e1dhern\u00e1 \u0159eka s modro-zelenou barvou ve Slovinsku a je pova\u017eov\u00e1na za jednu z nejkr\u00e1sn\u011bj\u0161\u00edch \u0159ek v Evrop\u011b. Na t\u00e9to \u0159ece najde vodop\u00e1dy, pe\u0159eje, \u00fazk\u00e9 skalnat\u00e9 rokliny i klidn\u00e9 \u00faseky, kde se d\u00e1 koupat.\" \/>\n<meta property=\"og:url\" content=\"https:\/\/all4camper.com\/cs\/slovinsko-kempujeme-v-udoli-soci\/\" \/>\n<meta property=\"og:site_name\" content=\"All4Camper\" \/>\n<meta property=\"article:published_time\" content=\"2018-03-14T12:43:29+00:00\" \/>\n<meta property=\"article:modified_time\" content=\"2019-09-19T13:31:35+00:00\" \/>\n<meta property=\"og:image\" content=\"https:\/\/all4camper.com\/wp-content\/uploads\/2018\/03\/soca_kajak_jost_gantar_8_1.jpg\" \/>\n\t<meta property=\"og:image:width\" content=\"738\" \/>\n\t<meta property=\"og:image:height\" content=\"400\" \/>\n\t<meta property=\"og:image:type\" content=\"image\/jpeg\" \/>\n<meta name=\"author\" content=\"Kl\u00e1ra H\u00e1jkov\u00e1\" \/>\n<meta name=\"twitter:card\" content=\"summary_large_image\" \/>\n<meta name=\"twitter:label1\" content=\"Napsal(a)\" \/>\n\t<meta name=\"twitter:data1\" content=\"Kl\u00e1ra H\u00e1jkov\u00e1\" \/>\n\t<meta name=\"twitter:label2\" content=\"Odhadovan\u00e1 doba \u010dten\u00ed\" \/>\n\t<meta name=\"twitter:data2\" content=\"4 minuty\" \/>\n<script type=\"application\/ld+json\" class=\"yoast-schema-graph\">{\"@context\":\"https:\\\/\\\/schema.org\",\"@graph\":[{\"@type\":\"Article\",\"@id\":\"https:\\\/\\\/all4camper.com\\\/cs\\\/slovinsko-kempujeme-v-udoli-soci\\\/#article\",\"isPartOf\":{\"@id\":\"https:\\\/\\\/all4camper.com\\\/cs\\\/slovinsko-kempujeme-v-udoli-soci\\\/\"},\"author\":{\"name\":\"Kl\u00e1ra H\u00e1jkov\u00e1\",\"@id\":\"https:\\\/\\\/all4camper.com\\\/cs\\\/#\\\/schema\\\/person\\\/c6f1efdf1d02bc7d8c53a891cbe18c62\"},\"headline\":\"Slovinsko, kempujeme v \u00fadol\u00ed So\u010di\",\"datePublished\":\"2018-03-14T12:43:29+00:00\",\"dateModified\":\"2019-09-19T13:31:35+00:00\",\"mainEntityOfPage\":{\"@id\":\"https:\\\/\\\/all4camper.com\\\/cs\\\/slovinsko-kempujeme-v-udoli-soci\\\/\"},\"wordCount\":825,\"commentCount\":0,\"publisher\":{\"@id\":\"https:\\\/\\\/all4camper.com\\\/cs\\\/#organization\"},\"image\":{\"@id\":\"https:\\\/\\\/all4camper.com\\\/cs\\\/slovinsko-kempujeme-v-udoli-soci\\\/#primaryimage\"},\"thumbnailUrl\":\"https:\\\/\\\/all4camper.com\\\/wp-content\\\/uploads\\\/2018\\\/03\\\/soca_kajak_jost_gantar_8_1.jpg\",\"keywords\":[\"Kempy a kempovac\u00ed m\u00edsta\",\"Slovinsko\"],\"articleSection\":[\"Kempujeme a cestujeme ve Slovinsku\",\"Kempy a zaj\u00edmav\u00e1 m\u00edsta\"],\"inLanguage\":\"cs\",\"potentialAction\":[{\"@type\":\"CommentAction\",\"name\":\"Comment\",\"target\":[\"https:\\\/\\\/all4camper.com\\\/cs\\\/slovinsko-kempujeme-v-udoli-soci\\\/#respond\"]}]},{\"@type\":\"WebPage\",\"@id\":\"https:\\\/\\\/all4camper.com\\\/cs\\\/slovinsko-kempujeme-v-udoli-soci\\\/\",\"url\":\"https:\\\/\\\/all4camper.com\\\/cs\\\/slovinsko-kempujeme-v-udoli-soci\\\/\",\"name\":\"Slovinsko, kempujeme v \u00fadol\u00ed So\u010da\",\"isPartOf\":{\"@id\":\"https:\\\/\\\/all4camper.com\\\/cs\\\/#website\"},\"primaryImageOfPage\":{\"@id\":\"https:\\\/\\\/all4camper.com\\\/cs\\\/slovinsko-kempujeme-v-udoli-soci\\\/#primaryimage\"},\"image\":{\"@id\":\"https:\\\/\\\/all4camper.com\\\/cs\\\/slovinsko-kempujeme-v-udoli-soci\\\/#primaryimage\"},\"thumbnailUrl\":\"https:\\\/\\\/all4camper.com\\\/wp-content\\\/uploads\\\/2018\\\/03\\\/soca_kajak_jost_gantar_8_1.jpg\",\"datePublished\":\"2018-03-14T12:43:29+00:00\",\"dateModified\":\"2019-09-19T13:31:35+00:00\",\"description\":\"So\u010da je n\u00e1dhern\u00e1 \u0159eka s modro-zelenou barvou ve Slovinsku a je pova\u017eov\u00e1na za jednu z nejkr\u00e1sn\u011bj\u0161\u00edch \u0159ek v Evrop\u011b. Na t\u00e9to \u0159ece najde vodop\u00e1dy, pe\u0159eje, \u00fazk\u00e9 skalnat\u00e9 rokliny i klidn\u00e9 \u00faseky, kde se d\u00e1 koupat.\",\"breadcrumb\":{\"@id\":\"https:\\\/\\\/all4camper.com\\\/cs\\\/slovinsko-kempujeme-v-udoli-soci\\\/#breadcrumb\"},\"inLanguage\":\"cs\",\"potentialAction\":[{\"@type\":\"ReadAction\",\"target\":[\"https:\\\/\\\/all4camper.com\\\/cs\\\/slovinsko-kempujeme-v-udoli-soci\\\/\"]}]},{\"@type\":\"ImageObject\",\"inLanguage\":\"cs\",\"@id\":\"https:\\\/\\\/all4camper.com\\\/cs\\\/slovinsko-kempujeme-v-udoli-soci\\\/#primaryimage\",\"url\":\"https:\\\/\\\/all4camper.com\\\/wp-content\\\/uploads\\\/2018\\\/03\\\/soca_kajak_jost_gantar_8_1.jpg\",\"contentUrl\":\"https:\\\/\\\/all4camper.com\\\/wp-content\\\/uploads\\\/2018\\\/03\\\/soca_kajak_jost_gantar_8_1.jpg\",\"width\":738,\"height\":400},{\"@type\":\"BreadcrumbList\",\"@id\":\"https:\\\/\\\/all4camper.com\\\/cs\\\/slovinsko-kempujeme-v-udoli-soci\\\/#breadcrumb\",\"itemListElement\":[{\"@type\":\"ListItem\",\"position\":1,\"name\":\"Dom\u016f\",\"item\":\"https:\\\/\\\/all4camper.com\\\/cs\\\/\"},{\"@type\":\"ListItem\",\"position\":2,\"name\":\"Kempujeme a cestujeme ve Slovinsku\",\"item\":\"https:\\\/\\\/all4camper.com\\\/cs\\\/category\\\/kempujeme-a-cestujeme-ve-slovinsku\\\/\"},{\"@type\":\"ListItem\",\"position\":3,\"name\":\"Slovinsko, kempujeme v \u00fadol\u00ed So\u010di\"}]},{\"@type\":\"WebSite\",\"@id\":\"https:\\\/\\\/all4camper.com\\\/cs\\\/#website\",\"url\":\"https:\\\/\\\/all4camper.com\\\/cs\\\/\",\"name\":\"All4Camper\",\"description\":\"Nejv\u011bt\u0161\u00ed online magaz\u00edn o kempov\u00e1n\u00ed a karavaninku. V\u00edce jak 900 \u010dl\u00e1nk\u016f pln\u00fdch rad a tip\u016f o kempech a kempov\u00e1n\u00ed.\",\"publisher\":{\"@id\":\"https:\\\/\\\/all4camper.com\\\/cs\\\/#organization\"},\"potentialAction\":[{\"@type\":\"SearchAction\",\"target\":{\"@type\":\"EntryPoint\",\"urlTemplate\":\"https:\\\/\\\/all4camper.com\\\/cs\\\/?s={search_term_string}\"},\"query-input\":{\"@type\":\"PropertyValueSpecification\",\"valueRequired\":true,\"valueName\":\"search_term_string\"}}],\"inLanguage\":\"cs\"},{\"@type\":\"Organization\",\"@id\":\"https:\\\/\\\/all4camper.com\\\/cs\\\/#organization\",\"name\":\"All4Camper - kempujeme s Kl\u00e1rou\",\"url\":\"https:\\\/\\\/all4camper.com\\\/cs\\\/\",\"logo\":{\"@type\":\"ImageObject\",\"inLanguage\":\"cs\",\"@id\":\"https:\\\/\\\/all4camper.com\\\/cs\\\/#\\\/schema\\\/logo\\\/image\\\/\",\"url\":\"https:\\\/\\\/all4camper.com\\\/wp-content\\\/uploads\\\/2018\\\/09\\\/novelogo.png\",\"contentUrl\":\"https:\\\/\\\/all4camper.com\\\/wp-content\\\/uploads\\\/2018\\\/09\\\/novelogo.png\",\"width\":1520,\"height\":600,\"caption\":\"All4Camper - kempujeme s Kl\u00e1rou\"},\"image\":{\"@id\":\"https:\\\/\\\/all4camper.com\\\/cs\\\/#\\\/schema\\\/logo\\\/image\\\/\"}},{\"@type\":\"Person\",\"@id\":\"https:\\\/\\\/all4camper.com\\\/cs\\\/#\\\/schema\\\/person\\\/c6f1efdf1d02bc7d8c53a891cbe18c62\",\"name\":\"Kl\u00e1ra H\u00e1jkov\u00e1\",\"sameAs\":[\"http:\\\/\\\/www.all4camper.com\"],\"url\":\"https:\\\/\\\/all4camper.com\\\/cs\\\/author\\\/klarinkacestuje1\\\/\"}]}<\/script>\n<!-- \/ Yoast SEO plugin. -->","yoast_head_json":{"title":"Slovinsko, kempujeme v \u00fadol\u00ed So\u010da","description":"So\u010da je n\u00e1dhern\u00e1 \u0159eka s modro-zelenou barvou ve Slovinsku a je pova\u017eov\u00e1na za jednu z nejkr\u00e1sn\u011bj\u0161\u00edch \u0159ek v Evrop\u011b. Na t\u00e9to \u0159ece najde vodop\u00e1dy, pe\u0159eje, \u00fazk\u00e9 skalnat\u00e9 rokliny i klidn\u00e9 \u00faseky, kde se d\u00e1 koupat.","robots":{"index":"index","follow":"follow","max-snippet":"max-snippet:-1","max-image-preview":"max-image-preview:large","max-video-preview":"max-video-preview:-1"},"canonical":"https:\/\/all4camper.com\/cs\/slovinsko-kempujeme-v-udoli-soci\/","og_locale":"cs_CZ","og_type":"article","og_title":"Slovinsko, kempujeme v \u00fadol\u00ed So\u010da","og_description":"So\u010da je n\u00e1dhern\u00e1 \u0159eka s modro-zelenou barvou ve Slovinsku a je pova\u017eov\u00e1na za jednu z nejkr\u00e1sn\u011bj\u0161\u00edch \u0159ek v Evrop\u011b. Na t\u00e9to \u0159ece najde vodop\u00e1dy, pe\u0159eje, \u00fazk\u00e9 skalnat\u00e9 rokliny i klidn\u00e9 \u00faseky, kde se d\u00e1 koupat.","og_url":"https:\/\/all4camper.com\/cs\/slovinsko-kempujeme-v-udoli-soci\/","og_site_name":"All4Camper","article_published_time":"2018-03-14T12:43:29+00:00","article_modified_time":"2019-09-19T13:31:35+00:00","og_image":[{"width":738,"height":400,"url":"https:\/\/all4camper.com\/wp-content\/uploads\/2018\/03\/soca_kajak_jost_gantar_8_1.jpg","type":"image\/jpeg"}],"author":"Kl\u00e1ra H\u00e1jkov\u00e1","twitter_card":"summary_large_image","twitter_misc":{"Napsal(a)":"Kl\u00e1ra H\u00e1jkov\u00e1","Odhadovan\u00e1 doba \u010dten\u00ed":"4 minuty"},"schema":{"@context":"https:\/\/schema.org","@graph":[{"@type":"Article","@id":"https:\/\/all4camper.com\/cs\/slovinsko-kempujeme-v-udoli-soci\/#article","isPartOf":{"@id":"https:\/\/all4camper.com\/cs\/slovinsko-kempujeme-v-udoli-soci\/"},"author":{"name":"Kl\u00e1ra H\u00e1jkov\u00e1","@id":"https:\/\/all4camper.com\/cs\/#\/schema\/person\/c6f1efdf1d02bc7d8c53a891cbe18c62"},"headline":"Slovinsko, kempujeme v \u00fadol\u00ed So\u010di","datePublished":"2018-03-14T12:43:29+00:00","dateModified":"2019-09-19T13:31:35+00:00","mainEntityOfPage":{"@id":"https:\/\/all4camper.com\/cs\/slovinsko-kempujeme-v-udoli-soci\/"},"wordCount":825,"commentCount":0,"publisher":{"@id":"https:\/\/all4camper.com\/cs\/#organization"},"image":{"@id":"https:\/\/all4camper.com\/cs\/slovinsko-kempujeme-v-udoli-soci\/#primaryimage"},"thumbnailUrl":"https:\/\/all4camper.com\/wp-content\/uploads\/2018\/03\/soca_kajak_jost_gantar_8_1.jpg","keywords":["Kempy a kempovac\u00ed m\u00edsta","Slovinsko"],"articleSection":["Kempujeme a cestujeme ve Slovinsku","Kempy a zaj\u00edmav\u00e1 m\u00edsta"],"inLanguage":"cs","potentialAction":[{"@type":"CommentAction","name":"Comment","target":["https:\/\/all4camper.com\/cs\/slovinsko-kempujeme-v-udoli-soci\/#respond"]}]},{"@type":"WebPage","@id":"https:\/\/all4camper.com\/cs\/slovinsko-kempujeme-v-udoli-soci\/","url":"https:\/\/all4camper.com\/cs\/slovinsko-kempujeme-v-udoli-soci\/","name":"Slovinsko, kempujeme v \u00fadol\u00ed So\u010da","isPartOf":{"@id":"https:\/\/all4camper.com\/cs\/#website"},"primaryImageOfPage":{"@id":"https:\/\/all4camper.com\/cs\/slovinsko-kempujeme-v-udoli-soci\/#primaryimage"},"image":{"@id":"https:\/\/all4camper.com\/cs\/slovinsko-kempujeme-v-udoli-soci\/#primaryimage"},"thumbnailUrl":"https:\/\/all4camper.com\/wp-content\/uploads\/2018\/03\/soca_kajak_jost_gantar_8_1.jpg","datePublished":"2018-03-14T12:43:29+00:00","dateModified":"2019-09-19T13:31:35+00:00","description":"So\u010da je n\u00e1dhern\u00e1 \u0159eka s modro-zelenou barvou ve Slovinsku a je pova\u017eov\u00e1na za jednu z nejkr\u00e1sn\u011bj\u0161\u00edch \u0159ek v Evrop\u011b. Na t\u00e9to \u0159ece najde vodop\u00e1dy, pe\u0159eje, \u00fazk\u00e9 skalnat\u00e9 rokliny i klidn\u00e9 \u00faseky, kde se d\u00e1 koupat.","breadcrumb":{"@id":"https:\/\/all4camper.com\/cs\/slovinsko-kempujeme-v-udoli-soci\/#breadcrumb"},"inLanguage":"cs","potentialAction":[{"@type":"ReadAction","target":["https:\/\/all4camper.com\/cs\/slovinsko-kempujeme-v-udoli-soci\/"]}]},{"@type":"ImageObject","inLanguage":"cs","@id":"https:\/\/all4camper.com\/cs\/slovinsko-kempujeme-v-udoli-soci\/#primaryimage","url":"https:\/\/all4camper.com\/wp-content\/uploads\/2018\/03\/soca_kajak_jost_gantar_8_1.jpg","contentUrl":"https:\/\/all4camper.com\/wp-content\/uploads\/2018\/03\/soca_kajak_jost_gantar_8_1.jpg","width":738,"height":400},{"@type":"BreadcrumbList","@id":"https:\/\/all4camper.com\/cs\/slovinsko-kempujeme-v-udoli-soci\/#breadcrumb","itemListElement":[{"@type":"ListItem","position":1,"name":"Dom\u016f","item":"https:\/\/all4camper.com\/cs\/"},{"@type":"ListItem","position":2,"name":"Kempujeme a cestujeme ve Slovinsku","item":"https:\/\/all4camper.com\/cs\/category\/kempujeme-a-cestujeme-ve-slovinsku\/"},{"@type":"ListItem","position":3,"name":"Slovinsko, kempujeme v \u00fadol\u00ed So\u010di"}]},{"@type":"WebSite","@id":"https:\/\/all4camper.com\/cs\/#website","url":"https:\/\/all4camper.com\/cs\/","name":"All4Camper","description":"Nejv\u011bt\u0161\u00ed online magaz\u00edn o kempov\u00e1n\u00ed a karavaninku. V\u00edce jak 900 \u010dl\u00e1nk\u016f pln\u00fdch rad a tip\u016f o kempech a kempov\u00e1n\u00ed.","publisher":{"@id":"https:\/\/all4camper.com\/cs\/#organization"},"potentialAction":[{"@type":"SearchAction","target":{"@type":"EntryPoint","urlTemplate":"https:\/\/all4camper.com\/cs\/?s={search_term_string}"},"query-input":{"@type":"PropertyValueSpecification","valueRequired":true,"valueName":"search_term_string"}}],"inLanguage":"cs"},{"@type":"Organization","@id":"https:\/\/all4camper.com\/cs\/#organization","name":"All4Camper - kempujeme s Kl\u00e1rou","url":"https:\/\/all4camper.com\/cs\/","logo":{"@type":"ImageObject","inLanguage":"cs","@id":"https:\/\/all4camper.com\/cs\/#\/schema\/logo\/image\/","url":"https:\/\/all4camper.com\/wp-content\/uploads\/2018\/09\/novelogo.png","contentUrl":"https:\/\/all4camper.com\/wp-content\/uploads\/2018\/09\/novelogo.png","width":1520,"height":600,"caption":"All4Camper - kempujeme s Kl\u00e1rou"},"image":{"@id":"https:\/\/all4camper.com\/cs\/#\/schema\/logo\/image\/"}},{"@type":"Person","@id":"https:\/\/all4camper.com\/cs\/#\/schema\/person\/c6f1efdf1d02bc7d8c53a891cbe18c62","name":"Kl\u00e1ra H\u00e1jkov\u00e1","sameAs":["http:\/\/www.all4camper.com"],"url":"https:\/\/all4camper.com\/cs\/author\/klarinkacestuje1\/"}]}},"_links":{"self":[{"href":"https:\/\/all4camper.com\/cs\/wp-json\/wp\/v2\/posts\/15634","targetHints":{"allow":["GET"]}}],"collection":[{"href":"https:\/\/all4camper.com\/cs\/wp-json\/wp\/v2\/posts"}],"about":[{"href":"https:\/\/all4camper.com\/cs\/wp-json\/wp\/v2\/types\/post"}],"author":[{"embeddable":true,"href":"https:\/\/all4camper.com\/cs\/wp-json\/wp\/v2\/users\/4"}],"replies":[{"embeddable":true,"href":"https:\/\/all4camper.com\/cs\/wp-json\/wp\/v2\/comments?post=15634"}],"version-history":[{"count":0,"href":"https:\/\/all4camper.com\/cs\/wp-json\/wp\/v2\/posts\/15634\/revisions"}],"wp:featuredmedia":[{"embeddable":true,"href":"https:\/\/all4camper.com\/cs\/wp-json\/wp\/v2\/media\/15635"}],"wp:attachment":[{"href":"https:\/\/all4camper.com\/cs\/wp-json\/wp\/v2\/media?parent=15634"}],"wp:term":[{"taxonomy":"category","embeddable":true,"href":"https:\/\/all4camper.com\/cs\/wp-json\/wp\/v2\/categories?post=15634"},{"taxonomy":"post_tag","embeddable":true,"href":"https:\/\/all4camper.com\/cs\/wp-json\/wp\/v2\/tags?post=15634"}],"curies":[{"name":"wp","href":"https:\/\/api.w.org\/{rel}","templated":true}]}}