{"id":15211,"date":"2018-03-08T14:52:05","date_gmt":"2018-03-08T13:52:05","guid":{"rendered":"https:\/\/all4camper.com\/\/?p=15211"},"modified":"2019-06-23T15:26:20","modified_gmt":"2019-06-23T13:26:20","slug":"kempujeme-na-orliku","status":"publish","type":"post","link":"https:\/\/all4camper.com\/cs\/kempujeme-na-orliku\/","title":{"rendered":"Kempujeme na Orl\u00edku"},"content":{"rendered":"<p>To jsme si takhle jednou vyrazili na kempovat do \u010cesk\u00e9ho r\u00e1je a ejhle! 35km od domova se auto rozhodlo, \u017ee karavan takovou d\u00e1lku t\u00e1hnout nebude a sko\u010dilo si do nouz\u00e1ku!\u00a0?\u00a0No a co te\u010f? D\u00e1v\u00e1me hlavy dohromady a kdy\u017e m\u00edj\u00edme ukazatel Orlick\u00e1 p\u0159ehrada, je rozhodnuto!<\/p>\n<p>Dvakr\u00e1t nad\u0161en\u00e1 sem zpravu nebyla, to p\u0159izn\u00e1v\u00e1m. P\u0159ece jen sem n\u011bkolik hodin p\u0159ed odjezdem sed\u011bla a sepisovala n\u00e1\u0161 \u201ev\u00fdletn\u00ed pl\u00e1n\u201c do \u010cesk\u00e9ho r\u00e1je, abych v\u0161e m\u011bla vychytan\u00e9 do posledn\u00edho punt\u00edku (D\u00edky za par\u00e1dn\u00ed tipy, Jani\u00a0<a href=\"http:\/\/sdetmivbaglu.cz\/\" target=\"_blank\" rel=\"nofollow noopener noreferrer\">http:\/\/sdetmivbaglu.cz<\/a>) .\u00a0Na cestov\u00e1n\u00ed karavanem je \u00fa\u017easn\u00e1 ta volnost. Jede\u0161 do \u010cesk\u00fdho r\u00e1je a skon\u010d\u00ed\u0161 na Orl\u00edku. Who cares?<\/p>\n<p><img loading=\"lazy\" decoding=\"async\" class=\"size-full wp-image-15213 aligncenter\" src=\"https:\/\/all4camper.com\/\/wp-content\/uploads\/2018\/03\/orlik-2.jpg\" alt=\"\" width=\"533\" height=\"400\" srcset=\"https:\/\/all4camper.com\/wp-content\/uploads\/2018\/03\/orlik-2.jpg 533w, https:\/\/all4camper.com\/wp-content\/uploads\/2018\/03\/orlik-2-300x225.jpg 300w, https:\/\/all4camper.com\/wp-content\/uploads\/2018\/03\/orlik-2-150x113.jpg 150w, https:\/\/all4camper.com\/wp-content\/uploads\/2018\/03\/orlik-2-326x245.jpg 326w, https:\/\/all4camper.com\/wp-content\/uploads\/2018\/03\/orlik-2-80x60.jpg 80w\" sizes=\"auto, (max-width: 533px) 100vw, 533px\" \/><\/p>\n<p>Nakonec jsme zakotvili v\u00a0<strong>kempu Trhovky<\/strong>\u00a0a chytli posledn\u00ed voln\u00e9 m\u00edsto pro karavan. Nejednalo se o \u017e\u00e1dn\u00fd baby-friendly kemp, sou\u010d\u00e1st\u00ed je toti\u017e i\u00a0<strong>diskot\u00e9ka<\/strong>, tak\u017ee to o v\u00edkendu bylo pon\u011bkud ru\u0161n\u011bj\u0161\u00ed, ale byli jsme na okraji kempu, tak\u017ee n\u00e1m to nijak extra nevadilo (pozn.: o v\u00edkendu se kon\u00e1 diskot\u00e9ka i pro d\u011bti). Soci\u00e1ly byly tedy katastrofa. N\u011bjak\u00e9 d\u011btsk\u00e9 sprchy, z\u00e1chody nebo t\u0159eba p\u0159ebalov\u00e1k tady rozhodn\u011b nenajdete.<\/p>\n<p>Vedle se nach\u00e1z\u00ed je\u0161t\u011b jeden kemp. Mezi kempy je \u0159ada\u00a0<strong>restaurac\u00ed, obch\u016fdk\u016f, st\u00e1nk\u016f s ob\u010derstven\u00edm a mal\u00fd lunapark.<\/strong>\u00a0Pokud jste milovn\u00edky pizzy, doporu\u010duji nav\u0161tv\u00edtit Pizzerii \u201cNa T\u00e9\u010dku\u201c.<\/p>\n<p>Sou\u010d\u00e1st\u00ed kempu je\u00a0<strong>h\u0159i\u0161t\u011b na nohejbal a volejbal<\/strong>, nechyb\u00ed ani\u00a0<strong>ping-pongov\u00fd st\u016fl<\/strong>\u00a0(p\u00e1lky s sebou). Co mi tady ale rozhodn\u011b chyb\u011blo, bylo d\u011btsk\u00e9 h\u0159i\u0161t\u011b.<\/p>\n<p>Sv\u00e9 kouzlo tady m\u00e1 n\u00e1dhern\u00e1 p\u0159\u00edroda v\u0161ude kolem. Sta\u010d\u00ed proj\u00edt lesem k vod\u011b a je V\u00e1m \u00fapln\u011b jedno, \u017ee z\u00e1zem\u00ed kempu nen\u00ed \u00fapln\u011b modern\u00ed.<\/p>\n<p><img loading=\"lazy\" decoding=\"async\" class=\"wp-image-15217 size-full aligncenter\" src=\"https:\/\/all4camper.com\/\/wp-content\/uploads\/2018\/03\/img_3121.jpg\" alt=\"\" width=\"533\" height=\"400\" srcset=\"https:\/\/all4camper.com\/wp-content\/uploads\/2018\/03\/img_3121.jpg 533w, https:\/\/all4camper.com\/wp-content\/uploads\/2018\/03\/img_3121-300x225.jpg 300w, https:\/\/all4camper.com\/wp-content\/uploads\/2018\/03\/img_3121-150x113.jpg 150w, https:\/\/all4camper.com\/wp-content\/uploads\/2018\/03\/img_3121-326x245.jpg 326w, https:\/\/all4camper.com\/wp-content\/uploads\/2018\/03\/img_3121-80x60.jpg 80w\" sizes=\"auto, (max-width: 533px) 100vw, 533px\" \/><\/p>\n<p>Orl\u00edk je nav\u00edc vyhl\u00e1\u0161en\u00fd zelen\u00fdm \u017eabincem, kter\u00fd ke koup\u00e1n\u00ed nen\u00ed ani n\u00e1hodou. My m\u011bli ale kliku (za\u017eila jsem to poprv\u00e9, od t\u00e9 doby co na Orl\u00edk jezd\u00edm) a voda byla kr\u00e1sn\u011b \u010dist\u00e1 (a\u010d osv\u011b\u017euj\u00edc\u00ed) a d\u011bti (i tat\u00ednek) se vy\u0159\u00e1dili.<\/p>\n<p><img loading=\"lazy\" decoding=\"async\" class=\"size-full wp-image-15218 aligncenter\" src=\"https:\/\/all4camper.com\/\/wp-content\/uploads\/2018\/03\/orlik-6.jpg\" alt=\"\" width=\"600\" height=\"400\" srcset=\"https:\/\/all4camper.com\/wp-content\/uploads\/2018\/03\/orlik-6.jpg 600w, https:\/\/all4camper.com\/wp-content\/uploads\/2018\/03\/orlik-6-300x200.jpg 300w, https:\/\/all4camper.com\/wp-content\/uploads\/2018\/03\/orlik-6-150x100.jpg 150w\" sizes=\"auto, (max-width: 600px) 100vw, 600px\" \/><\/p>\n<p><strong>A kam jsme se odsud vydali v\u00fdletit?<\/strong><\/p>\n<ul>\n<li><strong><a href=\"https:\/\/uztambudem.wordpress.com\/2018\/01\/21\/na-solenickou-podkovu-s-detmi-i-kocarkem\/\" target=\"_blank\" rel=\"noopener noreferrer\">Solenick\u00e1 podkova\u00a0a rozhledna Milada<\/a><\/strong><\/li>\n<li><strong>Orlick\u00e1 hr\u00e1z<\/strong><\/li>\n<li><strong>Zem\u011br\u00e1j Kov\u00e1\u0159ov<\/strong><\/li>\n<li><strong><a href=\"https:\/\/uztambudem.wordpress.com\/2018\/01\/22\/s-detmi-smer-amerika\/\" target=\"_blank\" rel=\"noopener noreferrer\">Lom Amerika<\/a><\/strong><\/li>\n<li><strong>Aquapark \u010cestlice<\/strong><\/li>\n<li><strong>Svat\u00fd Jan pod Skalou a Salvayovy loamy<\/strong><\/li>\n<li><strong>Vyhl\u00eddkov\u00e9 valy u leti\u0161t\u011b V\u00e1clava Havla (Kn\u011bzeves)<\/strong><\/li>\n<\/ul>\n<p>Dal\u0161\u00ed tipy na v\u00fdlet, kter\u00e9 jsme nestihli:<\/p>\n<ul>\n<li><strong>Vyhl\u00eddkov\u00e1 plavba lod\u00ed Orl\u00edk \u2013 Zv\u00edkov<\/strong>\u00a0\u2013 proj\u00ed\u017e\u010fka lod\u00ed okolo z\u00e1mku (25min), v l\u00e9t\u011b jezd\u00ed denn\u011b ka\u017ed\u00fdch 30min<\/li>\n<li><strong>Akv\u00e1rium Orl\u00edk<\/strong>\u00a0\u2013 hned vedle parkovi\u0161t\u011b, akv\u00e1rium \u201ePod hladinou orlick\u00e9 p\u0159ehrady\u201c<\/li>\n<li><strong>Langova rozhledna na Onen sv\u011bt<\/strong>\u00a0\u2013 pozor, pokud se chcete i naj\u00edst v restauraci, nutn\u00e1 rezervace p\u0159edem<\/li>\n<li><strong>Z\u00e1mek Orl\u00edk nad Vltavou<\/strong><\/li>\n<li><strong>Na kole nau\u010dnou stezkou Orl\u00edk \u2013 Zv\u00edkovsk\u00e9 podhrad\u00ed<\/strong>\u00a0(30km)<\/li>\n<li><\/li>\n<\/ul>\n<p>Tento p\u0159\u00edsp\u011bvek je vyd\u00e1n na\u0161\u00ed\u00a0<strong>spolupracuj\u00edc\u00ed blogerkou Evou<\/strong>, jej\u00ed\u017e dal\u0161\u00ed p\u0159\u00edsp\u011bvky, zejm\u00e9na o cestov\u00e1n\u00ed s d\u011btmi, najdete na jej\u00edm blogu\u00a0<strong><a href=\"https:\/\/uztambudem.net\/\" target=\"_blank\" rel=\"noopener noreferrer\">uztambudem.net<\/a><\/strong><\/p>\n","protected":false},"excerpt":{"rendered":"<p>To jsme si takhle jednou vyrazili na kempovat do \u010cesk\u00e9ho r\u00e1je a ejhle! 35km od domova se auto rozhodlo, \u017ee karavan takovou d\u00e1lku t\u00e1hnout nebude a sko\u010dilo si do nouz\u00e1ku!\u00a0?\u00a0No a co te\u010f? D\u00e1v\u00e1me hlavy dohromady a kdy\u017e m\u00edj\u00edme ukazatel Orlick\u00e1 p\u0159ehrada, je rozhodnuto! Dvakr\u00e1t nad\u0161en\u00e1 sem zpravu nebyla, to p\u0159izn\u00e1v\u00e1m. P\u0159ece jen sem n\u011bkolik [&hellip;]<\/p>\n","protected":false},"author":27,"featured_media":15212,"comment_status":"open","ping_status":"open","sticky":false,"template":"","format":"standard","meta":{"_monsterinsights_skip_tracking":false,"_monsterinsights_sitenote_active":false,"_monsterinsights_sitenote_note":"","_monsterinsights_sitenote_category":0,"footnotes":""},"categories":[364],"tags":[100,106],"class_list":{"0":"post-15211","1":"post","2":"type-post","3":"status-publish","4":"format-standard","5":"has-post-thumbnail","7":"category-cestujeme-a-kempujeme-v-cr","8":"tag-cechy","9":"tag-dovolena-s-detmi-1"},"yoast_head":"<!-- This site is optimized with the Yoast SEO plugin v27.5 - https:\/\/yoast.com\/product\/yoast-seo-wordpress\/ -->\n<title>Kempujeme na Orl\u00edku - All4Camper<\/title>\n<meta name=\"description\" content=\"All4Camper - Kempujeme na Orl\u00edku\" \/>\n<meta name=\"robots\" content=\"index, follow, max-snippet:-1, max-image-preview:large, max-video-preview:-1\" \/>\n<link rel=\"canonical\" href=\"https:\/\/all4camper.com\/cs\/kempujeme-na-orliku\/\" \/>\n<meta property=\"og:locale\" content=\"cs_CZ\" \/>\n<meta property=\"og:type\" content=\"article\" \/>\n<meta property=\"og:title\" content=\"Kempujeme na Orl\u00edku - All4Camper\" \/>\n<meta property=\"og:description\" content=\"All4Camper - Kempujeme na Orl\u00edku\" \/>\n<meta property=\"og:url\" content=\"https:\/\/all4camper.com\/cs\/kempujeme-na-orliku\/\" \/>\n<meta property=\"og:site_name\" content=\"All4Camper\" \/>\n<meta property=\"article:published_time\" content=\"2018-03-08T13:52:05+00:00\" \/>\n<meta property=\"article:modified_time\" content=\"2019-06-23T13:26:20+00:00\" \/>\n<meta property=\"og:image\" content=\"https:\/\/all4camper.com\/wp-content\/uploads\/2018\/03\/orlik-e1520516705111.jpg\" \/>\n\t<meta property=\"og:image:width\" content=\"530\" \/>\n\t<meta property=\"og:image:height\" content=\"301\" \/>\n\t<meta property=\"og:image:type\" content=\"image\/jpeg\" \/>\n<meta name=\"author\" content=\"Od na\u0161ich \u010dten\u00e1\u0159\u016f\" \/>\n<meta name=\"twitter:card\" content=\"summary_large_image\" \/>\n<meta name=\"twitter:label1\" content=\"Napsal(a)\" \/>\n\t<meta name=\"twitter:data1\" content=\"Od na\u0161ich \u010dten\u00e1\u0159\u016f\" \/>\n\t<meta name=\"twitter:label2\" content=\"Odhadovan\u00e1 doba \u010dten\u00ed\" \/>\n\t<meta name=\"twitter:data2\" content=\"3 minuty\" \/>\n<script type=\"application\/ld+json\" class=\"yoast-schema-graph\">{\"@context\":\"https:\\\/\\\/schema.org\",\"@graph\":[{\"@type\":\"Article\",\"@id\":\"https:\\\/\\\/all4camper.com\\\/cs\\\/kempujeme-na-orliku\\\/#article\",\"isPartOf\":{\"@id\":\"https:\\\/\\\/all4camper.com\\\/cs\\\/kempujeme-na-orliku\\\/\"},\"author\":{\"name\":\"Od na\u0161ich \u010dten\u00e1\u0159\u016f\",\"@id\":\"https:\\\/\\\/all4camper.com\\\/cs\\\/#\\\/schema\\\/person\\\/6e44acf123c404fdffce72310b6e0f1c\"},\"headline\":\"Kempujeme na Orl\u00edku\",\"datePublished\":\"2018-03-08T13:52:05+00:00\",\"dateModified\":\"2019-06-23T13:26:20+00:00\",\"mainEntityOfPage\":{\"@id\":\"https:\\\/\\\/all4camper.com\\\/cs\\\/kempujeme-na-orliku\\\/\"},\"wordCount\":539,\"commentCount\":0,\"publisher\":{\"@id\":\"https:\\\/\\\/all4camper.com\\\/cs\\\/#organization\"},\"image\":{\"@id\":\"https:\\\/\\\/all4camper.com\\\/cs\\\/kempujeme-na-orliku\\\/#primaryimage\"},\"thumbnailUrl\":\"https:\\\/\\\/all4camper.com\\\/wp-content\\\/uploads\\\/2018\\\/03\\\/orlik-e1520516705111.jpg\",\"keywords\":[\"\u010cechy\",\"Dovolen\u00e1 s d\u011btmi\"],\"articleSection\":[\"Cestujeme a kempujeme v \u010cR\"],\"inLanguage\":\"cs\",\"potentialAction\":[{\"@type\":\"CommentAction\",\"name\":\"Comment\",\"target\":[\"https:\\\/\\\/all4camper.com\\\/cs\\\/kempujeme-na-orliku\\\/#respond\"]}]},{\"@type\":\"WebPage\",\"@id\":\"https:\\\/\\\/all4camper.com\\\/cs\\\/kempujeme-na-orliku\\\/\",\"url\":\"https:\\\/\\\/all4camper.com\\\/cs\\\/kempujeme-na-orliku\\\/\",\"name\":\"Kempujeme na Orl\u00edku - All4Camper\",\"isPartOf\":{\"@id\":\"https:\\\/\\\/all4camper.com\\\/cs\\\/#website\"},\"primaryImageOfPage\":{\"@id\":\"https:\\\/\\\/all4camper.com\\\/cs\\\/kempujeme-na-orliku\\\/#primaryimage\"},\"image\":{\"@id\":\"https:\\\/\\\/all4camper.com\\\/cs\\\/kempujeme-na-orliku\\\/#primaryimage\"},\"thumbnailUrl\":\"https:\\\/\\\/all4camper.com\\\/wp-content\\\/uploads\\\/2018\\\/03\\\/orlik-e1520516705111.jpg\",\"datePublished\":\"2018-03-08T13:52:05+00:00\",\"dateModified\":\"2019-06-23T13:26:20+00:00\",\"description\":\"All4Camper - Kempujeme na Orl\u00edku\",\"breadcrumb\":{\"@id\":\"https:\\\/\\\/all4camper.com\\\/cs\\\/kempujeme-na-orliku\\\/#breadcrumb\"},\"inLanguage\":\"cs\",\"potentialAction\":[{\"@type\":\"ReadAction\",\"target\":[\"https:\\\/\\\/all4camper.com\\\/cs\\\/kempujeme-na-orliku\\\/\"]}]},{\"@type\":\"ImageObject\",\"inLanguage\":\"cs\",\"@id\":\"https:\\\/\\\/all4camper.com\\\/cs\\\/kempujeme-na-orliku\\\/#primaryimage\",\"url\":\"https:\\\/\\\/all4camper.com\\\/wp-content\\\/uploads\\\/2018\\\/03\\\/orlik-e1520516705111.jpg\",\"contentUrl\":\"https:\\\/\\\/all4camper.com\\\/wp-content\\\/uploads\\\/2018\\\/03\\\/orlik-e1520516705111.jpg\",\"width\":530,\"height\":301},{\"@type\":\"BreadcrumbList\",\"@id\":\"https:\\\/\\\/all4camper.com\\\/cs\\\/kempujeme-na-orliku\\\/#breadcrumb\",\"itemListElement\":[{\"@type\":\"ListItem\",\"position\":1,\"name\":\"Dom\u016f\",\"item\":\"https:\\\/\\\/all4camper.com\\\/cs\\\/\"},{\"@type\":\"ListItem\",\"position\":2,\"name\":\"Cestujeme a kempujeme v \u010cR\",\"item\":\"https:\\\/\\\/all4camper.com\\\/cs\\\/category\\\/cestujeme-a-kempujeme-v-cr\\\/\"},{\"@type\":\"ListItem\",\"position\":3,\"name\":\"Kempujeme na Orl\u00edku\"}]},{\"@type\":\"WebSite\",\"@id\":\"https:\\\/\\\/all4camper.com\\\/cs\\\/#website\",\"url\":\"https:\\\/\\\/all4camper.com\\\/cs\\\/\",\"name\":\"All4Camper\",\"description\":\"Nejv\u011bt\u0161\u00ed online magaz\u00edn o kempov\u00e1n\u00ed a karavaninku. V\u00edce jak 900 \u010dl\u00e1nk\u016f pln\u00fdch rad a tip\u016f o kempech a kempov\u00e1n\u00ed.\",\"publisher\":{\"@id\":\"https:\\\/\\\/all4camper.com\\\/cs\\\/#organization\"},\"potentialAction\":[{\"@type\":\"SearchAction\",\"target\":{\"@type\":\"EntryPoint\",\"urlTemplate\":\"https:\\\/\\\/all4camper.com\\\/cs\\\/?s={search_term_string}\"},\"query-input\":{\"@type\":\"PropertyValueSpecification\",\"valueRequired\":true,\"valueName\":\"search_term_string\"}}],\"inLanguage\":\"cs\"},{\"@type\":\"Organization\",\"@id\":\"https:\\\/\\\/all4camper.com\\\/cs\\\/#organization\",\"name\":\"All4Camper - kempujeme s Kl\u00e1rou\",\"url\":\"https:\\\/\\\/all4camper.com\\\/cs\\\/\",\"logo\":{\"@type\":\"ImageObject\",\"inLanguage\":\"cs\",\"@id\":\"https:\\\/\\\/all4camper.com\\\/cs\\\/#\\\/schema\\\/logo\\\/image\\\/\",\"url\":\"https:\\\/\\\/all4camper.com\\\/wp-content\\\/uploads\\\/2018\\\/09\\\/novelogo.png\",\"contentUrl\":\"https:\\\/\\\/all4camper.com\\\/wp-content\\\/uploads\\\/2018\\\/09\\\/novelogo.png\",\"width\":1520,\"height\":600,\"caption\":\"All4Camper - kempujeme s Kl\u00e1rou\"},\"image\":{\"@id\":\"https:\\\/\\\/all4camper.com\\\/cs\\\/#\\\/schema\\\/logo\\\/image\\\/\"}},{\"@type\":\"Person\",\"@id\":\"https:\\\/\\\/all4camper.com\\\/cs\\\/#\\\/schema\\\/person\\\/6e44acf123c404fdffce72310b6e0f1c\",\"name\":\"Od na\u0161ich \u010dten\u00e1\u0159\u016f\",\"url\":\"https:\\\/\\\/all4camper.com\\\/cs\\\/author\\\/od-nasich-ctenaru\\\/\"}]}<\/script>\n<!-- \/ Yoast SEO plugin. -->","yoast_head_json":{"title":"Kempujeme na Orl\u00edku - All4Camper","description":"All4Camper - Kempujeme na Orl\u00edku","robots":{"index":"index","follow":"follow","max-snippet":"max-snippet:-1","max-image-preview":"max-image-preview:large","max-video-preview":"max-video-preview:-1"},"canonical":"https:\/\/all4camper.com\/cs\/kempujeme-na-orliku\/","og_locale":"cs_CZ","og_type":"article","og_title":"Kempujeme na Orl\u00edku - All4Camper","og_description":"All4Camper - Kempujeme na Orl\u00edku","og_url":"https:\/\/all4camper.com\/cs\/kempujeme-na-orliku\/","og_site_name":"All4Camper","article_published_time":"2018-03-08T13:52:05+00:00","article_modified_time":"2019-06-23T13:26:20+00:00","og_image":[{"width":530,"height":301,"url":"https:\/\/all4camper.com\/wp-content\/uploads\/2018\/03\/orlik-e1520516705111.jpg","type":"image\/jpeg"}],"author":"Od na\u0161ich \u010dten\u00e1\u0159\u016f","twitter_card":"summary_large_image","twitter_misc":{"Napsal(a)":"Od na\u0161ich \u010dten\u00e1\u0159\u016f","Odhadovan\u00e1 doba \u010dten\u00ed":"3 minuty"},"schema":{"@context":"https:\/\/schema.org","@graph":[{"@type":"Article","@id":"https:\/\/all4camper.com\/cs\/kempujeme-na-orliku\/#article","isPartOf":{"@id":"https:\/\/all4camper.com\/cs\/kempujeme-na-orliku\/"},"author":{"name":"Od na\u0161ich \u010dten\u00e1\u0159\u016f","@id":"https:\/\/all4camper.com\/cs\/#\/schema\/person\/6e44acf123c404fdffce72310b6e0f1c"},"headline":"Kempujeme na Orl\u00edku","datePublished":"2018-03-08T13:52:05+00:00","dateModified":"2019-06-23T13:26:20+00:00","mainEntityOfPage":{"@id":"https:\/\/all4camper.com\/cs\/kempujeme-na-orliku\/"},"wordCount":539,"commentCount":0,"publisher":{"@id":"https:\/\/all4camper.com\/cs\/#organization"},"image":{"@id":"https:\/\/all4camper.com\/cs\/kempujeme-na-orliku\/#primaryimage"},"thumbnailUrl":"https:\/\/all4camper.com\/wp-content\/uploads\/2018\/03\/orlik-e1520516705111.jpg","keywords":["\u010cechy","Dovolen\u00e1 s d\u011btmi"],"articleSection":["Cestujeme a kempujeme v \u010cR"],"inLanguage":"cs","potentialAction":[{"@type":"CommentAction","name":"Comment","target":["https:\/\/all4camper.com\/cs\/kempujeme-na-orliku\/#respond"]}]},{"@type":"WebPage","@id":"https:\/\/all4camper.com\/cs\/kempujeme-na-orliku\/","url":"https:\/\/all4camper.com\/cs\/kempujeme-na-orliku\/","name":"Kempujeme na Orl\u00edku - All4Camper","isPartOf":{"@id":"https:\/\/all4camper.com\/cs\/#website"},"primaryImageOfPage":{"@id":"https:\/\/all4camper.com\/cs\/kempujeme-na-orliku\/#primaryimage"},"image":{"@id":"https:\/\/all4camper.com\/cs\/kempujeme-na-orliku\/#primaryimage"},"thumbnailUrl":"https:\/\/all4camper.com\/wp-content\/uploads\/2018\/03\/orlik-e1520516705111.jpg","datePublished":"2018-03-08T13:52:05+00:00","dateModified":"2019-06-23T13:26:20+00:00","description":"All4Camper - Kempujeme na Orl\u00edku","breadcrumb":{"@id":"https:\/\/all4camper.com\/cs\/kempujeme-na-orliku\/#breadcrumb"},"inLanguage":"cs","potentialAction":[{"@type":"ReadAction","target":["https:\/\/all4camper.com\/cs\/kempujeme-na-orliku\/"]}]},{"@type":"ImageObject","inLanguage":"cs","@id":"https:\/\/all4camper.com\/cs\/kempujeme-na-orliku\/#primaryimage","url":"https:\/\/all4camper.com\/wp-content\/uploads\/2018\/03\/orlik-e1520516705111.jpg","contentUrl":"https:\/\/all4camper.com\/wp-content\/uploads\/2018\/03\/orlik-e1520516705111.jpg","width":530,"height":301},{"@type":"BreadcrumbList","@id":"https:\/\/all4camper.com\/cs\/kempujeme-na-orliku\/#breadcrumb","itemListElement":[{"@type":"ListItem","position":1,"name":"Dom\u016f","item":"https:\/\/all4camper.com\/cs\/"},{"@type":"ListItem","position":2,"name":"Cestujeme a kempujeme v \u010cR","item":"https:\/\/all4camper.com\/cs\/category\/cestujeme-a-kempujeme-v-cr\/"},{"@type":"ListItem","position":3,"name":"Kempujeme na Orl\u00edku"}]},{"@type":"WebSite","@id":"https:\/\/all4camper.com\/cs\/#website","url":"https:\/\/all4camper.com\/cs\/","name":"All4Camper","description":"Nejv\u011bt\u0161\u00ed online magaz\u00edn o kempov\u00e1n\u00ed a karavaninku. V\u00edce jak 900 \u010dl\u00e1nk\u016f pln\u00fdch rad a tip\u016f o kempech a kempov\u00e1n\u00ed.","publisher":{"@id":"https:\/\/all4camper.com\/cs\/#organization"},"potentialAction":[{"@type":"SearchAction","target":{"@type":"EntryPoint","urlTemplate":"https:\/\/all4camper.com\/cs\/?s={search_term_string}"},"query-input":{"@type":"PropertyValueSpecification","valueRequired":true,"valueName":"search_term_string"}}],"inLanguage":"cs"},{"@type":"Organization","@id":"https:\/\/all4camper.com\/cs\/#organization","name":"All4Camper - kempujeme s Kl\u00e1rou","url":"https:\/\/all4camper.com\/cs\/","logo":{"@type":"ImageObject","inLanguage":"cs","@id":"https:\/\/all4camper.com\/cs\/#\/schema\/logo\/image\/","url":"https:\/\/all4camper.com\/wp-content\/uploads\/2018\/09\/novelogo.png","contentUrl":"https:\/\/all4camper.com\/wp-content\/uploads\/2018\/09\/novelogo.png","width":1520,"height":600,"caption":"All4Camper - kempujeme s Kl\u00e1rou"},"image":{"@id":"https:\/\/all4camper.com\/cs\/#\/schema\/logo\/image\/"}},{"@type":"Person","@id":"https:\/\/all4camper.com\/cs\/#\/schema\/person\/6e44acf123c404fdffce72310b6e0f1c","name":"Od na\u0161ich \u010dten\u00e1\u0159\u016f","url":"https:\/\/all4camper.com\/cs\/author\/od-nasich-ctenaru\/"}]}},"_links":{"self":[{"href":"https:\/\/all4camper.com\/cs\/wp-json\/wp\/v2\/posts\/15211","targetHints":{"allow":["GET"]}}],"collection":[{"href":"https:\/\/all4camper.com\/cs\/wp-json\/wp\/v2\/posts"}],"about":[{"href":"https:\/\/all4camper.com\/cs\/wp-json\/wp\/v2\/types\/post"}],"author":[{"embeddable":true,"href":"https:\/\/all4camper.com\/cs\/wp-json\/wp\/v2\/users\/27"}],"replies":[{"embeddable":true,"href":"https:\/\/all4camper.com\/cs\/wp-json\/wp\/v2\/comments?post=15211"}],"version-history":[{"count":0,"href":"https:\/\/all4camper.com\/cs\/wp-json\/wp\/v2\/posts\/15211\/revisions"}],"wp:featuredmedia":[{"embeddable":true,"href":"https:\/\/all4camper.com\/cs\/wp-json\/wp\/v2\/media\/15212"}],"wp:attachment":[{"href":"https:\/\/all4camper.com\/cs\/wp-json\/wp\/v2\/media?parent=15211"}],"wp:term":[{"taxonomy":"category","embeddable":true,"href":"https:\/\/all4camper.com\/cs\/wp-json\/wp\/v2\/categories?post=15211"},{"taxonomy":"post_tag","embeddable":true,"href":"https:\/\/all4camper.com\/cs\/wp-json\/wp\/v2\/tags?post=15211"}],"curies":[{"name":"wp","href":"https:\/\/api.w.org\/{rel}","templated":true}]}}