{"id":15160,"date":"2018-03-06T17:19:01","date_gmt":"2018-03-06T16:19:01","guid":{"rendered":"https:\/\/all4camper.com\/\/?p=15160"},"modified":"2020-05-22T15:04:34","modified_gmt":"2020-05-22T13:04:34","slug":"tipy-a-rady-jak-cestovat-v-karavanu","status":"publish","type":"post","link":"https:\/\/all4camper.com\/cs\/tipy-a-rady-jak-cestovat-v-karavanu\/","title":{"rendered":"Tipy a rady, jak cestovat v karavanu"},"content":{"rendered":"<p>O tom, \u017ee v posledn\u00edch letech stoup\u00e1 obliba karavaningu ji\u017e nen\u00ed pochyb a sv\u011bd\u010d\u00ed o tom i nar\u016fstaj\u00edc\u00ed mno\u017estv\u00ed \u010dl\u00e1nk\u016f v r\u016fzn\u00fdch periodik\u00e1ch.\u00a0<strong>S t\u00edmto t\u00e9matem v\u0161ak souvis\u00ed je\u0161t\u011b jedno t\u00e9ma, kter\u00e9 je bohu\u017eel opom\u00edjeno a p\u0159itom stoj\u00ed za velkou pozornost.<\/strong><\/p>\n<p><strong>O jak\u00e9 \u017ee t\u00e9ma se jedn\u00e1?<\/strong><\/p>\n<p>Bohu\u017eel, ji\u017e nen\u00ed tolik naps\u00e1no o tom,\u00a0<strong>jak takov\u00e1 dovolen\u00e1 karavanem prob\u00edh\u00e1, na co se p\u0159ipravit, d\u00e1t pozor a nebo z \u010deho nen\u00ed t\u0159eba m\u00edt obavy.<\/strong>\u00a0A je to \u0161koda, nebo\u0165 existuje mnoho lid\u00ed,kte\u0159\u00ed by se pro takovou dovolenou r\u00e1di rozhodli, ale d\u00edky nedostatku t\u011bchto informac\u00ed ji nakonec nerealizuj\u00ed.<\/p>\n<h3><strong>Jak tedy takov\u00e1 dovolen\u00e1 prob\u00edh\u00e1 a co v\u00e1s na n\u00ed m\u016f\u017ee potkat?<\/strong><\/h3>\n<p>D\u0159\u00edve, ne\u017e se rozhodnete pro pron\u00e1jem karavanu,\u00a0je t\u0159eba se rozhodnout, zda budete v\u00edce cestovat, nebo chcete pob\u00fdvat na jednom m\u00edst\u011b. Pokud se toti\u017e rozhodnete pro \u010dast\u011bj\u0161\u00ed p\u0159esuny, je ur\u010dit\u011b vhodn\u011bj\u0161\u00ed pron\u00e1jem obytn\u00e9ho vozu a naopak.<\/p>\n<p>U obytn\u00e9ho vozu je \u010d\u00e1stka za pron\u00e1jem sice vy\u0161\u0161\u00ed, av\u0161ak kompenzac\u00ed v\u00e1m bude mo\u017enost vyu\u017e\u00edvat neplacen\u00e1 karavanov\u00e1 st\u00e1n\u00ed, \u010di st\u00e1n\u00ed za men\u0161\u00ed poplatek, ne\u017e byste platili v kempech. Informace o t\u011bchto st\u00e1n\u00edch m\u016f\u017eete z\u00edskat v aplikac\u00edch, kter\u00e9 jsou na tento druh \u201ckempov\u00e1n\u00ed\u201d zam\u011b\u0159eny a lze si je i st\u00e1hnout v offline podob\u011b do va\u0161eho mobiln\u00edho telefonu. <strong>Budete je tak m\u00edt po cest\u011b st\u00e1le sebou a kdykoliv budete pot\u0159ebovat p\u0159enocovat, aplikace v\u00e1m vyhled\u00e1 nejbli\u017e\u0161\u00ed st\u00e1n\u00ed spole\u010dn\u011b s informac\u00ed o v\u00fd\u0161i poplatku a vybaven\u00ed tohoto m\u00edsta.<\/strong><\/p>\n<p>D\u00edky tomu tak budete m\u00edt vy\u0159e\u0161eny i dotazy t\u00fdkaj\u00edc\u00ed se tzv. servisov\u00e1n\u00ed karavanu za \u00fa\u010delem vypr\u00e1zdn\u011bn\u00ed odpadn\u00ed n\u00e1dr\u017ee, dopln\u011bn\u00ed pitn\u00e9 vody a vy\u010di\u0161t\u011bn\u00ed WC kazety. Budete-li cokoliv z toho pot\u0159ebovat, jednodu\u0161e si vyberete m\u00edsto, kter\u00e9 tyto slu\u017eby poskytuje.<\/p>\n<p>Nem\u00e9n\u011b d\u016fle\u017eit\u00e9 je rozhodnut\u00ed<strong>\u00a0v jak\u00e9m ro\u010dn\u00edm obdob\u00ed pojedete.<\/strong> Rozhodnete-li se pro podzimn\u00ed \u010di zimn\u00ed dovolenou, i zde doporu\u010dujeme obytn\u00fd v\u016fz. Tyto vozy m\u00edvaj\u00ed tzv. zimn\u00ed paket zaji\u0161\u0165uj\u00edc\u00ed vy\u0161\u0161\u00ed teplotn\u00ed izolaci. T\u00edm p\u0159edejdete obav\u00e1m ze zamrznut\u00ed vody b\u011bhem va\u0161eho kempov\u00e1n\u00ed, nebo nedostatku tepla v pr\u016fb\u011bhu pobytu v karavanu.<\/p>\n<h3><strong>A co su\u0161en\u00ed mokr\u00e9ho oble\u010den\u00ed, elekt\u0159ina, voda a dal\u0161\u00ed v\u011bci?<\/strong><\/h3>\n<p>V\u00fdhodou je bezesporu velk\u00e1 vyh\u0159\u00edvan\u00e1 gar\u00e1\u017e, kam si m\u016f\u017eete p\u0159es noc d\u00e1t vysu\u0161it mokr\u00e9 ly\u017e\u00e1ky, nebo dal\u0161\u00ed v\u00fdbavu. Oble\u010den\u00ed d\u00e1te do koupelny na ram\u00ednka, kde v\u00e1m p\u0159es noc uschne a r\u00e1no jej tak m\u016f\u017eete pohodln\u011b obl\u00e9ci znovu.<\/p>\n<p>Samoz\u0159ejm\u011b je v zahrani\u010d\u00ed velk\u00e9 mno\u017estv\u00ed kemp\u016f, kter\u00e9 nab\u00edzej\u00ed\u00a0<strong>vyh\u0159\u00edvan\u00e9<\/strong>\u00a0su\u0161\u00e1rny, ly\u017e\u00e1rny a koupelny s toaletami v\u010detn\u011b vyh\u0159\u00edvan\u00fdch um\u00fdv\u00e1ren n\u00e1dob\u00ed. Na tyto slu\u017eby nejsme z \u010cesk\u00e9 Republiky a\u017e tak moc zvykl\u00ed a proto tato informace nemus\u00ed b\u00fdt ka\u017ed\u00e9mu zn\u00e1ma, av\u0161ak je tomu tak. Proto pokud se vyd\u00e1te nap\u0159\u00edklad do Rakousk\u00e9ho kempu, m\u00e1te v\u0161echny tyto slu\u017eby zaji\u0161t\u011bny.<\/p>\n<p><strong>V p\u0159\u00edpad\u011b elekt\u0159iny, je jasn\u00e9, \u017ee pl\u00fdtv\u00e1n\u00ed si zde nem\u016f\u017eete dovolit, pokud nebudete v kempech.\u00a0<\/strong>Na druhou stranu to neznamen\u00e1, \u017ee nebudete moci pou\u017e\u00edvat nap\u0159\u00edklad telefony \u010di tablety. Zde sta\u010d\u00ed jen efektivn\u011b vyu\u017e\u00edvat \u00a0jejich dob\u00edjen\u00ed ve smyslu udr\u017eov\u00e1n\u00ed bateri\u00ed st\u00e1le nabit\u00fdch i p\u0159i jejich pr\u016fb\u011b\u017en\u00e9m pou\u017e\u00edv\u00e1n\u00ed.\u00a0<strong>Pokud v\u0161ak m\u00e1te pochyby o tom, zda va\u0161e n\u00e1roky na elekt\u0159inu spln\u00ed vybran\u00fd karavan, nezapome\u0148te se v p\u016fj\u010dovn\u011b o t\u00e9to va\u0161\u00ed pot\u0159eb\u011b zm\u00ednit<\/strong><strong><em>.<\/em><\/strong><\/p>\n<p>Posledn\u00ed, nem\u00e9n\u011b d\u016fle\u017eit\u00e1, je\u00a0<strong>ot\u00e1zka vody.<\/strong><\/p>\n<p><strong>I zde budete muset p\u0159ej\u00edt do \u00fasporn\u00e9ho re\u017eimu<\/strong>, kter\u00fd v\u0161ak neznamen\u00e1 negativn\u00ed dopady na va\u0161e hygienick\u00e9 n\u00e1vyky. Tento re\u017eim je spojen\u00fd nap\u0159\u00edklad s myt\u00edm n\u00e1dob\u00ed, kdy se doporu\u010duje jej neum\u00fdvat pod tekouc\u00ed vodou, ale sp\u00ed\u0161e vyu\u017e\u00edt jin\u00fdch mo\u017enost\u00ed.Ka\u017ed\u00e1 \u0161ikovn\u00e1 hospody\u0148ka si s t\u00edm ur\u010dit\u011b porad\u00ed.<\/p>\n<p>Mnoho lid\u00ed se tak\u00e9 pt\u00e1,\u00a0<strong>jak je to s pitnou vodou v karavanu.\u00a0<\/strong>Zde samoz\u0159ejm\u011b z\u00e1le\u017e\u00ed na \u010distot\u011b n\u00e1dr\u017ee a proto se v p\u016fj\u010dovn\u011b i na toto nezapome\u0148te zeptat. Obecn\u011b v\u0161ak\u00a0<strong>karavanist\u00e9 tuto vodu pij\u00ed\u00a0<\/strong>a d\u00edky tomu nemus\u00ed ji nemus\u00ed nakupovat v PET lahv\u00edch,\u00a0<strong>co\u017e vede i k \u00faspo\u0159e na v\u00e1ze karavanu.<\/strong><\/p>\n<h3><strong>A co \u0159idi\u010dsk\u00e9 opr\u00e1vn\u011bn\u00ed?<\/strong><\/h3>\n<p>Toto t\u00e9ma je rozhodn\u011b d\u016fle\u017eit\u00e9, nebo\u0165 i zde obecn\u00e1 ve\u0159ejnost nev\u00ed, \u017ee 9<strong>5% obytn\u00fdch aut nab\u00edzen\u00fdch p\u016fj\u010dovnami je samoz\u0159ejm\u011b do 3,5t a sta\u010d\u00ed v\u00e1m tak \u0159idi\u010dsk\u00fd pr\u016fkaz skupiny B.<\/strong><\/p>\n<p><strong>V p\u0159\u00edpad\u011b karavan\u016f je to o n\u011bco slo\u017eit\u011bj\u0161\u00ed\u00a0<\/strong>a budete muset po\u010d\u00edtat jak v\u00e1hu va\u0161eho auta, tak karavanu. Ka\u017edop\u00e1dn\u011b plat\u00ed, \u017ee \u201cmotorov\u00e9 <strong>vozidlo<\/strong>, kter\u00e9 m\u00e1 krom\u011b m\u00edsta \u0159idi\u010de nejv\u00fd\u0161e osm m\u00edst k sezen\u00ed a jeho\u017e\u00a0<strong>maxim\u00e1ln\u00ed p\u0159\u00edpustn\u00e1 hmotnost nep\u0159evy\u0161uje 3 500 kg<\/strong>, tak k tomuto motorov\u00e9mu vozidlu\u00a0<strong>sm\u00ed b\u00fdt p\u0159ipojeno p\u0159\u00edpojn\u00e9 vozidlo o maxim\u00e1ln\u00ed p\u0159\u00edpustn\u00e9 hmotnosti nep\u0159evy\u0161uj\u00edc\u00ed 750 kg.\u00a0<\/strong>Souprava tedy m\u016f\u017ee m\u00edt n\u00e1sleduj\u00edc\u00ed slo\u017een\u00ed: motorov\u00e9 vozidlo 3 500 kg + p\u0159\u00edpojn\u00e9 vozidlo a\u017e 750 kg = j\u00edzdn\u00ed souprava 4 250 kg \u201c<\/p>\n<p><strong>a z\u00e1rove\u0148<\/strong><\/p>\n<p>\u201cPodle p\u00edsmene c) tohoto ustanoven\u00ed\u00a0<strong>oprav\u0148uje \u0159idi\u010dsk\u00e9 opr\u00e1vn\u011bn\u00ed skupiny B<\/strong>\u00a0k \u0159\u00edzen\u00ed j\u00edzdn\u00edch souprav slo\u017een\u00fdch z motorov\u00e9ho vozidla podle p\u00edsmene a) nebo b) a p\u0159\u00edpojn\u00e9ho vozidla, p<strong>okud maxim\u00e1ln\u00ed p\u0159\u00edpustn\u00e1 hmotnost soupravy nep\u0159evy\u0161uje 3 500 kg a maxim\u00e1ln\u00ed p\u0159\u00edpustn\u00e1 hmotnost p\u0159\u00edpojn\u00e9ho vozidla nep\u0159evy\u0161uje pohotovostn\u00ed hmotnost motorov\u00e9ho vozidla. V tomto p\u0159\u00edpad\u011b ji\u017e neplat\u00ed omezen\u00ed maxim\u00e1ln\u00ed p\u0159\u00edpustn\u00e9 hmotnosti p\u0159\u00edpojn\u00e9ho vozidla 750 kg<\/strong>, p\u0159\u00edpojn\u00e9 vozidlo tedy m\u016f\u017ee b\u00fdt t\u011b\u017e\u0161\u00ed. Jedin\u00fdm omezen\u00edm hmotnosti p\u0159\u00edv\u011bsu zde je, \u017ee jeho maxim\u00e1ln\u00ed p\u0159\u00edpustn\u00e1 hmotnost p\u0159\u00edpojn\u00e9ho vozidla nep\u0159evy\u0161uje pohotovostn\u00ed hmotnost ta\u017en\u00e9ho motorov\u00e9ho vozidla.\u00a0<strong>Pro celou j\u00edzdn\u00ed soupravu pak plat\u00ed omezen\u00ed spo\u010d\u00edvaj\u00edc\u00ed v nep\u0159ekro\u010diteln\u00e9 maxim\u00e1ln\u00ed p\u0159\u00edpustn\u00e9 hmotnosti na nejv\u00fd\u0161e 3 500 kg.\u00a0<\/strong>P\u0159\u00edklad takov\u00e9 j\u00edzdn\u00ed soupravy m\u016f\u017ee b\u00fdt n\u00e1sleduj\u00edc\u00ed: ta\u017en\u00e9 motorov\u00e9 vozidlo o maxim\u00e1ln\u00ed p\u0159\u00edpustn\u00e9 hmotnosti 2 000 kg, s pohotovostn\u00ed hmotnost\u00ed 1 500 kg, spojen\u00e9 s p\u0159\u00edpojn\u00fdm vozidlem o maxim\u00e1ln\u00ed p\u0159\u00edpustn\u00e9 hmotnosti nejv\u00fd\u0161e do 1 500 kg, tj. j\u00edzdn\u00ed souprava o maxim\u00e1ln\u00ed p\u0159\u00edpustn\u00e9 hmotnosti do max. 3 500 kg.\u201d<\/p>\n<h3><strong>Mus\u00edm pro j\u00edzdu obytn\u00fdm vozem pou\u017e\u00edvat speci\u00e1ln\u00ed navigaci?<\/strong><\/h3>\n<p>Nemus\u00edte, jedin\u00e9 co je t\u0159eba si hl\u00eddat, jsou mosty a jejich v\u00fd\u0161ka. Samoz\u0159ejm\u011b, \u017ee pokud se vyd\u00e1te po silnic\u00edch 3. a 4. t\u0159\u00eddy, zvy\u0161uje se pravd\u011bpodobnost, \u017ee na ni\u017e\u0161\u00ed most naraz\u00edte. Budete.li cestovat po b\u011b\u017en\u00fdch silnic\u00edch, kde jezd\u00ed nap\u0159\u00edklad autobusy, je tomu naopak a pr\u016fjezd m\u00e1te zaji\u0161t\u011bn\u00fd.<\/p>\n<h3><strong>A co kuchyn\u011b?<\/strong><\/h3>\n<p>V dne\u0161n\u00edch karavanech a obytn\u00fdch vozech ji\u017e naleznete pln\u011b vybaven\u00e9 kuchyn\u011b a nen\u00ed se t\u0159eba b\u00e1t n\u011bjak\u00e9ho v\u011bt\u0161\u00edho omezov\u00e1n\u00ed. Standardn\u011b m\u00e1te k dispozici t\u0159\u00ed plot\u00fdnkov\u00fd va\u0159i\u010d, lednici s mraz\u00e1kem, kter\u00e1 b\u011b\u017e\u00ed jak na plyn, tak na baterii \u010di 220V a vy si ji tak p\u0159ep\u00edn\u00e1te podle pot\u0159eby. Samoz\u0159ejmost\u00ed je tak\u00e9 bojler, kter\u00fd v\u00e1m zajist\u00ed teplou vodu jak pro myt\u00ed n\u00e1dob\u00ed, tak pro va\u0161i hygienu.<\/p>\n<p><strong>V p\u0159\u00edpad\u011b odpadn\u00ed n\u00e1dr\u017ee se jej\u00ed kapacita li\u0161\u00ed. Pro obytn\u00fd v\u016fz je v\u017edy vy\u0161\u0161\u00ed, ne\u017e pro karavan.<\/strong> Je proto d\u016fle\u017eit\u00e9 si hl\u00eddat jej\u00ed napln\u011bn\u00ed a v\u010das ji vypou\u0161t\u011bt. S t\u00edm souvis\u00ed i dopl\u0148ov\u00e1n\u00ed pitn\u00e9 vody. Z toho d\u016fvodu je dobr\u00e9 se op\u011bt zamyslet, kam pojedete. Rozhodnete-li se pro kemp, bude va\u0161e pot\u0159eba mno\u017estv\u00ed pitn\u00e9 vody a velikosti odpadn\u00ed n\u00e1dr\u017ee ni\u017e\u0161\u00ed, ne\u017e v p\u0159\u00edpad\u011b kempov\u00e1n\u00ed mimo kempy.<\/p>\n<p>Pro oba typy karavan\u016f v\u0161ak st\u00e1le plat\u00ed jedno d\u016fle\u017eit\u00e9 pravidlo: vodu vypou\u0161t\u011bjte jen tam, kde je to mo\u017en\u00e9 a rozhodn\u011b ji nevypou\u0161t\u011bjte pod sebe v kempu, nebo stellplatzu. Z\u00e1rove\u0148 si v\u010das hl\u00eddejte pot\u0159ebu dopln\u011bn\u00ed pitn\u00e9 vody pro va\u0161e cestov\u00e1n\u00ed.<\/p>\n<p>A co v zim\u011b? Pokud kempujete v zim\u011b, pora\u010fte se s p\u016fj\u010dovnou, co do odpadn\u00ed n\u00e1dr\u017ee d\u00e1t za p\u0159\u00edpravek, aby voda v n\u00ed nezamrzla a vy jste ji tak mohli v p\u0159\u00edpad\u011b pot\u0159eby vypustit.<\/p>\n","protected":false},"excerpt":{"rendered":"<p>O tom, \u017ee v posledn\u00edch letech stoup\u00e1 obliba karavaningu ji\u017e nen\u00ed pochyb a sv\u011bd\u010d\u00ed o tom i nar\u016fstaj\u00edc\u00ed mno\u017estv\u00ed \u010dl\u00e1nk\u016f v r\u016fzn\u00fdch periodik\u00e1ch.\u00a0S t\u00edmto t\u00e9matem v\u0161ak souvis\u00ed je\u0161t\u011b jedno t\u00e9ma, kter\u00e9 je bohu\u017eel opom\u00edjeno a p\u0159itom stoj\u00ed za velkou pozornost. O jak\u00e9 \u017ee t\u00e9ma se jedn\u00e1? Bohu\u017eel, ji\u017e nen\u00ed tolik naps\u00e1no o tom,\u00a0jak takov\u00e1 dovolen\u00e1 [&hellip;]<\/p>\n","protected":false},"author":1,"featured_media":15161,"comment_status":"closed","ping_status":"open","sticky":false,"template":"","format":"standard","meta":{"_monsterinsights_skip_tracking":false,"_monsterinsights_sitenote_active":false,"_monsterinsights_sitenote_note":"","_monsterinsights_sitenote_category":0,"footnotes":""},"categories":[8209],"tags":[226],"class_list":{"0":"post-15160","1":"post","2":"type-post","3":"status-publish","4":"format-standard","5":"has-post-thumbnail","7":"category-rady-tipy-informace","8":"tag-rady-a-tipy"},"yoast_head":"<!-- This site is optimized with the Yoast SEO plugin v27.5 - https:\/\/yoast.com\/product\/yoast-seo-wordpress\/ -->\n<title>Tipy a rady, jak cestovat v karavanu - All4Camper<\/title>\n<meta name=\"description\" content=\"All4Camper - Tipy a rady, jak cestovat v karavanu\" \/>\n<meta name=\"robots\" content=\"index, follow, max-snippet:-1, max-image-preview:large, max-video-preview:-1\" \/>\n<link rel=\"canonical\" href=\"https:\/\/all4camper.com\/cs\/tipy-a-rady-jak-cestovat-v-karavanu\/\" \/>\n<meta property=\"og:locale\" content=\"cs_CZ\" \/>\n<meta property=\"og:type\" content=\"article\" \/>\n<meta property=\"og:title\" content=\"Tipy a rady, jak cestovat v karavanu - All4Camper\" \/>\n<meta property=\"og:description\" content=\"All4Camper - Tipy a rady, jak cestovat v karavanu\" \/>\n<meta property=\"og:url\" content=\"https:\/\/all4camper.com\/cs\/tipy-a-rady-jak-cestovat-v-karavanu\/\" \/>\n<meta property=\"og:site_name\" content=\"All4Camper\" \/>\n<meta property=\"article:published_time\" content=\"2018-03-06T16:19:01+00:00\" \/>\n<meta property=\"article:modified_time\" content=\"2020-05-22T13:04:34+00:00\" \/>\n<meta property=\"og:image\" content=\"https:\/\/all4camper.com\/wp-content\/uploads\/2018\/03\/20776449_10207427158837320_6655785122078848746_o.jpg\" \/>\n\t<meta property=\"og:image:width\" content=\"669\" \/>\n\t<meta property=\"og:image:height\" content=\"400\" \/>\n\t<meta property=\"og:image:type\" content=\"image\/jpeg\" \/>\n<meta name=\"author\" content=\"Davi\" \/>\n<meta name=\"twitter:card\" content=\"summary_large_image\" \/>\n<meta name=\"twitter:label1\" content=\"Napsal(a)\" \/>\n\t<meta name=\"twitter:data1\" content=\"Davi\" \/>\n\t<meta name=\"twitter:label2\" content=\"Odhadovan\u00e1 doba \u010dten\u00ed\" \/>\n\t<meta name=\"twitter:data2\" content=\"8 minut\" \/>\n<script type=\"application\/ld+json\" class=\"yoast-schema-graph\">{\"@context\":\"https:\\\/\\\/schema.org\",\"@graph\":[{\"@type\":\"Article\",\"@id\":\"https:\\\/\\\/all4camper.com\\\/cs\\\/tipy-a-rady-jak-cestovat-v-karavanu\\\/#article\",\"isPartOf\":{\"@id\":\"https:\\\/\\\/all4camper.com\\\/cs\\\/tipy-a-rady-jak-cestovat-v-karavanu\\\/\"},\"author\":{\"name\":\"Davi\",\"@id\":\"https:\\\/\\\/all4camper.com\\\/cs\\\/#\\\/schema\\\/person\\\/4de0ea01bd6518ef95649b160a14dcf1\"},\"headline\":\"Tipy a rady, jak cestovat v karavanu\",\"datePublished\":\"2018-03-06T16:19:01+00:00\",\"dateModified\":\"2020-05-22T13:04:34+00:00\",\"mainEntityOfPage\":{\"@id\":\"https:\\\/\\\/all4camper.com\\\/cs\\\/tipy-a-rady-jak-cestovat-v-karavanu\\\/\"},\"wordCount\":1540,\"publisher\":{\"@id\":\"https:\\\/\\\/all4camper.com\\\/cs\\\/#organization\"},\"image\":{\"@id\":\"https:\\\/\\\/all4camper.com\\\/cs\\\/tipy-a-rady-jak-cestovat-v-karavanu\\\/#primaryimage\"},\"thumbnailUrl\":\"https:\\\/\\\/all4camper.com\\\/wp-content\\\/uploads\\\/2018\\\/03\\\/20776449_10207427158837320_6655785122078848746_o.jpg\",\"keywords\":[\"Rady-tipy-informace\"],\"articleSection\":[\"Rady, tipy, informace\"],\"inLanguage\":\"cs\"},{\"@type\":\"WebPage\",\"@id\":\"https:\\\/\\\/all4camper.com\\\/cs\\\/tipy-a-rady-jak-cestovat-v-karavanu\\\/\",\"url\":\"https:\\\/\\\/all4camper.com\\\/cs\\\/tipy-a-rady-jak-cestovat-v-karavanu\\\/\",\"name\":\"Tipy a rady, jak cestovat v karavanu - All4Camper\",\"isPartOf\":{\"@id\":\"https:\\\/\\\/all4camper.com\\\/cs\\\/#website\"},\"primaryImageOfPage\":{\"@id\":\"https:\\\/\\\/all4camper.com\\\/cs\\\/tipy-a-rady-jak-cestovat-v-karavanu\\\/#primaryimage\"},\"image\":{\"@id\":\"https:\\\/\\\/all4camper.com\\\/cs\\\/tipy-a-rady-jak-cestovat-v-karavanu\\\/#primaryimage\"},\"thumbnailUrl\":\"https:\\\/\\\/all4camper.com\\\/wp-content\\\/uploads\\\/2018\\\/03\\\/20776449_10207427158837320_6655785122078848746_o.jpg\",\"datePublished\":\"2018-03-06T16:19:01+00:00\",\"dateModified\":\"2020-05-22T13:04:34+00:00\",\"description\":\"All4Camper - Tipy a rady, jak cestovat v karavanu\",\"breadcrumb\":{\"@id\":\"https:\\\/\\\/all4camper.com\\\/cs\\\/tipy-a-rady-jak-cestovat-v-karavanu\\\/#breadcrumb\"},\"inLanguage\":\"cs\",\"potentialAction\":[{\"@type\":\"ReadAction\",\"target\":[\"https:\\\/\\\/all4camper.com\\\/cs\\\/tipy-a-rady-jak-cestovat-v-karavanu\\\/\"]}]},{\"@type\":\"ImageObject\",\"inLanguage\":\"cs\",\"@id\":\"https:\\\/\\\/all4camper.com\\\/cs\\\/tipy-a-rady-jak-cestovat-v-karavanu\\\/#primaryimage\",\"url\":\"https:\\\/\\\/all4camper.com\\\/wp-content\\\/uploads\\\/2018\\\/03\\\/20776449_10207427158837320_6655785122078848746_o.jpg\",\"contentUrl\":\"https:\\\/\\\/all4camper.com\\\/wp-content\\\/uploads\\\/2018\\\/03\\\/20776449_10207427158837320_6655785122078848746_o.jpg\",\"width\":669,\"height\":400},{\"@type\":\"BreadcrumbList\",\"@id\":\"https:\\\/\\\/all4camper.com\\\/cs\\\/tipy-a-rady-jak-cestovat-v-karavanu\\\/#breadcrumb\",\"itemListElement\":[{\"@type\":\"ListItem\",\"position\":1,\"name\":\"Dom\u016f\",\"item\":\"https:\\\/\\\/all4camper.com\\\/cs\\\/\"},{\"@type\":\"ListItem\",\"position\":2,\"name\":\"Rady, tipy, informace\",\"item\":\"https:\\\/\\\/all4camper.com\\\/cs\\\/category\\\/rady-tipy-informace\\\/\"},{\"@type\":\"ListItem\",\"position\":3,\"name\":\"Tipy a rady, jak cestovat v karavanu\"}]},{\"@type\":\"WebSite\",\"@id\":\"https:\\\/\\\/all4camper.com\\\/cs\\\/#website\",\"url\":\"https:\\\/\\\/all4camper.com\\\/cs\\\/\",\"name\":\"All4Camper\",\"description\":\"Nejv\u011bt\u0161\u00ed online magaz\u00edn o kempov\u00e1n\u00ed a karavaninku. V\u00edce jak 900 \u010dl\u00e1nk\u016f pln\u00fdch rad a tip\u016f o kempech a kempov\u00e1n\u00ed.\",\"publisher\":{\"@id\":\"https:\\\/\\\/all4camper.com\\\/cs\\\/#organization\"},\"potentialAction\":[{\"@type\":\"SearchAction\",\"target\":{\"@type\":\"EntryPoint\",\"urlTemplate\":\"https:\\\/\\\/all4camper.com\\\/cs\\\/?s={search_term_string}\"},\"query-input\":{\"@type\":\"PropertyValueSpecification\",\"valueRequired\":true,\"valueName\":\"search_term_string\"}}],\"inLanguage\":\"cs\"},{\"@type\":\"Organization\",\"@id\":\"https:\\\/\\\/all4camper.com\\\/cs\\\/#organization\",\"name\":\"All4Camper - kempujeme s Kl\u00e1rou\",\"url\":\"https:\\\/\\\/all4camper.com\\\/cs\\\/\",\"logo\":{\"@type\":\"ImageObject\",\"inLanguage\":\"cs\",\"@id\":\"https:\\\/\\\/all4camper.com\\\/cs\\\/#\\\/schema\\\/logo\\\/image\\\/\",\"url\":\"https:\\\/\\\/all4camper.com\\\/wp-content\\\/uploads\\\/2018\\\/09\\\/novelogo.png\",\"contentUrl\":\"https:\\\/\\\/all4camper.com\\\/wp-content\\\/uploads\\\/2018\\\/09\\\/novelogo.png\",\"width\":1520,\"height\":600,\"caption\":\"All4Camper - kempujeme s Kl\u00e1rou\"},\"image\":{\"@id\":\"https:\\\/\\\/all4camper.com\\\/cs\\\/#\\\/schema\\\/logo\\\/image\\\/\"}},{\"@type\":\"Person\",\"@id\":\"https:\\\/\\\/all4camper.com\\\/cs\\\/#\\\/schema\\\/person\\\/4de0ea01bd6518ef95649b160a14dcf1\",\"name\":\"Davi\",\"url\":\"https:\\\/\\\/all4camper.com\\\/cs\\\/author\\\/david\\\/\"}]}<\/script>\n<!-- \/ Yoast SEO plugin. -->","yoast_head_json":{"title":"Tipy a rady, jak cestovat v karavanu - All4Camper","description":"All4Camper - Tipy a rady, jak cestovat v karavanu","robots":{"index":"index","follow":"follow","max-snippet":"max-snippet:-1","max-image-preview":"max-image-preview:large","max-video-preview":"max-video-preview:-1"},"canonical":"https:\/\/all4camper.com\/cs\/tipy-a-rady-jak-cestovat-v-karavanu\/","og_locale":"cs_CZ","og_type":"article","og_title":"Tipy a rady, jak cestovat v karavanu - All4Camper","og_description":"All4Camper - Tipy a rady, jak cestovat v karavanu","og_url":"https:\/\/all4camper.com\/cs\/tipy-a-rady-jak-cestovat-v-karavanu\/","og_site_name":"All4Camper","article_published_time":"2018-03-06T16:19:01+00:00","article_modified_time":"2020-05-22T13:04:34+00:00","og_image":[{"width":669,"height":400,"url":"https:\/\/all4camper.com\/wp-content\/uploads\/2018\/03\/20776449_10207427158837320_6655785122078848746_o.jpg","type":"image\/jpeg"}],"author":"Davi","twitter_card":"summary_large_image","twitter_misc":{"Napsal(a)":"Davi","Odhadovan\u00e1 doba \u010dten\u00ed":"8 minut"},"schema":{"@context":"https:\/\/schema.org","@graph":[{"@type":"Article","@id":"https:\/\/all4camper.com\/cs\/tipy-a-rady-jak-cestovat-v-karavanu\/#article","isPartOf":{"@id":"https:\/\/all4camper.com\/cs\/tipy-a-rady-jak-cestovat-v-karavanu\/"},"author":{"name":"Davi","@id":"https:\/\/all4camper.com\/cs\/#\/schema\/person\/4de0ea01bd6518ef95649b160a14dcf1"},"headline":"Tipy a rady, jak cestovat v karavanu","datePublished":"2018-03-06T16:19:01+00:00","dateModified":"2020-05-22T13:04:34+00:00","mainEntityOfPage":{"@id":"https:\/\/all4camper.com\/cs\/tipy-a-rady-jak-cestovat-v-karavanu\/"},"wordCount":1540,"publisher":{"@id":"https:\/\/all4camper.com\/cs\/#organization"},"image":{"@id":"https:\/\/all4camper.com\/cs\/tipy-a-rady-jak-cestovat-v-karavanu\/#primaryimage"},"thumbnailUrl":"https:\/\/all4camper.com\/wp-content\/uploads\/2018\/03\/20776449_10207427158837320_6655785122078848746_o.jpg","keywords":["Rady-tipy-informace"],"articleSection":["Rady, tipy, informace"],"inLanguage":"cs"},{"@type":"WebPage","@id":"https:\/\/all4camper.com\/cs\/tipy-a-rady-jak-cestovat-v-karavanu\/","url":"https:\/\/all4camper.com\/cs\/tipy-a-rady-jak-cestovat-v-karavanu\/","name":"Tipy a rady, jak cestovat v karavanu - All4Camper","isPartOf":{"@id":"https:\/\/all4camper.com\/cs\/#website"},"primaryImageOfPage":{"@id":"https:\/\/all4camper.com\/cs\/tipy-a-rady-jak-cestovat-v-karavanu\/#primaryimage"},"image":{"@id":"https:\/\/all4camper.com\/cs\/tipy-a-rady-jak-cestovat-v-karavanu\/#primaryimage"},"thumbnailUrl":"https:\/\/all4camper.com\/wp-content\/uploads\/2018\/03\/20776449_10207427158837320_6655785122078848746_o.jpg","datePublished":"2018-03-06T16:19:01+00:00","dateModified":"2020-05-22T13:04:34+00:00","description":"All4Camper - Tipy a rady, jak cestovat v karavanu","breadcrumb":{"@id":"https:\/\/all4camper.com\/cs\/tipy-a-rady-jak-cestovat-v-karavanu\/#breadcrumb"},"inLanguage":"cs","potentialAction":[{"@type":"ReadAction","target":["https:\/\/all4camper.com\/cs\/tipy-a-rady-jak-cestovat-v-karavanu\/"]}]},{"@type":"ImageObject","inLanguage":"cs","@id":"https:\/\/all4camper.com\/cs\/tipy-a-rady-jak-cestovat-v-karavanu\/#primaryimage","url":"https:\/\/all4camper.com\/wp-content\/uploads\/2018\/03\/20776449_10207427158837320_6655785122078848746_o.jpg","contentUrl":"https:\/\/all4camper.com\/wp-content\/uploads\/2018\/03\/20776449_10207427158837320_6655785122078848746_o.jpg","width":669,"height":400},{"@type":"BreadcrumbList","@id":"https:\/\/all4camper.com\/cs\/tipy-a-rady-jak-cestovat-v-karavanu\/#breadcrumb","itemListElement":[{"@type":"ListItem","position":1,"name":"Dom\u016f","item":"https:\/\/all4camper.com\/cs\/"},{"@type":"ListItem","position":2,"name":"Rady, tipy, informace","item":"https:\/\/all4camper.com\/cs\/category\/rady-tipy-informace\/"},{"@type":"ListItem","position":3,"name":"Tipy a rady, jak cestovat v karavanu"}]},{"@type":"WebSite","@id":"https:\/\/all4camper.com\/cs\/#website","url":"https:\/\/all4camper.com\/cs\/","name":"All4Camper","description":"Nejv\u011bt\u0161\u00ed online magaz\u00edn o kempov\u00e1n\u00ed a karavaninku. V\u00edce jak 900 \u010dl\u00e1nk\u016f pln\u00fdch rad a tip\u016f o kempech a kempov\u00e1n\u00ed.","publisher":{"@id":"https:\/\/all4camper.com\/cs\/#organization"},"potentialAction":[{"@type":"SearchAction","target":{"@type":"EntryPoint","urlTemplate":"https:\/\/all4camper.com\/cs\/?s={search_term_string}"},"query-input":{"@type":"PropertyValueSpecification","valueRequired":true,"valueName":"search_term_string"}}],"inLanguage":"cs"},{"@type":"Organization","@id":"https:\/\/all4camper.com\/cs\/#organization","name":"All4Camper - kempujeme s Kl\u00e1rou","url":"https:\/\/all4camper.com\/cs\/","logo":{"@type":"ImageObject","inLanguage":"cs","@id":"https:\/\/all4camper.com\/cs\/#\/schema\/logo\/image\/","url":"https:\/\/all4camper.com\/wp-content\/uploads\/2018\/09\/novelogo.png","contentUrl":"https:\/\/all4camper.com\/wp-content\/uploads\/2018\/09\/novelogo.png","width":1520,"height":600,"caption":"All4Camper - kempujeme s Kl\u00e1rou"},"image":{"@id":"https:\/\/all4camper.com\/cs\/#\/schema\/logo\/image\/"}},{"@type":"Person","@id":"https:\/\/all4camper.com\/cs\/#\/schema\/person\/4de0ea01bd6518ef95649b160a14dcf1","name":"Davi","url":"https:\/\/all4camper.com\/cs\/author\/david\/"}]}},"_links":{"self":[{"href":"https:\/\/all4camper.com\/cs\/wp-json\/wp\/v2\/posts\/15160","targetHints":{"allow":["GET"]}}],"collection":[{"href":"https:\/\/all4camper.com\/cs\/wp-json\/wp\/v2\/posts"}],"about":[{"href":"https:\/\/all4camper.com\/cs\/wp-json\/wp\/v2\/types\/post"}],"author":[{"embeddable":true,"href":"https:\/\/all4camper.com\/cs\/wp-json\/wp\/v2\/users\/1"}],"replies":[{"embeddable":true,"href":"https:\/\/all4camper.com\/cs\/wp-json\/wp\/v2\/comments?post=15160"}],"version-history":[{"count":0,"href":"https:\/\/all4camper.com\/cs\/wp-json\/wp\/v2\/posts\/15160\/revisions"}],"wp:featuredmedia":[{"embeddable":true,"href":"https:\/\/all4camper.com\/cs\/wp-json\/wp\/v2\/media\/15161"}],"wp:attachment":[{"href":"https:\/\/all4camper.com\/cs\/wp-json\/wp\/v2\/media?parent=15160"}],"wp:term":[{"taxonomy":"category","embeddable":true,"href":"https:\/\/all4camper.com\/cs\/wp-json\/wp\/v2\/categories?post=15160"},{"taxonomy":"post_tag","embeddable":true,"href":"https:\/\/all4camper.com\/cs\/wp-json\/wp\/v2\/tags?post=15160"}],"curies":[{"name":"wp","href":"https:\/\/api.w.org\/{rel}","templated":true}]}}