{"id":15157,"date":"2018-03-06T17:15:31","date_gmt":"2018-03-06T16:15:31","guid":{"rendered":"https:\/\/all4camper.com\/\/?p=15157"},"modified":"2020-05-22T15:09:44","modified_gmt":"2020-05-22T13:09:44","slug":"jak-se-zije-v-karavanu","status":"publish","type":"post","link":"https:\/\/all4camper.com\/cs\/jak-se-zije-v-karavanu\/","title":{"rendered":"Jak se \u017eije v karavanu"},"content":{"rendered":"<p>P\u0159em\u00fd\u0161l\u00edte o dovolen\u00e9 a jedna z variant, kter\u00e1 v\u00e1s napadla, je dovolen\u00e1 v karavanu? Pak v\u00e1s ur\u010dit\u011b napadly i ot\u00e1zky t\u00fdkaj\u00edc\u00ed se pobytu v n\u011bm.<\/p>\n<h3><strong>Co si vz\u00edt sebou<\/strong><\/h3>\n<p><strong>V prvn\u00ed \u0159ad\u011b je d\u016fle\u017eit\u00e9 se zaj\u00edmat, jak\u00e9 vybaven\u00ed v\u00e1m p\u016fj\u010dovna poskytuje v r\u00e1mci sv\u00e9 z\u00e1p\u016fj\u010dky.<\/strong>\u00a0V\u011bt\u0161ina p\u016fj\u010doven nab\u00edz\u00ed obytn\u00e9 vozy a p\u0159\u00edv\u011bsy ji\u017e vybaveny z\u00e1kladn\u00edm kuchy\u0148sk\u00fdm n\u00e1dob\u00edm a n\u011bkter\u00e9 maj\u00ed v cen\u011b pron\u00e1jmu i kempingov\u00fd n\u00e1bytek. Pokud tomu tak nen\u00ed, je t\u0159eba si tyto v\u011bci zajistit a vz\u00edt sebou.<\/p>\n<p><strong>V p\u0159\u00edpad\u011b kuchy\u0148sk\u00e9ho vybaven\u00ed bude sta\u010dit opravdov\u00fd z\u00e1klad<\/strong>. M\u00e1te-li zku\u0161enosti s kempov\u00e1n\u00edm ve stanu, tak tyto zku\u0161enosti zde zcela jist\u011b z\u00faro\u010d\u00edte a budete tak v\u011bd\u011bt, \u017ee je zbyte\u010dn\u00e9 sebou vozit n\u00e1dob\u00ed, kter\u00e9 z\u0159ejm\u011b nebudete pot\u0159ebovat.<\/p>\n<p>To sam\u00e9 plat\u00ed pro oble\u010den\u00ed a dal\u0161\u00ed v\u00fdbavu, kterou sebou chcete v\u00e9zt.\u00a0<strong>Pe\u010dliv\u011b zva\u017eujte, co opravdu pot\u0159ebujete, do jak\u00e9 lokality jedete a jak\u00e9 tam o\u010dek\u00e1v\u00e1te po\u010das\u00ed.<\/strong> Pokud toho toti\u017e povezete zbyte\u010dn\u011b hodn\u011b, m\u016f\u017ee se st\u00e1t, \u017ee se nevejdete do povolen\u00e9 v\u00e1hy karavanu \u010di obytn\u00e9ho vozu a zejm\u00e9na v sousedn\u00edm Rakousku pak m\u016f\u017eete m\u00edt p\u0159i silni\u010dn\u00ed kontrole probl\u00e9m.<\/p>\n<p>Chyst\u00e1te-li se v teplej\u0161\u00edch m\u011bs\u00edc\u00edch, ur\u010dit\u011b si sebou vezm\u011bte gril a v\u0161e pot\u0159ebn\u00e9 pro grilov\u00e1n\u00ed. Karavaning, kempov\u00e1n\u00ed a grilov\u00e1n\u00ed k sob\u011b toti\u017e pat\u0159\u00ed a nab\u00edz\u00ed mnoho kr\u00e1sn\u00fdch z\u00e1\u017eitk\u016f.\u00a0<strong>V zimn\u00edch m\u011bs\u00edc\u00edch zase nezapome\u0148te na sn\u011bhov\u00e9 \u0159et\u011bzy, lopatku na sn\u00edh pro p\u0159\u00edpad pot\u0159eby a smet\u00e1k, kter\u00fdm v p\u0159\u00edpad\u011b hust\u00e9ho sn\u011b\u017een\u00ed budete muset \u010distit st\u0159echu.\u00a0<\/strong>Tak\u00e9 nezapome\u0148te v p\u016fj\u010dovn\u011b po\u017eadovat vyrovn\u00e1vac\u00ed kl\u00edny, kter\u00e9 pomohou s vyrovn\u00e1n\u00edm obytn\u00e9ho vozu na m\u00edst\u011b, kde kempujete, do roviny. To plat\u00ed pro v\u0161echna ro\u010dn\u00ed obdob\u00ed.<\/p>\n<p>Pokud se zam\u011b\u0159\u00edme na samotn\u00fd \u201c\u017eivot v karavanu\u201d b\u011bhem pobytu, <strong>je t\u0159eba zm\u00ednit i informace spojen\u00e9 s va\u0159en\u00edm, hygienou a dal\u0161\u00edmi aktivitami.<\/strong><\/p>\n<h3><strong>\u017divot v karavanu<\/strong><\/h3>\n<p>Jestli\u017ee jste se rozhodli b\u011bhem dovolen\u00e9 pln\u011b vyu\u017e\u00edt v\u00fdhody zap\u016fj\u010den\u00e9ho karavanu, zcela jist\u011b v n\u011bm budete va\u0159it a ur\u010dit\u011b v\u00e1s mile p\u0159ekvap\u00ed jak jednoduch\u00e9 to je a kolik mo\u017enost\u00ed m\u00e1te. <strong>D\u00edky p\u0159\u00edtomn\u00e9 lednici, spor\u00e1ku a d\u0159ezu v\u010detn\u011b tepl\u00e9 vody, si m\u016f\u017eete uva\u0159it prakticky cokoliv. Nespornou v\u00fdhodou dovolen\u00e9 v pohybu je i to, \u017ee pokud v\u00e1m jak\u00e1koliv potravina dojde, m\u016f\u017eete na sv\u00e9 cest\u011b zastavit u jak\u00e9hokoliv marketu a v\u0161e pot\u0159ebn\u00e9 dokoupit.<\/strong> T\u00edm z\u00edsk\u00e1v\u00e1te v\u00fdhodu, nebo\u0165 nemus\u00edte p\u0159ed dovolenou dop\u0159edu v\u0161e nakoupit a n\u00e1sledn\u011b v\u00e9zt sebou. Ceny potravin nejsou v zahrani\u010d\u00ed zase a\u017e tak rozd\u00edln\u00e9, leckdy se n\u011bkter\u00e9 daj\u00ed sehnat i levn\u011bji, tak pro\u010d se t\u00edm tr\u00e1pit.<\/p>\n<p><strong>Na druhou stranu budete muset po\u010d\u00edtat s omezen\u00fdm mno\u017estv\u00edm vody a hl\u00eddat si tak pot\u0159ebu zajet s karavanem na servisn\u00ed m\u00edsto<\/strong>, kde zne\u010di\u0161t\u011bnou vodu vypust\u00edte a z\u00e1rove\u0148 dopln\u00edte novou. Tak\u00e9 se doporu\u010duje vz\u00edt sebou mal\u00fd \u201clavor\u201d ve kter\u00e9m budete m\u00edt n\u00e1dob\u00ed v kempech. V neposledn\u00ed \u0159ad\u011b\u00a0<strong>nezapome\u0148te m\u00edt sebou hadici pro dopou\u0161t\u011bn\u00ed \u010dist\u00e9 vody, a nebo konev<\/strong>, kter\u00e1 bude ur\u010dena pouze pro toto pou\u017eit\u00ed.<\/p>\n<p><strong>V p\u0159\u00edpad\u011b hygieny zcela jist\u011b uv\u00edt\u00e1te komfortn\u00ed vybaven\u00ed obytn\u00fdch voz\u016f a n\u011bkter\u00fdch p\u0159\u00edv\u011bs\u016f, kde sou\u010d\u00e1st\u00ed je samoz\u0159ejm\u011b jak sprcha s teplou vodou, tak wc.<\/strong> D\u00edky tomu se tak nemus\u00edte ob\u00e1vat kempov\u00e1n\u00ed mimo kempy a pokud se rozhodnete p\u0159es noc setrvat na m\u00edst\u011b, kter\u00e9 v\u00e1s zaujalo, nebudete ni\u010d\u00edm limitov\u00e1ni.<\/p>\n<p>Pro to, aby bylo\u00a0<strong>v karavanu \u010di obytn\u00e9m voze teplo, m\u011bli jste dostatek tepl\u00e9 vody a fungovala lednice v p\u0159\u00edpad\u011b pobytu mimo kempy, je nezbytn\u00e9 m\u00edt sebou dostatek plynov\u00fdch bomb.<\/strong>\u00a0Jejich celkov\u00e9 po\u017eadovan\u00e9 mno\u017estv\u00ed pochopiteln\u011b ovliv\u0148uje ro\u010dn\u00ed obdob\u00ed, ve kter\u00e9m dovolenou realizujete. V zim\u011b jsou n\u00e1roky vy\u0161\u0161\u00ed ne\u017e v l\u00e9t\u011b a s t\u00edm souvis\u00ed i druh pot\u0159ebn\u00e9 n\u00e1pln\u011b.\u00a0<strong>Pro zimn\u00ed karavaning mus\u00edte \u00a0m\u00edt plynov\u00e9 bomby napln\u011bn\u00e9 propanem, pro letn\u00ed je dosta\u010duj\u00edc\u00ed propan butan.<\/strong> V\u00edce informac\u00ed o tomto t\u00e9matu se dozv\u00edte v p\u016fj\u010dovn\u011b. Nezapome\u0148te se tedy na to zeptat.<\/p>\n<h3>Baterie<\/h3>\n<p><strong>Zam\u011b\u0159\u00edme-li se na \u00fasp\u011b\u0161n\u00e9 dob\u00edjen\u00ed n\u00e1stavbov\u00fdch bateri\u00ed b\u011bhem dovolen\u00e9, je t\u0159eba m\u00edt sebou i dostate\u010dn\u011b dlouh\u00fd elektrick\u00fd kabel, kter\u00fdm budete karavan nab\u00edjet.<\/strong>\u00a0Minim\u00e1ln\u00ed doporu\u010den\u00e1 d\u00e9lka je 25m. Pokud nem\u00e1 vybran\u00fd karavan sol\u00e1rn\u00ed panely, rozhodn\u011b na toto d\u016fle\u017eit\u00e9 vybaven\u00ed nezapome\u0148te. Nemohli byste na servisn\u00edch m\u00edstech, kempech a st\u00e1n\u00edch vyu\u017e\u00edt nab\u00edjen\u00ed.\u00a0<strong>S t\u00edm souvis\u00ed i jedna rada, kter\u00e1 se t\u00fdk\u00e1 \u00faspory energie. Pokud se n\u011bkde p\u0159ipoj\u00edte a za\u010dnete karavan dob\u00edjet, p\u0159ipojte do z\u00e1suvek i v\u0161echna elektronick\u00e1 za\u0159\u00edzen\u00ed typu notebooky, telefony atd.<\/strong>\u00a0Z\u00e1rove\u0148 nezapome\u0148te, \u017ee pokud p\u0159ipoj\u00edte venkovn\u00ed prodlu\u017eovac\u00ed kabel do elektrick\u00e9 s\u00edt\u011b, je t\u0159eba jej v\u017edy rozmotat. Pokud to neud\u011bl\u00e1te, hroz\u00ed riziko po\u017e\u00e1ru.<\/p>\n<h3>WC chemie<\/h3>\n<p>V p\u0159\u00edpad\u011b pou\u017e\u00edv\u00e1n\u00ed speci\u00e1ln\u00edch chemick\u00fdch p\u0159\u00edpravk\u016f v r\u00e1mci pobytu v karavanu, se nemus\u00edte b\u00e1t vysok\u00fdch n\u00e1rok\u016f.<strong>Jedin\u00e9, co opravdu dodr\u017eujte, je pou\u017e\u00edv\u00e1n\u00ed toaletn\u00edho pap\u00edru do chemick\u00fdch wc a tak\u00e9 k tomuto \u00fa\u010delu ur\u010denou chemii.<\/strong> N\u011bkter\u00e9 p\u016fj\u010dovny za nespr\u00e1vn\u00e9 pou\u017e\u00edv\u00e1n\u00ed t\u011bchto p\u0159\u00edpravk\u016f v\u00e1s mohou penalizovat, stejn\u011b jako za nevr\u00e1cen\u00ed karavanu \u010di obytn\u00e9ho vozu s nevy\u010di\u0161t\u011bnou wc kazetou.<\/p>\n<h3>Pozor na v\u00e1hu<\/h3>\n<p><strong>Tak\u00e9 nesm\u00edte zapomenout na v\u00e1hu!<\/strong> Je to velice d\u016fle\u017eit\u00e1 v\u011bc, nebo\u0165 pokud p\u0159ekro\u010d\u00edte povolen\u00fd limit, tak zejm\u00e9na v Rakousku byste s t\u00edm mohli m\u00edt nep\u0159\u00edjemnosti. Proto se ptejte, jak\u00e1 je dolo\u017enost obytn\u00e9ho vozu.<\/p>\n","protected":false},"excerpt":{"rendered":"<p>P\u0159em\u00fd\u0161l\u00edte o dovolen\u00e9 a jedna z variant, kter\u00e1 v\u00e1s napadla, je dovolen\u00e1 v karavanu? Pak v\u00e1s ur\u010dit\u011b napadly i ot\u00e1zky t\u00fdkaj\u00edc\u00ed se pobytu v n\u011bm. Co si vz\u00edt sebou V prvn\u00ed \u0159ad\u011b je d\u016fle\u017eit\u00e9 se zaj\u00edmat, jak\u00e9 vybaven\u00ed v\u00e1m p\u016fj\u010dovna poskytuje v r\u00e1mci sv\u00e9 z\u00e1p\u016fj\u010dky.\u00a0V\u011bt\u0161ina p\u016fj\u010doven nab\u00edz\u00ed obytn\u00e9 vozy a p\u0159\u00edv\u011bsy ji\u017e vybaveny z\u00e1kladn\u00edm kuchy\u0148sk\u00fdm [&hellip;]<\/p>\n","protected":false},"author":1,"featured_media":15158,"comment_status":"closed","ping_status":"open","sticky":false,"template":"","format":"standard","meta":{"_monsterinsights_skip_tracking":false,"_monsterinsights_sitenote_active":false,"_monsterinsights_sitenote_note":"","_monsterinsights_sitenote_category":0,"footnotes":""},"categories":[368],"tags":[],"class_list":{"0":"post-15157","1":"post","2":"type-post","3":"status-publish","4":"format-standard","5":"has-post-thumbnail","7":"category-magazin_all4camper"},"yoast_head":"<!-- This site is optimized with the Yoast SEO plugin v27.4 - https:\/\/yoast.com\/product\/yoast-seo-wordpress\/ -->\n<title>Jak se \u017eije v karavanu - All4Camper<\/title>\n<meta name=\"description\" content=\"All4Camper - Jak se \u017eije v karavanu\" \/>\n<meta name=\"robots\" content=\"index, follow, max-snippet:-1, max-image-preview:large, max-video-preview:-1\" \/>\n<link rel=\"canonical\" href=\"https:\/\/all4camper.com\/cs\/jak-se-zije-v-karavanu\/\" \/>\n<meta property=\"og:locale\" content=\"cs_CZ\" \/>\n<meta property=\"og:type\" content=\"article\" \/>\n<meta property=\"og:title\" content=\"Jak se \u017eije v karavanu - All4Camper\" \/>\n<meta property=\"og:description\" content=\"All4Camper - Jak se \u017eije v karavanu\" \/>\n<meta property=\"og:url\" content=\"https:\/\/all4camper.com\/cs\/jak-se-zije-v-karavanu\/\" \/>\n<meta property=\"og:site_name\" content=\"All4Camper\" \/>\n<meta property=\"article:published_time\" content=\"2018-03-06T16:15:31+00:00\" \/>\n<meta property=\"article:modified_time\" content=\"2020-05-22T13:09:44+00:00\" \/>\n<meta property=\"og:image\" content=\"https:\/\/all4camper.com\/wp-content\/uploads\/2018\/03\/B\u0159ezen-2012-548.jpg\" \/>\n\t<meta property=\"og:image:width\" content=\"602\" \/>\n\t<meta property=\"og:image:height\" content=\"400\" \/>\n\t<meta property=\"og:image:type\" content=\"image\/jpeg\" \/>\n<meta name=\"author\" content=\"Davi\" \/>\n<meta name=\"twitter:card\" content=\"summary_large_image\" \/>\n<meta name=\"twitter:label1\" content=\"Napsal(a)\" \/>\n\t<meta name=\"twitter:data1\" content=\"Davi\" \/>\n\t<meta name=\"twitter:label2\" content=\"Odhadovan\u00e1 doba \u010dten\u00ed\" \/>\n\t<meta name=\"twitter:data2\" content=\"6 minut\" \/>\n<script type=\"application\/ld+json\" class=\"yoast-schema-graph\">{\"@context\":\"https:\\\/\\\/schema.org\",\"@graph\":[{\"@type\":\"Article\",\"@id\":\"https:\\\/\\\/all4camper.com\\\/cs\\\/jak-se-zije-v-karavanu\\\/#article\",\"isPartOf\":{\"@id\":\"https:\\\/\\\/all4camper.com\\\/cs\\\/jak-se-zije-v-karavanu\\\/\"},\"author\":{\"name\":\"Davi\",\"@id\":\"https:\\\/\\\/all4camper.com\\\/cs\\\/#\\\/schema\\\/person\\\/4de0ea01bd6518ef95649b160a14dcf1\"},\"headline\":\"Jak se \u017eije v karavanu\",\"datePublished\":\"2018-03-06T16:15:31+00:00\",\"dateModified\":\"2020-05-22T13:09:44+00:00\",\"mainEntityOfPage\":{\"@id\":\"https:\\\/\\\/all4camper.com\\\/cs\\\/jak-se-zije-v-karavanu\\\/\"},\"wordCount\":1117,\"publisher\":{\"@id\":\"https:\\\/\\\/all4camper.com\\\/cs\\\/#organization\"},\"image\":{\"@id\":\"https:\\\/\\\/all4camper.com\\\/cs\\\/jak-se-zije-v-karavanu\\\/#primaryimage\"},\"thumbnailUrl\":\"https:\\\/\\\/all4camper.com\\\/wp-content\\\/uploads\\\/2018\\\/03\\\/B\u0159ezen-2012-548.jpg\",\"articleSection\":[\"\u010cten\u00ed na cesty\"],\"inLanguage\":\"cs\"},{\"@type\":\"WebPage\",\"@id\":\"https:\\\/\\\/all4camper.com\\\/cs\\\/jak-se-zije-v-karavanu\\\/\",\"url\":\"https:\\\/\\\/all4camper.com\\\/cs\\\/jak-se-zije-v-karavanu\\\/\",\"name\":\"Jak se \u017eije v karavanu - All4Camper\",\"isPartOf\":{\"@id\":\"https:\\\/\\\/all4camper.com\\\/cs\\\/#website\"},\"primaryImageOfPage\":{\"@id\":\"https:\\\/\\\/all4camper.com\\\/cs\\\/jak-se-zije-v-karavanu\\\/#primaryimage\"},\"image\":{\"@id\":\"https:\\\/\\\/all4camper.com\\\/cs\\\/jak-se-zije-v-karavanu\\\/#primaryimage\"},\"thumbnailUrl\":\"https:\\\/\\\/all4camper.com\\\/wp-content\\\/uploads\\\/2018\\\/03\\\/B\u0159ezen-2012-548.jpg\",\"datePublished\":\"2018-03-06T16:15:31+00:00\",\"dateModified\":\"2020-05-22T13:09:44+00:00\",\"description\":\"All4Camper - Jak se \u017eije v karavanu\",\"breadcrumb\":{\"@id\":\"https:\\\/\\\/all4camper.com\\\/cs\\\/jak-se-zije-v-karavanu\\\/#breadcrumb\"},\"inLanguage\":\"cs\",\"potentialAction\":[{\"@type\":\"ReadAction\",\"target\":[\"https:\\\/\\\/all4camper.com\\\/cs\\\/jak-se-zije-v-karavanu\\\/\"]}]},{\"@type\":\"ImageObject\",\"inLanguage\":\"cs\",\"@id\":\"https:\\\/\\\/all4camper.com\\\/cs\\\/jak-se-zije-v-karavanu\\\/#primaryimage\",\"url\":\"https:\\\/\\\/all4camper.com\\\/wp-content\\\/uploads\\\/2018\\\/03\\\/B\u0159ezen-2012-548.jpg\",\"contentUrl\":\"https:\\\/\\\/all4camper.com\\\/wp-content\\\/uploads\\\/2018\\\/03\\\/B\u0159ezen-2012-548.jpg\",\"width\":602,\"height\":400},{\"@type\":\"BreadcrumbList\",\"@id\":\"https:\\\/\\\/all4camper.com\\\/cs\\\/jak-se-zije-v-karavanu\\\/#breadcrumb\",\"itemListElement\":[{\"@type\":\"ListItem\",\"position\":1,\"name\":\"Dom\u016f\",\"item\":\"https:\\\/\\\/all4camper.com\\\/cs\\\/\"},{\"@type\":\"ListItem\",\"position\":2,\"name\":\"\u010cten\u00ed na cesty\",\"item\":\"https:\\\/\\\/all4camper.com\\\/cs\\\/category\\\/magazin_all4camper\\\/\"},{\"@type\":\"ListItem\",\"position\":3,\"name\":\"Jak se \u017eije v karavanu\"}]},{\"@type\":\"WebSite\",\"@id\":\"https:\\\/\\\/all4camper.com\\\/cs\\\/#website\",\"url\":\"https:\\\/\\\/all4camper.com\\\/cs\\\/\",\"name\":\"All4Camper\",\"description\":\"Nejv\u011bt\u0161\u00ed online magaz\u00edn o kempov\u00e1n\u00ed a karavaninku. V\u00edce jak 900 \u010dl\u00e1nk\u016f pln\u00fdch rad a tip\u016f o kempech a kempov\u00e1n\u00ed.\",\"publisher\":{\"@id\":\"https:\\\/\\\/all4camper.com\\\/cs\\\/#organization\"},\"potentialAction\":[{\"@type\":\"SearchAction\",\"target\":{\"@type\":\"EntryPoint\",\"urlTemplate\":\"https:\\\/\\\/all4camper.com\\\/cs\\\/?s={search_term_string}\"},\"query-input\":{\"@type\":\"PropertyValueSpecification\",\"valueRequired\":true,\"valueName\":\"search_term_string\"}}],\"inLanguage\":\"cs\"},{\"@type\":\"Organization\",\"@id\":\"https:\\\/\\\/all4camper.com\\\/cs\\\/#organization\",\"name\":\"All4Camper - kempujeme s Kl\u00e1rou\",\"url\":\"https:\\\/\\\/all4camper.com\\\/cs\\\/\",\"logo\":{\"@type\":\"ImageObject\",\"inLanguage\":\"cs\",\"@id\":\"https:\\\/\\\/all4camper.com\\\/cs\\\/#\\\/schema\\\/logo\\\/image\\\/\",\"url\":\"https:\\\/\\\/all4camper.com\\\/wp-content\\\/uploads\\\/2018\\\/09\\\/novelogo.png\",\"contentUrl\":\"https:\\\/\\\/all4camper.com\\\/wp-content\\\/uploads\\\/2018\\\/09\\\/novelogo.png\",\"width\":1520,\"height\":600,\"caption\":\"All4Camper - kempujeme s Kl\u00e1rou\"},\"image\":{\"@id\":\"https:\\\/\\\/all4camper.com\\\/cs\\\/#\\\/schema\\\/logo\\\/image\\\/\"}},{\"@type\":\"Person\",\"@id\":\"https:\\\/\\\/all4camper.com\\\/cs\\\/#\\\/schema\\\/person\\\/4de0ea01bd6518ef95649b160a14dcf1\",\"name\":\"Davi\",\"url\":\"https:\\\/\\\/all4camper.com\\\/cs\\\/author\\\/david\\\/\"}]}<\/script>\n<!-- \/ Yoast SEO plugin. -->","yoast_head_json":{"title":"Jak se \u017eije v karavanu - All4Camper","description":"All4Camper - Jak se \u017eije v karavanu","robots":{"index":"index","follow":"follow","max-snippet":"max-snippet:-1","max-image-preview":"max-image-preview:large","max-video-preview":"max-video-preview:-1"},"canonical":"https:\/\/all4camper.com\/cs\/jak-se-zije-v-karavanu\/","og_locale":"cs_CZ","og_type":"article","og_title":"Jak se \u017eije v karavanu - All4Camper","og_description":"All4Camper - Jak se \u017eije v karavanu","og_url":"https:\/\/all4camper.com\/cs\/jak-se-zije-v-karavanu\/","og_site_name":"All4Camper","article_published_time":"2018-03-06T16:15:31+00:00","article_modified_time":"2020-05-22T13:09:44+00:00","og_image":[{"width":602,"height":400,"url":"https:\/\/all4camper.com\/wp-content\/uploads\/2018\/03\/B\u0159ezen-2012-548.jpg","type":"image\/jpeg"}],"author":"Davi","twitter_card":"summary_large_image","twitter_misc":{"Napsal(a)":"Davi","Odhadovan\u00e1 doba \u010dten\u00ed":"6 minut"},"schema":{"@context":"https:\/\/schema.org","@graph":[{"@type":"Article","@id":"https:\/\/all4camper.com\/cs\/jak-se-zije-v-karavanu\/#article","isPartOf":{"@id":"https:\/\/all4camper.com\/cs\/jak-se-zije-v-karavanu\/"},"author":{"name":"Davi","@id":"https:\/\/all4camper.com\/cs\/#\/schema\/person\/4de0ea01bd6518ef95649b160a14dcf1"},"headline":"Jak se \u017eije v karavanu","datePublished":"2018-03-06T16:15:31+00:00","dateModified":"2020-05-22T13:09:44+00:00","mainEntityOfPage":{"@id":"https:\/\/all4camper.com\/cs\/jak-se-zije-v-karavanu\/"},"wordCount":1117,"publisher":{"@id":"https:\/\/all4camper.com\/cs\/#organization"},"image":{"@id":"https:\/\/all4camper.com\/cs\/jak-se-zije-v-karavanu\/#primaryimage"},"thumbnailUrl":"https:\/\/all4camper.com\/wp-content\/uploads\/2018\/03\/B\u0159ezen-2012-548.jpg","articleSection":["\u010cten\u00ed na cesty"],"inLanguage":"cs"},{"@type":"WebPage","@id":"https:\/\/all4camper.com\/cs\/jak-se-zije-v-karavanu\/","url":"https:\/\/all4camper.com\/cs\/jak-se-zije-v-karavanu\/","name":"Jak se \u017eije v karavanu - All4Camper","isPartOf":{"@id":"https:\/\/all4camper.com\/cs\/#website"},"primaryImageOfPage":{"@id":"https:\/\/all4camper.com\/cs\/jak-se-zije-v-karavanu\/#primaryimage"},"image":{"@id":"https:\/\/all4camper.com\/cs\/jak-se-zije-v-karavanu\/#primaryimage"},"thumbnailUrl":"https:\/\/all4camper.com\/wp-content\/uploads\/2018\/03\/B\u0159ezen-2012-548.jpg","datePublished":"2018-03-06T16:15:31+00:00","dateModified":"2020-05-22T13:09:44+00:00","description":"All4Camper - Jak se \u017eije v karavanu","breadcrumb":{"@id":"https:\/\/all4camper.com\/cs\/jak-se-zije-v-karavanu\/#breadcrumb"},"inLanguage":"cs","potentialAction":[{"@type":"ReadAction","target":["https:\/\/all4camper.com\/cs\/jak-se-zije-v-karavanu\/"]}]},{"@type":"ImageObject","inLanguage":"cs","@id":"https:\/\/all4camper.com\/cs\/jak-se-zije-v-karavanu\/#primaryimage","url":"https:\/\/all4camper.com\/wp-content\/uploads\/2018\/03\/B\u0159ezen-2012-548.jpg","contentUrl":"https:\/\/all4camper.com\/wp-content\/uploads\/2018\/03\/B\u0159ezen-2012-548.jpg","width":602,"height":400},{"@type":"BreadcrumbList","@id":"https:\/\/all4camper.com\/cs\/jak-se-zije-v-karavanu\/#breadcrumb","itemListElement":[{"@type":"ListItem","position":1,"name":"Dom\u016f","item":"https:\/\/all4camper.com\/cs\/"},{"@type":"ListItem","position":2,"name":"\u010cten\u00ed na cesty","item":"https:\/\/all4camper.com\/cs\/category\/magazin_all4camper\/"},{"@type":"ListItem","position":3,"name":"Jak se \u017eije v karavanu"}]},{"@type":"WebSite","@id":"https:\/\/all4camper.com\/cs\/#website","url":"https:\/\/all4camper.com\/cs\/","name":"All4Camper","description":"Nejv\u011bt\u0161\u00ed online magaz\u00edn o kempov\u00e1n\u00ed a karavaninku. V\u00edce jak 900 \u010dl\u00e1nk\u016f pln\u00fdch rad a tip\u016f o kempech a kempov\u00e1n\u00ed.","publisher":{"@id":"https:\/\/all4camper.com\/cs\/#organization"},"potentialAction":[{"@type":"SearchAction","target":{"@type":"EntryPoint","urlTemplate":"https:\/\/all4camper.com\/cs\/?s={search_term_string}"},"query-input":{"@type":"PropertyValueSpecification","valueRequired":true,"valueName":"search_term_string"}}],"inLanguage":"cs"},{"@type":"Organization","@id":"https:\/\/all4camper.com\/cs\/#organization","name":"All4Camper - kempujeme s Kl\u00e1rou","url":"https:\/\/all4camper.com\/cs\/","logo":{"@type":"ImageObject","inLanguage":"cs","@id":"https:\/\/all4camper.com\/cs\/#\/schema\/logo\/image\/","url":"https:\/\/all4camper.com\/wp-content\/uploads\/2018\/09\/novelogo.png","contentUrl":"https:\/\/all4camper.com\/wp-content\/uploads\/2018\/09\/novelogo.png","width":1520,"height":600,"caption":"All4Camper - kempujeme s Kl\u00e1rou"},"image":{"@id":"https:\/\/all4camper.com\/cs\/#\/schema\/logo\/image\/"}},{"@type":"Person","@id":"https:\/\/all4camper.com\/cs\/#\/schema\/person\/4de0ea01bd6518ef95649b160a14dcf1","name":"Davi","url":"https:\/\/all4camper.com\/cs\/author\/david\/"}]}},"_links":{"self":[{"href":"https:\/\/all4camper.com\/cs\/wp-json\/wp\/v2\/posts\/15157","targetHints":{"allow":["GET"]}}],"collection":[{"href":"https:\/\/all4camper.com\/cs\/wp-json\/wp\/v2\/posts"}],"about":[{"href":"https:\/\/all4camper.com\/cs\/wp-json\/wp\/v2\/types\/post"}],"author":[{"embeddable":true,"href":"https:\/\/all4camper.com\/cs\/wp-json\/wp\/v2\/users\/1"}],"replies":[{"embeddable":true,"href":"https:\/\/all4camper.com\/cs\/wp-json\/wp\/v2\/comments?post=15157"}],"version-history":[{"count":0,"href":"https:\/\/all4camper.com\/cs\/wp-json\/wp\/v2\/posts\/15157\/revisions"}],"wp:featuredmedia":[{"embeddable":true,"href":"https:\/\/all4camper.com\/cs\/wp-json\/wp\/v2\/media\/15158"}],"wp:attachment":[{"href":"https:\/\/all4camper.com\/cs\/wp-json\/wp\/v2\/media?parent=15157"}],"wp:term":[{"taxonomy":"category","embeddable":true,"href":"https:\/\/all4camper.com\/cs\/wp-json\/wp\/v2\/categories?post=15157"},{"taxonomy":"post_tag","embeddable":true,"href":"https:\/\/all4camper.com\/cs\/wp-json\/wp\/v2\/tags?post=15157"}],"curies":[{"name":"wp","href":"https:\/\/api.w.org\/{rel}","templated":true}]}}