{"id":15147,"date":"2018-03-06T17:01:09","date_gmt":"2018-03-06T16:01:09","guid":{"rendered":"https:\/\/all4camper.com\/\/?p=15147"},"modified":"2022-12-13T14:57:44","modified_gmt":"2022-12-13T13:57:44","slug":"jak-predchazet-chybam-na-dovolene-karavanem","status":"publish","type":"post","link":"https:\/\/all4camper.com\/cs\/jak-predchazet-chybam-na-dovolene-karavanem\/","title":{"rendered":"Jak p\u0159edch\u00e1zet &#8222;chyb\u00e1m&#8220; na dovolen\u00e9 karavanem"},"content":{"rendered":"<h3><strong>Zavazadla &#8211; co\u00a0<\/strong><strong>si vz\u00edt s sebou\u00a0<\/strong><strong>do obytn\u00e9ho vozu \u010di p\u0159\u00edv\u011bsu\u00a0<\/strong><\/h3>\n<div>\n<p><strong>P\u0159i balen\u00ed v\u011bc\u00ed na dovolenou myslete &#8222;minimalisticky&#8220;<\/strong>, co\u017e znamen\u00e1, \u017ee je d\u016fle\u017eit\u00e9 v\u011bci kombinovat.\u00a0Pokud budete br\u00e1t\u00a0<strong>oble\u010den\u00ed, sna\u017ete se jej sbalit tak, aby odpov\u00eddalo va\u0161\u00ed c\u00edlov\u00e9 destinaci<\/strong>, ale tak\u00e9 se dalo r\u016fzn\u011b vrstvit v p\u0159\u00edpad\u011b chladn\u011bj\u0161\u00edho po\u010das\u00ed a naopak.<\/p>\n<p><strong>Rozm\u00fd\u0161lejte se, zda v\u011bci, kter\u00e9 sebou bal\u00edte, opravu pot\u0159ebujete.\u00a0<\/strong>Lecky m\u00e1 \u010dlov\u011bk tzv. &#8222;velk\u00e9 o\u010di&#8220;, ale realita uk\u00e1\u017ee, \u017ee nepot\u0159eboval ani jejich polovinu.<\/p>\n<p>V p\u0159\u00edpad\u011b bot, kter\u00e9 se dok\u00e1\u017eou velice rychle mno\u017eit, zejm\u00e9na pokud m\u00e1te sebou i d\u011bti, p\u0159em\u00fd\u0161lejte nad opravdov\u00fdm vyu\u017eit\u00edm. Je sice hezk\u00e9, \u017ee budete m\u00edt ke ka\u017ed\u00e9mu oble\u010den\u00ed ty spr\u00e1vn\u00e9 boty a dopl\u0148ky, av\u0161ak\u00a0<strong>p\u0159i n\u00e1hodn\u00e9 silni\u010dn\u00ed kontrole a p\u0159esahu povolen\u00e9 v\u00e1hy, by v\u00e1s tento komfort mohl vyj\u00edt hodn\u011b draho. <\/strong>To plat\u00ed ale i pro ostatn\u00ed v\u011bci, co berete sebou.<\/p>\n<p>Vybaven\u00ed do kuchyn\u011b (pokud nen\u00ed v z\u00e1kladn\u00ed v\u00fdbav\u011b pronajat\u00e9ho vozu)\u00a0<strong>si vezm\u011bte opravdu jen to z\u00e1kladn\u00ed.\u00a0<\/strong>V\u011b\u0159te, \u017ee v obytn\u00e9m voze nebudete pot\u0159ebovat toho tolik, jako ve sv\u00e9 dom\u00e1c\u00ed kuchyni. Va\u0159it se d\u00e1 i s &#8222;chud\u0161\u00ed&#8220; v\u00fdbavou. P\u0159\u00edkladem, co je t\u0159eba, v\u00e1m m\u016f\u017ee poslou\u017eit tento m\u016fj p\u0159\u00edsp\u011bvek <a href=\"\/?p=15164\" target=\"_blank\" rel=\"noopener noreferrer\">Z\u00e1kladn\u00ed v\u00fdbava obytn\u00e9ho vozu \u010di p\u0159\u00edv\u011bsu na cesty<\/a><\/p>\n<p><strong>Ostatn\u00ed vybaven\u00ed<\/strong> &#8211; technick\u00e9 atd. &#8211; zva\u017ete, co opravdu pot\u0159ebujete. Z\u00e1kladn\u00ed vybaven\u00ed, jako je lopatka, sekyrka a dal\u0161\u00ed v\u011bci jsou opravdu nezbytn\u00e9, zbytek byste si m\u011bli br\u00e1t v rozsahu nezbytn\u00e9m pro va\u0161i c\u00edlovou destinaci.<\/p>\n<p>\u0160ir\u0161\u00ed p\u0159ehled v\u011bc\u00ed, kter\u00e9 se hod\u00ed m\u00edt sebou a ze kter\u00fdch m\u016f\u017eete vyb\u00edrat, najdete v tomto m\u00e9m p\u0159\u00edsp\u011bvku &#8222;<strong><a href=\"\/?p=15162\" target=\"_blank\" rel=\"noopener noreferrer\">Ne\u017e vyjedete &#8222;karavanem&#8220; &#8211; Checklist<\/a><\/strong>&#8220;<\/p>\n<p><img loading=\"lazy\" decoding=\"async\" class=\"wp-image-15148 size-full aligncenter\" src=\"https:\/\/all4camper.com\/\/wp-content\/uploads\/2018\/03\/x8030042.jpg\" alt=\"\" width=\"482\" height=\"400\" srcset=\"https:\/\/all4camper.com\/wp-content\/uploads\/2018\/03\/x8030042.jpg 482w, https:\/\/all4camper.com\/wp-content\/uploads\/2018\/03\/x8030042-300x249.jpg 300w, https:\/\/all4camper.com\/wp-content\/uploads\/2018\/03\/x8030042-150x124.jpg 150w\" sizes=\"auto, (max-width: 482px) 100vw, 482px\" \/><\/p>\n<div>\n<h3><strong>Spr\u00e1vn\u00e9 rozlo\u017een\u00ed a zaji\u0161t\u011bn\u00ed p\u0159epravovan\u00fdch v\u011bc\u00ed<\/strong><\/h3>\n<\/div>\n<p>Prvn\u00ed dojem z obytn\u00e9ho auta, kter\u00fd m\u016f\u017eete jako za\u010d\u00e1te\u010dn\u00edci m\u00edt, je, \u017ee se tam vejde opravdu hodn\u011b v\u011bc\u00ed a \u017ee je lze kamkoliv polo\u017eit. Ano, b\u011bhem va\u0161eho st\u00e1n\u00ed, a\u0165 u\u017e na divoko, nebo v kempu, to tak je. <strong>Myslete ale na j\u00edzdu. Jak\u00e1koliv \u0161patn\u011b ulo\u017een\u00e1 v\u011bc se m\u016f\u017ee st\u00e1t nebezpe\u010dnou v p\u0159\u00edpad\u011b kolize\u00a0<\/strong>\u010di n\u00e1hl\u00e9ho prudk\u00e9ho brzd\u011bn\u00ed.<\/p>\n<p>Pokud p\u0159epravujete t\u011b\u017ek\u00e9 v\u011bci, je t\u0159eba je opravdu upevnit.\u00a0<strong>P\u0159ed odjezdem je t\u0159eba zkontrolovat i to, \u017ee m\u00e1te spr\u00e1vn\u011b srolovanou a zabezpe\u010denou mark\u00fdzu, \u010di zam\u010den\u00e9 a zabezpe\u010den\u00e9 dve\u0159e do &#8222;gar\u00e1\u017ee&#8220;.\u00a0<\/strong>Pamatujte na to, \u017ee &#8222;nedocvaktnut\u00e1&#8220; mark\u00fdza se m\u016f\u017ee b\u011bhem j\u00edzdy uvolnit a nad\u011bl\u00e1 tak velk\u00e9 \u0161kody na aut\u011b, \u010di m\u016f\u017ee ohrozit bezpe\u010dnost silni\u010dn\u00edho provozu.<\/p>\n<p><strong>V\u011bt\u0161ina p\u016fj\u010doven pro tyto p\u0159\u00edpady m\u00e1 zpracovan\u00fd takzvan\u00fd &#8222;checklist&#8220;, nebo z leteck\u00e9 p\u0159epravy v\u00edce zn\u00e1m\u00fd &#8222;crosscheck&#8220;<\/strong>. Ptejte se po n\u011bm, usnadn\u00ed v\u00e1m kontrolu p\u0159ed odjezdem a pom\u016f\u017ee k jistot\u011b, \u017ee jste opravdu na nic nezapomn\u011bli.<\/p>\n<div>\n<h3><strong>Hygiena &#8211; bu\u010fte p\u0159ipraveni i na nejhor\u0161\u00ed<\/strong><\/h3>\n<\/div>\n<p>Samoz\u0159ejm\u011b v\u017edy z\u00e1le\u017e\u00ed, kam jedete a jakou formu kempov\u00e1n\u00ed vol\u00edte. I p\u0159esto, \u017ee pl\u00e1nujete pobyt v kempech, mus\u00edte po\u010d\u00edtat s nejhor\u0161\u00edm.\u00a0<strong>M\u016f\u017ee se st\u00e1t, \u017ee v kempu, nebo stellplatzu nebudou hygienick\u00e9 podm\u00ednky moc vhodn\u00e9.\u00a0<\/strong>Na toalet\u00e1ch m\u016f\u017ee chyb\u011bt toaletn\u00ed pap\u00edr, nemusej\u00ed b\u00fdt k dispozici pap\u00edrov\u00e9 ru\u010dn\u00edky \u010di m\u00fddlo atp.<\/p>\n<p>Tak\u00e9 mus\u00edte po\u010d\u00edtat s t\u00edm, \u017ee nebude v dosahu \u017e\u00e1dn\u00e1 mo\u017enost sprchov\u00e1n\u00ed, v karavanu nebude u\u017e dostatek vody a co potom? D\u00e1 se to nouzov\u011b \u0159e\u0161it t\u0159eba hygienick\u00fdmi vlh\u010den\u00fdmi kapesn\u00ed\u010dky, kter\u00e9 se pou\u017e\u00edvaj\u00ed pro mal\u00e9 d\u011bti.<\/p>\n<p><img loading=\"lazy\" decoding=\"async\" class=\"aligncenter wp-image-15149 size-full\" src=\"https:\/\/all4camper.com\/\/wp-content\/uploads\/2018\/03\/hygiena-e1520351850230.jpg\" alt=\"\" width=\"640\" height=\"318\" srcset=\"https:\/\/all4camper.com\/wp-content\/uploads\/2018\/03\/hygiena-e1520351850230.jpg 640w, https:\/\/all4camper.com\/wp-content\/uploads\/2018\/03\/hygiena-e1520351850230-300x149.jpg 300w, https:\/\/all4camper.com\/wp-content\/uploads\/2018\/03\/hygiena-e1520351850230-150x75.jpg 150w\" sizes=\"auto, (max-width: 640px) 100vw, 640px\" \/><\/p>\n<div>\n<h3><strong>N\u00e1jezdov\u00e9 kl\u00edny<\/strong><\/h3>\n<\/div>\n<div>\n<p>Docela \u010dast\u00e1 chyba za\u010d\u00e1te\u010dn\u00edk\u016f. Po p\u0159\u00edjezdu na vybran\u00e9 m\u00edsto se &#8222;zakempuj\u00ed&#8220; a p\u0159i odjezdu je v\u0161e sice zkontrolov\u00e1no, ale ouha, na kl\u00edny se zapomn\u011blo a p\u0159i rozjedu se ozve r\u00e1na. V lep\u0161\u00edm p\u0159\u00edpad\u011b to odnesou jen ty kl\u00edny, v hor\u0161\u00edm to u\u017e mohou b\u00fdt nap\u0159\u00edklad i plasty na aut\u011b. Proto na tuto drobnost opravdu nezapom\u00ednejte a<strong>\u00a0nem\u00e1te-li &#8222;odjezdov\u00fd kontroln\u00ed checklist\/crosschesk&#8220;, napi\u0161te si to n\u011bkam a um\u00edst\u011bte t\u0159eba na palubn\u00ed desku.\u00a0<\/strong>Nezapomenete tak na n\u011b.<\/p>\n<div>\n<h3><strong>Po\u0159ad\u00ed zabalen\u00fdch v\u011bc\u00ed<\/strong><\/h3>\n<\/div>\n<div>\n<p>Pokud budete d\u00e1vat v\u011bci do gar\u00e1\u017ee obytn\u00e9ho vozu, nebo do kabiny, v\u017edy\u00a0<strong>p\u0159em\u00fd\u0161lejte, co bude kdy pot\u0159eba. Nen\u00ed nic nep\u0159\u00edjemn\u011bj\u0161\u00edho, kdy\u017e v\u011bc, kterou pot\u0159ebujete jako prvn\u00ed, m\u00e1te ulo\u017eenu a\u017e n\u011bkde vzadu a znamen\u00e1 to tak vyndat celou gar\u00e1\u017e.<\/strong><\/p>\n<\/div>\n<div>\n<p>Zejm\u00e9na v zim\u011b, nebo pokud se dostanete na m\u011bkk\u00e9 podlo\u017e\u00ed, budete pot\u0159ebovat m\u00edt po ruce sn\u011bhov\u00e9 \u0159et\u011bzy, nebo arm\u00e1dn\u00ed lopatku. Dal\u0161\u00ed v\u011bci, jako reflexn\u00ed vesty a servisn\u00ed sady \u010di l\u00e9k\u00e1rni\u010dka by m\u011bly b\u00fdt po ruce v\u017edy v kabin\u011b.\u00a0 Op\u011bt tedy p\u0159em\u00fd\u0161lejte, kam jedete a co v\u00e1s na t\u00e9to cest\u011b m\u016f\u017ee potkat a t\u00edm p\u00e1dem, co budete pot\u0159ebovat m\u00edt po ruce.<\/p>\n<div>\n<h3><strong>Kuchyn\u011b<\/strong><\/h3>\n<\/div>\n<div>\n<p>Pot\u0159ebujete-li n\u00e1hle odjet, nebo b\u011bhem pobytu odej\u00edt, a <strong>chcete zabezpe\u010dit spor\u00e1k p\u0159iklopen\u00edm sklen\u011bn\u00e9 desky, v\u017edy se ujist\u011bte, \u017ee je spor\u00e1k studen\u00fd.\u00a0<\/strong>\u010casto se st\u00e1v\u00e1, \u017ee lid\u00e9 na toto zapomenou a ihned po dova\u0159en\u00ed tento kryt pou\u017eij\u00ed. Pokud si na to ned\u00e1te pozor, hroz\u00ed riziko velk\u00e9 r\u00e1ny a prasknut\u00ed cel\u00e9ho sklen\u011bn\u00e9ho krytu a po\u0161kozen\u00ed interi\u00e9ru vozu.<\/p>\n<\/div>\n<div>\n<p>V p\u0159\u00edpad\u011b, \u017ee budete opou\u0161t\u011bt vozidlo, rad\u011bji je\u0161t\u011b jednou\u00a0<strong>zkontrolujte, \u017ee v\u0161echny knofl\u00edky na spor\u00e1ku jsou vypnut\u00e9 a nikde neho\u0159\u00ed ho\u0159\u00e1k. <\/strong>Mal\u00fd plamen nemus\u00ed b\u00fdt vid\u011bt, ale dopady mohou b\u00fdt tragick\u00e9.<\/p>\n<div>\n<h3><strong>Voda v n\u00e1dr\u017ei<\/strong><\/h3>\n<\/div>\n<div>\n<p>Ne ka\u017ed\u00fd, kdo poprv\u00e9 jede na dovolenou s karavanem, si to uv\u011bdomuje, ale v<strong>oda je to, s \u010d\u00edm budete po celou dobu sv\u00e9 dovolen\u00e9 tak trochu bojovat.<\/strong> Je to z toho d\u016fvodu, \u017ee pokud pojedete kempovat mimo kempy, hroz\u00ed jej\u00ed nedostatek. Z domova jste zvykl\u00ed, \u017ee se oto\u010d\u00ed kohoutkem a voda te\u010de. V karavanu tomu tak prost\u011b v\u017edy nen\u00ed.<\/p>\n<\/div>\n<div>\n<p><strong>Je tedy t\u0159eba ne jen kontrolovat, \u017ee m\u00e1te dostatek vody, ale tak\u00e9 paradoxn\u011b, \u017ee ji nem\u00e1te na cestu zbyte\u010dn\u011b moc.<\/strong><\/p>\n<\/div>\n<div>\n<p>Jak je to mo\u017en\u00e9? Pokud toti\u017e budete vyj\u00ed\u017ed\u011bt,\u00a0<strong>doporu\u010duji minim\u00e1ln\u011b vypr\u00e1zdnit odpadn\u00ed n\u00e1dr\u017e<\/strong>. Tato voda pro v\u00e1s ji\u017e nem\u00e1 \u017e\u00e1dnou cenu, ale m\u00e1 nemalou v\u00e1hu a pokud jste na hranici p\u0159et\u00ed\u017eenosti, jde o ka\u017ed\u00e9 &#8222;kilo&#8220;.<\/p>\n<p>Z toho d\u016fvodu je zbyte\u010dn\u00e9 ji vozit sebou. <strong>M\u00e1te-li tedy mo\u017enost ji v dan\u00e9m m\u00edst\u011b vypustit a zase dopustit \u010derstvou (p\u0159i\u00a0 zachov\u00e1n\u00ed povolen\u00e9 v\u00e1hy), ud\u011blejte to.\u00a0<\/strong>P\u0159edejdete tak komplikac\u00edm p\u0159i silni\u010dn\u00ed kontrole, nebo p\u0159\u00edjezdu na m\u00edsto, kde je vody nedostatek.<\/p>\n<\/div>\n<div>\n<p>O tom, \u017ee je t\u0159eba s vodou \u0161et\u0159it, a to i p\u0159i sprchov\u00e1n\u00ed a myt\u00ed n\u00e1dob\u00ed, asi nen\u00ed t\u0159eba zd\u016fraz\u0148ovat. V\u00edce si o tom m\u016f\u017eete p\u0159e\u010d\u00edst v tomto m\u00e9m p\u0159\u00edsp\u011bvku\u00a0<a href=\"\/?p=15123\" target=\"_blank\" rel=\"noopener noreferrer\">Jak kempovat mimo kempy<\/a><\/p>\n<\/div>\n<div>\n<div>\n<h3><strong>Odpadn\u00ed n\u00e1dr\u017e a v\u00fdpustka<\/strong><\/h3>\n<\/div>\n<div>\n<p>Pokud jste vypustili odpadn\u00ed n\u00e1dr\u017e,\u00a0<strong>nezapome\u0148te ji p\u0159ed j\u00edzdou zav\u0159\u00edt.<\/strong> Myslete na to, \u017ee b\u011bhem j\u00edzdy vnik\u00e1 ve voze tzv. podtlak a v\u016fn\u011b zne\u010di\u0161t\u011bn\u00e9 n\u00e1dr\u017ee po cel\u00e9m aut\u011b nebude rozhodn\u011b pro va\u0161e spolucestuj\u00edc\u00ed p\u0159\u00edjemn\u00e1.<\/p>\n<\/div>\n<div>\n<p>J<strong>edete-li v zim\u011b, nezapom\u00ednejte na to, \u017ee stoj\u00edte-li na m\u00edst\u011b, je t\u0159eba odpadn\u00ed vodu neust\u00e1le vypou\u0161t\u011bt do n\u011bjak\u00e9 n\u00e1doby (aby jste pod koly nem\u011bli led)\u00a0<\/strong>a nejide\u00e1ln\u011bj\u0161\u00ed je m\u00edt na voze tzv. &#8222;zimn\u00ed paket&#8220;, kter\u00fd zaji\u0161\u0165uje jak vyh\u0159\u00edvanou odpadn\u00ed n\u00e1dr\u017e, ale tak\u00e9 dob\u0159e izolovan\u00e9 vodovodn\u00ed rozvody po cel\u00e9m obytn\u00e9m voze.<\/p>\n<div>\n<h3><strong>Toaleta &#8211; WC kazeta<\/strong><\/h3>\n<\/div>\n<div>\n<p>Pokud jsem se v odstavci v\u00fd\u0161e zmi\u0148ovala o tom, \u017ee nejv\u00edce budete bojovat s vodou (zejm\u00e9na pokud pl\u00e1nujete dovolenou mimo kempy), tak\u00a0<strong>druh\u00fdm nej\u010dast\u011bj\u0161\u00edm &#8222;bojem&#8220; \u010dlov\u011bka a karavanu je napln\u011bn\u00ed a vypr\u00e1zdn\u011bn\u00ed WC kazety ve voze :-).\u00a0<\/strong><\/p>\n<\/div>\n<div>\n<p>Neznal\u00e9mu se to m\u016f\u017ee zd\u00e1t a\u017e legra\u010dn\u00ed, ale nej\u010dast\u011bj\u0161\u00ed t\u00e9ma, kter\u00e9 karavanist\u00e9 mezi sebou p\u0159i setk\u00e1n\u00ed \u0159e\u0161\u00ed, je WC.<\/p>\n<\/div>\n<div>\n<p>Pro\u010d?<\/p>\n<\/div>\n<div>\n<p>Proto\u017ee v\u017edy, kdy\u017e to nejm\u00e9n\u011b pot\u0159ebujete je wc kazeta pln\u00e1.\u00a0<strong>Proto doporu\u010duji v\u017edy p\u0159ed odjezdem z dan\u00e9ho m\u00edsta, pokud je to mo\u017en\u00e9, wc kazetu vypr\u00e1zdnit.<\/strong> Nikdy toti\u017e nev\u00edte, jak\u00e1 bude dal\u0161\u00ed va\u0161e zast\u00e1vka a zda tam mo\u017enost vylit\u00ed obsahu toalety bude. Nav\u00edc, pokud je kazeta skoro pln\u00e1, i kdy\u017e v n\u00ed m\u00e1te wc chemii, za j\u00edzdy m\u016f\u017ee b\u00fdt c\u00edtit, co\u017e pro pos\u00e1dku zadn\u00ed n\u00e1stavby nemus\u00ed b\u00fdt moc p\u0159\u00edjemn\u00e9.<\/p>\n<\/div>\n<div>\n<p><strong>Tak\u00e9 dbejte na to, aby kazeta nebyla p\u0159epln\u011bn\u00e1!<\/strong> Velice \u0161patn\u011b se \u00falo\u017en\u00fd prostor kazety \u010dist\u00ed a osobn\u011b se domn\u00edv\u00e1m, \u017ee skoro nikdy se jej nepovede vy\u010distit dokonale&#8230;m\u011bli byste tak dal\u0161\u00ed nep\u0159\u00edjemnost b\u011bhem va\u0161eho pobytu.<\/p>\n<\/div>\n<div>\n<p>Vyl\u00e9v\u00e1n\u00ed wc kazety.<\/p>\n<\/div>\n<div>\n<p>Toto vyl\u00e9v\u00e1n\u00ed se m\u016f\u017ee zd\u00e1t jednoduch\u00e9, ale v\u011b\u0159te, \u017ee v<strong>\u00e1s m\u016f\u017ee i nep\u0159\u00edjemn\u011b p\u0159ekvapit.<\/strong>\u00a0Pokud toti\u017e obsah vyl\u00e9v\u00e1te a nepootev\u0159ete si dal\u0161\u00ed otvor na kazet\u011b, bude to &#8222;\u0161plouchat&#8220;&#8230; asi si dok\u00e1\u017eete p\u0159edstavit, co m\u016f\u017ee nastat pro osobu, kter\u00e1 tuto \u010dinnost vykon\u00e1v\u00e1 ;-).<\/p>\n<\/div>\n<div>\n<p><strong>Po vylit\u00ed obsahu nezapome\u0148te na propl\u00e1chnut\u00ed \u010distou vodou a n\u00e1sledn\u011b doplnit chemii.<\/strong><\/p>\n<p><img loading=\"lazy\" decoding=\"async\" class=\"aligncenter wp-image-15150 \" src=\"https:\/\/all4camper.com\/\/wp-content\/uploads\/2018\/03\/trail-2764954_640.jpg\" alt=\"\" width=\"544\" height=\"362\" srcset=\"https:\/\/all4camper.com\/wp-content\/uploads\/2018\/03\/trail-2764954_640.jpg 640w, https:\/\/all4camper.com\/wp-content\/uploads\/2018\/03\/trail-2764954_640-300x200.jpg 300w, https:\/\/all4camper.com\/wp-content\/uploads\/2018\/03\/trail-2764954_640-150x100.jpg 150w\" sizes=\"auto, (max-width: 544px) 100vw, 544px\" \/><\/p>\n<div>\n<h3><strong>Posledn\u00ed kontrola p\u0159ed odjezdem<\/strong><\/h3>\n<\/div>\n<div>\n<p>M\u016f\u017ee se v\u00e1m to zd\u00e1 zbyte\u010dn\u00e9, ale tento \u00fakon je opravdu velice d\u016fle\u017eit\u00fd. Je spojen\u00fd ji\u017e se zmi\u0148ovan\u00fdm <strong>&#8222;crosscheckem&#8220;. M\u011blo by to vypadat nap\u0159\u00edklad tak, \u017ee vy, nebo v\u00e1\u0161 partner, za\u010dne proch\u00e1zet prostor obytn\u00e9ho vozu jako &#8222;letu\u0161ka&#8220; a kontrolovat, zda jsou:\u00a0<\/strong><\/p>\n<ul>\n<li>v\u0161echny sk\u0159\u00ednky zav\u0159en\u00e9 a aretac\u00ed uzam\u010den\u00e9,<\/li>\n<li>zda v\u0161echny v\u011bci, kter\u00e9 by v p\u0159\u00edpad\u011b nenad\u00e1l\u00e9 ud\u00e1losti v\u00e1s mohly ohrozit, jsou pevn\u011b p\u0159ipevn\u011bn\u00e9,<\/li>\n<li>bo\u010dn\u00ed okna ne jen zav\u0159en\u00e1, ale tak\u00e9 bezpe\u010dn\u011b &#8222;zam\u010den\u00e1&#8220;,<\/li>\n<li>zda ve dve\u0159\u00edch nen\u00ed \u017e\u00e1dn\u00e1 p\u0159ek\u00e1\u017eka pro p\u0159\u00edpad nutnosti rychl\u00e9ho vystoupen\u00ed<\/li>\n<li>st\u0159e\u0161n\u00ed okna zav\u0159en\u00e1 a zam\u010den\u00e1<\/li>\n<li>v koupeln\u011b a kuchyni nejsou voln\u011b polo\u017eeny \u017e\u00e1dn\u00e9 v\u011bci a op\u011bt sk\u0159\u00ed\u0148ky, zejm\u00e9na spor\u00e1k a jeho deska!, je zav\u0159en\u00e9<\/li>\n<li>na stole nele\u017e\u00ed voln\u011b \u017e\u00e1dn\u00e9 lahve s pit\u00edm,<\/li>\n<li>notebooky a dal\u0161\u00ed cenn\u00e1 elektronika, kter\u00e1 by mohla b\u011bhem j\u00edzdy v zat\u00e1\u010dce sklouznout z aktu\u00e1ln\u00edho um\u00edst\u011bn\u00ed, jsou tak\u00e9 upevn\u011bny, nebo ve sk\u0159\u00edni ulo\u017eeny,<\/li>\n<li>ledni\u010dka je opravdu zav\u0159en\u00e1 a zacvaknut\u00e1 (nen\u00ed nic hor\u0161\u00edho, ne\u017e b\u011bhem j\u00edzdy vysypan\u00e1 ledni\u010dka)<\/li>\n<li>pokud m\u00e1te vysunovac\u00ed sch\u016fdky do obytn\u00e9ho vozu, kter\u00e9 ale nemaj\u00ed zvukovou signalizaci upozor\u0148uj\u00edc\u00ed p\u0159i nastartov\u00e1n\u00ed vozidla na jejich vysunut\u00ed, v\u017edy si p\u0159ed rozjezdem zkontrolujte, \u017ee jsou opravdu zasunuty. Tyto schody mohou vy\u010dn\u00edvat a p\u0159i j\u00edzd\u011b bl\u00edzko obrubn\u00edku mohou nap\u00e1chat velk\u00e9 \u0161kody.<\/li>\n<\/ul>\n<h3><strong>Kempov\u00e1n\u00ed &#8211; st\u00e1n\u00ed na Stellplatzu<\/strong><\/h3>\n<div>\n<p>Pokud se rozhodnete vyu\u017e\u00edt nab\u00eddky kemp\u016f, nebo Stellplatz\u016f (vysv\u011btlen\u00ed pojm\u016f najdete\u00a0<a href=\"\/?p=15119\" target=\"_blank\" rel=\"noopener noreferrer\">zde<\/a>),\u00a0<strong>pamatujte v\u017edy na va\u0161eho souseda a s t\u00edm souvisej\u00edc\u00ed spr\u00e1vn\u00fd odstup.<\/strong> Pokud se toti\u017e nepostav\u00edte spr\u00e1vn\u011b a rozhodnete se pou\u017e\u00edt mark\u00fdzu, m\u016f\u017ee v\u00e1s nemile p\u0159ekvapit, \u017ee mark\u00fdza zasahuje do sousedn\u00edho pozemku, nebo je &#8222;natla\u010dena&#8220; p\u0159\u00edmo na soused\u016fv karavan. Asi ani vy byste z t\u00e9to skute\u010dnosti nem\u011bli radost. Proto bu\u010fte v\u017edy pros\u00edm ohledupln\u00ed a myslete i na ostatn\u00ed.<\/p>\n<\/div>\n<div>\n<p>Dal\u0161\u00ed etiketu kempov\u00e1n\u00ed si m\u016f\u017eete p\u0159e\u010d\u00edst v tomto p\u0159\u00edsp\u011bvku\u00a0<a href=\"\/?p=15121\" target=\"_blank\" rel=\"noopener noreferrer\">&#8222;Etiketa kempov\u00e1n\u00ed&#8220;<\/a><\/p>\n<div>\n<p>&#8230; a nezapome\u0148te, \u017ee\u00a0<strong>pokud chcete n\u011bkde kempovat, m\u011blo by se dodr\u017eovat parkov\u00e1n\u00ed v jednom sm\u011bru. Tzn. \u017ee v\u00e1\u0161 vchod do karavanu nikdy nen\u00ed naproti vchodu do karavanu souseda. <\/strong>T\u00edm se zachov\u00e1v\u00e1 soukrom\u00ed.<\/p>\n<\/div>\n<div>\n<h3><strong>Mark\u00fdza<\/strong><\/h3>\n<\/div>\n<div>\n<p>Pokud budete vytahovat mark\u00fdzu,\u00a0<strong>nezapome\u0148te ji zabezpe\u010dit kurtou<\/strong>, Nikdy toti\u017e nev\u00edte kdy p\u0159ijde ne\u010dekan\u00fd v\u011btrn\u00fd poryv a m\u016f\u017ee celou mark\u00fdzu zni\u010dit. To plat\u00ed i pro ve\u010der. <strong>M\u016f\u017eete j\u00edt sp\u00e1t za bezv\u011btrn\u00e9ho po\u010das\u00ed, ale v pr\u016fb\u011bhu noci se p\u0159i\u017eene siln\u011bj\u0161\u00ed v\u00edtr a na nep\u0159\u00edjemnost m\u00e1te zad\u011bl\u00e1no.<\/strong><\/p>\n<\/div>\n<div>\n<p>Bude-li se bl\u00ed\u017eit bou\u0159ka, doporu\u010duje se mark\u00fdzu zat\u00e1hnout. Siln\u00fd v\u00edtr m\u016f\u017ee ud\u011blat tzv. &#8222;bal\u00f3n&#8220; a v ten moment nepom\u016f\u017ee u\u017e ani kurta.<\/p>\n<\/div>\n<div>\n<p><strong>Dal\u0161\u00ed chybou je balen\u00ed mark\u00fdzi za v\u011btru bez pomoci.<\/strong>\u00a0Uv\u011bdomte si, \u017ee pokud mark\u00fdzu odkurtujete z d\u016fvodu jej\u00edho slo\u017een\u00ed, ale fouk\u00e1 v\u00edtr, m\u016f\u017ee to mark\u00fdzu ihned nadzvednou a zni\u010dit ne jen ji, ale tak\u00e9 cel\u00fd bok obytn\u00e9ho vozu.\u00a0<strong>Proto je lep\u0161\u00ed kdykoliv mark\u00fdzu bal\u00edte, m\u00edt nabl\u00edzku osobu, kter\u00e1 zas\u00e1hne a p\u0159idr\u017e\u00ed ji.<\/strong><\/p>\n<div>\n<h3><strong>Hadice na stellplatzu \u010di v kempu<\/strong><\/h3>\n<\/div>\n<div>\n<p>V \u010cR se s t\u00edm z\u0159ejm\u011b nesetk\u00e1te, ale v zahrani\u010d\u00ed to je b\u011b\u017en\u00e9. Na servisn\u00edm m\u00edst\u011b jsou dv\u011b hadice. Jedna je pro vyplachov\u00e1n\u00ed wc kazety a druh\u00e1 slou\u017e\u00ed pro napu\u0161t\u011bn\u00ed n\u00e1dr\u017ee pitnou vodou.\u00a0<strong><u>D\u00e1vejte si na to pozor a NIKDY nepou\u017e\u00edvejte hadici na pitnou vodu pro \u010di\u0161t\u011bn\u00ed wc kazety a naopak.<\/u><\/strong> Nezapome\u0148te, \u017ee zde pokud to ud\u011bl\u00e1te, nastane kontaminace a z n\u00e1dr\u017ee na \u010distou vodu v karavanu se stane n\u00e1dr\u017e pln\u00e1 bakteri\u00ed.<\/p>\n<\/div>\n<\/div>\n<\/div>\n<\/div>\n<\/div>\n<\/div>\n<\/div>\n<\/div>\n<\/div>\n<\/div>\n<\/div>\n","protected":false},"excerpt":{"rendered":"<p>Zavazadla &#8211; co\u00a0si vz\u00edt s sebou\u00a0do obytn\u00e9ho vozu \u010di p\u0159\u00edv\u011bsu\u00a0 P\u0159i balen\u00ed v\u011bc\u00ed na dovolenou myslete &#8222;minimalisticky&#8220;, co\u017e znamen\u00e1, \u017ee je d\u016fle\u017eit\u00e9 v\u011bci kombinovat.\u00a0Pokud budete br\u00e1t\u00a0oble\u010den\u00ed, sna\u017ete se jej sbalit tak, aby odpov\u00eddalo va\u0161\u00ed c\u00edlov\u00e9 destinaci, ale tak\u00e9 se dalo r\u016fzn\u011b vrstvit v p\u0159\u00edpad\u011b chladn\u011bj\u0161\u00edho po\u010das\u00ed a naopak. Rozm\u00fd\u0161lejte se, zda v\u011bci, kter\u00e9 sebou bal\u00edte, [&hellip;]<\/p>\n","protected":false},"author":4,"featured_media":15151,"comment_status":"closed","ping_status":"open","sticky":false,"template":"","format":"standard","meta":{"_monsterinsights_skip_tracking":false,"_monsterinsights_sitenote_active":false,"_monsterinsights_sitenote_note":"","_monsterinsights_sitenote_category":0,"footnotes":""},"categories":[11194,422,8209],"tags":[226,366],"class_list":{"0":"post-15147","1":"post","2":"type-post","3":"status-publish","4":"format-standard","5":"has-post-thumbnail","7":"category-karavaning","8":"category-novinky-kempovani-a-karavaning","9":"category-rady-tipy-informace","10":"tag-rady-a-tipy","11":"tag-zakladni-informace"},"yoast_head":"<!-- This site is optimized with the Yoast SEO plugin v27.5 - https:\/\/yoast.com\/product\/yoast-seo-wordpress\/ -->\n<title>Jak p\u0159edch\u00e1zet &quot;chyb\u00e1m&quot; na dovolen\u00e9 karavanem - All4Camper<\/title>\n<meta name=\"description\" content=\"All4Camper - Jak p\u0159edch\u00e1zet &quot;chyb\u00e1m&quot; na dovolen\u00e9 karavanem\" \/>\n<meta name=\"robots\" content=\"index, follow, max-snippet:-1, max-image-preview:large, max-video-preview:-1\" \/>\n<link rel=\"canonical\" href=\"https:\/\/all4camper.com\/cs\/jak-predchazet-chybam-na-dovolene-karavanem\/\" \/>\n<meta property=\"og:locale\" content=\"cs_CZ\" \/>\n<meta property=\"og:type\" content=\"article\" \/>\n<meta property=\"og:title\" content=\"Jak p\u0159edch\u00e1zet &quot;chyb\u00e1m&quot; na dovolen\u00e9 karavanem - All4Camper\" \/>\n<meta property=\"og:description\" content=\"All4Camper - Jak p\u0159edch\u00e1zet &quot;chyb\u00e1m&quot; na dovolen\u00e9 karavanem\" \/>\n<meta property=\"og:url\" content=\"https:\/\/all4camper.com\/cs\/jak-predchazet-chybam-na-dovolene-karavanem\/\" \/>\n<meta property=\"og:site_name\" content=\"All4Camper\" \/>\n<meta property=\"article:published_time\" content=\"2018-03-06T16:01:09+00:00\" \/>\n<meta property=\"article:modified_time\" content=\"2022-12-13T13:57:44+00:00\" \/>\n<meta property=\"og:image\" content=\"https:\/\/all4camper.com\/wp-content\/uploads\/2018\/03\/chybykempovani.jpg\" \/>\n\t<meta property=\"og:image:width\" content=\"533\" \/>\n\t<meta property=\"og:image:height\" content=\"400\" \/>\n\t<meta property=\"og:image:type\" content=\"image\/jpeg\" \/>\n<meta name=\"author\" content=\"Kl\u00e1ra H\u00e1jkov\u00e1\" \/>\n<meta name=\"twitter:card\" content=\"summary_large_image\" \/>\n<meta name=\"twitter:label1\" content=\"Napsal(a)\" \/>\n\t<meta name=\"twitter:data1\" content=\"Kl\u00e1ra H\u00e1jkov\u00e1\" \/>\n\t<meta name=\"twitter:label2\" content=\"Odhadovan\u00e1 doba \u010dten\u00ed\" \/>\n\t<meta name=\"twitter:data2\" content=\"12 minut\" \/>\n<script type=\"application\/ld+json\" class=\"yoast-schema-graph\">{\"@context\":\"https:\\\/\\\/schema.org\",\"@graph\":[{\"@type\":\"Article\",\"@id\":\"https:\\\/\\\/all4camper.com\\\/cs\\\/jak-predchazet-chybam-na-dovolene-karavanem\\\/#article\",\"isPartOf\":{\"@id\":\"https:\\\/\\\/all4camper.com\\\/cs\\\/jak-predchazet-chybam-na-dovolene-karavanem\\\/\"},\"author\":{\"name\":\"Kl\u00e1ra H\u00e1jkov\u00e1\",\"@id\":\"https:\\\/\\\/all4camper.com\\\/cs\\\/#\\\/schema\\\/person\\\/c6f1efdf1d02bc7d8c53a891cbe18c62\"},\"headline\":\"Jak p\u0159edch\u00e1zet &#8222;chyb\u00e1m&#8220; na dovolen\u00e9 karavanem\",\"datePublished\":\"2018-03-06T16:01:09+00:00\",\"dateModified\":\"2022-12-13T13:57:44+00:00\",\"mainEntityOfPage\":{\"@id\":\"https:\\\/\\\/all4camper.com\\\/cs\\\/jak-predchazet-chybam-na-dovolene-karavanem\\\/\"},\"wordCount\":2447,\"publisher\":{\"@id\":\"https:\\\/\\\/all4camper.com\\\/cs\\\/#organization\"},\"image\":{\"@id\":\"https:\\\/\\\/all4camper.com\\\/cs\\\/jak-predchazet-chybam-na-dovolene-karavanem\\\/#primaryimage\"},\"thumbnailUrl\":\"https:\\\/\\\/all4camper.com\\\/wp-content\\\/uploads\\\/2018\\\/03\\\/chybykempovani.jpg\",\"keywords\":[\"Rady-tipy-informace\",\"Z\u00e1kladn\u00ed informace\"],\"articleSection\":[\"Karavanink\",\"Novinky - Kempov\u00e1n\u00ed a karavaning\",\"Rady, tipy, informace\"],\"inLanguage\":\"cs\"},{\"@type\":\"WebPage\",\"@id\":\"https:\\\/\\\/all4camper.com\\\/cs\\\/jak-predchazet-chybam-na-dovolene-karavanem\\\/\",\"url\":\"https:\\\/\\\/all4camper.com\\\/cs\\\/jak-predchazet-chybam-na-dovolene-karavanem\\\/\",\"name\":\"Jak p\u0159edch\u00e1zet \\\"chyb\u00e1m\\\" na dovolen\u00e9 karavanem - All4Camper\",\"isPartOf\":{\"@id\":\"https:\\\/\\\/all4camper.com\\\/cs\\\/#website\"},\"primaryImageOfPage\":{\"@id\":\"https:\\\/\\\/all4camper.com\\\/cs\\\/jak-predchazet-chybam-na-dovolene-karavanem\\\/#primaryimage\"},\"image\":{\"@id\":\"https:\\\/\\\/all4camper.com\\\/cs\\\/jak-predchazet-chybam-na-dovolene-karavanem\\\/#primaryimage\"},\"thumbnailUrl\":\"https:\\\/\\\/all4camper.com\\\/wp-content\\\/uploads\\\/2018\\\/03\\\/chybykempovani.jpg\",\"datePublished\":\"2018-03-06T16:01:09+00:00\",\"dateModified\":\"2022-12-13T13:57:44+00:00\",\"description\":\"All4Camper - Jak p\u0159edch\u00e1zet \\\"chyb\u00e1m\\\" na dovolen\u00e9 karavanem\",\"breadcrumb\":{\"@id\":\"https:\\\/\\\/all4camper.com\\\/cs\\\/jak-predchazet-chybam-na-dovolene-karavanem\\\/#breadcrumb\"},\"inLanguage\":\"cs\",\"potentialAction\":[{\"@type\":\"ReadAction\",\"target\":[\"https:\\\/\\\/all4camper.com\\\/cs\\\/jak-predchazet-chybam-na-dovolene-karavanem\\\/\"]}]},{\"@type\":\"ImageObject\",\"inLanguage\":\"cs\",\"@id\":\"https:\\\/\\\/all4camper.com\\\/cs\\\/jak-predchazet-chybam-na-dovolene-karavanem\\\/#primaryimage\",\"url\":\"https:\\\/\\\/all4camper.com\\\/wp-content\\\/uploads\\\/2018\\\/03\\\/chybykempovani.jpg\",\"contentUrl\":\"https:\\\/\\\/all4camper.com\\\/wp-content\\\/uploads\\\/2018\\\/03\\\/chybykempovani.jpg\",\"width\":533,\"height\":400},{\"@type\":\"BreadcrumbList\",\"@id\":\"https:\\\/\\\/all4camper.com\\\/cs\\\/jak-predchazet-chybam-na-dovolene-karavanem\\\/#breadcrumb\",\"itemListElement\":[{\"@type\":\"ListItem\",\"position\":1,\"name\":\"Dom\u016f\",\"item\":\"https:\\\/\\\/all4camper.com\\\/cs\\\/\"},{\"@type\":\"ListItem\",\"position\":2,\"name\":\"Karavanink\",\"item\":\"https:\\\/\\\/all4camper.com\\\/cs\\\/category\\\/karavaning\\\/\"},{\"@type\":\"ListItem\",\"position\":3,\"name\":\"Jak p\u0159edch\u00e1zet &#8222;chyb\u00e1m&#8220; na dovolen\u00e9 karavanem\"}]},{\"@type\":\"WebSite\",\"@id\":\"https:\\\/\\\/all4camper.com\\\/cs\\\/#website\",\"url\":\"https:\\\/\\\/all4camper.com\\\/cs\\\/\",\"name\":\"All4Camper\",\"description\":\"Nejv\u011bt\u0161\u00ed online magaz\u00edn o kempov\u00e1n\u00ed a karavaninku. V\u00edce jak 900 \u010dl\u00e1nk\u016f pln\u00fdch rad a tip\u016f o kempech a kempov\u00e1n\u00ed.\",\"publisher\":{\"@id\":\"https:\\\/\\\/all4camper.com\\\/cs\\\/#organization\"},\"potentialAction\":[{\"@type\":\"SearchAction\",\"target\":{\"@type\":\"EntryPoint\",\"urlTemplate\":\"https:\\\/\\\/all4camper.com\\\/cs\\\/?s={search_term_string}\"},\"query-input\":{\"@type\":\"PropertyValueSpecification\",\"valueRequired\":true,\"valueName\":\"search_term_string\"}}],\"inLanguage\":\"cs\"},{\"@type\":\"Organization\",\"@id\":\"https:\\\/\\\/all4camper.com\\\/cs\\\/#organization\",\"name\":\"All4Camper - kempujeme s Kl\u00e1rou\",\"url\":\"https:\\\/\\\/all4camper.com\\\/cs\\\/\",\"logo\":{\"@type\":\"ImageObject\",\"inLanguage\":\"cs\",\"@id\":\"https:\\\/\\\/all4camper.com\\\/cs\\\/#\\\/schema\\\/logo\\\/image\\\/\",\"url\":\"https:\\\/\\\/all4camper.com\\\/wp-content\\\/uploads\\\/2018\\\/09\\\/novelogo.png\",\"contentUrl\":\"https:\\\/\\\/all4camper.com\\\/wp-content\\\/uploads\\\/2018\\\/09\\\/novelogo.png\",\"width\":1520,\"height\":600,\"caption\":\"All4Camper - kempujeme s Kl\u00e1rou\"},\"image\":{\"@id\":\"https:\\\/\\\/all4camper.com\\\/cs\\\/#\\\/schema\\\/logo\\\/image\\\/\"}},{\"@type\":\"Person\",\"@id\":\"https:\\\/\\\/all4camper.com\\\/cs\\\/#\\\/schema\\\/person\\\/c6f1efdf1d02bc7d8c53a891cbe18c62\",\"name\":\"Kl\u00e1ra H\u00e1jkov\u00e1\",\"sameAs\":[\"http:\\\/\\\/www.all4camper.com\"],\"url\":\"https:\\\/\\\/all4camper.com\\\/cs\\\/author\\\/klarinkacestuje1\\\/\"}]}<\/script>\n<!-- \/ Yoast SEO plugin. -->","yoast_head_json":{"title":"Jak p\u0159edch\u00e1zet \"chyb\u00e1m\" na dovolen\u00e9 karavanem - All4Camper","description":"All4Camper - Jak p\u0159edch\u00e1zet \"chyb\u00e1m\" na dovolen\u00e9 karavanem","robots":{"index":"index","follow":"follow","max-snippet":"max-snippet:-1","max-image-preview":"max-image-preview:large","max-video-preview":"max-video-preview:-1"},"canonical":"https:\/\/all4camper.com\/cs\/jak-predchazet-chybam-na-dovolene-karavanem\/","og_locale":"cs_CZ","og_type":"article","og_title":"Jak p\u0159edch\u00e1zet \"chyb\u00e1m\" na dovolen\u00e9 karavanem - All4Camper","og_description":"All4Camper - Jak p\u0159edch\u00e1zet \"chyb\u00e1m\" na dovolen\u00e9 karavanem","og_url":"https:\/\/all4camper.com\/cs\/jak-predchazet-chybam-na-dovolene-karavanem\/","og_site_name":"All4Camper","article_published_time":"2018-03-06T16:01:09+00:00","article_modified_time":"2022-12-13T13:57:44+00:00","og_image":[{"width":533,"height":400,"url":"https:\/\/all4camper.com\/wp-content\/uploads\/2018\/03\/chybykempovani.jpg","type":"image\/jpeg"}],"author":"Kl\u00e1ra H\u00e1jkov\u00e1","twitter_card":"summary_large_image","twitter_misc":{"Napsal(a)":"Kl\u00e1ra H\u00e1jkov\u00e1","Odhadovan\u00e1 doba \u010dten\u00ed":"12 minut"},"schema":{"@context":"https:\/\/schema.org","@graph":[{"@type":"Article","@id":"https:\/\/all4camper.com\/cs\/jak-predchazet-chybam-na-dovolene-karavanem\/#article","isPartOf":{"@id":"https:\/\/all4camper.com\/cs\/jak-predchazet-chybam-na-dovolene-karavanem\/"},"author":{"name":"Kl\u00e1ra H\u00e1jkov\u00e1","@id":"https:\/\/all4camper.com\/cs\/#\/schema\/person\/c6f1efdf1d02bc7d8c53a891cbe18c62"},"headline":"Jak p\u0159edch\u00e1zet &#8222;chyb\u00e1m&#8220; na dovolen\u00e9 karavanem","datePublished":"2018-03-06T16:01:09+00:00","dateModified":"2022-12-13T13:57:44+00:00","mainEntityOfPage":{"@id":"https:\/\/all4camper.com\/cs\/jak-predchazet-chybam-na-dovolene-karavanem\/"},"wordCount":2447,"publisher":{"@id":"https:\/\/all4camper.com\/cs\/#organization"},"image":{"@id":"https:\/\/all4camper.com\/cs\/jak-predchazet-chybam-na-dovolene-karavanem\/#primaryimage"},"thumbnailUrl":"https:\/\/all4camper.com\/wp-content\/uploads\/2018\/03\/chybykempovani.jpg","keywords":["Rady-tipy-informace","Z\u00e1kladn\u00ed informace"],"articleSection":["Karavanink","Novinky - Kempov\u00e1n\u00ed a karavaning","Rady, tipy, informace"],"inLanguage":"cs"},{"@type":"WebPage","@id":"https:\/\/all4camper.com\/cs\/jak-predchazet-chybam-na-dovolene-karavanem\/","url":"https:\/\/all4camper.com\/cs\/jak-predchazet-chybam-na-dovolene-karavanem\/","name":"Jak p\u0159edch\u00e1zet \"chyb\u00e1m\" na dovolen\u00e9 karavanem - All4Camper","isPartOf":{"@id":"https:\/\/all4camper.com\/cs\/#website"},"primaryImageOfPage":{"@id":"https:\/\/all4camper.com\/cs\/jak-predchazet-chybam-na-dovolene-karavanem\/#primaryimage"},"image":{"@id":"https:\/\/all4camper.com\/cs\/jak-predchazet-chybam-na-dovolene-karavanem\/#primaryimage"},"thumbnailUrl":"https:\/\/all4camper.com\/wp-content\/uploads\/2018\/03\/chybykempovani.jpg","datePublished":"2018-03-06T16:01:09+00:00","dateModified":"2022-12-13T13:57:44+00:00","description":"All4Camper - Jak p\u0159edch\u00e1zet \"chyb\u00e1m\" na dovolen\u00e9 karavanem","breadcrumb":{"@id":"https:\/\/all4camper.com\/cs\/jak-predchazet-chybam-na-dovolene-karavanem\/#breadcrumb"},"inLanguage":"cs","potentialAction":[{"@type":"ReadAction","target":["https:\/\/all4camper.com\/cs\/jak-predchazet-chybam-na-dovolene-karavanem\/"]}]},{"@type":"ImageObject","inLanguage":"cs","@id":"https:\/\/all4camper.com\/cs\/jak-predchazet-chybam-na-dovolene-karavanem\/#primaryimage","url":"https:\/\/all4camper.com\/wp-content\/uploads\/2018\/03\/chybykempovani.jpg","contentUrl":"https:\/\/all4camper.com\/wp-content\/uploads\/2018\/03\/chybykempovani.jpg","width":533,"height":400},{"@type":"BreadcrumbList","@id":"https:\/\/all4camper.com\/cs\/jak-predchazet-chybam-na-dovolene-karavanem\/#breadcrumb","itemListElement":[{"@type":"ListItem","position":1,"name":"Dom\u016f","item":"https:\/\/all4camper.com\/cs\/"},{"@type":"ListItem","position":2,"name":"Karavanink","item":"https:\/\/all4camper.com\/cs\/category\/karavaning\/"},{"@type":"ListItem","position":3,"name":"Jak p\u0159edch\u00e1zet &#8222;chyb\u00e1m&#8220; na dovolen\u00e9 karavanem"}]},{"@type":"WebSite","@id":"https:\/\/all4camper.com\/cs\/#website","url":"https:\/\/all4camper.com\/cs\/","name":"All4Camper","description":"Nejv\u011bt\u0161\u00ed online magaz\u00edn o kempov\u00e1n\u00ed a karavaninku. V\u00edce jak 900 \u010dl\u00e1nk\u016f pln\u00fdch rad a tip\u016f o kempech a kempov\u00e1n\u00ed.","publisher":{"@id":"https:\/\/all4camper.com\/cs\/#organization"},"potentialAction":[{"@type":"SearchAction","target":{"@type":"EntryPoint","urlTemplate":"https:\/\/all4camper.com\/cs\/?s={search_term_string}"},"query-input":{"@type":"PropertyValueSpecification","valueRequired":true,"valueName":"search_term_string"}}],"inLanguage":"cs"},{"@type":"Organization","@id":"https:\/\/all4camper.com\/cs\/#organization","name":"All4Camper - kempujeme s Kl\u00e1rou","url":"https:\/\/all4camper.com\/cs\/","logo":{"@type":"ImageObject","inLanguage":"cs","@id":"https:\/\/all4camper.com\/cs\/#\/schema\/logo\/image\/","url":"https:\/\/all4camper.com\/wp-content\/uploads\/2018\/09\/novelogo.png","contentUrl":"https:\/\/all4camper.com\/wp-content\/uploads\/2018\/09\/novelogo.png","width":1520,"height":600,"caption":"All4Camper - kempujeme s Kl\u00e1rou"},"image":{"@id":"https:\/\/all4camper.com\/cs\/#\/schema\/logo\/image\/"}},{"@type":"Person","@id":"https:\/\/all4camper.com\/cs\/#\/schema\/person\/c6f1efdf1d02bc7d8c53a891cbe18c62","name":"Kl\u00e1ra H\u00e1jkov\u00e1","sameAs":["http:\/\/www.all4camper.com"],"url":"https:\/\/all4camper.com\/cs\/author\/klarinkacestuje1\/"}]}},"_links":{"self":[{"href":"https:\/\/all4camper.com\/cs\/wp-json\/wp\/v2\/posts\/15147","targetHints":{"allow":["GET"]}}],"collection":[{"href":"https:\/\/all4camper.com\/cs\/wp-json\/wp\/v2\/posts"}],"about":[{"href":"https:\/\/all4camper.com\/cs\/wp-json\/wp\/v2\/types\/post"}],"author":[{"embeddable":true,"href":"https:\/\/all4camper.com\/cs\/wp-json\/wp\/v2\/users\/4"}],"replies":[{"embeddable":true,"href":"https:\/\/all4camper.com\/cs\/wp-json\/wp\/v2\/comments?post=15147"}],"version-history":[{"count":0,"href":"https:\/\/all4camper.com\/cs\/wp-json\/wp\/v2\/posts\/15147\/revisions"}],"wp:featuredmedia":[{"embeddable":true,"href":"https:\/\/all4camper.com\/cs\/wp-json\/wp\/v2\/media\/15151"}],"wp:attachment":[{"href":"https:\/\/all4camper.com\/cs\/wp-json\/wp\/v2\/media?parent=15147"}],"wp:term":[{"taxonomy":"category","embeddable":true,"href":"https:\/\/all4camper.com\/cs\/wp-json\/wp\/v2\/categories?post=15147"},{"taxonomy":"post_tag","embeddable":true,"href":"https:\/\/all4camper.com\/cs\/wp-json\/wp\/v2\/tags?post=15147"}],"curies":[{"name":"wp","href":"https:\/\/api.w.org\/{rel}","templated":true}]}}