{"id":15111,"date":"2018-03-06T15:08:21","date_gmt":"2018-03-06T14:08:21","guid":{"rendered":"https:\/\/all4camper.com\/\/?p=15111"},"modified":"2022-12-13T15:00:57","modified_gmt":"2022-12-13T14:00:57","slug":"evropa-prehled-zemi-kempovani-na-divoko","status":"publish","type":"post","link":"https:\/\/all4camper.com\/cs\/evropa-prehled-zemi-kempovani-na-divoko\/","title":{"rendered":"Evropa &#8211; p\u0159ehled zem\u00ed &#8211; kempov\u00e1n\u00ed na divoko"},"content":{"rendered":"<p class=\"text-justify\">Kempov\u00e1n\u00ed na divoko v sob\u011b skr\u00fdv\u00e1 velk\u00e9 dobrodru\u017estv\u00ed a je n\u00e1vykov\u00e9. Snad ka\u017ed\u00fd karavanista, kter\u00fd okusil tento styl dovolen\u00e9, tak n\u011bjak do\u0161el k z\u00e1v\u011bru, \u017ee str\u00e1vit p\u00e1r dn\u00ed tzv. &#8222;mimo civilizaci&#8220; m\u00e1 sv\u00e9 kouzlo.<!--more--><\/p>\n<p><strong>Pro\u010d ale kempovat na &#8222;divoko&#8220;, kdy\u017e je v\u0161ude tolik kemp\u016f a stellplatz\u016f?<\/strong><\/p>\n<p>D\u016fvody mohou b\u00fdt r\u016fzn\u00e9 a rozhodn\u011b tento styl kempov\u00e1n\u00ed nen\u00ed pro v\u0161echny. Ti, kte\u0159\u00ed maj\u00ed r\u00e1di spole\u010dnost, na sv\u00e9 dovolen\u00e9 vy\u017eaduj\u00ed ur\u010ditou m\u00edru luxusu a z\u00e1bavy, budou vyhled\u00e1vat kempy. Je to sice nejdra\u017e\u0161\u00ed forma dovolen\u00e9, ale i ta m\u00e1 sv\u00e9 v\u00fdhody. Nap\u0159\u00edklad v tom, \u017ee o d\u011bti je postar\u00e1no anim\u00e1tory dan\u00e9ho kempu, m\u00e1te tam sv\u00e9 pohodl\u00ed i zaji\u0161t\u011bny soci\u00e1ln\u00ed styky s dal\u0161\u00edmi n\u00e1v\u0161t\u011bvn\u00edky a pokud se v\u00e1m nechce, nemus\u00edte va\u0159it. Sta\u010d\u00ed zaj\u00edt do restaurace.<\/p>\n<p><strong>Jak ale tr\u00e1vit svou dovolenou, kdy\u017e chcete m\u00edt v\u00edce klidu, pro\u017e\u00edt ji v p\u0159\u00edrod\u011b, nebo mimo p\u0159epln\u011bn\u00e9 kempy a je\u0161t\u011b u\u0161et\u0159it finance? \u0158e\u0161en\u00edm je tzv. &#8222;wild camping&#8220;, neboli kempov\u00e1n\u00ed &#8222;na divoko&#8220;.<\/strong><\/p>\n<p>V diskuz\u00edch pod \u010dl\u00e1nky, kter\u00e9 se v\u011bnuj\u00ed t\u00e9matice dovolen\u00e9 s &#8222;karavanem&#8220;, se \u010dasto objevuj\u00ed n\u00e1zory laick\u00e9, &#8222;nekaravanistick\u00e9&#8220;, ve\u0159ejnosti, \u017ee\u00a0<strong>kempov\u00e1n\u00ed mimo kempy je v Evrop\u011b zak\u00e1zan\u00e9<\/strong>, tud\u00ed\u017e nerealizovateln\u00e9 a proto je dovolen\u00e1 karavanem nejdra\u017e\u0161\u00ed formou dovolen\u00e9.\u00a0<strong>Nen\u00ed to ale \u00fapln\u011b tak pravda.<\/strong>\u00a0Za ur\u010dit\u00fdch podm\u00ednek a nebo v ur\u010dit\u00e9 zemi to mo\u017en\u00e9 je.<\/p>\n<p>N\u00ed\u017ee uv\u00e1d\u00edm seznam evropsk\u00fdch st\u00e1t\u016f s informac\u00ed\u00a0<strong>kde a za jak\u00fdch podm\u00ednek je tento styl kempov\u00e1n\u00ed povolen \u010di zak\u00e1z\u00e1n<\/strong>. Je t\u0159eba si uv\u011bdomit, \u017ee kdy\u017e hled\u00e1te ofici\u00e1ln\u00ed informace t\u00fdkaj\u00edc\u00ed se &#8222;wild campingu&#8220; v dan\u00e9 zemi, t\u00fdkaj\u00ed se i kempov\u00e1n\u00ed ve stanech. T\u00edm ob\u010das z\u00edsk\u00e1v\u00e1te ur\u010ditou v\u00fdhodu, nebo\u0165 p\u0159eci jen kempovat se stanem je n\u011bco jin\u00e9ho, ne\u017e kempovat s obytn\u00fdm vozem, kter\u00fd, pokud dodr\u017e\u00edte z\u00e1kladn\u00ed pravidla &#8222;kempov\u00e1n\u00ed na divoko&#8220;, je v\u00edce nen\u00e1padn\u00fd. Hor\u0161\u00ed to je samoz\u0159ejm\u011b s obytn\u00fdmi p\u0159\u00edv\u011bsy.<\/p>\n<p><strong>Pravidla kempov\u00e1n\u00ed na divoko<\/strong><\/p>\n<ul>\n<li>Nikdy po sob\u011b nenech\u00e1vejte \u017e\u00e1dn\u00fd odpad<\/li>\n<li>Nikdy nehlu\u010dte &#8211; ru\u0161\u00edte t\u00edm ostatn\u00ed a naru\u0161ujete no\u010dn\u00ed klid v p\u0159\u00edrod\u011b, nav\u00edc na sebe upozor\u0148ujete.<\/li>\n<li>Parkujte s rozumem &#8211; pokud n\u011bkde zastavujete, v\u017edy se p\u0159esv\u011bd\u010dte, \u017ee nebr\u00e1n\u00edte vjezdu a v\u00fdjezdu jin\u00fdch aut, \u010di obslu\u017en\u00e9 techniky.<\/li>\n<li>Pokud ji\u017e pot\u0159ebujete dob\u00edt baterie, d\u011blejte to v\u017edy p\u0159es den. (elektrocentr\u00e1la, nastartov\u00e1n\u00ed motoru)<\/li>\n<li>Kdy\u017e u\u017e budete pou\u017e\u00edvat elektrocentr\u00e1lu, ujist\u011bte se, \u017ee t\u00edm nebudete NIKOHO ru\u0161it. Jste-li na m\u00edst\u011b, kde by toto riziko hrozilo &#8211; elektrocentr\u00e1lu NEZAP\u00cdNEJTE a je\u010fte rad\u011bji jinam.<\/li>\n<li>Chovejte se slu\u0161n\u011b a pamatujte, \u017ee m\u00edsto, na kter\u00e9m stoj\u00edte, mus\u00ed po va\u0161em odjezdu b\u00fdt VE STEJN\u00c9M STAVU, jako ne\u017e jste ho pou\u017eili.<\/li>\n<\/ul>\n<p><strong>Z\u00e1konn\u00e1 ustanoven\u00ed &#8222;kempov\u00e1n\u00ed na divoko&#8220; v Evrop\u011b<\/strong><br \/>\nVe v\u011bt\u0161in\u011b evropsk\u00fdch zem\u00ed je tento druh kempov\u00e1n\u00ed zak\u00e1z\u00e1n, po\u0159\u00e1d ale jsou zem\u011b, kde je tento zp\u016fsob povolen (za ur\u010dit\u00fdch podm\u00ednek dan\u00e9 zem\u011b).\u00a0<strong>Je tak\u00e9 t\u0159eba rozli\u0161ovat zem\u011b, kde je tento druh kempov\u00e1n\u00ed v\u00fdslovn\u011b zak\u00e1z\u00e1n, ofici\u00e1ln\u011b zak\u00e1z\u00e1n, tolerov\u00e1n a povolen.<\/strong>\u00a0D\u00e1le je t\u0159eba rozli\u0161ovat, zda stoj\u00edte na soukrom\u00e9m (zde neplat\u00ed legislativa, ale pot\u0159ebujete svolen\u00ed majitele pozemku) \u010di na st\u00e1tn\u00edm pozemku.<\/p>\n<p><strong>N\u011bmecko<\/strong><br \/>\n<strong>Wild camping je zde nez\u00e1konn\u00fd.<\/strong>\u00a0To plat\u00ed i pro Rakousko a \u0160v\u00fdcarsko. Pokud tak chcete kempovat,\u00a0<strong>tolerov\u00e1na je jedna noc<\/strong>. Tato v\u00fdjimka ale neplat\u00ed pro p\u0159\u00edrodn\u00ed rezervace atp. S vyta\u017een\u00edm mark\u00fdzy je to v\u017edy na uv\u00e1\u017een\u00ed dan\u00e9ho \u00fa\u0159edn\u00edka, kter\u00fd v\u00e1s na dan\u00e9m m\u00edst\u011b &#8222;objev\u00ed&#8220;.<br \/>\nTento\u00a0<strong>z\u00e1kaz ale neplat\u00ed pro soukrom\u00e9 pozemky<\/strong>, kde n\u011bme\u010dt\u00ed obyvatel\u00e9 jsou k t\u00e9to form\u011b kempov\u00e1n\u00ed tolerantn\u00ed a v\u017edy sta\u010d\u00ed jen &#8222;zaklepat&#8220; na dve\u0159e dan\u00e9ho statku a svolen\u00ed bez probl\u00e9mu z\u00edsk\u00e1te.<\/p>\n<p><strong>Polsko<\/strong><br \/>\n<strong>Polsko je k t\u00e9to form\u011b kempov\u00e1n\u00ed celkem benevolentn\u00ed<\/strong>. Dle zahrani\u010dn\u00edch \u010dl\u00e1nk\u016f, v\u011bnuj\u00edc\u00edm se tomuto t\u00e9matu, nebyla za posledn\u00edch 20 let ud\u011blena jedin\u00e1 pokuta. V t\u00e9to zemi je to tedy\u00a0<strong>tolerov\u00e1no.<\/strong> I zde plat\u00ed pravidla o kempov\u00e1n\u00ed na divoko a rozhodn\u011b byste nem\u011bli kempovat v p\u0159\u00edrodn\u00edch rezervac\u00edch a parc\u00edch. Op\u011bt se doporu\u010duje domluvit se s m\u00edstn\u00edm farm\u00e1\u0159em, kter\u00fd v\u00e1m toto svolen\u00ed zcela jist\u011b d\u00e1.<\/p>\n<p><strong>Francie<\/strong><br \/>\n<strong>Ofici\u00e1ln\u011b je povoleno kempovat na soukrom\u00fdch pozemc\u00edch se souhlasem majitele.<\/strong> I zde majitel\u00e9 nemaj\u00ed probl\u00e9m toto svolen\u00ed v\u00e1m d\u00e1t. Chcete-li kempovat pod\u00e9l pob\u0159e\u017e\u00ed, d\u00e1vejte si velk\u00fd pozor na chr\u00e1n\u011bn\u00e1 \u00fazem\u00ed \u010di pobl\u00ed\u017e pam\u00e1tek, kde je to pochopiteln\u011b zak\u00e1zan\u00e9. <strong>V ostatn\u00edch p\u0159\u00edpadech je to na va\u0161em zv\u00e1\u017een\u00ed.<\/strong>Ur\u010dit\u011b nen\u00ed dobr\u00e9 z\u016fst\u00e1vat na m\u00edst\u011b d\u00e9le ne\u017e dv\u011b noci a je nezbytn\u00e9 se chovat maxim\u00e1ln\u011b nen\u00e1padn\u011b. Na druhou stranu\u00a0<strong>Francouzi kempov\u00e1n\u00ed miluj\u00ed a vy\u0161\u0161\u00ed m\u00edra tolerance v t\u00e9to zemi k t\u00e9to form\u011b kempov\u00e1n\u00ed je.<\/strong>\u00a0P\u0159esto doporu\u010dujeme se domluvit v\u017edy s majitelem pozemku.<\/p>\n<p><strong>Rumunsko<\/strong><br \/>\n<strong>T\u00e9m\u011b\u0159 v\u0161ude v t\u00e9to zemi m\u016f\u017eete kempovat bez obav.<\/strong>\u00a0\u017d\u00e1dn\u00e9 z\u00e1konn\u00e9 ustanoven\u00ed zde nen\u00ed a proto zde nejsou \u017e\u00e1dn\u00e1 omezen\u00ed. Rumunsko m\u00e1 nav\u00edc kr\u00e1snou p\u0159\u00edrodu a je hojn\u011b nav\u0161t\u011bvov\u00e1no turisty pr\u00e1v\u011b za \u00fa\u010delem pozn\u00e1v\u00e1n\u00ed tamn\u00ed p\u0159\u00edrody. Nezapome\u0148te na bezpe\u010dnost, stejn\u011b jako mus\u00edte po\u010d\u00edtat s hor\u0161\u00ed kvalitou silnic a cest v n\u011bkter\u00fdch oblastech. Pokud chcete kempovat na soukrom\u00e9m pozemku &#8211; op\u011bt je nutn\u00e9 m\u00edt svolen\u00ed majitele. Z\u00edskat jej nen\u00ed ani zde probl\u00e9m.<\/p>\n<p><strong>D\u00e1nsko<\/strong><br \/>\n<strong>Ve 40 oblastech je &#8222;kempov\u00e1n\u00ed na divoko&#8220; povoleno.<\/strong> Mimo tyto oblasti je zak\u00e1z\u00e1no a hroz\u00ed v\u00e1m pokuta. Zejm\u00e9na u pl\u00e1\u017e\u00ed. Pro kempov\u00e1n\u00ed vyu\u017e\u00edvejte tedy stellplatz a RV park.<\/p>\n<p><strong>Norsko<\/strong><br \/>\nTato zem\u011b je pro divok\u00e9 kempov\u00e1n\u00ed r\u00e1jem.\u00a0<strong>Neexistuje zde \u017e\u00e1dn\u00e9 omezen\u00ed<\/strong>, mo\u017enost\u00ed a kr\u00e1sn\u00fdch m\u00edst je nespo\u010det a vy si tak m\u016f\u017eete dovolenou v t\u00e9to zemi u\u017e\u00edvat pln\u00fdmi dou\u0161ky.<\/p>\n<p><strong>\u0160v\u00e9dsko<\/strong><br \/>\nI ve \u0160v\u00e9dsku je tento styl kempov\u00e1n\u00ed\u00a0<strong>povolen<\/strong>, mus\u00edte v\u0161ak d\u00e1vat pozor. Kempovat v\u0161ude maj\u00ed povoleno zejm\u00e9na &#8222;stana\u0159i&#8220;. Ostatn\u00ed turist\u00e9 se mus\u00ed p\u0159izp\u016fsobit a vyu\u017e\u00edvat m\u00edsta k tomu ur\u010den\u00e1. Neznamen\u00e1 to ale, \u017ee mus\u00edte do kempu.\u00a0<strong>Sta\u010d\u00ed vyu\u017e\u00edvat t\u00e1bo\u0159i\u0161t\u011b, stellplatz \u010di RV park<\/strong>, kter\u00fdch je po cel\u00e9 zemi velk\u00e9 mno\u017estv\u00ed. Sta\u010d\u00ed zapnout aplikaci, kter\u00e1 je pro hled\u00e1n\u00ed t\u011bchto m\u00edst ur\u010den\u00e1, a b\u011bhem chvilky m\u00e1te pro va\u0161e kempov\u00e1n\u00ed nalezeno kr\u00e1sn\u00e9 m\u00edsto.<\/p>\n<p><strong>\u0160pan\u011blsko<\/strong><br \/>\nZjistit, jak je to ve \u0160pan\u011blsku s touto formou kempov\u00e1n\u00ed nen\u00ed v\u016fbec jednoduch\u00e9. N\u011bkter\u00e9 str\u00e1nky \u0159\u00edkaj\u00ed \u017ee ano, dal\u0161\u00ed \u017ee ano, ale omezen\u011b. Je tedy jen na v\u00e1s, co si z toho vezmete a jak svou dovolenou ve \u0160pan\u011blsku str\u00e1v\u00edte. Z n\u011bkolika diskuz\u00ed jsme vy\u010detla toto:<\/p>\n<p><strong>Zak\u00e1zen\u00e9:<\/strong><br \/>\nAndaluc\u00eda, Arag\u00f3n, Asturias, Extremadura, Valencia<\/p>\n<p><strong>Povolen\u00e9, ale s pravidly<\/strong><br \/>\nCantabria, Murcia, Navarra, La Rioja<\/p>\n<p><strong>Ano, ale v ur\u010den\u00fdch z\u00f3n\u00e1ch<\/strong><br \/>\nCatalu\u00f1a, Madrid, Castilla y Le\u00f3n, Castilla la Manca<\/p>\n<p>V\u00fdhodou \u0160pan\u011blska je op\u011bt skute\u010dnost, \u017ee je zde velk\u00e9 mno\u017estv\u00ed stellplatz\u016f, RV park\u016f i parkovi\u0161\u0165, kde se nocovoat, \u010di tr\u00e1vit den d\u00e1.<\/p>\n<p><strong>Portugalsko<\/strong><br \/>\nStejn\u011b, jako pro \u0160pan\u011blsko, plat\u00ed i pro tuto zemi, \u017ee je t\u011b\u017ek\u00e9 zjistit jak to ve skute\u010dnosti s t\u00edmto kempov\u00e1n\u00edm je (tolerov\u00e1no? podporov\u00e1no? neofici\u00e1ln\u011b povoleno?). N\u011bkter\u00e9 str\u00e1nky, \u010di diskuze se vyjad\u0159uj\u00ed ve smyslu povolen\u00ed a vysok\u00fdch mo\u017enost\u00ed, jin\u00e9 zase opa\u010dn\u011b. A\u0165 je to ve skute\u010dnosti tak \u010di onak, zde bych uplatnila &#8222;pravidla kempov\u00e1n\u00ed na divoko&#8220; a z\u00e1rove\u0148 vyu\u017eila mo\u017enosti z\u00edskat svolen\u00ed na soukrom\u00e9m pozemku. U pl\u00e1\u017e\u00ed a na dal\u0161\u00edch atraktivn\u00edch m\u00edstech bych se \u0159\u00eddila zdrav\u00fdm rozumem a kempovala dle aktu\u00e1ln\u00edho uv\u00e1\u017een\u00ed v dan\u00e9m m\u00edst\u011b \u010di lokalit\u011b. Pravda ale je, \u017ee\u00a0<strong>Portugalsko je hojn\u011b nav\u0161t\u011bvovanou zem\u00ed pro zimn\u00ed m\u011bs\u00edce a je tak\u00e9 zn\u00e1m\u00e9 svou obl\u00edbenost\u00ed karavanist\u016f z cel\u00e9 Evropy. Nav\u00edc, i zde existuje spusta ofici\u00e1ln\u011b povolen\u00fdch m\u00edst mimo kempy, kter\u00e1 naleznete v aplikaci.<\/strong><\/p>\n<p><strong>Ostatn\u00ed zem\u011b<\/strong><br \/>\nVelk\u00fd pozor si d\u00e1vejte ve\u00a0<strong>\u0160v\u00fdcarsku, kde jsou hodn\u011b vysok\u00e9 pokuty<\/strong> a tato forma kempov\u00e1n\u00ed by se hodn\u011b prodra\u017eila. Zde bych rozhodn\u011b &#8222;kempovala&#8220; na p\u0159edem ur\u010den\u00fdch m\u00edstech, kter\u00e1 se op\u011bt dozv\u00edte z aplikace pro tuto formu st\u00e1n\u00ed ur\u010den\u00e9.<br \/>\n<strong>Nizozem\u00ed, Ma\u010farsko, It\u00e1lie, \u0158ecko, Rusko, Chorvatsko, Srbsko<\/strong>\u00a0&#8211; v t\u011bchto zem\u00edch je ofici\u00e1ln\u011b wild camping zak\u00e1z\u00e1n. Pokud pojedete do \u0158ecka v mimo sez\u00f3nn\u00ed dobu (ne \u010dervenec a srpen), bude va\u0161e kempov\u00e1n\u00ed na pl\u00e1\u017ei tolerov\u00e1no. V It\u00e1lii zase nejdete na ka\u017ed\u00e9m m\u00edst\u011b hezk\u00fd stellplatz u pl\u00e1\u017ee, kde za 5-15eur m\u016f\u017eete bez obav st\u00e1t a je\u0161t\u011b ud\u011bl\u00e1te servis na sv\u00e9m obytn\u00e9m voze.<\/p>\n<p><strong>Seznam aplikac\u00ed<\/strong>, kter\u00e9 doporu\u010duji m\u00edt s sebou, kdy\u017e pojedete kempovat &#8222;na divoko&#8220; si m\u016f\u017eete p\u0159e\u010d\u00edst\u00a0<a href=\"\/?p=15115\" target=\"_blank\" rel=\"noopener noreferrer\">ZDE<\/a><\/p>\n<p>Z\u00e1v\u011brem &#8211; a\u0165 u\u017e jedene na svou dovolenou va\u0161\u00edm obytn\u00fdm autem \u010di p\u0159\u00edv\u011bsem, nebo jste si obytn\u00e9 auto \u010di p\u0159\u00edv\u011bs pronajali<strong>, p\u0159eji v\u0161em hezkou cestu a kr\u00e1snou dovolenou mimo kempy!<\/strong><\/p>\n","protected":false},"excerpt":{"rendered":"<p>Kempov\u00e1n\u00ed na divoko v sob\u011b skr\u00fdv\u00e1 velk\u00e9 dobrodru\u017estv\u00ed a je n\u00e1vykov\u00e9. Snad ka\u017ed\u00fd karavanista, kter\u00fd okusil tento styl dovolen\u00e9, tak n\u011bjak do\u0161el k z\u00e1v\u011bru, \u017ee str\u00e1vit p\u00e1r dn\u00ed tzv. &#8222;mimo civilizaci&#8220; m\u00e1 sv\u00e9 kouzlo.<\/p>\n","protected":false},"author":4,"featured_media":15112,"comment_status":"closed","ping_status":"open","sticky":false,"template":"","format":"standard","meta":{"_monsterinsights_skip_tracking":false,"_monsterinsights_sitenote_active":false,"_monsterinsights_sitenote_note":"","_monsterinsights_sitenote_category":0,"footnotes":""},"categories":[422,8209,11224],"tags":[366],"class_list":{"0":"post-15111","1":"post","2":"type-post","3":"status-publish","4":"format-standard","5":"has-post-thumbnail","7":"category-novinky-kempovani-a-karavaning","8":"category-rady-tipy-informace","9":"category-stellplatzy","10":"tag-zakladni-informace"},"yoast_head":"<!-- This site is optimized with the Yoast SEO plugin v27.4 - https:\/\/yoast.com\/product\/yoast-seo-wordpress\/ -->\n<title>Evropa - p\u0159ehled zem\u00ed - kempov\u00e1n\u00ed na divoko - All4Camper<\/title>\n<meta name=\"description\" content=\"All4Camper - Evropa - p\u0159ehled zem\u00ed - kempov\u00e1n\u00ed na divoko\" \/>\n<meta name=\"robots\" content=\"index, follow, max-snippet:-1, max-image-preview:large, max-video-preview:-1\" \/>\n<link rel=\"canonical\" href=\"https:\/\/all4camper.com\/cs\/evropa-prehled-zemi-kempovani-na-divoko\/\" \/>\n<meta property=\"og:locale\" content=\"cs_CZ\" \/>\n<meta property=\"og:type\" content=\"article\" \/>\n<meta property=\"og:title\" content=\"Evropa - p\u0159ehled zem\u00ed - kempov\u00e1n\u00ed na divoko - All4Camper\" \/>\n<meta property=\"og:description\" content=\"All4Camper - Evropa - p\u0159ehled zem\u00ed - kempov\u00e1n\u00ed na divoko\" \/>\n<meta property=\"og:url\" content=\"https:\/\/all4camper.com\/cs\/evropa-prehled-zemi-kempovani-na-divoko\/\" \/>\n<meta property=\"og:site_name\" content=\"All4Camper\" \/>\n<meta property=\"article:published_time\" content=\"2018-03-06T14:08:21+00:00\" \/>\n<meta property=\"article:modified_time\" content=\"2022-12-13T14:00:57+00:00\" \/>\n<meta property=\"og:image\" content=\"https:\/\/all4camper.com\/wp-content\/uploads\/2018\/03\/adult-2693054_1920.jpg\" \/>\n\t<meta property=\"og:image:width\" content=\"600\" \/>\n\t<meta property=\"og:image:height\" content=\"400\" \/>\n\t<meta property=\"og:image:type\" content=\"image\/jpeg\" \/>\n<meta name=\"author\" content=\"Kl\u00e1ra H\u00e1jkov\u00e1\" \/>\n<meta name=\"twitter:card\" content=\"summary_large_image\" \/>\n<meta name=\"twitter:label1\" content=\"Napsal(a)\" \/>\n\t<meta name=\"twitter:data1\" content=\"Kl\u00e1ra H\u00e1jkov\u00e1\" \/>\n\t<meta name=\"twitter:label2\" content=\"Odhadovan\u00e1 doba \u010dten\u00ed\" \/>\n\t<meta name=\"twitter:data2\" content=\"9 minut\" \/>\n<script type=\"application\/ld+json\" class=\"yoast-schema-graph\">{\"@context\":\"https:\\\/\\\/schema.org\",\"@graph\":[{\"@type\":\"Article\",\"@id\":\"https:\\\/\\\/all4camper.com\\\/cs\\\/evropa-prehled-zemi-kempovani-na-divoko\\\/#article\",\"isPartOf\":{\"@id\":\"https:\\\/\\\/all4camper.com\\\/cs\\\/evropa-prehled-zemi-kempovani-na-divoko\\\/\"},\"author\":{\"name\":\"Kl\u00e1ra H\u00e1jkov\u00e1\",\"@id\":\"https:\\\/\\\/all4camper.com\\\/cs\\\/#\\\/schema\\\/person\\\/c6f1efdf1d02bc7d8c53a891cbe18c62\"},\"headline\":\"Evropa &#8211; p\u0159ehled zem\u00ed &#8211; kempov\u00e1n\u00ed na divoko\",\"datePublished\":\"2018-03-06T14:08:21+00:00\",\"dateModified\":\"2022-12-13T14:00:57+00:00\",\"mainEntityOfPage\":{\"@id\":\"https:\\\/\\\/all4camper.com\\\/cs\\\/evropa-prehled-zemi-kempovani-na-divoko\\\/\"},\"wordCount\":1728,\"publisher\":{\"@id\":\"https:\\\/\\\/all4camper.com\\\/cs\\\/#organization\"},\"image\":{\"@id\":\"https:\\\/\\\/all4camper.com\\\/cs\\\/evropa-prehled-zemi-kempovani-na-divoko\\\/#primaryimage\"},\"thumbnailUrl\":\"https:\\\/\\\/all4camper.com\\\/wp-content\\\/uploads\\\/2018\\\/03\\\/adult-2693054_1920.jpg\",\"keywords\":[\"Z\u00e1kladn\u00ed informace\"],\"articleSection\":[\"Novinky - Kempov\u00e1n\u00ed a karavaning\",\"Rady, tipy, informace\",\"Stellplatzy\"],\"inLanguage\":\"cs\"},{\"@type\":\"WebPage\",\"@id\":\"https:\\\/\\\/all4camper.com\\\/cs\\\/evropa-prehled-zemi-kempovani-na-divoko\\\/\",\"url\":\"https:\\\/\\\/all4camper.com\\\/cs\\\/evropa-prehled-zemi-kempovani-na-divoko\\\/\",\"name\":\"Evropa - p\u0159ehled zem\u00ed - kempov\u00e1n\u00ed na divoko - All4Camper\",\"isPartOf\":{\"@id\":\"https:\\\/\\\/all4camper.com\\\/cs\\\/#website\"},\"primaryImageOfPage\":{\"@id\":\"https:\\\/\\\/all4camper.com\\\/cs\\\/evropa-prehled-zemi-kempovani-na-divoko\\\/#primaryimage\"},\"image\":{\"@id\":\"https:\\\/\\\/all4camper.com\\\/cs\\\/evropa-prehled-zemi-kempovani-na-divoko\\\/#primaryimage\"},\"thumbnailUrl\":\"https:\\\/\\\/all4camper.com\\\/wp-content\\\/uploads\\\/2018\\\/03\\\/adult-2693054_1920.jpg\",\"datePublished\":\"2018-03-06T14:08:21+00:00\",\"dateModified\":\"2022-12-13T14:00:57+00:00\",\"description\":\"All4Camper - Evropa - p\u0159ehled zem\u00ed - kempov\u00e1n\u00ed na divoko\",\"breadcrumb\":{\"@id\":\"https:\\\/\\\/all4camper.com\\\/cs\\\/evropa-prehled-zemi-kempovani-na-divoko\\\/#breadcrumb\"},\"inLanguage\":\"cs\",\"potentialAction\":[{\"@type\":\"ReadAction\",\"target\":[\"https:\\\/\\\/all4camper.com\\\/cs\\\/evropa-prehled-zemi-kempovani-na-divoko\\\/\"]}]},{\"@type\":\"ImageObject\",\"inLanguage\":\"cs\",\"@id\":\"https:\\\/\\\/all4camper.com\\\/cs\\\/evropa-prehled-zemi-kempovani-na-divoko\\\/#primaryimage\",\"url\":\"https:\\\/\\\/all4camper.com\\\/wp-content\\\/uploads\\\/2018\\\/03\\\/adult-2693054_1920.jpg\",\"contentUrl\":\"https:\\\/\\\/all4camper.com\\\/wp-content\\\/uploads\\\/2018\\\/03\\\/adult-2693054_1920.jpg\",\"width\":600,\"height\":400},{\"@type\":\"BreadcrumbList\",\"@id\":\"https:\\\/\\\/all4camper.com\\\/cs\\\/evropa-prehled-zemi-kempovani-na-divoko\\\/#breadcrumb\",\"itemListElement\":[{\"@type\":\"ListItem\",\"position\":1,\"name\":\"Dom\u016f\",\"item\":\"https:\\\/\\\/all4camper.com\\\/cs\\\/\"},{\"@type\":\"ListItem\",\"position\":2,\"name\":\"Novinky - Kempov\u00e1n\u00ed a karavaning\",\"item\":\"https:\\\/\\\/all4camper.com\\\/cs\\\/category\\\/novinky-kempovani-a-karavaning\\\/\"},{\"@type\":\"ListItem\",\"position\":3,\"name\":\"Evropa &#8211; p\u0159ehled zem\u00ed &#8211; kempov\u00e1n\u00ed na divoko\"}]},{\"@type\":\"WebSite\",\"@id\":\"https:\\\/\\\/all4camper.com\\\/cs\\\/#website\",\"url\":\"https:\\\/\\\/all4camper.com\\\/cs\\\/\",\"name\":\"All4Camper\",\"description\":\"Nejv\u011bt\u0161\u00ed online magaz\u00edn o kempov\u00e1n\u00ed a karavaninku. V\u00edce jak 900 \u010dl\u00e1nk\u016f pln\u00fdch rad a tip\u016f o kempech a kempov\u00e1n\u00ed.\",\"publisher\":{\"@id\":\"https:\\\/\\\/all4camper.com\\\/cs\\\/#organization\"},\"potentialAction\":[{\"@type\":\"SearchAction\",\"target\":{\"@type\":\"EntryPoint\",\"urlTemplate\":\"https:\\\/\\\/all4camper.com\\\/cs\\\/?s={search_term_string}\"},\"query-input\":{\"@type\":\"PropertyValueSpecification\",\"valueRequired\":true,\"valueName\":\"search_term_string\"}}],\"inLanguage\":\"cs\"},{\"@type\":\"Organization\",\"@id\":\"https:\\\/\\\/all4camper.com\\\/cs\\\/#organization\",\"name\":\"All4Camper - kempujeme s Kl\u00e1rou\",\"url\":\"https:\\\/\\\/all4camper.com\\\/cs\\\/\",\"logo\":{\"@type\":\"ImageObject\",\"inLanguage\":\"cs\",\"@id\":\"https:\\\/\\\/all4camper.com\\\/cs\\\/#\\\/schema\\\/logo\\\/image\\\/\",\"url\":\"https:\\\/\\\/all4camper.com\\\/wp-content\\\/uploads\\\/2018\\\/09\\\/novelogo.png\",\"contentUrl\":\"https:\\\/\\\/all4camper.com\\\/wp-content\\\/uploads\\\/2018\\\/09\\\/novelogo.png\",\"width\":1520,\"height\":600,\"caption\":\"All4Camper - kempujeme s Kl\u00e1rou\"},\"image\":{\"@id\":\"https:\\\/\\\/all4camper.com\\\/cs\\\/#\\\/schema\\\/logo\\\/image\\\/\"}},{\"@type\":\"Person\",\"@id\":\"https:\\\/\\\/all4camper.com\\\/cs\\\/#\\\/schema\\\/person\\\/c6f1efdf1d02bc7d8c53a891cbe18c62\",\"name\":\"Kl\u00e1ra H\u00e1jkov\u00e1\",\"sameAs\":[\"http:\\\/\\\/www.all4camper.com\"],\"url\":\"https:\\\/\\\/all4camper.com\\\/cs\\\/author\\\/klarinkacestuje1\\\/\"}]}<\/script>\n<!-- \/ Yoast SEO plugin. -->","yoast_head_json":{"title":"Evropa - p\u0159ehled zem\u00ed - kempov\u00e1n\u00ed na divoko - All4Camper","description":"All4Camper - Evropa - p\u0159ehled zem\u00ed - kempov\u00e1n\u00ed na divoko","robots":{"index":"index","follow":"follow","max-snippet":"max-snippet:-1","max-image-preview":"max-image-preview:large","max-video-preview":"max-video-preview:-1"},"canonical":"https:\/\/all4camper.com\/cs\/evropa-prehled-zemi-kempovani-na-divoko\/","og_locale":"cs_CZ","og_type":"article","og_title":"Evropa - p\u0159ehled zem\u00ed - kempov\u00e1n\u00ed na divoko - All4Camper","og_description":"All4Camper - Evropa - p\u0159ehled zem\u00ed - kempov\u00e1n\u00ed na divoko","og_url":"https:\/\/all4camper.com\/cs\/evropa-prehled-zemi-kempovani-na-divoko\/","og_site_name":"All4Camper","article_published_time":"2018-03-06T14:08:21+00:00","article_modified_time":"2022-12-13T14:00:57+00:00","og_image":[{"width":600,"height":400,"url":"https:\/\/all4camper.com\/wp-content\/uploads\/2018\/03\/adult-2693054_1920.jpg","type":"image\/jpeg"}],"author":"Kl\u00e1ra H\u00e1jkov\u00e1","twitter_card":"summary_large_image","twitter_misc":{"Napsal(a)":"Kl\u00e1ra H\u00e1jkov\u00e1","Odhadovan\u00e1 doba \u010dten\u00ed":"9 minut"},"schema":{"@context":"https:\/\/schema.org","@graph":[{"@type":"Article","@id":"https:\/\/all4camper.com\/cs\/evropa-prehled-zemi-kempovani-na-divoko\/#article","isPartOf":{"@id":"https:\/\/all4camper.com\/cs\/evropa-prehled-zemi-kempovani-na-divoko\/"},"author":{"name":"Kl\u00e1ra H\u00e1jkov\u00e1","@id":"https:\/\/all4camper.com\/cs\/#\/schema\/person\/c6f1efdf1d02bc7d8c53a891cbe18c62"},"headline":"Evropa &#8211; p\u0159ehled zem\u00ed &#8211; kempov\u00e1n\u00ed na divoko","datePublished":"2018-03-06T14:08:21+00:00","dateModified":"2022-12-13T14:00:57+00:00","mainEntityOfPage":{"@id":"https:\/\/all4camper.com\/cs\/evropa-prehled-zemi-kempovani-na-divoko\/"},"wordCount":1728,"publisher":{"@id":"https:\/\/all4camper.com\/cs\/#organization"},"image":{"@id":"https:\/\/all4camper.com\/cs\/evropa-prehled-zemi-kempovani-na-divoko\/#primaryimage"},"thumbnailUrl":"https:\/\/all4camper.com\/wp-content\/uploads\/2018\/03\/adult-2693054_1920.jpg","keywords":["Z\u00e1kladn\u00ed informace"],"articleSection":["Novinky - Kempov\u00e1n\u00ed a karavaning","Rady, tipy, informace","Stellplatzy"],"inLanguage":"cs"},{"@type":"WebPage","@id":"https:\/\/all4camper.com\/cs\/evropa-prehled-zemi-kempovani-na-divoko\/","url":"https:\/\/all4camper.com\/cs\/evropa-prehled-zemi-kempovani-na-divoko\/","name":"Evropa - p\u0159ehled zem\u00ed - kempov\u00e1n\u00ed na divoko - All4Camper","isPartOf":{"@id":"https:\/\/all4camper.com\/cs\/#website"},"primaryImageOfPage":{"@id":"https:\/\/all4camper.com\/cs\/evropa-prehled-zemi-kempovani-na-divoko\/#primaryimage"},"image":{"@id":"https:\/\/all4camper.com\/cs\/evropa-prehled-zemi-kempovani-na-divoko\/#primaryimage"},"thumbnailUrl":"https:\/\/all4camper.com\/wp-content\/uploads\/2018\/03\/adult-2693054_1920.jpg","datePublished":"2018-03-06T14:08:21+00:00","dateModified":"2022-12-13T14:00:57+00:00","description":"All4Camper - Evropa - p\u0159ehled zem\u00ed - kempov\u00e1n\u00ed na divoko","breadcrumb":{"@id":"https:\/\/all4camper.com\/cs\/evropa-prehled-zemi-kempovani-na-divoko\/#breadcrumb"},"inLanguage":"cs","potentialAction":[{"@type":"ReadAction","target":["https:\/\/all4camper.com\/cs\/evropa-prehled-zemi-kempovani-na-divoko\/"]}]},{"@type":"ImageObject","inLanguage":"cs","@id":"https:\/\/all4camper.com\/cs\/evropa-prehled-zemi-kempovani-na-divoko\/#primaryimage","url":"https:\/\/all4camper.com\/wp-content\/uploads\/2018\/03\/adult-2693054_1920.jpg","contentUrl":"https:\/\/all4camper.com\/wp-content\/uploads\/2018\/03\/adult-2693054_1920.jpg","width":600,"height":400},{"@type":"BreadcrumbList","@id":"https:\/\/all4camper.com\/cs\/evropa-prehled-zemi-kempovani-na-divoko\/#breadcrumb","itemListElement":[{"@type":"ListItem","position":1,"name":"Dom\u016f","item":"https:\/\/all4camper.com\/cs\/"},{"@type":"ListItem","position":2,"name":"Novinky - Kempov\u00e1n\u00ed a karavaning","item":"https:\/\/all4camper.com\/cs\/category\/novinky-kempovani-a-karavaning\/"},{"@type":"ListItem","position":3,"name":"Evropa &#8211; p\u0159ehled zem\u00ed &#8211; kempov\u00e1n\u00ed na divoko"}]},{"@type":"WebSite","@id":"https:\/\/all4camper.com\/cs\/#website","url":"https:\/\/all4camper.com\/cs\/","name":"All4Camper","description":"Nejv\u011bt\u0161\u00ed online magaz\u00edn o kempov\u00e1n\u00ed a karavaninku. V\u00edce jak 900 \u010dl\u00e1nk\u016f pln\u00fdch rad a tip\u016f o kempech a kempov\u00e1n\u00ed.","publisher":{"@id":"https:\/\/all4camper.com\/cs\/#organization"},"potentialAction":[{"@type":"SearchAction","target":{"@type":"EntryPoint","urlTemplate":"https:\/\/all4camper.com\/cs\/?s={search_term_string}"},"query-input":{"@type":"PropertyValueSpecification","valueRequired":true,"valueName":"search_term_string"}}],"inLanguage":"cs"},{"@type":"Organization","@id":"https:\/\/all4camper.com\/cs\/#organization","name":"All4Camper - kempujeme s Kl\u00e1rou","url":"https:\/\/all4camper.com\/cs\/","logo":{"@type":"ImageObject","inLanguage":"cs","@id":"https:\/\/all4camper.com\/cs\/#\/schema\/logo\/image\/","url":"https:\/\/all4camper.com\/wp-content\/uploads\/2018\/09\/novelogo.png","contentUrl":"https:\/\/all4camper.com\/wp-content\/uploads\/2018\/09\/novelogo.png","width":1520,"height":600,"caption":"All4Camper - kempujeme s Kl\u00e1rou"},"image":{"@id":"https:\/\/all4camper.com\/cs\/#\/schema\/logo\/image\/"}},{"@type":"Person","@id":"https:\/\/all4camper.com\/cs\/#\/schema\/person\/c6f1efdf1d02bc7d8c53a891cbe18c62","name":"Kl\u00e1ra H\u00e1jkov\u00e1","sameAs":["http:\/\/www.all4camper.com"],"url":"https:\/\/all4camper.com\/cs\/author\/klarinkacestuje1\/"}]}},"_links":{"self":[{"href":"https:\/\/all4camper.com\/cs\/wp-json\/wp\/v2\/posts\/15111","targetHints":{"allow":["GET"]}}],"collection":[{"href":"https:\/\/all4camper.com\/cs\/wp-json\/wp\/v2\/posts"}],"about":[{"href":"https:\/\/all4camper.com\/cs\/wp-json\/wp\/v2\/types\/post"}],"author":[{"embeddable":true,"href":"https:\/\/all4camper.com\/cs\/wp-json\/wp\/v2\/users\/4"}],"replies":[{"embeddable":true,"href":"https:\/\/all4camper.com\/cs\/wp-json\/wp\/v2\/comments?post=15111"}],"version-history":[{"count":0,"href":"https:\/\/all4camper.com\/cs\/wp-json\/wp\/v2\/posts\/15111\/revisions"}],"wp:featuredmedia":[{"embeddable":true,"href":"https:\/\/all4camper.com\/cs\/wp-json\/wp\/v2\/media\/15112"}],"wp:attachment":[{"href":"https:\/\/all4camper.com\/cs\/wp-json\/wp\/v2\/media?parent=15111"}],"wp:term":[{"taxonomy":"category","embeddable":true,"href":"https:\/\/all4camper.com\/cs\/wp-json\/wp\/v2\/categories?post=15111"},{"taxonomy":"post_tag","embeddable":true,"href":"https:\/\/all4camper.com\/cs\/wp-json\/wp\/v2\/tags?post=15111"}],"curies":[{"name":"wp","href":"https:\/\/api.w.org\/{rel}","templated":true}]}}