{"id":15089,"date":"2018-03-06T13:56:29","date_gmt":"2018-03-06T12:56:29","guid":{"rendered":"https:\/\/all4camper.com\/\/?p=15089"},"modified":"2021-04-12T06:04:52","modified_gmt":"2021-04-12T04:04:52","slug":"nez-si-pujcim-obytne-auto-rady-a-tipy","status":"publish","type":"post","link":"https:\/\/all4camper.com\/cs\/nez-si-pujcim-obytne-auto-rady-a-tipy\/","title":{"rendered":"Ne\u017e si p\u016fj\u010d\u00edm obytn\u00e9 auto &#8211; rady a tipy"},"content":{"rendered":"<p>Ne\u017e se rozhodnete pro pron\u00e1jem obytn\u00e9ho vozu, nebo p\u0159\u00edv\u011bsu, m\u011bli byste si polo\u017eit t\u011bchto p\u00e1r z\u00e1kladn\u00edch informac\u00ed, kter\u00e9 v\u00e1m pomohou p\u0159i va\u0161em rozhodov\u00e1n\u00ed.<!--more--><\/p>\n<h3><strong>1. Kam chci s\u00a0obytn\u00fdm vozem jet \u2013 jak\u00e1 je c\u00edlov\u00e1 destinace<\/strong><\/h3>\n<p>Je mnoho zem\u00ed, kam m\u016f\u017eete jet, ale je tak\u00e9 mnoho zem\u00ed, kter\u00e9 maj\u00ed sv\u00e1 omezen\u00ed. Proto byste si tuto ot\u00e1zku m\u011bli polo\u017eit je\u0161t\u011b d\u0159\u00edve, ne\u017e provedete v\u00fdb\u011br obytn\u00e9ho vozu, nebo\u0165 v\u00fdb\u011br typu a v\u00fdbavy s t\u00edmto rozhodnut\u00edm souvis\u00ed.<\/p>\n<p>Pokud chcete kempovat na divoko (tzn. mimo kempy), zam\u011b\u0159te se na hled\u00e1n\u00ed c\u00edlov\u00fdch destinac\u00ed v\u00a0zem\u00edch, kde to lze. V\u00a0m\u00e9m p\u0159ede\u0161l\u00e9m p\u0159\u00edsp\u011bvku \u201e<a href=\"\/?p=15111\" target=\"_blank\" rel=\"noopener noreferrer\"><strong>Kempov\u00e1n\u00ed na divoko v\u00a0Evrop\u011b<\/strong><\/a>\u201c naleznete z\u00e1kladn\u00ed soupis zem\u00ed s\u00a0informacemi, kde to lze a kde ne.<\/p>\n<p>Pokud chcete nav\u0161t\u00edvit kemp, doporu\u010duji si jej dop\u0159edu rezervovat. Zejm\u00e9na v\u00a0letn\u00ed sezon\u011b jsou atraktivn\u00ed kempy obsazeny.<\/p>\n<p>Tak\u00e9 m\u016f\u017eete hledat kompromis, tzn. b\u011bhem va\u0161eho cestov\u00e1n\u00ed m\u011bnit destinace \u2013 na to je nejlep\u0161\u00ed m\u00edt s sebou <strong>sta\u017eenu aplikaci, kter\u00e1 v\u00e1m v\u017edy \u0159ekne, jak\u00e9 jsou mo\u017enosti \u201ekaravanov\u00e9ho\u201c st\u00e1n\u00ed pobl\u00ed\u017e v\u00e1s. <\/strong>Karavanist\u00e9 nej\u010dast\u011bji pou\u017e\u00edvaj\u00ed nap\u0159\u00edklad aplikace\u00a0<strong>Campercontact, nebo park4nigth<\/strong>. V\u00fdhodou t\u011bchto aplikac\u00ed je mo\u017enost jejich sta\u017een\u00ed (za m\u00edrn\u00fd poplatek) do mobilu a v\u00a0zahrani\u010d\u00ed ji\u017e tak nepot\u0159ebujete pro jejich pou\u017eit\u00ed data.<\/p>\n<p><strong>Jak se tyto aplikace pou\u017e\u00edvaj\u00ed:<\/strong><\/p>\n<p>Kdykoliv budete pot\u0159ebovat naj\u00edt m\u00edsto pro va\u0161e nocov\u00e1n\u00ed, nebo kr\u00e1tkodob\u00e9 st\u00e1n\u00ed (do 3 dn\u016f), aplikaci si zapnete a ona, po zji\u0161t\u011bn\u00ed va\u0161\u00ed polohy, nab\u00eddne nejbli\u017e\u0161\u00ed atraktivn\u00ed m\u00edsta ke st\u00e1n\u00ed a nocov\u00e1n\u00ed. M\u016f\u017eete si samoz\u0159ejm\u011b navolit \u00a0po\u017eadavky na dan\u00e9 m\u00edsto (nap\u0159. pokud pot\u0159ebujete doplnit vodu, nebo celkov\u011b ud\u011blat \u201eservis\u201c (vyl\u00edt wc atp.)). V\u00fdsledky se zobraz\u00ed dle vzd\u00e1lenosti od va\u0161\u00ed aktu\u00e1ln\u00ed polohy v\u010detn\u011b obr\u00e1zku a popisu, jak to na dan\u00e9m m\u00edst\u011b vypad\u00e1.<\/p>\n<p>Aplikace v\u00e1m nab\u00eddne r\u016fzn\u00e9 typy karavanov\u00fdch st\u00e1n\u00ed. Pro orientaci, co znamen\u00e1 jak\u00fd typ st\u00e1n\u00ed, doporu\u010duji p\u0159e\u010d\u00edst m\u016fj dal\u0161\u00ed p\u0159\u00edsp\u011bvek, kter\u00fd se v\u011bnuje vysv\u011btlen\u00ed jednotliv\u00fdch pojm\u016f &#8222;<a href=\"\/?p=15119\" target=\"_blank\" rel=\"noopener noreferrer\">Z\u00e1kladn\u00ed slovn\u00ed pojmy pro karavanov\u00e1 st\u00e1n\u00ed<\/a>&#8220;<\/p>\n<h3><strong>2. Slo\u017een\u00ed \u201epos\u00e1dky\u201c a v\u00fdb\u011br typu obytn\u00e9ho vozu<\/strong><\/h3>\n<p>Dal\u0161\u00ed d\u016fle\u017eitou ot\u00e1zkou je kolik s\u00e1s pojede a jak\u00e9 bude slo\u017een\u00ed \u201epos\u00e1dky\u201c. Pokud toti\u017e pojedete s d\u011btmi, jsou va\u0161e n\u00e1roky na typ obytn\u00e9ho vozu jin\u00e9, ne\u017e kdy\u017e pojedete sami, nebo s dal\u0161\u00edmi dosp\u011bl\u00fdmi osobami.<\/p>\n<p><strong>Dovolen\u00e1 s\u00a0d\u011btmi:<\/strong><\/p>\n<p>jsou-li d\u011bti men\u0161\u00ed, budete pot\u0159ebovat v\u00edce prostoru a volnosti, ne\u017e kdy\u017e pojedete se star\u0161\u00edmi d\u011btmi. J\u00e1 obecn\u011b doporu\u010duji rodin\u00e1m s\u00a0d\u011btmi zap\u016fj\u010den\u00ed obytn\u00e9ho vozu typ\u00a0<strong>Alkovna<\/strong>.<\/p>\n<p>Vejde se do n\u011bj v\u00edce, osob, m\u00e1te vy\u0161\u0161\u00ed mo\u017enosti odkl\u00e1dac\u00edho prostoru (nap\u0159\u00edklad pr\u00e1v\u011b do prostoru alkovny \u2013 span\u00ed nad kabinou) a v\u00a0pr\u016fb\u011bhu j\u00edzdy je tak\u00e9 vy\u0161\u0161\u00ed komfort v\u00a0sezen\u00ed v\u00a0obytn\u00e9 \u010d\u00e1sti.\u00a0<strong>Rozhodn\u011b ned\u00e1vejte b\u011bhem j\u00edzdy sp\u00e1t d\u011bti ani do alkovn ani do zadn\u00ed \u010d\u00e1sti obytn\u00e9ho auta.<\/strong><\/p>\n<p>Dal\u0161\u00ed v\u00fdhodou alkovny je fakt, \u017ee ji\u017e nemus\u00edte slo\u017eit\u011b p\u0159ipravovat span\u00ed (stahovat postel) a sni\u017eovat si tak komfort pohybu v\u00a0obytn\u00e9m aut\u011b po p\u0159\u00edprav\u011b na ve\u010dern\u00ed ulehnut\u00ed.<\/p>\n<p><strong>Volba rozlo\u017een\u00ed postel\u00ed v alkovn\u011b:<\/strong><\/p>\n<p>Pokud zva\u017eujete si p\u016fj\u010dit alkovnou, budete m\u00edt na v\u00fdb\u011br z\u00a0n\u011bkolika mo\u017enost\u00ed. <strong>Ty nejz\u00e1kladn\u011bj\u0161\u00ed se t\u00fdkaj\u00ed span\u00ed v\u00a0zadn\u00ed obytn\u00e9 \u010d\u00e1sti.<\/strong> M\u016f\u017eete zvolit \u201evelkou\u201c postel, nebo palandy. Oboje m\u00e1 svou p\u0159idanou hodnotu. Zvol\u00edte-li v\u011bt\u0161\u00ed postel, gar\u00e1\u017e v\u00a0obytn\u00e9m aut\u011b bude tak\u00e9 v\u011bt\u0161\u00ed. Pokud palandy, samoz\u0159ejm\u011b je to na \u00fakor gar\u00e1\u017ee. Z\u00e1le\u017e\u00ed tedy i na tom, co s\u00a0sebou vezete.<\/p>\n<p>Nem\u00e1-li v\u016fz nosi\u010d na kola, ale vy je s\u00a0sebou povezete, volte v\u017edy v\u011bt\u0161\u00ed zadn\u00ed postel. Pokud nosi\u010d m\u00e1, m\u00e1te v\u011bt\u0161\u00ed mo\u017enost v\u00fdb\u011bru. &#8222;Palandov\u00fd&#8220; typ uspo\u0159\u00e1d\u00e1n\u00ed m\u00e1 sice men\u0161\u00ed gar\u00e1\u017e, ale v\u00a0pr\u016fb\u011bhu j\u00edzdy i dne m\u016f\u017eete vyu\u017e\u00edt prostor na paland\u00e1ch na odkl\u00e1d\u00e1n\u00ed nepot\u0159ebn\u00fdch v\u011bc\u00ed, kter\u00e9 v\u0161ak m\u00e1te ihned po ruce a nemus\u00edte t\u00edm p\u00e1dem do gar\u00e1\u017ee. Zde opravdu z\u00e1le\u017e\u00ed jen na tom, co s\u00a0sebou povezete.<\/p>\n<p>Pojede-li v\u00e1s v\u00edce a pl\u00e1nujete vyu\u017e\u00edt span\u00ed na rozlo\u017een\u00e9 posteli (rozkl\u00e1dac\u00ed st\u016fl), po\u010d\u00edtejte s t\u00edm, \u017ee d\u00e9lka postele je v\u017edy krat\u0161\u00ed. Pro dosp\u011bl\u00e9ho \u010dlov\u011bka je toto span\u00ed velice nepohodln\u00e9.<\/p>\n<p><strong>Alkovna<\/strong> je obyt\u0148\u00e1k, kter\u00fd lze kdykoliv pou\u017e\u00edvat \u201eas is\u201c ( nemus\u00edte ji\u017e d\u011blat cokoliv jin\u00e9ho). Nev\u00fdhodou z\u016fst\u00e1v\u00e1 fakt, \u017ee b\u011bhem j\u00edzdy mus\u00edte hl\u00eddat v\u00fd\u0161ku!!. To znamen\u00e1 d\u00e1vat pozor na stromy na vedlej\u0161\u00edch silnic\u00edch a samoz\u0159ejm\u011b hl\u00eddat mosty! Nebojte, v\u011bt\u0161inou most\u016f projedete, nebo\u0165 jsou d\u011bl\u00e1ny tak, aby jimi podjel autobus. Proto nemus\u00edte pou\u017e\u00edvat ani speci\u00e1ln\u00ed navigaci. Ta by v\u00e1m zbyte\u010dn\u011b p\u0159id\u00e1vala kilometry.<\/p>\n<p><img loading=\"lazy\" decoding=\"async\" class=\"size-full wp-image-15091 aligncenter\" src=\"https:\/\/all4camper.com\/\/wp-content\/uploads\/2018\/03\/DSC00008.jpg\" alt=\"\" width=\"711\" height=\"400\" srcset=\"https:\/\/all4camper.com\/wp-content\/uploads\/2018\/03\/DSC00008.jpg 711w, https:\/\/all4camper.com\/wp-content\/uploads\/2018\/03\/DSC00008-150x84.jpg 150w, https:\/\/all4camper.com\/wp-content\/uploads\/2018\/03\/DSC00008-300x169.jpg 300w, https:\/\/all4camper.com\/wp-content\/uploads\/2018\/03\/DSC00008-200x113.jpg 200w, https:\/\/all4camper.com\/wp-content\/uploads\/2018\/03\/DSC00008-400x225.jpg 400w, https:\/\/all4camper.com\/wp-content\/uploads\/2018\/03\/DSC00008-600x338.jpg 600w, https:\/\/all4camper.com\/wp-content\/uploads\/2018\/03\/DSC00008-678x381.jpg 678w\" sizes=\"auto, (max-width: 711px) 100vw, 711px\" \/><\/p>\n<p>Dal\u0161\u00ed mo\u017enost\u00ed volby je\u00a0<strong>polointegrovan\u00e9 obytn\u00e9 auto<\/strong>.<\/p>\n<p><strong>Tento typ je druh\u00fd nejv\u00edce nab\u00edzen\u00fd p\u016fj\u010dovnami.<\/strong> V\u00fdhodou je, \u017ee m\u016f\u017eete jet rychleji (a\u017e o 20km\/hod ne\u017e v\u00a0alkovn\u011b), ale i tento typ m\u00e1 sv\u00e1 omezen\u00ed. Nen\u00ed ji\u017e tak prostorn\u00e9, p\u0159i obsazen\u00ed v\u00edce jak dv\u011bma osobami se sni\u017euje komfort ob\u00fdv\u00e1n\u00ed obytn\u00e9 \u010d\u00e1sti a proto pro pohodlnou dovolenou s\u00a0d\u011btmi, z\u00a0m\u00e9ho pohledu, nen\u00ed \u00fapln\u011b ide\u00e1ln\u00ed. Naopak je vhodn\u00e9 pro dosp\u011blou pos\u00e1dku.<\/p>\n<p>Span\u00ed v tomto typu obytn\u00e9ho vozu, pokud je v\u00e1\u0161 po\u010det v\u00edce ne\u017e dv\u011b osoby, bude na \u00fakor obytn\u00e9ho prostoru a velice \u010dasto v\u00e1m no\u010dn\u00ed uspo\u0159\u00e1d\u00e1n\u00ed tohoto vozu br\u00e1n\u00ed ve vych\u00e1zen\u00ed ven. Kdy\u017e toti\u017e st\u00e1hnete p\u0159edn\u00ed postel, \u010dasto (nen\u00ed pravidlem) zasahuje do dve\u0159\u00ed. Vy jste tak \u201ev\u011bzn\u011bni\u201c uvnit\u0159 a pokud byste pot\u0159ebovali z jak\u00e9hokoliv d\u016fvodu vyj\u00edt ven, je t\u0159eba postel op\u011btovn\u011b vyt\u00e1hnout nahoru.<\/p>\n<p><img loading=\"lazy\" decoding=\"async\" class=\"aligncenter wp-image-15094 size-full\" src=\"https:\/\/all4camper.com\/\/wp-content\/uploads\/2018\/03\/DSC_5058-e1520341430856.jpg\" alt=\"\" width=\"600\" height=\"330\" srcset=\"https:\/\/all4camper.com\/wp-content\/uploads\/2018\/03\/DSC_5058-e1520341430856.jpg 600w, https:\/\/all4camper.com\/wp-content\/uploads\/2018\/03\/DSC_5058-e1520341430856-150x83.jpg 150w, https:\/\/all4camper.com\/wp-content\/uploads\/2018\/03\/DSC_5058-e1520341430856-300x165.jpg 300w, https:\/\/all4camper.com\/wp-content\/uploads\/2018\/03\/DSC_5058-e1520341430856-200x110.jpg 200w, https:\/\/all4camper.com\/wp-content\/uploads\/2018\/03\/DSC_5058-e1520341430856-400x220.jpg 400w\" sizes=\"auto, (max-width: 600px) 100vw, 600px\" \/><\/p>\n<p><strong>Posledn\u00ed dva typy voz\u016f jsou vestavba a integrovan\u00e9 obytn\u00e9 auto.<\/strong><\/p>\n<p>Pro detailn\u00ed vysv\u011btlen\u00ed, co znamen\u00e1 jak\u00fd typ obytn\u00e9ho vozu, doporu\u010duji p\u0159e\u010d\u00edst p\u0159\u00edsp\u011bvek \u201e<a href=\"\/?p=58363\" target=\"_blank\" rel=\"noopener noreferrer\">\u00a0Co je Alkovna, Integrovan\u00e9 a Polointegrovan\u00e9 vozidlo aVestavba&#8220;.<\/a><\/p>\n<h3><strong>3. Vybaven\u00ed obytn\u00e9ho vozu<\/strong><\/h3>\n<p>Ji\u017e m\u00e1te vybr\u00e1nu c\u00edlovou destinaci, ujasnili jste si, jak\u00fd typ vozu je pro v\u00e1s vhodn\u00fd a je tedy t\u0159eba p\u0159em\u00fd\u0161let nad po\u017eadovanou v\u00fdbavou.<\/p>\n<p>D\u00edky c\u00edlov\u00e9 destinaci ji\u017e v\u00edte, zda budete\/nebudete pot\u0159ebovat sol\u00e1rn\u00ed panely, roz\u0161\u00ed\u0159en\u00e9 baterie v\u00a0obytn\u00e9 \u010d\u00e1sti, m\u011bni\u010d na 220V, nosi\u010d na kola, nebo ta\u017en\u00e9 za\u0159\u00edzen\u00ed, objem lednice i vodn\u00ed n\u00e1dr\u017ee atp. Pamatujte, \u017ee \u010d\u00edm l\u00e9pe je vozidlo vybaveno a z\u00a0\u010d\u00edm vy\u0161\u0161\u00ed je \u201et\u0159\u00eddy\u201c, t\u00edm m\u016f\u017ee stoupat i jeho cena. Proto opravdu pe\u010dliv\u011b zva\u017eujte, co v\u0161e budete\/nebudete pot\u0159ebovat.<\/p>\n<p>Rozhodn\u011b se zam\u011b\u0159te na d\u00e1lni\u010dn\u00ed zn\u00e1mky. N\u011bkter\u00e9 p\u016fj\u010dovny nab\u00edzej\u00ed vozy i se zahrani\u010dn\u00edmi d\u00e1lni\u010dn\u00edmi zn\u00e1mkami (nej\u010dast\u011bji Rakousko), \u010desk\u00e1 d\u00e1lni\u010dn\u00ed zn\u00e1mka b\u00fdv\u00e1 ji\u017e standardem.<\/p>\n<p><strong>Tak\u00e9 se zam\u011b\u0159te na poji\u0161t\u011bn\u00ed a do n\u011bj zahrnut\u00e9 servisn\u00ed slu\u017eby.<\/strong>\u00a0Mo\u017en\u00e1 to cenu pron\u00e1jmu trochu zv\u00fd\u0161\u00ed, ale vy tak budete m\u00edt jistotu, \u017ee kdyby se n\u011bco stalo, odta\u017een\u00ed obytn\u00e9ho vozu, nebo rychl\u00e9 p\u0159istaven\u00ed jin\u00e9ho, m\u00e1te zaji\u0161t\u011bno. Nen\u00ed toti\u017e nic hor\u0161\u00edho, ne\u017e b\u00fdt v zahrani\u010d\u00ed s nepoj\u00edzdn\u00fdm obytn\u00fdm autem a m\u00edsto u\u017e\u00edv\u00e1n\u00ed si dovolen\u00e9, \u0159e\u0161it &#8222;jak a kam&#8220; zajet\/nechat odt\u00e1hnout vozidlo do servisu.<\/p>\n<p>Pokud pojedete obytn\u00fdm vozem s\u00a0d\u011btmi, pamatujte, \u017ee byste m\u011bli m\u00edt\u00a0<strong>d\u011btsk\u00e9 autoseda\u010dky<\/strong>. Tuto pot\u0159ebu nezapome\u0148te zkonzultovat s vybranou p\u016fj\u010dovnou, stejn\u011b jako ov\u011b\u0159en\u00ed, \u017ee zadn\u00ed obytn\u00e1 \u010d\u00e1st m\u00e1 dostatek p\u00e1s\u016f pro j\u00edzdu. N\u011bkter\u00e9 obytn\u00e9 vozy nab\u00edzej\u00ed v\u00edce seda\u010dek, ale p\u00e1sy v\u0161echny nemaj\u00ed.<\/p>\n<p><strong>Mapy atp<\/strong>. \u2013 jak jsem ji\u017e psala v\u00fd\u0161e, pokud budete cht\u00edt atlas kemp\u016f, nebo karavanov\u00fdch st\u00e1n\u00ed, m\u016f\u017ee b\u00fdt sou\u010d\u00e1st\u00ed v\u00fdbavy vozu, ale rozhodn\u011b si dop\u0159edu st\u00e1hn\u011bte zmi\u0148ovan\u00e9 aplikace. Je to jistota \u201ekdyby se n\u011bco stalo\u201c a vy jste museli narychlo hledat st\u00e1n\u00ed. Ti\u0161t\u011bn\u00e9 mapy \u010di atlasy pro karavanov\u00e1 st\u00e1n\u00ed toti\u017e nenab\u00edzej\u00ed v\u0161echna dostupn\u00e1 st\u00e1n\u00ed v dan\u00fdch lokalit\u00e1ch a jsou zam\u011b\u0159eny sp\u00ed\u0161e na ty dra\u017e\u0161\u00ed, ofici\u00e1ln\u00ed. Nezapome\u0148te v\u0161ak s sebou m\u00edt ti\u0161t\u011bnou klasickou mapu. Nikdy nev\u00edte, kdy v\u00e1m navigace vypov\u00ed slu\u017ebu a pak je dobr\u00e9 m\u00edt pr\u00e1v\u011b ti\u0161t\u011bn\u00fd autoatlas s sebou.<\/p>\n<h3><strong>4. Kempingov\u00e9 vybaven\u00ed a dal\u0161\u00ed pot\u0159ebn\u00e9 dopl\u0148ky<\/strong><\/h3>\n<p>Doporu\u010duji se tak\u00e9 zam\u011b\u0159it na z\u00e1kladn\u00ed vybaven\u00ed vozidla. Rozhodn\u011b byste m\u011bli m\u00edt s sebou<\/p>\n<ul>\n<li>hadici,<\/li>\n<li>prodlu\u017eovac\u00ed kabel,<\/li>\n<li>kanystru na \u010distou vodu (min. 10L),<\/li>\n<li>z\u00e1kladn\u00ed n\u00e1\u0159ad\u00ed (<strong>sekyrka<\/strong>, \u0161roubov\u00e1k, n\u011bjak\u00fd ten vrut a mati\u010dka\u2026),<\/li>\n<li>budete-li cht\u00edt grilovat, tak gril,<\/li>\n<li>kurtu na mark\u00fdzu (nem\u00e1te-li ji, je t\u0159eba ji ve v\u011btru v\u017edy slo\u017eit, nebo dokonce v\u00a0nep\u0159\u00edzniv\u00e9m po\u010das\u00ed ani nevytahovat)<\/li>\n<li>vyrovn\u00e1vac\u00ed kl\u00edny, kter\u00e9 jsou opravdu nezbytn\u00e9,<\/li>\n<li>mal\u00fd hasic\u00ed p\u0159\u00edstroj,<\/li>\n<li>baterka a sv\u00ed\u010dka,<\/li>\n<li>&#8222;gumicuky&#8220; pro upevn\u011bn\u00ed v\u011bc\u00ed v p\u0159\u00edpad\u011b pot\u0159eby (t\u0159eba i za j\u00edzdy),<\/li>\n<li>\u0161\u0148\u016fru na pr\u00e1dlo,<\/li>\n<li>lopatku pro p\u0159\u00edpad uv\u00edznut\u00ed v p\u00edsku \u010di sn\u011bhu (prod\u00e1vaj\u00ed v army shopech, jsou skl\u00e1dac\u00ed ale \u00fa\u010dinn\u00e9),<\/li>\n<li>kabely pro nab\u00edjen\u00ed navigace, mobilu \u010di tabletu,<\/li>\n<li>ubrousky pro p\u0159\u00edpad pot\u0159eby cokoliv ut\u0159\u00edt,<\/li>\n<li>z\u00e1kladn\u00ed l\u00e9k\u00e1rni\u010dku<\/li>\n<li>kempingov\u00e9 vybaven\u00ed,<\/li>\n<li>z\u00e1kladn\u00ed vybaven\u00ed kuchyn\u011b v\u010detn\u011b lavoru na p\u0159en\u00e1\u0161en\u00ed n\u00e1dob\u00ed pro jeho myt\u00ed v kempech,<\/li>\n<\/ul>\n<p>Pamatujte, \u017ee n\u011bkter\u00e9 p\u016fj\u010dovny maj\u00ed ji\u017e tyto v\u011bci v\u00a0cen\u011b, jin\u00e9 ne. Zaj\u00edmejte se tedy o to.<\/p>\n<h3><strong>5. V\u00fdb\u011br p\u016fj\u010dovny<\/strong><\/h3>\n<p>V dne\u0161n\u00ed dob\u011b je nab\u00eddka na trhu opravdu velk\u00e1. Tak\u017ee sta\u010d\u00ed jen hledat a brzy najdete p\u0159esn\u011b to, co hled\u00e1te.<\/p>\n<h3><strong>6. Term\u00edn z\u00e1p\u016fj\u010dky<\/strong><\/h3>\n<p><strong>Obecn\u011b plat\u00ed, \u017ee o nejvy\u0161\u0161\u00ed sezon\u011b (\u010dervenec, srpen), jsou vozy v\u00a0p\u016fj\u010dovn\u00e1ch ji\u017e dlouho dop\u0159edu rozp\u016fj\u010dov\u00e1ny.<\/strong>\u00a0Neplat\u00ed to pro 100% trhu, ale pokud budete obytn\u00e9 auto vyb\u00edrat nap\u0159\u00edklad v\u00a0kv\u011btnu, mus\u00edte po\u010d\u00edtat s\u00a0t\u00edm, \u017ee nab\u00eddka bude ji\u017e omezena a tak\u00e9 se m\u016f\u017ee st\u00e1t, \u017ee nejbli\u017e\u0161\u00ed p\u016fj\u010dovna s\u00a0dostupn\u00fdm vozem, bude pom\u011brn\u011b daleko.\u00a0<strong>P\u0159esto se ale nevzd\u00e1vejte a hledejte<\/strong>.<\/p>\n","protected":false},"excerpt":{"rendered":"<p>Ne\u017e se rozhodnete pro pron\u00e1jem obytn\u00e9ho vozu, nebo p\u0159\u00edv\u011bsu, m\u011bli byste si polo\u017eit t\u011bchto p\u00e1r z\u00e1kladn\u00edch informac\u00ed, kter\u00e9 v\u00e1m pomohou p\u0159i va\u0161em rozhodov\u00e1n\u00ed.<\/p>\n","protected":false},"author":1,"featured_media":15090,"comment_status":"closed","ping_status":"open","sticky":false,"template":"","format":"standard","meta":{"_monsterinsights_skip_tracking":false,"_monsterinsights_sitenote_active":false,"_monsterinsights_sitenote_note":"","_monsterinsights_sitenote_category":0,"footnotes":""},"categories":[11194,8209],"tags":[226,8122],"class_list":{"0":"post-15089","1":"post","2":"type-post","3":"status-publish","4":"format-standard","5":"has-post-thumbnail","7":"category-karavaning","8":"category-rady-tipy-informace","9":"tag-rady-a-tipy","10":"tag-karavaning"},"yoast_head":"<!-- This site is optimized with the Yoast SEO plugin v27.5 - https:\/\/yoast.com\/product\/yoast-seo-wordpress\/ -->\n<title>Ne\u017e si p\u016fj\u010d\u00edm obytn\u00e9 auto - rady a tipy - All4Camper<\/title>\n<meta name=\"description\" content=\"All4Camper - Ne\u017e si p\u016fj\u010d\u00edm obytn\u00e9 auto - rady a tipy\" \/>\n<meta name=\"robots\" content=\"index, follow, max-snippet:-1, max-image-preview:large, max-video-preview:-1\" \/>\n<link rel=\"canonical\" href=\"https:\/\/all4camper.com\/cs\/nez-si-pujcim-obytne-auto-rady-a-tipy\/\" \/>\n<meta property=\"og:locale\" content=\"cs_CZ\" \/>\n<meta property=\"og:type\" content=\"article\" \/>\n<meta property=\"og:title\" content=\"Ne\u017e si p\u016fj\u010d\u00edm obytn\u00e9 auto - rady a tipy - All4Camper\" \/>\n<meta property=\"og:description\" content=\"All4Camper - Ne\u017e si p\u016fj\u010d\u00edm obytn\u00e9 auto - rady a tipy\" \/>\n<meta property=\"og:url\" content=\"https:\/\/all4camper.com\/cs\/nez-si-pujcim-obytne-auto-rady-a-tipy\/\" \/>\n<meta property=\"og:site_name\" content=\"All4Camper\" \/>\n<meta property=\"article:published_time\" content=\"2018-03-06T12:56:29+00:00\" \/>\n<meta property=\"article:modified_time\" content=\"2021-04-12T04:04:52+00:00\" \/>\n<meta property=\"og:image\" content=\"https:\/\/all4camper.com\/wp-content\/uploads\/2018\/03\/psi.jpg\" \/>\n\t<meta property=\"og:image:width\" content=\"500\" \/>\n\t<meta property=\"og:image:height\" content=\"333\" \/>\n\t<meta property=\"og:image:type\" content=\"image\/jpeg\" \/>\n<meta name=\"author\" content=\"Davi\" \/>\n<meta name=\"twitter:card\" content=\"summary_large_image\" \/>\n<meta name=\"twitter:label1\" content=\"Napsal(a)\" \/>\n\t<meta name=\"twitter:data1\" content=\"Davi\" \/>\n\t<meta name=\"twitter:label2\" content=\"Odhadovan\u00e1 doba \u010dten\u00ed\" \/>\n\t<meta name=\"twitter:data2\" content=\"9 minut\" \/>\n<script type=\"application\/ld+json\" class=\"yoast-schema-graph\">{\"@context\":\"https:\\\/\\\/schema.org\",\"@graph\":[{\"@type\":\"Article\",\"@id\":\"https:\\\/\\\/all4camper.com\\\/cs\\\/nez-si-pujcim-obytne-auto-rady-a-tipy\\\/#article\",\"isPartOf\":{\"@id\":\"https:\\\/\\\/all4camper.com\\\/cs\\\/nez-si-pujcim-obytne-auto-rady-a-tipy\\\/\"},\"author\":{\"name\":\"Davi\",\"@id\":\"https:\\\/\\\/all4camper.com\\\/cs\\\/#\\\/schema\\\/person\\\/4de0ea01bd6518ef95649b160a14dcf1\"},\"headline\":\"Ne\u017e si p\u016fj\u010d\u00edm obytn\u00e9 auto &#8211; rady a tipy\",\"datePublished\":\"2018-03-06T12:56:29+00:00\",\"dateModified\":\"2021-04-12T04:04:52+00:00\",\"mainEntityOfPage\":{\"@id\":\"https:\\\/\\\/all4camper.com\\\/cs\\\/nez-si-pujcim-obytne-auto-rady-a-tipy\\\/\"},\"wordCount\":1901,\"publisher\":{\"@id\":\"https:\\\/\\\/all4camper.com\\\/cs\\\/#organization\"},\"image\":{\"@id\":\"https:\\\/\\\/all4camper.com\\\/cs\\\/nez-si-pujcim-obytne-auto-rady-a-tipy\\\/#primaryimage\"},\"thumbnailUrl\":\"https:\\\/\\\/all4camper.com\\\/wp-content\\\/uploads\\\/2018\\\/03\\\/psi.jpg\",\"keywords\":[\"Rady-tipy-informace\",\"Ze sv\u011bta karavaningu\"],\"articleSection\":[\"Karavanink\",\"Rady, tipy, informace\"],\"inLanguage\":\"cs\"},{\"@type\":\"WebPage\",\"@id\":\"https:\\\/\\\/all4camper.com\\\/cs\\\/nez-si-pujcim-obytne-auto-rady-a-tipy\\\/\",\"url\":\"https:\\\/\\\/all4camper.com\\\/cs\\\/nez-si-pujcim-obytne-auto-rady-a-tipy\\\/\",\"name\":\"Ne\u017e si p\u016fj\u010d\u00edm obytn\u00e9 auto - rady a tipy - All4Camper\",\"isPartOf\":{\"@id\":\"https:\\\/\\\/all4camper.com\\\/cs\\\/#website\"},\"primaryImageOfPage\":{\"@id\":\"https:\\\/\\\/all4camper.com\\\/cs\\\/nez-si-pujcim-obytne-auto-rady-a-tipy\\\/#primaryimage\"},\"image\":{\"@id\":\"https:\\\/\\\/all4camper.com\\\/cs\\\/nez-si-pujcim-obytne-auto-rady-a-tipy\\\/#primaryimage\"},\"thumbnailUrl\":\"https:\\\/\\\/all4camper.com\\\/wp-content\\\/uploads\\\/2018\\\/03\\\/psi.jpg\",\"datePublished\":\"2018-03-06T12:56:29+00:00\",\"dateModified\":\"2021-04-12T04:04:52+00:00\",\"description\":\"All4Camper - Ne\u017e si p\u016fj\u010d\u00edm obytn\u00e9 auto - rady a tipy\",\"breadcrumb\":{\"@id\":\"https:\\\/\\\/all4camper.com\\\/cs\\\/nez-si-pujcim-obytne-auto-rady-a-tipy\\\/#breadcrumb\"},\"inLanguage\":\"cs\",\"potentialAction\":[{\"@type\":\"ReadAction\",\"target\":[\"https:\\\/\\\/all4camper.com\\\/cs\\\/nez-si-pujcim-obytne-auto-rady-a-tipy\\\/\"]}]},{\"@type\":\"ImageObject\",\"inLanguage\":\"cs\",\"@id\":\"https:\\\/\\\/all4camper.com\\\/cs\\\/nez-si-pujcim-obytne-auto-rady-a-tipy\\\/#primaryimage\",\"url\":\"https:\\\/\\\/all4camper.com\\\/wp-content\\\/uploads\\\/2018\\\/03\\\/psi.jpg\",\"contentUrl\":\"https:\\\/\\\/all4camper.com\\\/wp-content\\\/uploads\\\/2018\\\/03\\\/psi.jpg\",\"width\":500,\"height\":333},{\"@type\":\"BreadcrumbList\",\"@id\":\"https:\\\/\\\/all4camper.com\\\/cs\\\/nez-si-pujcim-obytne-auto-rady-a-tipy\\\/#breadcrumb\",\"itemListElement\":[{\"@type\":\"ListItem\",\"position\":1,\"name\":\"Dom\u016f\",\"item\":\"https:\\\/\\\/all4camper.com\\\/cs\\\/\"},{\"@type\":\"ListItem\",\"position\":2,\"name\":\"Karavanink\",\"item\":\"https:\\\/\\\/all4camper.com\\\/cs\\\/category\\\/karavaning\\\/\"},{\"@type\":\"ListItem\",\"position\":3,\"name\":\"Ne\u017e si p\u016fj\u010d\u00edm obytn\u00e9 auto &#8211; rady a tipy\"}]},{\"@type\":\"WebSite\",\"@id\":\"https:\\\/\\\/all4camper.com\\\/cs\\\/#website\",\"url\":\"https:\\\/\\\/all4camper.com\\\/cs\\\/\",\"name\":\"All4Camper\",\"description\":\"Nejv\u011bt\u0161\u00ed online magaz\u00edn o kempov\u00e1n\u00ed a karavaninku. V\u00edce jak 900 \u010dl\u00e1nk\u016f pln\u00fdch rad a tip\u016f o kempech a kempov\u00e1n\u00ed.\",\"publisher\":{\"@id\":\"https:\\\/\\\/all4camper.com\\\/cs\\\/#organization\"},\"potentialAction\":[{\"@type\":\"SearchAction\",\"target\":{\"@type\":\"EntryPoint\",\"urlTemplate\":\"https:\\\/\\\/all4camper.com\\\/cs\\\/?s={search_term_string}\"},\"query-input\":{\"@type\":\"PropertyValueSpecification\",\"valueRequired\":true,\"valueName\":\"search_term_string\"}}],\"inLanguage\":\"cs\"},{\"@type\":\"Organization\",\"@id\":\"https:\\\/\\\/all4camper.com\\\/cs\\\/#organization\",\"name\":\"All4Camper - kempujeme s Kl\u00e1rou\",\"url\":\"https:\\\/\\\/all4camper.com\\\/cs\\\/\",\"logo\":{\"@type\":\"ImageObject\",\"inLanguage\":\"cs\",\"@id\":\"https:\\\/\\\/all4camper.com\\\/cs\\\/#\\\/schema\\\/logo\\\/image\\\/\",\"url\":\"https:\\\/\\\/all4camper.com\\\/wp-content\\\/uploads\\\/2018\\\/09\\\/novelogo.png\",\"contentUrl\":\"https:\\\/\\\/all4camper.com\\\/wp-content\\\/uploads\\\/2018\\\/09\\\/novelogo.png\",\"width\":1520,\"height\":600,\"caption\":\"All4Camper - kempujeme s Kl\u00e1rou\"},\"image\":{\"@id\":\"https:\\\/\\\/all4camper.com\\\/cs\\\/#\\\/schema\\\/logo\\\/image\\\/\"}},{\"@type\":\"Person\",\"@id\":\"https:\\\/\\\/all4camper.com\\\/cs\\\/#\\\/schema\\\/person\\\/4de0ea01bd6518ef95649b160a14dcf1\",\"name\":\"Davi\",\"url\":\"https:\\\/\\\/all4camper.com\\\/cs\\\/author\\\/david\\\/\"}]}<\/script>\n<!-- \/ Yoast SEO plugin. -->","yoast_head_json":{"title":"Ne\u017e si p\u016fj\u010d\u00edm obytn\u00e9 auto - rady a tipy - All4Camper","description":"All4Camper - Ne\u017e si p\u016fj\u010d\u00edm obytn\u00e9 auto - rady a tipy","robots":{"index":"index","follow":"follow","max-snippet":"max-snippet:-1","max-image-preview":"max-image-preview:large","max-video-preview":"max-video-preview:-1"},"canonical":"https:\/\/all4camper.com\/cs\/nez-si-pujcim-obytne-auto-rady-a-tipy\/","og_locale":"cs_CZ","og_type":"article","og_title":"Ne\u017e si p\u016fj\u010d\u00edm obytn\u00e9 auto - rady a tipy - All4Camper","og_description":"All4Camper - Ne\u017e si p\u016fj\u010d\u00edm obytn\u00e9 auto - rady a tipy","og_url":"https:\/\/all4camper.com\/cs\/nez-si-pujcim-obytne-auto-rady-a-tipy\/","og_site_name":"All4Camper","article_published_time":"2018-03-06T12:56:29+00:00","article_modified_time":"2021-04-12T04:04:52+00:00","og_image":[{"width":500,"height":333,"url":"https:\/\/all4camper.com\/wp-content\/uploads\/2018\/03\/psi.jpg","type":"image\/jpeg"}],"author":"Davi","twitter_card":"summary_large_image","twitter_misc":{"Napsal(a)":"Davi","Odhadovan\u00e1 doba \u010dten\u00ed":"9 minut"},"schema":{"@context":"https:\/\/schema.org","@graph":[{"@type":"Article","@id":"https:\/\/all4camper.com\/cs\/nez-si-pujcim-obytne-auto-rady-a-tipy\/#article","isPartOf":{"@id":"https:\/\/all4camper.com\/cs\/nez-si-pujcim-obytne-auto-rady-a-tipy\/"},"author":{"name":"Davi","@id":"https:\/\/all4camper.com\/cs\/#\/schema\/person\/4de0ea01bd6518ef95649b160a14dcf1"},"headline":"Ne\u017e si p\u016fj\u010d\u00edm obytn\u00e9 auto &#8211; rady a tipy","datePublished":"2018-03-06T12:56:29+00:00","dateModified":"2021-04-12T04:04:52+00:00","mainEntityOfPage":{"@id":"https:\/\/all4camper.com\/cs\/nez-si-pujcim-obytne-auto-rady-a-tipy\/"},"wordCount":1901,"publisher":{"@id":"https:\/\/all4camper.com\/cs\/#organization"},"image":{"@id":"https:\/\/all4camper.com\/cs\/nez-si-pujcim-obytne-auto-rady-a-tipy\/#primaryimage"},"thumbnailUrl":"https:\/\/all4camper.com\/wp-content\/uploads\/2018\/03\/psi.jpg","keywords":["Rady-tipy-informace","Ze sv\u011bta karavaningu"],"articleSection":["Karavanink","Rady, tipy, informace"],"inLanguage":"cs"},{"@type":"WebPage","@id":"https:\/\/all4camper.com\/cs\/nez-si-pujcim-obytne-auto-rady-a-tipy\/","url":"https:\/\/all4camper.com\/cs\/nez-si-pujcim-obytne-auto-rady-a-tipy\/","name":"Ne\u017e si p\u016fj\u010d\u00edm obytn\u00e9 auto - rady a tipy - All4Camper","isPartOf":{"@id":"https:\/\/all4camper.com\/cs\/#website"},"primaryImageOfPage":{"@id":"https:\/\/all4camper.com\/cs\/nez-si-pujcim-obytne-auto-rady-a-tipy\/#primaryimage"},"image":{"@id":"https:\/\/all4camper.com\/cs\/nez-si-pujcim-obytne-auto-rady-a-tipy\/#primaryimage"},"thumbnailUrl":"https:\/\/all4camper.com\/wp-content\/uploads\/2018\/03\/psi.jpg","datePublished":"2018-03-06T12:56:29+00:00","dateModified":"2021-04-12T04:04:52+00:00","description":"All4Camper - Ne\u017e si p\u016fj\u010d\u00edm obytn\u00e9 auto - rady a tipy","breadcrumb":{"@id":"https:\/\/all4camper.com\/cs\/nez-si-pujcim-obytne-auto-rady-a-tipy\/#breadcrumb"},"inLanguage":"cs","potentialAction":[{"@type":"ReadAction","target":["https:\/\/all4camper.com\/cs\/nez-si-pujcim-obytne-auto-rady-a-tipy\/"]}]},{"@type":"ImageObject","inLanguage":"cs","@id":"https:\/\/all4camper.com\/cs\/nez-si-pujcim-obytne-auto-rady-a-tipy\/#primaryimage","url":"https:\/\/all4camper.com\/wp-content\/uploads\/2018\/03\/psi.jpg","contentUrl":"https:\/\/all4camper.com\/wp-content\/uploads\/2018\/03\/psi.jpg","width":500,"height":333},{"@type":"BreadcrumbList","@id":"https:\/\/all4camper.com\/cs\/nez-si-pujcim-obytne-auto-rady-a-tipy\/#breadcrumb","itemListElement":[{"@type":"ListItem","position":1,"name":"Dom\u016f","item":"https:\/\/all4camper.com\/cs\/"},{"@type":"ListItem","position":2,"name":"Karavanink","item":"https:\/\/all4camper.com\/cs\/category\/karavaning\/"},{"@type":"ListItem","position":3,"name":"Ne\u017e si p\u016fj\u010d\u00edm obytn\u00e9 auto &#8211; rady a tipy"}]},{"@type":"WebSite","@id":"https:\/\/all4camper.com\/cs\/#website","url":"https:\/\/all4camper.com\/cs\/","name":"All4Camper","description":"Nejv\u011bt\u0161\u00ed online magaz\u00edn o kempov\u00e1n\u00ed a karavaninku. V\u00edce jak 900 \u010dl\u00e1nk\u016f pln\u00fdch rad a tip\u016f o kempech a kempov\u00e1n\u00ed.","publisher":{"@id":"https:\/\/all4camper.com\/cs\/#organization"},"potentialAction":[{"@type":"SearchAction","target":{"@type":"EntryPoint","urlTemplate":"https:\/\/all4camper.com\/cs\/?s={search_term_string}"},"query-input":{"@type":"PropertyValueSpecification","valueRequired":true,"valueName":"search_term_string"}}],"inLanguage":"cs"},{"@type":"Organization","@id":"https:\/\/all4camper.com\/cs\/#organization","name":"All4Camper - kempujeme s Kl\u00e1rou","url":"https:\/\/all4camper.com\/cs\/","logo":{"@type":"ImageObject","inLanguage":"cs","@id":"https:\/\/all4camper.com\/cs\/#\/schema\/logo\/image\/","url":"https:\/\/all4camper.com\/wp-content\/uploads\/2018\/09\/novelogo.png","contentUrl":"https:\/\/all4camper.com\/wp-content\/uploads\/2018\/09\/novelogo.png","width":1520,"height":600,"caption":"All4Camper - kempujeme s Kl\u00e1rou"},"image":{"@id":"https:\/\/all4camper.com\/cs\/#\/schema\/logo\/image\/"}},{"@type":"Person","@id":"https:\/\/all4camper.com\/cs\/#\/schema\/person\/4de0ea01bd6518ef95649b160a14dcf1","name":"Davi","url":"https:\/\/all4camper.com\/cs\/author\/david\/"}]}},"_links":{"self":[{"href":"https:\/\/all4camper.com\/cs\/wp-json\/wp\/v2\/posts\/15089","targetHints":{"allow":["GET"]}}],"collection":[{"href":"https:\/\/all4camper.com\/cs\/wp-json\/wp\/v2\/posts"}],"about":[{"href":"https:\/\/all4camper.com\/cs\/wp-json\/wp\/v2\/types\/post"}],"author":[{"embeddable":true,"href":"https:\/\/all4camper.com\/cs\/wp-json\/wp\/v2\/users\/1"}],"replies":[{"embeddable":true,"href":"https:\/\/all4camper.com\/cs\/wp-json\/wp\/v2\/comments?post=15089"}],"version-history":[{"count":0,"href":"https:\/\/all4camper.com\/cs\/wp-json\/wp\/v2\/posts\/15089\/revisions"}],"wp:featuredmedia":[{"embeddable":true,"href":"https:\/\/all4camper.com\/cs\/wp-json\/wp\/v2\/media\/15090"}],"wp:attachment":[{"href":"https:\/\/all4camper.com\/cs\/wp-json\/wp\/v2\/media?parent=15089"}],"wp:term":[{"taxonomy":"category","embeddable":true,"href":"https:\/\/all4camper.com\/cs\/wp-json\/wp\/v2\/categories?post=15089"},{"taxonomy":"post_tag","embeddable":true,"href":"https:\/\/all4camper.com\/cs\/wp-json\/wp\/v2\/tags?post=15089"}],"curies":[{"name":"wp","href":"https:\/\/api.w.org\/{rel}","templated":true}]}}