{"id":15087,"date":"2018-03-06T13:47:21","date_gmt":"2018-03-06T12:47:21","guid":{"rendered":"https:\/\/all4camper.com\/\/?p=15087"},"modified":"2021-03-12T14:22:35","modified_gmt":"2021-03-12T13:22:35","slug":"pronajem-obytneho-vozu-ci-privesu-jak-na-to","status":"publish","type":"post","link":"https:\/\/all4camper.com\/cs\/pronajem-obytneho-vozu-ci-privesu-jak-na-to\/","title":{"rendered":"Pron\u00e1jem obytn\u00e9ho vozu \u010di p\u0159\u00edv\u011bsu &#8211; jak na to"},"content":{"rendered":"<h3><strong>Cena z\u00e1p\u016fj\u010dky je rozhoduj\u00edc\u00ed \u2013 vyb\u00edr\u00e1m dle ceny pron\u00e1jmu vozu za den<\/strong><\/h3>\n<p>Toto nen\u00ed v\u017edy ide\u00e1ln\u00ed taktika.\u00a0<strong>Je t\u0159eba si uv\u011bdomit, \u017ee obytn\u00fd v\u016fz nebo p\u0159\u00edv\u011bs, kter\u00fd m\u00e1 na prvn\u00ed pohled vysokou cenu, m\u016f\u017ee b\u00fdt ve v\u00fdsledku velice levn\u00fd, nebo\u0165 se jedn\u00e1 o luxusn\u011bj\u0161\u00ed variantu.<\/strong>\u00a0V\u017edy je t\u0159eba k n\u00e1jemn\u00ed cen\u011b p\u0159istupovat z pohledu t\u00e9 po\u0159izovac\u00ed.<\/p>\n<p>Pokud si chcete p\u016fj\u010dit obytn\u00fd v\u016fz, jeho\u017e po\u0159izovac\u00ed hodnota je dva miliony, je samoz\u0159ejm\u00e9, \u017ee cena n\u00e1jmu bude vy\u0161\u0161\u00ed. Na cenu m\u00e1 tak\u00e9 vliv st\u00e1\u0159\u00ed vozu aneb nov\u011bj\u0161\u00ed bude n\u00e1kladn\u011bj\u0161\u00ed, ale v\u00e1\u0161 pobyt tak\u00e9 o to komfortn\u011bj\u0161\u00ed a naopak. Je to tedy o priorit\u00e1ch a osobn\u00edch preferenc\u00edch.<\/p>\n<h3><strong>Obytn\u00fd v\u016fz nebo p\u0159\u00edv\u011bs?<\/strong><\/h3>\n<p>Pokud chcete va\u0161i dovolenou tr\u00e1vit p\u0159ev\u00e1\u017en\u011b v kempech, u jezer \u010di \u0159ek s pot\u0159ebou volnosti kdykoliv odjet, a to i do m\u00edst, kam se s obytn\u00fdm vozem nedostanete, je volba jasn\u00e1 &#8211; p\u0159\u00edv\u011bs. N\u00e1klady za dra\u017e\u0161\u00ed kempy v\u00e1m bude kompenzovat ni\u017e\u0161\u00ed cena z\u00e1p\u016fj\u010dky. Mus\u00edte si ale uv\u011bdomit, \u017ee kempov\u00e1n\u00ed tzv. \u201ena divoko\u201c je limitovan\u00e9.<\/p>\n<p>Pokud naopak chcete sv\u00e9 vynalo\u017een\u00e9 pen\u00edze v\u00edce z\u00faro\u010dit a rozhodli jste se pro aktivn\u00ed dovolenou spojenou s pozn\u00e1v\u00e1n\u00edm mnoha destinac\u00ed a z\u00e1rove\u0148 si u\u017e\u00edt pln\u00e9ho pocitu svobody, kdy nikdy nev\u00edte, kde budete z\u00edtra, je spr\u00e1vn\u00e1 volba obytn\u00fd v\u016fz.<\/p>\n<h3><strong>Co v\u0161e je sou\u010d\u00e1st\u00ed ceny<\/strong><\/h3>\n<p>Na trhu dnes existuje mnoho p\u016fj\u010doven, kter\u00e9 nab\u00edz\u00ed r\u016fzn\u00e9 slu\u017eby, vybaven\u00ed a dopl\u0148ky v cen\u011b z\u00e1p\u016fj\u010dky. Proto doporu\u010duji si v\u0161e po\u0159\u00e1dn\u011b propo\u010d\u00edst. M\u016f\u017ee se st\u00e1t, \u017ee v\u00e1mi vybran\u00fd v\u016fz je za \u201edobrou\u201c cenu, ale jak\u00e9koliv dal\u0161\u00ed vybaven\u00ed si ji\u017e mus\u00edte doplatit.<\/p>\n<p>Je to stejn\u00e9 (a up\u0159\u00edmn\u011b i pochopiteln\u00e9), jako kdy\u017e si vyberete z\u00e1jezd do zahrani\u010d\u00ed a m\u00e1te mo\u017enost volby od z\u00e1kladn\u00edho vybaven\u00ed pokoje a\u017e po nadstandardn\u00ed. Budete-li cht\u00edt nap\u0159. pln\u011b vybaven\u00fd apartm\u00e1n, kam si ji\u017e nemus\u00edte dov\u00e9zt s sebou nic, bude jeho cena vy\u0161\u0161\u00ed, ne\u017e apartm\u00e1n se z\u00e1kladn\u00edm vybaven\u00edm, do kter\u00e9ho si mus\u00edte dov\u00e9zt dal\u0161\u00ed pot\u0159ebn\u00e9 v\u011bci.<\/p>\n<p>V tomto p\u0159\u00edpad\u011b je t\u0159eba se zam\u011b\u0159it na to, kolik stoj\u00ed pron\u00e1jem i s kempov\u00fdm vybaven\u00edm (\u017eidle, st\u016fl, p\u0159edstan), vybaven\u00edm kuchyn\u011b a dal\u0161\u00edmi pot\u0159ebn\u00fdmi v\u011bcmi (wc chemie, prodlu\u017eovac\u00ed kabely, konev na vodu atp.).<\/p>\n<p>P\u016fj\u010dovny, kter\u00e9 maj\u00ed na prvn\u00ed pohled vy\u0161\u0161\u00ed cenu, m\u016f\u017eou m\u00edt toto vybaven\u00ed v cen\u011b a naopak p\u016fj\u010dovny, kter\u00e9 maj\u00ed na prvn\u00ed pohled cenu pron\u00e1jmu ni\u017e\u0161\u00ed, toto vybaven\u00ed v cen\u011b m\u00edt nemusej\u00ed.<\/p>\n<h3><strong>M\u00edra luxusu va\u0161eho obytn\u00e9ho vozu \u010di p\u0159\u00edv\u011bsu.<\/strong><\/h3>\n<p>I zde plat\u00ed stejn\u00e9 pravidlo, jako u dovolen\u00e9 v hotelu. Pokud v\u00e1m sta\u010d\u00ed ni\u017e\u0161\u00ed standard a nen\u00ed pro v\u00e1s d\u016fle\u017eit\u00e9 zpracov\u00e1n\u00ed materi\u00e1lu (leh\u010d\u00ed a k\u0159eh\u010d\u00ed konstrukce sk\u0159\u00edn\u011bk atp.) \u010di vybaven\u00ed vozidla samotn\u00e9ho (motorizace atp.), zam\u011b\u0159te se zejm\u00e9na na v\u00fd\u0161e uveden\u00e9 informace o cen\u00e1ch a dopl\u0148c\u00edch.<\/p>\n<p>Pokud ale chcete m\u00edt lep\u0161\u00ed vybaven\u00ed a svou dovolenou si opravdu u\u017e\u00edt i v r\u00e1mci tzv. \u201enadstandardu\u201c, pe\u010dliv\u011b \u010dt\u011bte informace o vybavenosti vybran\u00e9ho vozu \u010di p\u0159\u00edv\u011bsu. V tomto p\u0159\u00edpad\u011b plat\u00ed zam\u011b\u0159en\u00ed se na dv\u011b oblasti vybaven\u00ed a jeho zpracov\u00e1n\u00ed.<\/p>\n<ol>\n<li>Vybaven\u00ed vozu (klimatizace, seda\u010dky, tempomat, navigace, couvac\u00ed kamera, motorizace atp.),<\/li>\n<li>Vybaven\u00ed obytn\u00e9ho prostoru (televize, druh topen\u00ed, wc a sprcha, objem lednice atp.).<\/li>\n<\/ol>\n<p>U dra\u017e\u0161\u00edch obytn\u00fdch vozidel sice m\u016f\u017ee b\u00fdt vybaven\u00ed stejn\u00e9 jako u jin\u00fdch vozidel z ni\u017e\u0161\u00ed cenov\u00e9 kategorie, ale zpracov\u00e1n\u00ed a \u201ebytelnost\u201c je na daleko vy\u0161\u0161\u00ed \u00farovni. Op\u011bt uva\u017eujte stejn\u00fdm zp\u016fsobem, jako p\u0159i v\u00fdb\u011bru hotelu. Cena \u201estandardn\u00edho\u201c pokoje bude ni\u017e\u0161\u00ed, av\u0161ak mus\u00edte po\u010d\u00edtat tak\u00e9 s jednodu\u0161\u0161\u00edm a prost\u0161\u00edm vybaven\u00edm i jeho zpracov\u00e1n\u00edm. Naopak pokoj, kter\u00fd se \u0159ad\u00ed do luxusn\u011bj\u0161\u00ed kategorie, bude m\u00edt vybaven\u00ed na daleko vy\u0161\u0161\u00ed \u00farovni.<\/p>\n<p>U hotel\u016f existuje jednotn\u00e9 hodnocen\u00ed formou hv\u011bzdi\u010dek, kter\u00e9 z\u00e1kazn\u00edk\u016fm dop\u0159edu \u0159\u00edk\u00e1, jak\u00e9 slu\u017eby a vybaven\u00ed hotelu m\u016f\u017eou o\u010dek\u00e1vat. V karavaningu toto hodnocen\u00ed nen\u00ed tak jednoduch\u00e9, a proto doposud ani nebylo zpracov\u00e1no. Doporu\u010dujeme si v\u017edy p\u0159e\u010d\u00edst recenze o dan\u00e9m v\u00fdrobci a typu obytn\u00e9ho vozu \u010di p\u0159\u00edv\u011bsu.<\/p>\n<h3><strong>Slu\u017eby, slu\u017eby a zase slu\u017eby<\/strong><\/h3>\n<p>Zam\u011b\u0159te se jak na v\u00fd\u0161i spolu\u00fa\u010dasti v\u00fd\u0161e havarijn\u00edho poji\u0161t\u011bn\u00ed, tak na telefonickou podporu v r\u00e1mci pobytu, dobu za\u0161kolen\u00ed i p\u0159ed\u00e1v\u00e1n\u00ed vozidla. By\u0165 se to m\u016f\u017ee zd\u00e1t na prvn\u00ed pohled ned\u016fle\u017eit\u00e9, d\u00edky spr\u00e1vn\u00e9mu za\u0161kolen\u00ed a p\u0159ed\u00e1n\u00ed i s p\u0159ed\u00e1vac\u00edmi protokoly si ob\u011b strany u\u0161et\u0159\u00ed mnoho nep\u0159\u00edjemnost\u00ed do budoucna.<\/p>\n<p>Dal\u0161\u00ed slu\u017eby, kterou je dobr\u00e9 sledovat, jsou mo\u017enosti p\u0159istaven\u00ed vozu \u201ezdarma\u201c \u010di za poplatek, pravideln\u00fd servis voz\u016f a jejich \u010di\u0161t\u011bn\u00ed, \u00fadr\u017eba \u010di pravideln\u00e1 obnova.<\/p>\n<p>I zde plat\u00ed, \u017ee nic nen\u00ed pravidlem a reference z\u00e1kazn\u00edk\u016f na slu\u017eby p\u016fj\u010dovny jsou t\u00edm nejcenn\u011bj\u0161\u00edm, co m\u016f\u017eete z\u00edskat. Nikdy v\u0161ak ned\u00e1vejte na jednu negativn\u00ed recenzi proti mnoha pozitivn\u00edm. Tak\u00e9 doporu\u010duji si do p\u016fj\u010dovny zajet a promluvit si s majitelem. Zeptejte se na v\u0161e pot\u0159ebn\u00e9 a vn\u00edmejte ochotu a p\u0159\u00edstup. N\u011bkomu vyhovuje profesion\u00e1ln\u011bj\u0161\u00ed p\u0159\u00edstup, n\u011bkomu zase v\u00edce osobn\u00ed. I toto d\u011bl\u00e1 p\u016fj\u010dovnu svou &#8222;p\u016fj\u010dovnou&#8220; a i to je d\u016fle\u017eit\u00e9 pro va\u0161e dal\u0161\u00ed rozhodnut\u00ed. Nebojte se tedy pt\u00e1t. To v\u0161e v\u00e1m d\u00e1 celkov\u00fd obr\u00e1zek a dovede v\u00e1s ke vhodn\u00e9mu v\u00fdb\u011bru.<\/p>\n<p><strong>Dom\u00e1c\u00ed mazl\u00ed\u010dci, ta\u017en\u00e9 za\u0159\u00edzen\u00ed a dal\u0161\u00ed &#8222;nadstandardy&#8220;<\/strong><\/p>\n<p>Zcela jist\u011b jste si v\u0161imli, \u017ee je jen m\u00e1lo p\u016fj\u010doven, kter\u00e9 nab\u00edzej\u00ed tuto mo\u017enost. I kdy\u017e se to na prvn\u00ed pohled m\u016f\u017ee zd\u00e1t nepochopiteln\u00e9, jsou pr\u00e1v\u011b tyto dv\u011b slu\u017eby velice n\u00e1ro\u010dn\u00e9. V p\u0159\u00edpad\u011b dom\u00e1c\u00edch mazl\u00ed\u010dk\u016f je tato slu\u017eba spojena s vysok\u00fdmi n\u00e1roky a n\u00e1klady na vy\u010di\u0161t\u011bn\u00ed vozu. Ostatn\u00ed z\u00e1kazn\u00edci mohou b\u00fdt jakkoliv n\u00e1chyln\u00ed na zv\u00ed\u0159ec\u00ed chlupy a proto se bere za samoz\u0159ejmost perfektn\u00ed \u010distota p\u0159istavovan\u00e9ho vozu. Je tedy samoz\u0159ejmost\u00ed si za tuto slu\u017ebu p\u0159iplatit.<\/p>\n<p>U ta\u017en\u00e9ho za\u0159\u00edzen\u00ed zase vznik\u00e1 vy\u0161\u0161\u00ed z\u00e1t\u011b\u017e na vozidlo a p\u0159i nespr\u00e1vn\u00e9m zat\u00ed\u017een\u00ed m\u016f\u017ee doj\u00edt k jeho po\u0161kozen\u00ed. Proto si p\u016fj\u010dovny vozidla, kter\u00e9 tuto slu\u017ebu nab\u00edz\u00ed, cen\u00ed vy\u0161\u0161\u00ed hodnotou.<\/p>\n<p><strong>Z\u00e1v\u011brem.<\/strong> U dovolen\u00e9 karavanem plat\u00ed v z\u00e1sad\u011b stejn\u00e1 pravidla jako u dovolen\u00e9 v hotelu. V\u017edy z\u00e1le\u017e\u00ed na va\u0161ich po\u017eadavc\u00edch, a to jak z pohledu m\u00edry luxusu, tak z pohledu dostupnosti slu\u017eeb, \u010di m\u00edry vybaven\u00ed. Vyb\u00edrejte pe\u010dliv\u011b, a\u0165 se va\u0161e dovolen\u00e1 stane opravdu Va\u0161\u00edm spln\u011bn\u00fdm snem.<\/p>\n","protected":false},"excerpt":{"rendered":"<p>Cena z\u00e1p\u016fj\u010dky je rozhoduj\u00edc\u00ed \u2013 vyb\u00edr\u00e1m dle ceny pron\u00e1jmu vozu za den Toto nen\u00ed v\u017edy ide\u00e1ln\u00ed taktika.\u00a0Je t\u0159eba si uv\u011bdomit, \u017ee obytn\u00fd v\u016fz nebo p\u0159\u00edv\u011bs, kter\u00fd m\u00e1 na prvn\u00ed pohled vysokou cenu, m\u016f\u017ee b\u00fdt ve v\u00fdsledku velice levn\u00fd, nebo\u0165 se jedn\u00e1 o luxusn\u011bj\u0161\u00ed variantu.\u00a0V\u017edy je t\u0159eba k n\u00e1jemn\u00ed cen\u011b p\u0159istupovat z pohledu t\u00e9 po\u0159izovac\u00ed. Pokud [&hellip;]<\/p>\n","protected":false},"author":1,"featured_media":15088,"comment_status":"closed","ping_status":"open","sticky":false,"template":"","format":"standard","meta":{"_monsterinsights_skip_tracking":false,"_monsterinsights_sitenote_active":false,"_monsterinsights_sitenote_note":"","_monsterinsights_sitenote_category":0,"footnotes":""},"categories":[8209],"tags":[226,8122],"class_list":{"0":"post-15087","1":"post","2":"type-post","3":"status-publish","4":"format-standard","5":"has-post-thumbnail","7":"category-rady-tipy-informace","8":"tag-rady-a-tipy","9":"tag-karavaning"},"yoast_head":"<!-- This site is optimized with the Yoast SEO plugin v27.5 - https:\/\/yoast.com\/product\/yoast-seo-wordpress\/ -->\n<title>Pron\u00e1jem obytn\u00e9ho vozu \u010di p\u0159\u00edv\u011bsu - jak na to - All4Camper<\/title>\n<meta name=\"description\" content=\"All4Camper - Pron\u00e1jem obytn\u00e9ho vozu \u010di p\u0159\u00edv\u011bsu - jak na to\" \/>\n<meta name=\"robots\" content=\"index, follow, max-snippet:-1, max-image-preview:large, max-video-preview:-1\" \/>\n<link rel=\"canonical\" href=\"https:\/\/all4camper.com\/cs\/pronajem-obytneho-vozu-ci-privesu-jak-na-to\/\" \/>\n<meta property=\"og:locale\" content=\"cs_CZ\" \/>\n<meta property=\"og:type\" content=\"article\" \/>\n<meta property=\"og:title\" content=\"Pron\u00e1jem obytn\u00e9ho vozu \u010di p\u0159\u00edv\u011bsu - jak na to - All4Camper\" \/>\n<meta property=\"og:description\" content=\"All4Camper - Pron\u00e1jem obytn\u00e9ho vozu \u010di p\u0159\u00edv\u011bsu - jak na to\" \/>\n<meta property=\"og:url\" content=\"https:\/\/all4camper.com\/cs\/pronajem-obytneho-vozu-ci-privesu-jak-na-to\/\" \/>\n<meta property=\"og:site_name\" content=\"All4Camper\" \/>\n<meta property=\"article:published_time\" content=\"2018-03-06T12:47:21+00:00\" \/>\n<meta property=\"article:modified_time\" content=\"2021-03-12T13:22:35+00:00\" \/>\n<meta property=\"og:image\" content=\"https:\/\/all4camper.com\/wp-content\/uploads\/2018\/03\/pujcovny.jpg\" \/>\n\t<meta property=\"og:image:width\" content=\"400\" \/>\n\t<meta property=\"og:image:height\" content=\"267\" \/>\n\t<meta property=\"og:image:type\" content=\"image\/jpeg\" \/>\n<meta name=\"author\" content=\"Davi\" \/>\n<meta name=\"twitter:card\" content=\"summary_large_image\" \/>\n<meta name=\"twitter:label1\" content=\"Napsal(a)\" \/>\n\t<meta name=\"twitter:data1\" content=\"Davi\" \/>\n\t<meta name=\"twitter:label2\" content=\"Odhadovan\u00e1 doba \u010dten\u00ed\" \/>\n\t<meta name=\"twitter:data2\" content=\"6 minut\" \/>\n<script type=\"application\/ld+json\" class=\"yoast-schema-graph\">{\"@context\":\"https:\\\/\\\/schema.org\",\"@graph\":[{\"@type\":\"Article\",\"@id\":\"https:\\\/\\\/all4camper.com\\\/cs\\\/pronajem-obytneho-vozu-ci-privesu-jak-na-to\\\/#article\",\"isPartOf\":{\"@id\":\"https:\\\/\\\/all4camper.com\\\/cs\\\/pronajem-obytneho-vozu-ci-privesu-jak-na-to\\\/\"},\"author\":{\"name\":\"Davi\",\"@id\":\"https:\\\/\\\/all4camper.com\\\/cs\\\/#\\\/schema\\\/person\\\/4de0ea01bd6518ef95649b160a14dcf1\"},\"headline\":\"Pron\u00e1jem obytn\u00e9ho vozu \u010di p\u0159\u00edv\u011bsu &#8211; jak na to\",\"datePublished\":\"2018-03-06T12:47:21+00:00\",\"dateModified\":\"2021-03-12T13:22:35+00:00\",\"mainEntityOfPage\":{\"@id\":\"https:\\\/\\\/all4camper.com\\\/cs\\\/pronajem-obytneho-vozu-ci-privesu-jak-na-to\\\/\"},\"wordCount\":1280,\"publisher\":{\"@id\":\"https:\\\/\\\/all4camper.com\\\/cs\\\/#organization\"},\"image\":{\"@id\":\"https:\\\/\\\/all4camper.com\\\/cs\\\/pronajem-obytneho-vozu-ci-privesu-jak-na-to\\\/#primaryimage\"},\"thumbnailUrl\":\"https:\\\/\\\/all4camper.com\\\/wp-content\\\/uploads\\\/2018\\\/03\\\/pujcovny.jpg\",\"keywords\":[\"Rady-tipy-informace\",\"Ze sv\u011bta karavaningu\"],\"articleSection\":[\"Rady, tipy, informace\"],\"inLanguage\":\"cs\"},{\"@type\":\"WebPage\",\"@id\":\"https:\\\/\\\/all4camper.com\\\/cs\\\/pronajem-obytneho-vozu-ci-privesu-jak-na-to\\\/\",\"url\":\"https:\\\/\\\/all4camper.com\\\/cs\\\/pronajem-obytneho-vozu-ci-privesu-jak-na-to\\\/\",\"name\":\"Pron\u00e1jem obytn\u00e9ho vozu \u010di p\u0159\u00edv\u011bsu - jak na to - All4Camper\",\"isPartOf\":{\"@id\":\"https:\\\/\\\/all4camper.com\\\/cs\\\/#website\"},\"primaryImageOfPage\":{\"@id\":\"https:\\\/\\\/all4camper.com\\\/cs\\\/pronajem-obytneho-vozu-ci-privesu-jak-na-to\\\/#primaryimage\"},\"image\":{\"@id\":\"https:\\\/\\\/all4camper.com\\\/cs\\\/pronajem-obytneho-vozu-ci-privesu-jak-na-to\\\/#primaryimage\"},\"thumbnailUrl\":\"https:\\\/\\\/all4camper.com\\\/wp-content\\\/uploads\\\/2018\\\/03\\\/pujcovny.jpg\",\"datePublished\":\"2018-03-06T12:47:21+00:00\",\"dateModified\":\"2021-03-12T13:22:35+00:00\",\"description\":\"All4Camper - Pron\u00e1jem obytn\u00e9ho vozu \u010di p\u0159\u00edv\u011bsu - jak na to\",\"breadcrumb\":{\"@id\":\"https:\\\/\\\/all4camper.com\\\/cs\\\/pronajem-obytneho-vozu-ci-privesu-jak-na-to\\\/#breadcrumb\"},\"inLanguage\":\"cs\",\"potentialAction\":[{\"@type\":\"ReadAction\",\"target\":[\"https:\\\/\\\/all4camper.com\\\/cs\\\/pronajem-obytneho-vozu-ci-privesu-jak-na-to\\\/\"]}]},{\"@type\":\"ImageObject\",\"inLanguage\":\"cs\",\"@id\":\"https:\\\/\\\/all4camper.com\\\/cs\\\/pronajem-obytneho-vozu-ci-privesu-jak-na-to\\\/#primaryimage\",\"url\":\"https:\\\/\\\/all4camper.com\\\/wp-content\\\/uploads\\\/2018\\\/03\\\/pujcovny.jpg\",\"contentUrl\":\"https:\\\/\\\/all4camper.com\\\/wp-content\\\/uploads\\\/2018\\\/03\\\/pujcovny.jpg\",\"width\":400,\"height\":267},{\"@type\":\"BreadcrumbList\",\"@id\":\"https:\\\/\\\/all4camper.com\\\/cs\\\/pronajem-obytneho-vozu-ci-privesu-jak-na-to\\\/#breadcrumb\",\"itemListElement\":[{\"@type\":\"ListItem\",\"position\":1,\"name\":\"Dom\u016f\",\"item\":\"https:\\\/\\\/all4camper.com\\\/cs\\\/\"},{\"@type\":\"ListItem\",\"position\":2,\"name\":\"Rady, tipy, informace\",\"item\":\"https:\\\/\\\/all4camper.com\\\/cs\\\/category\\\/rady-tipy-informace\\\/\"},{\"@type\":\"ListItem\",\"position\":3,\"name\":\"Pron\u00e1jem obytn\u00e9ho vozu \u010di p\u0159\u00edv\u011bsu &#8211; jak na to\"}]},{\"@type\":\"WebSite\",\"@id\":\"https:\\\/\\\/all4camper.com\\\/cs\\\/#website\",\"url\":\"https:\\\/\\\/all4camper.com\\\/cs\\\/\",\"name\":\"All4Camper\",\"description\":\"Nejv\u011bt\u0161\u00ed online magaz\u00edn o kempov\u00e1n\u00ed a karavaninku. V\u00edce jak 900 \u010dl\u00e1nk\u016f pln\u00fdch rad a tip\u016f o kempech a kempov\u00e1n\u00ed.\",\"publisher\":{\"@id\":\"https:\\\/\\\/all4camper.com\\\/cs\\\/#organization\"},\"potentialAction\":[{\"@type\":\"SearchAction\",\"target\":{\"@type\":\"EntryPoint\",\"urlTemplate\":\"https:\\\/\\\/all4camper.com\\\/cs\\\/?s={search_term_string}\"},\"query-input\":{\"@type\":\"PropertyValueSpecification\",\"valueRequired\":true,\"valueName\":\"search_term_string\"}}],\"inLanguage\":\"cs\"},{\"@type\":\"Organization\",\"@id\":\"https:\\\/\\\/all4camper.com\\\/cs\\\/#organization\",\"name\":\"All4Camper - kempujeme s Kl\u00e1rou\",\"url\":\"https:\\\/\\\/all4camper.com\\\/cs\\\/\",\"logo\":{\"@type\":\"ImageObject\",\"inLanguage\":\"cs\",\"@id\":\"https:\\\/\\\/all4camper.com\\\/cs\\\/#\\\/schema\\\/logo\\\/image\\\/\",\"url\":\"https:\\\/\\\/all4camper.com\\\/wp-content\\\/uploads\\\/2018\\\/09\\\/novelogo.png\",\"contentUrl\":\"https:\\\/\\\/all4camper.com\\\/wp-content\\\/uploads\\\/2018\\\/09\\\/novelogo.png\",\"width\":1520,\"height\":600,\"caption\":\"All4Camper - kempujeme s Kl\u00e1rou\"},\"image\":{\"@id\":\"https:\\\/\\\/all4camper.com\\\/cs\\\/#\\\/schema\\\/logo\\\/image\\\/\"}},{\"@type\":\"Person\",\"@id\":\"https:\\\/\\\/all4camper.com\\\/cs\\\/#\\\/schema\\\/person\\\/4de0ea01bd6518ef95649b160a14dcf1\",\"name\":\"Davi\",\"url\":\"https:\\\/\\\/all4camper.com\\\/cs\\\/author\\\/david\\\/\"}]}<\/script>\n<!-- \/ Yoast SEO plugin. -->","yoast_head_json":{"title":"Pron\u00e1jem obytn\u00e9ho vozu \u010di p\u0159\u00edv\u011bsu - jak na to - All4Camper","description":"All4Camper - Pron\u00e1jem obytn\u00e9ho vozu \u010di p\u0159\u00edv\u011bsu - jak na to","robots":{"index":"index","follow":"follow","max-snippet":"max-snippet:-1","max-image-preview":"max-image-preview:large","max-video-preview":"max-video-preview:-1"},"canonical":"https:\/\/all4camper.com\/cs\/pronajem-obytneho-vozu-ci-privesu-jak-na-to\/","og_locale":"cs_CZ","og_type":"article","og_title":"Pron\u00e1jem obytn\u00e9ho vozu \u010di p\u0159\u00edv\u011bsu - jak na to - All4Camper","og_description":"All4Camper - Pron\u00e1jem obytn\u00e9ho vozu \u010di p\u0159\u00edv\u011bsu - jak na to","og_url":"https:\/\/all4camper.com\/cs\/pronajem-obytneho-vozu-ci-privesu-jak-na-to\/","og_site_name":"All4Camper","article_published_time":"2018-03-06T12:47:21+00:00","article_modified_time":"2021-03-12T13:22:35+00:00","og_image":[{"width":400,"height":267,"url":"https:\/\/all4camper.com\/wp-content\/uploads\/2018\/03\/pujcovny.jpg","type":"image\/jpeg"}],"author":"Davi","twitter_card":"summary_large_image","twitter_misc":{"Napsal(a)":"Davi","Odhadovan\u00e1 doba \u010dten\u00ed":"6 minut"},"schema":{"@context":"https:\/\/schema.org","@graph":[{"@type":"Article","@id":"https:\/\/all4camper.com\/cs\/pronajem-obytneho-vozu-ci-privesu-jak-na-to\/#article","isPartOf":{"@id":"https:\/\/all4camper.com\/cs\/pronajem-obytneho-vozu-ci-privesu-jak-na-to\/"},"author":{"name":"Davi","@id":"https:\/\/all4camper.com\/cs\/#\/schema\/person\/4de0ea01bd6518ef95649b160a14dcf1"},"headline":"Pron\u00e1jem obytn\u00e9ho vozu \u010di p\u0159\u00edv\u011bsu &#8211; jak na to","datePublished":"2018-03-06T12:47:21+00:00","dateModified":"2021-03-12T13:22:35+00:00","mainEntityOfPage":{"@id":"https:\/\/all4camper.com\/cs\/pronajem-obytneho-vozu-ci-privesu-jak-na-to\/"},"wordCount":1280,"publisher":{"@id":"https:\/\/all4camper.com\/cs\/#organization"},"image":{"@id":"https:\/\/all4camper.com\/cs\/pronajem-obytneho-vozu-ci-privesu-jak-na-to\/#primaryimage"},"thumbnailUrl":"https:\/\/all4camper.com\/wp-content\/uploads\/2018\/03\/pujcovny.jpg","keywords":["Rady-tipy-informace","Ze sv\u011bta karavaningu"],"articleSection":["Rady, tipy, informace"],"inLanguage":"cs"},{"@type":"WebPage","@id":"https:\/\/all4camper.com\/cs\/pronajem-obytneho-vozu-ci-privesu-jak-na-to\/","url":"https:\/\/all4camper.com\/cs\/pronajem-obytneho-vozu-ci-privesu-jak-na-to\/","name":"Pron\u00e1jem obytn\u00e9ho vozu \u010di p\u0159\u00edv\u011bsu - jak na to - All4Camper","isPartOf":{"@id":"https:\/\/all4camper.com\/cs\/#website"},"primaryImageOfPage":{"@id":"https:\/\/all4camper.com\/cs\/pronajem-obytneho-vozu-ci-privesu-jak-na-to\/#primaryimage"},"image":{"@id":"https:\/\/all4camper.com\/cs\/pronajem-obytneho-vozu-ci-privesu-jak-na-to\/#primaryimage"},"thumbnailUrl":"https:\/\/all4camper.com\/wp-content\/uploads\/2018\/03\/pujcovny.jpg","datePublished":"2018-03-06T12:47:21+00:00","dateModified":"2021-03-12T13:22:35+00:00","description":"All4Camper - Pron\u00e1jem obytn\u00e9ho vozu \u010di p\u0159\u00edv\u011bsu - jak na to","breadcrumb":{"@id":"https:\/\/all4camper.com\/cs\/pronajem-obytneho-vozu-ci-privesu-jak-na-to\/#breadcrumb"},"inLanguage":"cs","potentialAction":[{"@type":"ReadAction","target":["https:\/\/all4camper.com\/cs\/pronajem-obytneho-vozu-ci-privesu-jak-na-to\/"]}]},{"@type":"ImageObject","inLanguage":"cs","@id":"https:\/\/all4camper.com\/cs\/pronajem-obytneho-vozu-ci-privesu-jak-na-to\/#primaryimage","url":"https:\/\/all4camper.com\/wp-content\/uploads\/2018\/03\/pujcovny.jpg","contentUrl":"https:\/\/all4camper.com\/wp-content\/uploads\/2018\/03\/pujcovny.jpg","width":400,"height":267},{"@type":"BreadcrumbList","@id":"https:\/\/all4camper.com\/cs\/pronajem-obytneho-vozu-ci-privesu-jak-na-to\/#breadcrumb","itemListElement":[{"@type":"ListItem","position":1,"name":"Dom\u016f","item":"https:\/\/all4camper.com\/cs\/"},{"@type":"ListItem","position":2,"name":"Rady, tipy, informace","item":"https:\/\/all4camper.com\/cs\/category\/rady-tipy-informace\/"},{"@type":"ListItem","position":3,"name":"Pron\u00e1jem obytn\u00e9ho vozu \u010di p\u0159\u00edv\u011bsu &#8211; jak na to"}]},{"@type":"WebSite","@id":"https:\/\/all4camper.com\/cs\/#website","url":"https:\/\/all4camper.com\/cs\/","name":"All4Camper","description":"Nejv\u011bt\u0161\u00ed online magaz\u00edn o kempov\u00e1n\u00ed a karavaninku. V\u00edce jak 900 \u010dl\u00e1nk\u016f pln\u00fdch rad a tip\u016f o kempech a kempov\u00e1n\u00ed.","publisher":{"@id":"https:\/\/all4camper.com\/cs\/#organization"},"potentialAction":[{"@type":"SearchAction","target":{"@type":"EntryPoint","urlTemplate":"https:\/\/all4camper.com\/cs\/?s={search_term_string}"},"query-input":{"@type":"PropertyValueSpecification","valueRequired":true,"valueName":"search_term_string"}}],"inLanguage":"cs"},{"@type":"Organization","@id":"https:\/\/all4camper.com\/cs\/#organization","name":"All4Camper - kempujeme s Kl\u00e1rou","url":"https:\/\/all4camper.com\/cs\/","logo":{"@type":"ImageObject","inLanguage":"cs","@id":"https:\/\/all4camper.com\/cs\/#\/schema\/logo\/image\/","url":"https:\/\/all4camper.com\/wp-content\/uploads\/2018\/09\/novelogo.png","contentUrl":"https:\/\/all4camper.com\/wp-content\/uploads\/2018\/09\/novelogo.png","width":1520,"height":600,"caption":"All4Camper - kempujeme s Kl\u00e1rou"},"image":{"@id":"https:\/\/all4camper.com\/cs\/#\/schema\/logo\/image\/"}},{"@type":"Person","@id":"https:\/\/all4camper.com\/cs\/#\/schema\/person\/4de0ea01bd6518ef95649b160a14dcf1","name":"Davi","url":"https:\/\/all4camper.com\/cs\/author\/david\/"}]}},"_links":{"self":[{"href":"https:\/\/all4camper.com\/cs\/wp-json\/wp\/v2\/posts\/15087","targetHints":{"allow":["GET"]}}],"collection":[{"href":"https:\/\/all4camper.com\/cs\/wp-json\/wp\/v2\/posts"}],"about":[{"href":"https:\/\/all4camper.com\/cs\/wp-json\/wp\/v2\/types\/post"}],"author":[{"embeddable":true,"href":"https:\/\/all4camper.com\/cs\/wp-json\/wp\/v2\/users\/1"}],"replies":[{"embeddable":true,"href":"https:\/\/all4camper.com\/cs\/wp-json\/wp\/v2\/comments?post=15087"}],"version-history":[{"count":0,"href":"https:\/\/all4camper.com\/cs\/wp-json\/wp\/v2\/posts\/15087\/revisions"}],"wp:featuredmedia":[{"embeddable":true,"href":"https:\/\/all4camper.com\/cs\/wp-json\/wp\/v2\/media\/15088"}],"wp:attachment":[{"href":"https:\/\/all4camper.com\/cs\/wp-json\/wp\/v2\/media?parent=15087"}],"wp:term":[{"taxonomy":"category","embeddable":true,"href":"https:\/\/all4camper.com\/cs\/wp-json\/wp\/v2\/categories?post=15087"},{"taxonomy":"post_tag","embeddable":true,"href":"https:\/\/all4camper.com\/cs\/wp-json\/wp\/v2\/tags?post=15087"}],"curies":[{"name":"wp","href":"https:\/\/api.w.org\/{rel}","templated":true}]}}